{"id":971,"date":"2012-06-25T14:40:02","date_gmt":"2012-06-25T17:40:02","guid":{"rendered":"http:\/\/lappis.org.br\/site\/2012\/06\/25\/da-rio-20-ao-acre-50\/"},"modified":"2012-06-25T14:40:02","modified_gmt":"2012-06-25T17:40:02","slug":"da-rio-20-ao-acre-50","status":"publish","type":"post","link":"https:\/\/lappis.org.br\/site\/da-rio-20-ao-acre-50\/971","title":{"rendered":"Da Rio +20 ao Acre +50"},"content":{"rendered":"<p><span class=\"Apple-style-span\"><img fetchpriority=\"high\" decoding=\"async\" data-attachment-id=\"967\" data-permalink=\"https:\/\/lappis.org.br\/site\/da-rio-20-ao-acre-50\/971\/attachment-acre-na-rio20_2\" data-orig-file=\"https:\/\/lappis.org.br\/site\/wp-content\/uploads\/2012\/06\/acre na rio20_2.jpg\" data-orig-size=\"404,307\" data-comments-opened=\"1\" data-image-meta=\"{&quot;aperture&quot;:&quot;0&quot;,&quot;credit&quot;:&quot;&quot;,&quot;camera&quot;:&quot;&quot;,&quot;caption&quot;:&quot;&quot;,&quot;created_timestamp&quot;:&quot;0&quot;,&quot;copyright&quot;:&quot;&quot;,&quot;focal_length&quot;:&quot;0&quot;,&quot;iso&quot;:&quot;0&quot;,&quot;shutter_speed&quot;:&quot;0&quot;,&quot;title&quot;:&quot;&quot;,&quot;orientation&quot;:&quot;1&quot;}\" data-image-title=\"acre na rio20_2\" data-image-description=\"\" data-image-caption=\"\" data-medium-file=\"https:\/\/lappis.org.br\/site\/wp-content\/uploads\/2012\/06\/acre na rio20_2-300x228.jpg\" data-large-file=\"https:\/\/lappis.org.br\/site\/wp-content\/uploads\/2012\/06\/acre na rio20_2.jpg\" class=\" alignleft size-full wp-image-967\" alt=\"\" src=\"http:\/\/lappis.org.br\/site\/wp-content\/uploads\/2012\/06\/acre%20na%20rio20_2.jpg\" style=\"margin: 5px; float: left; width: 160px; height: 122px; \" width=\"404\" height=\"307\" \/>Em artigo para o<strong> BoletIN<\/strong>, a jornalista e pesquisadora do Lappis, Juliana Lof&ecirc;go, faz uma leitura sobre a Rio + 20 a partir da cobertura jornal&iacute;stica. Professora da Universidade Federal do Acre (UFAC), ela acompanhou o evento &agrave; dist&acirc;ncia e analisa como a m&iacute;dia tratou a quest&atilde;o ambiental.&nbsp;<\/span><br \/>  <span class=\"Apple-style-span\"><img decoding=\"async\" data-attachment-id=\"968\" data-permalink=\"https:\/\/lappis.org.br\/site\/da-rio-20-ao-acre-50\/971\/attachment-rio20\" data-orig-file=\"https:\/\/lappis.org.br\/site\/wp-content\/uploads\/2012\/06\/rio20.jpg\" data-orig-size=\"387,296\" data-comments-opened=\"1\" data-image-meta=\"{&quot;aperture&quot;:&quot;0&quot;,&quot;credit&quot;:&quot;&quot;,&quot;camera&quot;:&quot;&quot;,&quot;caption&quot;:&quot;&quot;,&quot;created_timestamp&quot;:&quot;0&quot;,&quot;copyright&quot;:&quot;&quot;,&quot;focal_length&quot;:&quot;0&quot;,&quot;iso&quot;:&quot;0&quot;,&quot;shutter_speed&quot;:&quot;0&quot;,&quot;title&quot;:&quot;&quot;,&quot;orientation&quot;:&quot;0&quot;}\" data-image-title=\"rio20\" data-image-description=\"\" data-image-caption=\"\" data-medium-file=\"https:\/\/lappis.org.br\/site\/wp-content\/uploads\/2012\/06\/rio20-300x229.jpg\" data-large-file=\"https:\/\/lappis.org.br\/site\/wp-content\/uploads\/2012\/06\/rio20.jpg\" class=\" alignright size-full wp-image-968\" alt=\"\" src=\"http:\/\/lappis.org.br\/site\/wp-content\/uploads\/2012\/06\/rio20.jpg\" style=\"margin-left: 5px; margin-right: 5px; margin-top: 5px; margin-bottom: 5px; float: right; width: 200px; height: 153px; \" width=\"387\" height=\"296\" srcset=\"https:\/\/lappis.org.br\/site\/wp-content\/uploads\/2012\/06\/rio20.jpg 387w, https:\/\/lappis.org.br\/site\/wp-content\/uploads\/2012\/06\/rio20-300x229.jpg 300w\" sizes=\"(max-width: 387px) 100vw, 387px\" \/><br \/> A Rio +20, vista com dist&acirc;ncia geogr&aacute;fica e mediada pelos meios de comunica&ccedil;&atilde;o, traz algumas inquieta&ccedil;&otilde;es. A primeira vem na constata&ccedil;&atilde;o da p&eacute;ssima qualidade das coberturas jornal&iacute;sticas das grandes redes de TV sobre assuntos que eram discutidos tanto por lideran&ccedil;as mundiais quanto pela sociedade civil. Com muitos recortes e destaques a detalhes foi dif&iacute;cil compreender o evento para al&eacute;m de sua infraestrutura.&nbsp;<\/p>\n<p> Uma exce&ccedil;&atilde;o foi a Empresa Brasil de Comunica&ccedil;&atilde;o, que fez uma transmiss&atilde;o multim&iacute;dia para v&aacute;rios estados brasileiros e, na parceria com a R&aacute;dio Aldeia do Acre, foi poss&iacute;vel ouvir pelo r&aacute;dio discursos das autoridades na C&uacute;pula Oficial, al&eacute;m de entrevistas e coment&aacute;rios de ambientalistas, ativistas, professores e jornalistas ao vivo da C&uacute;pula dos Povos. Satisfez o interesse pessoal no acesso f&aacute;cil &agrave; informa&ccedil;&atilde;o mais contextualizada. Pela internet sites disponibilizaram transmiss&atilde;o ao vivo para conex&otilde;es mais potentes que a minha, mas o meio complementou a no&ccedil;&atilde;o do que acontecia no evento. A possibilidade de participar &agrave; dist&acirc;ncia ainda &eacute; uma iniciativa pouco explorada em tempos de interatividade e a &uacute;nica op&ccedil;&atilde;o que encontrei me parece limitada: compartilhamento, mensagem e coment&aacute;rio pela internet t&ecirc;m l&aacute; seu potencial, mas n&atilde;o bastam.<\/p>\n<p> Transmiss&otilde;es ao vivo de confer&ecirc;ncias, discursos na &iacute;ntegra e an&aacute;lises em profundidade n&atilde;o geram grandes audi&ecirc;ncias. Somente uma empresa estatal (ou p&uacute;blica, a depender do ponto de vista) foi capaz de priorizar conte&uacute;dos com uma cobertura abrangente do evento. Nessas horas, refor&ccedil;o a convic&ccedil;&atilde;o da necessidade de pluralidade de vozes e democratiza&ccedil;&atilde;o dos espa&ccedil;os midi&aacute;ticos para estimular a reflex&atilde;o e o debate na sociedade. &Eacute; dif&iacute;cil pensar com autonomia sem conhecer diferentes vis&otilde;es e pontos de vista em um assunto permeado por tantos interesses econ&ocirc;micos e ideol&oacute;gicos.<\/p>\n<p> Em uma avalia&ccedil;&atilde;o despretensiosa de quem n&atilde;o &eacute; militante da &aacute;rea e assiste &agrave; Confer&ecirc;ncia de longe, dois discursos divergentes ganham destaque na quest&atilde;o ambiental: um que engloba principalmente governos e empresas e aposta no ambientalismo capitalista e economia verde, outro com forte presen&ccedil;a da sociedade civil, organiza&ccedil;&otilde;es e movimentos sociais que aponta o modelo econ&ocirc;mico atual baseado no consumo excessivo e desperd&iacute;cio como incompat&iacute;vel com a prote&ccedil;&atilde;o ambiental. Ao trazer a ci&ecirc;ncia para dar aval de verdade aos argumentos de cada lado, percebe-se que tampouco existe consenso nessa seara. &nbsp;<\/p>\n<p> Foi com surpresa que assisti a um acordo sobre o relat&oacute;rio a ser assinado pelos governantes mundiais na C&uacute;pula Oficial da Confer&ecirc;ncia. Os movimentos sociais criticavam o documento t&iacute;mido com poucos avan&ccedil;os e prazos a serem cumpridos e a insatisfa&ccedil;&atilde;o foi reiterada por l&iacute;deres mundiais com posturas t&atilde;o diferenciadas como os presidentes da Bol&iacute;via, Fran&ccedil;a, Ir&atilde; e outros mais. At&eacute; o secret&aacute;rio geral das Na&ccedil;&otilde;es Unidas disse que imaginava mais avan&ccedil;os. No dia seguinte, o secret&aacute;rio mudou discurso para afirmar que o relat&oacute;rio &eacute; amplo e ambicioso.&nbsp; N&atilde;o vi muitas repercuss&otilde;es sobre essas falas al&eacute;m do factual, e me incomoda a postura do jornalismo que n&atilde;o aprofunda o fato com conex&otilde;es econ&ocirc;micas, pol&iacute;ticas, hist&oacute;ricas, sem investigar causas nem consequ&ecirc;ncias.<\/p>\n<p> Outro estranhamento meu foi com rela&ccedil;&atilde;o ao destaque de alguns telejornais no segundo dia da C&uacute;pula Oficial ser a fala do Ministro da Fazenda festejando aumento de parcerias e neg&oacute;cios com a China e negando o aumento do pre&ccedil;o do petr&oacute;leo. N&atilde;o seria essa uma abordagem completamente contr&aacute;ria ao que se supunha ser o foco de um dia inteiro de discuss&otilde;es na Confer&ecirc;ncia? As contradi&ccedil;&otilde;es pescadas no mosaico midi&aacute;tico n&atilde;o seriam combust&iacute;vel inflam&aacute;vel para variadas an&aacute;lises na pr&oacute;pria m&iacute;dia? At&eacute; agora, esse debate parece ser mais pautado no &acirc;mbito privado do que no p&uacute;blico.<\/p>\n<p> <img decoding=\"async\" data-attachment-id=\"969\" data-permalink=\"https:\/\/lappis.org.br\/site\/da-rio-20-ao-acre-50\/971\/attachment-logomarca-do-acre-na-rio-20\" data-orig-file=\"https:\/\/lappis.org.br\/site\/wp-content\/uploads\/2012\/06\/acre na rio20.jpg\" data-orig-size=\"416,169\" data-comments-opened=\"1\" data-image-meta=\"{&quot;aperture&quot;:&quot;0&quot;,&quot;credit&quot;:&quot;&quot;,&quot;camera&quot;:&quot;&quot;,&quot;caption&quot;:&quot;&quot;,&quot;created_timestamp&quot;:&quot;0&quot;,&quot;copyright&quot;:&quot;&quot;,&quot;focal_length&quot;:&quot;0&quot;,&quot;iso&quot;:&quot;0&quot;,&quot;shutter_speed&quot;:&quot;0&quot;,&quot;title&quot;:&quot;&quot;,&quot;orientation&quot;:&quot;1&quot;}\" data-image-title=\"logomarca do Acre na Rio +20\" data-image-description=\"\" data-image-caption=\"\" data-medium-file=\"https:\/\/lappis.org.br\/site\/wp-content\/uploads\/2012\/06\/acre na rio20-300x122.jpg\" data-large-file=\"https:\/\/lappis.org.br\/site\/wp-content\/uploads\/2012\/06\/acre na rio20.jpg\" class=\" size-full wp-image-969\" alt=\"logomarca do Acre na Rio +20\" src=\"http:\/\/lappis.org.br\/site\/wp-content\/uploads\/2012\/06\/acre%20na%20rio20.jpg\" style=\"margin-left: 5px; margin-right: 5px; margin-top: 5px; margin-bottom: 5px; width: 250px; height: 102px; \" width=\"416\" height=\"169\" \/>Trazendo o assunto para o Acre, onde est&aacute; instalado meu posto de observa&ccedil;&atilde;o, parto das comemora&ccedil;&otilde;es de cinquenta anos da forma&ccedil;&atilde;o do Estado acontecidas na semana passada &ndash; da&iacute; a apropria&ccedil;&atilde;o para Acre +50. Na Rio +20 o governo estadual promoveu eventos como &ldquo;O dia do Acre&rdquo; e &rdquo;Fa&ccedil;a do Acre a sua floresta&rdquo;, com v&aacute;rias palestras de representantes do governo e de entidades ambientais. No entanto, aqui tamb&eacute;m h&aacute; discursos divergentes. Um dossi&ecirc; elaborado para a mesma ocasi&atilde;o da confer&ecirc;ncia mundial aponta a fal&ecirc;ncia do modelo de economia verde do Estado, com destrui&ccedil;&atilde;o ambiental e exclus&atilde;o, sob o t&iacute;tulo &nbsp;&ldquo;O Acre que os mercadores da natureza escondem&rdquo;.<\/p>\n<p> Um lugar que lutou para ser Brasil h&aacute; pouco mais de 100 anos por for&ccedil;a dos brasileiros que extra&iacute;am latex nas florestas vive at&eacute;&nbsp;<\/span><img loading=\"lazy\" decoding=\"async\" data-attachment-id=\"970\" data-permalink=\"https:\/\/lappis.org.br\/site\/da-rio-20-ao-acre-50\/971\/attachment-acre-na-rio20_1\" data-orig-file=\"https:\/\/lappis.org.br\/site\/wp-content\/uploads\/2012\/06\/acre na rio20_1.jpg\" data-orig-size=\"641,425\" data-comments-opened=\"1\" data-image-meta=\"{&quot;aperture&quot;:&quot;0&quot;,&quot;credit&quot;:&quot;&quot;,&quot;camera&quot;:&quot;&quot;,&quot;caption&quot;:&quot;&quot;,&quot;created_timestamp&quot;:&quot;0&quot;,&quot;copyright&quot;:&quot;&quot;,&quot;focal_length&quot;:&quot;0&quot;,&quot;iso&quot;:&quot;0&quot;,&quot;shutter_speed&quot;:&quot;0&quot;,&quot;title&quot;:&quot;&quot;,&quot;orientation&quot;:&quot;1&quot;}\" data-image-title=\"acre na rio20_1\" data-image-description=\"\" data-image-caption=\"\" data-medium-file=\"https:\/\/lappis.org.br\/site\/wp-content\/uploads\/2012\/06\/acre na rio20_1-300x199.jpg\" data-large-file=\"https:\/\/lappis.org.br\/site\/wp-content\/uploads\/2012\/06\/acre na rio20_1.jpg\" class=\" alignright size-full wp-image-970\" alt=\"\" src=\"http:\/\/lappis.org.br\/site\/wp-content\/uploads\/2012\/06\/acre%20na%20rio20_1.jpg\" style=\"margin-left: 5px; margin-right: 5px; margin-top: 5px; margin-bottom: 5px; float: right; width: 300px; height: 199px; \" width=\"641\" height=\"425\" \/>hoje num dilema entre a preserva&ccedil;&atilde;o e o desenvolvimento.&nbsp; Na fase pr&oacute;spera da economia da borracha a floresta preservada significava riqueza. A partir da d&eacute;cada de 70, com o incentivo dos governos militares &agrave; constru&ccedil;&atilde;o de estradas, explora&ccedil;&atilde;o de gado e expans&atilde;o madeireira na Amaz&ocirc;nia, a chegada de fazendeiros e grileiros estimulou a expuls&atilde;o de seringueiros das florestas. &nbsp;essa &eacute;poca, a lideran&ccedil;a de Chico Mendes ganhou destaque no movimento de resist&ecirc;ncia dos seringueiros. O assassinato dele e de outras lideran&ccedil;as no final dos anos 80 acabou contribuindo para se repensar o modelo de desenvolvimento para Amaz&ocirc;nia. Nos &uacute;ltimos 20 anos, o desenvolvimento sustent&aacute;vel pautou o desenvolvimento do Estado, que conta hoje com cerca de 80% de florestas nativas em seu territ&oacute;rio, boa parte em &aacute;reas protegidas. O discurso governista constru&iacute;do nos &uacute;ltimos 14 anos coloca o Acre como modelo de desenvolvimento sustent&aacute;vel, manejo madeireiro e valoriza&ccedil;&atilde;o dos povos da floresta, contando com apoio e financiamento de organiza&ccedil;&otilde;es e bancos internacionais para isto.<\/p>\n<p> No cen&aacute;rio nacional a diversidade de opini&otilde;es e o debate de ideias no espa&ccedil;o midi&aacute;tico &eacute; uma exce&ccedil;&atilde;o &agrave; regra, fruto da falta de regulamentac&atilde;o dos meios de comunica&ccedil;&atilde;o que favore&ccedil;a o interesse da populac&atilde;o em detrimento dos interesses corporativos dos empres&aacute;rios da m&iacute;dia. No contexto local, marcado pelos meios de comunica&ccedil;&atilde;o privados dependentes de verbas governamentais e uma comunica&ccedil;&atilde;o oficial fortalecida, a pluralidade de opini&otilde;es &eacute; quase uma amea&ccedil;a &agrave; soberania, muitas vezes perseguida e calada. A falta de debate favorece a inquieta&ccedil;&atilde;o: o pre&ccedil;o da integra&ccedil;&atilde;o e desenvolvimento nos pr&oacute;ximos 50 anos do Acre ainda &eacute; uma inc&oacute;gnita para mim e para a maior parte da populac&atilde;o local.<\/p>\n<p> Questiono a onipresen&ccedil;a de um discurso &uacute;nico no espa&ccedil;o p&uacute;blico. &nbsp;No Acre, assim como na Rio + 20, discurso oficial j&aacute; traz o poder da autoridade, mas tem que dialogar com os discursos divergentes, at&eacute; para confirmar sua import&acirc;ncia e validade. E esse debate deve ser p&uacute;blico, aberto, divulgado e transmitido pelos meios de comunicac&atilde;o, que devem defender o interesse p&uacute;blico de buscar um mundo melhor para todos.&nbsp;<\/p>\n<p style=\"text-align: right; \">Imagens do site: http:\/\/www.agencia.ac.gov.br\/rio20\/index.php\/acre-na-rio-20<\/p>\n","protected":false},"excerpt":{"rendered":"<div class=\"mh-excerpt\"><p><span class=\"Apple-style-span\"><img loading=\"lazy\" decoding=\"async\" class=\" alignleft size-full wp-image-967\" alt=\"\" src=\"http:\/\/lappis.org.br\/site\/wp-content\/uploads\/2012\/06\/acre%20na%20rio20_2.jpg\" style=\"margin: 5px; float: left; width: 160px; height: 122px; \" width=\"404\" height=\"307\" \/>Em artigo para o<strong> BoletIN<\/strong>, a jornalista e pesquisadora do Lappis, Juliana Lof&ecirc;go, faz uma leitura sobre a Rio + 20 a partir da cobertura jornal&iacute;stica. Professora da Universidade Federal do Acre (UFAC), ela acompanhou o evento &agrave; dist&acirc;ncia e analisa como a m&iacute;dia tratou a quest&atilde;o ambiental.&nbsp;<\/span><br \/>  <a class=\"mh-excerpt-more\" href=\"https:\/\/lappis.org.br\/site\/da-rio-20-ao-acre-50\/971\" title=\"Da Rio +20 ao Acre +50\">[&#8230;]<\/a><\/p>\n<\/div>","protected":false},"author":1,"featured_media":967,"comment_status":"open","ping_status":"open","sticky":false,"template":"","format":"standard","meta":{"_acf_changed":false,"_exactmetrics_skip_tracking":false,"_exactmetrics_sitenote_active":false,"_exactmetrics_sitenote_note":"","_exactmetrics_sitenote_category":0,"jetpack_post_was_ever_published":false,"_jetpack_newsletter_access":"","_jetpack_dont_email_post_to_subs":false,"_jetpack_newsletter_tier_id":0,"_jetpack_memberships_contains_paywalled_content":false,"_jetpack_memberships_contains_paid_content":false,"footnotes":"","jetpack_publicize_message":"","jetpack_publicize_feature_enabled":true,"jetpack_social_post_already_shared":false,"jetpack_social_options":{"image_generator_settings":{"template":"highway","enabled":false},"version":2}},"categories":[26],"tags":[],"class_list":{"0":"post-971","1":"post","2":"type-post","3":"status-publish","4":"format-standard","5":"has-post-thumbnail","7":"category-opiniao"},"jetpack_publicize_connections":[],"acf":[],"yoast_head":"<!-- This site is optimized with the Yoast SEO plugin v25.2 - https:\/\/yoast.com\/wordpress\/plugins\/seo\/ -->\n<title>Da Rio +20 ao Acre +50 - Lappis 25 anos<\/title>\n<meta name=\"robots\" content=\"index, follow, max-snippet:-1, max-image-preview:large, max-video-preview:-1\" \/>\n<link rel=\"canonical\" href=\"https:\/\/lappis.org.br\/site\/da-rio-20-ao-acre-50\/971\" \/>\n<meta property=\"og:locale\" content=\"pt_BR\" \/>\n<meta property=\"og:type\" content=\"article\" \/>\n<meta property=\"og:title\" content=\"Da Rio +20 ao Acre +50 - Lappis 25 anos\" \/>\n<meta property=\"og:description\" content=\"Em artigo para o BoletIN, a jornalista e pesquisadora do Lappis, Juliana Lof&ecirc;go, faz uma leitura sobre a Rio + 20 a partir da cobertura jornal&iacute;stica. Professora da Universidade Federal do Acre (UFAC), ela acompanhou o evento &agrave; dist&acirc;ncia e analisa como a m&iacute;dia tratou a quest&atilde;o ambiental.&nbsp; [...]\" \/>\n<meta property=\"og:url\" content=\"https:\/\/lappis.org.br\/site\/da-rio-20-ao-acre-50\/971\" \/>\n<meta property=\"og:site_name\" content=\"Lappis 25 anos\" \/>\n<meta property=\"article:published_time\" content=\"2012-06-25T17:40:02+00:00\" \/>\n<meta property=\"og:image\" content=\"https:\/\/lappis.org.br\/site\/wp-content\/uploads\/2012\/06\/acre%20na%20rio20_2.jpg\" \/>\n\t<meta property=\"og:image:width\" content=\"404\" \/>\n\t<meta property=\"og:image:height\" content=\"307\" \/>\n\t<meta property=\"og:image:type\" content=\"image\/jpeg\" \/>\n<meta name=\"author\" content=\"fw2\" \/>\n<meta name=\"twitter:card\" content=\"summary_large_image\" \/>\n<meta name=\"twitter:label1\" content=\"Escrito por\" \/>\n\t<meta name=\"twitter:data1\" content=\"fw2\" \/>\n\t<meta name=\"twitter:label2\" content=\"Est. tempo de leitura\" \/>\n\t<meta name=\"twitter:data2\" content=\"8 minutos\" \/>\n<script type=\"application\/ld+json\" class=\"yoast-schema-graph\">{\"@context\":\"https:\/\/schema.org\",\"@graph\":[{\"@type\":\"Article\",\"@id\":\"https:\/\/lappis.org.br\/site\/da-rio-20-ao-acre-50\/971#article\",\"isPartOf\":{\"@id\":\"https:\/\/lappis.org.br\/site\/da-rio-20-ao-acre-50\/971\"},\"author\":{\"name\":\"fw2\",\"@id\":\"https:\/\/lappis.org.br\/site\/#\/schema\/person\/3852381d08284b5e2716b20bd89bdbcf\"},\"headline\":\"Da Rio +20 ao Acre +50\",\"datePublished\":\"2012-06-25T17:40:02+00:00\",\"mainEntityOfPage\":{\"@id\":\"https:\/\/lappis.org.br\/site\/da-rio-20-ao-acre-50\/971\"},\"wordCount\":1509,\"commentCount\":0,\"publisher\":{\"@id\":\"https:\/\/lappis.org.br\/site\/#organization\"},\"image\":{\"@id\":\"https:\/\/lappis.org.br\/site\/da-rio-20-ao-acre-50\/971#primaryimage\"},\"thumbnailUrl\":\"https:\/\/lappis.org.br\/site\/wp-content\/uploads\/2012\/06\/acre na rio20_2.jpg\",\"articleSection\":[\"Opini\u00e3o\"],\"inLanguage\":\"pt-BR\",\"potentialAction\":[{\"@type\":\"CommentAction\",\"name\":\"Comment\",\"target\":[\"https:\/\/lappis.org.br\/site\/da-rio-20-ao-acre-50\/971#respond\"]}]},{\"@type\":\"WebPage\",\"@id\":\"https:\/\/lappis.org.br\/site\/da-rio-20-ao-acre-50\/971\",\"url\":\"https:\/\/lappis.org.br\/site\/da-rio-20-ao-acre-50\/971\",\"name\":\"Da Rio +20 ao Acre +50 - Lappis 25 anos\",\"isPartOf\":{\"@id\":\"https:\/\/lappis.org.br\/site\/#website\"},\"primaryImageOfPage\":{\"@id\":\"https:\/\/lappis.org.br\/site\/da-rio-20-ao-acre-50\/971#primaryimage\"},\"image\":{\"@id\":\"https:\/\/lappis.org.br\/site\/da-rio-20-ao-acre-50\/971#primaryimage\"},\"thumbnailUrl\":\"https:\/\/lappis.org.br\/site\/wp-content\/uploads\/2012\/06\/acre na rio20_2.jpg\",\"datePublished\":\"2012-06-25T17:40:02+00:00\",\"breadcrumb\":{\"@id\":\"https:\/\/lappis.org.br\/site\/da-rio-20-ao-acre-50\/971#breadcrumb\"},\"inLanguage\":\"pt-BR\",\"potentialAction\":[{\"@type\":\"ReadAction\",\"target\":[\"https:\/\/lappis.org.br\/site\/da-rio-20-ao-acre-50\/971\"]}]},{\"@type\":\"ImageObject\",\"inLanguage\":\"pt-BR\",\"@id\":\"https:\/\/lappis.org.br\/site\/da-rio-20-ao-acre-50\/971#primaryimage\",\"url\":\"https:\/\/lappis.org.br\/site\/wp-content\/uploads\/2012\/06\/acre na rio20_2.jpg\",\"contentUrl\":\"https:\/\/lappis.org.br\/site\/wp-content\/uploads\/2012\/06\/acre na rio20_2.jpg\",\"width\":404,\"height\":307},{\"@type\":\"BreadcrumbList\",\"@id\":\"https:\/\/lappis.org.br\/site\/da-rio-20-ao-acre-50\/971#breadcrumb\",\"itemListElement\":[{\"@type\":\"ListItem\",\"position\":1,\"name\":\"In\u00edcio\",\"item\":\"https:\/\/lappis.org.br\/site\/\"},{\"@type\":\"ListItem\",\"position\":2,\"name\":\"Da Rio +20 ao Acre +50\"}]},{\"@type\":\"WebSite\",\"@id\":\"https:\/\/lappis.org.br\/site\/#website\",\"url\":\"https:\/\/lappis.org.br\/site\/\",\"name\":\"Lappis 25 anos\",\"description\":\"Labotat\u00f3rio de Pesquisas sobre Pr\u00e1ticas de Integralidade em Sa\u00fade\",\"publisher\":{\"@id\":\"https:\/\/lappis.org.br\/site\/#organization\"},\"potentialAction\":[{\"@type\":\"SearchAction\",\"target\":{\"@type\":\"EntryPoint\",\"urlTemplate\":\"https:\/\/lappis.org.br\/site\/?s={search_term_string}\"},\"query-input\":{\"@type\":\"PropertyValueSpecification\",\"valueRequired\":true,\"valueName\":\"search_term_string\"}}],\"inLanguage\":\"pt-BR\"},{\"@type\":\"Organization\",\"@id\":\"https:\/\/lappis.org.br\/site\/#organization\",\"name\":\"Lappis 25 anos\",\"url\":\"https:\/\/lappis.org.br\/site\/\",\"logo\":{\"@type\":\"ImageObject\",\"inLanguage\":\"pt-BR\",\"@id\":\"https:\/\/lappis.org.br\/site\/#\/schema\/logo\/image\/\",\"url\":\"https:\/\/lappis.org.br\/site\/wp-content\/uploads\/2025\/03\/logo-lappis25anos.png\",\"contentUrl\":\"https:\/\/lappis.org.br\/site\/wp-content\/uploads\/2025\/03\/logo-lappis25anos.png\",\"width\":388,\"height\":146,\"caption\":\"Lappis 25 anos\"},\"image\":{\"@id\":\"https:\/\/lappis.org.br\/site\/#\/schema\/logo\/image\/\"}},{\"@type\":\"Person\",\"@id\":\"https:\/\/lappis.org.br\/site\/#\/schema\/person\/3852381d08284b5e2716b20bd89bdbcf\",\"name\":\"fw2\",\"image\":{\"@type\":\"ImageObject\",\"inLanguage\":\"pt-BR\",\"@id\":\"https:\/\/lappis.org.br\/site\/#\/schema\/person\/image\/\",\"url\":\"https:\/\/secure.gravatar.com\/avatar\/c38472c0cdbde82d9b6fcc26adb3779d?s=96&d=mm&r=g\",\"contentUrl\":\"https:\/\/secure.gravatar.com\/avatar\/c38472c0cdbde82d9b6fcc26adb3779d?s=96&d=mm&r=g\",\"caption\":\"fw2\"},\"url\":\"https:\/\/lappis.org.br\/site\/author\/fw2\"}]}<\/script>\n<!-- \/ Yoast SEO plugin. -->","yoast_head_json":{"title":"Da Rio +20 ao Acre +50 - Lappis 25 anos","robots":{"index":"index","follow":"follow","max-snippet":"max-snippet:-1","max-image-preview":"max-image-preview:large","max-video-preview":"max-video-preview:-1"},"canonical":"https:\/\/lappis.org.br\/site\/da-rio-20-ao-acre-50\/971","og_locale":"pt_BR","og_type":"article","og_title":"Da Rio +20 ao Acre +50 - Lappis 25 anos","og_description":"Em artigo para o BoletIN, a jornalista e pesquisadora do Lappis, Juliana Lof&ecirc;go, faz uma leitura sobre a Rio + 20 a partir da cobertura jornal&iacute;stica. Professora da Universidade Federal do Acre (UFAC), ela acompanhou o evento &agrave; dist&acirc;ncia e analisa como a m&iacute;dia tratou a quest&atilde;o ambiental.&nbsp; [...]","og_url":"https:\/\/lappis.org.br\/site\/da-rio-20-ao-acre-50\/971","og_site_name":"Lappis 25 anos","article_published_time":"2012-06-25T17:40:02+00:00","og_image":[{"width":404,"height":307,"url":"https:\/\/lappis.org.br\/site\/wp-content\/uploads\/2012\/06\/acre na rio20_2.jpg","type":"image\/jpeg"}],"author":"fw2","twitter_card":"summary_large_image","twitter_misc":{"Escrito por":"fw2","Est. tempo de leitura":"8 minutos"},"schema":{"@context":"https:\/\/schema.org","@graph":[{"@type":"Article","@id":"https:\/\/lappis.org.br\/site\/da-rio-20-ao-acre-50\/971#article","isPartOf":{"@id":"https:\/\/lappis.org.br\/site\/da-rio-20-ao-acre-50\/971"},"author":{"name":"fw2","@id":"https:\/\/lappis.org.br\/site\/#\/schema\/person\/3852381d08284b5e2716b20bd89bdbcf"},"headline":"Da Rio +20 ao Acre +50","datePublished":"2012-06-25T17:40:02+00:00","mainEntityOfPage":{"@id":"https:\/\/lappis.org.br\/site\/da-rio-20-ao-acre-50\/971"},"wordCount":1509,"commentCount":0,"publisher":{"@id":"https:\/\/lappis.org.br\/site\/#organization"},"image":{"@id":"https:\/\/lappis.org.br\/site\/da-rio-20-ao-acre-50\/971#primaryimage"},"thumbnailUrl":"https:\/\/lappis.org.br\/site\/wp-content\/uploads\/2012\/06\/acre na rio20_2.jpg","articleSection":["Opini\u00e3o"],"inLanguage":"pt-BR","potentialAction":[{"@type":"CommentAction","name":"Comment","target":["https:\/\/lappis.org.br\/site\/da-rio-20-ao-acre-50\/971#respond"]}]},{"@type":"WebPage","@id":"https:\/\/lappis.org.br\/site\/da-rio-20-ao-acre-50\/971","url":"https:\/\/lappis.org.br\/site\/da-rio-20-ao-acre-50\/971","name":"Da Rio +20 ao Acre +50 - Lappis 25 anos","isPartOf":{"@id":"https:\/\/lappis.org.br\/site\/#website"},"primaryImageOfPage":{"@id":"https:\/\/lappis.org.br\/site\/da-rio-20-ao-acre-50\/971#primaryimage"},"image":{"@id":"https:\/\/lappis.org.br\/site\/da-rio-20-ao-acre-50\/971#primaryimage"},"thumbnailUrl":"https:\/\/lappis.org.br\/site\/wp-content\/uploads\/2012\/06\/acre na rio20_2.jpg","datePublished":"2012-06-25T17:40:02+00:00","breadcrumb":{"@id":"https:\/\/lappis.org.br\/site\/da-rio-20-ao-acre-50\/971#breadcrumb"},"inLanguage":"pt-BR","potentialAction":[{"@type":"ReadAction","target":["https:\/\/lappis.org.br\/site\/da-rio-20-ao-acre-50\/971"]}]},{"@type":"ImageObject","inLanguage":"pt-BR","@id":"https:\/\/lappis.org.br\/site\/da-rio-20-ao-acre-50\/971#primaryimage","url":"https:\/\/lappis.org.br\/site\/wp-content\/uploads\/2012\/06\/acre na rio20_2.jpg","contentUrl":"https:\/\/lappis.org.br\/site\/wp-content\/uploads\/2012\/06\/acre na rio20_2.jpg","width":404,"height":307},{"@type":"BreadcrumbList","@id":"https:\/\/lappis.org.br\/site\/da-rio-20-ao-acre-50\/971#breadcrumb","itemListElement":[{"@type":"ListItem","position":1,"name":"In\u00edcio","item":"https:\/\/lappis.org.br\/site\/"},{"@type":"ListItem","position":2,"name":"Da Rio +20 ao Acre +50"}]},{"@type":"WebSite","@id":"https:\/\/lappis.org.br\/site\/#website","url":"https:\/\/lappis.org.br\/site\/","name":"Lappis 25 anos","description":"Labotat\u00f3rio de Pesquisas sobre Pr\u00e1ticas de Integralidade em Sa\u00fade","publisher":{"@id":"https:\/\/lappis.org.br\/site\/#organization"},"potentialAction":[{"@type":"SearchAction","target":{"@type":"EntryPoint","urlTemplate":"https:\/\/lappis.org.br\/site\/?s={search_term_string}"},"query-input":{"@type":"PropertyValueSpecification","valueRequired":true,"valueName":"search_term_string"}}],"inLanguage":"pt-BR"},{"@type":"Organization","@id":"https:\/\/lappis.org.br\/site\/#organization","name":"Lappis 25 anos","url":"https:\/\/lappis.org.br\/site\/","logo":{"@type":"ImageObject","inLanguage":"pt-BR","@id":"https:\/\/lappis.org.br\/site\/#\/schema\/logo\/image\/","url":"https:\/\/lappis.org.br\/site\/wp-content\/uploads\/2025\/03\/logo-lappis25anos.png","contentUrl":"https:\/\/lappis.org.br\/site\/wp-content\/uploads\/2025\/03\/logo-lappis25anos.png","width":388,"height":146,"caption":"Lappis 25 anos"},"image":{"@id":"https:\/\/lappis.org.br\/site\/#\/schema\/logo\/image\/"}},{"@type":"Person","@id":"https:\/\/lappis.org.br\/site\/#\/schema\/person\/3852381d08284b5e2716b20bd89bdbcf","name":"fw2","image":{"@type":"ImageObject","inLanguage":"pt-BR","@id":"https:\/\/lappis.org.br\/site\/#\/schema\/person\/image\/","url":"https:\/\/secure.gravatar.com\/avatar\/c38472c0cdbde82d9b6fcc26adb3779d?s=96&d=mm&r=g","contentUrl":"https:\/\/secure.gravatar.com\/avatar\/c38472c0cdbde82d9b6fcc26adb3779d?s=96&d=mm&r=g","caption":"fw2"},"url":"https:\/\/lappis.org.br\/site\/author\/fw2"}]}},"jetpack_featured_media_url":"https:\/\/lappis.org.br\/site\/wp-content\/uploads\/2012\/06\/acre na rio20_2.jpg","jetpack_shortlink":"https:\/\/wp.me\/p954Nh-fF","jetpack_sharing_enabled":true,"_links":{"self":[{"href":"https:\/\/lappis.org.br\/site\/wp-json\/wp\/v2\/posts\/971"}],"collection":[{"href":"https:\/\/lappis.org.br\/site\/wp-json\/wp\/v2\/posts"}],"about":[{"href":"https:\/\/lappis.org.br\/site\/wp-json\/wp\/v2\/types\/post"}],"author":[{"embeddable":true,"href":"https:\/\/lappis.org.br\/site\/wp-json\/wp\/v2\/users\/1"}],"replies":[{"embeddable":true,"href":"https:\/\/lappis.org.br\/site\/wp-json\/wp\/v2\/comments?post=971"}],"version-history":[{"count":0,"href":"https:\/\/lappis.org.br\/site\/wp-json\/wp\/v2\/posts\/971\/revisions"}],"wp:featuredmedia":[{"embeddable":true,"href":"https:\/\/lappis.org.br\/site\/wp-json\/wp\/v2\/media\/967"}],"wp:attachment":[{"href":"https:\/\/lappis.org.br\/site\/wp-json\/wp\/v2\/media?parent=971"}],"wp:term":[{"taxonomy":"category","embeddable":true,"href":"https:\/\/lappis.org.br\/site\/wp-json\/wp\/v2\/categories?post=971"},{"taxonomy":"post_tag","embeddable":true,"href":"https:\/\/lappis.org.br\/site\/wp-json\/wp\/v2\/tags?post=971"}],"curies":[{"name":"wp","href":"https:\/\/api.w.org\/{rel}","templated":true}]}}