{"id":815,"date":"2012-03-28T13:28:26","date_gmt":"2012-03-28T16:28:26","guid":{"rendered":"http:\/\/lappis.org.br\/site\/2012\/03\/28\/cdg-sus-tem-encerramento-em-municipios-do-rio\/"},"modified":"2012-03-28T13:28:26","modified_gmt":"2012-03-28T16:28:26","slug":"cdg-sus-tem-encerramento-em-municipios-do-rio","status":"publish","type":"post","link":"https:\/\/lappis.org.br\/site\/cdg-sus-tem-encerramento-em-municipios-do-rio\/815","title":{"rendered":"CDG-SUS tem encerramento em munic\u00edpios do Rio"},"content":{"rendered":"<p><img fetchpriority=\"high\" decoding=\"async\" data-attachment-id=\"812\" data-permalink=\"https:\/\/lappis.org.br\/site\/cdg-sus-tem-encerramento-em-municipios-do-rio\/815\/attachment-cdg_sus_valenca-jpg\" data-orig-file=\"https:\/\/lappis.org.br\/site\/wp-content\/uploads\/2012\/03\/CDG_SUS_VALENCA.JPG\" data-orig-size=\"467,350\" data-comments-opened=\"1\" data-image-meta=\"{&quot;aperture&quot;:&quot;0&quot;,&quot;credit&quot;:&quot;&quot;,&quot;camera&quot;:&quot;&quot;,&quot;caption&quot;:&quot;&quot;,&quot;created_timestamp&quot;:&quot;0&quot;,&quot;copyright&quot;:&quot;&quot;,&quot;focal_length&quot;:&quot;0&quot;,&quot;iso&quot;:&quot;0&quot;,&quot;shutter_speed&quot;:&quot;0&quot;,&quot;title&quot;:&quot;&quot;,&quot;orientation&quot;:&quot;0&quot;}\" data-image-title=\"CDG_SUS_VALENCA.JPG\" data-image-description=\"\" data-image-caption=\"\" data-medium-file=\"https:\/\/lappis.org.br\/site\/wp-content\/uploads\/2012\/03\/CDG_SUS_VALENCA-300x225.jpg\" data-large-file=\"https:\/\/lappis.org.br\/site\/wp-content\/uploads\/2012\/03\/CDG_SUS_VALENCA.JPG\" class=\" alignleft size-full wp-image-812\" alt=\"CDG_SUS_VALENCA.JPG\" src=\"http:\/\/lappis.org.br\/site\/wp-content\/uploads\/2012\/03\/CDG_SUS_VALENCA.JPG\" style=\"margin-left: 5px; margin-right: 5px; margin-top: 5px; margin-bottom: 5px; float: left; width: 235px; height: 176px; \" width=\"467\" height=\"350\" srcset=\"https:\/\/lappis.org.br\/site\/wp-content\/uploads\/2012\/03\/CDG_SUS_VALENCA.JPG 467w, https:\/\/lappis.org.br\/site\/wp-content\/uploads\/2012\/03\/CDG_SUS_VALENCA-300x225.jpg 300w\" sizes=\"(max-width: 467px) 100vw, 467px\" \/>O Curso de Desenvolvimento Gerencial do SUS (CDG-SUS), organizado pelo Lappis e pelo Cepesc, segue fortalecendo a rela&ccedil;&atilde;o entre as institui&ccedil;&otilde;es de ensino e pesquisa e a gest&atilde;o do SUS nos munic&iacute;pios. Entre 27 de fevereiro e 16 de mar&ccedil;o, foi a vez de Barra do Pira&iacute; e Valen&ccedil;a receberem as oficinas de capacita&ccedil;&atilde;o de tutores com o objetivo de produzir uma agenda de educa&ccedil;&atilde;o permanente a ser assumida pelos munic&iacute;pios. <br \/> &nbsp;<br \/> Ao final do curso, os secret&aacute;rios de sa&uacute;de dos dois munic&iacute;pios assinaram um termo de compromisso&nbsp;com a&nbsp;agenda&nbsp;&nbsp;elaborada pelos alunos. &ldquo;Esse documento revela, por um lado,&nbsp;as expectativas e ansiedade dos participantes quanto ao futuro; por outro, esperan&ccedil;a e comprometimento na constru&ccedil;&atilde;o de um SUS melhor&rdquo;, acredita Ana Auler, pesquisadora do Lappis e coordenadora do CDG-SUS nesses munic&iacute;pios, contente com o entusiasmo dos participantes.<br \/> &nbsp;<br \/> <img decoding=\"async\" data-attachment-id=\"813\" data-permalink=\"https:\/\/lappis.org.br\/site\/cdg-sus-tem-encerramento-em-municipios-do-rio\/815\/attachment-cdg-sus-barra-do-pirai_1-jpg\" data-orig-file=\"https:\/\/lappis.org.br\/site\/wp-content\/uploads\/2012\/03\/CDG-SUS BARRA DO PIRAI_1.JPG\" data-orig-size=\"467,350\" data-comments-opened=\"1\" data-image-meta=\"{&quot;aperture&quot;:&quot;0&quot;,&quot;credit&quot;:&quot;&quot;,&quot;camera&quot;:&quot;&quot;,&quot;caption&quot;:&quot;&quot;,&quot;created_timestamp&quot;:&quot;0&quot;,&quot;copyright&quot;:&quot;&quot;,&quot;focal_length&quot;:&quot;0&quot;,&quot;iso&quot;:&quot;0&quot;,&quot;shutter_speed&quot;:&quot;0&quot;,&quot;title&quot;:&quot;&quot;,&quot;orientation&quot;:&quot;0&quot;}\" data-image-title=\"CDG-SUS BARRA DO PIRAI_1.JPG\" data-image-description=\"\" data-image-caption=\"\" data-medium-file=\"https:\/\/lappis.org.br\/site\/wp-content\/uploads\/2012\/03\/CDG-SUS BARRA DO PIRAI_1-300x225.jpg\" data-large-file=\"https:\/\/lappis.org.br\/site\/wp-content\/uploads\/2012\/03\/CDG-SUS BARRA DO PIRAI_1.JPG\" class=\" alignright size-full wp-image-813\" align=\"right\" alt=\"CDG-SUS BARRA DO PIRAI_1.JPG\" height=\"149\" hspace=\"5\" src=\"http:\/\/lappis.org.br\/site\/wp-content\/uploads\/2012\/03\/CDG-SUS%20BARRA%20DO%20PIRAI_1.JPG\" vspace=\"5\" width=\"200\" \/>Eliane Aparecida Leal, do Conselho Municipal de Sa&uacute;de de Barra do Pira&iacute;, foi uma das participantes do CDG-SUS. Como representante dos usu&aacute;rios, ela saiu animada com os resultados. &quot;Considero que a agenda elaborada de forma participativa reflete a real necessidade dos profissionais e dos usu&aacute;rios, pois foi desenvolvida a partir das entrevistas e vai contribuir realmente para o fortalecimento do SUS no munic&iacute;pio&quot;, conta Eliane. Para Ana Auler, isso confirma o acerto da metodologia que vem sendo utilizada.<br \/> &nbsp;<br \/> No encerramento do curso em Valen&ccedil;a, &uacute;ltimo dia 16, al&eacute;m dos alunos, estiveram presentes o secret&aacute;rio municipal de sa&uacute;de de Valen&ccedil;a, Thiago Jos&eacute; Gomes Faria, o vereador Jos&eacute; Reinaldo Alves Bastos e o controlador geral de Barra do Pira&iacute;, Glauco Lopes, representando a Secretaria de Sa&uacute;de do munic&iacute;pio.<br \/> &nbsp;<br \/> No bojo desse curso, foi oferecido um m&oacute;dulo sobre participa&ccedil;&atilde;o e decis&atilde;o para os conselheiros municipais de sa&uacute;de de Pira&iacute;, que teve a condu&ccedil;&atilde;o do Hospital Sofia Feldman, primeira Incubadora de Integralidade do Lappis. Roseni Pinheiro, coordenadora do Lappis, antecipa que, at&eacute; julho, mais 25 conselheiros de Volta Redonda far&atilde;o esse m&oacute;dulo. &ldquo;Trata-se de mais uma experiencia&ccedil;&atilde;o na luta pelo SUS e o direito &agrave; sa&uacute;de&rdquo;, acrescenta Roseni.&nbsp;<br \/> &nbsp;<br \/> &nbsp;<br \/> <strong>Uma agenda para o Rio<\/strong><br \/> &nbsp;<br \/> <img decoding=\"async\" data-attachment-id=\"814\" data-permalink=\"https:\/\/lappis.org.br\/site\/cdg-sus-tem-encerramento-em-municipios-do-rio\/815\/attachment-cdg_sus_barra_mansa_e_rio_claro_1-jpg\" data-orig-file=\"https:\/\/lappis.org.br\/site\/wp-content\/uploads\/2012\/03\/CDG_SUS_BARRA_MANSA_E_RIO_CLARO_1.JPG\" data-orig-size=\"467,350\" data-comments-opened=\"1\" data-image-meta=\"{&quot;aperture&quot;:&quot;0&quot;,&quot;credit&quot;:&quot;&quot;,&quot;camera&quot;:&quot;&quot;,&quot;caption&quot;:&quot;&quot;,&quot;created_timestamp&quot;:&quot;0&quot;,&quot;copyright&quot;:&quot;&quot;,&quot;focal_length&quot;:&quot;0&quot;,&quot;iso&quot;:&quot;0&quot;,&quot;shutter_speed&quot;:&quot;0&quot;,&quot;title&quot;:&quot;&quot;,&quot;orientation&quot;:&quot;0&quot;}\" data-image-title=\"CDG_SUS_BARRA_MANSA_E_RIO_CLARO_1.JPG\" data-image-description=\"\" data-image-caption=\"\" data-medium-file=\"https:\/\/lappis.org.br\/site\/wp-content\/uploads\/2012\/03\/CDG_SUS_BARRA_MANSA_E_RIO_CLARO_1-300x225.jpg\" data-large-file=\"https:\/\/lappis.org.br\/site\/wp-content\/uploads\/2012\/03\/CDG_SUS_BARRA_MANSA_E_RIO_CLARO_1.JPG\" class=\" alignleft size-full wp-image-814\" align=\"left\" alt=\"CDG_SUS_BARRA_MANSA_E_RIO_CLARO_1.JPG\" height=\"149\" hspace=\"5\" src=\"http:\/\/lappis.org.br\/site\/wp-content\/uploads\/2012\/03\/CDG_SUS_BARRA_MANSA_E_RIO_CLARO_1.JPG\" vspace=\"5\" width=\"200\" srcset=\"https:\/\/lappis.org.br\/site\/wp-content\/uploads\/2012\/03\/CDG_SUS_BARRA_MANSA_E_RIO_CLARO_1.JPG 467w, https:\/\/lappis.org.br\/site\/wp-content\/uploads\/2012\/03\/CDG_SUS_BARRA_MANSA_E_RIO_CLARO_1-300x225.jpg 300w\" sizes=\"(max-width: 200px) 100vw, 200px\" \/>Em Barra Mansa e Rio Claro, o encerramento do CDG-SUS no &uacute;ltimo dia 23 tamb&eacute;m aconteceu em grande estilo com um v&iacute;deo produzido pelos participantes sobre o processo de aprendizagem das oficinas. Participaram do encerramentoo secret&aacute;rio municipal de Sa&uacute;de de Barra Mansa, Wilton Neri Pereira, e a presidente da Funda&ccedil;&atilde;o Municipal de Sa&uacute;de de Rio Claro, Stella Reis Machado. Para Alu&iacute;sio Gomes da Silva J&uacute;nior, pesquisador de Lappis e professor do Instituto de Sa&uacute;de da Comunidade da Universidade Federal Fluminense (UFF), o curso vem funcionando em todos os lugares em que &eacute; realizado como um fator de est&iacute;mulo para todos os envolvidos: gestores, conselheiros, trabalhadores e pesquisadores em sa&uacute;de.<br \/> &nbsp;<br \/> A agenda do CDG-SUS no Rio de Janeiro prossegue em Itatiaia, entre os dias 9 e 13 de abril. Na mesma &eacute;poca, acontece em Rio Branco, no Acre, mais um m&oacute;dulo do curso. O CDG-SUS teve in&iacute;cio em Mato Grosso, elaborado pelo N&uacute;cleo de Desenvolvimento em Sa&uacute;de da UFMT, com assessoria do Grupo Lappis. Com financiamento do Minist&eacute;rio da Sa&uacute;de, os cursos t&ecirc;m parceria com o N&uacute;cleo de Desenvolvimento em Sa&uacute;de, o Instituto de Sa&uacute;de Coletiva da UFMT, o Instituto de Medicina Social da UERJ, &nbsp;o Instituto de Sa&uacute;de da Comunidade da UFF e as Secretarias Municipais de Sa&uacute;de.<\/p>\n","protected":false},"excerpt":{"rendered":"<div class=\"mh-excerpt\"><p><img loading=\"lazy\" decoding=\"async\" class=\" alignleft size-full wp-image-812\" alt=\"CDG_SUS_VALENCA.JPG\" src=\"http:\/\/lappis.org.br\/site\/wp-content\/uploads\/2012\/03\/CDG_SUS_VALENCA.JPG\" style=\"margin-left: 5px; margin-right: 5px; margin-top: 5px; margin-bottom: 5px; float: left; width: 235px; height: 176px; \" width=\"467\" height=\"350\" srcset=\"https:\/\/lappis.org.br\/site\/wp-content\/uploads\/2012\/03\/CDG_SUS_VALENCA.JPG 467w, https:\/\/lappis.org.br\/site\/wp-content\/uploads\/2012\/03\/CDG_SUS_VALENCA-300x225.jpg 300w\" sizes=\"(max-width: 467px) 100vw, 467px\" \/>O Curso de Desenvolvimento Gerencial do SUS (CDG-SUS), organizado pelo Lappis e pelo Cepesc, segue fortalecendo a rela&ccedil;&atilde;o entre as institui&ccedil;&otilde;es de ensino e pesquisa e a gest&atilde;o do SUS nos munic&iacute;pios. Entre 27 de fevereiro e 16 de mar&ccedil;o, foi a vez de Barra do Pira&iacute; e Valen&ccedil;a receberem as oficinas de capacita&ccedil;&atilde;o de tutores com o objetivo de produzir uma agenda de educa&ccedil;&atilde;o permanente a ser assumida pelos munic&iacute;pios. <a class=\"mh-excerpt-more\" href=\"https:\/\/lappis.org.br\/site\/cdg-sus-tem-encerramento-em-municipios-do-rio\/815\" title=\"CDG-SUS tem encerramento em munic\u00edpios do Rio\">[&#8230;]<\/a><\/p>\n<\/div>","protected":false},"author":1,"featured_media":812,"comment_status":"open","ping_status":"open","sticky":false,"template":"","format":"standard","meta":{"_acf_changed":false,"_exactmetrics_skip_tracking":false,"_exactmetrics_sitenote_active":false,"_exactmetrics_sitenote_note":"","_exactmetrics_sitenote_category":0,"jetpack_post_was_ever_published":false,"_jetpack_newsletter_access":"","_jetpack_dont_email_post_to_subs":false,"_jetpack_newsletter_tier_id":0,"_jetpack_memberships_contains_paywalled_content":false,"_jetpack_memberships_contains_paid_content":false,"footnotes":"","jetpack_publicize_message":"","jetpack_publicize_feature_enabled":true,"jetpack_social_post_already_shared":false,"jetpack_social_options":{"image_generator_settings":{"template":"highway","enabled":false},"version":2}},"categories":[46],"tags":[168,146,145,167,170,169],"class_list":{"0":"post-815","1":"post","2":"type-post","3":"status-publish","4":"format-standard","5":"has-post-thumbnail","7":"category-cdgsus-rio-de-janeiro","8":"tag-barra-do-pirai","9":"tag-barra-mansa","10":"tag-cdg-sus","11":"tag-encerramento","12":"tag-rio-claro","13":"tag-valenca"},"jetpack_publicize_connections":[],"acf":[],"yoast_head":"<!-- This site is optimized with the Yoast SEO plugin v25.2 - https:\/\/yoast.com\/wordpress\/plugins\/seo\/ -->\n<title>CDG-SUS tem encerramento em munic\u00edpios do Rio - Lappis 25 anos<\/title>\n<meta name=\"robots\" content=\"index, follow, max-snippet:-1, max-image-preview:large, max-video-preview:-1\" \/>\n<link rel=\"canonical\" href=\"https:\/\/lappis.org.br\/site\/cdg-sus-tem-encerramento-em-municipios-do-rio\/815\" \/>\n<meta property=\"og:locale\" content=\"pt_BR\" \/>\n<meta property=\"og:type\" content=\"article\" \/>\n<meta property=\"og:title\" content=\"CDG-SUS tem encerramento em munic\u00edpios do Rio - Lappis 25 anos\" \/>\n<meta property=\"og:description\" content=\"O Curso de Desenvolvimento Gerencial do SUS (CDG-SUS), organizado pelo Lappis e pelo Cepesc, segue fortalecendo a rela&ccedil;&atilde;o entre as institui&ccedil;&otilde;es de ensino e pesquisa e a gest&atilde;o do SUS nos munic&iacute;pios. Entre 27 de fevereiro e 16 de mar&ccedil;o, foi a vez de Barra do Pira&iacute; e Valen&ccedil;a receberem as oficinas de capacita&ccedil;&atilde;o de tutores com o objetivo de produzir uma agenda de educa&ccedil;&atilde;o permanente a ser assumida pelos munic&iacute;pios. [...]\" \/>\n<meta property=\"og:url\" content=\"https:\/\/lappis.org.br\/site\/cdg-sus-tem-encerramento-em-municipios-do-rio\/815\" \/>\n<meta property=\"og:site_name\" content=\"Lappis 25 anos\" \/>\n<meta property=\"article:published_time\" content=\"2012-03-28T16:28:26+00:00\" \/>\n<meta property=\"og:image\" content=\"https:\/\/lappis.org.br\/site\/wp-content\/uploads\/2012\/03\/CDG_SUS_VALENCA.JPG\" \/>\n\t<meta property=\"og:image:width\" content=\"467\" \/>\n\t<meta property=\"og:image:height\" content=\"350\" \/>\n\t<meta property=\"og:image:type\" content=\"image\/jpeg\" \/>\n<meta name=\"author\" content=\"fw2\" \/>\n<meta name=\"twitter:card\" content=\"summary_large_image\" \/>\n<meta name=\"twitter:label1\" content=\"Escrito por\" \/>\n\t<meta name=\"twitter:data1\" content=\"fw2\" \/>\n\t<meta name=\"twitter:label2\" content=\"Est. tempo de leitura\" \/>\n\t<meta name=\"twitter:data2\" content=\"3 minutos\" \/>\n<script type=\"application\/ld+json\" class=\"yoast-schema-graph\">{\"@context\":\"https:\/\/schema.org\",\"@graph\":[{\"@type\":\"Article\",\"@id\":\"https:\/\/lappis.org.br\/site\/cdg-sus-tem-encerramento-em-municipios-do-rio\/815#article\",\"isPartOf\":{\"@id\":\"https:\/\/lappis.org.br\/site\/cdg-sus-tem-encerramento-em-municipios-do-rio\/815\"},\"author\":{\"name\":\"fw2\",\"@id\":\"https:\/\/lappis.org.br\/site\/#\/schema\/person\/3852381d08284b5e2716b20bd89bdbcf\"},\"headline\":\"CDG-SUS tem encerramento em munic\u00edpios do Rio\",\"datePublished\":\"2012-03-28T16:28:26+00:00\",\"mainEntityOfPage\":{\"@id\":\"https:\/\/lappis.org.br\/site\/cdg-sus-tem-encerramento-em-municipios-do-rio\/815\"},\"wordCount\":701,\"commentCount\":0,\"publisher\":{\"@id\":\"https:\/\/lappis.org.br\/site\/#organization\"},\"image\":{\"@id\":\"https:\/\/lappis.org.br\/site\/cdg-sus-tem-encerramento-em-municipios-do-rio\/815#primaryimage\"},\"thumbnailUrl\":\"https:\/\/lappis.org.br\/site\/wp-content\/uploads\/2012\/03\/CDG_SUS_VALENCA.JPG\",\"keywords\":[\"Barra do Pira\u00ed\",\"Barra Mansa\",\"CDG-SUS\",\"encerramento\",\"Rio Claro\",\"Valen\u00e7a\"],\"articleSection\":[\"CDGSUS RIO DE JANEIRO\"],\"inLanguage\":\"pt-BR\",\"potentialAction\":[{\"@type\":\"CommentAction\",\"name\":\"Comment\",\"target\":[\"https:\/\/lappis.org.br\/site\/cdg-sus-tem-encerramento-em-municipios-do-rio\/815#respond\"]}]},{\"@type\":\"WebPage\",\"@id\":\"https:\/\/lappis.org.br\/site\/cdg-sus-tem-encerramento-em-municipios-do-rio\/815\",\"url\":\"https:\/\/lappis.org.br\/site\/cdg-sus-tem-encerramento-em-municipios-do-rio\/815\",\"name\":\"CDG-SUS tem encerramento em munic\u00edpios do Rio - Lappis 25 anos\",\"isPartOf\":{\"@id\":\"https:\/\/lappis.org.br\/site\/#website\"},\"primaryImageOfPage\":{\"@id\":\"https:\/\/lappis.org.br\/site\/cdg-sus-tem-encerramento-em-municipios-do-rio\/815#primaryimage\"},\"image\":{\"@id\":\"https:\/\/lappis.org.br\/site\/cdg-sus-tem-encerramento-em-municipios-do-rio\/815#primaryimage\"},\"thumbnailUrl\":\"https:\/\/lappis.org.br\/site\/wp-content\/uploads\/2012\/03\/CDG_SUS_VALENCA.JPG\",\"datePublished\":\"2012-03-28T16:28:26+00:00\",\"breadcrumb\":{\"@id\":\"https:\/\/lappis.org.br\/site\/cdg-sus-tem-encerramento-em-municipios-do-rio\/815#breadcrumb\"},\"inLanguage\":\"pt-BR\",\"potentialAction\":[{\"@type\":\"ReadAction\",\"target\":[\"https:\/\/lappis.org.br\/site\/cdg-sus-tem-encerramento-em-municipios-do-rio\/815\"]}]},{\"@type\":\"ImageObject\",\"inLanguage\":\"pt-BR\",\"@id\":\"https:\/\/lappis.org.br\/site\/cdg-sus-tem-encerramento-em-municipios-do-rio\/815#primaryimage\",\"url\":\"https:\/\/lappis.org.br\/site\/wp-content\/uploads\/2012\/03\/CDG_SUS_VALENCA.JPG\",\"contentUrl\":\"https:\/\/lappis.org.br\/site\/wp-content\/uploads\/2012\/03\/CDG_SUS_VALENCA.JPG\",\"width\":467,\"height\":350,\"caption\":\"CDG_SUS_VALENCA.JPG\"},{\"@type\":\"BreadcrumbList\",\"@id\":\"https:\/\/lappis.org.br\/site\/cdg-sus-tem-encerramento-em-municipios-do-rio\/815#breadcrumb\",\"itemListElement\":[{\"@type\":\"ListItem\",\"position\":1,\"name\":\"In\u00edcio\",\"item\":\"https:\/\/lappis.org.br\/site\/\"},{\"@type\":\"ListItem\",\"position\":2,\"name\":\"CDG-SUS tem encerramento em munic\u00edpios do Rio\"}]},{\"@type\":\"WebSite\",\"@id\":\"https:\/\/lappis.org.br\/site\/#website\",\"url\":\"https:\/\/lappis.org.br\/site\/\",\"name\":\"Lappis 25 anos\",\"description\":\"Labotat\u00f3rio de Pesquisas sobre Pr\u00e1ticas de Integralidade em Sa\u00fade\",\"publisher\":{\"@id\":\"https:\/\/lappis.org.br\/site\/#organization\"},\"potentialAction\":[{\"@type\":\"SearchAction\",\"target\":{\"@type\":\"EntryPoint\",\"urlTemplate\":\"https:\/\/lappis.org.br\/site\/?s={search_term_string}\"},\"query-input\":{\"@type\":\"PropertyValueSpecification\",\"valueRequired\":true,\"valueName\":\"search_term_string\"}}],\"inLanguage\":\"pt-BR\"},{\"@type\":\"Organization\",\"@id\":\"https:\/\/lappis.org.br\/site\/#organization\",\"name\":\"Lappis 25 anos\",\"url\":\"https:\/\/lappis.org.br\/site\/\",\"logo\":{\"@type\":\"ImageObject\",\"inLanguage\":\"pt-BR\",\"@id\":\"https:\/\/lappis.org.br\/site\/#\/schema\/logo\/image\/\",\"url\":\"https:\/\/lappis.org.br\/site\/wp-content\/uploads\/2025\/03\/logo-lappis25anos.png\",\"contentUrl\":\"https:\/\/lappis.org.br\/site\/wp-content\/uploads\/2025\/03\/logo-lappis25anos.png\",\"width\":388,\"height\":146,\"caption\":\"Lappis 25 anos\"},\"image\":{\"@id\":\"https:\/\/lappis.org.br\/site\/#\/schema\/logo\/image\/\"}},{\"@type\":\"Person\",\"@id\":\"https:\/\/lappis.org.br\/site\/#\/schema\/person\/3852381d08284b5e2716b20bd89bdbcf\",\"name\":\"fw2\",\"image\":{\"@type\":\"ImageObject\",\"inLanguage\":\"pt-BR\",\"@id\":\"https:\/\/lappis.org.br\/site\/#\/schema\/person\/image\/\",\"url\":\"https:\/\/secure.gravatar.com\/avatar\/c38472c0cdbde82d9b6fcc26adb3779d?s=96&d=mm&r=g\",\"contentUrl\":\"https:\/\/secure.gravatar.com\/avatar\/c38472c0cdbde82d9b6fcc26adb3779d?s=96&d=mm&r=g\",\"caption\":\"fw2\"},\"url\":\"https:\/\/lappis.org.br\/site\/author\/fw2\"}]}<\/script>\n<!-- \/ Yoast SEO plugin. -->","yoast_head_json":{"title":"CDG-SUS tem encerramento em munic\u00edpios do Rio - Lappis 25 anos","robots":{"index":"index","follow":"follow","max-snippet":"max-snippet:-1","max-image-preview":"max-image-preview:large","max-video-preview":"max-video-preview:-1"},"canonical":"https:\/\/lappis.org.br\/site\/cdg-sus-tem-encerramento-em-municipios-do-rio\/815","og_locale":"pt_BR","og_type":"article","og_title":"CDG-SUS tem encerramento em munic\u00edpios do Rio - Lappis 25 anos","og_description":"O Curso de Desenvolvimento Gerencial do SUS (CDG-SUS), organizado pelo Lappis e pelo Cepesc, segue fortalecendo a rela&ccedil;&atilde;o entre as institui&ccedil;&otilde;es de ensino e pesquisa e a gest&atilde;o do SUS nos munic&iacute;pios. Entre 27 de fevereiro e 16 de mar&ccedil;o, foi a vez de Barra do Pira&iacute; e Valen&ccedil;a receberem as oficinas de capacita&ccedil;&atilde;o de tutores com o objetivo de produzir uma agenda de educa&ccedil;&atilde;o permanente a ser assumida pelos munic&iacute;pios. [...]","og_url":"https:\/\/lappis.org.br\/site\/cdg-sus-tem-encerramento-em-municipios-do-rio\/815","og_site_name":"Lappis 25 anos","article_published_time":"2012-03-28T16:28:26+00:00","og_image":[{"width":467,"height":350,"url":"https:\/\/lappis.org.br\/site\/wp-content\/uploads\/2012\/03\/CDG_SUS_VALENCA.JPG","type":"image\/jpeg"}],"author":"fw2","twitter_card":"summary_large_image","twitter_misc":{"Escrito por":"fw2","Est. tempo de leitura":"3 minutos"},"schema":{"@context":"https:\/\/schema.org","@graph":[{"@type":"Article","@id":"https:\/\/lappis.org.br\/site\/cdg-sus-tem-encerramento-em-municipios-do-rio\/815#article","isPartOf":{"@id":"https:\/\/lappis.org.br\/site\/cdg-sus-tem-encerramento-em-municipios-do-rio\/815"},"author":{"name":"fw2","@id":"https:\/\/lappis.org.br\/site\/#\/schema\/person\/3852381d08284b5e2716b20bd89bdbcf"},"headline":"CDG-SUS tem encerramento em munic\u00edpios do Rio","datePublished":"2012-03-28T16:28:26+00:00","mainEntityOfPage":{"@id":"https:\/\/lappis.org.br\/site\/cdg-sus-tem-encerramento-em-municipios-do-rio\/815"},"wordCount":701,"commentCount":0,"publisher":{"@id":"https:\/\/lappis.org.br\/site\/#organization"},"image":{"@id":"https:\/\/lappis.org.br\/site\/cdg-sus-tem-encerramento-em-municipios-do-rio\/815#primaryimage"},"thumbnailUrl":"https:\/\/lappis.org.br\/site\/wp-content\/uploads\/2012\/03\/CDG_SUS_VALENCA.JPG","keywords":["Barra do Pira\u00ed","Barra Mansa","CDG-SUS","encerramento","Rio Claro","Valen\u00e7a"],"articleSection":["CDGSUS RIO DE JANEIRO"],"inLanguage":"pt-BR","potentialAction":[{"@type":"CommentAction","name":"Comment","target":["https:\/\/lappis.org.br\/site\/cdg-sus-tem-encerramento-em-municipios-do-rio\/815#respond"]}]},{"@type":"WebPage","@id":"https:\/\/lappis.org.br\/site\/cdg-sus-tem-encerramento-em-municipios-do-rio\/815","url":"https:\/\/lappis.org.br\/site\/cdg-sus-tem-encerramento-em-municipios-do-rio\/815","name":"CDG-SUS tem encerramento em munic\u00edpios do Rio - Lappis 25 anos","isPartOf":{"@id":"https:\/\/lappis.org.br\/site\/#website"},"primaryImageOfPage":{"@id":"https:\/\/lappis.org.br\/site\/cdg-sus-tem-encerramento-em-municipios-do-rio\/815#primaryimage"},"image":{"@id":"https:\/\/lappis.org.br\/site\/cdg-sus-tem-encerramento-em-municipios-do-rio\/815#primaryimage"},"thumbnailUrl":"https:\/\/lappis.org.br\/site\/wp-content\/uploads\/2012\/03\/CDG_SUS_VALENCA.JPG","datePublished":"2012-03-28T16:28:26+00:00","breadcrumb":{"@id":"https:\/\/lappis.org.br\/site\/cdg-sus-tem-encerramento-em-municipios-do-rio\/815#breadcrumb"},"inLanguage":"pt-BR","potentialAction":[{"@type":"ReadAction","target":["https:\/\/lappis.org.br\/site\/cdg-sus-tem-encerramento-em-municipios-do-rio\/815"]}]},{"@type":"ImageObject","inLanguage":"pt-BR","@id":"https:\/\/lappis.org.br\/site\/cdg-sus-tem-encerramento-em-municipios-do-rio\/815#primaryimage","url":"https:\/\/lappis.org.br\/site\/wp-content\/uploads\/2012\/03\/CDG_SUS_VALENCA.JPG","contentUrl":"https:\/\/lappis.org.br\/site\/wp-content\/uploads\/2012\/03\/CDG_SUS_VALENCA.JPG","width":467,"height":350,"caption":"CDG_SUS_VALENCA.JPG"},{"@type":"BreadcrumbList","@id":"https:\/\/lappis.org.br\/site\/cdg-sus-tem-encerramento-em-municipios-do-rio\/815#breadcrumb","itemListElement":[{"@type":"ListItem","position":1,"name":"In\u00edcio","item":"https:\/\/lappis.org.br\/site\/"},{"@type":"ListItem","position":2,"name":"CDG-SUS tem encerramento em munic\u00edpios do Rio"}]},{"@type":"WebSite","@id":"https:\/\/lappis.org.br\/site\/#website","url":"https:\/\/lappis.org.br\/site\/","name":"Lappis 25 anos","description":"Labotat\u00f3rio de Pesquisas sobre Pr\u00e1ticas de Integralidade em Sa\u00fade","publisher":{"@id":"https:\/\/lappis.org.br\/site\/#organization"},"potentialAction":[{"@type":"SearchAction","target":{"@type":"EntryPoint","urlTemplate":"https:\/\/lappis.org.br\/site\/?s={search_term_string}"},"query-input":{"@type":"PropertyValueSpecification","valueRequired":true,"valueName":"search_term_string"}}],"inLanguage":"pt-BR"},{"@type":"Organization","@id":"https:\/\/lappis.org.br\/site\/#organization","name":"Lappis 25 anos","url":"https:\/\/lappis.org.br\/site\/","logo":{"@type":"ImageObject","inLanguage":"pt-BR","@id":"https:\/\/lappis.org.br\/site\/#\/schema\/logo\/image\/","url":"https:\/\/lappis.org.br\/site\/wp-content\/uploads\/2025\/03\/logo-lappis25anos.png","contentUrl":"https:\/\/lappis.org.br\/site\/wp-content\/uploads\/2025\/03\/logo-lappis25anos.png","width":388,"height":146,"caption":"Lappis 25 anos"},"image":{"@id":"https:\/\/lappis.org.br\/site\/#\/schema\/logo\/image\/"}},{"@type":"Person","@id":"https:\/\/lappis.org.br\/site\/#\/schema\/person\/3852381d08284b5e2716b20bd89bdbcf","name":"fw2","image":{"@type":"ImageObject","inLanguage":"pt-BR","@id":"https:\/\/lappis.org.br\/site\/#\/schema\/person\/image\/","url":"https:\/\/secure.gravatar.com\/avatar\/c38472c0cdbde82d9b6fcc26adb3779d?s=96&d=mm&r=g","contentUrl":"https:\/\/secure.gravatar.com\/avatar\/c38472c0cdbde82d9b6fcc26adb3779d?s=96&d=mm&r=g","caption":"fw2"},"url":"https:\/\/lappis.org.br\/site\/author\/fw2"}]}},"jetpack_featured_media_url":"https:\/\/lappis.org.br\/site\/wp-content\/uploads\/2012\/03\/CDG_SUS_VALENCA.JPG","jetpack_shortlink":"https:\/\/wp.me\/p954Nh-d9","jetpack_sharing_enabled":true,"_links":{"self":[{"href":"https:\/\/lappis.org.br\/site\/wp-json\/wp\/v2\/posts\/815"}],"collection":[{"href":"https:\/\/lappis.org.br\/site\/wp-json\/wp\/v2\/posts"}],"about":[{"href":"https:\/\/lappis.org.br\/site\/wp-json\/wp\/v2\/types\/post"}],"author":[{"embeddable":true,"href":"https:\/\/lappis.org.br\/site\/wp-json\/wp\/v2\/users\/1"}],"replies":[{"embeddable":true,"href":"https:\/\/lappis.org.br\/site\/wp-json\/wp\/v2\/comments?post=815"}],"version-history":[{"count":0,"href":"https:\/\/lappis.org.br\/site\/wp-json\/wp\/v2\/posts\/815\/revisions"}],"wp:featuredmedia":[{"embeddable":true,"href":"https:\/\/lappis.org.br\/site\/wp-json\/wp\/v2\/media\/812"}],"wp:attachment":[{"href":"https:\/\/lappis.org.br\/site\/wp-json\/wp\/v2\/media?parent=815"}],"wp:term":[{"taxonomy":"category","embeddable":true,"href":"https:\/\/lappis.org.br\/site\/wp-json\/wp\/v2\/categories?post=815"},{"taxonomy":"post_tag","embeddable":true,"href":"https:\/\/lappis.org.br\/site\/wp-json\/wp\/v2\/tags?post=815"}],"curies":[{"name":"wp","href":"https:\/\/api.w.org\/{rel}","templated":true}]}}