{"id":7817,"date":"2019-12-19T22:01:09","date_gmt":"2019-12-20T01:01:09","guid":{"rendered":"https:\/\/lappis.org.br\/site\/?p=7817"},"modified":"2020-06-25T23:11:07","modified_gmt":"2020-06-26T02:11:07","slug":"amor-mundi-politicas-da-amizade-e-cuidado-a-integralidade-e-a-polifonia-do-cotidiano-da-saude-grupo","status":"publish","type":"post","link":"https:\/\/lappis.org.br\/site\/amor-mundi-politicas-da-amizade-e-cuidado-a-integralidade-e-a-polifonia-do-cotidiano-da-saude-grupo\/7817","title":{"rendered":"Amor Mundi, Pol\u00edticas da Amizade e Cuidado: a Integralidade e a Polifonia do Cotidiano da Sa\u00fade Grupo"},"content":{"rendered":"\n<h3 class=\"wp-block-heading\"><strong>ORGANIZADORES<\/strong><\/h3>\n\n\n\n<p>ROSENI PINHEIRO, FELIPE DUTRA ASENSI, F\u00c1BIO HEBERT E MARIA ELIZABETH BARROS DE BARROS<\/p>\n\n\n\n<p>Refer\u00eancia:<br>Roseni Pinheiro\u2026 [et al.],organizadores Amor mundi, pol\u00edticas da amizade e cuidado: a integralidade e a polifonia do cotidiano da sa\u00fade \/ \u2013 1. ed. \u2013 Rio de Janeiro: FGB\/Pembroke Collins, 2019. 208 p. ISBN 978-65-81331-08-5<\/p>\n\n\n\n<h4 class=\"wp-block-heading\">SUM\u00c1RIO<\/h4>\n\n\n\n<p>INTRODU\u00c7\u00c3O<br>Roseni Pinheiro<\/p>\n\n\n\n<p>AMOR MUNDI EM HANNAH ARENDT <br>Bethania Assy<\/p>\n\n\n\n<p>AMOR MUNDI, POL\u00cdTICAS DE AMIZADE E CUIDADO: SOBRE A EPISTEMOLOGIA DA RESIST\u00caNCIA. CONTRIBUI\u00c7\u00d5ES DOS ESTUDOS SOBRE A D\u00c1DIVA PARA O DEBATE<br>Paulo Henrique Martins<\/p>\n\n\n\n<p>DA INTEGRALIDADE \u00c0 INTOLERABILIDADE. SOBRE POL\u00cdTICAS DE AMIZADE E CUIDADO EM UM NADA AM\u00c1VEL MUNDO NEOLIBERAL<br>Heliana de Barros Conde Rodrigues<\/p>\n\n\n\n<p>PR\u00c1TICAS DE RESIST\u00caNCIA AO DESMONTE DAS POL\u00cdTICAS P\u00daBLICAS<br>D\u00e1rio Frederico Pasche<\/p>\n\n\n\n<p>DIREITO \u00c0 SA\u00daDE E AM\u00c9RICA LATINA: COMO PENSAR O BEM-ESTAR SOCIAL E SUA EFETIVA\u00c7\u00c3O?<br>Lis\u00e2neo Macedo M. Melo, Felipe Dutra Asensi<\/p>\n\n\n\n<p>VULNERABILIDADES DE MULHERES COM C\u00c2NCER DE MAMA NO ACESSO A UM CENTRO DE REFER\u00caNCIA ONCOL\u00d3GICA NA REGI\u00c3O METROPOLITANA DO RIO DE JANEIRO<br>Paula de Castro Nunes, Alu\u00edsio Gomes da Silva J\u00fanior, Raphael Spercazechi, Livia Manolio Franco<\/p>\n\n\n\n<p>A IMAGEM: INSTRUMENTO DE CONHECIMENTO DO OUTRO OU DE INTERIORIZA\u00c7\u00c3O DE PRECONCEITOS?<br>Tatiana Engel Gerhardt<\/p>\n\n\n\n<p>SA\u00daDE, COMUNICA\u00c7\u00c3O E INTEGRALIDADE: O CASO DOS BOATOS SOBRE ZIKA NO FACEBOOK<br>Marcelo Pereira Garcia, Janine Cardoso, Elaine Teixeira Rabello<\/p>\n\n\n\n<p>DOEN\u00c7A FALCIFORME: INVISIBILIDADE E RACISMO NAS PR\u00c1TICAS DE CUIDADO<br>Altair Lira<\/p>\n\n\n\n<p>O MEU CORPO \u00c9 AT\u00c9 ACEITO, MAS O MEU SABER, N\u00c3O: RACISMO E HANSEN\u00cdASE, APROXIMA\u00c7\u00d5ES<br>Marcelo Luciano Vieira<\/p>\n\n\n\n<p>O CONTATO COM SABERES E PR\u00c1TICAS EM SA\u00daDE NA FLORESTA AMAZ\u00d4NICA: A NARRATIVA DOS ESTUDANTES NAS EXPERI\u00caNCIAS DE INTERNATO RURAL<br>Rodrigo Silveira e Roseni Pinheiro<\/p>\n\n\n\n<p>DE MEDOS, MORTOS E BRANCOS: COSMOPOL\u00cdTICAS DE \u201cSA\u00daDE\u201d ENTRE OS AYOREO (CHACO PARAGUAIO)<br>Leif Gr\u00fcnewald<\/p>\n\n\n\n<p>ORGANIZADORES E COLABORADORES DESTA COLET\u00c2NEA<\/p>\n\n\n\n<h3 class=\"wp-block-heading\">FICHA T\u00c9CNICA<\/h3>\n\n\n\n<p>Copyright \u00a9 2019 Roseni Pinheiro, Felipe Dutra Asensi, F\u00e1bio Hebert e Maria Elizabeth Barros de Barros (organizadores)<br><br>DIRE\u00c7\u00c3O EDITORIAL Felipe Asensi<br>EDI\u00c7\u00c3O E EDITORA\u00c7\u00c3O Felipe Asensi<br>REVIS\u00c3O Ana Silvia Gesteira<br>PROJETO GR\u00c1FICO E CAPA Diniz Gomes<br>DIAGRAMA\u00c7\u00c3O Diniz Gomes<br>IMAGEM DA CAPA Retrato de Ginevra de Benci, de Leonardo da Vinci (1475-78). National Gallery, Washington-CD, EUA.<br><br>DIREITOS RESERVADOS A GRUPO FGB\/PEMBROKE COLLINS<br> Rua Pedro Primeiro, 07\/606 &#8211; 20060-050 \/ Rio de Janeiro, RJ<br>info@pembrokecollins.com<br>www.pembrokecollins.com<br>TODOS OS DIREITOS RESERVADOS<br>Nenhuma parte deste livro pode ser utilizada ou reproduzida sob quaisquer meios existentes sem autoriza\u00e7\u00e3o por escrito da Editora.<br> <br>A524<br>Amor mundi, pol\u00edticas da amizade e cuidado: a integralidade e a polifonia do cotidiano da sa\u00fade \/ Roseni Pinheiro\u2026 [et al.], organizadores. \u2013 1. ed. \u2013 Rio de Janeiro: FGB\/Pembroke Collins, 2019.<br>208 p.<br>ISBN 978-65-81331-08-5<br>V\u00e1rios autores.<br>1.Integralidade em sa\u00fade. 2. Empatia. 3. Direito \u00e0 sa\u00fade. 4. Pr\u00e1ticas interdisciplinares. 5. Pr\u00e1tica integral de cuidados de sa\u00fade. 6. Pol\u00edtica p\u00fablica. I. Pinheiro, Roseni.<br>CDU 614.39<\/p>\n\n\n\n<p> Bibliotec\u00e1ria: Joice Soltosky Cunha \u2013 CRB 7 5946 <br><\/p>\n","protected":false},"excerpt":{"rendered":"<div class=\"mh-excerpt\"><p>ORGANIZADORES ROSENI PINHEIRO, FELIPE DUTRA ASENSI, F\u00c1BIO HEBERT E MARIA ELIZABETH BARROS DE BARROS Refer\u00eancia:Roseni Pinheiro\u2026 [et al.],organizadores Amor mundi, pol\u00edticas da amizade e cuidado: a integralidade e a polifonia do cotidiano da sa\u00fade \/ <a class=\"mh-excerpt-more\" href=\"https:\/\/lappis.org.br\/site\/amor-mundi-politicas-da-amizade-e-cuidado-a-integralidade-e-a-polifonia-do-cotidiano-da-saude-grupo\/7817\" title=\"Amor Mundi, Pol\u00edticas da Amizade e Cuidado: a Integralidade e a Polifonia do Cotidiano da Sa\u00fade Grupo\">[&#8230;]<\/a><\/p>\n<\/div>","protected":false},"author":1,"featured_media":7819,"comment_status":"closed","ping_status":"open","sticky":false,"template":"","format":"standard","meta":{"_acf_changed":false,"_exactmetrics_skip_tracking":false,"_exactmetrics_sitenote_active":false,"_exactmetrics_sitenote_note":"","_exactmetrics_sitenote_category":0,"jetpack_post_was_ever_published":false,"_jetpack_newsletter_access":"","_jetpack_dont_email_post_to_subs":false,"_jetpack_newsletter_tier_id":0,"_jetpack_memberships_contains_paywalled_content":false,"_jetpack_memberships_contains_paid_content":false,"footnotes":"","jetpack_publicize_message":"","jetpack_publicize_feature_enabled":true,"jetpack_social_post_already_shared":true,"jetpack_social_options":{"image_generator_settings":{"template":"highway","enabled":false},"version":2}},"categories":[676],"tags":[],"class_list":{"0":"post-7817","1":"post","2":"type-post","3":"status-publish","4":"format-standard","5":"has-post-thumbnail","7":"category-publicacoes"},"jetpack_publicize_connections":[],"acf":[],"yoast_head":"<!-- This site is optimized with the Yoast SEO plugin v25.2 - https:\/\/yoast.com\/wordpress\/plugins\/seo\/ -->\n<title>Amor Mundi, Pol\u00edticas da Amizade e Cuidado: a Integralidade e a Polifonia do Cotidiano da Sa\u00fade Grupo - Lappis 25 anos<\/title>\n<meta name=\"robots\" content=\"index, follow, max-snippet:-1, max-image-preview:large, max-video-preview:-1\" \/>\n<link rel=\"canonical\" href=\"https:\/\/lappis.org.br\/site\/amor-mundi-politicas-da-amizade-e-cuidado-a-integralidade-e-a-polifonia-do-cotidiano-da-saude-grupo\/7817\" \/>\n<meta property=\"og:locale\" content=\"pt_BR\" \/>\n<meta property=\"og:type\" content=\"article\" \/>\n<meta property=\"og:title\" content=\"Amor Mundi, Pol\u00edticas da Amizade e Cuidado: a Integralidade e a Polifonia do Cotidiano da Sa\u00fade Grupo - Lappis 25 anos\" \/>\n<meta property=\"og:description\" content=\"ORGANIZADORES ROSENI PINHEIRO, FELIPE DUTRA ASENSI, F\u00c1BIO HEBERT E MARIA ELIZABETH BARROS DE BARROS Refer\u00eancia:Roseni Pinheiro\u2026 [et al.],organizadores Amor mundi, pol\u00edticas da amizade e cuidado: a integralidade e a polifonia do cotidiano da sa\u00fade \/ [...]\" \/>\n<meta property=\"og:url\" content=\"https:\/\/lappis.org.br\/site\/amor-mundi-politicas-da-amizade-e-cuidado-a-integralidade-e-a-polifonia-do-cotidiano-da-saude-grupo\/7817\" \/>\n<meta property=\"og:site_name\" content=\"Lappis 25 anos\" \/>\n<meta property=\"article:published_time\" content=\"2019-12-20T01:01:09+00:00\" \/>\n<meta property=\"article:modified_time\" content=\"2020-06-26T02:11:07+00:00\" \/>\n<meta property=\"og:image\" content=\"https:\/\/lappis.org.br\/site\/wp-content\/uploads\/2020\/03\/Coletanea-Amor-Mundi-Politica-Amizade-cuidado-1.png\" \/>\n\t<meta property=\"og:image:width\" content=\"1000\" \/>\n\t<meta property=\"og:image:height\" content=\"1492\" \/>\n\t<meta property=\"og:image:type\" content=\"image\/png\" \/>\n<meta name=\"author\" content=\"fw2\" \/>\n<meta name=\"twitter:card\" content=\"summary_large_image\" \/>\n<meta name=\"twitter:label1\" content=\"Escrito por\" \/>\n\t<meta name=\"twitter:data1\" content=\"fw2\" \/>\n\t<meta name=\"twitter:label2\" content=\"Est. tempo de leitura\" \/>\n\t<meta name=\"twitter:data2\" content=\"2 minutos\" \/>\n<script type=\"application\/ld+json\" class=\"yoast-schema-graph\">{\"@context\":\"https:\/\/schema.org\",\"@graph\":[{\"@type\":\"Article\",\"@id\":\"https:\/\/lappis.org.br\/site\/amor-mundi-politicas-da-amizade-e-cuidado-a-integralidade-e-a-polifonia-do-cotidiano-da-saude-grupo\/7817#article\",\"isPartOf\":{\"@id\":\"https:\/\/lappis.org.br\/site\/amor-mundi-politicas-da-amizade-e-cuidado-a-integralidade-e-a-polifonia-do-cotidiano-da-saude-grupo\/7817\"},\"author\":{\"name\":\"fw2\",\"@id\":\"https:\/\/lappis.org.br\/site\/#\/schema\/person\/3852381d08284b5e2716b20bd89bdbcf\"},\"headline\":\"Amor Mundi, Pol\u00edticas da Amizade e Cuidado: a Integralidade e a Polifonia do Cotidiano da Sa\u00fade Grupo\",\"datePublished\":\"2019-12-20T01:01:09+00:00\",\"dateModified\":\"2020-06-26T02:11:07+00:00\",\"mainEntityOfPage\":{\"@id\":\"https:\/\/lappis.org.br\/site\/amor-mundi-politicas-da-amizade-e-cuidado-a-integralidade-e-a-polifonia-do-cotidiano-da-saude-grupo\/7817\"},\"wordCount\":506,\"publisher\":{\"@id\":\"https:\/\/lappis.org.br\/site\/#organization\"},\"image\":{\"@id\":\"https:\/\/lappis.org.br\/site\/amor-mundi-politicas-da-amizade-e-cuidado-a-integralidade-e-a-polifonia-do-cotidiano-da-saude-grupo\/7817#primaryimage\"},\"thumbnailUrl\":\"https:\/\/lappis.org.br\/site\/wp-content\/uploads\/2020\/03\/Coletanea-Amor-Mundi-Politica-Amizade-cuidado-1.png\",\"articleSection\":[\"Publica\u00e7\u00f5es\"],\"inLanguage\":\"pt-BR\"},{\"@type\":\"WebPage\",\"@id\":\"https:\/\/lappis.org.br\/site\/amor-mundi-politicas-da-amizade-e-cuidado-a-integralidade-e-a-polifonia-do-cotidiano-da-saude-grupo\/7817\",\"url\":\"https:\/\/lappis.org.br\/site\/amor-mundi-politicas-da-amizade-e-cuidado-a-integralidade-e-a-polifonia-do-cotidiano-da-saude-grupo\/7817\",\"name\":\"Amor Mundi, Pol\u00edticas da Amizade e Cuidado: a Integralidade e a Polifonia do Cotidiano da Sa\u00fade Grupo - Lappis 25 anos\",\"isPartOf\":{\"@id\":\"https:\/\/lappis.org.br\/site\/#website\"},\"primaryImageOfPage\":{\"@id\":\"https:\/\/lappis.org.br\/site\/amor-mundi-politicas-da-amizade-e-cuidado-a-integralidade-e-a-polifonia-do-cotidiano-da-saude-grupo\/7817#primaryimage\"},\"image\":{\"@id\":\"https:\/\/lappis.org.br\/site\/amor-mundi-politicas-da-amizade-e-cuidado-a-integralidade-e-a-polifonia-do-cotidiano-da-saude-grupo\/7817#primaryimage\"},\"thumbnailUrl\":\"https:\/\/lappis.org.br\/site\/wp-content\/uploads\/2020\/03\/Coletanea-Amor-Mundi-Politica-Amizade-cuidado-1.png\",\"datePublished\":\"2019-12-20T01:01:09+00:00\",\"dateModified\":\"2020-06-26T02:11:07+00:00\",\"breadcrumb\":{\"@id\":\"https:\/\/lappis.org.br\/site\/amor-mundi-politicas-da-amizade-e-cuidado-a-integralidade-e-a-polifonia-do-cotidiano-da-saude-grupo\/7817#breadcrumb\"},\"inLanguage\":\"pt-BR\",\"potentialAction\":[{\"@type\":\"ReadAction\",\"target\":[\"https:\/\/lappis.org.br\/site\/amor-mundi-politicas-da-amizade-e-cuidado-a-integralidade-e-a-polifonia-do-cotidiano-da-saude-grupo\/7817\"]}]},{\"@type\":\"ImageObject\",\"inLanguage\":\"pt-BR\",\"@id\":\"https:\/\/lappis.org.br\/site\/amor-mundi-politicas-da-amizade-e-cuidado-a-integralidade-e-a-polifonia-do-cotidiano-da-saude-grupo\/7817#primaryimage\",\"url\":\"https:\/\/lappis.org.br\/site\/wp-content\/uploads\/2020\/03\/Coletanea-Amor-Mundi-Politica-Amizade-cuidado-1.png\",\"contentUrl\":\"https:\/\/lappis.org.br\/site\/wp-content\/uploads\/2020\/03\/Coletanea-Amor-Mundi-Politica-Amizade-cuidado-1.png\",\"width\":1000,\"height\":1492},{\"@type\":\"BreadcrumbList\",\"@id\":\"https:\/\/lappis.org.br\/site\/amor-mundi-politicas-da-amizade-e-cuidado-a-integralidade-e-a-polifonia-do-cotidiano-da-saude-grupo\/7817#breadcrumb\",\"itemListElement\":[{\"@type\":\"ListItem\",\"position\":1,\"name\":\"In\u00edcio\",\"item\":\"https:\/\/lappis.org.br\/site\/\"},{\"@type\":\"ListItem\",\"position\":2,\"name\":\"Amor Mundi, Pol\u00edticas da Amizade e Cuidado: a Integralidade e a Polifonia do Cotidiano da Sa\u00fade Grupo\"}]},{\"@type\":\"WebSite\",\"@id\":\"https:\/\/lappis.org.br\/site\/#website\",\"url\":\"https:\/\/lappis.org.br\/site\/\",\"name\":\"Lappis 25 anos\",\"description\":\"Labotat\u00f3rio de Pesquisas sobre Pr\u00e1ticas de Integralidade em Sa\u00fade\",\"publisher\":{\"@id\":\"https:\/\/lappis.org.br\/site\/#organization\"},\"potentialAction\":[{\"@type\":\"SearchAction\",\"target\":{\"@type\":\"EntryPoint\",\"urlTemplate\":\"https:\/\/lappis.org.br\/site\/?s={search_term_string}\"},\"query-input\":{\"@type\":\"PropertyValueSpecification\",\"valueRequired\":true,\"valueName\":\"search_term_string\"}}],\"inLanguage\":\"pt-BR\"},{\"@type\":\"Organization\",\"@id\":\"https:\/\/lappis.org.br\/site\/#organization\",\"name\":\"Lappis 25 anos\",\"url\":\"https:\/\/lappis.org.br\/site\/\",\"logo\":{\"@type\":\"ImageObject\",\"inLanguage\":\"pt-BR\",\"@id\":\"https:\/\/lappis.org.br\/site\/#\/schema\/logo\/image\/\",\"url\":\"https:\/\/lappis.org.br\/site\/wp-content\/uploads\/2025\/03\/logo-lappis25anos.png\",\"contentUrl\":\"https:\/\/lappis.org.br\/site\/wp-content\/uploads\/2025\/03\/logo-lappis25anos.png\",\"width\":388,\"height\":146,\"caption\":\"Lappis 25 anos\"},\"image\":{\"@id\":\"https:\/\/lappis.org.br\/site\/#\/schema\/logo\/image\/\"}},{\"@type\":\"Person\",\"@id\":\"https:\/\/lappis.org.br\/site\/#\/schema\/person\/3852381d08284b5e2716b20bd89bdbcf\",\"name\":\"fw2\",\"image\":{\"@type\":\"ImageObject\",\"inLanguage\":\"pt-BR\",\"@id\":\"https:\/\/lappis.org.br\/site\/#\/schema\/person\/image\/\",\"url\":\"https:\/\/secure.gravatar.com\/avatar\/c38472c0cdbde82d9b6fcc26adb3779d?s=96&d=mm&r=g\",\"contentUrl\":\"https:\/\/secure.gravatar.com\/avatar\/c38472c0cdbde82d9b6fcc26adb3779d?s=96&d=mm&r=g\",\"caption\":\"fw2\"},\"url\":\"https:\/\/lappis.org.br\/site\/author\/fw2\"}]}<\/script>\n<!-- \/ Yoast SEO plugin. -->","yoast_head_json":{"title":"Amor Mundi, Pol\u00edticas da Amizade e Cuidado: a Integralidade e a Polifonia do Cotidiano da Sa\u00fade Grupo - Lappis 25 anos","robots":{"index":"index","follow":"follow","max-snippet":"max-snippet:-1","max-image-preview":"max-image-preview:large","max-video-preview":"max-video-preview:-1"},"canonical":"https:\/\/lappis.org.br\/site\/amor-mundi-politicas-da-amizade-e-cuidado-a-integralidade-e-a-polifonia-do-cotidiano-da-saude-grupo\/7817","og_locale":"pt_BR","og_type":"article","og_title":"Amor Mundi, Pol\u00edticas da Amizade e Cuidado: a Integralidade e a Polifonia do Cotidiano da Sa\u00fade Grupo - Lappis 25 anos","og_description":"ORGANIZADORES ROSENI PINHEIRO, FELIPE DUTRA ASENSI, F\u00c1BIO HEBERT E MARIA ELIZABETH BARROS DE BARROS Refer\u00eancia:Roseni Pinheiro\u2026 [et al.],organizadores Amor mundi, pol\u00edticas da amizade e cuidado: a integralidade e a polifonia do cotidiano da sa\u00fade \/ [...]","og_url":"https:\/\/lappis.org.br\/site\/amor-mundi-politicas-da-amizade-e-cuidado-a-integralidade-e-a-polifonia-do-cotidiano-da-saude-grupo\/7817","og_site_name":"Lappis 25 anos","article_published_time":"2019-12-20T01:01:09+00:00","article_modified_time":"2020-06-26T02:11:07+00:00","og_image":[{"width":1000,"height":1492,"url":"https:\/\/lappis.org.br\/site\/wp-content\/uploads\/2020\/03\/Coletanea-Amor-Mundi-Politica-Amizade-cuidado-1.png","type":"image\/png"}],"author":"fw2","twitter_card":"summary_large_image","twitter_misc":{"Escrito por":"fw2","Est. tempo de leitura":"2 minutos"},"schema":{"@context":"https:\/\/schema.org","@graph":[{"@type":"Article","@id":"https:\/\/lappis.org.br\/site\/amor-mundi-politicas-da-amizade-e-cuidado-a-integralidade-e-a-polifonia-do-cotidiano-da-saude-grupo\/7817#article","isPartOf":{"@id":"https:\/\/lappis.org.br\/site\/amor-mundi-politicas-da-amizade-e-cuidado-a-integralidade-e-a-polifonia-do-cotidiano-da-saude-grupo\/7817"},"author":{"name":"fw2","@id":"https:\/\/lappis.org.br\/site\/#\/schema\/person\/3852381d08284b5e2716b20bd89bdbcf"},"headline":"Amor Mundi, Pol\u00edticas da Amizade e Cuidado: a Integralidade e a Polifonia do Cotidiano da Sa\u00fade Grupo","datePublished":"2019-12-20T01:01:09+00:00","dateModified":"2020-06-26T02:11:07+00:00","mainEntityOfPage":{"@id":"https:\/\/lappis.org.br\/site\/amor-mundi-politicas-da-amizade-e-cuidado-a-integralidade-e-a-polifonia-do-cotidiano-da-saude-grupo\/7817"},"wordCount":506,"publisher":{"@id":"https:\/\/lappis.org.br\/site\/#organization"},"image":{"@id":"https:\/\/lappis.org.br\/site\/amor-mundi-politicas-da-amizade-e-cuidado-a-integralidade-e-a-polifonia-do-cotidiano-da-saude-grupo\/7817#primaryimage"},"thumbnailUrl":"https:\/\/lappis.org.br\/site\/wp-content\/uploads\/2020\/03\/Coletanea-Amor-Mundi-Politica-Amizade-cuidado-1.png","articleSection":["Publica\u00e7\u00f5es"],"inLanguage":"pt-BR"},{"@type":"WebPage","@id":"https:\/\/lappis.org.br\/site\/amor-mundi-politicas-da-amizade-e-cuidado-a-integralidade-e-a-polifonia-do-cotidiano-da-saude-grupo\/7817","url":"https:\/\/lappis.org.br\/site\/amor-mundi-politicas-da-amizade-e-cuidado-a-integralidade-e-a-polifonia-do-cotidiano-da-saude-grupo\/7817","name":"Amor Mundi, Pol\u00edticas da Amizade e Cuidado: a Integralidade e a Polifonia do Cotidiano da Sa\u00fade Grupo - Lappis 25 anos","isPartOf":{"@id":"https:\/\/lappis.org.br\/site\/#website"},"primaryImageOfPage":{"@id":"https:\/\/lappis.org.br\/site\/amor-mundi-politicas-da-amizade-e-cuidado-a-integralidade-e-a-polifonia-do-cotidiano-da-saude-grupo\/7817#primaryimage"},"image":{"@id":"https:\/\/lappis.org.br\/site\/amor-mundi-politicas-da-amizade-e-cuidado-a-integralidade-e-a-polifonia-do-cotidiano-da-saude-grupo\/7817#primaryimage"},"thumbnailUrl":"https:\/\/lappis.org.br\/site\/wp-content\/uploads\/2020\/03\/Coletanea-Amor-Mundi-Politica-Amizade-cuidado-1.png","datePublished":"2019-12-20T01:01:09+00:00","dateModified":"2020-06-26T02:11:07+00:00","breadcrumb":{"@id":"https:\/\/lappis.org.br\/site\/amor-mundi-politicas-da-amizade-e-cuidado-a-integralidade-e-a-polifonia-do-cotidiano-da-saude-grupo\/7817#breadcrumb"},"inLanguage":"pt-BR","potentialAction":[{"@type":"ReadAction","target":["https:\/\/lappis.org.br\/site\/amor-mundi-politicas-da-amizade-e-cuidado-a-integralidade-e-a-polifonia-do-cotidiano-da-saude-grupo\/7817"]}]},{"@type":"ImageObject","inLanguage":"pt-BR","@id":"https:\/\/lappis.org.br\/site\/amor-mundi-politicas-da-amizade-e-cuidado-a-integralidade-e-a-polifonia-do-cotidiano-da-saude-grupo\/7817#primaryimage","url":"https:\/\/lappis.org.br\/site\/wp-content\/uploads\/2020\/03\/Coletanea-Amor-Mundi-Politica-Amizade-cuidado-1.png","contentUrl":"https:\/\/lappis.org.br\/site\/wp-content\/uploads\/2020\/03\/Coletanea-Amor-Mundi-Politica-Amizade-cuidado-1.png","width":1000,"height":1492},{"@type":"BreadcrumbList","@id":"https:\/\/lappis.org.br\/site\/amor-mundi-politicas-da-amizade-e-cuidado-a-integralidade-e-a-polifonia-do-cotidiano-da-saude-grupo\/7817#breadcrumb","itemListElement":[{"@type":"ListItem","position":1,"name":"In\u00edcio","item":"https:\/\/lappis.org.br\/site\/"},{"@type":"ListItem","position":2,"name":"Amor Mundi, Pol\u00edticas da Amizade e Cuidado: a Integralidade e a Polifonia do Cotidiano da Sa\u00fade Grupo"}]},{"@type":"WebSite","@id":"https:\/\/lappis.org.br\/site\/#website","url":"https:\/\/lappis.org.br\/site\/","name":"Lappis 25 anos","description":"Labotat\u00f3rio de Pesquisas sobre Pr\u00e1ticas de Integralidade em Sa\u00fade","publisher":{"@id":"https:\/\/lappis.org.br\/site\/#organization"},"potentialAction":[{"@type":"SearchAction","target":{"@type":"EntryPoint","urlTemplate":"https:\/\/lappis.org.br\/site\/?s={search_term_string}"},"query-input":{"@type":"PropertyValueSpecification","valueRequired":true,"valueName":"search_term_string"}}],"inLanguage":"pt-BR"},{"@type":"Organization","@id":"https:\/\/lappis.org.br\/site\/#organization","name":"Lappis 25 anos","url":"https:\/\/lappis.org.br\/site\/","logo":{"@type":"ImageObject","inLanguage":"pt-BR","@id":"https:\/\/lappis.org.br\/site\/#\/schema\/logo\/image\/","url":"https:\/\/lappis.org.br\/site\/wp-content\/uploads\/2025\/03\/logo-lappis25anos.png","contentUrl":"https:\/\/lappis.org.br\/site\/wp-content\/uploads\/2025\/03\/logo-lappis25anos.png","width":388,"height":146,"caption":"Lappis 25 anos"},"image":{"@id":"https:\/\/lappis.org.br\/site\/#\/schema\/logo\/image\/"}},{"@type":"Person","@id":"https:\/\/lappis.org.br\/site\/#\/schema\/person\/3852381d08284b5e2716b20bd89bdbcf","name":"fw2","image":{"@type":"ImageObject","inLanguage":"pt-BR","@id":"https:\/\/lappis.org.br\/site\/#\/schema\/person\/image\/","url":"https:\/\/secure.gravatar.com\/avatar\/c38472c0cdbde82d9b6fcc26adb3779d?s=96&d=mm&r=g","contentUrl":"https:\/\/secure.gravatar.com\/avatar\/c38472c0cdbde82d9b6fcc26adb3779d?s=96&d=mm&r=g","caption":"fw2"},"url":"https:\/\/lappis.org.br\/site\/author\/fw2"}]}},"jetpack_featured_media_url":"https:\/\/lappis.org.br\/site\/wp-content\/uploads\/2020\/03\/Coletanea-Amor-Mundi-Politica-Amizade-cuidado-1.png","jetpack_shortlink":"https:\/\/wp.me\/p954Nh-225","jetpack_sharing_enabled":true,"_links":{"self":[{"href":"https:\/\/lappis.org.br\/site\/wp-json\/wp\/v2\/posts\/7817"}],"collection":[{"href":"https:\/\/lappis.org.br\/site\/wp-json\/wp\/v2\/posts"}],"about":[{"href":"https:\/\/lappis.org.br\/site\/wp-json\/wp\/v2\/types\/post"}],"author":[{"embeddable":true,"href":"https:\/\/lappis.org.br\/site\/wp-json\/wp\/v2\/users\/1"}],"replies":[{"embeddable":true,"href":"https:\/\/lappis.org.br\/site\/wp-json\/wp\/v2\/comments?post=7817"}],"version-history":[{"count":9,"href":"https:\/\/lappis.org.br\/site\/wp-json\/wp\/v2\/posts\/7817\/revisions"}],"predecessor-version":[{"id":7829,"href":"https:\/\/lappis.org.br\/site\/wp-json\/wp\/v2\/posts\/7817\/revisions\/7829"}],"wp:featuredmedia":[{"embeddable":true,"href":"https:\/\/lappis.org.br\/site\/wp-json\/wp\/v2\/media\/7819"}],"wp:attachment":[{"href":"https:\/\/lappis.org.br\/site\/wp-json\/wp\/v2\/media?parent=7817"}],"wp:term":[{"taxonomy":"category","embeddable":true,"href":"https:\/\/lappis.org.br\/site\/wp-json\/wp\/v2\/categories?post=7817"},{"taxonomy":"post_tag","embeddable":true,"href":"https:\/\/lappis.org.br\/site\/wp-json\/wp\/v2\/tags?post=7817"}],"curies":[{"name":"wp","href":"https:\/\/api.w.org\/{rel}","templated":true}]}}