{"id":7735,"date":"2019-03-28T13:20:15","date_gmt":"2019-03-28T16:20:15","guid":{"rendered":"https:\/\/lappis.org.br\/site\/?p=7735"},"modified":"2019-03-28T13:20:25","modified_gmt":"2019-03-28T16:20:25","slug":"uea-forma-19-doutores-em-saude-coletiva-para-o-amazonas","status":"publish","type":"post","link":"https:\/\/lappis.org.br\/site\/uea-forma-19-doutores-em-saude-coletiva-para-o-amazonas\/7735","title":{"rendered":"UEA forma 19 doutores em Sa\u00fade Coletiva para o Amazonas"},"content":{"rendered":"\n<p><\/p>\n\n\n\n<p>O Doutorado Interinstitucional foi realizado por meio da parceria com a UERJ.<\/p>\n\n\n\n<p>De 25 a 29 de mar\u00e7o, a Universidade do Estado do Amazonas (UEA) est\u00e1 realizado as defesas de teses produzidas por 19 concluintes do programa de Doutorado Interinstitucional em Sa\u00fade Coletiva da Coordena\u00e7\u00e3o de Aperfei\u00e7oamento de Pessoal de N\u00edvel Superior (Dinter\/Capes), do Instituto de Medicina Social da Universidade do Estado do Rio de Janeiro (IMS\/UERJ) que acontece em parceria com a UEA.<\/p>\n\n\n\n<p>Durante semin\u00e1rio realizado na manh\u00e3 desta quarta-feira (27), no audit\u00f3rio da reitoria da UEA, o reitor Cleinaldo Costa enfatizou a parceria firmada com a UERJ, que trar\u00e1 in\u00fameros benef\u00edcios para o Amazonas do ponto de vista de qualidade de vida, de forma\u00e7\u00e3o e de emprego e renda. \u201cQuero dizer para os senhores sobre a import\u00e2ncia do papel do Instituto de Medicina Social dentro da UEA. Esses 19 novos doutores e doutoras somam-se a um time de 478 doutores formados pela UEA em cinco anos. Parabenizo a vit\u00f3ria individual da defesa dessas 19 teses, mas, sobretudo, parabenizo a vit\u00f3ria coletiva desse time que soube manter-se unido\u201d, frisou. <\/p>\n\n\n\n<p>A coordenadora do IMS, professora doutora Roseni Pinheiro, refor\u00e7ou a alta relev\u00e2ncia acad\u00eamica e tamb\u00e9m a vanguarda da iniciativa, destacando que a UEA, com sua receptividade, colaborou com a supera\u00e7\u00e3o da UERJ. \u201cCom o esfor\u00e7o conjunto n\u00e3o interrompemos as atividades do Doutorado. Em 2014, come\u00e7amos as primeiras aproxima\u00e7\u00f5es com a UEA, e desde ent\u00e3o estamos juntos nesta jornada cient\u00edfica para obtermos a conquista de hoje. Formamos doutores que representam um grande diferencial, pois este \u00e9 o primeiro Dinter que envolve tr\u00eas \u00e1reas de concentra\u00e7\u00e3o oferecidas \u00e0 sa\u00fade coletiva, ningu\u00e9m foi t\u00e3o ousado quanto n\u00f3s\u201d.<\/p>\n\n\n\n<p><strong>Novos horizontes para a sa\u00fade coletiva<\/strong><\/p>\n\n\n\n<p> Para a coordenadora local do programa, professora doutora Samia Feitosa, este \u00e9 o momento de celebrar os resultados da coopera\u00e7\u00e3o t\u00e9cnico-cient\u00edfica e pedag\u00f3gica entre a UEA e a UERJ. \u201cEncerramos um ciclo de intensa coopera\u00e7\u00e3o do doutorado interinstitucional de sa\u00fade coletiva. Esse momento se torna uma reflex\u00e3o do itiner\u00e1rio percorrido at\u00e9 o momento e vai al\u00e9m da forma\u00e7\u00e3o e qualifica\u00e7\u00e3o de 19 professores, ele vai ao encontro da perspectiva de consolida\u00e7\u00e3o do campo de pesquisa da sa\u00fade coletiva em uma regi\u00e3o t\u00e3o complexa e t\u00e3o singular quanto a Amaz\u00f4nia\u201d.<\/p>\n\n\n\n<p>Segundo ela, a parceria entre as institui\u00e7\u00f5es \u00e9 firmada de maneira complementar. \u201cA jovem e tenaz UEA e a hist\u00f3rica e amadurecida UERJ mantiveram suas ess\u00eancias, construindo a vanguarda e resistindo a crises. Visualizamos um novo panorama da sa\u00fade no Amazonas sendo projetada nas trajet\u00f3rias acad\u00eamicas desses novos doutores\u201d, finalizou.<\/p>\n\n\n\n<p><strong>Texto: Carol Givoni\/ASCOM UEA<\/strong><\/p>\n","protected":false},"excerpt":{"rendered":"<div class=\"mh-excerpt\"><p>O Doutorado Interinstitucional foi realizado por meio da parceria com a UERJ. De 25 a 29 de mar\u00e7o, a Universidade do Estado do Amazonas (UEA) est\u00e1 realizado as defesas de teses produzidas por 19 concluintes <a class=\"mh-excerpt-more\" href=\"https:\/\/lappis.org.br\/site\/uea-forma-19-doutores-em-saude-coletiva-para-o-amazonas\/7735\" title=\"UEA forma 19 doutores em Sa\u00fade Coletiva para o Amazonas\">[&#8230;]<\/a><\/p>\n<\/div>","protected":false},"author":12,"featured_media":7736,"comment_status":"closed","ping_status":"open","sticky":false,"template":"","format":"standard","meta":{"_acf_changed":false,"_exactmetrics_skip_tracking":false,"_exactmetrics_sitenote_active":false,"_exactmetrics_sitenote_note":"","_exactmetrics_sitenote_category":0,"jetpack_post_was_ever_published":false,"_jetpack_newsletter_access":"","_jetpack_dont_email_post_to_subs":false,"_jetpack_newsletter_tier_id":0,"_jetpack_memberships_contains_paywalled_content":false,"_jetpack_memberships_contains_paid_content":false,"footnotes":"","jetpack_publicize_message":"","jetpack_publicize_feature_enabled":true,"jetpack_social_post_already_shared":true,"jetpack_social_options":{"image_generator_settings":{"template":"highway","enabled":false},"version":2}},"categories":[8],"tags":[],"class_list":{"0":"post-7735","1":"post","2":"type-post","3":"status-publish","4":"format-standard","5":"has-post-thumbnail","7":"category-noticia"},"jetpack_publicize_connections":[],"acf":[],"yoast_head":"<!-- This site is optimized with the Yoast SEO plugin v25.2 - https:\/\/yoast.com\/wordpress\/plugins\/seo\/ -->\n<title>UEA forma 19 doutores em Sa\u00fade Coletiva para o Amazonas - Lappis 25 anos<\/title>\n<meta name=\"robots\" content=\"index, follow, max-snippet:-1, max-image-preview:large, max-video-preview:-1\" \/>\n<link rel=\"canonical\" href=\"https:\/\/lappis.org.br\/site\/uea-forma-19-doutores-em-saude-coletiva-para-o-amazonas\/7735\" \/>\n<meta property=\"og:locale\" content=\"pt_BR\" \/>\n<meta property=\"og:type\" content=\"article\" \/>\n<meta property=\"og:title\" content=\"UEA forma 19 doutores em Sa\u00fade Coletiva para o Amazonas - Lappis 25 anos\" \/>\n<meta property=\"og:description\" content=\"O Doutorado Interinstitucional foi realizado por meio da parceria com a UERJ. De 25 a 29 de mar\u00e7o, a Universidade do Estado do Amazonas (UEA) est\u00e1 realizado as defesas de teses produzidas por 19 concluintes [...]\" \/>\n<meta property=\"og:url\" content=\"https:\/\/lappis.org.br\/site\/uea-forma-19-doutores-em-saude-coletiva-para-o-amazonas\/7735\" \/>\n<meta property=\"og:site_name\" content=\"Lappis 25 anos\" \/>\n<meta property=\"article:published_time\" content=\"2019-03-28T16:20:15+00:00\" \/>\n<meta property=\"article:modified_time\" content=\"2019-03-28T16:20:25+00:00\" \/>\n<meta property=\"og:image\" content=\"https:\/\/lappis.org.br\/site\/wp-content\/uploads\/2019\/03\/61410.png\" \/>\n\t<meta property=\"og:image:width\" content=\"640\" \/>\n\t<meta property=\"og:image:height\" content=\"384\" \/>\n\t<meta property=\"og:image:type\" content=\"image\/png\" \/>\n<meta name=\"author\" content=\"luci\" \/>\n<meta name=\"twitter:card\" content=\"summary_large_image\" \/>\n<meta name=\"twitter:label1\" content=\"Escrito por\" \/>\n\t<meta name=\"twitter:data1\" content=\"luci\" \/>\n\t<meta name=\"twitter:label2\" content=\"Est. tempo de leitura\" \/>\n\t<meta name=\"twitter:data2\" content=\"2 minutos\" \/>\n<script type=\"application\/ld+json\" class=\"yoast-schema-graph\">{\"@context\":\"https:\/\/schema.org\",\"@graph\":[{\"@type\":\"Article\",\"@id\":\"https:\/\/lappis.org.br\/site\/uea-forma-19-doutores-em-saude-coletiva-para-o-amazonas\/7735#article\",\"isPartOf\":{\"@id\":\"https:\/\/lappis.org.br\/site\/uea-forma-19-doutores-em-saude-coletiva-para-o-amazonas\/7735\"},\"author\":{\"name\":\"luci\",\"@id\":\"https:\/\/lappis.org.br\/site\/#\/schema\/person\/4443db28eda70a91013a84ccf9177da5\"},\"headline\":\"UEA forma 19 doutores em Sa\u00fade Coletiva para o Amazonas\",\"datePublished\":\"2019-03-28T16:20:15+00:00\",\"dateModified\":\"2019-03-28T16:20:25+00:00\",\"mainEntityOfPage\":{\"@id\":\"https:\/\/lappis.org.br\/site\/uea-forma-19-doutores-em-saude-coletiva-para-o-amazonas\/7735\"},\"wordCount\":477,\"publisher\":{\"@id\":\"https:\/\/lappis.org.br\/site\/#organization\"},\"image\":{\"@id\":\"https:\/\/lappis.org.br\/site\/uea-forma-19-doutores-em-saude-coletiva-para-o-amazonas\/7735#primaryimage\"},\"thumbnailUrl\":\"https:\/\/lappis.org.br\/site\/wp-content\/uploads\/2019\/03\/61410.png\",\"articleSection\":[\"Not\u00edcia\"],\"inLanguage\":\"pt-BR\"},{\"@type\":\"WebPage\",\"@id\":\"https:\/\/lappis.org.br\/site\/uea-forma-19-doutores-em-saude-coletiva-para-o-amazonas\/7735\",\"url\":\"https:\/\/lappis.org.br\/site\/uea-forma-19-doutores-em-saude-coletiva-para-o-amazonas\/7735\",\"name\":\"UEA forma 19 doutores em Sa\u00fade Coletiva para o Amazonas - Lappis 25 anos\",\"isPartOf\":{\"@id\":\"https:\/\/lappis.org.br\/site\/#website\"},\"primaryImageOfPage\":{\"@id\":\"https:\/\/lappis.org.br\/site\/uea-forma-19-doutores-em-saude-coletiva-para-o-amazonas\/7735#primaryimage\"},\"image\":{\"@id\":\"https:\/\/lappis.org.br\/site\/uea-forma-19-doutores-em-saude-coletiva-para-o-amazonas\/7735#primaryimage\"},\"thumbnailUrl\":\"https:\/\/lappis.org.br\/site\/wp-content\/uploads\/2019\/03\/61410.png\",\"datePublished\":\"2019-03-28T16:20:15+00:00\",\"dateModified\":\"2019-03-28T16:20:25+00:00\",\"breadcrumb\":{\"@id\":\"https:\/\/lappis.org.br\/site\/uea-forma-19-doutores-em-saude-coletiva-para-o-amazonas\/7735#breadcrumb\"},\"inLanguage\":\"pt-BR\",\"potentialAction\":[{\"@type\":\"ReadAction\",\"target\":[\"https:\/\/lappis.org.br\/site\/uea-forma-19-doutores-em-saude-coletiva-para-o-amazonas\/7735\"]}]},{\"@type\":\"ImageObject\",\"inLanguage\":\"pt-BR\",\"@id\":\"https:\/\/lappis.org.br\/site\/uea-forma-19-doutores-em-saude-coletiva-para-o-amazonas\/7735#primaryimage\",\"url\":\"https:\/\/lappis.org.br\/site\/wp-content\/uploads\/2019\/03\/61410.png\",\"contentUrl\":\"https:\/\/lappis.org.br\/site\/wp-content\/uploads\/2019\/03\/61410.png\",\"width\":640,\"height\":384},{\"@type\":\"BreadcrumbList\",\"@id\":\"https:\/\/lappis.org.br\/site\/uea-forma-19-doutores-em-saude-coletiva-para-o-amazonas\/7735#breadcrumb\",\"itemListElement\":[{\"@type\":\"ListItem\",\"position\":1,\"name\":\"In\u00edcio\",\"item\":\"https:\/\/lappis.org.br\/site\/\"},{\"@type\":\"ListItem\",\"position\":2,\"name\":\"UEA forma 19 doutores em Sa\u00fade Coletiva para o Amazonas\"}]},{\"@type\":\"WebSite\",\"@id\":\"https:\/\/lappis.org.br\/site\/#website\",\"url\":\"https:\/\/lappis.org.br\/site\/\",\"name\":\"Lappis 25 anos\",\"description\":\"Labotat\u00f3rio de Pesquisas sobre Pr\u00e1ticas de Integralidade em Sa\u00fade\",\"publisher\":{\"@id\":\"https:\/\/lappis.org.br\/site\/#organization\"},\"potentialAction\":[{\"@type\":\"SearchAction\",\"target\":{\"@type\":\"EntryPoint\",\"urlTemplate\":\"https:\/\/lappis.org.br\/site\/?s={search_term_string}\"},\"query-input\":{\"@type\":\"PropertyValueSpecification\",\"valueRequired\":true,\"valueName\":\"search_term_string\"}}],\"inLanguage\":\"pt-BR\"},{\"@type\":\"Organization\",\"@id\":\"https:\/\/lappis.org.br\/site\/#organization\",\"name\":\"Lappis 25 anos\",\"url\":\"https:\/\/lappis.org.br\/site\/\",\"logo\":{\"@type\":\"ImageObject\",\"inLanguage\":\"pt-BR\",\"@id\":\"https:\/\/lappis.org.br\/site\/#\/schema\/logo\/image\/\",\"url\":\"https:\/\/lappis.org.br\/site\/wp-content\/uploads\/2025\/03\/logo-lappis25anos.png\",\"contentUrl\":\"https:\/\/lappis.org.br\/site\/wp-content\/uploads\/2025\/03\/logo-lappis25anos.png\",\"width\":388,\"height\":146,\"caption\":\"Lappis 25 anos\"},\"image\":{\"@id\":\"https:\/\/lappis.org.br\/site\/#\/schema\/logo\/image\/\"}},{\"@type\":\"Person\",\"@id\":\"https:\/\/lappis.org.br\/site\/#\/schema\/person\/4443db28eda70a91013a84ccf9177da5\",\"name\":\"luci\",\"image\":{\"@type\":\"ImageObject\",\"inLanguage\":\"pt-BR\",\"@id\":\"https:\/\/lappis.org.br\/site\/#\/schema\/person\/image\/\",\"url\":\"https:\/\/secure.gravatar.com\/avatar\/9828a2d07c52577b65e3d592d0ffa00f?s=96&d=mm&r=g\",\"contentUrl\":\"https:\/\/secure.gravatar.com\/avatar\/9828a2d07c52577b65e3d592d0ffa00f?s=96&d=mm&r=g\",\"caption\":\"luci\"},\"url\":\"https:\/\/lappis.org.br\/site\/author\/luci\"}]}<\/script>\n<!-- \/ Yoast SEO plugin. -->","yoast_head_json":{"title":"UEA forma 19 doutores em Sa\u00fade Coletiva para o Amazonas - Lappis 25 anos","robots":{"index":"index","follow":"follow","max-snippet":"max-snippet:-1","max-image-preview":"max-image-preview:large","max-video-preview":"max-video-preview:-1"},"canonical":"https:\/\/lappis.org.br\/site\/uea-forma-19-doutores-em-saude-coletiva-para-o-amazonas\/7735","og_locale":"pt_BR","og_type":"article","og_title":"UEA forma 19 doutores em Sa\u00fade Coletiva para o Amazonas - Lappis 25 anos","og_description":"O Doutorado Interinstitucional foi realizado por meio da parceria com a UERJ. De 25 a 29 de mar\u00e7o, a Universidade do Estado do Amazonas (UEA) est\u00e1 realizado as defesas de teses produzidas por 19 concluintes [...]","og_url":"https:\/\/lappis.org.br\/site\/uea-forma-19-doutores-em-saude-coletiva-para-o-amazonas\/7735","og_site_name":"Lappis 25 anos","article_published_time":"2019-03-28T16:20:15+00:00","article_modified_time":"2019-03-28T16:20:25+00:00","og_image":[{"width":640,"height":384,"url":"https:\/\/lappis.org.br\/site\/wp-content\/uploads\/2019\/03\/61410.png","type":"image\/png"}],"author":"luci","twitter_card":"summary_large_image","twitter_misc":{"Escrito por":"luci","Est. tempo de leitura":"2 minutos"},"schema":{"@context":"https:\/\/schema.org","@graph":[{"@type":"Article","@id":"https:\/\/lappis.org.br\/site\/uea-forma-19-doutores-em-saude-coletiva-para-o-amazonas\/7735#article","isPartOf":{"@id":"https:\/\/lappis.org.br\/site\/uea-forma-19-doutores-em-saude-coletiva-para-o-amazonas\/7735"},"author":{"name":"luci","@id":"https:\/\/lappis.org.br\/site\/#\/schema\/person\/4443db28eda70a91013a84ccf9177da5"},"headline":"UEA forma 19 doutores em Sa\u00fade Coletiva para o Amazonas","datePublished":"2019-03-28T16:20:15+00:00","dateModified":"2019-03-28T16:20:25+00:00","mainEntityOfPage":{"@id":"https:\/\/lappis.org.br\/site\/uea-forma-19-doutores-em-saude-coletiva-para-o-amazonas\/7735"},"wordCount":477,"publisher":{"@id":"https:\/\/lappis.org.br\/site\/#organization"},"image":{"@id":"https:\/\/lappis.org.br\/site\/uea-forma-19-doutores-em-saude-coletiva-para-o-amazonas\/7735#primaryimage"},"thumbnailUrl":"https:\/\/lappis.org.br\/site\/wp-content\/uploads\/2019\/03\/61410.png","articleSection":["Not\u00edcia"],"inLanguage":"pt-BR"},{"@type":"WebPage","@id":"https:\/\/lappis.org.br\/site\/uea-forma-19-doutores-em-saude-coletiva-para-o-amazonas\/7735","url":"https:\/\/lappis.org.br\/site\/uea-forma-19-doutores-em-saude-coletiva-para-o-amazonas\/7735","name":"UEA forma 19 doutores em Sa\u00fade Coletiva para o Amazonas - Lappis 25 anos","isPartOf":{"@id":"https:\/\/lappis.org.br\/site\/#website"},"primaryImageOfPage":{"@id":"https:\/\/lappis.org.br\/site\/uea-forma-19-doutores-em-saude-coletiva-para-o-amazonas\/7735#primaryimage"},"image":{"@id":"https:\/\/lappis.org.br\/site\/uea-forma-19-doutores-em-saude-coletiva-para-o-amazonas\/7735#primaryimage"},"thumbnailUrl":"https:\/\/lappis.org.br\/site\/wp-content\/uploads\/2019\/03\/61410.png","datePublished":"2019-03-28T16:20:15+00:00","dateModified":"2019-03-28T16:20:25+00:00","breadcrumb":{"@id":"https:\/\/lappis.org.br\/site\/uea-forma-19-doutores-em-saude-coletiva-para-o-amazonas\/7735#breadcrumb"},"inLanguage":"pt-BR","potentialAction":[{"@type":"ReadAction","target":["https:\/\/lappis.org.br\/site\/uea-forma-19-doutores-em-saude-coletiva-para-o-amazonas\/7735"]}]},{"@type":"ImageObject","inLanguage":"pt-BR","@id":"https:\/\/lappis.org.br\/site\/uea-forma-19-doutores-em-saude-coletiva-para-o-amazonas\/7735#primaryimage","url":"https:\/\/lappis.org.br\/site\/wp-content\/uploads\/2019\/03\/61410.png","contentUrl":"https:\/\/lappis.org.br\/site\/wp-content\/uploads\/2019\/03\/61410.png","width":640,"height":384},{"@type":"BreadcrumbList","@id":"https:\/\/lappis.org.br\/site\/uea-forma-19-doutores-em-saude-coletiva-para-o-amazonas\/7735#breadcrumb","itemListElement":[{"@type":"ListItem","position":1,"name":"In\u00edcio","item":"https:\/\/lappis.org.br\/site\/"},{"@type":"ListItem","position":2,"name":"UEA forma 19 doutores em Sa\u00fade Coletiva para o Amazonas"}]},{"@type":"WebSite","@id":"https:\/\/lappis.org.br\/site\/#website","url":"https:\/\/lappis.org.br\/site\/","name":"Lappis 25 anos","description":"Labotat\u00f3rio de Pesquisas sobre Pr\u00e1ticas de Integralidade em Sa\u00fade","publisher":{"@id":"https:\/\/lappis.org.br\/site\/#organization"},"potentialAction":[{"@type":"SearchAction","target":{"@type":"EntryPoint","urlTemplate":"https:\/\/lappis.org.br\/site\/?s={search_term_string}"},"query-input":{"@type":"PropertyValueSpecification","valueRequired":true,"valueName":"search_term_string"}}],"inLanguage":"pt-BR"},{"@type":"Organization","@id":"https:\/\/lappis.org.br\/site\/#organization","name":"Lappis 25 anos","url":"https:\/\/lappis.org.br\/site\/","logo":{"@type":"ImageObject","inLanguage":"pt-BR","@id":"https:\/\/lappis.org.br\/site\/#\/schema\/logo\/image\/","url":"https:\/\/lappis.org.br\/site\/wp-content\/uploads\/2025\/03\/logo-lappis25anos.png","contentUrl":"https:\/\/lappis.org.br\/site\/wp-content\/uploads\/2025\/03\/logo-lappis25anos.png","width":388,"height":146,"caption":"Lappis 25 anos"},"image":{"@id":"https:\/\/lappis.org.br\/site\/#\/schema\/logo\/image\/"}},{"@type":"Person","@id":"https:\/\/lappis.org.br\/site\/#\/schema\/person\/4443db28eda70a91013a84ccf9177da5","name":"luci","image":{"@type":"ImageObject","inLanguage":"pt-BR","@id":"https:\/\/lappis.org.br\/site\/#\/schema\/person\/image\/","url":"https:\/\/secure.gravatar.com\/avatar\/9828a2d07c52577b65e3d592d0ffa00f?s=96&d=mm&r=g","contentUrl":"https:\/\/secure.gravatar.com\/avatar\/9828a2d07c52577b65e3d592d0ffa00f?s=96&d=mm&r=g","caption":"luci"},"url":"https:\/\/lappis.org.br\/site\/author\/luci"}]}},"jetpack_featured_media_url":"https:\/\/lappis.org.br\/site\/wp-content\/uploads\/2019\/03\/61410.png","jetpack_shortlink":"https:\/\/wp.me\/p954Nh-20L","jetpack_sharing_enabled":true,"_links":{"self":[{"href":"https:\/\/lappis.org.br\/site\/wp-json\/wp\/v2\/posts\/7735"}],"collection":[{"href":"https:\/\/lappis.org.br\/site\/wp-json\/wp\/v2\/posts"}],"about":[{"href":"https:\/\/lappis.org.br\/site\/wp-json\/wp\/v2\/types\/post"}],"author":[{"embeddable":true,"href":"https:\/\/lappis.org.br\/site\/wp-json\/wp\/v2\/users\/12"}],"replies":[{"embeddable":true,"href":"https:\/\/lappis.org.br\/site\/wp-json\/wp\/v2\/comments?post=7735"}],"version-history":[{"count":1,"href":"https:\/\/lappis.org.br\/site\/wp-json\/wp\/v2\/posts\/7735\/revisions"}],"predecessor-version":[{"id":7737,"href":"https:\/\/lappis.org.br\/site\/wp-json\/wp\/v2\/posts\/7735\/revisions\/7737"}],"wp:featuredmedia":[{"embeddable":true,"href":"https:\/\/lappis.org.br\/site\/wp-json\/wp\/v2\/media\/7736"}],"wp:attachment":[{"href":"https:\/\/lappis.org.br\/site\/wp-json\/wp\/v2\/media?parent=7735"}],"wp:term":[{"taxonomy":"category","embeddable":true,"href":"https:\/\/lappis.org.br\/site\/wp-json\/wp\/v2\/categories?post=7735"},{"taxonomy":"post_tag","embeddable":true,"href":"https:\/\/lappis.org.br\/site\/wp-json\/wp\/v2\/tags?post=7735"}],"curies":[{"name":"wp","href":"https:\/\/api.w.org\/{rel}","templated":true}]}}