{"id":7656,"date":"2018-11-28T12:41:08","date_gmt":"2018-11-28T14:41:08","guid":{"rendered":"https:\/\/lappis.org.br\/site\/?p=7656"},"modified":"2018-11-28T15:18:39","modified_gmt":"2018-11-28T17:18:39","slug":"i-pre-coloquio-internacional-interdisciplinar-hannah-arendt-reune-mostras-cientificas-de-todo-pais","status":"publish","type":"post","link":"https:\/\/lappis.org.br\/site\/i-pre-coloquio-internacional-interdisciplinar-hannah-arendt-reune-mostras-cientificas-de-todo-pais\/7656","title":{"rendered":"O primeiro dia do Pr\u00e9-Col\u00f3quio Internacional Interdisciplinar Hannah Arendt re\u00fane trabalhos cient\u00edficos de diversos estados"},"content":{"rendered":"<p>A primeira sess\u00e3o coordenada do I Pr\u00e9-Col\u00f3quio Internacional Interdisciplinar Hannah Arendt, reuniu trabalhos cient\u00edficos de acad\u00eamicos de diversas universidades de todo o pa\u00eds. Os debates giraram em torno do eixo: \u201cDi\u00e1logo e Rela\u00e7\u00f5es Intersubjetivas Entre Saberes e Pr\u00e1ticas Sociais\u201d.<\/p>\n<p>O doutorando Vin\u00edcius Machado, orientando pela Profa. Roseni Pinheiro, foi o primeiro a apresentar o resumo expandido que falou sobre \u201cAs contribui\u00e7\u00f5es de Hannah Arendt e Paulo Freire para o exerc\u00edcio da liberdade na promo\u00e7\u00e3o da sa\u00fade escolar: a a\u00e7\u00e3o pol\u00edtica para a constitui\u00e7\u00e3o de um mundo comum\u201d.<\/p>\n<p>Para Vin\u00edcius Machado e Roseni Pinheiro, \u201cO <em>amor mundi<\/em> e a <em>amorosidade<\/em>,\u00a0 legados a n\u00f3s por Hannah Arendt e Paulo Freire, respectivamente, constituem a escolha radical, fundante e fonte da a\u00e7\u00e3o para a preserva\u00e7\u00e3o e a renova\u00e7\u00e3o do mundo, que tamb\u00e9m se realiza no cuidado e no autocuidade que a comunidade escolar \u00e9 capaz de exercer para a promo\u00e7\u00e3o de sua sa\u00fade\u201d.<\/p>\n<p>O segundo resumo expandido apresentado, de autoria de Carolina Terruggi e Adriana Marcondes Machado, teve como tema: \u201cConstruindo posi\u00e7\u00f5es no Percurso da Pesquisa em Educa\u00e7\u00e3o\u201d. Para as autoras, \u201ceste trabalho, que se arrisca nas fronteiras do m\u00e9todo cartogr\u00e1fico e dos pressupostos filos\u00f3ficos de Hannah Arendt, desenvolve posi\u00e7\u00f5es \u00e9ticas poss\u00edveis ou at\u00e9 indispens\u00e1veis, em uma pesquisa em educa\u00e7\u00e3o, que firmam compromissos no pesquisar, recusando a neutralidade do pesquisador e comprometendo-se a trabalhar com a imprevisibilidade do encontro com o outro\u201d.<\/p>\n<p>\u201cDireitos humanos na era moderna: uma abordagem a partir da obra de Hannah Arendt\u201d foi o tema resumo expandido de Thiago Coelho Pietro, Eduardo Morello e Helo\u00edse Montagner Coelho.<\/p>\n<p>Conforme Thiago Pietro exp\u00f4s, &#8220;compreender o significado dos direitos humanos representa para a atual filosofia pol\u00edtica uma incumb\u00eancia importante. O legado da obra de Hannah Arendt fornece elementos s\u00f3lidos para pensar o problema do fundamento dos direitos humanos, alicer\u00e7ados no princ\u00edpio do \u2018direito a ter direitos\u201d.<\/p>\n<p>O \u00faltimo resumo apresentado na mesa teve como tema: \u201cEspa\u00e7o P\u00fablico: a concep\u00e7\u00e3o Arendtiana na Integralidade do cuidado em sa\u00fade\u201d, dos autores Barbara Bulh\u00f5es, Tha\u00eds Jeronimo, Roseni Pinheiro e Felipe Asensi.<\/p>\n<p>O resumo teve como objetivo fomentar uma discuss\u00e3o sobre como a concep\u00e7\u00e3o de Espa\u00e7o P\u00fablico de Hannah Arendt dialoga com a ideia de integralidade do cuidado em sa\u00fade. Os autores seguiram um caminho te\u00f3rico que substanciar\u00e1 as diversas reflex\u00f5es e debates oportunizados no Col\u00f3quio. \u201cPara isso, trataram a integralidade como a\u00e7\u00e3o social dependente da possibilidade de intera\u00e7\u00f5es democr\u00e1ticas e discutir\u00e3o o Espa\u00e7o P\u00fablico como o espa\u00e7o de oportunidade do di\u00e1logo\u201d, afirmou Barbara.<\/p>\n<p>Para a professora Silvia Tapia, que coordenou a mesa, os trabalhos mostraram a diversidade do campo da Sa\u00fade Coletiva, conceitos, ideias, escolhas metodol\u00f3gicas e tamb\u00e9m a interdisciplinaridade com a qual dialoga: educa\u00e7\u00e3o, sa\u00fade, direitos humanos, dentre outros.<\/p>\n<p>Ao encerrar a mesa, a coordenadora comentou que \u201cos trabalhos foram marcantes, todos tem muito significado. Eles trouxeram a ideia de pol\u00edtica, universalidade, atravessaram os Direitos Humanos e a pluralidade. Nada partid\u00e1rio e sim humanit\u00e1rio. A leitura di\u00e1ria faz a gente pensar em outras maneiras de se pensar e enxergar o outro\u201d.<\/p>\n<p>Al\u00e9m disso, tamb\u00e9m ressaltou a import\u00e2ncia e atualidade do pensamento de Hannah Arendt: \u201cagora \u00e9 preciso situar uma analise de como na atualidade, o pensamento de Arendt ainda \u00e9 t\u00e3o importante como antes e nos permite pensar no que acontece hoje, e como, apesar de tanto tempo, o pensamento dela permanece t\u00e3o atual, \u00e9 preocupante, mas \u00e9 necess\u00e1rio fazermos essa reflex\u00e3o\u201d.<\/p>\n<p>Texto por Jackeline Oliveira (Bolsista Lappis)<\/p>\n","protected":false},"excerpt":{"rendered":"<div class=\"mh-excerpt\"><p>A primeira sess\u00e3o coordenada do I Pr\u00e9-Col\u00f3quio Internacional Interdisciplinar Hannah Arendt, reuniu trabalhos cient\u00edficos de acad\u00eamicos de diversas universidades de todo o pa\u00eds. Os debates giraram em torno do eixo: \u201cDi\u00e1logo e Rela\u00e7\u00f5es Intersubjetivas Entre <a class=\"mh-excerpt-more\" href=\"https:\/\/lappis.org.br\/site\/i-pre-coloquio-internacional-interdisciplinar-hannah-arendt-reune-mostras-cientificas-de-todo-pais\/7656\" title=\"O primeiro dia do Pr\u00e9-Col\u00f3quio Internacional Interdisciplinar Hannah Arendt re\u00fane trabalhos cient\u00edficos de diversos estados\">[&#8230;]<\/a><\/p>\n<\/div>","protected":false},"author":8,"featured_media":7657,"comment_status":"closed","ping_status":"open","sticky":false,"template":"","format":"standard","meta":{"_acf_changed":false,"_exactmetrics_skip_tracking":false,"_exactmetrics_sitenote_active":false,"_exactmetrics_sitenote_note":"","_exactmetrics_sitenote_category":0,"jetpack_post_was_ever_published":false,"_jetpack_newsletter_access":"","_jetpack_dont_email_post_to_subs":false,"_jetpack_newsletter_tier_id":0,"_jetpack_memberships_contains_paywalled_content":false,"_jetpack_memberships_contains_paid_content":false,"footnotes":"","jetpack_publicize_message":"","jetpack_publicize_feature_enabled":true,"jetpack_social_post_already_shared":true,"jetpack_social_options":{"image_generator_settings":{"template":"highway","enabled":false},"version":2}},"categories":[8],"tags":[],"class_list":{"0":"post-7656","1":"post","2":"type-post","3":"status-publish","4":"format-standard","5":"has-post-thumbnail","7":"category-noticia"},"jetpack_publicize_connections":[],"acf":[],"yoast_head":"<!-- This site is optimized with the Yoast SEO plugin v25.2 - https:\/\/yoast.com\/wordpress\/plugins\/seo\/ -->\n<title>O primeiro dia do Pr\u00e9-Col\u00f3quio Internacional Interdisciplinar Hannah Arendt re\u00fane trabalhos cient\u00edficos de diversos estados - Lappis 25 anos<\/title>\n<meta name=\"robots\" content=\"index, follow, max-snippet:-1, max-image-preview:large, max-video-preview:-1\" \/>\n<link rel=\"canonical\" href=\"https:\/\/lappis.org.br\/site\/i-pre-coloquio-internacional-interdisciplinar-hannah-arendt-reune-mostras-cientificas-de-todo-pais\/7656\" \/>\n<meta property=\"og:locale\" content=\"pt_BR\" \/>\n<meta property=\"og:type\" content=\"article\" \/>\n<meta property=\"og:title\" content=\"O primeiro dia do Pr\u00e9-Col\u00f3quio Internacional Interdisciplinar Hannah Arendt re\u00fane trabalhos cient\u00edficos de diversos estados - Lappis 25 anos\" \/>\n<meta property=\"og:description\" content=\"A primeira sess\u00e3o coordenada do I Pr\u00e9-Col\u00f3quio Internacional Interdisciplinar Hannah Arendt, reuniu trabalhos cient\u00edficos de acad\u00eamicos de diversas universidades de todo o pa\u00eds. Os debates giraram em torno do eixo: \u201cDi\u00e1logo e Rela\u00e7\u00f5es Intersubjetivas Entre [...]\" \/>\n<meta property=\"og:url\" content=\"https:\/\/lappis.org.br\/site\/i-pre-coloquio-internacional-interdisciplinar-hannah-arendt-reune-mostras-cientificas-de-todo-pais\/7656\" \/>\n<meta property=\"og:site_name\" content=\"Lappis 25 anos\" \/>\n<meta property=\"article:published_time\" content=\"2018-11-28T14:41:08+00:00\" \/>\n<meta property=\"article:modified_time\" content=\"2018-11-28T17:18:39+00:00\" \/>\n<meta property=\"og:image\" content=\"https:\/\/lappis.org.br\/site\/wp-content\/uploads\/2018\/11\/sess\u00e3o-coordenada-1.jpg\" \/>\n\t<meta property=\"og:image:width\" content=\"678\" \/>\n\t<meta property=\"og:image:height\" content=\"381\" \/>\n\t<meta property=\"og:image:type\" content=\"image\/jpeg\" \/>\n<meta name=\"author\" content=\"Camila Spinola\" \/>\n<meta name=\"twitter:card\" content=\"summary_large_image\" \/>\n<meta name=\"twitter:label1\" content=\"Escrito por\" \/>\n\t<meta name=\"twitter:data1\" content=\"Camila Spinola\" \/>\n\t<meta name=\"twitter:label2\" content=\"Est. tempo de leitura\" \/>\n\t<meta name=\"twitter:data2\" content=\"3 minutos\" \/>\n<script type=\"application\/ld+json\" class=\"yoast-schema-graph\">{\"@context\":\"https:\/\/schema.org\",\"@graph\":[{\"@type\":\"Article\",\"@id\":\"https:\/\/lappis.org.br\/site\/i-pre-coloquio-internacional-interdisciplinar-hannah-arendt-reune-mostras-cientificas-de-todo-pais\/7656#article\",\"isPartOf\":{\"@id\":\"https:\/\/lappis.org.br\/site\/i-pre-coloquio-internacional-interdisciplinar-hannah-arendt-reune-mostras-cientificas-de-todo-pais\/7656\"},\"author\":{\"name\":\"Camila Spinola\",\"@id\":\"https:\/\/lappis.org.br\/site\/#\/schema\/person\/8d3a8201fcbda66dacbb77168450dfa5\"},\"headline\":\"O primeiro dia do Pr\u00e9-Col\u00f3quio Internacional Interdisciplinar Hannah Arendt re\u00fane trabalhos cient\u00edficos de diversos estados\",\"datePublished\":\"2018-11-28T14:41:08+00:00\",\"dateModified\":\"2018-11-28T17:18:39+00:00\",\"mainEntityOfPage\":{\"@id\":\"https:\/\/lappis.org.br\/site\/i-pre-coloquio-internacional-interdisciplinar-hannah-arendt-reune-mostras-cientificas-de-todo-pais\/7656\"},\"wordCount\":655,\"publisher\":{\"@id\":\"https:\/\/lappis.org.br\/site\/#organization\"},\"image\":{\"@id\":\"https:\/\/lappis.org.br\/site\/i-pre-coloquio-internacional-interdisciplinar-hannah-arendt-reune-mostras-cientificas-de-todo-pais\/7656#primaryimage\"},\"thumbnailUrl\":\"https:\/\/lappis.org.br\/site\/wp-content\/uploads\/2018\/11\/sess\u00e3o-coordenada-1.jpg\",\"articleSection\":[\"Not\u00edcia\"],\"inLanguage\":\"pt-BR\"},{\"@type\":\"WebPage\",\"@id\":\"https:\/\/lappis.org.br\/site\/i-pre-coloquio-internacional-interdisciplinar-hannah-arendt-reune-mostras-cientificas-de-todo-pais\/7656\",\"url\":\"https:\/\/lappis.org.br\/site\/i-pre-coloquio-internacional-interdisciplinar-hannah-arendt-reune-mostras-cientificas-de-todo-pais\/7656\",\"name\":\"O primeiro dia do Pr\u00e9-Col\u00f3quio Internacional Interdisciplinar Hannah Arendt re\u00fane trabalhos cient\u00edficos de diversos estados - Lappis 25 anos\",\"isPartOf\":{\"@id\":\"https:\/\/lappis.org.br\/site\/#website\"},\"primaryImageOfPage\":{\"@id\":\"https:\/\/lappis.org.br\/site\/i-pre-coloquio-internacional-interdisciplinar-hannah-arendt-reune-mostras-cientificas-de-todo-pais\/7656#primaryimage\"},\"image\":{\"@id\":\"https:\/\/lappis.org.br\/site\/i-pre-coloquio-internacional-interdisciplinar-hannah-arendt-reune-mostras-cientificas-de-todo-pais\/7656#primaryimage\"},\"thumbnailUrl\":\"https:\/\/lappis.org.br\/site\/wp-content\/uploads\/2018\/11\/sess\u00e3o-coordenada-1.jpg\",\"datePublished\":\"2018-11-28T14:41:08+00:00\",\"dateModified\":\"2018-11-28T17:18:39+00:00\",\"breadcrumb\":{\"@id\":\"https:\/\/lappis.org.br\/site\/i-pre-coloquio-internacional-interdisciplinar-hannah-arendt-reune-mostras-cientificas-de-todo-pais\/7656#breadcrumb\"},\"inLanguage\":\"pt-BR\",\"potentialAction\":[{\"@type\":\"ReadAction\",\"target\":[\"https:\/\/lappis.org.br\/site\/i-pre-coloquio-internacional-interdisciplinar-hannah-arendt-reune-mostras-cientificas-de-todo-pais\/7656\"]}]},{\"@type\":\"ImageObject\",\"inLanguage\":\"pt-BR\",\"@id\":\"https:\/\/lappis.org.br\/site\/i-pre-coloquio-internacional-interdisciplinar-hannah-arendt-reune-mostras-cientificas-de-todo-pais\/7656#primaryimage\",\"url\":\"https:\/\/lappis.org.br\/site\/wp-content\/uploads\/2018\/11\/sess\u00e3o-coordenada-1.jpg\",\"contentUrl\":\"https:\/\/lappis.org.br\/site\/wp-content\/uploads\/2018\/11\/sess\u00e3o-coordenada-1.jpg\",\"width\":678,\"height\":381},{\"@type\":\"BreadcrumbList\",\"@id\":\"https:\/\/lappis.org.br\/site\/i-pre-coloquio-internacional-interdisciplinar-hannah-arendt-reune-mostras-cientificas-de-todo-pais\/7656#breadcrumb\",\"itemListElement\":[{\"@type\":\"ListItem\",\"position\":1,\"name\":\"In\u00edcio\",\"item\":\"https:\/\/lappis.org.br\/site\/\"},{\"@type\":\"ListItem\",\"position\":2,\"name\":\"O primeiro dia do Pr\u00e9-Col\u00f3quio Internacional Interdisciplinar Hannah Arendt re\u00fane trabalhos cient\u00edficos de diversos estados\"}]},{\"@type\":\"WebSite\",\"@id\":\"https:\/\/lappis.org.br\/site\/#website\",\"url\":\"https:\/\/lappis.org.br\/site\/\",\"name\":\"Lappis 25 anos\",\"description\":\"Labotat\u00f3rio de Pesquisas sobre Pr\u00e1ticas de Integralidade em Sa\u00fade\",\"publisher\":{\"@id\":\"https:\/\/lappis.org.br\/site\/#organization\"},\"potentialAction\":[{\"@type\":\"SearchAction\",\"target\":{\"@type\":\"EntryPoint\",\"urlTemplate\":\"https:\/\/lappis.org.br\/site\/?s={search_term_string}\"},\"query-input\":{\"@type\":\"PropertyValueSpecification\",\"valueRequired\":true,\"valueName\":\"search_term_string\"}}],\"inLanguage\":\"pt-BR\"},{\"@type\":\"Organization\",\"@id\":\"https:\/\/lappis.org.br\/site\/#organization\",\"name\":\"Lappis 25 anos\",\"url\":\"https:\/\/lappis.org.br\/site\/\",\"logo\":{\"@type\":\"ImageObject\",\"inLanguage\":\"pt-BR\",\"@id\":\"https:\/\/lappis.org.br\/site\/#\/schema\/logo\/image\/\",\"url\":\"https:\/\/lappis.org.br\/site\/wp-content\/uploads\/2025\/03\/logo-lappis25anos.png\",\"contentUrl\":\"https:\/\/lappis.org.br\/site\/wp-content\/uploads\/2025\/03\/logo-lappis25anos.png\",\"width\":388,\"height\":146,\"caption\":\"Lappis 25 anos\"},\"image\":{\"@id\":\"https:\/\/lappis.org.br\/site\/#\/schema\/logo\/image\/\"}},{\"@type\":\"Person\",\"@id\":\"https:\/\/lappis.org.br\/site\/#\/schema\/person\/8d3a8201fcbda66dacbb77168450dfa5\",\"name\":\"Camila Spinola\",\"image\":{\"@type\":\"ImageObject\",\"inLanguage\":\"pt-BR\",\"@id\":\"https:\/\/lappis.org.br\/site\/#\/schema\/person\/image\/\",\"url\":\"https:\/\/secure.gravatar.com\/avatar\/6ef276bbaa1c5afbce88f46ae4e92f16?s=96&d=mm&r=g\",\"contentUrl\":\"https:\/\/secure.gravatar.com\/avatar\/6ef276bbaa1c5afbce88f46ae4e92f16?s=96&d=mm&r=g\",\"caption\":\"Camila Spinola\"},\"url\":\"https:\/\/lappis.org.br\/site\/author\/camilaspinolarios\"}]}<\/script>\n<!-- \/ Yoast SEO plugin. -->","yoast_head_json":{"title":"O primeiro dia do Pr\u00e9-Col\u00f3quio Internacional Interdisciplinar Hannah Arendt re\u00fane trabalhos cient\u00edficos de diversos estados - Lappis 25 anos","robots":{"index":"index","follow":"follow","max-snippet":"max-snippet:-1","max-image-preview":"max-image-preview:large","max-video-preview":"max-video-preview:-1"},"canonical":"https:\/\/lappis.org.br\/site\/i-pre-coloquio-internacional-interdisciplinar-hannah-arendt-reune-mostras-cientificas-de-todo-pais\/7656","og_locale":"pt_BR","og_type":"article","og_title":"O primeiro dia do Pr\u00e9-Col\u00f3quio Internacional Interdisciplinar Hannah Arendt re\u00fane trabalhos cient\u00edficos de diversos estados - Lappis 25 anos","og_description":"A primeira sess\u00e3o coordenada do I Pr\u00e9-Col\u00f3quio Internacional Interdisciplinar Hannah Arendt, reuniu trabalhos cient\u00edficos de acad\u00eamicos de diversas universidades de todo o pa\u00eds. Os debates giraram em torno do eixo: \u201cDi\u00e1logo e Rela\u00e7\u00f5es Intersubjetivas Entre [...]","og_url":"https:\/\/lappis.org.br\/site\/i-pre-coloquio-internacional-interdisciplinar-hannah-arendt-reune-mostras-cientificas-de-todo-pais\/7656","og_site_name":"Lappis 25 anos","article_published_time":"2018-11-28T14:41:08+00:00","article_modified_time":"2018-11-28T17:18:39+00:00","og_image":[{"width":678,"height":381,"url":"https:\/\/lappis.org.br\/site\/wp-content\/uploads\/2018\/11\/sess\u00e3o-coordenada-1.jpg","type":"image\/jpeg"}],"author":"Camila Spinola","twitter_card":"summary_large_image","twitter_misc":{"Escrito por":"Camila Spinola","Est. tempo de leitura":"3 minutos"},"schema":{"@context":"https:\/\/schema.org","@graph":[{"@type":"Article","@id":"https:\/\/lappis.org.br\/site\/i-pre-coloquio-internacional-interdisciplinar-hannah-arendt-reune-mostras-cientificas-de-todo-pais\/7656#article","isPartOf":{"@id":"https:\/\/lappis.org.br\/site\/i-pre-coloquio-internacional-interdisciplinar-hannah-arendt-reune-mostras-cientificas-de-todo-pais\/7656"},"author":{"name":"Camila Spinola","@id":"https:\/\/lappis.org.br\/site\/#\/schema\/person\/8d3a8201fcbda66dacbb77168450dfa5"},"headline":"O primeiro dia do Pr\u00e9-Col\u00f3quio Internacional Interdisciplinar Hannah Arendt re\u00fane trabalhos cient\u00edficos de diversos estados","datePublished":"2018-11-28T14:41:08+00:00","dateModified":"2018-11-28T17:18:39+00:00","mainEntityOfPage":{"@id":"https:\/\/lappis.org.br\/site\/i-pre-coloquio-internacional-interdisciplinar-hannah-arendt-reune-mostras-cientificas-de-todo-pais\/7656"},"wordCount":655,"publisher":{"@id":"https:\/\/lappis.org.br\/site\/#organization"},"image":{"@id":"https:\/\/lappis.org.br\/site\/i-pre-coloquio-internacional-interdisciplinar-hannah-arendt-reune-mostras-cientificas-de-todo-pais\/7656#primaryimage"},"thumbnailUrl":"https:\/\/lappis.org.br\/site\/wp-content\/uploads\/2018\/11\/sess\u00e3o-coordenada-1.jpg","articleSection":["Not\u00edcia"],"inLanguage":"pt-BR"},{"@type":"WebPage","@id":"https:\/\/lappis.org.br\/site\/i-pre-coloquio-internacional-interdisciplinar-hannah-arendt-reune-mostras-cientificas-de-todo-pais\/7656","url":"https:\/\/lappis.org.br\/site\/i-pre-coloquio-internacional-interdisciplinar-hannah-arendt-reune-mostras-cientificas-de-todo-pais\/7656","name":"O primeiro dia do Pr\u00e9-Col\u00f3quio Internacional Interdisciplinar Hannah Arendt re\u00fane trabalhos cient\u00edficos de diversos estados - Lappis 25 anos","isPartOf":{"@id":"https:\/\/lappis.org.br\/site\/#website"},"primaryImageOfPage":{"@id":"https:\/\/lappis.org.br\/site\/i-pre-coloquio-internacional-interdisciplinar-hannah-arendt-reune-mostras-cientificas-de-todo-pais\/7656#primaryimage"},"image":{"@id":"https:\/\/lappis.org.br\/site\/i-pre-coloquio-internacional-interdisciplinar-hannah-arendt-reune-mostras-cientificas-de-todo-pais\/7656#primaryimage"},"thumbnailUrl":"https:\/\/lappis.org.br\/site\/wp-content\/uploads\/2018\/11\/sess\u00e3o-coordenada-1.jpg","datePublished":"2018-11-28T14:41:08+00:00","dateModified":"2018-11-28T17:18:39+00:00","breadcrumb":{"@id":"https:\/\/lappis.org.br\/site\/i-pre-coloquio-internacional-interdisciplinar-hannah-arendt-reune-mostras-cientificas-de-todo-pais\/7656#breadcrumb"},"inLanguage":"pt-BR","potentialAction":[{"@type":"ReadAction","target":["https:\/\/lappis.org.br\/site\/i-pre-coloquio-internacional-interdisciplinar-hannah-arendt-reune-mostras-cientificas-de-todo-pais\/7656"]}]},{"@type":"ImageObject","inLanguage":"pt-BR","@id":"https:\/\/lappis.org.br\/site\/i-pre-coloquio-internacional-interdisciplinar-hannah-arendt-reune-mostras-cientificas-de-todo-pais\/7656#primaryimage","url":"https:\/\/lappis.org.br\/site\/wp-content\/uploads\/2018\/11\/sess\u00e3o-coordenada-1.jpg","contentUrl":"https:\/\/lappis.org.br\/site\/wp-content\/uploads\/2018\/11\/sess\u00e3o-coordenada-1.jpg","width":678,"height":381},{"@type":"BreadcrumbList","@id":"https:\/\/lappis.org.br\/site\/i-pre-coloquio-internacional-interdisciplinar-hannah-arendt-reune-mostras-cientificas-de-todo-pais\/7656#breadcrumb","itemListElement":[{"@type":"ListItem","position":1,"name":"In\u00edcio","item":"https:\/\/lappis.org.br\/site\/"},{"@type":"ListItem","position":2,"name":"O primeiro dia do Pr\u00e9-Col\u00f3quio Internacional Interdisciplinar Hannah Arendt re\u00fane trabalhos cient\u00edficos de diversos estados"}]},{"@type":"WebSite","@id":"https:\/\/lappis.org.br\/site\/#website","url":"https:\/\/lappis.org.br\/site\/","name":"Lappis 25 anos","description":"Labotat\u00f3rio de Pesquisas sobre Pr\u00e1ticas de Integralidade em Sa\u00fade","publisher":{"@id":"https:\/\/lappis.org.br\/site\/#organization"},"potentialAction":[{"@type":"SearchAction","target":{"@type":"EntryPoint","urlTemplate":"https:\/\/lappis.org.br\/site\/?s={search_term_string}"},"query-input":{"@type":"PropertyValueSpecification","valueRequired":true,"valueName":"search_term_string"}}],"inLanguage":"pt-BR"},{"@type":"Organization","@id":"https:\/\/lappis.org.br\/site\/#organization","name":"Lappis 25 anos","url":"https:\/\/lappis.org.br\/site\/","logo":{"@type":"ImageObject","inLanguage":"pt-BR","@id":"https:\/\/lappis.org.br\/site\/#\/schema\/logo\/image\/","url":"https:\/\/lappis.org.br\/site\/wp-content\/uploads\/2025\/03\/logo-lappis25anos.png","contentUrl":"https:\/\/lappis.org.br\/site\/wp-content\/uploads\/2025\/03\/logo-lappis25anos.png","width":388,"height":146,"caption":"Lappis 25 anos"},"image":{"@id":"https:\/\/lappis.org.br\/site\/#\/schema\/logo\/image\/"}},{"@type":"Person","@id":"https:\/\/lappis.org.br\/site\/#\/schema\/person\/8d3a8201fcbda66dacbb77168450dfa5","name":"Camila Spinola","image":{"@type":"ImageObject","inLanguage":"pt-BR","@id":"https:\/\/lappis.org.br\/site\/#\/schema\/person\/image\/","url":"https:\/\/secure.gravatar.com\/avatar\/6ef276bbaa1c5afbce88f46ae4e92f16?s=96&d=mm&r=g","contentUrl":"https:\/\/secure.gravatar.com\/avatar\/6ef276bbaa1c5afbce88f46ae4e92f16?s=96&d=mm&r=g","caption":"Camila Spinola"},"url":"https:\/\/lappis.org.br\/site\/author\/camilaspinolarios"}]}},"jetpack_featured_media_url":"https:\/\/lappis.org.br\/site\/wp-content\/uploads\/2018\/11\/sess\u00e3o-coordenada-1.jpg","jetpack_shortlink":"https:\/\/wp.me\/p954Nh-1Zu","jetpack_sharing_enabled":true,"_links":{"self":[{"href":"https:\/\/lappis.org.br\/site\/wp-json\/wp\/v2\/posts\/7656"}],"collection":[{"href":"https:\/\/lappis.org.br\/site\/wp-json\/wp\/v2\/posts"}],"about":[{"href":"https:\/\/lappis.org.br\/site\/wp-json\/wp\/v2\/types\/post"}],"author":[{"embeddable":true,"href":"https:\/\/lappis.org.br\/site\/wp-json\/wp\/v2\/users\/8"}],"replies":[{"embeddable":true,"href":"https:\/\/lappis.org.br\/site\/wp-json\/wp\/v2\/comments?post=7656"}],"version-history":[{"count":4,"href":"https:\/\/lappis.org.br\/site\/wp-json\/wp\/v2\/posts\/7656\/revisions"}],"predecessor-version":[{"id":7661,"href":"https:\/\/lappis.org.br\/site\/wp-json\/wp\/v2\/posts\/7656\/revisions\/7661"}],"wp:featuredmedia":[{"embeddable":true,"href":"https:\/\/lappis.org.br\/site\/wp-json\/wp\/v2\/media\/7657"}],"wp:attachment":[{"href":"https:\/\/lappis.org.br\/site\/wp-json\/wp\/v2\/media?parent=7656"}],"wp:term":[{"taxonomy":"category","embeddable":true,"href":"https:\/\/lappis.org.br\/site\/wp-json\/wp\/v2\/categories?post=7656"},{"taxonomy":"post_tag","embeddable":true,"href":"https:\/\/lappis.org.br\/site\/wp-json\/wp\/v2\/tags?post=7656"}],"curies":[{"name":"wp","href":"https:\/\/api.w.org\/{rel}","templated":true}]}}