{"id":7646,"date":"2018-11-28T11:49:00","date_gmt":"2018-11-28T13:49:00","guid":{"rendered":"https:\/\/lappis.org.br\/site\/?p=7646"},"modified":"2018-11-28T11:49:00","modified_gmt":"2018-11-28T13:49:00","slug":"confira-a-cobertura-da-mesa-de-abertura-do-pre-coloquio-internacional-interdisciplinar-hannah-arendt","status":"publish","type":"post","link":"https:\/\/lappis.org.br\/site\/confira-a-cobertura-da-mesa-de-abertura-do-pre-coloquio-internacional-interdisciplinar-hannah-arendt\/7646","title":{"rendered":"Confira a cobertura da Mesa de Abertura do Pr\u00e9-Col\u00f3quio Internacional Interdisciplinar Hannah Arendt"},"content":{"rendered":"<p>A mesa de abertura do primeiro dia do Pr\u00e9-Col\u00f3quio Hannah Arendt: totalitarismo, subjetividade e responsabilidade, teve como tema &#8220;<strong>\u00c0gora Epist\u00eamica Interdisciplinar: perspectivas interdisciplinares de estudos na\u00a0Sa\u00fade, Direito e na Educa\u00e7\u00e3o<\/strong>&#8220;. A mesa, que teve in\u00edcio por volta das 10h e encerrou \u00e0s 13h, contou com a participa\u00e7\u00e3o de Yuri Azeredo (USP),\u00a0Bruno Stelet (UFRJ),\u00a0Rodrigo da Silveira (UFAC) e Carlos Eduardo Honorato ( SES-RJ\/UFRJ). Roseni Pinheiro (l\u00edder do grupo de Pesquisa Lappis) foi quem a coordenou.<\/p>\n<p>A mesa de abertura, que foi realizado no audit\u00f3rio do IMS, na UERJ, teve transmiss\u00e3o ao vivo pelo Facebook, na p\u00e1gina oficial do Lappis e da UERJ. Pessoas de diversos estados e pa\u00edses, como Portugal e Fran\u00e7a, que n\u00e3o puderam estar presentes, acompanharam o evento pela internet.<\/p>\n<p>Roseni iniciou o debate agradecendo a UERJ, a PUC-Rio, o CAPES e todos os envolvidos no evento. Ela falou sobre agir em perspectivas mais inclusivas no ponto de vista p\u00fablico da Sa\u00fade, Pol\u00edticas, Assist\u00eancia Social, Direito e Educa\u00e7\u00e3o. &#8220;\u00c9 muito importante para n\u00f3s estarmos dividindo este momento com voc\u00eas porque isso \u00e9 justamente compartilhar esse processo de interdisciplinaridade do campo da Filosofia com o Direito, Educa\u00e7\u00e3o e Sa\u00fade&#8221;.<\/p>\n<p><img fetchpriority=\"high\" decoding=\"async\" data-attachment-id=\"7648\" data-permalink=\"https:\/\/lappis.org.br\/site\/confira-a-cobertura-da-mesa-de-abertura-do-pre-coloquio-internacional-interdisciplinar-hannah-arendt\/7646\/whatsapp-image-2018-11-27-at-13-29-18\" data-orig-file=\"https:\/\/lappis.org.br\/site\/wp-content\/uploads\/2018\/11\/WhatsApp-Image-2018-11-27-at-13.29.18.jpeg\" data-orig-size=\"1280,960\" data-comments-opened=\"0\" data-image-meta=\"{&quot;aperture&quot;:&quot;0&quot;,&quot;credit&quot;:&quot;&quot;,&quot;camera&quot;:&quot;&quot;,&quot;caption&quot;:&quot;&quot;,&quot;created_timestamp&quot;:&quot;0&quot;,&quot;copyright&quot;:&quot;&quot;,&quot;focal_length&quot;:&quot;0&quot;,&quot;iso&quot;:&quot;0&quot;,&quot;shutter_speed&quot;:&quot;0&quot;,&quot;title&quot;:&quot;&quot;,&quot;orientation&quot;:&quot;0&quot;}\" data-image-title=\"WhatsApp Image 2018-11-27 at 13.29.18\" data-image-description=\"\" data-image-caption=\"\" data-medium-file=\"https:\/\/lappis.org.br\/site\/wp-content\/uploads\/2018\/11\/WhatsApp-Image-2018-11-27-at-13.29.18-300x225.jpeg\" data-large-file=\"https:\/\/lappis.org.br\/site\/wp-content\/uploads\/2018\/11\/WhatsApp-Image-2018-11-27-at-13.29.18-1024x768.jpeg\" class=\"alignnone size-medium wp-image-7648\" src=\"https:\/\/lappis.org.br\/site\/wp-content\/uploads\/2018\/11\/WhatsApp-Image-2018-11-27-at-13.29.18-300x225.jpeg\" alt=\"\" width=\"300\" height=\"225\" srcset=\"https:\/\/lappis.org.br\/site\/wp-content\/uploads\/2018\/11\/WhatsApp-Image-2018-11-27-at-13.29.18-300x225.jpeg 300w, https:\/\/lappis.org.br\/site\/wp-content\/uploads\/2018\/11\/WhatsApp-Image-2018-11-27-at-13.29.18-768x576.jpeg 768w, https:\/\/lappis.org.br\/site\/wp-content\/uploads\/2018\/11\/WhatsApp-Image-2018-11-27-at-13.29.18-1024x768.jpeg 1024w, https:\/\/lappis.org.br\/site\/wp-content\/uploads\/2018\/11\/WhatsApp-Image-2018-11-27-at-13.29.18-678x509.jpeg 678w, https:\/\/lappis.org.br\/site\/wp-content\/uploads\/2018\/11\/WhatsApp-Image-2018-11-27-at-13.29.18-326x245.jpeg 326w, https:\/\/lappis.org.br\/site\/wp-content\/uploads\/2018\/11\/WhatsApp-Image-2018-11-27-at-13.29.18-327x245.jpeg 327w, https:\/\/lappis.org.br\/site\/wp-content\/uploads\/2018\/11\/WhatsApp-Image-2018-11-27-at-13.29.18.jpeg 1280w\" sizes=\"(max-width: 300px) 100vw, 300px\" \/><\/p>\n<p>Durante a mesa, foi discutido que o pensar arendtiano \u00e9 realizado por tr\u00eas elementos: o pensar pol\u00edtico; a visibilidade desse pensar; e a dimens\u00e3o da pluralidade.<br \/>\nO primeiro a falar sobre as obras de Hannah Arendt foi o psiquiatra Carlos Eduardo Honorato. O trabalho e a obra de Hannah foi fundamental para Carlos Eduardo pensar sobre seu Mestrado e o Doutorado, pois ele procurava por uma obra no qual tivesse um pensamento aberto em quest\u00f5es envolvem o debate das diferen\u00e7as. &#8220;A obra que me foi apresentada foi &#8216;A Condi\u00e7\u00e3o Humana&#8217;. Ela \u00e9 centrada na vida humana que se caracteriza por um mundo de pluralidades&#8221;, ele explicou sobre a obra.<\/p>\n<p><img decoding=\"async\" data-attachment-id=\"7649\" data-permalink=\"https:\/\/lappis.org.br\/site\/confira-a-cobertura-da-mesa-de-abertura-do-pre-coloquio-internacional-interdisciplinar-hannah-arendt\/7646\/whatsapp-image-2018-11-27-at-13-29-22\" data-orig-file=\"https:\/\/lappis.org.br\/site\/wp-content\/uploads\/2018\/11\/WhatsApp-Image-2018-11-27-at-13.29.22.jpeg\" data-orig-size=\"960,1280\" data-comments-opened=\"0\" data-image-meta=\"{&quot;aperture&quot;:&quot;0&quot;,&quot;credit&quot;:&quot;&quot;,&quot;camera&quot;:&quot;&quot;,&quot;caption&quot;:&quot;&quot;,&quot;created_timestamp&quot;:&quot;0&quot;,&quot;copyright&quot;:&quot;&quot;,&quot;focal_length&quot;:&quot;0&quot;,&quot;iso&quot;:&quot;0&quot;,&quot;shutter_speed&quot;:&quot;0&quot;,&quot;title&quot;:&quot;&quot;,&quot;orientation&quot;:&quot;0&quot;}\" data-image-title=\"WhatsApp Image 2018-11-27 at 13.29.22\" data-image-description=\"\" data-image-caption=\"\" data-medium-file=\"https:\/\/lappis.org.br\/site\/wp-content\/uploads\/2018\/11\/WhatsApp-Image-2018-11-27-at-13.29.22-225x300.jpeg\" data-large-file=\"https:\/\/lappis.org.br\/site\/wp-content\/uploads\/2018\/11\/WhatsApp-Image-2018-11-27-at-13.29.22-768x1024.jpeg\" class=\"alignnone size-medium wp-image-7649\" src=\"https:\/\/lappis.org.br\/site\/wp-content\/uploads\/2018\/11\/WhatsApp-Image-2018-11-27-at-13.29.22-225x300.jpeg\" alt=\"\" width=\"225\" height=\"300\" srcset=\"https:\/\/lappis.org.br\/site\/wp-content\/uploads\/2018\/11\/WhatsApp-Image-2018-11-27-at-13.29.22-225x300.jpeg 225w, https:\/\/lappis.org.br\/site\/wp-content\/uploads\/2018\/11\/WhatsApp-Image-2018-11-27-at-13.29.22-768x1024.jpeg 768w, https:\/\/lappis.org.br\/site\/wp-content\/uploads\/2018\/11\/WhatsApp-Image-2018-11-27-at-13.29.22-184x245.jpeg 184w, https:\/\/lappis.org.br\/site\/wp-content\/uploads\/2018\/11\/WhatsApp-Image-2018-11-27-at-13.29.22.jpeg 960w\" sizes=\"(max-width: 225px) 100vw, 225px\" \/><\/p>\n<p>Outro expositor da mesa de abertura foi Yuri Azeredo, que \u00e9 psic\u00f3logo. Yuri homenageou e falou sobre a sua rela\u00e7\u00e3o com a obra de Hannah Arendt &#8220;A Condi\u00e7\u00e3o Humana&#8221;. A aproxima\u00e7\u00e3o de Yuri com o pensamento de Hannah come\u00e7ou logo no in\u00edcio da faculdade, mas foi no Mestrado que surgiu a necessidade de articular o pensamento de Hannah em uma perspectiva interdisciplinar. &#8220;Em minha disserta\u00e7\u00e3o pesquisei sobre essa produ\u00e7\u00e3o dentro do campo da Sa\u00fade Coletiva&#8221;, contou durante a mesa.<\/p>\n<p><img decoding=\"async\" data-attachment-id=\"7650\" data-permalink=\"https:\/\/lappis.org.br\/site\/confira-a-cobertura-da-mesa-de-abertura-do-pre-coloquio-internacional-interdisciplinar-hannah-arendt\/7646\/whatsapp-image-2018-11-27-at-13-29-33\" data-orig-file=\"https:\/\/lappis.org.br\/site\/wp-content\/uploads\/2018\/11\/WhatsApp-Image-2018-11-27-at-13.29.33.jpeg\" data-orig-size=\"960,1280\" data-comments-opened=\"0\" data-image-meta=\"{&quot;aperture&quot;:&quot;0&quot;,&quot;credit&quot;:&quot;&quot;,&quot;camera&quot;:&quot;&quot;,&quot;caption&quot;:&quot;&quot;,&quot;created_timestamp&quot;:&quot;0&quot;,&quot;copyright&quot;:&quot;&quot;,&quot;focal_length&quot;:&quot;0&quot;,&quot;iso&quot;:&quot;0&quot;,&quot;shutter_speed&quot;:&quot;0&quot;,&quot;title&quot;:&quot;&quot;,&quot;orientation&quot;:&quot;0&quot;}\" data-image-title=\"WhatsApp Image 2018-11-27 at 13.29.33\" data-image-description=\"\" data-image-caption=\"\" data-medium-file=\"https:\/\/lappis.org.br\/site\/wp-content\/uploads\/2018\/11\/WhatsApp-Image-2018-11-27-at-13.29.33-225x300.jpeg\" data-large-file=\"https:\/\/lappis.org.br\/site\/wp-content\/uploads\/2018\/11\/WhatsApp-Image-2018-11-27-at-13.29.33-768x1024.jpeg\" class=\"alignnone size-medium wp-image-7650\" src=\"https:\/\/lappis.org.br\/site\/wp-content\/uploads\/2018\/11\/WhatsApp-Image-2018-11-27-at-13.29.33-225x300.jpeg\" alt=\"\" width=\"225\" height=\"300\" srcset=\"https:\/\/lappis.org.br\/site\/wp-content\/uploads\/2018\/11\/WhatsApp-Image-2018-11-27-at-13.29.33-225x300.jpeg 225w, https:\/\/lappis.org.br\/site\/wp-content\/uploads\/2018\/11\/WhatsApp-Image-2018-11-27-at-13.29.33-768x1024.jpeg 768w, https:\/\/lappis.org.br\/site\/wp-content\/uploads\/2018\/11\/WhatsApp-Image-2018-11-27-at-13.29.33-184x245.jpeg 184w, https:\/\/lappis.org.br\/site\/wp-content\/uploads\/2018\/11\/WhatsApp-Image-2018-11-27-at-13.29.33.jpeg 960w\" sizes=\"(max-width: 225px) 100vw, 225px\" \/><\/p>\n<p>O m\u00e9dico Bruno Stelet teve como objeto de Mestrado os valores \u00e9ticos dentro da forma\u00e7\u00e3o de Medicina. Foi ent\u00e3o nesse aspecto que Bruno estudou as obras de Hannah Arendt, chegando na &#8216;A Condi\u00e7\u00e3o Humana&#8217;. &#8220;O pensamento para Hannah \u00e9 dar possibilidade para o que acontece; olhar as diferen\u00e7as entre o conhecimento e a Ci\u00eancia. Com a categoria da narrativa eu consegui perceber que Hannah Arendt traz um debate sobre a narratividade, que para ela \u00e9 um elemento muito importante&#8221;, disse sobre as obras de Hannah Arendt.<\/p>\n<p><img loading=\"lazy\" decoding=\"async\" data-attachment-id=\"7651\" data-permalink=\"https:\/\/lappis.org.br\/site\/confira-a-cobertura-da-mesa-de-abertura-do-pre-coloquio-internacional-interdisciplinar-hannah-arendt\/7646\/whatsapp-image-2018-11-27-at-13-29-57\" data-orig-file=\"https:\/\/lappis.org.br\/site\/wp-content\/uploads\/2018\/11\/WhatsApp-Image-2018-11-27-at-13.29.57.jpeg\" data-orig-size=\"960,1280\" data-comments-opened=\"0\" data-image-meta=\"{&quot;aperture&quot;:&quot;0&quot;,&quot;credit&quot;:&quot;&quot;,&quot;camera&quot;:&quot;&quot;,&quot;caption&quot;:&quot;&quot;,&quot;created_timestamp&quot;:&quot;0&quot;,&quot;copyright&quot;:&quot;&quot;,&quot;focal_length&quot;:&quot;0&quot;,&quot;iso&quot;:&quot;0&quot;,&quot;shutter_speed&quot;:&quot;0&quot;,&quot;title&quot;:&quot;&quot;,&quot;orientation&quot;:&quot;0&quot;}\" data-image-title=\"WhatsApp Image 2018-11-27 at 13.29.57\" data-image-description=\"\" data-image-caption=\"\" data-medium-file=\"https:\/\/lappis.org.br\/site\/wp-content\/uploads\/2018\/11\/WhatsApp-Image-2018-11-27-at-13.29.57-225x300.jpeg\" data-large-file=\"https:\/\/lappis.org.br\/site\/wp-content\/uploads\/2018\/11\/WhatsApp-Image-2018-11-27-at-13.29.57-768x1024.jpeg\" class=\"alignnone size-medium wp-image-7651\" src=\"https:\/\/lappis.org.br\/site\/wp-content\/uploads\/2018\/11\/WhatsApp-Image-2018-11-27-at-13.29.57-225x300.jpeg\" alt=\"\" width=\"225\" height=\"300\" srcset=\"https:\/\/lappis.org.br\/site\/wp-content\/uploads\/2018\/11\/WhatsApp-Image-2018-11-27-at-13.29.57-225x300.jpeg 225w, https:\/\/lappis.org.br\/site\/wp-content\/uploads\/2018\/11\/WhatsApp-Image-2018-11-27-at-13.29.57-768x1024.jpeg 768w, https:\/\/lappis.org.br\/site\/wp-content\/uploads\/2018\/11\/WhatsApp-Image-2018-11-27-at-13.29.57-184x245.jpeg 184w, https:\/\/lappis.org.br\/site\/wp-content\/uploads\/2018\/11\/WhatsApp-Image-2018-11-27-at-13.29.57.jpeg 960w\" sizes=\"(max-width: 225px) 100vw, 225px\" \/><\/p>\n<p>O \u00faltimo expositor da mesa de abertura foi o m\u00e9dico Rodrigo da Silveira, que falou sobre as categorias arendtianas e como essas categorias foram importantes para o seu trabalho: &#8220;as obras de Hannah Arendt ca\u00edram como uma luva para a minha tese, pois foi um trabalho atrav\u00e9s de narrativas e o pensamento arendtiano me ajudou nessa busca&#8221;, contou sobre o seu trabalho.<\/p>\n<p><img loading=\"lazy\" decoding=\"async\" data-attachment-id=\"7652\" data-permalink=\"https:\/\/lappis.org.br\/site\/confira-a-cobertura-da-mesa-de-abertura-do-pre-coloquio-internacional-interdisciplinar-hannah-arendt\/7646\/whatsapp-image-2018-11-27-at-13-29-49\" data-orig-file=\"https:\/\/lappis.org.br\/site\/wp-content\/uploads\/2018\/11\/WhatsApp-Image-2018-11-27-at-13.29.49.jpeg\" data-orig-size=\"960,1280\" data-comments-opened=\"0\" data-image-meta=\"{&quot;aperture&quot;:&quot;0&quot;,&quot;credit&quot;:&quot;&quot;,&quot;camera&quot;:&quot;&quot;,&quot;caption&quot;:&quot;&quot;,&quot;created_timestamp&quot;:&quot;0&quot;,&quot;copyright&quot;:&quot;&quot;,&quot;focal_length&quot;:&quot;0&quot;,&quot;iso&quot;:&quot;0&quot;,&quot;shutter_speed&quot;:&quot;0&quot;,&quot;title&quot;:&quot;&quot;,&quot;orientation&quot;:&quot;0&quot;}\" data-image-title=\"WhatsApp Image 2018-11-27 at 13.29.49\" data-image-description=\"\" data-image-caption=\"\" data-medium-file=\"https:\/\/lappis.org.br\/site\/wp-content\/uploads\/2018\/11\/WhatsApp-Image-2018-11-27-at-13.29.49-225x300.jpeg\" data-large-file=\"https:\/\/lappis.org.br\/site\/wp-content\/uploads\/2018\/11\/WhatsApp-Image-2018-11-27-at-13.29.49-768x1024.jpeg\" class=\"alignnone size-medium wp-image-7652\" src=\"https:\/\/lappis.org.br\/site\/wp-content\/uploads\/2018\/11\/WhatsApp-Image-2018-11-27-at-13.29.49-225x300.jpeg\" alt=\"\" width=\"225\" height=\"300\" srcset=\"https:\/\/lappis.org.br\/site\/wp-content\/uploads\/2018\/11\/WhatsApp-Image-2018-11-27-at-13.29.49-225x300.jpeg 225w, https:\/\/lappis.org.br\/site\/wp-content\/uploads\/2018\/11\/WhatsApp-Image-2018-11-27-at-13.29.49-768x1024.jpeg 768w, https:\/\/lappis.org.br\/site\/wp-content\/uploads\/2018\/11\/WhatsApp-Image-2018-11-27-at-13.29.49-184x245.jpeg 184w, https:\/\/lappis.org.br\/site\/wp-content\/uploads\/2018\/11\/WhatsApp-Image-2018-11-27-at-13.29.49.jpeg 960w\" sizes=\"(max-width: 225px) 100vw, 225px\" \/><\/p>\n<p>A mesa de abertura encerrou-se com o per\u00edodo de perguntas, onde os participantes e ouvintes puderam tirar suas d\u00favidas em rela\u00e7\u00e3o \u00e0s obras de Hannah Arendt.<\/p>\n<p>Texto por Camila Sp\u00ednola (Volunt\u00e1ria Lappis)<\/p>\n<p>&nbsp;<\/p>\n<p>&nbsp;<\/p>\n<p>&nbsp;<\/p>\n<p>&nbsp;<\/p>\n<p>&nbsp;<\/p>\n","protected":false},"excerpt":{"rendered":"<div class=\"mh-excerpt\"><p>A mesa de abertura do primeiro dia do Pr\u00e9-Col\u00f3quio Hannah Arendt: totalitarismo, subjetividade e responsabilidade, teve como tema &#8220;\u00c0gora Epist\u00eamica Interdisciplinar: perspectivas interdisciplinares de estudos na\u00a0Sa\u00fade, Direito e na Educa\u00e7\u00e3o&#8220;. A mesa, que teve in\u00edcio <a class=\"mh-excerpt-more\" href=\"https:\/\/lappis.org.br\/site\/confira-a-cobertura-da-mesa-de-abertura-do-pre-coloquio-internacional-interdisciplinar-hannah-arendt\/7646\" title=\"Confira a cobertura da Mesa de Abertura do Pr\u00e9-Col\u00f3quio Internacional Interdisciplinar Hannah Arendt\">[&#8230;]<\/a><\/p>\n<\/div>","protected":false},"author":8,"featured_media":7647,"comment_status":"closed","ping_status":"open","sticky":false,"template":"","format":"standard","meta":{"_acf_changed":false,"_exactmetrics_skip_tracking":false,"_exactmetrics_sitenote_active":false,"_exactmetrics_sitenote_note":"","_exactmetrics_sitenote_category":0,"jetpack_post_was_ever_published":false,"_jetpack_newsletter_access":"","_jetpack_dont_email_post_to_subs":false,"_jetpack_newsletter_tier_id":0,"_jetpack_memberships_contains_paywalled_content":false,"_jetpack_memberships_contains_paid_content":false,"footnotes":"","jetpack_publicize_message":"","jetpack_publicize_feature_enabled":true,"jetpack_social_post_already_shared":true,"jetpack_social_options":{"image_generator_settings":{"template":"highway","enabled":false},"version":2}},"categories":[8],"tags":[],"class_list":{"0":"post-7646","1":"post","2":"type-post","3":"status-publish","4":"format-standard","5":"has-post-thumbnail","7":"category-noticia"},"jetpack_publicize_connections":[],"acf":[],"yoast_head":"<!-- This site is optimized with the Yoast SEO plugin v25.2 - https:\/\/yoast.com\/wordpress\/plugins\/seo\/ -->\n<title>Confira a cobertura da Mesa de Abertura do Pr\u00e9-Col\u00f3quio Internacional Interdisciplinar Hannah Arendt - Lappis 25 anos<\/title>\n<meta name=\"robots\" content=\"index, follow, max-snippet:-1, max-image-preview:large, max-video-preview:-1\" \/>\n<link rel=\"canonical\" href=\"https:\/\/lappis.org.br\/site\/confira-a-cobertura-da-mesa-de-abertura-do-pre-coloquio-internacional-interdisciplinar-hannah-arendt\/7646\" \/>\n<meta property=\"og:locale\" content=\"pt_BR\" \/>\n<meta property=\"og:type\" content=\"article\" \/>\n<meta property=\"og:title\" content=\"Confira a cobertura da Mesa de Abertura do Pr\u00e9-Col\u00f3quio Internacional Interdisciplinar Hannah Arendt - Lappis 25 anos\" \/>\n<meta property=\"og:description\" content=\"A mesa de abertura do primeiro dia do Pr\u00e9-Col\u00f3quio Hannah Arendt: totalitarismo, subjetividade e responsabilidade, teve como tema &#8220;\u00c0gora Epist\u00eamica Interdisciplinar: perspectivas interdisciplinares de estudos na\u00a0Sa\u00fade, Direito e na Educa\u00e7\u00e3o&#8220;. A mesa, que teve in\u00edcio [...]\" \/>\n<meta property=\"og:url\" content=\"https:\/\/lappis.org.br\/site\/confira-a-cobertura-da-mesa-de-abertura-do-pre-coloquio-internacional-interdisciplinar-hannah-arendt\/7646\" \/>\n<meta property=\"og:site_name\" content=\"Lappis 25 anos\" \/>\n<meta property=\"article:published_time\" content=\"2018-11-28T13:49:00+00:00\" \/>\n<meta property=\"og:image\" content=\"https:\/\/lappis.org.br\/site\/wp-content\/uploads\/2018\/11\/Design-sem-nome.jpg\" \/>\n\t<meta property=\"og:image:width\" content=\"678\" \/>\n\t<meta property=\"og:image:height\" content=\"381\" \/>\n\t<meta property=\"og:image:type\" content=\"image\/jpeg\" \/>\n<meta name=\"author\" content=\"Camila Spinola\" \/>\n<meta name=\"twitter:card\" content=\"summary_large_image\" \/>\n<meta name=\"twitter:label1\" content=\"Escrito por\" \/>\n\t<meta name=\"twitter:data1\" content=\"Camila Spinola\" \/>\n\t<meta name=\"twitter:label2\" content=\"Est. tempo de leitura\" \/>\n\t<meta name=\"twitter:data2\" content=\"3 minutos\" \/>\n<script type=\"application\/ld+json\" class=\"yoast-schema-graph\">{\"@context\":\"https:\/\/schema.org\",\"@graph\":[{\"@type\":\"Article\",\"@id\":\"https:\/\/lappis.org.br\/site\/confira-a-cobertura-da-mesa-de-abertura-do-pre-coloquio-internacional-interdisciplinar-hannah-arendt\/7646#article\",\"isPartOf\":{\"@id\":\"https:\/\/lappis.org.br\/site\/confira-a-cobertura-da-mesa-de-abertura-do-pre-coloquio-internacional-interdisciplinar-hannah-arendt\/7646\"},\"author\":{\"name\":\"Camila Spinola\",\"@id\":\"https:\/\/lappis.org.br\/site\/#\/schema\/person\/8d3a8201fcbda66dacbb77168450dfa5\"},\"headline\":\"Confira a cobertura da Mesa de Abertura do Pr\u00e9-Col\u00f3quio Internacional Interdisciplinar Hannah Arendt\",\"datePublished\":\"2018-11-28T13:49:00+00:00\",\"mainEntityOfPage\":{\"@id\":\"https:\/\/lappis.org.br\/site\/confira-a-cobertura-da-mesa-de-abertura-do-pre-coloquio-internacional-interdisciplinar-hannah-arendt\/7646\"},\"wordCount\":625,\"publisher\":{\"@id\":\"https:\/\/lappis.org.br\/site\/#organization\"},\"image\":{\"@id\":\"https:\/\/lappis.org.br\/site\/confira-a-cobertura-da-mesa-de-abertura-do-pre-coloquio-internacional-interdisciplinar-hannah-arendt\/7646#primaryimage\"},\"thumbnailUrl\":\"https:\/\/lappis.org.br\/site\/wp-content\/uploads\/2018\/11\/Design-sem-nome.jpg\",\"articleSection\":[\"Not\u00edcia\"],\"inLanguage\":\"pt-BR\"},{\"@type\":\"WebPage\",\"@id\":\"https:\/\/lappis.org.br\/site\/confira-a-cobertura-da-mesa-de-abertura-do-pre-coloquio-internacional-interdisciplinar-hannah-arendt\/7646\",\"url\":\"https:\/\/lappis.org.br\/site\/confira-a-cobertura-da-mesa-de-abertura-do-pre-coloquio-internacional-interdisciplinar-hannah-arendt\/7646\",\"name\":\"Confira a cobertura da Mesa de Abertura do Pr\u00e9-Col\u00f3quio Internacional Interdisciplinar Hannah Arendt - Lappis 25 anos\",\"isPartOf\":{\"@id\":\"https:\/\/lappis.org.br\/site\/#website\"},\"primaryImageOfPage\":{\"@id\":\"https:\/\/lappis.org.br\/site\/confira-a-cobertura-da-mesa-de-abertura-do-pre-coloquio-internacional-interdisciplinar-hannah-arendt\/7646#primaryimage\"},\"image\":{\"@id\":\"https:\/\/lappis.org.br\/site\/confira-a-cobertura-da-mesa-de-abertura-do-pre-coloquio-internacional-interdisciplinar-hannah-arendt\/7646#primaryimage\"},\"thumbnailUrl\":\"https:\/\/lappis.org.br\/site\/wp-content\/uploads\/2018\/11\/Design-sem-nome.jpg\",\"datePublished\":\"2018-11-28T13:49:00+00:00\",\"breadcrumb\":{\"@id\":\"https:\/\/lappis.org.br\/site\/confira-a-cobertura-da-mesa-de-abertura-do-pre-coloquio-internacional-interdisciplinar-hannah-arendt\/7646#breadcrumb\"},\"inLanguage\":\"pt-BR\",\"potentialAction\":[{\"@type\":\"ReadAction\",\"target\":[\"https:\/\/lappis.org.br\/site\/confira-a-cobertura-da-mesa-de-abertura-do-pre-coloquio-internacional-interdisciplinar-hannah-arendt\/7646\"]}]},{\"@type\":\"ImageObject\",\"inLanguage\":\"pt-BR\",\"@id\":\"https:\/\/lappis.org.br\/site\/confira-a-cobertura-da-mesa-de-abertura-do-pre-coloquio-internacional-interdisciplinar-hannah-arendt\/7646#primaryimage\",\"url\":\"https:\/\/lappis.org.br\/site\/wp-content\/uploads\/2018\/11\/Design-sem-nome.jpg\",\"contentUrl\":\"https:\/\/lappis.org.br\/site\/wp-content\/uploads\/2018\/11\/Design-sem-nome.jpg\",\"width\":678,\"height\":381},{\"@type\":\"BreadcrumbList\",\"@id\":\"https:\/\/lappis.org.br\/site\/confira-a-cobertura-da-mesa-de-abertura-do-pre-coloquio-internacional-interdisciplinar-hannah-arendt\/7646#breadcrumb\",\"itemListElement\":[{\"@type\":\"ListItem\",\"position\":1,\"name\":\"In\u00edcio\",\"item\":\"https:\/\/lappis.org.br\/site\/\"},{\"@type\":\"ListItem\",\"position\":2,\"name\":\"Confira a cobertura da Mesa de Abertura do Pr\u00e9-Col\u00f3quio Internacional Interdisciplinar Hannah Arendt\"}]},{\"@type\":\"WebSite\",\"@id\":\"https:\/\/lappis.org.br\/site\/#website\",\"url\":\"https:\/\/lappis.org.br\/site\/\",\"name\":\"Lappis 25 anos\",\"description\":\"Labotat\u00f3rio de Pesquisas sobre Pr\u00e1ticas de Integralidade em Sa\u00fade\",\"publisher\":{\"@id\":\"https:\/\/lappis.org.br\/site\/#organization\"},\"potentialAction\":[{\"@type\":\"SearchAction\",\"target\":{\"@type\":\"EntryPoint\",\"urlTemplate\":\"https:\/\/lappis.org.br\/site\/?s={search_term_string}\"},\"query-input\":{\"@type\":\"PropertyValueSpecification\",\"valueRequired\":true,\"valueName\":\"search_term_string\"}}],\"inLanguage\":\"pt-BR\"},{\"@type\":\"Organization\",\"@id\":\"https:\/\/lappis.org.br\/site\/#organization\",\"name\":\"Lappis 25 anos\",\"url\":\"https:\/\/lappis.org.br\/site\/\",\"logo\":{\"@type\":\"ImageObject\",\"inLanguage\":\"pt-BR\",\"@id\":\"https:\/\/lappis.org.br\/site\/#\/schema\/logo\/image\/\",\"url\":\"https:\/\/lappis.org.br\/site\/wp-content\/uploads\/2025\/03\/logo-lappis25anos.png\",\"contentUrl\":\"https:\/\/lappis.org.br\/site\/wp-content\/uploads\/2025\/03\/logo-lappis25anos.png\",\"width\":388,\"height\":146,\"caption\":\"Lappis 25 anos\"},\"image\":{\"@id\":\"https:\/\/lappis.org.br\/site\/#\/schema\/logo\/image\/\"}},{\"@type\":\"Person\",\"@id\":\"https:\/\/lappis.org.br\/site\/#\/schema\/person\/8d3a8201fcbda66dacbb77168450dfa5\",\"name\":\"Camila Spinola\",\"image\":{\"@type\":\"ImageObject\",\"inLanguage\":\"pt-BR\",\"@id\":\"https:\/\/lappis.org.br\/site\/#\/schema\/person\/image\/\",\"url\":\"https:\/\/secure.gravatar.com\/avatar\/6ef276bbaa1c5afbce88f46ae4e92f16?s=96&d=mm&r=g\",\"contentUrl\":\"https:\/\/secure.gravatar.com\/avatar\/6ef276bbaa1c5afbce88f46ae4e92f16?s=96&d=mm&r=g\",\"caption\":\"Camila Spinola\"},\"url\":\"https:\/\/lappis.org.br\/site\/author\/camilaspinolarios\"}]}<\/script>\n<!-- \/ Yoast SEO plugin. -->","yoast_head_json":{"title":"Confira a cobertura da Mesa de Abertura do Pr\u00e9-Col\u00f3quio Internacional Interdisciplinar Hannah Arendt - Lappis 25 anos","robots":{"index":"index","follow":"follow","max-snippet":"max-snippet:-1","max-image-preview":"max-image-preview:large","max-video-preview":"max-video-preview:-1"},"canonical":"https:\/\/lappis.org.br\/site\/confira-a-cobertura-da-mesa-de-abertura-do-pre-coloquio-internacional-interdisciplinar-hannah-arendt\/7646","og_locale":"pt_BR","og_type":"article","og_title":"Confira a cobertura da Mesa de Abertura do Pr\u00e9-Col\u00f3quio Internacional Interdisciplinar Hannah Arendt - Lappis 25 anos","og_description":"A mesa de abertura do primeiro dia do Pr\u00e9-Col\u00f3quio Hannah Arendt: totalitarismo, subjetividade e responsabilidade, teve como tema &#8220;\u00c0gora Epist\u00eamica Interdisciplinar: perspectivas interdisciplinares de estudos na\u00a0Sa\u00fade, Direito e na Educa\u00e7\u00e3o&#8220;. A mesa, que teve in\u00edcio [...]","og_url":"https:\/\/lappis.org.br\/site\/confira-a-cobertura-da-mesa-de-abertura-do-pre-coloquio-internacional-interdisciplinar-hannah-arendt\/7646","og_site_name":"Lappis 25 anos","article_published_time":"2018-11-28T13:49:00+00:00","og_image":[{"width":678,"height":381,"url":"https:\/\/lappis.org.br\/site\/wp-content\/uploads\/2018\/11\/Design-sem-nome.jpg","type":"image\/jpeg"}],"author":"Camila Spinola","twitter_card":"summary_large_image","twitter_misc":{"Escrito por":"Camila Spinola","Est. tempo de leitura":"3 minutos"},"schema":{"@context":"https:\/\/schema.org","@graph":[{"@type":"Article","@id":"https:\/\/lappis.org.br\/site\/confira-a-cobertura-da-mesa-de-abertura-do-pre-coloquio-internacional-interdisciplinar-hannah-arendt\/7646#article","isPartOf":{"@id":"https:\/\/lappis.org.br\/site\/confira-a-cobertura-da-mesa-de-abertura-do-pre-coloquio-internacional-interdisciplinar-hannah-arendt\/7646"},"author":{"name":"Camila Spinola","@id":"https:\/\/lappis.org.br\/site\/#\/schema\/person\/8d3a8201fcbda66dacbb77168450dfa5"},"headline":"Confira a cobertura da Mesa de Abertura do Pr\u00e9-Col\u00f3quio Internacional Interdisciplinar Hannah Arendt","datePublished":"2018-11-28T13:49:00+00:00","mainEntityOfPage":{"@id":"https:\/\/lappis.org.br\/site\/confira-a-cobertura-da-mesa-de-abertura-do-pre-coloquio-internacional-interdisciplinar-hannah-arendt\/7646"},"wordCount":625,"publisher":{"@id":"https:\/\/lappis.org.br\/site\/#organization"},"image":{"@id":"https:\/\/lappis.org.br\/site\/confira-a-cobertura-da-mesa-de-abertura-do-pre-coloquio-internacional-interdisciplinar-hannah-arendt\/7646#primaryimage"},"thumbnailUrl":"https:\/\/lappis.org.br\/site\/wp-content\/uploads\/2018\/11\/Design-sem-nome.jpg","articleSection":["Not\u00edcia"],"inLanguage":"pt-BR"},{"@type":"WebPage","@id":"https:\/\/lappis.org.br\/site\/confira-a-cobertura-da-mesa-de-abertura-do-pre-coloquio-internacional-interdisciplinar-hannah-arendt\/7646","url":"https:\/\/lappis.org.br\/site\/confira-a-cobertura-da-mesa-de-abertura-do-pre-coloquio-internacional-interdisciplinar-hannah-arendt\/7646","name":"Confira a cobertura da Mesa de Abertura do Pr\u00e9-Col\u00f3quio Internacional Interdisciplinar Hannah Arendt - Lappis 25 anos","isPartOf":{"@id":"https:\/\/lappis.org.br\/site\/#website"},"primaryImageOfPage":{"@id":"https:\/\/lappis.org.br\/site\/confira-a-cobertura-da-mesa-de-abertura-do-pre-coloquio-internacional-interdisciplinar-hannah-arendt\/7646#primaryimage"},"image":{"@id":"https:\/\/lappis.org.br\/site\/confira-a-cobertura-da-mesa-de-abertura-do-pre-coloquio-internacional-interdisciplinar-hannah-arendt\/7646#primaryimage"},"thumbnailUrl":"https:\/\/lappis.org.br\/site\/wp-content\/uploads\/2018\/11\/Design-sem-nome.jpg","datePublished":"2018-11-28T13:49:00+00:00","breadcrumb":{"@id":"https:\/\/lappis.org.br\/site\/confira-a-cobertura-da-mesa-de-abertura-do-pre-coloquio-internacional-interdisciplinar-hannah-arendt\/7646#breadcrumb"},"inLanguage":"pt-BR","potentialAction":[{"@type":"ReadAction","target":["https:\/\/lappis.org.br\/site\/confira-a-cobertura-da-mesa-de-abertura-do-pre-coloquio-internacional-interdisciplinar-hannah-arendt\/7646"]}]},{"@type":"ImageObject","inLanguage":"pt-BR","@id":"https:\/\/lappis.org.br\/site\/confira-a-cobertura-da-mesa-de-abertura-do-pre-coloquio-internacional-interdisciplinar-hannah-arendt\/7646#primaryimage","url":"https:\/\/lappis.org.br\/site\/wp-content\/uploads\/2018\/11\/Design-sem-nome.jpg","contentUrl":"https:\/\/lappis.org.br\/site\/wp-content\/uploads\/2018\/11\/Design-sem-nome.jpg","width":678,"height":381},{"@type":"BreadcrumbList","@id":"https:\/\/lappis.org.br\/site\/confira-a-cobertura-da-mesa-de-abertura-do-pre-coloquio-internacional-interdisciplinar-hannah-arendt\/7646#breadcrumb","itemListElement":[{"@type":"ListItem","position":1,"name":"In\u00edcio","item":"https:\/\/lappis.org.br\/site\/"},{"@type":"ListItem","position":2,"name":"Confira a cobertura da Mesa de Abertura do Pr\u00e9-Col\u00f3quio Internacional Interdisciplinar Hannah Arendt"}]},{"@type":"WebSite","@id":"https:\/\/lappis.org.br\/site\/#website","url":"https:\/\/lappis.org.br\/site\/","name":"Lappis 25 anos","description":"Labotat\u00f3rio de Pesquisas sobre Pr\u00e1ticas de Integralidade em Sa\u00fade","publisher":{"@id":"https:\/\/lappis.org.br\/site\/#organization"},"potentialAction":[{"@type":"SearchAction","target":{"@type":"EntryPoint","urlTemplate":"https:\/\/lappis.org.br\/site\/?s={search_term_string}"},"query-input":{"@type":"PropertyValueSpecification","valueRequired":true,"valueName":"search_term_string"}}],"inLanguage":"pt-BR"},{"@type":"Organization","@id":"https:\/\/lappis.org.br\/site\/#organization","name":"Lappis 25 anos","url":"https:\/\/lappis.org.br\/site\/","logo":{"@type":"ImageObject","inLanguage":"pt-BR","@id":"https:\/\/lappis.org.br\/site\/#\/schema\/logo\/image\/","url":"https:\/\/lappis.org.br\/site\/wp-content\/uploads\/2025\/03\/logo-lappis25anos.png","contentUrl":"https:\/\/lappis.org.br\/site\/wp-content\/uploads\/2025\/03\/logo-lappis25anos.png","width":388,"height":146,"caption":"Lappis 25 anos"},"image":{"@id":"https:\/\/lappis.org.br\/site\/#\/schema\/logo\/image\/"}},{"@type":"Person","@id":"https:\/\/lappis.org.br\/site\/#\/schema\/person\/8d3a8201fcbda66dacbb77168450dfa5","name":"Camila Spinola","image":{"@type":"ImageObject","inLanguage":"pt-BR","@id":"https:\/\/lappis.org.br\/site\/#\/schema\/person\/image\/","url":"https:\/\/secure.gravatar.com\/avatar\/6ef276bbaa1c5afbce88f46ae4e92f16?s=96&d=mm&r=g","contentUrl":"https:\/\/secure.gravatar.com\/avatar\/6ef276bbaa1c5afbce88f46ae4e92f16?s=96&d=mm&r=g","caption":"Camila Spinola"},"url":"https:\/\/lappis.org.br\/site\/author\/camilaspinolarios"}]}},"jetpack_featured_media_url":"https:\/\/lappis.org.br\/site\/wp-content\/uploads\/2018\/11\/Design-sem-nome.jpg","jetpack_shortlink":"https:\/\/wp.me\/p954Nh-1Zk","jetpack_sharing_enabled":true,"_links":{"self":[{"href":"https:\/\/lappis.org.br\/site\/wp-json\/wp\/v2\/posts\/7646"}],"collection":[{"href":"https:\/\/lappis.org.br\/site\/wp-json\/wp\/v2\/posts"}],"about":[{"href":"https:\/\/lappis.org.br\/site\/wp-json\/wp\/v2\/types\/post"}],"author":[{"embeddable":true,"href":"https:\/\/lappis.org.br\/site\/wp-json\/wp\/v2\/users\/8"}],"replies":[{"embeddable":true,"href":"https:\/\/lappis.org.br\/site\/wp-json\/wp\/v2\/comments?post=7646"}],"version-history":[{"count":2,"href":"https:\/\/lappis.org.br\/site\/wp-json\/wp\/v2\/posts\/7646\/revisions"}],"predecessor-version":[{"id":7655,"href":"https:\/\/lappis.org.br\/site\/wp-json\/wp\/v2\/posts\/7646\/revisions\/7655"}],"wp:featuredmedia":[{"embeddable":true,"href":"https:\/\/lappis.org.br\/site\/wp-json\/wp\/v2\/media\/7647"}],"wp:attachment":[{"href":"https:\/\/lappis.org.br\/site\/wp-json\/wp\/v2\/media?parent=7646"}],"wp:term":[{"taxonomy":"category","embeddable":true,"href":"https:\/\/lappis.org.br\/site\/wp-json\/wp\/v2\/categories?post=7646"},{"taxonomy":"post_tag","embeddable":true,"href":"https:\/\/lappis.org.br\/site\/wp-json\/wp\/v2\/tags?post=7646"}],"curies":[{"name":"wp","href":"https:\/\/api.w.org\/{rel}","templated":true}]}}