{"id":7558,"date":"2018-10-16T21:10:12","date_gmt":"2018-10-17T00:10:12","guid":{"rendered":"https:\/\/lappis.org.br\/site\/?p=7558"},"modified":"2018-10-16T21:10:12","modified_gmt":"2018-10-17T00:10:12","slug":"justificativa-da-criacao-do-curso-de-especializacao-em-gestao-do-direito-a-saude","status":"publish","type":"post","link":"https:\/\/lappis.org.br\/site\/justificativa-da-criacao-do-curso-de-especializacao-em-gestao-do-direito-a-saude\/7558","title":{"rendered":"Justificativa da cria\u00e7\u00e3o do Curso de Especializa\u00e7\u00e3o em Gest\u00e3o do Direito \u00e0 Sa\u00fade"},"content":{"rendered":"<p>O curso de Especializa\u00e7\u00e3o em <a href=\"https:\/\/lappis.org.br\/site\/historico-sobre-o-curso-de-especializacao-em-gestao-do-direto-a-saude\/7542\">Gest\u00e3o do Direito \u00e0 Sa\u00fade<\/a> visa formar especialistas sob o conceito de integralidade e com a proposta de ministrar conte\u00fados conforme os pressupostos da Pol\u00edtica Nacional de Educa\u00e7\u00e3o Permanente em Sa\u00fade (198\/GM de 2004), observando os princ\u00edpios do Sistema \u00danico de Sa\u00fade (SUS), como fatores de forma\u00e7\u00e3o e desenvolvimento dos profissionais em processo de atua\u00e7\u00e3o. Na atual situa\u00e7\u00e3o da sa\u00fade no pa\u00eds, a necessidade da forma\u00e7\u00e3o do especialista nesse <a href=\"https:\/\/lappis.org.br\/site\/lappis-ira-promover-curso-de-especializacao-em-gestao-do-direito-a-saude\/7419\">curso<\/a> traz 3 raz\u00f5es importantes a serem justificadas e analisadas com profundo empenho, para gerar a integralidade dos servi\u00e7os de sa\u00fade sob direito comum a todos.<\/p>\n<p><img fetchpriority=\"high\" decoding=\"async\" data-attachment-id=\"7559\" data-permalink=\"https:\/\/lappis.org.br\/site\/justificativa-da-criacao-do-curso-de-especializacao-em-gestao-do-direito-a-saude\/7558\/whatsapp-image-2018-10-16-at-19-06-13\" data-orig-file=\"https:\/\/lappis.org.br\/site\/wp-content\/uploads\/2018\/10\/WhatsApp-Image-2018-10-16-at-19.06.13.jpeg\" data-orig-size=\"800,600\" data-comments-opened=\"0\" data-image-meta=\"{&quot;aperture&quot;:&quot;0&quot;,&quot;credit&quot;:&quot;&quot;,&quot;camera&quot;:&quot;&quot;,&quot;caption&quot;:&quot;&quot;,&quot;created_timestamp&quot;:&quot;0&quot;,&quot;copyright&quot;:&quot;&quot;,&quot;focal_length&quot;:&quot;0&quot;,&quot;iso&quot;:&quot;0&quot;,&quot;shutter_speed&quot;:&quot;0&quot;,&quot;title&quot;:&quot;&quot;,&quot;orientation&quot;:&quot;0&quot;}\" data-image-title=\"Inscri\u00e7\u00f5es Curso\" data-image-description=\"\" data-image-caption=\"\" data-medium-file=\"https:\/\/lappis.org.br\/site\/wp-content\/uploads\/2018\/10\/WhatsApp-Image-2018-10-16-at-19.06.13-300x225.jpeg\" data-large-file=\"https:\/\/lappis.org.br\/site\/wp-content\/uploads\/2018\/10\/WhatsApp-Image-2018-10-16-at-19.06.13.jpeg\" class=\" wp-image-7559 aligncenter\" src=\"https:\/\/lappis.org.br\/site\/wp-content\/uploads\/2018\/10\/WhatsApp-Image-2018-10-16-at-19.06.13-300x225.jpeg\" alt=\"\" width=\"384\" height=\"288\" srcset=\"https:\/\/lappis.org.br\/site\/wp-content\/uploads\/2018\/10\/WhatsApp-Image-2018-10-16-at-19.06.13-300x225.jpeg 300w, https:\/\/lappis.org.br\/site\/wp-content\/uploads\/2018\/10\/WhatsApp-Image-2018-10-16-at-19.06.13-768x576.jpeg 768w, https:\/\/lappis.org.br\/site\/wp-content\/uploads\/2018\/10\/WhatsApp-Image-2018-10-16-at-19.06.13-678x509.jpeg 678w, https:\/\/lappis.org.br\/site\/wp-content\/uploads\/2018\/10\/WhatsApp-Image-2018-10-16-at-19.06.13-326x245.jpeg 326w, https:\/\/lappis.org.br\/site\/wp-content\/uploads\/2018\/10\/WhatsApp-Image-2018-10-16-at-19.06.13-327x245.jpeg 327w, https:\/\/lappis.org.br\/site\/wp-content\/uploads\/2018\/10\/WhatsApp-Image-2018-10-16-at-19.06.13.jpeg 800w\" sizes=\"(max-width: 384px) 100vw, 384px\" \/><br \/>\nA primeira justificativa \u00e9 relacionada \u00e0 precariedade do ensino da integralidade como pr\u00e1tica ao direito de acesso ao cuidado na gest\u00e3o de sistemas em sa\u00fade, em diferentes cursos da gradua\u00e7\u00e3o de diversas \u00e1reas de estudo como tamb\u00e9m de outros setores do conhecimento; a segunda trata sobre a aus\u00eancia de investiga\u00e7\u00f5es e pesquisas contribuintes para o diagn\u00f3stico das car\u00eancias existentes no meio da sa\u00fade p\u00fablica como tamb\u00e9m a dos servi\u00e7os de sa\u00fade para consequentemente formular plano e projetos orientados pelo direito \u00e0 sa\u00fade com base em nossa realidade institucional; e a terceira aborda a necessidade de forma\u00e7\u00e3o de Recursos Humanos especializados que satisfa\u00e7am os requerimentos de pessoal para a profissionaliza\u00e7\u00e3o do processo de gest\u00e3o de sistemas em sa\u00fade em todos os n\u00edveis do governo.<\/p>\n","protected":false},"excerpt":{"rendered":"<div class=\"mh-excerpt\"><p>O curso de Especializa\u00e7\u00e3o em Gest\u00e3o do Direito \u00e0 Sa\u00fade visa formar especialistas sob o conceito de integralidade e com a proposta de ministrar conte\u00fados conforme os pressupostos da Pol\u00edtica Nacional de Educa\u00e7\u00e3o Permanente em <a class=\"mh-excerpt-more\" href=\"https:\/\/lappis.org.br\/site\/justificativa-da-criacao-do-curso-de-especializacao-em-gestao-do-direito-a-saude\/7558\" title=\"Justificativa da cria\u00e7\u00e3o do Curso de Especializa\u00e7\u00e3o em Gest\u00e3o do Direito \u00e0 Sa\u00fade\">[&#8230;]<\/a><\/p>\n<\/div>","protected":false},"author":11,"featured_media":7559,"comment_status":"closed","ping_status":"open","sticky":false,"template":"","format":"standard","meta":{"_acf_changed":false,"_exactmetrics_skip_tracking":false,"_exactmetrics_sitenote_active":false,"_exactmetrics_sitenote_note":"","_exactmetrics_sitenote_category":0,"jetpack_post_was_ever_published":false,"_jetpack_newsletter_access":"","_jetpack_dont_email_post_to_subs":false,"_jetpack_newsletter_tier_id":0,"_jetpack_memberships_contains_paywalled_content":false,"_jetpack_memberships_contains_paid_content":false,"footnotes":"","jetpack_publicize_message":"","jetpack_publicize_feature_enabled":true,"jetpack_social_post_already_shared":true,"jetpack_social_options":{"image_generator_settings":{"template":"highway","enabled":false},"version":2}},"categories":[8],"tags":[],"class_list":{"0":"post-7558","1":"post","2":"type-post","3":"status-publish","4":"format-standard","5":"has-post-thumbnail","7":"category-noticia"},"jetpack_publicize_connections":[],"acf":[],"yoast_head":"<!-- This site is optimized with the Yoast SEO plugin v25.2 - https:\/\/yoast.com\/wordpress\/plugins\/seo\/ -->\n<title>Justificativa da cria\u00e7\u00e3o do Curso de Especializa\u00e7\u00e3o em Gest\u00e3o do Direito \u00e0 Sa\u00fade - Lappis 25 anos<\/title>\n<meta name=\"robots\" content=\"index, follow, max-snippet:-1, max-image-preview:large, max-video-preview:-1\" \/>\n<link rel=\"canonical\" href=\"https:\/\/lappis.org.br\/site\/justificativa-da-criacao-do-curso-de-especializacao-em-gestao-do-direito-a-saude\/7558\" \/>\n<meta property=\"og:locale\" content=\"pt_BR\" \/>\n<meta property=\"og:type\" content=\"article\" \/>\n<meta property=\"og:title\" content=\"Justificativa da cria\u00e7\u00e3o do Curso de Especializa\u00e7\u00e3o em Gest\u00e3o do Direito \u00e0 Sa\u00fade - Lappis 25 anos\" \/>\n<meta property=\"og:description\" content=\"O curso de Especializa\u00e7\u00e3o em Gest\u00e3o do Direito \u00e0 Sa\u00fade visa formar especialistas sob o conceito de integralidade e com a proposta de ministrar conte\u00fados conforme os pressupostos da Pol\u00edtica Nacional de Educa\u00e7\u00e3o Permanente em [...]\" \/>\n<meta property=\"og:url\" content=\"https:\/\/lappis.org.br\/site\/justificativa-da-criacao-do-curso-de-especializacao-em-gestao-do-direito-a-saude\/7558\" \/>\n<meta property=\"og:site_name\" content=\"Lappis 25 anos\" \/>\n<meta property=\"article:published_time\" content=\"2018-10-17T00:10:12+00:00\" \/>\n<meta property=\"og:image\" content=\"https:\/\/lappis.org.br\/site\/wp-content\/uploads\/2018\/10\/WhatsApp-Image-2018-10-16-at-19.06.13.jpeg\" \/>\n\t<meta property=\"og:image:width\" content=\"800\" \/>\n\t<meta property=\"og:image:height\" content=\"600\" \/>\n\t<meta property=\"og:image:type\" content=\"image\/jpeg\" \/>\n<meta name=\"author\" content=\"thuane\" \/>\n<meta name=\"twitter:card\" content=\"summary_large_image\" \/>\n<meta name=\"twitter:label1\" content=\"Escrito por\" \/>\n\t<meta name=\"twitter:data1\" content=\"thuane\" \/>\n\t<meta name=\"twitter:label2\" content=\"Est. tempo de leitura\" \/>\n\t<meta name=\"twitter:data2\" content=\"1 minuto\" \/>\n<script type=\"application\/ld+json\" class=\"yoast-schema-graph\">{\"@context\":\"https:\/\/schema.org\",\"@graph\":[{\"@type\":\"Article\",\"@id\":\"https:\/\/lappis.org.br\/site\/justificativa-da-criacao-do-curso-de-especializacao-em-gestao-do-direito-a-saude\/7558#article\",\"isPartOf\":{\"@id\":\"https:\/\/lappis.org.br\/site\/justificativa-da-criacao-do-curso-de-especializacao-em-gestao-do-direito-a-saude\/7558\"},\"author\":{\"name\":\"thuane\",\"@id\":\"https:\/\/lappis.org.br\/site\/#\/schema\/person\/efeb099b299092245324c191b4696523\"},\"headline\":\"Justificativa da cria\u00e7\u00e3o do Curso de Especializa\u00e7\u00e3o em Gest\u00e3o do Direito \u00e0 Sa\u00fade\",\"datePublished\":\"2018-10-17T00:10:12+00:00\",\"mainEntityOfPage\":{\"@id\":\"https:\/\/lappis.org.br\/site\/justificativa-da-criacao-do-curso-de-especializacao-em-gestao-do-direito-a-saude\/7558\"},\"wordCount\":272,\"publisher\":{\"@id\":\"https:\/\/lappis.org.br\/site\/#organization\"},\"image\":{\"@id\":\"https:\/\/lappis.org.br\/site\/justificativa-da-criacao-do-curso-de-especializacao-em-gestao-do-direito-a-saude\/7558#primaryimage\"},\"thumbnailUrl\":\"https:\/\/lappis.org.br\/site\/wp-content\/uploads\/2018\/10\/WhatsApp-Image-2018-10-16-at-19.06.13.jpeg\",\"articleSection\":[\"Not\u00edcia\"],\"inLanguage\":\"pt-BR\"},{\"@type\":\"WebPage\",\"@id\":\"https:\/\/lappis.org.br\/site\/justificativa-da-criacao-do-curso-de-especializacao-em-gestao-do-direito-a-saude\/7558\",\"url\":\"https:\/\/lappis.org.br\/site\/justificativa-da-criacao-do-curso-de-especializacao-em-gestao-do-direito-a-saude\/7558\",\"name\":\"Justificativa da cria\u00e7\u00e3o do Curso de Especializa\u00e7\u00e3o em Gest\u00e3o do Direito \u00e0 Sa\u00fade - Lappis 25 anos\",\"isPartOf\":{\"@id\":\"https:\/\/lappis.org.br\/site\/#website\"},\"primaryImageOfPage\":{\"@id\":\"https:\/\/lappis.org.br\/site\/justificativa-da-criacao-do-curso-de-especializacao-em-gestao-do-direito-a-saude\/7558#primaryimage\"},\"image\":{\"@id\":\"https:\/\/lappis.org.br\/site\/justificativa-da-criacao-do-curso-de-especializacao-em-gestao-do-direito-a-saude\/7558#primaryimage\"},\"thumbnailUrl\":\"https:\/\/lappis.org.br\/site\/wp-content\/uploads\/2018\/10\/WhatsApp-Image-2018-10-16-at-19.06.13.jpeg\",\"datePublished\":\"2018-10-17T00:10:12+00:00\",\"breadcrumb\":{\"@id\":\"https:\/\/lappis.org.br\/site\/justificativa-da-criacao-do-curso-de-especializacao-em-gestao-do-direito-a-saude\/7558#breadcrumb\"},\"inLanguage\":\"pt-BR\",\"potentialAction\":[{\"@type\":\"ReadAction\",\"target\":[\"https:\/\/lappis.org.br\/site\/justificativa-da-criacao-do-curso-de-especializacao-em-gestao-do-direito-a-saude\/7558\"]}]},{\"@type\":\"ImageObject\",\"inLanguage\":\"pt-BR\",\"@id\":\"https:\/\/lappis.org.br\/site\/justificativa-da-criacao-do-curso-de-especializacao-em-gestao-do-direito-a-saude\/7558#primaryimage\",\"url\":\"https:\/\/lappis.org.br\/site\/wp-content\/uploads\/2018\/10\/WhatsApp-Image-2018-10-16-at-19.06.13.jpeg\",\"contentUrl\":\"https:\/\/lappis.org.br\/site\/wp-content\/uploads\/2018\/10\/WhatsApp-Image-2018-10-16-at-19.06.13.jpeg\",\"width\":800,\"height\":600},{\"@type\":\"BreadcrumbList\",\"@id\":\"https:\/\/lappis.org.br\/site\/justificativa-da-criacao-do-curso-de-especializacao-em-gestao-do-direito-a-saude\/7558#breadcrumb\",\"itemListElement\":[{\"@type\":\"ListItem\",\"position\":1,\"name\":\"In\u00edcio\",\"item\":\"https:\/\/lappis.org.br\/site\/\"},{\"@type\":\"ListItem\",\"position\":2,\"name\":\"Justificativa da cria\u00e7\u00e3o do Curso de Especializa\u00e7\u00e3o em Gest\u00e3o do Direito \u00e0 Sa\u00fade\"}]},{\"@type\":\"WebSite\",\"@id\":\"https:\/\/lappis.org.br\/site\/#website\",\"url\":\"https:\/\/lappis.org.br\/site\/\",\"name\":\"Lappis 25 anos\",\"description\":\"Labotat\u00f3rio de Pesquisas sobre Pr\u00e1ticas de Integralidade em Sa\u00fade\",\"publisher\":{\"@id\":\"https:\/\/lappis.org.br\/site\/#organization\"},\"potentialAction\":[{\"@type\":\"SearchAction\",\"target\":{\"@type\":\"EntryPoint\",\"urlTemplate\":\"https:\/\/lappis.org.br\/site\/?s={search_term_string}\"},\"query-input\":{\"@type\":\"PropertyValueSpecification\",\"valueRequired\":true,\"valueName\":\"search_term_string\"}}],\"inLanguage\":\"pt-BR\"},{\"@type\":\"Organization\",\"@id\":\"https:\/\/lappis.org.br\/site\/#organization\",\"name\":\"Lappis 25 anos\",\"url\":\"https:\/\/lappis.org.br\/site\/\",\"logo\":{\"@type\":\"ImageObject\",\"inLanguage\":\"pt-BR\",\"@id\":\"https:\/\/lappis.org.br\/site\/#\/schema\/logo\/image\/\",\"url\":\"https:\/\/lappis.org.br\/site\/wp-content\/uploads\/2025\/03\/logo-lappis25anos.png\",\"contentUrl\":\"https:\/\/lappis.org.br\/site\/wp-content\/uploads\/2025\/03\/logo-lappis25anos.png\",\"width\":388,\"height\":146,\"caption\":\"Lappis 25 anos\"},\"image\":{\"@id\":\"https:\/\/lappis.org.br\/site\/#\/schema\/logo\/image\/\"}},{\"@type\":\"Person\",\"@id\":\"https:\/\/lappis.org.br\/site\/#\/schema\/person\/efeb099b299092245324c191b4696523\",\"name\":\"thuane\",\"image\":{\"@type\":\"ImageObject\",\"inLanguage\":\"pt-BR\",\"@id\":\"https:\/\/lappis.org.br\/site\/#\/schema\/person\/image\/\",\"url\":\"https:\/\/secure.gravatar.com\/avatar\/6ca04eb021312e5b8a225241a2a5dc92?s=96&d=mm&r=g\",\"contentUrl\":\"https:\/\/secure.gravatar.com\/avatar\/6ca04eb021312e5b8a225241a2a5dc92?s=96&d=mm&r=g\",\"caption\":\"thuane\"},\"url\":\"https:\/\/lappis.org.br\/site\/author\/thuane\"}]}<\/script>\n<!-- \/ Yoast SEO plugin. -->","yoast_head_json":{"title":"Justificativa da cria\u00e7\u00e3o do Curso de Especializa\u00e7\u00e3o em Gest\u00e3o do Direito \u00e0 Sa\u00fade - Lappis 25 anos","robots":{"index":"index","follow":"follow","max-snippet":"max-snippet:-1","max-image-preview":"max-image-preview:large","max-video-preview":"max-video-preview:-1"},"canonical":"https:\/\/lappis.org.br\/site\/justificativa-da-criacao-do-curso-de-especializacao-em-gestao-do-direito-a-saude\/7558","og_locale":"pt_BR","og_type":"article","og_title":"Justificativa da cria\u00e7\u00e3o do Curso de Especializa\u00e7\u00e3o em Gest\u00e3o do Direito \u00e0 Sa\u00fade - Lappis 25 anos","og_description":"O curso de Especializa\u00e7\u00e3o em Gest\u00e3o do Direito \u00e0 Sa\u00fade visa formar especialistas sob o conceito de integralidade e com a proposta de ministrar conte\u00fados conforme os pressupostos da Pol\u00edtica Nacional de Educa\u00e7\u00e3o Permanente em [...]","og_url":"https:\/\/lappis.org.br\/site\/justificativa-da-criacao-do-curso-de-especializacao-em-gestao-do-direito-a-saude\/7558","og_site_name":"Lappis 25 anos","article_published_time":"2018-10-17T00:10:12+00:00","og_image":[{"width":800,"height":600,"url":"https:\/\/lappis.org.br\/site\/wp-content\/uploads\/2018\/10\/WhatsApp-Image-2018-10-16-at-19.06.13.jpeg","type":"image\/jpeg"}],"author":"thuane","twitter_card":"summary_large_image","twitter_misc":{"Escrito por":"thuane","Est. tempo de leitura":"1 minuto"},"schema":{"@context":"https:\/\/schema.org","@graph":[{"@type":"Article","@id":"https:\/\/lappis.org.br\/site\/justificativa-da-criacao-do-curso-de-especializacao-em-gestao-do-direito-a-saude\/7558#article","isPartOf":{"@id":"https:\/\/lappis.org.br\/site\/justificativa-da-criacao-do-curso-de-especializacao-em-gestao-do-direito-a-saude\/7558"},"author":{"name":"thuane","@id":"https:\/\/lappis.org.br\/site\/#\/schema\/person\/efeb099b299092245324c191b4696523"},"headline":"Justificativa da cria\u00e7\u00e3o do Curso de Especializa\u00e7\u00e3o em Gest\u00e3o do Direito \u00e0 Sa\u00fade","datePublished":"2018-10-17T00:10:12+00:00","mainEntityOfPage":{"@id":"https:\/\/lappis.org.br\/site\/justificativa-da-criacao-do-curso-de-especializacao-em-gestao-do-direito-a-saude\/7558"},"wordCount":272,"publisher":{"@id":"https:\/\/lappis.org.br\/site\/#organization"},"image":{"@id":"https:\/\/lappis.org.br\/site\/justificativa-da-criacao-do-curso-de-especializacao-em-gestao-do-direito-a-saude\/7558#primaryimage"},"thumbnailUrl":"https:\/\/lappis.org.br\/site\/wp-content\/uploads\/2018\/10\/WhatsApp-Image-2018-10-16-at-19.06.13.jpeg","articleSection":["Not\u00edcia"],"inLanguage":"pt-BR"},{"@type":"WebPage","@id":"https:\/\/lappis.org.br\/site\/justificativa-da-criacao-do-curso-de-especializacao-em-gestao-do-direito-a-saude\/7558","url":"https:\/\/lappis.org.br\/site\/justificativa-da-criacao-do-curso-de-especializacao-em-gestao-do-direito-a-saude\/7558","name":"Justificativa da cria\u00e7\u00e3o do Curso de Especializa\u00e7\u00e3o em Gest\u00e3o do Direito \u00e0 Sa\u00fade - Lappis 25 anos","isPartOf":{"@id":"https:\/\/lappis.org.br\/site\/#website"},"primaryImageOfPage":{"@id":"https:\/\/lappis.org.br\/site\/justificativa-da-criacao-do-curso-de-especializacao-em-gestao-do-direito-a-saude\/7558#primaryimage"},"image":{"@id":"https:\/\/lappis.org.br\/site\/justificativa-da-criacao-do-curso-de-especializacao-em-gestao-do-direito-a-saude\/7558#primaryimage"},"thumbnailUrl":"https:\/\/lappis.org.br\/site\/wp-content\/uploads\/2018\/10\/WhatsApp-Image-2018-10-16-at-19.06.13.jpeg","datePublished":"2018-10-17T00:10:12+00:00","breadcrumb":{"@id":"https:\/\/lappis.org.br\/site\/justificativa-da-criacao-do-curso-de-especializacao-em-gestao-do-direito-a-saude\/7558#breadcrumb"},"inLanguage":"pt-BR","potentialAction":[{"@type":"ReadAction","target":["https:\/\/lappis.org.br\/site\/justificativa-da-criacao-do-curso-de-especializacao-em-gestao-do-direito-a-saude\/7558"]}]},{"@type":"ImageObject","inLanguage":"pt-BR","@id":"https:\/\/lappis.org.br\/site\/justificativa-da-criacao-do-curso-de-especializacao-em-gestao-do-direito-a-saude\/7558#primaryimage","url":"https:\/\/lappis.org.br\/site\/wp-content\/uploads\/2018\/10\/WhatsApp-Image-2018-10-16-at-19.06.13.jpeg","contentUrl":"https:\/\/lappis.org.br\/site\/wp-content\/uploads\/2018\/10\/WhatsApp-Image-2018-10-16-at-19.06.13.jpeg","width":800,"height":600},{"@type":"BreadcrumbList","@id":"https:\/\/lappis.org.br\/site\/justificativa-da-criacao-do-curso-de-especializacao-em-gestao-do-direito-a-saude\/7558#breadcrumb","itemListElement":[{"@type":"ListItem","position":1,"name":"In\u00edcio","item":"https:\/\/lappis.org.br\/site\/"},{"@type":"ListItem","position":2,"name":"Justificativa da cria\u00e7\u00e3o do Curso de Especializa\u00e7\u00e3o em Gest\u00e3o do Direito \u00e0 Sa\u00fade"}]},{"@type":"WebSite","@id":"https:\/\/lappis.org.br\/site\/#website","url":"https:\/\/lappis.org.br\/site\/","name":"Lappis 25 anos","description":"Labotat\u00f3rio de Pesquisas sobre Pr\u00e1ticas de Integralidade em Sa\u00fade","publisher":{"@id":"https:\/\/lappis.org.br\/site\/#organization"},"potentialAction":[{"@type":"SearchAction","target":{"@type":"EntryPoint","urlTemplate":"https:\/\/lappis.org.br\/site\/?s={search_term_string}"},"query-input":{"@type":"PropertyValueSpecification","valueRequired":true,"valueName":"search_term_string"}}],"inLanguage":"pt-BR"},{"@type":"Organization","@id":"https:\/\/lappis.org.br\/site\/#organization","name":"Lappis 25 anos","url":"https:\/\/lappis.org.br\/site\/","logo":{"@type":"ImageObject","inLanguage":"pt-BR","@id":"https:\/\/lappis.org.br\/site\/#\/schema\/logo\/image\/","url":"https:\/\/lappis.org.br\/site\/wp-content\/uploads\/2025\/03\/logo-lappis25anos.png","contentUrl":"https:\/\/lappis.org.br\/site\/wp-content\/uploads\/2025\/03\/logo-lappis25anos.png","width":388,"height":146,"caption":"Lappis 25 anos"},"image":{"@id":"https:\/\/lappis.org.br\/site\/#\/schema\/logo\/image\/"}},{"@type":"Person","@id":"https:\/\/lappis.org.br\/site\/#\/schema\/person\/efeb099b299092245324c191b4696523","name":"thuane","image":{"@type":"ImageObject","inLanguage":"pt-BR","@id":"https:\/\/lappis.org.br\/site\/#\/schema\/person\/image\/","url":"https:\/\/secure.gravatar.com\/avatar\/6ca04eb021312e5b8a225241a2a5dc92?s=96&d=mm&r=g","contentUrl":"https:\/\/secure.gravatar.com\/avatar\/6ca04eb021312e5b8a225241a2a5dc92?s=96&d=mm&r=g","caption":"thuane"},"url":"https:\/\/lappis.org.br\/site\/author\/thuane"}]}},"jetpack_featured_media_url":"https:\/\/lappis.org.br\/site\/wp-content\/uploads\/2018\/10\/WhatsApp-Image-2018-10-16-at-19.06.13.jpeg","jetpack_shortlink":"https:\/\/wp.me\/p954Nh-1XU","jetpack_sharing_enabled":true,"_links":{"self":[{"href":"https:\/\/lappis.org.br\/site\/wp-json\/wp\/v2\/posts\/7558"}],"collection":[{"href":"https:\/\/lappis.org.br\/site\/wp-json\/wp\/v2\/posts"}],"about":[{"href":"https:\/\/lappis.org.br\/site\/wp-json\/wp\/v2\/types\/post"}],"author":[{"embeddable":true,"href":"https:\/\/lappis.org.br\/site\/wp-json\/wp\/v2\/users\/11"}],"replies":[{"embeddable":true,"href":"https:\/\/lappis.org.br\/site\/wp-json\/wp\/v2\/comments?post=7558"}],"version-history":[{"count":1,"href":"https:\/\/lappis.org.br\/site\/wp-json\/wp\/v2\/posts\/7558\/revisions"}],"predecessor-version":[{"id":7560,"href":"https:\/\/lappis.org.br\/site\/wp-json\/wp\/v2\/posts\/7558\/revisions\/7560"}],"wp:featuredmedia":[{"embeddable":true,"href":"https:\/\/lappis.org.br\/site\/wp-json\/wp\/v2\/media\/7559"}],"wp:attachment":[{"href":"https:\/\/lappis.org.br\/site\/wp-json\/wp\/v2\/media?parent=7558"}],"wp:term":[{"taxonomy":"category","embeddable":true,"href":"https:\/\/lappis.org.br\/site\/wp-json\/wp\/v2\/categories?post=7558"},{"taxonomy":"post_tag","embeddable":true,"href":"https:\/\/lappis.org.br\/site\/wp-json\/wp\/v2\/tags?post=7558"}],"curies":[{"name":"wp","href":"https:\/\/api.w.org\/{rel}","templated":true}]}}