{"id":7542,"date":"2018-10-08T22:14:58","date_gmt":"2018-10-09T01:14:58","guid":{"rendered":"https:\/\/lappis.org.br\/site\/?p=7542"},"modified":"2018-10-08T22:14:58","modified_gmt":"2018-10-09T01:14:58","slug":"historico-sobre-o-curso-de-especializacao-em-gestao-do-direto-a-saude","status":"publish","type":"post","link":"https:\/\/lappis.org.br\/site\/historico-sobre-o-curso-de-especializacao-em-gestao-do-direto-a-saude\/7542","title":{"rendered":"Hist\u00f3rico sobre o Curso de especializa\u00e7\u00e3o em Gest\u00e3o do Direto \u00e0 Sa\u00fade"},"content":{"rendered":"<p>O Curso de Especializa\u00e7\u00e3o em Gest\u00e3o do Direito \u00e0 Sa\u00fade \u00e9 um curso que partiu da experi\u00eancia do Lappis na continuidade ao apoio oferecido \u00e0 turma de Mestrado Profissional em Gest\u00e3o de Sistema de Sa\u00fade, sob a \u00f3tica da integralidade das a\u00e7\u00f5es na aten\u00e7\u00e3o b\u00e1sica em sa\u00fade. A previs\u00e3o de in\u00edcio das aulas ser\u00e1 em mar\u00e7o de 2019, com a expectativa de atingir um p\u00fablico disposto a contribuir com o objetivo do <a href=\"https:\/\/lappis.org.br\/site\/lappis-ira-promover-curso-de-especializacao-em-gestao-do-direito-a-saude\/7419\">curso<\/a>.<\/p>\n<p><img fetchpriority=\"high\" decoding=\"async\" data-attachment-id=\"7461\" data-permalink=\"https:\/\/lappis.org.br\/site\/lappis-ira-promover-curso-de-especializacao-em-gestao-do-direito-a-saude\/7419\/curso-materia\" data-orig-file=\"https:\/\/lappis.org.br\/site\/wp-content\/uploads\/2018\/09\/curso-mat\u00e9ria.jpeg\" data-orig-size=\"1280,719\" data-comments-opened=\"0\" data-image-meta=\"{&quot;aperture&quot;:&quot;0&quot;,&quot;credit&quot;:&quot;&quot;,&quot;camera&quot;:&quot;&quot;,&quot;caption&quot;:&quot;&quot;,&quot;created_timestamp&quot;:&quot;0&quot;,&quot;copyright&quot;:&quot;&quot;,&quot;focal_length&quot;:&quot;0&quot;,&quot;iso&quot;:&quot;0&quot;,&quot;shutter_speed&quot;:&quot;0&quot;,&quot;title&quot;:&quot;&quot;,&quot;orientation&quot;:&quot;0&quot;}\" data-image-title=\"\" data-image-description=\"\" data-image-caption=\"\" data-medium-file=\"https:\/\/lappis.org.br\/site\/wp-content\/uploads\/2018\/09\/curso-mat\u00e9ria-300x169.jpeg\" data-large-file=\"https:\/\/lappis.org.br\/site\/wp-content\/uploads\/2018\/09\/curso-mat\u00e9ria-1024x575.jpeg\" class=\" wp-image-7461 aligncenter\" src=\"https:\/\/lappis.org.br\/site\/wp-content\/uploads\/2018\/09\/curso-mat\u00e9ria-300x169.jpeg\" alt=\"\" width=\"344\" height=\"194\" srcset=\"https:\/\/lappis.org.br\/site\/wp-content\/uploads\/2018\/09\/curso-mat\u00e9ria-300x169.jpeg 300w, https:\/\/lappis.org.br\/site\/wp-content\/uploads\/2018\/09\/curso-mat\u00e9ria-768x431.jpeg 768w, https:\/\/lappis.org.br\/site\/wp-content\/uploads\/2018\/09\/curso-mat\u00e9ria-1024x575.jpeg 1024w, https:\/\/lappis.org.br\/site\/wp-content\/uploads\/2018\/09\/curso-mat\u00e9ria-678x381.jpeg 678w, https:\/\/lappis.org.br\/site\/wp-content\/uploads\/2018\/09\/curso-mat\u00e9ria-330x185.jpeg 330w, https:\/\/lappis.org.br\/site\/wp-content\/uploads\/2018\/09\/curso-mat\u00e9ria.jpeg 1280w\" sizes=\"(max-width: 344px) 100vw, 344px\" \/><\/p>\n<p>Na constata\u00e7\u00e3o feita pelo grupo de pesquisa do Lappis foi impulsionada a sistematiza\u00e7\u00e3o de conte\u00fados espec\u00edficos, capazes de orientar a gest\u00e3o de sistemas estaduais e municipais de sa\u00fade na sua tarefa de garantir o acesso \u00e0 sa\u00fade como direito e servi\u00e7o, numa perspectiva interdisciplinar, tendo em vista a pluralidade de demandas, necessidades e oferta de cuidados \u00e0s pessoas.<\/p>\n<p>Na evid\u00eancia que os princ\u00edpios do Sistema \u00danico de Sa\u00fade carecem de estrat\u00e9gias para sua afirma\u00e7\u00e3o no cotidiano das institui\u00e7\u00f5es de sa\u00fade, coube \u00e0s institui\u00e7\u00f5es de ensino ser a principal promotora dos processos formativos coerentes com o seu cumprimento como a\u00e7\u00e3o constitucional.<\/p>\n<p>Nesse contexto, a oferta de um curso no n\u00edvel da especializa\u00e7\u00e3o significa contribuir para o preenchimento de uma importante lacuna no processo de forma\u00e7\u00e3o dos profissionais que tem a sa\u00fade e\/ou a gest\u00e3o de servi\u00e7os como campos de atua\u00e7\u00e3o ou objetos de trabalhos.<\/p>\n<p>Esse curso de especializa\u00e7\u00e3o abrange docentes e pesquisadores de sa\u00fade coletiva do IMS\/ UERJ junto aos associados do Grupo de Pesquisa do CNPq LAPPIS- Laborat\u00f3rio de Pesquisa e Pr\u00e1ticas de Integralidade em Sa\u00fade da UERJ, do instituto de Medicina Social e, al\u00e9m dos professores convidados de outras institui\u00e7\u00f5es de ensino com dom\u00ednio nos campos tem\u00e1ticos espec\u00edficos, sob a coordena\u00e7\u00e3o de Felipe Asensi e Roseni Pinheiro, l\u00edder do grupo de Pesquisa do CNPq LAPPIS.<\/p>\n<p>In\u00edcio do curso: Mar\u00e7o de 2019;<\/p>\n<p>Inscri\u00e7\u00f5es: a partir do dia 1 de outubro;<\/p>\n<p>Para se inscrever e saber outras informa\u00e7\u00f5es, consulte <a href=\"https:\/\/lappis.org.br\/site\/inscricoes-para-o-curso-de-especializacao-em-gestao-do-direito-a-saude-iniciam-se-em-outubro\/7520\">aqui<\/a>;<\/p>\n<p>&nbsp;<\/p>\n<p>&nbsp;<\/p>\n","protected":false},"excerpt":{"rendered":"<div class=\"mh-excerpt\"><p>O Curso de Especializa\u00e7\u00e3o em Gest\u00e3o do Direito \u00e0 Sa\u00fade \u00e9 um curso que partiu da experi\u00eancia do Lappis na continuidade ao apoio oferecido \u00e0 turma de Mestrado Profissional em Gest\u00e3o de Sistema de Sa\u00fade, <a class=\"mh-excerpt-more\" href=\"https:\/\/lappis.org.br\/site\/historico-sobre-o-curso-de-especializacao-em-gestao-do-direto-a-saude\/7542\" title=\"Hist\u00f3rico sobre o Curso de especializa\u00e7\u00e3o em Gest\u00e3o do Direto \u00e0 Sa\u00fade\">[&#8230;]<\/a><\/p>\n<\/div>","protected":false},"author":11,"featured_media":7461,"comment_status":"closed","ping_status":"open","sticky":false,"template":"","format":"standard","meta":{"_acf_changed":false,"_exactmetrics_skip_tracking":false,"_exactmetrics_sitenote_active":false,"_exactmetrics_sitenote_note":"","_exactmetrics_sitenote_category":0,"jetpack_post_was_ever_published":false,"_jetpack_newsletter_access":"","_jetpack_dont_email_post_to_subs":false,"_jetpack_newsletter_tier_id":0,"_jetpack_memberships_contains_paywalled_content":false,"_jetpack_memberships_contains_paid_content":false,"footnotes":"","jetpack_publicize_message":"","jetpack_publicize_feature_enabled":true,"jetpack_social_post_already_shared":true,"jetpack_social_options":{"image_generator_settings":{"template":"highway","enabled":false},"version":2}},"categories":[8],"tags":[],"class_list":{"0":"post-7542","1":"post","2":"type-post","3":"status-publish","4":"format-standard","5":"has-post-thumbnail","7":"category-noticia"},"jetpack_publicize_connections":[],"acf":[],"yoast_head":"<!-- This site is optimized with the Yoast SEO plugin v25.2 - https:\/\/yoast.com\/wordpress\/plugins\/seo\/ -->\n<title>Hist\u00f3rico sobre o Curso de especializa\u00e7\u00e3o em Gest\u00e3o do Direto \u00e0 Sa\u00fade - Lappis 25 anos<\/title>\n<meta name=\"robots\" content=\"index, follow, max-snippet:-1, max-image-preview:large, max-video-preview:-1\" \/>\n<link rel=\"canonical\" href=\"https:\/\/lappis.org.br\/site\/historico-sobre-o-curso-de-especializacao-em-gestao-do-direto-a-saude\/7542\" \/>\n<meta property=\"og:locale\" content=\"pt_BR\" \/>\n<meta property=\"og:type\" content=\"article\" \/>\n<meta property=\"og:title\" content=\"Hist\u00f3rico sobre o Curso de especializa\u00e7\u00e3o em Gest\u00e3o do Direto \u00e0 Sa\u00fade - Lappis 25 anos\" \/>\n<meta property=\"og:description\" content=\"O Curso de Especializa\u00e7\u00e3o em Gest\u00e3o do Direito \u00e0 Sa\u00fade \u00e9 um curso que partiu da experi\u00eancia do Lappis na continuidade ao apoio oferecido \u00e0 turma de Mestrado Profissional em Gest\u00e3o de Sistema de Sa\u00fade, [...]\" \/>\n<meta property=\"og:url\" content=\"https:\/\/lappis.org.br\/site\/historico-sobre-o-curso-de-especializacao-em-gestao-do-direto-a-saude\/7542\" \/>\n<meta property=\"og:site_name\" content=\"Lappis 25 anos\" \/>\n<meta property=\"article:published_time\" content=\"2018-10-09T01:14:58+00:00\" \/>\n<meta property=\"og:image\" content=\"https:\/\/lappis.org.br\/site\/wp-content\/uploads\/2018\/09\/curso-mat\u00e9ria.jpeg\" \/>\n\t<meta property=\"og:image:width\" content=\"1280\" \/>\n\t<meta property=\"og:image:height\" content=\"719\" \/>\n\t<meta property=\"og:image:type\" content=\"image\/jpeg\" \/>\n<meta name=\"author\" content=\"thuane\" \/>\n<meta name=\"twitter:card\" content=\"summary_large_image\" \/>\n<meta name=\"twitter:label1\" content=\"Escrito por\" \/>\n\t<meta name=\"twitter:data1\" content=\"thuane\" \/>\n\t<meta name=\"twitter:label2\" content=\"Est. tempo de leitura\" \/>\n\t<meta name=\"twitter:data2\" content=\"2 minutos\" \/>\n<script type=\"application\/ld+json\" class=\"yoast-schema-graph\">{\"@context\":\"https:\/\/schema.org\",\"@graph\":[{\"@type\":\"Article\",\"@id\":\"https:\/\/lappis.org.br\/site\/historico-sobre-o-curso-de-especializacao-em-gestao-do-direto-a-saude\/7542#article\",\"isPartOf\":{\"@id\":\"https:\/\/lappis.org.br\/site\/historico-sobre-o-curso-de-especializacao-em-gestao-do-direto-a-saude\/7542\"},\"author\":{\"name\":\"thuane\",\"@id\":\"https:\/\/lappis.org.br\/site\/#\/schema\/person\/efeb099b299092245324c191b4696523\"},\"headline\":\"Hist\u00f3rico sobre o Curso de especializa\u00e7\u00e3o em Gest\u00e3o do Direto \u00e0 Sa\u00fade\",\"datePublished\":\"2018-10-09T01:14:58+00:00\",\"mainEntityOfPage\":{\"@id\":\"https:\/\/lappis.org.br\/site\/historico-sobre-o-curso-de-especializacao-em-gestao-do-direto-a-saude\/7542\"},\"wordCount\":377,\"publisher\":{\"@id\":\"https:\/\/lappis.org.br\/site\/#organization\"},\"image\":{\"@id\":\"https:\/\/lappis.org.br\/site\/historico-sobre-o-curso-de-especializacao-em-gestao-do-direto-a-saude\/7542#primaryimage\"},\"thumbnailUrl\":\"https:\/\/lappis.org.br\/site\/wp-content\/uploads\/2018\/09\/curso-mat\u00e9ria.jpeg\",\"articleSection\":[\"Not\u00edcia\"],\"inLanguage\":\"pt-BR\"},{\"@type\":\"WebPage\",\"@id\":\"https:\/\/lappis.org.br\/site\/historico-sobre-o-curso-de-especializacao-em-gestao-do-direto-a-saude\/7542\",\"url\":\"https:\/\/lappis.org.br\/site\/historico-sobre-o-curso-de-especializacao-em-gestao-do-direto-a-saude\/7542\",\"name\":\"Hist\u00f3rico sobre o Curso de especializa\u00e7\u00e3o em Gest\u00e3o do Direto \u00e0 Sa\u00fade - Lappis 25 anos\",\"isPartOf\":{\"@id\":\"https:\/\/lappis.org.br\/site\/#website\"},\"primaryImageOfPage\":{\"@id\":\"https:\/\/lappis.org.br\/site\/historico-sobre-o-curso-de-especializacao-em-gestao-do-direto-a-saude\/7542#primaryimage\"},\"image\":{\"@id\":\"https:\/\/lappis.org.br\/site\/historico-sobre-o-curso-de-especializacao-em-gestao-do-direto-a-saude\/7542#primaryimage\"},\"thumbnailUrl\":\"https:\/\/lappis.org.br\/site\/wp-content\/uploads\/2018\/09\/curso-mat\u00e9ria.jpeg\",\"datePublished\":\"2018-10-09T01:14:58+00:00\",\"breadcrumb\":{\"@id\":\"https:\/\/lappis.org.br\/site\/historico-sobre-o-curso-de-especializacao-em-gestao-do-direto-a-saude\/7542#breadcrumb\"},\"inLanguage\":\"pt-BR\",\"potentialAction\":[{\"@type\":\"ReadAction\",\"target\":[\"https:\/\/lappis.org.br\/site\/historico-sobre-o-curso-de-especializacao-em-gestao-do-direto-a-saude\/7542\"]}]},{\"@type\":\"ImageObject\",\"inLanguage\":\"pt-BR\",\"@id\":\"https:\/\/lappis.org.br\/site\/historico-sobre-o-curso-de-especializacao-em-gestao-do-direto-a-saude\/7542#primaryimage\",\"url\":\"https:\/\/lappis.org.br\/site\/wp-content\/uploads\/2018\/09\/curso-mat\u00e9ria.jpeg\",\"contentUrl\":\"https:\/\/lappis.org.br\/site\/wp-content\/uploads\/2018\/09\/curso-mat\u00e9ria.jpeg\",\"width\":1280,\"height\":719},{\"@type\":\"BreadcrumbList\",\"@id\":\"https:\/\/lappis.org.br\/site\/historico-sobre-o-curso-de-especializacao-em-gestao-do-direto-a-saude\/7542#breadcrumb\",\"itemListElement\":[{\"@type\":\"ListItem\",\"position\":1,\"name\":\"In\u00edcio\",\"item\":\"https:\/\/lappis.org.br\/site\/\"},{\"@type\":\"ListItem\",\"position\":2,\"name\":\"Hist\u00f3rico sobre o Curso de especializa\u00e7\u00e3o em Gest\u00e3o do Direto \u00e0 Sa\u00fade\"}]},{\"@type\":\"WebSite\",\"@id\":\"https:\/\/lappis.org.br\/site\/#website\",\"url\":\"https:\/\/lappis.org.br\/site\/\",\"name\":\"Lappis 25 anos\",\"description\":\"Labotat\u00f3rio de Pesquisas sobre Pr\u00e1ticas de Integralidade em Sa\u00fade\",\"publisher\":{\"@id\":\"https:\/\/lappis.org.br\/site\/#organization\"},\"potentialAction\":[{\"@type\":\"SearchAction\",\"target\":{\"@type\":\"EntryPoint\",\"urlTemplate\":\"https:\/\/lappis.org.br\/site\/?s={search_term_string}\"},\"query-input\":{\"@type\":\"PropertyValueSpecification\",\"valueRequired\":true,\"valueName\":\"search_term_string\"}}],\"inLanguage\":\"pt-BR\"},{\"@type\":\"Organization\",\"@id\":\"https:\/\/lappis.org.br\/site\/#organization\",\"name\":\"Lappis 25 anos\",\"url\":\"https:\/\/lappis.org.br\/site\/\",\"logo\":{\"@type\":\"ImageObject\",\"inLanguage\":\"pt-BR\",\"@id\":\"https:\/\/lappis.org.br\/site\/#\/schema\/logo\/image\/\",\"url\":\"https:\/\/lappis.org.br\/site\/wp-content\/uploads\/2025\/03\/logo-lappis25anos.png\",\"contentUrl\":\"https:\/\/lappis.org.br\/site\/wp-content\/uploads\/2025\/03\/logo-lappis25anos.png\",\"width\":388,\"height\":146,\"caption\":\"Lappis 25 anos\"},\"image\":{\"@id\":\"https:\/\/lappis.org.br\/site\/#\/schema\/logo\/image\/\"}},{\"@type\":\"Person\",\"@id\":\"https:\/\/lappis.org.br\/site\/#\/schema\/person\/efeb099b299092245324c191b4696523\",\"name\":\"thuane\",\"image\":{\"@type\":\"ImageObject\",\"inLanguage\":\"pt-BR\",\"@id\":\"https:\/\/lappis.org.br\/site\/#\/schema\/person\/image\/\",\"url\":\"https:\/\/secure.gravatar.com\/avatar\/6ca04eb021312e5b8a225241a2a5dc92?s=96&d=mm&r=g\",\"contentUrl\":\"https:\/\/secure.gravatar.com\/avatar\/6ca04eb021312e5b8a225241a2a5dc92?s=96&d=mm&r=g\",\"caption\":\"thuane\"},\"url\":\"https:\/\/lappis.org.br\/site\/author\/thuane\"}]}<\/script>\n<!-- \/ Yoast SEO plugin. -->","yoast_head_json":{"title":"Hist\u00f3rico sobre o Curso de especializa\u00e7\u00e3o em Gest\u00e3o do Direto \u00e0 Sa\u00fade - Lappis 25 anos","robots":{"index":"index","follow":"follow","max-snippet":"max-snippet:-1","max-image-preview":"max-image-preview:large","max-video-preview":"max-video-preview:-1"},"canonical":"https:\/\/lappis.org.br\/site\/historico-sobre-o-curso-de-especializacao-em-gestao-do-direto-a-saude\/7542","og_locale":"pt_BR","og_type":"article","og_title":"Hist\u00f3rico sobre o Curso de especializa\u00e7\u00e3o em Gest\u00e3o do Direto \u00e0 Sa\u00fade - Lappis 25 anos","og_description":"O Curso de Especializa\u00e7\u00e3o em Gest\u00e3o do Direito \u00e0 Sa\u00fade \u00e9 um curso que partiu da experi\u00eancia do Lappis na continuidade ao apoio oferecido \u00e0 turma de Mestrado Profissional em Gest\u00e3o de Sistema de Sa\u00fade, [...]","og_url":"https:\/\/lappis.org.br\/site\/historico-sobre-o-curso-de-especializacao-em-gestao-do-direto-a-saude\/7542","og_site_name":"Lappis 25 anos","article_published_time":"2018-10-09T01:14:58+00:00","og_image":[{"width":1280,"height":719,"url":"https:\/\/lappis.org.br\/site\/wp-content\/uploads\/2018\/09\/curso-mat\u00e9ria.jpeg","type":"image\/jpeg"}],"author":"thuane","twitter_card":"summary_large_image","twitter_misc":{"Escrito por":"thuane","Est. tempo de leitura":"2 minutos"},"schema":{"@context":"https:\/\/schema.org","@graph":[{"@type":"Article","@id":"https:\/\/lappis.org.br\/site\/historico-sobre-o-curso-de-especializacao-em-gestao-do-direto-a-saude\/7542#article","isPartOf":{"@id":"https:\/\/lappis.org.br\/site\/historico-sobre-o-curso-de-especializacao-em-gestao-do-direto-a-saude\/7542"},"author":{"name":"thuane","@id":"https:\/\/lappis.org.br\/site\/#\/schema\/person\/efeb099b299092245324c191b4696523"},"headline":"Hist\u00f3rico sobre o Curso de especializa\u00e7\u00e3o em Gest\u00e3o do Direto \u00e0 Sa\u00fade","datePublished":"2018-10-09T01:14:58+00:00","mainEntityOfPage":{"@id":"https:\/\/lappis.org.br\/site\/historico-sobre-o-curso-de-especializacao-em-gestao-do-direto-a-saude\/7542"},"wordCount":377,"publisher":{"@id":"https:\/\/lappis.org.br\/site\/#organization"},"image":{"@id":"https:\/\/lappis.org.br\/site\/historico-sobre-o-curso-de-especializacao-em-gestao-do-direto-a-saude\/7542#primaryimage"},"thumbnailUrl":"https:\/\/lappis.org.br\/site\/wp-content\/uploads\/2018\/09\/curso-mat\u00e9ria.jpeg","articleSection":["Not\u00edcia"],"inLanguage":"pt-BR"},{"@type":"WebPage","@id":"https:\/\/lappis.org.br\/site\/historico-sobre-o-curso-de-especializacao-em-gestao-do-direto-a-saude\/7542","url":"https:\/\/lappis.org.br\/site\/historico-sobre-o-curso-de-especializacao-em-gestao-do-direto-a-saude\/7542","name":"Hist\u00f3rico sobre o Curso de especializa\u00e7\u00e3o em Gest\u00e3o do Direto \u00e0 Sa\u00fade - Lappis 25 anos","isPartOf":{"@id":"https:\/\/lappis.org.br\/site\/#website"},"primaryImageOfPage":{"@id":"https:\/\/lappis.org.br\/site\/historico-sobre-o-curso-de-especializacao-em-gestao-do-direto-a-saude\/7542#primaryimage"},"image":{"@id":"https:\/\/lappis.org.br\/site\/historico-sobre-o-curso-de-especializacao-em-gestao-do-direto-a-saude\/7542#primaryimage"},"thumbnailUrl":"https:\/\/lappis.org.br\/site\/wp-content\/uploads\/2018\/09\/curso-mat\u00e9ria.jpeg","datePublished":"2018-10-09T01:14:58+00:00","breadcrumb":{"@id":"https:\/\/lappis.org.br\/site\/historico-sobre-o-curso-de-especializacao-em-gestao-do-direto-a-saude\/7542#breadcrumb"},"inLanguage":"pt-BR","potentialAction":[{"@type":"ReadAction","target":["https:\/\/lappis.org.br\/site\/historico-sobre-o-curso-de-especializacao-em-gestao-do-direto-a-saude\/7542"]}]},{"@type":"ImageObject","inLanguage":"pt-BR","@id":"https:\/\/lappis.org.br\/site\/historico-sobre-o-curso-de-especializacao-em-gestao-do-direto-a-saude\/7542#primaryimage","url":"https:\/\/lappis.org.br\/site\/wp-content\/uploads\/2018\/09\/curso-mat\u00e9ria.jpeg","contentUrl":"https:\/\/lappis.org.br\/site\/wp-content\/uploads\/2018\/09\/curso-mat\u00e9ria.jpeg","width":1280,"height":719},{"@type":"BreadcrumbList","@id":"https:\/\/lappis.org.br\/site\/historico-sobre-o-curso-de-especializacao-em-gestao-do-direto-a-saude\/7542#breadcrumb","itemListElement":[{"@type":"ListItem","position":1,"name":"In\u00edcio","item":"https:\/\/lappis.org.br\/site\/"},{"@type":"ListItem","position":2,"name":"Hist\u00f3rico sobre o Curso de especializa\u00e7\u00e3o em Gest\u00e3o do Direto \u00e0 Sa\u00fade"}]},{"@type":"WebSite","@id":"https:\/\/lappis.org.br\/site\/#website","url":"https:\/\/lappis.org.br\/site\/","name":"Lappis 25 anos","description":"Labotat\u00f3rio de Pesquisas sobre Pr\u00e1ticas de Integralidade em Sa\u00fade","publisher":{"@id":"https:\/\/lappis.org.br\/site\/#organization"},"potentialAction":[{"@type":"SearchAction","target":{"@type":"EntryPoint","urlTemplate":"https:\/\/lappis.org.br\/site\/?s={search_term_string}"},"query-input":{"@type":"PropertyValueSpecification","valueRequired":true,"valueName":"search_term_string"}}],"inLanguage":"pt-BR"},{"@type":"Organization","@id":"https:\/\/lappis.org.br\/site\/#organization","name":"Lappis 25 anos","url":"https:\/\/lappis.org.br\/site\/","logo":{"@type":"ImageObject","inLanguage":"pt-BR","@id":"https:\/\/lappis.org.br\/site\/#\/schema\/logo\/image\/","url":"https:\/\/lappis.org.br\/site\/wp-content\/uploads\/2025\/03\/logo-lappis25anos.png","contentUrl":"https:\/\/lappis.org.br\/site\/wp-content\/uploads\/2025\/03\/logo-lappis25anos.png","width":388,"height":146,"caption":"Lappis 25 anos"},"image":{"@id":"https:\/\/lappis.org.br\/site\/#\/schema\/logo\/image\/"}},{"@type":"Person","@id":"https:\/\/lappis.org.br\/site\/#\/schema\/person\/efeb099b299092245324c191b4696523","name":"thuane","image":{"@type":"ImageObject","inLanguage":"pt-BR","@id":"https:\/\/lappis.org.br\/site\/#\/schema\/person\/image\/","url":"https:\/\/secure.gravatar.com\/avatar\/6ca04eb021312e5b8a225241a2a5dc92?s=96&d=mm&r=g","contentUrl":"https:\/\/secure.gravatar.com\/avatar\/6ca04eb021312e5b8a225241a2a5dc92?s=96&d=mm&r=g","caption":"thuane"},"url":"https:\/\/lappis.org.br\/site\/author\/thuane"}]}},"jetpack_featured_media_url":"https:\/\/lappis.org.br\/site\/wp-content\/uploads\/2018\/09\/curso-mat\u00e9ria.jpeg","jetpack_shortlink":"https:\/\/wp.me\/p954Nh-1XE","jetpack_sharing_enabled":true,"_links":{"self":[{"href":"https:\/\/lappis.org.br\/site\/wp-json\/wp\/v2\/posts\/7542"}],"collection":[{"href":"https:\/\/lappis.org.br\/site\/wp-json\/wp\/v2\/posts"}],"about":[{"href":"https:\/\/lappis.org.br\/site\/wp-json\/wp\/v2\/types\/post"}],"author":[{"embeddable":true,"href":"https:\/\/lappis.org.br\/site\/wp-json\/wp\/v2\/users\/11"}],"replies":[{"embeddable":true,"href":"https:\/\/lappis.org.br\/site\/wp-json\/wp\/v2\/comments?post=7542"}],"version-history":[{"count":1,"href":"https:\/\/lappis.org.br\/site\/wp-json\/wp\/v2\/posts\/7542\/revisions"}],"predecessor-version":[{"id":7543,"href":"https:\/\/lappis.org.br\/site\/wp-json\/wp\/v2\/posts\/7542\/revisions\/7543"}],"wp:featuredmedia":[{"embeddable":true,"href":"https:\/\/lappis.org.br\/site\/wp-json\/wp\/v2\/media\/7461"}],"wp:attachment":[{"href":"https:\/\/lappis.org.br\/site\/wp-json\/wp\/v2\/media?parent=7542"}],"wp:term":[{"taxonomy":"category","embeddable":true,"href":"https:\/\/lappis.org.br\/site\/wp-json\/wp\/v2\/categories?post=7542"},{"taxonomy":"post_tag","embeddable":true,"href":"https:\/\/lappis.org.br\/site\/wp-json\/wp\/v2\/tags?post=7542"}],"curies":[{"name":"wp","href":"https:\/\/api.w.org\/{rel}","templated":true}]}}