{"id":7073,"date":"2017-10-02T15:44:47","date_gmt":"2017-10-02T18:44:47","guid":{"rendered":"http:\/\/lappis.org.br\/site\/?p=7073"},"modified":"2018-06-13T15:46:02","modified_gmt":"2018-06-13T18:46:02","slug":"tatiana-gerhardt-fala-da-participacao-da-ufrgs-no-17o-seminario","status":"publish","type":"post","link":"https:\/\/lappis.org.br\/site\/tatiana-gerhardt-fala-da-participacao-da-ufrgs-no-17o-seminario\/7073","title":{"rendered":"Tatiana Gerhardt fala da participa\u00e7\u00e3o da UFRGS no 17\u00ba Semin\u00e1rio"},"content":{"rendered":"<p><iframe title=\"Tatiana Gerhardt fala da participa\u00e7\u00e3o da UFRGS no 17\u00ba Semin\u00e1rio\" width=\"500\" height=\"281\" src=\"https:\/\/www.youtube.com\/embed\/4Kx86mc7PKw?feature=oembed\" frameborder=\"0\" allow=\"accelerometer; autoplay; clipboard-write; encrypted-media; gyroscope; picture-in-picture; web-share\" referrerpolicy=\"strict-origin-when-cross-origin\" allowfullscreen><\/iframe><\/p>\n<p>Tatiana Gerhardt, da Universidade Federal do Rio Grande do Sul, fala da participa\u00e7\u00e3o da UFRGS no 17\u00ba Semin\u00e1rio do Projeto Integralidade do Lappis Integralidade Em Sa\u00fade, que vai acontecer nos dias 17, 18 e 19 de outubro, na UFES, em Vit\u00f3ria (ES).<\/p>\n","protected":false},"excerpt":{"rendered":"<div class=\"mh-excerpt\"><p>Tatiana Gerhardt, da Universidade Federal do Rio Grande do Sul, fala da participa\u00e7\u00e3o da UFRGS no 17\u00ba Semin\u00e1rio do Projeto Integralidade do Lappis Integralidade Em Sa\u00fade, que vai acontecer nos dias 17, 18 e 19 <a class=\"mh-excerpt-more\" href=\"https:\/\/lappis.org.br\/site\/tatiana-gerhardt-fala-da-participacao-da-ufrgs-no-17o-seminario\/7073\" title=\"Tatiana Gerhardt fala da participa\u00e7\u00e3o da UFRGS no 17\u00ba Semin\u00e1rio\">[&#8230;]<\/a><\/p>\n<\/div>","protected":false},"author":9,"featured_media":7075,"comment_status":"closed","ping_status":"open","sticky":false,"template":"","format":"standard","meta":{"_acf_changed":false,"_exactmetrics_skip_tracking":false,"_exactmetrics_sitenote_active":false,"_exactmetrics_sitenote_note":"","_exactmetrics_sitenote_category":0,"jetpack_post_was_ever_published":false,"_jetpack_newsletter_access":"","_jetpack_dont_email_post_to_subs":false,"_jetpack_newsletter_tier_id":0,"_jetpack_memberships_contains_paywalled_content":false,"_jetpack_memberships_contains_paid_content":false,"footnotes":"","jetpack_publicize_message":"","jetpack_publicize_feature_enabled":true,"jetpack_social_post_already_shared":true,"jetpack_social_options":{"image_generator_settings":{"template":"highway","enabled":false},"version":2}},"categories":[20],"tags":[],"class_list":{"0":"post-7073","1":"post","2":"type-post","3":"status-publish","4":"format-standard","5":"has-post-thumbnail","7":"category-canal-lappis"},"jetpack_publicize_connections":[],"acf":[],"yoast_head":"<!-- This site is optimized with the Yoast SEO plugin v25.2 - https:\/\/yoast.com\/wordpress\/plugins\/seo\/ -->\n<title>Tatiana Gerhardt fala da participa\u00e7\u00e3o da UFRGS no 17\u00ba Semin\u00e1rio - Lappis 25 anos<\/title>\n<meta name=\"robots\" content=\"index, follow, max-snippet:-1, max-image-preview:large, max-video-preview:-1\" \/>\n<link rel=\"canonical\" href=\"https:\/\/lappis.org.br\/site\/tatiana-gerhardt-fala-da-participacao-da-ufrgs-no-17o-seminario\/7073\" \/>\n<meta property=\"og:locale\" content=\"pt_BR\" \/>\n<meta property=\"og:type\" content=\"article\" \/>\n<meta property=\"og:title\" content=\"Tatiana Gerhardt fala da participa\u00e7\u00e3o da UFRGS no 17\u00ba Semin\u00e1rio - Lappis 25 anos\" \/>\n<meta property=\"og:description\" content=\"Tatiana Gerhardt, da Universidade Federal do Rio Grande do Sul, fala da participa\u00e7\u00e3o da UFRGS no 17\u00ba Semin\u00e1rio do Projeto Integralidade do Lappis Integralidade Em Sa\u00fade, que vai acontecer nos dias 17, 18 e 19 [...]\" \/>\n<meta property=\"og:url\" content=\"https:\/\/lappis.org.br\/site\/tatiana-gerhardt-fala-da-participacao-da-ufrgs-no-17o-seminario\/7073\" \/>\n<meta property=\"og:site_name\" content=\"Lappis 25 anos\" \/>\n<meta property=\"article:published_time\" content=\"2017-10-02T18:44:47+00:00\" \/>\n<meta property=\"article:modified_time\" content=\"2018-06-13T18:46:02+00:00\" \/>\n<meta property=\"og:image\" content=\"https:\/\/lappis.org.br\/site\/wp-content\/uploads\/2017\/10\/tatiana-gerhardt-fala-da-participa-o-da-ufrgs-no-17-semin-rio-4Kx86mc7PKw.jpg\" \/>\n\t<meta property=\"og:image:width\" content=\"480\" \/>\n\t<meta property=\"og:image:height\" content=\"360\" \/>\n\t<meta property=\"og:image:type\" content=\"image\/jpeg\" \/>\n<meta name=\"author\" content=\"Marina Albuquerque\" \/>\n<meta name=\"twitter:card\" content=\"summary_large_image\" \/>\n<meta name=\"twitter:label1\" content=\"Escrito por\" \/>\n\t<meta name=\"twitter:data1\" content=\"Marina Albuquerque\" \/>\n<script type=\"application\/ld+json\" class=\"yoast-schema-graph\">{\"@context\":\"https:\/\/schema.org\",\"@graph\":[{\"@type\":\"Article\",\"@id\":\"https:\/\/lappis.org.br\/site\/tatiana-gerhardt-fala-da-participacao-da-ufrgs-no-17o-seminario\/7073#article\",\"isPartOf\":{\"@id\":\"https:\/\/lappis.org.br\/site\/tatiana-gerhardt-fala-da-participacao-da-ufrgs-no-17o-seminario\/7073\"},\"author\":{\"name\":\"Marina Albuquerque\",\"@id\":\"https:\/\/lappis.org.br\/site\/#\/schema\/person\/a6c9c6c82b138017ff6fd9c8ecd41f83\"},\"headline\":\"Tatiana Gerhardt fala da participa\u00e7\u00e3o da UFRGS no 17\u00ba Semin\u00e1rio\",\"datePublished\":\"2017-10-02T18:44:47+00:00\",\"dateModified\":\"2018-06-13T18:46:02+00:00\",\"mainEntityOfPage\":{\"@id\":\"https:\/\/lappis.org.br\/site\/tatiana-gerhardt-fala-da-participacao-da-ufrgs-no-17o-seminario\/7073\"},\"wordCount\":62,\"publisher\":{\"@id\":\"https:\/\/lappis.org.br\/site\/#organization\"},\"image\":{\"@id\":\"https:\/\/lappis.org.br\/site\/tatiana-gerhardt-fala-da-participacao-da-ufrgs-no-17o-seminario\/7073#primaryimage\"},\"thumbnailUrl\":\"https:\/\/lappis.org.br\/site\/wp-content\/uploads\/2017\/10\/tatiana-gerhardt-fala-da-participa-o-da-ufrgs-no-17-semin-rio-4Kx86mc7PKw.jpg\",\"articleSection\":[\"Canal LAPPIS\"],\"inLanguage\":\"pt-BR\"},{\"@type\":\"WebPage\",\"@id\":\"https:\/\/lappis.org.br\/site\/tatiana-gerhardt-fala-da-participacao-da-ufrgs-no-17o-seminario\/7073\",\"url\":\"https:\/\/lappis.org.br\/site\/tatiana-gerhardt-fala-da-participacao-da-ufrgs-no-17o-seminario\/7073\",\"name\":\"Tatiana Gerhardt fala da participa\u00e7\u00e3o da UFRGS no 17\u00ba Semin\u00e1rio - Lappis 25 anos\",\"isPartOf\":{\"@id\":\"https:\/\/lappis.org.br\/site\/#website\"},\"primaryImageOfPage\":{\"@id\":\"https:\/\/lappis.org.br\/site\/tatiana-gerhardt-fala-da-participacao-da-ufrgs-no-17o-seminario\/7073#primaryimage\"},\"image\":{\"@id\":\"https:\/\/lappis.org.br\/site\/tatiana-gerhardt-fala-da-participacao-da-ufrgs-no-17o-seminario\/7073#primaryimage\"},\"thumbnailUrl\":\"https:\/\/lappis.org.br\/site\/wp-content\/uploads\/2017\/10\/tatiana-gerhardt-fala-da-participa-o-da-ufrgs-no-17-semin-rio-4Kx86mc7PKw.jpg\",\"datePublished\":\"2017-10-02T18:44:47+00:00\",\"dateModified\":\"2018-06-13T18:46:02+00:00\",\"breadcrumb\":{\"@id\":\"https:\/\/lappis.org.br\/site\/tatiana-gerhardt-fala-da-participacao-da-ufrgs-no-17o-seminario\/7073#breadcrumb\"},\"inLanguage\":\"pt-BR\",\"potentialAction\":[{\"@type\":\"ReadAction\",\"target\":[\"https:\/\/lappis.org.br\/site\/tatiana-gerhardt-fala-da-participacao-da-ufrgs-no-17o-seminario\/7073\"]}]},{\"@type\":\"ImageObject\",\"inLanguage\":\"pt-BR\",\"@id\":\"https:\/\/lappis.org.br\/site\/tatiana-gerhardt-fala-da-participacao-da-ufrgs-no-17o-seminario\/7073#primaryimage\",\"url\":\"https:\/\/lappis.org.br\/site\/wp-content\/uploads\/2017\/10\/tatiana-gerhardt-fala-da-participa-o-da-ufrgs-no-17-semin-rio-4Kx86mc7PKw.jpg\",\"contentUrl\":\"https:\/\/lappis.org.br\/site\/wp-content\/uploads\/2017\/10\/tatiana-gerhardt-fala-da-participa-o-da-ufrgs-no-17-semin-rio-4Kx86mc7PKw.jpg\",\"width\":480,\"height\":360},{\"@type\":\"BreadcrumbList\",\"@id\":\"https:\/\/lappis.org.br\/site\/tatiana-gerhardt-fala-da-participacao-da-ufrgs-no-17o-seminario\/7073#breadcrumb\",\"itemListElement\":[{\"@type\":\"ListItem\",\"position\":1,\"name\":\"In\u00edcio\",\"item\":\"https:\/\/lappis.org.br\/site\/\"},{\"@type\":\"ListItem\",\"position\":2,\"name\":\"Tatiana Gerhardt fala da participa\u00e7\u00e3o da UFRGS no 17\u00ba Semin\u00e1rio\"}]},{\"@type\":\"WebSite\",\"@id\":\"https:\/\/lappis.org.br\/site\/#website\",\"url\":\"https:\/\/lappis.org.br\/site\/\",\"name\":\"Lappis 25 anos\",\"description\":\"Labotat\u00f3rio de Pesquisas sobre Pr\u00e1ticas de Integralidade em Sa\u00fade\",\"publisher\":{\"@id\":\"https:\/\/lappis.org.br\/site\/#organization\"},\"potentialAction\":[{\"@type\":\"SearchAction\",\"target\":{\"@type\":\"EntryPoint\",\"urlTemplate\":\"https:\/\/lappis.org.br\/site\/?s={search_term_string}\"},\"query-input\":{\"@type\":\"PropertyValueSpecification\",\"valueRequired\":true,\"valueName\":\"search_term_string\"}}],\"inLanguage\":\"pt-BR\"},{\"@type\":\"Organization\",\"@id\":\"https:\/\/lappis.org.br\/site\/#organization\",\"name\":\"Lappis 25 anos\",\"url\":\"https:\/\/lappis.org.br\/site\/\",\"logo\":{\"@type\":\"ImageObject\",\"inLanguage\":\"pt-BR\",\"@id\":\"https:\/\/lappis.org.br\/site\/#\/schema\/logo\/image\/\",\"url\":\"https:\/\/lappis.org.br\/site\/wp-content\/uploads\/2025\/03\/logo-lappis25anos.png\",\"contentUrl\":\"https:\/\/lappis.org.br\/site\/wp-content\/uploads\/2025\/03\/logo-lappis25anos.png\",\"width\":388,\"height\":146,\"caption\":\"Lappis 25 anos\"},\"image\":{\"@id\":\"https:\/\/lappis.org.br\/site\/#\/schema\/logo\/image\/\"}},{\"@type\":\"Person\",\"@id\":\"https:\/\/lappis.org.br\/site\/#\/schema\/person\/a6c9c6c82b138017ff6fd9c8ecd41f83\",\"name\":\"Marina Albuquerque\",\"image\":{\"@type\":\"ImageObject\",\"inLanguage\":\"pt-BR\",\"@id\":\"https:\/\/lappis.org.br\/site\/#\/schema\/person\/image\/\",\"url\":\"https:\/\/secure.gravatar.com\/avatar\/8127e75631c33d78e16629a38e67c458?s=96&d=mm&r=g\",\"contentUrl\":\"https:\/\/secure.gravatar.com\/avatar\/8127e75631c33d78e16629a38e67c458?s=96&d=mm&r=g\",\"caption\":\"Marina Albuquerque\"},\"url\":\"https:\/\/lappis.org.br\/site\/author\/marinasilva\"}]}<\/script>\n<!-- \/ Yoast SEO plugin. -->","yoast_head_json":{"title":"Tatiana Gerhardt fala da participa\u00e7\u00e3o da UFRGS no 17\u00ba Semin\u00e1rio - Lappis 25 anos","robots":{"index":"index","follow":"follow","max-snippet":"max-snippet:-1","max-image-preview":"max-image-preview:large","max-video-preview":"max-video-preview:-1"},"canonical":"https:\/\/lappis.org.br\/site\/tatiana-gerhardt-fala-da-participacao-da-ufrgs-no-17o-seminario\/7073","og_locale":"pt_BR","og_type":"article","og_title":"Tatiana Gerhardt fala da participa\u00e7\u00e3o da UFRGS no 17\u00ba Semin\u00e1rio - Lappis 25 anos","og_description":"Tatiana Gerhardt, da Universidade Federal do Rio Grande do Sul, fala da participa\u00e7\u00e3o da UFRGS no 17\u00ba Semin\u00e1rio do Projeto Integralidade do Lappis Integralidade Em Sa\u00fade, que vai acontecer nos dias 17, 18 e 19 [...]","og_url":"https:\/\/lappis.org.br\/site\/tatiana-gerhardt-fala-da-participacao-da-ufrgs-no-17o-seminario\/7073","og_site_name":"Lappis 25 anos","article_published_time":"2017-10-02T18:44:47+00:00","article_modified_time":"2018-06-13T18:46:02+00:00","og_image":[{"width":480,"height":360,"url":"https:\/\/lappis.org.br\/site\/wp-content\/uploads\/2017\/10\/tatiana-gerhardt-fala-da-participa-o-da-ufrgs-no-17-semin-rio-4Kx86mc7PKw.jpg","type":"image\/jpeg"}],"author":"Marina Albuquerque","twitter_card":"summary_large_image","twitter_misc":{"Escrito por":"Marina Albuquerque"},"schema":{"@context":"https:\/\/schema.org","@graph":[{"@type":"Article","@id":"https:\/\/lappis.org.br\/site\/tatiana-gerhardt-fala-da-participacao-da-ufrgs-no-17o-seminario\/7073#article","isPartOf":{"@id":"https:\/\/lappis.org.br\/site\/tatiana-gerhardt-fala-da-participacao-da-ufrgs-no-17o-seminario\/7073"},"author":{"name":"Marina Albuquerque","@id":"https:\/\/lappis.org.br\/site\/#\/schema\/person\/a6c9c6c82b138017ff6fd9c8ecd41f83"},"headline":"Tatiana Gerhardt fala da participa\u00e7\u00e3o da UFRGS no 17\u00ba Semin\u00e1rio","datePublished":"2017-10-02T18:44:47+00:00","dateModified":"2018-06-13T18:46:02+00:00","mainEntityOfPage":{"@id":"https:\/\/lappis.org.br\/site\/tatiana-gerhardt-fala-da-participacao-da-ufrgs-no-17o-seminario\/7073"},"wordCount":62,"publisher":{"@id":"https:\/\/lappis.org.br\/site\/#organization"},"image":{"@id":"https:\/\/lappis.org.br\/site\/tatiana-gerhardt-fala-da-participacao-da-ufrgs-no-17o-seminario\/7073#primaryimage"},"thumbnailUrl":"https:\/\/lappis.org.br\/site\/wp-content\/uploads\/2017\/10\/tatiana-gerhardt-fala-da-participa-o-da-ufrgs-no-17-semin-rio-4Kx86mc7PKw.jpg","articleSection":["Canal LAPPIS"],"inLanguage":"pt-BR"},{"@type":"WebPage","@id":"https:\/\/lappis.org.br\/site\/tatiana-gerhardt-fala-da-participacao-da-ufrgs-no-17o-seminario\/7073","url":"https:\/\/lappis.org.br\/site\/tatiana-gerhardt-fala-da-participacao-da-ufrgs-no-17o-seminario\/7073","name":"Tatiana Gerhardt fala da participa\u00e7\u00e3o da UFRGS no 17\u00ba Semin\u00e1rio - Lappis 25 anos","isPartOf":{"@id":"https:\/\/lappis.org.br\/site\/#website"},"primaryImageOfPage":{"@id":"https:\/\/lappis.org.br\/site\/tatiana-gerhardt-fala-da-participacao-da-ufrgs-no-17o-seminario\/7073#primaryimage"},"image":{"@id":"https:\/\/lappis.org.br\/site\/tatiana-gerhardt-fala-da-participacao-da-ufrgs-no-17o-seminario\/7073#primaryimage"},"thumbnailUrl":"https:\/\/lappis.org.br\/site\/wp-content\/uploads\/2017\/10\/tatiana-gerhardt-fala-da-participa-o-da-ufrgs-no-17-semin-rio-4Kx86mc7PKw.jpg","datePublished":"2017-10-02T18:44:47+00:00","dateModified":"2018-06-13T18:46:02+00:00","breadcrumb":{"@id":"https:\/\/lappis.org.br\/site\/tatiana-gerhardt-fala-da-participacao-da-ufrgs-no-17o-seminario\/7073#breadcrumb"},"inLanguage":"pt-BR","potentialAction":[{"@type":"ReadAction","target":["https:\/\/lappis.org.br\/site\/tatiana-gerhardt-fala-da-participacao-da-ufrgs-no-17o-seminario\/7073"]}]},{"@type":"ImageObject","inLanguage":"pt-BR","@id":"https:\/\/lappis.org.br\/site\/tatiana-gerhardt-fala-da-participacao-da-ufrgs-no-17o-seminario\/7073#primaryimage","url":"https:\/\/lappis.org.br\/site\/wp-content\/uploads\/2017\/10\/tatiana-gerhardt-fala-da-participa-o-da-ufrgs-no-17-semin-rio-4Kx86mc7PKw.jpg","contentUrl":"https:\/\/lappis.org.br\/site\/wp-content\/uploads\/2017\/10\/tatiana-gerhardt-fala-da-participa-o-da-ufrgs-no-17-semin-rio-4Kx86mc7PKw.jpg","width":480,"height":360},{"@type":"BreadcrumbList","@id":"https:\/\/lappis.org.br\/site\/tatiana-gerhardt-fala-da-participacao-da-ufrgs-no-17o-seminario\/7073#breadcrumb","itemListElement":[{"@type":"ListItem","position":1,"name":"In\u00edcio","item":"https:\/\/lappis.org.br\/site\/"},{"@type":"ListItem","position":2,"name":"Tatiana Gerhardt fala da participa\u00e7\u00e3o da UFRGS no 17\u00ba Semin\u00e1rio"}]},{"@type":"WebSite","@id":"https:\/\/lappis.org.br\/site\/#website","url":"https:\/\/lappis.org.br\/site\/","name":"Lappis 25 anos","description":"Labotat\u00f3rio de Pesquisas sobre Pr\u00e1ticas de Integralidade em Sa\u00fade","publisher":{"@id":"https:\/\/lappis.org.br\/site\/#organization"},"potentialAction":[{"@type":"SearchAction","target":{"@type":"EntryPoint","urlTemplate":"https:\/\/lappis.org.br\/site\/?s={search_term_string}"},"query-input":{"@type":"PropertyValueSpecification","valueRequired":true,"valueName":"search_term_string"}}],"inLanguage":"pt-BR"},{"@type":"Organization","@id":"https:\/\/lappis.org.br\/site\/#organization","name":"Lappis 25 anos","url":"https:\/\/lappis.org.br\/site\/","logo":{"@type":"ImageObject","inLanguage":"pt-BR","@id":"https:\/\/lappis.org.br\/site\/#\/schema\/logo\/image\/","url":"https:\/\/lappis.org.br\/site\/wp-content\/uploads\/2025\/03\/logo-lappis25anos.png","contentUrl":"https:\/\/lappis.org.br\/site\/wp-content\/uploads\/2025\/03\/logo-lappis25anos.png","width":388,"height":146,"caption":"Lappis 25 anos"},"image":{"@id":"https:\/\/lappis.org.br\/site\/#\/schema\/logo\/image\/"}},{"@type":"Person","@id":"https:\/\/lappis.org.br\/site\/#\/schema\/person\/a6c9c6c82b138017ff6fd9c8ecd41f83","name":"Marina Albuquerque","image":{"@type":"ImageObject","inLanguage":"pt-BR","@id":"https:\/\/lappis.org.br\/site\/#\/schema\/person\/image\/","url":"https:\/\/secure.gravatar.com\/avatar\/8127e75631c33d78e16629a38e67c458?s=96&d=mm&r=g","contentUrl":"https:\/\/secure.gravatar.com\/avatar\/8127e75631c33d78e16629a38e67c458?s=96&d=mm&r=g","caption":"Marina Albuquerque"},"url":"https:\/\/lappis.org.br\/site\/author\/marinasilva"}]}},"jetpack_featured_media_url":"https:\/\/lappis.org.br\/site\/wp-content\/uploads\/2017\/10\/tatiana-gerhardt-fala-da-participa-o-da-ufrgs-no-17-semin-rio-4Kx86mc7PKw.jpg","jetpack_shortlink":"https:\/\/wp.me\/p954Nh-1Q5","jetpack_sharing_enabled":true,"_links":{"self":[{"href":"https:\/\/lappis.org.br\/site\/wp-json\/wp\/v2\/posts\/7073"}],"collection":[{"href":"https:\/\/lappis.org.br\/site\/wp-json\/wp\/v2\/posts"}],"about":[{"href":"https:\/\/lappis.org.br\/site\/wp-json\/wp\/v2\/types\/post"}],"author":[{"embeddable":true,"href":"https:\/\/lappis.org.br\/site\/wp-json\/wp\/v2\/users\/9"}],"replies":[{"embeddable":true,"href":"https:\/\/lappis.org.br\/site\/wp-json\/wp\/v2\/comments?post=7073"}],"version-history":[{"count":1,"href":"https:\/\/lappis.org.br\/site\/wp-json\/wp\/v2\/posts\/7073\/revisions"}],"predecessor-version":[{"id":7074,"href":"https:\/\/lappis.org.br\/site\/wp-json\/wp\/v2\/posts\/7073\/revisions\/7074"}],"wp:featuredmedia":[{"embeddable":true,"href":"https:\/\/lappis.org.br\/site\/wp-json\/wp\/v2\/media\/7075"}],"wp:attachment":[{"href":"https:\/\/lappis.org.br\/site\/wp-json\/wp\/v2\/media?parent=7073"}],"wp:term":[{"taxonomy":"category","embeddable":true,"href":"https:\/\/lappis.org.br\/site\/wp-json\/wp\/v2\/categories?post=7073"},{"taxonomy":"post_tag","embeddable":true,"href":"https:\/\/lappis.org.br\/site\/wp-json\/wp\/v2\/tags?post=7073"}],"curies":[{"name":"wp","href":"https:\/\/api.w.org\/{rel}","templated":true}]}}