{"id":7067,"date":"2017-11-02T15:37:59","date_gmt":"2017-11-02T17:37:59","guid":{"rendered":"http:\/\/lappis.org.br\/site\/?p=7067"},"modified":"2018-06-13T15:39:23","modified_gmt":"2018-06-13T18:39:23","slug":"mesa-amor-mundi-politicas-da-amizade-e-cuidado","status":"publish","type":"post","link":"https:\/\/lappis.org.br\/site\/mesa-amor-mundi-politicas-da-amizade-e-cuidado\/7067","title":{"rendered":"Mesa \u201cAmor Mundi, Pol\u00edticas da Amizade e Cuidado&#8221;"},"content":{"rendered":"<p><iframe title=\"Mesa \u201cAmor Mundi, Pol\u00edticas da Amizade e Cuidado&quot;\" width=\"500\" height=\"281\" src=\"https:\/\/www.youtube.com\/embed\/foSjrPf8-CE?start=2&#038;feature=oembed\" frameborder=\"0\" allow=\"accelerometer; autoplay; clipboard-write; encrypted-media; gyroscope; picture-in-picture; web-share\" referrerpolicy=\"strict-origin-when-cross-origin\" allowfullscreen><\/iframe><\/p>\n<p><a class=\"yt-simple-endpoint style-scope yt-formatted-string\" href=\"https:\/\/www.youtube.com\/results?search_query=%23Reportagem\">#Reportagem<\/a> A l\u00edder do grupo de pesquisa CNPq Lappis, Roseni Pinheiro, iniciou a mesa \u201cAmor Mundi, Pol\u00edticas da Amizade e Cuidado: sobre a epistemologia da resist\u00eancia&#8221;, primeira atividade oficial do 17\u00ba Semin\u00e1rio do Projeto Integralidade (18\/10), apresentando os debatedores Paulo Henrique Martins (UFPE), Bet\u00e2nia Assy (PUC-Rio\/UERJ) e Heliana Conde (UERJ), convidados para pensar o tema que passeou entre as potencialidades epistemol\u00f3gicas da &#8220;amizade&#8221;, no contexto do Amor Mundi, no sentido da capacidade humana de se associar aos outros, forjando novas formas de sociabilidades, entendidas como uma nova pol\u00edtica da imagina\u00e7\u00e3o, como exerc\u00edcio pol\u00edtico de intermedia\u00e7\u00e3o do mundo.<\/p>\n","protected":false},"excerpt":{"rendered":"<div class=\"mh-excerpt\"><p>#Reportagem A l\u00edder do grupo de pesquisa CNPq Lappis, Roseni Pinheiro, iniciou a mesa \u201cAmor Mundi, Pol\u00edticas da Amizade e Cuidado: sobre a epistemologia da resist\u00eancia&#8221;, primeira atividade oficial do 17\u00ba Semin\u00e1rio do Projeto Integralidade <a class=\"mh-excerpt-more\" href=\"https:\/\/lappis.org.br\/site\/mesa-amor-mundi-politicas-da-amizade-e-cuidado\/7067\" title=\"Mesa \u201cAmor Mundi, Pol\u00edticas da Amizade e Cuidado&#8221;\">[&#8230;]<\/a><\/p>\n<\/div>","protected":false},"author":9,"featured_media":7069,"comment_status":"closed","ping_status":"open","sticky":false,"template":"","format":"standard","meta":{"_acf_changed":false,"_exactmetrics_skip_tracking":false,"_exactmetrics_sitenote_active":false,"_exactmetrics_sitenote_note":"","_exactmetrics_sitenote_category":0,"jetpack_post_was_ever_published":false,"_jetpack_newsletter_access":"","_jetpack_dont_email_post_to_subs":false,"_jetpack_newsletter_tier_id":0,"_jetpack_memberships_contains_paywalled_content":false,"_jetpack_memberships_contains_paid_content":false,"footnotes":"","jetpack_publicize_message":"","jetpack_publicize_feature_enabled":true,"jetpack_social_post_already_shared":true,"jetpack_social_options":{"image_generator_settings":{"template":"highway","enabled":false},"version":2}},"categories":[20],"tags":[],"class_list":{"0":"post-7067","1":"post","2":"type-post","3":"status-publish","4":"format-standard","5":"has-post-thumbnail","7":"category-canal-lappis"},"jetpack_publicize_connections":[],"acf":[],"yoast_head":"<!-- This site is optimized with the Yoast SEO plugin v25.2 - https:\/\/yoast.com\/wordpress\/plugins\/seo\/ -->\n<title>Mesa \u201cAmor Mundi, Pol\u00edticas da Amizade e Cuidado&quot; - Lappis 25 anos<\/title>\n<meta name=\"robots\" content=\"index, follow, max-snippet:-1, max-image-preview:large, max-video-preview:-1\" \/>\n<link rel=\"canonical\" href=\"https:\/\/lappis.org.br\/site\/mesa-amor-mundi-politicas-da-amizade-e-cuidado\/7067\" \/>\n<meta property=\"og:locale\" content=\"pt_BR\" \/>\n<meta property=\"og:type\" content=\"article\" \/>\n<meta property=\"og:title\" content=\"Mesa \u201cAmor Mundi, Pol\u00edticas da Amizade e Cuidado&quot; - Lappis 25 anos\" \/>\n<meta property=\"og:description\" content=\"#Reportagem A l\u00edder do grupo de pesquisa CNPq Lappis, Roseni Pinheiro, iniciou a mesa \u201cAmor Mundi, Pol\u00edticas da Amizade e Cuidado: sobre a epistemologia da resist\u00eancia&#8221;, primeira atividade oficial do 17\u00ba Semin\u00e1rio do Projeto Integralidade [...]\" \/>\n<meta property=\"og:url\" content=\"https:\/\/lappis.org.br\/site\/mesa-amor-mundi-politicas-da-amizade-e-cuidado\/7067\" \/>\n<meta property=\"og:site_name\" content=\"Lappis 25 anos\" \/>\n<meta property=\"article:published_time\" content=\"2017-11-02T17:37:59+00:00\" \/>\n<meta property=\"article:modified_time\" content=\"2018-06-13T18:39:23+00:00\" \/>\n<meta property=\"og:image\" content=\"https:\/\/lappis.org.br\/site\/wp-content\/uploads\/2017\/11\/mesa-amor-mundi-pol-ticas-da-amizade-e-cuidado-8221-foSjrPf8-CE.jpg\" \/>\n\t<meta property=\"og:image:width\" content=\"1280\" \/>\n\t<meta property=\"og:image:height\" content=\"720\" \/>\n\t<meta property=\"og:image:type\" content=\"image\/jpeg\" \/>\n<meta name=\"author\" content=\"Marina Albuquerque\" \/>\n<meta name=\"twitter:card\" content=\"summary_large_image\" \/>\n<meta name=\"twitter:label1\" content=\"Escrito por\" \/>\n\t<meta name=\"twitter:data1\" content=\"Marina Albuquerque\" \/>\n\t<meta name=\"twitter:label2\" content=\"Est. tempo de leitura\" \/>\n\t<meta name=\"twitter:data2\" content=\"1 minuto\" \/>\n<script type=\"application\/ld+json\" class=\"yoast-schema-graph\">{\"@context\":\"https:\/\/schema.org\",\"@graph\":[{\"@type\":\"Article\",\"@id\":\"https:\/\/lappis.org.br\/site\/mesa-amor-mundi-politicas-da-amizade-e-cuidado\/7067#article\",\"isPartOf\":{\"@id\":\"https:\/\/lappis.org.br\/site\/mesa-amor-mundi-politicas-da-amizade-e-cuidado\/7067\"},\"author\":{\"name\":\"Marina Albuquerque\",\"@id\":\"https:\/\/lappis.org.br\/site\/#\/schema\/person\/a6c9c6c82b138017ff6fd9c8ecd41f83\"},\"headline\":\"Mesa \u201cAmor Mundi, Pol\u00edticas da Amizade e Cuidado&#8221;\",\"datePublished\":\"2017-11-02T17:37:59+00:00\",\"dateModified\":\"2018-06-13T18:39:23+00:00\",\"mainEntityOfPage\":{\"@id\":\"https:\/\/lappis.org.br\/site\/mesa-amor-mundi-politicas-da-amizade-e-cuidado\/7067\"},\"wordCount\":127,\"publisher\":{\"@id\":\"https:\/\/lappis.org.br\/site\/#organization\"},\"image\":{\"@id\":\"https:\/\/lappis.org.br\/site\/mesa-amor-mundi-politicas-da-amizade-e-cuidado\/7067#primaryimage\"},\"thumbnailUrl\":\"https:\/\/lappis.org.br\/site\/wp-content\/uploads\/2017\/11\/mesa-amor-mundi-pol-ticas-da-amizade-e-cuidado-8221-foSjrPf8-CE.jpg\",\"articleSection\":[\"Canal LAPPIS\"],\"inLanguage\":\"pt-BR\"},{\"@type\":\"WebPage\",\"@id\":\"https:\/\/lappis.org.br\/site\/mesa-amor-mundi-politicas-da-amizade-e-cuidado\/7067\",\"url\":\"https:\/\/lappis.org.br\/site\/mesa-amor-mundi-politicas-da-amizade-e-cuidado\/7067\",\"name\":\"Mesa \u201cAmor Mundi, Pol\u00edticas da Amizade e Cuidado\\\" - Lappis 25 anos\",\"isPartOf\":{\"@id\":\"https:\/\/lappis.org.br\/site\/#website\"},\"primaryImageOfPage\":{\"@id\":\"https:\/\/lappis.org.br\/site\/mesa-amor-mundi-politicas-da-amizade-e-cuidado\/7067#primaryimage\"},\"image\":{\"@id\":\"https:\/\/lappis.org.br\/site\/mesa-amor-mundi-politicas-da-amizade-e-cuidado\/7067#primaryimage\"},\"thumbnailUrl\":\"https:\/\/lappis.org.br\/site\/wp-content\/uploads\/2017\/11\/mesa-amor-mundi-pol-ticas-da-amizade-e-cuidado-8221-foSjrPf8-CE.jpg\",\"datePublished\":\"2017-11-02T17:37:59+00:00\",\"dateModified\":\"2018-06-13T18:39:23+00:00\",\"breadcrumb\":{\"@id\":\"https:\/\/lappis.org.br\/site\/mesa-amor-mundi-politicas-da-amizade-e-cuidado\/7067#breadcrumb\"},\"inLanguage\":\"pt-BR\",\"potentialAction\":[{\"@type\":\"ReadAction\",\"target\":[\"https:\/\/lappis.org.br\/site\/mesa-amor-mundi-politicas-da-amizade-e-cuidado\/7067\"]}]},{\"@type\":\"ImageObject\",\"inLanguage\":\"pt-BR\",\"@id\":\"https:\/\/lappis.org.br\/site\/mesa-amor-mundi-politicas-da-amizade-e-cuidado\/7067#primaryimage\",\"url\":\"https:\/\/lappis.org.br\/site\/wp-content\/uploads\/2017\/11\/mesa-amor-mundi-pol-ticas-da-amizade-e-cuidado-8221-foSjrPf8-CE.jpg\",\"contentUrl\":\"https:\/\/lappis.org.br\/site\/wp-content\/uploads\/2017\/11\/mesa-amor-mundi-pol-ticas-da-amizade-e-cuidado-8221-foSjrPf8-CE.jpg\",\"width\":1280,\"height\":720},{\"@type\":\"BreadcrumbList\",\"@id\":\"https:\/\/lappis.org.br\/site\/mesa-amor-mundi-politicas-da-amizade-e-cuidado\/7067#breadcrumb\",\"itemListElement\":[{\"@type\":\"ListItem\",\"position\":1,\"name\":\"In\u00edcio\",\"item\":\"https:\/\/lappis.org.br\/site\/\"},{\"@type\":\"ListItem\",\"position\":2,\"name\":\"Mesa \u201cAmor Mundi, Pol\u00edticas da Amizade e Cuidado&#8221;\"}]},{\"@type\":\"WebSite\",\"@id\":\"https:\/\/lappis.org.br\/site\/#website\",\"url\":\"https:\/\/lappis.org.br\/site\/\",\"name\":\"Lappis 25 anos\",\"description\":\"Labotat\u00f3rio de Pesquisas sobre Pr\u00e1ticas de Integralidade em Sa\u00fade\",\"publisher\":{\"@id\":\"https:\/\/lappis.org.br\/site\/#organization\"},\"potentialAction\":[{\"@type\":\"SearchAction\",\"target\":{\"@type\":\"EntryPoint\",\"urlTemplate\":\"https:\/\/lappis.org.br\/site\/?s={search_term_string}\"},\"query-input\":{\"@type\":\"PropertyValueSpecification\",\"valueRequired\":true,\"valueName\":\"search_term_string\"}}],\"inLanguage\":\"pt-BR\"},{\"@type\":\"Organization\",\"@id\":\"https:\/\/lappis.org.br\/site\/#organization\",\"name\":\"Lappis 25 anos\",\"url\":\"https:\/\/lappis.org.br\/site\/\",\"logo\":{\"@type\":\"ImageObject\",\"inLanguage\":\"pt-BR\",\"@id\":\"https:\/\/lappis.org.br\/site\/#\/schema\/logo\/image\/\",\"url\":\"https:\/\/lappis.org.br\/site\/wp-content\/uploads\/2025\/03\/logo-lappis25anos.png\",\"contentUrl\":\"https:\/\/lappis.org.br\/site\/wp-content\/uploads\/2025\/03\/logo-lappis25anos.png\",\"width\":388,\"height\":146,\"caption\":\"Lappis 25 anos\"},\"image\":{\"@id\":\"https:\/\/lappis.org.br\/site\/#\/schema\/logo\/image\/\"}},{\"@type\":\"Person\",\"@id\":\"https:\/\/lappis.org.br\/site\/#\/schema\/person\/a6c9c6c82b138017ff6fd9c8ecd41f83\",\"name\":\"Marina Albuquerque\",\"image\":{\"@type\":\"ImageObject\",\"inLanguage\":\"pt-BR\",\"@id\":\"https:\/\/lappis.org.br\/site\/#\/schema\/person\/image\/\",\"url\":\"https:\/\/secure.gravatar.com\/avatar\/8127e75631c33d78e16629a38e67c458?s=96&d=mm&r=g\",\"contentUrl\":\"https:\/\/secure.gravatar.com\/avatar\/8127e75631c33d78e16629a38e67c458?s=96&d=mm&r=g\",\"caption\":\"Marina Albuquerque\"},\"url\":\"https:\/\/lappis.org.br\/site\/author\/marinasilva\"}]}<\/script>\n<!-- \/ Yoast SEO plugin. -->","yoast_head_json":{"title":"Mesa \u201cAmor Mundi, Pol\u00edticas da Amizade e Cuidado\" - Lappis 25 anos","robots":{"index":"index","follow":"follow","max-snippet":"max-snippet:-1","max-image-preview":"max-image-preview:large","max-video-preview":"max-video-preview:-1"},"canonical":"https:\/\/lappis.org.br\/site\/mesa-amor-mundi-politicas-da-amizade-e-cuidado\/7067","og_locale":"pt_BR","og_type":"article","og_title":"Mesa \u201cAmor Mundi, Pol\u00edticas da Amizade e Cuidado\" - Lappis 25 anos","og_description":"#Reportagem A l\u00edder do grupo de pesquisa CNPq Lappis, Roseni Pinheiro, iniciou a mesa \u201cAmor Mundi, Pol\u00edticas da Amizade e Cuidado: sobre a epistemologia da resist\u00eancia&#8221;, primeira atividade oficial do 17\u00ba Semin\u00e1rio do Projeto Integralidade [...]","og_url":"https:\/\/lappis.org.br\/site\/mesa-amor-mundi-politicas-da-amizade-e-cuidado\/7067","og_site_name":"Lappis 25 anos","article_published_time":"2017-11-02T17:37:59+00:00","article_modified_time":"2018-06-13T18:39:23+00:00","og_image":[{"width":1280,"height":720,"url":"https:\/\/lappis.org.br\/site\/wp-content\/uploads\/2017\/11\/mesa-amor-mundi-pol-ticas-da-amizade-e-cuidado-8221-foSjrPf8-CE.jpg","type":"image\/jpeg"}],"author":"Marina Albuquerque","twitter_card":"summary_large_image","twitter_misc":{"Escrito por":"Marina Albuquerque","Est. tempo de leitura":"1 minuto"},"schema":{"@context":"https:\/\/schema.org","@graph":[{"@type":"Article","@id":"https:\/\/lappis.org.br\/site\/mesa-amor-mundi-politicas-da-amizade-e-cuidado\/7067#article","isPartOf":{"@id":"https:\/\/lappis.org.br\/site\/mesa-amor-mundi-politicas-da-amizade-e-cuidado\/7067"},"author":{"name":"Marina Albuquerque","@id":"https:\/\/lappis.org.br\/site\/#\/schema\/person\/a6c9c6c82b138017ff6fd9c8ecd41f83"},"headline":"Mesa \u201cAmor Mundi, Pol\u00edticas da Amizade e Cuidado&#8221;","datePublished":"2017-11-02T17:37:59+00:00","dateModified":"2018-06-13T18:39:23+00:00","mainEntityOfPage":{"@id":"https:\/\/lappis.org.br\/site\/mesa-amor-mundi-politicas-da-amizade-e-cuidado\/7067"},"wordCount":127,"publisher":{"@id":"https:\/\/lappis.org.br\/site\/#organization"},"image":{"@id":"https:\/\/lappis.org.br\/site\/mesa-amor-mundi-politicas-da-amizade-e-cuidado\/7067#primaryimage"},"thumbnailUrl":"https:\/\/lappis.org.br\/site\/wp-content\/uploads\/2017\/11\/mesa-amor-mundi-pol-ticas-da-amizade-e-cuidado-8221-foSjrPf8-CE.jpg","articleSection":["Canal LAPPIS"],"inLanguage":"pt-BR"},{"@type":"WebPage","@id":"https:\/\/lappis.org.br\/site\/mesa-amor-mundi-politicas-da-amizade-e-cuidado\/7067","url":"https:\/\/lappis.org.br\/site\/mesa-amor-mundi-politicas-da-amizade-e-cuidado\/7067","name":"Mesa \u201cAmor Mundi, Pol\u00edticas da Amizade e Cuidado\" - Lappis 25 anos","isPartOf":{"@id":"https:\/\/lappis.org.br\/site\/#website"},"primaryImageOfPage":{"@id":"https:\/\/lappis.org.br\/site\/mesa-amor-mundi-politicas-da-amizade-e-cuidado\/7067#primaryimage"},"image":{"@id":"https:\/\/lappis.org.br\/site\/mesa-amor-mundi-politicas-da-amizade-e-cuidado\/7067#primaryimage"},"thumbnailUrl":"https:\/\/lappis.org.br\/site\/wp-content\/uploads\/2017\/11\/mesa-amor-mundi-pol-ticas-da-amizade-e-cuidado-8221-foSjrPf8-CE.jpg","datePublished":"2017-11-02T17:37:59+00:00","dateModified":"2018-06-13T18:39:23+00:00","breadcrumb":{"@id":"https:\/\/lappis.org.br\/site\/mesa-amor-mundi-politicas-da-amizade-e-cuidado\/7067#breadcrumb"},"inLanguage":"pt-BR","potentialAction":[{"@type":"ReadAction","target":["https:\/\/lappis.org.br\/site\/mesa-amor-mundi-politicas-da-amizade-e-cuidado\/7067"]}]},{"@type":"ImageObject","inLanguage":"pt-BR","@id":"https:\/\/lappis.org.br\/site\/mesa-amor-mundi-politicas-da-amizade-e-cuidado\/7067#primaryimage","url":"https:\/\/lappis.org.br\/site\/wp-content\/uploads\/2017\/11\/mesa-amor-mundi-pol-ticas-da-amizade-e-cuidado-8221-foSjrPf8-CE.jpg","contentUrl":"https:\/\/lappis.org.br\/site\/wp-content\/uploads\/2017\/11\/mesa-amor-mundi-pol-ticas-da-amizade-e-cuidado-8221-foSjrPf8-CE.jpg","width":1280,"height":720},{"@type":"BreadcrumbList","@id":"https:\/\/lappis.org.br\/site\/mesa-amor-mundi-politicas-da-amizade-e-cuidado\/7067#breadcrumb","itemListElement":[{"@type":"ListItem","position":1,"name":"In\u00edcio","item":"https:\/\/lappis.org.br\/site\/"},{"@type":"ListItem","position":2,"name":"Mesa \u201cAmor Mundi, Pol\u00edticas da Amizade e Cuidado&#8221;"}]},{"@type":"WebSite","@id":"https:\/\/lappis.org.br\/site\/#website","url":"https:\/\/lappis.org.br\/site\/","name":"Lappis 25 anos","description":"Labotat\u00f3rio de Pesquisas sobre Pr\u00e1ticas de Integralidade em Sa\u00fade","publisher":{"@id":"https:\/\/lappis.org.br\/site\/#organization"},"potentialAction":[{"@type":"SearchAction","target":{"@type":"EntryPoint","urlTemplate":"https:\/\/lappis.org.br\/site\/?s={search_term_string}"},"query-input":{"@type":"PropertyValueSpecification","valueRequired":true,"valueName":"search_term_string"}}],"inLanguage":"pt-BR"},{"@type":"Organization","@id":"https:\/\/lappis.org.br\/site\/#organization","name":"Lappis 25 anos","url":"https:\/\/lappis.org.br\/site\/","logo":{"@type":"ImageObject","inLanguage":"pt-BR","@id":"https:\/\/lappis.org.br\/site\/#\/schema\/logo\/image\/","url":"https:\/\/lappis.org.br\/site\/wp-content\/uploads\/2025\/03\/logo-lappis25anos.png","contentUrl":"https:\/\/lappis.org.br\/site\/wp-content\/uploads\/2025\/03\/logo-lappis25anos.png","width":388,"height":146,"caption":"Lappis 25 anos"},"image":{"@id":"https:\/\/lappis.org.br\/site\/#\/schema\/logo\/image\/"}},{"@type":"Person","@id":"https:\/\/lappis.org.br\/site\/#\/schema\/person\/a6c9c6c82b138017ff6fd9c8ecd41f83","name":"Marina Albuquerque","image":{"@type":"ImageObject","inLanguage":"pt-BR","@id":"https:\/\/lappis.org.br\/site\/#\/schema\/person\/image\/","url":"https:\/\/secure.gravatar.com\/avatar\/8127e75631c33d78e16629a38e67c458?s=96&d=mm&r=g","contentUrl":"https:\/\/secure.gravatar.com\/avatar\/8127e75631c33d78e16629a38e67c458?s=96&d=mm&r=g","caption":"Marina Albuquerque"},"url":"https:\/\/lappis.org.br\/site\/author\/marinasilva"}]}},"jetpack_featured_media_url":"https:\/\/lappis.org.br\/site\/wp-content\/uploads\/2017\/11\/mesa-amor-mundi-pol-ticas-da-amizade-e-cuidado-8221-foSjrPf8-CE.jpg","jetpack_shortlink":"https:\/\/wp.me\/p954Nh-1PZ","jetpack_sharing_enabled":true,"_links":{"self":[{"href":"https:\/\/lappis.org.br\/site\/wp-json\/wp\/v2\/posts\/7067"}],"collection":[{"href":"https:\/\/lappis.org.br\/site\/wp-json\/wp\/v2\/posts"}],"about":[{"href":"https:\/\/lappis.org.br\/site\/wp-json\/wp\/v2\/types\/post"}],"author":[{"embeddable":true,"href":"https:\/\/lappis.org.br\/site\/wp-json\/wp\/v2\/users\/9"}],"replies":[{"embeddable":true,"href":"https:\/\/lappis.org.br\/site\/wp-json\/wp\/v2\/comments?post=7067"}],"version-history":[{"count":1,"href":"https:\/\/lappis.org.br\/site\/wp-json\/wp\/v2\/posts\/7067\/revisions"}],"predecessor-version":[{"id":7068,"href":"https:\/\/lappis.org.br\/site\/wp-json\/wp\/v2\/posts\/7067\/revisions\/7068"}],"wp:featuredmedia":[{"embeddable":true,"href":"https:\/\/lappis.org.br\/site\/wp-json\/wp\/v2\/media\/7069"}],"wp:attachment":[{"href":"https:\/\/lappis.org.br\/site\/wp-json\/wp\/v2\/media?parent=7067"}],"wp:term":[{"taxonomy":"category","embeddable":true,"href":"https:\/\/lappis.org.br\/site\/wp-json\/wp\/v2\/categories?post=7067"},{"taxonomy":"post_tag","embeddable":true,"href":"https:\/\/lappis.org.br\/site\/wp-json\/wp\/v2\/tags?post=7067"}],"curies":[{"name":"wp","href":"https:\/\/api.w.org\/{rel}","templated":true}]}}