{"id":678,"date":"2011-12-13T14:51:21","date_gmt":"2011-12-13T16:51:21","guid":{"rendered":"http:\/\/lappis.org.br\/site\/2011\/12\/13\/abrasco-e-ministerio-da-saude-fazem-chamada-de-artigos\/"},"modified":"2011-12-13T14:51:21","modified_gmt":"2011-12-13T16:51:21","slug":"abrasco-e-ministerio-da-saude-fazem-chamada-de-artigos","status":"publish","type":"post","link":"https:\/\/lappis.org.br\/site\/abrasco-e-ministerio-da-saude-fazem-chamada-de-artigos\/678","title":{"rendered":"ABRASCO e Minist\u00e9rio da Sa\u00fade fazem chamada de artigos"},"content":{"rendered":"<p><img fetchpriority=\"high\" decoding=\"async\" data-attachment-id=\"651\" data-permalink=\"https:\/\/lappis.org.br\/site\/abrasco-e-ministerio-da-saude-fazem-chamada-de-artigos\/678\/attachment-abrasco\" data-orig-file=\"https:\/\/lappis.org.br\/site\/wp-content\/uploads\/2011\/11\/abrasco.jpg\" data-orig-size=\"394,336\" data-comments-opened=\"1\" data-image-meta=\"{&quot;aperture&quot;:&quot;0&quot;,&quot;credit&quot;:&quot;&quot;,&quot;camera&quot;:&quot;&quot;,&quot;caption&quot;:&quot;&quot;,&quot;created_timestamp&quot;:&quot;0&quot;,&quot;copyright&quot;:&quot;&quot;,&quot;focal_length&quot;:&quot;0&quot;,&quot;iso&quot;:&quot;0&quot;,&quot;shutter_speed&quot;:&quot;0&quot;,&quot;title&quot;:&quot;&quot;,&quot;orientation&quot;:&quot;0&quot;}\" data-image-title=\"abrasco\" data-image-description=\"\" data-image-caption=\"\" data-medium-file=\"https:\/\/lappis.org.br\/site\/wp-content\/uploads\/2011\/11\/abrasco-300x256.jpg\" data-large-file=\"https:\/\/lappis.org.br\/site\/wp-content\/uploads\/2011\/11\/abrasco.jpg\" class=\" alignleft size-full wp-image-651\" alt=\"abrasco\" src=\"http:\/\/lappis.org.br\/site\/wp-content\/uploads\/2011\/11\/abrasco.jpg\" style=\"margin-right: 2px; margin-bottom: 1px; float: left; width: 196px; height: 82px; \" width=\"394\" height=\"336\" \/>Chamada convida autores a publicarem no n&uacute;mero tem&aacute;tico sobre Acesso aos Servi&ccedil;os de Sa&uacute;de no Sistema &Uacute;nico de Sa&uacute;de.<\/p>\n<p style=\"text-align: center;\"><strong>MINIST&Eacute;RIO DA SA&Uacute;DE<\/strong><\/p>\n<p style=\"text-align: center;\"><strong>SECRETARIA DE GEST&Atilde;O ESTRAT&Eacute;GICA E PARTICIPATIVA<\/strong><\/p>\n<p style=\"text-align: center;\"><strong>ASSOCIA&Ccedil;&Atilde;O BRASILEIRA EM SA&Uacute;DE COLETIVA<\/strong><\/p>\n<p style=\"text-align: center;\"><strong>Revista Ci&ecirc;ncia &amp; Sa&uacute;de Coletiva<\/strong><\/p>\n<p style=\"text-align: center;\"><strong>CHAMADA DE ARTIGOS<\/strong><\/p>\n<p style=\"text-align: center;\"><strong>N&Uacute;MERO TEM&Aacute;TICO: ACESSO AOS SERVI&Ccedil;OS DE SA&Uacute;DE NO SISTEMA &Uacute;NICO DE SA&Uacute;DE<\/strong><\/p>\n<p>O Minist&eacute;rio da Sa&uacute;de, por meio da sua Secretaria de Gest&atilde;o Estrat&eacute;gica e&nbsp;Participativa, em parceria com a Associa&ccedil;&atilde;o Brasileira em Sa&uacute;de Coletiva, tornam&nbsp;p&uacute;blico a CHAMADA DE ARTIGOS para compor SUPLEMENTO da Revista Ci&ecirc;ncia &amp;&nbsp;Sa&uacute;de Coletiva, N&Uacute;MERO TEM&Aacute;TICO SOBRE ACESSO AOS SERVI&Ccedil;OS DE SA&Uacute;DE NO&nbsp;SISTEMA &Uacute;NICO DE SA&Uacute;DE.<\/p>\n<p>A publica&ccedil;&atilde;o deste SUPLEMENTO visa incentivar a produ&ccedil;&atilde;o t&eacute;cnico-cient&iacute;fica&nbsp;sobre a tem&aacute;tica do Acesso aos Servi&ccedil;os de Sa&uacute;de, cuja garantia universal, sob o olhar&nbsp;da equidade, ainda hoje &eacute; um dos grandes desafios do SUS.<\/p>\n<p>Propor e desenvolver pol&iacute;ticas p&uacute;blicas, problematizar, debater, estudar e&nbsp;pesquisar o Acesso aos Servi&ccedil;os de Sa&uacute;de no &acirc;mbito do Sistema &Uacute;nico de Sa&uacute;de &eacute;&nbsp;fundamental para a supera&ccedil;&atilde;o dos desafios no campo da gest&atilde;o p&uacute;blica da Sa&uacute;de.<\/p>\n<p>O Suplemento sobre Acesso aos Servi&ccedil;os de Sa&uacute;de &eacute; a express&atilde;o do&nbsp;compromisso que o Minist&eacute;rio da Sa&uacute;de e a ABRASCO &ndash; Revista de Ci&ecirc;ncia &amp; Sa&uacute;de&nbsp;Coletiva &ndash; t&ecirc;m em compartilhar metodologias, ideias e pr&aacute;ticas de gest&atilde;o, integrando&nbsp;esfor&ccedil;os para ampliar o di&aacute;logo sobre as possibilidades de melhoria e qualifica&ccedil;&atilde;o do&nbsp;SUS.<\/p>\n<p>Trata-se de uma parceria que tem a inten&ccedil;&atilde;o pol&iacute;tica de manifestar a justeza e&nbsp;a import&acirc;ncia &eacute;tica dos estudos do Acesso aos Servi&ccedil;os de Sa&uacute;de sobre a gest&atilde;o&nbsp;cotidiana do SUS, tendo como compromisso o atendimento integral e equ&acirc;nime das&nbsp;necessidades em sa&uacute;de da popula&ccedil;&atilde;o brasileira.<\/p>\n<p>N&Uacute;MERO TEM&Aacute;TICO: ACESSO AOS SERVI&Ccedil;OS DE SA&Uacute;DE NO SISTEMA &Uacute;NICO DE&nbsp;SA&Uacute;DE<\/p>\n<p>1. Editores Convidados<\/p>\n<p>Ana Luiza d&#39;&Aacute;vila Viana, Professora do Departamento de Medicina Preventiva&nbsp;da Faculdade de Medicina da Universidade de S&atilde;o Paulo, Mestre e Doutora em&nbsp;Ci&ecirc;ncia Econ&ocirc;mica pela Universidade Estadual de Campinas.<\/p>\n<p>Gast&atilde;o Wagner de Sousa Campos, Professor Titular da Universidade Estadual&nbsp;de Campinas, Membro de corpo editorial da Trabalho, Educa&ccedil;&atilde;o e Sa&uacute;de,&nbsp;Membro de corpo editorial da Revista Ci&ecirc;ncia &amp; Sa&uacute;de Coletiva, Mestre em&nbsp;Medicina Preventiva pela Universidade de S&atilde;o Paulo, Doutor em Sa&uacute;de Coletiva&nbsp;pela Universidade Estadual de Campinas.<\/p>\n<p>Helv&eacute;cio Miranda Magalh&atilde;es Miranda, Secret&aacute;rio de Assist&ecirc;ncia &agrave; Sa&uacute;de do&nbsp;Minist&eacute;rio da Sa&uacute;de, M&eacute;dico, Especialista em Cl&iacute;nica M&eacute;dica e Epidemiologia&nbsp;Doutor em Sa&uacute;de Coletiva pela Universidade Estadual de Campinas.<\/p>\n<p>Ligia Bahia, Professora Adjunta da Universidade Federal do Rio de Janeiro,&nbsp;Mestre em Sa&uacute;de P&uacute;blica pela Funda&ccedil;&atilde;o Oswaldo Cruz, Doutora em Sa&uacute;de&nbsp;P&uacute;blica pela Funda&ccedil;&atilde;o Oswaldo Cruz.<\/p>\n<p>Luiz Odorico Monteiro de Andrade, Secret&aacute;rio de Gest&atilde;o Estrat&eacute;gica e&nbsp;Participativa do Minist&eacute;rio da Sa&uacute;de, Professor Adjunto do curso de&nbsp;Medicina\/Sobral na Universidade Federal do Cear&aacute;, Coordenador do&nbsp;Laborat&oacute;rio de Redes Integradas e Inteligentes de Sistemas de Sa&uacute;de (LARIISA),&nbsp;Mestre em Sa&uacute;de P&uacute;blica pela Universidade Federal do Cear&aacute;, Doutor em&nbsp;Sa&uacute;de Coletiva pela Universidade Estadual de Campinas, com P&oacute;s-Doutorado&nbsp;na Universidade de Montreal &ndash; Quebec &ndash; Canad&aacute;.<\/p>\n<p>2. Objetivo<\/p>\n<p>Este ser&aacute; um n&uacute;mero tem&aacute;tico sobre Acesso aos Servi&ccedil;os de Sa&uacute;de no Sistema &Uacute;nico&nbsp;de Sa&uacute;de. A &ecirc;nfase ser&aacute; nos estudos sobre as v&aacute;rias abordagens do acesso aos servi&ccedil;os&nbsp;de sa&uacute;de em rela&ccedil;&atilde;o &agrave; gest&atilde;o do SUS.<\/p>\n<p>3. Itens a serem cobertos pelo n&uacute;mero tem&aacute;tico:<\/p>\n<p>3.1 Estudos emp&iacute;ricos que discutam a magnitude, as pr&aacute;ticas e os m&eacute;todos utilizados&nbsp;para caracterizar e refletir sobre o acesso aos servi&ccedil;os de sa&uacute;de no &acirc;mbito do SUS;<\/p>\n<p>3.2 Estudos emp&iacute;ricos que abordem interven&ccedil;&otilde;es no campo da gest&atilde;o de sistemas de&nbsp;sa&uacute;de relacionadas com a promo&ccedil;&atilde;o do acesso aos servi&ccedil;os de sa&uacute;de;<\/p>\n<p>3.3 Estudos emp&iacute;ricos que relacionem a identifica&ccedil;&atilde;o de necessidades em sa&uacute;de da&nbsp;popula&ccedil;&atilde;o, organiza&ccedil;&atilde;o de Sistemas de Sa&uacute;de e acesso aos servi&ccedil;os.<\/p>\n<p>3.4 Estudos que debatam os processos de organiza&ccedil;&atilde;o do Sistema de Sa&uacute;de,&nbsp;planejamento, regula&ccedil;&atilde;o e avalia&ccedil;&atilde;o do acesso aos servi&ccedil;os de sa&uacute;de no SUS.<\/p>\n<p>3.5 Estudos que relacionem a forma&ccedil;&atilde;o de redes de aten&ccedil;&atilde;o &agrave; sa&uacute;de, rela&ccedil;&otilde;es&nbsp;interfederativas e acesso aos servi&ccedil;os de sa&uacute;de no SUS.<\/p>\n<p>3.6 Estudos que abordem as pr&aacute;ticas de educa&ccedil;&atilde;o popular em sa&uacute;de e o acesso aos&nbsp;servi&ccedil;os de sa&uacute;de.<\/p>\n<p>3.7 Estudos das diferentes abordagens te&oacute;ricas e metodol&oacute;gicas sobre os mecanismos&nbsp;atrav&eacute;s dos quais os determinantes sociais da sa&uacute;de influenciam no acesso aos&nbsp;servi&ccedil;os de sa&uacute;de.<\/p>\n<p>3.8 Estudos sobre o acesso aos servi&ccedil;os de sa&uacute;de das popula&ccedil;&otilde;es que vivem em&nbsp;situa&ccedil;&atilde;o de vulnerabilidade e exclus&atilde;o.<\/p>\n<p>3.9 Estudos avaliativos sobre pol&iacute;ticas, programas e projetos, desenvolvidos por&nbsp;organiza&ccedil;&otilde;es governamentais e n&atilde;o governamentais, com vistas &agrave; promo&ccedil;&atilde;o da&nbsp;melhoria do acesso aos servi&ccedil;os de sa&uacute;de, realizadas em &acirc;mbito local, regional,&nbsp;estadual ou nacional.<\/p>\n<p>3.10 Estudos sobre satisfa&ccedil;&atilde;o do usu&aacute;rio em rela&ccedil;&atilde;o ao acesso e a qualidade dos&nbsp;servi&ccedil;os de sa&uacute;de oferecidos pelo SUS.<\/p>\n<p>3.11 An&aacute;lises e descri&ccedil;&otilde;es de metodologias de investiga&ccedil;&atilde;o qualitativas,&nbsp;quantitativas e mistas para a pesquisa sobre o acesso aos servi&ccedil;os de sa&uacute;de e a&nbsp;organiza&ccedil;&atilde;o de sistemas de sa&uacute;de.<\/p>\n<p>3.12 Ensaios sobre o acesso aos servi&ccedil;os de sa&uacute;de no &acirc;mbito do SUS.<\/p>\n<p>4. Prazos<\/p>\n<p>4.1 Chamada para artigos: 03 de Dezembro de 2011 a 30 de abril de 2012.<\/p>\n<p>5. Observa&ccedil;&otilde;es Gerais<\/p>\n<p>5.1 As propostas dever&atilde;o ser enviadas para o e-mail de Clarice Santos:<\/p>\n<p>dianprabha@gmail.com<\/p>\n<p>5.2 Instru&ccedil;&otilde;es para Colaboradores sobre Artigos acessar:<\/p>\n<p>www.cienciaesaudecoletiva.com.br, &iacute;cone &quot;instru&ccedil;&otilde;es para colaboradores&quot;.<\/p>\n","protected":false},"excerpt":{"rendered":"<div class=\"mh-excerpt\"><p><img decoding=\"async\" class=\" alignleft size-full wp-image-651\" alt=\"abrasco\" src=\"http:\/\/lappis.org.br\/site\/wp-content\/uploads\/2011\/11\/abrasco.jpg\" style=\"margin-right: 2px; margin-bottom: 1px; float: left; width: 196px; height: 82px; \" width=\"394\" height=\"336\" \/>Chamada convida autores a publicarem no n&uacute;mero tem&aacute;tico sobre Acesso aos Servi&ccedil;os de Sa&uacute;de no Sistema &Uacute;nico de Sa&uacute;de.<\/p>\n<p> <a class=\"mh-excerpt-more\" href=\"https:\/\/lappis.org.br\/site\/abrasco-e-ministerio-da-saude-fazem-chamada-de-artigos\/678\" title=\"ABRASCO e Minist\u00e9rio da Sa\u00fade fazem chamada de artigos\">[&#8230;]<\/a><\/p>\n<\/div>","protected":false},"author":1,"featured_media":651,"comment_status":"open","ping_status":"open","sticky":false,"template":"","format":"standard","meta":{"_acf_changed":false,"_exactmetrics_skip_tracking":false,"_exactmetrics_sitenote_active":false,"_exactmetrics_sitenote_note":"","_exactmetrics_sitenote_category":0,"jetpack_post_was_ever_published":false,"_jetpack_newsletter_access":"","_jetpack_dont_email_post_to_subs":false,"_jetpack_newsletter_tier_id":0,"_jetpack_memberships_contains_paywalled_content":false,"_jetpack_memberships_contains_paid_content":false,"footnotes":"","jetpack_publicize_message":"","jetpack_publicize_feature_enabled":true,"jetpack_social_post_already_shared":false,"jetpack_social_options":{"image_generator_settings":{"template":"highway","enabled":false},"version":2}},"categories":[8],"tags":[],"class_list":{"0":"post-678","1":"post","2":"type-post","3":"status-publish","4":"format-standard","5":"has-post-thumbnail","7":"category-noticia"},"jetpack_publicize_connections":[],"acf":[],"yoast_head":"<!-- This site is optimized with the Yoast SEO plugin v25.2 - https:\/\/yoast.com\/wordpress\/plugins\/seo\/ -->\n<title>ABRASCO e Minist\u00e9rio da Sa\u00fade fazem chamada de artigos - Lappis 25 anos<\/title>\n<meta name=\"robots\" content=\"index, follow, max-snippet:-1, max-image-preview:large, max-video-preview:-1\" \/>\n<link rel=\"canonical\" href=\"https:\/\/lappis.org.br\/site\/abrasco-e-ministerio-da-saude-fazem-chamada-de-artigos\/678\" \/>\n<meta property=\"og:locale\" content=\"pt_BR\" \/>\n<meta property=\"og:type\" content=\"article\" \/>\n<meta property=\"og:title\" content=\"ABRASCO e Minist\u00e9rio da Sa\u00fade fazem chamada de artigos - Lappis 25 anos\" \/>\n<meta property=\"og:description\" content=\"Chamada convida autores a publicarem no n&uacute;mero tem&aacute;tico sobre Acesso aos Servi&ccedil;os de Sa&uacute;de no Sistema &Uacute;nico de Sa&uacute;de. [...]\" \/>\n<meta property=\"og:url\" content=\"https:\/\/lappis.org.br\/site\/abrasco-e-ministerio-da-saude-fazem-chamada-de-artigos\/678\" \/>\n<meta property=\"og:site_name\" content=\"Lappis 25 anos\" \/>\n<meta property=\"article:published_time\" content=\"2011-12-13T16:51:21+00:00\" \/>\n<meta property=\"og:image\" content=\"https:\/\/lappis.org.br\/site\/wp-content\/uploads\/2011\/11\/abrasco.jpg\" \/>\n\t<meta property=\"og:image:width\" content=\"394\" \/>\n\t<meta property=\"og:image:height\" content=\"336\" \/>\n\t<meta property=\"og:image:type\" content=\"image\/jpeg\" \/>\n<meta name=\"author\" content=\"fw2\" \/>\n<meta name=\"twitter:card\" content=\"summary_large_image\" \/>\n<meta name=\"twitter:label1\" content=\"Escrito por\" \/>\n\t<meta name=\"twitter:data1\" content=\"fw2\" \/>\n\t<meta name=\"twitter:label2\" content=\"Est. tempo de leitura\" \/>\n\t<meta name=\"twitter:data2\" content=\"7 minutos\" \/>\n<script type=\"application\/ld+json\" class=\"yoast-schema-graph\">{\"@context\":\"https:\/\/schema.org\",\"@graph\":[{\"@type\":\"Article\",\"@id\":\"https:\/\/lappis.org.br\/site\/abrasco-e-ministerio-da-saude-fazem-chamada-de-artigos\/678#article\",\"isPartOf\":{\"@id\":\"https:\/\/lappis.org.br\/site\/abrasco-e-ministerio-da-saude-fazem-chamada-de-artigos\/678\"},\"author\":{\"name\":\"fw2\",\"@id\":\"https:\/\/lappis.org.br\/site\/#\/schema\/person\/3852381d08284b5e2716b20bd89bdbcf\"},\"headline\":\"ABRASCO e Minist\u00e9rio da Sa\u00fade fazem chamada de artigos\",\"datePublished\":\"2011-12-13T16:51:21+00:00\",\"mainEntityOfPage\":{\"@id\":\"https:\/\/lappis.org.br\/site\/abrasco-e-ministerio-da-saude-fazem-chamada-de-artigos\/678\"},\"wordCount\":1356,\"commentCount\":0,\"publisher\":{\"@id\":\"https:\/\/lappis.org.br\/site\/#organization\"},\"image\":{\"@id\":\"https:\/\/lappis.org.br\/site\/abrasco-e-ministerio-da-saude-fazem-chamada-de-artigos\/678#primaryimage\"},\"thumbnailUrl\":\"https:\/\/lappis.org.br\/site\/wp-content\/uploads\/2011\/11\/abrasco.jpg\",\"articleSection\":[\"Not\u00edcia\"],\"inLanguage\":\"pt-BR\",\"potentialAction\":[{\"@type\":\"CommentAction\",\"name\":\"Comment\",\"target\":[\"https:\/\/lappis.org.br\/site\/abrasco-e-ministerio-da-saude-fazem-chamada-de-artigos\/678#respond\"]}]},{\"@type\":\"WebPage\",\"@id\":\"https:\/\/lappis.org.br\/site\/abrasco-e-ministerio-da-saude-fazem-chamada-de-artigos\/678\",\"url\":\"https:\/\/lappis.org.br\/site\/abrasco-e-ministerio-da-saude-fazem-chamada-de-artigos\/678\",\"name\":\"ABRASCO e Minist\u00e9rio da Sa\u00fade fazem chamada de artigos - Lappis 25 anos\",\"isPartOf\":{\"@id\":\"https:\/\/lappis.org.br\/site\/#website\"},\"primaryImageOfPage\":{\"@id\":\"https:\/\/lappis.org.br\/site\/abrasco-e-ministerio-da-saude-fazem-chamada-de-artigos\/678#primaryimage\"},\"image\":{\"@id\":\"https:\/\/lappis.org.br\/site\/abrasco-e-ministerio-da-saude-fazem-chamada-de-artigos\/678#primaryimage\"},\"thumbnailUrl\":\"https:\/\/lappis.org.br\/site\/wp-content\/uploads\/2011\/11\/abrasco.jpg\",\"datePublished\":\"2011-12-13T16:51:21+00:00\",\"breadcrumb\":{\"@id\":\"https:\/\/lappis.org.br\/site\/abrasco-e-ministerio-da-saude-fazem-chamada-de-artigos\/678#breadcrumb\"},\"inLanguage\":\"pt-BR\",\"potentialAction\":[{\"@type\":\"ReadAction\",\"target\":[\"https:\/\/lappis.org.br\/site\/abrasco-e-ministerio-da-saude-fazem-chamada-de-artigos\/678\"]}]},{\"@type\":\"ImageObject\",\"inLanguage\":\"pt-BR\",\"@id\":\"https:\/\/lappis.org.br\/site\/abrasco-e-ministerio-da-saude-fazem-chamada-de-artigos\/678#primaryimage\",\"url\":\"https:\/\/lappis.org.br\/site\/wp-content\/uploads\/2011\/11\/abrasco.jpg\",\"contentUrl\":\"https:\/\/lappis.org.br\/site\/wp-content\/uploads\/2011\/11\/abrasco.jpg\",\"width\":394,\"height\":336,\"caption\":\"abrasco\"},{\"@type\":\"BreadcrumbList\",\"@id\":\"https:\/\/lappis.org.br\/site\/abrasco-e-ministerio-da-saude-fazem-chamada-de-artigos\/678#breadcrumb\",\"itemListElement\":[{\"@type\":\"ListItem\",\"position\":1,\"name\":\"In\u00edcio\",\"item\":\"https:\/\/lappis.org.br\/site\/\"},{\"@type\":\"ListItem\",\"position\":2,\"name\":\"ABRASCO e Minist\u00e9rio da Sa\u00fade fazem chamada de artigos\"}]},{\"@type\":\"WebSite\",\"@id\":\"https:\/\/lappis.org.br\/site\/#website\",\"url\":\"https:\/\/lappis.org.br\/site\/\",\"name\":\"Lappis 25 anos\",\"description\":\"Labotat\u00f3rio de Pesquisas sobre Pr\u00e1ticas de Integralidade em Sa\u00fade\",\"publisher\":{\"@id\":\"https:\/\/lappis.org.br\/site\/#organization\"},\"potentialAction\":[{\"@type\":\"SearchAction\",\"target\":{\"@type\":\"EntryPoint\",\"urlTemplate\":\"https:\/\/lappis.org.br\/site\/?s={search_term_string}\"},\"query-input\":{\"@type\":\"PropertyValueSpecification\",\"valueRequired\":true,\"valueName\":\"search_term_string\"}}],\"inLanguage\":\"pt-BR\"},{\"@type\":\"Organization\",\"@id\":\"https:\/\/lappis.org.br\/site\/#organization\",\"name\":\"Lappis 25 anos\",\"url\":\"https:\/\/lappis.org.br\/site\/\",\"logo\":{\"@type\":\"ImageObject\",\"inLanguage\":\"pt-BR\",\"@id\":\"https:\/\/lappis.org.br\/site\/#\/schema\/logo\/image\/\",\"url\":\"https:\/\/lappis.org.br\/site\/wp-content\/uploads\/2025\/03\/logo-lappis25anos.png\",\"contentUrl\":\"https:\/\/lappis.org.br\/site\/wp-content\/uploads\/2025\/03\/logo-lappis25anos.png\",\"width\":388,\"height\":146,\"caption\":\"Lappis 25 anos\"},\"image\":{\"@id\":\"https:\/\/lappis.org.br\/site\/#\/schema\/logo\/image\/\"}},{\"@type\":\"Person\",\"@id\":\"https:\/\/lappis.org.br\/site\/#\/schema\/person\/3852381d08284b5e2716b20bd89bdbcf\",\"name\":\"fw2\",\"image\":{\"@type\":\"ImageObject\",\"inLanguage\":\"pt-BR\",\"@id\":\"https:\/\/lappis.org.br\/site\/#\/schema\/person\/image\/\",\"url\":\"https:\/\/secure.gravatar.com\/avatar\/c38472c0cdbde82d9b6fcc26adb3779d?s=96&d=mm&r=g\",\"contentUrl\":\"https:\/\/secure.gravatar.com\/avatar\/c38472c0cdbde82d9b6fcc26adb3779d?s=96&d=mm&r=g\",\"caption\":\"fw2\"},\"url\":\"https:\/\/lappis.org.br\/site\/author\/fw2\"}]}<\/script>\n<!-- \/ Yoast SEO plugin. -->","yoast_head_json":{"title":"ABRASCO e Minist\u00e9rio da Sa\u00fade fazem chamada de artigos - Lappis 25 anos","robots":{"index":"index","follow":"follow","max-snippet":"max-snippet:-1","max-image-preview":"max-image-preview:large","max-video-preview":"max-video-preview:-1"},"canonical":"https:\/\/lappis.org.br\/site\/abrasco-e-ministerio-da-saude-fazem-chamada-de-artigos\/678","og_locale":"pt_BR","og_type":"article","og_title":"ABRASCO e Minist\u00e9rio da Sa\u00fade fazem chamada de artigos - Lappis 25 anos","og_description":"Chamada convida autores a publicarem no n&uacute;mero tem&aacute;tico sobre Acesso aos Servi&ccedil;os de Sa&uacute;de no Sistema &Uacute;nico de Sa&uacute;de. [...]","og_url":"https:\/\/lappis.org.br\/site\/abrasco-e-ministerio-da-saude-fazem-chamada-de-artigos\/678","og_site_name":"Lappis 25 anos","article_published_time":"2011-12-13T16:51:21+00:00","og_image":[{"width":394,"height":336,"url":"https:\/\/lappis.org.br\/site\/wp-content\/uploads\/2011\/11\/abrasco.jpg","type":"image\/jpeg"}],"author":"fw2","twitter_card":"summary_large_image","twitter_misc":{"Escrito por":"fw2","Est. tempo de leitura":"7 minutos"},"schema":{"@context":"https:\/\/schema.org","@graph":[{"@type":"Article","@id":"https:\/\/lappis.org.br\/site\/abrasco-e-ministerio-da-saude-fazem-chamada-de-artigos\/678#article","isPartOf":{"@id":"https:\/\/lappis.org.br\/site\/abrasco-e-ministerio-da-saude-fazem-chamada-de-artigos\/678"},"author":{"name":"fw2","@id":"https:\/\/lappis.org.br\/site\/#\/schema\/person\/3852381d08284b5e2716b20bd89bdbcf"},"headline":"ABRASCO e Minist\u00e9rio da Sa\u00fade fazem chamada de artigos","datePublished":"2011-12-13T16:51:21+00:00","mainEntityOfPage":{"@id":"https:\/\/lappis.org.br\/site\/abrasco-e-ministerio-da-saude-fazem-chamada-de-artigos\/678"},"wordCount":1356,"commentCount":0,"publisher":{"@id":"https:\/\/lappis.org.br\/site\/#organization"},"image":{"@id":"https:\/\/lappis.org.br\/site\/abrasco-e-ministerio-da-saude-fazem-chamada-de-artigos\/678#primaryimage"},"thumbnailUrl":"https:\/\/lappis.org.br\/site\/wp-content\/uploads\/2011\/11\/abrasco.jpg","articleSection":["Not\u00edcia"],"inLanguage":"pt-BR","potentialAction":[{"@type":"CommentAction","name":"Comment","target":["https:\/\/lappis.org.br\/site\/abrasco-e-ministerio-da-saude-fazem-chamada-de-artigos\/678#respond"]}]},{"@type":"WebPage","@id":"https:\/\/lappis.org.br\/site\/abrasco-e-ministerio-da-saude-fazem-chamada-de-artigos\/678","url":"https:\/\/lappis.org.br\/site\/abrasco-e-ministerio-da-saude-fazem-chamada-de-artigos\/678","name":"ABRASCO e Minist\u00e9rio da Sa\u00fade fazem chamada de artigos - Lappis 25 anos","isPartOf":{"@id":"https:\/\/lappis.org.br\/site\/#website"},"primaryImageOfPage":{"@id":"https:\/\/lappis.org.br\/site\/abrasco-e-ministerio-da-saude-fazem-chamada-de-artigos\/678#primaryimage"},"image":{"@id":"https:\/\/lappis.org.br\/site\/abrasco-e-ministerio-da-saude-fazem-chamada-de-artigos\/678#primaryimage"},"thumbnailUrl":"https:\/\/lappis.org.br\/site\/wp-content\/uploads\/2011\/11\/abrasco.jpg","datePublished":"2011-12-13T16:51:21+00:00","breadcrumb":{"@id":"https:\/\/lappis.org.br\/site\/abrasco-e-ministerio-da-saude-fazem-chamada-de-artigos\/678#breadcrumb"},"inLanguage":"pt-BR","potentialAction":[{"@type":"ReadAction","target":["https:\/\/lappis.org.br\/site\/abrasco-e-ministerio-da-saude-fazem-chamada-de-artigos\/678"]}]},{"@type":"ImageObject","inLanguage":"pt-BR","@id":"https:\/\/lappis.org.br\/site\/abrasco-e-ministerio-da-saude-fazem-chamada-de-artigos\/678#primaryimage","url":"https:\/\/lappis.org.br\/site\/wp-content\/uploads\/2011\/11\/abrasco.jpg","contentUrl":"https:\/\/lappis.org.br\/site\/wp-content\/uploads\/2011\/11\/abrasco.jpg","width":394,"height":336,"caption":"abrasco"},{"@type":"BreadcrumbList","@id":"https:\/\/lappis.org.br\/site\/abrasco-e-ministerio-da-saude-fazem-chamada-de-artigos\/678#breadcrumb","itemListElement":[{"@type":"ListItem","position":1,"name":"In\u00edcio","item":"https:\/\/lappis.org.br\/site\/"},{"@type":"ListItem","position":2,"name":"ABRASCO e Minist\u00e9rio da Sa\u00fade fazem chamada de artigos"}]},{"@type":"WebSite","@id":"https:\/\/lappis.org.br\/site\/#website","url":"https:\/\/lappis.org.br\/site\/","name":"Lappis 25 anos","description":"Labotat\u00f3rio de Pesquisas sobre Pr\u00e1ticas de Integralidade em Sa\u00fade","publisher":{"@id":"https:\/\/lappis.org.br\/site\/#organization"},"potentialAction":[{"@type":"SearchAction","target":{"@type":"EntryPoint","urlTemplate":"https:\/\/lappis.org.br\/site\/?s={search_term_string}"},"query-input":{"@type":"PropertyValueSpecification","valueRequired":true,"valueName":"search_term_string"}}],"inLanguage":"pt-BR"},{"@type":"Organization","@id":"https:\/\/lappis.org.br\/site\/#organization","name":"Lappis 25 anos","url":"https:\/\/lappis.org.br\/site\/","logo":{"@type":"ImageObject","inLanguage":"pt-BR","@id":"https:\/\/lappis.org.br\/site\/#\/schema\/logo\/image\/","url":"https:\/\/lappis.org.br\/site\/wp-content\/uploads\/2025\/03\/logo-lappis25anos.png","contentUrl":"https:\/\/lappis.org.br\/site\/wp-content\/uploads\/2025\/03\/logo-lappis25anos.png","width":388,"height":146,"caption":"Lappis 25 anos"},"image":{"@id":"https:\/\/lappis.org.br\/site\/#\/schema\/logo\/image\/"}},{"@type":"Person","@id":"https:\/\/lappis.org.br\/site\/#\/schema\/person\/3852381d08284b5e2716b20bd89bdbcf","name":"fw2","image":{"@type":"ImageObject","inLanguage":"pt-BR","@id":"https:\/\/lappis.org.br\/site\/#\/schema\/person\/image\/","url":"https:\/\/secure.gravatar.com\/avatar\/c38472c0cdbde82d9b6fcc26adb3779d?s=96&d=mm&r=g","contentUrl":"https:\/\/secure.gravatar.com\/avatar\/c38472c0cdbde82d9b6fcc26adb3779d?s=96&d=mm&r=g","caption":"fw2"},"url":"https:\/\/lappis.org.br\/site\/author\/fw2"}]}},"jetpack_featured_media_url":"https:\/\/lappis.org.br\/site\/wp-content\/uploads\/2011\/11\/abrasco.jpg","jetpack_shortlink":"https:\/\/wp.me\/p954Nh-aW","jetpack_sharing_enabled":true,"_links":{"self":[{"href":"https:\/\/lappis.org.br\/site\/wp-json\/wp\/v2\/posts\/678"}],"collection":[{"href":"https:\/\/lappis.org.br\/site\/wp-json\/wp\/v2\/posts"}],"about":[{"href":"https:\/\/lappis.org.br\/site\/wp-json\/wp\/v2\/types\/post"}],"author":[{"embeddable":true,"href":"https:\/\/lappis.org.br\/site\/wp-json\/wp\/v2\/users\/1"}],"replies":[{"embeddable":true,"href":"https:\/\/lappis.org.br\/site\/wp-json\/wp\/v2\/comments?post=678"}],"version-history":[{"count":0,"href":"https:\/\/lappis.org.br\/site\/wp-json\/wp\/v2\/posts\/678\/revisions"}],"wp:featuredmedia":[{"embeddable":true,"href":"https:\/\/lappis.org.br\/site\/wp-json\/wp\/v2\/media\/651"}],"wp:attachment":[{"href":"https:\/\/lappis.org.br\/site\/wp-json\/wp\/v2\/media?parent=678"}],"wp:term":[{"taxonomy":"category","embeddable":true,"href":"https:\/\/lappis.org.br\/site\/wp-json\/wp\/v2\/categories?post=678"},{"taxonomy":"post_tag","embeddable":true,"href":"https:\/\/lappis.org.br\/site\/wp-json\/wp\/v2\/tags?post=678"}],"curies":[{"name":"wp","href":"https:\/\/api.w.org\/{rel}","templated":true}]}}