{"id":6227,"date":"2014-10-13T01:38:06","date_gmt":"2014-10-13T04:38:06","guid":{"rendered":"http:\/\/lappis.org.br\/site\/?p=6227"},"modified":"2023-05-18T22:58:12","modified_gmt":"2023-05-19T01:58:12","slug":"xiv-seminario-de-integralidade","status":"publish","type":"post","link":"https:\/\/lappis.org.br\/site\/xiv-seminario-de-integralidade\/6227","title":{"rendered":"XIV Semin\u00e1rio de Integralidade"},"content":{"rendered":"<ul class=\"nav nav-tabs nav-justified\">\n<li class=\" active\"><a href=\"#apresentacao\">Apresenta\u00e7\u00e3o<\/a><\/li>\n<li><a href=\"#programacao\">Programa\u00e7\u00e3o<\/a><\/li>\n<li><a href=\"#multimidia\">Multim\u00eddia<\/a><\/li>\n<li><a href=\"#certificado\">Certificado<\/a><\/li>\n<li><a href=\"#apoio\">Apoio<\/a><\/li>\n<li><a href=\"#noticias\">Not\u00edcias<\/a><\/li>\n<\/ul>\n<h2><a id=\"apresentacao\"><\/a>APRESENTA\u00c7\u00c3O<\/h2>\n<p><img fetchpriority=\"high\" decoding=\"async\" data-attachment-id=\"6228\" data-permalink=\"https:\/\/lappis.org.br\/site\/xiv-seminario-de-integralidade\/6227\/vdvxcvz\" data-orig-file=\"https:\/\/lappis.org.br\/site\/wp-content\/uploads\/2018\/04\/vdvxcvz.jpg\" data-orig-size=\"900,389\" data-comments-opened=\"0\" data-image-meta=\"{&quot;aperture&quot;:&quot;0&quot;,&quot;credit&quot;:&quot;&quot;,&quot;camera&quot;:&quot;&quot;,&quot;caption&quot;:&quot;&quot;,&quot;created_timestamp&quot;:&quot;0&quot;,&quot;copyright&quot;:&quot;&quot;,&quot;focal_length&quot;:&quot;0&quot;,&quot;iso&quot;:&quot;0&quot;,&quot;shutter_speed&quot;:&quot;0&quot;,&quot;title&quot;:&quot;&quot;,&quot;orientation&quot;:&quot;0&quot;}\" data-image-title=\"vdvxcvz\" data-image-description=\"\" data-image-caption=\"\" data-medium-file=\"https:\/\/lappis.org.br\/site\/wp-content\/uploads\/2018\/04\/vdvxcvz-300x130.jpg\" data-large-file=\"https:\/\/lappis.org.br\/site\/wp-content\/uploads\/2018\/04\/vdvxcvz.jpg\" class=\"wp-image-6228 alignright\" src=\"http:\/\/lappis.org.br\/site\/wp-content\/uploads\/2018\/04\/vdvxcvz-300x130.jpg\" alt=\"\" width=\"383\" height=\"166\" srcset=\"https:\/\/lappis.org.br\/site\/wp-content\/uploads\/2018\/04\/vdvxcvz-300x130.jpg 300w, https:\/\/lappis.org.br\/site\/wp-content\/uploads\/2018\/04\/vdvxcvz-768x332.jpg 768w, https:\/\/lappis.org.br\/site\/wp-content\/uploads\/2018\/04\/vdvxcvz-250x108.jpg 250w, https:\/\/lappis.org.br\/site\/wp-content\/uploads\/2018\/04\/vdvxcvz-330x143.jpg 330w, https:\/\/lappis.org.br\/site\/wp-content\/uploads\/2018\/04\/vdvxcvz.jpg 900w\" sizes=\"(max-width: 383px) 100vw, 383px\" \/><\/p>\n<p align=\"justify\">O LAPPIS, juntamente com o <strong>UBA<\/strong> e o <strong>RIEPS<\/strong> organizaram no per\u00edodo de 13 a 17 de outubro de 2014 o <strong>XIV Semin\u00e1rio Internacional do Projeto de Integralidade, trazendo como tema principal &#8220;<\/strong><strong>Saberes e pr\u00e1ticas no cotidiano das institui\u00e7\u00f5es de sa\u00fade &#8211; Cultura do cuidado e o cuidado na cultura: dilemas, desafios e avan\u00e7os para efetiva\u00e7\u00e3o da integralidade como direito humano \u00e0 sa\u00fade<\/strong> no MERCOSUL&#8221;.<\/p>\n<p align=\"justify\">O evento que foi realizado em Porto Alegre, no Brasil, e em Buenos Aires, na Argentina teve atividades como lan\u00e7amento de livros, mesas-redondas, debates, confer\u00eancias, minicursos e muito mais.<\/p>\n<p><strong>Comiss\u00e3o organizadora nacional:<\/strong><\/p>\n<ul>\n<li>Roseni Pinheiro<\/li>\n<li>Maria Elizabeth Barros de Barros<\/li>\n<li>Fabio Hebert da Silva<\/li>\n<li>Felipe Asensi<\/li>\n<li>Ana Lucia Coelho Heckert<\/li>\n<\/ul>\n<p><strong>Comiss\u00e3o organizadora local:<\/strong><\/p>\n<ul>\n<li>Maria Elizabeth Barros de Barros<\/li>\n<li>Fabio Hebert da Silva<\/li>\n<li>Ana Lucia Coelho Heckert<\/li>\n<\/ul>\n<p align=\"justify\"><strong>P\u00fablico-alvo:<\/strong><strong>\u00a0<\/strong>profissionais, pesquisadores, docentes, estudantes, usu\u00e1rios, gestores e associa\u00e7\u00f5es p\u00fablicas<\/p>\n<p align=\"justify\">Equipe organizadora:\u00a0discentes, docentes, pesquisadores das institui\u00e7\u00f5es parceiras e do grupo de pesquisa LAPPIS; \u00c1rea de Salud y Poblaci\u00f3n del Instituto de Investigaciones Gino Germani (UBA), Colectivo Salud y Sociedad y Residencia Interdisciplinaria de Educaci\u00f3n para la Salud (RIEPS); volunt\u00e1rios \u2013 n\u00e3o haver\u00e1 contrata\u00e7\u00e3o de empresa.<\/p>\n<p align=\"justify\"><strong>Atividades:<\/strong>\u00a0\u00c1goras, mesas-redondas, debates, confer\u00eancias, minicursos, BVS Integralidade, lan\u00e7amento de livro, exibi\u00e7\u00e3o de v\u00eddeos e apresenta\u00e7\u00e3o de trabalhos (somente na UBA).<\/p>\n<p align=\"justify\"><strong>Promo\u00e7\u00e3o:<\/strong>\u00a0Laborat\u00f3rio de Pesquisas sobre Pr\u00e1ticas de Integralidade em Sa\u00fade, Instituto de Medicina Social, Universidade do Estado do Rio de Janeiro; e Instituto de Investigaciones Gino Germani, Universidad de Buenos Aires.<\/p>\n<p align=\"justify\"><strong><em>N\u00e3o ser\u00e1 cobrada taxa de inscri\u00e7\u00e3o. Ser\u00e1 emitido certificado de participa\u00e7\u00e3o mediante comprova\u00e7\u00e3o em lista de presen\u00e7a.<\/em><\/strong><\/p>\n<p align=\"justify\">\n<h2><a id=\"programacao\"><\/a>PROGRAMA\u00c7\u00c3O<\/h2>\n<p><strong>Per\u00edodo:<\/strong>\u00a0<span style=\"font-family: 'Times New Roman', serif;\"><span style=\"font-size: medium;\"><span style=\"color: #5f5f5f;\"><span style=\"font-family: Helvetica, serif;\"><span style=\"font-size: small;\">13, 14 (Brasil), 15, (Brasil e Argentina) 16 e 17 (Argentina) de outubro de 2014<\/span><\/span><\/span><\/span><\/span><br \/>\n<strong>Local:<\/strong> Universidade Federal do Rio Grande do Sul (Porto Alegre, Brasil) e\u00a0Universidad de Buenos Aires (Buenos Aires, Argentina)<br \/>\n<strong>Hor\u00e1rio:\u00a0<\/strong><span style=\"font-family: 'Times New Roman', serif;\"><span style=\"font-size: medium;\"><span style=\"color: #5f5f5f;\"><span style=\"font-family: Helvetica, serif;\"><span style=\"font-size: small;\">9h \u00e0s 18h<\/span><\/span><\/span><\/span><\/span><\/p>\n<div><strong>DIA 13\/10\/2014 &#8211; ATIVIDADES I A IV \u2013 PR\u00c9-SEMIN\u00c1RIO<\/strong><\/div>\n<div><strong>CREDENCIAMENTO E RECEP\u00c7\u00c3O LOCAL<\/strong><\/div>\n<div>Local: Sagu\u00e3o do Sal\u00e3o de Atos da UFRGS<\/div>\n<div>Hor\u00e1rio: 8h<\/div>\n<div><\/div>\n<div><strong>ATIVIDADE I \u2013 \u00c1GORA: HUMANIZA\u00c7\u00c3O<\/strong><\/div>\n<div>Coordena\u00e7\u00e3o: Representante da Pol\u00edtica Nacional de Humaniza\u00e7\u00e3o, Minist\u00e9rio da Sa\u00fade, Brasil<\/div>\n<div>Hor\u00e1rio: 9h-16h<\/div>\n<div>Local: Sala II do Sal\u00e3o de Atos da UFRGS<\/div>\n<div><\/div>\n<div>\n<p><strong>ATIVIDADE II \u2013 Minicursos diurnos (A, B, C, D, E, F, G, H &amp; I)<\/strong><\/p>\n<\/div>\n<div><strong>Hor\u00e1rio:<\/strong> 8h-12h e 13h30min-17h30min<\/div>\n<div><strong>A)<\/strong> Direito humano \u00e0 sa\u00fade: revisitando o conceito te\u00f3rico do cuidado como valor na cultura<\/div>\n<div>Professor Felipe Asensi e Professora Roseni Pinheiro &#8211; Local: Sala de Apoio I \u2013 Sal\u00e3o de Atos<\/div>\n<div><strong>B)<\/strong> Itiner\u00e1rios terap\u00eauticos e trajet\u00f3rias de cuidado: contribui\u00e7\u00f5es para projetos terap\u00eauticos e avalia\u00e7\u00e3o do cuidado<\/div>\n<div>em sa\u00fade<\/div>\n<div>Professora Tatiana Engel Gerhardt e Professor Alu\u00edsio Gomes da Silva Jr &#8211; Local: Audit. da Faculdade de Economia<\/div>\n<div><strong>C)<\/strong> Forma\u00e7\u00e3o, redes e integralidade do cuidado nas fronteiras<\/div>\n<div>Professor Rodrigo Silveira &#8211; Local: CEAD, sala 103<\/div>\n<div><strong>D)<\/strong> Apoio institucional<\/div>\n<div>Professores Fabio Hebert da Silva (UFF) e Gustavo Nunes de Oliveira (UNB) &#8211; Local: Audit\u00f3rio SMS<\/div>\n<div><strong>E)<\/strong> Cultura do corpo<\/div>\n<div>Professor Rafael Mattos &#8211; Local: Sala de Apoio 2 \u2013 Sal\u00e3o de Atos<\/div>\n<div><strong>F)<\/strong> Viol\u00eancia, educa\u00e7\u00e3o e jovens<\/div>\n<div>Professor Pablo Di Leo &#8211; Local: CEAD, sala 202<\/div>\n<div><strong>G)<\/strong> Estudos rurais e sa\u00fade: compartilhando teoria e m\u00e9todo<\/div>\n<div>Professora Marta J\u00falia Marques Lopes &#8211; Local: Sala Multieventos PGDR<\/div>\n<div><strong>H)<\/strong> Comunica\u00e7\u00e3o, educa\u00e7\u00e3o e sa\u00fade<\/div>\n<div>Professora Cristianne Maria Famer Rocha &#8211; Local: CEAD, sala 303<\/div>\n<div><strong>I)<\/strong> Gest\u00e3o dos servi\u00e7os de sa\u00fade no \u00e2mbito do Sistema \u00fanico de Sa\u00fade \u2013 SUS<\/div>\n<div>Professora Ana Maria Auler Matheus Peres &#8211; Local: Audit\u00f3rio Faculdade Farm\u00e1cia<\/div>\n<h2><strong style=\"font-size: 16px;\">ATIVIDADE III \u2013 Mesa de Abertura<\/strong><\/h2>\n<p>UFRGS &#8211; Reitor \/ EENF &#8211; UFRGS \/ PROREXT &#8211; UFRGS \/ SES-RS \/ COSEMS-RS \/ CMS-POA \/LAPPIS-IMS-UERJ \/ UFRGS-GESC-PPGCOL \/ UBA-CONICET<\/p>\n<div><strong>Hor\u00e1rio:<\/strong> 17h30min<\/div>\n<div>\n<p><strong>Local:<\/strong> Sal\u00e3o de Atos da UFGRS<\/p>\n<\/div>\n<div>\n<p><strong>ATIVIDADE IV \u2013 CONFER\u00caNCIA MAGNA<\/strong><\/p>\n<p>Profa. Dra. Madel T. Luz (ISC-UFF e PPGCOL-UFRGS, Brasil)<\/p>\n<\/div>\n<div><strong>Hor\u00e1rio:<\/strong> 18h<\/div>\n<div><strong>Local:<\/strong> Sal\u00e3o de Atos da UFGRS<\/div>\n<div>Exposi\u00e7\u00e3o do Projeto Mem\u00f3ria<\/div>\n<div><strong>Local:<\/strong> Sagu\u00e3o do Sal\u00e3o de Atos da UFGRS<\/div>\n<p><strong>\u00a0<\/strong><\/p>\n<div>\n<p><strong>Dia 14\/10\/2014 \u2013 ATIVIDADES V a VIII \u2013 SEMIN\u00c1RIO<\/strong><\/p>\n<p>CREDENCIAMENTO E RECEP\u00c7\u00c3O LOCAL<br \/>\n<strong>Local:<\/strong> Sagu\u00e3o do Sal\u00e3o de Atos da UFRGS<br \/>\n<strong>Hor\u00e1rio:<\/strong> 8h<\/p>\n<\/div>\n<div><strong>ATIVIDADE V \u2013 MESA-REDONDA: APOIO INSTITUCIONAL E FORTALECIMENTO DA CAPACIDADE DE GEST\u00c3O MUNICIPAL: DESAFIOS E AVAN\u00c7OS<\/strong><\/div>\n<div><strong><br \/>\nLocal:<\/strong> Sala II do Sal\u00e3o de Atos da UFRGS<\/div>\n<div><strong>Hor\u00e1rio:<\/strong> 9h-11h \/ debate: 11h-12h<\/div>\n<div><strong>Coordena\u00e7\u00e3o:<\/strong> Liane Righi (PPGCOL-UFRGS, Brasil)<\/div>\n<div><strong>Expositores:<\/strong> Simone Paulon (UFRGS, Brasil)<\/div>\n<div>D\u00e1rio Pasche (SES-RS, Brasil)<\/div>\n<div>Gustavo Oliveira Nunes (DSC\/FS\/UnB, Brasil)<\/div>\n<div>Fabio Hebert (LAPPIS e UFF-Campos, Brasil)<\/div>\n<div>ALMO\u00c7O \u2013 12h-14h<\/div>\n<div><\/div>\n<div>\n<p><strong>ATIVIDADE VI \u2013 MESA-REDONDA: FORMA\u00c7\u00c3O, REDES E INTEGRALIDADE DO\u00a0CUIDADO: DE QUE CULTURA ESTAMOS FALANDO?<\/strong><\/p>\n<p><strong>Local:<\/strong> Sala II do Sal\u00e3o de Atos da UFRGS<br \/>\n<strong>Hor\u00e1rio:<\/strong> 14h-15h30min \/ debate: 15h30min-17h<br \/>\n<strong>Coordena\u00e7\u00e3o:<\/strong> Sandra Fagundes (Secretaria Estadual de Sa\u00fade do Rio Grande do Sul, Brasil)<\/p>\n<p><strong>Expositores:<\/strong> Tatiana Gerhardt (PPGCOL, PPGENF-UFRGS e LAPPIS, Brasil)<br \/>\nMarta J\u00falia M. Lopes (PPGCOL e PPGENF-UFRGS, Brasil)<br \/>\nRoseni Pinheiro (LAPPIS-IMS-UERJ, Brasil)<br \/>\nAluisio Gomes da Silva Jr (LAPPIS e ISC-UFF, Brasil)<\/p>\n<\/div>\n<div><\/div>\n<div><strong>ATIVIDADE VII \u2013 REUNI\u00c3O BVS INTEGRALIDADE<\/strong><\/div>\n<div>Participantes: Bibliotec\u00e1rias locais<\/div>\n<div>Hor\u00e1rio: 9h-12h30min<\/div>\n<div>Local: Plen\u00e1rinho do Sal\u00e3o de Atos da UFRGS<\/div>\n<div><\/div>\n<div>\n<p><strong>Dia 15\/10\/2014 \u2013 ATIVIDADE VIII E ENCERRAMENTO NO BRASIL<\/strong><\/p>\n<p><strong>ATIVIDADE VIII \u2013 MESA-REDONDA: Direito, \u00e9tica e cultura: desafios das diversidades\u00a0humanas e da integralidade do cuidado para a gest\u00e3o em sa\u00fade<\/strong><\/p>\n<\/div>\n<div><strong>Local:<\/strong> Sala II do Sal\u00e3o de Atos da UFRGS<\/div>\n<div><strong>Hor\u00e1rio:<\/strong> 9h-11h \/ debate: 11h-12h<\/div>\n<div><strong>Coordena\u00e7\u00e3o:<\/strong> Luis Henrique Sacchi dos Santos (PPGEDU-UFRGS, Brasil)<\/div>\n<div><strong>Expositores:<\/strong> Patrice Schuch (PPG Antropologia-UFRGS, Brasil)<\/div>\n<div>Gabriela Godoy (PPGCOL-UFRGS, Brasil)<\/div>\n<div>Aluisio Gomes da Silva Jr (LAPPIS e ISC-UFF, Brasil)<\/div>\n<div>Alcides Miranda (PPGCOL-UFRGS, Brasil)<\/div>\n<div>\n<p><strong>Encerramento:\u00a0<\/strong>12h<\/p>\n<p>Buenos Aires &#8211; Argentina<\/p>\n<\/div>\n<p><strong>SEDE DE LAS ACTIVIDADES EN BUENOS AIRES<\/strong><\/p>\n<p>Facultad de Ciencias Sociales de la UBA, sede Constituci\u00f3n:\u00a0Santiago del Estero 1029, CABA<\/p>\n<div><strong>Dia 15\/10\/2014 \u2013 PONENCIAS Y APERTURA, ARGENTINA<\/strong><\/div>\n<div><strong><br \/>\nMi\u00e9rcoles 15 de octubre \u00a0&#8211; 09:30 a 13:00\u00a0hs\u00a0<\/strong><\/div>\n<div>Mesa 1 &#8211; Las tecnolog\u00edas en la comunicaci\u00f3n de la salud \u00a0&#8211; AULA 107<\/div>\n<div>Ala Humberto Primo, piso 1<\/div>\n<div>Mesa 2 &#8211; La salud en medios &#8211; AULA 203<\/div>\n<div>Ala Humberto Primo, piso 2<\/div>\n<div>Mesa 3 &#8211; Aspectos socio-demogr\u00e1ficos del envejecimiento poblacional y cuidados &#8211; Cuidados, familias y servicios de salud I &#8211;\u00a0AULA 204<\/div>\n<div>Ala Humberto Primo, piso 2<\/div>\n<div>Mesa 4 &#8211; Transformaciones en el campo de la salud: Procesos de\u00a0judicializaci\u00f3n y ciudadanizaci\u00f3n \u00a0&#8211;\u00a0AULA 205<\/div>\n<div>Ala Humberto Primo, piso 2<\/div>\n<div>Mesa 5 &#8211; Salud sexual y reproductiva &#8211; AULA 206<\/div>\n<div>Ala Humberto Primo, piso 2<\/div>\n<div>Mesa 6 &#8211; Promoci\u00f3n de la salud y derechos &#8211; \u00a0AULA 207<\/div>\n<div>Ala Humberto Primo, piso 2<\/div>\n<div><\/div>\n<div><strong>Mi\u00e9rcoles 15 de octubre &#8211; 14:00 a 17:00 hs<\/strong><\/div>\n<div>Mesa 7 &#8211; La comunicaci\u00f3n de las pol\u00edticas p\u00fablicas en salud- \u00a0AULA 107<br \/>\nAla Humberto Primo, piso 1<\/div>\n<p>Mesa 8 &#8211; Aspectos socio-demogr\u00e1ficos del envejecimiento poblacional y\u00a0cuidados &#8211; Cuidados, familias y servicios de salud II \u00a0&#8211;\u00a0AULA 204<br \/>\nAla Humberto Primo, piso 2<\/p>\n<p>Mesa 9 &#8211; Transformaciones en el campo de la salud: Nuevas tecnolog\u00edas\u00a0y ontolog\u00edas en disputa &#8211;\u00a0AULA 205<br \/>\nAla Humberto Primo, piso 2<\/p>\n<p>Mesa 10 &#8211; Salud mental y consumo de drogas &#8211; AULA 206<br \/>\nAla Humberto Primo, piso 2<br \/>\nMesa 11 &#8211; Pol\u00edticas p\u00fablicas y servicios &#8211; AULA 207<br \/>\nAla Humberto Primo, piso 2<\/p>\n<p>Mesa 12 &#8211; Estrategias familiares y de los profesionales en la b\u00fasqueda\u00a0del cuidado de la salud &#8211;\u00a0AULA 203<br \/>\nAla Humberto Primo, piso 2<\/p>\n<p><strong>Mi\u00e9rcoles 15 de octubre , de\u00a017.30 a 19.00 hs<br \/>\n<\/strong>Mesa Redonda de Apertura: Cuidado e Integralidad en Salud: balances\u00a0y perspectivas en Am\u00e9rica Latina &#8211;\u00a0AULA 008<br \/>\nAla Humberto Primo, planta baja<\/p>\n<div><\/div>\n<div>\n<p><strong>DIA 16 y 17\/10\/2014 &#8211; TALLERES Y MESAS REDONDAS, ARGENTINA<\/strong><\/p>\n<\/div>\n<div><strong>Jueves 16 de octubre, de 10:00 a 13:00 hs<\/strong><\/div>\n<div>\n<div>Mesa Redonda: Incubadoras de integralidad: Principios, estrategias y\u00a0horizontes &#8211;\u00a0AULA 207<\/div>\n<div>Ala Humberto Primo, piso 2<\/div>\n<div>Taller: Iatrogenia de estado. Pol\u00edticas p\u00fablicas y sus efectos perjudiciales &#8211; AULA 002<\/div>\n<div>\n<p>Ala Humberto Primo, planta baja<\/p>\n<\/div>\n<div><strong>Jueves 16 de octubre, de 14:00 a 17:00 hs<\/strong><\/div>\n<\/div>\n<p>Mesa redonda: Derechos humanos a la salud en territorios pos-coloniales &#8211;\u00a0AULA 207<\/p>\n<p>Ala Humberto Primo, piso 2<\/p>\n<div>\n<div>\n<p>Taller: Incubadora de integralidad en salud: Pensar actuando y actuar\u00a0pensando &#8211;\u00a0AULA 002<\/p>\n<div>\n<p>Ala Humberto Primo, planta baja<\/p>\n<\/div>\n<div>\u00a0<strong>Viernes 17 de octubre, de 10:00 a 13:00 hs<\/strong><\/div>\n<div>\n<div>Mesa redonda: Formaci\u00f3n en salud colectiva e integralidad &#8211; AULA 003<\/div>\n<div>Ala Santiago del estero, planta baja<\/div>\n<div>Taller: Los procesos de medicalizaci\u00f3n\/biomedicalizaci\u00f3n de las infancias en el\u00a0siglo XXI &#8211;\u00a0AULA 007<\/div>\n<div>\n<p>Ala Humberto Primo, planta baja<\/p>\n<\/div>\n<div><strong>Viernes 17 de octubre, de 14:00 a 17:00 hs<\/strong><\/div>\n<div>\n<div>Mesa redonda:Cuerpo,derecho e integralidad: Intersecciones en torno a la\u00a0especificidad de lo humano en las demandas por cuidado &#8211;\u00a0AULA 003<\/div>\n<div>Ala Santiago del estero, planta baja<\/div>\n<div>Taller: Los cuidados en los procesos de formaci\u00f3n de los trabajadores de la\u00a0salud: Intencionalidades, tensiones y efectos posibles &#8211;\u00a0AULA 007<\/div>\n<div>\n<p>Ala Humberto Primo, planta baja<\/p>\n<\/div>\n<div><strong>Viernes 17 de octubre , de 17:00 a 19:00 hs<\/strong><\/div>\n<\/div>\n<div>\n<p>Reuni\u00f3n de balance de las jornadas y brindis de cierre &#8211;\u00a0AULA 007<\/p>\n<div>Ala Humberto Primo, planta baja<\/div>\n<\/div>\n<\/div>\n<\/div>\n<\/div>\n<h2><a id=\"multimidia\"><\/a>MULTIM\u00cdDIA<\/h2>\n<h3>V\u00cdDEO<\/h3>\n<p><iframe title=\"Mesa Redonda: Incubadoras de integralidad: Principios, estrategias y horizontes\" width=\"500\" height=\"281\" src=\"https:\/\/www.youtube.com\/embed\/vaJO6xignYk?list=PLUKOhM6bRH6zxZS11Mf2vcrBLylrLkGTV\" frameborder=\"0\" allow=\"accelerometer; autoplay; clipboard-write; encrypted-media; gyroscope; picture-in-picture; web-share\" referrerpolicy=\"strict-origin-when-cross-origin\" allowfullscreen><\/iframe><\/p>\n<h3>FOTOS<\/h3>\n<p class=\"jetpack-slideshow-noscript robots-nocontent\">Este slideshow necessita de JavaScript.<\/p><div id=\"gallery-6227-1-slideshow\" class=\"jetpack-slideshow-window jetpack-slideshow jetpack-slideshow-black\" data-trans=\"fade\" data-autostart=\"1\" data-gallery=\"[{&quot;src&quot;:&quot;https:\\\/\\\/lappis.org.br\\\/site\\\/wp-content\\\/uploads\\\/2014\\\/10\\\/XIV-Semin\\u00e1rio-2014-3-face.jpg&quot;,&quot;id&quot;:&quot;6347&quot;,&quot;title&quot;:&quot;XIV Semin\\u00e1rio 2014-3 face&quot;,&quot;alt&quot;:&quot;&quot;,&quot;caption&quot;:&quot;&quot;,&quot;itemprop&quot;:&quot;image&quot;},{&quot;src&quot;:&quot;https:\\\/\\\/lappis.org.br\\\/site\\\/wp-content\\\/uploads\\\/2014\\\/10\\\/XIV-Semin\\u00e1rio-2014-5-face.jpg&quot;,&quot;id&quot;:&quot;6348&quot;,&quot;title&quot;:&quot;XIV Semin\\u00e1rio 2014-5 face&quot;,&quot;alt&quot;:&quot;&quot;,&quot;caption&quot;:&quot;&quot;,&quot;itemprop&quot;:&quot;image&quot;},{&quot;src&quot;:&quot;https:\\\/\\\/lappis.org.br\\\/site\\\/wp-content\\\/uploads\\\/2014\\\/10\\\/XIV-Semin\\u00e1rio-2014-6-face.jpg&quot;,&quot;id&quot;:&quot;6349&quot;,&quot;title&quot;:&quot;XIV Semin\\u00e1rio 2014-6 face&quot;,&quot;alt&quot;:&quot;&quot;,&quot;caption&quot;:&quot;&quot;,&quot;itemprop&quot;:&quot;image&quot;},{&quot;src&quot;:&quot;https:\\\/\\\/lappis.org.br\\\/site\\\/wp-content\\\/uploads\\\/2014\\\/10\\\/XIV-Semin\\u00e1rio-2014-7-face.jpg&quot;,&quot;id&quot;:&quot;6350&quot;,&quot;title&quot;:&quot;XIV Semin\\u00e1rio 2014-7 face&quot;,&quot;alt&quot;:&quot;&quot;,&quot;caption&quot;:&quot;&quot;,&quot;itemprop&quot;:&quot;image&quot;},{&quot;src&quot;:&quot;https:\\\/\\\/lappis.org.br\\\/site\\\/wp-content\\\/uploads\\\/2014\\\/10\\\/XIV-Semin\\u00e1rio-2014-8-face.jpg&quot;,&quot;id&quot;:&quot;6351&quot;,&quot;title&quot;:&quot;XIV Semin\\u00e1rio 2014-8 face&quot;,&quot;alt&quot;:&quot;&quot;,&quot;caption&quot;:&quot;&quot;,&quot;itemprop&quot;:&quot;image&quot;},{&quot;src&quot;:&quot;https:\\\/\\\/lappis.org.br\\\/site\\\/wp-content\\\/uploads\\\/2014\\\/10\\\/XIV-Semin\\u00e1rio-2014-11-face.jpg&quot;,&quot;id&quot;:&quot;6353&quot;,&quot;title&quot;:&quot;XIV Semin\\u00e1rio 2014-11 face&quot;,&quot;alt&quot;:&quot;&quot;,&quot;caption&quot;:&quot;&quot;,&quot;itemprop&quot;:&quot;image&quot;},{&quot;src&quot;:&quot;https:\\\/\\\/lappis.org.br\\\/site\\\/wp-content\\\/uploads\\\/2014\\\/10\\\/XIV-Semin\\u00e1rio-2014-12-face.jpg&quot;,&quot;id&quot;:&quot;6354&quot;,&quot;title&quot;:&quot;XIV Semin\\u00e1rio 2014-12 face&quot;,&quot;alt&quot;:&quot;&quot;,&quot;caption&quot;:&quot;&quot;,&quot;itemprop&quot;:&quot;image&quot;},{&quot;src&quot;:&quot;https:\\\/\\\/lappis.org.br\\\/site\\\/wp-content\\\/uploads\\\/2014\\\/10\\\/XIV-Semin\\u00e1rio-2014-13-face.jpg&quot;,&quot;id&quot;:&quot;6355&quot;,&quot;title&quot;:&quot;XIV Semin\\u00e1rio 2014-13 face&quot;,&quot;alt&quot;:&quot;&quot;,&quot;caption&quot;:&quot;&quot;,&quot;itemprop&quot;:&quot;image&quot;},{&quot;src&quot;:&quot;https:\\\/\\\/lappis.org.br\\\/site\\\/wp-content\\\/uploads\\\/2014\\\/10\\\/XIV-Semin\\u00e1rio-2014-14-face.jpg&quot;,&quot;id&quot;:&quot;6356&quot;,&quot;title&quot;:&quot;XIV Semin\\u00e1rio 2014-14 face&quot;,&quot;alt&quot;:&quot;&quot;,&quot;caption&quot;:&quot;&quot;,&quot;itemprop&quot;:&quot;image&quot;},{&quot;src&quot;:&quot;https:\\\/\\\/lappis.org.br\\\/site\\\/wp-content\\\/uploads\\\/2014\\\/10\\\/XIV-Semin\\u00e1rio-2014-17-face.jpg&quot;,&quot;id&quot;:&quot;6358&quot;,&quot;title&quot;:&quot;XIV Semin\\u00e1rio 2014-17 face&quot;,&quot;alt&quot;:&quot;&quot;,&quot;caption&quot;:&quot;&quot;,&quot;itemprop&quot;:&quot;image&quot;},{&quot;src&quot;:&quot;https:\\\/\\\/lappis.org.br\\\/site\\\/wp-content\\\/uploads\\\/2014\\\/10\\\/XIV-Semin\\u00e1rio-2014-20-face.jpg&quot;,&quot;id&quot;:&quot;6359&quot;,&quot;title&quot;:&quot;XIV Semin\\u00e1rio 2014-20 face&quot;,&quot;alt&quot;:&quot;&quot;,&quot;caption&quot;:&quot;&quot;,&quot;itemprop&quot;:&quot;image&quot;},{&quot;src&quot;:&quot;https:\\\/\\\/lappis.org.br\\\/site\\\/wp-content\\\/uploads\\\/2014\\\/10\\\/XIV-Semin\\u00e1rio-2014-23-face.jpg&quot;,&quot;id&quot;:&quot;6361&quot;,&quot;title&quot;:&quot;XIV Semin\\u00e1rio 2014-23 face&quot;,&quot;alt&quot;:&quot;&quot;,&quot;caption&quot;:&quot;&quot;,&quot;itemprop&quot;:&quot;image&quot;},{&quot;src&quot;:&quot;https:\\\/\\\/lappis.org.br\\\/site\\\/wp-content\\\/uploads\\\/2014\\\/10\\\/XIV-Semin\\u00e1rio-2014-24-face.jpg&quot;,&quot;id&quot;:&quot;6362&quot;,&quot;title&quot;:&quot;XIV Semin\\u00e1rio 2014-24 face&quot;,&quot;alt&quot;:&quot;&quot;,&quot;caption&quot;:&quot;&quot;,&quot;itemprop&quot;:&quot;image&quot;},{&quot;src&quot;:&quot;https:\\\/\\\/lappis.org.br\\\/site\\\/wp-content\\\/uploads\\\/2014\\\/10\\\/XIV-Semin\\u00e1rio-2014-27-face.jpg&quot;,&quot;id&quot;:&quot;6365&quot;,&quot;title&quot;:&quot;XIV Semin\\u00e1rio 2014-27 face&quot;,&quot;alt&quot;:&quot;&quot;,&quot;caption&quot;:&quot;&quot;,&quot;itemprop&quot;:&quot;image&quot;},{&quot;src&quot;:&quot;https:\\\/\\\/lappis.org.br\\\/site\\\/wp-content\\\/uploads\\\/2014\\\/10\\\/XIV-Semin\\u00e1rio-2014-28-face.jpg&quot;,&quot;id&quot;:&quot;6366&quot;,&quot;title&quot;:&quot;XIV Semin\\u00e1rio 2014-28 face&quot;,&quot;alt&quot;:&quot;&quot;,&quot;caption&quot;:&quot;&quot;,&quot;itemprop&quot;:&quot;image&quot;},{&quot;src&quot;:&quot;https:\\\/\\\/lappis.org.br\\\/site\\\/wp-content\\\/uploads\\\/2014\\\/10\\\/XIV-Semin\\u00e1rio-2014-29-face.jpg&quot;,&quot;id&quot;:&quot;6367&quot;,&quot;title&quot;:&quot;XIV Semin\\u00e1rio 2014-29 face&quot;,&quot;alt&quot;:&quot;&quot;,&quot;caption&quot;:&quot;&quot;,&quot;itemprop&quot;:&quot;image&quot;},{&quot;src&quot;:&quot;https:\\\/\\\/lappis.org.br\\\/site\\\/wp-content\\\/uploads\\\/2014\\\/10\\\/XIV-Semin\\u00e1rio-2014-30-face.jpg&quot;,&quot;id&quot;:&quot;6368&quot;,&quot;title&quot;:&quot;XIV Semin\\u00e1rio 2014-30 face&quot;,&quot;alt&quot;:&quot;&quot;,&quot;caption&quot;:&quot;&quot;,&quot;itemprop&quot;:&quot;image&quot;},{&quot;src&quot;:&quot;https:\\\/\\\/lappis.org.br\\\/site\\\/wp-content\\\/uploads\\\/2014\\\/10\\\/XIV-Semin\\u00e1rio-2014-31-face.jpg&quot;,&quot;id&quot;:&quot;6369&quot;,&quot;title&quot;:&quot;XIV Semin\\u00e1rio 2014-31 face&quot;,&quot;alt&quot;:&quot;&quot;,&quot;caption&quot;:&quot;&quot;,&quot;itemprop&quot;:&quot;image&quot;},{&quot;src&quot;:&quot;https:\\\/\\\/lappis.org.br\\\/site\\\/wp-content\\\/uploads\\\/2014\\\/10\\\/XIV-Semin\\u00e1rio-2014-32-face.jpg&quot;,&quot;id&quot;:&quot;6370&quot;,&quot;title&quot;:&quot;XIV Semin\\u00e1rio 2014-32 face&quot;,&quot;alt&quot;:&quot;&quot;,&quot;caption&quot;:&quot;&quot;,&quot;itemprop&quot;:&quot;image&quot;},{&quot;src&quot;:&quot;https:\\\/\\\/lappis.org.br\\\/site\\\/wp-content\\\/uploads\\\/2014\\\/10\\\/XIV-Semin\\u00e1rio-2014-33-face.jpg&quot;,&quot;id&quot;:&quot;6371&quot;,&quot;title&quot;:&quot;XIV Semin\\u00e1rio 2014-33 face&quot;,&quot;alt&quot;:&quot;&quot;,&quot;caption&quot;:&quot;&quot;,&quot;itemprop&quot;:&quot;image&quot;},{&quot;src&quot;:&quot;https:\\\/\\\/lappis.org.br\\\/site\\\/wp-content\\\/uploads\\\/2014\\\/10\\\/XIV-Semin\\u00e1rio-2014-34-face.jpg&quot;,&quot;id&quot;:&quot;6372&quot;,&quot;title&quot;:&quot;XIV Semin\\u00e1rio 2014-34 face&quot;,&quot;alt&quot;:&quot;&quot;,&quot;caption&quot;:&quot;&quot;,&quot;itemprop&quot;:&quot;image&quot;},{&quot;src&quot;:&quot;https:\\\/\\\/lappis.org.br\\\/site\\\/wp-content\\\/uploads\\\/2014\\\/10\\\/XIV-Semin\\u00e1rio-2014-35-face.jpg&quot;,&quot;id&quot;:&quot;6373&quot;,&quot;title&quot;:&quot;XIV Semin\\u00e1rio 2014-35 face&quot;,&quot;alt&quot;:&quot;&quot;,&quot;caption&quot;:&quot;&quot;,&quot;itemprop&quot;:&quot;image&quot;},{&quot;src&quot;:&quot;https:\\\/\\\/lappis.org.br\\\/site\\\/wp-content\\\/uploads\\\/2014\\\/10\\\/XIV-Semin\\u00e1rio-2014-36-face.jpg&quot;,&quot;id&quot;:&quot;6374&quot;,&quot;title&quot;:&quot;XIV Semin\\u00e1rio 2014-36 face&quot;,&quot;alt&quot;:&quot;&quot;,&quot;caption&quot;:&quot;&quot;,&quot;itemprop&quot;:&quot;image&quot;},{&quot;src&quot;:&quot;https:\\\/\\\/lappis.org.br\\\/site\\\/wp-content\\\/uploads\\\/2014\\\/10\\\/XIV-Semin\\u00e1rio-2014-38-face.jpg&quot;,&quot;id&quot;:&quot;6376&quot;,&quot;title&quot;:&quot;XIV Semin\\u00e1rio 2014-38 face&quot;,&quot;alt&quot;:&quot;&quot;,&quot;caption&quot;:&quot;&quot;,&quot;itemprop&quot;:&quot;image&quot;},{&quot;src&quot;:&quot;https:\\\/\\\/lappis.org.br\\\/site\\\/wp-content\\\/uploads\\\/2014\\\/10\\\/XIV-Semin\\u00e1rio-2014-39-face.jpg&quot;,&quot;id&quot;:&quot;6377&quot;,&quot;title&quot;:&quot;XIV Semin\\u00e1rio 2014-39 face&quot;,&quot;alt&quot;:&quot;&quot;,&quot;caption&quot;:&quot;&quot;,&quot;itemprop&quot;:&quot;image&quot;},{&quot;src&quot;:&quot;https:\\\/\\\/lappis.org.br\\\/site\\\/wp-content\\\/uploads\\\/2014\\\/10\\\/XIV-Semin\\u00e1rio-2014-40-face.jpg&quot;,&quot;id&quot;:&quot;6378&quot;,&quot;title&quot;:&quot;XIV Semin\\u00e1rio 2014-40 face&quot;,&quot;alt&quot;:&quot;&quot;,&quot;caption&quot;:&quot;&quot;,&quot;itemprop&quot;:&quot;image&quot;},{&quot;src&quot;:&quot;https:\\\/\\\/lappis.org.br\\\/site\\\/wp-content\\\/uploads\\\/2014\\\/10\\\/XIV-Semin\\u00e1rio-2014-41-face.jpg&quot;,&quot;id&quot;:&quot;6379&quot;,&quot;title&quot;:&quot;XIV Semin\\u00e1rio 2014-41 face&quot;,&quot;alt&quot;:&quot;&quot;,&quot;caption&quot;:&quot;&quot;,&quot;itemprop&quot;:&quot;image&quot;},{&quot;src&quot;:&quot;https:\\\/\\\/lappis.org.br\\\/site\\\/wp-content\\\/uploads\\\/2014\\\/10\\\/XIV-Semin\\u00e1rio-2014-42-face.jpg&quot;,&quot;id&quot;:&quot;6380&quot;,&quot;title&quot;:&quot;XIV Semin\\u00e1rio 2014-42 face&quot;,&quot;alt&quot;:&quot;&quot;,&quot;caption&quot;:&quot;&quot;,&quot;itemprop&quot;:&quot;image&quot;},{&quot;src&quot;:&quot;https:\\\/\\\/lappis.org.br\\\/site\\\/wp-content\\\/uploads\\\/2014\\\/10\\\/XIV-Semin\\u00e1rio-2014-45-face.jpg&quot;,&quot;id&quot;:&quot;6382&quot;,&quot;title&quot;:&quot;XIV Semin\\u00e1rio 2014-45 face&quot;,&quot;alt&quot;:&quot;&quot;,&quot;caption&quot;:&quot;&quot;,&quot;itemprop&quot;:&quot;image&quot;},{&quot;src&quot;:&quot;https:\\\/\\\/lappis.org.br\\\/site\\\/wp-content\\\/uploads\\\/2014\\\/10\\\/XIV-Semin\\u00e1rio-2014-46-face.jpg&quot;,&quot;id&quot;:&quot;6383&quot;,&quot;title&quot;:&quot;XIV Semin\\u00e1rio 2014-46 face&quot;,&quot;alt&quot;:&quot;&quot;,&quot;caption&quot;:&quot;&quot;,&quot;itemprop&quot;:&quot;image&quot;},{&quot;src&quot;:&quot;https:\\\/\\\/lappis.org.br\\\/site\\\/wp-content\\\/uploads\\\/2014\\\/10\\\/XIV-Semin\\u00e1rio-2014-47-face.jpg&quot;,&quot;id&quot;:&quot;6384&quot;,&quot;title&quot;:&quot;XIV Semin\\u00e1rio 2014-47 face&quot;,&quot;alt&quot;:&quot;&quot;,&quot;caption&quot;:&quot;&quot;,&quot;itemprop&quot;:&quot;image&quot;},{&quot;src&quot;:&quot;https:\\\/\\\/lappis.org.br\\\/site\\\/wp-content\\\/uploads\\\/2014\\\/10\\\/XIV-Semin\\u00e1rio-2014-48-face.jpg&quot;,&quot;id&quot;:&quot;6385&quot;,&quot;title&quot;:&quot;XIV Semin\\u00e1rio 2014-48 face&quot;,&quot;alt&quot;:&quot;&quot;,&quot;caption&quot;:&quot;&quot;,&quot;itemprop&quot;:&quot;image&quot;},{&quot;src&quot;:&quot;https:\\\/\\\/lappis.org.br\\\/site\\\/wp-content\\\/uploads\\\/2014\\\/10\\\/XIV-Semin\\u00e1rio-2014-49-face.jpg&quot;,&quot;id&quot;:&quot;6386&quot;,&quot;title&quot;:&quot;XIV Semin\\u00e1rio 2014-49 face&quot;,&quot;alt&quot;:&quot;&quot;,&quot;caption&quot;:&quot;&quot;,&quot;itemprop&quot;:&quot;image&quot;},{&quot;src&quot;:&quot;https:\\\/\\\/lappis.org.br\\\/site\\\/wp-content\\\/uploads\\\/2014\\\/10\\\/XIV-Semin\\u00e1rio-2014-51-face.jpg&quot;,&quot;id&quot;:&quot;6387&quot;,&quot;title&quot;:&quot;XIV Semin\\u00e1rio 2014-51 face&quot;,&quot;alt&quot;:&quot;&quot;,&quot;caption&quot;:&quot;&quot;,&quot;itemprop&quot;:&quot;image&quot;},{&quot;src&quot;:&quot;https:\\\/\\\/lappis.org.br\\\/site\\\/wp-content\\\/uploads\\\/2014\\\/10\\\/XIV-Semin\\u00e1rio-2014-52-face.jpg&quot;,&quot;id&quot;:&quot;6388&quot;,&quot;title&quot;:&quot;XIV Semin\\u00e1rio 2014-52 face&quot;,&quot;alt&quot;:&quot;&quot;,&quot;caption&quot;:&quot;&quot;,&quot;itemprop&quot;:&quot;image&quot;},{&quot;src&quot;:&quot;https:\\\/\\\/lappis.org.br\\\/site\\\/wp-content\\\/uploads\\\/2014\\\/10\\\/XIV-Semin\\u00e1rio-2014-54-face.jpg&quot;,&quot;id&quot;:&quot;6390&quot;,&quot;title&quot;:&quot;XIV Semin\\u00e1rio 2014-54 face&quot;,&quot;alt&quot;:&quot;&quot;,&quot;caption&quot;:&quot;&quot;,&quot;itemprop&quot;:&quot;image&quot;},{&quot;src&quot;:&quot;https:\\\/\\\/lappis.org.br\\\/site\\\/wp-content\\\/uploads\\\/2014\\\/10\\\/XIV-Semin\\u00e1rio-2014-57-face.jpg&quot;,&quot;id&quot;:&quot;6393&quot;,&quot;title&quot;:&quot;XIV Semin\\u00e1rio 2014-57 face&quot;,&quot;alt&quot;:&quot;&quot;,&quot;caption&quot;:&quot;&quot;,&quot;itemprop&quot;:&quot;image&quot;},{&quot;src&quot;:&quot;https:\\\/\\\/lappis.org.br\\\/site\\\/wp-content\\\/uploads\\\/2014\\\/10\\\/XIV-Semin\\u00e1rio-2014-58-face.jpg&quot;,&quot;id&quot;:&quot;6394&quot;,&quot;title&quot;:&quot;XIV Semin\\u00e1rio 2014-58 face&quot;,&quot;alt&quot;:&quot;&quot;,&quot;caption&quot;:&quot;&quot;,&quot;itemprop&quot;:&quot;image&quot;},{&quot;src&quot;:&quot;https:\\\/\\\/lappis.org.br\\\/site\\\/wp-content\\\/uploads\\\/2014\\\/10\\\/XIV-Semin\\u00e1rio-2014-59-face.jpg&quot;,&quot;id&quot;:&quot;6395&quot;,&quot;title&quot;:&quot;XIV Semin\\u00e1rio 2014-59 face&quot;,&quot;alt&quot;:&quot;&quot;,&quot;caption&quot;:&quot;&quot;,&quot;itemprop&quot;:&quot;image&quot;},{&quot;src&quot;:&quot;https:\\\/\\\/lappis.org.br\\\/site\\\/wp-content\\\/uploads\\\/2014\\\/10\\\/XIV-Semin\\u00e1rio-2014-60-face.jpg&quot;,&quot;id&quot;:&quot;6396&quot;,&quot;title&quot;:&quot;XIV Semin\\u00e1rio 2014-60 face&quot;,&quot;alt&quot;:&quot;&quot;,&quot;caption&quot;:&quot;&quot;,&quot;itemprop&quot;:&quot;image&quot;},{&quot;src&quot;:&quot;https:\\\/\\\/lappis.org.br\\\/site\\\/wp-content\\\/uploads\\\/2014\\\/10\\\/XIV-Semin\\u00e1rio-2014-61-face.jpg&quot;,&quot;id&quot;:&quot;6397&quot;,&quot;title&quot;:&quot;XIV Semin\\u00e1rio 2014-61 face&quot;,&quot;alt&quot;:&quot;&quot;,&quot;caption&quot;:&quot;&quot;,&quot;itemprop&quot;:&quot;image&quot;},{&quot;src&quot;:&quot;https:\\\/\\\/lappis.org.br\\\/site\\\/wp-content\\\/uploads\\\/2014\\\/10\\\/XIV-Semin\\u00e1rio-2014-62-face.jpg&quot;,&quot;id&quot;:&quot;6398&quot;,&quot;title&quot;:&quot;XIV Semin\\u00e1rio 2014-62 face&quot;,&quot;alt&quot;:&quot;&quot;,&quot;caption&quot;:&quot;&quot;,&quot;itemprop&quot;:&quot;image&quot;}]\" itemscope itemtype=\"https:\/\/schema.org\/ImageGallery\"><\/div>\n<h2><a id=\"certificado\"><\/a>CERTIFICADO<\/h2>\n<div>\n<p>Com o intuito de solucionar as d\u00favidas que chegaram ao nosso\u00a0<span id=\"cloakac4ee50399eabfddc06b432a4c3a9002\"><a href=\"mailto:lappisintegralidadeesaude@gmail.com\">canal de contato<\/a><\/span>, informamos que os certificados referentes ao XIV Semin\u00e1rio do Projeto Integralidade ser\u00e3o emitidos mediante a lista de presen\u00e7a e enviados posteriormente\u00a0pelo e-mail do ouvinte\/participante.<\/p>\n<h2><a id=\"certificado\"><\/a>APOIO<\/h2>\n<p><strong>Parcerias\/Apoios:<\/strong>\u00a0Minist\u00e9rio da Sa\u00fade, Brasil; ICICT-Fiocruz; OPAS; Escola de Enfermagem, PPGSCOL, Grupo de Estudos em Sa\u00fade Coletiva, PROREXT e PROPESQ-UFRGS; FAPERGS; ISCUFF; Abrasco; Universidad de la Rep\u00fablica, Montevideo, Uruguay; Universidad de la Rep\u00fablica del Paraguay; Facultad de Ciencias Sociales, Universidad de Buenos Aires; CONICET; ANPCyT; Universidad Nacional de Quilmes; Instituto de Salud Colectiva, Universidad Nacional de Lan\u00fas; Facultad de Medicina, Universidad Nacional de La Matanza.<\/p>\n<p><img decoding=\"async\" data-attachment-id=\"6229\" data-permalink=\"https:\/\/lappis.org.br\/site\/xiv-seminario-de-integralidade\/6227\/seminario-lappis-2014-rodape\" data-orig-file=\"https:\/\/lappis.org.br\/site\/wp-content\/uploads\/2018\/04\/seminario-lappis-2014-rodape.jpg\" data-orig-size=\"847,73\" data-comments-opened=\"0\" data-image-meta=\"{&quot;aperture&quot;:&quot;0&quot;,&quot;credit&quot;:&quot;&quot;,&quot;camera&quot;:&quot;&quot;,&quot;caption&quot;:&quot;&quot;,&quot;created_timestamp&quot;:&quot;0&quot;,&quot;copyright&quot;:&quot;&quot;,&quot;focal_length&quot;:&quot;0&quot;,&quot;iso&quot;:&quot;0&quot;,&quot;shutter_speed&quot;:&quot;0&quot;,&quot;title&quot;:&quot;&quot;,&quot;orientation&quot;:&quot;0&quot;}\" data-image-title=\"seminario-lappis-2014-rodape\" data-image-description=\"\" data-image-caption=\"\" data-medium-file=\"https:\/\/lappis.org.br\/site\/wp-content\/uploads\/2018\/04\/seminario-lappis-2014-rodape-300x26.jpg\" data-large-file=\"https:\/\/lappis.org.br\/site\/wp-content\/uploads\/2018\/04\/seminario-lappis-2014-rodape.jpg\" class=\"alignleft wp-image-6229\" src=\"http:\/\/lappis.org.br\/site\/wp-content\/uploads\/2018\/04\/seminario-lappis-2014-rodape-300x26.jpg\" alt=\"\" width=\"738\" height=\"64\" srcset=\"https:\/\/lappis.org.br\/site\/wp-content\/uploads\/2018\/04\/seminario-lappis-2014-rodape-300x26.jpg 300w, https:\/\/lappis.org.br\/site\/wp-content\/uploads\/2018\/04\/seminario-lappis-2014-rodape-768x66.jpg 768w, https:\/\/lappis.org.br\/site\/wp-content\/uploads\/2018\/04\/seminario-lappis-2014-rodape-250x22.jpg 250w, https:\/\/lappis.org.br\/site\/wp-content\/uploads\/2018\/04\/seminario-lappis-2014-rodape-330x28.jpg 330w, https:\/\/lappis.org.br\/site\/wp-content\/uploads\/2018\/04\/seminario-lappis-2014-rodape.jpg 847w\" sizes=\"(max-width: 738px) 100vw, 738px\" \/><\/p>\n<h2><\/h2>\n<h2><\/h2>\n<h2><a id=\"noticias\"><\/a>NOT\u00cdCIAS<\/h2>\n\n<div class=\"page-header\"><\/div>\n<\/div>\n","protected":false},"excerpt":{"rendered":"<div class=\"mh-excerpt\"><p>APRESENTA\u00c7\u00c3O O LAPPIS, juntamente com o UBA e o RIEPS organizaram no per\u00edodo de 13 a 17 de outubro de 2014 o XIV Semin\u00e1rio Internacional do Projeto de Integralidade, trazendo como tema principal &#8220;Saberes e <a class=\"mh-excerpt-more\" href=\"https:\/\/lappis.org.br\/site\/xiv-seminario-de-integralidade\/6227\" title=\"XIV Semin\u00e1rio de Integralidade\">[&#8230;]<\/a><\/p>\n<\/div>","protected":false},"author":4,"featured_media":6228,"comment_status":"closed","ping_status":"open","sticky":false,"template":"","format":"standard","meta":{"_acf_changed":false,"_exactmetrics_skip_tracking":false,"_exactmetrics_sitenote_active":false,"_exactmetrics_sitenote_note":"","_exactmetrics_sitenote_category":0,"jetpack_post_was_ever_published":false,"_jetpack_newsletter_access":"","_jetpack_dont_email_post_to_subs":false,"_jetpack_newsletter_tier_id":0,"_jetpack_memberships_contains_paywalled_content":false,"_jetpack_memberships_contains_paid_content":false,"footnotes":"","jetpack_publicize_message":"","jetpack_publicize_feature_enabled":true,"jetpack_social_post_already_shared":true,"jetpack_social_options":{"image_generator_settings":{"template":"highway","enabled":false},"version":2}},"categories":[739],"tags":[110,746],"class_list":{"0":"post-6227","1":"post","2":"type-post","3":"status-publish","4":"format-standard","5":"has-post-thumbnail","7":"category-seminarios-e-eventos","8":"tag-seminario","9":"tag-xiv-seminario-de-integralidade"},"jetpack_publicize_connections":[],"acf":[],"yoast_head":"<!-- This site is optimized with the Yoast SEO plugin v25.2 - https:\/\/yoast.com\/wordpress\/plugins\/seo\/ -->\n<title>XIV Semin\u00e1rio de Integralidade - Lappis 25 anos<\/title>\n<meta name=\"robots\" content=\"index, follow, max-snippet:-1, max-image-preview:large, max-video-preview:-1\" \/>\n<link rel=\"canonical\" href=\"https:\/\/lappis.org.br\/site\/xiv-seminario-de-integralidade\/6227\" \/>\n<meta property=\"og:locale\" content=\"pt_BR\" \/>\n<meta property=\"og:type\" content=\"article\" \/>\n<meta property=\"og:title\" content=\"XIV Semin\u00e1rio de Integralidade - Lappis 25 anos\" \/>\n<meta property=\"og:description\" content=\"APRESENTA\u00c7\u00c3O O LAPPIS, juntamente com o UBA e o RIEPS organizaram no per\u00edodo de 13 a 17 de outubro de 2014 o XIV Semin\u00e1rio Internacional do Projeto de Integralidade, trazendo como tema principal &#8220;Saberes e [...]\" \/>\n<meta property=\"og:url\" content=\"https:\/\/lappis.org.br\/site\/xiv-seminario-de-integralidade\/6227\" \/>\n<meta property=\"og:site_name\" content=\"Lappis 25 anos\" \/>\n<meta property=\"article:published_time\" content=\"2014-10-13T04:38:06+00:00\" \/>\n<meta property=\"article:modified_time\" content=\"2023-05-19T01:58:12+00:00\" \/>\n<meta property=\"og:image\" content=\"https:\/\/lappis.org.br\/site\/wp-content\/uploads\/2018\/04\/vdvxcvz.jpg\" \/>\n\t<meta property=\"og:image:width\" content=\"900\" \/>\n\t<meta property=\"og:image:height\" content=\"389\" \/>\n\t<meta property=\"og:image:type\" content=\"image\/jpeg\" \/>\n<meta name=\"author\" content=\"stefany\" \/>\n<meta name=\"twitter:card\" content=\"summary_large_image\" \/>\n<meta name=\"twitter:label1\" content=\"Escrito por\" \/>\n\t<meta name=\"twitter:data1\" content=\"stefany\" \/>\n\t<meta name=\"twitter:label2\" content=\"Est. tempo de leitura\" \/>\n\t<meta name=\"twitter:data2\" content=\"9 minutos\" \/>\n<script type=\"application\/ld+json\" class=\"yoast-schema-graph\">{\"@context\":\"https:\/\/schema.org\",\"@graph\":[{\"@type\":\"Article\",\"@id\":\"https:\/\/lappis.org.br\/site\/xiv-seminario-de-integralidade\/6227#article\",\"isPartOf\":{\"@id\":\"https:\/\/lappis.org.br\/site\/xiv-seminario-de-integralidade\/6227\"},\"author\":{\"name\":\"stefany\",\"@id\":\"https:\/\/lappis.org.br\/site\/#\/schema\/person\/c5ae1a9a383eda57f5172f5c706a0414\"},\"headline\":\"XIV Semin\u00e1rio de Integralidade\",\"datePublished\":\"2014-10-13T04:38:06+00:00\",\"dateModified\":\"2023-05-19T01:58:12+00:00\",\"mainEntityOfPage\":{\"@id\":\"https:\/\/lappis.org.br\/site\/xiv-seminario-de-integralidade\/6227\"},\"wordCount\":1684,\"publisher\":{\"@id\":\"https:\/\/lappis.org.br\/site\/#organization\"},\"image\":{\"@id\":\"https:\/\/lappis.org.br\/site\/xiv-seminario-de-integralidade\/6227#primaryimage\"},\"thumbnailUrl\":\"https:\/\/lappis.org.br\/site\/wp-content\/uploads\/2018\/04\/vdvxcvz.jpg\",\"keywords\":[\"Semin\u00e1rio\",\"XIV Semin\u00e1rio de Integralidade\"],\"articleSection\":[\"Semin\u00e1rios e Eventos\"],\"inLanguage\":\"pt-BR\"},{\"@type\":\"WebPage\",\"@id\":\"https:\/\/lappis.org.br\/site\/xiv-seminario-de-integralidade\/6227\",\"url\":\"https:\/\/lappis.org.br\/site\/xiv-seminario-de-integralidade\/6227\",\"name\":\"XIV Semin\u00e1rio de Integralidade - Lappis 25 anos\",\"isPartOf\":{\"@id\":\"https:\/\/lappis.org.br\/site\/#website\"},\"primaryImageOfPage\":{\"@id\":\"https:\/\/lappis.org.br\/site\/xiv-seminario-de-integralidade\/6227#primaryimage\"},\"image\":{\"@id\":\"https:\/\/lappis.org.br\/site\/xiv-seminario-de-integralidade\/6227#primaryimage\"},\"thumbnailUrl\":\"https:\/\/lappis.org.br\/site\/wp-content\/uploads\/2018\/04\/vdvxcvz.jpg\",\"datePublished\":\"2014-10-13T04:38:06+00:00\",\"dateModified\":\"2023-05-19T01:58:12+00:00\",\"breadcrumb\":{\"@id\":\"https:\/\/lappis.org.br\/site\/xiv-seminario-de-integralidade\/6227#breadcrumb\"},\"inLanguage\":\"pt-BR\",\"potentialAction\":[{\"@type\":\"ReadAction\",\"target\":[\"https:\/\/lappis.org.br\/site\/xiv-seminario-de-integralidade\/6227\"]}]},{\"@type\":\"ImageObject\",\"inLanguage\":\"pt-BR\",\"@id\":\"https:\/\/lappis.org.br\/site\/xiv-seminario-de-integralidade\/6227#primaryimage\",\"url\":\"https:\/\/lappis.org.br\/site\/wp-content\/uploads\/2018\/04\/vdvxcvz.jpg\",\"contentUrl\":\"https:\/\/lappis.org.br\/site\/wp-content\/uploads\/2018\/04\/vdvxcvz.jpg\",\"width\":900,\"height\":389},{\"@type\":\"BreadcrumbList\",\"@id\":\"https:\/\/lappis.org.br\/site\/xiv-seminario-de-integralidade\/6227#breadcrumb\",\"itemListElement\":[{\"@type\":\"ListItem\",\"position\":1,\"name\":\"In\u00edcio\",\"item\":\"https:\/\/lappis.org.br\/site\/\"},{\"@type\":\"ListItem\",\"position\":2,\"name\":\"XIV Semin\u00e1rio de Integralidade\"}]},{\"@type\":\"WebSite\",\"@id\":\"https:\/\/lappis.org.br\/site\/#website\",\"url\":\"https:\/\/lappis.org.br\/site\/\",\"name\":\"Lappis 25 anos\",\"description\":\"Labotat\u00f3rio de Pesquisas sobre Pr\u00e1ticas de Integralidade em Sa\u00fade\",\"publisher\":{\"@id\":\"https:\/\/lappis.org.br\/site\/#organization\"},\"potentialAction\":[{\"@type\":\"SearchAction\",\"target\":{\"@type\":\"EntryPoint\",\"urlTemplate\":\"https:\/\/lappis.org.br\/site\/?s={search_term_string}\"},\"query-input\":{\"@type\":\"PropertyValueSpecification\",\"valueRequired\":true,\"valueName\":\"search_term_string\"}}],\"inLanguage\":\"pt-BR\"},{\"@type\":\"Organization\",\"@id\":\"https:\/\/lappis.org.br\/site\/#organization\",\"name\":\"Lappis 25 anos\",\"url\":\"https:\/\/lappis.org.br\/site\/\",\"logo\":{\"@type\":\"ImageObject\",\"inLanguage\":\"pt-BR\",\"@id\":\"https:\/\/lappis.org.br\/site\/#\/schema\/logo\/image\/\",\"url\":\"https:\/\/lappis.org.br\/site\/wp-content\/uploads\/2025\/03\/logo-lappis25anos.png\",\"contentUrl\":\"https:\/\/lappis.org.br\/site\/wp-content\/uploads\/2025\/03\/logo-lappis25anos.png\",\"width\":388,\"height\":146,\"caption\":\"Lappis 25 anos\"},\"image\":{\"@id\":\"https:\/\/lappis.org.br\/site\/#\/schema\/logo\/image\/\"}},{\"@type\":\"Person\",\"@id\":\"https:\/\/lappis.org.br\/site\/#\/schema\/person\/c5ae1a9a383eda57f5172f5c706a0414\",\"name\":\"stefany\",\"image\":{\"@type\":\"ImageObject\",\"inLanguage\":\"pt-BR\",\"@id\":\"https:\/\/lappis.org.br\/site\/#\/schema\/person\/image\/\",\"url\":\"https:\/\/secure.gravatar.com\/avatar\/a7553e82b188bf17bb54b918d68d7841?s=96&d=mm&r=g\",\"contentUrl\":\"https:\/\/secure.gravatar.com\/avatar\/a7553e82b188bf17bb54b918d68d7841?s=96&d=mm&r=g\",\"caption\":\"stefany\"},\"url\":\"https:\/\/lappis.org.br\/site\/author\/stefany\"}]}<\/script>\n<!-- \/ Yoast SEO plugin. -->","yoast_head_json":{"title":"XIV Semin\u00e1rio de Integralidade - Lappis 25 anos","robots":{"index":"index","follow":"follow","max-snippet":"max-snippet:-1","max-image-preview":"max-image-preview:large","max-video-preview":"max-video-preview:-1"},"canonical":"https:\/\/lappis.org.br\/site\/xiv-seminario-de-integralidade\/6227","og_locale":"pt_BR","og_type":"article","og_title":"XIV Semin\u00e1rio de Integralidade - Lappis 25 anos","og_description":"APRESENTA\u00c7\u00c3O O LAPPIS, juntamente com o UBA e o RIEPS organizaram no per\u00edodo de 13 a 17 de outubro de 2014 o XIV Semin\u00e1rio Internacional do Projeto de Integralidade, trazendo como tema principal &#8220;Saberes e [...]","og_url":"https:\/\/lappis.org.br\/site\/xiv-seminario-de-integralidade\/6227","og_site_name":"Lappis 25 anos","article_published_time":"2014-10-13T04:38:06+00:00","article_modified_time":"2023-05-19T01:58:12+00:00","og_image":[{"width":900,"height":389,"url":"https:\/\/lappis.org.br\/site\/wp-content\/uploads\/2018\/04\/vdvxcvz.jpg","type":"image\/jpeg"}],"author":"stefany","twitter_card":"summary_large_image","twitter_misc":{"Escrito por":"stefany","Est. tempo de leitura":"9 minutos"},"schema":{"@context":"https:\/\/schema.org","@graph":[{"@type":"Article","@id":"https:\/\/lappis.org.br\/site\/xiv-seminario-de-integralidade\/6227#article","isPartOf":{"@id":"https:\/\/lappis.org.br\/site\/xiv-seminario-de-integralidade\/6227"},"author":{"name":"stefany","@id":"https:\/\/lappis.org.br\/site\/#\/schema\/person\/c5ae1a9a383eda57f5172f5c706a0414"},"headline":"XIV Semin\u00e1rio de Integralidade","datePublished":"2014-10-13T04:38:06+00:00","dateModified":"2023-05-19T01:58:12+00:00","mainEntityOfPage":{"@id":"https:\/\/lappis.org.br\/site\/xiv-seminario-de-integralidade\/6227"},"wordCount":1684,"publisher":{"@id":"https:\/\/lappis.org.br\/site\/#organization"},"image":{"@id":"https:\/\/lappis.org.br\/site\/xiv-seminario-de-integralidade\/6227#primaryimage"},"thumbnailUrl":"https:\/\/lappis.org.br\/site\/wp-content\/uploads\/2018\/04\/vdvxcvz.jpg","keywords":["Semin\u00e1rio","XIV Semin\u00e1rio de Integralidade"],"articleSection":["Semin\u00e1rios e Eventos"],"inLanguage":"pt-BR"},{"@type":"WebPage","@id":"https:\/\/lappis.org.br\/site\/xiv-seminario-de-integralidade\/6227","url":"https:\/\/lappis.org.br\/site\/xiv-seminario-de-integralidade\/6227","name":"XIV Semin\u00e1rio de Integralidade - Lappis 25 anos","isPartOf":{"@id":"https:\/\/lappis.org.br\/site\/#website"},"primaryImageOfPage":{"@id":"https:\/\/lappis.org.br\/site\/xiv-seminario-de-integralidade\/6227#primaryimage"},"image":{"@id":"https:\/\/lappis.org.br\/site\/xiv-seminario-de-integralidade\/6227#primaryimage"},"thumbnailUrl":"https:\/\/lappis.org.br\/site\/wp-content\/uploads\/2018\/04\/vdvxcvz.jpg","datePublished":"2014-10-13T04:38:06+00:00","dateModified":"2023-05-19T01:58:12+00:00","breadcrumb":{"@id":"https:\/\/lappis.org.br\/site\/xiv-seminario-de-integralidade\/6227#breadcrumb"},"inLanguage":"pt-BR","potentialAction":[{"@type":"ReadAction","target":["https:\/\/lappis.org.br\/site\/xiv-seminario-de-integralidade\/6227"]}]},{"@type":"ImageObject","inLanguage":"pt-BR","@id":"https:\/\/lappis.org.br\/site\/xiv-seminario-de-integralidade\/6227#primaryimage","url":"https:\/\/lappis.org.br\/site\/wp-content\/uploads\/2018\/04\/vdvxcvz.jpg","contentUrl":"https:\/\/lappis.org.br\/site\/wp-content\/uploads\/2018\/04\/vdvxcvz.jpg","width":900,"height":389},{"@type":"BreadcrumbList","@id":"https:\/\/lappis.org.br\/site\/xiv-seminario-de-integralidade\/6227#breadcrumb","itemListElement":[{"@type":"ListItem","position":1,"name":"In\u00edcio","item":"https:\/\/lappis.org.br\/site\/"},{"@type":"ListItem","position":2,"name":"XIV Semin\u00e1rio de Integralidade"}]},{"@type":"WebSite","@id":"https:\/\/lappis.org.br\/site\/#website","url":"https:\/\/lappis.org.br\/site\/","name":"Lappis 25 anos","description":"Labotat\u00f3rio de Pesquisas sobre Pr\u00e1ticas de Integralidade em Sa\u00fade","publisher":{"@id":"https:\/\/lappis.org.br\/site\/#organization"},"potentialAction":[{"@type":"SearchAction","target":{"@type":"EntryPoint","urlTemplate":"https:\/\/lappis.org.br\/site\/?s={search_term_string}"},"query-input":{"@type":"PropertyValueSpecification","valueRequired":true,"valueName":"search_term_string"}}],"inLanguage":"pt-BR"},{"@type":"Organization","@id":"https:\/\/lappis.org.br\/site\/#organization","name":"Lappis 25 anos","url":"https:\/\/lappis.org.br\/site\/","logo":{"@type":"ImageObject","inLanguage":"pt-BR","@id":"https:\/\/lappis.org.br\/site\/#\/schema\/logo\/image\/","url":"https:\/\/lappis.org.br\/site\/wp-content\/uploads\/2025\/03\/logo-lappis25anos.png","contentUrl":"https:\/\/lappis.org.br\/site\/wp-content\/uploads\/2025\/03\/logo-lappis25anos.png","width":388,"height":146,"caption":"Lappis 25 anos"},"image":{"@id":"https:\/\/lappis.org.br\/site\/#\/schema\/logo\/image\/"}},{"@type":"Person","@id":"https:\/\/lappis.org.br\/site\/#\/schema\/person\/c5ae1a9a383eda57f5172f5c706a0414","name":"stefany","image":{"@type":"ImageObject","inLanguage":"pt-BR","@id":"https:\/\/lappis.org.br\/site\/#\/schema\/person\/image\/","url":"https:\/\/secure.gravatar.com\/avatar\/a7553e82b188bf17bb54b918d68d7841?s=96&d=mm&r=g","contentUrl":"https:\/\/secure.gravatar.com\/avatar\/a7553e82b188bf17bb54b918d68d7841?s=96&d=mm&r=g","caption":"stefany"},"url":"https:\/\/lappis.org.br\/site\/author\/stefany"}]}},"jetpack_featured_media_url":"https:\/\/lappis.org.br\/site\/wp-content\/uploads\/2018\/04\/vdvxcvz.jpg","jetpack_shortlink":"https:\/\/wp.me\/p954Nh-1Cr","jetpack_sharing_enabled":true,"_links":{"self":[{"href":"https:\/\/lappis.org.br\/site\/wp-json\/wp\/v2\/posts\/6227"}],"collection":[{"href":"https:\/\/lappis.org.br\/site\/wp-json\/wp\/v2\/posts"}],"about":[{"href":"https:\/\/lappis.org.br\/site\/wp-json\/wp\/v2\/types\/post"}],"author":[{"embeddable":true,"href":"https:\/\/lappis.org.br\/site\/wp-json\/wp\/v2\/users\/4"}],"replies":[{"embeddable":true,"href":"https:\/\/lappis.org.br\/site\/wp-json\/wp\/v2\/comments?post=6227"}],"version-history":[{"count":15,"href":"https:\/\/lappis.org.br\/site\/wp-json\/wp\/v2\/posts\/6227\/revisions"}],"predecessor-version":[{"id":8271,"href":"https:\/\/lappis.org.br\/site\/wp-json\/wp\/v2\/posts\/6227\/revisions\/8271"}],"wp:featuredmedia":[{"embeddable":true,"href":"https:\/\/lappis.org.br\/site\/wp-json\/wp\/v2\/media\/6228"}],"wp:attachment":[{"href":"https:\/\/lappis.org.br\/site\/wp-json\/wp\/v2\/media?parent=6227"}],"wp:term":[{"taxonomy":"category","embeddable":true,"href":"https:\/\/lappis.org.br\/site\/wp-json\/wp\/v2\/categories?post=6227"},{"taxonomy":"post_tag","embeddable":true,"href":"https:\/\/lappis.org.br\/site\/wp-json\/wp\/v2\/tags?post=6227"}],"curies":[{"name":"wp","href":"https:\/\/api.w.org\/{rel}","templated":true}]}}