{"id":6216,"date":"2015-05-20T00:51:48","date_gmt":"2015-05-20T03:51:48","guid":{"rendered":"http:\/\/lappis.org.br\/site\/?p=6216"},"modified":"2018-05-10T13:11:34","modified_gmt":"2018-05-10T16:11:34","slug":"xv-seminario-de-integralidade","status":"publish","type":"post","link":"https:\/\/lappis.org.br\/site\/xv-seminario-de-integralidade\/6216","title":{"rendered":"XV Semin\u00e1rio de Integralidade"},"content":{"rendered":"<ul class=\"nav nav-tabs nav-justified\">\n<li class=\" active\"><a href=\"#apresentacao\">Apresenta\u00e7\u00e3o<\/a><\/li>\n<li><a href=\"#programacao\">Programa\u00e7\u00e3o<\/a><\/li>\n<li><a href=\"#multimidia\">Multim\u00eddia<\/a><\/li>\n<li><a href=\"#certificado\">Certificado<\/a><\/li>\n<li><a href=\"#apoio\">Apoio<\/a><\/li>\n<li><a href=\"#noticias\">Not\u00edcias<\/a><\/li>\n<\/ul>\n<h2><a id=\"apresentacao\"><\/a>APRESENTA\u00c7\u00c3O<\/h2>\n<p>O XV Semin\u00e1rio da Integralidade comemora 15 anos ininterruptos de encontros organizados pelo Laborat\u00f3rio de Pesquisas e Pr\u00e1ticas sobre Integralidade em Sa\u00fade (LAPPIS\/IMS\/UERJ) realizando semin\u00e1rios nas cinco regi\u00f5es do Brasil. Entre os objetivos do Semin\u00e1rio\u00a0est\u00e3o a sistematiza\u00e7\u00e3o de resultados e procedimentos de pesquisa-extens\u00e3o\/interven\u00e7\u00e3o que tem como objeto os saberes e pr\u00e1ticas de sa\u00fade para integralidade do cuidado, em suas dimens\u00f5es t\u00e9cnicas, \u00e9ticas e culturais na efetiva\u00e7\u00e3o do direito \u00e0 sa\u00fade, no \u00e2mbito dos pa\u00edses integrantes do MERCOSUL e a caracteriza\u00e7\u00e3o de elementos que favore\u00e7am a articula\u00e7\u00e3o das a\u00e7\u00f5es de interven\u00e7\u00e3o, integra\u00e7\u00e3o e interdisciplinaridade entre os campos da sa\u00fade, educa\u00e7\u00e3o e trabalho.<\/p>\n<p><strong>Tema:<\/strong><\/p>\n<p>PRODU\u00c7\u00c3O, VISIBILIDADE E DEMOCRATIZA\u00c7\u00c3O DO CONHECIMENTO SOBRE O CUIDADO: AS PR\u00c1TICAS COMO FONTE DE TEORIA VIVA NA SA\u00daDE COLETIVA<\/p>\n<p><strong>Coordena\u00e7\u00e3o Colegiada:<\/strong><br \/>\nRoseni Pinheiro, Rodrigo Pinheiro Silveira, Tatiana Coelho Lopes, Gustavo Nunes de Oliveira, Tatiana Gerhardt, Pablo Francisco Di Leo e Darlison Ferreira<\/p>\n<p><strong>P\u00fablico-alvo:<\/strong>\u00a0profissionais de sa\u00fade, pesquisadores, professores, estudantes, usu\u00e1rios do SUS, gestores e associa\u00e7\u00f5es p\u00fablicas.<\/p>\n<p>Equipe organizadora:\u00a0professores, alunos e pesquisadores das institui\u00e7\u00f5es parceiras e do grupo de pesquisa LAPPIS; volunt\u00e1rios \u2013 n\u00e3o h\u00e1 contrata\u00e7\u00e3o de empresa.<\/p>\n<p><strong>Atividades:<\/strong>\u00a0mesas-redondas, debates, confer\u00eancias, lan\u00e7amento de livro.<\/p>\n<p>Atividades simult\u00e2neas com apoio de institui\u00e7\u00f5es parceiras:\u00a0Mini Congresso da BVS Integralidade, exibi\u00e7\u00e3o de v\u00eddeos e minicursos.<\/p>\n<p><strong>Promo\u00e7\u00e3o:<\/strong>\u00a0Laborat\u00f3rio de Pesquisas sobre Pr\u00e1ticas de Integralidade em Sa\u00fade \/ Instituto de Medicina Social \/Universidade do Estado do Rio de Janeiro (Lappis\/ IMS\/ UERJ) e Instituto de Investigaciones Gino Germani \/ Universidad de Buenos Aires (UBA).<\/p>\n<p>N\u00e3o ser\u00e1 cobrada taxa de inscri\u00e7\u00e3o. Ser\u00e1 emitido certificado de participa\u00e7\u00e3o mediante comprova\u00e7\u00e3o em lista de presen\u00e7a.<\/p>\n<p><strong>Informa\u00e7\u00f5es:<\/strong><\/p>\n<p>E-mail:\u00a0<span id=\"cloak876c80e258006305dc06961150bebbf6\"><a href=\"mailto:seminario@lappis.org.br\">seminario@lappis.org.br<\/a><\/span><\/p>\n<p>Telefone: +55 (21) 2567-7086<\/p>\n<p><a href=\"https:\/\/drive.google.com\/drive\/u\/0\/folders\/0B_IsV5qfamk7fnFkcWtVZ2FtRThJRkh0bjMtQURScWRvWFNMOXhkNEFQTXBFME1vM3MxajQ\" target=\"_blank\" rel=\"noopener\">MATERIAIS PARA DOWNLOAD<\/a><\/p>\n<h2><a id=\"apresentacao\"><\/a>PROGRAMA\u00c7\u00c3O<\/h2>\n<p><strong><br \/>\n<img fetchpriority=\"high\" decoding=\"async\" data-attachment-id=\"6217\" data-permalink=\"https:\/\/lappis.org.br\/site\/xv-seminario-de-integralidade\/6216\/xv_seminario_datas_locais_edit2\" data-orig-file=\"https:\/\/lappis.org.br\/site\/wp-content\/uploads\/2018\/04\/XV_seminario_datas_locais_edit2.png\" data-orig-size=\"1029,408\" data-comments-opened=\"0\" data-image-meta=\"{&quot;aperture&quot;:&quot;0&quot;,&quot;credit&quot;:&quot;&quot;,&quot;camera&quot;:&quot;&quot;,&quot;caption&quot;:&quot;&quot;,&quot;created_timestamp&quot;:&quot;0&quot;,&quot;copyright&quot;:&quot;&quot;,&quot;focal_length&quot;:&quot;0&quot;,&quot;iso&quot;:&quot;0&quot;,&quot;shutter_speed&quot;:&quot;0&quot;,&quot;title&quot;:&quot;&quot;,&quot;orientation&quot;:&quot;0&quot;}\" data-image-title=\"XV_seminario_datas_locais_edit2\" data-image-description=\"\" data-image-caption=\"\" data-medium-file=\"https:\/\/lappis.org.br\/site\/wp-content\/uploads\/2018\/04\/XV_seminario_datas_locais_edit2-300x119.png\" data-large-file=\"https:\/\/lappis.org.br\/site\/wp-content\/uploads\/2018\/04\/XV_seminario_datas_locais_edit2-1024x406.png\" class=\"wp-image-6217 aligncenter\" src=\"http:\/\/lappis.org.br\/site\/wp-content\/uploads\/2018\/04\/XV_seminario_datas_locais_edit2-300x119.png\" alt=\"\" width=\"455\" height=\"180\" srcset=\"https:\/\/lappis.org.br\/site\/wp-content\/uploads\/2018\/04\/XV_seminario_datas_locais_edit2-300x119.png 300w, https:\/\/lappis.org.br\/site\/wp-content\/uploads\/2018\/04\/XV_seminario_datas_locais_edit2-768x305.png 768w, https:\/\/lappis.org.br\/site\/wp-content\/uploads\/2018\/04\/XV_seminario_datas_locais_edit2-1024x406.png 1024w, https:\/\/lappis.org.br\/site\/wp-content\/uploads\/2018\/04\/XV_seminario_datas_locais_edit2-250x99.png 250w, https:\/\/lappis.org.br\/site\/wp-content\/uploads\/2018\/04\/XV_seminario_datas_locais_edit2-330x131.png 330w, https:\/\/lappis.org.br\/site\/wp-content\/uploads\/2018\/04\/XV_seminario_datas_locais_edit2.png 1029w\" sizes=\"(max-width: 455px) 100vw, 455px\" \/><\/strong><\/p>\n<p><a href=\"http:\/\/lappis.org.br\/site\/wp-content\/uploads\/2018\/04\/PROGRAMA\u00c7\u00c3O-NORTE-NOVEMBRO.pdf\" target=\"_blank\" rel=\"noopener\">PROGRAMA\u00c7\u00c3O NORTE &#8211; NOVEMBRO<\/a><br \/>\n<a href=\"http:\/\/lappis.org.br\/site\/wp-content\/uploads\/2018\/04\/PROGRAMA\u00c7\u00c3O-SUL-ADIADA.pdf\" target=\"_blank\" rel=\"noopener\">PROGRAMA\u00c7\u00c3O SUL &#8211; ADIADA<\/a><br \/>\n<a href=\"http:\/\/lappis.org.br\/site\/wp-content\/uploads\/2018\/04\/PROGRAMA\u00c7\u00c3O-NORDESTE-OUTUBRO.pdf\">PROGRAMA\u00c7\u00c3O NORDESTE &#8211; OUTUBRO<\/a><br \/>\n<a href=\"http:\/\/lappis.org.br\/site\/wp-content\/uploads\/2018\/04\/PROGRAMA\u00c7\u00c3O-CENTRO-OESTE-JUNHO_JULHO.pdf\">PROGRAMA\u00c7\u00c3O CENTRO-OESTE &#8211; JUNHO_JULHO<\/a><br \/>\n<a href=\"http:\/\/lappis.org.br\/site\/wp-content\/uploads\/2018\/04\/PROGRAMA\u00c7\u00c3O-SUDESTE-MAIO.pdf\">PROGRAMA\u00c7\u00c3O SUDESTE &#8211; MAIO<\/a><\/p>\n<h2><a id=\"multimidia\"><\/a>MULTIM\u00cdDIA<\/h2>\n<h3>V\u00cdDEO<\/h3>\n<p><iframe title=\"Chamada XV Seminario Centro-Oeste por Roseni Pinheiro\" width=\"500\" height=\"281\" src=\"https:\/\/www.youtube.com\/embed\/MPWsAswX_og?list=PLUKOhM6bRH6zCHgZ_DgQfhoCEyOaHwSTK\" frameborder=\"0\" allow=\"accelerometer; autoplay; clipboard-write; encrypted-media; gyroscope; picture-in-picture; web-share\" referrerpolicy=\"strict-origin-when-cross-origin\" allowfullscreen><\/iframe><\/p>\n<h3>FOTOS<\/h3>\n<p class=\"jetpack-slideshow-noscript robots-nocontent\">Este slideshow necessita de JavaScript.<\/p><div id=\"gallery-6216-1-slideshow\" class=\"jetpack-slideshow-window jetpack-slideshow jetpack-slideshow-black\" data-trans=\"fade\" data-autostart=\"1\" data-gallery=\"[{&quot;src&quot;:&quot;https:\\\/\\\/lappis.org.br\\\/site\\\/wp-content\\\/uploads\\\/2015\\\/05\\\/01_07_abertura_XV_Seminario_Centro_Oeste_BSB1.jpg&quot;,&quot;id&quot;:&quot;6449&quot;,&quot;title&quot;:&quot;01_07_abertura_XV_Seminario_Centro_Oeste_BSB1&quot;,&quot;alt&quot;:&quot;&quot;,&quot;caption&quot;:&quot;&quot;,&quot;itemprop&quot;:&quot;image&quot;},{&quot;src&quot;:&quot;https:\\\/\\\/lappis.org.br\\\/site\\\/wp-content\\\/uploads\\\/2015\\\/05\\\/01_07_abertura_XV_Seminario_Centro_Oeste_BSB4.jpg&quot;,&quot;id&quot;:&quot;6450&quot;,&quot;title&quot;:&quot;01_07_abertura_XV_Seminario_Centro_Oeste_BSB4&quot;,&quot;alt&quot;:&quot;&quot;,&quot;caption&quot;:&quot;&quot;,&quot;itemprop&quot;:&quot;image&quot;},{&quot;src&quot;:&quot;https:\\\/\\\/lappis.org.br\\\/site\\\/wp-content\\\/uploads\\\/2015\\\/05\\\/01_07_abertura_XV_Seminario_Centro_Oeste_BSB10.jpg&quot;,&quot;id&quot;:&quot;6451&quot;,&quot;title&quot;:&quot;01_07_abertura_XV_Seminario_Centro_Oeste_BSB10&quot;,&quot;alt&quot;:&quot;&quot;,&quot;caption&quot;:&quot;&quot;,&quot;itemprop&quot;:&quot;image&quot;},{&quot;src&quot;:&quot;https:\\\/\\\/lappis.org.br\\\/site\\\/wp-content\\\/uploads\\\/2015\\\/05\\\/2_minicongresso_BVS_integralidade_m-1.jpg&quot;,&quot;id&quot;:&quot;6452&quot;,&quot;title&quot;:&quot;2_minicongresso_BVS_integralidade_m&quot;,&quot;alt&quot;:&quot;&quot;,&quot;caption&quot;:&quot;&quot;,&quot;itemprop&quot;:&quot;image&quot;},{&quot;src&quot;:&quot;https:\\\/\\\/lappis.org.br\\\/site\\\/wp-content\\\/uploads\\\/2015\\\/05\\\/Gustavo_Nunes_2.jpg&quot;,&quot;id&quot;:&quot;6453&quot;,&quot;title&quot;:&quot;Gustavo_Nunes_2&quot;,&quot;alt&quot;:&quot;&quot;,&quot;caption&quot;:&quot;&quot;,&quot;itemprop&quot;:&quot;image&quot;},{&quot;src&quot;:&quot;https:\\\/\\\/lappis.org.br\\\/site\\\/wp-content\\\/uploads\\\/2015\\\/05\\\/jairnilson_paim.jpg&quot;,&quot;id&quot;:&quot;6454&quot;,&quot;title&quot;:&quot;jairnilson_paim&quot;,&quot;alt&quot;:&quot;&quot;,&quot;caption&quot;:&quot;&quot;,&quot;itemprop&quot;:&quot;image&quot;},{&quot;src&quot;:&quot;https:\\\/\\\/lappis.org.br\\\/site\\\/wp-content\\\/uploads\\\/2015\\\/05\\\/XV_semin_20_05_mesa_abertura-1.jpg&quot;,&quot;id&quot;:&quot;6455&quot;,&quot;title&quot;:&quot;XV_semin_20_05_mesa_abertura&quot;,&quot;alt&quot;:&quot;&quot;,&quot;caption&quot;:&quot;&quot;,&quot;itemprop&quot;:&quot;image&quot;},{&quot;src&quot;:&quot;https:\\\/\\\/lappis.org.br\\\/site\\\/wp-content\\\/uploads\\\/2015\\\/05\\\/XV_semin_20_05_mesa_abertura3-1.jpg&quot;,&quot;id&quot;:&quot;6456&quot;,&quot;title&quot;:&quot;XV_semin_20_05_mesa_abertura3&quot;,&quot;alt&quot;:&quot;&quot;,&quot;caption&quot;:&quot;&quot;,&quot;itemprop&quot;:&quot;image&quot;},{&quot;src&quot;:&quot;https:\\\/\\\/lappis.org.br\\\/site\\\/wp-content\\\/uploads\\\/2015\\\/05\\\/XV_semin_20_05_mesa_manha.jpg&quot;,&quot;id&quot;:&quot;6457&quot;,&quot;title&quot;:&quot;XV_semin_20_05_mesa_manha&quot;,&quot;alt&quot;:&quot;&quot;,&quot;caption&quot;:&quot;&quot;,&quot;itemprop&quot;:&quot;image&quot;},{&quot;src&quot;:&quot;https:\\\/\\\/lappis.org.br\\\/site\\\/wp-content\\\/uploads\\\/2015\\\/05\\\/XV_semin_20_05_mesa_manha2.jpg&quot;,&quot;id&quot;:&quot;6458&quot;,&quot;title&quot;:&quot;XV_semin_20_05_mesa_manha2&quot;,&quot;alt&quot;:&quot;&quot;,&quot;caption&quot;:&quot;&quot;,&quot;itemprop&quot;:&quot;image&quot;},{&quot;src&quot;:&quot;https:\\\/\\\/lappis.org.br\\\/site\\\/wp-content\\\/uploads\\\/2015\\\/05\\\/XV_semin_20_05_mesa_tarde2.jpg&quot;,&quot;id&quot;:&quot;6459&quot;,&quot;title&quot;:&quot;XV_semin_20_05_mesa_tarde2&quot;,&quot;alt&quot;:&quot;&quot;,&quot;caption&quot;:&quot;&quot;,&quot;itemprop&quot;:&quot;image&quot;},{&quot;src&quot;:&quot;https:\\\/\\\/lappis.org.br\\\/site\\\/wp-content\\\/uploads\\\/2015\\\/05\\\/XV_semin_21_05_mesa_tarde.jpg&quot;,&quot;id&quot;:&quot;6460&quot;,&quot;title&quot;:&quot;XV_semin_21_05_mesa_tarde&quot;,&quot;alt&quot;:&quot;&quot;,&quot;caption&quot;:&quot;&quot;,&quot;itemprop&quot;:&quot;image&quot;},{&quot;src&quot;:&quot;https:\\\/\\\/lappis.org.br\\\/site\\\/wp-content\\\/uploads\\\/2015\\\/05\\\/XV_semin_22_05_15_inscricao_sofia-1.jpg&quot;,&quot;id&quot;:&quot;6461&quot;,&quot;title&quot;:&quot;XV_semin_22_05_15_inscricao_sofia&quot;,&quot;alt&quot;:&quot;&quot;,&quot;caption&quot;:&quot;&quot;,&quot;itemprop&quot;:&quot;image&quot;},{&quot;src&quot;:&quot;https:\\\/\\\/lappis.org.br\\\/site\\\/wp-content\\\/uploads\\\/2015\\\/05\\\/XV_semin_22_05_15_mesa_abertura_sofia-1.jpg&quot;,&quot;id&quot;:&quot;6462&quot;,&quot;title&quot;:&quot;XV_semin_22_05_15_mesa_abertura_sofia&quot;,&quot;alt&quot;:&quot;&quot;,&quot;caption&quot;:&quot;&quot;,&quot;itemprop&quot;:&quot;image&quot;}]\" itemscope itemtype=\"https:\/\/schema.org\/ImageGallery\"><\/div>\n<h2><a id=\"certificado\"><\/a>CERTIFICADO<\/h2>\n<div>\n<div><a href=\"http:\/\/lappis.org.br\/site\/certificados-xv-seminario-internacional-do-projeto-integralidade-edicao-multicentrica\/3282\">Clique aqui<\/a><\/div>\n<h2><\/h2>\n<h2>APOIO<\/h2>\n<p>Minist\u00e9rio da Sa\u00fade do Brasil; Instituto de Comunica\u00e7\u00e3o e Informa\u00e7\u00e3o Cient\u00edfica e Tecnol\u00f3gica em Sa\u00fade (ICICT\/Fiocruz); Organiza\u00e7\u00e3o Panamericana da Sa\u00fade (OPAS); Programa das Na\u00e7\u00f5es Unidas para o Desenvolvimento (PNUD), Instituto de Sa\u00fade da Comunidade da Universidade Federal Fluminense; Universidade de Bras\u00edlia, Universidade Federal de Santa Maria, Instituto de Sa\u00fade Coletiva da Universidade Federal da Bahia, Fundac\u00e3o de Apoio \u00e0 Pesquisa do Amazonas (FAPEAM), Faculdade de Medicina da Universidade Federal do Acre, Instituto Gino Germani \u2013 Universidad de Buenos Aires, Consejo Nacional de Investigaciones Cient\u00edficas y T\u00e9cnicas (CONICET).<\/p>\n<h2>NOT\u00cdCIAS<\/h2>\n<\/div>\n\n<div>\n<p>&nbsp;<\/p>\n<p>&nbsp;<\/p>\n<p>&nbsp;<\/p>\n<p>&nbsp;<\/p>\n<h1 class=\"entry-title\"><\/h1>\n<h1 class=\"entry-title\"><\/h1>\n<h1 class=\"entry-title\"><\/h1>\n<div class=\"page-header\">\n<p>&nbsp;<\/p>\n<\/div>\n<\/div>\n","protected":false},"excerpt":{"rendered":"<div class=\"mh-excerpt\"><p>APRESENTA\u00c7\u00c3O O XV Semin\u00e1rio da Integralidade comemora 15 anos ininterruptos de encontros organizados pelo Laborat\u00f3rio de Pesquisas e Pr\u00e1ticas sobre Integralidade em Sa\u00fade (LAPPIS\/IMS\/UERJ) realizando semin\u00e1rios nas cinco regi\u00f5es do Brasil. Entre os objetivos do <a class=\"mh-excerpt-more\" href=\"https:\/\/lappis.org.br\/site\/xv-seminario-de-integralidade\/6216\" title=\"XV Semin\u00e1rio de Integralidade\">[&#8230;]<\/a><\/p>\n<\/div>","protected":false},"author":4,"featured_media":6695,"comment_status":"closed","ping_status":"open","sticky":false,"template":"","format":"standard","meta":{"_acf_changed":false,"_exactmetrics_skip_tracking":false,"_exactmetrics_sitenote_active":false,"_exactmetrics_sitenote_note":"","_exactmetrics_sitenote_category":0,"jetpack_post_was_ever_published":false,"_jetpack_newsletter_access":"","_jetpack_dont_email_post_to_subs":false,"_jetpack_newsletter_tier_id":0,"_jetpack_memberships_contains_paywalled_content":false,"_jetpack_memberships_contains_paid_content":false,"footnotes":"","jetpack_publicize_message":"","jetpack_publicize_feature_enabled":true,"jetpack_social_post_already_shared":true,"jetpack_social_options":{"image_generator_settings":{"template":"highway","enabled":false},"version":2}},"categories":[739],"tags":[110,745],"class_list":{"0":"post-6216","1":"post","2":"type-post","3":"status-publish","4":"format-standard","5":"has-post-thumbnail","7":"category-seminarios-e-eventos","8":"tag-seminario","9":"tag-xv-seminario-de-integralidade"},"jetpack_publicize_connections":[],"acf":[],"yoast_head":"<!-- This site is optimized with the Yoast SEO plugin v25.2 - https:\/\/yoast.com\/wordpress\/plugins\/seo\/ -->\n<title>XV Semin\u00e1rio de Integralidade - Lappis 25 anos<\/title>\n<meta name=\"robots\" content=\"index, follow, max-snippet:-1, max-image-preview:large, max-video-preview:-1\" \/>\n<link rel=\"canonical\" href=\"https:\/\/lappis.org.br\/site\/xv-seminario-de-integralidade\/6216\" \/>\n<meta property=\"og:locale\" content=\"pt_BR\" \/>\n<meta property=\"og:type\" content=\"article\" \/>\n<meta property=\"og:title\" content=\"XV Semin\u00e1rio de Integralidade - Lappis 25 anos\" \/>\n<meta property=\"og:description\" content=\"APRESENTA\u00c7\u00c3O O XV Semin\u00e1rio da Integralidade comemora 15 anos ininterruptos de encontros organizados pelo Laborat\u00f3rio de Pesquisas e Pr\u00e1ticas sobre Integralidade em Sa\u00fade (LAPPIS\/IMS\/UERJ) realizando semin\u00e1rios nas cinco regi\u00f5es do Brasil. Entre os objetivos do [...]\" \/>\n<meta property=\"og:url\" content=\"https:\/\/lappis.org.br\/site\/xv-seminario-de-integralidade\/6216\" \/>\n<meta property=\"og:site_name\" content=\"Lappis 25 anos\" \/>\n<meta property=\"article:published_time\" content=\"2015-05-20T03:51:48+00:00\" \/>\n<meta property=\"article:modified_time\" content=\"2018-05-10T16:11:34+00:00\" \/>\n<meta property=\"og:image\" content=\"https:\/\/lappis.org.br\/site\/wp-content\/uploads\/2015\/05\/XV_semin_22_05_15_mesa_abertura_sofia-1-1.jpg\" \/>\n\t<meta property=\"og:image:width\" content=\"640\" \/>\n\t<meta property=\"og:image:height\" content=\"480\" \/>\n\t<meta property=\"og:image:type\" content=\"image\/jpeg\" \/>\n<meta name=\"author\" content=\"stefany\" \/>\n<meta name=\"twitter:card\" content=\"summary_large_image\" \/>\n<meta name=\"twitter:label1\" content=\"Escrito por\" \/>\n\t<meta name=\"twitter:data1\" content=\"stefany\" \/>\n\t<meta name=\"twitter:label2\" content=\"Est. tempo de leitura\" \/>\n\t<meta name=\"twitter:data2\" content=\"3 minutos\" \/>\n<script type=\"application\/ld+json\" class=\"yoast-schema-graph\">{\"@context\":\"https:\/\/schema.org\",\"@graph\":[{\"@type\":\"Article\",\"@id\":\"https:\/\/lappis.org.br\/site\/xv-seminario-de-integralidade\/6216#article\",\"isPartOf\":{\"@id\":\"https:\/\/lappis.org.br\/site\/xv-seminario-de-integralidade\/6216\"},\"author\":{\"name\":\"stefany\",\"@id\":\"https:\/\/lappis.org.br\/site\/#\/schema\/person\/c5ae1a9a383eda57f5172f5c706a0414\"},\"headline\":\"XV Semin\u00e1rio de Integralidade\",\"datePublished\":\"2015-05-20T03:51:48+00:00\",\"dateModified\":\"2018-05-10T16:11:34+00:00\",\"mainEntityOfPage\":{\"@id\":\"https:\/\/lappis.org.br\/site\/xv-seminario-de-integralidade\/6216\"},\"wordCount\":547,\"publisher\":{\"@id\":\"https:\/\/lappis.org.br\/site\/#organization\"},\"image\":{\"@id\":\"https:\/\/lappis.org.br\/site\/xv-seminario-de-integralidade\/6216#primaryimage\"},\"thumbnailUrl\":\"https:\/\/lappis.org.br\/site\/wp-content\/uploads\/2015\/05\/XV_semin_22_05_15_mesa_abertura_sofia-1-1.jpg\",\"keywords\":[\"Semin\u00e1rio\",\"XV Semin\u00e1rio de Integralidade\"],\"articleSection\":[\"Semin\u00e1rios e Eventos\"],\"inLanguage\":\"pt-BR\"},{\"@type\":\"WebPage\",\"@id\":\"https:\/\/lappis.org.br\/site\/xv-seminario-de-integralidade\/6216\",\"url\":\"https:\/\/lappis.org.br\/site\/xv-seminario-de-integralidade\/6216\",\"name\":\"XV Semin\u00e1rio de Integralidade - Lappis 25 anos\",\"isPartOf\":{\"@id\":\"https:\/\/lappis.org.br\/site\/#website\"},\"primaryImageOfPage\":{\"@id\":\"https:\/\/lappis.org.br\/site\/xv-seminario-de-integralidade\/6216#primaryimage\"},\"image\":{\"@id\":\"https:\/\/lappis.org.br\/site\/xv-seminario-de-integralidade\/6216#primaryimage\"},\"thumbnailUrl\":\"https:\/\/lappis.org.br\/site\/wp-content\/uploads\/2015\/05\/XV_semin_22_05_15_mesa_abertura_sofia-1-1.jpg\",\"datePublished\":\"2015-05-20T03:51:48+00:00\",\"dateModified\":\"2018-05-10T16:11:34+00:00\",\"breadcrumb\":{\"@id\":\"https:\/\/lappis.org.br\/site\/xv-seminario-de-integralidade\/6216#breadcrumb\"},\"inLanguage\":\"pt-BR\",\"potentialAction\":[{\"@type\":\"ReadAction\",\"target\":[\"https:\/\/lappis.org.br\/site\/xv-seminario-de-integralidade\/6216\"]}]},{\"@type\":\"ImageObject\",\"inLanguage\":\"pt-BR\",\"@id\":\"https:\/\/lappis.org.br\/site\/xv-seminario-de-integralidade\/6216#primaryimage\",\"url\":\"https:\/\/lappis.org.br\/site\/wp-content\/uploads\/2015\/05\/XV_semin_22_05_15_mesa_abertura_sofia-1-1.jpg\",\"contentUrl\":\"https:\/\/lappis.org.br\/site\/wp-content\/uploads\/2015\/05\/XV_semin_22_05_15_mesa_abertura_sofia-1-1.jpg\",\"width\":640,\"height\":480},{\"@type\":\"BreadcrumbList\",\"@id\":\"https:\/\/lappis.org.br\/site\/xv-seminario-de-integralidade\/6216#breadcrumb\",\"itemListElement\":[{\"@type\":\"ListItem\",\"position\":1,\"name\":\"In\u00edcio\",\"item\":\"https:\/\/lappis.org.br\/site\/\"},{\"@type\":\"ListItem\",\"position\":2,\"name\":\"XV Semin\u00e1rio de Integralidade\"}]},{\"@type\":\"WebSite\",\"@id\":\"https:\/\/lappis.org.br\/site\/#website\",\"url\":\"https:\/\/lappis.org.br\/site\/\",\"name\":\"Lappis 25 anos\",\"description\":\"Labotat\u00f3rio de Pesquisas sobre Pr\u00e1ticas de Integralidade em Sa\u00fade\",\"publisher\":{\"@id\":\"https:\/\/lappis.org.br\/site\/#organization\"},\"potentialAction\":[{\"@type\":\"SearchAction\",\"target\":{\"@type\":\"EntryPoint\",\"urlTemplate\":\"https:\/\/lappis.org.br\/site\/?s={search_term_string}\"},\"query-input\":{\"@type\":\"PropertyValueSpecification\",\"valueRequired\":true,\"valueName\":\"search_term_string\"}}],\"inLanguage\":\"pt-BR\"},{\"@type\":\"Organization\",\"@id\":\"https:\/\/lappis.org.br\/site\/#organization\",\"name\":\"Lappis 25 anos\",\"url\":\"https:\/\/lappis.org.br\/site\/\",\"logo\":{\"@type\":\"ImageObject\",\"inLanguage\":\"pt-BR\",\"@id\":\"https:\/\/lappis.org.br\/site\/#\/schema\/logo\/image\/\",\"url\":\"https:\/\/lappis.org.br\/site\/wp-content\/uploads\/2025\/03\/logo-lappis25anos.png\",\"contentUrl\":\"https:\/\/lappis.org.br\/site\/wp-content\/uploads\/2025\/03\/logo-lappis25anos.png\",\"width\":388,\"height\":146,\"caption\":\"Lappis 25 anos\"},\"image\":{\"@id\":\"https:\/\/lappis.org.br\/site\/#\/schema\/logo\/image\/\"}},{\"@type\":\"Person\",\"@id\":\"https:\/\/lappis.org.br\/site\/#\/schema\/person\/c5ae1a9a383eda57f5172f5c706a0414\",\"name\":\"stefany\",\"image\":{\"@type\":\"ImageObject\",\"inLanguage\":\"pt-BR\",\"@id\":\"https:\/\/lappis.org.br\/site\/#\/schema\/person\/image\/\",\"url\":\"https:\/\/secure.gravatar.com\/avatar\/a7553e82b188bf17bb54b918d68d7841?s=96&d=mm&r=g\",\"contentUrl\":\"https:\/\/secure.gravatar.com\/avatar\/a7553e82b188bf17bb54b918d68d7841?s=96&d=mm&r=g\",\"caption\":\"stefany\"},\"url\":\"https:\/\/lappis.org.br\/site\/author\/stefany\"}]}<\/script>\n<!-- \/ Yoast SEO plugin. -->","yoast_head_json":{"title":"XV Semin\u00e1rio de Integralidade - Lappis 25 anos","robots":{"index":"index","follow":"follow","max-snippet":"max-snippet:-1","max-image-preview":"max-image-preview:large","max-video-preview":"max-video-preview:-1"},"canonical":"https:\/\/lappis.org.br\/site\/xv-seminario-de-integralidade\/6216","og_locale":"pt_BR","og_type":"article","og_title":"XV Semin\u00e1rio de Integralidade - Lappis 25 anos","og_description":"APRESENTA\u00c7\u00c3O O XV Semin\u00e1rio da Integralidade comemora 15 anos ininterruptos de encontros organizados pelo Laborat\u00f3rio de Pesquisas e Pr\u00e1ticas sobre Integralidade em Sa\u00fade (LAPPIS\/IMS\/UERJ) realizando semin\u00e1rios nas cinco regi\u00f5es do Brasil. Entre os objetivos do [...]","og_url":"https:\/\/lappis.org.br\/site\/xv-seminario-de-integralidade\/6216","og_site_name":"Lappis 25 anos","article_published_time":"2015-05-20T03:51:48+00:00","article_modified_time":"2018-05-10T16:11:34+00:00","og_image":[{"width":640,"height":480,"url":"https:\/\/lappis.org.br\/site\/wp-content\/uploads\/2015\/05\/XV_semin_22_05_15_mesa_abertura_sofia-1-1.jpg","type":"image\/jpeg"}],"author":"stefany","twitter_card":"summary_large_image","twitter_misc":{"Escrito por":"stefany","Est. tempo de leitura":"3 minutos"},"schema":{"@context":"https:\/\/schema.org","@graph":[{"@type":"Article","@id":"https:\/\/lappis.org.br\/site\/xv-seminario-de-integralidade\/6216#article","isPartOf":{"@id":"https:\/\/lappis.org.br\/site\/xv-seminario-de-integralidade\/6216"},"author":{"name":"stefany","@id":"https:\/\/lappis.org.br\/site\/#\/schema\/person\/c5ae1a9a383eda57f5172f5c706a0414"},"headline":"XV Semin\u00e1rio de Integralidade","datePublished":"2015-05-20T03:51:48+00:00","dateModified":"2018-05-10T16:11:34+00:00","mainEntityOfPage":{"@id":"https:\/\/lappis.org.br\/site\/xv-seminario-de-integralidade\/6216"},"wordCount":547,"publisher":{"@id":"https:\/\/lappis.org.br\/site\/#organization"},"image":{"@id":"https:\/\/lappis.org.br\/site\/xv-seminario-de-integralidade\/6216#primaryimage"},"thumbnailUrl":"https:\/\/lappis.org.br\/site\/wp-content\/uploads\/2015\/05\/XV_semin_22_05_15_mesa_abertura_sofia-1-1.jpg","keywords":["Semin\u00e1rio","XV Semin\u00e1rio de Integralidade"],"articleSection":["Semin\u00e1rios e Eventos"],"inLanguage":"pt-BR"},{"@type":"WebPage","@id":"https:\/\/lappis.org.br\/site\/xv-seminario-de-integralidade\/6216","url":"https:\/\/lappis.org.br\/site\/xv-seminario-de-integralidade\/6216","name":"XV Semin\u00e1rio de Integralidade - Lappis 25 anos","isPartOf":{"@id":"https:\/\/lappis.org.br\/site\/#website"},"primaryImageOfPage":{"@id":"https:\/\/lappis.org.br\/site\/xv-seminario-de-integralidade\/6216#primaryimage"},"image":{"@id":"https:\/\/lappis.org.br\/site\/xv-seminario-de-integralidade\/6216#primaryimage"},"thumbnailUrl":"https:\/\/lappis.org.br\/site\/wp-content\/uploads\/2015\/05\/XV_semin_22_05_15_mesa_abertura_sofia-1-1.jpg","datePublished":"2015-05-20T03:51:48+00:00","dateModified":"2018-05-10T16:11:34+00:00","breadcrumb":{"@id":"https:\/\/lappis.org.br\/site\/xv-seminario-de-integralidade\/6216#breadcrumb"},"inLanguage":"pt-BR","potentialAction":[{"@type":"ReadAction","target":["https:\/\/lappis.org.br\/site\/xv-seminario-de-integralidade\/6216"]}]},{"@type":"ImageObject","inLanguage":"pt-BR","@id":"https:\/\/lappis.org.br\/site\/xv-seminario-de-integralidade\/6216#primaryimage","url":"https:\/\/lappis.org.br\/site\/wp-content\/uploads\/2015\/05\/XV_semin_22_05_15_mesa_abertura_sofia-1-1.jpg","contentUrl":"https:\/\/lappis.org.br\/site\/wp-content\/uploads\/2015\/05\/XV_semin_22_05_15_mesa_abertura_sofia-1-1.jpg","width":640,"height":480},{"@type":"BreadcrumbList","@id":"https:\/\/lappis.org.br\/site\/xv-seminario-de-integralidade\/6216#breadcrumb","itemListElement":[{"@type":"ListItem","position":1,"name":"In\u00edcio","item":"https:\/\/lappis.org.br\/site\/"},{"@type":"ListItem","position":2,"name":"XV Semin\u00e1rio de Integralidade"}]},{"@type":"WebSite","@id":"https:\/\/lappis.org.br\/site\/#website","url":"https:\/\/lappis.org.br\/site\/","name":"Lappis 25 anos","description":"Labotat\u00f3rio de Pesquisas sobre Pr\u00e1ticas de Integralidade em Sa\u00fade","publisher":{"@id":"https:\/\/lappis.org.br\/site\/#organization"},"potentialAction":[{"@type":"SearchAction","target":{"@type":"EntryPoint","urlTemplate":"https:\/\/lappis.org.br\/site\/?s={search_term_string}"},"query-input":{"@type":"PropertyValueSpecification","valueRequired":true,"valueName":"search_term_string"}}],"inLanguage":"pt-BR"},{"@type":"Organization","@id":"https:\/\/lappis.org.br\/site\/#organization","name":"Lappis 25 anos","url":"https:\/\/lappis.org.br\/site\/","logo":{"@type":"ImageObject","inLanguage":"pt-BR","@id":"https:\/\/lappis.org.br\/site\/#\/schema\/logo\/image\/","url":"https:\/\/lappis.org.br\/site\/wp-content\/uploads\/2025\/03\/logo-lappis25anos.png","contentUrl":"https:\/\/lappis.org.br\/site\/wp-content\/uploads\/2025\/03\/logo-lappis25anos.png","width":388,"height":146,"caption":"Lappis 25 anos"},"image":{"@id":"https:\/\/lappis.org.br\/site\/#\/schema\/logo\/image\/"}},{"@type":"Person","@id":"https:\/\/lappis.org.br\/site\/#\/schema\/person\/c5ae1a9a383eda57f5172f5c706a0414","name":"stefany","image":{"@type":"ImageObject","inLanguage":"pt-BR","@id":"https:\/\/lappis.org.br\/site\/#\/schema\/person\/image\/","url":"https:\/\/secure.gravatar.com\/avatar\/a7553e82b188bf17bb54b918d68d7841?s=96&d=mm&r=g","contentUrl":"https:\/\/secure.gravatar.com\/avatar\/a7553e82b188bf17bb54b918d68d7841?s=96&d=mm&r=g","caption":"stefany"},"url":"https:\/\/lappis.org.br\/site\/author\/stefany"}]}},"jetpack_featured_media_url":"https:\/\/lappis.org.br\/site\/wp-content\/uploads\/2015\/05\/XV_semin_22_05_15_mesa_abertura_sofia-1-1.jpg","jetpack_shortlink":"https:\/\/wp.me\/p954Nh-1Cg","jetpack_sharing_enabled":true,"_links":{"self":[{"href":"https:\/\/lappis.org.br\/site\/wp-json\/wp\/v2\/posts\/6216"}],"collection":[{"href":"https:\/\/lappis.org.br\/site\/wp-json\/wp\/v2\/posts"}],"about":[{"href":"https:\/\/lappis.org.br\/site\/wp-json\/wp\/v2\/types\/post"}],"author":[{"embeddable":true,"href":"https:\/\/lappis.org.br\/site\/wp-json\/wp\/v2\/users\/4"}],"replies":[{"embeddable":true,"href":"https:\/\/lappis.org.br\/site\/wp-json\/wp\/v2\/comments?post=6216"}],"version-history":[{"count":27,"href":"https:\/\/lappis.org.br\/site\/wp-json\/wp\/v2\/posts\/6216\/revisions"}],"predecessor-version":[{"id":6697,"href":"https:\/\/lappis.org.br\/site\/wp-json\/wp\/v2\/posts\/6216\/revisions\/6697"}],"wp:featuredmedia":[{"embeddable":true,"href":"https:\/\/lappis.org.br\/site\/wp-json\/wp\/v2\/media\/6695"}],"wp:attachment":[{"href":"https:\/\/lappis.org.br\/site\/wp-json\/wp\/v2\/media?parent=6216"}],"wp:term":[{"taxonomy":"category","embeddable":true,"href":"https:\/\/lappis.org.br\/site\/wp-json\/wp\/v2\/categories?post=6216"},{"taxonomy":"post_tag","embeddable":true,"href":"https:\/\/lappis.org.br\/site\/wp-json\/wp\/v2\/tags?post=6216"}],"curies":[{"name":"wp","href":"https:\/\/api.w.org\/{rel}","templated":true}]}}