{"id":6197,"date":"2013-11-13T22:14:12","date_gmt":"2013-11-14T00:14:12","guid":{"rendered":"http:\/\/lappis.org.br\/site\/?p=6197"},"modified":"2018-05-04T00:40:00","modified_gmt":"2018-05-04T03:40:00","slug":"vi-congresso-brasileiro-de-ciencias-sociais-e-humanas-em-saude-3","status":"publish","type":"post","link":"https:\/\/lappis.org.br\/site\/vi-congresso-brasileiro-de-ciencias-sociais-e-humanas-em-saude-3\/6197","title":{"rendered":"VI Congresso Brasileiro de Ci\u00eancias Sociais e Humanas em Sa\u00fade"},"content":{"rendered":"<ul class=\"nav nav-tabs nav-justified\">\n<li class=\" active\"><a href=\"#apresentacao\">Apresenta\u00e7\u00e3o<\/a><\/li>\n<li><a href=\"#programacao\">Programa\u00e7\u00e3o<\/a><\/li>\n<li><a href=\"#multimidia\">Multim\u00eddia<\/a><\/li>\n<li><a href=\"#noticias\">Not\u00edcias<\/a><\/li>\n<li><a href=\"http:\/\/www.lappis.org.br\/site\/_inscricao\/certificados\/evento-xvii-integralidade\/\">Certificado<\/a><\/li>\n<\/ul>\n<h2><a id=\"apresentacao\"><\/a>APRESENTA\u00c7\u00c3O<\/h2>\n<p align=\"justify\"><img fetchpriority=\"high\" decoding=\"async\" data-attachment-id=\"6198\" data-permalink=\"https:\/\/lappis.org.br\/site\/vi-congresso-brasileiro-de-ciencias-sociais-e-humanas-em-saude-3\/6197\/nndgnfb\" data-orig-file=\"https:\/\/lappis.org.br\/site\/wp-content\/uploads\/2018\/04\/nndgnfb.jpg\" data-orig-size=\"700,181\" data-comments-opened=\"0\" data-image-meta=\"{&quot;aperture&quot;:&quot;0&quot;,&quot;credit&quot;:&quot;&quot;,&quot;camera&quot;:&quot;&quot;,&quot;caption&quot;:&quot;&quot;,&quot;created_timestamp&quot;:&quot;0&quot;,&quot;copyright&quot;:&quot;&quot;,&quot;focal_length&quot;:&quot;0&quot;,&quot;iso&quot;:&quot;0&quot;,&quot;shutter_speed&quot;:&quot;0&quot;,&quot;title&quot;:&quot;&quot;,&quot;orientation&quot;:&quot;0&quot;}\" data-image-title=\"nndgnfb\" data-image-description=\"\" data-image-caption=\"\" data-medium-file=\"https:\/\/lappis.org.br\/site\/wp-content\/uploads\/2018\/04\/nndgnfb-300x78.jpg\" data-large-file=\"https:\/\/lappis.org.br\/site\/wp-content\/uploads\/2018\/04\/nndgnfb.jpg\" class=\"wp-image-6198 alignright\" src=\"http:\/\/lappis.org.br\/site\/wp-content\/uploads\/2018\/04\/nndgnfb-300x78.jpg\" alt=\"\" width=\"467\" height=\"121\" srcset=\"https:\/\/lappis.org.br\/site\/wp-content\/uploads\/2018\/04\/nndgnfb-300x78.jpg 300w, https:\/\/lappis.org.br\/site\/wp-content\/uploads\/2018\/04\/nndgnfb-250x65.jpg 250w, https:\/\/lappis.org.br\/site\/wp-content\/uploads\/2018\/04\/nndgnfb-330x85.jpg 330w, https:\/\/lappis.org.br\/site\/wp-content\/uploads\/2018\/04\/nndgnfb.jpg 700w\" sizes=\"(max-width: 467px) 100vw, 467px\" \/>\u201cCircula\u00e7\u00e3o e Di\u00e1logo entre Saberes e Pr\u00e1ticas no Campo da Sa\u00fade Coletiva\u201d. Esse foi o tema da sexta edi\u00e7\u00e3o do Congresso Brasileiro de Ci\u00eancias Sociais e Humanas em Sa\u00fade (CBCSHS), que aconteceu entre os dias 13 e 17 de novembro de 2013, no Rio de Janeiro, no Campus Maracan\u00e3 da Universidade do Estado do Rio de Janeiro.<\/p>\n<p align=\"justify\">O\u00a0VI CBCSHS\u00a0reuniu pesquisadores, docentes, profissionais e estudantes nas \u00e1reas de ci\u00eancias humanas e sociais voltadas para a sa\u00fade, de forma a incentivar os debates, a reflex\u00e3o e o enfrentamento dos desafios te\u00f3ricos e pr\u00e1ticos enfrentados pelos atores dessa \u00e1rea no contexto contempor\u00e2neo.<\/p>\n<p><strong>Para saber mais, acesse:<\/strong>\u00a0<a href=\"http:\/\/www.cienciassociaisesaude2013.com.br\/\">http:\/\/www.cienciassociaisesaude2013.com.br\/<\/a><\/p>\n<h2><a id=\"programacao\"><\/a>Programa\u00e7\u00e3o<\/h2>\n<p>Veja a programa\u00e7\u00e3o clicando <a href=\"https:\/\/www.abrasco.org.br\/site\/wp-content\/uploads\/2014\/04\/RELEASE-VI-CBCSHS.pdf\">aqui<\/a>. Fonte: Abrasco.<\/p>\n<h2><a id=\"multimidia\"><\/a>Multim\u00eddia<\/h2>\n<p><b>V\u00eddeo<\/b><\/p>\n<p><iframe title=\"VI Congresso Ci\u00eancias Sociais e Humanas e Sa\u00fade - 2013\" width=\"500\" height=\"281\" src=\"https:\/\/www.youtube.com\/embed\/TsPH-s_zPMc?list=PLUKOhM6bRH6z7c23O0dX5cQGzdyWDvLpa\" frameborder=\"0\" allow=\"accelerometer; autoplay; clipboard-write; encrypted-media; gyroscope; picture-in-picture; web-share\" referrerpolicy=\"strict-origin-when-cross-origin\" allowfullscreen><\/iframe><\/p>\n<p>&nbsp;<\/p>\n<p><strong>Fotos<\/strong><\/p>\n<p class=\"jetpack-slideshow-noscript robots-nocontent\">Este slideshow necessita de JavaScript.<\/p><div id=\"gallery-6197-1-slideshow\" class=\"jetpack-slideshow-window jetpack-slideshow jetpack-slideshow-black\" data-trans=\"fade\" data-autostart=\"1\" data-gallery=\"[{&quot;src&quot;:&quot;https:\\\/\\\/lappis.org.br\\\/site\\\/wp-content\\\/uploads\\\/2013\\\/11\\\/13.6.28_reuniao_congresso_roseni.jpg&quot;,&quot;id&quot;:&quot;6482&quot;,&quot;title&quot;:&quot;13.6.28_reuniao_congresso_roseni&quot;,&quot;alt&quot;:&quot;&quot;,&quot;caption&quot;:&quot;&quot;,&quot;itemprop&quot;:&quot;image&quot;},{&quot;src&quot;:&quot;https:\\\/\\\/lappis.org.br\\\/site\\\/wp-content\\\/uploads\\\/2013\\\/11\\\/13_12_12_1reuniao.jpg&quot;,&quot;id&quot;:&quot;6483&quot;,&quot;title&quot;:&quot;13_12_12_1reuniao&quot;,&quot;alt&quot;:&quot;&quot;,&quot;caption&quot;:&quot;&quot;,&quot;itemprop&quot;:&quot;image&quot;},{&quot;src&quot;:&quot;https:\\\/\\\/lappis.org.br\\\/site\\\/wp-content\\\/uploads\\\/2013\\\/11\\\/13_12_12_comissao.jpg&quot;,&quot;id&quot;:&quot;6484&quot;,&quot;title&quot;:&quot;13_12_12_comissao&quot;,&quot;alt&quot;:&quot;&quot;,&quot;caption&quot;:&quot;&quot;,&quot;itemprop&quot;:&quot;image&quot;},{&quot;src&quot;:&quot;https:\\\/\\\/lappis.org.br\\\/site\\\/wp-content\\\/uploads\\\/2013\\\/11\\\/13_12_12_luis_edu.jpg&quot;,&quot;id&quot;:&quot;6485&quot;,&quot;title&quot;:&quot;13_12_12_luis_edu&quot;,&quot;alt&quot;:&quot;&quot;,&quot;caption&quot;:&quot;&quot;,&quot;itemprop&quot;:&quot;image&quot;},{&quot;src&quot;:&quot;https:\\\/\\\/lappis.org.br\\\/site\\\/wp-content\\\/uploads\\\/2013\\\/11\\\/13_12_12_malu.jpg&quot;,&quot;id&quot;:&quot;6486&quot;,&quot;title&quot;:&quot;13_12_12_malu&quot;,&quot;alt&quot;:&quot;&quot;,&quot;caption&quot;:&quot;&quot;,&quot;itemprop&quot;:&quot;image&quot;},{&quot;src&quot;:&quot;https:\\\/\\\/lappis.org.br\\\/site\\\/wp-content\\\/uploads\\\/2013\\\/11\\\/13_12_12_roseni.jpg&quot;,&quot;id&quot;:&quot;6487&quot;,&quot;title&quot;:&quot;13_12_12_roseni&quot;,&quot;alt&quot;:&quot;&quot;,&quot;caption&quot;:&quot;&quot;,&quot;itemprop&quot;:&quot;image&quot;},{&quot;src&quot;:&quot;https:\\\/\\\/lappis.org.br\\\/site\\\/wp-content\\\/uploads\\\/2013\\\/11\\\/13-12-12-leny_1.jpg&quot;,&quot;id&quot;:&quot;6488&quot;,&quot;title&quot;:&quot;13-12-12-leny_1&quot;,&quot;alt&quot;:&quot;&quot;,&quot;caption&quot;:&quot;&quot;,&quot;itemprop&quot;:&quot;image&quot;},{&quot;src&quot;:&quot;https:\\\/\\\/lappis.org.br\\\/site\\\/wp-content\\\/uploads\\\/2013\\\/11\\\/13-12-12-marcia_1.jpg&quot;,&quot;id&quot;:&quot;6489&quot;,&quot;title&quot;:&quot;13-12-12-marcia_1&quot;,&quot;alt&quot;:&quot;&quot;,&quot;caption&quot;:&quot;&quot;,&quot;itemprop&quot;:&quot;image&quot;},{&quot;src&quot;:&quot;https:\\\/\\\/lappis.org.br\\\/site\\\/wp-content\\\/uploads\\\/2013\\\/11\\\/abril.jpg&quot;,&quot;id&quot;:&quot;6490&quot;,&quot;title&quot;:&quot;abril&quot;,&quot;alt&quot;:&quot;&quot;,&quot;caption&quot;:&quot;&quot;,&quot;itemprop&quot;:&quot;image&quot;},{&quot;src&quot;:&quot;https:\\\/\\\/lappis.org.br\\\/site\\\/wp-content\\\/uploads\\\/2013\\\/11\\\/CBCSHS_livros2.jpg&quot;,&quot;id&quot;:&quot;6491&quot;,&quot;title&quot;:&quot;CBCSHS_livros2&quot;,&quot;alt&quot;:&quot;&quot;,&quot;caption&quot;:&quot;&quot;,&quot;itemprop&quot;:&quot;image&quot;},{&quot;src&quot;:&quot;https:\\\/\\\/lappis.org.br\\\/site\\\/wp-content\\\/uploads\\\/2013\\\/11\\\/cerimonia-de-encerramento.jpg&quot;,&quot;id&quot;:&quot;6492&quot;,&quot;title&quot;:&quot;cerimonia de encerramento&quot;,&quot;alt&quot;:&quot;&quot;,&quot;caption&quot;:&quot;&quot;,&quot;itemprop&quot;:&quot;image&quot;},{&quot;src&quot;:&quot;https:\\\/\\\/lappis.org.br\\\/site\\\/wp-content\\\/uploads\\\/2013\\\/11\\\/comissaobarasco-1.jpg&quot;,&quot;id&quot;:&quot;6493&quot;,&quot;title&quot;:&quot;comissaobarasco&quot;,&quot;alt&quot;:&quot;&quot;,&quot;caption&quot;:&quot;&quot;,&quot;itemprop&quot;:&quot;image&quot;},{&quot;src&quot;:&quot;https:\\\/\\\/lappis.org.br\\\/site\\\/wp-content\\\/uploads\\\/2013\\\/11\\\/dsc04164.jpg&quot;,&quot;id&quot;:&quot;6494&quot;,&quot;title&quot;:&quot;dsc04164&quot;,&quot;alt&quot;:&quot;&quot;,&quot;caption&quot;:&quot;&quot;,&quot;itemprop&quot;:&quot;image&quot;},{&quot;src&quot;:&quot;https:\\\/\\\/lappis.org.br\\\/site\\\/wp-content\\\/uploads\\\/2013\\\/11\\\/foto.jpg&quot;,&quot;id&quot;:&quot;6495&quot;,&quot;title&quot;:&quot;foto&quot;,&quot;alt&quot;:&quot;&quot;,&quot;caption&quot;:&quot;&quot;,&quot;itemprop&quot;:&quot;image&quot;},{&quot;src&quot;:&quot;https:\\\/\\\/lappis.org.br\\\/site\\\/wp-content\\\/uploads\\\/2013\\\/11\\\/hesio-1.jpg&quot;,&quot;id&quot;:&quot;6496&quot;,&quot;title&quot;:&quot;hesio&quot;,&quot;alt&quot;:&quot;&quot;,&quot;caption&quot;:&quot;&quot;,&quot;itemprop&quot;:&quot;image&quot;},{&quot;src&quot;:&quot;https:\\\/\\\/lappis.org.br\\\/site\\\/wp-content\\\/uploads\\\/2013\\\/11\\\/jaqueline-1.jpg&quot;,&quot;id&quot;:&quot;6497&quot;,&quot;title&quot;:&quot;jaqueline&quot;,&quot;alt&quot;:&quot;&quot;,&quot;caption&quot;:&quot;&quot;,&quot;itemprop&quot;:&quot;image&quot;},{&quot;src&quot;:&quot;https:\\\/\\\/lappis.org.br\\\/site\\\/wp-content\\\/uploads\\\/2013\\\/11\\\/luis-eugenio-1.jpg&quot;,&quot;id&quot;:&quot;6498&quot;,&quot;title&quot;:&quot;luis-eugenio&quot;,&quot;alt&quot;:&quot;&quot;,&quot;caption&quot;:&quot;&quot;,&quot;itemprop&quot;:&quot;image&quot;},{&quot;src&quot;:&quot;https:\\\/\\\/lappis.org.br\\\/site\\\/wp-content\\\/uploads\\\/2013\\\/11\\\/madel-luz.jpg&quot;,&quot;id&quot;:&quot;6499&quot;,&quot;title&quot;:&quot;madel luz&quot;,&quot;alt&quot;:&quot;&quot;,&quot;caption&quot;:&quot;&quot;,&quot;itemprop&quot;:&quot;image&quot;},{&quot;src&quot;:&quot;https:\\\/\\\/lappis.org.br\\\/site\\\/wp-content\\\/uploads\\\/2013\\\/11\\\/mesa_congresso_1.jpg&quot;,&quot;id&quot;:&quot;6500&quot;,&quot;title&quot;:&quot;mesa_congresso_1&quot;,&quot;alt&quot;:&quot;&quot;,&quot;caption&quot;:&quot;&quot;,&quot;itemprop&quot;:&quot;image&quot;},{&quot;src&quot;:&quot;https:\\\/\\\/lappis.org.br\\\/site\\\/wp-content\\\/uploads\\\/2013\\\/11\\\/mesa_congresso_2.jpg&quot;,&quot;id&quot;:&quot;6501&quot;,&quot;title&quot;:&quot;mesa_congresso_2&quot;,&quot;alt&quot;:&quot;&quot;,&quot;caption&quot;:&quot;&quot;,&quot;itemprop&quot;:&quot;image&quot;},{&quot;src&quot;:&quot;https:\\\/\\\/lappis.org.br\\\/site\\\/wp-content\\\/uploads\\\/2013\\\/11\\\/mesa_congresso_3.jpg&quot;,&quot;id&quot;:&quot;6502&quot;,&quot;title&quot;:&quot;mesa_congresso_3&quot;,&quot;alt&quot;:&quot;&quot;,&quot;caption&quot;:&quot;&quot;,&quot;itemprop&quot;:&quot;image&quot;},{&quot;src&quot;:&quot;https:\\\/\\\/lappis.org.br\\\/site\\\/wp-content\\\/uploads\\\/2013\\\/11\\\/mesa_congresso_4.jpg&quot;,&quot;id&quot;:&quot;6503&quot;,&quot;title&quot;:&quot;mesa_congresso_4&quot;,&quot;alt&quot;:&quot;&quot;,&quot;caption&quot;:&quot;&quot;,&quot;itemprop&quot;:&quot;image&quot;},{&quot;src&quot;:&quot;https:\\\/\\\/lappis.org.br\\\/site\\\/wp-content\\\/uploads\\\/2013\\\/11\\\/projeto-memoria-1.jpg&quot;,&quot;id&quot;:&quot;6504&quot;,&quot;title&quot;:&quot;projeto-memoria&quot;,&quot;alt&quot;:&quot;&quot;,&quot;caption&quot;:&quot;&quot;,&quot;itemprop&quot;:&quot;image&quot;},{&quot;src&quot;:&quot;https:\\\/\\\/lappis.org.br\\\/site\\\/wp-content\\\/uploads\\\/2013\\\/11\\\/reuniao_abrasco_2.jpg&quot;,&quot;id&quot;:&quot;6505&quot;,&quot;title&quot;:&quot;reuniao_abrasco_2&quot;,&quot;alt&quot;:&quot;&quot;,&quot;caption&quot;:&quot;&quot;,&quot;itemprop&quot;:&quot;image&quot;},{&quot;src&quot;:&quot;https:\\\/\\\/lappis.org.br\\\/site\\\/wp-content\\\/uploads\\\/2013\\\/11\\\/reuniao_abrasco_3.jpg&quot;,&quot;id&quot;:&quot;6506&quot;,&quot;title&quot;:&quot;reuniao_abrasco_3&quot;,&quot;alt&quot;:&quot;&quot;,&quot;caption&quot;:&quot;&quot;,&quot;itemprop&quot;:&quot;image&quot;},{&quot;src&quot;:&quot;https:\\\/\\\/lappis.org.br\\\/site\\\/wp-content\\\/uploads\\\/2013\\\/11\\\/reuniao_abrasco_5.jpg&quot;,&quot;id&quot;:&quot;6507&quot;,&quot;title&quot;:&quot;reuniao_abrasco_5&quot;,&quot;alt&quot;:&quot;&quot;,&quot;caption&quot;:&quot;&quot;,&quot;itemprop&quot;:&quot;image&quot;},{&quot;src&quot;:&quot;https:\\\/\\\/lappis.org.br\\\/site\\\/wp-content\\\/uploads\\\/2013\\\/11\\\/reuniao-gt-2.jpg&quot;,&quot;id&quot;:&quot;6508&quot;,&quot;title&quot;:&quot;reuniao-gt-2&quot;,&quot;alt&quot;:&quot;&quot;,&quot;caption&quot;:&quot;&quot;,&quot;itemprop&quot;:&quot;image&quot;},{&quot;src&quot;:&quot;https:\\\/\\\/lappis.org.br\\\/site\\\/wp-content\\\/uploads\\\/2013\\\/11\\\/reunio-vicongresso23.jpg&quot;,&quot;id&quot;:&quot;6509&quot;,&quot;title&quot;:&quot;reunio-vicongresso23&quot;,&quot;alt&quot;:&quot;&quot;,&quot;caption&quot;:&quot;&quot;,&quot;itemprop&quot;:&quot;image&quot;},{&quot;src&quot;:&quot;https:\\\/\\\/lappis.org.br\\\/site\\\/wp-content\\\/uploads\\\/2013\\\/11\\\/y-anamaria-1.jpg&quot;,&quot;id&quot;:&quot;6510&quot;,&quot;title&quot;:&quot;y-anamaria&quot;,&quot;alt&quot;:&quot;&quot;,&quot;caption&quot;:&quot;&quot;,&quot;itemprop&quot;:&quot;image&quot;},{&quot;src&quot;:&quot;https:\\\/\\\/lappis.org.br\\\/site\\\/wp-content\\\/uploads\\\/2013\\\/11\\\/y-hesio-1.jpg&quot;,&quot;id&quot;:&quot;6511&quot;,&quot;title&quot;:&quot;y-hesio&quot;,&quot;alt&quot;:&quot;&quot;,&quot;caption&quot;:&quot;&quot;,&quot;itemprop&quot;:&quot;image&quot;},{&quot;src&quot;:&quot;https:\\\/\\\/lappis.org.br\\\/site\\\/wp-content\\\/uploads\\\/2013\\\/11\\\/y-kenn-1.jpg&quot;,&quot;id&quot;:&quot;6512&quot;,&quot;title&quot;:&quot;y-kenn&quot;,&quot;alt&quot;:&quot;&quot;,&quot;caption&quot;:&quot;&quot;,&quot;itemprop&quot;:&quot;image&quot;},{&quot;src&quot;:&quot;https:\\\/\\\/lappis.org.br\\\/site\\\/wp-content\\\/uploads\\\/2013\\\/11\\\/y-leny-1.jpg&quot;,&quot;id&quot;:&quot;6513&quot;,&quot;title&quot;:&quot;y-leny&quot;,&quot;alt&quot;:&quot;&quot;,&quot;caption&quot;:&quot;&quot;,&quot;itemprop&quot;:&quot;image&quot;},{&quot;src&quot;:&quot;https:\\\/\\\/lappis.org.br\\\/site\\\/wp-content\\\/uploads\\\/2013\\\/11\\\/y-maria-1.jpg&quot;,&quot;id&quot;:&quot;6514&quot;,&quot;title&quot;:&quot;y-maria&quot;,&quot;alt&quot;:&quot;&quot;,&quot;caption&quot;:&quot;&quot;,&quot;itemprop&quot;:&quot;image&quot;},{&quot;src&quot;:&quot;https:\\\/\\\/lappis.org.br\\\/site\\\/wp-content\\\/uploads\\\/2013\\\/11\\\/y-represen-1.jpg&quot;,&quot;id&quot;:&quot;6515&quot;,&quot;title&quot;:&quot;y-represen&quot;,&quot;alt&quot;:&quot;&quot;,&quot;caption&quot;:&quot;&quot;,&quot;itemprop&quot;:&quot;image&quot;},{&quot;src&quot;:&quot;https:\\\/\\\/lappis.org.br\\\/site\\\/wp-content\\\/uploads\\\/2013\\\/11\\\/y-represen2-1.jpg&quot;,&quot;id&quot;:&quot;6516&quot;,&quot;title&quot;:&quot;y-represen2&quot;,&quot;alt&quot;:&quot;&quot;,&quot;caption&quot;:&quot;&quot;,&quot;itemprop&quot;:&quot;image&quot;},{&quot;src&quot;:&quot;https:\\\/\\\/lappis.org.br\\\/site\\\/wp-content\\\/uploads\\\/2013\\\/11\\\/y-roseni-1.jpg&quot;,&quot;id&quot;:&quot;6517&quot;,&quot;title&quot;:&quot;y-roseni&quot;,&quot;alt&quot;:&quot;&quot;,&quot;caption&quot;:&quot;&quot;,&quot;itemprop&quot;:&quot;image&quot;},{&quot;src&quot;:&quot;https:\\\/\\\/lappis.org.br\\\/site\\\/wp-content\\\/uploads\\\/2013\\\/11\\\/z-bvs-1.jpg&quot;,&quot;id&quot;:&quot;6518&quot;,&quot;title&quot;:&quot;z-bvs&quot;,&quot;alt&quot;:&quot;&quot;,&quot;caption&quot;:&quot;&quot;,&quot;itemprop&quot;:&quot;image&quot;},{&quot;src&quot;:&quot;https:\\\/\\\/lappis.org.br\\\/site\\\/wp-content\\\/uploads\\\/2013\\\/11\\\/z-livro-1.jpg&quot;,&quot;id&quot;:&quot;6519&quot;,&quot;title&quot;:&quot;z-livro&quot;,&quot;alt&quot;:&quot;&quot;,&quot;caption&quot;:&quot;&quot;,&quot;itemprop&quot;:&quot;image&quot;},{&quot;src&quot;:&quot;https:\\\/\\\/lappis.org.br\\\/site\\\/wp-content\\\/uploads\\\/2013\\\/11\\\/z-projetoapoio-1.jpg&quot;,&quot;id&quot;:&quot;6520&quot;,&quot;title&quot;:&quot;z-projetoapoio&quot;,&quot;alt&quot;:&quot;&quot;,&quot;caption&quot;:&quot;&quot;,&quot;itemprop&quot;:&quot;image&quot;}]\" itemscope itemtype=\"https:\/\/schema.org\/ImageGallery\"><\/div>\n<h2><a id=\"noticias\"><\/a>Not\u00edcias<\/h2>\n<ul>\n<li class=\"entry-title\"><a href=\"http:\/\/lappis.org.br\/site\/programa-videosaude-na-utv-vi-congresso-brasileiro-de-ciencias-sociais-e-humanas-em-saude\/2855\">Programa VideoSa\u00fade na UTV \u2013 VI Congresso Brasileiro de Ci\u00eancias Sociais e Humanas em Sa\u00fade<\/a><\/li>\n<li class=\"entry-title\"><a href=\"http:\/\/lappis.org.br\/site\/convite-para-o-vi-congresso-brasileiro-de-ciencias-sociais-e-humanas-em-saude\/2078\">Convite para o VI Congresso Brasileiro de Ci\u00eancias Sociais e Humanas em Sa\u00fade<\/a><\/li>\n<li class=\"entry-title\"><a href=\"http:\/\/lappis.org.br\/site\/vi-congresso-brasileiro-de-ciencias-sociais-e-humanas-em-saude-2\/1865\">VI Congresso Brasileiro De Ci\u00eancias Sociais e Humanas em Sa\u00fade<\/a><\/li>\n<li class=\"entry-title\"><a href=\"http:\/\/lappis.org.br\/site\/oficina-durante-abrascao-2012-vai-discutir-o-vi-congresso-brasileiro-de-ciencias-sociais-e-humanas-em-saude\/1257\">Oficina no ABRASC\u00c3O vai debater o VI Congresso Brasileiro de Ci\u00eancias Sociais e Humanas em Sa\u00fade<\/a><\/li>\n<li class=\"entry-title\"><a href=\"http:\/\/lappis.org.br\/site\/reuniao-na-uerj-discute-o-vi-congresso-brasileiro-de-ciencias-sociais-e-humanas-2013\/1041\">Comiss\u00e3o prepara o VI Congresso Brasileiro de Ci\u00eancias Sociais e Humanas em Sa\u00fade 2013<\/a><\/li>\n<li class=\"entry-title\"><a href=\"http:\/\/lappis.org.br\/site\/primeira-encontro-da-comissao-de-ciencias-sociais-e-humanas-em-saude\/2413\">Encontro da nova Comiss\u00e3o de Ci\u00eancias Sociais e Humanas em Sa\u00fade<\/a><\/li>\n<li class=\"entry-title\"><a href=\"http:\/\/lappis.org.br\/site\/anais-do-vi-cbcshs-serao-publicados-ate-16-de-dezembro\/2392\">Anais do VI CBCSHS ser\u00e3o publicados at\u00e9 16\/12<\/a><\/li>\n<li class=\"entry-title\"><a href=\"http:\/\/lappis.org.br\/site\/lappis-apoia-mocoes-assinadas-no-vi-cbcshs\/2342\">Lappis apoia mo\u00e7\u00f5es assinadas no VI CBCSHS<\/a><\/li>\n<li class=\"entry-title\"><a href=\"http:\/\/lappis.org.br\/site\/reuniao-da-pesquisa-apoio-no-vi-cbcshs\/2283\">Reuni\u00e3o da Pesquisa Apoio no VI CBCSHS<\/a><\/li>\n<li class=\"entry-title\"><a href=\"http:\/\/lappis.org.br\/site\/oficina-da-comissao-de-ciencias-sociais-e-humanas-em-saude\/2231\">Oficina da Comiss\u00e3o de Ci\u00eancias Sociais e Humanas em Sa\u00fade<\/a><\/li>\n<li class=\"entry-title\"><a href=\"http:\/\/lappis.org.br\/site\/tudo-pronto-para-o-vi-cbcshs\/2225\">Tudo pronto para o VI CBCSHS<\/a><\/li>\n<li class=\"entry-title\"><a href=\"http:\/\/lappis.org.br\/site\/exposicao-sobre-a-trajetoria-do-hesio-cordeiro-no-vi-cbcshs\/2221\">Exposi\u00e7\u00e3o sobre a trajet\u00f3ria do H\u00e9sio Cordeiro no VI CBCSHS<\/a><\/li>\n<li class=\"entry-title\"><a href=\"http:\/\/lappis.org.br\/site\/lancamento-de-livros-do-lappis-no-iv-congresso\/2215\">Lan\u00e7amento de livros do Lappis no IV Congresso<\/a><\/li>\n<li class=\"entry-title\"><a href=\"http:\/\/lappis.org.br\/site\/faltam-poucos-dias-para-o-vi-congresso\/2198\">Faltam poucos dias para o VI Congresso<\/a><\/li>\n<li class=\"entry-title\"><a href=\"http:\/\/lappis.org.br\/site\/aviso-para-os-participantes-do-vi-congresso\/2195\">Aviso para os participantes do VI Congresso<\/a><\/li>\n<li class=\"entry-title\"><a href=\"http:\/\/lappis.org.br\/site\/vi-cbcshs-conferencista-fala-sobre-legitimidade-das-ciencias-sociais-e-humanas-na-saude\/2192\">Conferencista fala sobre legitimidade das ci\u00eancias sociais e humanas na sa\u00fade<\/a><\/li>\n<li class=\"entry-title\"><a href=\"http:\/\/lappis.org.br\/site\/comissao-da-verdade-sera-lancada-no-vicbcshs\/2183\">Comiss\u00e3o da Verdade ser\u00e1 lan\u00e7ada no VICBCSHS<\/a><\/li>\n<li class=\"entry-title\"><a href=\"http:\/\/lappis.org.br\/site\/pesquisadores-do-lappis-no-vi-cbcshs-rafaela-zorzanelli\/2156\">Pesquisadores do Lappis no VI CBCSHS: Rafaela Zorzanelli<\/a><\/li>\n<li class=\"entry-title\"><a href=\"http:\/\/lappis.org.br\/site\/avaliacao-rigorosa-dos-trabalhos-do-vi-cbcshs\/2058\">Avalia\u00e7\u00e3o rigorosa dos trabalhos do VI CBCSHS<\/a><\/li>\n<li class=\"entry-title\"><a href=\"http:\/\/lappis.org.br\/site\/reuniao-define-ultimos-passos-do-congresso\/2042\">Reuni\u00e3o define \u00faltimos passos do Congresso<\/a><\/li>\n<li class=\"entry-title\"><a href=\"http:\/\/lappis.org.br\/site\/vi-cbcshs-aponta-necessidade-de-confirmacao-de-inscricoes\/1909\">VI CBCSHS aponta necessidade de confirma\u00e7\u00e3o de inscri\u00e7\u00f5es<\/a><\/li>\n<li class=\"entry-title\"><a href=\"http:\/\/lappis.org.br\/site\/vi-congresso-brasileiro-de-ciencias-sociais-e-humanas-em-saude\/1828\">VI CBCSHS: Comiss\u00e3o define programa\u00e7\u00e3o<\/a><\/li>\n<li class=\"entry-title\"><a href=\"http:\/\/lappis.org.br\/site\/cbcshs-novo-prazo-para-envio-de-resumos\/1656\">CBCSHS: envio de resumos at\u00e9 13 de maio<\/a><\/li>\n<li class=\"entry-title\"><a href=\"http:\/\/lappis.org.br\/site\/vi-congresso-brasileiro-de-ciencias-sociais-e-humanas-propostas-de-gt-devem-ser-enviadas-ate-25-de-novembro\/1236\">VI Congresso Brasileiro de Ci\u00eancias Sociais e Humanas: propostas de GT devem ser enviadas at\u00e9 25 de novembro<\/a><\/li>\n<li class=\"entry-title\"><a href=\"http:\/\/lappis.org.br\/site\/homenagens-marcam-o-fim-do-iv-cbcshs\/2322\">Homenagens marcam o fim do IV CBCSHS<\/a><\/li>\n<li class=\"entry-title\"><a href=\"http:\/\/lappis.org.br\/site\/giro-pelo-vi-cbcshs\/2294\">Giro pelo VI CBCSHS no dia 16\/11<\/a><\/li>\n<li class=\"entry-title\"><a href=\"http:\/\/lappis.org.br\/site\/comissao-do-vi-cbcshs-a-todo-vapor\/2146\">Comiss\u00e3o do VI CBCSHS a todo vapor<\/a><\/li>\n<li class=\"entry-title\"><a href=\"http:\/\/lappis.org.br\/site\/confira-as-minientrevistas-entrevistas-dos-participantes-no-vi-cbcshs\/2143\">Minientrevistas dos participantes no VI CBCSHS<\/a><\/li>\n<li class=\"entry-title\"><a href=\"http:\/\/lappis.org.br\/site\/pesquisadores-do-lappis-no-vi-cbcshs-2\/2109\">Pesquisadores do Lappis no VI CBCSHS: Juliana Lof\u00eago<\/a><\/li>\n<li class=\"entry-title\"><a href=\"http:\/\/lappis.org.br\/site\/bvs-integralidade-em-saude-no-vi-congresso\/2100\">BVS Integralidade em Sa\u00fade no VI Congresso<\/a><\/li>\n<li class=\"entry-title\"><a href=\"http:\/\/lappis.org.br\/site\/pesquisadores-do-lappis-no-vi-cbcshs\/2071\">Pesquisadores do Lappis no VI CBCSHS<\/a><\/li>\n<li class=\"entry-title\"><a href=\"http:\/\/lappis.org.br\/site\/comissoes-promovem-ensaio-geral-para-o-vi-congresso-brasileiro-de-ciencias-sociais-e-humanas-em-saude\/2061\">Comiss\u00f5es promovem Ensaio Geral para o VI Congresso<\/a><\/li>\n<li class=\"entry-title\"><a href=\"http:\/\/lappis.org.br\/site\/novas-etapas-de-organizacao-do-vi-congresso-brasileiro-de-ciencias-sociais-e-humanas\/1814\">CBCSHS: novas etapas de organiza\u00e7\u00e3o<\/a><\/li>\n<li class=\"entry-title\"><a href=\"http:\/\/lappis.org.br\/site\/pesquisadores-do-lappis-no-vi-cbcshs-felipe-dutra-asensi\/2153\">Pesquisadores do Lappis no VI CBCSHS: Felipe Dutra Asensi<\/a><\/li>\n<li class=\"entry-title\"><a href=\"http:\/\/lappis.org.br\/site\/cbcshs-comissao-local-reuniu-se-na-uerj\/1493\">CBCSHS: Comiss\u00e3o local reuniu-se na UERJ<\/a><\/li>\n<li class=\"entry-title\"><a href=\"http:\/\/lappis.org.br\/site\/cbcshs-define-identidade-visual\/1440\">CBCSHS: identidade visual inspirada em Fernando Diniz<\/a><\/li>\n<li class=\"entry-title\"><a href=\"http:\/\/lappis.org.br\/site\/em-porto-alegre-comissao-de-ciencias-sociais-e-humanas-debate-plano-diretor\/1289\">Comiss\u00e3o de Ci\u00eancias Sociais e Humanas discute plano diretor<\/a><\/li>\n<li class=\"entry-title\"><a href=\"http:\/\/lappis.org.br\/site\/vi-congresso-brasileiro-de-ciencias-sociais-e-humanas-em-saude-inscreva-sua-proposta-de-gt-ate-25-de-novembro\/1251\">Propostas de GTs para o CBCSHS 2013<\/a><\/li>\n<li class=\"entry-title\"><a href=\"http:\/\/lappis.org.br\/site\/congresso-de-ciencias-sociais-e-humanas-em-saude-2013-sera-no-rio-de-janeiro-sp-1332448928\/948\">Congresso de Ci\u00eancias Sociais e Humanas em Sa\u00fade 2013 ser\u00e1 no Rio de Janeiro<\/a><\/li>\n<\/ul>\n<p>&nbsp;<\/p>\n<h1 class=\"entry-title\"><\/h1>\n<h1 class=\"entry-title\"><\/h1>\n","protected":false},"excerpt":{"rendered":"<div class=\"mh-excerpt\"><p>APRESENTA\u00c7\u00c3O \u201cCircula\u00e7\u00e3o e Di\u00e1logo entre Saberes e Pr\u00e1ticas no Campo da Sa\u00fade Coletiva\u201d. Esse foi o tema da sexta edi\u00e7\u00e3o do Congresso Brasileiro de Ci\u00eancias Sociais e Humanas em Sa\u00fade (CBCSHS), que aconteceu entre os <a class=\"mh-excerpt-more\" href=\"https:\/\/lappis.org.br\/site\/vi-congresso-brasileiro-de-ciencias-sociais-e-humanas-em-saude-3\/6197\" title=\"VI Congresso Brasileiro de Ci\u00eancias Sociais e Humanas em Sa\u00fade\">[&#8230;]<\/a><\/p>\n<\/div>","protected":false},"author":4,"featured_media":6715,"comment_status":"closed","ping_status":"open","sticky":false,"template":"","format":"standard","meta":{"_acf_changed":false,"_exactmetrics_skip_tracking":false,"_exactmetrics_sitenote_active":false,"_exactmetrics_sitenote_note":"","_exactmetrics_sitenote_category":0,"jetpack_post_was_ever_published":false,"_jetpack_newsletter_access":"","_jetpack_dont_email_post_to_subs":false,"_jetpack_newsletter_tier_id":0,"_jetpack_memberships_contains_paywalled_content":false,"_jetpack_memberships_contains_paid_content":false,"footnotes":"","jetpack_publicize_message":"","jetpack_publicize_feature_enabled":true,"jetpack_social_post_already_shared":true,"jetpack_social_options":{"image_generator_settings":{"template":"highway","enabled":false},"version":2}},"categories":[739],"tags":[249],"class_list":{"0":"post-6197","1":"post","2":"type-post","3":"status-publish","4":"format-standard","5":"has-post-thumbnail","7":"category-seminarios-e-eventos","8":"tag-seminarios"},"jetpack_publicize_connections":[],"acf":[],"yoast_head":"<!-- This site is optimized with the Yoast SEO plugin v25.2 - https:\/\/yoast.com\/wordpress\/plugins\/seo\/ -->\n<title>VI Congresso Brasileiro de Ci\u00eancias Sociais e Humanas em Sa\u00fade - Lappis 25 anos<\/title>\n<meta name=\"robots\" content=\"index, follow, max-snippet:-1, max-image-preview:large, max-video-preview:-1\" \/>\n<link rel=\"canonical\" href=\"https:\/\/lappis.org.br\/site\/vi-congresso-brasileiro-de-ciencias-sociais-e-humanas-em-saude-3\/6197\" \/>\n<meta property=\"og:locale\" content=\"pt_BR\" \/>\n<meta property=\"og:type\" content=\"article\" \/>\n<meta property=\"og:title\" content=\"VI Congresso Brasileiro de Ci\u00eancias Sociais e Humanas em Sa\u00fade - Lappis 25 anos\" \/>\n<meta property=\"og:description\" content=\"APRESENTA\u00c7\u00c3O \u201cCircula\u00e7\u00e3o e Di\u00e1logo entre Saberes e Pr\u00e1ticas no Campo da Sa\u00fade Coletiva\u201d. Esse foi o tema da sexta edi\u00e7\u00e3o do Congresso Brasileiro de Ci\u00eancias Sociais e Humanas em Sa\u00fade (CBCSHS), que aconteceu entre os [...]\" \/>\n<meta property=\"og:url\" content=\"https:\/\/lappis.org.br\/site\/vi-congresso-brasileiro-de-ciencias-sociais-e-humanas-em-saude-3\/6197\" \/>\n<meta property=\"og:site_name\" content=\"Lappis 25 anos\" \/>\n<meta property=\"article:published_time\" content=\"2013-11-14T00:14:12+00:00\" \/>\n<meta property=\"article:modified_time\" content=\"2018-05-04T03:40:00+00:00\" \/>\n<meta property=\"og:image\" content=\"https:\/\/lappis.org.br\/site\/wp-content\/uploads\/2013\/11\/congresso-1.jpg\" \/>\n\t<meta property=\"og:image:width\" content=\"678\" \/>\n\t<meta property=\"og:image:height\" content=\"381\" \/>\n\t<meta property=\"og:image:type\" content=\"image\/jpeg\" \/>\n<meta name=\"author\" content=\"stefany\" \/>\n<meta name=\"twitter:card\" content=\"summary_large_image\" \/>\n<meta name=\"twitter:label1\" content=\"Escrito por\" \/>\n\t<meta name=\"twitter:data1\" content=\"stefany\" \/>\n\t<meta name=\"twitter:label2\" content=\"Est. tempo de leitura\" \/>\n\t<meta name=\"twitter:data2\" content=\"3 minutos\" \/>\n<script type=\"application\/ld+json\" class=\"yoast-schema-graph\">{\"@context\":\"https:\/\/schema.org\",\"@graph\":[{\"@type\":\"Article\",\"@id\":\"https:\/\/lappis.org.br\/site\/vi-congresso-brasileiro-de-ciencias-sociais-e-humanas-em-saude-3\/6197#article\",\"isPartOf\":{\"@id\":\"https:\/\/lappis.org.br\/site\/vi-congresso-brasileiro-de-ciencias-sociais-e-humanas-em-saude-3\/6197\"},\"author\":{\"name\":\"stefany\",\"@id\":\"https:\/\/lappis.org.br\/site\/#\/schema\/person\/c5ae1a9a383eda57f5172f5c706a0414\"},\"headline\":\"VI Congresso Brasileiro de Ci\u00eancias Sociais e Humanas em Sa\u00fade\",\"datePublished\":\"2013-11-14T00:14:12+00:00\",\"dateModified\":\"2018-05-04T03:40:00+00:00\",\"mainEntityOfPage\":{\"@id\":\"https:\/\/lappis.org.br\/site\/vi-congresso-brasileiro-de-ciencias-sociais-e-humanas-em-saude-3\/6197\"},\"wordCount\":598,\"publisher\":{\"@id\":\"https:\/\/lappis.org.br\/site\/#organization\"},\"image\":{\"@id\":\"https:\/\/lappis.org.br\/site\/vi-congresso-brasileiro-de-ciencias-sociais-e-humanas-em-saude-3\/6197#primaryimage\"},\"thumbnailUrl\":\"https:\/\/lappis.org.br\/site\/wp-content\/uploads\/2013\/11\/congresso-1.jpg\",\"keywords\":[\"Semin\u00e1rios\"],\"articleSection\":[\"Semin\u00e1rios e Eventos\"],\"inLanguage\":\"pt-BR\"},{\"@type\":\"WebPage\",\"@id\":\"https:\/\/lappis.org.br\/site\/vi-congresso-brasileiro-de-ciencias-sociais-e-humanas-em-saude-3\/6197\",\"url\":\"https:\/\/lappis.org.br\/site\/vi-congresso-brasileiro-de-ciencias-sociais-e-humanas-em-saude-3\/6197\",\"name\":\"VI Congresso Brasileiro de Ci\u00eancias Sociais e Humanas em Sa\u00fade - Lappis 25 anos\",\"isPartOf\":{\"@id\":\"https:\/\/lappis.org.br\/site\/#website\"},\"primaryImageOfPage\":{\"@id\":\"https:\/\/lappis.org.br\/site\/vi-congresso-brasileiro-de-ciencias-sociais-e-humanas-em-saude-3\/6197#primaryimage\"},\"image\":{\"@id\":\"https:\/\/lappis.org.br\/site\/vi-congresso-brasileiro-de-ciencias-sociais-e-humanas-em-saude-3\/6197#primaryimage\"},\"thumbnailUrl\":\"https:\/\/lappis.org.br\/site\/wp-content\/uploads\/2013\/11\/congresso-1.jpg\",\"datePublished\":\"2013-11-14T00:14:12+00:00\",\"dateModified\":\"2018-05-04T03:40:00+00:00\",\"breadcrumb\":{\"@id\":\"https:\/\/lappis.org.br\/site\/vi-congresso-brasileiro-de-ciencias-sociais-e-humanas-em-saude-3\/6197#breadcrumb\"},\"inLanguage\":\"pt-BR\",\"potentialAction\":[{\"@type\":\"ReadAction\",\"target\":[\"https:\/\/lappis.org.br\/site\/vi-congresso-brasileiro-de-ciencias-sociais-e-humanas-em-saude-3\/6197\"]}]},{\"@type\":\"ImageObject\",\"inLanguage\":\"pt-BR\",\"@id\":\"https:\/\/lappis.org.br\/site\/vi-congresso-brasileiro-de-ciencias-sociais-e-humanas-em-saude-3\/6197#primaryimage\",\"url\":\"https:\/\/lappis.org.br\/site\/wp-content\/uploads\/2013\/11\/congresso-1.jpg\",\"contentUrl\":\"https:\/\/lappis.org.br\/site\/wp-content\/uploads\/2013\/11\/congresso-1.jpg\",\"width\":678,\"height\":381},{\"@type\":\"BreadcrumbList\",\"@id\":\"https:\/\/lappis.org.br\/site\/vi-congresso-brasileiro-de-ciencias-sociais-e-humanas-em-saude-3\/6197#breadcrumb\",\"itemListElement\":[{\"@type\":\"ListItem\",\"position\":1,\"name\":\"In\u00edcio\",\"item\":\"https:\/\/lappis.org.br\/site\/\"},{\"@type\":\"ListItem\",\"position\":2,\"name\":\"VI Congresso Brasileiro de Ci\u00eancias Sociais e Humanas em Sa\u00fade\"}]},{\"@type\":\"WebSite\",\"@id\":\"https:\/\/lappis.org.br\/site\/#website\",\"url\":\"https:\/\/lappis.org.br\/site\/\",\"name\":\"Lappis 25 anos\",\"description\":\"Labotat\u00f3rio de Pesquisas sobre Pr\u00e1ticas de Integralidade em Sa\u00fade\",\"publisher\":{\"@id\":\"https:\/\/lappis.org.br\/site\/#organization\"},\"potentialAction\":[{\"@type\":\"SearchAction\",\"target\":{\"@type\":\"EntryPoint\",\"urlTemplate\":\"https:\/\/lappis.org.br\/site\/?s={search_term_string}\"},\"query-input\":{\"@type\":\"PropertyValueSpecification\",\"valueRequired\":true,\"valueName\":\"search_term_string\"}}],\"inLanguage\":\"pt-BR\"},{\"@type\":\"Organization\",\"@id\":\"https:\/\/lappis.org.br\/site\/#organization\",\"name\":\"Lappis 25 anos\",\"url\":\"https:\/\/lappis.org.br\/site\/\",\"logo\":{\"@type\":\"ImageObject\",\"inLanguage\":\"pt-BR\",\"@id\":\"https:\/\/lappis.org.br\/site\/#\/schema\/logo\/image\/\",\"url\":\"https:\/\/lappis.org.br\/site\/wp-content\/uploads\/2025\/03\/logo-lappis25anos.png\",\"contentUrl\":\"https:\/\/lappis.org.br\/site\/wp-content\/uploads\/2025\/03\/logo-lappis25anos.png\",\"width\":388,\"height\":146,\"caption\":\"Lappis 25 anos\"},\"image\":{\"@id\":\"https:\/\/lappis.org.br\/site\/#\/schema\/logo\/image\/\"}},{\"@type\":\"Person\",\"@id\":\"https:\/\/lappis.org.br\/site\/#\/schema\/person\/c5ae1a9a383eda57f5172f5c706a0414\",\"name\":\"stefany\",\"image\":{\"@type\":\"ImageObject\",\"inLanguage\":\"pt-BR\",\"@id\":\"https:\/\/lappis.org.br\/site\/#\/schema\/person\/image\/\",\"url\":\"https:\/\/secure.gravatar.com\/avatar\/a7553e82b188bf17bb54b918d68d7841?s=96&d=mm&r=g\",\"contentUrl\":\"https:\/\/secure.gravatar.com\/avatar\/a7553e82b188bf17bb54b918d68d7841?s=96&d=mm&r=g\",\"caption\":\"stefany\"},\"url\":\"https:\/\/lappis.org.br\/site\/author\/stefany\"}]}<\/script>\n<!-- \/ Yoast SEO plugin. -->","yoast_head_json":{"title":"VI Congresso Brasileiro de Ci\u00eancias Sociais e Humanas em Sa\u00fade - Lappis 25 anos","robots":{"index":"index","follow":"follow","max-snippet":"max-snippet:-1","max-image-preview":"max-image-preview:large","max-video-preview":"max-video-preview:-1"},"canonical":"https:\/\/lappis.org.br\/site\/vi-congresso-brasileiro-de-ciencias-sociais-e-humanas-em-saude-3\/6197","og_locale":"pt_BR","og_type":"article","og_title":"VI Congresso Brasileiro de Ci\u00eancias Sociais e Humanas em Sa\u00fade - Lappis 25 anos","og_description":"APRESENTA\u00c7\u00c3O \u201cCircula\u00e7\u00e3o e Di\u00e1logo entre Saberes e Pr\u00e1ticas no Campo da Sa\u00fade Coletiva\u201d. Esse foi o tema da sexta edi\u00e7\u00e3o do Congresso Brasileiro de Ci\u00eancias Sociais e Humanas em Sa\u00fade (CBCSHS), que aconteceu entre os [...]","og_url":"https:\/\/lappis.org.br\/site\/vi-congresso-brasileiro-de-ciencias-sociais-e-humanas-em-saude-3\/6197","og_site_name":"Lappis 25 anos","article_published_time":"2013-11-14T00:14:12+00:00","article_modified_time":"2018-05-04T03:40:00+00:00","og_image":[{"width":678,"height":381,"url":"https:\/\/lappis.org.br\/site\/wp-content\/uploads\/2013\/11\/congresso-1.jpg","type":"image\/jpeg"}],"author":"stefany","twitter_card":"summary_large_image","twitter_misc":{"Escrito por":"stefany","Est. tempo de leitura":"3 minutos"},"schema":{"@context":"https:\/\/schema.org","@graph":[{"@type":"Article","@id":"https:\/\/lappis.org.br\/site\/vi-congresso-brasileiro-de-ciencias-sociais-e-humanas-em-saude-3\/6197#article","isPartOf":{"@id":"https:\/\/lappis.org.br\/site\/vi-congresso-brasileiro-de-ciencias-sociais-e-humanas-em-saude-3\/6197"},"author":{"name":"stefany","@id":"https:\/\/lappis.org.br\/site\/#\/schema\/person\/c5ae1a9a383eda57f5172f5c706a0414"},"headline":"VI Congresso Brasileiro de Ci\u00eancias Sociais e Humanas em Sa\u00fade","datePublished":"2013-11-14T00:14:12+00:00","dateModified":"2018-05-04T03:40:00+00:00","mainEntityOfPage":{"@id":"https:\/\/lappis.org.br\/site\/vi-congresso-brasileiro-de-ciencias-sociais-e-humanas-em-saude-3\/6197"},"wordCount":598,"publisher":{"@id":"https:\/\/lappis.org.br\/site\/#organization"},"image":{"@id":"https:\/\/lappis.org.br\/site\/vi-congresso-brasileiro-de-ciencias-sociais-e-humanas-em-saude-3\/6197#primaryimage"},"thumbnailUrl":"https:\/\/lappis.org.br\/site\/wp-content\/uploads\/2013\/11\/congresso-1.jpg","keywords":["Semin\u00e1rios"],"articleSection":["Semin\u00e1rios e Eventos"],"inLanguage":"pt-BR"},{"@type":"WebPage","@id":"https:\/\/lappis.org.br\/site\/vi-congresso-brasileiro-de-ciencias-sociais-e-humanas-em-saude-3\/6197","url":"https:\/\/lappis.org.br\/site\/vi-congresso-brasileiro-de-ciencias-sociais-e-humanas-em-saude-3\/6197","name":"VI Congresso Brasileiro de Ci\u00eancias Sociais e Humanas em Sa\u00fade - Lappis 25 anos","isPartOf":{"@id":"https:\/\/lappis.org.br\/site\/#website"},"primaryImageOfPage":{"@id":"https:\/\/lappis.org.br\/site\/vi-congresso-brasileiro-de-ciencias-sociais-e-humanas-em-saude-3\/6197#primaryimage"},"image":{"@id":"https:\/\/lappis.org.br\/site\/vi-congresso-brasileiro-de-ciencias-sociais-e-humanas-em-saude-3\/6197#primaryimage"},"thumbnailUrl":"https:\/\/lappis.org.br\/site\/wp-content\/uploads\/2013\/11\/congresso-1.jpg","datePublished":"2013-11-14T00:14:12+00:00","dateModified":"2018-05-04T03:40:00+00:00","breadcrumb":{"@id":"https:\/\/lappis.org.br\/site\/vi-congresso-brasileiro-de-ciencias-sociais-e-humanas-em-saude-3\/6197#breadcrumb"},"inLanguage":"pt-BR","potentialAction":[{"@type":"ReadAction","target":["https:\/\/lappis.org.br\/site\/vi-congresso-brasileiro-de-ciencias-sociais-e-humanas-em-saude-3\/6197"]}]},{"@type":"ImageObject","inLanguage":"pt-BR","@id":"https:\/\/lappis.org.br\/site\/vi-congresso-brasileiro-de-ciencias-sociais-e-humanas-em-saude-3\/6197#primaryimage","url":"https:\/\/lappis.org.br\/site\/wp-content\/uploads\/2013\/11\/congresso-1.jpg","contentUrl":"https:\/\/lappis.org.br\/site\/wp-content\/uploads\/2013\/11\/congresso-1.jpg","width":678,"height":381},{"@type":"BreadcrumbList","@id":"https:\/\/lappis.org.br\/site\/vi-congresso-brasileiro-de-ciencias-sociais-e-humanas-em-saude-3\/6197#breadcrumb","itemListElement":[{"@type":"ListItem","position":1,"name":"In\u00edcio","item":"https:\/\/lappis.org.br\/site\/"},{"@type":"ListItem","position":2,"name":"VI Congresso Brasileiro de Ci\u00eancias Sociais e Humanas em Sa\u00fade"}]},{"@type":"WebSite","@id":"https:\/\/lappis.org.br\/site\/#website","url":"https:\/\/lappis.org.br\/site\/","name":"Lappis 25 anos","description":"Labotat\u00f3rio de Pesquisas sobre Pr\u00e1ticas de Integralidade em Sa\u00fade","publisher":{"@id":"https:\/\/lappis.org.br\/site\/#organization"},"potentialAction":[{"@type":"SearchAction","target":{"@type":"EntryPoint","urlTemplate":"https:\/\/lappis.org.br\/site\/?s={search_term_string}"},"query-input":{"@type":"PropertyValueSpecification","valueRequired":true,"valueName":"search_term_string"}}],"inLanguage":"pt-BR"},{"@type":"Organization","@id":"https:\/\/lappis.org.br\/site\/#organization","name":"Lappis 25 anos","url":"https:\/\/lappis.org.br\/site\/","logo":{"@type":"ImageObject","inLanguage":"pt-BR","@id":"https:\/\/lappis.org.br\/site\/#\/schema\/logo\/image\/","url":"https:\/\/lappis.org.br\/site\/wp-content\/uploads\/2025\/03\/logo-lappis25anos.png","contentUrl":"https:\/\/lappis.org.br\/site\/wp-content\/uploads\/2025\/03\/logo-lappis25anos.png","width":388,"height":146,"caption":"Lappis 25 anos"},"image":{"@id":"https:\/\/lappis.org.br\/site\/#\/schema\/logo\/image\/"}},{"@type":"Person","@id":"https:\/\/lappis.org.br\/site\/#\/schema\/person\/c5ae1a9a383eda57f5172f5c706a0414","name":"stefany","image":{"@type":"ImageObject","inLanguage":"pt-BR","@id":"https:\/\/lappis.org.br\/site\/#\/schema\/person\/image\/","url":"https:\/\/secure.gravatar.com\/avatar\/a7553e82b188bf17bb54b918d68d7841?s=96&d=mm&r=g","contentUrl":"https:\/\/secure.gravatar.com\/avatar\/a7553e82b188bf17bb54b918d68d7841?s=96&d=mm&r=g","caption":"stefany"},"url":"https:\/\/lappis.org.br\/site\/author\/stefany"}]}},"jetpack_featured_media_url":"https:\/\/lappis.org.br\/site\/wp-content\/uploads\/2013\/11\/congresso-1.jpg","jetpack_shortlink":"https:\/\/wp.me\/p954Nh-1BX","jetpack_sharing_enabled":true,"_links":{"self":[{"href":"https:\/\/lappis.org.br\/site\/wp-json\/wp\/v2\/posts\/6197"}],"collection":[{"href":"https:\/\/lappis.org.br\/site\/wp-json\/wp\/v2\/posts"}],"about":[{"href":"https:\/\/lappis.org.br\/site\/wp-json\/wp\/v2\/types\/post"}],"author":[{"embeddable":true,"href":"https:\/\/lappis.org.br\/site\/wp-json\/wp\/v2\/users\/4"}],"replies":[{"embeddable":true,"href":"https:\/\/lappis.org.br\/site\/wp-json\/wp\/v2\/comments?post=6197"}],"version-history":[{"count":18,"href":"https:\/\/lappis.org.br\/site\/wp-json\/wp\/v2\/posts\/6197\/revisions"}],"predecessor-version":[{"id":6214,"href":"https:\/\/lappis.org.br\/site\/wp-json\/wp\/v2\/posts\/6197\/revisions\/6214"}],"wp:featuredmedia":[{"embeddable":true,"href":"https:\/\/lappis.org.br\/site\/wp-json\/wp\/v2\/media\/6715"}],"wp:attachment":[{"href":"https:\/\/lappis.org.br\/site\/wp-json\/wp\/v2\/media?parent=6197"}],"wp:term":[{"taxonomy":"category","embeddable":true,"href":"https:\/\/lappis.org.br\/site\/wp-json\/wp\/v2\/categories?post=6197"},{"taxonomy":"post_tag","embeddable":true,"href":"https:\/\/lappis.org.br\/site\/wp-json\/wp\/v2\/tags?post=6197"}],"curies":[{"name":"wp","href":"https:\/\/api.w.org\/{rel}","templated":true}]}}