{"id":6163,"date":"2016-04-16T10:41:41","date_gmt":"2016-04-16T13:41:41","guid":{"rendered":"http:\/\/lappis.org.br\/site\/?p=6163"},"modified":"2018-05-03T21:32:48","modified_gmt":"2018-05-04T00:32:48","slug":"xvi-seminario-integralidade","status":"publish","type":"post","link":"https:\/\/lappis.org.br\/site\/xvi-seminario-integralidade\/6163","title":{"rendered":"XVI Semin\u00e1rio Integralidade"},"content":{"rendered":"<ul class=\"nav nav-tabs nav-justified\">\n<li class=\" active\"><a href=\"#apresentacao\">Apresenta\u00e7\u00e3o<\/a><\/li>\n<li><a href=\"#programacao\">Programa\u00e7\u00e3o<\/a><\/li>\n<li><a href=\"#certificado\">Certificado<\/a><\/li>\n<li><a href=\"#apoio\">Apoio<\/a><\/li>\n<li><a href=\"#noticias\">Not\u00edcias<\/a><\/li>\n<\/ul>\n<h2><a id=\"apresentacao\"><\/a>APRESENTA\u00c7\u00c3O<\/h2>\n<p><img fetchpriority=\"high\" decoding=\"async\" data-attachment-id=\"6209\" data-permalink=\"https:\/\/lappis.org.br\/site\/xvi-seminario-integralidade\/6163\/attachment\/2016\" data-orig-file=\"https:\/\/lappis.org.br\/site\/wp-content\/uploads\/2016\/04\/2016.jpg\" data-orig-size=\"4961,7016\" data-comments-opened=\"0\" data-image-meta=\"{&quot;aperture&quot;:&quot;0&quot;,&quot;credit&quot;:&quot;&quot;,&quot;camera&quot;:&quot;&quot;,&quot;caption&quot;:&quot;&quot;,&quot;created_timestamp&quot;:&quot;0&quot;,&quot;copyright&quot;:&quot;&quot;,&quot;focal_length&quot;:&quot;0&quot;,&quot;iso&quot;:&quot;0&quot;,&quot;shutter_speed&quot;:&quot;0&quot;,&quot;title&quot;:&quot;&quot;,&quot;orientation&quot;:&quot;0&quot;}\" data-image-title=\"2016\" data-image-description=\"\" data-image-caption=\"\" data-medium-file=\"https:\/\/lappis.org.br\/site\/wp-content\/uploads\/2016\/04\/2016-212x300.jpg\" data-large-file=\"https:\/\/lappis.org.br\/site\/wp-content\/uploads\/2016\/04\/2016-724x1024.jpg\" class=\" wp-image-6209 alignright\" src=\"http:\/\/lappis.org.br\/site\/wp-content\/uploads\/2016\/04\/2016-212x300.jpg\" alt=\"\" width=\"268\" height=\"379\" srcset=\"https:\/\/lappis.org.br\/site\/wp-content\/uploads\/2016\/04\/2016-212x300.jpg 212w, https:\/\/lappis.org.br\/site\/wp-content\/uploads\/2016\/04\/2016-768x1086.jpg 768w, https:\/\/lappis.org.br\/site\/wp-content\/uploads\/2016\/04\/2016-724x1024.jpg 724w, https:\/\/lappis.org.br\/site\/wp-content\/uploads\/2016\/04\/2016-177x250.jpg 177w, https:\/\/lappis.org.br\/site\/wp-content\/uploads\/2016\/04\/2016-173x245.jpg 173w\" sizes=\"(max-width: 268px) 100vw, 268px\" \/><\/p>\n<p>XVI SEMIN\u00c1RIO INTERNACIONAL DO PROJETO INTEGRALIDADE: SABERES E PR\u00c1TICAS NO COTIDIANO\u00a0DAS INSTITUI\u00c7\u00d5ES DE SA\u00daDE<\/p>\n<p>10 ANOS DE PARCERIA LAPPIS-HOSPITAL SOFIA FELDMAN<br \/>\nIV ENCONTRO DA INCUBADORA DA INTEGRALIDADE<\/p>\n<p><strong>Tema:<\/strong><\/p>\n<p>\u201cPopula\u00e7\u00f5es vulner\u00e1veis e a promo\u00e7\u00e3o de equidade: a mulher na luta pelo direito de ser na integralidade do cuidado\u201d<\/p>\n<p><strong>Coordena\u00e7\u00e3o colegiada:<br \/>\n<\/strong>Roseni Pinheiro, Erika da Silva Dittz, Tatiana Coelho Lopes e Rodrigo Silveira Pinheiro.<\/p>\n<p><strong>P\u00fablico-alvo:<br \/>\n<\/strong>Profissionais, pesquisadores, docentes, estudantes, usu\u00e1rios, gestores e associa\u00e7\u00f5es p\u00fablicas.<\/p>\n<p><strong>Comiss\u00e3o Organizadora:<br \/>\n<\/strong>Pesquisadores, docentes, discentes de gradua\u00e7\u00e3o e p\u00f3s-gradua\u00e7\u00e3o, gestores, enfermeiras (os) e demais profissionais de sa\u00fade, lideran\u00e7as de movimentos sociais, formuladores de pol\u00edticas p\u00fablicas.\u00a0 \u2013 volunt\u00e1rios \u2013 n\u00e3o h\u00e1 contrata\u00e7\u00e3o de empresa.<\/p>\n<p><strong>\u201cN\u00e3o ser\u00e1 cobrada taxa de inscri\u00e7\u00e3o. Ser\u00e1 emitido certificado de participa\u00e7\u00e3o mediante comprova\u00e7\u00e3o em lista de presen\u00e7a\u201d<\/strong><\/p>\n<p><strong>Organizadores:<\/strong>\u00a0Roseni Pinheiro, Erika da Silva Dittz, Tatiana Coelho Lopes e Rodrigo Silveira Pinheiro.<\/p>\n<p><strong>Informa\u00e7\u00f5es:<br \/>\n<\/strong>E-mail:<span id=\"cloak757f0e170c1bc0acd12ee62035480ab9\"><a href=\"mailto:seminario@lappis.org.br\">seminario@lappis.org.br<\/a><\/span><br \/>\nTelefone: +55 (21) 2567-7086<\/p>\n<h2><a id=\"programacao\"><\/a>PROGRAMA\u00c7\u00c3O<\/h2>\n<p><strong>Per\u00edodo:<\/strong> De 28 a 30 de junho de 2016<br \/>\n<strong>Local:\u00a0<\/strong>Audit\u00f3rio do Centro de Capacita\u00e7\u00e3o do Hospital Sofia Feldman (Belo Horizonte)<br \/>\nEndere\u00e7o:\u00a0 Rua Ant\u00f4nio Bandeira, 1060. B. Tupi. Belo Horizonte. MG- CEP: 31.844-13<\/p>\n<div class=\"googlemaps\">\n\t\t\t\t<iframe width=\"600\" height=\"450\" frameborder=\"0\" scrolling=\"no\" marginheight=\"0\" marginwidth=\"0\"  src=\"https:\/\/www.google.com\/maps\/embed?pb=!1m18!1m12!1m3!1d3753.0909262008813!2d-43.91734348508681!3d-19.836105286656334!2m3!1f0!2f0!3f0!3m2!1i1024!2i768!4f13.1!3m3!1m2!1s0xa68531d9c947d5:0xc354f6f156a1aeb5!2sR.%20Ant\u00f4nio%20Bandeira,%201060%20-%20Tupi,%20Belo%20Horizonte%20-%20MG,%2031844-130!5e0!3m2!1spt-BR!2sbr!4v1457448254528\"><\/iframe>\n\t\t\t<\/div>\n<p><strong>Dia 28\/06\/2016<\/strong> &#8211;\u00a0Manh\u00e3 e tarde (10h:00min a 16h:00min) \u2013 atividade pr\u00e9-semin\u00e1rio &#8211; minicursos<\/p>\n<div>\n<p><strong>Credenciamento e Recep\u00e7\u00e3o local<br \/>\n<\/strong><strong>Local<\/strong>: Hospital Sofia Feldman- salas a definir<\/p>\n<p>a) Itiner\u00e1rios terap\u00eauticos: m\u00e9todo e pr\u00e1tica\u2013 Tatiana Gerhart (Sa\u00fade Coletiva\/UFRGS)<br \/>\nb) Direito a comunica\u00e7\u00e3o e redes sociais \u2013 Juliana Lofego (UFAC)<br \/>\nc) Projeto Terap\u00eautico Singular \u2013 Gustavo Oliveira Nunes Unb) e F\u00e1bio Hebert (UFES)<br \/>\nd) Viol\u00eancia, Sa\u00fade e Educa\u00e7\u00e3o \u2013 Pablo Francisco Di Leo (UBA)<br \/>\ne) Educa\u00e7\u00e3o em sa\u00fade \u2013 C\u00e9sar Augusto Paro (UFRJ)<\/p>\n<p>f) Integralidade em sa\u00fade: discutindo pr\u00e1ticas de cuidado \u2013 Tatiana Coelho Lopes e Erika\u00a0 da Silva Dittz<\/p>\n<\/div>\n<div>\n<div>\n<p><strong>Local<\/strong>: Hospital Sofia Feldman- salas a definir<\/p>\n<p>ATIVIDADE XVI SEMIN\u00c1RIO<\/p>\n<\/div>\n<\/div>\n<p><strong>Local:\u00a0<\/strong>Audit\u00f3rio do HSF<br \/>\n16h00min- 17h00minh \u2013 Mesa de abertura:\u00a0 Representantes do LAPPIS, JICA, HSF, COFEN, ABENFO<br \/>\n17h30min- 19h00min- Di\u00e1logos de abertura:\u00a0 A mulher na luta pelo direito de ser na sa\u00fade: vulnerabilidade, resili\u00eancia e prote\u00e7\u00e3o social<br \/>\n<strong>Coordena\u00e7\u00e3o:\u00a0<\/strong>Roseni Pinheiro (LAPPIS\/IMS\/UERJ)<br \/>\n<strong>Convidadas:\u00a0<\/strong>Dra. Leny Bomfim Trad (ISC\/UFBA)<\/p>\n<p><strong>DIA 29\/06\/2016 &#8211;\u00a0<\/strong><strong>Manh\u00e3 &#8211; Atividade XVI Semin\u00e1rio<\/strong><\/p>\n<p><strong>Local:\u00a0<\/strong>Audit\u00f3rio do HSF<br \/>\n<strong>Mesa 1<\/strong>\u00a0\u2013 08h00min- 09h20min &#8211; Institui\u00e7\u00f5es de Ensino, de Sa\u00fade e de Justi\u00e7a na promo\u00e7\u00e3o da Equidade no SUS \u2013 Desafios na Integralidade do Cuidado \u00e1 Mulher em Situa\u00e7\u00f5es de Vulnerabilidade Social<br \/>\n<strong>Coordenador:<\/strong>\u00a0Alu\u00edsio Gomes da Silva Junior (LAPPIS\/UFF)<br \/>\n<strong>Expositores:<\/strong><\/p>\n<p>Leny Trad (FASA\/ISC\/UFBA)<br \/>\nMaria Elizabeth Barros e Barros (LAPPIS\/PIS\/UFES)<br \/>\nFelipe Dutra Asensi (LAPPIS\/IMS\/UERJ)<br \/>\nJulia Cristina Horta (Incubadora da Integralidade\/LEP\/HSF)<\/p>\n<p><strong>09h20min- 10h00min<\/strong> \u2013 Debate<br \/>\n<strong>Mesa 2<\/strong>: 10h10min \u2013 11h30min \u2013 Direito a comunica\u00e7\u00e3o, inclus\u00e3o e redes sociais: di\u00e1logos interdisciplinares e novos sujeitos na efetiva\u00e7\u00e3o do acesso ao cuidado<\/p>\n<p><strong>Coordenadora<\/strong>: Janine Cardoso (LAPPIS\/ICICT\/FIOCRUZ)<\/p>\n<p><strong>Expositores:<\/strong><\/p>\n<p>Juliana Lofego (Incubadora da Integralidade na Amaz\u00f4nia Legal \u2013 CFCH\/UFAC)<br \/>\nMarina Maria (ICICT\/FIOCRUZ \u2013 Pense SUS )<br \/>\nCamila Luz (Hospital Sofia Feldman)<br \/>\nFelipe Cavalcante (Comunidade de Pr\u00e1ticas &#8211; DEGES\/SGTES\/MS)<\/p>\n<p>11h30min- 12h00minh \u2013 Debate<br \/>\n12h00min \u2013 13h30min \u2013 Almo\u00e7o<\/p>\n<p>DIia 29\/06\/2016 -Tarde &#8211; Atividade XVI Semin\u00e1rio<\/p>\n<p><strong>Local:<\/strong>\u00a0Audit\u00f3rio do HSF<br \/>\n<strong>Mesa 3<\/strong>\u00a0\u2013 14h00min- 16h00min &#8211; Viol\u00eancia Institucional, Direitos Humanos e Redes de Politicas Publicas: Desafios, Dilemas e Alternativas para a Integralidade do Cuidado \u00e0 Mulher<br \/>\n<strong>Coordena\u00e7\u00e3o:<\/strong>\u00a0Tatiana Coelho Lopes (LAPPIS\/IMS\/UERJ\/HSF)<br \/>\n<strong>Expositores:<\/strong><\/p>\n<p>Mardem Filho (Departamento de Monitoramento e Fiscaliza\u00e7\u00e3o do Sistema Carcer\u00e1rio e do Sistema de Execu\u00e7\u00e3o de Medidas Socioeducativas &#8211; DMF\/CNJ)<br \/>\nElza Machado (FM\/UFMG)<br \/>\nPablo Di Leo (LAPPIS\/CS\/UBA)<br \/>\nAna Lucia Coelho Heckert (UFES)<\/p>\n<p>17h00min \u2013 Reuni\u00e3o dos integrantes da \u201cRede Multic\u00eantrica de Pesquisa da Incubadora da Integralidade \u2013 LAPPIS\u201d \u2013 local \u00e0 confirmar<\/p>\n<div><strong>DIA 30\/06\/2016<\/strong> &#8211; Manh\u00e3 &#8211; Atividade XVI Semin\u00e1rio<\/div>\n<p><strong>Local:<\/strong>\u00a0Audit\u00f3rio do HSF<br \/>\n<strong>Mesa 4<\/strong>\u00a0\u2013 09:00 \u2013 11:30h &#8211; Forma\u00e7\u00e3o em Sa\u00fade, Participa\u00e7\u00e3o Social e Alteridade: abordagens para produ\u00e7\u00e3o de equidade e direito a sa\u00fade \u00e0s mulheres em situa\u00e7\u00f5es de vulnerabilidade relativas as quest\u00f5es de g\u00eanero, ra\u00e7a, etnia e defici\u00eancia f\u00edsica.<br \/>\n<strong>Coordenadora:<\/strong>\u00a0L\u00e9lia\u00a0 Maria Madeira ( LAPPIS\/IMS\/UERJ\/HSF)<br \/>\n<strong>Expositores:<\/strong><\/p>\n<p>Tatiana Gerardt \u2013 (LAPPIS\/PPGCOL\/UFRGS)<br \/>\nRodrigo da Silveira (Incubadora da Integralidade na Amaz\u00f4nia Legal \u2013 FCM\/UFAC)<br \/>\nFabio Hebert \u2013 (LAPPIS\/PIS\/UFES)<br \/>\nAltair Lira (Presidente da Associa\u00e7\u00e3o Baiana de Pacientes com Anemia Falciforme)<\/p>\n<p><strong>11:30- 12:00h<\/strong> \u2013 Debate<br \/>\n<strong>12:00h \u2013 13:30<\/strong> \u2013 Almo\u00e7o<\/p>\n<p><strong>Dia 30\/06\/2016<\/strong> &#8211;\u00a0Tarde &#8211; Atividade XVI Semin\u00e1rio<\/p>\n<p><strong>Local:<\/strong>\u00a0Audit\u00f3rio do HSF<br \/>\n<strong>Mesa 5<\/strong>\u00a0\u2013\u00a0 14h00min- 16h30min &#8211; Popula\u00e7\u00f5es vulner\u00e1veis e politicas especificas: avan\u00e7os, fragilidades e desafios para a integralidade do cuidado a mulher<br \/>\n<strong>Coordena\u00e7\u00e3o:<\/strong>\u00a0D\u00e1rio Parsche (UFRGS)<br \/>\n<strong>Expositores:<br \/>\n<\/strong>Gustavo Oliveira Nunes (Sa\u00fade Coletiva\/UnB)<br \/>\nAndr\u00e9 Luis de Oliveira Mendon\u00e7a \u2013 (IMS\/UERJ)<br \/>\nKleyde Ventura de Souza (EE\/UFMG)<br \/>\nEster de Albuquerque Vilella (CGSM\/MS\/DAPES\/SAS)<\/p>\n<p><strong>16h00min \u2013 16h30min<\/strong> &#8211; Debate<br \/>\n<strong>Debate<\/strong>: 16h00-17h00<br \/>\n<strong>17h00 &#8211;<\/strong> Encerramento e Avalia\u00e7\u00e3o do Semin\u00e1rio (preencher breve ficha dispon\u00edvel nas pastas)<\/p>\n<h3><\/h3>\n<h2><a id=\"certificado\"><\/a>CERTIFICADO<\/h2>\n<div>\n<p>\u00a0<a href=\"http:\/\/www.lappis.org.br\/site\/_inscricao\/certificados\/xvi\/\" target=\"_blank\" rel=\"noopener\">Clique aqui<\/a> para baixar seu certificado.<\/p>\n<h2><a id=\"certificado\"><\/a>APOIO<\/h2>\n<p><strong>Atividades simult\u00e2neas com apoio de institui\u00e7\u00f5es parceiras:<br \/>\n<\/strong>BVS Integralidade, exibi\u00e7\u00e3o de v\u00eddeos mini cursos<\/p>\n<p><strong>Promo\u00e7\u00e3o:<br \/>\n<\/strong>LAPPIS \/ IMS \/ UERJ e Hospital Sofia Feldman<\/p>\n<p><strong>Parcerias\/Apoios<br \/>\n<\/strong>JICA \u2013 Japan International Cooperation Agency, COFEN \u2013 Conselho Federal de Enfermagem, ABENFO \u2013 Associa\u00e7\u00e3o Brasileira de Enfermeiras Obst\u00e9tricas, Escola de Enfermagem UFMG, Instituto de Comunica\u00e7\u00e3o e Informa\u00e7\u00e3o Cient\u00edfica e Tecnol\u00f3gica em Sa\u00fade\/Fiocruz; Grupo de Estudos em Sa\u00fade Coletiva \u2013 GESC \/UFRGS, Programa Integrado de Pesquisa e Coopera\u00e7\u00e3o T\u00e9cnica em Comunidade, Fam\u00edlia e Sa\u00fade: Contextos, Trajet\u00f3rias e Pol\u00edticas P\u00fablicas \u2013 FASA, ISC\/UFBA, Instituto de Sa\u00fade da Comunidade da UFF; Universidade de Bras\u00edlia, Faculdades de Medicina e Comunica\u00e7\u00e3o da Universidade Federal do Acre, Instituto Gino Germani &#8211; Universidad de Buenos Aires.<\/p>\n<h2><a id=\"noticias\"><\/a>NOT\u00cdCIAS<\/h2>\n<ul>\n<li><a href=\"http:\/\/lappis.org.br\/site\/xvi-seminario-do-projeto-integralidade-em-saude-abordara-itinerarios-terapeuticos-na-sua-programacao\/3451\">XVI Semin\u00e1rio do Projeto Integralidade em Sa\u00fade tem curso sobre Itiner\u00e1rios Terap\u00eauticos na programa\u00e7\u00e3o<\/a><\/li>\n<li><a href=\"http:\/\/lappis.org.br\/site\/direito-a-comunicacao-inclusao-e-redes-sociais-nos-debates-do-xvi-seminario-integralidade-em-saude\/3437\">Direito \u00e0 comunica\u00e7\u00e3o, inclus\u00e3o e redes sociais nos debates do XVI Semin\u00e1rio Integralidade em Sa\u00fade<\/a><\/li>\n<li><a href=\"http:\/\/lappis.org.br\/site\/xvi-seminario-da-integralidade-conta-com-minicurso-sobre-educacao-em-saude-com-enfoque-em-palhacaria\/3427\">XVI Semin\u00e1rio da Integralidade conta com minicurso sobre educa\u00e7\u00e3o em sa\u00fade com enfoque em palha\u00e7aria<\/a><\/li>\n<li><a href=\"http:\/\/lappis.org.br\/site\/conheca-a-programacao-do-xvi-seminario-da-integralidadeconheca-a-programacao-do-xvi-seminario-da-integralidade\/3417\">Conhe\u00e7a a programa\u00e7\u00e3o do XVI Semin\u00e1rio da Integralidade<\/a><\/li>\n<li><a href=\"http:\/\/lappis.org.br\/site\/integralidade-em-saude-e-tema-de-seminario-em-bh\/3489\">Confira a cobertura do primeiro dia do XVI Semin\u00e1rio Integralidade<\/a><\/li>\n<li class=\"entry-title\"><a href=\"http:\/\/lappis.org.br\/site\/assista-agora-a-transmissao-simultanea-do-xvi-seminario-de-integralidade\/3486\">Assista agora a transmiss\u00e3o simult\u00e2nea do XVI Semin\u00e1rio de Integralidade<\/a><\/li>\n<li class=\"entry-title\"><a href=\"http:\/\/lappis.org.br\/site\/xvi-seminario-da-integralidade-sera-realizado-no-hospital-sofia-feldman-em-belo-horizonte\/3390\">XVI Semin\u00e1rio da Integralidade ser\u00e1 realizado no Hospital Sofia Feldman em Belo Horizonte<\/a><\/li>\n<li><a href=\"http:\/\/lappis.org.br\/site\/xvi-seminario-integralidade-encerra-amanha\/3491\">\u00a0XVI Semin\u00e1rio Integralidade encerra amanh\u00e3<\/a><\/li>\n<\/ul>\n<\/div>\n","protected":false},"excerpt":{"rendered":"<div class=\"mh-excerpt\"><p>O tema do semin\u00e1rio ser\u00e1: \u201cPopula\u00e7\u00f5es vulner\u00e1veis e a promo\u00e7\u00e3o de equidade: a mulher na luta pelo direito de ser na integralidade do cuidado&#8221;. <a class=\"mh-excerpt-more\" href=\"https:\/\/lappis.org.br\/site\/xvi-seminario-integralidade\/6163\" title=\"XVI Semin\u00e1rio Integralidade\">[&#8230;]<\/a><\/p>\n<\/div>","protected":false},"author":1,"featured_media":6686,"comment_status":"closed","ping_status":"open","sticky":false,"template":"","format":"standard","meta":{"_acf_changed":false,"_exactmetrics_skip_tracking":false,"_exactmetrics_sitenote_active":false,"_exactmetrics_sitenote_note":"","_exactmetrics_sitenote_category":0,"jetpack_post_was_ever_published":false,"_jetpack_newsletter_access":"","_jetpack_dont_email_post_to_subs":false,"_jetpack_newsletter_tier_id":0,"_jetpack_memberships_contains_paywalled_content":false,"_jetpack_memberships_contains_paid_content":false,"footnotes":"","jetpack_publicize_message":"","jetpack_publicize_feature_enabled":true,"jetpack_social_post_already_shared":true,"jetpack_social_options":{"image_generator_settings":{"template":"highway","enabled":false},"version":2}},"categories":[739],"tags":[706],"class_list":{"0":"post-6163","1":"post","2":"type-post","3":"status-publish","4":"format-standard","5":"has-post-thumbnail","7":"category-seminarios-e-eventos","8":"tag-xvi-seminario-integralidade"},"jetpack_publicize_connections":[],"acf":[],"yoast_head":"<!-- This site is optimized with the Yoast SEO plugin v25.2 - https:\/\/yoast.com\/wordpress\/plugins\/seo\/ -->\n<title>XVI Semin\u00e1rio Integralidade - Lappis 25 anos<\/title>\n<meta name=\"robots\" content=\"index, follow, max-snippet:-1, max-image-preview:large, max-video-preview:-1\" \/>\n<link rel=\"canonical\" href=\"https:\/\/lappis.org.br\/site\/xvi-seminario-integralidade\/6163\" \/>\n<meta property=\"og:locale\" content=\"pt_BR\" \/>\n<meta property=\"og:type\" content=\"article\" \/>\n<meta property=\"og:title\" content=\"XVI Semin\u00e1rio Integralidade - Lappis 25 anos\" \/>\n<meta property=\"og:description\" content=\"O tema do semin\u00e1rio ser\u00e1: \u201cPopula\u00e7\u00f5es vulner\u00e1veis e a promo\u00e7\u00e3o de equidade: a mulher na luta pelo direito de ser na integralidade do cuidado&quot;. [...]\" \/>\n<meta property=\"og:url\" content=\"https:\/\/lappis.org.br\/site\/xvi-seminario-integralidade\/6163\" \/>\n<meta property=\"og:site_name\" content=\"Lappis 25 anos\" \/>\n<meta property=\"article:published_time\" content=\"2016-04-16T13:41:41+00:00\" \/>\n<meta property=\"article:modified_time\" content=\"2018-05-04T00:32:48+00:00\" \/>\n<meta property=\"og:image\" content=\"https:\/\/lappis.org.br\/site\/wp-content\/uploads\/2016\/06\/ff10Seminario_coletivo_estudantesUERJ-editado.jpg\" \/>\n\t<meta property=\"og:image:width\" content=\"678\" \/>\n\t<meta property=\"og:image:height\" content=\"381\" \/>\n\t<meta property=\"og:image:type\" content=\"image\/jpeg\" \/>\n<meta name=\"author\" content=\"fw2\" \/>\n<meta name=\"twitter:card\" content=\"summary_large_image\" \/>\n<meta name=\"twitter:label1\" content=\"Escrito por\" \/>\n\t<meta name=\"twitter:data1\" content=\"fw2\" \/>\n\t<meta name=\"twitter:label2\" content=\"Est. tempo de leitura\" \/>\n\t<meta name=\"twitter:data2\" content=\"6 minutos\" \/>\n<script type=\"application\/ld+json\" class=\"yoast-schema-graph\">{\"@context\":\"https:\/\/schema.org\",\"@graph\":[{\"@type\":\"Article\",\"@id\":\"https:\/\/lappis.org.br\/site\/xvi-seminario-integralidade\/6163#article\",\"isPartOf\":{\"@id\":\"https:\/\/lappis.org.br\/site\/xvi-seminario-integralidade\/6163\"},\"author\":{\"name\":\"fw2\",\"@id\":\"https:\/\/lappis.org.br\/site\/#\/schema\/person\/3852381d08284b5e2716b20bd89bdbcf\"},\"headline\":\"XVI Semin\u00e1rio Integralidade\",\"datePublished\":\"2016-04-16T13:41:41+00:00\",\"dateModified\":\"2018-05-04T00:32:48+00:00\",\"mainEntityOfPage\":{\"@id\":\"https:\/\/lappis.org.br\/site\/xvi-seminario-integralidade\/6163\"},\"wordCount\":1228,\"publisher\":{\"@id\":\"https:\/\/lappis.org.br\/site\/#organization\"},\"image\":{\"@id\":\"https:\/\/lappis.org.br\/site\/xvi-seminario-integralidade\/6163#primaryimage\"},\"thumbnailUrl\":\"https:\/\/lappis.org.br\/site\/wp-content\/uploads\/2016\/06\/ff10Seminario_coletivo_estudantesUERJ-editado.jpg\",\"keywords\":[\"XVI Semin\u00e1rio Integralidade\"],\"articleSection\":[\"Semin\u00e1rios e Eventos\"],\"inLanguage\":\"pt-BR\"},{\"@type\":\"WebPage\",\"@id\":\"https:\/\/lappis.org.br\/site\/xvi-seminario-integralidade\/6163\",\"url\":\"https:\/\/lappis.org.br\/site\/xvi-seminario-integralidade\/6163\",\"name\":\"XVI Semin\u00e1rio Integralidade - Lappis 25 anos\",\"isPartOf\":{\"@id\":\"https:\/\/lappis.org.br\/site\/#website\"},\"primaryImageOfPage\":{\"@id\":\"https:\/\/lappis.org.br\/site\/xvi-seminario-integralidade\/6163#primaryimage\"},\"image\":{\"@id\":\"https:\/\/lappis.org.br\/site\/xvi-seminario-integralidade\/6163#primaryimage\"},\"thumbnailUrl\":\"https:\/\/lappis.org.br\/site\/wp-content\/uploads\/2016\/06\/ff10Seminario_coletivo_estudantesUERJ-editado.jpg\",\"datePublished\":\"2016-04-16T13:41:41+00:00\",\"dateModified\":\"2018-05-04T00:32:48+00:00\",\"breadcrumb\":{\"@id\":\"https:\/\/lappis.org.br\/site\/xvi-seminario-integralidade\/6163#breadcrumb\"},\"inLanguage\":\"pt-BR\",\"potentialAction\":[{\"@type\":\"ReadAction\",\"target\":[\"https:\/\/lappis.org.br\/site\/xvi-seminario-integralidade\/6163\"]}]},{\"@type\":\"ImageObject\",\"inLanguage\":\"pt-BR\",\"@id\":\"https:\/\/lappis.org.br\/site\/xvi-seminario-integralidade\/6163#primaryimage\",\"url\":\"https:\/\/lappis.org.br\/site\/wp-content\/uploads\/2016\/06\/ff10Seminario_coletivo_estudantesUERJ-editado.jpg\",\"contentUrl\":\"https:\/\/lappis.org.br\/site\/wp-content\/uploads\/2016\/06\/ff10Seminario_coletivo_estudantesUERJ-editado.jpg\",\"width\":678,\"height\":381},{\"@type\":\"BreadcrumbList\",\"@id\":\"https:\/\/lappis.org.br\/site\/xvi-seminario-integralidade\/6163#breadcrumb\",\"itemListElement\":[{\"@type\":\"ListItem\",\"position\":1,\"name\":\"In\u00edcio\",\"item\":\"https:\/\/lappis.org.br\/site\/\"},{\"@type\":\"ListItem\",\"position\":2,\"name\":\"XVI Semin\u00e1rio Integralidade\"}]},{\"@type\":\"WebSite\",\"@id\":\"https:\/\/lappis.org.br\/site\/#website\",\"url\":\"https:\/\/lappis.org.br\/site\/\",\"name\":\"Lappis 25 anos\",\"description\":\"Labotat\u00f3rio de Pesquisas sobre Pr\u00e1ticas de Integralidade em Sa\u00fade\",\"publisher\":{\"@id\":\"https:\/\/lappis.org.br\/site\/#organization\"},\"potentialAction\":[{\"@type\":\"SearchAction\",\"target\":{\"@type\":\"EntryPoint\",\"urlTemplate\":\"https:\/\/lappis.org.br\/site\/?s={search_term_string}\"},\"query-input\":{\"@type\":\"PropertyValueSpecification\",\"valueRequired\":true,\"valueName\":\"search_term_string\"}}],\"inLanguage\":\"pt-BR\"},{\"@type\":\"Organization\",\"@id\":\"https:\/\/lappis.org.br\/site\/#organization\",\"name\":\"Lappis 25 anos\",\"url\":\"https:\/\/lappis.org.br\/site\/\",\"logo\":{\"@type\":\"ImageObject\",\"inLanguage\":\"pt-BR\",\"@id\":\"https:\/\/lappis.org.br\/site\/#\/schema\/logo\/image\/\",\"url\":\"https:\/\/lappis.org.br\/site\/wp-content\/uploads\/2025\/03\/logo-lappis25anos.png\",\"contentUrl\":\"https:\/\/lappis.org.br\/site\/wp-content\/uploads\/2025\/03\/logo-lappis25anos.png\",\"width\":388,\"height\":146,\"caption\":\"Lappis 25 anos\"},\"image\":{\"@id\":\"https:\/\/lappis.org.br\/site\/#\/schema\/logo\/image\/\"}},{\"@type\":\"Person\",\"@id\":\"https:\/\/lappis.org.br\/site\/#\/schema\/person\/3852381d08284b5e2716b20bd89bdbcf\",\"name\":\"fw2\",\"image\":{\"@type\":\"ImageObject\",\"inLanguage\":\"pt-BR\",\"@id\":\"https:\/\/lappis.org.br\/site\/#\/schema\/person\/image\/\",\"url\":\"https:\/\/secure.gravatar.com\/avatar\/c38472c0cdbde82d9b6fcc26adb3779d?s=96&d=mm&r=g\",\"contentUrl\":\"https:\/\/secure.gravatar.com\/avatar\/c38472c0cdbde82d9b6fcc26adb3779d?s=96&d=mm&r=g\",\"caption\":\"fw2\"},\"url\":\"https:\/\/lappis.org.br\/site\/author\/fw2\"}]}<\/script>\n<!-- \/ Yoast SEO plugin. -->","yoast_head_json":{"title":"XVI Semin\u00e1rio Integralidade - Lappis 25 anos","robots":{"index":"index","follow":"follow","max-snippet":"max-snippet:-1","max-image-preview":"max-image-preview:large","max-video-preview":"max-video-preview:-1"},"canonical":"https:\/\/lappis.org.br\/site\/xvi-seminario-integralidade\/6163","og_locale":"pt_BR","og_type":"article","og_title":"XVI Semin\u00e1rio Integralidade - Lappis 25 anos","og_description":"O tema do semin\u00e1rio ser\u00e1: \u201cPopula\u00e7\u00f5es vulner\u00e1veis e a promo\u00e7\u00e3o de equidade: a mulher na luta pelo direito de ser na integralidade do cuidado\". [...]","og_url":"https:\/\/lappis.org.br\/site\/xvi-seminario-integralidade\/6163","og_site_name":"Lappis 25 anos","article_published_time":"2016-04-16T13:41:41+00:00","article_modified_time":"2018-05-04T00:32:48+00:00","og_image":[{"width":678,"height":381,"url":"https:\/\/lappis.org.br\/site\/wp-content\/uploads\/2016\/06\/ff10Seminario_coletivo_estudantesUERJ-editado.jpg","type":"image\/jpeg"}],"author":"fw2","twitter_card":"summary_large_image","twitter_misc":{"Escrito por":"fw2","Est. tempo de leitura":"6 minutos"},"schema":{"@context":"https:\/\/schema.org","@graph":[{"@type":"Article","@id":"https:\/\/lappis.org.br\/site\/xvi-seminario-integralidade\/6163#article","isPartOf":{"@id":"https:\/\/lappis.org.br\/site\/xvi-seminario-integralidade\/6163"},"author":{"name":"fw2","@id":"https:\/\/lappis.org.br\/site\/#\/schema\/person\/3852381d08284b5e2716b20bd89bdbcf"},"headline":"XVI Semin\u00e1rio Integralidade","datePublished":"2016-04-16T13:41:41+00:00","dateModified":"2018-05-04T00:32:48+00:00","mainEntityOfPage":{"@id":"https:\/\/lappis.org.br\/site\/xvi-seminario-integralidade\/6163"},"wordCount":1228,"publisher":{"@id":"https:\/\/lappis.org.br\/site\/#organization"},"image":{"@id":"https:\/\/lappis.org.br\/site\/xvi-seminario-integralidade\/6163#primaryimage"},"thumbnailUrl":"https:\/\/lappis.org.br\/site\/wp-content\/uploads\/2016\/06\/ff10Seminario_coletivo_estudantesUERJ-editado.jpg","keywords":["XVI Semin\u00e1rio Integralidade"],"articleSection":["Semin\u00e1rios e Eventos"],"inLanguage":"pt-BR"},{"@type":"WebPage","@id":"https:\/\/lappis.org.br\/site\/xvi-seminario-integralidade\/6163","url":"https:\/\/lappis.org.br\/site\/xvi-seminario-integralidade\/6163","name":"XVI Semin\u00e1rio Integralidade - Lappis 25 anos","isPartOf":{"@id":"https:\/\/lappis.org.br\/site\/#website"},"primaryImageOfPage":{"@id":"https:\/\/lappis.org.br\/site\/xvi-seminario-integralidade\/6163#primaryimage"},"image":{"@id":"https:\/\/lappis.org.br\/site\/xvi-seminario-integralidade\/6163#primaryimage"},"thumbnailUrl":"https:\/\/lappis.org.br\/site\/wp-content\/uploads\/2016\/06\/ff10Seminario_coletivo_estudantesUERJ-editado.jpg","datePublished":"2016-04-16T13:41:41+00:00","dateModified":"2018-05-04T00:32:48+00:00","breadcrumb":{"@id":"https:\/\/lappis.org.br\/site\/xvi-seminario-integralidade\/6163#breadcrumb"},"inLanguage":"pt-BR","potentialAction":[{"@type":"ReadAction","target":["https:\/\/lappis.org.br\/site\/xvi-seminario-integralidade\/6163"]}]},{"@type":"ImageObject","inLanguage":"pt-BR","@id":"https:\/\/lappis.org.br\/site\/xvi-seminario-integralidade\/6163#primaryimage","url":"https:\/\/lappis.org.br\/site\/wp-content\/uploads\/2016\/06\/ff10Seminario_coletivo_estudantesUERJ-editado.jpg","contentUrl":"https:\/\/lappis.org.br\/site\/wp-content\/uploads\/2016\/06\/ff10Seminario_coletivo_estudantesUERJ-editado.jpg","width":678,"height":381},{"@type":"BreadcrumbList","@id":"https:\/\/lappis.org.br\/site\/xvi-seminario-integralidade\/6163#breadcrumb","itemListElement":[{"@type":"ListItem","position":1,"name":"In\u00edcio","item":"https:\/\/lappis.org.br\/site\/"},{"@type":"ListItem","position":2,"name":"XVI Semin\u00e1rio Integralidade"}]},{"@type":"WebSite","@id":"https:\/\/lappis.org.br\/site\/#website","url":"https:\/\/lappis.org.br\/site\/","name":"Lappis 25 anos","description":"Labotat\u00f3rio de Pesquisas sobre Pr\u00e1ticas de Integralidade em Sa\u00fade","publisher":{"@id":"https:\/\/lappis.org.br\/site\/#organization"},"potentialAction":[{"@type":"SearchAction","target":{"@type":"EntryPoint","urlTemplate":"https:\/\/lappis.org.br\/site\/?s={search_term_string}"},"query-input":{"@type":"PropertyValueSpecification","valueRequired":true,"valueName":"search_term_string"}}],"inLanguage":"pt-BR"},{"@type":"Organization","@id":"https:\/\/lappis.org.br\/site\/#organization","name":"Lappis 25 anos","url":"https:\/\/lappis.org.br\/site\/","logo":{"@type":"ImageObject","inLanguage":"pt-BR","@id":"https:\/\/lappis.org.br\/site\/#\/schema\/logo\/image\/","url":"https:\/\/lappis.org.br\/site\/wp-content\/uploads\/2025\/03\/logo-lappis25anos.png","contentUrl":"https:\/\/lappis.org.br\/site\/wp-content\/uploads\/2025\/03\/logo-lappis25anos.png","width":388,"height":146,"caption":"Lappis 25 anos"},"image":{"@id":"https:\/\/lappis.org.br\/site\/#\/schema\/logo\/image\/"}},{"@type":"Person","@id":"https:\/\/lappis.org.br\/site\/#\/schema\/person\/3852381d08284b5e2716b20bd89bdbcf","name":"fw2","image":{"@type":"ImageObject","inLanguage":"pt-BR","@id":"https:\/\/lappis.org.br\/site\/#\/schema\/person\/image\/","url":"https:\/\/secure.gravatar.com\/avatar\/c38472c0cdbde82d9b6fcc26adb3779d?s=96&d=mm&r=g","contentUrl":"https:\/\/secure.gravatar.com\/avatar\/c38472c0cdbde82d9b6fcc26adb3779d?s=96&d=mm&r=g","caption":"fw2"},"url":"https:\/\/lappis.org.br\/site\/author\/fw2"}]}},"jetpack_featured_media_url":"https:\/\/lappis.org.br\/site\/wp-content\/uploads\/2016\/06\/ff10Seminario_coletivo_estudantesUERJ-editado.jpg","jetpack_shortlink":"https:\/\/wp.me\/p954Nh-1Bp","jetpack_sharing_enabled":true,"_links":{"self":[{"href":"https:\/\/lappis.org.br\/site\/wp-json\/wp\/v2\/posts\/6163"}],"collection":[{"href":"https:\/\/lappis.org.br\/site\/wp-json\/wp\/v2\/posts"}],"about":[{"href":"https:\/\/lappis.org.br\/site\/wp-json\/wp\/v2\/types\/post"}],"author":[{"embeddable":true,"href":"https:\/\/lappis.org.br\/site\/wp-json\/wp\/v2\/users\/1"}],"replies":[{"embeddable":true,"href":"https:\/\/lappis.org.br\/site\/wp-json\/wp\/v2\/comments?post=6163"}],"version-history":[{"count":20,"href":"https:\/\/lappis.org.br\/site\/wp-json\/wp\/v2\/posts\/6163\/revisions"}],"predecessor-version":[{"id":6670,"href":"https:\/\/lappis.org.br\/site\/wp-json\/wp\/v2\/posts\/6163\/revisions\/6670"}],"wp:featuredmedia":[{"embeddable":true,"href":"https:\/\/lappis.org.br\/site\/wp-json\/wp\/v2\/media\/6686"}],"wp:attachment":[{"href":"https:\/\/lappis.org.br\/site\/wp-json\/wp\/v2\/media?parent=6163"}],"wp:term":[{"taxonomy":"category","embeddable":true,"href":"https:\/\/lappis.org.br\/site\/wp-json\/wp\/v2\/categories?post=6163"},{"taxonomy":"post_tag","embeddable":true,"href":"https:\/\/lappis.org.br\/site\/wp-json\/wp\/v2\/tags?post=6163"}],"curies":[{"name":"wp","href":"https:\/\/api.w.org\/{rel}","templated":true}]}}