{"id":6128,"date":"2007-11-28T22:46:19","date_gmt":"2007-11-29T00:46:19","guid":{"rendered":"http:\/\/lappis.org.br\/site\/?p=6128"},"modified":"2018-06-26T02:49:35","modified_gmt":"2018-06-26T05:49:35","slug":"xii-seminario-nacional-do-projeto-integralidade-razoes-publicas-para-integralidade-em-saude-o-cuidado-como-valor","status":"publish","type":"post","link":"https:\/\/lappis.org.br\/site\/xii-seminario-nacional-do-projeto-integralidade-razoes-publicas-para-integralidade-em-saude-o-cuidado-como-valor\/6128","title":{"rendered":"VII Semin\u00e1rio Integralidade"},"content":{"rendered":"<ul class=\"nav nav-tabs nav-justified\">\n<li class=\" active\"><a href=\"#apresentacao\">Apresenta\u00e7\u00e3o<\/a><\/li>\n<li><a href=\"#programacao\">Programa\u00e7\u00e3o<\/a><\/li>\n<li><a href=\"#certificado\">Certificado<\/a><\/li>\n<\/ul>\n<h2>APRESENTA\u00c7\u00c3O<\/h2>\n<p>O eixo tem\u00e1tico do\u00a0<strong>VII Semin\u00e1rio Nacional do Projeto Integralidade: Saberes e Pr\u00e1ticas no Cotidiano<img fetchpriority=\"high\" decoding=\"async\" data-attachment-id=\"6136\" data-permalink=\"https:\/\/lappis.org.br\/site\/xii-seminario-nacional-do-projeto-integralidade-razoes-publicas-para-integralidade-em-saude-o-cuidado-como-valor\/6128\/imagem\" data-orig-file=\"https:\/\/lappis.org.br\/site\/wp-content\/uploads\/2018\/04\/imagem.jpg\" data-orig-size=\"206,277\" data-comments-opened=\"0\" data-image-meta=\"{&quot;aperture&quot;:&quot;0&quot;,&quot;credit&quot;:&quot;&quot;,&quot;camera&quot;:&quot;&quot;,&quot;caption&quot;:&quot;&quot;,&quot;created_timestamp&quot;:&quot;0&quot;,&quot;copyright&quot;:&quot;&quot;,&quot;focal_length&quot;:&quot;0&quot;,&quot;iso&quot;:&quot;0&quot;,&quot;shutter_speed&quot;:&quot;0&quot;,&quot;title&quot;:&quot;&quot;,&quot;orientation&quot;:&quot;0&quot;}\" data-image-title=\"imagem\" data-image-description=\"\" data-image-caption=\"\" data-medium-file=\"https:\/\/lappis.org.br\/site\/wp-content\/uploads\/2018\/04\/imagem.jpg\" data-large-file=\"https:\/\/lappis.org.br\/site\/wp-content\/uploads\/2018\/04\/imagem.jpg\" class=\"size-full wp-image-6136 alignright\" src=\"http:\/\/lappis.org.br\/site\/wp-content\/uploads\/2018\/04\/imagem.jpg\" alt=\"\" width=\"206\" height=\"277\" srcset=\"https:\/\/lappis.org.br\/site\/wp-content\/uploads\/2018\/04\/imagem.jpg 206w, https:\/\/lappis.org.br\/site\/wp-content\/uploads\/2018\/04\/imagem-186x250.jpg 186w, https:\/\/lappis.org.br\/site\/wp-content\/uploads\/2018\/04\/imagem-182x245.jpg 182w\" sizes=\"(max-width: 206px) 100vw, 206px\" \/> das Institui\u00e7\u00f5es de Sa\u00fade<\/strong>\u00a0discutiu o cuidado em sa\u00fade como um constructo de discursos e a\u00e7\u00f5es que exige o reconhecimento do\u00a0ethos\u00a0cultural de quem \u00e9 cuidado, mediante a revaloriza\u00e7\u00e3o do di\u00e1logo entre diversidade e pluralidade. Nesse sentido, problematizar o conhecimento em sa\u00fade, sobretudo no modo como trata a quest\u00e3o do valor dos valores da sa\u00fade na sociedade contempor\u00e2nea e as solu\u00e7\u00f5es de investiga\u00e7\u00f5es a ela destinadas torna-se tarefa constitutiva da compreens\u00e3o do cuidado como a principal raz\u00e3o p\u00fablica da integralidade em sa\u00fade.<\/p>\n<p>O projeto &#8216;Integralidade: Saberes e Pr\u00e1ticas no Cotidiano das Institui\u00e7\u00f5es de Sa\u00fade&#8217;, em sua segunda fase, constituiu o eixo anal\u00edtico, dial\u00f3gico e estruturante das atividades do LAPPIS (Laborat\u00f3rio de Pesquisa sobre Pr\u00e1ticas de Integralidade em Sa\u00fade) relacionadas a estudos sobre experi\u00eancias inovadoras que v\u00eam emergindo do processo de consolida\u00e7\u00e3o do SUS. Desde 2000, nossa aten\u00e7\u00e3o est\u00e1 voltada para a compreens\u00e3o de sentidos e significados atribu\u00eddos ao princ\u00edpio da integralidade e para a elabora\u00e7\u00e3o de ferramentas de an\u00e1lise de programas e servi\u00e7os centrados nessa diretriz. Em 2006 foi realizado o VI Semin\u00e1rio Nacional do Projeto Integralidade, com a participa\u00e7\u00e3o de profissionais, gestores, pesquisadores, docentes, representantes da sociedade civil organizada, estudantes de gradua\u00e7\u00e3o e p\u00f3s-gradua\u00e7\u00e3o. Em cada um dos eventos, foram apresentados trabalhos realizados pelos pesquisadores e colaboradores do projeto, reunidos na colet\u00e2nea\u00a0Gest\u00e3o em redes: pr\u00e1ticas de avalia\u00e7\u00e3o, promo\u00e7\u00e3o e participa\u00e7\u00e3o na sa\u00fade.<\/p>\n<p>A participa\u00e7\u00e3o de pesquisadores de diferentes \u00e1reas ligadas ao tema sa\u00fade, assim como o estabelecimento de parcerias institucionais intra e inter-UERJ voltadas para pesquisa e ensino t\u00eam contribu\u00eddo de maneira decisiva para o aprimoramento e desenvolvimento das atividades do programa LAPPIS. Neste semin\u00e1rio, o encontro auspicioso com diferentes pesquisadores buscou o di\u00e1logo entre concep\u00e7\u00f5es filos\u00f3ficas, pol\u00edticas, jur\u00eddicas, sociais e culturais, as quais sejam capazes de contribuir para proposi\u00e7\u00e3o de alternativas te\u00f3ricas e metodol\u00f3gicas levantadas por essas quest\u00f5es, afim de intensificar a interface entre sa\u00fade, educa\u00e7\u00e3o e cidadania na sa\u00fade.<\/p>\n<p><strong>Coordenadores:<\/strong> Roseni Pinheiro e Ruben Araujo de Mattos.<\/p>\n<h2>PROGRAMA\u00c7\u00c3O<\/h2>\n<p><strong>Data:<\/strong> 28 a 30 de novembro de 2007<br \/>\n<strong>Local:<\/strong>\u00a0Audit\u00f3rios 11 (1\u00ba andar) \u2013 Universidade do Estado do Rio de Janeiro \u2013 UERJ<\/p>\n<p>A programa\u00e7\u00e3o do evento ocorrido Programa\u00e7\u00e3o<\/p>\n<p><strong>28\/11 &#8211; 4\u00aa feira<br \/>\n<\/strong>Confer\u00eancia de abertura:\u00a0O Valor dos Valores na Sociedade Contempor\u00e2nea: a quest\u00e3o do cuidado<br \/>\nMadel Therezinha Luz (IMS-UERJ)<\/p>\n<p>Mesa-redonda:\u00a0Responsabilidade coletiva no cuidado: \u00e9 poss\u00edvel julgar a responsabilidade individual?<br \/>\nCoordena\u00e7\u00e3o:\u00a0Roseni Pinheiro (IMS-UERJ)<br \/>\nExpositores:\u00a0Beth\u00e2nia Assy (Fac. de Direito-UERJ); Humberto Jacques de Medeiros (Fac. de Direito-UNB); Cristiani Vieira (ENSP-Fiocruz);\u00a0Elma Zoboli (Escola de Enfermagem-USP)<\/p>\n<p><strong>29\/11 &#8211; 5\u00aa feira<br \/>\n<\/strong>Mesa-redonda:\u00a0Epistemologia da pr\u00e1tica: \u00e9 poss\u00edvel produzir uma pr\u00e1tica reflexiva do cuidado?<br \/>\nCoordenador:\u00a0Ruben Mattos (IMS-UERJ)<br \/>\nExpositores:\u00a0Jos\u00e9 Ricardo Ayres (Fac. de Medicina-USP); Kenneth Rochel de Camargo Junior (IMS-UERJ); Lilian Koifman (ISC-UFF);\u00a0Maria Elizabeth Barros de Barros (PPGPSI-UFES)Isabel Brasil (EPSJV-Fiocruz)<\/p>\n<p>Mesa-redonda:Cuidado como redes sociais: democracia, solidariedade e inclus\u00e3o s\u00e3o poss\u00edveis?<br \/>\nCoordena\u00e7\u00e3o:\u00a0Madel Therezinha Luz (IMS-UERJ)<br \/>\nExpositores:\u00a0Tatiana Gerhardt (Escola de Enfermagem-UFRGS);\u00a0Eleonora Menicucci (DMEDPREV-EPM-UNIFESP); Martha Cristina Nunes Moreira (IFF-Fiocruz); Alda Lacerda (EPSJV-Fiocruz)<br \/>\n<strong>30\/11 &#8211; 6\u00aa feira<br \/>\n<\/strong>Mesa-redonda:\u00a0Escuta como cuidado: \u00e9 poss\u00edvel ensinar?<br \/>\nCoordena\u00e7\u00e3o:\u00a0Regina Monteiro Henriques (Fac. de Enfermagem-UERJ)<br \/>\nExpositores:\u00a0Andr\u00e9a Caprara (CCS-UECE);\u00a0Ana Heckert (PPGPSI-UFES); L\u00e9lia Maria Madeira (EENF\/UFMG-HSF);\u00a0C\u00e9sar Favoreto (FCM-UERJ)<\/p>\n<p>Mesa-redonda:\u00a0O \u201cvalor\u201d da humaniza\u00e7\u00e3o no cuidado: \u00e9 poss\u00edvel avaliar?<br \/>\nCoordena\u00e7\u00e3o:\u00a0Roseni Pinheiro (IMS-UERJ)<br \/>\nExpositores:\u00a0Aluisio Gomes da Silva Jr (ISC-UFF); Paulo Henrique Martins(DCS-UFPE\/NUCEM);\u00a0Zulmira Hartz (ENSP-Fiocruz); Suely Ferreira Deslandes (IFF-Fiocruz)<\/p>\n<p><strong>Local:<\/strong>\u00a0Audit\u00f3rios 11 (1\u00ba andar) \u2013 Universidade do Estado do Rio de Janeiro \u2013 UERJ<\/p>\n<h3><\/h3>\n<h2>CERTIFICADO<\/h2>\n<p>Com o intuito de solucionar as d\u00favidas que chegaram ao nosso\u00a0<span id=\"cloakac4ee50399eabfddc06b432a4c3a9002\"><a href=\"mailto:lappisintegralidadeesaude@gmail.com\">canal de contato<\/a><\/span>, informamos que os certificados referentes ao VII Semin\u00e1rio do Projeto Integralidade ser\u00e3o emitidos mediante a lista de presen\u00e7a e enviados posteriormente\u00a0pelo e-mail do ouvinte\/participante.<\/p>\n<h2><\/h2>\n","protected":false},"excerpt":{"rendered":"<div class=\"mh-excerpt\"><p>APRESENTA\u00c7\u00c3O O eixo tem\u00e1tico do\u00a0VII Semin\u00e1rio Nacional do Projeto Integralidade: Saberes e Pr\u00e1ticas no Cotidiano das Institui\u00e7\u00f5es de Sa\u00fade\u00a0discutiu o cuidado em sa\u00fade como um constructo de discursos e a\u00e7\u00f5es que exige o reconhecimento do\u00a0ethos\u00a0cultural <a class=\"mh-excerpt-more\" href=\"https:\/\/lappis.org.br\/site\/xii-seminario-nacional-do-projeto-integralidade-razoes-publicas-para-integralidade-em-saude-o-cuidado-como-valor\/6128\" title=\"VII Semin\u00e1rio Integralidade\">[&#8230;]<\/a><\/p>\n<\/div>","protected":false},"author":4,"featured_media":7185,"comment_status":"closed","ping_status":"open","sticky":false,"template":"","format":"standard","meta":{"_acf_changed":false,"_exactmetrics_skip_tracking":false,"_exactmetrics_sitenote_active":false,"_exactmetrics_sitenote_note":"","_exactmetrics_sitenote_category":0,"jetpack_post_was_ever_published":false,"_jetpack_newsletter_access":"","_jetpack_dont_email_post_to_subs":false,"_jetpack_newsletter_tier_id":0,"_jetpack_memberships_contains_paywalled_content":false,"_jetpack_memberships_contains_paid_content":false,"footnotes":"","jetpack_publicize_message":"","jetpack_publicize_feature_enabled":true,"jetpack_social_post_already_shared":true,"jetpack_social_options":{"image_generator_settings":{"template":"highway","enabled":false},"version":2}},"categories":[739],"tags":[157,110],"class_list":{"0":"post-6128","1":"post","2":"type-post","3":"status-publish","4":"format-standard","5":"has-post-thumbnail","7":"category-seminarios-e-eventos","8":"tag-xii-seminario-2","9":"tag-seminario"},"jetpack_publicize_connections":[],"acf":[],"yoast_head":"<!-- This site is optimized with the Yoast SEO plugin v25.2 - https:\/\/yoast.com\/wordpress\/plugins\/seo\/ -->\n<title>VII Semin\u00e1rio Integralidade - Lappis 25 anos<\/title>\n<meta name=\"robots\" content=\"index, follow, max-snippet:-1, max-image-preview:large, max-video-preview:-1\" \/>\n<link rel=\"canonical\" href=\"https:\/\/lappis.org.br\/site\/xii-seminario-nacional-do-projeto-integralidade-razoes-publicas-para-integralidade-em-saude-o-cuidado-como-valor\/6128\" \/>\n<meta property=\"og:locale\" content=\"pt_BR\" \/>\n<meta property=\"og:type\" content=\"article\" \/>\n<meta property=\"og:title\" content=\"VII Semin\u00e1rio Integralidade - Lappis 25 anos\" \/>\n<meta property=\"og:description\" content=\"APRESENTA\u00c7\u00c3O O eixo tem\u00e1tico do\u00a0VII Semin\u00e1rio Nacional do Projeto Integralidade: Saberes e Pr\u00e1ticas no Cotidiano das Institui\u00e7\u00f5es de Sa\u00fade\u00a0discutiu o cuidado em sa\u00fade como um constructo de discursos e a\u00e7\u00f5es que exige o reconhecimento do\u00a0ethos\u00a0cultural [...]\" \/>\n<meta property=\"og:url\" content=\"https:\/\/lappis.org.br\/site\/xii-seminario-nacional-do-projeto-integralidade-razoes-publicas-para-integralidade-em-saude-o-cuidado-como-valor\/6128\" \/>\n<meta property=\"og:site_name\" content=\"Lappis 25 anos\" \/>\n<meta property=\"article:published_time\" content=\"2007-11-29T00:46:19+00:00\" \/>\n<meta property=\"article:modified_time\" content=\"2018-06-26T05:49:35+00:00\" \/>\n<meta property=\"og:image\" content=\"https:\/\/lappis.org.br\/site\/wp-content\/uploads\/2007\/11\/Digitaliza\u00e7\u00e3o-30-de-mai-de-2018-17_08-1-e1529521833804.jpg\" \/>\n\t<meta property=\"og:image:width\" content=\"2314\" \/>\n\t<meta property=\"og:image:height\" content=\"1655\" \/>\n\t<meta property=\"og:image:type\" content=\"image\/jpeg\" \/>\n<meta name=\"author\" content=\"stefany\" \/>\n<meta name=\"twitter:card\" content=\"summary_large_image\" \/>\n<meta name=\"twitter:label1\" content=\"Escrito por\" \/>\n\t<meta name=\"twitter:data1\" content=\"stefany\" \/>\n\t<meta name=\"twitter:label2\" content=\"Est. tempo de leitura\" \/>\n\t<meta name=\"twitter:data2\" content=\"4 minutos\" \/>\n<script type=\"application\/ld+json\" class=\"yoast-schema-graph\">{\"@context\":\"https:\/\/schema.org\",\"@graph\":[{\"@type\":\"Article\",\"@id\":\"https:\/\/lappis.org.br\/site\/xii-seminario-nacional-do-projeto-integralidade-razoes-publicas-para-integralidade-em-saude-o-cuidado-como-valor\/6128#article\",\"isPartOf\":{\"@id\":\"https:\/\/lappis.org.br\/site\/xii-seminario-nacional-do-projeto-integralidade-razoes-publicas-para-integralidade-em-saude-o-cuidado-como-valor\/6128\"},\"author\":{\"name\":\"stefany\",\"@id\":\"https:\/\/lappis.org.br\/site\/#\/schema\/person\/c5ae1a9a383eda57f5172f5c706a0414\"},\"headline\":\"VII Semin\u00e1rio Integralidade\",\"datePublished\":\"2007-11-29T00:46:19+00:00\",\"dateModified\":\"2018-06-26T05:49:35+00:00\",\"mainEntityOfPage\":{\"@id\":\"https:\/\/lappis.org.br\/site\/xii-seminario-nacional-do-projeto-integralidade-razoes-publicas-para-integralidade-em-saude-o-cuidado-como-valor\/6128\"},\"wordCount\":728,\"publisher\":{\"@id\":\"https:\/\/lappis.org.br\/site\/#organization\"},\"image\":{\"@id\":\"https:\/\/lappis.org.br\/site\/xii-seminario-nacional-do-projeto-integralidade-razoes-publicas-para-integralidade-em-saude-o-cuidado-como-valor\/6128#primaryimage\"},\"thumbnailUrl\":\"https:\/\/lappis.org.br\/site\/wp-content\/uploads\/2007\/11\/Digitaliza\u00e7\u00e3o-30-de-mai-de-2018-17_08-1-e1529521833804.jpg\",\"keywords\":[\"'XII Semin\u00e1rio'\",\"Semin\u00e1rio\"],\"articleSection\":[\"Semin\u00e1rios e Eventos\"],\"inLanguage\":\"pt-BR\"},{\"@type\":\"WebPage\",\"@id\":\"https:\/\/lappis.org.br\/site\/xii-seminario-nacional-do-projeto-integralidade-razoes-publicas-para-integralidade-em-saude-o-cuidado-como-valor\/6128\",\"url\":\"https:\/\/lappis.org.br\/site\/xii-seminario-nacional-do-projeto-integralidade-razoes-publicas-para-integralidade-em-saude-o-cuidado-como-valor\/6128\",\"name\":\"VII Semin\u00e1rio Integralidade - Lappis 25 anos\",\"isPartOf\":{\"@id\":\"https:\/\/lappis.org.br\/site\/#website\"},\"primaryImageOfPage\":{\"@id\":\"https:\/\/lappis.org.br\/site\/xii-seminario-nacional-do-projeto-integralidade-razoes-publicas-para-integralidade-em-saude-o-cuidado-como-valor\/6128#primaryimage\"},\"image\":{\"@id\":\"https:\/\/lappis.org.br\/site\/xii-seminario-nacional-do-projeto-integralidade-razoes-publicas-para-integralidade-em-saude-o-cuidado-como-valor\/6128#primaryimage\"},\"thumbnailUrl\":\"https:\/\/lappis.org.br\/site\/wp-content\/uploads\/2007\/11\/Digitaliza\u00e7\u00e3o-30-de-mai-de-2018-17_08-1-e1529521833804.jpg\",\"datePublished\":\"2007-11-29T00:46:19+00:00\",\"dateModified\":\"2018-06-26T05:49:35+00:00\",\"breadcrumb\":{\"@id\":\"https:\/\/lappis.org.br\/site\/xii-seminario-nacional-do-projeto-integralidade-razoes-publicas-para-integralidade-em-saude-o-cuidado-como-valor\/6128#breadcrumb\"},\"inLanguage\":\"pt-BR\",\"potentialAction\":[{\"@type\":\"ReadAction\",\"target\":[\"https:\/\/lappis.org.br\/site\/xii-seminario-nacional-do-projeto-integralidade-razoes-publicas-para-integralidade-em-saude-o-cuidado-como-valor\/6128\"]}]},{\"@type\":\"ImageObject\",\"inLanguage\":\"pt-BR\",\"@id\":\"https:\/\/lappis.org.br\/site\/xii-seminario-nacional-do-projeto-integralidade-razoes-publicas-para-integralidade-em-saude-o-cuidado-como-valor\/6128#primaryimage\",\"url\":\"https:\/\/lappis.org.br\/site\/wp-content\/uploads\/2007\/11\/Digitaliza\u00e7\u00e3o-30-de-mai-de-2018-17_08-1-e1529521833804.jpg\",\"contentUrl\":\"https:\/\/lappis.org.br\/site\/wp-content\/uploads\/2007\/11\/Digitaliza\u00e7\u00e3o-30-de-mai-de-2018-17_08-1-e1529521833804.jpg\",\"width\":2314,\"height\":1655},{\"@type\":\"BreadcrumbList\",\"@id\":\"https:\/\/lappis.org.br\/site\/xii-seminario-nacional-do-projeto-integralidade-razoes-publicas-para-integralidade-em-saude-o-cuidado-como-valor\/6128#breadcrumb\",\"itemListElement\":[{\"@type\":\"ListItem\",\"position\":1,\"name\":\"In\u00edcio\",\"item\":\"https:\/\/lappis.org.br\/site\/\"},{\"@type\":\"ListItem\",\"position\":2,\"name\":\"VII Semin\u00e1rio Integralidade\"}]},{\"@type\":\"WebSite\",\"@id\":\"https:\/\/lappis.org.br\/site\/#website\",\"url\":\"https:\/\/lappis.org.br\/site\/\",\"name\":\"Lappis 25 anos\",\"description\":\"Labotat\u00f3rio de Pesquisas sobre Pr\u00e1ticas de Integralidade em Sa\u00fade\",\"publisher\":{\"@id\":\"https:\/\/lappis.org.br\/site\/#organization\"},\"potentialAction\":[{\"@type\":\"SearchAction\",\"target\":{\"@type\":\"EntryPoint\",\"urlTemplate\":\"https:\/\/lappis.org.br\/site\/?s={search_term_string}\"},\"query-input\":{\"@type\":\"PropertyValueSpecification\",\"valueRequired\":true,\"valueName\":\"search_term_string\"}}],\"inLanguage\":\"pt-BR\"},{\"@type\":\"Organization\",\"@id\":\"https:\/\/lappis.org.br\/site\/#organization\",\"name\":\"Lappis 25 anos\",\"url\":\"https:\/\/lappis.org.br\/site\/\",\"logo\":{\"@type\":\"ImageObject\",\"inLanguage\":\"pt-BR\",\"@id\":\"https:\/\/lappis.org.br\/site\/#\/schema\/logo\/image\/\",\"url\":\"https:\/\/lappis.org.br\/site\/wp-content\/uploads\/2025\/03\/logo-lappis25anos.png\",\"contentUrl\":\"https:\/\/lappis.org.br\/site\/wp-content\/uploads\/2025\/03\/logo-lappis25anos.png\",\"width\":388,\"height\":146,\"caption\":\"Lappis 25 anos\"},\"image\":{\"@id\":\"https:\/\/lappis.org.br\/site\/#\/schema\/logo\/image\/\"}},{\"@type\":\"Person\",\"@id\":\"https:\/\/lappis.org.br\/site\/#\/schema\/person\/c5ae1a9a383eda57f5172f5c706a0414\",\"name\":\"stefany\",\"image\":{\"@type\":\"ImageObject\",\"inLanguage\":\"pt-BR\",\"@id\":\"https:\/\/lappis.org.br\/site\/#\/schema\/person\/image\/\",\"url\":\"https:\/\/secure.gravatar.com\/avatar\/a7553e82b188bf17bb54b918d68d7841?s=96&d=mm&r=g\",\"contentUrl\":\"https:\/\/secure.gravatar.com\/avatar\/a7553e82b188bf17bb54b918d68d7841?s=96&d=mm&r=g\",\"caption\":\"stefany\"},\"url\":\"https:\/\/lappis.org.br\/site\/author\/stefany\"}]}<\/script>\n<!-- \/ Yoast SEO plugin. -->","yoast_head_json":{"title":"VII Semin\u00e1rio Integralidade - Lappis 25 anos","robots":{"index":"index","follow":"follow","max-snippet":"max-snippet:-1","max-image-preview":"max-image-preview:large","max-video-preview":"max-video-preview:-1"},"canonical":"https:\/\/lappis.org.br\/site\/xii-seminario-nacional-do-projeto-integralidade-razoes-publicas-para-integralidade-em-saude-o-cuidado-como-valor\/6128","og_locale":"pt_BR","og_type":"article","og_title":"VII Semin\u00e1rio Integralidade - Lappis 25 anos","og_description":"APRESENTA\u00c7\u00c3O O eixo tem\u00e1tico do\u00a0VII Semin\u00e1rio Nacional do Projeto Integralidade: Saberes e Pr\u00e1ticas no Cotidiano das Institui\u00e7\u00f5es de Sa\u00fade\u00a0discutiu o cuidado em sa\u00fade como um constructo de discursos e a\u00e7\u00f5es que exige o reconhecimento do\u00a0ethos\u00a0cultural [...]","og_url":"https:\/\/lappis.org.br\/site\/xii-seminario-nacional-do-projeto-integralidade-razoes-publicas-para-integralidade-em-saude-o-cuidado-como-valor\/6128","og_site_name":"Lappis 25 anos","article_published_time":"2007-11-29T00:46:19+00:00","article_modified_time":"2018-06-26T05:49:35+00:00","og_image":[{"width":2314,"height":1655,"url":"https:\/\/lappis.org.br\/site\/wp-content\/uploads\/2007\/11\/Digitaliza\u00e7\u00e3o-30-de-mai-de-2018-17_08-1-e1529521833804.jpg","type":"image\/jpeg"}],"author":"stefany","twitter_card":"summary_large_image","twitter_misc":{"Escrito por":"stefany","Est. tempo de leitura":"4 minutos"},"schema":{"@context":"https:\/\/schema.org","@graph":[{"@type":"Article","@id":"https:\/\/lappis.org.br\/site\/xii-seminario-nacional-do-projeto-integralidade-razoes-publicas-para-integralidade-em-saude-o-cuidado-como-valor\/6128#article","isPartOf":{"@id":"https:\/\/lappis.org.br\/site\/xii-seminario-nacional-do-projeto-integralidade-razoes-publicas-para-integralidade-em-saude-o-cuidado-como-valor\/6128"},"author":{"name":"stefany","@id":"https:\/\/lappis.org.br\/site\/#\/schema\/person\/c5ae1a9a383eda57f5172f5c706a0414"},"headline":"VII Semin\u00e1rio Integralidade","datePublished":"2007-11-29T00:46:19+00:00","dateModified":"2018-06-26T05:49:35+00:00","mainEntityOfPage":{"@id":"https:\/\/lappis.org.br\/site\/xii-seminario-nacional-do-projeto-integralidade-razoes-publicas-para-integralidade-em-saude-o-cuidado-como-valor\/6128"},"wordCount":728,"publisher":{"@id":"https:\/\/lappis.org.br\/site\/#organization"},"image":{"@id":"https:\/\/lappis.org.br\/site\/xii-seminario-nacional-do-projeto-integralidade-razoes-publicas-para-integralidade-em-saude-o-cuidado-como-valor\/6128#primaryimage"},"thumbnailUrl":"https:\/\/lappis.org.br\/site\/wp-content\/uploads\/2007\/11\/Digitaliza\u00e7\u00e3o-30-de-mai-de-2018-17_08-1-e1529521833804.jpg","keywords":["'XII Semin\u00e1rio'","Semin\u00e1rio"],"articleSection":["Semin\u00e1rios e Eventos"],"inLanguage":"pt-BR"},{"@type":"WebPage","@id":"https:\/\/lappis.org.br\/site\/xii-seminario-nacional-do-projeto-integralidade-razoes-publicas-para-integralidade-em-saude-o-cuidado-como-valor\/6128","url":"https:\/\/lappis.org.br\/site\/xii-seminario-nacional-do-projeto-integralidade-razoes-publicas-para-integralidade-em-saude-o-cuidado-como-valor\/6128","name":"VII Semin\u00e1rio Integralidade - Lappis 25 anos","isPartOf":{"@id":"https:\/\/lappis.org.br\/site\/#website"},"primaryImageOfPage":{"@id":"https:\/\/lappis.org.br\/site\/xii-seminario-nacional-do-projeto-integralidade-razoes-publicas-para-integralidade-em-saude-o-cuidado-como-valor\/6128#primaryimage"},"image":{"@id":"https:\/\/lappis.org.br\/site\/xii-seminario-nacional-do-projeto-integralidade-razoes-publicas-para-integralidade-em-saude-o-cuidado-como-valor\/6128#primaryimage"},"thumbnailUrl":"https:\/\/lappis.org.br\/site\/wp-content\/uploads\/2007\/11\/Digitaliza\u00e7\u00e3o-30-de-mai-de-2018-17_08-1-e1529521833804.jpg","datePublished":"2007-11-29T00:46:19+00:00","dateModified":"2018-06-26T05:49:35+00:00","breadcrumb":{"@id":"https:\/\/lappis.org.br\/site\/xii-seminario-nacional-do-projeto-integralidade-razoes-publicas-para-integralidade-em-saude-o-cuidado-como-valor\/6128#breadcrumb"},"inLanguage":"pt-BR","potentialAction":[{"@type":"ReadAction","target":["https:\/\/lappis.org.br\/site\/xii-seminario-nacional-do-projeto-integralidade-razoes-publicas-para-integralidade-em-saude-o-cuidado-como-valor\/6128"]}]},{"@type":"ImageObject","inLanguage":"pt-BR","@id":"https:\/\/lappis.org.br\/site\/xii-seminario-nacional-do-projeto-integralidade-razoes-publicas-para-integralidade-em-saude-o-cuidado-como-valor\/6128#primaryimage","url":"https:\/\/lappis.org.br\/site\/wp-content\/uploads\/2007\/11\/Digitaliza\u00e7\u00e3o-30-de-mai-de-2018-17_08-1-e1529521833804.jpg","contentUrl":"https:\/\/lappis.org.br\/site\/wp-content\/uploads\/2007\/11\/Digitaliza\u00e7\u00e3o-30-de-mai-de-2018-17_08-1-e1529521833804.jpg","width":2314,"height":1655},{"@type":"BreadcrumbList","@id":"https:\/\/lappis.org.br\/site\/xii-seminario-nacional-do-projeto-integralidade-razoes-publicas-para-integralidade-em-saude-o-cuidado-como-valor\/6128#breadcrumb","itemListElement":[{"@type":"ListItem","position":1,"name":"In\u00edcio","item":"https:\/\/lappis.org.br\/site\/"},{"@type":"ListItem","position":2,"name":"VII Semin\u00e1rio Integralidade"}]},{"@type":"WebSite","@id":"https:\/\/lappis.org.br\/site\/#website","url":"https:\/\/lappis.org.br\/site\/","name":"Lappis 25 anos","description":"Labotat\u00f3rio de Pesquisas sobre Pr\u00e1ticas de Integralidade em Sa\u00fade","publisher":{"@id":"https:\/\/lappis.org.br\/site\/#organization"},"potentialAction":[{"@type":"SearchAction","target":{"@type":"EntryPoint","urlTemplate":"https:\/\/lappis.org.br\/site\/?s={search_term_string}"},"query-input":{"@type":"PropertyValueSpecification","valueRequired":true,"valueName":"search_term_string"}}],"inLanguage":"pt-BR"},{"@type":"Organization","@id":"https:\/\/lappis.org.br\/site\/#organization","name":"Lappis 25 anos","url":"https:\/\/lappis.org.br\/site\/","logo":{"@type":"ImageObject","inLanguage":"pt-BR","@id":"https:\/\/lappis.org.br\/site\/#\/schema\/logo\/image\/","url":"https:\/\/lappis.org.br\/site\/wp-content\/uploads\/2025\/03\/logo-lappis25anos.png","contentUrl":"https:\/\/lappis.org.br\/site\/wp-content\/uploads\/2025\/03\/logo-lappis25anos.png","width":388,"height":146,"caption":"Lappis 25 anos"},"image":{"@id":"https:\/\/lappis.org.br\/site\/#\/schema\/logo\/image\/"}},{"@type":"Person","@id":"https:\/\/lappis.org.br\/site\/#\/schema\/person\/c5ae1a9a383eda57f5172f5c706a0414","name":"stefany","image":{"@type":"ImageObject","inLanguage":"pt-BR","@id":"https:\/\/lappis.org.br\/site\/#\/schema\/person\/image\/","url":"https:\/\/secure.gravatar.com\/avatar\/a7553e82b188bf17bb54b918d68d7841?s=96&d=mm&r=g","contentUrl":"https:\/\/secure.gravatar.com\/avatar\/a7553e82b188bf17bb54b918d68d7841?s=96&d=mm&r=g","caption":"stefany"},"url":"https:\/\/lappis.org.br\/site\/author\/stefany"}]}},"jetpack_featured_media_url":"https:\/\/lappis.org.br\/site\/wp-content\/uploads\/2007\/11\/Digitaliza\u00e7\u00e3o-30-de-mai-de-2018-17_08-1-e1529521833804.jpg","jetpack_shortlink":"https:\/\/wp.me\/p954Nh-1AQ","jetpack_sharing_enabled":true,"_links":{"self":[{"href":"https:\/\/lappis.org.br\/site\/wp-json\/wp\/v2\/posts\/6128"}],"collection":[{"href":"https:\/\/lappis.org.br\/site\/wp-json\/wp\/v2\/posts"}],"about":[{"href":"https:\/\/lappis.org.br\/site\/wp-json\/wp\/v2\/types\/post"}],"author":[{"embeddable":true,"href":"https:\/\/lappis.org.br\/site\/wp-json\/wp\/v2\/users\/4"}],"replies":[{"embeddable":true,"href":"https:\/\/lappis.org.br\/site\/wp-json\/wp\/v2\/comments?post=6128"}],"version-history":[{"count":9,"href":"https:\/\/lappis.org.br\/site\/wp-json\/wp\/v2\/posts\/6128\/revisions"}],"predecessor-version":[{"id":6143,"href":"https:\/\/lappis.org.br\/site\/wp-json\/wp\/v2\/posts\/6128\/revisions\/6143"}],"wp:featuredmedia":[{"embeddable":true,"href":"https:\/\/lappis.org.br\/site\/wp-json\/wp\/v2\/media\/7185"}],"wp:attachment":[{"href":"https:\/\/lappis.org.br\/site\/wp-json\/wp\/v2\/media?parent=6128"}],"wp:term":[{"taxonomy":"category","embeddable":true,"href":"https:\/\/lappis.org.br\/site\/wp-json\/wp\/v2\/categories?post=6128"},{"taxonomy":"post_tag","embeddable":true,"href":"https:\/\/lappis.org.br\/site\/wp-json\/wp\/v2\/tags?post=6128"}],"curies":[{"name":"wp","href":"https:\/\/api.w.org\/{rel}","templated":true}]}}