{"id":5525,"date":"2018-01-16T22:25:54","date_gmt":"2018-01-17T00:25:54","guid":{"rendered":"http:\/\/lappis.org.br\/site\/?p=5525"},"modified":"2018-02-08T11:35:11","modified_gmt":"2018-02-08T13:35:11","slug":"integralidade-e-saude-suplementar-formacao-e-praticas-avaliativas","status":"publish","type":"post","link":"https:\/\/lappis.org.br\/site\/integralidade-e-saude-suplementar-formacao-e-praticas-avaliativas\/5525","title":{"rendered":"Integralidade e Sa\u00fade Suplementar: forma\u00e7\u00e3o e pr\u00e1ticas avaliativas"},"content":{"rendered":"<h3>ORGANIZADORES<\/h3>\n<p>Roseni Pinheiro; Aluisio Gomes da Silva Junior e Ruben Araujo de Mattos<\/p>\n<p>Refer\u00eancia:<br \/>\nIntegralidade e sa\u00fade suplementar: forma\u00e7\u00e3o e pr\u00e1ticas avaliativas \/ Organizadores: Roseni Pinheiro, Aluisio Gomes da Silva Junior, Ruben Ara\u00fajo de Mattos. \u2013 Rio de Janeiro: IMS\/UERJ: CEPESC: ABRASCO, 2007. 254p. &#8211; ISBN: 978-85-89737-39-5<\/p>\n<h3>SUM\u00c1RIO<\/h3>\n<ul>\n<li><a href=\"http:\/\/lappis.org.br\/site\/wp-content\/uploads\/2018\/01\/INTEGRALIDADE-E-SA\u00daDE-SUPLEMENTAR-APRESENTA\u00c7\u00c3O.pdf\" target=\"_blank\" rel=\"noopener\">Apresenta\u00e7\u00e3o<\/a><\/li>\n<\/ul>\n<p><!-- Incluir um link para downloads da apresenta\u00e7\u00e3o, PDF intitulado - INTEGRALIDADE E SA\u00daDE SUPLEMENTAR - APRESENTA\u00c7\u00c3O --><\/p>\n<p>Roseni Pinheiro, Aluisio Gomes da Silva Junior e Ruben Araujo de Mattos<\/p>\n<h4>PARTE I &#8211; INTEGRALIDADE E SA\u00daDE SUPLEMENTAR: A PESQUISA<\/h4>\n<p>1.1. Marco te\u00f3rico-conceitual<br \/>\nRoseni Pinheiro e Aluisio Gomes da Silva Junior<\/p>\n<p>1.2. Operacionalizando a pesquisa<br \/>\nRoseni Pinheiro e Aluisio Gomes da Silva Junior<\/p>\n<h4>PARTE II &#8211; DIMENS\u00d5ES ANAL\u00cdTICAS<\/h4>\n<p>Dimens\u00e3o dos modelos tecnoassistenciais<\/p>\n<p>2.1. As linhas do cuidado como analisadoras da integralidade na Sa\u00fade Suplementar<br \/>\nT\u00falio Batista Franco, Armando Cypriano Pires, Gilson Saippa Oliveira e Lilian Koifman<\/p>\n<p>Dimens\u00e3o dos conhecimentos e pr\u00e1ticas dos trabalhadores<\/p>\n<p>2.2. Preven\u00e7\u00e3o e promo\u00e7\u00e3o como dispositivos para a constru\u00e7\u00e3o de novos modos de produ\u00e7\u00e3o do cuidado integral no campo da Sa\u00fade Suplementar<br \/>\nT\u00falio Batista Franco, Armando Cypriano Pires, Gilson Saippa Oliveira e Lilian KoifmanDimens\u00e3o do direito \u00e0 sa\u00fade, demandas e sa\u00fade suplementar<\/p>\n<p>2.3. Aspectos do direito \u00e0 sa\u00fade na Sa\u00fade Suplementar a partir das rela\u00e7\u00f5es entre campo jur\u00eddico e campo jornal\u00edstico<br \/>\nM\u00f4nica Carvalho, Roseni Pinheiro, Alexandre Miguel Fran\u00e7a e Felipe Dutra Asensi<\/p>\n<p>2.4. Sa\u00fade suplementar: integralidade, contrato e mercantiliza\u00e7\u00e3o do direito \u00e0 sa\u00fade<br \/>\nAlexandre Miguel Fran\u00e7a, Roseni Pinheiro e Felipe Dutra Asensi<\/p>\n<p>2.5. Minist\u00e9rio P\u00fablico e Poder Judici\u00e1rio: limites e possibilidades para assegurar \u201cdemandas coletivas\u201d no campo da sa\u00fade<br \/>\nFelipe Dutra Asensi, Alexandre Miguel Fran\u00e7a e Roseni Pinheiro<\/p>\n<h4>PARTE III &#8211;\u00a0 BIBLIOGRAFIA COMENTADA<\/h4>\n<p>Gilson Saippa de Oliveira, Armando Cypriano Pires, Lilian Koifman e T\u00falio Batista Franco (Coordenadores)<\/p>\n<p>Anexos<\/p>\n<p>Sobre os autores<\/p>\n<h3>FICHA T\u00c9CNICA<\/h3>\n<p>Integralidade e Sa\u00fade Suplementar: forma\u00e7\u00e3o e pr\u00e1ticas avaliativas<br \/>\nRoseni Pinheiro, Aluisio Gomes da Silva Junior e Ruben Araujo de Mattos (Orgs.)<\/p>\n<p>1\u00aa edi\u00e7\u00e3o \/ setembro 2007<br \/>\nCopyright \u00a9 2007 dos organizadores<br \/>\nTodos os direitos desta edi\u00e7\u00e3o reservados aos organizadores<\/p>\n<p><strong>Capa<\/strong><br \/>\nMauro Corr\u00eaa Filho<\/p>\n<p><strong>Revis\u00e3o e prepara\u00e7\u00e3o de originais<\/strong><br \/>\nAna Silvia Gesteira<\/p>\n<p><strong>Editora\u00e7\u00e3o eletr\u00f4nica<\/strong><br \/>\nMauro Corr\u00eaa Filho<\/p>\n<p><strong>Supervis\u00e3o editorial<\/strong><br \/>\nAna Silvia Gesteira<\/p>\n<p>Esta publica\u00e7\u00e3o contou com apoio de CEPESC-IMS\/UERJ, que tem resultados de pesquisas realizadas com financiamento de OPAS e ANS. O CEPESC \u00e9 s\u00f3cio efetivo ao Sindicato Nacional dos Editores de Livros (SNEL) Agradecemos \u00e0 V\u00eddeo Global, pelo fornecimento dos v\u00eddeos para realiza\u00e7\u00e3o do estudo de recep\u00e7\u00e3o.<\/p>\n<p>Indexa\u00e7\u00e3o na base de dados LILACS<\/p>\n<p style=\"text-align: left;\" align=\"center\">Ficha catalogr\u00e1fica elaborada por UERJ\/REDE SIRIUS\/CBC<br \/>\nCATALOGA\u00c7\u00c3O NA FONTE<br \/>\nUERJ \/ REDE SIRIUS \/ CB-C<\/p>\n","protected":false},"excerpt":{"rendered":"<div class=\"mh-excerpt\"><p>ORGANIZADORES Roseni Pinheiro; Aluisio Gomes da Silva Junior e Ruben Araujo de Mattos Refer\u00eancia: Integralidade e sa\u00fade suplementar: forma\u00e7\u00e3o e pr\u00e1ticas avaliativas \/ Organizadores: Roseni Pinheiro, Aluisio Gomes da Silva Junior, Ruben Ara\u00fajo de Mattos. <a class=\"mh-excerpt-more\" href=\"https:\/\/lappis.org.br\/site\/integralidade-e-saude-suplementar-formacao-e-praticas-avaliativas\/5525\" title=\"Integralidade e Sa\u00fade Suplementar: forma\u00e7\u00e3o e pr\u00e1ticas avaliativas\">[&#8230;]<\/a><\/p>\n<\/div>","protected":false},"author":4,"featured_media":5526,"comment_status":"closed","ping_status":"open","sticky":false,"template":"","format":"standard","meta":{"_acf_changed":false,"_exactmetrics_skip_tracking":false,"_exactmetrics_sitenote_active":false,"_exactmetrics_sitenote_note":"","_exactmetrics_sitenote_category":0,"jetpack_post_was_ever_published":false,"_jetpack_newsletter_access":"","_jetpack_dont_email_post_to_subs":false,"_jetpack_newsletter_tier_id":0,"_jetpack_memberships_contains_paywalled_content":false,"_jetpack_memberships_contains_paid_content":false,"footnotes":"","jetpack_publicize_message":"","jetpack_publicize_feature_enabled":true,"jetpack_social_post_already_shared":true,"jetpack_social_options":{"image_generator_settings":{"template":"highway","enabled":false},"version":2}},"categories":[676],"tags":[104,118,139],"class_list":{"0":"post-5525","1":"post","2":"type-post","3":"status-publish","4":"format-standard","5":"has-post-thumbnail","7":"category-publicacoes","8":"tag-lappis","9":"tag-livro","10":"tag-publicacao"},"jetpack_publicize_connections":[],"acf":[],"yoast_head":"<!-- This site is optimized with the Yoast SEO plugin v25.2 - https:\/\/yoast.com\/wordpress\/plugins\/seo\/ -->\n<title>Integralidade e Sa\u00fade Suplementar: forma\u00e7\u00e3o e pr\u00e1ticas avaliativas - Lappis 25 anos<\/title>\n<meta name=\"robots\" content=\"index, follow, max-snippet:-1, max-image-preview:large, max-video-preview:-1\" \/>\n<link rel=\"canonical\" href=\"https:\/\/lappis.org.br\/site\/integralidade-e-saude-suplementar-formacao-e-praticas-avaliativas\/5525\" \/>\n<meta property=\"og:locale\" content=\"pt_BR\" \/>\n<meta property=\"og:type\" content=\"article\" \/>\n<meta property=\"og:title\" content=\"Integralidade e Sa\u00fade Suplementar: forma\u00e7\u00e3o e pr\u00e1ticas avaliativas - Lappis 25 anos\" \/>\n<meta property=\"og:description\" content=\"ORGANIZADORES Roseni Pinheiro; Aluisio Gomes da Silva Junior e Ruben Araujo de Mattos Refer\u00eancia: Integralidade e sa\u00fade suplementar: forma\u00e7\u00e3o e pr\u00e1ticas avaliativas \/ Organizadores: Roseni Pinheiro, Aluisio Gomes da Silva Junior, Ruben Ara\u00fajo de Mattos. [...]\" \/>\n<meta property=\"og:url\" content=\"https:\/\/lappis.org.br\/site\/integralidade-e-saude-suplementar-formacao-e-praticas-avaliativas\/5525\" \/>\n<meta property=\"og:site_name\" content=\"Lappis 25 anos\" \/>\n<meta property=\"article:published_time\" content=\"2018-01-17T00:25:54+00:00\" \/>\n<meta property=\"article:modified_time\" content=\"2018-02-08T13:35:11+00:00\" \/>\n<meta property=\"og:image\" content=\"https:\/\/lappis.org.br\/site\/wp-content\/uploads\/2018\/01\/INTEGRALIDADE-E-SA\u00daDE-SUPLEMENTAR-FORMA\u00c7\u00c3O-E-PR\u00c1TICAS-AVALIATIVAS.jpg\" \/>\n\t<meta property=\"og:image:width\" content=\"1649\" \/>\n\t<meta property=\"og:image:height\" content=\"2480\" \/>\n\t<meta property=\"og:image:type\" content=\"image\/jpeg\" \/>\n<meta name=\"author\" content=\"stefany\" \/>\n<meta name=\"twitter:card\" content=\"summary_large_image\" \/>\n<meta name=\"twitter:label1\" content=\"Escrito por\" \/>\n\t<meta name=\"twitter:data1\" content=\"stefany\" \/>\n\t<meta name=\"twitter:label2\" content=\"Est. tempo de leitura\" \/>\n\t<meta name=\"twitter:data2\" content=\"2 minutos\" \/>\n<script type=\"application\/ld+json\" class=\"yoast-schema-graph\">{\"@context\":\"https:\/\/schema.org\",\"@graph\":[{\"@type\":\"Article\",\"@id\":\"https:\/\/lappis.org.br\/site\/integralidade-e-saude-suplementar-formacao-e-praticas-avaliativas\/5525#article\",\"isPartOf\":{\"@id\":\"https:\/\/lappis.org.br\/site\/integralidade-e-saude-suplementar-formacao-e-praticas-avaliativas\/5525\"},\"author\":{\"name\":\"stefany\",\"@id\":\"https:\/\/lappis.org.br\/site\/#\/schema\/person\/c5ae1a9a383eda57f5172f5c706a0414\"},\"headline\":\"Integralidade e Sa\u00fade Suplementar: forma\u00e7\u00e3o e pr\u00e1ticas avaliativas\",\"datePublished\":\"2018-01-17T00:25:54+00:00\",\"dateModified\":\"2018-02-08T13:35:11+00:00\",\"mainEntityOfPage\":{\"@id\":\"https:\/\/lappis.org.br\/site\/integralidade-e-saude-suplementar-formacao-e-praticas-avaliativas\/5525\"},\"wordCount\":464,\"publisher\":{\"@id\":\"https:\/\/lappis.org.br\/site\/#organization\"},\"image\":{\"@id\":\"https:\/\/lappis.org.br\/site\/integralidade-e-saude-suplementar-formacao-e-praticas-avaliativas\/5525#primaryimage\"},\"thumbnailUrl\":\"https:\/\/lappis.org.br\/site\/wp-content\/uploads\/2018\/01\/INTEGRALIDADE-E-SA\u00daDE-SUPLEMENTAR-FORMA\u00c7\u00c3O-E-PR\u00c1TICAS-AVALIATIVAS.jpg\",\"keywords\":[\"Lappis\",\"livro\",\"publica\u00e7\u00e3o\"],\"articleSection\":[\"Publica\u00e7\u00f5es\"],\"inLanguage\":\"pt-BR\"},{\"@type\":\"WebPage\",\"@id\":\"https:\/\/lappis.org.br\/site\/integralidade-e-saude-suplementar-formacao-e-praticas-avaliativas\/5525\",\"url\":\"https:\/\/lappis.org.br\/site\/integralidade-e-saude-suplementar-formacao-e-praticas-avaliativas\/5525\",\"name\":\"Integralidade e Sa\u00fade Suplementar: forma\u00e7\u00e3o e pr\u00e1ticas avaliativas - Lappis 25 anos\",\"isPartOf\":{\"@id\":\"https:\/\/lappis.org.br\/site\/#website\"},\"primaryImageOfPage\":{\"@id\":\"https:\/\/lappis.org.br\/site\/integralidade-e-saude-suplementar-formacao-e-praticas-avaliativas\/5525#primaryimage\"},\"image\":{\"@id\":\"https:\/\/lappis.org.br\/site\/integralidade-e-saude-suplementar-formacao-e-praticas-avaliativas\/5525#primaryimage\"},\"thumbnailUrl\":\"https:\/\/lappis.org.br\/site\/wp-content\/uploads\/2018\/01\/INTEGRALIDADE-E-SA\u00daDE-SUPLEMENTAR-FORMA\u00c7\u00c3O-E-PR\u00c1TICAS-AVALIATIVAS.jpg\",\"datePublished\":\"2018-01-17T00:25:54+00:00\",\"dateModified\":\"2018-02-08T13:35:11+00:00\",\"breadcrumb\":{\"@id\":\"https:\/\/lappis.org.br\/site\/integralidade-e-saude-suplementar-formacao-e-praticas-avaliativas\/5525#breadcrumb\"},\"inLanguage\":\"pt-BR\",\"potentialAction\":[{\"@type\":\"ReadAction\",\"target\":[\"https:\/\/lappis.org.br\/site\/integralidade-e-saude-suplementar-formacao-e-praticas-avaliativas\/5525\"]}]},{\"@type\":\"ImageObject\",\"inLanguage\":\"pt-BR\",\"@id\":\"https:\/\/lappis.org.br\/site\/integralidade-e-saude-suplementar-formacao-e-praticas-avaliativas\/5525#primaryimage\",\"url\":\"https:\/\/lappis.org.br\/site\/wp-content\/uploads\/2018\/01\/INTEGRALIDADE-E-SA\u00daDE-SUPLEMENTAR-FORMA\u00c7\u00c3O-E-PR\u00c1TICAS-AVALIATIVAS.jpg\",\"contentUrl\":\"https:\/\/lappis.org.br\/site\/wp-content\/uploads\/2018\/01\/INTEGRALIDADE-E-SA\u00daDE-SUPLEMENTAR-FORMA\u00c7\u00c3O-E-PR\u00c1TICAS-AVALIATIVAS.jpg\",\"width\":1649,\"height\":2480,\"caption\":\"image description\"},{\"@type\":\"BreadcrumbList\",\"@id\":\"https:\/\/lappis.org.br\/site\/integralidade-e-saude-suplementar-formacao-e-praticas-avaliativas\/5525#breadcrumb\",\"itemListElement\":[{\"@type\":\"ListItem\",\"position\":1,\"name\":\"In\u00edcio\",\"item\":\"https:\/\/lappis.org.br\/site\/\"},{\"@type\":\"ListItem\",\"position\":2,\"name\":\"Integralidade e Sa\u00fade Suplementar: forma\u00e7\u00e3o e pr\u00e1ticas avaliativas\"}]},{\"@type\":\"WebSite\",\"@id\":\"https:\/\/lappis.org.br\/site\/#website\",\"url\":\"https:\/\/lappis.org.br\/site\/\",\"name\":\"Lappis 25 anos\",\"description\":\"Labotat\u00f3rio de Pesquisas sobre Pr\u00e1ticas de Integralidade em Sa\u00fade\",\"publisher\":{\"@id\":\"https:\/\/lappis.org.br\/site\/#organization\"},\"potentialAction\":[{\"@type\":\"SearchAction\",\"target\":{\"@type\":\"EntryPoint\",\"urlTemplate\":\"https:\/\/lappis.org.br\/site\/?s={search_term_string}\"},\"query-input\":{\"@type\":\"PropertyValueSpecification\",\"valueRequired\":true,\"valueName\":\"search_term_string\"}}],\"inLanguage\":\"pt-BR\"},{\"@type\":\"Organization\",\"@id\":\"https:\/\/lappis.org.br\/site\/#organization\",\"name\":\"Lappis 25 anos\",\"url\":\"https:\/\/lappis.org.br\/site\/\",\"logo\":{\"@type\":\"ImageObject\",\"inLanguage\":\"pt-BR\",\"@id\":\"https:\/\/lappis.org.br\/site\/#\/schema\/logo\/image\/\",\"url\":\"https:\/\/lappis.org.br\/site\/wp-content\/uploads\/2025\/03\/logo-lappis25anos.png\",\"contentUrl\":\"https:\/\/lappis.org.br\/site\/wp-content\/uploads\/2025\/03\/logo-lappis25anos.png\",\"width\":388,\"height\":146,\"caption\":\"Lappis 25 anos\"},\"image\":{\"@id\":\"https:\/\/lappis.org.br\/site\/#\/schema\/logo\/image\/\"}},{\"@type\":\"Person\",\"@id\":\"https:\/\/lappis.org.br\/site\/#\/schema\/person\/c5ae1a9a383eda57f5172f5c706a0414\",\"name\":\"stefany\",\"image\":{\"@type\":\"ImageObject\",\"inLanguage\":\"pt-BR\",\"@id\":\"https:\/\/lappis.org.br\/site\/#\/schema\/person\/image\/\",\"url\":\"https:\/\/secure.gravatar.com\/avatar\/a7553e82b188bf17bb54b918d68d7841?s=96&d=mm&r=g\",\"contentUrl\":\"https:\/\/secure.gravatar.com\/avatar\/a7553e82b188bf17bb54b918d68d7841?s=96&d=mm&r=g\",\"caption\":\"stefany\"},\"url\":\"https:\/\/lappis.org.br\/site\/author\/stefany\"}]}<\/script>\n<!-- \/ Yoast SEO plugin. -->","yoast_head_json":{"title":"Integralidade e Sa\u00fade Suplementar: forma\u00e7\u00e3o e pr\u00e1ticas avaliativas - Lappis 25 anos","robots":{"index":"index","follow":"follow","max-snippet":"max-snippet:-1","max-image-preview":"max-image-preview:large","max-video-preview":"max-video-preview:-1"},"canonical":"https:\/\/lappis.org.br\/site\/integralidade-e-saude-suplementar-formacao-e-praticas-avaliativas\/5525","og_locale":"pt_BR","og_type":"article","og_title":"Integralidade e Sa\u00fade Suplementar: forma\u00e7\u00e3o e pr\u00e1ticas avaliativas - Lappis 25 anos","og_description":"ORGANIZADORES Roseni Pinheiro; Aluisio Gomes da Silva Junior e Ruben Araujo de Mattos Refer\u00eancia: Integralidade e sa\u00fade suplementar: forma\u00e7\u00e3o e pr\u00e1ticas avaliativas \/ Organizadores: Roseni Pinheiro, Aluisio Gomes da Silva Junior, Ruben Ara\u00fajo de Mattos. [...]","og_url":"https:\/\/lappis.org.br\/site\/integralidade-e-saude-suplementar-formacao-e-praticas-avaliativas\/5525","og_site_name":"Lappis 25 anos","article_published_time":"2018-01-17T00:25:54+00:00","article_modified_time":"2018-02-08T13:35:11+00:00","og_image":[{"width":1649,"height":2480,"url":"https:\/\/lappis.org.br\/site\/wp-content\/uploads\/2018\/01\/INTEGRALIDADE-E-SA\u00daDE-SUPLEMENTAR-FORMA\u00c7\u00c3O-E-PR\u00c1TICAS-AVALIATIVAS.jpg","type":"image\/jpeg"}],"author":"stefany","twitter_card":"summary_large_image","twitter_misc":{"Escrito por":"stefany","Est. tempo de leitura":"2 minutos"},"schema":{"@context":"https:\/\/schema.org","@graph":[{"@type":"Article","@id":"https:\/\/lappis.org.br\/site\/integralidade-e-saude-suplementar-formacao-e-praticas-avaliativas\/5525#article","isPartOf":{"@id":"https:\/\/lappis.org.br\/site\/integralidade-e-saude-suplementar-formacao-e-praticas-avaliativas\/5525"},"author":{"name":"stefany","@id":"https:\/\/lappis.org.br\/site\/#\/schema\/person\/c5ae1a9a383eda57f5172f5c706a0414"},"headline":"Integralidade e Sa\u00fade Suplementar: forma\u00e7\u00e3o e pr\u00e1ticas avaliativas","datePublished":"2018-01-17T00:25:54+00:00","dateModified":"2018-02-08T13:35:11+00:00","mainEntityOfPage":{"@id":"https:\/\/lappis.org.br\/site\/integralidade-e-saude-suplementar-formacao-e-praticas-avaliativas\/5525"},"wordCount":464,"publisher":{"@id":"https:\/\/lappis.org.br\/site\/#organization"},"image":{"@id":"https:\/\/lappis.org.br\/site\/integralidade-e-saude-suplementar-formacao-e-praticas-avaliativas\/5525#primaryimage"},"thumbnailUrl":"https:\/\/lappis.org.br\/site\/wp-content\/uploads\/2018\/01\/INTEGRALIDADE-E-SA\u00daDE-SUPLEMENTAR-FORMA\u00c7\u00c3O-E-PR\u00c1TICAS-AVALIATIVAS.jpg","keywords":["Lappis","livro","publica\u00e7\u00e3o"],"articleSection":["Publica\u00e7\u00f5es"],"inLanguage":"pt-BR"},{"@type":"WebPage","@id":"https:\/\/lappis.org.br\/site\/integralidade-e-saude-suplementar-formacao-e-praticas-avaliativas\/5525","url":"https:\/\/lappis.org.br\/site\/integralidade-e-saude-suplementar-formacao-e-praticas-avaliativas\/5525","name":"Integralidade e Sa\u00fade Suplementar: forma\u00e7\u00e3o e pr\u00e1ticas avaliativas - Lappis 25 anos","isPartOf":{"@id":"https:\/\/lappis.org.br\/site\/#website"},"primaryImageOfPage":{"@id":"https:\/\/lappis.org.br\/site\/integralidade-e-saude-suplementar-formacao-e-praticas-avaliativas\/5525#primaryimage"},"image":{"@id":"https:\/\/lappis.org.br\/site\/integralidade-e-saude-suplementar-formacao-e-praticas-avaliativas\/5525#primaryimage"},"thumbnailUrl":"https:\/\/lappis.org.br\/site\/wp-content\/uploads\/2018\/01\/INTEGRALIDADE-E-SA\u00daDE-SUPLEMENTAR-FORMA\u00c7\u00c3O-E-PR\u00c1TICAS-AVALIATIVAS.jpg","datePublished":"2018-01-17T00:25:54+00:00","dateModified":"2018-02-08T13:35:11+00:00","breadcrumb":{"@id":"https:\/\/lappis.org.br\/site\/integralidade-e-saude-suplementar-formacao-e-praticas-avaliativas\/5525#breadcrumb"},"inLanguage":"pt-BR","potentialAction":[{"@type":"ReadAction","target":["https:\/\/lappis.org.br\/site\/integralidade-e-saude-suplementar-formacao-e-praticas-avaliativas\/5525"]}]},{"@type":"ImageObject","inLanguage":"pt-BR","@id":"https:\/\/lappis.org.br\/site\/integralidade-e-saude-suplementar-formacao-e-praticas-avaliativas\/5525#primaryimage","url":"https:\/\/lappis.org.br\/site\/wp-content\/uploads\/2018\/01\/INTEGRALIDADE-E-SA\u00daDE-SUPLEMENTAR-FORMA\u00c7\u00c3O-E-PR\u00c1TICAS-AVALIATIVAS.jpg","contentUrl":"https:\/\/lappis.org.br\/site\/wp-content\/uploads\/2018\/01\/INTEGRALIDADE-E-SA\u00daDE-SUPLEMENTAR-FORMA\u00c7\u00c3O-E-PR\u00c1TICAS-AVALIATIVAS.jpg","width":1649,"height":2480,"caption":"image description"},{"@type":"BreadcrumbList","@id":"https:\/\/lappis.org.br\/site\/integralidade-e-saude-suplementar-formacao-e-praticas-avaliativas\/5525#breadcrumb","itemListElement":[{"@type":"ListItem","position":1,"name":"In\u00edcio","item":"https:\/\/lappis.org.br\/site\/"},{"@type":"ListItem","position":2,"name":"Integralidade e Sa\u00fade Suplementar: forma\u00e7\u00e3o e pr\u00e1ticas avaliativas"}]},{"@type":"WebSite","@id":"https:\/\/lappis.org.br\/site\/#website","url":"https:\/\/lappis.org.br\/site\/","name":"Lappis 25 anos","description":"Labotat\u00f3rio de Pesquisas sobre Pr\u00e1ticas de Integralidade em Sa\u00fade","publisher":{"@id":"https:\/\/lappis.org.br\/site\/#organization"},"potentialAction":[{"@type":"SearchAction","target":{"@type":"EntryPoint","urlTemplate":"https:\/\/lappis.org.br\/site\/?s={search_term_string}"},"query-input":{"@type":"PropertyValueSpecification","valueRequired":true,"valueName":"search_term_string"}}],"inLanguage":"pt-BR"},{"@type":"Organization","@id":"https:\/\/lappis.org.br\/site\/#organization","name":"Lappis 25 anos","url":"https:\/\/lappis.org.br\/site\/","logo":{"@type":"ImageObject","inLanguage":"pt-BR","@id":"https:\/\/lappis.org.br\/site\/#\/schema\/logo\/image\/","url":"https:\/\/lappis.org.br\/site\/wp-content\/uploads\/2025\/03\/logo-lappis25anos.png","contentUrl":"https:\/\/lappis.org.br\/site\/wp-content\/uploads\/2025\/03\/logo-lappis25anos.png","width":388,"height":146,"caption":"Lappis 25 anos"},"image":{"@id":"https:\/\/lappis.org.br\/site\/#\/schema\/logo\/image\/"}},{"@type":"Person","@id":"https:\/\/lappis.org.br\/site\/#\/schema\/person\/c5ae1a9a383eda57f5172f5c706a0414","name":"stefany","image":{"@type":"ImageObject","inLanguage":"pt-BR","@id":"https:\/\/lappis.org.br\/site\/#\/schema\/person\/image\/","url":"https:\/\/secure.gravatar.com\/avatar\/a7553e82b188bf17bb54b918d68d7841?s=96&d=mm&r=g","contentUrl":"https:\/\/secure.gravatar.com\/avatar\/a7553e82b188bf17bb54b918d68d7841?s=96&d=mm&r=g","caption":"stefany"},"url":"https:\/\/lappis.org.br\/site\/author\/stefany"}]}},"jetpack_featured_media_url":"https:\/\/lappis.org.br\/site\/wp-content\/uploads\/2018\/01\/INTEGRALIDADE-E-SA\u00daDE-SUPLEMENTAR-FORMA\u00c7\u00c3O-E-PR\u00c1TICAS-AVALIATIVAS.jpg","jetpack_shortlink":"https:\/\/wp.me\/p954Nh-1r7","jetpack_sharing_enabled":true,"_links":{"self":[{"href":"https:\/\/lappis.org.br\/site\/wp-json\/wp\/v2\/posts\/5525"}],"collection":[{"href":"https:\/\/lappis.org.br\/site\/wp-json\/wp\/v2\/posts"}],"about":[{"href":"https:\/\/lappis.org.br\/site\/wp-json\/wp\/v2\/types\/post"}],"author":[{"embeddable":true,"href":"https:\/\/lappis.org.br\/site\/wp-json\/wp\/v2\/users\/4"}],"replies":[{"embeddable":true,"href":"https:\/\/lappis.org.br\/site\/wp-json\/wp\/v2\/comments?post=5525"}],"version-history":[{"count":13,"href":"https:\/\/lappis.org.br\/site\/wp-json\/wp\/v2\/posts\/5525\/revisions"}],"predecessor-version":[{"id":5535,"href":"https:\/\/lappis.org.br\/site\/wp-json\/wp\/v2\/posts\/5525\/revisions\/5535"}],"wp:featuredmedia":[{"embeddable":true,"href":"https:\/\/lappis.org.br\/site\/wp-json\/wp\/v2\/media\/5526"}],"wp:attachment":[{"href":"https:\/\/lappis.org.br\/site\/wp-json\/wp\/v2\/media?parent=5525"}],"wp:term":[{"taxonomy":"category","embeddable":true,"href":"https:\/\/lappis.org.br\/site\/wp-json\/wp\/v2\/categories?post=5525"},{"taxonomy":"post_tag","embeddable":true,"href":"https:\/\/lappis.org.br\/site\/wp-json\/wp\/v2\/tags?post=5525"}],"curies":[{"name":"wp","href":"https:\/\/api.w.org\/{rel}","templated":true}]}}