{"id":4988,"date":"2017-12-23T13:48:14","date_gmt":"2017-12-23T15:48:14","guid":{"rendered":"http:\/\/lappis.org.br\/site\/?p=4988"},"modified":"2018-01-25T18:24:36","modified_gmt":"2018-01-25T20:24:36","slug":"integralidade-saberes-e-praticas-no-cotidiano-das-instituicoes-de-saude-2a-fase","status":"publish","type":"post","link":"https:\/\/lappis.org.br\/site\/integralidade-saberes-e-praticas-no-cotidiano-das-instituicoes-de-saude-2a-fase\/4988","title":{"rendered":"Integralidade: Saberes e Pr\u00e1ticas no Cotidiano das Institui\u00e7\u00f5es de Sa\u00fade &#8211; 2\u00aa Fase"},"content":{"rendered":"<h4>Descri\u00e7\u00e3o<\/h4>\n<p>A segunda fase do projeto Integralidade visou cumprir um duplo objetivo: a) dar continuidade a an\u00e1lises de experi\u00eancias iniciadas na primeira fase do projeto ampliando para demais regi\u00f5es do pa\u00eds e b) institucionalizar o Laborat\u00f3rio de Pesquisas de Praticas de Integralidade em Sa\u00fade LAPPIS como Grupo de Pesquisadores do CNPq. Este projeto fundamentou-se na intersec\u00e7\u00e3o de linhas de pesquisas origin\u00e1rias, entre as quais destacamos a linha de pesquisa Saberes e Praticas do Grupo de Pesquisa do CNPq Racionalidades M\u00e9dicas e a linha de pesquisa Dimens\u00f5es das Praticas de Sa\u00fade: contextos institucionais e as rela\u00e7\u00f5es com os saberes, inter\u00e1reas das \u00e1reas de Concentra\u00e7\u00e3o Pol\u00edtica, Planejamento e Ci\u00eancias Humanas do Programa de P\u00f3s-Gradua\u00e7\u00e3o em Sa\u00fade Coletiva do IMS da UERJ, inscrita na CAPES. Realizou projetos de pesquisa de car\u00e1ter interdisciplinar sobre pr\u00e1ticas de integralidade em sa\u00fade, com \u00eanfase na constru\u00e7\u00e3o cotidiana de saberes e pr\u00e1ticas inovadoras relacionadas \u00e0 organiza\u00e7\u00e3o e atua\u00e7\u00e3o das institui\u00e7\u00f5es de sa\u00fade. Dos resultados encontrados constatou-se que o termo integralidade vem sendo evocado como diretriz conceitual e norteadora de uma estrat\u00e9gia, adotada em n\u00edvel nacional, destinada a oferecer aten\u00e7\u00e3o \u00e0 sa\u00fade \u00e0s fam\u00edlias no pa\u00eds, por meio do Programa Sa\u00fade da Fam\u00edlia. Por outro lado, observou-se que o termo integralidade \u00e9 poliss\u00eamico e polif\u00f4nico, apresentando um conjunto de sentidos e significados, muitas vezes sem uma clara explicita\u00e7\u00e3o ou sistematiza\u00e7\u00e3o sobre a forma como esse termo vem sendo utilizado pelos atores em suas pr\u00e1ticas cotidianas nesses programas e servi\u00e7os. Por fim, ressaltamos a transversalidade das atividades deste projeto com outros desenvolvidos na UERJ &#8211; FAC ENFERMAGEM e demais institui\u00e7\u00f5es de Ensino e Pesquisa em Sa\u00fade no pa\u00eds, tais como Dept. de Endemias da ENSP Sergio Arouca, Centro de Informa\u00e7\u00e3o e Comunica\u00e7\u00e3o Tecnologia em Sa\u00fade da FIOCRUZ, o Instituto de Sa\u00fade da Comunidade da UFF e P\u00f3s-Gradua\u00e7\u00e3o em Educa\u00e7\u00e3o da UFRGS.<\/p>\n<p>Situa\u00e7\u00e3o: Conclu\u00eddo; Natureza: Pesquisa.\u00a0<br class=\"clear\" \/>N\u00famero de alunos envolvidos: gradua\u00e7\u00e3o: 6; mestrado acad\u00eamico: 4; doutorado: 3.<\/p>\n<h4><br class=\"clear\" \/>Integrantes<\/h4>\n<p><a href=\"http:\/\/lappis.org.br\/site\/integrantes\" target=\"_blank\" rel=\"noopener\">Roseni Pinheiro<\/a> &#8211; Coordenadora \/ Madel Therezinha Luz &#8211; Integrante \/ Ruben Araujo Mattos &#8211; Integrante \/ Alda Lacerda &#8211; Integrante \/ Ot\u00e1vio Bonet &#8211; Integrante \/ <a href=\"http:\/\/lappis.org.br\/site\/integrantes\" target=\"_blank\" rel=\"noopener\">Alu\u00edsio Gomes<\/a> &#8211; Integrante \/ Yara Carvalho &#8211; Integrante \/ Kenneth Rochel Camargo Jr &#8211; Integrante \/ Alcindo Ferla &#8211; Integrante \/ <a href=\"http:\/\/lappis.org.br\/site\/integrantes\" target=\"_blank\" rel=\"noopener\">Victor Valla<\/a> &#8211; Integrante \/ Ricardo Burg Ceccim &#8211; Integrante \/ Sonia Acioli &#8211; Integrante \/ <a href=\"http:\/\/lappis.org.br\/site\/integrantes\" target=\"_blank\" rel=\"noopener\">Lilian Koifman<\/a> &#8211; Integrante \/ Gilson Saippa &#8211; Integrante \/ Regina Lucia Monteiro Henriques &#8211; Integrante \/ Maria Beatriz Guimar\u00e3es &#8211; Integrante \/ Tatiana de Laai &#8211; Integrante \/ Gustavo da Matta &#8211; Integrante \/ Emerson Elias Merhy &#8211; Integrante \/ Oswaldo Leal &#8211; Integrante \/<a href=\"http:\/\/lappis.org.br\/site\/integrantes\" target=\"_blank\" rel=\"noopener\"> Rodrigo Pinheiro Silveira<\/a> &#8211; Integrante \/ <a href=\"http:\/\/lappis.org.br\/site\/integrantes\" target=\"_blank\" rel=\"noopener\">Maria Elizabeth Barros de Barros<\/a> &#8211; Integrante.<\/p>\n<p>&nbsp;<\/p>\n<h4>Financiadores\/Parceiros<\/h4>\n<p>Conselho Nacional de Desenvolvimento Cient\u00edfico e Tecnol\u00f3gico &#8211; Aux\u00edlio financeiro \/ Funda\u00e7\u00e3o Carlos Chagas Filho de Amparo \u00e0 Pesquisa do Estado do RJ &#8211; Bolsa \/ Funda\u00e7\u00e3o Oswaldo Cruz &#8211; Coopera\u00e7\u00e3o \/ Minist\u00e9rio da Sa\u00fade &#8211; Coopera\u00e7\u00e3o \/ Universidade Federal Fluminense &#8211; Coopera\u00e7\u00e3o \/ Universidade do Estado do Rio de Janeiro &#8211; Bolsa.<\/p>\n","protected":false},"excerpt":{"rendered":"<div class=\"mh-excerpt\"><p>Descri\u00e7\u00e3o A segunda fase do projeto Integralidade visou cumprir um duplo objetivo: a) dar continuidade a an\u00e1lises de experi\u00eancias iniciadas na primeira fase do projeto ampliando para demais regi\u00f5es do pa\u00eds e b) institucionalizar o <a class=\"mh-excerpt-more\" href=\"https:\/\/lappis.org.br\/site\/integralidade-saberes-e-praticas-no-cotidiano-das-instituicoes-de-saude-2a-fase\/4988\" title=\"Integralidade: Saberes e Pr\u00e1ticas no Cotidiano das Institui\u00e7\u00f5es de Sa\u00fade &#8211; 2\u00aa Fase\">[&#8230;]<\/a><\/p>\n<\/div>","protected":false},"author":5,"featured_media":0,"comment_status":"closed","ping_status":"open","sticky":false,"template":"","format":"standard","meta":{"_acf_changed":false,"_exactmetrics_skip_tracking":false,"_exactmetrics_sitenote_active":false,"_exactmetrics_sitenote_note":"","_exactmetrics_sitenote_category":0,"jetpack_post_was_ever_published":false,"_jetpack_newsletter_access":"","_jetpack_dont_email_post_to_subs":false,"_jetpack_newsletter_tier_id":0,"_jetpack_memberships_contains_paywalled_content":false,"_jetpack_memberships_contains_paid_content":false,"footnotes":"","jetpack_publicize_message":"","jetpack_publicize_feature_enabled":true,"jetpack_social_post_already_shared":true,"jetpack_social_options":{"image_generator_settings":{"template":"highway","enabled":false},"version":2}},"categories":[732],"tags":[],"class_list":{"0":"post-4988","1":"post","2":"type-post","3":"status-publish","4":"format-standard","6":"category-projetos-de-pesquisa"},"jetpack_publicize_connections":[],"acf":[],"yoast_head":"<!-- This site is optimized with the Yoast SEO plugin v25.2 - https:\/\/yoast.com\/wordpress\/plugins\/seo\/ -->\n<title>Integralidade: Saberes e Pr\u00e1ticas no Cotidiano das Institui\u00e7\u00f5es de Sa\u00fade - 2\u00aa Fase - Lappis 25 anos<\/title>\n<meta name=\"robots\" content=\"index, follow, max-snippet:-1, max-image-preview:large, max-video-preview:-1\" \/>\n<link rel=\"canonical\" href=\"https:\/\/lappis.org.br\/site\/integralidade-saberes-e-praticas-no-cotidiano-das-instituicoes-de-saude-2a-fase\/4988\" \/>\n<meta property=\"og:locale\" content=\"pt_BR\" \/>\n<meta property=\"og:type\" content=\"article\" \/>\n<meta property=\"og:title\" content=\"Integralidade: Saberes e Pr\u00e1ticas no Cotidiano das Institui\u00e7\u00f5es de Sa\u00fade - 2\u00aa Fase - Lappis 25 anos\" \/>\n<meta property=\"og:description\" content=\"Descri\u00e7\u00e3o A segunda fase do projeto Integralidade visou cumprir um duplo objetivo: a) dar continuidade a an\u00e1lises de experi\u00eancias iniciadas na primeira fase do projeto ampliando para demais regi\u00f5es do pa\u00eds e b) institucionalizar o [...]\" \/>\n<meta property=\"og:url\" content=\"https:\/\/lappis.org.br\/site\/integralidade-saberes-e-praticas-no-cotidiano-das-instituicoes-de-saude-2a-fase\/4988\" \/>\n<meta property=\"og:site_name\" content=\"Lappis 25 anos\" \/>\n<meta property=\"article:published_time\" content=\"2017-12-23T15:48:14+00:00\" \/>\n<meta property=\"article:modified_time\" content=\"2018-01-25T20:24:36+00:00\" \/>\n<meta name=\"author\" content=\"samuel\" \/>\n<meta name=\"twitter:card\" content=\"summary_large_image\" \/>\n<meta name=\"twitter:label1\" content=\"Escrito por\" \/>\n\t<meta name=\"twitter:data1\" content=\"samuel\" \/>\n\t<meta name=\"twitter:label2\" content=\"Est. tempo de leitura\" \/>\n\t<meta name=\"twitter:data2\" content=\"3 minutos\" \/>\n<script type=\"application\/ld+json\" class=\"yoast-schema-graph\">{\"@context\":\"https:\/\/schema.org\",\"@graph\":[{\"@type\":\"Article\",\"@id\":\"https:\/\/lappis.org.br\/site\/integralidade-saberes-e-praticas-no-cotidiano-das-instituicoes-de-saude-2a-fase\/4988#article\",\"isPartOf\":{\"@id\":\"https:\/\/lappis.org.br\/site\/integralidade-saberes-e-praticas-no-cotidiano-das-instituicoes-de-saude-2a-fase\/4988\"},\"author\":{\"name\":\"samuel\",\"@id\":\"https:\/\/lappis.org.br\/site\/#\/schema\/person\/aa4173d47d8b29405f51a13b3fac2e02\"},\"headline\":\"Integralidade: Saberes e Pr\u00e1ticas no Cotidiano das Institui\u00e7\u00f5es de Sa\u00fade &#8211; 2\u00aa Fase\",\"datePublished\":\"2017-12-23T15:48:14+00:00\",\"dateModified\":\"2018-01-25T20:24:36+00:00\",\"mainEntityOfPage\":{\"@id\":\"https:\/\/lappis.org.br\/site\/integralidade-saberes-e-praticas-no-cotidiano-das-instituicoes-de-saude-2a-fase\/4988\"},\"wordCount\":550,\"publisher\":{\"@id\":\"https:\/\/lappis.org.br\/site\/#organization\"},\"articleSection\":[\"Projetos de pesquisa\"],\"inLanguage\":\"pt-BR\"},{\"@type\":\"WebPage\",\"@id\":\"https:\/\/lappis.org.br\/site\/integralidade-saberes-e-praticas-no-cotidiano-das-instituicoes-de-saude-2a-fase\/4988\",\"url\":\"https:\/\/lappis.org.br\/site\/integralidade-saberes-e-praticas-no-cotidiano-das-instituicoes-de-saude-2a-fase\/4988\",\"name\":\"Integralidade: Saberes e Pr\u00e1ticas no Cotidiano das Institui\u00e7\u00f5es de Sa\u00fade - 2\u00aa Fase - Lappis 25 anos\",\"isPartOf\":{\"@id\":\"https:\/\/lappis.org.br\/site\/#website\"},\"datePublished\":\"2017-12-23T15:48:14+00:00\",\"dateModified\":\"2018-01-25T20:24:36+00:00\",\"breadcrumb\":{\"@id\":\"https:\/\/lappis.org.br\/site\/integralidade-saberes-e-praticas-no-cotidiano-das-instituicoes-de-saude-2a-fase\/4988#breadcrumb\"},\"inLanguage\":\"pt-BR\",\"potentialAction\":[{\"@type\":\"ReadAction\",\"target\":[\"https:\/\/lappis.org.br\/site\/integralidade-saberes-e-praticas-no-cotidiano-das-instituicoes-de-saude-2a-fase\/4988\"]}]},{\"@type\":\"BreadcrumbList\",\"@id\":\"https:\/\/lappis.org.br\/site\/integralidade-saberes-e-praticas-no-cotidiano-das-instituicoes-de-saude-2a-fase\/4988#breadcrumb\",\"itemListElement\":[{\"@type\":\"ListItem\",\"position\":1,\"name\":\"In\u00edcio\",\"item\":\"https:\/\/lappis.org.br\/site\/\"},{\"@type\":\"ListItem\",\"position\":2,\"name\":\"Integralidade: Saberes e Pr\u00e1ticas no Cotidiano das Institui\u00e7\u00f5es de Sa\u00fade &#8211; 2\u00aa Fase\"}]},{\"@type\":\"WebSite\",\"@id\":\"https:\/\/lappis.org.br\/site\/#website\",\"url\":\"https:\/\/lappis.org.br\/site\/\",\"name\":\"Lappis 25 anos\",\"description\":\"Labotat\u00f3rio de Pesquisas sobre Pr\u00e1ticas de Integralidade em Sa\u00fade\",\"publisher\":{\"@id\":\"https:\/\/lappis.org.br\/site\/#organization\"},\"potentialAction\":[{\"@type\":\"SearchAction\",\"target\":{\"@type\":\"EntryPoint\",\"urlTemplate\":\"https:\/\/lappis.org.br\/site\/?s={search_term_string}\"},\"query-input\":{\"@type\":\"PropertyValueSpecification\",\"valueRequired\":true,\"valueName\":\"search_term_string\"}}],\"inLanguage\":\"pt-BR\"},{\"@type\":\"Organization\",\"@id\":\"https:\/\/lappis.org.br\/site\/#organization\",\"name\":\"Lappis 25 anos\",\"url\":\"https:\/\/lappis.org.br\/site\/\",\"logo\":{\"@type\":\"ImageObject\",\"inLanguage\":\"pt-BR\",\"@id\":\"https:\/\/lappis.org.br\/site\/#\/schema\/logo\/image\/\",\"url\":\"https:\/\/lappis.org.br\/site\/wp-content\/uploads\/2025\/03\/logo-lappis25anos.png\",\"contentUrl\":\"https:\/\/lappis.org.br\/site\/wp-content\/uploads\/2025\/03\/logo-lappis25anos.png\",\"width\":388,\"height\":146,\"caption\":\"Lappis 25 anos\"},\"image\":{\"@id\":\"https:\/\/lappis.org.br\/site\/#\/schema\/logo\/image\/\"}},{\"@type\":\"Person\",\"@id\":\"https:\/\/lappis.org.br\/site\/#\/schema\/person\/aa4173d47d8b29405f51a13b3fac2e02\",\"name\":\"samuel\",\"image\":{\"@type\":\"ImageObject\",\"inLanguage\":\"pt-BR\",\"@id\":\"https:\/\/lappis.org.br\/site\/#\/schema\/person\/image\/\",\"url\":\"https:\/\/secure.gravatar.com\/avatar\/d6d73de88aea58dc53b2ce48794c84c1?s=96&d=mm&r=g\",\"contentUrl\":\"https:\/\/secure.gravatar.com\/avatar\/d6d73de88aea58dc53b2ce48794c84c1?s=96&d=mm&r=g\",\"caption\":\"samuel\"},\"url\":\"https:\/\/lappis.org.br\/site\/author\/samuel\"}]}<\/script>\n<!-- \/ Yoast SEO plugin. -->","yoast_head_json":{"title":"Integralidade: Saberes e Pr\u00e1ticas no Cotidiano das Institui\u00e7\u00f5es de Sa\u00fade - 2\u00aa Fase - Lappis 25 anos","robots":{"index":"index","follow":"follow","max-snippet":"max-snippet:-1","max-image-preview":"max-image-preview:large","max-video-preview":"max-video-preview:-1"},"canonical":"https:\/\/lappis.org.br\/site\/integralidade-saberes-e-praticas-no-cotidiano-das-instituicoes-de-saude-2a-fase\/4988","og_locale":"pt_BR","og_type":"article","og_title":"Integralidade: Saberes e Pr\u00e1ticas no Cotidiano das Institui\u00e7\u00f5es de Sa\u00fade - 2\u00aa Fase - Lappis 25 anos","og_description":"Descri\u00e7\u00e3o A segunda fase do projeto Integralidade visou cumprir um duplo objetivo: a) dar continuidade a an\u00e1lises de experi\u00eancias iniciadas na primeira fase do projeto ampliando para demais regi\u00f5es do pa\u00eds e b) institucionalizar o [...]","og_url":"https:\/\/lappis.org.br\/site\/integralidade-saberes-e-praticas-no-cotidiano-das-instituicoes-de-saude-2a-fase\/4988","og_site_name":"Lappis 25 anos","article_published_time":"2017-12-23T15:48:14+00:00","article_modified_time":"2018-01-25T20:24:36+00:00","author":"samuel","twitter_card":"summary_large_image","twitter_misc":{"Escrito por":"samuel","Est. tempo de leitura":"3 minutos"},"schema":{"@context":"https:\/\/schema.org","@graph":[{"@type":"Article","@id":"https:\/\/lappis.org.br\/site\/integralidade-saberes-e-praticas-no-cotidiano-das-instituicoes-de-saude-2a-fase\/4988#article","isPartOf":{"@id":"https:\/\/lappis.org.br\/site\/integralidade-saberes-e-praticas-no-cotidiano-das-instituicoes-de-saude-2a-fase\/4988"},"author":{"name":"samuel","@id":"https:\/\/lappis.org.br\/site\/#\/schema\/person\/aa4173d47d8b29405f51a13b3fac2e02"},"headline":"Integralidade: Saberes e Pr\u00e1ticas no Cotidiano das Institui\u00e7\u00f5es de Sa\u00fade &#8211; 2\u00aa Fase","datePublished":"2017-12-23T15:48:14+00:00","dateModified":"2018-01-25T20:24:36+00:00","mainEntityOfPage":{"@id":"https:\/\/lappis.org.br\/site\/integralidade-saberes-e-praticas-no-cotidiano-das-instituicoes-de-saude-2a-fase\/4988"},"wordCount":550,"publisher":{"@id":"https:\/\/lappis.org.br\/site\/#organization"},"articleSection":["Projetos de pesquisa"],"inLanguage":"pt-BR"},{"@type":"WebPage","@id":"https:\/\/lappis.org.br\/site\/integralidade-saberes-e-praticas-no-cotidiano-das-instituicoes-de-saude-2a-fase\/4988","url":"https:\/\/lappis.org.br\/site\/integralidade-saberes-e-praticas-no-cotidiano-das-instituicoes-de-saude-2a-fase\/4988","name":"Integralidade: Saberes e Pr\u00e1ticas no Cotidiano das Institui\u00e7\u00f5es de Sa\u00fade - 2\u00aa Fase - Lappis 25 anos","isPartOf":{"@id":"https:\/\/lappis.org.br\/site\/#website"},"datePublished":"2017-12-23T15:48:14+00:00","dateModified":"2018-01-25T20:24:36+00:00","breadcrumb":{"@id":"https:\/\/lappis.org.br\/site\/integralidade-saberes-e-praticas-no-cotidiano-das-instituicoes-de-saude-2a-fase\/4988#breadcrumb"},"inLanguage":"pt-BR","potentialAction":[{"@type":"ReadAction","target":["https:\/\/lappis.org.br\/site\/integralidade-saberes-e-praticas-no-cotidiano-das-instituicoes-de-saude-2a-fase\/4988"]}]},{"@type":"BreadcrumbList","@id":"https:\/\/lappis.org.br\/site\/integralidade-saberes-e-praticas-no-cotidiano-das-instituicoes-de-saude-2a-fase\/4988#breadcrumb","itemListElement":[{"@type":"ListItem","position":1,"name":"In\u00edcio","item":"https:\/\/lappis.org.br\/site\/"},{"@type":"ListItem","position":2,"name":"Integralidade: Saberes e Pr\u00e1ticas no Cotidiano das Institui\u00e7\u00f5es de Sa\u00fade &#8211; 2\u00aa Fase"}]},{"@type":"WebSite","@id":"https:\/\/lappis.org.br\/site\/#website","url":"https:\/\/lappis.org.br\/site\/","name":"Lappis 25 anos","description":"Labotat\u00f3rio de Pesquisas sobre Pr\u00e1ticas de Integralidade em Sa\u00fade","publisher":{"@id":"https:\/\/lappis.org.br\/site\/#organization"},"potentialAction":[{"@type":"SearchAction","target":{"@type":"EntryPoint","urlTemplate":"https:\/\/lappis.org.br\/site\/?s={search_term_string}"},"query-input":{"@type":"PropertyValueSpecification","valueRequired":true,"valueName":"search_term_string"}}],"inLanguage":"pt-BR"},{"@type":"Organization","@id":"https:\/\/lappis.org.br\/site\/#organization","name":"Lappis 25 anos","url":"https:\/\/lappis.org.br\/site\/","logo":{"@type":"ImageObject","inLanguage":"pt-BR","@id":"https:\/\/lappis.org.br\/site\/#\/schema\/logo\/image\/","url":"https:\/\/lappis.org.br\/site\/wp-content\/uploads\/2025\/03\/logo-lappis25anos.png","contentUrl":"https:\/\/lappis.org.br\/site\/wp-content\/uploads\/2025\/03\/logo-lappis25anos.png","width":388,"height":146,"caption":"Lappis 25 anos"},"image":{"@id":"https:\/\/lappis.org.br\/site\/#\/schema\/logo\/image\/"}},{"@type":"Person","@id":"https:\/\/lappis.org.br\/site\/#\/schema\/person\/aa4173d47d8b29405f51a13b3fac2e02","name":"samuel","image":{"@type":"ImageObject","inLanguage":"pt-BR","@id":"https:\/\/lappis.org.br\/site\/#\/schema\/person\/image\/","url":"https:\/\/secure.gravatar.com\/avatar\/d6d73de88aea58dc53b2ce48794c84c1?s=96&d=mm&r=g","contentUrl":"https:\/\/secure.gravatar.com\/avatar\/d6d73de88aea58dc53b2ce48794c84c1?s=96&d=mm&r=g","caption":"samuel"},"url":"https:\/\/lappis.org.br\/site\/author\/samuel"}]}},"jetpack_featured_media_url":"","jetpack_shortlink":"https:\/\/wp.me\/p954Nh-1is","jetpack_sharing_enabled":true,"_links":{"self":[{"href":"https:\/\/lappis.org.br\/site\/wp-json\/wp\/v2\/posts\/4988"}],"collection":[{"href":"https:\/\/lappis.org.br\/site\/wp-json\/wp\/v2\/posts"}],"about":[{"href":"https:\/\/lappis.org.br\/site\/wp-json\/wp\/v2\/types\/post"}],"author":[{"embeddable":true,"href":"https:\/\/lappis.org.br\/site\/wp-json\/wp\/v2\/users\/5"}],"replies":[{"embeddable":true,"href":"https:\/\/lappis.org.br\/site\/wp-json\/wp\/v2\/comments?post=4988"}],"version-history":[{"count":6,"href":"https:\/\/lappis.org.br\/site\/wp-json\/wp\/v2\/posts\/4988\/revisions"}],"predecessor-version":[{"id":5686,"href":"https:\/\/lappis.org.br\/site\/wp-json\/wp\/v2\/posts\/4988\/revisions\/5686"}],"wp:attachment":[{"href":"https:\/\/lappis.org.br\/site\/wp-json\/wp\/v2\/media?parent=4988"}],"wp:term":[{"taxonomy":"category","embeddable":true,"href":"https:\/\/lappis.org.br\/site\/wp-json\/wp\/v2\/categories?post=4988"},{"taxonomy":"post_tag","embeddable":true,"href":"https:\/\/lappis.org.br\/site\/wp-json\/wp\/v2\/tags?post=4988"}],"curies":[{"name":"wp","href":"https:\/\/api.w.org\/{rel}","templated":true}]}}