{"id":4960,"date":"2017-12-23T11:33:16","date_gmt":"2017-12-23T13:33:16","guid":{"rendered":"http:\/\/lappis.org.br\/site\/?p=4960"},"modified":"2018-01-25T19:03:42","modified_gmt":"2018-01-25T21:03:42","slug":"visibilidade-responsabilidade-e-pertencimento-publico-construcoes-teorico-praticas-do-cuidado-como-direito-humano-saude-fase-1","status":"publish","type":"post","link":"https:\/\/lappis.org.br\/site\/visibilidade-responsabilidade-e-pertencimento-publico-construcoes-teorico-praticas-do-cuidado-como-direito-humano-saude-fase-1\/4960","title":{"rendered":"Visibilidade, Responsabilidade e Pertencimento P\u00fablico: Constru\u00e7\u00f5es Te\u00f3rico-Pr\u00e1ticas do Cuidado como Direito Humano \u00e0 Sa\u00fade &#8211; Fase 1"},"content":{"rendered":"<h4>Descri\u00e7\u00e3o<\/h4>\n<p>Este projeto faz parte das atividades p\u00f3s-doutorais de pesquisa na \u00e1rea da filosofia do direito, no programa de P\u00f3s-gradua\u00e7\u00e3o em Direito da PUC &#8211; N\u00facleo de Recursos Humanos e o grupo BIOPOLIS da Universitat de Piemonte Orientale &#8211; It\u00e1lia, que visa aprofundar an\u00e1lises e interpreta\u00e7\u00f5es sobre o cuidado como valor do direito \u00e0 sa\u00fade , a partir da explora\u00e7\u00e3o te\u00f3rica dos conceitos de visibilidade, responsabilidade e pertencimento p\u00fablico, como contribui\u00e7\u00f5es para alternativas te\u00f3rico-conceituais de estudos sociais no campo da Sa\u00fade Coletiva. Desdobramento da terceira fase do Projeto Integralidade em seus 10 anos de exist\u00eancia.<\/p>\n<p><br class=\"clear\" \/>Situa\u00e7\u00e3o: Conclu\u00eddo; Natureza: Pesquisa.\u00a0<br class=\"clear\" \/>N\u00famero de alunos envolvidos: Gradua\u00e7\u00e3o: 1; doutorado: 2.<\/p>\n<h4><br class=\"clear\" \/>Integrantes<\/h4>\n<p><a href=\"http:\/\/lappis.org.br\/site\/integrantes\" target=\"_blank\" rel=\"noopener\">Roseni Pinheiro<\/a> &#8211; Coordenadora \/ <a href=\"http:\/\/lappis.org.br\/site\/integrantes\" target=\"_blank\" rel=\"noopener\">Felipe Dutra Asensi<\/a> &#8211; Integrante \/<a href=\"http:\/\/lappis.org.br\/site\/integrantes\" target=\"_blank\" rel=\"noopener\"> Paulo Henrique Martins<\/a> &#8211; Integrante \/ <a href=\"http:\/\/lappis.org.br\/site\/integrantes\" target=\"_blank\" rel=\"noopener\">Bethania Assy<\/a> &#8211; Integrante \/ Simona Forti &#8211; Integrante \/ <a href=\"http:\/\/lappis.org.br\/site\/integrantes\" target=\"_blank\" rel=\"noopener\">Juliana Lofego<\/a> &#8211; Integrante.<\/p>\n<p>&nbsp;<\/p>\n<h4>Financiadores\/Parceiros<\/h4>\n<p>Pontif\u00edcia Universidade Cat\u00f3lica do Rio de Janeiro &#8211; Coopera\u00e7\u00e3o \/ Sub-Reitoria de P\u00f3s-Gradua\u00e7\u00e3o da UERJ &#8211; Bolsa \/ Universit\u00e0 degli Studi del Piemonte Orientale Amedeo Avogadro &#8211; Coopera\u00e7\u00e3o.<\/p>\n","protected":false},"excerpt":{"rendered":"<div class=\"mh-excerpt\"><p>Descri\u00e7\u00e3o Este projeto faz parte das atividades p\u00f3s-doutorais de pesquisa na \u00e1rea da filosofia do direito, no programa de P\u00f3s-gradua\u00e7\u00e3o em Direito da PUC &#8211; N\u00facleo de Recursos Humanos e o grupo BIOPOLIS da Universitat <a class=\"mh-excerpt-more\" href=\"https:\/\/lappis.org.br\/site\/visibilidade-responsabilidade-e-pertencimento-publico-construcoes-teorico-praticas-do-cuidado-como-direito-humano-saude-fase-1\/4960\" title=\"Visibilidade, Responsabilidade e Pertencimento P\u00fablico: Constru\u00e7\u00f5es Te\u00f3rico-Pr\u00e1ticas do Cuidado como Direito Humano \u00e0 Sa\u00fade &#8211; Fase 1\">[&#8230;]<\/a><\/p>\n<\/div>","protected":false},"author":5,"featured_media":0,"comment_status":"closed","ping_status":"open","sticky":false,"template":"","format":"standard","meta":{"_acf_changed":false,"_exactmetrics_skip_tracking":false,"_exactmetrics_sitenote_active":false,"_exactmetrics_sitenote_note":"","_exactmetrics_sitenote_category":0,"jetpack_post_was_ever_published":false,"_jetpack_newsletter_access":"","_jetpack_dont_email_post_to_subs":false,"_jetpack_newsletter_tier_id":0,"_jetpack_memberships_contains_paywalled_content":false,"_jetpack_memberships_contains_paid_content":false,"footnotes":"","jetpack_publicize_message":"","jetpack_publicize_feature_enabled":true,"jetpack_social_post_already_shared":true,"jetpack_social_options":{"image_generator_settings":{"template":"highway","enabled":false},"version":2}},"categories":[732],"tags":[],"class_list":{"0":"post-4960","1":"post","2":"type-post","3":"status-publish","4":"format-standard","6":"category-projetos-de-pesquisa"},"jetpack_publicize_connections":[],"acf":[],"yoast_head":"<!-- This site is optimized with the Yoast SEO plugin v25.2 - https:\/\/yoast.com\/wordpress\/plugins\/seo\/ -->\n<title>Visibilidade, Responsabilidade e Pertencimento P\u00fablico: Constru\u00e7\u00f5es Te\u00f3rico-Pr\u00e1ticas do Cuidado como Direito Humano \u00e0 Sa\u00fade - Fase 1 - Lappis 25 anos<\/title>\n<meta name=\"robots\" content=\"index, follow, max-snippet:-1, max-image-preview:large, max-video-preview:-1\" \/>\n<link rel=\"canonical\" href=\"https:\/\/lappis.org.br\/site\/visibilidade-responsabilidade-e-pertencimento-publico-construcoes-teorico-praticas-do-cuidado-como-direito-humano-saude-fase-1\/4960\" \/>\n<meta property=\"og:locale\" content=\"pt_BR\" \/>\n<meta property=\"og:type\" content=\"article\" \/>\n<meta property=\"og:title\" content=\"Visibilidade, Responsabilidade e Pertencimento P\u00fablico: Constru\u00e7\u00f5es Te\u00f3rico-Pr\u00e1ticas do Cuidado como Direito Humano \u00e0 Sa\u00fade - Fase 1 - Lappis 25 anos\" \/>\n<meta property=\"og:description\" content=\"Descri\u00e7\u00e3o Este projeto faz parte das atividades p\u00f3s-doutorais de pesquisa na \u00e1rea da filosofia do direito, no programa de P\u00f3s-gradua\u00e7\u00e3o em Direito da PUC &#8211; N\u00facleo de Recursos Humanos e o grupo BIOPOLIS da Universitat [...]\" \/>\n<meta property=\"og:url\" content=\"https:\/\/lappis.org.br\/site\/visibilidade-responsabilidade-e-pertencimento-publico-construcoes-teorico-praticas-do-cuidado-como-direito-humano-saude-fase-1\/4960\" \/>\n<meta property=\"og:site_name\" content=\"Lappis 25 anos\" \/>\n<meta property=\"article:published_time\" content=\"2017-12-23T13:33:16+00:00\" \/>\n<meta property=\"article:modified_time\" content=\"2018-01-25T21:03:42+00:00\" \/>\n<meta name=\"author\" content=\"samuel\" \/>\n<meta name=\"twitter:card\" content=\"summary_large_image\" \/>\n<meta name=\"twitter:label1\" content=\"Escrito por\" \/>\n\t<meta name=\"twitter:data1\" content=\"samuel\" \/>\n\t<meta name=\"twitter:label2\" content=\"Est. tempo de leitura\" \/>\n\t<meta name=\"twitter:data2\" content=\"1 minuto\" \/>\n<script type=\"application\/ld+json\" class=\"yoast-schema-graph\">{\"@context\":\"https:\/\/schema.org\",\"@graph\":[{\"@type\":\"Article\",\"@id\":\"https:\/\/lappis.org.br\/site\/visibilidade-responsabilidade-e-pertencimento-publico-construcoes-teorico-praticas-do-cuidado-como-direito-humano-saude-fase-1\/4960#article\",\"isPartOf\":{\"@id\":\"https:\/\/lappis.org.br\/site\/visibilidade-responsabilidade-e-pertencimento-publico-construcoes-teorico-praticas-do-cuidado-como-direito-humano-saude-fase-1\/4960\"},\"author\":{\"name\":\"samuel\",\"@id\":\"https:\/\/lappis.org.br\/site\/#\/schema\/person\/aa4173d47d8b29405f51a13b3fac2e02\"},\"headline\":\"Visibilidade, Responsabilidade e Pertencimento P\u00fablico: Constru\u00e7\u00f5es Te\u00f3rico-Pr\u00e1ticas do Cuidado como Direito Humano \u00e0 Sa\u00fade &#8211; Fase 1\",\"datePublished\":\"2017-12-23T13:33:16+00:00\",\"dateModified\":\"2018-01-25T21:03:42+00:00\",\"mainEntityOfPage\":{\"@id\":\"https:\/\/lappis.org.br\/site\/visibilidade-responsabilidade-e-pertencimento-publico-construcoes-teorico-praticas-do-cuidado-como-direito-humano-saude-fase-1\/4960\"},\"wordCount\":204,\"publisher\":{\"@id\":\"https:\/\/lappis.org.br\/site\/#organization\"},\"articleSection\":[\"Projetos de pesquisa\"],\"inLanguage\":\"pt-BR\"},{\"@type\":\"WebPage\",\"@id\":\"https:\/\/lappis.org.br\/site\/visibilidade-responsabilidade-e-pertencimento-publico-construcoes-teorico-praticas-do-cuidado-como-direito-humano-saude-fase-1\/4960\",\"url\":\"https:\/\/lappis.org.br\/site\/visibilidade-responsabilidade-e-pertencimento-publico-construcoes-teorico-praticas-do-cuidado-como-direito-humano-saude-fase-1\/4960\",\"name\":\"Visibilidade, Responsabilidade e Pertencimento P\u00fablico: Constru\u00e7\u00f5es Te\u00f3rico-Pr\u00e1ticas do Cuidado como Direito Humano \u00e0 Sa\u00fade - Fase 1 - Lappis 25 anos\",\"isPartOf\":{\"@id\":\"https:\/\/lappis.org.br\/site\/#website\"},\"datePublished\":\"2017-12-23T13:33:16+00:00\",\"dateModified\":\"2018-01-25T21:03:42+00:00\",\"breadcrumb\":{\"@id\":\"https:\/\/lappis.org.br\/site\/visibilidade-responsabilidade-e-pertencimento-publico-construcoes-teorico-praticas-do-cuidado-como-direito-humano-saude-fase-1\/4960#breadcrumb\"},\"inLanguage\":\"pt-BR\",\"potentialAction\":[{\"@type\":\"ReadAction\",\"target\":[\"https:\/\/lappis.org.br\/site\/visibilidade-responsabilidade-e-pertencimento-publico-construcoes-teorico-praticas-do-cuidado-como-direito-humano-saude-fase-1\/4960\"]}]},{\"@type\":\"BreadcrumbList\",\"@id\":\"https:\/\/lappis.org.br\/site\/visibilidade-responsabilidade-e-pertencimento-publico-construcoes-teorico-praticas-do-cuidado-como-direito-humano-saude-fase-1\/4960#breadcrumb\",\"itemListElement\":[{\"@type\":\"ListItem\",\"position\":1,\"name\":\"In\u00edcio\",\"item\":\"https:\/\/lappis.org.br\/site\/\"},{\"@type\":\"ListItem\",\"position\":2,\"name\":\"Visibilidade, Responsabilidade e Pertencimento P\u00fablico: Constru\u00e7\u00f5es Te\u00f3rico-Pr\u00e1ticas do Cuidado como Direito Humano \u00e0 Sa\u00fade &#8211; Fase 1\"}]},{\"@type\":\"WebSite\",\"@id\":\"https:\/\/lappis.org.br\/site\/#website\",\"url\":\"https:\/\/lappis.org.br\/site\/\",\"name\":\"Lappis 25 anos\",\"description\":\"Labotat\u00f3rio de Pesquisas sobre Pr\u00e1ticas de Integralidade em Sa\u00fade\",\"publisher\":{\"@id\":\"https:\/\/lappis.org.br\/site\/#organization\"},\"potentialAction\":[{\"@type\":\"SearchAction\",\"target\":{\"@type\":\"EntryPoint\",\"urlTemplate\":\"https:\/\/lappis.org.br\/site\/?s={search_term_string}\"},\"query-input\":{\"@type\":\"PropertyValueSpecification\",\"valueRequired\":true,\"valueName\":\"search_term_string\"}}],\"inLanguage\":\"pt-BR\"},{\"@type\":\"Organization\",\"@id\":\"https:\/\/lappis.org.br\/site\/#organization\",\"name\":\"Lappis 25 anos\",\"url\":\"https:\/\/lappis.org.br\/site\/\",\"logo\":{\"@type\":\"ImageObject\",\"inLanguage\":\"pt-BR\",\"@id\":\"https:\/\/lappis.org.br\/site\/#\/schema\/logo\/image\/\",\"url\":\"https:\/\/lappis.org.br\/site\/wp-content\/uploads\/2025\/03\/logo-lappis25anos.png\",\"contentUrl\":\"https:\/\/lappis.org.br\/site\/wp-content\/uploads\/2025\/03\/logo-lappis25anos.png\",\"width\":388,\"height\":146,\"caption\":\"Lappis 25 anos\"},\"image\":{\"@id\":\"https:\/\/lappis.org.br\/site\/#\/schema\/logo\/image\/\"}},{\"@type\":\"Person\",\"@id\":\"https:\/\/lappis.org.br\/site\/#\/schema\/person\/aa4173d47d8b29405f51a13b3fac2e02\",\"name\":\"samuel\",\"image\":{\"@type\":\"ImageObject\",\"inLanguage\":\"pt-BR\",\"@id\":\"https:\/\/lappis.org.br\/site\/#\/schema\/person\/image\/\",\"url\":\"https:\/\/secure.gravatar.com\/avatar\/d6d73de88aea58dc53b2ce48794c84c1?s=96&d=mm&r=g\",\"contentUrl\":\"https:\/\/secure.gravatar.com\/avatar\/d6d73de88aea58dc53b2ce48794c84c1?s=96&d=mm&r=g\",\"caption\":\"samuel\"},\"url\":\"https:\/\/lappis.org.br\/site\/author\/samuel\"}]}<\/script>\n<!-- \/ Yoast SEO plugin. -->","yoast_head_json":{"title":"Visibilidade, Responsabilidade e Pertencimento P\u00fablico: Constru\u00e7\u00f5es Te\u00f3rico-Pr\u00e1ticas do Cuidado como Direito Humano \u00e0 Sa\u00fade - Fase 1 - Lappis 25 anos","robots":{"index":"index","follow":"follow","max-snippet":"max-snippet:-1","max-image-preview":"max-image-preview:large","max-video-preview":"max-video-preview:-1"},"canonical":"https:\/\/lappis.org.br\/site\/visibilidade-responsabilidade-e-pertencimento-publico-construcoes-teorico-praticas-do-cuidado-como-direito-humano-saude-fase-1\/4960","og_locale":"pt_BR","og_type":"article","og_title":"Visibilidade, Responsabilidade e Pertencimento P\u00fablico: Constru\u00e7\u00f5es Te\u00f3rico-Pr\u00e1ticas do Cuidado como Direito Humano \u00e0 Sa\u00fade - Fase 1 - Lappis 25 anos","og_description":"Descri\u00e7\u00e3o Este projeto faz parte das atividades p\u00f3s-doutorais de pesquisa na \u00e1rea da filosofia do direito, no programa de P\u00f3s-gradua\u00e7\u00e3o em Direito da PUC &#8211; N\u00facleo de Recursos Humanos e o grupo BIOPOLIS da Universitat [...]","og_url":"https:\/\/lappis.org.br\/site\/visibilidade-responsabilidade-e-pertencimento-publico-construcoes-teorico-praticas-do-cuidado-como-direito-humano-saude-fase-1\/4960","og_site_name":"Lappis 25 anos","article_published_time":"2017-12-23T13:33:16+00:00","article_modified_time":"2018-01-25T21:03:42+00:00","author":"samuel","twitter_card":"summary_large_image","twitter_misc":{"Escrito por":"samuel","Est. tempo de leitura":"1 minuto"},"schema":{"@context":"https:\/\/schema.org","@graph":[{"@type":"Article","@id":"https:\/\/lappis.org.br\/site\/visibilidade-responsabilidade-e-pertencimento-publico-construcoes-teorico-praticas-do-cuidado-como-direito-humano-saude-fase-1\/4960#article","isPartOf":{"@id":"https:\/\/lappis.org.br\/site\/visibilidade-responsabilidade-e-pertencimento-publico-construcoes-teorico-praticas-do-cuidado-como-direito-humano-saude-fase-1\/4960"},"author":{"name":"samuel","@id":"https:\/\/lappis.org.br\/site\/#\/schema\/person\/aa4173d47d8b29405f51a13b3fac2e02"},"headline":"Visibilidade, Responsabilidade e Pertencimento P\u00fablico: Constru\u00e7\u00f5es Te\u00f3rico-Pr\u00e1ticas do Cuidado como Direito Humano \u00e0 Sa\u00fade &#8211; Fase 1","datePublished":"2017-12-23T13:33:16+00:00","dateModified":"2018-01-25T21:03:42+00:00","mainEntityOfPage":{"@id":"https:\/\/lappis.org.br\/site\/visibilidade-responsabilidade-e-pertencimento-publico-construcoes-teorico-praticas-do-cuidado-como-direito-humano-saude-fase-1\/4960"},"wordCount":204,"publisher":{"@id":"https:\/\/lappis.org.br\/site\/#organization"},"articleSection":["Projetos de pesquisa"],"inLanguage":"pt-BR"},{"@type":"WebPage","@id":"https:\/\/lappis.org.br\/site\/visibilidade-responsabilidade-e-pertencimento-publico-construcoes-teorico-praticas-do-cuidado-como-direito-humano-saude-fase-1\/4960","url":"https:\/\/lappis.org.br\/site\/visibilidade-responsabilidade-e-pertencimento-publico-construcoes-teorico-praticas-do-cuidado-como-direito-humano-saude-fase-1\/4960","name":"Visibilidade, Responsabilidade e Pertencimento P\u00fablico: Constru\u00e7\u00f5es Te\u00f3rico-Pr\u00e1ticas do Cuidado como Direito Humano \u00e0 Sa\u00fade - Fase 1 - Lappis 25 anos","isPartOf":{"@id":"https:\/\/lappis.org.br\/site\/#website"},"datePublished":"2017-12-23T13:33:16+00:00","dateModified":"2018-01-25T21:03:42+00:00","breadcrumb":{"@id":"https:\/\/lappis.org.br\/site\/visibilidade-responsabilidade-e-pertencimento-publico-construcoes-teorico-praticas-do-cuidado-como-direito-humano-saude-fase-1\/4960#breadcrumb"},"inLanguage":"pt-BR","potentialAction":[{"@type":"ReadAction","target":["https:\/\/lappis.org.br\/site\/visibilidade-responsabilidade-e-pertencimento-publico-construcoes-teorico-praticas-do-cuidado-como-direito-humano-saude-fase-1\/4960"]}]},{"@type":"BreadcrumbList","@id":"https:\/\/lappis.org.br\/site\/visibilidade-responsabilidade-e-pertencimento-publico-construcoes-teorico-praticas-do-cuidado-como-direito-humano-saude-fase-1\/4960#breadcrumb","itemListElement":[{"@type":"ListItem","position":1,"name":"In\u00edcio","item":"https:\/\/lappis.org.br\/site\/"},{"@type":"ListItem","position":2,"name":"Visibilidade, Responsabilidade e Pertencimento P\u00fablico: Constru\u00e7\u00f5es Te\u00f3rico-Pr\u00e1ticas do Cuidado como Direito Humano \u00e0 Sa\u00fade &#8211; Fase 1"}]},{"@type":"WebSite","@id":"https:\/\/lappis.org.br\/site\/#website","url":"https:\/\/lappis.org.br\/site\/","name":"Lappis 25 anos","description":"Labotat\u00f3rio de Pesquisas sobre Pr\u00e1ticas de Integralidade em Sa\u00fade","publisher":{"@id":"https:\/\/lappis.org.br\/site\/#organization"},"potentialAction":[{"@type":"SearchAction","target":{"@type":"EntryPoint","urlTemplate":"https:\/\/lappis.org.br\/site\/?s={search_term_string}"},"query-input":{"@type":"PropertyValueSpecification","valueRequired":true,"valueName":"search_term_string"}}],"inLanguage":"pt-BR"},{"@type":"Organization","@id":"https:\/\/lappis.org.br\/site\/#organization","name":"Lappis 25 anos","url":"https:\/\/lappis.org.br\/site\/","logo":{"@type":"ImageObject","inLanguage":"pt-BR","@id":"https:\/\/lappis.org.br\/site\/#\/schema\/logo\/image\/","url":"https:\/\/lappis.org.br\/site\/wp-content\/uploads\/2025\/03\/logo-lappis25anos.png","contentUrl":"https:\/\/lappis.org.br\/site\/wp-content\/uploads\/2025\/03\/logo-lappis25anos.png","width":388,"height":146,"caption":"Lappis 25 anos"},"image":{"@id":"https:\/\/lappis.org.br\/site\/#\/schema\/logo\/image\/"}},{"@type":"Person","@id":"https:\/\/lappis.org.br\/site\/#\/schema\/person\/aa4173d47d8b29405f51a13b3fac2e02","name":"samuel","image":{"@type":"ImageObject","inLanguage":"pt-BR","@id":"https:\/\/lappis.org.br\/site\/#\/schema\/person\/image\/","url":"https:\/\/secure.gravatar.com\/avatar\/d6d73de88aea58dc53b2ce48794c84c1?s=96&d=mm&r=g","contentUrl":"https:\/\/secure.gravatar.com\/avatar\/d6d73de88aea58dc53b2ce48794c84c1?s=96&d=mm&r=g","caption":"samuel"},"url":"https:\/\/lappis.org.br\/site\/author\/samuel"}]}},"jetpack_featured_media_url":"","jetpack_shortlink":"https:\/\/wp.me\/p954Nh-1i0","jetpack_sharing_enabled":true,"_links":{"self":[{"href":"https:\/\/lappis.org.br\/site\/wp-json\/wp\/v2\/posts\/4960"}],"collection":[{"href":"https:\/\/lappis.org.br\/site\/wp-json\/wp\/v2\/posts"}],"about":[{"href":"https:\/\/lappis.org.br\/site\/wp-json\/wp\/v2\/types\/post"}],"author":[{"embeddable":true,"href":"https:\/\/lappis.org.br\/site\/wp-json\/wp\/v2\/users\/5"}],"replies":[{"embeddable":true,"href":"https:\/\/lappis.org.br\/site\/wp-json\/wp\/v2\/comments?post=4960"}],"version-history":[{"count":7,"href":"https:\/\/lappis.org.br\/site\/wp-json\/wp\/v2\/posts\/4960\/revisions"}],"predecessor-version":[{"id":5705,"href":"https:\/\/lappis.org.br\/site\/wp-json\/wp\/v2\/posts\/4960\/revisions\/5705"}],"wp:attachment":[{"href":"https:\/\/lappis.org.br\/site\/wp-json\/wp\/v2\/media?parent=4960"}],"wp:term":[{"taxonomy":"category","embeddable":true,"href":"https:\/\/lappis.org.br\/site\/wp-json\/wp\/v2\/categories?post=4960"},{"taxonomy":"post_tag","embeddable":true,"href":"https:\/\/lappis.org.br\/site\/wp-json\/wp\/v2\/tags?post=4960"}],"curies":[{"name":"wp","href":"https:\/\/api.w.org\/{rel}","templated":true}]}}