{"id":4927,"date":"2017-12-22T17:47:16","date_gmt":"2017-12-22T19:47:16","guid":{"rendered":"http:\/\/lappis.org.br\/site\/?p=4927"},"modified":"2018-01-25T19:35:40","modified_gmt":"2018-01-25T21:35:40","slug":"ensinasus-integralidade-e-as-praticas-formativas-em-saude-pesquisa-extensao-e-ensino","status":"publish","type":"post","link":"https:\/\/lappis.org.br\/site\/ensinasus-integralidade-e-as-praticas-formativas-em-saude-pesquisa-extensao-e-ensino\/4927","title":{"rendered":"EnsinaSUS &#8211; Integralidade e as Pr\u00e1ticas Formativas em Sa\u00fade: Pesquisa, Extens\u00e3o e Ensino"},"content":{"rendered":"<h4>Descri\u00e7\u00e3o<\/h4>\n<p>Este projeto resulta de um ciclo virtuoso do projeto EnsinaSUS &#8211; Integralidade e as Gradua\u00e7\u00f5es (2004 &#8211; 2013), grupo de pesquisa do CNPq LAPPIS que teve sua amplia\u00e7\u00e3o aportada pelo projeto \u00c1reas Program\u00e1ticas estrat\u00e9gicas e direito \u00e0 sa\u00fade: constru\u00e7\u00e3o da integralidade no contexto do apoio institucional (2012 &#8211; 2014), com o desenvolvimento da plataforma online EnsinaSUS (http:\/\/www.lappis.org.br\/site\/apresentacao-ensinasus). Seu objetivo reitera a pertin\u00eancia da utiliza\u00e7\u00e3o da perspectiva transdisciplinar de pesquisa na sa\u00fade coletiva, que pavimentou a trajet\u00f3ria epistemol\u00f3gica dos dois projetos supracitados, na qual se ancora a seguinte proposi\u00e7\u00e3o observacional: analisar experi\u00eancias existentes ou em curso de pr\u00e1ticas formativas voltadas para estrat\u00e9gias de fortalecimento da indissociabilidade das a\u00e7\u00f5es entre pesquisa, extens\u00e3o e ensino. Tais estrat\u00e9gias devem ser capazes de considerar os seguintes aspectos: 1) os diversos contextos e especificidades locais e regionais do territ\u00f3rio nacional; 2) os desafios concernentes aos objetos espec\u00edficos da programa\u00e7\u00e3o e das estrat\u00e9gias das pol\u00edticas de sa\u00fade; 3) a materializa\u00e7\u00e3o da integralidade do cuidado como condi\u00e7\u00e3o de efetiva\u00e7\u00e3o do direito humano \u00e0 sa\u00fade; 4) a rela\u00e7\u00e3o entre integralidade e apoio como eixo orientador das atividades e a\u00e7\u00f5es, que permite aproximar as diferentes \u00e1reas program\u00e1ticas e a gest\u00e3o das pol\u00edticas de sa\u00fade. Para sua operacionaliza\u00e7\u00e3o contamos com a Rede Multic\u00eantrica de Pesquisa Incubadora da Integralidade, que re\u00fane pesquisadores discentes e docentes de institui\u00e7\u00f5es de Ensino Superior\u00a0do Brasil e de pa\u00edses da Am\u00e9rica Latina (atualmente Col\u00f4mbia e Argentina) numa perspectiva de solidariedade de conhecimento de suas produ\u00e7\u00f5es e projetos.<\/p>\n<p>Situa\u00e7\u00e3o: Em andamento; Natureza: Pesquisa.\u00a0<br class=\"clear\" \/>N\u00famero de alunos envolvidos: gradua\u00e7\u00e3o: 1; mestrado acad\u00eamico: 2; doutorado: 3.<\/p>\n<h4>Integrantes<\/h4>\n<p><a href=\"http:\/\/lappis.org.br\/site\/integrantes\" target=\"_blank\" rel=\"noopener\">Roseni Pinheiro<\/a> &#8211; Coordenadora \/ Gilson Saippa &#8211; Integrante \/ <a href=\"http:\/\/lappis.org.br\/site\/integrantes\" target=\"_blank\" rel=\"noopener\">Lilian Koifman<\/a> &#8211; Integrante \/ <a href=\"http:\/\/lappis.org.br\/site\/integrantes\" target=\"_blank\" rel=\"noopener\">Francine Guizardi<\/a> &#8211; Integrante \/ <a href=\"http:\/\/lappis.org.br\/site\/integrantes\" target=\"_blank\" rel=\"noopener\">Ana Maria Matheus Auler<\/a> &#8211; Integrante \/ <a href=\"http:\/\/lappis.org.br\/site\/integrantes\" target=\"_blank\" rel=\"noopener\">Rodrigo Pinheiro Silveira<\/a> &#8211; Integrante \/ <a href=\"http:\/\/lappis.org.br\/site\/integrantes\" target=\"_blank\" rel=\"noopener\">Maria Elizabeth Barros de Barros<\/a> &#8211; Integrante \/ <a href=\"http:\/\/lappis.org.br\/site\/integrantes\" target=\"_blank\" rel=\"noopener\">Aluisio Gomes da Silva Jr<\/a> &#8211; Integrante \/ <a href=\"http:\/\/lappis.org.br\/site\/integrantes\" target=\"_blank\" rel=\"noopener\">Fabio Hebert da Silva<\/a> &#8211; Integrante \/ <a href=\"http:\/\/lappis.org.br\/site\/integrantes\" target=\"_blank\" rel=\"noopener\">Tatiana Coelho Lopes<\/a> &#8211; Integrante \/ <a href=\"http:\/\/lappis.org.br\/site\/integrantes\" target=\"_blank\" rel=\"noopener\">Juliana Lofego<\/a> &#8211; Integrante \/ Andre Luis de Oliveira Mendon\u00e7a &#8211; Integrante \/<a href=\"http:\/\/lappis.org.br\/site\/integrantes\" target=\"_blank\" rel=\"noopener\"> Tatiana Engel Gerardt<\/a> &#8211; Integrante \/ <a href=\"http:\/\/lappis.org.br\/site\/integrantes\" target=\"_blank\" rel=\"noopener\">Pablo Francisco Di Leo<\/a> &#8211; Integrante \/ Gustavo Nunes de Oliveira &#8211; Integrante \/ Maria Pia Ventureli &#8211; Integrante \/ Paula Furlan &#8211; Integrante.<\/p>\n<p>&nbsp;<\/p>\n<h4>Financiadores\/Parceiros<\/h4>\n<p>CNPq &#8211; Bolsa \/ Funda\u00e7\u00e3o Carlos Chagas Filho de Amparo \u00e0 Pesquisa do Estado do RJ &#8211; Bolsa \/ Funda\u00e7\u00e3o Oswaldo Cruz &#8211; Coopera\u00e7\u00e3o \/ Hospital de Ensino Sofia Feldeman &#8211; Coopera\u00e7\u00e3o \/ Minist\u00e9rio da Sa\u00fade &#8211; Coopera\u00e7\u00e3o \/ Universidad de Buenos Aires &#8211; Coopera\u00e7\u00e3o \/ Universidade de Bras\u00edlia &#8211; Coopera\u00e7\u00e3o \/ Universidade Federal do Rio Grande do Sul &#8211; Coopera\u00e7\u00e3o \/ Universidade Federal Fluminense &#8211; Coopera\u00e7\u00e3o.<\/p>\n","protected":false},"excerpt":{"rendered":"<div class=\"mh-excerpt\"><p>Descri\u00e7\u00e3o Este projeto resulta de um ciclo virtuoso do projeto EnsinaSUS &#8211; Integralidade e as Gradua\u00e7\u00f5es (2004 &#8211; 2013), grupo de pesquisa do CNPq LAPPIS que teve sua amplia\u00e7\u00e3o aportada pelo projeto \u00c1reas Program\u00e1ticas estrat\u00e9gicas <a class=\"mh-excerpt-more\" href=\"https:\/\/lappis.org.br\/site\/ensinasus-integralidade-e-as-praticas-formativas-em-saude-pesquisa-extensao-e-ensino\/4927\" title=\"EnsinaSUS &#8211; Integralidade e as Pr\u00e1ticas Formativas em Sa\u00fade: Pesquisa, Extens\u00e3o e Ensino\">[&#8230;]<\/a><\/p>\n<\/div>","protected":false},"author":5,"featured_media":0,"comment_status":"closed","ping_status":"open","sticky":false,"template":"","format":"standard","meta":{"_acf_changed":false,"_exactmetrics_skip_tracking":false,"_exactmetrics_sitenote_active":false,"_exactmetrics_sitenote_note":"","_exactmetrics_sitenote_category":0,"jetpack_post_was_ever_published":false,"_jetpack_newsletter_access":"","_jetpack_dont_email_post_to_subs":false,"_jetpack_newsletter_tier_id":0,"_jetpack_memberships_contains_paywalled_content":false,"_jetpack_memberships_contains_paid_content":false,"footnotes":"","jetpack_publicize_message":"","jetpack_publicize_feature_enabled":true,"jetpack_social_post_already_shared":true,"jetpack_social_options":{"image_generator_settings":{"template":"highway","enabled":false},"version":2}},"categories":[732],"tags":[],"class_list":{"0":"post-4927","1":"post","2":"type-post","3":"status-publish","4":"format-standard","6":"category-projetos-de-pesquisa"},"jetpack_publicize_connections":[],"acf":[],"yoast_head":"<!-- This site is optimized with the Yoast SEO plugin v25.2 - https:\/\/yoast.com\/wordpress\/plugins\/seo\/ -->\n<title>EnsinaSUS - Integralidade e as Pr\u00e1ticas Formativas em Sa\u00fade: Pesquisa, Extens\u00e3o e Ensino - Lappis 25 anos<\/title>\n<meta name=\"robots\" content=\"index, follow, max-snippet:-1, max-image-preview:large, max-video-preview:-1\" \/>\n<link rel=\"canonical\" href=\"https:\/\/lappis.org.br\/site\/ensinasus-integralidade-e-as-praticas-formativas-em-saude-pesquisa-extensao-e-ensino\/4927\" \/>\n<meta property=\"og:locale\" content=\"pt_BR\" \/>\n<meta property=\"og:type\" content=\"article\" \/>\n<meta property=\"og:title\" content=\"EnsinaSUS - Integralidade e as Pr\u00e1ticas Formativas em Sa\u00fade: Pesquisa, Extens\u00e3o e Ensino - Lappis 25 anos\" \/>\n<meta property=\"og:description\" content=\"Descri\u00e7\u00e3o Este projeto resulta de um ciclo virtuoso do projeto EnsinaSUS &#8211; Integralidade e as Gradua\u00e7\u00f5es (2004 &#8211; 2013), grupo de pesquisa do CNPq LAPPIS que teve sua amplia\u00e7\u00e3o aportada pelo projeto \u00c1reas Program\u00e1ticas estrat\u00e9gicas [...]\" \/>\n<meta property=\"og:url\" content=\"https:\/\/lappis.org.br\/site\/ensinasus-integralidade-e-as-praticas-formativas-em-saude-pesquisa-extensao-e-ensino\/4927\" \/>\n<meta property=\"og:site_name\" content=\"Lappis 25 anos\" \/>\n<meta property=\"article:published_time\" content=\"2017-12-22T19:47:16+00:00\" \/>\n<meta property=\"article:modified_time\" content=\"2018-01-25T21:35:40+00:00\" \/>\n<meta name=\"author\" content=\"samuel\" \/>\n<meta name=\"twitter:card\" content=\"summary_large_image\" \/>\n<meta name=\"twitter:label1\" content=\"Escrito por\" \/>\n\t<meta name=\"twitter:data1\" content=\"samuel\" \/>\n\t<meta name=\"twitter:label2\" content=\"Est. tempo de leitura\" \/>\n\t<meta name=\"twitter:data2\" content=\"2 minutos\" \/>\n<script type=\"application\/ld+json\" class=\"yoast-schema-graph\">{\"@context\":\"https:\/\/schema.org\",\"@graph\":[{\"@type\":\"Article\",\"@id\":\"https:\/\/lappis.org.br\/site\/ensinasus-integralidade-e-as-praticas-formativas-em-saude-pesquisa-extensao-e-ensino\/4927#article\",\"isPartOf\":{\"@id\":\"https:\/\/lappis.org.br\/site\/ensinasus-integralidade-e-as-praticas-formativas-em-saude-pesquisa-extensao-e-ensino\/4927\"},\"author\":{\"name\":\"samuel\",\"@id\":\"https:\/\/lappis.org.br\/site\/#\/schema\/person\/aa4173d47d8b29405f51a13b3fac2e02\"},\"headline\":\"EnsinaSUS &#8211; Integralidade e as Pr\u00e1ticas Formativas em Sa\u00fade: Pesquisa, Extens\u00e3o e Ensino\",\"datePublished\":\"2017-12-22T19:47:16+00:00\",\"dateModified\":\"2018-01-25T21:35:40+00:00\",\"mainEntityOfPage\":{\"@id\":\"https:\/\/lappis.org.br\/site\/ensinasus-integralidade-e-as-praticas-formativas-em-saude-pesquisa-extensao-e-ensino\/4927\"},\"wordCount\":478,\"publisher\":{\"@id\":\"https:\/\/lappis.org.br\/site\/#organization\"},\"articleSection\":[\"Projetos de pesquisa\"],\"inLanguage\":\"pt-BR\"},{\"@type\":\"WebPage\",\"@id\":\"https:\/\/lappis.org.br\/site\/ensinasus-integralidade-e-as-praticas-formativas-em-saude-pesquisa-extensao-e-ensino\/4927\",\"url\":\"https:\/\/lappis.org.br\/site\/ensinasus-integralidade-e-as-praticas-formativas-em-saude-pesquisa-extensao-e-ensino\/4927\",\"name\":\"EnsinaSUS - Integralidade e as Pr\u00e1ticas Formativas em Sa\u00fade: Pesquisa, Extens\u00e3o e Ensino - Lappis 25 anos\",\"isPartOf\":{\"@id\":\"https:\/\/lappis.org.br\/site\/#website\"},\"datePublished\":\"2017-12-22T19:47:16+00:00\",\"dateModified\":\"2018-01-25T21:35:40+00:00\",\"breadcrumb\":{\"@id\":\"https:\/\/lappis.org.br\/site\/ensinasus-integralidade-e-as-praticas-formativas-em-saude-pesquisa-extensao-e-ensino\/4927#breadcrumb\"},\"inLanguage\":\"pt-BR\",\"potentialAction\":[{\"@type\":\"ReadAction\",\"target\":[\"https:\/\/lappis.org.br\/site\/ensinasus-integralidade-e-as-praticas-formativas-em-saude-pesquisa-extensao-e-ensino\/4927\"]}]},{\"@type\":\"BreadcrumbList\",\"@id\":\"https:\/\/lappis.org.br\/site\/ensinasus-integralidade-e-as-praticas-formativas-em-saude-pesquisa-extensao-e-ensino\/4927#breadcrumb\",\"itemListElement\":[{\"@type\":\"ListItem\",\"position\":1,\"name\":\"In\u00edcio\",\"item\":\"https:\/\/lappis.org.br\/site\/\"},{\"@type\":\"ListItem\",\"position\":2,\"name\":\"EnsinaSUS &#8211; Integralidade e as Pr\u00e1ticas Formativas em Sa\u00fade: Pesquisa, Extens\u00e3o e Ensino\"}]},{\"@type\":\"WebSite\",\"@id\":\"https:\/\/lappis.org.br\/site\/#website\",\"url\":\"https:\/\/lappis.org.br\/site\/\",\"name\":\"Lappis 25 anos\",\"description\":\"Labotat\u00f3rio de Pesquisas sobre Pr\u00e1ticas de Integralidade em Sa\u00fade\",\"publisher\":{\"@id\":\"https:\/\/lappis.org.br\/site\/#organization\"},\"potentialAction\":[{\"@type\":\"SearchAction\",\"target\":{\"@type\":\"EntryPoint\",\"urlTemplate\":\"https:\/\/lappis.org.br\/site\/?s={search_term_string}\"},\"query-input\":{\"@type\":\"PropertyValueSpecification\",\"valueRequired\":true,\"valueName\":\"search_term_string\"}}],\"inLanguage\":\"pt-BR\"},{\"@type\":\"Organization\",\"@id\":\"https:\/\/lappis.org.br\/site\/#organization\",\"name\":\"Lappis 25 anos\",\"url\":\"https:\/\/lappis.org.br\/site\/\",\"logo\":{\"@type\":\"ImageObject\",\"inLanguage\":\"pt-BR\",\"@id\":\"https:\/\/lappis.org.br\/site\/#\/schema\/logo\/image\/\",\"url\":\"https:\/\/lappis.org.br\/site\/wp-content\/uploads\/2025\/03\/logo-lappis25anos.png\",\"contentUrl\":\"https:\/\/lappis.org.br\/site\/wp-content\/uploads\/2025\/03\/logo-lappis25anos.png\",\"width\":388,\"height\":146,\"caption\":\"Lappis 25 anos\"},\"image\":{\"@id\":\"https:\/\/lappis.org.br\/site\/#\/schema\/logo\/image\/\"}},{\"@type\":\"Person\",\"@id\":\"https:\/\/lappis.org.br\/site\/#\/schema\/person\/aa4173d47d8b29405f51a13b3fac2e02\",\"name\":\"samuel\",\"image\":{\"@type\":\"ImageObject\",\"inLanguage\":\"pt-BR\",\"@id\":\"https:\/\/lappis.org.br\/site\/#\/schema\/person\/image\/\",\"url\":\"https:\/\/secure.gravatar.com\/avatar\/d6d73de88aea58dc53b2ce48794c84c1?s=96&d=mm&r=g\",\"contentUrl\":\"https:\/\/secure.gravatar.com\/avatar\/d6d73de88aea58dc53b2ce48794c84c1?s=96&d=mm&r=g\",\"caption\":\"samuel\"},\"url\":\"https:\/\/lappis.org.br\/site\/author\/samuel\"}]}<\/script>\n<!-- \/ Yoast SEO plugin. -->","yoast_head_json":{"title":"EnsinaSUS - Integralidade e as Pr\u00e1ticas Formativas em Sa\u00fade: Pesquisa, Extens\u00e3o e Ensino - Lappis 25 anos","robots":{"index":"index","follow":"follow","max-snippet":"max-snippet:-1","max-image-preview":"max-image-preview:large","max-video-preview":"max-video-preview:-1"},"canonical":"https:\/\/lappis.org.br\/site\/ensinasus-integralidade-e-as-praticas-formativas-em-saude-pesquisa-extensao-e-ensino\/4927","og_locale":"pt_BR","og_type":"article","og_title":"EnsinaSUS - Integralidade e as Pr\u00e1ticas Formativas em Sa\u00fade: Pesquisa, Extens\u00e3o e Ensino - Lappis 25 anos","og_description":"Descri\u00e7\u00e3o Este projeto resulta de um ciclo virtuoso do projeto EnsinaSUS &#8211; Integralidade e as Gradua\u00e7\u00f5es (2004 &#8211; 2013), grupo de pesquisa do CNPq LAPPIS que teve sua amplia\u00e7\u00e3o aportada pelo projeto \u00c1reas Program\u00e1ticas estrat\u00e9gicas [...]","og_url":"https:\/\/lappis.org.br\/site\/ensinasus-integralidade-e-as-praticas-formativas-em-saude-pesquisa-extensao-e-ensino\/4927","og_site_name":"Lappis 25 anos","article_published_time":"2017-12-22T19:47:16+00:00","article_modified_time":"2018-01-25T21:35:40+00:00","author":"samuel","twitter_card":"summary_large_image","twitter_misc":{"Escrito por":"samuel","Est. tempo de leitura":"2 minutos"},"schema":{"@context":"https:\/\/schema.org","@graph":[{"@type":"Article","@id":"https:\/\/lappis.org.br\/site\/ensinasus-integralidade-e-as-praticas-formativas-em-saude-pesquisa-extensao-e-ensino\/4927#article","isPartOf":{"@id":"https:\/\/lappis.org.br\/site\/ensinasus-integralidade-e-as-praticas-formativas-em-saude-pesquisa-extensao-e-ensino\/4927"},"author":{"name":"samuel","@id":"https:\/\/lappis.org.br\/site\/#\/schema\/person\/aa4173d47d8b29405f51a13b3fac2e02"},"headline":"EnsinaSUS &#8211; Integralidade e as Pr\u00e1ticas Formativas em Sa\u00fade: Pesquisa, Extens\u00e3o e Ensino","datePublished":"2017-12-22T19:47:16+00:00","dateModified":"2018-01-25T21:35:40+00:00","mainEntityOfPage":{"@id":"https:\/\/lappis.org.br\/site\/ensinasus-integralidade-e-as-praticas-formativas-em-saude-pesquisa-extensao-e-ensino\/4927"},"wordCount":478,"publisher":{"@id":"https:\/\/lappis.org.br\/site\/#organization"},"articleSection":["Projetos de pesquisa"],"inLanguage":"pt-BR"},{"@type":"WebPage","@id":"https:\/\/lappis.org.br\/site\/ensinasus-integralidade-e-as-praticas-formativas-em-saude-pesquisa-extensao-e-ensino\/4927","url":"https:\/\/lappis.org.br\/site\/ensinasus-integralidade-e-as-praticas-formativas-em-saude-pesquisa-extensao-e-ensino\/4927","name":"EnsinaSUS - Integralidade e as Pr\u00e1ticas Formativas em Sa\u00fade: Pesquisa, Extens\u00e3o e Ensino - Lappis 25 anos","isPartOf":{"@id":"https:\/\/lappis.org.br\/site\/#website"},"datePublished":"2017-12-22T19:47:16+00:00","dateModified":"2018-01-25T21:35:40+00:00","breadcrumb":{"@id":"https:\/\/lappis.org.br\/site\/ensinasus-integralidade-e-as-praticas-formativas-em-saude-pesquisa-extensao-e-ensino\/4927#breadcrumb"},"inLanguage":"pt-BR","potentialAction":[{"@type":"ReadAction","target":["https:\/\/lappis.org.br\/site\/ensinasus-integralidade-e-as-praticas-formativas-em-saude-pesquisa-extensao-e-ensino\/4927"]}]},{"@type":"BreadcrumbList","@id":"https:\/\/lappis.org.br\/site\/ensinasus-integralidade-e-as-praticas-formativas-em-saude-pesquisa-extensao-e-ensino\/4927#breadcrumb","itemListElement":[{"@type":"ListItem","position":1,"name":"In\u00edcio","item":"https:\/\/lappis.org.br\/site\/"},{"@type":"ListItem","position":2,"name":"EnsinaSUS &#8211; Integralidade e as Pr\u00e1ticas Formativas em Sa\u00fade: Pesquisa, Extens\u00e3o e Ensino"}]},{"@type":"WebSite","@id":"https:\/\/lappis.org.br\/site\/#website","url":"https:\/\/lappis.org.br\/site\/","name":"Lappis 25 anos","description":"Labotat\u00f3rio de Pesquisas sobre Pr\u00e1ticas de Integralidade em Sa\u00fade","publisher":{"@id":"https:\/\/lappis.org.br\/site\/#organization"},"potentialAction":[{"@type":"SearchAction","target":{"@type":"EntryPoint","urlTemplate":"https:\/\/lappis.org.br\/site\/?s={search_term_string}"},"query-input":{"@type":"PropertyValueSpecification","valueRequired":true,"valueName":"search_term_string"}}],"inLanguage":"pt-BR"},{"@type":"Organization","@id":"https:\/\/lappis.org.br\/site\/#organization","name":"Lappis 25 anos","url":"https:\/\/lappis.org.br\/site\/","logo":{"@type":"ImageObject","inLanguage":"pt-BR","@id":"https:\/\/lappis.org.br\/site\/#\/schema\/logo\/image\/","url":"https:\/\/lappis.org.br\/site\/wp-content\/uploads\/2025\/03\/logo-lappis25anos.png","contentUrl":"https:\/\/lappis.org.br\/site\/wp-content\/uploads\/2025\/03\/logo-lappis25anos.png","width":388,"height":146,"caption":"Lappis 25 anos"},"image":{"@id":"https:\/\/lappis.org.br\/site\/#\/schema\/logo\/image\/"}},{"@type":"Person","@id":"https:\/\/lappis.org.br\/site\/#\/schema\/person\/aa4173d47d8b29405f51a13b3fac2e02","name":"samuel","image":{"@type":"ImageObject","inLanguage":"pt-BR","@id":"https:\/\/lappis.org.br\/site\/#\/schema\/person\/image\/","url":"https:\/\/secure.gravatar.com\/avatar\/d6d73de88aea58dc53b2ce48794c84c1?s=96&d=mm&r=g","contentUrl":"https:\/\/secure.gravatar.com\/avatar\/d6d73de88aea58dc53b2ce48794c84c1?s=96&d=mm&r=g","caption":"samuel"},"url":"https:\/\/lappis.org.br\/site\/author\/samuel"}]}},"jetpack_featured_media_url":"","jetpack_shortlink":"https:\/\/wp.me\/p954Nh-1ht","jetpack_sharing_enabled":true,"_links":{"self":[{"href":"https:\/\/lappis.org.br\/site\/wp-json\/wp\/v2\/posts\/4927"}],"collection":[{"href":"https:\/\/lappis.org.br\/site\/wp-json\/wp\/v2\/posts"}],"about":[{"href":"https:\/\/lappis.org.br\/site\/wp-json\/wp\/v2\/types\/post"}],"author":[{"embeddable":true,"href":"https:\/\/lappis.org.br\/site\/wp-json\/wp\/v2\/users\/5"}],"replies":[{"embeddable":true,"href":"https:\/\/lappis.org.br\/site\/wp-json\/wp\/v2\/comments?post=4927"}],"version-history":[{"count":8,"href":"https:\/\/lappis.org.br\/site\/wp-json\/wp\/v2\/posts\/4927\/revisions"}],"predecessor-version":[{"id":5720,"href":"https:\/\/lappis.org.br\/site\/wp-json\/wp\/v2\/posts\/4927\/revisions\/5720"}],"wp:attachment":[{"href":"https:\/\/lappis.org.br\/site\/wp-json\/wp\/v2\/media?parent=4927"}],"wp:term":[{"taxonomy":"category","embeddable":true,"href":"https:\/\/lappis.org.br\/site\/wp-json\/wp\/v2\/categories?post=4927"},{"taxonomy":"post_tag","embeddable":true,"href":"https:\/\/lappis.org.br\/site\/wp-json\/wp\/v2\/tags?post=4927"}],"curies":[{"name":"wp","href":"https:\/\/api.w.org\/{rel}","templated":true}]}}