{"id":4925,"date":"2017-12-22T17:33:01","date_gmt":"2017-12-22T19:33:01","guid":{"rendered":"http:\/\/lappis.org.br\/site\/?p=4925"},"modified":"2018-01-25T19:40:37","modified_gmt":"2018-01-25T21:40:37","slug":"estudos-comparados-sobre-direito-humano-saude-saberes-e-praticas-nas-relacoes-entre-sociedade-gestao-e-judiciario-na-america-latina","status":"publish","type":"post","link":"https:\/\/lappis.org.br\/site\/estudos-comparados-sobre-direito-humano-saude-saberes-e-praticas-nas-relacoes-entre-sociedade-gestao-e-judiciario-na-america-latina\/4925","title":{"rendered":"Estudos Comparados sobre Direito Humano \u00e0 Sa\u00fade: Saberes e Pr\u00e1ticas nas Rela\u00e7\u00f5es entre Sociedade, Gest\u00e3o e Judici\u00e1rio na Am\u00e9rica Latina"},"content":{"rendered":"<h4>Descri\u00e7\u00e3o<\/h4>\n<p>Este projeto resulta na amplia\u00e7\u00e3o dos desdobramentos de dois projetos anteriores fundantes do Grupo de Pesquisa do CNPq LAPPIS: Estudos Multic\u00eantricos sobre Direito \u00e0 Sa\u00fade: as rela\u00e7\u00f5es entre espa\u00e7os p\u00fablicos, sociedade e Minist\u00e9rio P\u00fablico (2005-2013) e Estudo multic\u00eantrico sobre as rela\u00e7\u00f5es entre Sociedade, Gest\u00e3o e Judici\u00e1rio na efetiva\u00e7\u00e3o do direito \u00e0 sa\u00fade (2012-2014) que teve suas atividades dimensionadas no XIV Semin\u00e1rio Binacional do Projeto Integralidade &#8211; Cultura do Cuidado e Cuidado na Cultura: dilemas, desafios e avan\u00e7os na efetiva\u00e7\u00e3o do Direito Humano \u00e0 Sa\u00fade nos pa\u00edses do Mercosul &#8211; realizado no per\u00edodo de 13 a 17 de outubro de 2014 na UFRGS em Porto Alegre, Brasil e na Universidade de Buenos Aires, Argentina. Seu objetivo primordial consiste em estudar criticamente um conjunto de sentidos, significados e valores atribu\u00eddos ao direito \u00e0 sa\u00fade na Am\u00e9rica Latina, buscando identificar nexos constituintes do processo de efetiva\u00e7\u00e3o deste direito pelas diversas institui\u00e7\u00f5es jur\u00eddicas, pol\u00edticas e sociais na rela\u00e7\u00e3o com a sociedade. Para sua operacionaliza\u00e7\u00e3o contamos com a Rede Multic\u00eantrica de Pesquisa Incubadora da Integralidade, que re\u00fane pesquisadores discentes e docentes de institui\u00e7\u00f5es de Ensino Superior do Brasil e de pa\u00edses da Am\u00e9rica Latina (atualmente Col\u00f4mbia e Argentina) numa perspectiva de solidariedade de conhecimento de suas produ\u00e7\u00f5es e projetos.<\/p>\n<p>Situa\u00e7\u00e3o: Em andamento; Natureza: Pesquisa.\u00a0<br class=\"clear\" \/>N\u00famero de alunos envolvidos: gradua\u00e7\u00e3o: 1; mestrado acad\u00eamico: 1; doutorado: 3.<\/p>\n<p>&nbsp;<\/p>\n<h4>Integrantes<\/h4>\n<p><a href=\"http:\/\/lappis.org.br\/site\/integrantes\" target=\"_blank\" rel=\"noopener\">Roseni Pinheiro<\/a> &#8211; Coordenadora \/ <a href=\"http:\/\/lappis.org.br\/site\/integrantes\" target=\"_blank\" rel=\"noopener\">Felipe Dutra Asensi<\/a> &#8211; Integrante \/ <a href=\"http:\/\/lappis.org.br\/site\/integrantes\" target=\"_blank\" rel=\"noopener\">Ana Maria Matheus Auler<\/a> &#8211; Integrante \/ <a href=\"http:\/\/lappis.org.br\/site\/integrantes\" target=\"_blank\" rel=\"noopener\">Janine Cardoso<\/a> &#8211; Integrante \/ <a href=\"http:\/\/lappis.org.br\/site\/integrantes\" target=\"_blank\" rel=\"noopener\">Alu\u00edsio Gomes da Silva Jr<\/a> &#8211; Integrante \/ <a href=\"http:\/\/lappis.org.br\/site\/integrantes\" target=\"_blank\" rel=\"noopener\">Fabio Hebert da Silva<\/a> &#8211; Integrante \/ <a href=\"http:\/\/lappis.org.br\/site\/integrantes\" target=\"_blank\" rel=\"noopener\">Tatiana Coelho Lopes<\/a> &#8211; Integrante \/ <a href=\"http:\/\/lappis.org.br\/site\/integrantes\" target=\"_blank\" rel=\"noopener\">Paulo Henrique Martins<\/a> &#8211; Integrante \/ <a href=\"http:\/\/lappis.org.br\/site\/integrantes\" target=\"_blank\" rel=\"noopener\">Bethania Assy<\/a> &#8211; Integrante \/ Leny Trad &#8211; Integrante \/ <a href=\"http:\/\/lappis.org.br\/site\/integrantes\" target=\"_blank\" rel=\"noopener\">Juliana Lofego<\/a> &#8211; Integrante \/ Andre Luis de Oliveira Mendon\u00e7a &#8211; Integrante \/ <a href=\"http:\/\/lappis.org.br\/site\/integrantes\" target=\"_blank\" rel=\"noopener\">Francisco Javier Guerrero Ortega<\/a> &#8211; Integrante \/ <a href=\"http:\/\/lappis.org.br\/site\/integrantes\" target=\"_blank\" rel=\"noopener\">Tatiana Engel Gerardt<\/a> &#8211; Integrante \/<a href=\"http:\/\/lappis.org.br\/site\/integrantes\" target=\"_blank\" rel=\"noopener\"> Pablo Franciso Di Leo<\/a> &#8211; Integrante \/ Gustavo Nunes de Oliveira &#8211; Integrante \/ Maria Pia Ventureli &#8211; Integrante.<\/p>\n<p>&nbsp;<\/p>\n<h4>Financiadores\/Parceiros<\/h4>\n<p>Associa\u00e7\u00e3o Brasileira de Sa\u00fade Coletiva &#8211; Coopera\u00e7\u00e3o \/ Consejo Nacional de Investigaciones Cient\u00edficas y T\u00e9cnicas &#8211; Coopera\u00e7\u00e3o \/ Conselho Nacional de Desenvolvimento Cient\u00edfico e Tecnol\u00f3gico &#8211; Bolsa \/ Funda\u00e7\u00e3o de Amparo \u00e0 Pesquisa do Estado do Rio Grande do Sul &#8211; Outra \/ Funda\u00e7\u00e3o Oswaldo Cruz &#8211; Coopera\u00e7\u00e3o \/ Organiza\u00e7\u00e3o Pan-Americana da Sa\u00fade\/Organiza\u00e7\u00e3o Mundial da Sa\u00fade &#8211; Coopera\u00e7\u00e3o \/ Universidad de Buenos Aires &#8211; Coopera\u00e7\u00e3o \/ Universidade de Bras\u00edlia &#8211; Coopera\u00e7\u00e3o \/ Universidade Federal da Bahia &#8211; Coopera\u00e7\u00e3o \/ Universidade Federal do Rio Grande do Sul &#8211; Coopera\u00e7\u00e3o \/ Centro de Estudos e Pesquisa em Sa\u00fade Coletiva &#8211; Outra.<\/p>\n","protected":false},"excerpt":{"rendered":"<div class=\"mh-excerpt\"><p>Descri\u00e7\u00e3o Este projeto resulta na amplia\u00e7\u00e3o dos desdobramentos de dois projetos anteriores fundantes do Grupo de Pesquisa do CNPq LAPPIS: Estudos Multic\u00eantricos sobre Direito \u00e0 Sa\u00fade: as rela\u00e7\u00f5es entre espa\u00e7os p\u00fablicos, sociedade e Minist\u00e9rio P\u00fablico <a class=\"mh-excerpt-more\" href=\"https:\/\/lappis.org.br\/site\/estudos-comparados-sobre-direito-humano-saude-saberes-e-praticas-nas-relacoes-entre-sociedade-gestao-e-judiciario-na-america-latina\/4925\" title=\"Estudos Comparados sobre Direito Humano \u00e0 Sa\u00fade: Saberes e Pr\u00e1ticas nas Rela\u00e7\u00f5es entre Sociedade, Gest\u00e3o e Judici\u00e1rio na Am\u00e9rica Latina\">[&#8230;]<\/a><\/p>\n<\/div>","protected":false},"author":5,"featured_media":0,"comment_status":"closed","ping_status":"open","sticky":false,"template":"","format":"standard","meta":{"_acf_changed":false,"_exactmetrics_skip_tracking":false,"_exactmetrics_sitenote_active":false,"_exactmetrics_sitenote_note":"","_exactmetrics_sitenote_category":0,"jetpack_post_was_ever_published":false,"_jetpack_newsletter_access":"","_jetpack_dont_email_post_to_subs":false,"_jetpack_newsletter_tier_id":0,"_jetpack_memberships_contains_paywalled_content":false,"_jetpack_memberships_contains_paid_content":false,"footnotes":"","jetpack_publicize_message":"","jetpack_publicize_feature_enabled":true,"jetpack_social_post_already_shared":true,"jetpack_social_options":{"image_generator_settings":{"template":"highway","enabled":false},"version":2}},"categories":[732],"tags":[],"class_list":{"0":"post-4925","1":"post","2":"type-post","3":"status-publish","4":"format-standard","6":"category-projetos-de-pesquisa"},"jetpack_publicize_connections":[],"acf":[],"yoast_head":"<!-- This site is optimized with the Yoast SEO plugin v25.2 - https:\/\/yoast.com\/wordpress\/plugins\/seo\/ -->\n<title>Estudos Comparados sobre Direito Humano \u00e0 Sa\u00fade: Saberes e Pr\u00e1ticas nas Rela\u00e7\u00f5es entre Sociedade, Gest\u00e3o e Judici\u00e1rio na Am\u00e9rica Latina - Lappis 25 anos<\/title>\n<meta name=\"robots\" content=\"index, follow, max-snippet:-1, max-image-preview:large, max-video-preview:-1\" \/>\n<link rel=\"canonical\" href=\"https:\/\/lappis.org.br\/site\/estudos-comparados-sobre-direito-humano-saude-saberes-e-praticas-nas-relacoes-entre-sociedade-gestao-e-judiciario-na-america-latina\/4925\" \/>\n<meta property=\"og:locale\" content=\"pt_BR\" \/>\n<meta property=\"og:type\" content=\"article\" \/>\n<meta property=\"og:title\" content=\"Estudos Comparados sobre Direito Humano \u00e0 Sa\u00fade: Saberes e Pr\u00e1ticas nas Rela\u00e7\u00f5es entre Sociedade, Gest\u00e3o e Judici\u00e1rio na Am\u00e9rica Latina - Lappis 25 anos\" \/>\n<meta property=\"og:description\" content=\"Descri\u00e7\u00e3o Este projeto resulta na amplia\u00e7\u00e3o dos desdobramentos de dois projetos anteriores fundantes do Grupo de Pesquisa do CNPq LAPPIS: Estudos Multic\u00eantricos sobre Direito \u00e0 Sa\u00fade: as rela\u00e7\u00f5es entre espa\u00e7os p\u00fablicos, sociedade e Minist\u00e9rio P\u00fablico [...]\" \/>\n<meta property=\"og:url\" content=\"https:\/\/lappis.org.br\/site\/estudos-comparados-sobre-direito-humano-saude-saberes-e-praticas-nas-relacoes-entre-sociedade-gestao-e-judiciario-na-america-latina\/4925\" \/>\n<meta property=\"og:site_name\" content=\"Lappis 25 anos\" \/>\n<meta property=\"article:published_time\" content=\"2017-12-22T19:33:01+00:00\" \/>\n<meta property=\"article:modified_time\" content=\"2018-01-25T21:40:37+00:00\" \/>\n<meta name=\"author\" content=\"samuel\" \/>\n<meta name=\"twitter:card\" content=\"summary_large_image\" \/>\n<meta name=\"twitter:label1\" content=\"Escrito por\" \/>\n\t<meta name=\"twitter:data1\" content=\"samuel\" \/>\n\t<meta name=\"twitter:label2\" content=\"Est. tempo de leitura\" \/>\n\t<meta name=\"twitter:data2\" content=\"2 minutos\" \/>\n<script type=\"application\/ld+json\" class=\"yoast-schema-graph\">{\"@context\":\"https:\/\/schema.org\",\"@graph\":[{\"@type\":\"Article\",\"@id\":\"https:\/\/lappis.org.br\/site\/estudos-comparados-sobre-direito-humano-saude-saberes-e-praticas-nas-relacoes-entre-sociedade-gestao-e-judiciario-na-america-latina\/4925#article\",\"isPartOf\":{\"@id\":\"https:\/\/lappis.org.br\/site\/estudos-comparados-sobre-direito-humano-saude-saberes-e-praticas-nas-relacoes-entre-sociedade-gestao-e-judiciario-na-america-latina\/4925\"},\"author\":{\"name\":\"samuel\",\"@id\":\"https:\/\/lappis.org.br\/site\/#\/schema\/person\/aa4173d47d8b29405f51a13b3fac2e02\"},\"headline\":\"Estudos Comparados sobre Direito Humano \u00e0 Sa\u00fade: Saberes e Pr\u00e1ticas nas Rela\u00e7\u00f5es entre Sociedade, Gest\u00e3o e Judici\u00e1rio na Am\u00e9rica Latina\",\"datePublished\":\"2017-12-22T19:33:01+00:00\",\"dateModified\":\"2018-01-25T21:40:37+00:00\",\"mainEntityOfPage\":{\"@id\":\"https:\/\/lappis.org.br\/site\/estudos-comparados-sobre-direito-humano-saude-saberes-e-praticas-nas-relacoes-entre-sociedade-gestao-e-judiciario-na-america-latina\/4925\"},\"wordCount\":484,\"publisher\":{\"@id\":\"https:\/\/lappis.org.br\/site\/#organization\"},\"articleSection\":[\"Projetos de pesquisa\"],\"inLanguage\":\"pt-BR\"},{\"@type\":\"WebPage\",\"@id\":\"https:\/\/lappis.org.br\/site\/estudos-comparados-sobre-direito-humano-saude-saberes-e-praticas-nas-relacoes-entre-sociedade-gestao-e-judiciario-na-america-latina\/4925\",\"url\":\"https:\/\/lappis.org.br\/site\/estudos-comparados-sobre-direito-humano-saude-saberes-e-praticas-nas-relacoes-entre-sociedade-gestao-e-judiciario-na-america-latina\/4925\",\"name\":\"Estudos Comparados sobre Direito Humano \u00e0 Sa\u00fade: Saberes e Pr\u00e1ticas nas Rela\u00e7\u00f5es entre Sociedade, Gest\u00e3o e Judici\u00e1rio na Am\u00e9rica Latina - Lappis 25 anos\",\"isPartOf\":{\"@id\":\"https:\/\/lappis.org.br\/site\/#website\"},\"datePublished\":\"2017-12-22T19:33:01+00:00\",\"dateModified\":\"2018-01-25T21:40:37+00:00\",\"breadcrumb\":{\"@id\":\"https:\/\/lappis.org.br\/site\/estudos-comparados-sobre-direito-humano-saude-saberes-e-praticas-nas-relacoes-entre-sociedade-gestao-e-judiciario-na-america-latina\/4925#breadcrumb\"},\"inLanguage\":\"pt-BR\",\"potentialAction\":[{\"@type\":\"ReadAction\",\"target\":[\"https:\/\/lappis.org.br\/site\/estudos-comparados-sobre-direito-humano-saude-saberes-e-praticas-nas-relacoes-entre-sociedade-gestao-e-judiciario-na-america-latina\/4925\"]}]},{\"@type\":\"BreadcrumbList\",\"@id\":\"https:\/\/lappis.org.br\/site\/estudos-comparados-sobre-direito-humano-saude-saberes-e-praticas-nas-relacoes-entre-sociedade-gestao-e-judiciario-na-america-latina\/4925#breadcrumb\",\"itemListElement\":[{\"@type\":\"ListItem\",\"position\":1,\"name\":\"In\u00edcio\",\"item\":\"https:\/\/lappis.org.br\/site\/\"},{\"@type\":\"ListItem\",\"position\":2,\"name\":\"Estudos Comparados sobre Direito Humano \u00e0 Sa\u00fade: Saberes e Pr\u00e1ticas nas Rela\u00e7\u00f5es entre Sociedade, Gest\u00e3o e Judici\u00e1rio na Am\u00e9rica Latina\"}]},{\"@type\":\"WebSite\",\"@id\":\"https:\/\/lappis.org.br\/site\/#website\",\"url\":\"https:\/\/lappis.org.br\/site\/\",\"name\":\"Lappis 25 anos\",\"description\":\"Labotat\u00f3rio de Pesquisas sobre Pr\u00e1ticas de Integralidade em Sa\u00fade\",\"publisher\":{\"@id\":\"https:\/\/lappis.org.br\/site\/#organization\"},\"potentialAction\":[{\"@type\":\"SearchAction\",\"target\":{\"@type\":\"EntryPoint\",\"urlTemplate\":\"https:\/\/lappis.org.br\/site\/?s={search_term_string}\"},\"query-input\":{\"@type\":\"PropertyValueSpecification\",\"valueRequired\":true,\"valueName\":\"search_term_string\"}}],\"inLanguage\":\"pt-BR\"},{\"@type\":\"Organization\",\"@id\":\"https:\/\/lappis.org.br\/site\/#organization\",\"name\":\"Lappis 25 anos\",\"url\":\"https:\/\/lappis.org.br\/site\/\",\"logo\":{\"@type\":\"ImageObject\",\"inLanguage\":\"pt-BR\",\"@id\":\"https:\/\/lappis.org.br\/site\/#\/schema\/logo\/image\/\",\"url\":\"https:\/\/lappis.org.br\/site\/wp-content\/uploads\/2025\/03\/logo-lappis25anos.png\",\"contentUrl\":\"https:\/\/lappis.org.br\/site\/wp-content\/uploads\/2025\/03\/logo-lappis25anos.png\",\"width\":388,\"height\":146,\"caption\":\"Lappis 25 anos\"},\"image\":{\"@id\":\"https:\/\/lappis.org.br\/site\/#\/schema\/logo\/image\/\"}},{\"@type\":\"Person\",\"@id\":\"https:\/\/lappis.org.br\/site\/#\/schema\/person\/aa4173d47d8b29405f51a13b3fac2e02\",\"name\":\"samuel\",\"image\":{\"@type\":\"ImageObject\",\"inLanguage\":\"pt-BR\",\"@id\":\"https:\/\/lappis.org.br\/site\/#\/schema\/person\/image\/\",\"url\":\"https:\/\/secure.gravatar.com\/avatar\/d6d73de88aea58dc53b2ce48794c84c1?s=96&d=mm&r=g\",\"contentUrl\":\"https:\/\/secure.gravatar.com\/avatar\/d6d73de88aea58dc53b2ce48794c84c1?s=96&d=mm&r=g\",\"caption\":\"samuel\"},\"url\":\"https:\/\/lappis.org.br\/site\/author\/samuel\"}]}<\/script>\n<!-- \/ Yoast SEO plugin. -->","yoast_head_json":{"title":"Estudos Comparados sobre Direito Humano \u00e0 Sa\u00fade: Saberes e Pr\u00e1ticas nas Rela\u00e7\u00f5es entre Sociedade, Gest\u00e3o e Judici\u00e1rio na Am\u00e9rica Latina - Lappis 25 anos","robots":{"index":"index","follow":"follow","max-snippet":"max-snippet:-1","max-image-preview":"max-image-preview:large","max-video-preview":"max-video-preview:-1"},"canonical":"https:\/\/lappis.org.br\/site\/estudos-comparados-sobre-direito-humano-saude-saberes-e-praticas-nas-relacoes-entre-sociedade-gestao-e-judiciario-na-america-latina\/4925","og_locale":"pt_BR","og_type":"article","og_title":"Estudos Comparados sobre Direito Humano \u00e0 Sa\u00fade: Saberes e Pr\u00e1ticas nas Rela\u00e7\u00f5es entre Sociedade, Gest\u00e3o e Judici\u00e1rio na Am\u00e9rica Latina - Lappis 25 anos","og_description":"Descri\u00e7\u00e3o Este projeto resulta na amplia\u00e7\u00e3o dos desdobramentos de dois projetos anteriores fundantes do Grupo de Pesquisa do CNPq LAPPIS: Estudos Multic\u00eantricos sobre Direito \u00e0 Sa\u00fade: as rela\u00e7\u00f5es entre espa\u00e7os p\u00fablicos, sociedade e Minist\u00e9rio P\u00fablico [...]","og_url":"https:\/\/lappis.org.br\/site\/estudos-comparados-sobre-direito-humano-saude-saberes-e-praticas-nas-relacoes-entre-sociedade-gestao-e-judiciario-na-america-latina\/4925","og_site_name":"Lappis 25 anos","article_published_time":"2017-12-22T19:33:01+00:00","article_modified_time":"2018-01-25T21:40:37+00:00","author":"samuel","twitter_card":"summary_large_image","twitter_misc":{"Escrito por":"samuel","Est. tempo de leitura":"2 minutos"},"schema":{"@context":"https:\/\/schema.org","@graph":[{"@type":"Article","@id":"https:\/\/lappis.org.br\/site\/estudos-comparados-sobre-direito-humano-saude-saberes-e-praticas-nas-relacoes-entre-sociedade-gestao-e-judiciario-na-america-latina\/4925#article","isPartOf":{"@id":"https:\/\/lappis.org.br\/site\/estudos-comparados-sobre-direito-humano-saude-saberes-e-praticas-nas-relacoes-entre-sociedade-gestao-e-judiciario-na-america-latina\/4925"},"author":{"name":"samuel","@id":"https:\/\/lappis.org.br\/site\/#\/schema\/person\/aa4173d47d8b29405f51a13b3fac2e02"},"headline":"Estudos Comparados sobre Direito Humano \u00e0 Sa\u00fade: Saberes e Pr\u00e1ticas nas Rela\u00e7\u00f5es entre Sociedade, Gest\u00e3o e Judici\u00e1rio na Am\u00e9rica Latina","datePublished":"2017-12-22T19:33:01+00:00","dateModified":"2018-01-25T21:40:37+00:00","mainEntityOfPage":{"@id":"https:\/\/lappis.org.br\/site\/estudos-comparados-sobre-direito-humano-saude-saberes-e-praticas-nas-relacoes-entre-sociedade-gestao-e-judiciario-na-america-latina\/4925"},"wordCount":484,"publisher":{"@id":"https:\/\/lappis.org.br\/site\/#organization"},"articleSection":["Projetos de pesquisa"],"inLanguage":"pt-BR"},{"@type":"WebPage","@id":"https:\/\/lappis.org.br\/site\/estudos-comparados-sobre-direito-humano-saude-saberes-e-praticas-nas-relacoes-entre-sociedade-gestao-e-judiciario-na-america-latina\/4925","url":"https:\/\/lappis.org.br\/site\/estudos-comparados-sobre-direito-humano-saude-saberes-e-praticas-nas-relacoes-entre-sociedade-gestao-e-judiciario-na-america-latina\/4925","name":"Estudos Comparados sobre Direito Humano \u00e0 Sa\u00fade: Saberes e Pr\u00e1ticas nas Rela\u00e7\u00f5es entre Sociedade, Gest\u00e3o e Judici\u00e1rio na Am\u00e9rica Latina - Lappis 25 anos","isPartOf":{"@id":"https:\/\/lappis.org.br\/site\/#website"},"datePublished":"2017-12-22T19:33:01+00:00","dateModified":"2018-01-25T21:40:37+00:00","breadcrumb":{"@id":"https:\/\/lappis.org.br\/site\/estudos-comparados-sobre-direito-humano-saude-saberes-e-praticas-nas-relacoes-entre-sociedade-gestao-e-judiciario-na-america-latina\/4925#breadcrumb"},"inLanguage":"pt-BR","potentialAction":[{"@type":"ReadAction","target":["https:\/\/lappis.org.br\/site\/estudos-comparados-sobre-direito-humano-saude-saberes-e-praticas-nas-relacoes-entre-sociedade-gestao-e-judiciario-na-america-latina\/4925"]}]},{"@type":"BreadcrumbList","@id":"https:\/\/lappis.org.br\/site\/estudos-comparados-sobre-direito-humano-saude-saberes-e-praticas-nas-relacoes-entre-sociedade-gestao-e-judiciario-na-america-latina\/4925#breadcrumb","itemListElement":[{"@type":"ListItem","position":1,"name":"In\u00edcio","item":"https:\/\/lappis.org.br\/site\/"},{"@type":"ListItem","position":2,"name":"Estudos Comparados sobre Direito Humano \u00e0 Sa\u00fade: Saberes e Pr\u00e1ticas nas Rela\u00e7\u00f5es entre Sociedade, Gest\u00e3o e Judici\u00e1rio na Am\u00e9rica Latina"}]},{"@type":"WebSite","@id":"https:\/\/lappis.org.br\/site\/#website","url":"https:\/\/lappis.org.br\/site\/","name":"Lappis 25 anos","description":"Labotat\u00f3rio de Pesquisas sobre Pr\u00e1ticas de Integralidade em Sa\u00fade","publisher":{"@id":"https:\/\/lappis.org.br\/site\/#organization"},"potentialAction":[{"@type":"SearchAction","target":{"@type":"EntryPoint","urlTemplate":"https:\/\/lappis.org.br\/site\/?s={search_term_string}"},"query-input":{"@type":"PropertyValueSpecification","valueRequired":true,"valueName":"search_term_string"}}],"inLanguage":"pt-BR"},{"@type":"Organization","@id":"https:\/\/lappis.org.br\/site\/#organization","name":"Lappis 25 anos","url":"https:\/\/lappis.org.br\/site\/","logo":{"@type":"ImageObject","inLanguage":"pt-BR","@id":"https:\/\/lappis.org.br\/site\/#\/schema\/logo\/image\/","url":"https:\/\/lappis.org.br\/site\/wp-content\/uploads\/2025\/03\/logo-lappis25anos.png","contentUrl":"https:\/\/lappis.org.br\/site\/wp-content\/uploads\/2025\/03\/logo-lappis25anos.png","width":388,"height":146,"caption":"Lappis 25 anos"},"image":{"@id":"https:\/\/lappis.org.br\/site\/#\/schema\/logo\/image\/"}},{"@type":"Person","@id":"https:\/\/lappis.org.br\/site\/#\/schema\/person\/aa4173d47d8b29405f51a13b3fac2e02","name":"samuel","image":{"@type":"ImageObject","inLanguage":"pt-BR","@id":"https:\/\/lappis.org.br\/site\/#\/schema\/person\/image\/","url":"https:\/\/secure.gravatar.com\/avatar\/d6d73de88aea58dc53b2ce48794c84c1?s=96&d=mm&r=g","contentUrl":"https:\/\/secure.gravatar.com\/avatar\/d6d73de88aea58dc53b2ce48794c84c1?s=96&d=mm&r=g","caption":"samuel"},"url":"https:\/\/lappis.org.br\/site\/author\/samuel"}]}},"jetpack_featured_media_url":"","jetpack_shortlink":"https:\/\/wp.me\/p954Nh-1hr","jetpack_sharing_enabled":true,"_links":{"self":[{"href":"https:\/\/lappis.org.br\/site\/wp-json\/wp\/v2\/posts\/4925"}],"collection":[{"href":"https:\/\/lappis.org.br\/site\/wp-json\/wp\/v2\/posts"}],"about":[{"href":"https:\/\/lappis.org.br\/site\/wp-json\/wp\/v2\/types\/post"}],"author":[{"embeddable":true,"href":"https:\/\/lappis.org.br\/site\/wp-json\/wp\/v2\/users\/5"}],"replies":[{"embeddable":true,"href":"https:\/\/lappis.org.br\/site\/wp-json\/wp\/v2\/comments?post=4925"}],"version-history":[{"count":8,"href":"https:\/\/lappis.org.br\/site\/wp-json\/wp\/v2\/posts\/4925\/revisions"}],"predecessor-version":[{"id":5721,"href":"https:\/\/lappis.org.br\/site\/wp-json\/wp\/v2\/posts\/4925\/revisions\/5721"}],"wp:attachment":[{"href":"https:\/\/lappis.org.br\/site\/wp-json\/wp\/v2\/media?parent=4925"}],"wp:term":[{"taxonomy":"category","embeddable":true,"href":"https:\/\/lappis.org.br\/site\/wp-json\/wp\/v2\/categories?post=4925"},{"taxonomy":"post_tag","embeddable":true,"href":"https:\/\/lappis.org.br\/site\/wp-json\/wp\/v2\/tags?post=4925"}],"curies":[{"name":"wp","href":"https:\/\/api.w.org\/{rel}","templated":true}]}}