{"id":4908,"date":"2017-12-22T11:57:07","date_gmt":"2017-12-22T13:57:07","guid":{"rendered":"http:\/\/lappis.org.br\/site\/?p=4908"},"modified":"2018-06-19T18:36:05","modified_gmt":"2018-06-19T21:36:05","slug":"direito-e-politicas-publicas-em-torno-da-cultura-do-cuidado-pessoas-em-situacoes-de-deficiencia-violencia-e-consumo-de-drogas-em-bairros-carentes-do-rio-de-janeiro-e-buenos-aires","status":"publish","type":"post","link":"https:\/\/lappis.org.br\/site\/direito-e-politicas-publicas-em-torno-da-cultura-do-cuidado-pessoas-em-situacoes-de-deficiencia-violencia-e-consumo-de-drogas-em-bairros-carentes-do-rio-de-janeiro-e-buenos-aires\/4908","title":{"rendered":"Direito e Pol\u00edticas P\u00fablicas em Torno da Cultura do Cuidado a Pessoas em Situa\u00e7\u00f5es de Defici\u00eancia, Viol\u00eancia e Consumo de Drogas em Bairros Carentes do Rio de Janeiro e Buenos Aires"},"content":{"rendered":"<h4><strong>Descri\u00e7\u00e3o<\/strong><\/h4>\n<p>Trata-se de um projeto de coopera\u00e7\u00e3o bilateral CAPES\/MINCYT 271\/15, EDITAL CAPES n. 22\/2014, com a Universidade de Buenos Aires, Argentina, que teve como objetivo analisar as normas e estrat\u00e9gias governamentais para o cuidado a pessoas em situa\u00e7\u00f5es de defici\u00eancia, viol\u00eancia e consumo de drogas que residam em bairros carentes das cidades do Rio de Janeiro e Buenos Aires, al\u00e9m de capacitar sobre a cultura do cuidado e o cuidado na cultura a partir de experi\u00eancias de interven\u00e7\u00e3o na gest\u00e3o da integralidade do cuidado voltadas para demandas de popula\u00e7\u00f5es especificas e com grande vulnerabilidade social.<\/p>\n<p>Situa\u00e7\u00e3o: Conclu\u00eddo; Natureza: Pesquisa.\u00a0<br class=\"clear\" \/>N\u00famero de alunos envolvidos: gradua\u00e7\u00e3o: 1; mestrado acad\u00eamico: 3; doutorado: 3.\u00a0<br class=\"clear\" \/><br class=\"clear\" \/><\/p>\n<h4><strong>Integrantes<\/strong><\/h4>\n<p><a href=\"http:\/\/lappis.org.br\/site\/integrantes\" target=\"_blank\" rel=\"noopener\">Roseni Pinheiro<\/a> &#8211; Coordenadora \/ <a href=\"http:\/\/lappis.org.br\/site\/integrantes\" target=\"_blank\" rel=\"noopener\">Felipe Dutra Asensi<\/a> &#8211; Integrante \/<a href=\"http:\/\/lappis.org.br\/site\/integrantes\" target=\"_blank\" rel=\"noopener\"> Rodrigo Pinheiro Silveira<\/a> &#8211; Integrante \/ <a href=\"http:\/\/lappis.org.br\/site\/integrantes\" target=\"_blank\" rel=\"noopener\">Tatiana Coelho Lopes<\/a> &#8211; Integrante \/ <a href=\"http:\/\/lappis.org.br\/site\/integrantes\" target=\"_blank\" rel=\"noopener\">Juliana Lofego<\/a> &#8211; Integrante \/ <a href=\"http:\/\/lappis.org.br\/site\/integrantes\" target=\"_blank\" rel=\"noopener\">Tatiana Engel Gerardt<\/a> &#8211; Integrante \/ <a href=\"http:\/\/lappis.org.br\/site\/integrantes\" target=\"_blank\" rel=\"noopener\">Pablo Franciso Di Leo<\/a> &#8211; Integrante \/ Maria Pia Ventureli &#8211; Integrante \/ <a href=\"http:\/\/lappis.org.br\/site\/integrantes\" target=\"_blank\" rel=\"noopener\">Lucas Manoel da Silva Cabral<\/a> &#8211; Integrante.<\/p>\n<p>&nbsp;<\/p>\n<h4>Financiador\/Parceiro<\/h4>\n<p>CAPES &#8211; Coordena\u00e7\u00e3o de Aperfei\u00e7oamento de Pessoal de N\u00edvel Superior &#8211; Aux\u00edlio financeiro.<\/p>\n","protected":false},"excerpt":{"rendered":"<div class=\"mh-excerpt\"><p>Descri\u00e7\u00e3o Trata-se de um projeto de coopera\u00e7\u00e3o bilateral CAPES\/MINCYT 271\/15, EDITAL CAPES n. 22\/2014, com a Universidade de Buenos Aires, Argentina, que teve como objetivo analisar as normas e estrat\u00e9gias governamentais para o cuidado a <a class=\"mh-excerpt-more\" href=\"https:\/\/lappis.org.br\/site\/direito-e-politicas-publicas-em-torno-da-cultura-do-cuidado-pessoas-em-situacoes-de-deficiencia-violencia-e-consumo-de-drogas-em-bairros-carentes-do-rio-de-janeiro-e-buenos-aires\/4908\" title=\"Direito e Pol\u00edticas P\u00fablicas em Torno da Cultura do Cuidado a Pessoas em Situa\u00e7\u00f5es de Defici\u00eancia, Viol\u00eancia e Consumo de Drogas em Bairros Carentes do Rio de Janeiro e Buenos Aires\">[&#8230;]<\/a><\/p>\n<\/div>","protected":false},"author":5,"featured_media":0,"comment_status":"closed","ping_status":"open","sticky":false,"template":"","format":"standard","meta":{"_acf_changed":false,"_exactmetrics_skip_tracking":false,"_exactmetrics_sitenote_active":false,"_exactmetrics_sitenote_note":"","_exactmetrics_sitenote_category":0,"jetpack_post_was_ever_published":false,"_jetpack_newsletter_access":"","_jetpack_dont_email_post_to_subs":false,"_jetpack_newsletter_tier_id":0,"_jetpack_memberships_contains_paywalled_content":false,"_jetpack_memberships_contains_paid_content":false,"footnotes":"","jetpack_publicize_message":"","jetpack_publicize_feature_enabled":true,"jetpack_social_post_already_shared":true,"jetpack_social_options":{"image_generator_settings":{"template":"highway","enabled":false},"version":2}},"categories":[732],"tags":[],"class_list":{"0":"post-4908","1":"post","2":"type-post","3":"status-publish","4":"format-standard","6":"category-projetos-de-pesquisa"},"jetpack_publicize_connections":[],"acf":[],"yoast_head":"<!-- This site is optimized with the Yoast SEO plugin v25.2 - https:\/\/yoast.com\/wordpress\/plugins\/seo\/ -->\n<title>Direito e Pol\u00edticas P\u00fablicas em Torno da Cultura do Cuidado a Pessoas em Situa\u00e7\u00f5es de Defici\u00eancia, Viol\u00eancia e Consumo de Drogas em Bairros Carentes do Rio de Janeiro e Buenos Aires - Lappis 25 anos<\/title>\n<meta name=\"robots\" content=\"index, follow, max-snippet:-1, max-image-preview:large, max-video-preview:-1\" \/>\n<link rel=\"canonical\" href=\"https:\/\/lappis.org.br\/site\/direito-e-politicas-publicas-em-torno-da-cultura-do-cuidado-pessoas-em-situacoes-de-deficiencia-violencia-e-consumo-de-drogas-em-bairros-carentes-do-rio-de-janeiro-e-buenos-aires\/4908\" \/>\n<meta property=\"og:locale\" content=\"pt_BR\" \/>\n<meta property=\"og:type\" content=\"article\" \/>\n<meta property=\"og:title\" content=\"Direito e Pol\u00edticas P\u00fablicas em Torno da Cultura do Cuidado a Pessoas em Situa\u00e7\u00f5es de Defici\u00eancia, Viol\u00eancia e Consumo de Drogas em Bairros Carentes do Rio de Janeiro e Buenos Aires - Lappis 25 anos\" \/>\n<meta property=\"og:description\" content=\"Descri\u00e7\u00e3o Trata-se de um projeto de coopera\u00e7\u00e3o bilateral CAPES\/MINCYT 271\/15, EDITAL CAPES n. 22\/2014, com a Universidade de Buenos Aires, Argentina, que teve como objetivo analisar as normas e estrat\u00e9gias governamentais para o cuidado a [...]\" \/>\n<meta property=\"og:url\" content=\"https:\/\/lappis.org.br\/site\/direito-e-politicas-publicas-em-torno-da-cultura-do-cuidado-pessoas-em-situacoes-de-deficiencia-violencia-e-consumo-de-drogas-em-bairros-carentes-do-rio-de-janeiro-e-buenos-aires\/4908\" \/>\n<meta property=\"og:site_name\" content=\"Lappis 25 anos\" \/>\n<meta property=\"article:published_time\" content=\"2017-12-22T13:57:07+00:00\" \/>\n<meta property=\"article:modified_time\" content=\"2018-06-19T21:36:05+00:00\" \/>\n<meta name=\"author\" content=\"samuel\" \/>\n<meta name=\"twitter:card\" content=\"summary_large_image\" \/>\n<meta name=\"twitter:label1\" content=\"Escrito por\" \/>\n\t<meta name=\"twitter:data1\" content=\"samuel\" \/>\n\t<meta name=\"twitter:label2\" content=\"Est. tempo de leitura\" \/>\n\t<meta name=\"twitter:data2\" content=\"1 minuto\" \/>\n<script type=\"application\/ld+json\" class=\"yoast-schema-graph\">{\"@context\":\"https:\/\/schema.org\",\"@graph\":[{\"@type\":\"Article\",\"@id\":\"https:\/\/lappis.org.br\/site\/direito-e-politicas-publicas-em-torno-da-cultura-do-cuidado-pessoas-em-situacoes-de-deficiencia-violencia-e-consumo-de-drogas-em-bairros-carentes-do-rio-de-janeiro-e-buenos-aires\/4908#article\",\"isPartOf\":{\"@id\":\"https:\/\/lappis.org.br\/site\/direito-e-politicas-publicas-em-torno-da-cultura-do-cuidado-pessoas-em-situacoes-de-deficiencia-violencia-e-consumo-de-drogas-em-bairros-carentes-do-rio-de-janeiro-e-buenos-aires\/4908\"},\"author\":{\"name\":\"samuel\",\"@id\":\"https:\/\/lappis.org.br\/site\/#\/schema\/person\/aa4173d47d8b29405f51a13b3fac2e02\"},\"headline\":\"Direito e Pol\u00edticas P\u00fablicas em Torno da Cultura do Cuidado a Pessoas em Situa\u00e7\u00f5es de Defici\u00eancia, Viol\u00eancia e Consumo de Drogas em Bairros Carentes do Rio de Janeiro e Buenos Aires\",\"datePublished\":\"2017-12-22T13:57:07+00:00\",\"dateModified\":\"2018-06-19T21:36:05+00:00\",\"mainEntityOfPage\":{\"@id\":\"https:\/\/lappis.org.br\/site\/direito-e-politicas-publicas-em-torno-da-cultura-do-cuidado-pessoas-em-situacoes-de-deficiencia-violencia-e-consumo-de-drogas-em-bairros-carentes-do-rio-de-janeiro-e-buenos-aires\/4908\"},\"wordCount\":225,\"publisher\":{\"@id\":\"https:\/\/lappis.org.br\/site\/#organization\"},\"articleSection\":[\"Projetos de pesquisa\"],\"inLanguage\":\"pt-BR\"},{\"@type\":\"WebPage\",\"@id\":\"https:\/\/lappis.org.br\/site\/direito-e-politicas-publicas-em-torno-da-cultura-do-cuidado-pessoas-em-situacoes-de-deficiencia-violencia-e-consumo-de-drogas-em-bairros-carentes-do-rio-de-janeiro-e-buenos-aires\/4908\",\"url\":\"https:\/\/lappis.org.br\/site\/direito-e-politicas-publicas-em-torno-da-cultura-do-cuidado-pessoas-em-situacoes-de-deficiencia-violencia-e-consumo-de-drogas-em-bairros-carentes-do-rio-de-janeiro-e-buenos-aires\/4908\",\"name\":\"Direito e Pol\u00edticas P\u00fablicas em Torno da Cultura do Cuidado a Pessoas em Situa\u00e7\u00f5es de Defici\u00eancia, Viol\u00eancia e Consumo de Drogas em Bairros Carentes do Rio de Janeiro e Buenos Aires - Lappis 25 anos\",\"isPartOf\":{\"@id\":\"https:\/\/lappis.org.br\/site\/#website\"},\"datePublished\":\"2017-12-22T13:57:07+00:00\",\"dateModified\":\"2018-06-19T21:36:05+00:00\",\"breadcrumb\":{\"@id\":\"https:\/\/lappis.org.br\/site\/direito-e-politicas-publicas-em-torno-da-cultura-do-cuidado-pessoas-em-situacoes-de-deficiencia-violencia-e-consumo-de-drogas-em-bairros-carentes-do-rio-de-janeiro-e-buenos-aires\/4908#breadcrumb\"},\"inLanguage\":\"pt-BR\",\"potentialAction\":[{\"@type\":\"ReadAction\",\"target\":[\"https:\/\/lappis.org.br\/site\/direito-e-politicas-publicas-em-torno-da-cultura-do-cuidado-pessoas-em-situacoes-de-deficiencia-violencia-e-consumo-de-drogas-em-bairros-carentes-do-rio-de-janeiro-e-buenos-aires\/4908\"]}]},{\"@type\":\"BreadcrumbList\",\"@id\":\"https:\/\/lappis.org.br\/site\/direito-e-politicas-publicas-em-torno-da-cultura-do-cuidado-pessoas-em-situacoes-de-deficiencia-violencia-e-consumo-de-drogas-em-bairros-carentes-do-rio-de-janeiro-e-buenos-aires\/4908#breadcrumb\",\"itemListElement\":[{\"@type\":\"ListItem\",\"position\":1,\"name\":\"In\u00edcio\",\"item\":\"https:\/\/lappis.org.br\/site\/\"},{\"@type\":\"ListItem\",\"position\":2,\"name\":\"Direito e Pol\u00edticas P\u00fablicas em Torno da Cultura do Cuidado a Pessoas em Situa\u00e7\u00f5es de Defici\u00eancia, Viol\u00eancia e Consumo de Drogas em Bairros Carentes do Rio de Janeiro e Buenos Aires\"}]},{\"@type\":\"WebSite\",\"@id\":\"https:\/\/lappis.org.br\/site\/#website\",\"url\":\"https:\/\/lappis.org.br\/site\/\",\"name\":\"Lappis 25 anos\",\"description\":\"Labotat\u00f3rio de Pesquisas sobre Pr\u00e1ticas de Integralidade em Sa\u00fade\",\"publisher\":{\"@id\":\"https:\/\/lappis.org.br\/site\/#organization\"},\"potentialAction\":[{\"@type\":\"SearchAction\",\"target\":{\"@type\":\"EntryPoint\",\"urlTemplate\":\"https:\/\/lappis.org.br\/site\/?s={search_term_string}\"},\"query-input\":{\"@type\":\"PropertyValueSpecification\",\"valueRequired\":true,\"valueName\":\"search_term_string\"}}],\"inLanguage\":\"pt-BR\"},{\"@type\":\"Organization\",\"@id\":\"https:\/\/lappis.org.br\/site\/#organization\",\"name\":\"Lappis 25 anos\",\"url\":\"https:\/\/lappis.org.br\/site\/\",\"logo\":{\"@type\":\"ImageObject\",\"inLanguage\":\"pt-BR\",\"@id\":\"https:\/\/lappis.org.br\/site\/#\/schema\/logo\/image\/\",\"url\":\"https:\/\/lappis.org.br\/site\/wp-content\/uploads\/2025\/03\/logo-lappis25anos.png\",\"contentUrl\":\"https:\/\/lappis.org.br\/site\/wp-content\/uploads\/2025\/03\/logo-lappis25anos.png\",\"width\":388,\"height\":146,\"caption\":\"Lappis 25 anos\"},\"image\":{\"@id\":\"https:\/\/lappis.org.br\/site\/#\/schema\/logo\/image\/\"}},{\"@type\":\"Person\",\"@id\":\"https:\/\/lappis.org.br\/site\/#\/schema\/person\/aa4173d47d8b29405f51a13b3fac2e02\",\"name\":\"samuel\",\"image\":{\"@type\":\"ImageObject\",\"inLanguage\":\"pt-BR\",\"@id\":\"https:\/\/lappis.org.br\/site\/#\/schema\/person\/image\/\",\"url\":\"https:\/\/secure.gravatar.com\/avatar\/d6d73de88aea58dc53b2ce48794c84c1?s=96&d=mm&r=g\",\"contentUrl\":\"https:\/\/secure.gravatar.com\/avatar\/d6d73de88aea58dc53b2ce48794c84c1?s=96&d=mm&r=g\",\"caption\":\"samuel\"},\"url\":\"https:\/\/lappis.org.br\/site\/author\/samuel\"}]}<\/script>\n<!-- \/ Yoast SEO plugin. -->","yoast_head_json":{"title":"Direito e Pol\u00edticas P\u00fablicas em Torno da Cultura do Cuidado a Pessoas em Situa\u00e7\u00f5es de Defici\u00eancia, Viol\u00eancia e Consumo de Drogas em Bairros Carentes do Rio de Janeiro e Buenos Aires - Lappis 25 anos","robots":{"index":"index","follow":"follow","max-snippet":"max-snippet:-1","max-image-preview":"max-image-preview:large","max-video-preview":"max-video-preview:-1"},"canonical":"https:\/\/lappis.org.br\/site\/direito-e-politicas-publicas-em-torno-da-cultura-do-cuidado-pessoas-em-situacoes-de-deficiencia-violencia-e-consumo-de-drogas-em-bairros-carentes-do-rio-de-janeiro-e-buenos-aires\/4908","og_locale":"pt_BR","og_type":"article","og_title":"Direito e Pol\u00edticas P\u00fablicas em Torno da Cultura do Cuidado a Pessoas em Situa\u00e7\u00f5es de Defici\u00eancia, Viol\u00eancia e Consumo de Drogas em Bairros Carentes do Rio de Janeiro e Buenos Aires - Lappis 25 anos","og_description":"Descri\u00e7\u00e3o Trata-se de um projeto de coopera\u00e7\u00e3o bilateral CAPES\/MINCYT 271\/15, EDITAL CAPES n. 22\/2014, com a Universidade de Buenos Aires, Argentina, que teve como objetivo analisar as normas e estrat\u00e9gias governamentais para o cuidado a [...]","og_url":"https:\/\/lappis.org.br\/site\/direito-e-politicas-publicas-em-torno-da-cultura-do-cuidado-pessoas-em-situacoes-de-deficiencia-violencia-e-consumo-de-drogas-em-bairros-carentes-do-rio-de-janeiro-e-buenos-aires\/4908","og_site_name":"Lappis 25 anos","article_published_time":"2017-12-22T13:57:07+00:00","article_modified_time":"2018-06-19T21:36:05+00:00","author":"samuel","twitter_card":"summary_large_image","twitter_misc":{"Escrito por":"samuel","Est. tempo de leitura":"1 minuto"},"schema":{"@context":"https:\/\/schema.org","@graph":[{"@type":"Article","@id":"https:\/\/lappis.org.br\/site\/direito-e-politicas-publicas-em-torno-da-cultura-do-cuidado-pessoas-em-situacoes-de-deficiencia-violencia-e-consumo-de-drogas-em-bairros-carentes-do-rio-de-janeiro-e-buenos-aires\/4908#article","isPartOf":{"@id":"https:\/\/lappis.org.br\/site\/direito-e-politicas-publicas-em-torno-da-cultura-do-cuidado-pessoas-em-situacoes-de-deficiencia-violencia-e-consumo-de-drogas-em-bairros-carentes-do-rio-de-janeiro-e-buenos-aires\/4908"},"author":{"name":"samuel","@id":"https:\/\/lappis.org.br\/site\/#\/schema\/person\/aa4173d47d8b29405f51a13b3fac2e02"},"headline":"Direito e Pol\u00edticas P\u00fablicas em Torno da Cultura do Cuidado a Pessoas em Situa\u00e7\u00f5es de Defici\u00eancia, Viol\u00eancia e Consumo de Drogas em Bairros Carentes do Rio de Janeiro e Buenos Aires","datePublished":"2017-12-22T13:57:07+00:00","dateModified":"2018-06-19T21:36:05+00:00","mainEntityOfPage":{"@id":"https:\/\/lappis.org.br\/site\/direito-e-politicas-publicas-em-torno-da-cultura-do-cuidado-pessoas-em-situacoes-de-deficiencia-violencia-e-consumo-de-drogas-em-bairros-carentes-do-rio-de-janeiro-e-buenos-aires\/4908"},"wordCount":225,"publisher":{"@id":"https:\/\/lappis.org.br\/site\/#organization"},"articleSection":["Projetos de pesquisa"],"inLanguage":"pt-BR"},{"@type":"WebPage","@id":"https:\/\/lappis.org.br\/site\/direito-e-politicas-publicas-em-torno-da-cultura-do-cuidado-pessoas-em-situacoes-de-deficiencia-violencia-e-consumo-de-drogas-em-bairros-carentes-do-rio-de-janeiro-e-buenos-aires\/4908","url":"https:\/\/lappis.org.br\/site\/direito-e-politicas-publicas-em-torno-da-cultura-do-cuidado-pessoas-em-situacoes-de-deficiencia-violencia-e-consumo-de-drogas-em-bairros-carentes-do-rio-de-janeiro-e-buenos-aires\/4908","name":"Direito e Pol\u00edticas P\u00fablicas em Torno da Cultura do Cuidado a Pessoas em Situa\u00e7\u00f5es de Defici\u00eancia, Viol\u00eancia e Consumo de Drogas em Bairros Carentes do Rio de Janeiro e Buenos Aires - Lappis 25 anos","isPartOf":{"@id":"https:\/\/lappis.org.br\/site\/#website"},"datePublished":"2017-12-22T13:57:07+00:00","dateModified":"2018-06-19T21:36:05+00:00","breadcrumb":{"@id":"https:\/\/lappis.org.br\/site\/direito-e-politicas-publicas-em-torno-da-cultura-do-cuidado-pessoas-em-situacoes-de-deficiencia-violencia-e-consumo-de-drogas-em-bairros-carentes-do-rio-de-janeiro-e-buenos-aires\/4908#breadcrumb"},"inLanguage":"pt-BR","potentialAction":[{"@type":"ReadAction","target":["https:\/\/lappis.org.br\/site\/direito-e-politicas-publicas-em-torno-da-cultura-do-cuidado-pessoas-em-situacoes-de-deficiencia-violencia-e-consumo-de-drogas-em-bairros-carentes-do-rio-de-janeiro-e-buenos-aires\/4908"]}]},{"@type":"BreadcrumbList","@id":"https:\/\/lappis.org.br\/site\/direito-e-politicas-publicas-em-torno-da-cultura-do-cuidado-pessoas-em-situacoes-de-deficiencia-violencia-e-consumo-de-drogas-em-bairros-carentes-do-rio-de-janeiro-e-buenos-aires\/4908#breadcrumb","itemListElement":[{"@type":"ListItem","position":1,"name":"In\u00edcio","item":"https:\/\/lappis.org.br\/site\/"},{"@type":"ListItem","position":2,"name":"Direito e Pol\u00edticas P\u00fablicas em Torno da Cultura do Cuidado a Pessoas em Situa\u00e7\u00f5es de Defici\u00eancia, Viol\u00eancia e Consumo de Drogas em Bairros Carentes do Rio de Janeiro e Buenos Aires"}]},{"@type":"WebSite","@id":"https:\/\/lappis.org.br\/site\/#website","url":"https:\/\/lappis.org.br\/site\/","name":"Lappis 25 anos","description":"Labotat\u00f3rio de Pesquisas sobre Pr\u00e1ticas de Integralidade em Sa\u00fade","publisher":{"@id":"https:\/\/lappis.org.br\/site\/#organization"},"potentialAction":[{"@type":"SearchAction","target":{"@type":"EntryPoint","urlTemplate":"https:\/\/lappis.org.br\/site\/?s={search_term_string}"},"query-input":{"@type":"PropertyValueSpecification","valueRequired":true,"valueName":"search_term_string"}}],"inLanguage":"pt-BR"},{"@type":"Organization","@id":"https:\/\/lappis.org.br\/site\/#organization","name":"Lappis 25 anos","url":"https:\/\/lappis.org.br\/site\/","logo":{"@type":"ImageObject","inLanguage":"pt-BR","@id":"https:\/\/lappis.org.br\/site\/#\/schema\/logo\/image\/","url":"https:\/\/lappis.org.br\/site\/wp-content\/uploads\/2025\/03\/logo-lappis25anos.png","contentUrl":"https:\/\/lappis.org.br\/site\/wp-content\/uploads\/2025\/03\/logo-lappis25anos.png","width":388,"height":146,"caption":"Lappis 25 anos"},"image":{"@id":"https:\/\/lappis.org.br\/site\/#\/schema\/logo\/image\/"}},{"@type":"Person","@id":"https:\/\/lappis.org.br\/site\/#\/schema\/person\/aa4173d47d8b29405f51a13b3fac2e02","name":"samuel","image":{"@type":"ImageObject","inLanguage":"pt-BR","@id":"https:\/\/lappis.org.br\/site\/#\/schema\/person\/image\/","url":"https:\/\/secure.gravatar.com\/avatar\/d6d73de88aea58dc53b2ce48794c84c1?s=96&d=mm&r=g","contentUrl":"https:\/\/secure.gravatar.com\/avatar\/d6d73de88aea58dc53b2ce48794c84c1?s=96&d=mm&r=g","caption":"samuel"},"url":"https:\/\/lappis.org.br\/site\/author\/samuel"}]}},"jetpack_featured_media_url":"","jetpack_shortlink":"https:\/\/wp.me\/p954Nh-1ha","jetpack_sharing_enabled":true,"_links":{"self":[{"href":"https:\/\/lappis.org.br\/site\/wp-json\/wp\/v2\/posts\/4908"}],"collection":[{"href":"https:\/\/lappis.org.br\/site\/wp-json\/wp\/v2\/posts"}],"about":[{"href":"https:\/\/lappis.org.br\/site\/wp-json\/wp\/v2\/types\/post"}],"author":[{"embeddable":true,"href":"https:\/\/lappis.org.br\/site\/wp-json\/wp\/v2\/users\/5"}],"replies":[{"embeddable":true,"href":"https:\/\/lappis.org.br\/site\/wp-json\/wp\/v2\/comments?post=4908"}],"version-history":[{"count":9,"href":"https:\/\/lappis.org.br\/site\/wp-json\/wp\/v2\/posts\/4908\/revisions"}],"predecessor-version":[{"id":7140,"href":"https:\/\/lappis.org.br\/site\/wp-json\/wp\/v2\/posts\/4908\/revisions\/7140"}],"wp:attachment":[{"href":"https:\/\/lappis.org.br\/site\/wp-json\/wp\/v2\/media?parent=4908"}],"wp:term":[{"taxonomy":"category","embeddable":true,"href":"https:\/\/lappis.org.br\/site\/wp-json\/wp\/v2\/categories?post=4908"},{"taxonomy":"post_tag","embeddable":true,"href":"https:\/\/lappis.org.br\/site\/wp-json\/wp\/v2\/tags?post=4908"}],"curies":[{"name":"wp","href":"https:\/\/api.w.org\/{rel}","templated":true}]}}