{"id":4719,"date":"2017-12-12T20:00:29","date_gmt":"2017-12-12T22:00:29","guid":{"rendered":"http:\/\/lappis.org.br\/site\/?p=4719"},"modified":"2018-02-08T12:34:32","modified_gmt":"2018-02-08T14:34:32","slug":"resumos-ampliados-do-vi-seminario-do-projeto-integralidade-saberes-e-praticas-no-cotidiano-das-instituicoes-de-saude","status":"publish","type":"post","link":"https:\/\/lappis.org.br\/site\/resumos-ampliados-do-vi-seminario-do-projeto-integralidade-saberes-e-praticas-no-cotidiano-das-instituicoes-de-saude\/4719","title":{"rendered":"Resumos Ampliados do VI Semin\u00e1rio do Projeto Integralidade: saberes e pr\u00e1ticas no cotidiano das institui\u00e7\u00f5es de sa\u00fade"},"content":{"rendered":"<h3>ORGANIZADORES<\/h3>\n<p>Roseni Pinheiro e Ruben Ara\u00fajo De Mattos<\/p>\n<p>Refer\u00eancia:<br \/>\nResumos Ampliados do VI Semin\u00e1rio do Projeto Integralidade: saberes e pr\u00e1ticas<br \/>\nno cotidiano das institui\u00e7\u00f5es de sa\u00fade \/ Roseni Pinheiro; Ruben Araujo de Mattos,<br \/>\norganizadores. &#8211; Rio de Janeiro : CEPESC: ABRASCO, 2006. 150 p. ISBN: 85-89737-37-1. (edi\u00e7\u00e3o esgotada)<\/p>\n<h3>SUM\u00c1RIO<\/h3>\n<ul>\n<li><a href=\"http:\/\/lappis.org.br\/site\/wp-content\/uploads\/2017\/12\/livro_resumos_VIS_apres.pdf\" target=\"_blank\" rel=\"noopener\">Apresenta\u00e7\u00e3o\u00a0<\/a><\/li>\n<\/ul>\n<p>Roseni Pinheiro e Ruben Ara\u00fajo De Mattos<\/p>\n<h4>SERVI\u00c7O<\/h4>\n<p><a href=\"http:\/\/lappis.org.br\/site\/wp-content\/uploads\/2017\/12\/livro_resumos_VIS_cap1_souza.pdf\" target=\"_blank\" rel=\"noopener\">A constru\u00e7\u00e3o de um modelo de gest\u00e3o para o HU\/CAS\/UFJF com base na integralidade e democracia<\/a><br \/>\nAuta Stephan-Souza E Marcos Roberto De Carvalho<\/p>\n<p><a href=\"http:\/\/lappis.org.br\/site\/wp-content\/uploads\/2017\/12\/livro_resumos_VIS_cap2_pereira.pdf\" target=\"_blank\" rel=\"noopener\">O Adolescentro Paulo Freire e suas estrat\u00e9gias para a promo\u00e7\u00e3o e preven\u00e7\u00e3o de sa\u00fade valorizando o protagonismo juvenil<\/a><br \/>\nDaniela Falci Pereira e D\u00e1rbio Andr\u00e9 De Lima<\/p>\n<p><a href=\"http:\/\/lappis.org.br\/site\/wp-content\/uploads\/2017\/12\/livro_resumos_VIS_cap3_chavin.pdf\" target=\"_blank\" rel=\"noopener\">A\u00a0gest\u00e3o local em um servi\u00e7o psiqui\u00e1trico comunit\u00e1rio como estrat\u00e9gia para a materializa\u00e7\u00e3o do SUS e resgate da autonomia: o caso do conselho gestor do CAPS<\/a><br \/>\nLeslie Sanford Chavin E F\u00e1tima Cristina Alves De Ara\u00fajo<\/p>\n<p><a href=\"http:\/\/lappis.org.br\/site\/wp-content\/uploads\/2017\/12\/livro_resumos_VIS_cap4_mano.pdf\" target=\"_blank\" rel=\"noopener\">Sa\u00fade da fam\u00edlia no Alto Sim\u00e3o: a integralidade e a interdisciplinaridade na assist\u00eancia e no ensino<\/a><br \/>\nPatr\u00edcia M. Mano, Marcia Solange T. S. X. Da Silva, Marli Ribeiro, Aid\u00ea De Jesus Pimenta, Gilberto Paes Selles, Priscila G. Rodrigues E Maria J\u00falia R. Norton<\/p>\n<p><a href=\"http:\/\/lappis.org.br\/site\/wp-content\/uploads\/2017\/12\/livro_resumos_VIS_cap5_noronha.pdf\" target=\"_blank\" rel=\"noopener\">De portas abertas para as comunidades<\/a><br \/>\nVal\u00e9ria Dos Santos Noronha<\/p>\n<p><a href=\"http:\/\/lappis.org.br\/site\/wp-content\/uploads\/2017\/12\/livro_resumos_VIS_cap6_oliveira.pdf\" target=\"_blank\" rel=\"noopener\">DST\/Aids na mira da preven\u00e7\u00e3o: uma perspectiva de integralidade<\/a><br \/>\nD\u00e9bora Calais Oliveira, L\u00eada Maria Leal, Raquel De Freitas Fernandes, Davi Sim\u00f5es Fornseca E Ludimila De Andrade Torres<\/p>\n<p><a href=\"http:\/\/lappis.org.br\/site\/wp-content\/uploads\/2017\/12\/livro_resumos_VIS_cap7_souza.pdf\" target=\"_blank\" rel=\"noopener\">Pol\u00edticas de sa\u00fade: o Programa de Sa\u00fade da Fam\u00edlia na Baixada Fluminense<\/a><br \/>\nAline De Moura Souza e Suzana Marta Cavenaghi<\/p>\n<p><a href=\"http:\/\/lappis.org.br\/site\/wp-content\/uploads\/2017\/12\/livro_resumos_VIS_cap8_batista.pdf\" target=\"_blank\" rel=\"noopener\">Centros de testagem e aconselhamento do Rio de Janeiro: transitando pela gest\u00e3o em rede<\/a><br \/>\nSonia Batista, Margarete Ferreira, Sandra Filgueiras, Alexandre Chieppe E Carla Araujo<\/p>\n<h4>ENSINO<\/h4>\n<p><a href=\"http:\/\/lappis.org.br\/site\/wp-content\/uploads\/2017\/12\/livro_resumos_VIS_cap9_marques.pdf\" target=\"_blank\" rel=\"noopener\">A experi\u00eancia de residentes em sa\u00fade da fam\u00edlia no enfoque integral da popula\u00e7\u00e3o adscrita ao PSF Sereno<\/a><br \/>\nHugo Braz Marques, Jubemar De Medeiros, Jurema Freitas Wardine E Ludmila Roberto Moraes<\/p>\n<p><a href=\"http:\/\/lappis.org.br\/site\/wp-content\/uploads\/2017\/12\/livro_resumos_VIS_cap10_brasilio.pdf\" target=\"_blank\" rel=\"noopener\">Refletindo a forma\u00e7\u00e3o e as pr\u00e1ticas de sa\u00fade do idoso no Programa de Sa\u00fade da Fam\u00edlia<\/a><br \/>\nAna Maria Pereira De Ara\u00fajo Bras\u00edlio E M\u00e1rcia Gameiro<\/p>\n<p><a href=\"http:\/\/lappis.org.br\/site\/wp-content\/uploads\/2017\/12\/livro_resumos_VIS_cap11_ramos.pdf\" target=\"_blank\" rel=\"noopener\">Aracaju: em foco o modelo &#8220;sa\u00fade todo dia&#8221;. A resid\u00eancia multiprofissional em sa\u00fade coletiva em debate<\/a><br \/>\nAlexandre De Souza Ramos<\/p>\n<p><a href=\"http:\/\/lappis.org.br\/site\/wp-content\/uploads\/2017\/12\/livro_resumos_VIS_cap12_duarte.pdf\" target=\"_blank\" rel=\"noopener\">Acolhimento em grupo: um dispositivo de participa\u00e7\u00e3o a caminho da integralidade<\/a><\/p>\n<p>Caroline Castanho Duarte, Mariana P. Ruwer De Azambuja, Fabiane Minozzo, Cinara Debastiani E Ana Celina De Souza<\/p>\n<p><a href=\"http:\/\/lappis.org.br\/site\/wp-content\/uploads\/2017\/12\/livro_resumos_VIS_cap13_wardine.pdf\" target=\"_blank\" rel=\"noopener\">A representatividade social de jovens em comunidades carentes: trabalhando com adolescentes<\/a><br \/>\nJurema Freitas Wardine, Hugo Braz Marques E Rog\u00e9rio Bittencourt<\/p>\n<p><a href=\"http:\/\/lappis.org.br\/site\/wp-content\/uploads\/2017\/12\/livro_resumos_VIS_cap14_benito.pdf\" target=\"_blank\" rel=\"noopener\">Contribui\u00e7\u00f5es do Curso de Forma\u00e7\u00e3o de Facilitadores de Educa\u00e7\u00e3o Permanente em Sa\u00fade para a transforma\u00e7\u00e3o de modelo de aten\u00e7\u00e3o:viv\u00eancia de uma tutora<\/a><br \/>\nGladys Am\u00e9lia V\u00e9lez Benito<\/p>\n<p><a href=\"http:\/\/lappis.org.br\/site\/wp-content\/uploads\/2017\/12\/livro_resumos_VIS_cap15_costa.pdf\" target=\"_blank\" rel=\"noopener\">A\u00e7\u00f5es em sa\u00fade: integralidade e participa\u00e7\u00e3o popular sob a vis\u00e3o de uma experi\u00eancia multiprofissional<\/a><br \/>\nViviane Soares Costa, Gilmara De Freitas Carvalho, Tatiane Soares Costa Macedo, Eloisa Solyszko Gomes, Renata Lima Jord\u00e3o, Gabriela Freire Lages Cavalcanti E Eliane Da Gl\u00f3ria Ara\u00fajo De Paix\u00e3o<\/p>\n<h4>PESQUISA<\/h4>\n<p><a href=\"http:\/\/lappis.org.br\/site\/wp-content\/uploads\/2017\/12\/livro_resumos_VIS_cap16_oliveira.pdf\" target=\"_blank\" rel=\"noopener\">Acolhimento em sa\u00fade: reorganiza\u00e7\u00e3o do processo de trabalho e a qualidade do atendimento<\/a><br \/>\nL\u00eada Maria Leal De Oliveira, Fernanda Silva E Andr\u00e9a Tunin<\/p>\n<p><a href=\"http:\/\/lappis.org.br\/site\/wp-content\/uploads\/2017\/12\/livro_resumos_VIS_cap17_varejao.pdf\" target=\"_blank\" rel=\"noopener\">Fortalecimento da identidade e da autonomia da comunidade: um enfoque na sa\u00fade<\/a><br \/>\nAng\u00e9lica V. Varej\u00e3o, Andr\u00e9ia Cambuy, Carlos Eduardo Silveira E Ceusnei Sim\u00e3o<\/p>\n<p><a href=\"http:\/\/lappis.org.br\/site\/wp-content\/uploads\/2017\/12\/livro_resumos_VIS_cap18_viana.pdf\" target=\"_blank\" rel=\"noopener\">Avalia\u00e7\u00e3o estrutural dos centros de sa\u00fade da fam\u00edlia de Sobral \/ Cear\u00e1<\/a><br \/>\nEmanuela Linhares Viana, Izabelle Mont&#8217;alverne Napole\u00e3o Albuquerque, Cibelly Aliny Siqueira Lima, Adriana Xavier De Santiago, Vicente De Paulo Pinto Teixeira E Arnaldo Ribeiro Costa Lima|<\/p>\n<p><a href=\"http:\/\/lappis.org.br\/site\/wp-content\/uploads\/2017\/12\/livro_resumos_VIS_cap19_ferreira.pdf\" target=\"_blank\" rel=\"noopener\">Perfil dos servi\u00e7os de atendimento a alcoolistas no Estado do Rio de Janeiro e a Pol\u00edtica de Redu\u00e7\u00e3o de Danos<\/a><br \/>\nSalette Ferreira, Bruna Soares, Rosa Oliveira, Gabriela Pinto, Vanice Silva, Luciana Becker, L\u00edvia Gomes, Talita De Ara\u00fajo, Jo\u00e3o Ferreira Da Silva Filho E Carla De Meis.<\/p>\n<p><a href=\"http:\/\/lappis.org.br\/site\/wp-content\/uploads\/2017\/12\/livro_resumos_VIS_cap20_rezende.pdf\" target=\"_blank\" rel=\"noopener\">Avalia\u00e7\u00e3o qualitativa em aten\u00e7\u00e3o b\u00e1sica \u00e0 sa\u00fade<\/a><br \/>\nM\u00f4nica De Rezende, Antenor Am\u00e2ncio Filho E Maria De F\u00e1tima Lobato Tavares<\/p>\n<p><a href=\"http:\/\/lappis.org.br\/site\/wp-content\/uploads\/2017\/12\/livro_resumos_VIS_cap21_knupp.pdf\" target=\"_blank\" rel=\"noopener\">An\u00e1lise de conhecimentos e pr\u00e1ticas de m\u00e3es sobre sa\u00fade bucal<\/a><br \/>\nRosiangela Ramalho De Souza Knupp, Urubatan Vieira De Medeiros, Paula Baptista Machado De Mello, Dennis De Carvalho Ferreira, M\u00e1rcia Maria Pereira Rendeiro E M\u00f4nica Guimar\u00e3es Macau Lopes<\/p>\n<h3>FICHA T\u00c9CNICA<\/h3>\n<p>Resumos Ampliados do VI Semin\u00e1rio do Projeto Integralidade: saberes e pr\u00e1ticas no cotidiano das institui\u00e7\u00f5es de sa\u00fade<br \/>\nRoseni Pinheiro e Ruben Ara\u00fajo de Mattos (orgs.)<\/p>\n<p>dezembro 2006<\/p>\n<p><strong>Revis\u00e3o e prepara\u00e7\u00e3o de originais<\/strong><br \/>\nAna Silvia Gesteira<\/p>\n<p><strong>Editora\u00e7\u00e3o eletr\u00f4nica<\/strong><br \/>\nMauro Corr\u00eaa Filho<\/p>\n<p><strong>Supervis\u00e3o editorial<\/strong><br \/>\nAna Silvia Gesteira<\/p>\n<p><em>Copyright \u00a9 2006 dos organizadores<\/em><\/p>\n<p>Todos os direitos desta edi\u00e7\u00e3o reservados aos organizadores<br \/>\nEsta publica\u00e7\u00e3o contou com apoio de CEPESC-IMS\/UERJ, que tem resultados de pesquisas realizadas com aux\u00edlio de CNPq e Faperj.<br \/>\nIndexa\u00e7\u00e3o na base de dados\u00a0LILACS<\/p>\n","protected":false},"excerpt":{"rendered":"<div class=\"mh-excerpt\"><p>ORGANIZADORES Roseni Pinheiro e Ruben Ara\u00fajo De Mattos Refer\u00eancia: Resumos Ampliados do VI Semin\u00e1rio do Projeto Integralidade: saberes e pr\u00e1ticas no cotidiano das institui\u00e7\u00f5es de sa\u00fade \/ Roseni Pinheiro; Ruben Araujo de Mattos, organizadores. &#8211; <a class=\"mh-excerpt-more\" href=\"https:\/\/lappis.org.br\/site\/resumos-ampliados-do-vi-seminario-do-projeto-integralidade-saberes-e-praticas-no-cotidiano-das-instituicoes-de-saude\/4719\" title=\"Resumos Ampliados do VI Semin\u00e1rio do Projeto Integralidade: saberes e pr\u00e1ticas no cotidiano das institui\u00e7\u00f5es de sa\u00fade\">[&#8230;]<\/a><\/p>\n<\/div>","protected":false},"author":4,"featured_media":5174,"comment_status":"closed","ping_status":"open","sticky":false,"template":"","format":"standard","meta":{"_acf_changed":false,"_exactmetrics_skip_tracking":false,"_exactmetrics_sitenote_active":false,"_exactmetrics_sitenote_note":"","_exactmetrics_sitenote_category":0,"jetpack_post_was_ever_published":false,"_jetpack_newsletter_access":"","_jetpack_dont_email_post_to_subs":false,"_jetpack_newsletter_tier_id":0,"_jetpack_memberships_contains_paywalled_content":false,"_jetpack_memberships_contains_paid_content":false,"footnotes":"","jetpack_publicize_message":"","jetpack_publicize_feature_enabled":true,"jetpack_social_post_already_shared":true,"jetpack_social_options":{"image_generator_settings":{"template":"highway","enabled":false},"version":2}},"categories":[676],"tags":[104,118,729],"class_list":{"0":"post-4719","1":"post","2":"type-post","3":"status-publish","4":"format-standard","5":"has-post-thumbnail","7":"category-publicacoes","8":"tag-lappis","9":"tag-livro","10":"tag-publicacoes"},"jetpack_publicize_connections":[],"acf":[],"yoast_head":"<!-- This site is optimized with the Yoast SEO plugin v25.2 - https:\/\/yoast.com\/wordpress\/plugins\/seo\/ -->\n<title>Resumos Ampliados do VI Semin\u00e1rio do Projeto Integralidade: saberes e pr\u00e1ticas no cotidiano das institui\u00e7\u00f5es de sa\u00fade - Lappis 25 anos<\/title>\n<meta name=\"robots\" content=\"index, follow, max-snippet:-1, max-image-preview:large, max-video-preview:-1\" \/>\n<link rel=\"canonical\" href=\"https:\/\/lappis.org.br\/site\/resumos-ampliados-do-vi-seminario-do-projeto-integralidade-saberes-e-praticas-no-cotidiano-das-instituicoes-de-saude\/4719\" \/>\n<meta property=\"og:locale\" content=\"pt_BR\" \/>\n<meta property=\"og:type\" content=\"article\" \/>\n<meta property=\"og:title\" content=\"Resumos Ampliados do VI Semin\u00e1rio do Projeto Integralidade: saberes e pr\u00e1ticas no cotidiano das institui\u00e7\u00f5es de sa\u00fade - Lappis 25 anos\" \/>\n<meta property=\"og:description\" content=\"ORGANIZADORES Roseni Pinheiro e Ruben Ara\u00fajo De Mattos Refer\u00eancia: Resumos Ampliados do VI Semin\u00e1rio do Projeto Integralidade: saberes e pr\u00e1ticas no cotidiano das institui\u00e7\u00f5es de sa\u00fade \/ Roseni Pinheiro; Ruben Araujo de Mattos, organizadores. &#8211; [...]\" \/>\n<meta property=\"og:url\" content=\"https:\/\/lappis.org.br\/site\/resumos-ampliados-do-vi-seminario-do-projeto-integralidade-saberes-e-praticas-no-cotidiano-das-instituicoes-de-saude\/4719\" \/>\n<meta property=\"og:site_name\" content=\"Lappis 25 anos\" \/>\n<meta property=\"article:published_time\" content=\"2017-12-12T22:00:29+00:00\" \/>\n<meta property=\"article:modified_time\" content=\"2018-02-08T14:34:32+00:00\" \/>\n<meta property=\"og:image\" content=\"https:\/\/lappis.org.br\/site\/wp-content\/uploads\/2017\/12\/Resumos-Ampliados-do-VI-Semin\u00e1rio-do-Projeto-Integralidade-saberes-e-pr\u00e1ticas-no-cotidiano-das-institui\u00e7\u00f5es-de-sa\u00fade.jpg\" \/>\n\t<meta property=\"og:image:width\" content=\"1653\" \/>\n\t<meta property=\"og:image:height\" content=\"2480\" \/>\n\t<meta property=\"og:image:type\" content=\"image\/jpeg\" \/>\n<meta name=\"author\" content=\"stefany\" \/>\n<meta name=\"twitter:card\" content=\"summary_large_image\" \/>\n<meta name=\"twitter:label1\" content=\"Escrito por\" \/>\n\t<meta name=\"twitter:data1\" content=\"stefany\" \/>\n\t<meta name=\"twitter:label2\" content=\"Est. tempo de leitura\" \/>\n\t<meta name=\"twitter:data2\" content=\"4 minutos\" \/>\n<script type=\"application\/ld+json\" class=\"yoast-schema-graph\">{\"@context\":\"https:\/\/schema.org\",\"@graph\":[{\"@type\":\"Article\",\"@id\":\"https:\/\/lappis.org.br\/site\/resumos-ampliados-do-vi-seminario-do-projeto-integralidade-saberes-e-praticas-no-cotidiano-das-instituicoes-de-saude\/4719#article\",\"isPartOf\":{\"@id\":\"https:\/\/lappis.org.br\/site\/resumos-ampliados-do-vi-seminario-do-projeto-integralidade-saberes-e-praticas-no-cotidiano-das-instituicoes-de-saude\/4719\"},\"author\":{\"name\":\"stefany\",\"@id\":\"https:\/\/lappis.org.br\/site\/#\/schema\/person\/c5ae1a9a383eda57f5172f5c706a0414\"},\"headline\":\"Resumos Ampliados do VI Semin\u00e1rio do Projeto Integralidade: saberes e pr\u00e1ticas no cotidiano das institui\u00e7\u00f5es de sa\u00fade\",\"datePublished\":\"2017-12-12T22:00:29+00:00\",\"dateModified\":\"2018-02-08T14:34:32+00:00\",\"mainEntityOfPage\":{\"@id\":\"https:\/\/lappis.org.br\/site\/resumos-ampliados-do-vi-seminario-do-projeto-integralidade-saberes-e-praticas-no-cotidiano-das-instituicoes-de-saude\/4719\"},\"wordCount\":875,\"publisher\":{\"@id\":\"https:\/\/lappis.org.br\/site\/#organization\"},\"image\":{\"@id\":\"https:\/\/lappis.org.br\/site\/resumos-ampliados-do-vi-seminario-do-projeto-integralidade-saberes-e-praticas-no-cotidiano-das-instituicoes-de-saude\/4719#primaryimage\"},\"thumbnailUrl\":\"https:\/\/lappis.org.br\/site\/wp-content\/uploads\/2017\/12\/Resumos-Ampliados-do-VI-Semin\u00e1rio-do-Projeto-Integralidade-saberes-e-pr\u00e1ticas-no-cotidiano-das-institui\u00e7\u00f5es-de-sa\u00fade.jpg\",\"keywords\":[\"Lappis\",\"livro\",\"Publica\u00e7\u00f5es\"],\"articleSection\":[\"Publica\u00e7\u00f5es\"],\"inLanguage\":\"pt-BR\"},{\"@type\":\"WebPage\",\"@id\":\"https:\/\/lappis.org.br\/site\/resumos-ampliados-do-vi-seminario-do-projeto-integralidade-saberes-e-praticas-no-cotidiano-das-instituicoes-de-saude\/4719\",\"url\":\"https:\/\/lappis.org.br\/site\/resumos-ampliados-do-vi-seminario-do-projeto-integralidade-saberes-e-praticas-no-cotidiano-das-instituicoes-de-saude\/4719\",\"name\":\"Resumos Ampliados do VI Semin\u00e1rio do Projeto Integralidade: saberes e pr\u00e1ticas no cotidiano das institui\u00e7\u00f5es de sa\u00fade - Lappis 25 anos\",\"isPartOf\":{\"@id\":\"https:\/\/lappis.org.br\/site\/#website\"},\"primaryImageOfPage\":{\"@id\":\"https:\/\/lappis.org.br\/site\/resumos-ampliados-do-vi-seminario-do-projeto-integralidade-saberes-e-praticas-no-cotidiano-das-instituicoes-de-saude\/4719#primaryimage\"},\"image\":{\"@id\":\"https:\/\/lappis.org.br\/site\/resumos-ampliados-do-vi-seminario-do-projeto-integralidade-saberes-e-praticas-no-cotidiano-das-instituicoes-de-saude\/4719#primaryimage\"},\"thumbnailUrl\":\"https:\/\/lappis.org.br\/site\/wp-content\/uploads\/2017\/12\/Resumos-Ampliados-do-VI-Semin\u00e1rio-do-Projeto-Integralidade-saberes-e-pr\u00e1ticas-no-cotidiano-das-institui\u00e7\u00f5es-de-sa\u00fade.jpg\",\"datePublished\":\"2017-12-12T22:00:29+00:00\",\"dateModified\":\"2018-02-08T14:34:32+00:00\",\"breadcrumb\":{\"@id\":\"https:\/\/lappis.org.br\/site\/resumos-ampliados-do-vi-seminario-do-projeto-integralidade-saberes-e-praticas-no-cotidiano-das-instituicoes-de-saude\/4719#breadcrumb\"},\"inLanguage\":\"pt-BR\",\"potentialAction\":[{\"@type\":\"ReadAction\",\"target\":[\"https:\/\/lappis.org.br\/site\/resumos-ampliados-do-vi-seminario-do-projeto-integralidade-saberes-e-praticas-no-cotidiano-das-instituicoes-de-saude\/4719\"]}]},{\"@type\":\"ImageObject\",\"inLanguage\":\"pt-BR\",\"@id\":\"https:\/\/lappis.org.br\/site\/resumos-ampliados-do-vi-seminario-do-projeto-integralidade-saberes-e-praticas-no-cotidiano-das-instituicoes-de-saude\/4719#primaryimage\",\"url\":\"https:\/\/lappis.org.br\/site\/wp-content\/uploads\/2017\/12\/Resumos-Ampliados-do-VI-Semin\u00e1rio-do-Projeto-Integralidade-saberes-e-pr\u00e1ticas-no-cotidiano-das-institui\u00e7\u00f5es-de-sa\u00fade.jpg\",\"contentUrl\":\"https:\/\/lappis.org.br\/site\/wp-content\/uploads\/2017\/12\/Resumos-Ampliados-do-VI-Semin\u00e1rio-do-Projeto-Integralidade-saberes-e-pr\u00e1ticas-no-cotidiano-das-institui\u00e7\u00f5es-de-sa\u00fade.jpg\",\"width\":1653,\"height\":2480},{\"@type\":\"BreadcrumbList\",\"@id\":\"https:\/\/lappis.org.br\/site\/resumos-ampliados-do-vi-seminario-do-projeto-integralidade-saberes-e-praticas-no-cotidiano-das-instituicoes-de-saude\/4719#breadcrumb\",\"itemListElement\":[{\"@type\":\"ListItem\",\"position\":1,\"name\":\"In\u00edcio\",\"item\":\"https:\/\/lappis.org.br\/site\/\"},{\"@type\":\"ListItem\",\"position\":2,\"name\":\"Resumos Ampliados do VI Semin\u00e1rio do Projeto Integralidade: saberes e pr\u00e1ticas no cotidiano das institui\u00e7\u00f5es de sa\u00fade\"}]},{\"@type\":\"WebSite\",\"@id\":\"https:\/\/lappis.org.br\/site\/#website\",\"url\":\"https:\/\/lappis.org.br\/site\/\",\"name\":\"Lappis 25 anos\",\"description\":\"Labotat\u00f3rio de Pesquisas sobre Pr\u00e1ticas de Integralidade em Sa\u00fade\",\"publisher\":{\"@id\":\"https:\/\/lappis.org.br\/site\/#organization\"},\"potentialAction\":[{\"@type\":\"SearchAction\",\"target\":{\"@type\":\"EntryPoint\",\"urlTemplate\":\"https:\/\/lappis.org.br\/site\/?s={search_term_string}\"},\"query-input\":{\"@type\":\"PropertyValueSpecification\",\"valueRequired\":true,\"valueName\":\"search_term_string\"}}],\"inLanguage\":\"pt-BR\"},{\"@type\":\"Organization\",\"@id\":\"https:\/\/lappis.org.br\/site\/#organization\",\"name\":\"Lappis 25 anos\",\"url\":\"https:\/\/lappis.org.br\/site\/\",\"logo\":{\"@type\":\"ImageObject\",\"inLanguage\":\"pt-BR\",\"@id\":\"https:\/\/lappis.org.br\/site\/#\/schema\/logo\/image\/\",\"url\":\"https:\/\/lappis.org.br\/site\/wp-content\/uploads\/2025\/03\/logo-lappis25anos.png\",\"contentUrl\":\"https:\/\/lappis.org.br\/site\/wp-content\/uploads\/2025\/03\/logo-lappis25anos.png\",\"width\":388,\"height\":146,\"caption\":\"Lappis 25 anos\"},\"image\":{\"@id\":\"https:\/\/lappis.org.br\/site\/#\/schema\/logo\/image\/\"}},{\"@type\":\"Person\",\"@id\":\"https:\/\/lappis.org.br\/site\/#\/schema\/person\/c5ae1a9a383eda57f5172f5c706a0414\",\"name\":\"stefany\",\"image\":{\"@type\":\"ImageObject\",\"inLanguage\":\"pt-BR\",\"@id\":\"https:\/\/lappis.org.br\/site\/#\/schema\/person\/image\/\",\"url\":\"https:\/\/secure.gravatar.com\/avatar\/a7553e82b188bf17bb54b918d68d7841?s=96&d=mm&r=g\",\"contentUrl\":\"https:\/\/secure.gravatar.com\/avatar\/a7553e82b188bf17bb54b918d68d7841?s=96&d=mm&r=g\",\"caption\":\"stefany\"},\"url\":\"https:\/\/lappis.org.br\/site\/author\/stefany\"}]}<\/script>\n<!-- \/ Yoast SEO plugin. -->","yoast_head_json":{"title":"Resumos Ampliados do VI Semin\u00e1rio do Projeto Integralidade: saberes e pr\u00e1ticas no cotidiano das institui\u00e7\u00f5es de sa\u00fade - Lappis 25 anos","robots":{"index":"index","follow":"follow","max-snippet":"max-snippet:-1","max-image-preview":"max-image-preview:large","max-video-preview":"max-video-preview:-1"},"canonical":"https:\/\/lappis.org.br\/site\/resumos-ampliados-do-vi-seminario-do-projeto-integralidade-saberes-e-praticas-no-cotidiano-das-instituicoes-de-saude\/4719","og_locale":"pt_BR","og_type":"article","og_title":"Resumos Ampliados do VI Semin\u00e1rio do Projeto Integralidade: saberes e pr\u00e1ticas no cotidiano das institui\u00e7\u00f5es de sa\u00fade - Lappis 25 anos","og_description":"ORGANIZADORES Roseni Pinheiro e Ruben Ara\u00fajo De Mattos Refer\u00eancia: Resumos Ampliados do VI Semin\u00e1rio do Projeto Integralidade: saberes e pr\u00e1ticas no cotidiano das institui\u00e7\u00f5es de sa\u00fade \/ Roseni Pinheiro; Ruben Araujo de Mattos, organizadores. &#8211; [...]","og_url":"https:\/\/lappis.org.br\/site\/resumos-ampliados-do-vi-seminario-do-projeto-integralidade-saberes-e-praticas-no-cotidiano-das-instituicoes-de-saude\/4719","og_site_name":"Lappis 25 anos","article_published_time":"2017-12-12T22:00:29+00:00","article_modified_time":"2018-02-08T14:34:32+00:00","og_image":[{"width":1653,"height":2480,"url":"https:\/\/lappis.org.br\/site\/wp-content\/uploads\/2017\/12\/Resumos-Ampliados-do-VI-Semin\u00e1rio-do-Projeto-Integralidade-saberes-e-pr\u00e1ticas-no-cotidiano-das-institui\u00e7\u00f5es-de-sa\u00fade.jpg","type":"image\/jpeg"}],"author":"stefany","twitter_card":"summary_large_image","twitter_misc":{"Escrito por":"stefany","Est. tempo de leitura":"4 minutos"},"schema":{"@context":"https:\/\/schema.org","@graph":[{"@type":"Article","@id":"https:\/\/lappis.org.br\/site\/resumos-ampliados-do-vi-seminario-do-projeto-integralidade-saberes-e-praticas-no-cotidiano-das-instituicoes-de-saude\/4719#article","isPartOf":{"@id":"https:\/\/lappis.org.br\/site\/resumos-ampliados-do-vi-seminario-do-projeto-integralidade-saberes-e-praticas-no-cotidiano-das-instituicoes-de-saude\/4719"},"author":{"name":"stefany","@id":"https:\/\/lappis.org.br\/site\/#\/schema\/person\/c5ae1a9a383eda57f5172f5c706a0414"},"headline":"Resumos Ampliados do VI Semin\u00e1rio do Projeto Integralidade: saberes e pr\u00e1ticas no cotidiano das institui\u00e7\u00f5es de sa\u00fade","datePublished":"2017-12-12T22:00:29+00:00","dateModified":"2018-02-08T14:34:32+00:00","mainEntityOfPage":{"@id":"https:\/\/lappis.org.br\/site\/resumos-ampliados-do-vi-seminario-do-projeto-integralidade-saberes-e-praticas-no-cotidiano-das-instituicoes-de-saude\/4719"},"wordCount":875,"publisher":{"@id":"https:\/\/lappis.org.br\/site\/#organization"},"image":{"@id":"https:\/\/lappis.org.br\/site\/resumos-ampliados-do-vi-seminario-do-projeto-integralidade-saberes-e-praticas-no-cotidiano-das-instituicoes-de-saude\/4719#primaryimage"},"thumbnailUrl":"https:\/\/lappis.org.br\/site\/wp-content\/uploads\/2017\/12\/Resumos-Ampliados-do-VI-Semin\u00e1rio-do-Projeto-Integralidade-saberes-e-pr\u00e1ticas-no-cotidiano-das-institui\u00e7\u00f5es-de-sa\u00fade.jpg","keywords":["Lappis","livro","Publica\u00e7\u00f5es"],"articleSection":["Publica\u00e7\u00f5es"],"inLanguage":"pt-BR"},{"@type":"WebPage","@id":"https:\/\/lappis.org.br\/site\/resumos-ampliados-do-vi-seminario-do-projeto-integralidade-saberes-e-praticas-no-cotidiano-das-instituicoes-de-saude\/4719","url":"https:\/\/lappis.org.br\/site\/resumos-ampliados-do-vi-seminario-do-projeto-integralidade-saberes-e-praticas-no-cotidiano-das-instituicoes-de-saude\/4719","name":"Resumos Ampliados do VI Semin\u00e1rio do Projeto Integralidade: saberes e pr\u00e1ticas no cotidiano das institui\u00e7\u00f5es de sa\u00fade - Lappis 25 anos","isPartOf":{"@id":"https:\/\/lappis.org.br\/site\/#website"},"primaryImageOfPage":{"@id":"https:\/\/lappis.org.br\/site\/resumos-ampliados-do-vi-seminario-do-projeto-integralidade-saberes-e-praticas-no-cotidiano-das-instituicoes-de-saude\/4719#primaryimage"},"image":{"@id":"https:\/\/lappis.org.br\/site\/resumos-ampliados-do-vi-seminario-do-projeto-integralidade-saberes-e-praticas-no-cotidiano-das-instituicoes-de-saude\/4719#primaryimage"},"thumbnailUrl":"https:\/\/lappis.org.br\/site\/wp-content\/uploads\/2017\/12\/Resumos-Ampliados-do-VI-Semin\u00e1rio-do-Projeto-Integralidade-saberes-e-pr\u00e1ticas-no-cotidiano-das-institui\u00e7\u00f5es-de-sa\u00fade.jpg","datePublished":"2017-12-12T22:00:29+00:00","dateModified":"2018-02-08T14:34:32+00:00","breadcrumb":{"@id":"https:\/\/lappis.org.br\/site\/resumos-ampliados-do-vi-seminario-do-projeto-integralidade-saberes-e-praticas-no-cotidiano-das-instituicoes-de-saude\/4719#breadcrumb"},"inLanguage":"pt-BR","potentialAction":[{"@type":"ReadAction","target":["https:\/\/lappis.org.br\/site\/resumos-ampliados-do-vi-seminario-do-projeto-integralidade-saberes-e-praticas-no-cotidiano-das-instituicoes-de-saude\/4719"]}]},{"@type":"ImageObject","inLanguage":"pt-BR","@id":"https:\/\/lappis.org.br\/site\/resumos-ampliados-do-vi-seminario-do-projeto-integralidade-saberes-e-praticas-no-cotidiano-das-instituicoes-de-saude\/4719#primaryimage","url":"https:\/\/lappis.org.br\/site\/wp-content\/uploads\/2017\/12\/Resumos-Ampliados-do-VI-Semin\u00e1rio-do-Projeto-Integralidade-saberes-e-pr\u00e1ticas-no-cotidiano-das-institui\u00e7\u00f5es-de-sa\u00fade.jpg","contentUrl":"https:\/\/lappis.org.br\/site\/wp-content\/uploads\/2017\/12\/Resumos-Ampliados-do-VI-Semin\u00e1rio-do-Projeto-Integralidade-saberes-e-pr\u00e1ticas-no-cotidiano-das-institui\u00e7\u00f5es-de-sa\u00fade.jpg","width":1653,"height":2480},{"@type":"BreadcrumbList","@id":"https:\/\/lappis.org.br\/site\/resumos-ampliados-do-vi-seminario-do-projeto-integralidade-saberes-e-praticas-no-cotidiano-das-instituicoes-de-saude\/4719#breadcrumb","itemListElement":[{"@type":"ListItem","position":1,"name":"In\u00edcio","item":"https:\/\/lappis.org.br\/site\/"},{"@type":"ListItem","position":2,"name":"Resumos Ampliados do VI Semin\u00e1rio do Projeto Integralidade: saberes e pr\u00e1ticas no cotidiano das institui\u00e7\u00f5es de sa\u00fade"}]},{"@type":"WebSite","@id":"https:\/\/lappis.org.br\/site\/#website","url":"https:\/\/lappis.org.br\/site\/","name":"Lappis 25 anos","description":"Labotat\u00f3rio de Pesquisas sobre Pr\u00e1ticas de Integralidade em Sa\u00fade","publisher":{"@id":"https:\/\/lappis.org.br\/site\/#organization"},"potentialAction":[{"@type":"SearchAction","target":{"@type":"EntryPoint","urlTemplate":"https:\/\/lappis.org.br\/site\/?s={search_term_string}"},"query-input":{"@type":"PropertyValueSpecification","valueRequired":true,"valueName":"search_term_string"}}],"inLanguage":"pt-BR"},{"@type":"Organization","@id":"https:\/\/lappis.org.br\/site\/#organization","name":"Lappis 25 anos","url":"https:\/\/lappis.org.br\/site\/","logo":{"@type":"ImageObject","inLanguage":"pt-BR","@id":"https:\/\/lappis.org.br\/site\/#\/schema\/logo\/image\/","url":"https:\/\/lappis.org.br\/site\/wp-content\/uploads\/2025\/03\/logo-lappis25anos.png","contentUrl":"https:\/\/lappis.org.br\/site\/wp-content\/uploads\/2025\/03\/logo-lappis25anos.png","width":388,"height":146,"caption":"Lappis 25 anos"},"image":{"@id":"https:\/\/lappis.org.br\/site\/#\/schema\/logo\/image\/"}},{"@type":"Person","@id":"https:\/\/lappis.org.br\/site\/#\/schema\/person\/c5ae1a9a383eda57f5172f5c706a0414","name":"stefany","image":{"@type":"ImageObject","inLanguage":"pt-BR","@id":"https:\/\/lappis.org.br\/site\/#\/schema\/person\/image\/","url":"https:\/\/secure.gravatar.com\/avatar\/a7553e82b188bf17bb54b918d68d7841?s=96&d=mm&r=g","contentUrl":"https:\/\/secure.gravatar.com\/avatar\/a7553e82b188bf17bb54b918d68d7841?s=96&d=mm&r=g","caption":"stefany"},"url":"https:\/\/lappis.org.br\/site\/author\/stefany"}]}},"jetpack_featured_media_url":"https:\/\/lappis.org.br\/site\/wp-content\/uploads\/2017\/12\/Resumos-Ampliados-do-VI-Semin\u00e1rio-do-Projeto-Integralidade-saberes-e-pr\u00e1ticas-no-cotidiano-das-institui\u00e7\u00f5es-de-sa\u00fade.jpg","jetpack_shortlink":"https:\/\/wp.me\/p954Nh-1e7","jetpack_sharing_enabled":true,"_links":{"self":[{"href":"https:\/\/lappis.org.br\/site\/wp-json\/wp\/v2\/posts\/4719"}],"collection":[{"href":"https:\/\/lappis.org.br\/site\/wp-json\/wp\/v2\/posts"}],"about":[{"href":"https:\/\/lappis.org.br\/site\/wp-json\/wp\/v2\/types\/post"}],"author":[{"embeddable":true,"href":"https:\/\/lappis.org.br\/site\/wp-json\/wp\/v2\/users\/4"}],"replies":[{"embeddable":true,"href":"https:\/\/lappis.org.br\/site\/wp-json\/wp\/v2\/comments?post=4719"}],"version-history":[{"count":11,"href":"https:\/\/lappis.org.br\/site\/wp-json\/wp\/v2\/posts\/4719\/revisions"}],"predecessor-version":[{"id":5809,"href":"https:\/\/lappis.org.br\/site\/wp-json\/wp\/v2\/posts\/4719\/revisions\/5809"}],"wp:featuredmedia":[{"embeddable":true,"href":"https:\/\/lappis.org.br\/site\/wp-json\/wp\/v2\/media\/5174"}],"wp:attachment":[{"href":"https:\/\/lappis.org.br\/site\/wp-json\/wp\/v2\/media?parent=4719"}],"wp:term":[{"taxonomy":"category","embeddable":true,"href":"https:\/\/lappis.org.br\/site\/wp-json\/wp\/v2\/categories?post=4719"},{"taxonomy":"post_tag","embeddable":true,"href":"https:\/\/lappis.org.br\/site\/wp-json\/wp\/v2\/tags?post=4719"}],"curies":[{"name":"wp","href":"https:\/\/api.w.org\/{rel}","templated":true}]}}