{"id":4631,"date":"2017-12-08T11:45:17","date_gmt":"2017-12-08T13:45:17","guid":{"rendered":"http:\/\/lappis.org.br\/site\/?p=4631"},"modified":"2018-05-31T19:49:29","modified_gmt":"2018-05-31T22:49:29","slug":"construcao-social-da-demanda-direito-saude-trabalho-em-equipe-participacao-e-espacos-publicos","status":"publish","type":"post","link":"https:\/\/lappis.org.br\/site\/construcao-social-da-demanda-direito-saude-trabalho-em-equipe-participacao-e-espacos-publicos\/4631","title":{"rendered":"Constru\u00e7\u00e3o Social da Demanda: direito \u00e0 sa\u00fade, trabalho em equipe, participa\u00e7\u00e3o e espa\u00e7os p\u00fablicos"},"content":{"rendered":"<h3>ORGANIZADORES<\/h3>\n<p>Roseni Pinheiro e Ruben Ara\u00fajo De Mattos<\/p>\n<p>Refer\u00eancia:<br \/>\nConstru\u00e7\u00e3o social da demanda: direito \u00e0 sa\u00fade, trabalho em equipe, participa\u00e7\u00e3o e espa\u00e7os p\u00fablicos \/ Roseni Pinheiro e Ruben Araujo de Mattos, organizadores. 2\u00aa ed. &#8211; Rio de Janeiro: CEPESC\/UERJ: ABRASCO, 2005. 308p. ISBN 978-85-89737-54-8.<\/p>\n<h3>SUM\u00c1RIO<\/h3>\n<ul>\n<li><a href=\"http:\/\/lappis.org.br\/site\/wp-content\/uploads\/2017\/12\/CONSTRU\u00c7\u00c3O-SOCIAL-DA-DEMANDA-DIREITO-\u00c0-SA\u00daDE-APRESENTA\u00c7\u00c3O.pdf\" target=\"_blank\" rel=\"noopener\">Apresenta\u00e7\u00e3o<\/a><\/li>\n<\/ul>\n<p>Apresenta\u00e7\u00e3o:\u00a0Mais uma vez Gramsci<br \/>\nRoseni Pinheiro<\/p>\n<h4>PARTE I &#8211; DIREITO \u00c0 SA\u00daDE: EMANCIPA\u00c7\u00c3O, NECESSIDADES E PODER<\/h4>\n<p>1.1. Demanda em Sa\u00fade e Direito \u00e0 Sa\u00fade:\u00a0Liberdade ou Necessidade? Algumas Considera\u00e7\u00f5es Sobre os Nexos Constituintes das Pr\u00e1ticas de Integralidade<br \/>\nRoseni Pinheiro,\u00a0francini Lube Guizardi, Felipe Rangel S. Machado E\u00a0rafael Da Silveira Gomes<\/p>\n<p>1.2. Direito, Necessidades de Sa\u00fade e Integralidade<br \/>\nRuben Ara\u00fajo De Mattos<\/p>\n<p>1.3. Direito \u00e0 Sa\u00fade e Integralidade no SUS:\u00a0o exerc\u00edcio da cidadania e o papel do Minist\u00e9rio P\u00fablico<br \/>\nFelipe Rangel S. Machado,\u00a0roseni Pinheiro\u00a0e\u00a0francini Lube Guizardi<\/p>\n<p>1.4. Reforma Psiqui\u00e1trica e Desinstitucionaliza\u00e7\u00e3o:\u00a0a (re)constru\u00e7\u00e3o da demanda no corpo social<br \/>\nPaulo Duarte Amarante E\u00a0ana Paula Guljor<\/p>\n<p>1.5. Entre Tramas e Redes:\u00a0cuidado e integralidade<br \/>\nAluisio Gomes Da Silva Jr., Carla Almeida Alves E Marcia Guimar\u00e3es M. Alves<\/p>\n<p>1.6. Das Necessidades de Sa\u00fade \u00e0 Demanda Socialmente Constitu\u00edda<br \/>\nKenneth Rochel De Camargo Jr.<\/p>\n<h4>PARTE II &#8211; TRABALHO EM EQUIPE: DESFRAGMENTA\u00c7\u00c3O, FORMA\u00c7\u00c3O PERMANENTE E OS COLETIVOS DE PRODU\u00c7\u00c3O EM SA\u00daDE<\/h4>\n<p>2.1. A Orquestra\u00e7\u00e3o do Trabalho em Sa\u00fade:\u00a0um debate sobre a fragmenta\u00e7\u00e3o das equipes<br \/>\nRafael Da Silveira Gomes,\u00a0francini Lube Guizardi\u00a0e\u00a0roseni Pinheiro<\/p>\n<p>2.2. A Equipe de Sa\u00fade como um Sistema Cibern\u00e9tico<br \/>\nOctavio Bonet<\/p>\n<p>2.3. As Agendas P\u00fablicas para as Reformas e sua Releitura no Cotidiano das Pr\u00e1ticas da Forma\u00e7\u00e3o:\u00a0o caso da disciplina Trabalho de Campo Supervisionado<\/p>\n<p>2.4. Gilson Saippa Oliveira,\u00a0lilian Koifman\u00a0e\u00a0ana L\u00facia De Moura Pontes<br \/>\nInterlocu\u00e7\u00e3o entre Ensino e Servi\u00e7o:\u00a0possibilidades de ressignifica\u00e7\u00e3o do drabalho em equipe na perspectiva da constru\u00e7\u00e3o social da demanda<br \/>\nRegina L\u00facio Monteiro Henriques<\/p>\n<p>2.5. Onde se l\u00ea &#8220;Recursos Humanos em Sa\u00fade&#8221;, leia-se &#8220;Coletivos Organizados de Produ\u00e7\u00e3o em Sa\u00fade&#8221;. Desafios para a Educa\u00e7\u00e3o<br \/>\nRicardo Burg Ceccim<\/p>\n<p>2.6. A Produ\u00e7\u00e3o Imagin\u00e1ria da Demanda e o Processo de Trabalho em Sa\u00fade<br \/>\nT\u00falio Batista Franco\u00a0e\u00a0emerson Elias Merhy<\/p>\n<p>2.7. Engravidando Palavras: o caso da integralidade<br \/>\nEmerson Elias Merhy<\/p>\n<p>2.8. Integralidade na Aten\u00e7\u00e3o e na Forma\u00e7\u00e3o dos Sujeitos:\u00a0desafio para a educa\u00e7\u00e3o profissional em sa\u00fade<br \/>\nMarise Ramos<\/p>\n<h4>PARTE III &#8211; PARTICIPA\u00c7\u00c3O E ESPA\u00c7OS P\u00daBLICOS: POLIFONIA, TERRIT\u00d3RIOS E AS REDES DE CUIDADO<\/h4>\n<p>3.1. Vozes da Participa\u00e7\u00e3o:\u00a0espa\u00e7os, resist\u00eancias e o poder da informa\u00e7\u00e3o<br \/>\nFrancini Lube Guizardi,\u00a0roseni Pinheiro\u00a0e Felipe Rangel S. Machado<\/p>\n<p>3.2. Circula\u00e7\u00e3o Polif\u00f4nica:\u00a0comunica\u00e7\u00e3o e integralidade na sa\u00fade<br \/>\nInesita Soares De Ara\u00fajo\u00a0e\u00a0janine Cardoso<\/p>\n<p>3.3. Notas Cartogr\u00e1ficas sobre Escuta e Escrita:\u00a0contribui\u00e7\u00e3o \u00e0 educa\u00e7\u00e3o das pr\u00e1ticas de sa\u00fade<br \/>\nRicardo Burg Ceccim\u00a0e\u00a0alcindo Ant\u00f4nio Ferla<\/p>\n<p>3.4. A Qualidade do Cuidado na Conviv\u00eancia com os Pobres:\u00a0o trabalho dos pastores e dos agentes comunit\u00e1rios de sa\u00fade<br \/>\nVictor Vincent Valla, Maria Beatriz Guimar\u00e3es E\u00a0alda Lacerda<\/p>\n<p>3.5. Um Outro Olhar sobre a Constru\u00e7\u00e3o Social da Demanda a Partir da D\u00e1diva e das Pr\u00e1ticas de Sa\u00fade<br \/>\nAlda Lacerda\u00a0e\u00a0victor Vincent Valla<\/p>\n<p>3.6. Participa\u00e7\u00e3o Social na Sa\u00fade:\u00a0revisitando sentidos, reafirmando propostas<br \/>\nSonia Acioli<\/p>\n<h3>FICHA T\u00c9CNICA<\/h3>\n<p>Constru\u00e7\u00e3o Social da Demanda: Direito \u00e0 sa\u00fade \u2013 Trabalho em equipe \u2013 Participa\u00e7\u00e3o e espa\u00e7os p\u00fablicos<br \/>\nRoseni Pinheiro e Ruben Araujo de Mattos (orgs.)<\/p>\n<p><strong>Capa<\/strong><br \/>\nS. Lobo<\/p>\n<p><strong>Revis\u00e3o e Prepara\u00e7\u00e3o dos originais<\/strong><br \/>\nAna Silvia Gesteira<\/p>\n<p><strong>Editora\u00e7\u00e3o eletr\u00f4nica<\/strong><br \/>\nS. Lobo e Mauro Corr\u00eaa Filho<\/p>\n<p><strong>Supervis\u00e3o editorial<\/strong><br \/>\nAna Silvia Gesteira<\/p>\n<p><em>Copyright \u00a9 2010 by Roseni Pinheiro e Ruben Araujo de Mattos<\/em><\/p>\n<p>Ficha catalogr\u00e1fica elaborada por UERJ\/REDE SIRIUS\/CBC<br \/>\nEsta publica\u00e7\u00e3o contou com apoio de CNPq, FAPERJ e IMS \/ UERJ<br \/>\nIndexado na base de dados\u00a0LILACS<\/p>\n","protected":false},"excerpt":{"rendered":"<div class=\"mh-excerpt\"><p>ORGANIZADORES Roseni Pinheiro e Ruben Ara\u00fajo De Mattos Refer\u00eancia: Constru\u00e7\u00e3o social da demanda: direito \u00e0 sa\u00fade, trabalho em equipe, participa\u00e7\u00e3o e espa\u00e7os p\u00fablicos \/ Roseni Pinheiro e Ruben Araujo de Mattos, organizadores. 2\u00aa ed. &#8211; <a class=\"mh-excerpt-more\" href=\"https:\/\/lappis.org.br\/site\/construcao-social-da-demanda-direito-saude-trabalho-em-equipe-participacao-e-espacos-publicos\/4631\" title=\"Constru\u00e7\u00e3o Social da Demanda: direito \u00e0 sa\u00fade, trabalho em equipe, participa\u00e7\u00e3o e espa\u00e7os p\u00fablicos\">[&#8230;]<\/a><\/p>\n<\/div>","protected":false},"author":4,"featured_media":5202,"comment_status":"closed","ping_status":"open","sticky":false,"template":"","format":"standard","meta":{"_acf_changed":false,"_exactmetrics_skip_tracking":false,"_exactmetrics_sitenote_active":false,"_exactmetrics_sitenote_note":"","_exactmetrics_sitenote_category":0,"jetpack_post_was_ever_published":false,"_jetpack_newsletter_access":"","_jetpack_dont_email_post_to_subs":false,"_jetpack_newsletter_tier_id":0,"_jetpack_memberships_contains_paywalled_content":false,"_jetpack_memberships_contains_paid_content":false,"footnotes":"","jetpack_publicize_message":"","jetpack_publicize_feature_enabled":true,"jetpack_social_post_already_shared":true,"jetpack_social_options":{"image_generator_settings":{"template":"highway","enabled":false},"version":2}},"categories":[676],"tags":[104,118,729],"class_list":{"0":"post-4631","1":"post","2":"type-post","3":"status-publish","4":"format-standard","5":"has-post-thumbnail","7":"category-publicacoes","8":"tag-lappis","9":"tag-livro","10":"tag-publicacoes"},"jetpack_publicize_connections":[],"acf":[],"yoast_head":"<!-- This site is optimized with the Yoast SEO plugin v25.2 - https:\/\/yoast.com\/wordpress\/plugins\/seo\/ -->\n<title>Constru\u00e7\u00e3o Social da Demanda: direito \u00e0 sa\u00fade, trabalho em equipe, participa\u00e7\u00e3o e espa\u00e7os p\u00fablicos - Lappis 25 anos<\/title>\n<meta name=\"robots\" content=\"index, follow, max-snippet:-1, max-image-preview:large, max-video-preview:-1\" \/>\n<link rel=\"canonical\" href=\"https:\/\/lappis.org.br\/site\/construcao-social-da-demanda-direito-saude-trabalho-em-equipe-participacao-e-espacos-publicos\/4631\" \/>\n<meta property=\"og:locale\" content=\"pt_BR\" \/>\n<meta property=\"og:type\" content=\"article\" \/>\n<meta property=\"og:title\" content=\"Constru\u00e7\u00e3o Social da Demanda: direito \u00e0 sa\u00fade, trabalho em equipe, participa\u00e7\u00e3o e espa\u00e7os p\u00fablicos - Lappis 25 anos\" \/>\n<meta property=\"og:description\" content=\"ORGANIZADORES Roseni Pinheiro e Ruben Ara\u00fajo De Mattos Refer\u00eancia: Constru\u00e7\u00e3o social da demanda: direito \u00e0 sa\u00fade, trabalho em equipe, participa\u00e7\u00e3o e espa\u00e7os p\u00fablicos \/ Roseni Pinheiro e Ruben Araujo de Mattos, organizadores. 2\u00aa ed. &#8211; [...]\" \/>\n<meta property=\"og:url\" content=\"https:\/\/lappis.org.br\/site\/construcao-social-da-demanda-direito-saude-trabalho-em-equipe-participacao-e-espacos-publicos\/4631\" \/>\n<meta property=\"og:site_name\" content=\"Lappis 25 anos\" \/>\n<meta property=\"article:published_time\" content=\"2017-12-08T13:45:17+00:00\" \/>\n<meta property=\"article:modified_time\" content=\"2018-05-31T22:49:29+00:00\" \/>\n<meta property=\"og:image\" content=\"https:\/\/lappis.org.br\/site\/wp-content\/uploads\/2017\/12\/Constru\u00e7\u00e3o-Social-da-Demanda_direito-\u00e0-sa\u00fade-trabalho-em-equipe-participa\u00e7\u00e3o-e-espa\u00e7os-p\u00fablicos.jpg\" \/>\n\t<meta property=\"og:image:width\" content=\"1652\" \/>\n\t<meta property=\"og:image:height\" content=\"2477\" \/>\n\t<meta property=\"og:image:type\" content=\"image\/jpeg\" \/>\n<meta name=\"author\" content=\"stefany\" \/>\n<meta name=\"twitter:card\" content=\"summary_large_image\" \/>\n<meta name=\"twitter:label1\" content=\"Escrito por\" \/>\n\t<meta name=\"twitter:data1\" content=\"stefany\" \/>\n\t<meta name=\"twitter:label2\" content=\"Est. tempo de leitura\" \/>\n\t<meta name=\"twitter:data2\" content=\"3 minutos\" \/>\n<script type=\"application\/ld+json\" class=\"yoast-schema-graph\">{\"@context\":\"https:\/\/schema.org\",\"@graph\":[{\"@type\":\"Article\",\"@id\":\"https:\/\/lappis.org.br\/site\/construcao-social-da-demanda-direito-saude-trabalho-em-equipe-participacao-e-espacos-publicos\/4631#article\",\"isPartOf\":{\"@id\":\"https:\/\/lappis.org.br\/site\/construcao-social-da-demanda-direito-saude-trabalho-em-equipe-participacao-e-espacos-publicos\/4631\"},\"author\":{\"name\":\"stefany\",\"@id\":\"https:\/\/lappis.org.br\/site\/#\/schema\/person\/c5ae1a9a383eda57f5172f5c706a0414\"},\"headline\":\"Constru\u00e7\u00e3o Social da Demanda: direito \u00e0 sa\u00fade, trabalho em equipe, participa\u00e7\u00e3o e espa\u00e7os p\u00fablicos\",\"datePublished\":\"2017-12-08T13:45:17+00:00\",\"dateModified\":\"2018-05-31T22:49:29+00:00\",\"mainEntityOfPage\":{\"@id\":\"https:\/\/lappis.org.br\/site\/construcao-social-da-demanda-direito-saude-trabalho-em-equipe-participacao-e-espacos-publicos\/4631\"},\"wordCount\":683,\"publisher\":{\"@id\":\"https:\/\/lappis.org.br\/site\/#organization\"},\"image\":{\"@id\":\"https:\/\/lappis.org.br\/site\/construcao-social-da-demanda-direito-saude-trabalho-em-equipe-participacao-e-espacos-publicos\/4631#primaryimage\"},\"thumbnailUrl\":\"https:\/\/lappis.org.br\/site\/wp-content\/uploads\/2017\/12\/Constru\u00e7\u00e3o-Social-da-Demanda_direito-\u00e0-sa\u00fade-trabalho-em-equipe-participa\u00e7\u00e3o-e-espa\u00e7os-p\u00fablicos.jpg\",\"keywords\":[\"Lappis\",\"livro\",\"Publica\u00e7\u00f5es\"],\"articleSection\":[\"Publica\u00e7\u00f5es\"],\"inLanguage\":\"pt-BR\"},{\"@type\":\"WebPage\",\"@id\":\"https:\/\/lappis.org.br\/site\/construcao-social-da-demanda-direito-saude-trabalho-em-equipe-participacao-e-espacos-publicos\/4631\",\"url\":\"https:\/\/lappis.org.br\/site\/construcao-social-da-demanda-direito-saude-trabalho-em-equipe-participacao-e-espacos-publicos\/4631\",\"name\":\"Constru\u00e7\u00e3o Social da Demanda: direito \u00e0 sa\u00fade, trabalho em equipe, participa\u00e7\u00e3o e espa\u00e7os p\u00fablicos - Lappis 25 anos\",\"isPartOf\":{\"@id\":\"https:\/\/lappis.org.br\/site\/#website\"},\"primaryImageOfPage\":{\"@id\":\"https:\/\/lappis.org.br\/site\/construcao-social-da-demanda-direito-saude-trabalho-em-equipe-participacao-e-espacos-publicos\/4631#primaryimage\"},\"image\":{\"@id\":\"https:\/\/lappis.org.br\/site\/construcao-social-da-demanda-direito-saude-trabalho-em-equipe-participacao-e-espacos-publicos\/4631#primaryimage\"},\"thumbnailUrl\":\"https:\/\/lappis.org.br\/site\/wp-content\/uploads\/2017\/12\/Constru\u00e7\u00e3o-Social-da-Demanda_direito-\u00e0-sa\u00fade-trabalho-em-equipe-participa\u00e7\u00e3o-e-espa\u00e7os-p\u00fablicos.jpg\",\"datePublished\":\"2017-12-08T13:45:17+00:00\",\"dateModified\":\"2018-05-31T22:49:29+00:00\",\"breadcrumb\":{\"@id\":\"https:\/\/lappis.org.br\/site\/construcao-social-da-demanda-direito-saude-trabalho-em-equipe-participacao-e-espacos-publicos\/4631#breadcrumb\"},\"inLanguage\":\"pt-BR\",\"potentialAction\":[{\"@type\":\"ReadAction\",\"target\":[\"https:\/\/lappis.org.br\/site\/construcao-social-da-demanda-direito-saude-trabalho-em-equipe-participacao-e-espacos-publicos\/4631\"]}]},{\"@type\":\"ImageObject\",\"inLanguage\":\"pt-BR\",\"@id\":\"https:\/\/lappis.org.br\/site\/construcao-social-da-demanda-direito-saude-trabalho-em-equipe-participacao-e-espacos-publicos\/4631#primaryimage\",\"url\":\"https:\/\/lappis.org.br\/site\/wp-content\/uploads\/2017\/12\/Constru\u00e7\u00e3o-Social-da-Demanda_direito-\u00e0-sa\u00fade-trabalho-em-equipe-participa\u00e7\u00e3o-e-espa\u00e7os-p\u00fablicos.jpg\",\"contentUrl\":\"https:\/\/lappis.org.br\/site\/wp-content\/uploads\/2017\/12\/Constru\u00e7\u00e3o-Social-da-Demanda_direito-\u00e0-sa\u00fade-trabalho-em-equipe-participa\u00e7\u00e3o-e-espa\u00e7os-p\u00fablicos.jpg\",\"width\":1652,\"height\":2477},{\"@type\":\"BreadcrumbList\",\"@id\":\"https:\/\/lappis.org.br\/site\/construcao-social-da-demanda-direito-saude-trabalho-em-equipe-participacao-e-espacos-publicos\/4631#breadcrumb\",\"itemListElement\":[{\"@type\":\"ListItem\",\"position\":1,\"name\":\"In\u00edcio\",\"item\":\"https:\/\/lappis.org.br\/site\/\"},{\"@type\":\"ListItem\",\"position\":2,\"name\":\"Constru\u00e7\u00e3o Social da Demanda: direito \u00e0 sa\u00fade, trabalho em equipe, participa\u00e7\u00e3o e espa\u00e7os p\u00fablicos\"}]},{\"@type\":\"WebSite\",\"@id\":\"https:\/\/lappis.org.br\/site\/#website\",\"url\":\"https:\/\/lappis.org.br\/site\/\",\"name\":\"Lappis 25 anos\",\"description\":\"Labotat\u00f3rio de Pesquisas sobre Pr\u00e1ticas de Integralidade em Sa\u00fade\",\"publisher\":{\"@id\":\"https:\/\/lappis.org.br\/site\/#organization\"},\"potentialAction\":[{\"@type\":\"SearchAction\",\"target\":{\"@type\":\"EntryPoint\",\"urlTemplate\":\"https:\/\/lappis.org.br\/site\/?s={search_term_string}\"},\"query-input\":{\"@type\":\"PropertyValueSpecification\",\"valueRequired\":true,\"valueName\":\"search_term_string\"}}],\"inLanguage\":\"pt-BR\"},{\"@type\":\"Organization\",\"@id\":\"https:\/\/lappis.org.br\/site\/#organization\",\"name\":\"Lappis 25 anos\",\"url\":\"https:\/\/lappis.org.br\/site\/\",\"logo\":{\"@type\":\"ImageObject\",\"inLanguage\":\"pt-BR\",\"@id\":\"https:\/\/lappis.org.br\/site\/#\/schema\/logo\/image\/\",\"url\":\"https:\/\/lappis.org.br\/site\/wp-content\/uploads\/2025\/03\/logo-lappis25anos.png\",\"contentUrl\":\"https:\/\/lappis.org.br\/site\/wp-content\/uploads\/2025\/03\/logo-lappis25anos.png\",\"width\":388,\"height\":146,\"caption\":\"Lappis 25 anos\"},\"image\":{\"@id\":\"https:\/\/lappis.org.br\/site\/#\/schema\/logo\/image\/\"}},{\"@type\":\"Person\",\"@id\":\"https:\/\/lappis.org.br\/site\/#\/schema\/person\/c5ae1a9a383eda57f5172f5c706a0414\",\"name\":\"stefany\",\"image\":{\"@type\":\"ImageObject\",\"inLanguage\":\"pt-BR\",\"@id\":\"https:\/\/lappis.org.br\/site\/#\/schema\/person\/image\/\",\"url\":\"https:\/\/secure.gravatar.com\/avatar\/a7553e82b188bf17bb54b918d68d7841?s=96&d=mm&r=g\",\"contentUrl\":\"https:\/\/secure.gravatar.com\/avatar\/a7553e82b188bf17bb54b918d68d7841?s=96&d=mm&r=g\",\"caption\":\"stefany\"},\"url\":\"https:\/\/lappis.org.br\/site\/author\/stefany\"}]}<\/script>\n<!-- \/ Yoast SEO plugin. -->","yoast_head_json":{"title":"Constru\u00e7\u00e3o Social da Demanda: direito \u00e0 sa\u00fade, trabalho em equipe, participa\u00e7\u00e3o e espa\u00e7os p\u00fablicos - Lappis 25 anos","robots":{"index":"index","follow":"follow","max-snippet":"max-snippet:-1","max-image-preview":"max-image-preview:large","max-video-preview":"max-video-preview:-1"},"canonical":"https:\/\/lappis.org.br\/site\/construcao-social-da-demanda-direito-saude-trabalho-em-equipe-participacao-e-espacos-publicos\/4631","og_locale":"pt_BR","og_type":"article","og_title":"Constru\u00e7\u00e3o Social da Demanda: direito \u00e0 sa\u00fade, trabalho em equipe, participa\u00e7\u00e3o e espa\u00e7os p\u00fablicos - Lappis 25 anos","og_description":"ORGANIZADORES Roseni Pinheiro e Ruben Ara\u00fajo De Mattos Refer\u00eancia: Constru\u00e7\u00e3o social da demanda: direito \u00e0 sa\u00fade, trabalho em equipe, participa\u00e7\u00e3o e espa\u00e7os p\u00fablicos \/ Roseni Pinheiro e Ruben Araujo de Mattos, organizadores. 2\u00aa ed. &#8211; [...]","og_url":"https:\/\/lappis.org.br\/site\/construcao-social-da-demanda-direito-saude-trabalho-em-equipe-participacao-e-espacos-publicos\/4631","og_site_name":"Lappis 25 anos","article_published_time":"2017-12-08T13:45:17+00:00","article_modified_time":"2018-05-31T22:49:29+00:00","og_image":[{"width":1652,"height":2477,"url":"https:\/\/lappis.org.br\/site\/wp-content\/uploads\/2017\/12\/Constru\u00e7\u00e3o-Social-da-Demanda_direito-\u00e0-sa\u00fade-trabalho-em-equipe-participa\u00e7\u00e3o-e-espa\u00e7os-p\u00fablicos.jpg","type":"image\/jpeg"}],"author":"stefany","twitter_card":"summary_large_image","twitter_misc":{"Escrito por":"stefany","Est. tempo de leitura":"3 minutos"},"schema":{"@context":"https:\/\/schema.org","@graph":[{"@type":"Article","@id":"https:\/\/lappis.org.br\/site\/construcao-social-da-demanda-direito-saude-trabalho-em-equipe-participacao-e-espacos-publicos\/4631#article","isPartOf":{"@id":"https:\/\/lappis.org.br\/site\/construcao-social-da-demanda-direito-saude-trabalho-em-equipe-participacao-e-espacos-publicos\/4631"},"author":{"name":"stefany","@id":"https:\/\/lappis.org.br\/site\/#\/schema\/person\/c5ae1a9a383eda57f5172f5c706a0414"},"headline":"Constru\u00e7\u00e3o Social da Demanda: direito \u00e0 sa\u00fade, trabalho em equipe, participa\u00e7\u00e3o e espa\u00e7os p\u00fablicos","datePublished":"2017-12-08T13:45:17+00:00","dateModified":"2018-05-31T22:49:29+00:00","mainEntityOfPage":{"@id":"https:\/\/lappis.org.br\/site\/construcao-social-da-demanda-direito-saude-trabalho-em-equipe-participacao-e-espacos-publicos\/4631"},"wordCount":683,"publisher":{"@id":"https:\/\/lappis.org.br\/site\/#organization"},"image":{"@id":"https:\/\/lappis.org.br\/site\/construcao-social-da-demanda-direito-saude-trabalho-em-equipe-participacao-e-espacos-publicos\/4631#primaryimage"},"thumbnailUrl":"https:\/\/lappis.org.br\/site\/wp-content\/uploads\/2017\/12\/Constru\u00e7\u00e3o-Social-da-Demanda_direito-\u00e0-sa\u00fade-trabalho-em-equipe-participa\u00e7\u00e3o-e-espa\u00e7os-p\u00fablicos.jpg","keywords":["Lappis","livro","Publica\u00e7\u00f5es"],"articleSection":["Publica\u00e7\u00f5es"],"inLanguage":"pt-BR"},{"@type":"WebPage","@id":"https:\/\/lappis.org.br\/site\/construcao-social-da-demanda-direito-saude-trabalho-em-equipe-participacao-e-espacos-publicos\/4631","url":"https:\/\/lappis.org.br\/site\/construcao-social-da-demanda-direito-saude-trabalho-em-equipe-participacao-e-espacos-publicos\/4631","name":"Constru\u00e7\u00e3o Social da Demanda: direito \u00e0 sa\u00fade, trabalho em equipe, participa\u00e7\u00e3o e espa\u00e7os p\u00fablicos - Lappis 25 anos","isPartOf":{"@id":"https:\/\/lappis.org.br\/site\/#website"},"primaryImageOfPage":{"@id":"https:\/\/lappis.org.br\/site\/construcao-social-da-demanda-direito-saude-trabalho-em-equipe-participacao-e-espacos-publicos\/4631#primaryimage"},"image":{"@id":"https:\/\/lappis.org.br\/site\/construcao-social-da-demanda-direito-saude-trabalho-em-equipe-participacao-e-espacos-publicos\/4631#primaryimage"},"thumbnailUrl":"https:\/\/lappis.org.br\/site\/wp-content\/uploads\/2017\/12\/Constru\u00e7\u00e3o-Social-da-Demanda_direito-\u00e0-sa\u00fade-trabalho-em-equipe-participa\u00e7\u00e3o-e-espa\u00e7os-p\u00fablicos.jpg","datePublished":"2017-12-08T13:45:17+00:00","dateModified":"2018-05-31T22:49:29+00:00","breadcrumb":{"@id":"https:\/\/lappis.org.br\/site\/construcao-social-da-demanda-direito-saude-trabalho-em-equipe-participacao-e-espacos-publicos\/4631#breadcrumb"},"inLanguage":"pt-BR","potentialAction":[{"@type":"ReadAction","target":["https:\/\/lappis.org.br\/site\/construcao-social-da-demanda-direito-saude-trabalho-em-equipe-participacao-e-espacos-publicos\/4631"]}]},{"@type":"ImageObject","inLanguage":"pt-BR","@id":"https:\/\/lappis.org.br\/site\/construcao-social-da-demanda-direito-saude-trabalho-em-equipe-participacao-e-espacos-publicos\/4631#primaryimage","url":"https:\/\/lappis.org.br\/site\/wp-content\/uploads\/2017\/12\/Constru\u00e7\u00e3o-Social-da-Demanda_direito-\u00e0-sa\u00fade-trabalho-em-equipe-participa\u00e7\u00e3o-e-espa\u00e7os-p\u00fablicos.jpg","contentUrl":"https:\/\/lappis.org.br\/site\/wp-content\/uploads\/2017\/12\/Constru\u00e7\u00e3o-Social-da-Demanda_direito-\u00e0-sa\u00fade-trabalho-em-equipe-participa\u00e7\u00e3o-e-espa\u00e7os-p\u00fablicos.jpg","width":1652,"height":2477},{"@type":"BreadcrumbList","@id":"https:\/\/lappis.org.br\/site\/construcao-social-da-demanda-direito-saude-trabalho-em-equipe-participacao-e-espacos-publicos\/4631#breadcrumb","itemListElement":[{"@type":"ListItem","position":1,"name":"In\u00edcio","item":"https:\/\/lappis.org.br\/site\/"},{"@type":"ListItem","position":2,"name":"Constru\u00e7\u00e3o Social da Demanda: direito \u00e0 sa\u00fade, trabalho em equipe, participa\u00e7\u00e3o e espa\u00e7os p\u00fablicos"}]},{"@type":"WebSite","@id":"https:\/\/lappis.org.br\/site\/#website","url":"https:\/\/lappis.org.br\/site\/","name":"Lappis 25 anos","description":"Labotat\u00f3rio de Pesquisas sobre Pr\u00e1ticas de Integralidade em Sa\u00fade","publisher":{"@id":"https:\/\/lappis.org.br\/site\/#organization"},"potentialAction":[{"@type":"SearchAction","target":{"@type":"EntryPoint","urlTemplate":"https:\/\/lappis.org.br\/site\/?s={search_term_string}"},"query-input":{"@type":"PropertyValueSpecification","valueRequired":true,"valueName":"search_term_string"}}],"inLanguage":"pt-BR"},{"@type":"Organization","@id":"https:\/\/lappis.org.br\/site\/#organization","name":"Lappis 25 anos","url":"https:\/\/lappis.org.br\/site\/","logo":{"@type":"ImageObject","inLanguage":"pt-BR","@id":"https:\/\/lappis.org.br\/site\/#\/schema\/logo\/image\/","url":"https:\/\/lappis.org.br\/site\/wp-content\/uploads\/2025\/03\/logo-lappis25anos.png","contentUrl":"https:\/\/lappis.org.br\/site\/wp-content\/uploads\/2025\/03\/logo-lappis25anos.png","width":388,"height":146,"caption":"Lappis 25 anos"},"image":{"@id":"https:\/\/lappis.org.br\/site\/#\/schema\/logo\/image\/"}},{"@type":"Person","@id":"https:\/\/lappis.org.br\/site\/#\/schema\/person\/c5ae1a9a383eda57f5172f5c706a0414","name":"stefany","image":{"@type":"ImageObject","inLanguage":"pt-BR","@id":"https:\/\/lappis.org.br\/site\/#\/schema\/person\/image\/","url":"https:\/\/secure.gravatar.com\/avatar\/a7553e82b188bf17bb54b918d68d7841?s=96&d=mm&r=g","contentUrl":"https:\/\/secure.gravatar.com\/avatar\/a7553e82b188bf17bb54b918d68d7841?s=96&d=mm&r=g","caption":"stefany"},"url":"https:\/\/lappis.org.br\/site\/author\/stefany"}]}},"jetpack_featured_media_url":"https:\/\/lappis.org.br\/site\/wp-content\/uploads\/2017\/12\/Constru\u00e7\u00e3o-Social-da-Demanda_direito-\u00e0-sa\u00fade-trabalho-em-equipe-participa\u00e7\u00e3o-e-espa\u00e7os-p\u00fablicos.jpg","jetpack_shortlink":"https:\/\/wp.me\/p954Nh-1cH","jetpack_sharing_enabled":true,"_links":{"self":[{"href":"https:\/\/lappis.org.br\/site\/wp-json\/wp\/v2\/posts\/4631"}],"collection":[{"href":"https:\/\/lappis.org.br\/site\/wp-json\/wp\/v2\/posts"}],"about":[{"href":"https:\/\/lappis.org.br\/site\/wp-json\/wp\/v2\/types\/post"}],"author":[{"embeddable":true,"href":"https:\/\/lappis.org.br\/site\/wp-json\/wp\/v2\/users\/4"}],"replies":[{"embeddable":true,"href":"https:\/\/lappis.org.br\/site\/wp-json\/wp\/v2\/comments?post=4631"}],"version-history":[{"count":10,"href":"https:\/\/lappis.org.br\/site\/wp-json\/wp\/v2\/posts\/4631\/revisions"}],"predecessor-version":[{"id":6917,"href":"https:\/\/lappis.org.br\/site\/wp-json\/wp\/v2\/posts\/4631\/revisions\/6917"}],"wp:featuredmedia":[{"embeddable":true,"href":"https:\/\/lappis.org.br\/site\/wp-json\/wp\/v2\/media\/5202"}],"wp:attachment":[{"href":"https:\/\/lappis.org.br\/site\/wp-json\/wp\/v2\/media?parent=4631"}],"wp:term":[{"taxonomy":"category","embeddable":true,"href":"https:\/\/lappis.org.br\/site\/wp-json\/wp\/v2\/categories?post=4631"},{"taxonomy":"post_tag","embeddable":true,"href":"https:\/\/lappis.org.br\/site\/wp-json\/wp\/v2\/tags?post=4631"}],"curies":[{"name":"wp","href":"https:\/\/api.w.org\/{rel}","templated":true}]}}