{"id":4530,"date":"2017-12-04T18:20:06","date_gmt":"2017-12-04T20:20:06","guid":{"rendered":"http:\/\/lappis.org.br\/site\/?p=4530"},"modified":"2018-05-29T19:32:23","modified_gmt":"2018-05-29T22:32:23","slug":"razoes-publicas-para-integralidade-em-saude-o-cuidado-como-valor","status":"publish","type":"post","link":"https:\/\/lappis.org.br\/site\/razoes-publicas-para-integralidade-em-saude-o-cuidado-como-valor\/4530","title":{"rendered":"Raz\u00f5es P\u00fablicas para a Integralidade em Sa\u00fade: o cuidado como valor"},"content":{"rendered":"<h3>ORGANIZADORES<\/h3>\n<p><span style=\"font-family: verdana, geneva, sans-serif\">Roseni Pinheiro E Ruben Ara\u00fajo De Mattos\u00a0 \u00a0<\/span><\/p>\n<p>Refer\u00eancia:<br \/>\nRaz\u00f5es p\u00fablicas para a integralidade em sa\u00fade: o cuidado como valor \/ Roseni Pinheiro e Ruben Ara\u00fajo de Mattos, organizadores. \u2013 Rio de Janeiro: IMS\/UERJ: CEPESC: ABRASCO, 2007. 404 p. ISBN: 978-85-89737-41-8.<\/p>\n<p>&nbsp;<\/p>\n<h4>SUM\u00c1RIO<\/h4>\n<ul>\n<li><a href=\"http:\/\/lappis.org.br\/site\/wp-content\/uploads\/2017\/12\/RAZ\u00d5ES-P\u00daBLICAS-PARA-A-INTEGRALIDADE-EM-SA\u00daDE-\u2013-APRESENTA\u00c7\u00c3O.pdf\" target=\"_blank\" rel=\"noopener\">Apresenta\u00e7\u00e3o<\/a><\/li>\n<\/ul>\n<p>Introdu\u00e7\u00e3o<br \/>\nRoseni Pinheiro E Ruben Araujo De Mattos<\/p>\n<h4>PARTE I &#8211; RESPONSABILIDADE<\/h4>\n<p>1.1. Cuidado como um valor: um ensaio sobre o (re)pensar e a a\u00e7\u00e3o na constru\u00e7\u00e3o de pr\u00e1ticas eficazes de integralidade em sa\u00fade<br \/>\nRoseni Pinheiro<\/p>\n<p>1.2. Trabalho em equipe e responsabilidade coletiva: a pot\u00eancia do espa\u00e7o p\u00fablico<br \/>\nTatiana Coelho Lopes, Regina L\u00facia Monteiro Henriques E Roseni Pinheiro<\/p>\n<p>1.3. Responsabilidade do Estado, papel e rela\u00e7\u00f5es entre Poderes na sa\u00fade: duas ou tr\u00eas coisas que sabemos disso<br \/>\nCristiani Vieira Machado, Tatiana Wargas De Faria Baptista E Luciana Dias De Lima<\/p>\n<p>1.4. Cuidado: pr\u00e1xis respons\u00e1vel de uma cidadania moral<br \/>\nElma Zoboli<\/p>\n<p>1.5. Direito, est\u00e9tica e integralidade na sa\u00fade: uma reflex\u00e3o multidisciplinar sobre valores<br \/>\nFelipe Dutra Asensi<\/p>\n<h4>PARTE II &#8211; EPISTEMOLOGIA DA PR\u00c1TICA<\/h4>\n<p>2.1. A filosofia emp\u00edrica da aten\u00e7\u00e3o \u00e0 sa\u00fade<br \/>\nKenneth Rochel De Camargo Jr.<\/p>\n<p>2.2. Seria poss\u00edvel uma pr\u00e1tica do cuidado n\u00e3o-reflexiva? O cuidado como atividade<br \/>\nMaria Elizabeth Barros De Barros<\/p>\n<p>2.3. Da necessidade de uma pr\u00e1tica reflexiva sobre o cuidado: a hermen\u00eautica como acesso ao sentido das pr\u00e1ticas de sa\u00fade<br \/>\nJos\u00e9 Ricardo De C. M. Ayres<\/p>\n<p>2.4. A educa\u00e7\u00e3o dos trabalhadores: valores \u00e9ticos e pol\u00edticos do cuidado na sa\u00fade<br \/>\nIsabel Brasil Pereira<\/p>\n<p>2.5. Reflex\u00f5es sobre o papel do docente em sa\u00fade na constitui\u00e7\u00e3o de valores e sentidos sobre o ato de cuidar<br \/>\nLilian Koifman, Gilson Saippa Oliveira E Veronica Fernandez<\/p>\n<h4>PARTE III &#8211; ENSINO<\/h4>\n<p>3.1. Escuta como cuidado: \u00e9 poss\u00edvel ensinar?<br \/>\nL\u00e9lia Maria Madeira, Ana Fl\u00e1via Coelho Lopes, Elys\u00e2ngela Dittz Duarte, Erika Da Silva Dittz E Tatiana Coelho Lopes<\/p>\n<p>3.2. Escuta como cuidado: o que se passa nos processos de forma\u00e7\u00e3o e de escuta?<br \/>\nAna Lucia C. Heckert<\/p>\n<p>3.3. Obst\u00e1culos \u00e0 amplia\u00e7\u00e3o da compet\u00eancia dial\u00f3gica e interpretativa da cl\u00ednica de m\u00e9dicos atuando na aten\u00e7\u00e3o prim\u00e1ria<br \/>\nCesar Augusto O. Favoreto<\/p>\n<p>3.4. Escuta como cuidado: \u00e9 poss\u00edvel ensinar?<br \/>\nAndrea Caprara<\/p>\n<h4>PARTE IV &#8211; REDES SOCIAIS<\/h4>\n<p>4.1. Cuidado integral e emo\u00e7\u00f5es: bens simb\u00f3licos que circulam nas redes de apoio social<br \/>\nAlda Lacerda, Maria Beatriz Guimar\u00e3es, Carla Moura Lima E Victor Vincent Valla<\/p>\n<p>4.2. O cuidado como met\u00e1fora nas redes da pr\u00e1tica terap\u00eautica<br \/>\nOctavio Bonet E F\u00e1tima Regina Gomes Tavares<\/p>\n<p>4.3. Itiner\u00e1rios terap\u00eauticos e suas m\u00faltiplas dimens\u00f5es: desafios para a pr\u00e1tica da integralidade e do cuidado como valor<br \/>\nTatiana Engel Gerhardt<\/p>\n<p>4.4. D\u00e1diva e rede na sa\u00fade: circuitos de troca e constru\u00e7\u00e3o de estrat\u00e9gias de cuidado<br \/>\nMartha Cristina Nunes Moreira<\/p>\n<p>4.5. G\u00eanero, sa\u00fade da mulher e integralidade: conflu\u00eancias e desencontros<br \/>\nWilza Vieira Villela E Eleonora M. Oliveira<\/p>\n<h4>PARTE V \u2013 HUMANIZA\u00c7\u00c3O, AVALIA\u00c7\u00c3O E ORGANIZA\u00c7\u00c3O DE SERVI\u00c7OS<\/h4>\n<p>5.1. Humaniza\u00e7\u00e3o para quem? Um olhar cr\u00edtico sobre os cuidados a partir da fenomenologia da percep\u00e7\u00e3o<br \/>\nPaulo Henrique Martins<\/p>\n<p>5.2. Perda de \u00e9tica no trabalho acad\u00eamico: gera\u00e7\u00e3o de sofrimento e doen\u00e7a entre trabalhadores universit\u00e1rios a partir do produtivismo como valor-fim entre pesquisadores docentes<br \/>\nMadel T. Luz<\/p>\n<p>5.3. Repensando a organiza\u00e7\u00e3o da rede de servi\u00e7os de sa\u00fade a partir do princ\u00edpio da integralidade<br \/>\nRuben Araujo De Mattos<\/p>\n<p>5.4. O cuidado humanizado como valor e ethos da pr\u00e1tica em sa\u00fade<br \/>\nSuely F. Deslandes<\/p>\n<h3>FICHA T\u00c9CNICA<\/h3>\n<p>Raz\u00f5es p\u00fablicas para a integralidade em sa\u00fade:\u00a0o cuidado como valor<br \/>\nRoseni Pinheiro e Ruben Ara\u00fajo de Mattos\u00a0(Orgs.)<\/p>\n<p>1\u00aa edi\u00e7\u00e3o \/ 2007<\/p>\n<p><strong>Capa<\/strong><br \/>\nMauro Corr\u00eaa Filho<\/p>\n<p><strong>Revis\u00e3o e prepara\u00e7\u00e3o de originais<\/strong><br \/>\nAna Silvia Gesteira<\/p>\n<p><strong>Editora\u00e7\u00e3o eletr\u00f4nica<\/strong><br \/>\nMauro Corr\u00eaa Filho<\/p>\n<p><strong>Supervis\u00e3o editorial<\/strong><br \/>\nAna Silvia Gesteira<\/p>\n<p><em>Copyright \u00a9 2007 dos organizadores<\/em><\/p>\n<p>Todos os direitos desta edi\u00e7\u00e3o reservados aos organizadores<br \/>\nEsta publica\u00e7\u00e3o contou com apoio de CEPESC-IMS\/UERJ, que tem resultados de pesquisas realizadas com aux\u00edlio de CNPq e Faperj.<br \/>\nIndexa\u00e7\u00e3o na base de dados\u00a0LILACS<\/p>\n","protected":false},"excerpt":{"rendered":"<div class=\"mh-excerpt\"><p>ORGANIZADORES Roseni Pinheiro E Ruben Ara\u00fajo De Mattos\u00a0 \u00a0 Refer\u00eancia: Raz\u00f5es p\u00fablicas para a integralidade em sa\u00fade: o cuidado como valor \/ Roseni Pinheiro e Ruben Ara\u00fajo de Mattos, organizadores. \u2013 Rio de Janeiro: IMS\/UERJ: <a class=\"mh-excerpt-more\" href=\"https:\/\/lappis.org.br\/site\/razoes-publicas-para-integralidade-em-saude-o-cuidado-como-valor\/4530\" title=\"Raz\u00f5es P\u00fablicas para a Integralidade em Sa\u00fade: o cuidado como valor\">[&#8230;]<\/a><\/p>\n<\/div>","protected":false},"author":4,"featured_media":5510,"comment_status":"closed","ping_status":"open","sticky":false,"template":"","format":"standard","meta":{"_acf_changed":false,"_exactmetrics_skip_tracking":false,"_exactmetrics_sitenote_active":false,"_exactmetrics_sitenote_note":"","_exactmetrics_sitenote_category":0,"jetpack_post_was_ever_published":false,"_jetpack_newsletter_access":"","_jetpack_dont_email_post_to_subs":false,"_jetpack_newsletter_tier_id":0,"_jetpack_memberships_contains_paywalled_content":false,"_jetpack_memberships_contains_paid_content":false,"footnotes":"","jetpack_publicize_message":"","jetpack_publicize_feature_enabled":true,"jetpack_social_post_already_shared":true,"jetpack_social_options":{"image_generator_settings":{"template":"highway","enabled":false},"version":2}},"categories":[676],"tags":[104,118,729],"class_list":{"0":"post-4530","1":"post","2":"type-post","3":"status-publish","4":"format-standard","5":"has-post-thumbnail","7":"category-publicacoes","8":"tag-lappis","9":"tag-livro","10":"tag-publicacoes"},"jetpack_publicize_connections":[],"acf":[],"yoast_head":"<!-- This site is optimized with the Yoast SEO plugin v25.2 - https:\/\/yoast.com\/wordpress\/plugins\/seo\/ -->\n<title>Raz\u00f5es P\u00fablicas para a Integralidade em Sa\u00fade: o cuidado como valor - Lappis 25 anos<\/title>\n<meta name=\"robots\" content=\"index, follow, max-snippet:-1, max-image-preview:large, max-video-preview:-1\" \/>\n<link rel=\"canonical\" href=\"https:\/\/lappis.org.br\/site\/razoes-publicas-para-integralidade-em-saude-o-cuidado-como-valor\/4530\" \/>\n<meta property=\"og:locale\" content=\"pt_BR\" \/>\n<meta property=\"og:type\" content=\"article\" \/>\n<meta property=\"og:title\" content=\"Raz\u00f5es P\u00fablicas para a Integralidade em Sa\u00fade: o cuidado como valor - Lappis 25 anos\" \/>\n<meta property=\"og:description\" content=\"ORGANIZADORES Roseni Pinheiro E Ruben Ara\u00fajo De Mattos\u00a0 \u00a0 Refer\u00eancia: Raz\u00f5es p\u00fablicas para a integralidade em sa\u00fade: o cuidado como valor \/ Roseni Pinheiro e Ruben Ara\u00fajo de Mattos, organizadores. \u2013 Rio de Janeiro: IMS\/UERJ: [...]\" \/>\n<meta property=\"og:url\" content=\"https:\/\/lappis.org.br\/site\/razoes-publicas-para-integralidade-em-saude-o-cuidado-como-valor\/4530\" \/>\n<meta property=\"og:site_name\" content=\"Lappis 25 anos\" \/>\n<meta property=\"article:published_time\" content=\"2017-12-04T20:20:06+00:00\" \/>\n<meta property=\"article:modified_time\" content=\"2018-05-29T22:32:23+00:00\" \/>\n<meta property=\"og:image\" content=\"https:\/\/lappis.org.br\/site\/wp-content\/uploads\/2017\/12\/Raz\u00f5es-P\u00fablicas-para-a-Integralidade-em-Sa\u00fade-o-cuidado-como-valor-1.jpg\" \/>\n\t<meta property=\"og:image:width\" content=\"1659\" \/>\n\t<meta property=\"og:image:height\" content=\"2482\" \/>\n\t<meta property=\"og:image:type\" content=\"image\/jpeg\" \/>\n<meta name=\"author\" content=\"stefany\" \/>\n<meta name=\"twitter:card\" content=\"summary_large_image\" \/>\n<meta name=\"twitter:label1\" content=\"Escrito por\" \/>\n\t<meta name=\"twitter:data1\" content=\"stefany\" \/>\n\t<meta name=\"twitter:label2\" content=\"Est. tempo de leitura\" \/>\n\t<meta name=\"twitter:data2\" content=\"4 minutos\" \/>\n<script type=\"application\/ld+json\" class=\"yoast-schema-graph\">{\"@context\":\"https:\/\/schema.org\",\"@graph\":[{\"@type\":\"Article\",\"@id\":\"https:\/\/lappis.org.br\/site\/razoes-publicas-para-integralidade-em-saude-o-cuidado-como-valor\/4530#article\",\"isPartOf\":{\"@id\":\"https:\/\/lappis.org.br\/site\/razoes-publicas-para-integralidade-em-saude-o-cuidado-como-valor\/4530\"},\"author\":{\"name\":\"stefany\",\"@id\":\"https:\/\/lappis.org.br\/site\/#\/schema\/person\/c5ae1a9a383eda57f5172f5c706a0414\"},\"headline\":\"Raz\u00f5es P\u00fablicas para a Integralidade em Sa\u00fade: o cuidado como valor\",\"datePublished\":\"2017-12-04T20:20:06+00:00\",\"dateModified\":\"2018-05-29T22:32:23+00:00\",\"mainEntityOfPage\":{\"@id\":\"https:\/\/lappis.org.br\/site\/razoes-publicas-para-integralidade-em-saude-o-cuidado-como-valor\/4530\"},\"wordCount\":714,\"publisher\":{\"@id\":\"https:\/\/lappis.org.br\/site\/#organization\"},\"image\":{\"@id\":\"https:\/\/lappis.org.br\/site\/razoes-publicas-para-integralidade-em-saude-o-cuidado-como-valor\/4530#primaryimage\"},\"thumbnailUrl\":\"https:\/\/lappis.org.br\/site\/wp-content\/uploads\/2017\/12\/Raz\u00f5es-P\u00fablicas-para-a-Integralidade-em-Sa\u00fade-o-cuidado-como-valor-1.jpg\",\"keywords\":[\"Lappis\",\"livro\",\"Publica\u00e7\u00f5es\"],\"articleSection\":[\"Publica\u00e7\u00f5es\"],\"inLanguage\":\"pt-BR\"},{\"@type\":\"WebPage\",\"@id\":\"https:\/\/lappis.org.br\/site\/razoes-publicas-para-integralidade-em-saude-o-cuidado-como-valor\/4530\",\"url\":\"https:\/\/lappis.org.br\/site\/razoes-publicas-para-integralidade-em-saude-o-cuidado-como-valor\/4530\",\"name\":\"Raz\u00f5es P\u00fablicas para a Integralidade em Sa\u00fade: o cuidado como valor - Lappis 25 anos\",\"isPartOf\":{\"@id\":\"https:\/\/lappis.org.br\/site\/#website\"},\"primaryImageOfPage\":{\"@id\":\"https:\/\/lappis.org.br\/site\/razoes-publicas-para-integralidade-em-saude-o-cuidado-como-valor\/4530#primaryimage\"},\"image\":{\"@id\":\"https:\/\/lappis.org.br\/site\/razoes-publicas-para-integralidade-em-saude-o-cuidado-como-valor\/4530#primaryimage\"},\"thumbnailUrl\":\"https:\/\/lappis.org.br\/site\/wp-content\/uploads\/2017\/12\/Raz\u00f5es-P\u00fablicas-para-a-Integralidade-em-Sa\u00fade-o-cuidado-como-valor-1.jpg\",\"datePublished\":\"2017-12-04T20:20:06+00:00\",\"dateModified\":\"2018-05-29T22:32:23+00:00\",\"breadcrumb\":{\"@id\":\"https:\/\/lappis.org.br\/site\/razoes-publicas-para-integralidade-em-saude-o-cuidado-como-valor\/4530#breadcrumb\"},\"inLanguage\":\"pt-BR\",\"potentialAction\":[{\"@type\":\"ReadAction\",\"target\":[\"https:\/\/lappis.org.br\/site\/razoes-publicas-para-integralidade-em-saude-o-cuidado-como-valor\/4530\"]}]},{\"@type\":\"ImageObject\",\"inLanguage\":\"pt-BR\",\"@id\":\"https:\/\/lappis.org.br\/site\/razoes-publicas-para-integralidade-em-saude-o-cuidado-como-valor\/4530#primaryimage\",\"url\":\"https:\/\/lappis.org.br\/site\/wp-content\/uploads\/2017\/12\/Raz\u00f5es-P\u00fablicas-para-a-Integralidade-em-Sa\u00fade-o-cuidado-como-valor-1.jpg\",\"contentUrl\":\"https:\/\/lappis.org.br\/site\/wp-content\/uploads\/2017\/12\/Raz\u00f5es-P\u00fablicas-para-a-Integralidade-em-Sa\u00fade-o-cuidado-como-valor-1.jpg\",\"width\":1659,\"height\":2482},{\"@type\":\"BreadcrumbList\",\"@id\":\"https:\/\/lappis.org.br\/site\/razoes-publicas-para-integralidade-em-saude-o-cuidado-como-valor\/4530#breadcrumb\",\"itemListElement\":[{\"@type\":\"ListItem\",\"position\":1,\"name\":\"In\u00edcio\",\"item\":\"https:\/\/lappis.org.br\/site\/\"},{\"@type\":\"ListItem\",\"position\":2,\"name\":\"Raz\u00f5es P\u00fablicas para a Integralidade em Sa\u00fade: o cuidado como valor\"}]},{\"@type\":\"WebSite\",\"@id\":\"https:\/\/lappis.org.br\/site\/#website\",\"url\":\"https:\/\/lappis.org.br\/site\/\",\"name\":\"Lappis 25 anos\",\"description\":\"Labotat\u00f3rio de Pesquisas sobre Pr\u00e1ticas de Integralidade em Sa\u00fade\",\"publisher\":{\"@id\":\"https:\/\/lappis.org.br\/site\/#organization\"},\"potentialAction\":[{\"@type\":\"SearchAction\",\"target\":{\"@type\":\"EntryPoint\",\"urlTemplate\":\"https:\/\/lappis.org.br\/site\/?s={search_term_string}\"},\"query-input\":{\"@type\":\"PropertyValueSpecification\",\"valueRequired\":true,\"valueName\":\"search_term_string\"}}],\"inLanguage\":\"pt-BR\"},{\"@type\":\"Organization\",\"@id\":\"https:\/\/lappis.org.br\/site\/#organization\",\"name\":\"Lappis 25 anos\",\"url\":\"https:\/\/lappis.org.br\/site\/\",\"logo\":{\"@type\":\"ImageObject\",\"inLanguage\":\"pt-BR\",\"@id\":\"https:\/\/lappis.org.br\/site\/#\/schema\/logo\/image\/\",\"url\":\"https:\/\/lappis.org.br\/site\/wp-content\/uploads\/2025\/03\/logo-lappis25anos.png\",\"contentUrl\":\"https:\/\/lappis.org.br\/site\/wp-content\/uploads\/2025\/03\/logo-lappis25anos.png\",\"width\":388,\"height\":146,\"caption\":\"Lappis 25 anos\"},\"image\":{\"@id\":\"https:\/\/lappis.org.br\/site\/#\/schema\/logo\/image\/\"}},{\"@type\":\"Person\",\"@id\":\"https:\/\/lappis.org.br\/site\/#\/schema\/person\/c5ae1a9a383eda57f5172f5c706a0414\",\"name\":\"stefany\",\"image\":{\"@type\":\"ImageObject\",\"inLanguage\":\"pt-BR\",\"@id\":\"https:\/\/lappis.org.br\/site\/#\/schema\/person\/image\/\",\"url\":\"https:\/\/secure.gravatar.com\/avatar\/a7553e82b188bf17bb54b918d68d7841?s=96&d=mm&r=g\",\"contentUrl\":\"https:\/\/secure.gravatar.com\/avatar\/a7553e82b188bf17bb54b918d68d7841?s=96&d=mm&r=g\",\"caption\":\"stefany\"},\"url\":\"https:\/\/lappis.org.br\/site\/author\/stefany\"}]}<\/script>\n<!-- \/ Yoast SEO plugin. -->","yoast_head_json":{"title":"Raz\u00f5es P\u00fablicas para a Integralidade em Sa\u00fade: o cuidado como valor - Lappis 25 anos","robots":{"index":"index","follow":"follow","max-snippet":"max-snippet:-1","max-image-preview":"max-image-preview:large","max-video-preview":"max-video-preview:-1"},"canonical":"https:\/\/lappis.org.br\/site\/razoes-publicas-para-integralidade-em-saude-o-cuidado-como-valor\/4530","og_locale":"pt_BR","og_type":"article","og_title":"Raz\u00f5es P\u00fablicas para a Integralidade em Sa\u00fade: o cuidado como valor - Lappis 25 anos","og_description":"ORGANIZADORES Roseni Pinheiro E Ruben Ara\u00fajo De Mattos\u00a0 \u00a0 Refer\u00eancia: Raz\u00f5es p\u00fablicas para a integralidade em sa\u00fade: o cuidado como valor \/ Roseni Pinheiro e Ruben Ara\u00fajo de Mattos, organizadores. \u2013 Rio de Janeiro: IMS\/UERJ: [...]","og_url":"https:\/\/lappis.org.br\/site\/razoes-publicas-para-integralidade-em-saude-o-cuidado-como-valor\/4530","og_site_name":"Lappis 25 anos","article_published_time":"2017-12-04T20:20:06+00:00","article_modified_time":"2018-05-29T22:32:23+00:00","og_image":[{"width":1659,"height":2482,"url":"https:\/\/lappis.org.br\/site\/wp-content\/uploads\/2017\/12\/Raz\u00f5es-P\u00fablicas-para-a-Integralidade-em-Sa\u00fade-o-cuidado-como-valor-1.jpg","type":"image\/jpeg"}],"author":"stefany","twitter_card":"summary_large_image","twitter_misc":{"Escrito por":"stefany","Est. tempo de leitura":"4 minutos"},"schema":{"@context":"https:\/\/schema.org","@graph":[{"@type":"Article","@id":"https:\/\/lappis.org.br\/site\/razoes-publicas-para-integralidade-em-saude-o-cuidado-como-valor\/4530#article","isPartOf":{"@id":"https:\/\/lappis.org.br\/site\/razoes-publicas-para-integralidade-em-saude-o-cuidado-como-valor\/4530"},"author":{"name":"stefany","@id":"https:\/\/lappis.org.br\/site\/#\/schema\/person\/c5ae1a9a383eda57f5172f5c706a0414"},"headline":"Raz\u00f5es P\u00fablicas para a Integralidade em Sa\u00fade: o cuidado como valor","datePublished":"2017-12-04T20:20:06+00:00","dateModified":"2018-05-29T22:32:23+00:00","mainEntityOfPage":{"@id":"https:\/\/lappis.org.br\/site\/razoes-publicas-para-integralidade-em-saude-o-cuidado-como-valor\/4530"},"wordCount":714,"publisher":{"@id":"https:\/\/lappis.org.br\/site\/#organization"},"image":{"@id":"https:\/\/lappis.org.br\/site\/razoes-publicas-para-integralidade-em-saude-o-cuidado-como-valor\/4530#primaryimage"},"thumbnailUrl":"https:\/\/lappis.org.br\/site\/wp-content\/uploads\/2017\/12\/Raz\u00f5es-P\u00fablicas-para-a-Integralidade-em-Sa\u00fade-o-cuidado-como-valor-1.jpg","keywords":["Lappis","livro","Publica\u00e7\u00f5es"],"articleSection":["Publica\u00e7\u00f5es"],"inLanguage":"pt-BR"},{"@type":"WebPage","@id":"https:\/\/lappis.org.br\/site\/razoes-publicas-para-integralidade-em-saude-o-cuidado-como-valor\/4530","url":"https:\/\/lappis.org.br\/site\/razoes-publicas-para-integralidade-em-saude-o-cuidado-como-valor\/4530","name":"Raz\u00f5es P\u00fablicas para a Integralidade em Sa\u00fade: o cuidado como valor - Lappis 25 anos","isPartOf":{"@id":"https:\/\/lappis.org.br\/site\/#website"},"primaryImageOfPage":{"@id":"https:\/\/lappis.org.br\/site\/razoes-publicas-para-integralidade-em-saude-o-cuidado-como-valor\/4530#primaryimage"},"image":{"@id":"https:\/\/lappis.org.br\/site\/razoes-publicas-para-integralidade-em-saude-o-cuidado-como-valor\/4530#primaryimage"},"thumbnailUrl":"https:\/\/lappis.org.br\/site\/wp-content\/uploads\/2017\/12\/Raz\u00f5es-P\u00fablicas-para-a-Integralidade-em-Sa\u00fade-o-cuidado-como-valor-1.jpg","datePublished":"2017-12-04T20:20:06+00:00","dateModified":"2018-05-29T22:32:23+00:00","breadcrumb":{"@id":"https:\/\/lappis.org.br\/site\/razoes-publicas-para-integralidade-em-saude-o-cuidado-como-valor\/4530#breadcrumb"},"inLanguage":"pt-BR","potentialAction":[{"@type":"ReadAction","target":["https:\/\/lappis.org.br\/site\/razoes-publicas-para-integralidade-em-saude-o-cuidado-como-valor\/4530"]}]},{"@type":"ImageObject","inLanguage":"pt-BR","@id":"https:\/\/lappis.org.br\/site\/razoes-publicas-para-integralidade-em-saude-o-cuidado-como-valor\/4530#primaryimage","url":"https:\/\/lappis.org.br\/site\/wp-content\/uploads\/2017\/12\/Raz\u00f5es-P\u00fablicas-para-a-Integralidade-em-Sa\u00fade-o-cuidado-como-valor-1.jpg","contentUrl":"https:\/\/lappis.org.br\/site\/wp-content\/uploads\/2017\/12\/Raz\u00f5es-P\u00fablicas-para-a-Integralidade-em-Sa\u00fade-o-cuidado-como-valor-1.jpg","width":1659,"height":2482},{"@type":"BreadcrumbList","@id":"https:\/\/lappis.org.br\/site\/razoes-publicas-para-integralidade-em-saude-o-cuidado-como-valor\/4530#breadcrumb","itemListElement":[{"@type":"ListItem","position":1,"name":"In\u00edcio","item":"https:\/\/lappis.org.br\/site\/"},{"@type":"ListItem","position":2,"name":"Raz\u00f5es P\u00fablicas para a Integralidade em Sa\u00fade: o cuidado como valor"}]},{"@type":"WebSite","@id":"https:\/\/lappis.org.br\/site\/#website","url":"https:\/\/lappis.org.br\/site\/","name":"Lappis 25 anos","description":"Labotat\u00f3rio de Pesquisas sobre Pr\u00e1ticas de Integralidade em Sa\u00fade","publisher":{"@id":"https:\/\/lappis.org.br\/site\/#organization"},"potentialAction":[{"@type":"SearchAction","target":{"@type":"EntryPoint","urlTemplate":"https:\/\/lappis.org.br\/site\/?s={search_term_string}"},"query-input":{"@type":"PropertyValueSpecification","valueRequired":true,"valueName":"search_term_string"}}],"inLanguage":"pt-BR"},{"@type":"Organization","@id":"https:\/\/lappis.org.br\/site\/#organization","name":"Lappis 25 anos","url":"https:\/\/lappis.org.br\/site\/","logo":{"@type":"ImageObject","inLanguage":"pt-BR","@id":"https:\/\/lappis.org.br\/site\/#\/schema\/logo\/image\/","url":"https:\/\/lappis.org.br\/site\/wp-content\/uploads\/2025\/03\/logo-lappis25anos.png","contentUrl":"https:\/\/lappis.org.br\/site\/wp-content\/uploads\/2025\/03\/logo-lappis25anos.png","width":388,"height":146,"caption":"Lappis 25 anos"},"image":{"@id":"https:\/\/lappis.org.br\/site\/#\/schema\/logo\/image\/"}},{"@type":"Person","@id":"https:\/\/lappis.org.br\/site\/#\/schema\/person\/c5ae1a9a383eda57f5172f5c706a0414","name":"stefany","image":{"@type":"ImageObject","inLanguage":"pt-BR","@id":"https:\/\/lappis.org.br\/site\/#\/schema\/person\/image\/","url":"https:\/\/secure.gravatar.com\/avatar\/a7553e82b188bf17bb54b918d68d7841?s=96&d=mm&r=g","contentUrl":"https:\/\/secure.gravatar.com\/avatar\/a7553e82b188bf17bb54b918d68d7841?s=96&d=mm&r=g","caption":"stefany"},"url":"https:\/\/lappis.org.br\/site\/author\/stefany"}]}},"jetpack_featured_media_url":"https:\/\/lappis.org.br\/site\/wp-content\/uploads\/2017\/12\/Raz\u00f5es-P\u00fablicas-para-a-Integralidade-em-Sa\u00fade-o-cuidado-como-valor-1.jpg","jetpack_shortlink":"https:\/\/wp.me\/p954Nh-1b4","jetpack_sharing_enabled":false,"_links":{"self":[{"href":"https:\/\/lappis.org.br\/site\/wp-json\/wp\/v2\/posts\/4530"}],"collection":[{"href":"https:\/\/lappis.org.br\/site\/wp-json\/wp\/v2\/posts"}],"about":[{"href":"https:\/\/lappis.org.br\/site\/wp-json\/wp\/v2\/types\/post"}],"author":[{"embeddable":true,"href":"https:\/\/lappis.org.br\/site\/wp-json\/wp\/v2\/users\/4"}],"replies":[{"embeddable":true,"href":"https:\/\/lappis.org.br\/site\/wp-json\/wp\/v2\/comments?post=4530"}],"version-history":[{"count":11,"href":"https:\/\/lappis.org.br\/site\/wp-json\/wp\/v2\/posts\/4530\/revisions"}],"predecessor-version":[{"id":6899,"href":"https:\/\/lappis.org.br\/site\/wp-json\/wp\/v2\/posts\/4530\/revisions\/6899"}],"wp:featuredmedia":[{"embeddable":true,"href":"https:\/\/lappis.org.br\/site\/wp-json\/wp\/v2\/media\/5510"}],"wp:attachment":[{"href":"https:\/\/lappis.org.br\/site\/wp-json\/wp\/v2\/media?parent=4530"}],"wp:term":[{"taxonomy":"category","embeddable":true,"href":"https:\/\/lappis.org.br\/site\/wp-json\/wp\/v2\/categories?post=4530"},{"taxonomy":"post_tag","embeddable":true,"href":"https:\/\/lappis.org.br\/site\/wp-json\/wp\/v2\/tags?post=4530"}],"curies":[{"name":"wp","href":"https:\/\/api.w.org\/{rel}","templated":true}]}}