{"id":3390,"date":"2016-02-26T18:24:31","date_gmt":"2016-02-26T21:24:31","guid":{"rendered":"http:\/\/lappis.org.br\/site\/2016\/02\/26\/xvi-seminario-da-integralidade-sera-realizado-no-hospital-sofia-feldman-em-belo-horizonte\/"},"modified":"2016-02-26T18:24:31","modified_gmt":"2016-02-26T21:24:31","slug":"xvi-seminario-da-integralidade-sera-realizado-no-hospital-sofia-feldman-em-belo-horizonte","status":"publish","type":"post","link":"https:\/\/lappis.org.br\/site\/xvi-seminario-da-integralidade-sera-realizado-no-hospital-sofia-feldman-em-belo-horizonte\/3390","title":{"rendered":"XVI Semin\u00e1rio da Integralidade ser\u00e1 realizado no Hospital Sofia Feldman em Belo Horizonte"},"content":{"rendered":"<p style=\"text-align: justify;\" dir=\"ltr\"><span style=\"text-align: justify;\">Tema aborda popula\u00e7\u00f5es vulner\u00e1veis, promo\u00e7\u00e3o de equidade e direitos das mulheres.<\/span><\/p>\n<p style=\"text-align: justify;\" dir=\"ltr\"><img fetchpriority=\"high\" decoding=\"async\" data-attachment-id=\"2967\" data-permalink=\"https:\/\/lappis.org.br\/site\/xvi-seminario-da-integralidade-sera-realizado-no-hospital-sofia-feldman-em-belo-horizonte\/3390\/attachment-fachada-sofia-feldman\" data-orig-file=\"https:\/\/lappis.org.br\/site\/wp-content\/uploads\/2014\/08\/Fachada_Sofia_Feldman.JPG\" data-orig-size=\"1600,1200\" data-comments-opened=\"1\" data-image-meta=\"{&quot;aperture&quot;:&quot;0&quot;,&quot;credit&quot;:&quot;&quot;,&quot;camera&quot;:&quot;&quot;,&quot;caption&quot;:&quot;&quot;,&quot;created_timestamp&quot;:&quot;0&quot;,&quot;copyright&quot;:&quot;&quot;,&quot;focal_length&quot;:&quot;0&quot;,&quot;iso&quot;:&quot;0&quot;,&quot;shutter_speed&quot;:&quot;0&quot;,&quot;title&quot;:&quot;&quot;,&quot;orientation&quot;:&quot;0&quot;}\" data-image-title=\"Fachada Sofia Feldman\" data-image-description=\"\" data-image-caption=\"\" data-medium-file=\"https:\/\/lappis.org.br\/site\/wp-content\/uploads\/2014\/08\/Fachada_Sofia_Feldman-300x225.jpg\" data-large-file=\"https:\/\/lappis.org.br\/site\/wp-content\/uploads\/2014\/08\/Fachada_Sofia_Feldman-1024x768.jpg\" class=\" alignleft size-full wp-image-2967\" style=\"margin: 5px; float: left;\" src=\"http:\/\/lappis.org.br\/site\/wp-content\/uploads\/2014\/08\/Fachada_Sofia_Feldman.JPG\" alt=\"Fachada Sofia Feldman\" width=\"555\" height=\"355\" \/>O XIV Semin\u00e1rio Internacional do Projeto Integralidade: Saberes e Pr\u00e1ticas no Cotidiano das Institui\u00e7\u00f5es de Sa\u00fade de 2016 ter\u00e1 como tema principal dos debates \u201cPopula\u00e7\u00f5es Vulner\u00e1veis e Promo\u00e7\u00e3o de Equidade: a Mulher na Luta pelo Direito de Ser na Integralidade do Cuidado\u201d.<\/p>\n<p style=\"text-align: justify;\" dir=\"ltr\">Neste ano, o evento ocorrer\u00e1 no Hospital Sofia Feldman, em Belo Horizonte-MG, e busca celebrar os 10 anos de parceria entre o Lappis e o Hospital Sofia Feldman, primeira Incubadora da Integralidade. O XVI Semin\u00e1rio da Integralidade ser\u00e1 realizado nos dias 28, 29 e 30 de junho de 2016, englobando tamb\u00e9m o IV Encontro da Incubadora da Integralidade.<\/p>\n<p style=\"text-align: justify;\">Para Roseni Pinheiro, coordenadora do Lappis e idealizadora do XVI Semin\u00e1rio, este ano se busca discutir a quest\u00e3o da mulher \u201cporque temos essa obriga\u00e7\u00e3o, essa responsabilidade coletiva de pensar o contexto da mulher, no contexto de direitos, das ame\u00e7as do SUS e das amea\u00e7as do Estado Laico. Vamos promover este debate de uma forma alargada, inclusive num hospital que atende a mulher em diversas situa\u00e7\u00f5es de vulnerabilidade\u201d.<\/p>\n<p style=\"text-align: justify;\">A programa\u00e7\u00e3o completa e os procedimentos de inscri\u00e7\u00e3o ser\u00e3o divulgados no portal Lappis a partir do dia 04 de mar\u00e7o de 2016. Acompanhe e participe!<\/p>\n<p style=\"text-align: justify;\">&nbsp;<\/p>\n<p style=\"text-align: justify;\">&nbsp;<\/p>\n<p style=\"text-align: justify;\"><a href=\"https:\/\/www.youtube.com\/watch?v=Es0-IuJChKg\">https:\/\/www.youtube.com\/watch?v=Es0-IuJChKg<\/a><br \/><a href=\"https:\/\/www.youtube.com\/watch?v=VVTbo69nRj0\"><\/a><\/p>\n<p style=\"text-align: justify;\">&nbsp;<\/p>\n<p style=\"text-align: justify;\">&nbsp;<\/p>\n<p style=\"text-align: justify;\">Escrito por&nbsp;C\u00e9sar Augusto Paro<\/p>\n<p style=\"text-align: justify;\">Publicado: 26 Fevereiro 2016<\/p>\n","protected":false},"excerpt":{"rendered":"<div class=\"mh-excerpt\"><p style=\"text-align: justify;\" dir=\"ltr\"><span style=\"text-align: justify;\">Tema aborda popula\u00e7\u00f5es vulner\u00e1veis, promo\u00e7\u00e3o de equidade e direitos das mulheres.<\/span><\/p>\n<p>  <a class=\"mh-excerpt-more\" href=\"https:\/\/lappis.org.br\/site\/xvi-seminario-da-integralidade-sera-realizado-no-hospital-sofia-feldman-em-belo-horizonte\/3390\" title=\"XVI Semin\u00e1rio da Integralidade ser\u00e1 realizado no Hospital Sofia Feldman em Belo Horizonte\">[&#8230;]<\/a><\/p>\n<\/div>","protected":false},"author":1,"featured_media":2967,"comment_status":"open","ping_status":"open","sticky":false,"template":"","format":"standard","meta":{"_acf_changed":false,"_exactmetrics_skip_tracking":false,"_exactmetrics_sitenote_active":false,"_exactmetrics_sitenote_note":"","_exactmetrics_sitenote_category":0,"jetpack_post_was_ever_published":false,"_jetpack_newsletter_access":"","_jetpack_dont_email_post_to_subs":false,"_jetpack_newsletter_tier_id":0,"_jetpack_memberships_contains_paywalled_content":false,"_jetpack_memberships_contains_paid_content":false,"footnotes":"","jetpack_publicize_message":"","jetpack_publicize_feature_enabled":true,"jetpack_social_post_already_shared":false,"jetpack_social_options":{"image_generator_settings":{"template":"highway","enabled":false},"version":2}},"categories":[79],"tags":[],"class_list":{"0":"post-3390","1":"post","2":"type-post","3":"status-publish","4":"format-standard","5":"has-post-thumbnail","7":"category-simposio-final-da-pesquisa-noticias-2014"},"jetpack_publicize_connections":[],"acf":[],"yoast_head":"<!-- This site is optimized with the Yoast SEO plugin v25.2 - https:\/\/yoast.com\/wordpress\/plugins\/seo\/ -->\n<title>XVI Semin\u00e1rio da Integralidade ser\u00e1 realizado no Hospital Sofia Feldman em Belo Horizonte - Lappis 25 anos<\/title>\n<meta name=\"robots\" content=\"index, follow, max-snippet:-1, max-image-preview:large, max-video-preview:-1\" \/>\n<link rel=\"canonical\" href=\"https:\/\/lappis.org.br\/site\/xvi-seminario-da-integralidade-sera-realizado-no-hospital-sofia-feldman-em-belo-horizonte\/3390\" \/>\n<meta property=\"og:locale\" content=\"pt_BR\" \/>\n<meta property=\"og:type\" content=\"article\" \/>\n<meta property=\"og:title\" content=\"XVI Semin\u00e1rio da Integralidade ser\u00e1 realizado no Hospital Sofia Feldman em Belo Horizonte - Lappis 25 anos\" \/>\n<meta property=\"og:description\" content=\"Tema aborda popula\u00e7\u00f5es vulner\u00e1veis, promo\u00e7\u00e3o de equidade e direitos das mulheres. [...]\" \/>\n<meta property=\"og:url\" content=\"https:\/\/lappis.org.br\/site\/xvi-seminario-da-integralidade-sera-realizado-no-hospital-sofia-feldman-em-belo-horizonte\/3390\" \/>\n<meta property=\"og:site_name\" content=\"Lappis 25 anos\" \/>\n<meta property=\"article:published_time\" content=\"2016-02-26T21:24:31+00:00\" \/>\n<meta property=\"og:image\" content=\"https:\/\/lappis.org.br\/site\/wp-content\/uploads\/2014\/08\/Fachada_Sofia_Feldman.JPG\" \/>\n\t<meta property=\"og:image:width\" content=\"1600\" \/>\n\t<meta property=\"og:image:height\" content=\"1200\" \/>\n\t<meta property=\"og:image:type\" content=\"image\/jpeg\" \/>\n<meta name=\"author\" content=\"fw2\" \/>\n<meta name=\"twitter:card\" content=\"summary_large_image\" \/>\n<meta name=\"twitter:label1\" content=\"Escrito por\" \/>\n\t<meta name=\"twitter:data1\" content=\"fw2\" \/>\n\t<meta name=\"twitter:label2\" content=\"Est. tempo de leitura\" \/>\n\t<meta name=\"twitter:data2\" content=\"1 minuto\" \/>\n<script type=\"application\/ld+json\" class=\"yoast-schema-graph\">{\"@context\":\"https:\/\/schema.org\",\"@graph\":[{\"@type\":\"Article\",\"@id\":\"https:\/\/lappis.org.br\/site\/xvi-seminario-da-integralidade-sera-realizado-no-hospital-sofia-feldman-em-belo-horizonte\/3390#article\",\"isPartOf\":{\"@id\":\"https:\/\/lappis.org.br\/site\/xvi-seminario-da-integralidade-sera-realizado-no-hospital-sofia-feldman-em-belo-horizonte\/3390\"},\"author\":{\"name\":\"fw2\",\"@id\":\"https:\/\/lappis.org.br\/site\/#\/schema\/person\/3852381d08284b5e2716b20bd89bdbcf\"},\"headline\":\"XVI Semin\u00e1rio da Integralidade ser\u00e1 realizado no Hospital Sofia Feldman em Belo Horizonte\",\"datePublished\":\"2016-02-26T21:24:31+00:00\",\"mainEntityOfPage\":{\"@id\":\"https:\/\/lappis.org.br\/site\/xvi-seminario-da-integralidade-sera-realizado-no-hospital-sofia-feldman-em-belo-horizonte\/3390\"},\"wordCount\":252,\"commentCount\":0,\"publisher\":{\"@id\":\"https:\/\/lappis.org.br\/site\/#organization\"},\"image\":{\"@id\":\"https:\/\/lappis.org.br\/site\/xvi-seminario-da-integralidade-sera-realizado-no-hospital-sofia-feldman-em-belo-horizonte\/3390#primaryimage\"},\"thumbnailUrl\":\"https:\/\/lappis.org.br\/site\/wp-content\/uploads\/2014\/08\/Fachada_Sofia_Feldman.JPG\",\"articleSection\":[\"Noticias\"],\"inLanguage\":\"pt-BR\",\"potentialAction\":[{\"@type\":\"CommentAction\",\"name\":\"Comment\",\"target\":[\"https:\/\/lappis.org.br\/site\/xvi-seminario-da-integralidade-sera-realizado-no-hospital-sofia-feldman-em-belo-horizonte\/3390#respond\"]}]},{\"@type\":\"WebPage\",\"@id\":\"https:\/\/lappis.org.br\/site\/xvi-seminario-da-integralidade-sera-realizado-no-hospital-sofia-feldman-em-belo-horizonte\/3390\",\"url\":\"https:\/\/lappis.org.br\/site\/xvi-seminario-da-integralidade-sera-realizado-no-hospital-sofia-feldman-em-belo-horizonte\/3390\",\"name\":\"XVI Semin\u00e1rio da Integralidade ser\u00e1 realizado no Hospital Sofia Feldman em Belo Horizonte - Lappis 25 anos\",\"isPartOf\":{\"@id\":\"https:\/\/lappis.org.br\/site\/#website\"},\"primaryImageOfPage\":{\"@id\":\"https:\/\/lappis.org.br\/site\/xvi-seminario-da-integralidade-sera-realizado-no-hospital-sofia-feldman-em-belo-horizonte\/3390#primaryimage\"},\"image\":{\"@id\":\"https:\/\/lappis.org.br\/site\/xvi-seminario-da-integralidade-sera-realizado-no-hospital-sofia-feldman-em-belo-horizonte\/3390#primaryimage\"},\"thumbnailUrl\":\"https:\/\/lappis.org.br\/site\/wp-content\/uploads\/2014\/08\/Fachada_Sofia_Feldman.JPG\",\"datePublished\":\"2016-02-26T21:24:31+00:00\",\"breadcrumb\":{\"@id\":\"https:\/\/lappis.org.br\/site\/xvi-seminario-da-integralidade-sera-realizado-no-hospital-sofia-feldman-em-belo-horizonte\/3390#breadcrumb\"},\"inLanguage\":\"pt-BR\",\"potentialAction\":[{\"@type\":\"ReadAction\",\"target\":[\"https:\/\/lappis.org.br\/site\/xvi-seminario-da-integralidade-sera-realizado-no-hospital-sofia-feldman-em-belo-horizonte\/3390\"]}]},{\"@type\":\"ImageObject\",\"inLanguage\":\"pt-BR\",\"@id\":\"https:\/\/lappis.org.br\/site\/xvi-seminario-da-integralidade-sera-realizado-no-hospital-sofia-feldman-em-belo-horizonte\/3390#primaryimage\",\"url\":\"https:\/\/lappis.org.br\/site\/wp-content\/uploads\/2014\/08\/Fachada_Sofia_Feldman.JPG\",\"contentUrl\":\"https:\/\/lappis.org.br\/site\/wp-content\/uploads\/2014\/08\/Fachada_Sofia_Feldman.JPG\",\"width\":1600,\"height\":1200,\"caption\":\"Fachada Sofia Feldman\"},{\"@type\":\"BreadcrumbList\",\"@id\":\"https:\/\/lappis.org.br\/site\/xvi-seminario-da-integralidade-sera-realizado-no-hospital-sofia-feldman-em-belo-horizonte\/3390#breadcrumb\",\"itemListElement\":[{\"@type\":\"ListItem\",\"position\":1,\"name\":\"In\u00edcio\",\"item\":\"https:\/\/lappis.org.br\/site\/\"},{\"@type\":\"ListItem\",\"position\":2,\"name\":\"XVI Semin\u00e1rio da Integralidade ser\u00e1 realizado no Hospital Sofia Feldman em Belo Horizonte\"}]},{\"@type\":\"WebSite\",\"@id\":\"https:\/\/lappis.org.br\/site\/#website\",\"url\":\"https:\/\/lappis.org.br\/site\/\",\"name\":\"Lappis 25 anos\",\"description\":\"Labotat\u00f3rio de Pesquisas sobre Pr\u00e1ticas de Integralidade em Sa\u00fade\",\"publisher\":{\"@id\":\"https:\/\/lappis.org.br\/site\/#organization\"},\"potentialAction\":[{\"@type\":\"SearchAction\",\"target\":{\"@type\":\"EntryPoint\",\"urlTemplate\":\"https:\/\/lappis.org.br\/site\/?s={search_term_string}\"},\"query-input\":{\"@type\":\"PropertyValueSpecification\",\"valueRequired\":true,\"valueName\":\"search_term_string\"}}],\"inLanguage\":\"pt-BR\"},{\"@type\":\"Organization\",\"@id\":\"https:\/\/lappis.org.br\/site\/#organization\",\"name\":\"Lappis 25 anos\",\"url\":\"https:\/\/lappis.org.br\/site\/\",\"logo\":{\"@type\":\"ImageObject\",\"inLanguage\":\"pt-BR\",\"@id\":\"https:\/\/lappis.org.br\/site\/#\/schema\/logo\/image\/\",\"url\":\"https:\/\/lappis.org.br\/site\/wp-content\/uploads\/2025\/03\/logo-lappis25anos.png\",\"contentUrl\":\"https:\/\/lappis.org.br\/site\/wp-content\/uploads\/2025\/03\/logo-lappis25anos.png\",\"width\":388,\"height\":146,\"caption\":\"Lappis 25 anos\"},\"image\":{\"@id\":\"https:\/\/lappis.org.br\/site\/#\/schema\/logo\/image\/\"}},{\"@type\":\"Person\",\"@id\":\"https:\/\/lappis.org.br\/site\/#\/schema\/person\/3852381d08284b5e2716b20bd89bdbcf\",\"name\":\"fw2\",\"image\":{\"@type\":\"ImageObject\",\"inLanguage\":\"pt-BR\",\"@id\":\"https:\/\/lappis.org.br\/site\/#\/schema\/person\/image\/\",\"url\":\"https:\/\/secure.gravatar.com\/avatar\/c38472c0cdbde82d9b6fcc26adb3779d?s=96&d=mm&r=g\",\"contentUrl\":\"https:\/\/secure.gravatar.com\/avatar\/c38472c0cdbde82d9b6fcc26adb3779d?s=96&d=mm&r=g\",\"caption\":\"fw2\"},\"url\":\"https:\/\/lappis.org.br\/site\/author\/fw2\"}]}<\/script>\n<!-- \/ Yoast SEO plugin. -->","yoast_head_json":{"title":"XVI Semin\u00e1rio da Integralidade ser\u00e1 realizado no Hospital Sofia Feldman em Belo Horizonte - Lappis 25 anos","robots":{"index":"index","follow":"follow","max-snippet":"max-snippet:-1","max-image-preview":"max-image-preview:large","max-video-preview":"max-video-preview:-1"},"canonical":"https:\/\/lappis.org.br\/site\/xvi-seminario-da-integralidade-sera-realizado-no-hospital-sofia-feldman-em-belo-horizonte\/3390","og_locale":"pt_BR","og_type":"article","og_title":"XVI Semin\u00e1rio da Integralidade ser\u00e1 realizado no Hospital Sofia Feldman em Belo Horizonte - Lappis 25 anos","og_description":"Tema aborda popula\u00e7\u00f5es vulner\u00e1veis, promo\u00e7\u00e3o de equidade e direitos das mulheres. [...]","og_url":"https:\/\/lappis.org.br\/site\/xvi-seminario-da-integralidade-sera-realizado-no-hospital-sofia-feldman-em-belo-horizonte\/3390","og_site_name":"Lappis 25 anos","article_published_time":"2016-02-26T21:24:31+00:00","og_image":[{"width":1600,"height":1200,"url":"https:\/\/lappis.org.br\/site\/wp-content\/uploads\/2014\/08\/Fachada_Sofia_Feldman.JPG","type":"image\/jpeg"}],"author":"fw2","twitter_card":"summary_large_image","twitter_misc":{"Escrito por":"fw2","Est. tempo de leitura":"1 minuto"},"schema":{"@context":"https:\/\/schema.org","@graph":[{"@type":"Article","@id":"https:\/\/lappis.org.br\/site\/xvi-seminario-da-integralidade-sera-realizado-no-hospital-sofia-feldman-em-belo-horizonte\/3390#article","isPartOf":{"@id":"https:\/\/lappis.org.br\/site\/xvi-seminario-da-integralidade-sera-realizado-no-hospital-sofia-feldman-em-belo-horizonte\/3390"},"author":{"name":"fw2","@id":"https:\/\/lappis.org.br\/site\/#\/schema\/person\/3852381d08284b5e2716b20bd89bdbcf"},"headline":"XVI Semin\u00e1rio da Integralidade ser\u00e1 realizado no Hospital Sofia Feldman em Belo Horizonte","datePublished":"2016-02-26T21:24:31+00:00","mainEntityOfPage":{"@id":"https:\/\/lappis.org.br\/site\/xvi-seminario-da-integralidade-sera-realizado-no-hospital-sofia-feldman-em-belo-horizonte\/3390"},"wordCount":252,"commentCount":0,"publisher":{"@id":"https:\/\/lappis.org.br\/site\/#organization"},"image":{"@id":"https:\/\/lappis.org.br\/site\/xvi-seminario-da-integralidade-sera-realizado-no-hospital-sofia-feldman-em-belo-horizonte\/3390#primaryimage"},"thumbnailUrl":"https:\/\/lappis.org.br\/site\/wp-content\/uploads\/2014\/08\/Fachada_Sofia_Feldman.JPG","articleSection":["Noticias"],"inLanguage":"pt-BR","potentialAction":[{"@type":"CommentAction","name":"Comment","target":["https:\/\/lappis.org.br\/site\/xvi-seminario-da-integralidade-sera-realizado-no-hospital-sofia-feldman-em-belo-horizonte\/3390#respond"]}]},{"@type":"WebPage","@id":"https:\/\/lappis.org.br\/site\/xvi-seminario-da-integralidade-sera-realizado-no-hospital-sofia-feldman-em-belo-horizonte\/3390","url":"https:\/\/lappis.org.br\/site\/xvi-seminario-da-integralidade-sera-realizado-no-hospital-sofia-feldman-em-belo-horizonte\/3390","name":"XVI Semin\u00e1rio da Integralidade ser\u00e1 realizado no Hospital Sofia Feldman em Belo Horizonte - Lappis 25 anos","isPartOf":{"@id":"https:\/\/lappis.org.br\/site\/#website"},"primaryImageOfPage":{"@id":"https:\/\/lappis.org.br\/site\/xvi-seminario-da-integralidade-sera-realizado-no-hospital-sofia-feldman-em-belo-horizonte\/3390#primaryimage"},"image":{"@id":"https:\/\/lappis.org.br\/site\/xvi-seminario-da-integralidade-sera-realizado-no-hospital-sofia-feldman-em-belo-horizonte\/3390#primaryimage"},"thumbnailUrl":"https:\/\/lappis.org.br\/site\/wp-content\/uploads\/2014\/08\/Fachada_Sofia_Feldman.JPG","datePublished":"2016-02-26T21:24:31+00:00","breadcrumb":{"@id":"https:\/\/lappis.org.br\/site\/xvi-seminario-da-integralidade-sera-realizado-no-hospital-sofia-feldman-em-belo-horizonte\/3390#breadcrumb"},"inLanguage":"pt-BR","potentialAction":[{"@type":"ReadAction","target":["https:\/\/lappis.org.br\/site\/xvi-seminario-da-integralidade-sera-realizado-no-hospital-sofia-feldman-em-belo-horizonte\/3390"]}]},{"@type":"ImageObject","inLanguage":"pt-BR","@id":"https:\/\/lappis.org.br\/site\/xvi-seminario-da-integralidade-sera-realizado-no-hospital-sofia-feldman-em-belo-horizonte\/3390#primaryimage","url":"https:\/\/lappis.org.br\/site\/wp-content\/uploads\/2014\/08\/Fachada_Sofia_Feldman.JPG","contentUrl":"https:\/\/lappis.org.br\/site\/wp-content\/uploads\/2014\/08\/Fachada_Sofia_Feldman.JPG","width":1600,"height":1200,"caption":"Fachada Sofia Feldman"},{"@type":"BreadcrumbList","@id":"https:\/\/lappis.org.br\/site\/xvi-seminario-da-integralidade-sera-realizado-no-hospital-sofia-feldman-em-belo-horizonte\/3390#breadcrumb","itemListElement":[{"@type":"ListItem","position":1,"name":"In\u00edcio","item":"https:\/\/lappis.org.br\/site\/"},{"@type":"ListItem","position":2,"name":"XVI Semin\u00e1rio da Integralidade ser\u00e1 realizado no Hospital Sofia Feldman em Belo Horizonte"}]},{"@type":"WebSite","@id":"https:\/\/lappis.org.br\/site\/#website","url":"https:\/\/lappis.org.br\/site\/","name":"Lappis 25 anos","description":"Labotat\u00f3rio de Pesquisas sobre Pr\u00e1ticas de Integralidade em Sa\u00fade","publisher":{"@id":"https:\/\/lappis.org.br\/site\/#organization"},"potentialAction":[{"@type":"SearchAction","target":{"@type":"EntryPoint","urlTemplate":"https:\/\/lappis.org.br\/site\/?s={search_term_string}"},"query-input":{"@type":"PropertyValueSpecification","valueRequired":true,"valueName":"search_term_string"}}],"inLanguage":"pt-BR"},{"@type":"Organization","@id":"https:\/\/lappis.org.br\/site\/#organization","name":"Lappis 25 anos","url":"https:\/\/lappis.org.br\/site\/","logo":{"@type":"ImageObject","inLanguage":"pt-BR","@id":"https:\/\/lappis.org.br\/site\/#\/schema\/logo\/image\/","url":"https:\/\/lappis.org.br\/site\/wp-content\/uploads\/2025\/03\/logo-lappis25anos.png","contentUrl":"https:\/\/lappis.org.br\/site\/wp-content\/uploads\/2025\/03\/logo-lappis25anos.png","width":388,"height":146,"caption":"Lappis 25 anos"},"image":{"@id":"https:\/\/lappis.org.br\/site\/#\/schema\/logo\/image\/"}},{"@type":"Person","@id":"https:\/\/lappis.org.br\/site\/#\/schema\/person\/3852381d08284b5e2716b20bd89bdbcf","name":"fw2","image":{"@type":"ImageObject","inLanguage":"pt-BR","@id":"https:\/\/lappis.org.br\/site\/#\/schema\/person\/image\/","url":"https:\/\/secure.gravatar.com\/avatar\/c38472c0cdbde82d9b6fcc26adb3779d?s=96&d=mm&r=g","contentUrl":"https:\/\/secure.gravatar.com\/avatar\/c38472c0cdbde82d9b6fcc26adb3779d?s=96&d=mm&r=g","caption":"fw2"},"url":"https:\/\/lappis.org.br\/site\/author\/fw2"}]}},"jetpack_featured_media_url":"https:\/\/lappis.org.br\/site\/wp-content\/uploads\/2014\/08\/Fachada_Sofia_Feldman.JPG","jetpack_shortlink":"https:\/\/wp.me\/p954Nh-SG","jetpack_sharing_enabled":true,"_links":{"self":[{"href":"https:\/\/lappis.org.br\/site\/wp-json\/wp\/v2\/posts\/3390"}],"collection":[{"href":"https:\/\/lappis.org.br\/site\/wp-json\/wp\/v2\/posts"}],"about":[{"href":"https:\/\/lappis.org.br\/site\/wp-json\/wp\/v2\/types\/post"}],"author":[{"embeddable":true,"href":"https:\/\/lappis.org.br\/site\/wp-json\/wp\/v2\/users\/1"}],"replies":[{"embeddable":true,"href":"https:\/\/lappis.org.br\/site\/wp-json\/wp\/v2\/comments?post=3390"}],"version-history":[{"count":0,"href":"https:\/\/lappis.org.br\/site\/wp-json\/wp\/v2\/posts\/3390\/revisions"}],"wp:featuredmedia":[{"embeddable":true,"href":"https:\/\/lappis.org.br\/site\/wp-json\/wp\/v2\/media\/2967"}],"wp:attachment":[{"href":"https:\/\/lappis.org.br\/site\/wp-json\/wp\/v2\/media?parent=3390"}],"wp:term":[{"taxonomy":"category","embeddable":true,"href":"https:\/\/lappis.org.br\/site\/wp-json\/wp\/v2\/categories?post=3390"},{"taxonomy":"post_tag","embeddable":true,"href":"https:\/\/lappis.org.br\/site\/wp-json\/wp\/v2\/tags?post=3390"}],"curies":[{"name":"wp","href":"https:\/\/api.w.org\/{rel}","templated":true}]}}