{"id":3279,"date":"2015-07-20T12:13:54","date_gmt":"2015-07-20T15:13:54","guid":{"rendered":"http:\/\/lappis.org.br\/site\/2015\/07\/20\/livro-apresenta-diversidade-de-experiencias-e-itinerarios-na-efetivacao-da-integralidade\/"},"modified":"2015-07-20T12:13:54","modified_gmt":"2015-07-20T15:13:54","slug":"livro-apresenta-diversidade-de-experiencias-e-itinerarios-na-efetivacao-da-integralidade","status":"publish","type":"post","link":"https:\/\/lappis.org.br\/site\/livro-apresenta-diversidade-de-experiencias-e-itinerarios-na-efetivacao-da-integralidade\/3279","title":{"rendered":"Livro apresenta diversidade de experi\u00eancias e itiner\u00e1rios na efetiva\u00e7\u00e3o da integralidade"},"content":{"rendered":"<p>A publica\u00e7\u00e3o traz experi\u00eancias de efetiva\u00e7\u00e3o da integralidade que se manifestam em uma diversidade de contextos e ambientes.<\/p>\n<p><img fetchpriority=\"high\" decoding=\"async\" data-attachment-id=\"3278\" data-permalink=\"https:\/\/lappis.org.br\/site\/livro-apresenta-diversidade-de-experiencias-e-itinerarios-na-efetivacao-da-integralidade\/3279\/attachment-livro-lappis-ufba-capa\" data-orig-file=\"https:\/\/lappis.org.br\/site\/wp-content\/uploads\/2015\/07\/livro_lappis_UFBA_capa.jpg\" data-orig-size=\"460,690\" data-comments-opened=\"1\" data-image-meta=\"{&quot;aperture&quot;:&quot;0&quot;,&quot;credit&quot;:&quot;&quot;,&quot;camera&quot;:&quot;&quot;,&quot;caption&quot;:&quot;&quot;,&quot;created_timestamp&quot;:&quot;0&quot;,&quot;copyright&quot;:&quot;&quot;,&quot;focal_length&quot;:&quot;0&quot;,&quot;iso&quot;:&quot;0&quot;,&quot;shutter_speed&quot;:&quot;0&quot;,&quot;title&quot;:&quot;&quot;,&quot;orientation&quot;:&quot;0&quot;}\" data-image-title=\"livro lappis UFBA capa\" data-image-description=\"\" data-image-caption=\"\" data-medium-file=\"https:\/\/lappis.org.br\/site\/wp-content\/uploads\/2015\/07\/livro_lappis_UFBA_capa-200x300.jpg\" data-large-file=\"https:\/\/lappis.org.br\/site\/wp-content\/uploads\/2015\/07\/livro_lappis_UFBA_capa.jpg\" class=\" alignleft size-full wp-image-3278\" style=\"margin: 10px; float: left;\" src=\"http:\/\/lappis.org.br\/site\/wp-content\/uploads\/2015\/07\/livro_lappis_UFBA_capa.jpg\" alt=\"livro lappis UFBA capa\" width=\"290\" height=\"435\" srcset=\"https:\/\/lappis.org.br\/site\/wp-content\/uploads\/2015\/07\/livro_lappis_UFBA_capa.jpg 460w, https:\/\/lappis.org.br\/site\/wp-content\/uploads\/2015\/07\/livro_lappis_UFBA_capa-200x300.jpg 200w\" sizes=\"(max-width: 290px) 100vw, 290px\" \/>A colet\u00e2nea &#8220;Contexto, parceiros e itiner\u00e1rios na produ\u00e7\u00e3o do cuidado integral: diversidade e interse\u00e7\u00f5es&#8221; est\u00e1 sendo lan\u00e7ada pela Cepesc Editora e traz como foco central a abordagem da integralidade num contexto onde prevalece a pluralidade de modos de vida, racionalidades e pr\u00e1ticas de sa\u00fade. A publica\u00e7\u00e3o re\u00fane trabalhos que enfocam itiner\u00e1rios terap\u00eauticos na busca do cuidado, produto de um esfor\u00e7o coletivo de pesquisadores que retratam variados ambientes de produ\u00e7\u00e3o do conhecimento.<\/p>\n<p>Organizado por Leny Alves Bomfim Trad, Maria Salete Bessa Jorge, Roseni Pinheiro, Clarice Santos Mota e Ana Ang\u00e9lica Ribeiro de Meneses e Rocha, o livro re\u00fane textos de integrantes do Programa Integrado de Pesquisa, Ensino e Extens\u00e3o Comunidade, Fam\u00edlia e Sa\u00fade (FASA), do Instituto de Sa\u00fade Coletiva da Universidade Federal da Bahia, e de institui\u00e7\u00f5es e pesquisadores parceiros, como o Laborat\u00f3rio de Pesquisas sobre Pr\u00e1ticas de Integralidade em Sa\u00fade &#8211; Lappis. Coincidentemente, o FASA e o Lappis est\u00e3o completando 15 anos de atua\u00e7\u00e3o.<\/p>\n<p style=\"margin-bottom: 12pt;\">A inspira\u00e7\u00e3o da colet\u00e2nea parte do pressuposto de que as experi\u00eancias de efetiva\u00e7\u00e3o da integralidade podem se manifestar e se desenvolver de diversas formas. Roseni Pinheiro, coordenadora do Lappis e uma das organizadoras do livro, considera a publica\u00e7\u00e3o uma contribui\u00e7\u00e3o bastante oportuna. \u201cTrata-se de um modo de compreens\u00e3o e de investiga\u00e7\u00e3o que visa proporcionar um olhar sobre o modo peculiar como os indiv\u00edduos, comunidades e servi\u00e7os de sa\u00fade se mobilizam em torno da produ\u00e7\u00e3o do cuidado, como&nbsp; tamb\u00e9m racionalidades, dispositivos e pr\u00e1ticas acionados nesse processo\u201d, explica.<\/p>\n<p>A diversidade de argumentos, compreens\u00f5es, arranjos anal\u00edticos e percursos metodol\u00f3gicos presentes na colet\u00e2nea ultrapassa a perspectiva interdisciplinar, propondo vis\u00e3o que transita entre m\u00faltiplos saberes. Para Roseni Pinheiro, a sele\u00e7\u00e3o dos trabalhos buscou comungar de um solo epistemol\u00f3gico comum, onde sentidos das experi\u00eancias presentes no mundo da vida e a complexidade da realidade social demandam escutas e olhares sens\u00edveis e uma implica\u00e7\u00e3o muito intensa de pesquisadores e atores envolvidos nos assuntos abordados. A publica\u00e7\u00e3o tamb\u00e9m institucionaliza e reafirma a parceria de longo tempo entre Lappis\/IMS\/UERJ e FASA\/ISC\/UFBA.<\/p>\n<p style=\"margin-bottom: 12pt;\">Ressaltando que essa produ\u00e7\u00e3o assume a quest\u00e3o do cuidado como direito humano \u00e0 sa\u00fade, a coordenadora do Lappis destaca a contribui\u00e7\u00e3o metodol\u00f3gica apresentada. &nbsp;\u201cA proposi\u00e7\u00e3o metodol\u00f3gica de analisar itiner\u00e1rios terap\u00eauticos ganha relevo porque al\u00e9m de contribuir para compreender a diversidade de sentidos e contextos de pr\u00e1ticas mobilizadas em torno do complexo sa\u00fade-doen\u00e7a-cuidado tem tamb\u00e9m favorecido a produ\u00e7\u00e3o de evid\u00eancias sobre disponibilidade ou distribui\u00e7\u00e3o de recursos sociais indicando condi\u00e7\u00f5es de acesso ou acessibilidade em contextos determinados.\u201d&nbsp;<\/p>\n","protected":false},"excerpt":{"rendered":"<div class=\"mh-excerpt\"><p>A publica\u00e7\u00e3o traz experi\u00eancias de efetiva\u00e7\u00e3o da integralidade que se manifestam em uma diversidade de contextos e ambientes.<\/p>\n<p>  <a class=\"mh-excerpt-more\" href=\"https:\/\/lappis.org.br\/site\/livro-apresenta-diversidade-de-experiencias-e-itinerarios-na-efetivacao-da-integralidade\/3279\" title=\"Livro apresenta diversidade de experi\u00eancias e itiner\u00e1rios na efetiva\u00e7\u00e3o da integralidade\">[&#8230;]<\/a><\/p>\n<\/div>","protected":false},"author":1,"featured_media":3278,"comment_status":"open","ping_status":"open","sticky":false,"template":"","format":"standard","meta":{"_acf_changed":false,"_exactmetrics_skip_tracking":false,"_exactmetrics_sitenote_active":false,"_exactmetrics_sitenote_note":"","_exactmetrics_sitenote_category":0,"jetpack_post_was_ever_published":false,"_jetpack_newsletter_access":"","_jetpack_dont_email_post_to_subs":false,"_jetpack_newsletter_tier_id":0,"_jetpack_memberships_contains_paywalled_content":false,"_jetpack_memberships_contains_paid_content":false,"footnotes":"","jetpack_publicize_message":"","jetpack_publicize_feature_enabled":true,"jetpack_social_post_already_shared":false,"jetpack_social_options":{"image_generator_settings":{"template":"highway","enabled":false},"version":2}},"categories":[8],"tags":[],"class_list":{"0":"post-3279","1":"post","2":"type-post","3":"status-publish","4":"format-standard","5":"has-post-thumbnail","7":"category-noticia"},"jetpack_publicize_connections":[],"acf":[],"yoast_head":"<!-- This site is optimized with the Yoast SEO plugin v25.2 - https:\/\/yoast.com\/wordpress\/plugins\/seo\/ -->\n<title>Livro apresenta diversidade de experi\u00eancias e itiner\u00e1rios na efetiva\u00e7\u00e3o da integralidade - Lappis 25 anos<\/title>\n<meta name=\"robots\" content=\"index, follow, max-snippet:-1, max-image-preview:large, max-video-preview:-1\" \/>\n<link rel=\"canonical\" href=\"https:\/\/lappis.org.br\/site\/livro-apresenta-diversidade-de-experiencias-e-itinerarios-na-efetivacao-da-integralidade\/3279\" \/>\n<meta property=\"og:locale\" content=\"pt_BR\" \/>\n<meta property=\"og:type\" content=\"article\" \/>\n<meta property=\"og:title\" content=\"Livro apresenta diversidade de experi\u00eancias e itiner\u00e1rios na efetiva\u00e7\u00e3o da integralidade - Lappis 25 anos\" \/>\n<meta property=\"og:description\" content=\"A publica\u00e7\u00e3o traz experi\u00eancias de efetiva\u00e7\u00e3o da integralidade que se manifestam em uma diversidade de contextos e ambientes. [...]\" \/>\n<meta property=\"og:url\" content=\"https:\/\/lappis.org.br\/site\/livro-apresenta-diversidade-de-experiencias-e-itinerarios-na-efetivacao-da-integralidade\/3279\" \/>\n<meta property=\"og:site_name\" content=\"Lappis 25 anos\" \/>\n<meta property=\"article:published_time\" content=\"2015-07-20T15:13:54+00:00\" \/>\n<meta property=\"og:image\" content=\"https:\/\/lappis.org.br\/site\/wp-content\/uploads\/2015\/07\/livro_lappis_UFBA_capa.jpg\" \/>\n\t<meta property=\"og:image:width\" content=\"460\" \/>\n\t<meta property=\"og:image:height\" content=\"690\" \/>\n\t<meta property=\"og:image:type\" content=\"image\/jpeg\" \/>\n<meta name=\"author\" content=\"fw2\" \/>\n<meta name=\"twitter:card\" content=\"summary_large_image\" \/>\n<meta name=\"twitter:label1\" content=\"Escrito por\" \/>\n\t<meta name=\"twitter:data1\" content=\"fw2\" \/>\n\t<meta name=\"twitter:label2\" content=\"Est. tempo de leitura\" \/>\n\t<meta name=\"twitter:data2\" content=\"2 minutos\" \/>\n<script type=\"application\/ld+json\" class=\"yoast-schema-graph\">{\"@context\":\"https:\/\/schema.org\",\"@graph\":[{\"@type\":\"Article\",\"@id\":\"https:\/\/lappis.org.br\/site\/livro-apresenta-diversidade-de-experiencias-e-itinerarios-na-efetivacao-da-integralidade\/3279#article\",\"isPartOf\":{\"@id\":\"https:\/\/lappis.org.br\/site\/livro-apresenta-diversidade-de-experiencias-e-itinerarios-na-efetivacao-da-integralidade\/3279\"},\"author\":{\"name\":\"fw2\",\"@id\":\"https:\/\/lappis.org.br\/site\/#\/schema\/person\/3852381d08284b5e2716b20bd89bdbcf\"},\"headline\":\"Livro apresenta diversidade de experi\u00eancias e itiner\u00e1rios na efetiva\u00e7\u00e3o da integralidade\",\"datePublished\":\"2015-07-20T15:13:54+00:00\",\"mainEntityOfPage\":{\"@id\":\"https:\/\/lappis.org.br\/site\/livro-apresenta-diversidade-de-experiencias-e-itinerarios-na-efetivacao-da-integralidade\/3279\"},\"wordCount\":511,\"commentCount\":0,\"publisher\":{\"@id\":\"https:\/\/lappis.org.br\/site\/#organization\"},\"image\":{\"@id\":\"https:\/\/lappis.org.br\/site\/livro-apresenta-diversidade-de-experiencias-e-itinerarios-na-efetivacao-da-integralidade\/3279#primaryimage\"},\"thumbnailUrl\":\"https:\/\/lappis.org.br\/site\/wp-content\/uploads\/2015\/07\/livro_lappis_UFBA_capa.jpg\",\"articleSection\":[\"Not\u00edcia\"],\"inLanguage\":\"pt-BR\",\"potentialAction\":[{\"@type\":\"CommentAction\",\"name\":\"Comment\",\"target\":[\"https:\/\/lappis.org.br\/site\/livro-apresenta-diversidade-de-experiencias-e-itinerarios-na-efetivacao-da-integralidade\/3279#respond\"]}]},{\"@type\":\"WebPage\",\"@id\":\"https:\/\/lappis.org.br\/site\/livro-apresenta-diversidade-de-experiencias-e-itinerarios-na-efetivacao-da-integralidade\/3279\",\"url\":\"https:\/\/lappis.org.br\/site\/livro-apresenta-diversidade-de-experiencias-e-itinerarios-na-efetivacao-da-integralidade\/3279\",\"name\":\"Livro apresenta diversidade de experi\u00eancias e itiner\u00e1rios na efetiva\u00e7\u00e3o da integralidade - Lappis 25 anos\",\"isPartOf\":{\"@id\":\"https:\/\/lappis.org.br\/site\/#website\"},\"primaryImageOfPage\":{\"@id\":\"https:\/\/lappis.org.br\/site\/livro-apresenta-diversidade-de-experiencias-e-itinerarios-na-efetivacao-da-integralidade\/3279#primaryimage\"},\"image\":{\"@id\":\"https:\/\/lappis.org.br\/site\/livro-apresenta-diversidade-de-experiencias-e-itinerarios-na-efetivacao-da-integralidade\/3279#primaryimage\"},\"thumbnailUrl\":\"https:\/\/lappis.org.br\/site\/wp-content\/uploads\/2015\/07\/livro_lappis_UFBA_capa.jpg\",\"datePublished\":\"2015-07-20T15:13:54+00:00\",\"breadcrumb\":{\"@id\":\"https:\/\/lappis.org.br\/site\/livro-apresenta-diversidade-de-experiencias-e-itinerarios-na-efetivacao-da-integralidade\/3279#breadcrumb\"},\"inLanguage\":\"pt-BR\",\"potentialAction\":[{\"@type\":\"ReadAction\",\"target\":[\"https:\/\/lappis.org.br\/site\/livro-apresenta-diversidade-de-experiencias-e-itinerarios-na-efetivacao-da-integralidade\/3279\"]}]},{\"@type\":\"ImageObject\",\"inLanguage\":\"pt-BR\",\"@id\":\"https:\/\/lappis.org.br\/site\/livro-apresenta-diversidade-de-experiencias-e-itinerarios-na-efetivacao-da-integralidade\/3279#primaryimage\",\"url\":\"https:\/\/lappis.org.br\/site\/wp-content\/uploads\/2015\/07\/livro_lappis_UFBA_capa.jpg\",\"contentUrl\":\"https:\/\/lappis.org.br\/site\/wp-content\/uploads\/2015\/07\/livro_lappis_UFBA_capa.jpg\",\"width\":460,\"height\":690,\"caption\":\"livro lappis UFBA capa\"},{\"@type\":\"BreadcrumbList\",\"@id\":\"https:\/\/lappis.org.br\/site\/livro-apresenta-diversidade-de-experiencias-e-itinerarios-na-efetivacao-da-integralidade\/3279#breadcrumb\",\"itemListElement\":[{\"@type\":\"ListItem\",\"position\":1,\"name\":\"In\u00edcio\",\"item\":\"https:\/\/lappis.org.br\/site\/\"},{\"@type\":\"ListItem\",\"position\":2,\"name\":\"Livro apresenta diversidade de experi\u00eancias e itiner\u00e1rios na efetiva\u00e7\u00e3o da integralidade\"}]},{\"@type\":\"WebSite\",\"@id\":\"https:\/\/lappis.org.br\/site\/#website\",\"url\":\"https:\/\/lappis.org.br\/site\/\",\"name\":\"Lappis 25 anos\",\"description\":\"Labotat\u00f3rio de Pesquisas sobre Pr\u00e1ticas de Integralidade em Sa\u00fade\",\"publisher\":{\"@id\":\"https:\/\/lappis.org.br\/site\/#organization\"},\"potentialAction\":[{\"@type\":\"SearchAction\",\"target\":{\"@type\":\"EntryPoint\",\"urlTemplate\":\"https:\/\/lappis.org.br\/site\/?s={search_term_string}\"},\"query-input\":{\"@type\":\"PropertyValueSpecification\",\"valueRequired\":true,\"valueName\":\"search_term_string\"}}],\"inLanguage\":\"pt-BR\"},{\"@type\":\"Organization\",\"@id\":\"https:\/\/lappis.org.br\/site\/#organization\",\"name\":\"Lappis 25 anos\",\"url\":\"https:\/\/lappis.org.br\/site\/\",\"logo\":{\"@type\":\"ImageObject\",\"inLanguage\":\"pt-BR\",\"@id\":\"https:\/\/lappis.org.br\/site\/#\/schema\/logo\/image\/\",\"url\":\"https:\/\/lappis.org.br\/site\/wp-content\/uploads\/2025\/03\/logo-lappis25anos.png\",\"contentUrl\":\"https:\/\/lappis.org.br\/site\/wp-content\/uploads\/2025\/03\/logo-lappis25anos.png\",\"width\":388,\"height\":146,\"caption\":\"Lappis 25 anos\"},\"image\":{\"@id\":\"https:\/\/lappis.org.br\/site\/#\/schema\/logo\/image\/\"}},{\"@type\":\"Person\",\"@id\":\"https:\/\/lappis.org.br\/site\/#\/schema\/person\/3852381d08284b5e2716b20bd89bdbcf\",\"name\":\"fw2\",\"image\":{\"@type\":\"ImageObject\",\"inLanguage\":\"pt-BR\",\"@id\":\"https:\/\/lappis.org.br\/site\/#\/schema\/person\/image\/\",\"url\":\"https:\/\/secure.gravatar.com\/avatar\/c38472c0cdbde82d9b6fcc26adb3779d?s=96&d=mm&r=g\",\"contentUrl\":\"https:\/\/secure.gravatar.com\/avatar\/c38472c0cdbde82d9b6fcc26adb3779d?s=96&d=mm&r=g\",\"caption\":\"fw2\"},\"url\":\"https:\/\/lappis.org.br\/site\/author\/fw2\"}]}<\/script>\n<!-- \/ Yoast SEO plugin. -->","yoast_head_json":{"title":"Livro apresenta diversidade de experi\u00eancias e itiner\u00e1rios na efetiva\u00e7\u00e3o da integralidade - Lappis 25 anos","robots":{"index":"index","follow":"follow","max-snippet":"max-snippet:-1","max-image-preview":"max-image-preview:large","max-video-preview":"max-video-preview:-1"},"canonical":"https:\/\/lappis.org.br\/site\/livro-apresenta-diversidade-de-experiencias-e-itinerarios-na-efetivacao-da-integralidade\/3279","og_locale":"pt_BR","og_type":"article","og_title":"Livro apresenta diversidade de experi\u00eancias e itiner\u00e1rios na efetiva\u00e7\u00e3o da integralidade - Lappis 25 anos","og_description":"A publica\u00e7\u00e3o traz experi\u00eancias de efetiva\u00e7\u00e3o da integralidade que se manifestam em uma diversidade de contextos e ambientes. [...]","og_url":"https:\/\/lappis.org.br\/site\/livro-apresenta-diversidade-de-experiencias-e-itinerarios-na-efetivacao-da-integralidade\/3279","og_site_name":"Lappis 25 anos","article_published_time":"2015-07-20T15:13:54+00:00","og_image":[{"width":460,"height":690,"url":"https:\/\/lappis.org.br\/site\/wp-content\/uploads\/2015\/07\/livro_lappis_UFBA_capa.jpg","type":"image\/jpeg"}],"author":"fw2","twitter_card":"summary_large_image","twitter_misc":{"Escrito por":"fw2","Est. tempo de leitura":"2 minutos"},"schema":{"@context":"https:\/\/schema.org","@graph":[{"@type":"Article","@id":"https:\/\/lappis.org.br\/site\/livro-apresenta-diversidade-de-experiencias-e-itinerarios-na-efetivacao-da-integralidade\/3279#article","isPartOf":{"@id":"https:\/\/lappis.org.br\/site\/livro-apresenta-diversidade-de-experiencias-e-itinerarios-na-efetivacao-da-integralidade\/3279"},"author":{"name":"fw2","@id":"https:\/\/lappis.org.br\/site\/#\/schema\/person\/3852381d08284b5e2716b20bd89bdbcf"},"headline":"Livro apresenta diversidade de experi\u00eancias e itiner\u00e1rios na efetiva\u00e7\u00e3o da integralidade","datePublished":"2015-07-20T15:13:54+00:00","mainEntityOfPage":{"@id":"https:\/\/lappis.org.br\/site\/livro-apresenta-diversidade-de-experiencias-e-itinerarios-na-efetivacao-da-integralidade\/3279"},"wordCount":511,"commentCount":0,"publisher":{"@id":"https:\/\/lappis.org.br\/site\/#organization"},"image":{"@id":"https:\/\/lappis.org.br\/site\/livro-apresenta-diversidade-de-experiencias-e-itinerarios-na-efetivacao-da-integralidade\/3279#primaryimage"},"thumbnailUrl":"https:\/\/lappis.org.br\/site\/wp-content\/uploads\/2015\/07\/livro_lappis_UFBA_capa.jpg","articleSection":["Not\u00edcia"],"inLanguage":"pt-BR","potentialAction":[{"@type":"CommentAction","name":"Comment","target":["https:\/\/lappis.org.br\/site\/livro-apresenta-diversidade-de-experiencias-e-itinerarios-na-efetivacao-da-integralidade\/3279#respond"]}]},{"@type":"WebPage","@id":"https:\/\/lappis.org.br\/site\/livro-apresenta-diversidade-de-experiencias-e-itinerarios-na-efetivacao-da-integralidade\/3279","url":"https:\/\/lappis.org.br\/site\/livro-apresenta-diversidade-de-experiencias-e-itinerarios-na-efetivacao-da-integralidade\/3279","name":"Livro apresenta diversidade de experi\u00eancias e itiner\u00e1rios na efetiva\u00e7\u00e3o da integralidade - Lappis 25 anos","isPartOf":{"@id":"https:\/\/lappis.org.br\/site\/#website"},"primaryImageOfPage":{"@id":"https:\/\/lappis.org.br\/site\/livro-apresenta-diversidade-de-experiencias-e-itinerarios-na-efetivacao-da-integralidade\/3279#primaryimage"},"image":{"@id":"https:\/\/lappis.org.br\/site\/livro-apresenta-diversidade-de-experiencias-e-itinerarios-na-efetivacao-da-integralidade\/3279#primaryimage"},"thumbnailUrl":"https:\/\/lappis.org.br\/site\/wp-content\/uploads\/2015\/07\/livro_lappis_UFBA_capa.jpg","datePublished":"2015-07-20T15:13:54+00:00","breadcrumb":{"@id":"https:\/\/lappis.org.br\/site\/livro-apresenta-diversidade-de-experiencias-e-itinerarios-na-efetivacao-da-integralidade\/3279#breadcrumb"},"inLanguage":"pt-BR","potentialAction":[{"@type":"ReadAction","target":["https:\/\/lappis.org.br\/site\/livro-apresenta-diversidade-de-experiencias-e-itinerarios-na-efetivacao-da-integralidade\/3279"]}]},{"@type":"ImageObject","inLanguage":"pt-BR","@id":"https:\/\/lappis.org.br\/site\/livro-apresenta-diversidade-de-experiencias-e-itinerarios-na-efetivacao-da-integralidade\/3279#primaryimage","url":"https:\/\/lappis.org.br\/site\/wp-content\/uploads\/2015\/07\/livro_lappis_UFBA_capa.jpg","contentUrl":"https:\/\/lappis.org.br\/site\/wp-content\/uploads\/2015\/07\/livro_lappis_UFBA_capa.jpg","width":460,"height":690,"caption":"livro lappis UFBA capa"},{"@type":"BreadcrumbList","@id":"https:\/\/lappis.org.br\/site\/livro-apresenta-diversidade-de-experiencias-e-itinerarios-na-efetivacao-da-integralidade\/3279#breadcrumb","itemListElement":[{"@type":"ListItem","position":1,"name":"In\u00edcio","item":"https:\/\/lappis.org.br\/site\/"},{"@type":"ListItem","position":2,"name":"Livro apresenta diversidade de experi\u00eancias e itiner\u00e1rios na efetiva\u00e7\u00e3o da integralidade"}]},{"@type":"WebSite","@id":"https:\/\/lappis.org.br\/site\/#website","url":"https:\/\/lappis.org.br\/site\/","name":"Lappis 25 anos","description":"Labotat\u00f3rio de Pesquisas sobre Pr\u00e1ticas de Integralidade em Sa\u00fade","publisher":{"@id":"https:\/\/lappis.org.br\/site\/#organization"},"potentialAction":[{"@type":"SearchAction","target":{"@type":"EntryPoint","urlTemplate":"https:\/\/lappis.org.br\/site\/?s={search_term_string}"},"query-input":{"@type":"PropertyValueSpecification","valueRequired":true,"valueName":"search_term_string"}}],"inLanguage":"pt-BR"},{"@type":"Organization","@id":"https:\/\/lappis.org.br\/site\/#organization","name":"Lappis 25 anos","url":"https:\/\/lappis.org.br\/site\/","logo":{"@type":"ImageObject","inLanguage":"pt-BR","@id":"https:\/\/lappis.org.br\/site\/#\/schema\/logo\/image\/","url":"https:\/\/lappis.org.br\/site\/wp-content\/uploads\/2025\/03\/logo-lappis25anos.png","contentUrl":"https:\/\/lappis.org.br\/site\/wp-content\/uploads\/2025\/03\/logo-lappis25anos.png","width":388,"height":146,"caption":"Lappis 25 anos"},"image":{"@id":"https:\/\/lappis.org.br\/site\/#\/schema\/logo\/image\/"}},{"@type":"Person","@id":"https:\/\/lappis.org.br\/site\/#\/schema\/person\/3852381d08284b5e2716b20bd89bdbcf","name":"fw2","image":{"@type":"ImageObject","inLanguage":"pt-BR","@id":"https:\/\/lappis.org.br\/site\/#\/schema\/person\/image\/","url":"https:\/\/secure.gravatar.com\/avatar\/c38472c0cdbde82d9b6fcc26adb3779d?s=96&d=mm&r=g","contentUrl":"https:\/\/secure.gravatar.com\/avatar\/c38472c0cdbde82d9b6fcc26adb3779d?s=96&d=mm&r=g","caption":"fw2"},"url":"https:\/\/lappis.org.br\/site\/author\/fw2"}]}},"jetpack_featured_media_url":"https:\/\/lappis.org.br\/site\/wp-content\/uploads\/2015\/07\/livro_lappis_UFBA_capa.jpg","jetpack_shortlink":"https:\/\/wp.me\/p954Nh-QT","jetpack_sharing_enabled":true,"_links":{"self":[{"href":"https:\/\/lappis.org.br\/site\/wp-json\/wp\/v2\/posts\/3279"}],"collection":[{"href":"https:\/\/lappis.org.br\/site\/wp-json\/wp\/v2\/posts"}],"about":[{"href":"https:\/\/lappis.org.br\/site\/wp-json\/wp\/v2\/types\/post"}],"author":[{"embeddable":true,"href":"https:\/\/lappis.org.br\/site\/wp-json\/wp\/v2\/users\/1"}],"replies":[{"embeddable":true,"href":"https:\/\/lappis.org.br\/site\/wp-json\/wp\/v2\/comments?post=3279"}],"version-history":[{"count":0,"href":"https:\/\/lappis.org.br\/site\/wp-json\/wp\/v2\/posts\/3279\/revisions"}],"wp:featuredmedia":[{"embeddable":true,"href":"https:\/\/lappis.org.br\/site\/wp-json\/wp\/v2\/media\/3278"}],"wp:attachment":[{"href":"https:\/\/lappis.org.br\/site\/wp-json\/wp\/v2\/media?parent=3279"}],"wp:term":[{"taxonomy":"category","embeddable":true,"href":"https:\/\/lappis.org.br\/site\/wp-json\/wp\/v2\/categories?post=3279"},{"taxonomy":"post_tag","embeddable":true,"href":"https:\/\/lappis.org.br\/site\/wp-json\/wp\/v2\/tags?post=3279"}],"curies":[{"name":"wp","href":"https:\/\/api.w.org\/{rel}","templated":true}]}}