{"id":3262,"date":"2015-06-26T07:20:08","date_gmt":"2015-06-26T10:20:08","guid":{"rendered":"http:\/\/lappis.org.br\/site\/2015\/06\/26\/xv-seminario-integralidade-edicao-multicentrica-centro-oeste-comeca-na-proxima-semana\/"},"modified":"2017-08-23T10:25:21","modified_gmt":"2017-08-23T13:25:21","slug":"xv-seminario-integralidade-edicao-multicentrica-centro-oeste-comeca-na-proxima-semana","status":"publish","type":"post","link":"https:\/\/lappis.org.br\/site\/xv-seminario-integralidade-edicao-multicentrica-centro-oeste-comeca-na-proxima-semana\/3262","title":{"rendered":"XV Semin\u00e1rio Integralidade edi\u00e7\u00e3o multic\u00eantrica Centro-Oeste inicia atividades pr\u00e9vias"},"content":{"rendered":"<p>Debates na Universidade de Bras\u00edlia t\u00eam in\u00edcio na manh\u00e3 de segunda, abertura do Semin\u00e1rio \u00e9 na quarta.<\/p>\n<p>As atividades do pr\u00e9-Semin\u00e1rio come\u00e7am na segunda-feira (28\/06) com uma oficina pela manh\u00e3 e uma roda de conversa \u00e0 tarde, ambas coordenadas por professoras do Departamento de Sa\u00fade Coletiva\/Faculdade de Ci\u00eancias da Sa\u00fade\/Universidade de Bras\u00edlia (DSC\/FS\/UnB). Os temas que abrem a discuss\u00e3o versam sobre quest\u00f5es de g\u00eanero, sexualidade, viol\u00eancia, direitos sexuais e reprodutivos e sua problematiza\u00e7\u00e3o na no\u00e7\u00e3o de integralidade \u00e0 sa\u00fade, na oficina organizada pela professora Claudia Mara Pedrosa. Depois o foco recai sobre a produ\u00e7\u00e3o cient\u00edfica e seu apoio nas decis\u00f5es da assit\u00eancia \u00e0 sa\u00fade, com apresenta\u00e7\u00e3o de pesquisas realizadas na aten\u00e7\u00e3o b\u00e1sica do Distrito Federal, na roda de conversa proposta pela professora Magda Duarte dos Anjos Scherer.<\/p>\n<p>Os minicursos, oficinas, rodas de conversa e f\u00f3rum que acontecem entre os dias 28\/06 e 01\/07 dependem de inscri\u00e7\u00e3o pr\u00e9via, sendo que as vagas de algumas atividades j\u00e1 est\u00e3o completas. Vale salientar aos interessados que as pessoas inscritas tem prioridade at\u00e9 o hor\u00e1rio previsto para o in\u00edcio da atividade. Caso haja aus\u00eancias ou atrasos essas vagas ser\u00e3o preenchidas pelas pessoas que estiverem presentes no local, inicialmente sendo chamadas as inscritas no cadastro de reserva &#8211; pessoas inscritas que ultrapassaram o n\u00famero de vagas dispon\u00edveis.&nbsp;<\/p>\n<p>Acesse aqui:<\/p>\n<p><strong><a href=\"http:\/\/lappis.org.br\/site\/pre-seminario-em-brasilia-ainda-tem-atividades-com-inscricoes-abertas\/3253\">atividades que ainda tem vagas<\/a><\/strong><span style=\"color: #993300;\"><strong> <span style=\"color: #000000;\">&#8211;<\/span> <a href=\"http:\/\/lappis.org.br\/site\/conheca-a-programacao-do-xv-seminario-no-centro-oeste\/3241\">programa\u00e7\u00e3o completa<\/a> <span style=\"color: #000000;\">&#8211;<\/span> <a href=\"http:\/\/lappis.org.br\/site\/inscricoes\/3525\">inscri\u00e7\u00f5es no evento<\/a><\/strong><\/span><\/p>\n<p><img fetchpriority=\"high\" decoding=\"async\" data-attachment-id=\"3261\" data-permalink=\"https:\/\/lappis.org.br\/site\/xv-seminario-integralidade-edicao-multicentrica-centro-oeste-comeca-na-proxima-semana\/3262\/attachment-lappis-15-anos-destaque\" data-orig-file=\"https:\/\/lappis.org.br\/site\/wp-content\/uploads\/2015\/06\/lappis_15_anos_destaque.jpg\" data-orig-size=\"555,355\" data-comments-opened=\"1\" data-image-meta=\"{&quot;aperture&quot;:&quot;0&quot;,&quot;credit&quot;:&quot;&quot;,&quot;camera&quot;:&quot;&quot;,&quot;caption&quot;:&quot;&quot;,&quot;created_timestamp&quot;:&quot;0&quot;,&quot;copyright&quot;:&quot;&quot;,&quot;focal_length&quot;:&quot;0&quot;,&quot;iso&quot;:&quot;0&quot;,&quot;shutter_speed&quot;:&quot;0&quot;,&quot;title&quot;:&quot;&quot;,&quot;orientation&quot;:&quot;0&quot;}\" data-image-title=\"lappis 15 anos destaque\" data-image-description=\"\" data-image-caption=\"\" data-medium-file=\"https:\/\/lappis.org.br\/site\/wp-content\/uploads\/2015\/06\/lappis_15_anos_destaque-300x192.jpg\" data-large-file=\"https:\/\/lappis.org.br\/site\/wp-content\/uploads\/2015\/06\/lappis_15_anos_destaque.jpg\" class=\" alignright size-full wp-image-3261\" style=\"float: right;\" src=\"http:\/\/lappis.org.br\/site\/wp-content\/uploads\/2015\/06\/lappis_15_anos_destaque.jpg\" alt=\"lappis 15 anos destaque\" width=\"555\" height=\"355\" srcset=\"https:\/\/lappis.org.br\/site\/wp-content\/uploads\/2015\/06\/lappis_15_anos_destaque.jpg 555w, https:\/\/lappis.org.br\/site\/wp-content\/uploads\/2015\/06\/lappis_15_anos_destaque-300x192.jpg 300w\" sizes=\"(max-width: 555px) 100vw, 555px\" \/>O XV Semin\u00e1rio Internacional do Projeto Integralidade: saberes e pr\u00e1ticas no cotidiano das institui\u00e7\u00f5es de sa\u00fade &#8211; edi\u00e7\u00e3o multic\u00eantrica do Centro-Oeste, que come\u00e7a oficialmente na noite do dia 1<sup>o<\/sup>\/07, tem como tema Produ\u00e7\u00e3o, visibilidade e democratiza\u00e7\u00e3o do conhecimento sobre o cuidado: as pr\u00e1ticas como fonte de teoria viva na sa\u00fade coletiva. O tema est\u00e1 contemplado na programa\u00e7\u00e3o, que traz convidados locais e de outros Estados reunidos em confer\u00eancias e mesas redondas, e visam possibilitar um aprendizado \u00fanico de pensar integralidade juntando trabalhadores, estudantes de gradua\u00e7\u00e3o e p\u00f3s-gradua\u00e7\u00e3o, pesquisadores, professores, usu\u00e1rios e gestores.<\/p>\n<p>A expectativa do encontro \u00e9 a melhor poss\u00edvel para Roseni Pinheiro, coordenadora do Lappis e idealizadora do XV Semin\u00e1rio do Projeto Integralidade neste formato itinerante pelas 5 regi\u00f5es do pa\u00eds, que ansiava trazer essas discuss\u00f5es para Bras\u00edlia. \u201cA composi\u00e7\u00e3o deste Semin\u00e1rio reproduz os atributos habilitadores de uma discuss\u00e3o inclusiva da integralidade, como pol\u00edtica p\u00fablica no Brasil. Os temas s\u00e3o atuais e relevantes, o que tem a ver com a constitui\u00e7\u00e3o concreta de produ\u00e7\u00e3o, visibilidade e democratiza\u00e7\u00e3o do conhecimento sobre o cuidado da sa\u00fade coletiva. \u201d, ressalta. &nbsp;<\/p>\n<p><img decoding=\"async\" data-attachment-id=\"3231\" data-permalink=\"https:\/\/lappis.org.br\/site\/xv-seminario-integralidade-edicao-multicentrica-centro-oeste-comeca-na-proxima-semana\/3262\/attachment-campus-universidade-de-brasilia-foto-www-cead-unb-br\" data-orig-file=\"https:\/\/lappis.org.br\/site\/wp-content\/uploads\/2015\/05\/Campus_Universidade_de_Brasilia__foto_www_cead_unb_br.jpg\" data-orig-size=\"424,190\" data-comments-opened=\"1\" data-image-meta=\"{&quot;aperture&quot;:&quot;5.6&quot;,&quot;credit&quot;:&quot;&quot;,&quot;camera&quot;:&quot;Canon EOS Kiss Digital N&quot;,&quot;caption&quot;:&quot;&quot;,&quot;created_timestamp&quot;:&quot;1281676880&quot;,&quot;copyright&quot;:&quot;&quot;,&quot;focal_length&quot;:&quot;55&quot;,&quot;iso&quot;:&quot;800&quot;,&quot;shutter_speed&quot;:&quot;0.00625&quot;,&quot;title&quot;:&quot;&quot;,&quot;orientation&quot;:&quot;1&quot;}\" data-image-title=\"Campus Universidade de Brasilia foto www cead unb br\" data-image-description=\"\" data-image-caption=\"\" data-medium-file=\"https:\/\/lappis.org.br\/site\/wp-content\/uploads\/2015\/05\/Campus_Universidade_de_Brasilia__foto_www_cead_unb_br-300x134.jpg\" data-large-file=\"https:\/\/lappis.org.br\/site\/wp-content\/uploads\/2015\/05\/Campus_Universidade_de_Brasilia__foto_www_cead_unb_br.jpg\" class=\" alignleft size-full wp-image-3231\" style=\"margin: 10px; float: left;\" src=\"http:\/\/lappis.org.br\/site\/wp-content\/uploads\/2015\/05\/Campus_Universidade_de_Brasilia__foto_www_cead_unb_br.jpg\" alt=\"Campus Universidade de Brasilia  foto www cead unb br\" width=\"424\" height=\"190\" \/>O apoio da Universidade de Bras\u00edlia na organiza\u00e7\u00e3o do evento e nas propostas de discuss\u00f5es est\u00e1 sendo fundamental, institui\u00e7\u00e3o que mostra seu papel relevante na Sa\u00fade Coletiva. O professor do DSC\/FS\/UnB Gustavo Nunes de Oliveira \u00e9&nbsp; o coordenador local, que est\u00e1 compondo o entendimento nessa estrat\u00e9gia coletiva e inclusiva.<\/p>\n<p>A participa\u00e7\u00e3o presencial \u00e9 gratuita e contempla certificados. Tamb\u00e9m haver\u00e1 outras formas de participa\u00e7\u00e3o \u2013 com transmiss\u00e3o online e chat \u2013 oferecidas neste semin\u00e1rio.&nbsp;<\/p>\n","protected":false},"excerpt":{"rendered":"<div class=\"mh-excerpt\"><p>Debates na Universidade de Bras\u00edlia t\u00eam in\u00edcio na manh\u00e3 de segunda, abertura do Semin\u00e1rio \u00e9 na quarta.<\/p>\n<p>  <a class=\"mh-excerpt-more\" href=\"https:\/\/lappis.org.br\/site\/xv-seminario-integralidade-edicao-multicentrica-centro-oeste-comeca-na-proxima-semana\/3262\" title=\"XV Semin\u00e1rio Integralidade edi\u00e7\u00e3o multic\u00eantrica Centro-Oeste inicia atividades pr\u00e9vias\">[&#8230;]<\/a><\/p>\n<\/div>","protected":false},"author":1,"featured_media":3261,"comment_status":"open","ping_status":"open","sticky":false,"template":"","format":"standard","meta":{"_acf_changed":false,"_exactmetrics_skip_tracking":false,"_exactmetrics_sitenote_active":false,"_exactmetrics_sitenote_note":"","_exactmetrics_sitenote_category":0,"jetpack_post_was_ever_published":false,"_jetpack_newsletter_access":"","_jetpack_dont_email_post_to_subs":false,"_jetpack_newsletter_tier_id":0,"_jetpack_memberships_contains_paywalled_content":false,"_jetpack_memberships_contains_paid_content":false,"footnotes":"","jetpack_publicize_message":"","jetpack_publicize_feature_enabled":true,"jetpack_social_post_already_shared":false,"jetpack_social_options":{"image_generator_settings":{"template":"highway","enabled":false},"version":2}},"categories":[84],"tags":[],"class_list":{"0":"post-3262","1":"post","2":"type-post","3":"status-publish","4":"format-standard","5":"has-post-thumbnail","7":"category-noticias-xv-seminario"},"jetpack_publicize_connections":[],"acf":[],"yoast_head":"<!-- This site is optimized with the Yoast SEO plugin v25.2 - https:\/\/yoast.com\/wordpress\/plugins\/seo\/ -->\n<title>XV Semin\u00e1rio Integralidade edi\u00e7\u00e3o multic\u00eantrica Centro-Oeste inicia atividades pr\u00e9vias - Lappis 25 anos<\/title>\n<meta name=\"robots\" content=\"index, follow, max-snippet:-1, max-image-preview:large, max-video-preview:-1\" \/>\n<link rel=\"canonical\" href=\"https:\/\/lappis.org.br\/site\/xv-seminario-integralidade-edicao-multicentrica-centro-oeste-comeca-na-proxima-semana\/3262\" \/>\n<meta property=\"og:locale\" content=\"pt_BR\" \/>\n<meta property=\"og:type\" content=\"article\" \/>\n<meta property=\"og:title\" content=\"XV Semin\u00e1rio Integralidade edi\u00e7\u00e3o multic\u00eantrica Centro-Oeste inicia atividades pr\u00e9vias - Lappis 25 anos\" \/>\n<meta property=\"og:description\" content=\"Debates na Universidade de Bras\u00edlia t\u00eam in\u00edcio na manh\u00e3 de segunda, abertura do Semin\u00e1rio \u00e9 na quarta. [...]\" \/>\n<meta property=\"og:url\" content=\"https:\/\/lappis.org.br\/site\/xv-seminario-integralidade-edicao-multicentrica-centro-oeste-comeca-na-proxima-semana\/3262\" \/>\n<meta property=\"og:site_name\" content=\"Lappis 25 anos\" \/>\n<meta property=\"article:published_time\" content=\"2015-06-26T10:20:08+00:00\" \/>\n<meta property=\"article:modified_time\" content=\"2017-08-23T13:25:21+00:00\" \/>\n<meta property=\"og:image\" content=\"https:\/\/lappis.org.br\/site\/wp-content\/uploads\/2015\/06\/lappis_15_anos_destaque.jpg\" \/>\n\t<meta property=\"og:image:width\" content=\"555\" \/>\n\t<meta property=\"og:image:height\" content=\"355\" \/>\n\t<meta property=\"og:image:type\" content=\"image\/jpeg\" \/>\n<meta name=\"author\" content=\"fw2\" \/>\n<meta name=\"twitter:card\" content=\"summary_large_image\" \/>\n<meta name=\"twitter:label1\" content=\"Escrito por\" \/>\n\t<meta name=\"twitter:data1\" content=\"fw2\" \/>\n\t<meta name=\"twitter:label2\" content=\"Est. tempo de leitura\" \/>\n\t<meta name=\"twitter:data2\" content=\"3 minutos\" \/>\n<script type=\"application\/ld+json\" class=\"yoast-schema-graph\">{\"@context\":\"https:\/\/schema.org\",\"@graph\":[{\"@type\":\"Article\",\"@id\":\"https:\/\/lappis.org.br\/site\/xv-seminario-integralidade-edicao-multicentrica-centro-oeste-comeca-na-proxima-semana\/3262#article\",\"isPartOf\":{\"@id\":\"https:\/\/lappis.org.br\/site\/xv-seminario-integralidade-edicao-multicentrica-centro-oeste-comeca-na-proxima-semana\/3262\"},\"author\":{\"name\":\"fw2\",\"@id\":\"https:\/\/lappis.org.br\/site\/#\/schema\/person\/3852381d08284b5e2716b20bd89bdbcf\"},\"headline\":\"XV Semin\u00e1rio Integralidade edi\u00e7\u00e3o multic\u00eantrica Centro-Oeste inicia atividades pr\u00e9vias\",\"datePublished\":\"2015-06-26T10:20:08+00:00\",\"dateModified\":\"2017-08-23T13:25:21+00:00\",\"mainEntityOfPage\":{\"@id\":\"https:\/\/lappis.org.br\/site\/xv-seminario-integralidade-edicao-multicentrica-centro-oeste-comeca-na-proxima-semana\/3262\"},\"wordCount\":567,\"commentCount\":0,\"publisher\":{\"@id\":\"https:\/\/lappis.org.br\/site\/#organization\"},\"image\":{\"@id\":\"https:\/\/lappis.org.br\/site\/xv-seminario-integralidade-edicao-multicentrica-centro-oeste-comeca-na-proxima-semana\/3262#primaryimage\"},\"thumbnailUrl\":\"https:\/\/lappis.org.br\/site\/wp-content\/uploads\/2015\/06\/lappis_15_anos_destaque.jpg\",\"articleSection\":[\"Not\u00edcias - XV Semin\u00e1rio\"],\"inLanguage\":\"pt-BR\",\"potentialAction\":[{\"@type\":\"CommentAction\",\"name\":\"Comment\",\"target\":[\"https:\/\/lappis.org.br\/site\/xv-seminario-integralidade-edicao-multicentrica-centro-oeste-comeca-na-proxima-semana\/3262#respond\"]}]},{\"@type\":\"WebPage\",\"@id\":\"https:\/\/lappis.org.br\/site\/xv-seminario-integralidade-edicao-multicentrica-centro-oeste-comeca-na-proxima-semana\/3262\",\"url\":\"https:\/\/lappis.org.br\/site\/xv-seminario-integralidade-edicao-multicentrica-centro-oeste-comeca-na-proxima-semana\/3262\",\"name\":\"XV Semin\u00e1rio Integralidade edi\u00e7\u00e3o multic\u00eantrica Centro-Oeste inicia atividades pr\u00e9vias - Lappis 25 anos\",\"isPartOf\":{\"@id\":\"https:\/\/lappis.org.br\/site\/#website\"},\"primaryImageOfPage\":{\"@id\":\"https:\/\/lappis.org.br\/site\/xv-seminario-integralidade-edicao-multicentrica-centro-oeste-comeca-na-proxima-semana\/3262#primaryimage\"},\"image\":{\"@id\":\"https:\/\/lappis.org.br\/site\/xv-seminario-integralidade-edicao-multicentrica-centro-oeste-comeca-na-proxima-semana\/3262#primaryimage\"},\"thumbnailUrl\":\"https:\/\/lappis.org.br\/site\/wp-content\/uploads\/2015\/06\/lappis_15_anos_destaque.jpg\",\"datePublished\":\"2015-06-26T10:20:08+00:00\",\"dateModified\":\"2017-08-23T13:25:21+00:00\",\"breadcrumb\":{\"@id\":\"https:\/\/lappis.org.br\/site\/xv-seminario-integralidade-edicao-multicentrica-centro-oeste-comeca-na-proxima-semana\/3262#breadcrumb\"},\"inLanguage\":\"pt-BR\",\"potentialAction\":[{\"@type\":\"ReadAction\",\"target\":[\"https:\/\/lappis.org.br\/site\/xv-seminario-integralidade-edicao-multicentrica-centro-oeste-comeca-na-proxima-semana\/3262\"]}]},{\"@type\":\"ImageObject\",\"inLanguage\":\"pt-BR\",\"@id\":\"https:\/\/lappis.org.br\/site\/xv-seminario-integralidade-edicao-multicentrica-centro-oeste-comeca-na-proxima-semana\/3262#primaryimage\",\"url\":\"https:\/\/lappis.org.br\/site\/wp-content\/uploads\/2015\/06\/lappis_15_anos_destaque.jpg\",\"contentUrl\":\"https:\/\/lappis.org.br\/site\/wp-content\/uploads\/2015\/06\/lappis_15_anos_destaque.jpg\",\"width\":555,\"height\":355,\"caption\":\"lappis 15 anos destaque\"},{\"@type\":\"BreadcrumbList\",\"@id\":\"https:\/\/lappis.org.br\/site\/xv-seminario-integralidade-edicao-multicentrica-centro-oeste-comeca-na-proxima-semana\/3262#breadcrumb\",\"itemListElement\":[{\"@type\":\"ListItem\",\"position\":1,\"name\":\"In\u00edcio\",\"item\":\"https:\/\/lappis.org.br\/site\/\"},{\"@type\":\"ListItem\",\"position\":2,\"name\":\"XV Semin\u00e1rio Integralidade edi\u00e7\u00e3o multic\u00eantrica Centro-Oeste inicia atividades pr\u00e9vias\"}]},{\"@type\":\"WebSite\",\"@id\":\"https:\/\/lappis.org.br\/site\/#website\",\"url\":\"https:\/\/lappis.org.br\/site\/\",\"name\":\"Lappis 25 anos\",\"description\":\"Labotat\u00f3rio de Pesquisas sobre Pr\u00e1ticas de Integralidade em Sa\u00fade\",\"publisher\":{\"@id\":\"https:\/\/lappis.org.br\/site\/#organization\"},\"potentialAction\":[{\"@type\":\"SearchAction\",\"target\":{\"@type\":\"EntryPoint\",\"urlTemplate\":\"https:\/\/lappis.org.br\/site\/?s={search_term_string}\"},\"query-input\":{\"@type\":\"PropertyValueSpecification\",\"valueRequired\":true,\"valueName\":\"search_term_string\"}}],\"inLanguage\":\"pt-BR\"},{\"@type\":\"Organization\",\"@id\":\"https:\/\/lappis.org.br\/site\/#organization\",\"name\":\"Lappis 25 anos\",\"url\":\"https:\/\/lappis.org.br\/site\/\",\"logo\":{\"@type\":\"ImageObject\",\"inLanguage\":\"pt-BR\",\"@id\":\"https:\/\/lappis.org.br\/site\/#\/schema\/logo\/image\/\",\"url\":\"https:\/\/lappis.org.br\/site\/wp-content\/uploads\/2025\/03\/logo-lappis25anos.png\",\"contentUrl\":\"https:\/\/lappis.org.br\/site\/wp-content\/uploads\/2025\/03\/logo-lappis25anos.png\",\"width\":388,\"height\":146,\"caption\":\"Lappis 25 anos\"},\"image\":{\"@id\":\"https:\/\/lappis.org.br\/site\/#\/schema\/logo\/image\/\"}},{\"@type\":\"Person\",\"@id\":\"https:\/\/lappis.org.br\/site\/#\/schema\/person\/3852381d08284b5e2716b20bd89bdbcf\",\"name\":\"fw2\",\"image\":{\"@type\":\"ImageObject\",\"inLanguage\":\"pt-BR\",\"@id\":\"https:\/\/lappis.org.br\/site\/#\/schema\/person\/image\/\",\"url\":\"https:\/\/secure.gravatar.com\/avatar\/c38472c0cdbde82d9b6fcc26adb3779d?s=96&d=mm&r=g\",\"contentUrl\":\"https:\/\/secure.gravatar.com\/avatar\/c38472c0cdbde82d9b6fcc26adb3779d?s=96&d=mm&r=g\",\"caption\":\"fw2\"},\"url\":\"https:\/\/lappis.org.br\/site\/author\/fw2\"}]}<\/script>\n<!-- \/ Yoast SEO plugin. -->","yoast_head_json":{"title":"XV Semin\u00e1rio Integralidade edi\u00e7\u00e3o multic\u00eantrica Centro-Oeste inicia atividades pr\u00e9vias - Lappis 25 anos","robots":{"index":"index","follow":"follow","max-snippet":"max-snippet:-1","max-image-preview":"max-image-preview:large","max-video-preview":"max-video-preview:-1"},"canonical":"https:\/\/lappis.org.br\/site\/xv-seminario-integralidade-edicao-multicentrica-centro-oeste-comeca-na-proxima-semana\/3262","og_locale":"pt_BR","og_type":"article","og_title":"XV Semin\u00e1rio Integralidade edi\u00e7\u00e3o multic\u00eantrica Centro-Oeste inicia atividades pr\u00e9vias - Lappis 25 anos","og_description":"Debates na Universidade de Bras\u00edlia t\u00eam in\u00edcio na manh\u00e3 de segunda, abertura do Semin\u00e1rio \u00e9 na quarta. [...]","og_url":"https:\/\/lappis.org.br\/site\/xv-seminario-integralidade-edicao-multicentrica-centro-oeste-comeca-na-proxima-semana\/3262","og_site_name":"Lappis 25 anos","article_published_time":"2015-06-26T10:20:08+00:00","article_modified_time":"2017-08-23T13:25:21+00:00","og_image":[{"width":555,"height":355,"url":"https:\/\/lappis.org.br\/site\/wp-content\/uploads\/2015\/06\/lappis_15_anos_destaque.jpg","type":"image\/jpeg"}],"author":"fw2","twitter_card":"summary_large_image","twitter_misc":{"Escrito por":"fw2","Est. tempo de leitura":"3 minutos"},"schema":{"@context":"https:\/\/schema.org","@graph":[{"@type":"Article","@id":"https:\/\/lappis.org.br\/site\/xv-seminario-integralidade-edicao-multicentrica-centro-oeste-comeca-na-proxima-semana\/3262#article","isPartOf":{"@id":"https:\/\/lappis.org.br\/site\/xv-seminario-integralidade-edicao-multicentrica-centro-oeste-comeca-na-proxima-semana\/3262"},"author":{"name":"fw2","@id":"https:\/\/lappis.org.br\/site\/#\/schema\/person\/3852381d08284b5e2716b20bd89bdbcf"},"headline":"XV Semin\u00e1rio Integralidade edi\u00e7\u00e3o multic\u00eantrica Centro-Oeste inicia atividades pr\u00e9vias","datePublished":"2015-06-26T10:20:08+00:00","dateModified":"2017-08-23T13:25:21+00:00","mainEntityOfPage":{"@id":"https:\/\/lappis.org.br\/site\/xv-seminario-integralidade-edicao-multicentrica-centro-oeste-comeca-na-proxima-semana\/3262"},"wordCount":567,"commentCount":0,"publisher":{"@id":"https:\/\/lappis.org.br\/site\/#organization"},"image":{"@id":"https:\/\/lappis.org.br\/site\/xv-seminario-integralidade-edicao-multicentrica-centro-oeste-comeca-na-proxima-semana\/3262#primaryimage"},"thumbnailUrl":"https:\/\/lappis.org.br\/site\/wp-content\/uploads\/2015\/06\/lappis_15_anos_destaque.jpg","articleSection":["Not\u00edcias - XV Semin\u00e1rio"],"inLanguage":"pt-BR","potentialAction":[{"@type":"CommentAction","name":"Comment","target":["https:\/\/lappis.org.br\/site\/xv-seminario-integralidade-edicao-multicentrica-centro-oeste-comeca-na-proxima-semana\/3262#respond"]}]},{"@type":"WebPage","@id":"https:\/\/lappis.org.br\/site\/xv-seminario-integralidade-edicao-multicentrica-centro-oeste-comeca-na-proxima-semana\/3262","url":"https:\/\/lappis.org.br\/site\/xv-seminario-integralidade-edicao-multicentrica-centro-oeste-comeca-na-proxima-semana\/3262","name":"XV Semin\u00e1rio Integralidade edi\u00e7\u00e3o multic\u00eantrica Centro-Oeste inicia atividades pr\u00e9vias - Lappis 25 anos","isPartOf":{"@id":"https:\/\/lappis.org.br\/site\/#website"},"primaryImageOfPage":{"@id":"https:\/\/lappis.org.br\/site\/xv-seminario-integralidade-edicao-multicentrica-centro-oeste-comeca-na-proxima-semana\/3262#primaryimage"},"image":{"@id":"https:\/\/lappis.org.br\/site\/xv-seminario-integralidade-edicao-multicentrica-centro-oeste-comeca-na-proxima-semana\/3262#primaryimage"},"thumbnailUrl":"https:\/\/lappis.org.br\/site\/wp-content\/uploads\/2015\/06\/lappis_15_anos_destaque.jpg","datePublished":"2015-06-26T10:20:08+00:00","dateModified":"2017-08-23T13:25:21+00:00","breadcrumb":{"@id":"https:\/\/lappis.org.br\/site\/xv-seminario-integralidade-edicao-multicentrica-centro-oeste-comeca-na-proxima-semana\/3262#breadcrumb"},"inLanguage":"pt-BR","potentialAction":[{"@type":"ReadAction","target":["https:\/\/lappis.org.br\/site\/xv-seminario-integralidade-edicao-multicentrica-centro-oeste-comeca-na-proxima-semana\/3262"]}]},{"@type":"ImageObject","inLanguage":"pt-BR","@id":"https:\/\/lappis.org.br\/site\/xv-seminario-integralidade-edicao-multicentrica-centro-oeste-comeca-na-proxima-semana\/3262#primaryimage","url":"https:\/\/lappis.org.br\/site\/wp-content\/uploads\/2015\/06\/lappis_15_anos_destaque.jpg","contentUrl":"https:\/\/lappis.org.br\/site\/wp-content\/uploads\/2015\/06\/lappis_15_anos_destaque.jpg","width":555,"height":355,"caption":"lappis 15 anos destaque"},{"@type":"BreadcrumbList","@id":"https:\/\/lappis.org.br\/site\/xv-seminario-integralidade-edicao-multicentrica-centro-oeste-comeca-na-proxima-semana\/3262#breadcrumb","itemListElement":[{"@type":"ListItem","position":1,"name":"In\u00edcio","item":"https:\/\/lappis.org.br\/site\/"},{"@type":"ListItem","position":2,"name":"XV Semin\u00e1rio Integralidade edi\u00e7\u00e3o multic\u00eantrica Centro-Oeste inicia atividades pr\u00e9vias"}]},{"@type":"WebSite","@id":"https:\/\/lappis.org.br\/site\/#website","url":"https:\/\/lappis.org.br\/site\/","name":"Lappis 25 anos","description":"Labotat\u00f3rio de Pesquisas sobre Pr\u00e1ticas de Integralidade em Sa\u00fade","publisher":{"@id":"https:\/\/lappis.org.br\/site\/#organization"},"potentialAction":[{"@type":"SearchAction","target":{"@type":"EntryPoint","urlTemplate":"https:\/\/lappis.org.br\/site\/?s={search_term_string}"},"query-input":{"@type":"PropertyValueSpecification","valueRequired":true,"valueName":"search_term_string"}}],"inLanguage":"pt-BR"},{"@type":"Organization","@id":"https:\/\/lappis.org.br\/site\/#organization","name":"Lappis 25 anos","url":"https:\/\/lappis.org.br\/site\/","logo":{"@type":"ImageObject","inLanguage":"pt-BR","@id":"https:\/\/lappis.org.br\/site\/#\/schema\/logo\/image\/","url":"https:\/\/lappis.org.br\/site\/wp-content\/uploads\/2025\/03\/logo-lappis25anos.png","contentUrl":"https:\/\/lappis.org.br\/site\/wp-content\/uploads\/2025\/03\/logo-lappis25anos.png","width":388,"height":146,"caption":"Lappis 25 anos"},"image":{"@id":"https:\/\/lappis.org.br\/site\/#\/schema\/logo\/image\/"}},{"@type":"Person","@id":"https:\/\/lappis.org.br\/site\/#\/schema\/person\/3852381d08284b5e2716b20bd89bdbcf","name":"fw2","image":{"@type":"ImageObject","inLanguage":"pt-BR","@id":"https:\/\/lappis.org.br\/site\/#\/schema\/person\/image\/","url":"https:\/\/secure.gravatar.com\/avatar\/c38472c0cdbde82d9b6fcc26adb3779d?s=96&d=mm&r=g","contentUrl":"https:\/\/secure.gravatar.com\/avatar\/c38472c0cdbde82d9b6fcc26adb3779d?s=96&d=mm&r=g","caption":"fw2"},"url":"https:\/\/lappis.org.br\/site\/author\/fw2"}]}},"jetpack_featured_media_url":"https:\/\/lappis.org.br\/site\/wp-content\/uploads\/2015\/06\/lappis_15_anos_destaque.jpg","jetpack_shortlink":"https:\/\/wp.me\/p954Nh-QC","jetpack_sharing_enabled":true,"_links":{"self":[{"href":"https:\/\/lappis.org.br\/site\/wp-json\/wp\/v2\/posts\/3262"}],"collection":[{"href":"https:\/\/lappis.org.br\/site\/wp-json\/wp\/v2\/posts"}],"about":[{"href":"https:\/\/lappis.org.br\/site\/wp-json\/wp\/v2\/types\/post"}],"author":[{"embeddable":true,"href":"https:\/\/lappis.org.br\/site\/wp-json\/wp\/v2\/users\/1"}],"replies":[{"embeddable":true,"href":"https:\/\/lappis.org.br\/site\/wp-json\/wp\/v2\/comments?post=3262"}],"version-history":[{"count":1,"href":"https:\/\/lappis.org.br\/site\/wp-json\/wp\/v2\/posts\/3262\/revisions"}],"predecessor-version":[{"id":3742,"href":"https:\/\/lappis.org.br\/site\/wp-json\/wp\/v2\/posts\/3262\/revisions\/3742"}],"wp:featuredmedia":[{"embeddable":true,"href":"https:\/\/lappis.org.br\/site\/wp-json\/wp\/v2\/media\/3261"}],"wp:attachment":[{"href":"https:\/\/lappis.org.br\/site\/wp-json\/wp\/v2\/media?parent=3262"}],"wp:term":[{"taxonomy":"category","embeddable":true,"href":"https:\/\/lappis.org.br\/site\/wp-json\/wp\/v2\/categories?post=3262"},{"taxonomy":"post_tag","embeddable":true,"href":"https:\/\/lappis.org.br\/site\/wp-json\/wp\/v2\/tags?post=3262"}],"curies":[{"name":"wp","href":"https:\/\/api.w.org\/{rel}","templated":true}]}}