{"id":3138,"date":"2015-01-22T17:36:24","date_gmt":"2015-01-22T19:36:24","guid":{"rendered":"http:\/\/lappis.org.br\/site\/2015\/01\/22\/informacoes-gerais-direitos-saude-2015\/"},"modified":"2015-01-22T17:36:24","modified_gmt":"2015-01-22T19:36:24","slug":"informacoes-gerais-direitos-saude-2015","status":"publish","type":"post","link":"https:\/\/lappis.org.br\/site\/informacoes-gerais-direitos-saude-2015\/3138","title":{"rendered":"Informa\u00e7\u00f5es gerais"},"content":{"rendered":"<p><img decoding=\"async\" data-attachment-id=\"3137\" data-permalink=\"https:\/\/lappis.org.br\/site\/informacoes-gerais-direitos-saude-2015\/3138\/attachment-unnamed\" data-orig-file=\"https:\/\/lappis.org.br\/site\/wp-content\/uploads\/2015\/01\/unnamed.png\" data-orig-size=\"400,100\" data-comments-opened=\"1\" data-image-meta=\"{&quot;aperture&quot;:&quot;0&quot;,&quot;credit&quot;:&quot;&quot;,&quot;camera&quot;:&quot;&quot;,&quot;caption&quot;:&quot;&quot;,&quot;created_timestamp&quot;:&quot;0&quot;,&quot;copyright&quot;:&quot;&quot;,&quot;focal_length&quot;:&quot;0&quot;,&quot;iso&quot;:&quot;0&quot;,&quot;shutter_speed&quot;:&quot;0&quot;,&quot;title&quot;:&quot;&quot;,&quot;orientation&quot;:&quot;0&quot;}\" data-image-title=\"unnamed\" data-image-description=\"\" data-image-caption=\"\" data-medium-file=\"https:\/\/lappis.org.br\/site\/wp-content\/uploads\/2015\/01\/unnamed-300x75.png\" data-large-file=\"https:\/\/lappis.org.br\/site\/wp-content\/uploads\/2015\/01\/unnamed.png\" class=\" size-full wp-image-3137\" style=\"display: block; margin-left: auto; margin-right: auto;\" src=\"http:\/\/lappis.org.br\/site\/wp-content\/uploads\/2015\/01\/unnamed.png\" alt=\"\" width=\"400\" height=\"100\" srcset=\"https:\/\/lappis.org.br\/site\/wp-content\/uploads\/2015\/01\/unnamed.png 400w, https:\/\/lappis.org.br\/site\/wp-content\/uploads\/2015\/01\/unnamed-300x75.png 300w\" sizes=\"(max-width: 400px) 100vw, 400px\" \/><\/p>\n<p>&nbsp;<\/p>\n<p>O LAPPIS organiza o Simp\u00f3sio <strong><em>Direito e Sa\u00fade \u2013 Di\u00e1logos Interdisciplinares Latinoamericanos<\/em><\/strong>, que ocorrer\u00e1 dentro do \u201cCongresso Internacional do Conhecimento, nos dias 9 a 12 de outubro de 2015, em Santiago, no Chile.<\/p>\n<p>O simp\u00f3sio tem como objetivo analisar criticamente um conjunto de sentidos e conte\u00fados atribu\u00eddos ao direito \u00e0 sa\u00fade na Am\u00e9rica Latina, buscando identificar nexos constituintes do processo de efetiva\u00e7\u00e3o deste direito pelas diversas institui\u00e7\u00f5es jur\u00eddicas, pol\u00edticas e sociais. Considerando a relev\u00e2ncia desta tem\u00e1tica para a \u00e1rea da pol\u00edtica, planejamento e administra\u00e7\u00e3o em sa\u00fade, estima-se examinar os conflitos, pactos e negocia\u00e7\u00f5es que subjazem \u00e0 garantia do direito \u00e0 sa\u00fade, no sentido de refletir sobre seus elementos constituintes, instrumentos institucionais de efetiva\u00e7\u00e3o, argumentos jur\u00eddicos de restri\u00e7\u00e3o e amplia\u00e7\u00e3o, etc. Para tal, o simp\u00f3sio debru\u00e7ar\u00e1 seu olhar tanto para a sa\u00fade p\u00fablica \u2013 prestada pelo Estado -, quanto para a sa\u00fade suplementar \u2013 prestada pelos planos privados.<\/p>\n<p>A iniciativa do simp\u00f3sio conta com a coordena\u00e7\u00e3o de Felipe Dutra Asensi (Instituto de Medicina Social \u2013 UERJ), Roseni Pinheiro (Instituto de Medicina Social \u2013 UERJ) e Paula Lucia Ar\u00e9valo Mutiz (Facultad de Derecho, Ciencia Pol\u00edtica y Relaciones Internacionales \u2013 Fundaci\u00f3n Universitaria Los Libertadores, Col\u00f4mbia).<\/p>\n<p>Em sua 4<sup>a<\/sup> edi\u00e7\u00e3o, o \u201cCongresso Internacional do Conhecimento\u201d ocorrer\u00e1 na Universidade de Santiago do Chile e se prop\u00f5e em ser um grande encontro acad\u00eamico de exposi\u00e7\u00e3o e di\u00e1logo interdisciplinar abrangendo Ci\u00eancias, Tecnologias e Culturas. O encontro busca fomentar a discuss\u00e3o sobre a tarefa intelectual em rela\u00e7\u00e3o ao futuro latino-americano e do mundo, se realizando como produto das redes intelectuais j\u00e1 existentes para fortalec\u00ea-las e ampli\u00e1-las, assegurando a proje\u00e7\u00e3o de uma sociedade civil intelectual inserida nas discuss\u00f5es contempor\u00e2neas.&nbsp;<\/p>\n","protected":false},"excerpt":{"rendered":"<div class=\"mh-excerpt\"><p>&nbsp; O LAPPIS organiza o Simp\u00f3sio Direito e Sa\u00fade \u2013 Di\u00e1logos Interdisciplinares Latinoamericanos, que ocorrer\u00e1 dentro do \u201cCongresso Internacional do Conhecimento, nos dias 9 a 12 de outubro de 2015, em Santiago, no Chile. O <a class=\"mh-excerpt-more\" href=\"https:\/\/lappis.org.br\/site\/informacoes-gerais-direitos-saude-2015\/3138\" title=\"Informa\u00e7\u00f5es gerais\">[&#8230;]<\/a><\/p>\n<\/div>","protected":false},"author":1,"featured_media":3137,"comment_status":"open","ping_status":"open","sticky":false,"template":"","format":"standard","meta":{"_acf_changed":false,"_exactmetrics_skip_tracking":false,"_exactmetrics_sitenote_active":false,"_exactmetrics_sitenote_note":"","_exactmetrics_sitenote_category":0,"jetpack_post_was_ever_published":false,"_jetpack_newsletter_access":"","_jetpack_dont_email_post_to_subs":false,"_jetpack_newsletter_tier_id":0,"_jetpack_memberships_contains_paywalled_content":false,"_jetpack_memberships_contains_paid_content":false,"footnotes":"","jetpack_publicize_message":"","jetpack_publicize_feature_enabled":true,"jetpack_social_post_already_shared":false,"jetpack_social_options":{"image_generator_settings":{"template":"highway","enabled":false},"version":2}},"categories":[81],"tags":[],"class_list":{"0":"post-3138","1":"post","2":"type-post","3":"status-publish","4":"format-standard","5":"has-post-thumbnail","7":"category-simposio-direito-e-saude-2015"},"jetpack_publicize_connections":[],"acf":[],"yoast_head":"<!-- This site is optimized with the Yoast SEO plugin v25.2 - https:\/\/yoast.com\/wordpress\/plugins\/seo\/ -->\n<title>Informa\u00e7\u00f5es gerais - Lappis 25 anos<\/title>\n<meta name=\"robots\" content=\"index, follow, max-snippet:-1, max-image-preview:large, max-video-preview:-1\" \/>\n<link rel=\"canonical\" href=\"https:\/\/lappis.org.br\/site\/informacoes-gerais-direitos-saude-2015\/3138\" \/>\n<meta property=\"og:locale\" content=\"pt_BR\" \/>\n<meta property=\"og:type\" content=\"article\" \/>\n<meta property=\"og:title\" content=\"Informa\u00e7\u00f5es gerais - Lappis 25 anos\" \/>\n<meta property=\"og:description\" content=\"&nbsp; O LAPPIS organiza o Simp\u00f3sio Direito e Sa\u00fade \u2013 Di\u00e1logos Interdisciplinares Latinoamericanos, que ocorrer\u00e1 dentro do \u201cCongresso Internacional do Conhecimento, nos dias 9 a 12 de outubro de 2015, em Santiago, no Chile. O [...]\" \/>\n<meta property=\"og:url\" content=\"https:\/\/lappis.org.br\/site\/informacoes-gerais-direitos-saude-2015\/3138\" \/>\n<meta property=\"og:site_name\" content=\"Lappis 25 anos\" \/>\n<meta property=\"article:published_time\" content=\"2015-01-22T19:36:24+00:00\" \/>\n<meta property=\"og:image\" content=\"https:\/\/lappis.org.br\/site\/wp-content\/uploads\/2015\/01\/unnamed.png\" \/>\n\t<meta property=\"og:image:width\" content=\"400\" \/>\n\t<meta property=\"og:image:height\" content=\"100\" \/>\n\t<meta property=\"og:image:type\" content=\"image\/png\" \/>\n<meta name=\"author\" content=\"fw2\" \/>\n<meta name=\"twitter:card\" content=\"summary_large_image\" \/>\n<meta name=\"twitter:label1\" content=\"Escrito por\" \/>\n\t<meta name=\"twitter:data1\" content=\"fw2\" \/>\n\t<meta name=\"twitter:label2\" content=\"Est. tempo de leitura\" \/>\n\t<meta name=\"twitter:data2\" content=\"2 minutos\" \/>\n<script type=\"application\/ld+json\" class=\"yoast-schema-graph\">{\"@context\":\"https:\/\/schema.org\",\"@graph\":[{\"@type\":\"Article\",\"@id\":\"https:\/\/lappis.org.br\/site\/informacoes-gerais-direitos-saude-2015\/3138#article\",\"isPartOf\":{\"@id\":\"https:\/\/lappis.org.br\/site\/informacoes-gerais-direitos-saude-2015\/3138\"},\"author\":{\"name\":\"fw2\",\"@id\":\"https:\/\/lappis.org.br\/site\/#\/schema\/person\/3852381d08284b5e2716b20bd89bdbcf\"},\"headline\":\"Informa\u00e7\u00f5es gerais\",\"datePublished\":\"2015-01-22T19:36:24+00:00\",\"mainEntityOfPage\":{\"@id\":\"https:\/\/lappis.org.br\/site\/informacoes-gerais-direitos-saude-2015\/3138\"},\"wordCount\":310,\"commentCount\":0,\"publisher\":{\"@id\":\"https:\/\/lappis.org.br\/site\/#organization\"},\"image\":{\"@id\":\"https:\/\/lappis.org.br\/site\/informacoes-gerais-direitos-saude-2015\/3138#primaryimage\"},\"thumbnailUrl\":\"https:\/\/lappis.org.br\/site\/wp-content\/uploads\/2015\/01\/unnamed.png\",\"articleSection\":[\"Simp\u00f3sio Direito e Sa\u00fade - 2015\"],\"inLanguage\":\"pt-BR\",\"potentialAction\":[{\"@type\":\"CommentAction\",\"name\":\"Comment\",\"target\":[\"https:\/\/lappis.org.br\/site\/informacoes-gerais-direitos-saude-2015\/3138#respond\"]}]},{\"@type\":\"WebPage\",\"@id\":\"https:\/\/lappis.org.br\/site\/informacoes-gerais-direitos-saude-2015\/3138\",\"url\":\"https:\/\/lappis.org.br\/site\/informacoes-gerais-direitos-saude-2015\/3138\",\"name\":\"Informa\u00e7\u00f5es gerais - Lappis 25 anos\",\"isPartOf\":{\"@id\":\"https:\/\/lappis.org.br\/site\/#website\"},\"primaryImageOfPage\":{\"@id\":\"https:\/\/lappis.org.br\/site\/informacoes-gerais-direitos-saude-2015\/3138#primaryimage\"},\"image\":{\"@id\":\"https:\/\/lappis.org.br\/site\/informacoes-gerais-direitos-saude-2015\/3138#primaryimage\"},\"thumbnailUrl\":\"https:\/\/lappis.org.br\/site\/wp-content\/uploads\/2015\/01\/unnamed.png\",\"datePublished\":\"2015-01-22T19:36:24+00:00\",\"breadcrumb\":{\"@id\":\"https:\/\/lappis.org.br\/site\/informacoes-gerais-direitos-saude-2015\/3138#breadcrumb\"},\"inLanguage\":\"pt-BR\",\"potentialAction\":[{\"@type\":\"ReadAction\",\"target\":[\"https:\/\/lappis.org.br\/site\/informacoes-gerais-direitos-saude-2015\/3138\"]}]},{\"@type\":\"ImageObject\",\"inLanguage\":\"pt-BR\",\"@id\":\"https:\/\/lappis.org.br\/site\/informacoes-gerais-direitos-saude-2015\/3138#primaryimage\",\"url\":\"https:\/\/lappis.org.br\/site\/wp-content\/uploads\/2015\/01\/unnamed.png\",\"contentUrl\":\"https:\/\/lappis.org.br\/site\/wp-content\/uploads\/2015\/01\/unnamed.png\",\"width\":400,\"height\":100},{\"@type\":\"BreadcrumbList\",\"@id\":\"https:\/\/lappis.org.br\/site\/informacoes-gerais-direitos-saude-2015\/3138#breadcrumb\",\"itemListElement\":[{\"@type\":\"ListItem\",\"position\":1,\"name\":\"In\u00edcio\",\"item\":\"https:\/\/lappis.org.br\/site\/\"},{\"@type\":\"ListItem\",\"position\":2,\"name\":\"Informa\u00e7\u00f5es gerais\"}]},{\"@type\":\"WebSite\",\"@id\":\"https:\/\/lappis.org.br\/site\/#website\",\"url\":\"https:\/\/lappis.org.br\/site\/\",\"name\":\"Lappis 25 anos\",\"description\":\"Labotat\u00f3rio de Pesquisas sobre Pr\u00e1ticas de Integralidade em Sa\u00fade\",\"publisher\":{\"@id\":\"https:\/\/lappis.org.br\/site\/#organization\"},\"potentialAction\":[{\"@type\":\"SearchAction\",\"target\":{\"@type\":\"EntryPoint\",\"urlTemplate\":\"https:\/\/lappis.org.br\/site\/?s={search_term_string}\"},\"query-input\":{\"@type\":\"PropertyValueSpecification\",\"valueRequired\":true,\"valueName\":\"search_term_string\"}}],\"inLanguage\":\"pt-BR\"},{\"@type\":\"Organization\",\"@id\":\"https:\/\/lappis.org.br\/site\/#organization\",\"name\":\"Lappis 25 anos\",\"url\":\"https:\/\/lappis.org.br\/site\/\",\"logo\":{\"@type\":\"ImageObject\",\"inLanguage\":\"pt-BR\",\"@id\":\"https:\/\/lappis.org.br\/site\/#\/schema\/logo\/image\/\",\"url\":\"https:\/\/lappis.org.br\/site\/wp-content\/uploads\/2025\/03\/logo-lappis25anos.png\",\"contentUrl\":\"https:\/\/lappis.org.br\/site\/wp-content\/uploads\/2025\/03\/logo-lappis25anos.png\",\"width\":388,\"height\":146,\"caption\":\"Lappis 25 anos\"},\"image\":{\"@id\":\"https:\/\/lappis.org.br\/site\/#\/schema\/logo\/image\/\"}},{\"@type\":\"Person\",\"@id\":\"https:\/\/lappis.org.br\/site\/#\/schema\/person\/3852381d08284b5e2716b20bd89bdbcf\",\"name\":\"fw2\",\"image\":{\"@type\":\"ImageObject\",\"inLanguage\":\"pt-BR\",\"@id\":\"https:\/\/lappis.org.br\/site\/#\/schema\/person\/image\/\",\"url\":\"https:\/\/secure.gravatar.com\/avatar\/c38472c0cdbde82d9b6fcc26adb3779d?s=96&d=mm&r=g\",\"contentUrl\":\"https:\/\/secure.gravatar.com\/avatar\/c38472c0cdbde82d9b6fcc26adb3779d?s=96&d=mm&r=g\",\"caption\":\"fw2\"},\"url\":\"https:\/\/lappis.org.br\/site\/author\/fw2\"}]}<\/script>\n<!-- \/ Yoast SEO plugin. -->","yoast_head_json":{"title":"Informa\u00e7\u00f5es gerais - Lappis 25 anos","robots":{"index":"index","follow":"follow","max-snippet":"max-snippet:-1","max-image-preview":"max-image-preview:large","max-video-preview":"max-video-preview:-1"},"canonical":"https:\/\/lappis.org.br\/site\/informacoes-gerais-direitos-saude-2015\/3138","og_locale":"pt_BR","og_type":"article","og_title":"Informa\u00e7\u00f5es gerais - Lappis 25 anos","og_description":"&nbsp; O LAPPIS organiza o Simp\u00f3sio Direito e Sa\u00fade \u2013 Di\u00e1logos Interdisciplinares Latinoamericanos, que ocorrer\u00e1 dentro do \u201cCongresso Internacional do Conhecimento, nos dias 9 a 12 de outubro de 2015, em Santiago, no Chile. O [...]","og_url":"https:\/\/lappis.org.br\/site\/informacoes-gerais-direitos-saude-2015\/3138","og_site_name":"Lappis 25 anos","article_published_time":"2015-01-22T19:36:24+00:00","og_image":[{"width":400,"height":100,"url":"https:\/\/lappis.org.br\/site\/wp-content\/uploads\/2015\/01\/unnamed.png","type":"image\/png"}],"author":"fw2","twitter_card":"summary_large_image","twitter_misc":{"Escrito por":"fw2","Est. tempo de leitura":"2 minutos"},"schema":{"@context":"https:\/\/schema.org","@graph":[{"@type":"Article","@id":"https:\/\/lappis.org.br\/site\/informacoes-gerais-direitos-saude-2015\/3138#article","isPartOf":{"@id":"https:\/\/lappis.org.br\/site\/informacoes-gerais-direitos-saude-2015\/3138"},"author":{"name":"fw2","@id":"https:\/\/lappis.org.br\/site\/#\/schema\/person\/3852381d08284b5e2716b20bd89bdbcf"},"headline":"Informa\u00e7\u00f5es gerais","datePublished":"2015-01-22T19:36:24+00:00","mainEntityOfPage":{"@id":"https:\/\/lappis.org.br\/site\/informacoes-gerais-direitos-saude-2015\/3138"},"wordCount":310,"commentCount":0,"publisher":{"@id":"https:\/\/lappis.org.br\/site\/#organization"},"image":{"@id":"https:\/\/lappis.org.br\/site\/informacoes-gerais-direitos-saude-2015\/3138#primaryimage"},"thumbnailUrl":"https:\/\/lappis.org.br\/site\/wp-content\/uploads\/2015\/01\/unnamed.png","articleSection":["Simp\u00f3sio Direito e Sa\u00fade - 2015"],"inLanguage":"pt-BR","potentialAction":[{"@type":"CommentAction","name":"Comment","target":["https:\/\/lappis.org.br\/site\/informacoes-gerais-direitos-saude-2015\/3138#respond"]}]},{"@type":"WebPage","@id":"https:\/\/lappis.org.br\/site\/informacoes-gerais-direitos-saude-2015\/3138","url":"https:\/\/lappis.org.br\/site\/informacoes-gerais-direitos-saude-2015\/3138","name":"Informa\u00e7\u00f5es gerais - Lappis 25 anos","isPartOf":{"@id":"https:\/\/lappis.org.br\/site\/#website"},"primaryImageOfPage":{"@id":"https:\/\/lappis.org.br\/site\/informacoes-gerais-direitos-saude-2015\/3138#primaryimage"},"image":{"@id":"https:\/\/lappis.org.br\/site\/informacoes-gerais-direitos-saude-2015\/3138#primaryimage"},"thumbnailUrl":"https:\/\/lappis.org.br\/site\/wp-content\/uploads\/2015\/01\/unnamed.png","datePublished":"2015-01-22T19:36:24+00:00","breadcrumb":{"@id":"https:\/\/lappis.org.br\/site\/informacoes-gerais-direitos-saude-2015\/3138#breadcrumb"},"inLanguage":"pt-BR","potentialAction":[{"@type":"ReadAction","target":["https:\/\/lappis.org.br\/site\/informacoes-gerais-direitos-saude-2015\/3138"]}]},{"@type":"ImageObject","inLanguage":"pt-BR","@id":"https:\/\/lappis.org.br\/site\/informacoes-gerais-direitos-saude-2015\/3138#primaryimage","url":"https:\/\/lappis.org.br\/site\/wp-content\/uploads\/2015\/01\/unnamed.png","contentUrl":"https:\/\/lappis.org.br\/site\/wp-content\/uploads\/2015\/01\/unnamed.png","width":400,"height":100},{"@type":"BreadcrumbList","@id":"https:\/\/lappis.org.br\/site\/informacoes-gerais-direitos-saude-2015\/3138#breadcrumb","itemListElement":[{"@type":"ListItem","position":1,"name":"In\u00edcio","item":"https:\/\/lappis.org.br\/site\/"},{"@type":"ListItem","position":2,"name":"Informa\u00e7\u00f5es gerais"}]},{"@type":"WebSite","@id":"https:\/\/lappis.org.br\/site\/#website","url":"https:\/\/lappis.org.br\/site\/","name":"Lappis 25 anos","description":"Labotat\u00f3rio de Pesquisas sobre Pr\u00e1ticas de Integralidade em Sa\u00fade","publisher":{"@id":"https:\/\/lappis.org.br\/site\/#organization"},"potentialAction":[{"@type":"SearchAction","target":{"@type":"EntryPoint","urlTemplate":"https:\/\/lappis.org.br\/site\/?s={search_term_string}"},"query-input":{"@type":"PropertyValueSpecification","valueRequired":true,"valueName":"search_term_string"}}],"inLanguage":"pt-BR"},{"@type":"Organization","@id":"https:\/\/lappis.org.br\/site\/#organization","name":"Lappis 25 anos","url":"https:\/\/lappis.org.br\/site\/","logo":{"@type":"ImageObject","inLanguage":"pt-BR","@id":"https:\/\/lappis.org.br\/site\/#\/schema\/logo\/image\/","url":"https:\/\/lappis.org.br\/site\/wp-content\/uploads\/2025\/03\/logo-lappis25anos.png","contentUrl":"https:\/\/lappis.org.br\/site\/wp-content\/uploads\/2025\/03\/logo-lappis25anos.png","width":388,"height":146,"caption":"Lappis 25 anos"},"image":{"@id":"https:\/\/lappis.org.br\/site\/#\/schema\/logo\/image\/"}},{"@type":"Person","@id":"https:\/\/lappis.org.br\/site\/#\/schema\/person\/3852381d08284b5e2716b20bd89bdbcf","name":"fw2","image":{"@type":"ImageObject","inLanguage":"pt-BR","@id":"https:\/\/lappis.org.br\/site\/#\/schema\/person\/image\/","url":"https:\/\/secure.gravatar.com\/avatar\/c38472c0cdbde82d9b6fcc26adb3779d?s=96&d=mm&r=g","contentUrl":"https:\/\/secure.gravatar.com\/avatar\/c38472c0cdbde82d9b6fcc26adb3779d?s=96&d=mm&r=g","caption":"fw2"},"url":"https:\/\/lappis.org.br\/site\/author\/fw2"}]}},"jetpack_featured_media_url":"https:\/\/lappis.org.br\/site\/wp-content\/uploads\/2015\/01\/unnamed.png","jetpack_shortlink":"https:\/\/wp.me\/p954Nh-OC","jetpack_sharing_enabled":true,"_links":{"self":[{"href":"https:\/\/lappis.org.br\/site\/wp-json\/wp\/v2\/posts\/3138"}],"collection":[{"href":"https:\/\/lappis.org.br\/site\/wp-json\/wp\/v2\/posts"}],"about":[{"href":"https:\/\/lappis.org.br\/site\/wp-json\/wp\/v2\/types\/post"}],"author":[{"embeddable":true,"href":"https:\/\/lappis.org.br\/site\/wp-json\/wp\/v2\/users\/1"}],"replies":[{"embeddable":true,"href":"https:\/\/lappis.org.br\/site\/wp-json\/wp\/v2\/comments?post=3138"}],"version-history":[{"count":0,"href":"https:\/\/lappis.org.br\/site\/wp-json\/wp\/v2\/posts\/3138\/revisions"}],"wp:featuredmedia":[{"embeddable":true,"href":"https:\/\/lappis.org.br\/site\/wp-json\/wp\/v2\/media\/3137"}],"wp:attachment":[{"href":"https:\/\/lappis.org.br\/site\/wp-json\/wp\/v2\/media?parent=3138"}],"wp:term":[{"taxonomy":"category","embeddable":true,"href":"https:\/\/lappis.org.br\/site\/wp-json\/wp\/v2\/categories?post=3138"},{"taxonomy":"post_tag","embeddable":true,"href":"https:\/\/lappis.org.br\/site\/wp-json\/wp\/v2\/tags?post=3138"}],"curies":[{"name":"wp","href":"https:\/\/api.w.org\/{rel}","templated":true}]}}