{"id":3101,"date":"2014-11-12T14:59:40","date_gmt":"2014-11-12T16:59:40","guid":{"rendered":"http:\/\/lappis.org.br\/site\/2014\/11\/12\/simposio-direito-e-saude\/"},"modified":"2014-11-12T14:59:40","modified_gmt":"2014-11-12T16:59:40","slug":"simposio-direito-e-saude","status":"publish","type":"post","link":"https:\/\/lappis.org.br\/site\/simposio-direito-e-saude\/3101","title":{"rendered":"Simp\u00f3sio Direito e Sa\u00fade"},"content":{"rendered":"<p style=\"color: #222222; font-family: arial, sans-serif; font-size: small; line-height: normal; text-align: center;\"><span style=\"font-size: 18px;\"><span style=\"font-family: Tahoma, Arial, Helvetica, sans-serif;\"><span style=\"line-height: 16px; text-transform: uppercase;\"><strong>Prorrogadas as inscri\u00e7\u00f5es de TRABALHO para o<br \/>SIMP\u00d3SIO &#8220;DIREITO E SA\u00daDE&#8221;<\/strong><\/span><\/span><\/span><\/p>\n<div style=\"font-size: 0px; white-space: nowrap; display: inline-block; float: right; font-family: 'Open Sans', Helvetica, Arial, sans-serif; line-height: 23.5520000457764px;\">&nbsp;<\/div>\n<div style=\"font-size: 0px; white-space: nowrap; display: inline-block; float: right; font-family: 'Open Sans', Helvetica, Arial, sans-serif; line-height: 23.5520000457764px;\">&nbsp;<\/div>\n<h2 style=\"color: #222222; font-family: arial, sans-serif; line-height: normal; text-align: center;\"><img decoding=\"async\" class=\"CToWUd\" src=\"https:\/\/ci4.googleusercontent.com\/proxy\/L2AZsn-MIPjdVSVzGkmgp33UCd497ICiQ4y71jOSsCdJuYOk24jpTmESKPA3DePjh8iF4mIzpP48jQ99c1ncqBQZkV--rN0EQ20NcrbPl5f5XonCqNcUTHocU2Z5wR_vyQtzalz_qwFj8sLM=s0-d-e1-ft#http:\/\/www.internacionaldelconocimiento.org\/templates\/tribune\/images\/logos\/logo-bg.png\" alt=\"INTERNACIONAL DEL CONOCIMIENTO\" width=\"400\" height=\"100\" \/><\/h2>\n<h2 style=\"color: #222222; font-family: arial, sans-serif; line-height: normal; text-align: center;\"><span style=\"color: #800000; font-family: Tahoma, Arial, Helvetica, sans-serif; font-size: small;\"><span style=\"line-height: 16px; text-transform: uppercase;\">&nbsp;<\/span><\/span><\/h2>\n<p style=\"color: #222222; font-family: arial, sans-serif; font-size: small; line-height: normal;\"><a style=\"color: #1155cc;\" href=\"http:\/\/cepesc.emktsender.net\/registra_clique.php?id=H%7C867286%7C223241%7C6208&amp;url=http%3A%2F%2Fjavascript%3Avoid%280%29%2F%2A272%2A%2F\" target=\"_blank\"><span style=\"font-size: 16px;\">N\u00e3o deixe de inscrever o seu trabalho!<\/span><\/a><\/p>\n<p style=\"padding-top: 5px; padding-bottom: 5px; font-family: 'Open Sans', Helvetica, Arial, sans-serif; font-size: 12px; text-align: justify; line-height: 18px;\"><a style=\"color: #1155cc;\" href=\"http:\/\/cepesc.emktsender.net\/registra_clique.php?id=H%7C867287%7C223241%7C6208&amp;url=http%3A%2F%2Fwww.lappis.org.br%2Fsite%2Fnoticias%2F1464-lappis-apresentar%25C3%25A1-simp%25C3%25B3sio-no-congresso-internacional-do-conhecimento-de-2015\" target=\"_blank\"><span style=\"font-size: 16px;\">Inscri\u00e7\u00f5es de resumo at\u00e9&nbsp;<\/span><\/a><span style=\"font-size: 16px;\"><a style=\"color: #1155cc;\" href=\"http:\/\/cepesc.emktsender.net\/registra_clique.php?id=H%7C867287%7C223241%7C6208&amp;url=http%3A%2F%2Fwww.lappis.org.br%2Fsite%2Fnoticias%2F1464-lappis-apresentar%25C3%25A1-simp%25C3%25B3sio-no-congresso-internacional-do-conhecimento-de-2015\" target=\"_blank\">&nbsp;<\/a><strong><a style=\"color: #1155cc;\" href=\"http:\/\/cepesc.emktsender.net\/registra_clique.php?id=H%7C867286%7C223241%7C6208&amp;url=http%3A%2F%2Fjavascript%3Avoid%280%29%2F%2A272%2A%2F\" target=\"_blank\">&nbsp;31 de maio de 2015!<\/a><\/strong><\/span><\/p>\n<hr \/>\n<p style=\"padding-top: 5px; padding-bottom: 5px; font-family: 'Open Sans', Helvetica, Arial, sans-serif; font-size: 12px; text-align: justify; line-height: 18px;\">&nbsp;<\/p>\n<p style=\"padding-top: 5px; padding-bottom: 5px; font-family: 'Open Sans', Helvetica, Arial, sans-serif; font-size: 12px; text-align: justify; line-height: 18px;\"><span style=\"font-size: 16px;\"><strong>Estamos muito felizes que j\u00e1 recebemos dezenas de inscritos e em breve, atrav\u00e9s do portal LAPPIS, manteremos contato com mais informa\u00e7\u00f5es ataulizadas.<\/strong><\/span><\/p>\n<p style=\"padding-top: 5px; padding-bottom: 5px; font-family: 'Open Sans', Helvetica, Arial, sans-serif; font-size: 12px; text-align: justify; line-height: 18px;\">&nbsp;<\/p>\n<hr \/>\n<p style=\"padding-top: 5px; padding-bottom: 5px; font-family: 'Open Sans', Helvetica, Arial, sans-serif; font-size: 12px; text-align: justify; line-height: 18px;\">&nbsp;<\/p>\n<p style=\"padding-top: 5px; padding-bottom: 5px; font-family: 'Open Sans', Helvetica, Arial, sans-serif; font-size: 12px; text-align: justify; line-height: 18px;\"><span style=\"font-family: arial, sans-serif; font-size: small; color: #222222;\">O LAPPIS est\u00e1 organizando o Simp\u00f3sio &#8220;Direito e sa\u00fade &#8211; Di\u00e1logos Interdisciplinares Latinoamericanos&#8221;, que ocorrer\u00e1 no \u00e2mbito do Congreso Internacional del Conocimiento, entre os dias 09 e 12 de outubro de 2015, na cidade de Santiago (<span class=\"il\">Chile<\/span>).<\/span><\/p>\n<p style=\"padding-top: 5px; padding-bottom: 5px; font-family: 'Open Sans', Helvetica, Arial, sans-serif; font-size: 12px; text-align: justify; line-height: 18px;\"><span style=\"font-family: arial, sans-serif; font-size: small; color: #222222;\">\u00c9 poss\u00edvel inscrever resumos at\u00e9 o dia 30 de outubro de 2014. Os trabalhos aprovados dever\u00e3o ser ser enviados em maior de 2015 e compor\u00e3o um livro que ser\u00e1 lan\u00e7ado no evento. Veja as informa\u00e7\u00f5es de inscri\u00e7\u00e3o abaixo:<\/span><\/p>\n<p style=\"padding-top: 5px; padding-bottom: 5px; font-family: 'Open Sans', Helvetica, Arial, sans-serif; font-size: 12px; text-align: justify; line-height: 18px;\"><strong>Inscri\u00e7\u00f5es de trabalhos:<\/strong><\/p>\n<p style=\"padding-top: 5px; padding-bottom: 5px; font-family: 'Open Sans', Helvetica, Arial, sans-serif; font-size: 12px; text-align: justify; line-height: 18px;\">Os resumos dever\u00e3o ser enviados aos coordenadores do Simp\u00f3sio, respeitando o seguinte padr\u00e3o:<\/p>\n<p style=\"padding-top: 5px; padding-bottom: 5px; font-family: 'Open Sans', Helvetica, Arial, sans-serif; font-size: 12px; text-align: justify; line-height: 18px;\">&#8211; Ter entre 10 a 15 linhas<\/p>\n<p style=\"padding-top: 5px; padding-bottom: 5px; font-family: 'Open Sans', Helvetica, Arial, sans-serif; font-size: 12px; text-align: justify; line-height: 18px;\">&#8211; Espa\u00e7amento 1,5<\/p>\n<p style=\"padding-top: 5px; padding-bottom: 5px; font-family: 'Open Sans', Helvetica, Arial, sans-serif; font-size: 12px; text-align: justify; line-height: 18px;\">&#8211; Fonte Times New Roman, 12<\/p>\n<p style=\"padding-top: 5px; padding-bottom: 5px; font-family: 'Open Sans', Helvetica, Arial, sans-serif; font-size: 12px; text-align: justify; line-height: 18px;\">&#8211; Indicar nome(s) do(s) autor(es), da institui\u00e7\u00e3o de origem, titula\u00e7\u00e3o e t\u00edtulo do trabalho<\/p>\n<p style=\"padding-top: 5px; padding-bottom: 5px; font-family: 'Open Sans', Helvetica, Arial, sans-serif; font-size: 12px; text-align: justify; line-height: 18px;\">&#8211; E-mail dos autores<\/p>\n<p style=\"padding-top: 5px; padding-bottom: 5px; font-family: 'Open Sans', Helvetica, Arial, sans-serif; font-size: 12px; text-align: justify; line-height: 18px;\">&#8211; Tr\u00eas palavras-chave<\/p>\n<p style=\"padding-top: 5px; padding-bottom: 5px; font-family: 'Open Sans', Helvetica, Arial, sans-serif; font-size: 12px; text-align: justify; line-height: 18px;\">&#8211; M\u00e1ximo de 200 palavras<\/p>\n<p style=\"padding-top: 5px; padding-bottom: 5px; font-family: 'Open Sans', Helvetica, Arial, sans-serif; font-size: 12px; text-align: justify; line-height: 18px;\">Os trabalhos,&nbsp;<strong>se aprovados, dever\u00e3o ser enviados aos coordenadores do Simp\u00f3sio at\u00e9 o dia 15 de maio de 2015<\/strong>&nbsp;no seguinte padr\u00e3o:<\/p>\n<p style=\"padding-top: 5px; padding-bottom: 5px; font-family: 'Open Sans', Helvetica, Arial, sans-serif; font-size: 12px; text-align: justify; line-height: 18px;\">&#8211; Ter entre 7000 e 9000 palavras (incluindo notas e bibliografia)<\/p>\n<p style=\"padding-top: 5px; padding-bottom: 5px; font-family: 'Open Sans', Helvetica, Arial, sans-serif; font-size: 12px; text-align: justify; line-height: 18px;\">&#8211; Espa\u00e7amento 1,5<\/p>\n<p style=\"padding-top: 5px; padding-bottom: 5px; font-family: 'Open Sans', Helvetica, Arial, sans-serif; font-size: 12px; text-align: justify; line-height: 18px;\">&#8211; Fonte Times New Roman, 12<\/p>\n<p style=\"padding-top: 5px; padding-bottom: 5px; font-family: 'Open Sans', Helvetica, Arial, sans-serif; font-size: 12px; text-align: justify; line-height: 18px;\">&#8211; Indicar nome(s) do(s) autor(es), da institui\u00e7\u00e3o de origem, titula\u00e7\u00e3o e t\u00edtulo do trabalho<\/p>\n<p style=\"padding-top: 5px; padding-bottom: 5px; font-family: 'Open Sans', Helvetica, Arial, sans-serif; font-size: 12px; text-align: justify; line-height: 18px;\">&#8211; E- mail dos autores<\/p>\n<p style=\"padding-top: 5px; padding-bottom: 5px; font-family: 'Open Sans', Helvetica, Arial, sans-serif; font-size: 12px; text-align: justify; line-height: 18px;\">&#8211; Resumo com 10 a 15 linhas<\/p>\n<p style=\"padding-top: 5px; padding-bottom: 5px; font-family: 'Open Sans', Helvetica, Arial, sans-serif; font-size: 12px; text-align: justify; line-height: 18px;\">&#8211; Tr\u00eas palavras-chave<\/p>\n<p style=\"padding-top: 5px; padding-bottom: 5px; font-family: 'Open Sans', Helvetica, Arial, sans-serif; font-size: 12px; text-align: justify; line-height: 18px;\"><strong>Observa\u00e7\u00f5es importantes:<\/strong><\/p>\n<p style=\"padding-top: 5px; padding-bottom: 5px; font-family: 'Open Sans', Helvetica, Arial, sans-serif; font-size: 12px; text-align: justify; line-height: 18px;\">&#8211; N\u00e3o se receber\u00e1 resumos com mais de 2 (dois) autores<\/p>\n<p style=\"padding-top: 5px; padding-bottom: 5px; font-family: 'Open Sans', Helvetica, Arial, sans-serif; font-size: 12px; text-align: justify; line-height: 18px;\">&#8211; O envio da carta de \u201caceite\u201d ou \u201crecusa\u201d ser\u00e1 de inteira responsabilidade do coordenador chefe<\/p>\n<p style=\"padding-top: 5px; padding-bottom: 5px; font-family: 'Open Sans', Helvetica, Arial, sans-serif; font-size: 12px; text-align: justify; line-height: 18px;\">do simp\u00f3sio escolhido.<\/p>\n<p style=\"padding-top: 5px; padding-bottom: 5px; font-family: 'Open Sans', Helvetica, Arial, sans-serif; font-size: 12px; text-align: justify; line-height: 18px;\">&#8211; O evento ser\u00e1 bil\u00edngue (portugu\u00eas e espanhol). Os coordenadores poder\u00e3o aceitar comunica\u00e7\u00f5es em outros idiomas<\/p>\n<p style=\"padding-top: 5px; padding-bottom: 5px; font-family: 'Open Sans', Helvetica, Arial, sans-serif; font-size: 12px; text-align: justify; line-height: 18px;\">&#8211; Todos os trabalhos aprovados e apresentados ser\u00e3o convidados para compor um livro sobre \u201cSa\u00fade e sociedade na Am\u00e9rica Latina\u201d.<\/p>\n<p style=\"padding-top: 5px; padding-bottom: 5px; font-family: 'Open Sans', Helvetica, Arial, sans-serif; font-size: 12px; text-align: justify; line-height: 18px;\">&#8211; O evento ser\u00e1 na Universidade de Santiago de&nbsp;<span class=\"il\" style=\"color: #222222;\">Chile<\/span>, sendo que o local espec\u00edfico das apresenta\u00e7\u00f5es ser\u00e1 definido posteriormente, assim como a lista de hot\u00e9is<\/p>\n<p style=\"padding-top: 5px; padding-bottom: 5px; font-family: 'Open Sans', Helvetica, Arial, sans-serif; font-size: 12px; text-align: justify; line-height: 18px;\">&#8211; A inscri\u00e7\u00e3o dos trabalhos pode ser feita por e-mail aos coordenadores do simp\u00f3sio. Ap\u00f3s a aprova\u00e7\u00e3o, o pagamento da inscri\u00e7\u00e3o ter\u00e1 cronograma espec\u00edfico a ser divulgado pela organiza\u00e7\u00e3o do congresso.<\/p>\n<ol style=\"color: #222222; font-family: arial, sans-serif; font-size: small; line-height: normal;\">\n<li style=\"margin-left: 15px;\">Dr. Felipe Dutra Asensi &#8211;&nbsp;<a style=\"color: #1155cc;\" href=\"mailto:felipedml@yahoo.com.br\" target=\"_blank\">felipedml@yahoo.com.br<\/a><br \/>(Faculdade de Direito \u2013 Universidade do Estado do Rio de Janeiro, Brasil),<\/li>\n<li style=\"margin-left: 15px;\">Dra. Roseni Pinheiro &#8211;&nbsp;<a style=\"color: #1155cc;\" href=\"mailto:rosenisaude@uol.com.br\" target=\"_blank\">rosenisaude@uol.com.br<\/a><br \/>(Instituto de Medicina Social \u2013 Universidade do Estado do Rio de Janeiro, Brasil),&nbsp;<\/li>\n<li style=\"margin-left: 15px;\">Ms. Paula Lucia Ar\u00e9valo Mutiz &#8211;&nbsp;<span style=\"color: #0000ee; text-decoration: underline;\"><a style=\"color: #1155cc;\" href=\"mailto:plarevalom@libertadores.edu.co\" target=\"_blank\">plarevalom@libertadores.edu.co<\/a>&nbsp;\/<a style=\"color: #1155cc;\" href=\"mailto:paula.arevalo.mutiz@gmail.com\" target=\"_blank\">paula.arevalo.mutiz@gmail.com<\/a><br \/><\/span>(Facultad de Derecho, Ciencia Pol\u00edtica y Relaciones Internacionales \u2013 Fundaci\u00f3n Universitaria Los Libertadores, Col\u00f4mbia)<\/li>\n<\/ol>\n<p style=\"padding-top: 5px; padding-bottom: 5px; font-family: 'Open Sans', Helvetica, Arial, sans-serif; font-size: 12px; text-align: justify; line-height: 18px;\">&#8211; A&nbsp;<strong>apresenta\u00e7\u00e3o<\/strong>&nbsp;dos artigos no evento ser\u00e1&nbsp;<strong>Oral<\/strong>.<\/p>\n<p style=\"padding-top: 5px; padding-bottom: 5px; font-family: 'Open Sans', Helvetica, Arial, sans-serif; font-size: 12px; text-align: justify; line-height: 18px;\">&#8211; Todos os que apresentarem trabalhos&nbsp;<strong>receber\u00e3o certificado<\/strong>.<\/p>\n<p style=\"padding-top: 5px; padding-bottom: 5px; font-family: 'Open Sans', Helvetica, Arial, sans-serif; font-size: 12px; text-align: justify; line-height: 18px;\">Para outras informa\u00e7\u00f5es,&nbsp;<a style=\"color: #333333;\" href=\"http:\/\/cepesc.emktsender.net\/registra_clique.php?id=H%7C867288%7C223241%7C6208&amp;url=http%3A%2F%2F+http%3A%2F%2Fwww.internacionaldelconocimiento.org%2Findex.php%2Fconvocatorias-simposios-aprobados%2Fitem%2F292-simposio-n-11-direito-e-saude-dialogos-interdisciplinares-latinoamericanos\" target=\"_blank\">clique aqui!<\/a><\/p>\n<h2>&nbsp;<\/h2>\n","protected":false},"excerpt":{"rendered":"<div class=\"mh-excerpt\"><p>Prorrogadas as inscri\u00e7\u00f5es de TRABALHO para oSIMP\u00d3SIO &#8220;DIREITO E SA\u00daDE&#8221; &nbsp; &nbsp; &nbsp; N\u00e3o deixe de inscrever o seu trabalho! Inscri\u00e7\u00f5es de resumo at\u00e9&nbsp;&nbsp;&nbsp;31 de maio de 2015! &nbsp; Estamos muito felizes que j\u00e1 recebemos <a class=\"mh-excerpt-more\" href=\"https:\/\/lappis.org.br\/site\/simposio-direito-e-saude\/3101\" title=\"Simp\u00f3sio Direito e Sa\u00fade\">[&#8230;]<\/a><\/p>\n<\/div>","protected":false},"author":1,"featured_media":0,"comment_status":"open","ping_status":"open","sticky":false,"template":"","format":"standard","meta":{"_acf_changed":false,"_exactmetrics_skip_tracking":false,"_exactmetrics_sitenote_active":false,"_exactmetrics_sitenote_note":"","_exactmetrics_sitenote_category":0,"jetpack_post_was_ever_published":false,"_jetpack_newsletter_access":"","_jetpack_dont_email_post_to_subs":false,"_jetpack_newsletter_tier_id":0,"_jetpack_memberships_contains_paywalled_content":false,"_jetpack_memberships_contains_paid_content":false,"footnotes":"","jetpack_publicize_message":"","jetpack_publicize_feature_enabled":true,"jetpack_social_post_already_shared":false,"jetpack_social_options":{"image_generator_settings":{"template":"highway","enabled":false},"version":2}},"categories":[81],"tags":[],"class_list":{"0":"post-3101","1":"post","2":"type-post","3":"status-publish","4":"format-standard","6":"category-simposio-direito-e-saude-2015"},"jetpack_publicize_connections":[],"acf":[],"yoast_head":"<!-- This site is optimized with the Yoast SEO plugin v25.2 - https:\/\/yoast.com\/wordpress\/plugins\/seo\/ -->\n<title>Simp\u00f3sio Direito e Sa\u00fade - Lappis 25 anos<\/title>\n<meta name=\"robots\" content=\"index, follow, max-snippet:-1, max-image-preview:large, max-video-preview:-1\" \/>\n<link rel=\"canonical\" href=\"https:\/\/lappis.org.br\/site\/simposio-direito-e-saude\/3101\" \/>\n<meta property=\"og:locale\" content=\"pt_BR\" \/>\n<meta property=\"og:type\" content=\"article\" \/>\n<meta property=\"og:title\" content=\"Simp\u00f3sio Direito e Sa\u00fade - Lappis 25 anos\" \/>\n<meta property=\"og:description\" content=\"Prorrogadas as inscri\u00e7\u00f5es de TRABALHO para oSIMP\u00d3SIO &#8220;DIREITO E SA\u00daDE&#8221; &nbsp; &nbsp; &nbsp; N\u00e3o deixe de inscrever o seu trabalho! Inscri\u00e7\u00f5es de resumo at\u00e9&nbsp;&nbsp;&nbsp;31 de maio de 2015! &nbsp; Estamos muito felizes que j\u00e1 recebemos [...]\" \/>\n<meta property=\"og:url\" content=\"https:\/\/lappis.org.br\/site\/simposio-direito-e-saude\/3101\" \/>\n<meta property=\"og:site_name\" content=\"Lappis 25 anos\" \/>\n<meta property=\"article:published_time\" content=\"2014-11-12T16:59:40+00:00\" \/>\n<meta property=\"og:image\" content=\"https:\/\/ci4.googleusercontent.com\/proxy\/L2AZsn-MIPjdVSVzGkmgp33UCd497ICiQ4y71jOSsCdJuYOk24jpTmESKPA3DePjh8iF4mIzpP48jQ99c1ncqBQZkV--rN0EQ20NcrbPl5f5XonCqNcUTHocU2Z5wR_vyQtzalz_qwFj8sLM=s0-d-e1-ft#http:\/\/www.internacionaldelconocimiento.org\/templates\/tribune\/images\/logos\/logo-bg.png\" \/>\n<meta name=\"author\" content=\"fw2\" \/>\n<meta name=\"twitter:card\" content=\"summary_large_image\" \/>\n<meta name=\"twitter:label1\" content=\"Escrito por\" \/>\n\t<meta name=\"twitter:data1\" content=\"fw2\" \/>\n\t<meta name=\"twitter:label2\" content=\"Est. tempo de leitura\" \/>\n\t<meta name=\"twitter:data2\" content=\"3 minutos\" \/>\n<script type=\"application\/ld+json\" class=\"yoast-schema-graph\">{\"@context\":\"https:\/\/schema.org\",\"@graph\":[{\"@type\":\"Article\",\"@id\":\"https:\/\/lappis.org.br\/site\/simposio-direito-e-saude\/3101#article\",\"isPartOf\":{\"@id\":\"https:\/\/lappis.org.br\/site\/simposio-direito-e-saude\/3101\"},\"author\":{\"name\":\"fw2\",\"@id\":\"https:\/\/lappis.org.br\/site\/#\/schema\/person\/3852381d08284b5e2716b20bd89bdbcf\"},\"headline\":\"Simp\u00f3sio Direito e Sa\u00fade\",\"datePublished\":\"2014-11-12T16:59:40+00:00\",\"mainEntityOfPage\":{\"@id\":\"https:\/\/lappis.org.br\/site\/simposio-direito-e-saude\/3101\"},\"wordCount\":540,\"commentCount\":0,\"publisher\":{\"@id\":\"https:\/\/lappis.org.br\/site\/#organization\"},\"image\":{\"@id\":\"https:\/\/lappis.org.br\/site\/simposio-direito-e-saude\/3101#primaryimage\"},\"thumbnailUrl\":\"https:\/\/ci4.googleusercontent.com\/proxy\/L2AZsn-MIPjdVSVzGkmgp33UCd497ICiQ4y71jOSsCdJuYOk24jpTmESKPA3DePjh8iF4mIzpP48jQ99c1ncqBQZkV--rN0EQ20NcrbPl5f5XonCqNcUTHocU2Z5wR_vyQtzalz_qwFj8sLM=s0-d-e1-ft#http:\/\/www.internacionaldelconocimiento.org\/templates\/tribune\/images\/logos\/logo-bg.png\",\"articleSection\":[\"Simp\u00f3sio Direito e Sa\u00fade - 2015\"],\"inLanguage\":\"pt-BR\",\"potentialAction\":[{\"@type\":\"CommentAction\",\"name\":\"Comment\",\"target\":[\"https:\/\/lappis.org.br\/site\/simposio-direito-e-saude\/3101#respond\"]}]},{\"@type\":\"WebPage\",\"@id\":\"https:\/\/lappis.org.br\/site\/simposio-direito-e-saude\/3101\",\"url\":\"https:\/\/lappis.org.br\/site\/simposio-direito-e-saude\/3101\",\"name\":\"Simp\u00f3sio Direito e Sa\u00fade - Lappis 25 anos\",\"isPartOf\":{\"@id\":\"https:\/\/lappis.org.br\/site\/#website\"},\"primaryImageOfPage\":{\"@id\":\"https:\/\/lappis.org.br\/site\/simposio-direito-e-saude\/3101#primaryimage\"},\"image\":{\"@id\":\"https:\/\/lappis.org.br\/site\/simposio-direito-e-saude\/3101#primaryimage\"},\"thumbnailUrl\":\"https:\/\/ci4.googleusercontent.com\/proxy\/L2AZsn-MIPjdVSVzGkmgp33UCd497ICiQ4y71jOSsCdJuYOk24jpTmESKPA3DePjh8iF4mIzpP48jQ99c1ncqBQZkV--rN0EQ20NcrbPl5f5XonCqNcUTHocU2Z5wR_vyQtzalz_qwFj8sLM=s0-d-e1-ft#http:\/\/www.internacionaldelconocimiento.org\/templates\/tribune\/images\/logos\/logo-bg.png\",\"datePublished\":\"2014-11-12T16:59:40+00:00\",\"breadcrumb\":{\"@id\":\"https:\/\/lappis.org.br\/site\/simposio-direito-e-saude\/3101#breadcrumb\"},\"inLanguage\":\"pt-BR\",\"potentialAction\":[{\"@type\":\"ReadAction\",\"target\":[\"https:\/\/lappis.org.br\/site\/simposio-direito-e-saude\/3101\"]}]},{\"@type\":\"ImageObject\",\"inLanguage\":\"pt-BR\",\"@id\":\"https:\/\/lappis.org.br\/site\/simposio-direito-e-saude\/3101#primaryimage\",\"url\":\"https:\/\/ci4.googleusercontent.com\/proxy\/L2AZsn-MIPjdVSVzGkmgp33UCd497ICiQ4y71jOSsCdJuYOk24jpTmESKPA3DePjh8iF4mIzpP48jQ99c1ncqBQZkV--rN0EQ20NcrbPl5f5XonCqNcUTHocU2Z5wR_vyQtzalz_qwFj8sLM=s0-d-e1-ft#http:\/\/www.internacionaldelconocimiento.org\/templates\/tribune\/images\/logos\/logo-bg.png\",\"contentUrl\":\"https:\/\/ci4.googleusercontent.com\/proxy\/L2AZsn-MIPjdVSVzGkmgp33UCd497ICiQ4y71jOSsCdJuYOk24jpTmESKPA3DePjh8iF4mIzpP48jQ99c1ncqBQZkV--rN0EQ20NcrbPl5f5XonCqNcUTHocU2Z5wR_vyQtzalz_qwFj8sLM=s0-d-e1-ft#http:\/\/www.internacionaldelconocimiento.org\/templates\/tribune\/images\/logos\/logo-bg.png\"},{\"@type\":\"BreadcrumbList\",\"@id\":\"https:\/\/lappis.org.br\/site\/simposio-direito-e-saude\/3101#breadcrumb\",\"itemListElement\":[{\"@type\":\"ListItem\",\"position\":1,\"name\":\"In\u00edcio\",\"item\":\"https:\/\/lappis.org.br\/site\/\"},{\"@type\":\"ListItem\",\"position\":2,\"name\":\"Simp\u00f3sio Direito e Sa\u00fade\"}]},{\"@type\":\"WebSite\",\"@id\":\"https:\/\/lappis.org.br\/site\/#website\",\"url\":\"https:\/\/lappis.org.br\/site\/\",\"name\":\"Lappis 25 anos\",\"description\":\"Labotat\u00f3rio de Pesquisas sobre Pr\u00e1ticas de Integralidade em Sa\u00fade\",\"publisher\":{\"@id\":\"https:\/\/lappis.org.br\/site\/#organization\"},\"potentialAction\":[{\"@type\":\"SearchAction\",\"target\":{\"@type\":\"EntryPoint\",\"urlTemplate\":\"https:\/\/lappis.org.br\/site\/?s={search_term_string}\"},\"query-input\":{\"@type\":\"PropertyValueSpecification\",\"valueRequired\":true,\"valueName\":\"search_term_string\"}}],\"inLanguage\":\"pt-BR\"},{\"@type\":\"Organization\",\"@id\":\"https:\/\/lappis.org.br\/site\/#organization\",\"name\":\"Lappis 25 anos\",\"url\":\"https:\/\/lappis.org.br\/site\/\",\"logo\":{\"@type\":\"ImageObject\",\"inLanguage\":\"pt-BR\",\"@id\":\"https:\/\/lappis.org.br\/site\/#\/schema\/logo\/image\/\",\"url\":\"https:\/\/lappis.org.br\/site\/wp-content\/uploads\/2025\/03\/logo-lappis25anos.png\",\"contentUrl\":\"https:\/\/lappis.org.br\/site\/wp-content\/uploads\/2025\/03\/logo-lappis25anos.png\",\"width\":388,\"height\":146,\"caption\":\"Lappis 25 anos\"},\"image\":{\"@id\":\"https:\/\/lappis.org.br\/site\/#\/schema\/logo\/image\/\"}},{\"@type\":\"Person\",\"@id\":\"https:\/\/lappis.org.br\/site\/#\/schema\/person\/3852381d08284b5e2716b20bd89bdbcf\",\"name\":\"fw2\",\"image\":{\"@type\":\"ImageObject\",\"inLanguage\":\"pt-BR\",\"@id\":\"https:\/\/lappis.org.br\/site\/#\/schema\/person\/image\/\",\"url\":\"https:\/\/secure.gravatar.com\/avatar\/c38472c0cdbde82d9b6fcc26adb3779d?s=96&d=mm&r=g\",\"contentUrl\":\"https:\/\/secure.gravatar.com\/avatar\/c38472c0cdbde82d9b6fcc26adb3779d?s=96&d=mm&r=g\",\"caption\":\"fw2\"},\"url\":\"https:\/\/lappis.org.br\/site\/author\/fw2\"}]}<\/script>\n<!-- \/ Yoast SEO plugin. -->","yoast_head_json":{"title":"Simp\u00f3sio Direito e Sa\u00fade - Lappis 25 anos","robots":{"index":"index","follow":"follow","max-snippet":"max-snippet:-1","max-image-preview":"max-image-preview:large","max-video-preview":"max-video-preview:-1"},"canonical":"https:\/\/lappis.org.br\/site\/simposio-direito-e-saude\/3101","og_locale":"pt_BR","og_type":"article","og_title":"Simp\u00f3sio Direito e Sa\u00fade - Lappis 25 anos","og_description":"Prorrogadas as inscri\u00e7\u00f5es de TRABALHO para oSIMP\u00d3SIO &#8220;DIREITO E SA\u00daDE&#8221; &nbsp; &nbsp; &nbsp; N\u00e3o deixe de inscrever o seu trabalho! Inscri\u00e7\u00f5es de resumo at\u00e9&nbsp;&nbsp;&nbsp;31 de maio de 2015! &nbsp; Estamos muito felizes que j\u00e1 recebemos [...]","og_url":"https:\/\/lappis.org.br\/site\/simposio-direito-e-saude\/3101","og_site_name":"Lappis 25 anos","article_published_time":"2014-11-12T16:59:40+00:00","og_image":[{"url":"https:\/\/ci4.googleusercontent.com\/proxy\/L2AZsn-MIPjdVSVzGkmgp33UCd497ICiQ4y71jOSsCdJuYOk24jpTmESKPA3DePjh8iF4mIzpP48jQ99c1ncqBQZkV--rN0EQ20NcrbPl5f5XonCqNcUTHocU2Z5wR_vyQtzalz_qwFj8sLM=s0-d-e1-ft#http:\/\/www.internacionaldelconocimiento.org\/templates\/tribune\/images\/logos\/logo-bg.png","type":"","width":"","height":""}],"author":"fw2","twitter_card":"summary_large_image","twitter_misc":{"Escrito por":"fw2","Est. tempo de leitura":"3 minutos"},"schema":{"@context":"https:\/\/schema.org","@graph":[{"@type":"Article","@id":"https:\/\/lappis.org.br\/site\/simposio-direito-e-saude\/3101#article","isPartOf":{"@id":"https:\/\/lappis.org.br\/site\/simposio-direito-e-saude\/3101"},"author":{"name":"fw2","@id":"https:\/\/lappis.org.br\/site\/#\/schema\/person\/3852381d08284b5e2716b20bd89bdbcf"},"headline":"Simp\u00f3sio Direito e Sa\u00fade","datePublished":"2014-11-12T16:59:40+00:00","mainEntityOfPage":{"@id":"https:\/\/lappis.org.br\/site\/simposio-direito-e-saude\/3101"},"wordCount":540,"commentCount":0,"publisher":{"@id":"https:\/\/lappis.org.br\/site\/#organization"},"image":{"@id":"https:\/\/lappis.org.br\/site\/simposio-direito-e-saude\/3101#primaryimage"},"thumbnailUrl":"https:\/\/ci4.googleusercontent.com\/proxy\/L2AZsn-MIPjdVSVzGkmgp33UCd497ICiQ4y71jOSsCdJuYOk24jpTmESKPA3DePjh8iF4mIzpP48jQ99c1ncqBQZkV--rN0EQ20NcrbPl5f5XonCqNcUTHocU2Z5wR_vyQtzalz_qwFj8sLM=s0-d-e1-ft#http:\/\/www.internacionaldelconocimiento.org\/templates\/tribune\/images\/logos\/logo-bg.png","articleSection":["Simp\u00f3sio Direito e Sa\u00fade - 2015"],"inLanguage":"pt-BR","potentialAction":[{"@type":"CommentAction","name":"Comment","target":["https:\/\/lappis.org.br\/site\/simposio-direito-e-saude\/3101#respond"]}]},{"@type":"WebPage","@id":"https:\/\/lappis.org.br\/site\/simposio-direito-e-saude\/3101","url":"https:\/\/lappis.org.br\/site\/simposio-direito-e-saude\/3101","name":"Simp\u00f3sio Direito e Sa\u00fade - Lappis 25 anos","isPartOf":{"@id":"https:\/\/lappis.org.br\/site\/#website"},"primaryImageOfPage":{"@id":"https:\/\/lappis.org.br\/site\/simposio-direito-e-saude\/3101#primaryimage"},"image":{"@id":"https:\/\/lappis.org.br\/site\/simposio-direito-e-saude\/3101#primaryimage"},"thumbnailUrl":"https:\/\/ci4.googleusercontent.com\/proxy\/L2AZsn-MIPjdVSVzGkmgp33UCd497ICiQ4y71jOSsCdJuYOk24jpTmESKPA3DePjh8iF4mIzpP48jQ99c1ncqBQZkV--rN0EQ20NcrbPl5f5XonCqNcUTHocU2Z5wR_vyQtzalz_qwFj8sLM=s0-d-e1-ft#http:\/\/www.internacionaldelconocimiento.org\/templates\/tribune\/images\/logos\/logo-bg.png","datePublished":"2014-11-12T16:59:40+00:00","breadcrumb":{"@id":"https:\/\/lappis.org.br\/site\/simposio-direito-e-saude\/3101#breadcrumb"},"inLanguage":"pt-BR","potentialAction":[{"@type":"ReadAction","target":["https:\/\/lappis.org.br\/site\/simposio-direito-e-saude\/3101"]}]},{"@type":"ImageObject","inLanguage":"pt-BR","@id":"https:\/\/lappis.org.br\/site\/simposio-direito-e-saude\/3101#primaryimage","url":"https:\/\/ci4.googleusercontent.com\/proxy\/L2AZsn-MIPjdVSVzGkmgp33UCd497ICiQ4y71jOSsCdJuYOk24jpTmESKPA3DePjh8iF4mIzpP48jQ99c1ncqBQZkV--rN0EQ20NcrbPl5f5XonCqNcUTHocU2Z5wR_vyQtzalz_qwFj8sLM=s0-d-e1-ft#http:\/\/www.internacionaldelconocimiento.org\/templates\/tribune\/images\/logos\/logo-bg.png","contentUrl":"https:\/\/ci4.googleusercontent.com\/proxy\/L2AZsn-MIPjdVSVzGkmgp33UCd497ICiQ4y71jOSsCdJuYOk24jpTmESKPA3DePjh8iF4mIzpP48jQ99c1ncqBQZkV--rN0EQ20NcrbPl5f5XonCqNcUTHocU2Z5wR_vyQtzalz_qwFj8sLM=s0-d-e1-ft#http:\/\/www.internacionaldelconocimiento.org\/templates\/tribune\/images\/logos\/logo-bg.png"},{"@type":"BreadcrumbList","@id":"https:\/\/lappis.org.br\/site\/simposio-direito-e-saude\/3101#breadcrumb","itemListElement":[{"@type":"ListItem","position":1,"name":"In\u00edcio","item":"https:\/\/lappis.org.br\/site\/"},{"@type":"ListItem","position":2,"name":"Simp\u00f3sio Direito e Sa\u00fade"}]},{"@type":"WebSite","@id":"https:\/\/lappis.org.br\/site\/#website","url":"https:\/\/lappis.org.br\/site\/","name":"Lappis 25 anos","description":"Labotat\u00f3rio de Pesquisas sobre Pr\u00e1ticas de Integralidade em Sa\u00fade","publisher":{"@id":"https:\/\/lappis.org.br\/site\/#organization"},"potentialAction":[{"@type":"SearchAction","target":{"@type":"EntryPoint","urlTemplate":"https:\/\/lappis.org.br\/site\/?s={search_term_string}"},"query-input":{"@type":"PropertyValueSpecification","valueRequired":true,"valueName":"search_term_string"}}],"inLanguage":"pt-BR"},{"@type":"Organization","@id":"https:\/\/lappis.org.br\/site\/#organization","name":"Lappis 25 anos","url":"https:\/\/lappis.org.br\/site\/","logo":{"@type":"ImageObject","inLanguage":"pt-BR","@id":"https:\/\/lappis.org.br\/site\/#\/schema\/logo\/image\/","url":"https:\/\/lappis.org.br\/site\/wp-content\/uploads\/2025\/03\/logo-lappis25anos.png","contentUrl":"https:\/\/lappis.org.br\/site\/wp-content\/uploads\/2025\/03\/logo-lappis25anos.png","width":388,"height":146,"caption":"Lappis 25 anos"},"image":{"@id":"https:\/\/lappis.org.br\/site\/#\/schema\/logo\/image\/"}},{"@type":"Person","@id":"https:\/\/lappis.org.br\/site\/#\/schema\/person\/3852381d08284b5e2716b20bd89bdbcf","name":"fw2","image":{"@type":"ImageObject","inLanguage":"pt-BR","@id":"https:\/\/lappis.org.br\/site\/#\/schema\/person\/image\/","url":"https:\/\/secure.gravatar.com\/avatar\/c38472c0cdbde82d9b6fcc26adb3779d?s=96&d=mm&r=g","contentUrl":"https:\/\/secure.gravatar.com\/avatar\/c38472c0cdbde82d9b6fcc26adb3779d?s=96&d=mm&r=g","caption":"fw2"},"url":"https:\/\/lappis.org.br\/site\/author\/fw2"}]}},"jetpack_featured_media_url":"","jetpack_shortlink":"https:\/\/wp.me\/p954Nh-O1","jetpack_sharing_enabled":true,"_links":{"self":[{"href":"https:\/\/lappis.org.br\/site\/wp-json\/wp\/v2\/posts\/3101"}],"collection":[{"href":"https:\/\/lappis.org.br\/site\/wp-json\/wp\/v2\/posts"}],"about":[{"href":"https:\/\/lappis.org.br\/site\/wp-json\/wp\/v2\/types\/post"}],"author":[{"embeddable":true,"href":"https:\/\/lappis.org.br\/site\/wp-json\/wp\/v2\/users\/1"}],"replies":[{"embeddable":true,"href":"https:\/\/lappis.org.br\/site\/wp-json\/wp\/v2\/comments?post=3101"}],"version-history":[{"count":0,"href":"https:\/\/lappis.org.br\/site\/wp-json\/wp\/v2\/posts\/3101\/revisions"}],"wp:attachment":[{"href":"https:\/\/lappis.org.br\/site\/wp-json\/wp\/v2\/media?parent=3101"}],"wp:term":[{"taxonomy":"category","embeddable":true,"href":"https:\/\/lappis.org.br\/site\/wp-json\/wp\/v2\/categories?post=3101"},{"taxonomy":"post_tag","embeddable":true,"href":"https:\/\/lappis.org.br\/site\/wp-json\/wp\/v2\/tags?post=3101"}],"curies":[{"name":"wp","href":"https:\/\/api.w.org\/{rel}","templated":true}]}}