{"id":3096,"date":"2014-10-27T18:21:47","date_gmt":"2014-10-27T20:21:47","guid":{"rendered":"http:\/\/lappis.org.br\/site\/2014\/10\/27\/simbolos-da-prevencao-e-da-garantia-de-direitos-outubro-rosa\/"},"modified":"2014-10-27T18:21:47","modified_gmt":"2014-10-27T20:21:47","slug":"simbolos-da-prevencao-e-da-garantia-de-direitos-outubro-rosa","status":"publish","type":"post","link":"https:\/\/lappis.org.br\/site\/simbolos-da-prevencao-e-da-garantia-de-direitos-outubro-rosa\/3096","title":{"rendered":"S\u00edmbolos da preven\u00e7\u00e3o e da garantia de direitos &#8211; Outubro Rosa"},"content":{"rendered":"<p><img fetchpriority=\"high\" decoding=\"async\" data-attachment-id=\"3095\" data-permalink=\"https:\/\/lappis.org.br\/site\/simbolos-da-prevencao-e-da-garantia-de-direitos-outubro-rosa\/3096\/attachment-outubro-rosa-480x270\" data-orig-file=\"https:\/\/lappis.org.br\/site\/wp-content\/uploads\/2014\/10\/Outubro-Rosa-480x270.jpg\" data-orig-size=\"480,270\" data-comments-opened=\"1\" data-image-meta=\"{&quot;aperture&quot;:&quot;0&quot;,&quot;credit&quot;:&quot;&quot;,&quot;camera&quot;:&quot;&quot;,&quot;caption&quot;:&quot;&quot;,&quot;created_timestamp&quot;:&quot;0&quot;,&quot;copyright&quot;:&quot;&quot;,&quot;focal_length&quot;:&quot;0&quot;,&quot;iso&quot;:&quot;0&quot;,&quot;shutter_speed&quot;:&quot;0&quot;,&quot;title&quot;:&quot;&quot;,&quot;orientation&quot;:&quot;0&quot;}\" data-image-title=\"Outubro-Rosa-480&#215;270\" data-image-description=\"\" data-image-caption=\"\" data-medium-file=\"https:\/\/lappis.org.br\/site\/wp-content\/uploads\/2014\/10\/Outubro-Rosa-480x270-300x169.jpg\" data-large-file=\"https:\/\/lappis.org.br\/site\/wp-content\/uploads\/2014\/10\/Outubro-Rosa-480x270.jpg\" class=\" alignleft size-full wp-image-3095\" style=\"float: left;\" src=\"http:\/\/lappis.org.br\/site\/wp-content\/uploads\/2014\/10\/Outubro-Rosa-480x270.jpg\" alt=\"Outubro-Rosa-480x270\" width=\"366\" height=\"206\" srcset=\"https:\/\/lappis.org.br\/site\/wp-content\/uploads\/2014\/10\/Outubro-Rosa-480x270.jpg 480w, https:\/\/lappis.org.br\/site\/wp-content\/uploads\/2014\/10\/Outubro-Rosa-480x270-300x169.jpg 300w\" sizes=\"(max-width: 366px) 100vw, 366px\" \/>Outubro Rosa \u00e9 um movimento mundial, onde se intensificam a\u00e7\u00f5es de preven\u00e7\u00e3o ao c\u00e2ncer de mama, entre diversas outras pr\u00e1ticas integradas, focadas na sa\u00fade da mulher. Historicamente, a express\u00e3o \u201cOutubro Rosa\u201d remonta \u00e0 \u00faltima d\u00e9cada do s\u00e9culo 20, quando o simbolismo do la\u00e7o cor-de-rosa foi elevado pela Funda\u00e7\u00e3o Susan G. Komen for the Cure, que distribuiu fitinhas aos participantes da primeira Corrida pela Cura, realizada em Nova York em 1990, e que desde ent\u00e3o \u00e9 promovida anualmente na cidade.<\/p>\n<p>&nbsp;<\/p>\n<p>&nbsp;<\/p>\n<p>A primeira iniciativa vista no Brasil foi a ilumina\u00e7\u00e3o em rosa do monumento Mausol\u00e9u do Soldado Constitucionalista (mais conhecido como o Obelisco do Ibirapuera), situado em S\u00e3o Paulo-SP, no dia 02 de outubro de 2002, quando foram comemorados os 70 Anos do Encerramento da Revolu\u00e7\u00e3o. Essa iniciativa partiu de um grupo de mulheres simpatizantes com a causa do c\u00e2ncer de mama e com a milit\u00e2ncia por pol\u00edticas de preven\u00e7\u00e3o. O grupo conseguiu apoio de uma conceituada empresa europeia para viabilizar a ilumina\u00e7\u00e3o do monumento, propondo uma reflex\u00e3o sobre o que pode ser feito acerca do bem estar feminino.<\/p>\n<p>&nbsp;<\/p>\n<p>A partir desta a\u00e7\u00e3o, diversas outras entidades relacionadas ao c\u00e2ncer de mama e a promo\u00e7\u00e3o da sa\u00fade da mulher se articularam para financiar campanhas educativas, corridas, eventos culturais, al\u00e9m de iluminarem de rosa monumentos e pr\u00e9dios de grande referencial arquitet\u00f4nico, como o Cristo Redentor no Rio de Janeiro, o Pal\u00e1cio Anchieta no Esp\u00edrito Santo, o Pal\u00e1cio do Planalto em Bras\u00edlia a Catedral Metropolitana de Florian\u00f3polis, entre outros tantos, o que classifica o Outubro Rosa como parte integrante da agenda nacional.<\/p>\n<p>Na atualidade, manifesta\u00e7\u00f5es pela garantia dos direitos das mulheres usam como pretexto o m\u00eas de Outubro, integrando-se \u00e0s atividades do Outubro Rosa para alcan\u00e7arem maior visibilidade. \u00c9 uma oportunidade por exemplo, para exigirem que a Lei dos 60 dias, que garante ao paciente oncol\u00f3gico o in\u00edcio de seu tratamento em at\u00e9 60 dias ap\u00f3s o diagn\u00f3stico da doen\u00e7a, seja respeitada conforme a constitui\u00e7\u00e3o, no n\u00famero 12.732\/12. A Lei, foi sancionada pela presidenta da Rep\u00fablica, Dilma Rousseff, em novembro de 2012.<\/p>\n<p>&nbsp;<\/p>\n<p>Saiba quais s\u00e3o os principais direitos da mulher em rela\u00e7\u00e3o \u00e0 sua sa\u00fade! Confira<a href=\"http:\/\/bvsms.saude.gov.br\/bvs\/legislacao\/mulher.php\"> AQUI.<\/a><\/p>\n","protected":false},"excerpt":{"rendered":"<div class=\"mh-excerpt\"><p><img decoding=\"async\" class=\" alignleft size-full wp-image-3095\" style=\"float: left;\" src=\"http:\/\/lappis.org.br\/site\/wp-content\/uploads\/2014\/10\/Outubro-Rosa-480x270.jpg\" alt=\"Outubro-Rosa-480x270\" width=\"366\" height=\"206\" srcset=\"https:\/\/lappis.org.br\/site\/wp-content\/uploads\/2014\/10\/Outubro-Rosa-480x270.jpg 480w, https:\/\/lappis.org.br\/site\/wp-content\/uploads\/2014\/10\/Outubro-Rosa-480x270-300x169.jpg 300w\" sizes=\"(max-width: 366px) 100vw, 366px\" \/>Outubro Rosa \u00e9 um movimento mundial, onde se intensificam a\u00e7\u00f5es de preven\u00e7\u00e3o ao c\u00e2ncer de mama, entre diversas outras pr\u00e1ticas integradas, focadas na sa\u00fade da mulher. Historicamente, a express\u00e3o \u201cOutubro Rosa\u201d remonta \u00e0 \u00faltima d\u00e9cada do s\u00e9culo 20, quando o simbolismo do la\u00e7o cor-de-rosa foi elevado pela Funda\u00e7\u00e3o Susan G. Komen for the Cure, que distribuiu fitinhas aos participantes da primeira Corrida pela Cura, realizada em Nova York em 1990, e que desde ent\u00e3o \u00e9 promovida anualmente na cidade.<\/p>\n<p>  <a class=\"mh-excerpt-more\" href=\"https:\/\/lappis.org.br\/site\/simbolos-da-prevencao-e-da-garantia-de-direitos-outubro-rosa\/3096\" title=\"S\u00edmbolos da preven\u00e7\u00e3o e da garantia de direitos &#8211; Outubro Rosa\">[&#8230;]<\/a><\/p>\n<\/div>","protected":false},"author":1,"featured_media":3095,"comment_status":"open","ping_status":"open","sticky":false,"template":"","format":"standard","meta":{"_acf_changed":false,"_exactmetrics_skip_tracking":false,"_exactmetrics_sitenote_active":false,"_exactmetrics_sitenote_note":"","_exactmetrics_sitenote_category":0,"jetpack_post_was_ever_published":false,"_jetpack_newsletter_access":"","_jetpack_dont_email_post_to_subs":false,"_jetpack_newsletter_tier_id":0,"_jetpack_memberships_contains_paywalled_content":false,"_jetpack_memberships_contains_paid_content":false,"footnotes":"","jetpack_publicize_message":"","jetpack_publicize_feature_enabled":true,"jetpack_social_post_already_shared":false,"jetpack_social_options":{"image_generator_settings":{"template":"highway","enabled":false},"version":2}},"categories":[8],"tags":[],"class_list":{"0":"post-3096","1":"post","2":"type-post","3":"status-publish","4":"format-standard","5":"has-post-thumbnail","7":"category-noticia"},"jetpack_publicize_connections":[],"acf":[],"yoast_head":"<!-- This site is optimized with the Yoast SEO plugin v25.2 - https:\/\/yoast.com\/wordpress\/plugins\/seo\/ -->\n<title>S\u00edmbolos da preven\u00e7\u00e3o e da garantia de direitos - Outubro Rosa - Lappis 25 anos<\/title>\n<meta name=\"robots\" content=\"index, follow, max-snippet:-1, max-image-preview:large, max-video-preview:-1\" \/>\n<link rel=\"canonical\" href=\"https:\/\/lappis.org.br\/site\/simbolos-da-prevencao-e-da-garantia-de-direitos-outubro-rosa\/3096\" \/>\n<meta property=\"og:locale\" content=\"pt_BR\" \/>\n<meta property=\"og:type\" content=\"article\" \/>\n<meta property=\"og:title\" content=\"S\u00edmbolos da preven\u00e7\u00e3o e da garantia de direitos - Outubro Rosa - Lappis 25 anos\" \/>\n<meta property=\"og:description\" content=\"Outubro Rosa \u00e9 um movimento mundial, onde se intensificam a\u00e7\u00f5es de preven\u00e7\u00e3o ao c\u00e2ncer de mama, entre diversas outras pr\u00e1ticas integradas, focadas na sa\u00fade da mulher. Historicamente, a express\u00e3o \u201cOutubro Rosa\u201d remonta \u00e0 \u00faltima d\u00e9cada do s\u00e9culo 20, quando o simbolismo do la\u00e7o cor-de-rosa foi elevado pela Funda\u00e7\u00e3o Susan G. Komen for the Cure, que distribuiu fitinhas aos participantes da primeira Corrida pela Cura, realizada em Nova York em 1990, e que desde ent\u00e3o \u00e9 promovida anualmente na cidade. [...]\" \/>\n<meta property=\"og:url\" content=\"https:\/\/lappis.org.br\/site\/simbolos-da-prevencao-e-da-garantia-de-direitos-outubro-rosa\/3096\" \/>\n<meta property=\"og:site_name\" content=\"Lappis 25 anos\" \/>\n<meta property=\"article:published_time\" content=\"2014-10-27T20:21:47+00:00\" \/>\n<meta property=\"og:image\" content=\"https:\/\/lappis.org.br\/site\/wp-content\/uploads\/2014\/10\/Outubro-Rosa-480x270.jpg\" \/>\n\t<meta property=\"og:image:width\" content=\"480\" \/>\n\t<meta property=\"og:image:height\" content=\"270\" \/>\n\t<meta property=\"og:image:type\" content=\"image\/jpeg\" \/>\n<meta name=\"author\" content=\"fw2\" \/>\n<meta name=\"twitter:card\" content=\"summary_large_image\" \/>\n<meta name=\"twitter:label1\" content=\"Escrito por\" \/>\n\t<meta name=\"twitter:data1\" content=\"fw2\" \/>\n\t<meta name=\"twitter:label2\" content=\"Est. tempo de leitura\" \/>\n\t<meta name=\"twitter:data2\" content=\"2 minutos\" \/>\n<script type=\"application\/ld+json\" class=\"yoast-schema-graph\">{\"@context\":\"https:\/\/schema.org\",\"@graph\":[{\"@type\":\"Article\",\"@id\":\"https:\/\/lappis.org.br\/site\/simbolos-da-prevencao-e-da-garantia-de-direitos-outubro-rosa\/3096#article\",\"isPartOf\":{\"@id\":\"https:\/\/lappis.org.br\/site\/simbolos-da-prevencao-e-da-garantia-de-direitos-outubro-rosa\/3096\"},\"author\":{\"name\":\"fw2\",\"@id\":\"https:\/\/lappis.org.br\/site\/#\/schema\/person\/3852381d08284b5e2716b20bd89bdbcf\"},\"headline\":\"S\u00edmbolos da preven\u00e7\u00e3o e da garantia de direitos &#8211; Outubro Rosa\",\"datePublished\":\"2014-10-27T20:21:47+00:00\",\"mainEntityOfPage\":{\"@id\":\"https:\/\/lappis.org.br\/site\/simbolos-da-prevencao-e-da-garantia-de-direitos-outubro-rosa\/3096\"},\"wordCount\":402,\"commentCount\":0,\"publisher\":{\"@id\":\"https:\/\/lappis.org.br\/site\/#organization\"},\"image\":{\"@id\":\"https:\/\/lappis.org.br\/site\/simbolos-da-prevencao-e-da-garantia-de-direitos-outubro-rosa\/3096#primaryimage\"},\"thumbnailUrl\":\"https:\/\/lappis.org.br\/site\/wp-content\/uploads\/2014\/10\/Outubro-Rosa-480x270.jpg\",\"articleSection\":[\"Not\u00edcia\"],\"inLanguage\":\"pt-BR\",\"potentialAction\":[{\"@type\":\"CommentAction\",\"name\":\"Comment\",\"target\":[\"https:\/\/lappis.org.br\/site\/simbolos-da-prevencao-e-da-garantia-de-direitos-outubro-rosa\/3096#respond\"]}]},{\"@type\":\"WebPage\",\"@id\":\"https:\/\/lappis.org.br\/site\/simbolos-da-prevencao-e-da-garantia-de-direitos-outubro-rosa\/3096\",\"url\":\"https:\/\/lappis.org.br\/site\/simbolos-da-prevencao-e-da-garantia-de-direitos-outubro-rosa\/3096\",\"name\":\"S\u00edmbolos da preven\u00e7\u00e3o e da garantia de direitos - Outubro Rosa - Lappis 25 anos\",\"isPartOf\":{\"@id\":\"https:\/\/lappis.org.br\/site\/#website\"},\"primaryImageOfPage\":{\"@id\":\"https:\/\/lappis.org.br\/site\/simbolos-da-prevencao-e-da-garantia-de-direitos-outubro-rosa\/3096#primaryimage\"},\"image\":{\"@id\":\"https:\/\/lappis.org.br\/site\/simbolos-da-prevencao-e-da-garantia-de-direitos-outubro-rosa\/3096#primaryimage\"},\"thumbnailUrl\":\"https:\/\/lappis.org.br\/site\/wp-content\/uploads\/2014\/10\/Outubro-Rosa-480x270.jpg\",\"datePublished\":\"2014-10-27T20:21:47+00:00\",\"breadcrumb\":{\"@id\":\"https:\/\/lappis.org.br\/site\/simbolos-da-prevencao-e-da-garantia-de-direitos-outubro-rosa\/3096#breadcrumb\"},\"inLanguage\":\"pt-BR\",\"potentialAction\":[{\"@type\":\"ReadAction\",\"target\":[\"https:\/\/lappis.org.br\/site\/simbolos-da-prevencao-e-da-garantia-de-direitos-outubro-rosa\/3096\"]}]},{\"@type\":\"ImageObject\",\"inLanguage\":\"pt-BR\",\"@id\":\"https:\/\/lappis.org.br\/site\/simbolos-da-prevencao-e-da-garantia-de-direitos-outubro-rosa\/3096#primaryimage\",\"url\":\"https:\/\/lappis.org.br\/site\/wp-content\/uploads\/2014\/10\/Outubro-Rosa-480x270.jpg\",\"contentUrl\":\"https:\/\/lappis.org.br\/site\/wp-content\/uploads\/2014\/10\/Outubro-Rosa-480x270.jpg\",\"width\":480,\"height\":270,\"caption\":\"Outubro-Rosa-480x270\"},{\"@type\":\"BreadcrumbList\",\"@id\":\"https:\/\/lappis.org.br\/site\/simbolos-da-prevencao-e-da-garantia-de-direitos-outubro-rosa\/3096#breadcrumb\",\"itemListElement\":[{\"@type\":\"ListItem\",\"position\":1,\"name\":\"In\u00edcio\",\"item\":\"https:\/\/lappis.org.br\/site\/\"},{\"@type\":\"ListItem\",\"position\":2,\"name\":\"S\u00edmbolos da preven\u00e7\u00e3o e da garantia de direitos &#8211; Outubro Rosa\"}]},{\"@type\":\"WebSite\",\"@id\":\"https:\/\/lappis.org.br\/site\/#website\",\"url\":\"https:\/\/lappis.org.br\/site\/\",\"name\":\"Lappis 25 anos\",\"description\":\"Labotat\u00f3rio de Pesquisas sobre Pr\u00e1ticas de Integralidade em Sa\u00fade\",\"publisher\":{\"@id\":\"https:\/\/lappis.org.br\/site\/#organization\"},\"potentialAction\":[{\"@type\":\"SearchAction\",\"target\":{\"@type\":\"EntryPoint\",\"urlTemplate\":\"https:\/\/lappis.org.br\/site\/?s={search_term_string}\"},\"query-input\":{\"@type\":\"PropertyValueSpecification\",\"valueRequired\":true,\"valueName\":\"search_term_string\"}}],\"inLanguage\":\"pt-BR\"},{\"@type\":\"Organization\",\"@id\":\"https:\/\/lappis.org.br\/site\/#organization\",\"name\":\"Lappis 25 anos\",\"url\":\"https:\/\/lappis.org.br\/site\/\",\"logo\":{\"@type\":\"ImageObject\",\"inLanguage\":\"pt-BR\",\"@id\":\"https:\/\/lappis.org.br\/site\/#\/schema\/logo\/image\/\",\"url\":\"https:\/\/lappis.org.br\/site\/wp-content\/uploads\/2025\/03\/logo-lappis25anos.png\",\"contentUrl\":\"https:\/\/lappis.org.br\/site\/wp-content\/uploads\/2025\/03\/logo-lappis25anos.png\",\"width\":388,\"height\":146,\"caption\":\"Lappis 25 anos\"},\"image\":{\"@id\":\"https:\/\/lappis.org.br\/site\/#\/schema\/logo\/image\/\"}},{\"@type\":\"Person\",\"@id\":\"https:\/\/lappis.org.br\/site\/#\/schema\/person\/3852381d08284b5e2716b20bd89bdbcf\",\"name\":\"fw2\",\"image\":{\"@type\":\"ImageObject\",\"inLanguage\":\"pt-BR\",\"@id\":\"https:\/\/lappis.org.br\/site\/#\/schema\/person\/image\/\",\"url\":\"https:\/\/secure.gravatar.com\/avatar\/c38472c0cdbde82d9b6fcc26adb3779d?s=96&d=mm&r=g\",\"contentUrl\":\"https:\/\/secure.gravatar.com\/avatar\/c38472c0cdbde82d9b6fcc26adb3779d?s=96&d=mm&r=g\",\"caption\":\"fw2\"},\"url\":\"https:\/\/lappis.org.br\/site\/author\/fw2\"}]}<\/script>\n<!-- \/ Yoast SEO plugin. -->","yoast_head_json":{"title":"S\u00edmbolos da preven\u00e7\u00e3o e da garantia de direitos - Outubro Rosa - Lappis 25 anos","robots":{"index":"index","follow":"follow","max-snippet":"max-snippet:-1","max-image-preview":"max-image-preview:large","max-video-preview":"max-video-preview:-1"},"canonical":"https:\/\/lappis.org.br\/site\/simbolos-da-prevencao-e-da-garantia-de-direitos-outubro-rosa\/3096","og_locale":"pt_BR","og_type":"article","og_title":"S\u00edmbolos da preven\u00e7\u00e3o e da garantia de direitos - Outubro Rosa - Lappis 25 anos","og_description":"Outubro Rosa \u00e9 um movimento mundial, onde se intensificam a\u00e7\u00f5es de preven\u00e7\u00e3o ao c\u00e2ncer de mama, entre diversas outras pr\u00e1ticas integradas, focadas na sa\u00fade da mulher. Historicamente, a express\u00e3o \u201cOutubro Rosa\u201d remonta \u00e0 \u00faltima d\u00e9cada do s\u00e9culo 20, quando o simbolismo do la\u00e7o cor-de-rosa foi elevado pela Funda\u00e7\u00e3o Susan G. Komen for the Cure, que distribuiu fitinhas aos participantes da primeira Corrida pela Cura, realizada em Nova York em 1990, e que desde ent\u00e3o \u00e9 promovida anualmente na cidade. [...]","og_url":"https:\/\/lappis.org.br\/site\/simbolos-da-prevencao-e-da-garantia-de-direitos-outubro-rosa\/3096","og_site_name":"Lappis 25 anos","article_published_time":"2014-10-27T20:21:47+00:00","og_image":[{"width":480,"height":270,"url":"https:\/\/lappis.org.br\/site\/wp-content\/uploads\/2014\/10\/Outubro-Rosa-480x270.jpg","type":"image\/jpeg"}],"author":"fw2","twitter_card":"summary_large_image","twitter_misc":{"Escrito por":"fw2","Est. tempo de leitura":"2 minutos"},"schema":{"@context":"https:\/\/schema.org","@graph":[{"@type":"Article","@id":"https:\/\/lappis.org.br\/site\/simbolos-da-prevencao-e-da-garantia-de-direitos-outubro-rosa\/3096#article","isPartOf":{"@id":"https:\/\/lappis.org.br\/site\/simbolos-da-prevencao-e-da-garantia-de-direitos-outubro-rosa\/3096"},"author":{"name":"fw2","@id":"https:\/\/lappis.org.br\/site\/#\/schema\/person\/3852381d08284b5e2716b20bd89bdbcf"},"headline":"S\u00edmbolos da preven\u00e7\u00e3o e da garantia de direitos &#8211; Outubro Rosa","datePublished":"2014-10-27T20:21:47+00:00","mainEntityOfPage":{"@id":"https:\/\/lappis.org.br\/site\/simbolos-da-prevencao-e-da-garantia-de-direitos-outubro-rosa\/3096"},"wordCount":402,"commentCount":0,"publisher":{"@id":"https:\/\/lappis.org.br\/site\/#organization"},"image":{"@id":"https:\/\/lappis.org.br\/site\/simbolos-da-prevencao-e-da-garantia-de-direitos-outubro-rosa\/3096#primaryimage"},"thumbnailUrl":"https:\/\/lappis.org.br\/site\/wp-content\/uploads\/2014\/10\/Outubro-Rosa-480x270.jpg","articleSection":["Not\u00edcia"],"inLanguage":"pt-BR","potentialAction":[{"@type":"CommentAction","name":"Comment","target":["https:\/\/lappis.org.br\/site\/simbolos-da-prevencao-e-da-garantia-de-direitos-outubro-rosa\/3096#respond"]}]},{"@type":"WebPage","@id":"https:\/\/lappis.org.br\/site\/simbolos-da-prevencao-e-da-garantia-de-direitos-outubro-rosa\/3096","url":"https:\/\/lappis.org.br\/site\/simbolos-da-prevencao-e-da-garantia-de-direitos-outubro-rosa\/3096","name":"S\u00edmbolos da preven\u00e7\u00e3o e da garantia de direitos - Outubro Rosa - Lappis 25 anos","isPartOf":{"@id":"https:\/\/lappis.org.br\/site\/#website"},"primaryImageOfPage":{"@id":"https:\/\/lappis.org.br\/site\/simbolos-da-prevencao-e-da-garantia-de-direitos-outubro-rosa\/3096#primaryimage"},"image":{"@id":"https:\/\/lappis.org.br\/site\/simbolos-da-prevencao-e-da-garantia-de-direitos-outubro-rosa\/3096#primaryimage"},"thumbnailUrl":"https:\/\/lappis.org.br\/site\/wp-content\/uploads\/2014\/10\/Outubro-Rosa-480x270.jpg","datePublished":"2014-10-27T20:21:47+00:00","breadcrumb":{"@id":"https:\/\/lappis.org.br\/site\/simbolos-da-prevencao-e-da-garantia-de-direitos-outubro-rosa\/3096#breadcrumb"},"inLanguage":"pt-BR","potentialAction":[{"@type":"ReadAction","target":["https:\/\/lappis.org.br\/site\/simbolos-da-prevencao-e-da-garantia-de-direitos-outubro-rosa\/3096"]}]},{"@type":"ImageObject","inLanguage":"pt-BR","@id":"https:\/\/lappis.org.br\/site\/simbolos-da-prevencao-e-da-garantia-de-direitos-outubro-rosa\/3096#primaryimage","url":"https:\/\/lappis.org.br\/site\/wp-content\/uploads\/2014\/10\/Outubro-Rosa-480x270.jpg","contentUrl":"https:\/\/lappis.org.br\/site\/wp-content\/uploads\/2014\/10\/Outubro-Rosa-480x270.jpg","width":480,"height":270,"caption":"Outubro-Rosa-480x270"},{"@type":"BreadcrumbList","@id":"https:\/\/lappis.org.br\/site\/simbolos-da-prevencao-e-da-garantia-de-direitos-outubro-rosa\/3096#breadcrumb","itemListElement":[{"@type":"ListItem","position":1,"name":"In\u00edcio","item":"https:\/\/lappis.org.br\/site\/"},{"@type":"ListItem","position":2,"name":"S\u00edmbolos da preven\u00e7\u00e3o e da garantia de direitos &#8211; Outubro Rosa"}]},{"@type":"WebSite","@id":"https:\/\/lappis.org.br\/site\/#website","url":"https:\/\/lappis.org.br\/site\/","name":"Lappis 25 anos","description":"Labotat\u00f3rio de Pesquisas sobre Pr\u00e1ticas de Integralidade em Sa\u00fade","publisher":{"@id":"https:\/\/lappis.org.br\/site\/#organization"},"potentialAction":[{"@type":"SearchAction","target":{"@type":"EntryPoint","urlTemplate":"https:\/\/lappis.org.br\/site\/?s={search_term_string}"},"query-input":{"@type":"PropertyValueSpecification","valueRequired":true,"valueName":"search_term_string"}}],"inLanguage":"pt-BR"},{"@type":"Organization","@id":"https:\/\/lappis.org.br\/site\/#organization","name":"Lappis 25 anos","url":"https:\/\/lappis.org.br\/site\/","logo":{"@type":"ImageObject","inLanguage":"pt-BR","@id":"https:\/\/lappis.org.br\/site\/#\/schema\/logo\/image\/","url":"https:\/\/lappis.org.br\/site\/wp-content\/uploads\/2025\/03\/logo-lappis25anos.png","contentUrl":"https:\/\/lappis.org.br\/site\/wp-content\/uploads\/2025\/03\/logo-lappis25anos.png","width":388,"height":146,"caption":"Lappis 25 anos"},"image":{"@id":"https:\/\/lappis.org.br\/site\/#\/schema\/logo\/image\/"}},{"@type":"Person","@id":"https:\/\/lappis.org.br\/site\/#\/schema\/person\/3852381d08284b5e2716b20bd89bdbcf","name":"fw2","image":{"@type":"ImageObject","inLanguage":"pt-BR","@id":"https:\/\/lappis.org.br\/site\/#\/schema\/person\/image\/","url":"https:\/\/secure.gravatar.com\/avatar\/c38472c0cdbde82d9b6fcc26adb3779d?s=96&d=mm&r=g","contentUrl":"https:\/\/secure.gravatar.com\/avatar\/c38472c0cdbde82d9b6fcc26adb3779d?s=96&d=mm&r=g","caption":"fw2"},"url":"https:\/\/lappis.org.br\/site\/author\/fw2"}]}},"jetpack_featured_media_url":"https:\/\/lappis.org.br\/site\/wp-content\/uploads\/2014\/10\/Outubro-Rosa-480x270.jpg","jetpack_shortlink":"https:\/\/wp.me\/p954Nh-NW","jetpack_sharing_enabled":true,"_links":{"self":[{"href":"https:\/\/lappis.org.br\/site\/wp-json\/wp\/v2\/posts\/3096"}],"collection":[{"href":"https:\/\/lappis.org.br\/site\/wp-json\/wp\/v2\/posts"}],"about":[{"href":"https:\/\/lappis.org.br\/site\/wp-json\/wp\/v2\/types\/post"}],"author":[{"embeddable":true,"href":"https:\/\/lappis.org.br\/site\/wp-json\/wp\/v2\/users\/1"}],"replies":[{"embeddable":true,"href":"https:\/\/lappis.org.br\/site\/wp-json\/wp\/v2\/comments?post=3096"}],"version-history":[{"count":0,"href":"https:\/\/lappis.org.br\/site\/wp-json\/wp\/v2\/posts\/3096\/revisions"}],"wp:featuredmedia":[{"embeddable":true,"href":"https:\/\/lappis.org.br\/site\/wp-json\/wp\/v2\/media\/3095"}],"wp:attachment":[{"href":"https:\/\/lappis.org.br\/site\/wp-json\/wp\/v2\/media?parent=3096"}],"wp:term":[{"taxonomy":"category","embeddable":true,"href":"https:\/\/lappis.org.br\/site\/wp-json\/wp\/v2\/categories?post=3096"},{"taxonomy":"post_tag","embeddable":true,"href":"https:\/\/lappis.org.br\/site\/wp-json\/wp\/v2\/tags?post=3096"}],"curies":[{"name":"wp","href":"https:\/\/api.w.org\/{rel}","templated":true}]}}