{"id":3086,"date":"2014-10-23T15:42:21","date_gmt":"2014-10-23T17:42:21","guid":{"rendered":"http:\/\/lappis.org.br\/site\/2014\/10\/23\/equipe-da-ufrgs-transmite-seminario-integralidade-ao-vivo-2\/"},"modified":"2017-08-23T10:25:19","modified_gmt":"2017-08-23T13:25:19","slug":"equipe-da-ufrgs-transmite-seminario-integralidade-ao-vivo-2","status":"publish","type":"post","link":"https:\/\/lappis.org.br\/site\/equipe-da-ufrgs-transmite-seminario-integralidade-ao-vivo-2\/3086","title":{"rendered":"EQUIPE DA UFRGS TRANSMITE SEMIN\u00c1RIO INTEGRALIDADE AO VIVO"},"content":{"rendered":"<p style=\"padding-top: 5px; padding-bottom: 5px; color: #5f5f5f; font-family: 'Open Sans', Helvetica, Arial, sans-serif; font-size: 12px; line-height: 22.0799999237061px; text-align: justify;\"><img decoding=\"async\" data-attachment-id=\"3068\" data-permalink=\"https:\/\/lappis.org.br\/site\/equipe-da-ufrgs-transmite-seminario-integralidade-ao-vivo-2\/3086\/attachment-ao-vivo-seminario-flyer\" data-orig-file=\"https:\/\/lappis.org.br\/site\/wp-content\/uploads\/2014\/10\/AO_vivo_semin\u00e1rio_flyer.jpg\" data-orig-size=\"1410,792\" data-comments-opened=\"1\" data-image-meta=\"{&quot;aperture&quot;:&quot;2.4&quot;,&quot;credit&quot;:&quot;&quot;,&quot;camera&quot;:&quot;XT1040&quot;,&quot;caption&quot;:&quot;&quot;,&quot;created_timestamp&quot;:&quot;1039348800&quot;,&quot;copyright&quot;:&quot;&quot;,&quot;focal_length&quot;:&quot;3.5&quot;,&quot;iso&quot;:&quot;400&quot;,&quot;shutter_speed&quot;:&quot;0.03&quot;,&quot;title&quot;:&quot;&quot;,&quot;orientation&quot;:&quot;0&quot;}\" data-image-title=\"AO vivo semin\u00e1rio flyer\" data-image-description=\"\" data-image-caption=\"\" data-medium-file=\"https:\/\/lappis.org.br\/site\/wp-content\/uploads\/2014\/10\/AO_vivo_semin\u00e1rio_flyer-300x169.jpg\" data-large-file=\"https:\/\/lappis.org.br\/site\/wp-content\/uploads\/2014\/10\/AO_vivo_semin\u00e1rio_flyer-1024x575.jpg\" class=\" alignleft size-full wp-image-3068\" style=\"margin: 3px; max-width: 100%; vertical-align: middle; border: 2px solid #000000; float: left;\" src=\"http:\/\/lappis.org.br\/site\/wp-content\/uploads\/2014\/10\/AO_vivo_semin%C3%A1rio_flyer.jpg\" alt=\"AO vivo semin\u00e1rio flyer\" width=\"297\" height=\"167\" \/><span style=\"color: #000000;\">A equipe do Plageder da Universidade Federal do Rio Grande do Sul, disponibilizou um sistema de transmiss\u00e3o ao vivo para que todos possam assistir ao XIV Semin\u00e1rio Internacional Integralidade (atividades Brasil &#8211; parte da tarde) de onde estiverem, acessando o site do LAPPIS. Esta mesma equipe, que \u00e9 composta por:&nbsp;<span style=\"font-family: arial, sans-serif; font-size: 13px; line-height: normal;\">Jonathas (Transmiss\u00e3o e T\u00e9cnica)William (C\u00e2mera 1) Membro da TV UFRGS (C\u00e2mera 2)Ta\u00eds (Mesa de Corte e VT)<\/span>&nbsp;est\u00e1 auxiliando os profissionais da Comunica\u00e7\u00e3o do Lappis no registro fotogr\u00e1fico de cada uma das atividades e no suporte t\u00e9cnico para produ\u00e7\u00e3o audiovisual.<\/span><\/p>\n<p style=\"padding-top: 5px; padding-bottom: 5px; color: #5f5f5f; font-family: 'Open Sans', Helvetica, Arial, sans-serif; font-size: 12px; line-height: 22.0799999237061px; text-align: justify;\"><span style=\"color: #000000;\">Para ter acesso ao conte\u00fado do evento, basta&nbsp;<\/span><span style=\"color: #0000ff;\"><a style=\"color: #333333;\" href=\"http:\/\/lappis.org.br\/site\/ao-vivo\/3065\"><span style=\"color: #0000ff;\">CLICAR<\/span><\/a>&nbsp;<span style=\"color: #000000;\">e assistir.<\/span><\/span><\/p>\n<p style=\"padding-top: 5px; padding-bottom: 5px; color: #5f5f5f; font-family: 'Open Sans', Helvetica, Arial, sans-serif; font-size: 12px; line-height: 22.0799999237061px; text-align: justify;\"><span style=\"color: #000000;\">Veja fotos e chamadas do evento na nossa p\u00e1gina do<\/span>&nbsp;<a style=\"color: #333333;\" href=\"https:\/\/www.facebook.com\/lappis.integralidade\">Facebook!<\/a><\/p>\n","protected":false},"excerpt":{"rendered":"<div class=\"mh-excerpt\"><p>A equipe do Plageder da Universidade Federal do Rio Grande do Sul, disponibilizou um sistema de transmiss\u00e3o ao vivo para que todos possam assistir ao XIV Semin\u00e1rio Internacional Integralidade (atividades Brasil &#8211; parte da tarde) <a class=\"mh-excerpt-more\" href=\"https:\/\/lappis.org.br\/site\/equipe-da-ufrgs-transmite-seminario-integralidade-ao-vivo-2\/3086\" title=\"EQUIPE DA UFRGS TRANSMITE SEMIN\u00c1RIO INTEGRALIDADE AO VIVO\">[&#8230;]<\/a><\/p>\n<\/div>","protected":false},"author":1,"featured_media":3068,"comment_status":"open","ping_status":"open","sticky":false,"template":"","format":"standard","meta":{"_acf_changed":false,"_exactmetrics_skip_tracking":false,"_exactmetrics_sitenote_active":false,"_exactmetrics_sitenote_note":"","_exactmetrics_sitenote_category":0,"jetpack_post_was_ever_published":false,"_jetpack_newsletter_access":"","_jetpack_dont_email_post_to_subs":false,"_jetpack_newsletter_tier_id":0,"_jetpack_memberships_contains_paywalled_content":false,"_jetpack_memberships_contains_paid_content":false,"footnotes":"","jetpack_publicize_message":"","jetpack_publicize_feature_enabled":true,"jetpack_social_post_already_shared":false,"jetpack_social_options":{"image_generator_settings":{"template":"highway","enabled":false},"version":2}},"categories":[77],"tags":[],"class_list":{"0":"post-3086","1":"post","2":"type-post","3":"status-publish","4":"format-standard","5":"has-post-thumbnail","7":"category-noticias-xiv-seminario"},"jetpack_publicize_connections":[],"acf":[],"yoast_head":"<!-- This site is optimized with the Yoast SEO plugin v25.2 - https:\/\/yoast.com\/wordpress\/plugins\/seo\/ -->\n<title>EQUIPE DA UFRGS TRANSMITE SEMIN\u00c1RIO INTEGRALIDADE AO VIVO - Lappis 25 anos<\/title>\n<meta name=\"robots\" content=\"index, follow, max-snippet:-1, max-image-preview:large, max-video-preview:-1\" \/>\n<link rel=\"canonical\" href=\"https:\/\/lappis.org.br\/site\/equipe-da-ufrgs-transmite-seminario-integralidade-ao-vivo-2\/3086\" \/>\n<meta property=\"og:locale\" content=\"pt_BR\" \/>\n<meta property=\"og:type\" content=\"article\" \/>\n<meta property=\"og:title\" content=\"EQUIPE DA UFRGS TRANSMITE SEMIN\u00c1RIO INTEGRALIDADE AO VIVO - Lappis 25 anos\" \/>\n<meta property=\"og:description\" content=\"A equipe do Plageder da Universidade Federal do Rio Grande do Sul, disponibilizou um sistema de transmiss\u00e3o ao vivo para que todos possam assistir ao XIV Semin\u00e1rio Internacional Integralidade (atividades Brasil &#8211; parte da tarde) [...]\" \/>\n<meta property=\"og:url\" content=\"https:\/\/lappis.org.br\/site\/equipe-da-ufrgs-transmite-seminario-integralidade-ao-vivo-2\/3086\" \/>\n<meta property=\"og:site_name\" content=\"Lappis 25 anos\" \/>\n<meta property=\"article:published_time\" content=\"2014-10-23T17:42:21+00:00\" \/>\n<meta property=\"article:modified_time\" content=\"2017-08-23T13:25:19+00:00\" \/>\n<meta property=\"og:image\" content=\"https:\/\/lappis.org.br\/site\/wp-content\/uploads\/2014\/10\/AO_vivo_semin\u00e1rio_flyer.jpg\" \/>\n\t<meta property=\"og:image:width\" content=\"1410\" \/>\n\t<meta property=\"og:image:height\" content=\"792\" \/>\n\t<meta property=\"og:image:type\" content=\"image\/jpeg\" \/>\n<meta name=\"author\" content=\"fw2\" \/>\n<meta name=\"twitter:card\" content=\"summary_large_image\" \/>\n<meta name=\"twitter:label1\" content=\"Escrito por\" \/>\n\t<meta name=\"twitter:data1\" content=\"fw2\" \/>\n\t<meta name=\"twitter:label2\" content=\"Est. tempo de leitura\" \/>\n\t<meta name=\"twitter:data2\" content=\"1 minuto\" \/>\n<script type=\"application\/ld+json\" class=\"yoast-schema-graph\">{\"@context\":\"https:\/\/schema.org\",\"@graph\":[{\"@type\":\"Article\",\"@id\":\"https:\/\/lappis.org.br\/site\/equipe-da-ufrgs-transmite-seminario-integralidade-ao-vivo-2\/3086#article\",\"isPartOf\":{\"@id\":\"https:\/\/lappis.org.br\/site\/equipe-da-ufrgs-transmite-seminario-integralidade-ao-vivo-2\/3086\"},\"author\":{\"name\":\"fw2\",\"@id\":\"https:\/\/lappis.org.br\/site\/#\/schema\/person\/3852381d08284b5e2716b20bd89bdbcf\"},\"headline\":\"EQUIPE DA UFRGS TRANSMITE SEMIN\u00c1RIO INTEGRALIDADE AO VIVO\",\"datePublished\":\"2014-10-23T17:42:21+00:00\",\"dateModified\":\"2017-08-23T13:25:19+00:00\",\"mainEntityOfPage\":{\"@id\":\"https:\/\/lappis.org.br\/site\/equipe-da-ufrgs-transmite-seminario-integralidade-ao-vivo-2\/3086\"},\"wordCount\":138,\"commentCount\":0,\"publisher\":{\"@id\":\"https:\/\/lappis.org.br\/site\/#organization\"},\"image\":{\"@id\":\"https:\/\/lappis.org.br\/site\/equipe-da-ufrgs-transmite-seminario-integralidade-ao-vivo-2\/3086#primaryimage\"},\"thumbnailUrl\":\"https:\/\/lappis.org.br\/site\/wp-content\/uploads\/2014\/10\/AO_vivo_semin\u00e1rio_flyer.jpg\",\"articleSection\":[\"Not\u00edcias\"],\"inLanguage\":\"pt-BR\",\"potentialAction\":[{\"@type\":\"CommentAction\",\"name\":\"Comment\",\"target\":[\"https:\/\/lappis.org.br\/site\/equipe-da-ufrgs-transmite-seminario-integralidade-ao-vivo-2\/3086#respond\"]}]},{\"@type\":\"WebPage\",\"@id\":\"https:\/\/lappis.org.br\/site\/equipe-da-ufrgs-transmite-seminario-integralidade-ao-vivo-2\/3086\",\"url\":\"https:\/\/lappis.org.br\/site\/equipe-da-ufrgs-transmite-seminario-integralidade-ao-vivo-2\/3086\",\"name\":\"EQUIPE DA UFRGS TRANSMITE SEMIN\u00c1RIO INTEGRALIDADE AO VIVO - Lappis 25 anos\",\"isPartOf\":{\"@id\":\"https:\/\/lappis.org.br\/site\/#website\"},\"primaryImageOfPage\":{\"@id\":\"https:\/\/lappis.org.br\/site\/equipe-da-ufrgs-transmite-seminario-integralidade-ao-vivo-2\/3086#primaryimage\"},\"image\":{\"@id\":\"https:\/\/lappis.org.br\/site\/equipe-da-ufrgs-transmite-seminario-integralidade-ao-vivo-2\/3086#primaryimage\"},\"thumbnailUrl\":\"https:\/\/lappis.org.br\/site\/wp-content\/uploads\/2014\/10\/AO_vivo_semin\u00e1rio_flyer.jpg\",\"datePublished\":\"2014-10-23T17:42:21+00:00\",\"dateModified\":\"2017-08-23T13:25:19+00:00\",\"breadcrumb\":{\"@id\":\"https:\/\/lappis.org.br\/site\/equipe-da-ufrgs-transmite-seminario-integralidade-ao-vivo-2\/3086#breadcrumb\"},\"inLanguage\":\"pt-BR\",\"potentialAction\":[{\"@type\":\"ReadAction\",\"target\":[\"https:\/\/lappis.org.br\/site\/equipe-da-ufrgs-transmite-seminario-integralidade-ao-vivo-2\/3086\"]}]},{\"@type\":\"ImageObject\",\"inLanguage\":\"pt-BR\",\"@id\":\"https:\/\/lappis.org.br\/site\/equipe-da-ufrgs-transmite-seminario-integralidade-ao-vivo-2\/3086#primaryimage\",\"url\":\"https:\/\/lappis.org.br\/site\/wp-content\/uploads\/2014\/10\/AO_vivo_semin\u00e1rio_flyer.jpg\",\"contentUrl\":\"https:\/\/lappis.org.br\/site\/wp-content\/uploads\/2014\/10\/AO_vivo_semin\u00e1rio_flyer.jpg\",\"width\":1410,\"height\":792,\"caption\":\"AO vivo semin\u00e1rio flyer\"},{\"@type\":\"BreadcrumbList\",\"@id\":\"https:\/\/lappis.org.br\/site\/equipe-da-ufrgs-transmite-seminario-integralidade-ao-vivo-2\/3086#breadcrumb\",\"itemListElement\":[{\"@type\":\"ListItem\",\"position\":1,\"name\":\"In\u00edcio\",\"item\":\"https:\/\/lappis.org.br\/site\/\"},{\"@type\":\"ListItem\",\"position\":2,\"name\":\"EQUIPE DA UFRGS TRANSMITE SEMIN\u00c1RIO INTEGRALIDADE AO VIVO\"}]},{\"@type\":\"WebSite\",\"@id\":\"https:\/\/lappis.org.br\/site\/#website\",\"url\":\"https:\/\/lappis.org.br\/site\/\",\"name\":\"Lappis 25 anos\",\"description\":\"Labotat\u00f3rio de Pesquisas sobre Pr\u00e1ticas de Integralidade em Sa\u00fade\",\"publisher\":{\"@id\":\"https:\/\/lappis.org.br\/site\/#organization\"},\"potentialAction\":[{\"@type\":\"SearchAction\",\"target\":{\"@type\":\"EntryPoint\",\"urlTemplate\":\"https:\/\/lappis.org.br\/site\/?s={search_term_string}\"},\"query-input\":{\"@type\":\"PropertyValueSpecification\",\"valueRequired\":true,\"valueName\":\"search_term_string\"}}],\"inLanguage\":\"pt-BR\"},{\"@type\":\"Organization\",\"@id\":\"https:\/\/lappis.org.br\/site\/#organization\",\"name\":\"Lappis 25 anos\",\"url\":\"https:\/\/lappis.org.br\/site\/\",\"logo\":{\"@type\":\"ImageObject\",\"inLanguage\":\"pt-BR\",\"@id\":\"https:\/\/lappis.org.br\/site\/#\/schema\/logo\/image\/\",\"url\":\"https:\/\/lappis.org.br\/site\/wp-content\/uploads\/2025\/03\/logo-lappis25anos.png\",\"contentUrl\":\"https:\/\/lappis.org.br\/site\/wp-content\/uploads\/2025\/03\/logo-lappis25anos.png\",\"width\":388,\"height\":146,\"caption\":\"Lappis 25 anos\"},\"image\":{\"@id\":\"https:\/\/lappis.org.br\/site\/#\/schema\/logo\/image\/\"}},{\"@type\":\"Person\",\"@id\":\"https:\/\/lappis.org.br\/site\/#\/schema\/person\/3852381d08284b5e2716b20bd89bdbcf\",\"name\":\"fw2\",\"image\":{\"@type\":\"ImageObject\",\"inLanguage\":\"pt-BR\",\"@id\":\"https:\/\/lappis.org.br\/site\/#\/schema\/person\/image\/\",\"url\":\"https:\/\/secure.gravatar.com\/avatar\/c38472c0cdbde82d9b6fcc26adb3779d?s=96&d=mm&r=g\",\"contentUrl\":\"https:\/\/secure.gravatar.com\/avatar\/c38472c0cdbde82d9b6fcc26adb3779d?s=96&d=mm&r=g\",\"caption\":\"fw2\"},\"url\":\"https:\/\/lappis.org.br\/site\/author\/fw2\"}]}<\/script>\n<!-- \/ Yoast SEO plugin. -->","yoast_head_json":{"title":"EQUIPE DA UFRGS TRANSMITE SEMIN\u00c1RIO INTEGRALIDADE AO VIVO - Lappis 25 anos","robots":{"index":"index","follow":"follow","max-snippet":"max-snippet:-1","max-image-preview":"max-image-preview:large","max-video-preview":"max-video-preview:-1"},"canonical":"https:\/\/lappis.org.br\/site\/equipe-da-ufrgs-transmite-seminario-integralidade-ao-vivo-2\/3086","og_locale":"pt_BR","og_type":"article","og_title":"EQUIPE DA UFRGS TRANSMITE SEMIN\u00c1RIO INTEGRALIDADE AO VIVO - Lappis 25 anos","og_description":"A equipe do Plageder da Universidade Federal do Rio Grande do Sul, disponibilizou um sistema de transmiss\u00e3o ao vivo para que todos possam assistir ao XIV Semin\u00e1rio Internacional Integralidade (atividades Brasil &#8211; parte da tarde) [...]","og_url":"https:\/\/lappis.org.br\/site\/equipe-da-ufrgs-transmite-seminario-integralidade-ao-vivo-2\/3086","og_site_name":"Lappis 25 anos","article_published_time":"2014-10-23T17:42:21+00:00","article_modified_time":"2017-08-23T13:25:19+00:00","og_image":[{"width":1410,"height":792,"url":"https:\/\/lappis.org.br\/site\/wp-content\/uploads\/2014\/10\/AO_vivo_semin\u00e1rio_flyer.jpg","type":"image\/jpeg"}],"author":"fw2","twitter_card":"summary_large_image","twitter_misc":{"Escrito por":"fw2","Est. tempo de leitura":"1 minuto"},"schema":{"@context":"https:\/\/schema.org","@graph":[{"@type":"Article","@id":"https:\/\/lappis.org.br\/site\/equipe-da-ufrgs-transmite-seminario-integralidade-ao-vivo-2\/3086#article","isPartOf":{"@id":"https:\/\/lappis.org.br\/site\/equipe-da-ufrgs-transmite-seminario-integralidade-ao-vivo-2\/3086"},"author":{"name":"fw2","@id":"https:\/\/lappis.org.br\/site\/#\/schema\/person\/3852381d08284b5e2716b20bd89bdbcf"},"headline":"EQUIPE DA UFRGS TRANSMITE SEMIN\u00c1RIO INTEGRALIDADE AO VIVO","datePublished":"2014-10-23T17:42:21+00:00","dateModified":"2017-08-23T13:25:19+00:00","mainEntityOfPage":{"@id":"https:\/\/lappis.org.br\/site\/equipe-da-ufrgs-transmite-seminario-integralidade-ao-vivo-2\/3086"},"wordCount":138,"commentCount":0,"publisher":{"@id":"https:\/\/lappis.org.br\/site\/#organization"},"image":{"@id":"https:\/\/lappis.org.br\/site\/equipe-da-ufrgs-transmite-seminario-integralidade-ao-vivo-2\/3086#primaryimage"},"thumbnailUrl":"https:\/\/lappis.org.br\/site\/wp-content\/uploads\/2014\/10\/AO_vivo_semin\u00e1rio_flyer.jpg","articleSection":["Not\u00edcias"],"inLanguage":"pt-BR","potentialAction":[{"@type":"CommentAction","name":"Comment","target":["https:\/\/lappis.org.br\/site\/equipe-da-ufrgs-transmite-seminario-integralidade-ao-vivo-2\/3086#respond"]}]},{"@type":"WebPage","@id":"https:\/\/lappis.org.br\/site\/equipe-da-ufrgs-transmite-seminario-integralidade-ao-vivo-2\/3086","url":"https:\/\/lappis.org.br\/site\/equipe-da-ufrgs-transmite-seminario-integralidade-ao-vivo-2\/3086","name":"EQUIPE DA UFRGS TRANSMITE SEMIN\u00c1RIO INTEGRALIDADE AO VIVO - Lappis 25 anos","isPartOf":{"@id":"https:\/\/lappis.org.br\/site\/#website"},"primaryImageOfPage":{"@id":"https:\/\/lappis.org.br\/site\/equipe-da-ufrgs-transmite-seminario-integralidade-ao-vivo-2\/3086#primaryimage"},"image":{"@id":"https:\/\/lappis.org.br\/site\/equipe-da-ufrgs-transmite-seminario-integralidade-ao-vivo-2\/3086#primaryimage"},"thumbnailUrl":"https:\/\/lappis.org.br\/site\/wp-content\/uploads\/2014\/10\/AO_vivo_semin\u00e1rio_flyer.jpg","datePublished":"2014-10-23T17:42:21+00:00","dateModified":"2017-08-23T13:25:19+00:00","breadcrumb":{"@id":"https:\/\/lappis.org.br\/site\/equipe-da-ufrgs-transmite-seminario-integralidade-ao-vivo-2\/3086#breadcrumb"},"inLanguage":"pt-BR","potentialAction":[{"@type":"ReadAction","target":["https:\/\/lappis.org.br\/site\/equipe-da-ufrgs-transmite-seminario-integralidade-ao-vivo-2\/3086"]}]},{"@type":"ImageObject","inLanguage":"pt-BR","@id":"https:\/\/lappis.org.br\/site\/equipe-da-ufrgs-transmite-seminario-integralidade-ao-vivo-2\/3086#primaryimage","url":"https:\/\/lappis.org.br\/site\/wp-content\/uploads\/2014\/10\/AO_vivo_semin\u00e1rio_flyer.jpg","contentUrl":"https:\/\/lappis.org.br\/site\/wp-content\/uploads\/2014\/10\/AO_vivo_semin\u00e1rio_flyer.jpg","width":1410,"height":792,"caption":"AO vivo semin\u00e1rio flyer"},{"@type":"BreadcrumbList","@id":"https:\/\/lappis.org.br\/site\/equipe-da-ufrgs-transmite-seminario-integralidade-ao-vivo-2\/3086#breadcrumb","itemListElement":[{"@type":"ListItem","position":1,"name":"In\u00edcio","item":"https:\/\/lappis.org.br\/site\/"},{"@type":"ListItem","position":2,"name":"EQUIPE DA UFRGS TRANSMITE SEMIN\u00c1RIO INTEGRALIDADE AO VIVO"}]},{"@type":"WebSite","@id":"https:\/\/lappis.org.br\/site\/#website","url":"https:\/\/lappis.org.br\/site\/","name":"Lappis 25 anos","description":"Labotat\u00f3rio de Pesquisas sobre Pr\u00e1ticas de Integralidade em Sa\u00fade","publisher":{"@id":"https:\/\/lappis.org.br\/site\/#organization"},"potentialAction":[{"@type":"SearchAction","target":{"@type":"EntryPoint","urlTemplate":"https:\/\/lappis.org.br\/site\/?s={search_term_string}"},"query-input":{"@type":"PropertyValueSpecification","valueRequired":true,"valueName":"search_term_string"}}],"inLanguage":"pt-BR"},{"@type":"Organization","@id":"https:\/\/lappis.org.br\/site\/#organization","name":"Lappis 25 anos","url":"https:\/\/lappis.org.br\/site\/","logo":{"@type":"ImageObject","inLanguage":"pt-BR","@id":"https:\/\/lappis.org.br\/site\/#\/schema\/logo\/image\/","url":"https:\/\/lappis.org.br\/site\/wp-content\/uploads\/2025\/03\/logo-lappis25anos.png","contentUrl":"https:\/\/lappis.org.br\/site\/wp-content\/uploads\/2025\/03\/logo-lappis25anos.png","width":388,"height":146,"caption":"Lappis 25 anos"},"image":{"@id":"https:\/\/lappis.org.br\/site\/#\/schema\/logo\/image\/"}},{"@type":"Person","@id":"https:\/\/lappis.org.br\/site\/#\/schema\/person\/3852381d08284b5e2716b20bd89bdbcf","name":"fw2","image":{"@type":"ImageObject","inLanguage":"pt-BR","@id":"https:\/\/lappis.org.br\/site\/#\/schema\/person\/image\/","url":"https:\/\/secure.gravatar.com\/avatar\/c38472c0cdbde82d9b6fcc26adb3779d?s=96&d=mm&r=g","contentUrl":"https:\/\/secure.gravatar.com\/avatar\/c38472c0cdbde82d9b6fcc26adb3779d?s=96&d=mm&r=g","caption":"fw2"},"url":"https:\/\/lappis.org.br\/site\/author\/fw2"}]}},"jetpack_featured_media_url":"https:\/\/lappis.org.br\/site\/wp-content\/uploads\/2014\/10\/AO_vivo_semin\u00e1rio_flyer.jpg","jetpack_shortlink":"https:\/\/wp.me\/p954Nh-NM","jetpack_sharing_enabled":true,"_links":{"self":[{"href":"https:\/\/lappis.org.br\/site\/wp-json\/wp\/v2\/posts\/3086"}],"collection":[{"href":"https:\/\/lappis.org.br\/site\/wp-json\/wp\/v2\/posts"}],"about":[{"href":"https:\/\/lappis.org.br\/site\/wp-json\/wp\/v2\/types\/post"}],"author":[{"embeddable":true,"href":"https:\/\/lappis.org.br\/site\/wp-json\/wp\/v2\/users\/1"}],"replies":[{"embeddable":true,"href":"https:\/\/lappis.org.br\/site\/wp-json\/wp\/v2\/comments?post=3086"}],"version-history":[{"count":1,"href":"https:\/\/lappis.org.br\/site\/wp-json\/wp\/v2\/posts\/3086\/revisions"}],"predecessor-version":[{"id":3730,"href":"https:\/\/lappis.org.br\/site\/wp-json\/wp\/v2\/posts\/3086\/revisions\/3730"}],"wp:featuredmedia":[{"embeddable":true,"href":"https:\/\/lappis.org.br\/site\/wp-json\/wp\/v2\/media\/3068"}],"wp:attachment":[{"href":"https:\/\/lappis.org.br\/site\/wp-json\/wp\/v2\/media?parent=3086"}],"wp:term":[{"taxonomy":"category","embeddable":true,"href":"https:\/\/lappis.org.br\/site\/wp-json\/wp\/v2\/categories?post=3086"},{"taxonomy":"post_tag","embeddable":true,"href":"https:\/\/lappis.org.br\/site\/wp-json\/wp\/v2\/tags?post=3086"}],"curies":[{"name":"wp","href":"https:\/\/api.w.org\/{rel}","templated":true}]}}