{"id":2983,"date":"2014-08-15T17:04:15","date_gmt":"2014-08-15T20:04:15","guid":{"rendered":"http:\/\/lappis.org.br\/site\/2014\/08\/15\/rede-humanizasus-promove-webinario-sobre-saber-em-saude\/"},"modified":"2014-08-15T17:04:15","modified_gmt":"2014-08-15T20:04:15","slug":"rede-humanizasus-promove-webinario-sobre-saber-em-saude","status":"publish","type":"post","link":"https:\/\/lappis.org.br\/site\/rede-humanizasus-promove-webinario-sobre-saber-em-saude\/2983","title":{"rendered":"Rede HumanizaSUS promove Webin\u00e1rio sobre saber em sa\u00fade"},"content":{"rendered":"<p style=\"margin-bottom: 10px; border: 0px; outline: 0px; font-size: 14px; vertical-align: baseline; font-family: 'Trebuchet MS', serif; line-height: 23.03999900817871px; text-align: justify; background-image: initial; background-attachment: initial; background-position: initial; background-repeat: initial;\"><span style=\"color: #000000;\"><img fetchpriority=\"high\" decoding=\"async\" data-attachment-id=\"2982\" data-permalink=\"https:\/\/lappis.org.br\/site\/rede-humanizasus-promove-webinario-sobre-saber-em-saude\/2983\/attachment-webnario\" data-orig-file=\"https:\/\/lappis.org.br\/site\/wp-content\/uploads\/2014\/08\/Webn\u00e1rio.jpg\" data-orig-size=\"600,600\" data-comments-opened=\"1\" data-image-meta=\"{&quot;aperture&quot;:&quot;0&quot;,&quot;credit&quot;:&quot;&quot;,&quot;camera&quot;:&quot;&quot;,&quot;caption&quot;:&quot;&quot;,&quot;created_timestamp&quot;:&quot;0&quot;,&quot;copyright&quot;:&quot;&quot;,&quot;focal_length&quot;:&quot;0&quot;,&quot;iso&quot;:&quot;0&quot;,&quot;shutter_speed&quot;:&quot;0&quot;,&quot;title&quot;:&quot;&quot;,&quot;orientation&quot;:&quot;1&quot;}\" data-image-title=\"Webn\u00e1rio\" data-image-description=\"\" data-image-caption=\"\" data-medium-file=\"https:\/\/lappis.org.br\/site\/wp-content\/uploads\/2014\/08\/Webn\u00e1rio-300x300.jpg\" data-large-file=\"https:\/\/lappis.org.br\/site\/wp-content\/uploads\/2014\/08\/Webn\u00e1rio.jpg\" class=\" alignleft size-full wp-image-2982\" style=\"margin: 3px; border: 2px solid #000000; float: left;\" src=\"http:\/\/lappis.org.br\/site\/wp-content\/uploads\/2014\/08\/Webn%C3%A1rio.jpg\" alt=\"Webn\u00e1rio\" width=\"325\" height=\"325\" \/>A comunica\u00e7\u00e3o entre o portador de uma doen\u00e7a cr\u00f4nica e o seu cuidador envolve muitos aspectos, e a forma como ela se d\u00e1 pode definir a diferen\u00e7a entre um resultado bom ou ruim, com melhor ou pior qualidade de vida para o paciente. Hoje,<\/span><span style=\"color: #000000;\">&nbsp;15 de agosto, a Rede HumanizaSUS vai promover um Webin\u00e1rio sobre essa rela\u00e7\u00e3o entre usu\u00e1rios e profissionais de sa\u00fade. Para falar do tema, a usu\u00e1ria do SUS D\u00e9bora Aligieri e o m\u00e9dico e docente (UNESP) Antonio Pithon Cyrino far\u00e3o um bate papo em rede, com chat aberto, mediado pelo m\u00e9dico sanitarista e docente (USP) Ricardo Teixeira.&nbsp;<\/span><span style=\"color: #000000;\">Mais do que um debate te\u00f3rico, o webin\u00e1rio \u00e9 a produ\u00e7\u00e3o do encontro entre um m\u00e9dico especialista em diabetes e uma usu\u00e1ria que possui diabetes, integrando suas &#8220;esferas&#8221; de conhecimento. Ambos ser\u00e3o desafiados a falar, n\u00e3o s\u00f3 sobre a doen\u00e7a, mas sobre a complexidade da dessa rela\u00e7\u00e3o que se estabelece entre profissionais de sa\u00fade e usu\u00e1rios, em uma verdadeira troca de saberes.<\/span><\/p>\n<p style=\"margin-bottom: 10px; border: 0px; outline: 0px; font-size: 14px; vertical-align: baseline; font-family: 'Trebuchet MS', serif; line-height: 23.03999900817871px; text-align: justify; background-image: initial; background-attachment: initial; background-position: initial; background-repeat: initial;\"><span style=\"color: #000000;\">Muitas vezes os profissionais de sa\u00fade simplesmente depositam seus conhecimentos te\u00f3ricos sobre as pessoas, sem ao menos questionar se as orienta\u00e7\u00f5es passadas s\u00e3o aplic\u00e1veis ou compreendidas em determinado contexto. O usu\u00e1rio, por sua vez, nem sempre conta \u00e0 equipe o conhecimento que j\u00e1 tem sobre sua pr\u00f3pria vida, aquele famoso &#8220;antes&#8221;, e, mesmo sabendo que as orienta\u00e7\u00f5es passadas n\u00e3o se adaptam \u00e0 sua realidade, n\u00e3o \u00e9 capaz de questionar o profissional da sa\u00fade sobre uma alternativa de esclarecimento para a sua realidade concreta.<\/span><\/p>\n<p style=\"margin-bottom: 10px; border: 0px; outline: 0px; font-size: 14px; vertical-align: baseline; font-family: 'Trebuchet MS', serif; line-height: 23.03999900817871px; text-align: justify; background-image: initial; background-attachment: initial; background-position: initial; background-repeat: initial;\"><span style=\"color: #000000;\">Quando algu\u00e9m pensa \u201co m\u00e9dico diz para eu fazer isso porque n\u00e3o \u00e9 ele que vai fazer\u201d exprime justamente esse embate de realidades. De fato, n\u00e3o \u00e9 a equipe de sa\u00fade que vive a vida do portador da doen\u00e7a, e o portador da doen\u00e7a n\u00e3o tem a vida do profissional que lhe passa as orienta\u00e7\u00f5es. Na verdade, nem pacientes, nem profissionais de sa\u00fade, tem o mesmo tipo de vida entre si. Somos todos \u00fanicos e diversos em nossas vidas.<\/span><\/p>\n<p style=\"margin-bottom: 10px; border: 0px; outline: 0px; font-size: 14px; vertical-align: baseline; font-family: 'Trebuchet MS', serif; line-height: 23.03999900817871px; text-align: justify; background-image: initial; background-attachment: initial; background-position: initial; background-repeat: initial;\"><span style=\"color: #000000;\">A oposi\u00e7\u00e3o entre profissional de sa\u00fade (colocado no lugar daquele que tudo sabe) e paciente (quando visto como aquele completamente desprovido de conhecimento) impede que as orienta\u00e7\u00f5es de \u201cautocuidado\u201d se efetivem em um \u201ccuidado de si\u201d porque ignora o que h\u00e1 de mais humano em cada pessoa: sua singularidade.<\/span><\/p>\n<p style=\"margin-bottom: 10px; border: 0px; outline: 0px; font-size: 14px; vertical-align: baseline; font-family: 'Trebuchet MS', serif; line-height: 23.03999900817871px; text-align: justify; background-image: initial; background-attachment: initial; background-position: initial; background-repeat: initial;\"><span style=\"color: #000000;\">Nessa conversa, ser\u00e1 debatida ainda a complexidade do cuidado em sa\u00fade de pessoas em condi\u00e7\u00f5es cr\u00f4nicas, o que requer uma constante troca entre os saberes da experi\u00eancia ou da vida cotidiana e o conhecimento t\u00e9cnico-cient\u00edfico.<\/span><\/p>\n<p style=\"margin-bottom: 10px; border: 0px; outline: 0px; font-size: 14px; vertical-align: baseline; font-family: 'Trebuchet MS', serif; line-height: 23.03999900817871px; text-align: justify; background-image: initial; background-attachment: initial; background-position: initial; background-repeat: initial;\"><span style=\"color: #000000;\">O webin\u00e1rio \u00e9 uma oferta de forma\u00e7\u00e3o e conversa\u00e7\u00e3o do Minist\u00e9rio da Sa\u00fade, por meio da Pol\u00edtica Nacional de Humaniza\u00e7\u00e3o para o p\u00fablico em geral, realizado por duas frentes de atua\u00e7\u00e3o da PNH, a Rede HumanizaSUS e a Frente de Mobiliza\u00e7\u00e3o Social. O primeiro Webin\u00e1rio foi realizado no primeiro semestre de 2014, com o tema dos F\u00f3runs de mobiliza\u00e7\u00e3o social. Participe!<\/span><\/p>\n<p style=\"margin-bottom: 10px; border: 0px; outline: 0px; font-size: 14px; vertical-align: baseline; font-family: 'Trebuchet MS', serif; line-height: 23.03999900817871px; text-align: justify; background-image: initial; background-attachment: initial; background-position: initial; background-repeat: initial;\"><span style=\"color: #000000;\">Webin\u00e1rio: O Saber em sa\u00fade e o cuidado de si<\/span><br \/><span style=\"color: #000000;\">Data: 15 de agosto de 2014<\/span><br \/><span style=\"color: #000000;\">Hor\u00e1rio: 15h-17h<\/span><br \/><span style=\"color: #000000;\">Local: Online, acess\u00edvel atrav\u00e9s do link <span style=\"color: #000000;\"><a href=\"http:\/\/www.redehumanizasus.net\/13180-sala-de-eventos-rhs\">http:\/\/www.redehumanizasus.net\/13180-sala-de-eventos-rhs<\/a><a href=\"http:\/\/www.redehumanizasus.net\/13180-sala-de-eventos-rhs\"><\/a><\/span><\/span><\/p>\n<p style=\"margin-bottom: 10px; border: 0px; outline: 0px; font-size: 14px; vertical-align: baseline; font-family: 'Trebuchet MS', serif; line-height: 23.03999900817871px; text-align: justify; background-image: initial; background-attachment: initial; background-position: initial; background-repeat: initial;\">&nbsp;<\/p>\n<p style=\"margin-bottom: 10px; border: 0px; outline: 0px; font-size: 14px; vertical-align: baseline; font-family: 'Trebuchet MS', serif; line-height: 23.03999900817871px; text-align: justify; background-image: initial; background-attachment: initial; background-position: initial; background-repeat: initial;\">&nbsp;<\/p>\n<p style=\"margin-bottom: 10px; border: 0px; outline: 0px; font-size: 14px; vertical-align: baseline; font-family: 'Trebuchet MS', serif; line-height: 23.03999900817871px; text-align: justify; background-image: initial; background-attachment: initial; background-position: initial; background-repeat: initial;\">&nbsp;<\/p>\n<p style=\"margin-bottom: 10px; border: 0px; outline: 0px; font-size: 14px; vertical-align: baseline; font-family: 'Trebuchet MS', serif; line-height: 23.03999900817871px; text-align: justify; background-image: initial; background-attachment: initial; background-position: initial; background-repeat: initial;\">&nbsp;<\/p>\n<p style=\"margin-bottom: 10px; border: 0px; outline: 0px; font-size: 14px; vertical-align: baseline; font-family: 'Trebuchet MS', serif; line-height: 23.03999900817871px; text-align: justify; background-image: initial; background-attachment: initial; background-position: initial; background-repeat: initial;\">&nbsp;<\/p>\n","protected":false},"excerpt":{"rendered":"<div class=\"mh-excerpt\"><p>A comunica\u00e7\u00e3o entre o portador de uma doen\u00e7a cr\u00f4nica e o seu cuidador envolve muitos aspectos, e a forma como ela se d\u00e1 pode definir a diferen\u00e7a entre um resultado bom ou ruim, com melhor <a class=\"mh-excerpt-more\" href=\"https:\/\/lappis.org.br\/site\/rede-humanizasus-promove-webinario-sobre-saber-em-saude\/2983\" title=\"Rede HumanizaSUS promove Webin\u00e1rio sobre saber em sa\u00fade\">[&#8230;]<\/a><\/p>\n<\/div>","protected":false},"author":1,"featured_media":2982,"comment_status":"open","ping_status":"open","sticky":false,"template":"","format":"standard","meta":{"_acf_changed":false,"_exactmetrics_skip_tracking":false,"_exactmetrics_sitenote_active":false,"_exactmetrics_sitenote_note":"","_exactmetrics_sitenote_category":0,"jetpack_post_was_ever_published":false,"_jetpack_newsletter_access":"","_jetpack_dont_email_post_to_subs":false,"_jetpack_newsletter_tier_id":0,"_jetpack_memberships_contains_paywalled_content":false,"_jetpack_memberships_contains_paid_content":false,"footnotes":"","jetpack_publicize_message":"","jetpack_publicize_feature_enabled":true,"jetpack_social_post_already_shared":false,"jetpack_social_options":{"image_generator_settings":{"template":"highway","enabled":false},"version":2}},"categories":[8],"tags":[],"class_list":{"0":"post-2983","1":"post","2":"type-post","3":"status-publish","4":"format-standard","5":"has-post-thumbnail","7":"category-noticia"},"jetpack_publicize_connections":[],"acf":[],"yoast_head":"<!-- This site is optimized with the Yoast SEO plugin v25.2 - https:\/\/yoast.com\/wordpress\/plugins\/seo\/ -->\n<title>Rede HumanizaSUS promove Webin\u00e1rio sobre saber em sa\u00fade - Lappis 25 anos<\/title>\n<meta name=\"robots\" content=\"index, follow, max-snippet:-1, max-image-preview:large, max-video-preview:-1\" \/>\n<link rel=\"canonical\" href=\"https:\/\/lappis.org.br\/site\/rede-humanizasus-promove-webinario-sobre-saber-em-saude\/2983\" \/>\n<meta property=\"og:locale\" content=\"pt_BR\" \/>\n<meta property=\"og:type\" content=\"article\" \/>\n<meta property=\"og:title\" content=\"Rede HumanizaSUS promove Webin\u00e1rio sobre saber em sa\u00fade - Lappis 25 anos\" \/>\n<meta property=\"og:description\" content=\"A comunica\u00e7\u00e3o entre o portador de uma doen\u00e7a cr\u00f4nica e o seu cuidador envolve muitos aspectos, e a forma como ela se d\u00e1 pode definir a diferen\u00e7a entre um resultado bom ou ruim, com melhor [...]\" \/>\n<meta property=\"og:url\" content=\"https:\/\/lappis.org.br\/site\/rede-humanizasus-promove-webinario-sobre-saber-em-saude\/2983\" \/>\n<meta property=\"og:site_name\" content=\"Lappis 25 anos\" \/>\n<meta property=\"article:published_time\" content=\"2014-08-15T20:04:15+00:00\" \/>\n<meta property=\"og:image\" content=\"https:\/\/lappis.org.br\/site\/wp-content\/uploads\/2014\/08\/Webn\u00e1rio.jpg\" \/>\n\t<meta property=\"og:image:width\" content=\"600\" \/>\n\t<meta property=\"og:image:height\" content=\"600\" \/>\n\t<meta property=\"og:image:type\" content=\"image\/jpeg\" \/>\n<meta name=\"author\" content=\"fw2\" \/>\n<meta name=\"twitter:card\" content=\"summary_large_image\" \/>\n<meta name=\"twitter:label1\" content=\"Escrito por\" \/>\n\t<meta name=\"twitter:data1\" content=\"fw2\" \/>\n\t<meta name=\"twitter:label2\" content=\"Est. tempo de leitura\" \/>\n\t<meta name=\"twitter:data2\" content=\"3 minutos\" \/>\n<script type=\"application\/ld+json\" class=\"yoast-schema-graph\">{\"@context\":\"https:\/\/schema.org\",\"@graph\":[{\"@type\":\"Article\",\"@id\":\"https:\/\/lappis.org.br\/site\/rede-humanizasus-promove-webinario-sobre-saber-em-saude\/2983#article\",\"isPartOf\":{\"@id\":\"https:\/\/lappis.org.br\/site\/rede-humanizasus-promove-webinario-sobre-saber-em-saude\/2983\"},\"author\":{\"name\":\"fw2\",\"@id\":\"https:\/\/lappis.org.br\/site\/#\/schema\/person\/3852381d08284b5e2716b20bd89bdbcf\"},\"headline\":\"Rede HumanizaSUS promove Webin\u00e1rio sobre saber em sa\u00fade\",\"datePublished\":\"2014-08-15T20:04:15+00:00\",\"mainEntityOfPage\":{\"@id\":\"https:\/\/lappis.org.br\/site\/rede-humanizasus-promove-webinario-sobre-saber-em-saude\/2983\"},\"wordCount\":577,\"commentCount\":0,\"publisher\":{\"@id\":\"https:\/\/lappis.org.br\/site\/#organization\"},\"image\":{\"@id\":\"https:\/\/lappis.org.br\/site\/rede-humanizasus-promove-webinario-sobre-saber-em-saude\/2983#primaryimage\"},\"thumbnailUrl\":\"https:\/\/lappis.org.br\/site\/wp-content\/uploads\/2014\/08\/Webn\u00e1rio.jpg\",\"articleSection\":[\"Not\u00edcia\"],\"inLanguage\":\"pt-BR\",\"potentialAction\":[{\"@type\":\"CommentAction\",\"name\":\"Comment\",\"target\":[\"https:\/\/lappis.org.br\/site\/rede-humanizasus-promove-webinario-sobre-saber-em-saude\/2983#respond\"]}]},{\"@type\":\"WebPage\",\"@id\":\"https:\/\/lappis.org.br\/site\/rede-humanizasus-promove-webinario-sobre-saber-em-saude\/2983\",\"url\":\"https:\/\/lappis.org.br\/site\/rede-humanizasus-promove-webinario-sobre-saber-em-saude\/2983\",\"name\":\"Rede HumanizaSUS promove Webin\u00e1rio sobre saber em sa\u00fade - Lappis 25 anos\",\"isPartOf\":{\"@id\":\"https:\/\/lappis.org.br\/site\/#website\"},\"primaryImageOfPage\":{\"@id\":\"https:\/\/lappis.org.br\/site\/rede-humanizasus-promove-webinario-sobre-saber-em-saude\/2983#primaryimage\"},\"image\":{\"@id\":\"https:\/\/lappis.org.br\/site\/rede-humanizasus-promove-webinario-sobre-saber-em-saude\/2983#primaryimage\"},\"thumbnailUrl\":\"https:\/\/lappis.org.br\/site\/wp-content\/uploads\/2014\/08\/Webn\u00e1rio.jpg\",\"datePublished\":\"2014-08-15T20:04:15+00:00\",\"breadcrumb\":{\"@id\":\"https:\/\/lappis.org.br\/site\/rede-humanizasus-promove-webinario-sobre-saber-em-saude\/2983#breadcrumb\"},\"inLanguage\":\"pt-BR\",\"potentialAction\":[{\"@type\":\"ReadAction\",\"target\":[\"https:\/\/lappis.org.br\/site\/rede-humanizasus-promove-webinario-sobre-saber-em-saude\/2983\"]}]},{\"@type\":\"ImageObject\",\"inLanguage\":\"pt-BR\",\"@id\":\"https:\/\/lappis.org.br\/site\/rede-humanizasus-promove-webinario-sobre-saber-em-saude\/2983#primaryimage\",\"url\":\"https:\/\/lappis.org.br\/site\/wp-content\/uploads\/2014\/08\/Webn\u00e1rio.jpg\",\"contentUrl\":\"https:\/\/lappis.org.br\/site\/wp-content\/uploads\/2014\/08\/Webn\u00e1rio.jpg\",\"width\":600,\"height\":600,\"caption\":\"Webn\u00e1rio\"},{\"@type\":\"BreadcrumbList\",\"@id\":\"https:\/\/lappis.org.br\/site\/rede-humanizasus-promove-webinario-sobre-saber-em-saude\/2983#breadcrumb\",\"itemListElement\":[{\"@type\":\"ListItem\",\"position\":1,\"name\":\"In\u00edcio\",\"item\":\"https:\/\/lappis.org.br\/site\/\"},{\"@type\":\"ListItem\",\"position\":2,\"name\":\"Rede HumanizaSUS promove Webin\u00e1rio sobre saber em sa\u00fade\"}]},{\"@type\":\"WebSite\",\"@id\":\"https:\/\/lappis.org.br\/site\/#website\",\"url\":\"https:\/\/lappis.org.br\/site\/\",\"name\":\"Lappis 25 anos\",\"description\":\"Labotat\u00f3rio de Pesquisas sobre Pr\u00e1ticas de Integralidade em Sa\u00fade\",\"publisher\":{\"@id\":\"https:\/\/lappis.org.br\/site\/#organization\"},\"potentialAction\":[{\"@type\":\"SearchAction\",\"target\":{\"@type\":\"EntryPoint\",\"urlTemplate\":\"https:\/\/lappis.org.br\/site\/?s={search_term_string}\"},\"query-input\":{\"@type\":\"PropertyValueSpecification\",\"valueRequired\":true,\"valueName\":\"search_term_string\"}}],\"inLanguage\":\"pt-BR\"},{\"@type\":\"Organization\",\"@id\":\"https:\/\/lappis.org.br\/site\/#organization\",\"name\":\"Lappis 25 anos\",\"url\":\"https:\/\/lappis.org.br\/site\/\",\"logo\":{\"@type\":\"ImageObject\",\"inLanguage\":\"pt-BR\",\"@id\":\"https:\/\/lappis.org.br\/site\/#\/schema\/logo\/image\/\",\"url\":\"https:\/\/lappis.org.br\/site\/wp-content\/uploads\/2025\/03\/logo-lappis25anos.png\",\"contentUrl\":\"https:\/\/lappis.org.br\/site\/wp-content\/uploads\/2025\/03\/logo-lappis25anos.png\",\"width\":388,\"height\":146,\"caption\":\"Lappis 25 anos\"},\"image\":{\"@id\":\"https:\/\/lappis.org.br\/site\/#\/schema\/logo\/image\/\"}},{\"@type\":\"Person\",\"@id\":\"https:\/\/lappis.org.br\/site\/#\/schema\/person\/3852381d08284b5e2716b20bd89bdbcf\",\"name\":\"fw2\",\"image\":{\"@type\":\"ImageObject\",\"inLanguage\":\"pt-BR\",\"@id\":\"https:\/\/lappis.org.br\/site\/#\/schema\/person\/image\/\",\"url\":\"https:\/\/secure.gravatar.com\/avatar\/c38472c0cdbde82d9b6fcc26adb3779d?s=96&d=mm&r=g\",\"contentUrl\":\"https:\/\/secure.gravatar.com\/avatar\/c38472c0cdbde82d9b6fcc26adb3779d?s=96&d=mm&r=g\",\"caption\":\"fw2\"},\"url\":\"https:\/\/lappis.org.br\/site\/author\/fw2\"}]}<\/script>\n<!-- \/ Yoast SEO plugin. -->","yoast_head_json":{"title":"Rede HumanizaSUS promove Webin\u00e1rio sobre saber em sa\u00fade - Lappis 25 anos","robots":{"index":"index","follow":"follow","max-snippet":"max-snippet:-1","max-image-preview":"max-image-preview:large","max-video-preview":"max-video-preview:-1"},"canonical":"https:\/\/lappis.org.br\/site\/rede-humanizasus-promove-webinario-sobre-saber-em-saude\/2983","og_locale":"pt_BR","og_type":"article","og_title":"Rede HumanizaSUS promove Webin\u00e1rio sobre saber em sa\u00fade - Lappis 25 anos","og_description":"A comunica\u00e7\u00e3o entre o portador de uma doen\u00e7a cr\u00f4nica e o seu cuidador envolve muitos aspectos, e a forma como ela se d\u00e1 pode definir a diferen\u00e7a entre um resultado bom ou ruim, com melhor [...]","og_url":"https:\/\/lappis.org.br\/site\/rede-humanizasus-promove-webinario-sobre-saber-em-saude\/2983","og_site_name":"Lappis 25 anos","article_published_time":"2014-08-15T20:04:15+00:00","og_image":[{"width":600,"height":600,"url":"https:\/\/lappis.org.br\/site\/wp-content\/uploads\/2014\/08\/Webn\u00e1rio.jpg","type":"image\/jpeg"}],"author":"fw2","twitter_card":"summary_large_image","twitter_misc":{"Escrito por":"fw2","Est. tempo de leitura":"3 minutos"},"schema":{"@context":"https:\/\/schema.org","@graph":[{"@type":"Article","@id":"https:\/\/lappis.org.br\/site\/rede-humanizasus-promove-webinario-sobre-saber-em-saude\/2983#article","isPartOf":{"@id":"https:\/\/lappis.org.br\/site\/rede-humanizasus-promove-webinario-sobre-saber-em-saude\/2983"},"author":{"name":"fw2","@id":"https:\/\/lappis.org.br\/site\/#\/schema\/person\/3852381d08284b5e2716b20bd89bdbcf"},"headline":"Rede HumanizaSUS promove Webin\u00e1rio sobre saber em sa\u00fade","datePublished":"2014-08-15T20:04:15+00:00","mainEntityOfPage":{"@id":"https:\/\/lappis.org.br\/site\/rede-humanizasus-promove-webinario-sobre-saber-em-saude\/2983"},"wordCount":577,"commentCount":0,"publisher":{"@id":"https:\/\/lappis.org.br\/site\/#organization"},"image":{"@id":"https:\/\/lappis.org.br\/site\/rede-humanizasus-promove-webinario-sobre-saber-em-saude\/2983#primaryimage"},"thumbnailUrl":"https:\/\/lappis.org.br\/site\/wp-content\/uploads\/2014\/08\/Webn\u00e1rio.jpg","articleSection":["Not\u00edcia"],"inLanguage":"pt-BR","potentialAction":[{"@type":"CommentAction","name":"Comment","target":["https:\/\/lappis.org.br\/site\/rede-humanizasus-promove-webinario-sobre-saber-em-saude\/2983#respond"]}]},{"@type":"WebPage","@id":"https:\/\/lappis.org.br\/site\/rede-humanizasus-promove-webinario-sobre-saber-em-saude\/2983","url":"https:\/\/lappis.org.br\/site\/rede-humanizasus-promove-webinario-sobre-saber-em-saude\/2983","name":"Rede HumanizaSUS promove Webin\u00e1rio sobre saber em sa\u00fade - Lappis 25 anos","isPartOf":{"@id":"https:\/\/lappis.org.br\/site\/#website"},"primaryImageOfPage":{"@id":"https:\/\/lappis.org.br\/site\/rede-humanizasus-promove-webinario-sobre-saber-em-saude\/2983#primaryimage"},"image":{"@id":"https:\/\/lappis.org.br\/site\/rede-humanizasus-promove-webinario-sobre-saber-em-saude\/2983#primaryimage"},"thumbnailUrl":"https:\/\/lappis.org.br\/site\/wp-content\/uploads\/2014\/08\/Webn\u00e1rio.jpg","datePublished":"2014-08-15T20:04:15+00:00","breadcrumb":{"@id":"https:\/\/lappis.org.br\/site\/rede-humanizasus-promove-webinario-sobre-saber-em-saude\/2983#breadcrumb"},"inLanguage":"pt-BR","potentialAction":[{"@type":"ReadAction","target":["https:\/\/lappis.org.br\/site\/rede-humanizasus-promove-webinario-sobre-saber-em-saude\/2983"]}]},{"@type":"ImageObject","inLanguage":"pt-BR","@id":"https:\/\/lappis.org.br\/site\/rede-humanizasus-promove-webinario-sobre-saber-em-saude\/2983#primaryimage","url":"https:\/\/lappis.org.br\/site\/wp-content\/uploads\/2014\/08\/Webn\u00e1rio.jpg","contentUrl":"https:\/\/lappis.org.br\/site\/wp-content\/uploads\/2014\/08\/Webn\u00e1rio.jpg","width":600,"height":600,"caption":"Webn\u00e1rio"},{"@type":"BreadcrumbList","@id":"https:\/\/lappis.org.br\/site\/rede-humanizasus-promove-webinario-sobre-saber-em-saude\/2983#breadcrumb","itemListElement":[{"@type":"ListItem","position":1,"name":"In\u00edcio","item":"https:\/\/lappis.org.br\/site\/"},{"@type":"ListItem","position":2,"name":"Rede HumanizaSUS promove Webin\u00e1rio sobre saber em sa\u00fade"}]},{"@type":"WebSite","@id":"https:\/\/lappis.org.br\/site\/#website","url":"https:\/\/lappis.org.br\/site\/","name":"Lappis 25 anos","description":"Labotat\u00f3rio de Pesquisas sobre Pr\u00e1ticas de Integralidade em Sa\u00fade","publisher":{"@id":"https:\/\/lappis.org.br\/site\/#organization"},"potentialAction":[{"@type":"SearchAction","target":{"@type":"EntryPoint","urlTemplate":"https:\/\/lappis.org.br\/site\/?s={search_term_string}"},"query-input":{"@type":"PropertyValueSpecification","valueRequired":true,"valueName":"search_term_string"}}],"inLanguage":"pt-BR"},{"@type":"Organization","@id":"https:\/\/lappis.org.br\/site\/#organization","name":"Lappis 25 anos","url":"https:\/\/lappis.org.br\/site\/","logo":{"@type":"ImageObject","inLanguage":"pt-BR","@id":"https:\/\/lappis.org.br\/site\/#\/schema\/logo\/image\/","url":"https:\/\/lappis.org.br\/site\/wp-content\/uploads\/2025\/03\/logo-lappis25anos.png","contentUrl":"https:\/\/lappis.org.br\/site\/wp-content\/uploads\/2025\/03\/logo-lappis25anos.png","width":388,"height":146,"caption":"Lappis 25 anos"},"image":{"@id":"https:\/\/lappis.org.br\/site\/#\/schema\/logo\/image\/"}},{"@type":"Person","@id":"https:\/\/lappis.org.br\/site\/#\/schema\/person\/3852381d08284b5e2716b20bd89bdbcf","name":"fw2","image":{"@type":"ImageObject","inLanguage":"pt-BR","@id":"https:\/\/lappis.org.br\/site\/#\/schema\/person\/image\/","url":"https:\/\/secure.gravatar.com\/avatar\/c38472c0cdbde82d9b6fcc26adb3779d?s=96&d=mm&r=g","contentUrl":"https:\/\/secure.gravatar.com\/avatar\/c38472c0cdbde82d9b6fcc26adb3779d?s=96&d=mm&r=g","caption":"fw2"},"url":"https:\/\/lappis.org.br\/site\/author\/fw2"}]}},"jetpack_featured_media_url":"https:\/\/lappis.org.br\/site\/wp-content\/uploads\/2014\/08\/Webn\u00e1rio.jpg","jetpack_shortlink":"https:\/\/wp.me\/p954Nh-M7","jetpack_sharing_enabled":true,"_links":{"self":[{"href":"https:\/\/lappis.org.br\/site\/wp-json\/wp\/v2\/posts\/2983"}],"collection":[{"href":"https:\/\/lappis.org.br\/site\/wp-json\/wp\/v2\/posts"}],"about":[{"href":"https:\/\/lappis.org.br\/site\/wp-json\/wp\/v2\/types\/post"}],"author":[{"embeddable":true,"href":"https:\/\/lappis.org.br\/site\/wp-json\/wp\/v2\/users\/1"}],"replies":[{"embeddable":true,"href":"https:\/\/lappis.org.br\/site\/wp-json\/wp\/v2\/comments?post=2983"}],"version-history":[{"count":0,"href":"https:\/\/lappis.org.br\/site\/wp-json\/wp\/v2\/posts\/2983\/revisions"}],"wp:featuredmedia":[{"embeddable":true,"href":"https:\/\/lappis.org.br\/site\/wp-json\/wp\/v2\/media\/2982"}],"wp:attachment":[{"href":"https:\/\/lappis.org.br\/site\/wp-json\/wp\/v2\/media?parent=2983"}],"wp:term":[{"taxonomy":"category","embeddable":true,"href":"https:\/\/lappis.org.br\/site\/wp-json\/wp\/v2\/categories?post=2983"},{"taxonomy":"post_tag","embeddable":true,"href":"https:\/\/lappis.org.br\/site\/wp-json\/wp\/v2\/tags?post=2983"}],"curies":[{"name":"wp","href":"https:\/\/api.w.org\/{rel}","templated":true}]}}