{"id":2960,"date":"2014-07-28T16:50:47","date_gmt":"2014-07-28T19:50:47","guid":{"rendered":"http:\/\/lappis.org.br\/site\/2014\/07\/28\/direito-nao-e-negocio-entrevista-com-paulo-henrique-de-almeida-cebes\/"},"modified":"2014-07-28T16:50:47","modified_gmt":"2014-07-28T19:50:47","slug":"direito-nao-e-negocio-entrevista-com-paulo-henrique-de-almeida-cebes","status":"publish","type":"post","link":"https:\/\/lappis.org.br\/site\/direito-nao-e-negocio-entrevista-com-paulo-henrique-de-almeida-cebes\/2960","title":{"rendered":"Direito n\u00e3o \u00e9 neg\u00f3cio. Entrevista com Paulo Henrique de Almeida (cebes)"},"content":{"rendered":"<p style=\"line-height: 150%; text-align: justify;\"><img fetchpriority=\"high\" decoding=\"async\" data-attachment-id=\"2959\" data-permalink=\"https:\/\/lappis.org.br\/site\/direito-nao-e-negocio-entrevista-com-paulo-henrique-de-almeida-cebes\/2960\/attachment-saude-militancia\" data-orig-file=\"https:\/\/lappis.org.br\/site\/wp-content\/uploads\/2014\/07\/Sa\u00fade_milit\u00e2ncia.jpg\" data-orig-size=\"724,474\" data-comments-opened=\"1\" data-image-meta=\"{&quot;aperture&quot;:&quot;0&quot;,&quot;credit&quot;:&quot;&quot;,&quot;camera&quot;:&quot;&quot;,&quot;caption&quot;:&quot;&quot;,&quot;created_timestamp&quot;:&quot;0&quot;,&quot;copyright&quot;:&quot;&quot;,&quot;focal_length&quot;:&quot;0&quot;,&quot;iso&quot;:&quot;0&quot;,&quot;shutter_speed&quot;:&quot;0&quot;,&quot;title&quot;:&quot;&quot;,&quot;orientation&quot;:&quot;0&quot;}\" data-image-title=\"Sa\u00fade milit\u00e2ncia\" data-image-description=\"\" data-image-caption=\"\" data-medium-file=\"https:\/\/lappis.org.br\/site\/wp-content\/uploads\/2014\/07\/Sa\u00fade_milit\u00e2ncia-300x196.jpg\" data-large-file=\"https:\/\/lappis.org.br\/site\/wp-content\/uploads\/2014\/07\/Sa\u00fade_milit\u00e2ncia.jpg\" class=\" alignleft size-full wp-image-2959\" style=\"margin: 3px; border: 2px solid #000000; float: left;\" src=\"http:\/\/lappis.org.br\/site\/wp-content\/uploads\/2014\/07\/Sa%C3%BAde_milit%C3%A2ncia.jpg\" alt=\"Sa\u00fade milit\u00e2ncia\" width=\"365\" height=\"239\" \/>Paulo Henrique Rodrigues, diretor executivo do Centro Brasileiro de Estudos de Sa\u00fade (Cebes), foi entrevistado pela equipe do LAPPIS para falar sobre a universaliza\u00e7\u00e3o do direito \u00e0 sa\u00fade. Ao lado de&nbsp;George E. Machado Kornis, em Maio desse ano, Paulo Henrique escreveu o \u201cManifesto do Cebes em defesa do direito universal \u00e0 sa\u00fade \u2013 sa\u00fade \u00e9 direito e n\u00e3o neg\u00f3cio\u201d, onde apresenta um panorama hist\u00f3rico sobre a valida\u00e7\u00e3o (ou n\u00e3o) do direito \u00e0 sa\u00fade desde os anos 60 at\u00e9 os dias atuais, pontuando fatos marcantes.&nbsp; \u00c9 justamente sobre essa rela\u00e7\u00e3o de valida\u00e7\u00e3o e de reconhecimento social que a nossa entrevista vai abordar. Confira:<\/p>\n<p style=\"line-height: 150%;\">&nbsp;<\/p>\n<p style=\"text-align: justify; line-height: 150%;\"><strong>&#8211; Fale um pouco da import\u00e2ncia de se tra\u00e7ar estrat\u00e9gias de integra\u00e7\u00e3o entre aten\u00e7\u00e3o prim\u00e1ria e especializada.&nbsp;<\/strong><\/p>\n<p style=\"text-align: justify; line-height: 150%;\">&nbsp;<\/p>\n<p style=\"text-align: justify; line-height: 150%;\">Embora se atribua \u00e0 aten\u00e7\u00e3o prim\u00e1ria a possibilidade de resolver a maior parte dos problemas de sa\u00fade da popula\u00e7\u00e3o, ela precisa contar com o apoio da aten\u00e7\u00e3o especializada assegurada pelos n\u00edveis secund\u00e1rio (ambulatorial) e terci\u00e1rio (hospitalar) do sistema, tanto no que diz respeito \u00e0 realiza\u00e7\u00e3o de consultas, exames e tratamentos especializados, o que exige a integra\u00e7\u00e3o entre os diferentes n\u00edveis de aten\u00e7\u00e3o do sistema. Esta integra\u00e7\u00e3o depende tanto da exist\u00eancia e do funcionamento de alguns pr\u00e9-requisitos b\u00e1sicos de car\u00e1ter estrutural, quanto de processos de trabalho e atitudes adequadas por parte dos diversos profissionais envolvidos na aten\u00e7\u00e3o. Entre tais pr\u00e9-requisitos de natureza estrutural \u00e9 fundamental, em primeiro lugar, a exist\u00eancia de prontu\u00e1rios eletr\u00f4nicos dos pacientes dispon\u00edveis em rede para todos os n\u00edveis de aten\u00e7\u00e3o do sistema, de forma que todos os profissionais possam ter acesso ao hist\u00f3rico de sa\u00fade de todos os usu\u00e1rios em cuja aten\u00e7\u00e3o estejam envolvidos, al\u00e9m da informa\u00e7\u00e3o, os prontu\u00e1rios servem para apoiar a comunica\u00e7\u00e3o entre os profissionais, como no caso da redefini\u00e7\u00e3o da conduta cl\u00ednica por um especialista, que servir\u00e1 de base para os cuidados prestados pelos profissionais da aten\u00e7\u00e3o prim\u00e1ria. J\u00e1 que mencionei a comunica\u00e7\u00e3o, \u00e9 fundamental que os profissionais dos diferentes n\u00edveis de aten\u00e7\u00e3o contem com recursos de comunica\u00e7\u00e3o, como telefones e redes de computadores para poderem trocar ideias sobre o cuidado dos seus pacientes, tais recursos fazem parte dos tais pr\u00e9-requisitos estruturais que mencionei. Outro pr\u00e9-requisito essencial s\u00e3o sistemas de regula\u00e7\u00e3o do acesso a consultas, exames, interna\u00e7\u00f5es, etc. Passando para os processos de trabalho, eu destacaria a educa\u00e7\u00e3o permanente e processos de gest\u00e3o cl\u00ednica, que envolvem: a elabora\u00e7\u00e3o e a revis\u00e3o peri\u00f3dica de protocolos, discuss\u00e3o em equipe de casos cl\u00ednicos, a elabora\u00e7\u00e3o e a implanta\u00e7\u00e3o de linhas de cuidado, com a participa\u00e7\u00e3o dos profissionais dos diferentes n\u00edveis de complexidade e sobretudo o trabalho em equipes interprofissionais. Gostaria de chamar a aten\u00e7\u00e3o para que o bom funcionamento desses processos de trabalho dependem, em grande parte, do que chamei de pr\u00e9-requisitos estruturais e que infelizmente sua concep\u00e7\u00e3o e implanta\u00e7\u00e3o ainda est\u00e3o muito atrasadas no SUS.<\/p>\n<p style=\"text-align: justify; line-height: 150%;\">&nbsp;<\/p>\n<p style=\"text-align: justify; line-height: 150%;\"><strong>&#8211; O financiamento da sa\u00fade deve ser totalmente p\u00fablico?&nbsp;<\/strong><\/p>\n<p style=\"text-align: justify; line-height: 150%;\">&nbsp;<\/p>\n<p style=\"text-align: justify; line-height: 150%;\">Defendo que sim, mesmo porque todos os recursos existentes numa sociedade tem origem na sociedade, nas pessoas que s\u00e3o em \u00faltima inst\u00e2ncia quem paga tanto os tributos que financiam as a\u00e7\u00f5es p\u00fablicas, quanto as mensalidades dos seguros privados de sa\u00fade, a aquisi\u00e7\u00e3o de medicamentos e insumos em farm\u00e1cias privadas e as consultas e exames feitos em estabelecimentos privados de sa\u00fade para clientes particulares. Ou seja, todos os recursos de qualquer sistema de sa\u00fade tem origem na popula\u00e7\u00e3o, em geral, mesmo quando h\u00e1 esquemas de intermedia\u00e7\u00e3o financeira privada. O problema da intermedia\u00e7\u00e3o privada \u00e9 que ela implica muitas vezes &#8211; aqui no Brasil na maioria das vezes &#8211; a gera\u00e7\u00e3o de lucros, ou seja a remunera\u00e7\u00e3o para os donos das empresas envolvidas. Tais lucros n\u00e3o retornam para a popula\u00e7\u00e3o na forma de cuidados de sa\u00fade. Desta forma \u00e9 prefer\u00edvel que os recursos sejam total, ou no m\u00ednimo principalmente p\u00fablicos, pois, se bem geridos, podem assegurar maior retorno para a popula\u00e7\u00e3o. Outro problema da exist\u00eancia de recursos privados no financiamento da sa\u00fade \u00e9 que eles tendem a favorecer interesses tamb\u00e9m privados, o que, em geral, se choca com o interesse p\u00fablico.<\/p>\n<p style=\"text-align: justify; line-height: 150%;\">&nbsp;<\/p>\n<p style=\"text-align: justify; line-height: 150%;\"><strong>&#8211; Quais as medidas que podem ser tomadas para que os recursos na sa\u00fade sejam melhor distribu\u00eddos?<\/strong><\/p>\n<p style=\"text-align: justify; line-height: 150%;\">&nbsp;<\/p>\n<p style=\"text-align: justify; line-height: 150%;\">Acho que um dos problemas centrais do financiamento p\u00fablico no Brasil est\u00e1 ligado \u00e0 forma com que tomou a descentraliza\u00e7\u00e3o da gest\u00e3o do SUS. Ao tentarmos municipalizar a gest\u00e3o do SUS, acabamos gerando uma imensa dispers\u00e3o dos recursos e uma enorme dificuldade para a organiza\u00e7\u00e3o de redes de aten\u00e7\u00e3o \u00e0 sa\u00fade regionais. Apenas os recursos federais alimentam a Programa\u00e7\u00e3o Pactuada e Integrada, que constitui o principal mecanismo de distribui\u00e7\u00e3o de recursos, os estados e munic\u00edpios gastam seus recursos a partir de decis\u00f5es pr\u00f3prias, que em geral n\u00e3o favorecem a estrutura\u00e7\u00e3o mais adequada da oferta de servi\u00e7os por todo o territ\u00f3rio nacional. Outro elemento que ajudaria muito a melhorar a distribui\u00e7\u00e3o dos recursos seria a cria\u00e7\u00e3o de Autoridades Sanit\u00e1rias Regionais para cada regi\u00e3o de sa\u00fade no Brasil, que administrassem todo o or\u00e7amento, assim como todos os recursos do SUS nas suas regi\u00f5es, sendo respons\u00e1veis, inclusive, pelos investimentos necess\u00e1rios para que as redes regionais de sa\u00fade pudessem implantar de forma gradual os recursos que necessitam. A atual dispers\u00e3o de recursos entre as tr\u00eas esferas de governo e a limita\u00e7\u00e3o dos recursos da PPI aos repasses federais constituem obst\u00e1culos para uma melhor distribui\u00e7\u00e3o dos recursos e impedem o cumprimento do&nbsp;\u00a7 1\u00ba do artigo 35 da Lei Org\u00e2nica da Sa\u00fade (Lei n. 8.080\/1990) que determina que &#8220;Metade dos recursos destinados a Estados e Munic\u00edpios ser\u00e1&nbsp;<strong>distribu\u00edda segundo o quociente de sua divis\u00e3o pelo n\u00famero de habitantes&nbsp;<\/strong>(grifos meus)<strong>,&nbsp;<\/strong>independentemente de qualquer procedimento pr\u00e9vio&#8221;.&nbsp;&nbsp;<\/p>\n<p style=\"text-align: justify; line-height: 150%;\">&nbsp;<\/p>\n<p style=\"text-align: justify; line-height: 150%;\"><strong>&#8211; Na sua opini\u00e3o, quais s\u00e3o os grandes desafios que ainda limitam a atua\u00e7\u00e3o do SUS, como um Sistema de Sa\u00fade Universal?<\/strong><\/p>\n<p style=\"text-align: justify; line-height: 150%;\">&nbsp;<\/p>\n<p style=\"text-align: justify; line-height: 150%;\">Em primeiro lugar a competi\u00e7\u00e3o desigual com o setor privado de sa\u00fade que conta com enormes incentivos colocados pelo Estado brasileiro, especialmente: o desconto de 100% de todos os gastos das empresas e das pessoas com sa\u00fade privada no Imposto de Renda, que equivale a 22% do or\u00e7amento do Minist\u00e9rio da Sa\u00fade, segundo estudo do IPEA; o financiamento pela Uni\u00e3o, estados e munic\u00edpios de planos de sa\u00fade privados para seus servidores, que equivale a 5% do or\u00e7amento do Minist\u00e9rio da Sa\u00fade, segundo estudo da Fiocruz. Em segundo lugar, a aus\u00eancia de um planejamento efetivo da melhor organiza\u00e7\u00e3o e distribui\u00e7\u00e3o da oferta de servi\u00e7os de sa\u00fade do SUS de acordo com a distribui\u00e7\u00e3o da popula\u00e7\u00e3o pelo territ\u00f3rio nacional, o que leva a uma excessiva concentra\u00e7\u00e3o da oferta de servi\u00e7os e profissionais nas regi\u00f5es mais ricas. Em terceiro lugar, o baixo investimento na amplia\u00e7\u00e3o da rede p\u00fablica de sa\u00fade, que faz com que o setor privado prestador de servi\u00e7os para o SUS, ou complementar, a ter um excessivo poder de barganha em rela\u00e7\u00e3o \u00e0 contrata\u00e7\u00e3o dos servi\u00e7os pelas secretarias municipais e estaduais de sa\u00fade, particularmente nas regi\u00f5es mais distantes e em rela\u00e7\u00e3o aos servi\u00e7os de alta complexidade, que s\u00e3o os mais caros. Por \u00faltimo, o financiamento insuficiente da sa\u00fade no pa\u00eds. De 2000 a 2011, por exemplo, os gastos em sa\u00fade do governo federal tiveram uma queda proporcional de 21% em rela\u00e7\u00e3o ao conjunto das outras despesas sociais do governo, segundo dados da Secretaria do Tesouro Nacional, o que mostra o baixo n\u00edvel de prioridade dado ao SUS.&nbsp;<\/p>\n","protected":false},"excerpt":{"rendered":"<div class=\"mh-excerpt\"><p>Paulo Henrique Rodrigues, diretor executivo do Centro Brasileiro de Estudos de Sa\u00fade (Cebes), foi entrevistado pela equipe do LAPPIS para falar sobre a universaliza\u00e7\u00e3o do direito \u00e0 sa\u00fade. Ao lado de&nbsp;George E. Machado Kornis, em <a class=\"mh-excerpt-more\" href=\"https:\/\/lappis.org.br\/site\/direito-nao-e-negocio-entrevista-com-paulo-henrique-de-almeida-cebes\/2960\" title=\"Direito n\u00e3o \u00e9 neg\u00f3cio. Entrevista com Paulo Henrique de Almeida (cebes)\">[&#8230;]<\/a><\/p>\n<\/div>","protected":false},"author":1,"featured_media":2959,"comment_status":"open","ping_status":"open","sticky":false,"template":"","format":"standard","meta":{"_acf_changed":false,"_exactmetrics_skip_tracking":false,"_exactmetrics_sitenote_active":false,"_exactmetrics_sitenote_note":"","_exactmetrics_sitenote_category":0,"jetpack_post_was_ever_published":false,"_jetpack_newsletter_access":"","_jetpack_dont_email_post_to_subs":false,"_jetpack_newsletter_tier_id":0,"_jetpack_memberships_contains_paywalled_content":false,"_jetpack_memberships_contains_paid_content":false,"footnotes":"","jetpack_publicize_message":"","jetpack_publicize_feature_enabled":true,"jetpack_social_post_already_shared":false,"jetpack_social_options":{"image_generator_settings":{"template":"highway","enabled":false},"version":2}},"categories":[8],"tags":[],"class_list":{"0":"post-2960","1":"post","2":"type-post","3":"status-publish","4":"format-standard","5":"has-post-thumbnail","7":"category-noticia"},"jetpack_publicize_connections":[],"acf":[],"yoast_head":"<!-- This site is optimized with the Yoast SEO plugin v25.2 - https:\/\/yoast.com\/wordpress\/plugins\/seo\/ -->\n<title>Direito n\u00e3o \u00e9 neg\u00f3cio. Entrevista com Paulo Henrique de Almeida (cebes) - Lappis 25 anos<\/title>\n<meta name=\"robots\" content=\"index, follow, max-snippet:-1, max-image-preview:large, max-video-preview:-1\" \/>\n<link rel=\"canonical\" href=\"https:\/\/lappis.org.br\/site\/direito-nao-e-negocio-entrevista-com-paulo-henrique-de-almeida-cebes\/2960\" \/>\n<meta property=\"og:locale\" content=\"pt_BR\" \/>\n<meta property=\"og:type\" content=\"article\" \/>\n<meta property=\"og:title\" content=\"Direito n\u00e3o \u00e9 neg\u00f3cio. Entrevista com Paulo Henrique de Almeida (cebes) - Lappis 25 anos\" \/>\n<meta property=\"og:description\" content=\"Paulo Henrique Rodrigues, diretor executivo do Centro Brasileiro de Estudos de Sa\u00fade (Cebes), foi entrevistado pela equipe do LAPPIS para falar sobre a universaliza\u00e7\u00e3o do direito \u00e0 sa\u00fade. Ao lado de&nbsp;George E. Machado Kornis, em [...]\" \/>\n<meta property=\"og:url\" content=\"https:\/\/lappis.org.br\/site\/direito-nao-e-negocio-entrevista-com-paulo-henrique-de-almeida-cebes\/2960\" \/>\n<meta property=\"og:site_name\" content=\"Lappis 25 anos\" \/>\n<meta property=\"article:published_time\" content=\"2014-07-28T19:50:47+00:00\" \/>\n<meta property=\"og:image\" content=\"https:\/\/lappis.org.br\/site\/wp-content\/uploads\/2014\/07\/Sa\u00fade_milit\u00e2ncia.jpg\" \/>\n\t<meta property=\"og:image:width\" content=\"724\" \/>\n\t<meta property=\"og:image:height\" content=\"474\" \/>\n\t<meta property=\"og:image:type\" content=\"image\/jpeg\" \/>\n<meta name=\"author\" content=\"fw2\" \/>\n<meta name=\"twitter:card\" content=\"summary_large_image\" \/>\n<meta name=\"twitter:label1\" content=\"Escrito por\" \/>\n\t<meta name=\"twitter:data1\" content=\"fw2\" \/>\n\t<meta name=\"twitter:label2\" content=\"Est. tempo de leitura\" \/>\n\t<meta name=\"twitter:data2\" content=\"7 minutos\" \/>\n<script type=\"application\/ld+json\" class=\"yoast-schema-graph\">{\"@context\":\"https:\/\/schema.org\",\"@graph\":[{\"@type\":\"Article\",\"@id\":\"https:\/\/lappis.org.br\/site\/direito-nao-e-negocio-entrevista-com-paulo-henrique-de-almeida-cebes\/2960#article\",\"isPartOf\":{\"@id\":\"https:\/\/lappis.org.br\/site\/direito-nao-e-negocio-entrevista-com-paulo-henrique-de-almeida-cebes\/2960\"},\"author\":{\"name\":\"fw2\",\"@id\":\"https:\/\/lappis.org.br\/site\/#\/schema\/person\/3852381d08284b5e2716b20bd89bdbcf\"},\"headline\":\"Direito n\u00e3o \u00e9 neg\u00f3cio. Entrevista com Paulo Henrique de Almeida (cebes)\",\"datePublished\":\"2014-07-28T19:50:47+00:00\",\"mainEntityOfPage\":{\"@id\":\"https:\/\/lappis.org.br\/site\/direito-nao-e-negocio-entrevista-com-paulo-henrique-de-almeida-cebes\/2960\"},\"wordCount\":1390,\"commentCount\":0,\"publisher\":{\"@id\":\"https:\/\/lappis.org.br\/site\/#organization\"},\"image\":{\"@id\":\"https:\/\/lappis.org.br\/site\/direito-nao-e-negocio-entrevista-com-paulo-henrique-de-almeida-cebes\/2960#primaryimage\"},\"thumbnailUrl\":\"https:\/\/lappis.org.br\/site\/wp-content\/uploads\/2014\/07\/Sa\u00fade_milit\u00e2ncia.jpg\",\"articleSection\":[\"Not\u00edcia\"],\"inLanguage\":\"pt-BR\",\"potentialAction\":[{\"@type\":\"CommentAction\",\"name\":\"Comment\",\"target\":[\"https:\/\/lappis.org.br\/site\/direito-nao-e-negocio-entrevista-com-paulo-henrique-de-almeida-cebes\/2960#respond\"]}]},{\"@type\":\"WebPage\",\"@id\":\"https:\/\/lappis.org.br\/site\/direito-nao-e-negocio-entrevista-com-paulo-henrique-de-almeida-cebes\/2960\",\"url\":\"https:\/\/lappis.org.br\/site\/direito-nao-e-negocio-entrevista-com-paulo-henrique-de-almeida-cebes\/2960\",\"name\":\"Direito n\u00e3o \u00e9 neg\u00f3cio. Entrevista com Paulo Henrique de Almeida (cebes) - Lappis 25 anos\",\"isPartOf\":{\"@id\":\"https:\/\/lappis.org.br\/site\/#website\"},\"primaryImageOfPage\":{\"@id\":\"https:\/\/lappis.org.br\/site\/direito-nao-e-negocio-entrevista-com-paulo-henrique-de-almeida-cebes\/2960#primaryimage\"},\"image\":{\"@id\":\"https:\/\/lappis.org.br\/site\/direito-nao-e-negocio-entrevista-com-paulo-henrique-de-almeida-cebes\/2960#primaryimage\"},\"thumbnailUrl\":\"https:\/\/lappis.org.br\/site\/wp-content\/uploads\/2014\/07\/Sa\u00fade_milit\u00e2ncia.jpg\",\"datePublished\":\"2014-07-28T19:50:47+00:00\",\"breadcrumb\":{\"@id\":\"https:\/\/lappis.org.br\/site\/direito-nao-e-negocio-entrevista-com-paulo-henrique-de-almeida-cebes\/2960#breadcrumb\"},\"inLanguage\":\"pt-BR\",\"potentialAction\":[{\"@type\":\"ReadAction\",\"target\":[\"https:\/\/lappis.org.br\/site\/direito-nao-e-negocio-entrevista-com-paulo-henrique-de-almeida-cebes\/2960\"]}]},{\"@type\":\"ImageObject\",\"inLanguage\":\"pt-BR\",\"@id\":\"https:\/\/lappis.org.br\/site\/direito-nao-e-negocio-entrevista-com-paulo-henrique-de-almeida-cebes\/2960#primaryimage\",\"url\":\"https:\/\/lappis.org.br\/site\/wp-content\/uploads\/2014\/07\/Sa\u00fade_milit\u00e2ncia.jpg\",\"contentUrl\":\"https:\/\/lappis.org.br\/site\/wp-content\/uploads\/2014\/07\/Sa\u00fade_milit\u00e2ncia.jpg\",\"width\":724,\"height\":474,\"caption\":\"Sa\u00fade milit\u00e2ncia\"},{\"@type\":\"BreadcrumbList\",\"@id\":\"https:\/\/lappis.org.br\/site\/direito-nao-e-negocio-entrevista-com-paulo-henrique-de-almeida-cebes\/2960#breadcrumb\",\"itemListElement\":[{\"@type\":\"ListItem\",\"position\":1,\"name\":\"In\u00edcio\",\"item\":\"https:\/\/lappis.org.br\/site\/\"},{\"@type\":\"ListItem\",\"position\":2,\"name\":\"Direito n\u00e3o \u00e9 neg\u00f3cio. Entrevista com Paulo Henrique de Almeida (cebes)\"}]},{\"@type\":\"WebSite\",\"@id\":\"https:\/\/lappis.org.br\/site\/#website\",\"url\":\"https:\/\/lappis.org.br\/site\/\",\"name\":\"Lappis 25 anos\",\"description\":\"Labotat\u00f3rio de Pesquisas sobre Pr\u00e1ticas de Integralidade em Sa\u00fade\",\"publisher\":{\"@id\":\"https:\/\/lappis.org.br\/site\/#organization\"},\"potentialAction\":[{\"@type\":\"SearchAction\",\"target\":{\"@type\":\"EntryPoint\",\"urlTemplate\":\"https:\/\/lappis.org.br\/site\/?s={search_term_string}\"},\"query-input\":{\"@type\":\"PropertyValueSpecification\",\"valueRequired\":true,\"valueName\":\"search_term_string\"}}],\"inLanguage\":\"pt-BR\"},{\"@type\":\"Organization\",\"@id\":\"https:\/\/lappis.org.br\/site\/#organization\",\"name\":\"Lappis 25 anos\",\"url\":\"https:\/\/lappis.org.br\/site\/\",\"logo\":{\"@type\":\"ImageObject\",\"inLanguage\":\"pt-BR\",\"@id\":\"https:\/\/lappis.org.br\/site\/#\/schema\/logo\/image\/\",\"url\":\"https:\/\/lappis.org.br\/site\/wp-content\/uploads\/2025\/03\/logo-lappis25anos.png\",\"contentUrl\":\"https:\/\/lappis.org.br\/site\/wp-content\/uploads\/2025\/03\/logo-lappis25anos.png\",\"width\":388,\"height\":146,\"caption\":\"Lappis 25 anos\"},\"image\":{\"@id\":\"https:\/\/lappis.org.br\/site\/#\/schema\/logo\/image\/\"}},{\"@type\":\"Person\",\"@id\":\"https:\/\/lappis.org.br\/site\/#\/schema\/person\/3852381d08284b5e2716b20bd89bdbcf\",\"name\":\"fw2\",\"image\":{\"@type\":\"ImageObject\",\"inLanguage\":\"pt-BR\",\"@id\":\"https:\/\/lappis.org.br\/site\/#\/schema\/person\/image\/\",\"url\":\"https:\/\/secure.gravatar.com\/avatar\/c38472c0cdbde82d9b6fcc26adb3779d?s=96&d=mm&r=g\",\"contentUrl\":\"https:\/\/secure.gravatar.com\/avatar\/c38472c0cdbde82d9b6fcc26adb3779d?s=96&d=mm&r=g\",\"caption\":\"fw2\"},\"url\":\"https:\/\/lappis.org.br\/site\/author\/fw2\"}]}<\/script>\n<!-- \/ Yoast SEO plugin. -->","yoast_head_json":{"title":"Direito n\u00e3o \u00e9 neg\u00f3cio. Entrevista com Paulo Henrique de Almeida (cebes) - Lappis 25 anos","robots":{"index":"index","follow":"follow","max-snippet":"max-snippet:-1","max-image-preview":"max-image-preview:large","max-video-preview":"max-video-preview:-1"},"canonical":"https:\/\/lappis.org.br\/site\/direito-nao-e-negocio-entrevista-com-paulo-henrique-de-almeida-cebes\/2960","og_locale":"pt_BR","og_type":"article","og_title":"Direito n\u00e3o \u00e9 neg\u00f3cio. Entrevista com Paulo Henrique de Almeida (cebes) - Lappis 25 anos","og_description":"Paulo Henrique Rodrigues, diretor executivo do Centro Brasileiro de Estudos de Sa\u00fade (Cebes), foi entrevistado pela equipe do LAPPIS para falar sobre a universaliza\u00e7\u00e3o do direito \u00e0 sa\u00fade. Ao lado de&nbsp;George E. Machado Kornis, em [...]","og_url":"https:\/\/lappis.org.br\/site\/direito-nao-e-negocio-entrevista-com-paulo-henrique-de-almeida-cebes\/2960","og_site_name":"Lappis 25 anos","article_published_time":"2014-07-28T19:50:47+00:00","og_image":[{"width":724,"height":474,"url":"https:\/\/lappis.org.br\/site\/wp-content\/uploads\/2014\/07\/Sa\u00fade_milit\u00e2ncia.jpg","type":"image\/jpeg"}],"author":"fw2","twitter_card":"summary_large_image","twitter_misc":{"Escrito por":"fw2","Est. tempo de leitura":"7 minutos"},"schema":{"@context":"https:\/\/schema.org","@graph":[{"@type":"Article","@id":"https:\/\/lappis.org.br\/site\/direito-nao-e-negocio-entrevista-com-paulo-henrique-de-almeida-cebes\/2960#article","isPartOf":{"@id":"https:\/\/lappis.org.br\/site\/direito-nao-e-negocio-entrevista-com-paulo-henrique-de-almeida-cebes\/2960"},"author":{"name":"fw2","@id":"https:\/\/lappis.org.br\/site\/#\/schema\/person\/3852381d08284b5e2716b20bd89bdbcf"},"headline":"Direito n\u00e3o \u00e9 neg\u00f3cio. Entrevista com Paulo Henrique de Almeida (cebes)","datePublished":"2014-07-28T19:50:47+00:00","mainEntityOfPage":{"@id":"https:\/\/lappis.org.br\/site\/direito-nao-e-negocio-entrevista-com-paulo-henrique-de-almeida-cebes\/2960"},"wordCount":1390,"commentCount":0,"publisher":{"@id":"https:\/\/lappis.org.br\/site\/#organization"},"image":{"@id":"https:\/\/lappis.org.br\/site\/direito-nao-e-negocio-entrevista-com-paulo-henrique-de-almeida-cebes\/2960#primaryimage"},"thumbnailUrl":"https:\/\/lappis.org.br\/site\/wp-content\/uploads\/2014\/07\/Sa\u00fade_milit\u00e2ncia.jpg","articleSection":["Not\u00edcia"],"inLanguage":"pt-BR","potentialAction":[{"@type":"CommentAction","name":"Comment","target":["https:\/\/lappis.org.br\/site\/direito-nao-e-negocio-entrevista-com-paulo-henrique-de-almeida-cebes\/2960#respond"]}]},{"@type":"WebPage","@id":"https:\/\/lappis.org.br\/site\/direito-nao-e-negocio-entrevista-com-paulo-henrique-de-almeida-cebes\/2960","url":"https:\/\/lappis.org.br\/site\/direito-nao-e-negocio-entrevista-com-paulo-henrique-de-almeida-cebes\/2960","name":"Direito n\u00e3o \u00e9 neg\u00f3cio. Entrevista com Paulo Henrique de Almeida (cebes) - Lappis 25 anos","isPartOf":{"@id":"https:\/\/lappis.org.br\/site\/#website"},"primaryImageOfPage":{"@id":"https:\/\/lappis.org.br\/site\/direito-nao-e-negocio-entrevista-com-paulo-henrique-de-almeida-cebes\/2960#primaryimage"},"image":{"@id":"https:\/\/lappis.org.br\/site\/direito-nao-e-negocio-entrevista-com-paulo-henrique-de-almeida-cebes\/2960#primaryimage"},"thumbnailUrl":"https:\/\/lappis.org.br\/site\/wp-content\/uploads\/2014\/07\/Sa\u00fade_milit\u00e2ncia.jpg","datePublished":"2014-07-28T19:50:47+00:00","breadcrumb":{"@id":"https:\/\/lappis.org.br\/site\/direito-nao-e-negocio-entrevista-com-paulo-henrique-de-almeida-cebes\/2960#breadcrumb"},"inLanguage":"pt-BR","potentialAction":[{"@type":"ReadAction","target":["https:\/\/lappis.org.br\/site\/direito-nao-e-negocio-entrevista-com-paulo-henrique-de-almeida-cebes\/2960"]}]},{"@type":"ImageObject","inLanguage":"pt-BR","@id":"https:\/\/lappis.org.br\/site\/direito-nao-e-negocio-entrevista-com-paulo-henrique-de-almeida-cebes\/2960#primaryimage","url":"https:\/\/lappis.org.br\/site\/wp-content\/uploads\/2014\/07\/Sa\u00fade_milit\u00e2ncia.jpg","contentUrl":"https:\/\/lappis.org.br\/site\/wp-content\/uploads\/2014\/07\/Sa\u00fade_milit\u00e2ncia.jpg","width":724,"height":474,"caption":"Sa\u00fade milit\u00e2ncia"},{"@type":"BreadcrumbList","@id":"https:\/\/lappis.org.br\/site\/direito-nao-e-negocio-entrevista-com-paulo-henrique-de-almeida-cebes\/2960#breadcrumb","itemListElement":[{"@type":"ListItem","position":1,"name":"In\u00edcio","item":"https:\/\/lappis.org.br\/site\/"},{"@type":"ListItem","position":2,"name":"Direito n\u00e3o \u00e9 neg\u00f3cio. Entrevista com Paulo Henrique de Almeida (cebes)"}]},{"@type":"WebSite","@id":"https:\/\/lappis.org.br\/site\/#website","url":"https:\/\/lappis.org.br\/site\/","name":"Lappis 25 anos","description":"Labotat\u00f3rio de Pesquisas sobre Pr\u00e1ticas de Integralidade em Sa\u00fade","publisher":{"@id":"https:\/\/lappis.org.br\/site\/#organization"},"potentialAction":[{"@type":"SearchAction","target":{"@type":"EntryPoint","urlTemplate":"https:\/\/lappis.org.br\/site\/?s={search_term_string}"},"query-input":{"@type":"PropertyValueSpecification","valueRequired":true,"valueName":"search_term_string"}}],"inLanguage":"pt-BR"},{"@type":"Organization","@id":"https:\/\/lappis.org.br\/site\/#organization","name":"Lappis 25 anos","url":"https:\/\/lappis.org.br\/site\/","logo":{"@type":"ImageObject","inLanguage":"pt-BR","@id":"https:\/\/lappis.org.br\/site\/#\/schema\/logo\/image\/","url":"https:\/\/lappis.org.br\/site\/wp-content\/uploads\/2025\/03\/logo-lappis25anos.png","contentUrl":"https:\/\/lappis.org.br\/site\/wp-content\/uploads\/2025\/03\/logo-lappis25anos.png","width":388,"height":146,"caption":"Lappis 25 anos"},"image":{"@id":"https:\/\/lappis.org.br\/site\/#\/schema\/logo\/image\/"}},{"@type":"Person","@id":"https:\/\/lappis.org.br\/site\/#\/schema\/person\/3852381d08284b5e2716b20bd89bdbcf","name":"fw2","image":{"@type":"ImageObject","inLanguage":"pt-BR","@id":"https:\/\/lappis.org.br\/site\/#\/schema\/person\/image\/","url":"https:\/\/secure.gravatar.com\/avatar\/c38472c0cdbde82d9b6fcc26adb3779d?s=96&d=mm&r=g","contentUrl":"https:\/\/secure.gravatar.com\/avatar\/c38472c0cdbde82d9b6fcc26adb3779d?s=96&d=mm&r=g","caption":"fw2"},"url":"https:\/\/lappis.org.br\/site\/author\/fw2"}]}},"jetpack_featured_media_url":"https:\/\/lappis.org.br\/site\/wp-content\/uploads\/2014\/07\/Sa\u00fade_milit\u00e2ncia.jpg","jetpack_shortlink":"https:\/\/wp.me\/p954Nh-LK","jetpack_sharing_enabled":true,"_links":{"self":[{"href":"https:\/\/lappis.org.br\/site\/wp-json\/wp\/v2\/posts\/2960"}],"collection":[{"href":"https:\/\/lappis.org.br\/site\/wp-json\/wp\/v2\/posts"}],"about":[{"href":"https:\/\/lappis.org.br\/site\/wp-json\/wp\/v2\/types\/post"}],"author":[{"embeddable":true,"href":"https:\/\/lappis.org.br\/site\/wp-json\/wp\/v2\/users\/1"}],"replies":[{"embeddable":true,"href":"https:\/\/lappis.org.br\/site\/wp-json\/wp\/v2\/comments?post=2960"}],"version-history":[{"count":0,"href":"https:\/\/lappis.org.br\/site\/wp-json\/wp\/v2\/posts\/2960\/revisions"}],"wp:featuredmedia":[{"embeddable":true,"href":"https:\/\/lappis.org.br\/site\/wp-json\/wp\/v2\/media\/2959"}],"wp:attachment":[{"href":"https:\/\/lappis.org.br\/site\/wp-json\/wp\/v2\/media?parent=2960"}],"wp:term":[{"taxonomy":"category","embeddable":true,"href":"https:\/\/lappis.org.br\/site\/wp-json\/wp\/v2\/categories?post=2960"},{"taxonomy":"post_tag","embeddable":true,"href":"https:\/\/lappis.org.br\/site\/wp-json\/wp\/v2\/tags?post=2960"}],"curies":[{"name":"wp","href":"https:\/\/api.w.org\/{rel}","templated":true}]}}