{"id":2956,"date":"2014-07-23T21:29:06","date_gmt":"2014-07-24T00:29:06","guid":{"rendered":"http:\/\/lappis.org.br\/site\/2014\/07\/23\/curta-documentario-sera-exibido-em-simposio-do-lappis\/"},"modified":"2017-08-23T10:25:16","modified_gmt":"2017-08-23T13:25:16","slug":"curta-documentario-sera-exibido-em-simposio-do-lappis","status":"publish","type":"post","link":"https:\/\/lappis.org.br\/site\/curta-documentario-sera-exibido-em-simposio-do-lappis\/2956","title":{"rendered":"Curta document\u00e1rio ser\u00e1 exibido em Simp\u00f3sio do LAPPIS"},"content":{"rendered":"<p><img fetchpriority=\"high\" decoding=\"async\" data-attachment-id=\"2955\" data-permalink=\"https:\/\/lappis.org.br\/site\/curta-documentario-sera-exibido-em-simposio-do-lappis\/2956\/attachment-simposio-nova-logo\" data-orig-file=\"https:\/\/lappis.org.br\/site\/wp-content\/uploads\/2014\/07\/Simp\u00f3sio_-_nova_logo.jpg\" data-orig-size=\"488,214\" data-comments-opened=\"1\" data-image-meta=\"{&quot;aperture&quot;:&quot;0&quot;,&quot;credit&quot;:&quot;&quot;,&quot;camera&quot;:&quot;&quot;,&quot;caption&quot;:&quot;&quot;,&quot;created_timestamp&quot;:&quot;0&quot;,&quot;copyright&quot;:&quot;&quot;,&quot;focal_length&quot;:&quot;0&quot;,&quot;iso&quot;:&quot;0&quot;,&quot;shutter_speed&quot;:&quot;0&quot;,&quot;title&quot;:&quot;&quot;,&quot;orientation&quot;:&quot;0&quot;}\" data-image-title=\"Simp\u00f3sio &#8211; nova logo\" data-image-description=\"\" data-image-caption=\"\" data-medium-file=\"https:\/\/lappis.org.br\/site\/wp-content\/uploads\/2014\/07\/Simp\u00f3sio_-_nova_logo-300x132.jpg\" data-large-file=\"https:\/\/lappis.org.br\/site\/wp-content\/uploads\/2014\/07\/Simp\u00f3sio_-_nova_logo.jpg\" class=\" alignleft size-full wp-image-2955\" style=\"margin: 3px; border: 2px solid #000000; float: left;\" src=\"http:\/\/lappis.org.br\/site\/wp-content\/uploads\/2014\/07\/Simp%C3%B3sio_-_nova_logo.jpg\" alt=\"Simp\u00f3sio - nova logo\" width=\"368\" height=\"161\" \/><\/p>\n<p style=\"text-align: justify;\">Nos dias 12, 13 e 14 de Agosto, acontece o Simp\u00f3sio final da pesquisa \u201c\u00c1reas program\u00e1ticas e direito \u00e0 sa\u00fade: constru\u00e7\u00e3o da integralidade no contexto do apoio institucional\u201d, no audit\u00f3rio 11 da UERJ. Logo no primeiro dia de Simp\u00f3sio, haver\u00e1 a exibi\u00e7\u00e3o exclusiva do curta document\u00e1rio \u201cMem\u00f3rias e viv\u00eancias de praticar apoio\u201d (t\u00edtulo provis\u00f3rio), produzido em parceria com uma equipe audiovisual, que acompanhou os profissionais do LAPPIS em suas andan\u00e7as para \u201cdevolver\u201d os resultados das experi\u00eancias selecionadas. O foco principal do filme \u00e9 abordar os encontros entre usu\u00e1rios, profissionais e pesquisadores da sa\u00fade, expondo os diversos contextos em que o apoio \u00e9 praticado. Assim, o objetivo \u00e9 priorizar o discurso pessoal, trazendo \u00e0 tona as dificuldades, surpresas e resultados positivos das pr\u00e1ticas em rede.<\/p>\n<p style=\"text-align: justify;\">&nbsp;<\/p>\n<p style=\"text-align: justify;\">Confira a programa\u00e7\u00e3o do dia 12:<\/p>\n<p style=\"text-align: justify;\">&nbsp;<\/p>\n<p style=\"text-align: justify;\"><strong>MANH\u00c3 \u2013 ATIVIDADE \u2013 PR\u00c9-SIMP\u00d3SIO<\/strong><\/p>\n<p style=\"text-align: justify;\"><strong>DEVOLUTIVA SUDESTE<\/strong><\/p>\n<p style=\"text-align: justify;\"><strong>Coordena\u00e7\u00e3o<\/strong>: Aluisio Gomes da Silva Jr (ISC\/UFF)<\/p>\n<p style=\"text-align: justify;\"><strong>Hor\u00e1rio<\/strong>: 9h-12:00h<\/p>\n<p style=\"text-align: justify;\"><strong>Local<\/strong>: Audit\u00f3rio 11 \u2013 UERJ<\/p>\n<p style=\"text-align: justify;\"><strong>Roda de conversa com apresenta\u00e7\u00e3o dos eixos transversais da pesquisa e do mapeamento nacional de apoiadores<\/strong><\/p>\n<p style=\"text-align: justify;\"><strong>P\u00fablico alvo<\/strong>: participantes da pesquisa da regi\u00e3o sudeste<\/p>\n<p style=\"text-align: justify;\"><strong>DIA 12\/08\/2014<\/strong><\/p>\n<p style=\"text-align: justify;\"><strong>TARDE<\/strong><\/p>\n<p style=\"text-align: justify;\"><strong>ATIVIDADES \u2013 ABERTURA, MESAS, EXIBI\u00c7\u00c3O DE V\u00cdDEO E LAN\u00c7AMENTOS DE COLET\u00c2NEAS<\/strong><\/p>\n<p style=\"text-align: justify;\"><strong>MESA DE ABERTURA<\/strong><\/p>\n<p style=\"text-align: justify;\">Local: Audit\u00f3rio 11 \u2013 UERJ<\/p>\n<p style=\"text-align: justify;\">Hor\u00e1rio: 14:00 \u00c0S 14:30<\/p>\n<p style=\"text-align: justify;\">Convidados<\/p>\n<p style=\"text-align: justify;\">Dario Pasche \u2013 Diretor do DAPES\/MS<\/p>\n<p style=\"text-align: justify;\">Fabio Luiz \u2013 Coordenador da Pol\u00edtica Nacional de Humaniza\u00e7\u00e3o do MS<\/p>\n<p style=\"text-align: justify;\">Roseni Pinheiro \u2013 L\u00edder do Grupo de Pesquisa do CNPq LAPPIS-IMS\/UERJ<\/p>\n<p style=\"text-align: justify;\">Cid Manso de Mello Viana \u2013 Diretor do Instituto de Medicina Social da UERJ<\/p>\n<p style=\"text-align: justify;\">Dr. Rodolfo Gomez Ponce de Leon&nbsp; &#8211; Representante da OPAS-BRASIL<\/p>\n<p style=\"text-align: justify;\">Aluisio Gomes da Silva Jr \u2013 Diretor do ISC\/UFF e Vice-l\u00edder do Grupo de Pesquisa LAPPIS<\/p>\n<p style=\"text-align: justify;\"><strong>MESA REDONDA &#8211; Pr\u00e1ticas de Apoio e Integralidade no SUS: Por uma estrat\u00e9gia de rede multic\u00eantrica de pesquisa<\/strong>:&nbsp;<\/p>\n<p style=\"text-align: justify;\">Local: Audit\u00f3rio 11 \u2013 UERJ<\/p>\n<p style=\"text-align: justify;\">Hor\u00e1rio: 14:30 as 15:30h<\/p>\n<p style=\"text-align: justify;\">Coordenador: Gustavo Nunes Oliveira (UnB)<\/p>\n<p style=\"text-align: justify;\">Debatedores: D\u00e1rio Pasche (DAPES\/MS)&nbsp; Fabio Hebert (UFF), Francine Guizardi (FIOCRUZ\/LAPPIS), Roseni, Pinheiro (LAPPIS), e Tatiana Coelho Lopes (Hospital Sofia Feldman\/LAPPIS)<\/p>\n<p style=\"text-align: justify;\">15:30 as 16:00h- Apresenta\u00e7\u00e3o do Document\u00e1rio: \u201cMem\u00f3rias e Viv\u00eancias de Pesquisar Apoio\u201d.<\/p>\n<p style=\"text-align: justify;\">16:00 as 17:30h- Debate<\/p>\n<p style=\"text-align: justify;\"><strong>17:30 Lan\u00e7amento das colet\u00e2neas da Pesquisa<\/strong><\/p>\n<p style=\"text-align: justify;\"><em>Roseni Pinheiro, Tatiana Coelho Lopes, Fabio Hebert e Aluisio Gomes da Silva Jr.(Org.) Pr\u00e1ticas de Apoio e a Integralidade no SUS: Por uma estrat\u00e9gia de rede multic\u00eantrica de pesquisa.&nbsp; Rio de Janeiro. CEPESC EDITORA \u2013 ABRASCO. 2014<\/em>.<\/p>\n<p style=\"text-align: justify;\"><em>Roseni Pinheiro, Tatiana Coelho Lopes, Fabio Hebert e Aluisio Gomes da Silva Jr.(Org.)&nbsp; Experenci(a\u00e7\u00f5es) e pr\u00e1ticas de apoio no SUS: Integralidade, \u00e1reas program\u00e1ticas e democracia institucional Rio de Janeiro. CEPESC EDITORA \u2013 ABRASCO. 2014<\/em>.<\/p>\n<p style=\"text-align: justify;\">&nbsp;<\/p>\n<p style=\"text-align: justify;\">Veja a programa\u00e7\u00e3o completa em:&nbsp;<a href=\"http:\/\/lappis.org.br\/site\/programacao-simposio-final-da-pesquisa-2014\/2942\">http:\/\/www.lappis.org.br\/site\/programacao-simposio-final-da-pesquisa-2014<\/a><\/p>\n<p style=\"text-align: justify;\">&nbsp;<\/p>\n<p style=\"text-align: justify;\">&nbsp;<\/p>\n","protected":false},"excerpt":{"rendered":"<div class=\"mh-excerpt\"><p>Nos dias 12, 13 e 14 de Agosto, acontece o Simp\u00f3sio final da pesquisa \u201c\u00c1reas program\u00e1ticas e direito \u00e0 sa\u00fade: constru\u00e7\u00e3o da integralidade no contexto do apoio institucional\u201d, no audit\u00f3rio 11 da UERJ. Logo no <a class=\"mh-excerpt-more\" href=\"https:\/\/lappis.org.br\/site\/curta-documentario-sera-exibido-em-simposio-do-lappis\/2956\" title=\"Curta document\u00e1rio ser\u00e1 exibido em Simp\u00f3sio do LAPPIS\">[&#8230;]<\/a><\/p>\n<\/div>","protected":false},"author":1,"featured_media":2955,"comment_status":"open","ping_status":"open","sticky":false,"template":"","format":"standard","meta":{"_acf_changed":false,"_exactmetrics_skip_tracking":false,"_exactmetrics_sitenote_active":false,"_exactmetrics_sitenote_note":"","_exactmetrics_sitenote_category":0,"jetpack_post_was_ever_published":false,"_jetpack_newsletter_access":"","_jetpack_dont_email_post_to_subs":false,"_jetpack_newsletter_tier_id":0,"_jetpack_memberships_contains_paywalled_content":false,"_jetpack_memberships_contains_paid_content":false,"footnotes":"","jetpack_publicize_message":"","jetpack_publicize_feature_enabled":true,"jetpack_social_post_already_shared":false,"jetpack_social_options":{"image_generator_settings":{"template":"highway","enabled":false},"version":2}},"categories":[8],"tags":[],"class_list":{"0":"post-2956","1":"post","2":"type-post","3":"status-publish","4":"format-standard","5":"has-post-thumbnail","7":"category-noticia"},"jetpack_publicize_connections":[],"acf":[],"yoast_head":"<!-- This site is optimized with the Yoast SEO plugin v25.2 - https:\/\/yoast.com\/wordpress\/plugins\/seo\/ -->\n<title>Curta document\u00e1rio ser\u00e1 exibido em Simp\u00f3sio do LAPPIS - Lappis 25 anos<\/title>\n<meta name=\"robots\" content=\"index, follow, max-snippet:-1, max-image-preview:large, max-video-preview:-1\" \/>\n<link rel=\"canonical\" href=\"https:\/\/lappis.org.br\/site\/curta-documentario-sera-exibido-em-simposio-do-lappis\/2956\" \/>\n<meta property=\"og:locale\" content=\"pt_BR\" \/>\n<meta property=\"og:type\" content=\"article\" \/>\n<meta property=\"og:title\" content=\"Curta document\u00e1rio ser\u00e1 exibido em Simp\u00f3sio do LAPPIS - Lappis 25 anos\" \/>\n<meta property=\"og:description\" content=\"Nos dias 12, 13 e 14 de Agosto, acontece o Simp\u00f3sio final da pesquisa \u201c\u00c1reas program\u00e1ticas e direito \u00e0 sa\u00fade: constru\u00e7\u00e3o da integralidade no contexto do apoio institucional\u201d, no audit\u00f3rio 11 da UERJ. Logo no [...]\" \/>\n<meta property=\"og:url\" content=\"https:\/\/lappis.org.br\/site\/curta-documentario-sera-exibido-em-simposio-do-lappis\/2956\" \/>\n<meta property=\"og:site_name\" content=\"Lappis 25 anos\" \/>\n<meta property=\"article:published_time\" content=\"2014-07-24T00:29:06+00:00\" \/>\n<meta property=\"article:modified_time\" content=\"2017-08-23T13:25:16+00:00\" \/>\n<meta property=\"og:image\" content=\"https:\/\/lappis.org.br\/site\/wp-content\/uploads\/2014\/07\/Simp\u00f3sio_-_nova_logo.jpg\" \/>\n\t<meta property=\"og:image:width\" content=\"488\" \/>\n\t<meta property=\"og:image:height\" content=\"214\" \/>\n\t<meta property=\"og:image:type\" content=\"image\/jpeg\" \/>\n<meta name=\"author\" content=\"fw2\" \/>\n<meta name=\"twitter:card\" content=\"summary_large_image\" \/>\n<meta name=\"twitter:label1\" content=\"Escrito por\" \/>\n\t<meta name=\"twitter:data1\" content=\"fw2\" \/>\n\t<meta name=\"twitter:label2\" content=\"Est. tempo de leitura\" \/>\n\t<meta name=\"twitter:data2\" content=\"2 minutos\" \/>\n<script type=\"application\/ld+json\" class=\"yoast-schema-graph\">{\"@context\":\"https:\/\/schema.org\",\"@graph\":[{\"@type\":\"Article\",\"@id\":\"https:\/\/lappis.org.br\/site\/curta-documentario-sera-exibido-em-simposio-do-lappis\/2956#article\",\"isPartOf\":{\"@id\":\"https:\/\/lappis.org.br\/site\/curta-documentario-sera-exibido-em-simposio-do-lappis\/2956\"},\"author\":{\"name\":\"fw2\",\"@id\":\"https:\/\/lappis.org.br\/site\/#\/schema\/person\/3852381d08284b5e2716b20bd89bdbcf\"},\"headline\":\"Curta document\u00e1rio ser\u00e1 exibido em Simp\u00f3sio do LAPPIS\",\"datePublished\":\"2014-07-24T00:29:06+00:00\",\"dateModified\":\"2017-08-23T13:25:16+00:00\",\"mainEntityOfPage\":{\"@id\":\"https:\/\/lappis.org.br\/site\/curta-documentario-sera-exibido-em-simposio-do-lappis\/2956\"},\"wordCount\":479,\"commentCount\":0,\"publisher\":{\"@id\":\"https:\/\/lappis.org.br\/site\/#organization\"},\"image\":{\"@id\":\"https:\/\/lappis.org.br\/site\/curta-documentario-sera-exibido-em-simposio-do-lappis\/2956#primaryimage\"},\"thumbnailUrl\":\"https:\/\/lappis.org.br\/site\/wp-content\/uploads\/2014\/07\/Simp\u00f3sio_-_nova_logo.jpg\",\"articleSection\":[\"Not\u00edcia\"],\"inLanguage\":\"pt-BR\",\"potentialAction\":[{\"@type\":\"CommentAction\",\"name\":\"Comment\",\"target\":[\"https:\/\/lappis.org.br\/site\/curta-documentario-sera-exibido-em-simposio-do-lappis\/2956#respond\"]}]},{\"@type\":\"WebPage\",\"@id\":\"https:\/\/lappis.org.br\/site\/curta-documentario-sera-exibido-em-simposio-do-lappis\/2956\",\"url\":\"https:\/\/lappis.org.br\/site\/curta-documentario-sera-exibido-em-simposio-do-lappis\/2956\",\"name\":\"Curta document\u00e1rio ser\u00e1 exibido em Simp\u00f3sio do LAPPIS - Lappis 25 anos\",\"isPartOf\":{\"@id\":\"https:\/\/lappis.org.br\/site\/#website\"},\"primaryImageOfPage\":{\"@id\":\"https:\/\/lappis.org.br\/site\/curta-documentario-sera-exibido-em-simposio-do-lappis\/2956#primaryimage\"},\"image\":{\"@id\":\"https:\/\/lappis.org.br\/site\/curta-documentario-sera-exibido-em-simposio-do-lappis\/2956#primaryimage\"},\"thumbnailUrl\":\"https:\/\/lappis.org.br\/site\/wp-content\/uploads\/2014\/07\/Simp\u00f3sio_-_nova_logo.jpg\",\"datePublished\":\"2014-07-24T00:29:06+00:00\",\"dateModified\":\"2017-08-23T13:25:16+00:00\",\"breadcrumb\":{\"@id\":\"https:\/\/lappis.org.br\/site\/curta-documentario-sera-exibido-em-simposio-do-lappis\/2956#breadcrumb\"},\"inLanguage\":\"pt-BR\",\"potentialAction\":[{\"@type\":\"ReadAction\",\"target\":[\"https:\/\/lappis.org.br\/site\/curta-documentario-sera-exibido-em-simposio-do-lappis\/2956\"]}]},{\"@type\":\"ImageObject\",\"inLanguage\":\"pt-BR\",\"@id\":\"https:\/\/lappis.org.br\/site\/curta-documentario-sera-exibido-em-simposio-do-lappis\/2956#primaryimage\",\"url\":\"https:\/\/lappis.org.br\/site\/wp-content\/uploads\/2014\/07\/Simp\u00f3sio_-_nova_logo.jpg\",\"contentUrl\":\"https:\/\/lappis.org.br\/site\/wp-content\/uploads\/2014\/07\/Simp\u00f3sio_-_nova_logo.jpg\",\"width\":488,\"height\":214,\"caption\":\"Simp\u00f3sio - nova logo\"},{\"@type\":\"BreadcrumbList\",\"@id\":\"https:\/\/lappis.org.br\/site\/curta-documentario-sera-exibido-em-simposio-do-lappis\/2956#breadcrumb\",\"itemListElement\":[{\"@type\":\"ListItem\",\"position\":1,\"name\":\"In\u00edcio\",\"item\":\"https:\/\/lappis.org.br\/site\/\"},{\"@type\":\"ListItem\",\"position\":2,\"name\":\"Curta document\u00e1rio ser\u00e1 exibido em Simp\u00f3sio do LAPPIS\"}]},{\"@type\":\"WebSite\",\"@id\":\"https:\/\/lappis.org.br\/site\/#website\",\"url\":\"https:\/\/lappis.org.br\/site\/\",\"name\":\"Lappis 25 anos\",\"description\":\"Labotat\u00f3rio de Pesquisas sobre Pr\u00e1ticas de Integralidade em Sa\u00fade\",\"publisher\":{\"@id\":\"https:\/\/lappis.org.br\/site\/#organization\"},\"potentialAction\":[{\"@type\":\"SearchAction\",\"target\":{\"@type\":\"EntryPoint\",\"urlTemplate\":\"https:\/\/lappis.org.br\/site\/?s={search_term_string}\"},\"query-input\":{\"@type\":\"PropertyValueSpecification\",\"valueRequired\":true,\"valueName\":\"search_term_string\"}}],\"inLanguage\":\"pt-BR\"},{\"@type\":\"Organization\",\"@id\":\"https:\/\/lappis.org.br\/site\/#organization\",\"name\":\"Lappis 25 anos\",\"url\":\"https:\/\/lappis.org.br\/site\/\",\"logo\":{\"@type\":\"ImageObject\",\"inLanguage\":\"pt-BR\",\"@id\":\"https:\/\/lappis.org.br\/site\/#\/schema\/logo\/image\/\",\"url\":\"https:\/\/lappis.org.br\/site\/wp-content\/uploads\/2025\/03\/logo-lappis25anos.png\",\"contentUrl\":\"https:\/\/lappis.org.br\/site\/wp-content\/uploads\/2025\/03\/logo-lappis25anos.png\",\"width\":388,\"height\":146,\"caption\":\"Lappis 25 anos\"},\"image\":{\"@id\":\"https:\/\/lappis.org.br\/site\/#\/schema\/logo\/image\/\"}},{\"@type\":\"Person\",\"@id\":\"https:\/\/lappis.org.br\/site\/#\/schema\/person\/3852381d08284b5e2716b20bd89bdbcf\",\"name\":\"fw2\",\"image\":{\"@type\":\"ImageObject\",\"inLanguage\":\"pt-BR\",\"@id\":\"https:\/\/lappis.org.br\/site\/#\/schema\/person\/image\/\",\"url\":\"https:\/\/secure.gravatar.com\/avatar\/c38472c0cdbde82d9b6fcc26adb3779d?s=96&d=mm&r=g\",\"contentUrl\":\"https:\/\/secure.gravatar.com\/avatar\/c38472c0cdbde82d9b6fcc26adb3779d?s=96&d=mm&r=g\",\"caption\":\"fw2\"},\"url\":\"https:\/\/lappis.org.br\/site\/author\/fw2\"}]}<\/script>\n<!-- \/ Yoast SEO plugin. -->","yoast_head_json":{"title":"Curta document\u00e1rio ser\u00e1 exibido em Simp\u00f3sio do LAPPIS - Lappis 25 anos","robots":{"index":"index","follow":"follow","max-snippet":"max-snippet:-1","max-image-preview":"max-image-preview:large","max-video-preview":"max-video-preview:-1"},"canonical":"https:\/\/lappis.org.br\/site\/curta-documentario-sera-exibido-em-simposio-do-lappis\/2956","og_locale":"pt_BR","og_type":"article","og_title":"Curta document\u00e1rio ser\u00e1 exibido em Simp\u00f3sio do LAPPIS - Lappis 25 anos","og_description":"Nos dias 12, 13 e 14 de Agosto, acontece o Simp\u00f3sio final da pesquisa \u201c\u00c1reas program\u00e1ticas e direito \u00e0 sa\u00fade: constru\u00e7\u00e3o da integralidade no contexto do apoio institucional\u201d, no audit\u00f3rio 11 da UERJ. Logo no [...]","og_url":"https:\/\/lappis.org.br\/site\/curta-documentario-sera-exibido-em-simposio-do-lappis\/2956","og_site_name":"Lappis 25 anos","article_published_time":"2014-07-24T00:29:06+00:00","article_modified_time":"2017-08-23T13:25:16+00:00","og_image":[{"width":488,"height":214,"url":"https:\/\/lappis.org.br\/site\/wp-content\/uploads\/2014\/07\/Simp\u00f3sio_-_nova_logo.jpg","type":"image\/jpeg"}],"author":"fw2","twitter_card":"summary_large_image","twitter_misc":{"Escrito por":"fw2","Est. tempo de leitura":"2 minutos"},"schema":{"@context":"https:\/\/schema.org","@graph":[{"@type":"Article","@id":"https:\/\/lappis.org.br\/site\/curta-documentario-sera-exibido-em-simposio-do-lappis\/2956#article","isPartOf":{"@id":"https:\/\/lappis.org.br\/site\/curta-documentario-sera-exibido-em-simposio-do-lappis\/2956"},"author":{"name":"fw2","@id":"https:\/\/lappis.org.br\/site\/#\/schema\/person\/3852381d08284b5e2716b20bd89bdbcf"},"headline":"Curta document\u00e1rio ser\u00e1 exibido em Simp\u00f3sio do LAPPIS","datePublished":"2014-07-24T00:29:06+00:00","dateModified":"2017-08-23T13:25:16+00:00","mainEntityOfPage":{"@id":"https:\/\/lappis.org.br\/site\/curta-documentario-sera-exibido-em-simposio-do-lappis\/2956"},"wordCount":479,"commentCount":0,"publisher":{"@id":"https:\/\/lappis.org.br\/site\/#organization"},"image":{"@id":"https:\/\/lappis.org.br\/site\/curta-documentario-sera-exibido-em-simposio-do-lappis\/2956#primaryimage"},"thumbnailUrl":"https:\/\/lappis.org.br\/site\/wp-content\/uploads\/2014\/07\/Simp\u00f3sio_-_nova_logo.jpg","articleSection":["Not\u00edcia"],"inLanguage":"pt-BR","potentialAction":[{"@type":"CommentAction","name":"Comment","target":["https:\/\/lappis.org.br\/site\/curta-documentario-sera-exibido-em-simposio-do-lappis\/2956#respond"]}]},{"@type":"WebPage","@id":"https:\/\/lappis.org.br\/site\/curta-documentario-sera-exibido-em-simposio-do-lappis\/2956","url":"https:\/\/lappis.org.br\/site\/curta-documentario-sera-exibido-em-simposio-do-lappis\/2956","name":"Curta document\u00e1rio ser\u00e1 exibido em Simp\u00f3sio do LAPPIS - Lappis 25 anos","isPartOf":{"@id":"https:\/\/lappis.org.br\/site\/#website"},"primaryImageOfPage":{"@id":"https:\/\/lappis.org.br\/site\/curta-documentario-sera-exibido-em-simposio-do-lappis\/2956#primaryimage"},"image":{"@id":"https:\/\/lappis.org.br\/site\/curta-documentario-sera-exibido-em-simposio-do-lappis\/2956#primaryimage"},"thumbnailUrl":"https:\/\/lappis.org.br\/site\/wp-content\/uploads\/2014\/07\/Simp\u00f3sio_-_nova_logo.jpg","datePublished":"2014-07-24T00:29:06+00:00","dateModified":"2017-08-23T13:25:16+00:00","breadcrumb":{"@id":"https:\/\/lappis.org.br\/site\/curta-documentario-sera-exibido-em-simposio-do-lappis\/2956#breadcrumb"},"inLanguage":"pt-BR","potentialAction":[{"@type":"ReadAction","target":["https:\/\/lappis.org.br\/site\/curta-documentario-sera-exibido-em-simposio-do-lappis\/2956"]}]},{"@type":"ImageObject","inLanguage":"pt-BR","@id":"https:\/\/lappis.org.br\/site\/curta-documentario-sera-exibido-em-simposio-do-lappis\/2956#primaryimage","url":"https:\/\/lappis.org.br\/site\/wp-content\/uploads\/2014\/07\/Simp\u00f3sio_-_nova_logo.jpg","contentUrl":"https:\/\/lappis.org.br\/site\/wp-content\/uploads\/2014\/07\/Simp\u00f3sio_-_nova_logo.jpg","width":488,"height":214,"caption":"Simp\u00f3sio - nova logo"},{"@type":"BreadcrumbList","@id":"https:\/\/lappis.org.br\/site\/curta-documentario-sera-exibido-em-simposio-do-lappis\/2956#breadcrumb","itemListElement":[{"@type":"ListItem","position":1,"name":"In\u00edcio","item":"https:\/\/lappis.org.br\/site\/"},{"@type":"ListItem","position":2,"name":"Curta document\u00e1rio ser\u00e1 exibido em Simp\u00f3sio do LAPPIS"}]},{"@type":"WebSite","@id":"https:\/\/lappis.org.br\/site\/#website","url":"https:\/\/lappis.org.br\/site\/","name":"Lappis 25 anos","description":"Labotat\u00f3rio de Pesquisas sobre Pr\u00e1ticas de Integralidade em Sa\u00fade","publisher":{"@id":"https:\/\/lappis.org.br\/site\/#organization"},"potentialAction":[{"@type":"SearchAction","target":{"@type":"EntryPoint","urlTemplate":"https:\/\/lappis.org.br\/site\/?s={search_term_string}"},"query-input":{"@type":"PropertyValueSpecification","valueRequired":true,"valueName":"search_term_string"}}],"inLanguage":"pt-BR"},{"@type":"Organization","@id":"https:\/\/lappis.org.br\/site\/#organization","name":"Lappis 25 anos","url":"https:\/\/lappis.org.br\/site\/","logo":{"@type":"ImageObject","inLanguage":"pt-BR","@id":"https:\/\/lappis.org.br\/site\/#\/schema\/logo\/image\/","url":"https:\/\/lappis.org.br\/site\/wp-content\/uploads\/2025\/03\/logo-lappis25anos.png","contentUrl":"https:\/\/lappis.org.br\/site\/wp-content\/uploads\/2025\/03\/logo-lappis25anos.png","width":388,"height":146,"caption":"Lappis 25 anos"},"image":{"@id":"https:\/\/lappis.org.br\/site\/#\/schema\/logo\/image\/"}},{"@type":"Person","@id":"https:\/\/lappis.org.br\/site\/#\/schema\/person\/3852381d08284b5e2716b20bd89bdbcf","name":"fw2","image":{"@type":"ImageObject","inLanguage":"pt-BR","@id":"https:\/\/lappis.org.br\/site\/#\/schema\/person\/image\/","url":"https:\/\/secure.gravatar.com\/avatar\/c38472c0cdbde82d9b6fcc26adb3779d?s=96&d=mm&r=g","contentUrl":"https:\/\/secure.gravatar.com\/avatar\/c38472c0cdbde82d9b6fcc26adb3779d?s=96&d=mm&r=g","caption":"fw2"},"url":"https:\/\/lappis.org.br\/site\/author\/fw2"}]}},"jetpack_featured_media_url":"https:\/\/lappis.org.br\/site\/wp-content\/uploads\/2014\/07\/Simp\u00f3sio_-_nova_logo.jpg","jetpack_shortlink":"https:\/\/wp.me\/p954Nh-LG","jetpack_sharing_enabled":true,"_links":{"self":[{"href":"https:\/\/lappis.org.br\/site\/wp-json\/wp\/v2\/posts\/2956"}],"collection":[{"href":"https:\/\/lappis.org.br\/site\/wp-json\/wp\/v2\/posts"}],"about":[{"href":"https:\/\/lappis.org.br\/site\/wp-json\/wp\/v2\/types\/post"}],"author":[{"embeddable":true,"href":"https:\/\/lappis.org.br\/site\/wp-json\/wp\/v2\/users\/1"}],"replies":[{"embeddable":true,"href":"https:\/\/lappis.org.br\/site\/wp-json\/wp\/v2\/comments?post=2956"}],"version-history":[{"count":1,"href":"https:\/\/lappis.org.br\/site\/wp-json\/wp\/v2\/posts\/2956\/revisions"}],"predecessor-version":[{"id":3716,"href":"https:\/\/lappis.org.br\/site\/wp-json\/wp\/v2\/posts\/2956\/revisions\/3716"}],"wp:featuredmedia":[{"embeddable":true,"href":"https:\/\/lappis.org.br\/site\/wp-json\/wp\/v2\/media\/2955"}],"wp:attachment":[{"href":"https:\/\/lappis.org.br\/site\/wp-json\/wp\/v2\/media?parent=2956"}],"wp:term":[{"taxonomy":"category","embeddable":true,"href":"https:\/\/lappis.org.br\/site\/wp-json\/wp\/v2\/categories?post=2956"},{"taxonomy":"post_tag","embeddable":true,"href":"https:\/\/lappis.org.br\/site\/wp-json\/wp\/v2\/tags?post=2956"}],"curies":[{"name":"wp","href":"https:\/\/api.w.org\/{rel}","templated":true}]}}