{"id":2952,"date":"2014-07-21T20:34:49","date_gmt":"2014-07-21T23:34:49","guid":{"rendered":"http:\/\/lappis.org.br\/site\/2014\/07\/21\/universalidade-do-direito-a-saude-informar-para-garantir\/"},"modified":"2014-07-21T20:34:49","modified_gmt":"2014-07-21T23:34:49","slug":"universalidade-do-direito-a-saude-informar-para-garantir","status":"publish","type":"post","link":"https:\/\/lappis.org.br\/site\/universalidade-do-direito-a-saude-informar-para-garantir\/2952","title":{"rendered":"Universalidade do direito \u00e0 sa\u00fade: informar para garantir."},"content":{"rendered":"<p style=\"line-height: 150%; text-align: justify;\"><img decoding=\"async\" data-attachment-id=\"2951\" data-permalink=\"https:\/\/lappis.org.br\/site\/universalidade-do-direito-a-saude-informar-para-garantir\/2952\/attachment-direito-e-saude\" data-orig-file=\"https:\/\/lappis.org.br\/site\/wp-content\/uploads\/2014\/07\/Direito_e_sa\u00fade.jpg\" data-orig-size=\"445,316\" data-comments-opened=\"1\" data-image-meta=\"{&quot;aperture&quot;:&quot;0&quot;,&quot;credit&quot;:&quot;&quot;,&quot;camera&quot;:&quot;&quot;,&quot;caption&quot;:&quot;&quot;,&quot;created_timestamp&quot;:&quot;0&quot;,&quot;copyright&quot;:&quot;&quot;,&quot;focal_length&quot;:&quot;0&quot;,&quot;iso&quot;:&quot;0&quot;,&quot;shutter_speed&quot;:&quot;0&quot;,&quot;title&quot;:&quot;&quot;,&quot;orientation&quot;:&quot;0&quot;}\" data-image-title=\"Direito e sa\u00fade\" data-image-description=\"\" data-image-caption=\"\" data-medium-file=\"https:\/\/lappis.org.br\/site\/wp-content\/uploads\/2014\/07\/Direito_e_sa\u00fade-300x213.jpg\" data-large-file=\"https:\/\/lappis.org.br\/site\/wp-content\/uploads\/2014\/07\/Direito_e_sa\u00fade.jpg\" class=\" alignleft size-full wp-image-2951\" style=\"margin: 3px; border: 2px solid #000000; float: left;\" src=\"http:\/\/lappis.org.br\/site\/wp-content\/uploads\/2014\/07\/Direito_e_sa%C3%BAde.jpg\" alt=\"Direito e sa\u00fade\" width=\"263\" height=\"187\" \/>Problematizar o dia a dia, classificar os servi\u00e7os (ruim, bom, \u00f3timo), observar resultados e reivindica-los \u00e9 tarefa de todos os usu\u00e1rios e profissionais dos servi\u00e7os de sa\u00fade. A sociedade, por sua vez, precisa estabelecer maneiras de articular cidad\u00e3os e institui\u00e7\u00f5es para garantir o direito \u00e0 sa\u00fade, que \u00e9 universal e irrestrito. Entre essas articula\u00e7\u00f5es formaram-se as redes de solidariedade, que muitas vezes acabam desempenhando o \u201cpapel\u201d do Estado na garantia desse direito. \u00c9 preciso informar a popula\u00e7\u00e3o sobre seus direitos e deveres, de maneira constante efetiva e eficaz, para que mecanismos judiciais sejam menos utilizados, estabelecendo uma rela\u00e7\u00e3o mais org\u00e2nica e humanizada entre usu\u00e1rios, sociedade, institui\u00e7\u00f5es de sa\u00fade e Estado.<\/p>\n<p style=\"line-height: 150%; text-align: justify;\">&nbsp;<\/p>\n<p style=\"line-height: 150%; text-align: justify;\"><strong>Direito de todos. Dever do Estado:<\/strong><\/p>\n<p style=\"text-align: justify; line-height: 150%;\">O legisla\u00e7\u00e3o de 1988, conceitua o direito \u00e0 sa\u00fade, no art. 196, como direito de todos e dever do Estado, garantido mediante pol\u00edticas sociais e econ\u00f4micas que evitem o risco do agravo \u00e0 sa\u00fade da popula\u00e7\u00e3o. Assim, tamb\u00e9m estabelece que a <em>qualidade de vida<\/em>&nbsp;\u00e9 uma das condi\u00e7\u00f5es para se gozar de boa sa\u00fade e se enquadra no direito \u00e0 sa\u00fade. E, para manter a chamada qualidade de vida da popula\u00e7\u00e3o, entram os investimentos em pol\u00edticas p\u00fablicas e econ\u00f4micas.<\/p>\n<p style=\"text-align: justify; line-height: 150%;\">J\u00e1 em 1990, na lei 8080 (art. 3\u00ba), ficou acordado que&nbsp;\u201c<em>a sa\u00fade tem como fatores determinantes e condicionantes, entre outros, a alimenta\u00e7\u00e3o, a moradia, o saneamento b\u00e1sico, o meio ambiente, o trabalho, a renda, a educa\u00e7\u00e3o, o transporte, o lazer e o acesso aos bens e servi\u00e7os essenciais; os n\u00edveis de sa\u00fade da popula\u00e7\u00e3o expressam a organiza\u00e7\u00e3o social e econ\u00f4mica do Pa\u00eds.\u201d <\/em>Pronto, integraram-se esferas, fomentaram-se redes de colabora\u00e7\u00e3o e apoio para a garantia do direito \u00e0 sa\u00fade. Isso \u00e9 bom? Claro. H\u00e1 de ser \u00f3timo sempre que servir para complementar o atua\u00e7\u00e3o do Estado e n\u00e3o para substitui-la.<\/p>\n<p style=\"text-align: justify; line-height: 150%;\">&nbsp;<\/p>\n<p style=\"text-align: justify; line-height: 150%;\"><strong>Preven\u00e7\u00e3o e tratamento integral:<\/strong><\/p>\n<p style=\"text-align: justify; line-height: 150%;\">A Integralidade, &nbsp;mencionada no art. 198, II, da Constitui\u00e7\u00e3o Federal, se preocupou com o quadro amb\u00edguo que existia na sa\u00fade brasileira antes de 1990. Prevenir a doen\u00e7a e trat\u00e1-la quando ela j\u00e1 se instalou devem caminhar na mesma velocidade e pertencer a um mesmo \u201csistema\u201d, o SUS. Por isso, a prote\u00e7\u00e3o e recupera\u00e7\u00e3o s\u00e3o feitas atrav\u00e9s da articula\u00e7\u00e3o entre servi\u00e7os individuais e coletivos.<\/p>\n<p style=\"text-align: justify; line-height: 150%;\">&nbsp;<\/p>\n<p><strong>Universalidade:<\/strong><\/p>\n<p style=\"text-align: justify; line-height: 150%;\">A Constitui\u00e7\u00e3o imp\u00f5e, aos Poderes Legislativo e Executivo, o fornecimento da maior presta\u00e7\u00e3o de servi\u00e7os poss\u00edveis quando o assunto \u00e9 direito \u00e0 sa\u00fade. Esses Poderes t\u00eam o dever de desenvolver e de executar pol\u00edticas p\u00fablicas eficazes, abrangentes, agregadoras e inovadoras.<\/p>\n<p style=\"text-align: justify; line-height: 150%;\">O Poder Judici\u00e1rio tem o dever de garantir aos cidad\u00e3os os direitos subjetivos \u00e0 sa\u00fade. Por exemplo, ele pode ser acionado caso exista alguma den\u00fancia\/duvida de que o direito \u00e0 sa\u00fade n\u00e3o est\u00e1 sendo garantido por pessoas, institui\u00e7\u00f5es ou pelo pr\u00f3prio estado. O judici\u00e1rio fica respons\u00e1vel por afirmar se existe ou n\u00e3o essa garantia em cada caso estudado e o que deve ser feito para reestabelecer o direito previsto em lei. Se um usu\u00e1rio precisa de um medicamento para que seu quadro n\u00e3o se agrave e este medicamento \u00e9 distribu\u00eddo gratuitamente pelo estado, pode intervir ao Judici\u00e1rio caso n\u00e3o encontre o rem\u00e9dio ou caso seja cobrada uma taxa ilegal em sua distribui\u00e7\u00e3o.<\/p>\n","protected":false},"excerpt":{"rendered":"<div class=\"mh-excerpt\"><p>Problematizar o dia a dia, classificar os servi\u00e7os (ruim, bom, \u00f3timo), observar resultados e reivindica-los \u00e9 tarefa de todos os usu\u00e1rios e profissionais dos servi\u00e7os de sa\u00fade. A sociedade, por sua vez, precisa estabelecer maneiras <a class=\"mh-excerpt-more\" href=\"https:\/\/lappis.org.br\/site\/universalidade-do-direito-a-saude-informar-para-garantir\/2952\" title=\"Universalidade do direito \u00e0 sa\u00fade: informar para garantir.\">[&#8230;]<\/a><\/p>\n<\/div>","protected":false},"author":1,"featured_media":2951,"comment_status":"open","ping_status":"open","sticky":false,"template":"","format":"standard","meta":{"_acf_changed":false,"_exactmetrics_skip_tracking":false,"_exactmetrics_sitenote_active":false,"_exactmetrics_sitenote_note":"","_exactmetrics_sitenote_category":0,"jetpack_post_was_ever_published":false,"_jetpack_newsletter_access":"","_jetpack_dont_email_post_to_subs":false,"_jetpack_newsletter_tier_id":0,"_jetpack_memberships_contains_paywalled_content":false,"_jetpack_memberships_contains_paid_content":false,"footnotes":"","jetpack_publicize_message":"","jetpack_publicize_feature_enabled":true,"jetpack_social_post_already_shared":false,"jetpack_social_options":{"image_generator_settings":{"template":"highway","enabled":false},"version":2}},"categories":[8],"tags":[],"class_list":{"0":"post-2952","1":"post","2":"type-post","3":"status-publish","4":"format-standard","5":"has-post-thumbnail","7":"category-noticia"},"jetpack_publicize_connections":[],"acf":[],"yoast_head":"<!-- This site is optimized with the Yoast SEO plugin v25.2 - https:\/\/yoast.com\/wordpress\/plugins\/seo\/ -->\n<title>Universalidade do direito \u00e0 sa\u00fade: informar para garantir. - Lappis 25 anos<\/title>\n<meta name=\"robots\" content=\"index, follow, max-snippet:-1, max-image-preview:large, max-video-preview:-1\" \/>\n<link rel=\"canonical\" href=\"https:\/\/lappis.org.br\/site\/universalidade-do-direito-a-saude-informar-para-garantir\/2952\" \/>\n<meta property=\"og:locale\" content=\"pt_BR\" \/>\n<meta property=\"og:type\" content=\"article\" \/>\n<meta property=\"og:title\" content=\"Universalidade do direito \u00e0 sa\u00fade: informar para garantir. - Lappis 25 anos\" \/>\n<meta property=\"og:description\" content=\"Problematizar o dia a dia, classificar os servi\u00e7os (ruim, bom, \u00f3timo), observar resultados e reivindica-los \u00e9 tarefa de todos os usu\u00e1rios e profissionais dos servi\u00e7os de sa\u00fade. A sociedade, por sua vez, precisa estabelecer maneiras [...]\" \/>\n<meta property=\"og:url\" content=\"https:\/\/lappis.org.br\/site\/universalidade-do-direito-a-saude-informar-para-garantir\/2952\" \/>\n<meta property=\"og:site_name\" content=\"Lappis 25 anos\" \/>\n<meta property=\"article:published_time\" content=\"2014-07-21T23:34:49+00:00\" \/>\n<meta property=\"og:image\" content=\"https:\/\/lappis.org.br\/site\/wp-content\/uploads\/2014\/07\/Direito_e_sa\u00fade.jpg\" \/>\n\t<meta property=\"og:image:width\" content=\"445\" \/>\n\t<meta property=\"og:image:height\" content=\"316\" \/>\n\t<meta property=\"og:image:type\" content=\"image\/jpeg\" \/>\n<meta name=\"author\" content=\"fw2\" \/>\n<meta name=\"twitter:card\" content=\"summary_large_image\" \/>\n<meta name=\"twitter:label1\" content=\"Escrito por\" \/>\n\t<meta name=\"twitter:data1\" content=\"fw2\" \/>\n\t<meta name=\"twitter:label2\" content=\"Est. tempo de leitura\" \/>\n\t<meta name=\"twitter:data2\" content=\"3 minutos\" \/>\n<script type=\"application\/ld+json\" class=\"yoast-schema-graph\">{\"@context\":\"https:\/\/schema.org\",\"@graph\":[{\"@type\":\"Article\",\"@id\":\"https:\/\/lappis.org.br\/site\/universalidade-do-direito-a-saude-informar-para-garantir\/2952#article\",\"isPartOf\":{\"@id\":\"https:\/\/lappis.org.br\/site\/universalidade-do-direito-a-saude-informar-para-garantir\/2952\"},\"author\":{\"name\":\"fw2\",\"@id\":\"https:\/\/lappis.org.br\/site\/#\/schema\/person\/3852381d08284b5e2716b20bd89bdbcf\"},\"headline\":\"Universalidade do direito \u00e0 sa\u00fade: informar para garantir.\",\"datePublished\":\"2014-07-21T23:34:49+00:00\",\"mainEntityOfPage\":{\"@id\":\"https:\/\/lappis.org.br\/site\/universalidade-do-direito-a-saude-informar-para-garantir\/2952\"},\"wordCount\":590,\"commentCount\":0,\"publisher\":{\"@id\":\"https:\/\/lappis.org.br\/site\/#organization\"},\"image\":{\"@id\":\"https:\/\/lappis.org.br\/site\/universalidade-do-direito-a-saude-informar-para-garantir\/2952#primaryimage\"},\"thumbnailUrl\":\"https:\/\/lappis.org.br\/site\/wp-content\/uploads\/2014\/07\/Direito_e_sa\u00fade.jpg\",\"articleSection\":[\"Not\u00edcia\"],\"inLanguage\":\"pt-BR\",\"potentialAction\":[{\"@type\":\"CommentAction\",\"name\":\"Comment\",\"target\":[\"https:\/\/lappis.org.br\/site\/universalidade-do-direito-a-saude-informar-para-garantir\/2952#respond\"]}]},{\"@type\":\"WebPage\",\"@id\":\"https:\/\/lappis.org.br\/site\/universalidade-do-direito-a-saude-informar-para-garantir\/2952\",\"url\":\"https:\/\/lappis.org.br\/site\/universalidade-do-direito-a-saude-informar-para-garantir\/2952\",\"name\":\"Universalidade do direito \u00e0 sa\u00fade: informar para garantir. - Lappis 25 anos\",\"isPartOf\":{\"@id\":\"https:\/\/lappis.org.br\/site\/#website\"},\"primaryImageOfPage\":{\"@id\":\"https:\/\/lappis.org.br\/site\/universalidade-do-direito-a-saude-informar-para-garantir\/2952#primaryimage\"},\"image\":{\"@id\":\"https:\/\/lappis.org.br\/site\/universalidade-do-direito-a-saude-informar-para-garantir\/2952#primaryimage\"},\"thumbnailUrl\":\"https:\/\/lappis.org.br\/site\/wp-content\/uploads\/2014\/07\/Direito_e_sa\u00fade.jpg\",\"datePublished\":\"2014-07-21T23:34:49+00:00\",\"breadcrumb\":{\"@id\":\"https:\/\/lappis.org.br\/site\/universalidade-do-direito-a-saude-informar-para-garantir\/2952#breadcrumb\"},\"inLanguage\":\"pt-BR\",\"potentialAction\":[{\"@type\":\"ReadAction\",\"target\":[\"https:\/\/lappis.org.br\/site\/universalidade-do-direito-a-saude-informar-para-garantir\/2952\"]}]},{\"@type\":\"ImageObject\",\"inLanguage\":\"pt-BR\",\"@id\":\"https:\/\/lappis.org.br\/site\/universalidade-do-direito-a-saude-informar-para-garantir\/2952#primaryimage\",\"url\":\"https:\/\/lappis.org.br\/site\/wp-content\/uploads\/2014\/07\/Direito_e_sa\u00fade.jpg\",\"contentUrl\":\"https:\/\/lappis.org.br\/site\/wp-content\/uploads\/2014\/07\/Direito_e_sa\u00fade.jpg\",\"width\":445,\"height\":316,\"caption\":\"Direito e sa\u00fade\"},{\"@type\":\"BreadcrumbList\",\"@id\":\"https:\/\/lappis.org.br\/site\/universalidade-do-direito-a-saude-informar-para-garantir\/2952#breadcrumb\",\"itemListElement\":[{\"@type\":\"ListItem\",\"position\":1,\"name\":\"In\u00edcio\",\"item\":\"https:\/\/lappis.org.br\/site\/\"},{\"@type\":\"ListItem\",\"position\":2,\"name\":\"Universalidade do direito \u00e0 sa\u00fade: informar para garantir.\"}]},{\"@type\":\"WebSite\",\"@id\":\"https:\/\/lappis.org.br\/site\/#website\",\"url\":\"https:\/\/lappis.org.br\/site\/\",\"name\":\"Lappis 25 anos\",\"description\":\"Labotat\u00f3rio de Pesquisas sobre Pr\u00e1ticas de Integralidade em Sa\u00fade\",\"publisher\":{\"@id\":\"https:\/\/lappis.org.br\/site\/#organization\"},\"potentialAction\":[{\"@type\":\"SearchAction\",\"target\":{\"@type\":\"EntryPoint\",\"urlTemplate\":\"https:\/\/lappis.org.br\/site\/?s={search_term_string}\"},\"query-input\":{\"@type\":\"PropertyValueSpecification\",\"valueRequired\":true,\"valueName\":\"search_term_string\"}}],\"inLanguage\":\"pt-BR\"},{\"@type\":\"Organization\",\"@id\":\"https:\/\/lappis.org.br\/site\/#organization\",\"name\":\"Lappis 25 anos\",\"url\":\"https:\/\/lappis.org.br\/site\/\",\"logo\":{\"@type\":\"ImageObject\",\"inLanguage\":\"pt-BR\",\"@id\":\"https:\/\/lappis.org.br\/site\/#\/schema\/logo\/image\/\",\"url\":\"https:\/\/lappis.org.br\/site\/wp-content\/uploads\/2025\/03\/logo-lappis25anos.png\",\"contentUrl\":\"https:\/\/lappis.org.br\/site\/wp-content\/uploads\/2025\/03\/logo-lappis25anos.png\",\"width\":388,\"height\":146,\"caption\":\"Lappis 25 anos\"},\"image\":{\"@id\":\"https:\/\/lappis.org.br\/site\/#\/schema\/logo\/image\/\"}},{\"@type\":\"Person\",\"@id\":\"https:\/\/lappis.org.br\/site\/#\/schema\/person\/3852381d08284b5e2716b20bd89bdbcf\",\"name\":\"fw2\",\"image\":{\"@type\":\"ImageObject\",\"inLanguage\":\"pt-BR\",\"@id\":\"https:\/\/lappis.org.br\/site\/#\/schema\/person\/image\/\",\"url\":\"https:\/\/secure.gravatar.com\/avatar\/c38472c0cdbde82d9b6fcc26adb3779d?s=96&d=mm&r=g\",\"contentUrl\":\"https:\/\/secure.gravatar.com\/avatar\/c38472c0cdbde82d9b6fcc26adb3779d?s=96&d=mm&r=g\",\"caption\":\"fw2\"},\"url\":\"https:\/\/lappis.org.br\/site\/author\/fw2\"}]}<\/script>\n<!-- \/ Yoast SEO plugin. -->","yoast_head_json":{"title":"Universalidade do direito \u00e0 sa\u00fade: informar para garantir. - Lappis 25 anos","robots":{"index":"index","follow":"follow","max-snippet":"max-snippet:-1","max-image-preview":"max-image-preview:large","max-video-preview":"max-video-preview:-1"},"canonical":"https:\/\/lappis.org.br\/site\/universalidade-do-direito-a-saude-informar-para-garantir\/2952","og_locale":"pt_BR","og_type":"article","og_title":"Universalidade do direito \u00e0 sa\u00fade: informar para garantir. - Lappis 25 anos","og_description":"Problematizar o dia a dia, classificar os servi\u00e7os (ruim, bom, \u00f3timo), observar resultados e reivindica-los \u00e9 tarefa de todos os usu\u00e1rios e profissionais dos servi\u00e7os de sa\u00fade. A sociedade, por sua vez, precisa estabelecer maneiras [...]","og_url":"https:\/\/lappis.org.br\/site\/universalidade-do-direito-a-saude-informar-para-garantir\/2952","og_site_name":"Lappis 25 anos","article_published_time":"2014-07-21T23:34:49+00:00","og_image":[{"width":445,"height":316,"url":"https:\/\/lappis.org.br\/site\/wp-content\/uploads\/2014\/07\/Direito_e_sa\u00fade.jpg","type":"image\/jpeg"}],"author":"fw2","twitter_card":"summary_large_image","twitter_misc":{"Escrito por":"fw2","Est. tempo de leitura":"3 minutos"},"schema":{"@context":"https:\/\/schema.org","@graph":[{"@type":"Article","@id":"https:\/\/lappis.org.br\/site\/universalidade-do-direito-a-saude-informar-para-garantir\/2952#article","isPartOf":{"@id":"https:\/\/lappis.org.br\/site\/universalidade-do-direito-a-saude-informar-para-garantir\/2952"},"author":{"name":"fw2","@id":"https:\/\/lappis.org.br\/site\/#\/schema\/person\/3852381d08284b5e2716b20bd89bdbcf"},"headline":"Universalidade do direito \u00e0 sa\u00fade: informar para garantir.","datePublished":"2014-07-21T23:34:49+00:00","mainEntityOfPage":{"@id":"https:\/\/lappis.org.br\/site\/universalidade-do-direito-a-saude-informar-para-garantir\/2952"},"wordCount":590,"commentCount":0,"publisher":{"@id":"https:\/\/lappis.org.br\/site\/#organization"},"image":{"@id":"https:\/\/lappis.org.br\/site\/universalidade-do-direito-a-saude-informar-para-garantir\/2952#primaryimage"},"thumbnailUrl":"https:\/\/lappis.org.br\/site\/wp-content\/uploads\/2014\/07\/Direito_e_sa\u00fade.jpg","articleSection":["Not\u00edcia"],"inLanguage":"pt-BR","potentialAction":[{"@type":"CommentAction","name":"Comment","target":["https:\/\/lappis.org.br\/site\/universalidade-do-direito-a-saude-informar-para-garantir\/2952#respond"]}]},{"@type":"WebPage","@id":"https:\/\/lappis.org.br\/site\/universalidade-do-direito-a-saude-informar-para-garantir\/2952","url":"https:\/\/lappis.org.br\/site\/universalidade-do-direito-a-saude-informar-para-garantir\/2952","name":"Universalidade do direito \u00e0 sa\u00fade: informar para garantir. - Lappis 25 anos","isPartOf":{"@id":"https:\/\/lappis.org.br\/site\/#website"},"primaryImageOfPage":{"@id":"https:\/\/lappis.org.br\/site\/universalidade-do-direito-a-saude-informar-para-garantir\/2952#primaryimage"},"image":{"@id":"https:\/\/lappis.org.br\/site\/universalidade-do-direito-a-saude-informar-para-garantir\/2952#primaryimage"},"thumbnailUrl":"https:\/\/lappis.org.br\/site\/wp-content\/uploads\/2014\/07\/Direito_e_sa\u00fade.jpg","datePublished":"2014-07-21T23:34:49+00:00","breadcrumb":{"@id":"https:\/\/lappis.org.br\/site\/universalidade-do-direito-a-saude-informar-para-garantir\/2952#breadcrumb"},"inLanguage":"pt-BR","potentialAction":[{"@type":"ReadAction","target":["https:\/\/lappis.org.br\/site\/universalidade-do-direito-a-saude-informar-para-garantir\/2952"]}]},{"@type":"ImageObject","inLanguage":"pt-BR","@id":"https:\/\/lappis.org.br\/site\/universalidade-do-direito-a-saude-informar-para-garantir\/2952#primaryimage","url":"https:\/\/lappis.org.br\/site\/wp-content\/uploads\/2014\/07\/Direito_e_sa\u00fade.jpg","contentUrl":"https:\/\/lappis.org.br\/site\/wp-content\/uploads\/2014\/07\/Direito_e_sa\u00fade.jpg","width":445,"height":316,"caption":"Direito e sa\u00fade"},{"@type":"BreadcrumbList","@id":"https:\/\/lappis.org.br\/site\/universalidade-do-direito-a-saude-informar-para-garantir\/2952#breadcrumb","itemListElement":[{"@type":"ListItem","position":1,"name":"In\u00edcio","item":"https:\/\/lappis.org.br\/site\/"},{"@type":"ListItem","position":2,"name":"Universalidade do direito \u00e0 sa\u00fade: informar para garantir."}]},{"@type":"WebSite","@id":"https:\/\/lappis.org.br\/site\/#website","url":"https:\/\/lappis.org.br\/site\/","name":"Lappis 25 anos","description":"Labotat\u00f3rio de Pesquisas sobre Pr\u00e1ticas de Integralidade em Sa\u00fade","publisher":{"@id":"https:\/\/lappis.org.br\/site\/#organization"},"potentialAction":[{"@type":"SearchAction","target":{"@type":"EntryPoint","urlTemplate":"https:\/\/lappis.org.br\/site\/?s={search_term_string}"},"query-input":{"@type":"PropertyValueSpecification","valueRequired":true,"valueName":"search_term_string"}}],"inLanguage":"pt-BR"},{"@type":"Organization","@id":"https:\/\/lappis.org.br\/site\/#organization","name":"Lappis 25 anos","url":"https:\/\/lappis.org.br\/site\/","logo":{"@type":"ImageObject","inLanguage":"pt-BR","@id":"https:\/\/lappis.org.br\/site\/#\/schema\/logo\/image\/","url":"https:\/\/lappis.org.br\/site\/wp-content\/uploads\/2025\/03\/logo-lappis25anos.png","contentUrl":"https:\/\/lappis.org.br\/site\/wp-content\/uploads\/2025\/03\/logo-lappis25anos.png","width":388,"height":146,"caption":"Lappis 25 anos"},"image":{"@id":"https:\/\/lappis.org.br\/site\/#\/schema\/logo\/image\/"}},{"@type":"Person","@id":"https:\/\/lappis.org.br\/site\/#\/schema\/person\/3852381d08284b5e2716b20bd89bdbcf","name":"fw2","image":{"@type":"ImageObject","inLanguage":"pt-BR","@id":"https:\/\/lappis.org.br\/site\/#\/schema\/person\/image\/","url":"https:\/\/secure.gravatar.com\/avatar\/c38472c0cdbde82d9b6fcc26adb3779d?s=96&d=mm&r=g","contentUrl":"https:\/\/secure.gravatar.com\/avatar\/c38472c0cdbde82d9b6fcc26adb3779d?s=96&d=mm&r=g","caption":"fw2"},"url":"https:\/\/lappis.org.br\/site\/author\/fw2"}]}},"jetpack_featured_media_url":"https:\/\/lappis.org.br\/site\/wp-content\/uploads\/2014\/07\/Direito_e_sa\u00fade.jpg","jetpack_shortlink":"https:\/\/wp.me\/p954Nh-LC","jetpack_sharing_enabled":true,"_links":{"self":[{"href":"https:\/\/lappis.org.br\/site\/wp-json\/wp\/v2\/posts\/2952"}],"collection":[{"href":"https:\/\/lappis.org.br\/site\/wp-json\/wp\/v2\/posts"}],"about":[{"href":"https:\/\/lappis.org.br\/site\/wp-json\/wp\/v2\/types\/post"}],"author":[{"embeddable":true,"href":"https:\/\/lappis.org.br\/site\/wp-json\/wp\/v2\/users\/1"}],"replies":[{"embeddable":true,"href":"https:\/\/lappis.org.br\/site\/wp-json\/wp\/v2\/comments?post=2952"}],"version-history":[{"count":0,"href":"https:\/\/lappis.org.br\/site\/wp-json\/wp\/v2\/posts\/2952\/revisions"}],"wp:featuredmedia":[{"embeddable":true,"href":"https:\/\/lappis.org.br\/site\/wp-json\/wp\/v2\/media\/2951"}],"wp:attachment":[{"href":"https:\/\/lappis.org.br\/site\/wp-json\/wp\/v2\/media?parent=2952"}],"wp:term":[{"taxonomy":"category","embeddable":true,"href":"https:\/\/lappis.org.br\/site\/wp-json\/wp\/v2\/categories?post=2952"},{"taxonomy":"post_tag","embeddable":true,"href":"https:\/\/lappis.org.br\/site\/wp-json\/wp\/v2\/tags?post=2952"}],"curies":[{"name":"wp","href":"https:\/\/api.w.org\/{rel}","templated":true}]}}