{"id":2865,"date":"2014-04-21T19:34:10","date_gmt":"2014-04-21T22:34:10","guid":{"rendered":"http:\/\/lappis.org.br\/site\/2014\/04\/21\/pesquisa-apoio-prepara-devolutivas-de-resultados\/"},"modified":"2014-04-21T19:34:10","modified_gmt":"2014-04-21T22:34:10","slug":"pesquisa-apoio-prepara-devolutivas-de-resultados","status":"publish","type":"post","link":"https:\/\/lappis.org.br\/site\/pesquisa-apoio-prepara-devolutivas-de-resultados\/2865","title":{"rendered":"Pesquisa Apoio prepara devolutivas de resultados"},"content":{"rendered":"<p><img fetchpriority=\"high\" decoding=\"async\" data-attachment-id=\"2864\" data-permalink=\"https:\/\/lappis.org.br\/site\/pesquisa-apoio-prepara-devolutivas-de-resultados\/2865\/attachment-abertura\" data-orig-file=\"https:\/\/lappis.org.br\/site\/wp-content\/uploads\/2014\/04\/ABERTURA.JPG\" data-orig-size=\"467,350\" data-comments-opened=\"1\" data-image-meta=\"{&quot;aperture&quot;:&quot;0&quot;,&quot;credit&quot;:&quot;&quot;,&quot;camera&quot;:&quot;&quot;,&quot;caption&quot;:&quot;&quot;,&quot;created_timestamp&quot;:&quot;0&quot;,&quot;copyright&quot;:&quot;&quot;,&quot;focal_length&quot;:&quot;0&quot;,&quot;iso&quot;:&quot;0&quot;,&quot;shutter_speed&quot;:&quot;0&quot;,&quot;title&quot;:&quot;&quot;,&quot;orientation&quot;:&quot;0&quot;}\" data-image-title=\"ABERTURA\" data-image-description=\"\" data-image-caption=\"\" data-medium-file=\"https:\/\/lappis.org.br\/site\/wp-content\/uploads\/2014\/04\/ABERTURA-300x225.jpg\" data-large-file=\"https:\/\/lappis.org.br\/site\/wp-content\/uploads\/2014\/04\/ABERTURA.JPG\" class=\" alignleft size-full wp-image-2864\" style=\"float: left;\" src=\"http:\/\/lappis.org.br\/site\/wp-content\/uploads\/2014\/04\/ABERTURA.JPG\" alt=\"\" width=\"324\" height=\"243\" srcset=\"https:\/\/lappis.org.br\/site\/wp-content\/uploads\/2014\/04\/ABERTURA.JPG 467w, https:\/\/lappis.org.br\/site\/wp-content\/uploads\/2014\/04\/ABERTURA-300x225.jpg 300w\" sizes=\"(max-width: 324px) 100vw, 324px\" \/>Como a estrat\u00e9gia do Minist\u00e9rio da Sa\u00fade de trabalhar com apoiadores institucionais, em curso desde 2003, vem contribuindo para a efetiva\u00e7\u00e3o da integralidade no Sistema \u00danico de Sa\u00fade (SUS)? Quem s\u00e3o os profissionais que assumem o papel de apoiador institucional, quais s\u00e3o as suas pr\u00e1ticas de trabalho e quais os conhecimentos e saberes gerados neste contexto? Essas s\u00e3o algumas das quest\u00f5es que apesquisa &#8220;\u00c1reas Program\u00e1ticas e direito \u00e0 sa\u00fade: constru\u00e7\u00e3o da integralidade no contexto do apoio institucional\u201d \u2013 desenvolvida pelo Lappis, em parceria com o Departamento de A\u00e7\u00f5es Program\u00e1ticas Estrat\u00e9gicas da Secretaria de Aten\u00e7\u00e3o \u00e0 Sa\u00fade do Minist\u00e9rio da Sa\u00fade \u2013 &nbsp;busca responder.<\/p>\n<p>&nbsp;<\/p>\n<p>A proposta \u00e9 conhecer as experi\u00eancias de apoio institucional no cotidiano dos servi\u00e7os de sa\u00fade do Brasil e avaliar a sua rela\u00e7\u00e3o com os princ\u00edpios e diretrizes do SUS,a garantia do direito social integral \u00e0 sa\u00fade e a democratiza\u00e7\u00e3o das rela\u00e7\u00f5es institucionais no \u00e2mbito do sistema p\u00fablico de sa\u00fade. E, tamb\u00e9m, promover uma maior transversalidade entre as \u00e1reas program\u00e1ticas e estrat\u00e9gicas do Minist\u00e9rio da Sa\u00fade, para que as ofertas \u00e0s demandas espec\u00edficas por cuidado em sa\u00fade sejam elaboradas a partir do princ\u00edpio da integralidade.<\/p>\n<p>Desde 2012, a iniciativa vem realizando oficinas com apoiadores institucionais em todo o pa\u00eds. Em mar\u00e7o de 2013, teve in\u00edcio a etapa de mapeamento do apoio, com o lan\u00e7amento da convocat\u00f3ria para relato de experi\u00eancias, durante o simp\u00f3sio nacional &#8220;\u00c1reas Program\u00e1ticas, Direito \u00e0 Sa\u00fade e Apoio no SUS\u201d.<\/p>\n<p>Em julho, onze experi\u00eancias foram selecionadas para sistematiza\u00e7\u00e3o: A viv\u00eancia multiprofissional relacionada a um grupo de trabalho em sa\u00fade no munic\u00edpio de Santa Maria, Rio Grande do Sul; Apoio para forma\u00e7\u00e3o de redes de sa\u00fade em Palmeira das Miss\u00f5es e na 15\u00aa Coordenadoria Regional de Sa\u00fade do Rio Grande do Sul; O Apoio como estrat\u00e9gia de coletivos de trabalho; O Apoio Institucional no munic\u00edpio de Vit\u00f3ria, Esp\u00edrito Santo; Projeto Apoiadores Regionais do Cosems RJ &#8211; Apoio Institucional \u00e0s gest\u00f5es municipais de sa\u00fade do Estado do Rio de Janeiro; Entre o real e o poss\u00edvel: tecendo a RAPS que desejamos a partir da sa\u00fade mental que temos; A viv\u00eancia do Apoio Institucional na Secretaria Municipal de Sa\u00fade de Rio Branco, Acre; A dor e o prazer de coordenar um grupo de trabalho do HumanizaSUS; Programa &#8220;acolhimento, vinculo e responsabiliza\u00e7\u00e3o\u201d; Oficinas do Hospital Giselda Trigueiro na RAPS: Apoio para cl\u00ednica ampliada em rede integrada; e Apoio em rede virtual: a RedehumanizaSUS conectando possibilidades.<\/p>\n<p>Visitas a campo come\u00e7aram a ser realizadas em agosto do ano passado, para conhecer de perto o cotidiano destes profissionais. Para o registro das experi\u00eancias e saberes gerados ao longo do trabalho, sobretudo durante as visitas a campo, a pesquisa conta com a plataforma EnsinaSUS, um banco de dados colaborativo que permite o compartilhamento de informa\u00e7\u00f5es entres os pesquisadores do Lappis. A partir deste material, a pesquisa visa compreender os diversos contextos e especificidades locais e regionais do territ\u00f3rio nacional; os desafios concernentes aos objetos espec\u00edficos da programa\u00e7\u00e3o e das estrat\u00e9gias das pol\u00edticas de sa\u00fade; a materializa\u00e7\u00e3o da integralidade do cuidado como condi\u00e7\u00e3o de efetiva\u00e7\u00e3o do direito humano \u00e0 sa\u00fade; e a rela\u00e7\u00e3o entre integralidade e apoio como eixo orientador das atividades e a\u00e7\u00f5es, que permite aproximar as diferentes \u00e1reas program\u00e1ticas e a gest\u00e3o das pol\u00edticas de sa\u00fade.<\/p>\n<p>Agora, a iniciativa entra na etapa das reuni\u00f5es devolutivas, isto \u00e9, de retorno dos resultados aos pesquisados. A primeira etapa do trabalho, que ser\u00e1 realizada de maio a agosto, contemplar\u00e1 as experi\u00eancias de Bras\u00edlia, Palmeira das Miss\u00f5es, Vit\u00f3ria, Natal e Rio de Janeiro. Os encontros ser\u00e3o registrados em video e o material ser\u00e1 apresentado no m\u00eas de outubro, durante o XIV Semin\u00e1rio Internacional do Projeto Integralidade: Saberes&nbsp; e Pr\u00e1ticas no Cotidiano das Institui\u00e7\u00f5es de Sa\u00fade, promovido pelo Lappis em parceria com o Instituto de Investigaciones Gino Germani, da Universidade de Buenos Aires.<\/p>\n<p>A Pesquisa Apoio<\/p>\n<p>Desenvolvida pelo Lappis, em parceria com o Departamento de A\u00e7\u00f5es Program\u00e1ticas Estrat\u00e9gicas da Secretaria de Aten\u00e7\u00e3o \u00e0 Sa\u00fade do Minist\u00e9rio da Sa\u00fade (DAPES\/MS), apesquisa \u201c\u00c1reas Program\u00e1ticas e direito \u00e0 sa\u00fade: constru\u00e7\u00e3o da integralidade no contexto do apoio institucional\u201d quer conhecer e mapear atividades de apoio, mobiliza\u00e7\u00e3o, articula\u00e7\u00e3o, interlocu\u00e7\u00e3o e media\u00e7\u00e3o no \u00e2mbito do Sistema \u00danico de Sa\u00fade (SUS), para tentar conhecer melhor o trabalho do apoiador no territ\u00f3rio nacional e buscar uma compreens\u00e3o dos mecanismos de inser\u00e7\u00e3o do apoio. Para a tabula\u00e7\u00e3o desses dados, a pesquisa ir\u00e1 considerar aspectos como especificidades locais e regionais, desafios da realiza\u00e7\u00e3o do trabalho, garantia do direito humano \u00e0 sa\u00fade e a rela\u00e7\u00e3o entre integralidade e apoio como eixo orientador das atividades e a\u00e7\u00f5es, aproximando as diferentes \u00e1reas program\u00e1ticas e a gest\u00e3o das pol\u00edticas de sa\u00fade.<\/p>\n<p>Pesquisa Apoio prepara devolutivas de resultados<\/p>\n<p>Como a estrat\u00e9gia do Minist\u00e9rio da Sa\u00fade de trabalhar com apoiadores institucionais, em curso desde 2003, vem contribuindo para a efetiva\u00e7\u00e3o da integralidade no Sistema \u00danico de Sa\u00fade (SUS)? Quem s\u00e3o os profissionais que assumem o papel de apoiador institucional, quais s\u00e3o as suas pr\u00e1ticas de trabalho e quais os conhecimentos e saberes gerados neste contexto? Essas s\u00e3o algumas das quest\u00f5es que apesquisa &#8220;\u00c1reas Program\u00e1ticas e direito \u00e0 sa\u00fade: constru\u00e7\u00e3o da integralidade no contexto do apoio institucional\u201d \u2013 desenvolvida pelo Lappis, em parceria com o Departamento de A\u00e7\u00f5es Program\u00e1ticas Estrat\u00e9gicas da Secretaria de Aten\u00e7\u00e3o \u00e0 Sa\u00fade do Minist\u00e9rio da Sa\u00fade \u2013 &nbsp;busca responder.<\/p>\n<p>A proposta \u00e9 conhecer as experi\u00eancias de apoio institucional no cotidiano dos servi\u00e7os de sa\u00fade do Brasil e avaliar a sua rela\u00e7\u00e3o com os princ\u00edpios e diretrizes do SUS,a garantia do direito social integral \u00e0 sa\u00fade e a democratiza\u00e7\u00e3o das rela\u00e7\u00f5es institucionais no \u00e2mbito do sistema p\u00fablico de sa\u00fade. E, tamb\u00e9m, promover uma maior transversalidade entre as \u00e1reas program\u00e1ticas e estrat\u00e9gicas do Minist\u00e9rio da Sa\u00fade, para que as ofertas \u00e0s demandas espec\u00edficas por cuidado em sa\u00fade sejam elaboradas a partir do princ\u00edpio da integralidade.<\/p>\n<p>Desde 2012, a iniciativa vem realizando oficinas com apoiadores institucionais em todo o pa\u00eds. Em mar\u00e7o de 2013, teve in\u00edcio a etapa de mapeamento do apoio, com o lan\u00e7amento da convocat\u00f3ria para relato de experi\u00eancias, durante o simp\u00f3sio nacional &#8220;\u00c1reas Program\u00e1ticas, Direito \u00e0 Sa\u00fade e Apoio no SUS\u201d.<\/p>\n<p>Em julho, onze experi\u00eancias foram selecionadas para sistematiza\u00e7\u00e3o: A viv\u00eancia multiprofissional relacionada a um grupo de trabalho em sa\u00fade no munic\u00edpio de Santa Maria, Rio Grande do Sul; Apoio para forma\u00e7\u00e3o de redes de sa\u00fade em Palmeira das Miss\u00f5es e na 15\u00aa Coordenadoria Regional de Sa\u00fade do Rio Grande do Sul; O Apoio como estrat\u00e9gia de coletivos de trabalho; O Apoio Institucional no munic\u00edpio de Vit\u00f3ria, Esp\u00edrito Santo; Projeto Apoiadores Regionais do Cosems RJ &#8211; Apoio Institucional \u00e0s gest\u00f5es municipais de sa\u00fade do Estado do Rio de Janeiro; Entre o real e o poss\u00edvel: tecendo a RAPS que desejamos a partir da sa\u00fade mental que temos; A viv\u00eancia do Apoio Institucional na Secretaria Municipal de Sa\u00fade de Rio Branco, Acre; A dor e o prazer de coordenar um grupo de trabalho do HumanizaSUS; Programa &#8220;acolhimento, vinculo e responsabiliza\u00e7\u00e3o\u201d; Oficinas do Hospital Giselda Trigueiro na RAPS: Apoio para cl\u00ednica ampliada em rede integrada; e Apoio em rede virtual: a RedehumanizaSUS conectando possibilidades.<\/p>\n<p>Visitas a campo come\u00e7aram a ser realizadas em agosto do ano passado, para conhecer de perto o cotidiano destes profissionais. Para o registro das experi\u00eancias e saberes gerados ao longo do trabalho, sobretudo durante as visitas a campo, a pesquisa conta com a plataforma EnsinaSUS, um banco de dados colaborativo que permite o compartilhamento de informa\u00e7\u00f5es entres os pesquisadores do Lappis. A partir deste material, a pesquisa visa compreender os diversos contextos e especificidades locais e regionais do territ\u00f3rio nacional; os desafios concernentes aos objetos espec\u00edficos da programa\u00e7\u00e3o e das estrat\u00e9gias das pol\u00edticas de sa\u00fade; a materializa\u00e7\u00e3o da integralidade do cuidado como condi\u00e7\u00e3o de efetiva\u00e7\u00e3o do direito humano \u00e0 sa\u00fade; e a rela\u00e7\u00e3o entre integralidade e apoio como eixo orientador das atividades e a\u00e7\u00f5es, que permite aproximar as diferentes \u00e1reas program\u00e1ticas e a gest\u00e3o das pol\u00edticas de sa\u00fade.<\/p>\n<p>Agora, a iniciativa entra na etapa das reuni\u00f5es devolutivas, isto \u00e9, de retorno dos resultados aos pesquisados. A primeira etapa do trabalho, que ser\u00e1 realizada de maio a agosto, contemplar\u00e1 as experi\u00eancias de Bras\u00edlia, Palmeira das Miss\u00f5es, Vit\u00f3ria, Natal e Rio de Janeiro. Os encontros ser\u00e3o registrados em video e o material ser\u00e1 apresentado no m\u00eas de outubro, durante o XIV Semin\u00e1rio Internacional do Projeto Integralidade: Saberes&nbsp; e Pr\u00e1ticas no Cotidiano das Institui\u00e7\u00f5es de Sa\u00fade, promovido pelo Lappis em parceria com o Instituto de Investigaciones Gino Germani, da Universidade de Buenos Aires.<\/p>\n<p>A Pesquisa Apoio<\/p>\n<p>Desenvolvida pelo Lappis, em parceria com o Departamento de A\u00e7\u00f5es Program\u00e1ticas Estrat\u00e9gicas da Secretaria de Aten\u00e7\u00e3o \u00e0 Sa\u00fade do Minist\u00e9rio da Sa\u00fade (DAPES\/MS), apesquisa \u201c\u00c1reas Program\u00e1ticas e direito \u00e0 sa\u00fade: constru\u00e7\u00e3o da integralidade no contexto do apoio institucional\u201d quer conhecer e mapear atividades de apoio, mobiliza\u00e7\u00e3o, articula\u00e7\u00e3o, interlocu\u00e7\u00e3o e media\u00e7\u00e3o no \u00e2mbito do Sistema \u00danico de Sa\u00fade (SUS), para tentar conhecer melhor o trabalho do apoiador no territ\u00f3rio nacional e buscar uma compreens\u00e3o dos mecanismos de inser\u00e7\u00e3o do apoio. Para a tabula\u00e7\u00e3o desses dados, a pesquisa ir\u00e1 considerar aspectos como especificidades locais e regionais, desafios da realiza\u00e7\u00e3o do trabalho, garantia do direito humano \u00e0 sa\u00fade e a rela\u00e7\u00e3o entre integralidade e apoio como eixo orientador das atividades e a\u00e7\u00f5es, aproximando as diferentes \u00e1reas program\u00e1ticas e a gest\u00e3o das pol\u00edticas de sa\u00fade.<\/p>\n<p>&nbsp;<\/p>\n","protected":false},"excerpt":{"rendered":"<div class=\"mh-excerpt\"><p><img decoding=\"async\" class=\" alignleft size-full wp-image-2864\" style=\"float: left;\" src=\"http:\/\/lappis.org.br\/site\/wp-content\/uploads\/2014\/04\/ABERTURA.JPG\" alt=\"\" width=\"324\" height=\"243\" srcset=\"https:\/\/lappis.org.br\/site\/wp-content\/uploads\/2014\/04\/ABERTURA.JPG 467w, https:\/\/lappis.org.br\/site\/wp-content\/uploads\/2014\/04\/ABERTURA-300x225.jpg 300w\" sizes=\"(max-width: 324px) 100vw, 324px\" \/>Como a estrat\u00e9gia do Minist\u00e9rio da Sa\u00fade de trabalhar com apoiadores institucionais, em curso desde 2003, vem contribuindo para a efetiva\u00e7\u00e3o da integralidade no Sistema \u00danico de Sa\u00fade (SUS)? Quem s\u00e3o os profissionais que assumem o papel de apoiador institucional, quais s\u00e3o as suas pr\u00e1ticas de trabalho e quais os conhecimentos e saberes gerados neste contexto? Essas s\u00e3o algumas das quest\u00f5es que apesquisa &#8220;\u00c1reas Program\u00e1ticas e direito \u00e0 sa\u00fade: constru\u00e7\u00e3o da integralidade no contexto do apoio institucional\u201d \u2013 desenvolvida pelo Lappis, em parceria com o Departamento de A\u00e7\u00f5es Program\u00e1ticas Estrat\u00e9gicas da Secretaria de Aten\u00e7\u00e3o \u00e0 Sa\u00fade do Minist\u00e9rio da Sa\u00fade \u2013 &nbsp;busca responder.<\/p>\n<p>&nbsp;<\/p>\n<p>A proposta \u00e9 conhecer as experi\u00eancias de apoio institucional no cotidiano dos servi\u00e7os de sa\u00fade do Brasil e avaliar a sua rela\u00e7\u00e3o com os princ\u00edpios e diretrizes do SUS,a garantia do direito social integral \u00e0 sa\u00fade e a democratiza\u00e7\u00e3o das rela\u00e7\u00f5es institucionais no \u00e2mbito do sistema p\u00fablico de sa\u00fade. E, tamb\u00e9m, promover uma maior transversalidade entre as \u00e1reas program\u00e1ticas e estrat\u00e9gicas do Minist\u00e9rio da Sa\u00fade, para que as ofertas \u00e0s demandas espec\u00edficas por cuidado em sa\u00fade sejam elaboradas a partir do princ\u00edpio da integralidade.<\/p>\n<p>Desde 2012, a iniciativa vem realizando oficinas com apoiadores institucionais em todo o pa\u00eds. Em mar\u00e7o de 2013, teve in\u00edcio a etapa de mapeamento do apoio, com o lan\u00e7amento da convocat\u00f3ria para relato de experi\u00eancias, durante o simp\u00f3sio nacional &#8220;\u00c1reas Program\u00e1ticas, Direito \u00e0 Sa\u00fade e Apoio no SUS\u201d.<\/p>\n<p>Em julho, onze experi\u00eancias foram selecionadas para sistematiza\u00e7\u00e3o: A viv\u00eancia multiprofissional relacionada a um grupo de trabalho em sa\u00fade no munic\u00edpio de Santa Maria, Rio Grande do Sul; Apoio para forma\u00e7\u00e3o de redes de sa\u00fade em Palmeira das Miss\u00f5es e na 15\u00aa Coordenadoria Regional de Sa\u00fade do Rio Grande do Sul; O Apoio como estrat\u00e9gia de coletivos de trabalho; O Apoio Institucional no munic\u00edpio de Vit\u00f3ria, Esp\u00edrito Santo; Projeto Apoiadores Regionais do Cosems RJ &#8211; Apoio Institucional \u00e0s gest\u00f5es municipais de sa\u00fade do Estado do Rio de Janeiro; Entre o real e o poss\u00edvel: tecendo a RAPS que desejamos a partir da sa\u00fade mental que temos; A viv\u00eancia do Apoio Institucional na Secretaria Municipal de Sa\u00fade de Rio Branco, Acre; A dor e o prazer de coordenar um grupo de trabalho do HumanizaSUS; Programa &#8220;acolhimento, vinculo e responsabiliza\u00e7\u00e3o\u201d; Oficinas do Hospital Giselda Trigueiro na RAPS: Apoio para cl\u00ednica ampliada em rede integrada; e Apoio em rede virtual: a RedehumanizaSUS conectando possibilidades.<\/p>\n<p>Visitas a campo come\u00e7aram a ser realizadas em agosto do ano passado, para conhecer de perto o cotidiano destes profissionais. Para o registro das experi\u00eancias e saberes gerados ao longo do trabalho, sobretudo durante as visitas a campo, a pesquisa conta com a plataforma EnsinaSUS, um banco de dados colaborativo que permite o compartilhamento de informa\u00e7\u00f5es entres os pesquisadores do Lappis. A partir deste material, a pesquisa visa compreender os diversos contextos e especificidades locais e regionais do territ\u00f3rio nacional; os desafios concernentes aos objetos espec\u00edficos da programa\u00e7\u00e3o e das estrat\u00e9gias das pol\u00edticas de sa\u00fade; a materializa\u00e7\u00e3o da integralidade do cuidado como condi\u00e7\u00e3o de efetiva\u00e7\u00e3o do direito humano \u00e0 sa\u00fade; e a rela\u00e7\u00e3o entre integralidade e apoio como eixo orientador das atividades e a\u00e7\u00f5es, que permite aproximar as diferentes \u00e1reas program\u00e1ticas e a gest\u00e3o das pol\u00edticas de sa\u00fade.<\/p>\n<p>Agora, a iniciativa entra na etapa das reuni\u00f5es devolutivas, isto \u00e9, de retorno dos resultados aos pesquisados. A primeira etapa do trabalho, que ser\u00e1 realizada de maio a agosto, contemplar\u00e1 as experi\u00eancias de Bras\u00edlia, Palmeira das Miss\u00f5es, Vit\u00f3ria, Natal e Rio de Janeiro. Os encontros ser\u00e3o registrados em video e o material ser\u00e1 apresentado no m\u00eas de outubro, durante o XIV Semin\u00e1rio Internacional do Projeto Integralidade: Saberes&nbsp; e Pr\u00e1ticas no Cotidiano das Institui\u00e7\u00f5es de Sa\u00fade, promovido pelo Lappis em parceria com o Instituto de Investigaciones Gino Germani, da Universidade de Buenos Aires.<\/p>\n<p>A Pesquisa Apoio<\/p>\n<p>Desenvolvida pelo Lappis, em parceria com o Departamento de A\u00e7\u00f5es Program\u00e1ticas Estrat\u00e9gicas da Secretaria de Aten\u00e7\u00e3o \u00e0 Sa\u00fade do Minist\u00e9rio da Sa\u00fade (DAPES\/MS), apesquisa \u201c\u00c1reas Program\u00e1ticas e direito \u00e0 sa\u00fade: constru\u00e7\u00e3o da integralidade no contexto do apoio institucional\u201d quer conhecer e mapear atividades de apoio, mobiliza\u00e7\u00e3o, articula\u00e7\u00e3o, interlocu\u00e7\u00e3o e media\u00e7\u00e3o no \u00e2mbito do Sistema \u00danico de Sa\u00fade (SUS), para tentar conhecer melhor o trabalho do apoiador no territ\u00f3rio nacional e buscar uma compreens\u00e3o dos mecanismos de inser\u00e7\u00e3o do apoio. Para a tabula\u00e7\u00e3o desses dados, a pesquisa ir\u00e1 considerar aspectos como especificidades locais e regionais, desafios da realiza\u00e7\u00e3o do trabalho, garantia do direito humano \u00e0 sa\u00fade e a rela\u00e7\u00e3o entre integralidade e apoio como eixo orientador das atividades e a\u00e7\u00f5es, aproximando as diferentes \u00e1reas program\u00e1ticas e a gest\u00e3o das pol\u00edticas de sa\u00fade.<\/p>\n<p>Pesquisa Apoio prepara devolutivas de resultados<\/p>\n<p>Como a estrat\u00e9gia do Minist\u00e9rio da Sa\u00fade de trabalhar com apoiadores institucionais, em curso desde 2003, vem contribuindo para a efetiva\u00e7\u00e3o da integralidade no Sistema \u00danico de Sa\u00fade (SUS)? Quem s\u00e3o os profissionais que assumem o papel de apoiador institucional, quais s\u00e3o as suas pr\u00e1ticas de trabalho e quais os conhecimentos e saberes gerados neste contexto? Essas s\u00e3o algumas das quest\u00f5es que apesquisa &#8220;\u00c1reas Program\u00e1ticas e direito \u00e0 sa\u00fade: constru\u00e7\u00e3o da integralidade no contexto do apoio institucional\u201d \u2013 desenvolvida pelo Lappis, em parceria com o Departamento de A\u00e7\u00f5es Program\u00e1ticas Estrat\u00e9gicas da Secretaria de Aten\u00e7\u00e3o \u00e0 Sa\u00fade do Minist\u00e9rio da Sa\u00fade \u2013 &nbsp;busca responder.<\/p>\n<p>A proposta \u00e9 conhecer as experi\u00eancias de apoio institucional no cotidiano dos servi\u00e7os de sa\u00fade do Brasil e avaliar a sua rela\u00e7\u00e3o com os princ\u00edpios e diretrizes do SUS,a garantia do direito social integral \u00e0 sa\u00fade e a democratiza\u00e7\u00e3o das rela\u00e7\u00f5es institucionais no \u00e2mbito do sistema p\u00fablico de sa\u00fade. E, tamb\u00e9m, promover uma maior transversalidade entre as \u00e1reas program\u00e1ticas e estrat\u00e9gicas do Minist\u00e9rio da Sa\u00fade, para que as ofertas \u00e0s demandas espec\u00edficas por cuidado em sa\u00fade sejam elaboradas a partir do princ\u00edpio da integralidade.<\/p>\n<p>Desde 2012, a iniciativa vem realizando oficinas com apoiadores institucionais em todo o pa\u00eds. Em mar\u00e7o de 2013, teve in\u00edcio a etapa de mapeamento do apoio, com o lan\u00e7amento da convocat\u00f3ria para relato de experi\u00eancias, durante o simp\u00f3sio nacional &#8220;\u00c1reas Program\u00e1ticas, Direito \u00e0 Sa\u00fade e Apoio no SUS\u201d.<\/p>\n<p>Em julho, onze experi\u00eancias foram selecionadas para sistematiza\u00e7\u00e3o: A viv\u00eancia multiprofissional relacionada a um grupo de trabalho em sa\u00fade no munic\u00edpio de Santa Maria, Rio Grande do Sul; Apoio para forma\u00e7\u00e3o de redes de sa\u00fade em Palmeira das Miss\u00f5es e na 15\u00aa Coordenadoria Regional de Sa\u00fade do Rio Grande do Sul; O Apoio como estrat\u00e9gia de coletivos de trabalho; O Apoio Institucional no munic\u00edpio de Vit\u00f3ria, Esp\u00edrito Santo; Projeto Apoiadores Regionais do Cosems RJ &#8211; Apoio Institucional \u00e0s gest\u00f5es municipais de sa\u00fade do Estado do Rio de Janeiro; Entre o real e o poss\u00edvel: tecendo a RAPS que desejamos a partir da sa\u00fade mental que temos; A viv\u00eancia do Apoio Institucional na Secretaria Municipal de Sa\u00fade de Rio Branco, Acre; A dor e o prazer de coordenar um grupo de trabalho do HumanizaSUS; Programa &#8220;acolhimento, vinculo e responsabiliza\u00e7\u00e3o\u201d; Oficinas do Hospital Giselda Trigueiro na RAPS: Apoio para cl\u00ednica ampliada em rede integrada; e Apoio em rede virtual: a RedehumanizaSUS conectando possibilidades.<\/p>\n<p>Visitas a campo come\u00e7aram a ser realizadas em agosto do ano passado, para conhecer de perto o cotidiano destes profissionais. Para o registro das experi\u00eancias e saberes gerados ao longo do trabalho, sobretudo durante as visitas a campo, a pesquisa conta com a plataforma EnsinaSUS, um banco de dados colaborativo que permite o compartilhamento de informa\u00e7\u00f5es entres os pesquisadores do Lappis. A partir deste material, a pesquisa visa compreender os diversos contextos e especificidades locais e regionais do territ\u00f3rio nacional; os desafios concernentes aos objetos espec\u00edficos da programa\u00e7\u00e3o e das estrat\u00e9gias das pol\u00edticas de sa\u00fade; a materializa\u00e7\u00e3o da integralidade do cuidado como condi\u00e7\u00e3o de efetiva\u00e7\u00e3o do direito humano \u00e0 sa\u00fade; e a rela\u00e7\u00e3o entre integralidade e apoio como eixo orientador das atividades e a\u00e7\u00f5es, que permite aproximar as diferentes \u00e1reas program\u00e1ticas e a gest\u00e3o das pol\u00edticas de sa\u00fade.<\/p>\n<p>Agora, a iniciativa entra na etapa das reuni\u00f5es devolutivas, isto \u00e9, de retorno dos resultados aos pesquisados. A primeira etapa do trabalho, que ser\u00e1 realizada de maio a agosto, contemplar\u00e1 as experi\u00eancias de Bras\u00edlia, Palmeira das Miss\u00f5es, Vit\u00f3ria, Natal e Rio de Janeiro. Os encontros ser\u00e3o registrados em video e o material ser\u00e1 apresentado no m\u00eas de outubro, durante o XIV Semin\u00e1rio Internacional do Projeto Integralidade: Saberes&nbsp; e Pr\u00e1ticas no Cotidiano das Institui\u00e7\u00f5es de Sa\u00fade, promovido pelo Lappis em parceria com o Instituto de Investigaciones Gino Germani, da Universidade de Buenos Aires.<\/p>\n<p>A Pesquisa Apoio<\/p>\n<p>Desenvolvida pelo Lappis, em parceria com o Departamento de A\u00e7\u00f5es Program\u00e1ticas Estrat\u00e9gicas da Secretaria de Aten\u00e7\u00e3o \u00e0 Sa\u00fade do Minist\u00e9rio da Sa\u00fade (DAPES\/MS), apesquisa \u201c\u00c1reas Program\u00e1ticas e direito \u00e0 sa\u00fade: constru\u00e7\u00e3o da integralidade no contexto do apoio institucional\u201d quer conhecer e mapear atividades de apoio, mobiliza\u00e7\u00e3o, articula\u00e7\u00e3o, interlocu\u00e7\u00e3o e media\u00e7\u00e3o no \u00e2mbito do Sistema \u00danico de Sa\u00fade (SUS), para tentar conhecer melhor o trabalho do apoiador no territ\u00f3rio nacional e buscar uma compreens\u00e3o dos mecanismos de inser\u00e7\u00e3o do apoio. Para a tabula\u00e7\u00e3o desses dados, a pesquisa ir\u00e1 considerar aspectos como especificidades locais e regionais, desafios da realiza\u00e7\u00e3o do trabalho, garantia do direito humano \u00e0 sa\u00fade e a rela\u00e7\u00e3o entre integralidade e apoio como eixo orientador das atividades e a\u00e7\u00f5es, aproximando as diferentes \u00e1reas program\u00e1ticas e a gest\u00e3o das pol\u00edticas de sa\u00fade.<\/p>\n<p>  <a class=\"mh-excerpt-more\" href=\"https:\/\/lappis.org.br\/site\/pesquisa-apoio-prepara-devolutivas-de-resultados\/2865\" title=\"Pesquisa Apoio prepara devolutivas de resultados\">[&#8230;]<\/a><\/p>\n<\/div>","protected":false},"author":1,"featured_media":2864,"comment_status":"open","ping_status":"open","sticky":false,"template":"","format":"standard","meta":{"_acf_changed":false,"_exactmetrics_skip_tracking":false,"_exactmetrics_sitenote_active":false,"_exactmetrics_sitenote_note":"","_exactmetrics_sitenote_category":0,"jetpack_post_was_ever_published":false,"_jetpack_newsletter_access":"","_jetpack_dont_email_post_to_subs":false,"_jetpack_newsletter_tier_id":0,"_jetpack_memberships_contains_paywalled_content":false,"_jetpack_memberships_contains_paid_content":false,"footnotes":"","jetpack_publicize_message":"","jetpack_publicize_feature_enabled":true,"jetpack_social_post_already_shared":false,"jetpack_social_options":{"image_generator_settings":{"template":"highway","enabled":false},"version":2}},"categories":[27],"tags":[],"class_list":{"0":"post-2865","1":"post","2":"type-post","3":"status-publish","4":"format-standard","5":"has-post-thumbnail","7":"category-nao-destacado"},"jetpack_publicize_connections":[],"acf":[],"yoast_head":"<!-- This site is optimized with the Yoast SEO plugin v25.2 - https:\/\/yoast.com\/wordpress\/plugins\/seo\/ -->\n<title>Pesquisa Apoio prepara devolutivas de resultados - Lappis 25 anos<\/title>\n<meta name=\"robots\" content=\"index, follow, max-snippet:-1, max-image-preview:large, max-video-preview:-1\" \/>\n<link rel=\"canonical\" href=\"https:\/\/lappis.org.br\/site\/pesquisa-apoio-prepara-devolutivas-de-resultados\/2865\" \/>\n<meta property=\"og:locale\" content=\"pt_BR\" \/>\n<meta property=\"og:type\" content=\"article\" \/>\n<meta property=\"og:title\" content=\"Pesquisa Apoio prepara devolutivas de resultados - Lappis 25 anos\" \/>\n<meta property=\"og:description\" content=\"Como a estrat\u00e9gia do Minist\u00e9rio da Sa\u00fade de trabalhar com apoiadores institucionais, em curso desde 2003, vem contribuindo para a efetiva\u00e7\u00e3o da integralidade no Sistema \u00danico de Sa\u00fade (SUS)? Quem s\u00e3o os profissionais que assumem o papel de apoiador institucional, quais s\u00e3o as suas pr\u00e1ticas de trabalho e quais os conhecimentos e saberes gerados neste contexto? Essas s\u00e3o algumas das quest\u00f5es que apesquisa &quot;\u00c1reas Program\u00e1ticas e direito \u00e0 sa\u00fade: constru\u00e7\u00e3o da integralidade no contexto do apoio institucional\u201d \u2013 desenvolvida pelo Lappis, em parceria com o Departamento de A\u00e7\u00f5es Program\u00e1ticas Estrat\u00e9gicas da Secretaria de Aten\u00e7\u00e3o \u00e0 Sa\u00fade do Minist\u00e9rio da Sa\u00fade \u2013 &nbsp;busca responder. &nbsp; A proposta \u00e9 conhecer as experi\u00eancias de apoio institucional no cotidiano dos servi\u00e7os de sa\u00fade do Brasil e avaliar a sua rela\u00e7\u00e3o com os princ\u00edpios e diretrizes do SUS,a garantia do direito social integral \u00e0 sa\u00fade e a democratiza\u00e7\u00e3o das rela\u00e7\u00f5es institucionais no \u00e2mbito do sistema p\u00fablico de sa\u00fade. E, tamb\u00e9m, promover uma maior transversalidade entre as \u00e1reas program\u00e1ticas e estrat\u00e9gicas do Minist\u00e9rio da Sa\u00fade, para que as ofertas \u00e0s demandas espec\u00edficas por cuidado em sa\u00fade sejam elaboradas a partir do princ\u00edpio da integralidade.Desde 2012, a iniciativa vem realizando oficinas com apoiadores institucionais em todo o pa\u00eds. Em mar\u00e7o de 2013, teve in\u00edcio a etapa de mapeamento do apoio, com o lan\u00e7amento da convocat\u00f3ria para relato de experi\u00eancias, durante o simp\u00f3sio nacional &quot;\u00c1reas Program\u00e1ticas, Direito \u00e0 Sa\u00fade e Apoio no SUS\u201d.Em julho, onze experi\u00eancias foram selecionadas para sistematiza\u00e7\u00e3o: A viv\u00eancia multiprofissional relacionada a um grupo de trabalho em sa\u00fade no munic\u00edpio de Santa Maria, Rio Grande do Sul; Apoio para forma\u00e7\u00e3o de redes de sa\u00fade em Palmeira das Miss\u00f5es e na 15\u00aa Coordenadoria Regional de Sa\u00fade do Rio Grande do Sul; O Apoio como estrat\u00e9gia de coletivos de trabalho; O Apoio Institucional no munic\u00edpio de Vit\u00f3ria, Esp\u00edrito Santo; Projeto Apoiadores Regionais do Cosems RJ - Apoio Institucional \u00e0s gest\u00f5es municipais de sa\u00fade do Estado do Rio de Janeiro; Entre o real e o poss\u00edvel: tecendo a RAPS que desejamos a partir da sa\u00fade mental que temos; A viv\u00eancia do Apoio Institucional na Secretaria Municipal de Sa\u00fade de Rio Branco, Acre; A dor e o prazer de coordenar um grupo de trabalho do HumanizaSUS; Programa &quot;acolhimento, vinculo e responsabiliza\u00e7\u00e3o\u201d; Oficinas do Hospital Giselda Trigueiro na RAPS: Apoio para cl\u00ednica ampliada em rede integrada; e Apoio em rede virtual: a RedehumanizaSUS conectando possibilidades.Visitas a campo come\u00e7aram a ser realizadas em agosto do ano passado, para conhecer de perto o cotidiano destes profissionais. Para o registro das experi\u00eancias e saberes gerados ao longo do trabalho, sobretudo durante as visitas a campo, a pesquisa conta com a plataforma EnsinaSUS, um banco de dados colaborativo que permite o compartilhamento de informa\u00e7\u00f5es entres os pesquisadores do Lappis. A partir deste material, a pesquisa visa compreender os diversos contextos e especificidades locais e regionais do territ\u00f3rio nacional; os desafios concernentes aos objetos espec\u00edficos da programa\u00e7\u00e3o e das estrat\u00e9gias das pol\u00edticas de sa\u00fade; a materializa\u00e7\u00e3o da integralidade do cuidado como condi\u00e7\u00e3o de efetiva\u00e7\u00e3o do direito humano \u00e0 sa\u00fade; e a rela\u00e7\u00e3o entre integralidade e apoio como eixo orientador das atividades e a\u00e7\u00f5es, que permite aproximar as diferentes \u00e1reas program\u00e1ticas e a gest\u00e3o das pol\u00edticas de sa\u00fade.Agora, a iniciativa entra na etapa das reuni\u00f5es devolutivas, isto \u00e9, de retorno dos resultados aos pesquisados. A primeira etapa do trabalho, que ser\u00e1 realizada de maio a agosto, contemplar\u00e1 as experi\u00eancias de Bras\u00edlia, Palmeira das Miss\u00f5es, Vit\u00f3ria, Natal e Rio de Janeiro. Os encontros ser\u00e3o registrados em video e o material ser\u00e1 apresentado no m\u00eas de outubro, durante o XIV Semin\u00e1rio Internacional do Projeto Integralidade: Saberes&nbsp; e Pr\u00e1ticas no Cotidiano das Institui\u00e7\u00f5es de Sa\u00fade, promovido pelo Lappis em parceria com o Instituto de Investigaciones Gino Germani, da Universidade de Buenos Aires.A Pesquisa ApoioDesenvolvida pelo Lappis, em parceria com o Departamento de A\u00e7\u00f5es Program\u00e1ticas Estrat\u00e9gicas da Secretaria de Aten\u00e7\u00e3o \u00e0 Sa\u00fade do Minist\u00e9rio da Sa\u00fade (DAPES\/MS), apesquisa \u201c\u00c1reas Program\u00e1ticas e direito \u00e0 sa\u00fade: constru\u00e7\u00e3o da integralidade no contexto do apoio institucional\u201d quer conhecer e mapear atividades de apoio, mobiliza\u00e7\u00e3o, articula\u00e7\u00e3o, interlocu\u00e7\u00e3o e media\u00e7\u00e3o no \u00e2mbito do Sistema \u00danico de Sa\u00fade (SUS), para tentar conhecer melhor o trabalho do apoiador no territ\u00f3rio nacional e buscar uma compreens\u00e3o dos mecanismos de inser\u00e7\u00e3o do apoio. Para a tabula\u00e7\u00e3o desses dados, a pesquisa ir\u00e1 considerar aspectos como especificidades locais e regionais, desafios da realiza\u00e7\u00e3o do trabalho, garantia do direito humano \u00e0 sa\u00fade e a rela\u00e7\u00e3o entre integralidade e apoio como eixo orientador das atividades e a\u00e7\u00f5es, aproximando as diferentes \u00e1reas program\u00e1ticas e a gest\u00e3o das pol\u00edticas de sa\u00fade.Pesquisa Apoio prepara devolutivas de resultadosComo a estrat\u00e9gia do Minist\u00e9rio da Sa\u00fade de trabalhar com apoiadores institucionais, em curso desde 2003, vem contribuindo para a efetiva\u00e7\u00e3o da integralidade no Sistema \u00danico de Sa\u00fade (SUS)? Quem s\u00e3o os profissionais que assumem o papel de apoiador institucional, quais s\u00e3o as suas pr\u00e1ticas de trabalho e quais os conhecimentos e saberes gerados neste contexto? Essas s\u00e3o algumas das quest\u00f5es que apesquisa &quot;\u00c1reas Program\u00e1ticas e direito \u00e0 sa\u00fade: constru\u00e7\u00e3o da integralidade no contexto do apoio institucional\u201d \u2013 desenvolvida pelo Lappis, em parceria com o Departamento de A\u00e7\u00f5es Program\u00e1ticas Estrat\u00e9gicas da Secretaria de Aten\u00e7\u00e3o \u00e0 Sa\u00fade do Minist\u00e9rio da Sa\u00fade \u2013 &nbsp;busca responder.A proposta \u00e9 conhecer as experi\u00eancias de apoio institucional no cotidiano dos servi\u00e7os de sa\u00fade do Brasil e avaliar a sua rela\u00e7\u00e3o com os princ\u00edpios e diretrizes do SUS,a garantia do direito social integral \u00e0 sa\u00fade e a democratiza\u00e7\u00e3o das rela\u00e7\u00f5es institucionais no \u00e2mbito do sistema p\u00fablico de sa\u00fade. E, tamb\u00e9m, promover uma maior transversalidade entre as \u00e1reas program\u00e1ticas e estrat\u00e9gicas do Minist\u00e9rio da Sa\u00fade, para que as ofertas \u00e0s demandas espec\u00edficas por cuidado em sa\u00fade sejam elaboradas a partir do princ\u00edpio da integralidade.Desde 2012, a iniciativa vem realizando oficinas com apoiadores institucionais em todo o pa\u00eds. Em mar\u00e7o de 2013, teve in\u00edcio a etapa de mapeamento do apoio, com o lan\u00e7amento da convocat\u00f3ria para relato de experi\u00eancias, durante o simp\u00f3sio nacional &quot;\u00c1reas Program\u00e1ticas, Direito \u00e0 Sa\u00fade e Apoio no SUS\u201d.Em julho, onze experi\u00eancias foram selecionadas para sistematiza\u00e7\u00e3o: A viv\u00eancia multiprofissional relacionada a um grupo de trabalho em sa\u00fade no munic\u00edpio de Santa Maria, Rio Grande do Sul; Apoio para forma\u00e7\u00e3o de redes de sa\u00fade em Palmeira das Miss\u00f5es e na 15\u00aa Coordenadoria Regional de Sa\u00fade do Rio Grande do Sul; O Apoio como estrat\u00e9gia de coletivos de trabalho; O Apoio Institucional no munic\u00edpio de Vit\u00f3ria, Esp\u00edrito Santo; Projeto Apoiadores Regionais do Cosems RJ - Apoio Institucional \u00e0s gest\u00f5es municipais de sa\u00fade do Estado do Rio de Janeiro; Entre o real e o poss\u00edvel: tecendo a RAPS que desejamos a partir da sa\u00fade mental que temos; A viv\u00eancia do Apoio Institucional na Secretaria Municipal de Sa\u00fade de Rio Branco, Acre; A dor e o prazer de coordenar um grupo de trabalho do HumanizaSUS; Programa &quot;acolhimento, vinculo e responsabiliza\u00e7\u00e3o\u201d; Oficinas do Hospital Giselda Trigueiro na RAPS: Apoio para cl\u00ednica ampliada em rede integrada; e Apoio em rede virtual: a RedehumanizaSUS conectando possibilidades.Visitas a campo come\u00e7aram a ser realizadas em agosto do ano passado, para conhecer de perto o cotidiano destes profissionais. Para o registro das experi\u00eancias e saberes gerados ao longo do trabalho, sobretudo durante as visitas a campo, a pesquisa conta com a plataforma EnsinaSUS, um banco de dados colaborativo que permite o compartilhamento de informa\u00e7\u00f5es entres os pesquisadores do Lappis. A partir deste material, a pesquisa visa compreender os diversos contextos e especificidades locais e regionais do territ\u00f3rio nacional; os desafios concernentes aos objetos espec\u00edficos da programa\u00e7\u00e3o e das estrat\u00e9gias das pol\u00edticas de sa\u00fade; a materializa\u00e7\u00e3o da integralidade do cuidado como condi\u00e7\u00e3o de efetiva\u00e7\u00e3o do direito humano \u00e0 sa\u00fade; e a rela\u00e7\u00e3o entre integralidade e apoio como eixo orientador das atividades e a\u00e7\u00f5es, que permite aproximar as diferentes \u00e1reas program\u00e1ticas e a gest\u00e3o das pol\u00edticas de sa\u00fade.Agora, a iniciativa entra na etapa das reuni\u00f5es devolutivas, isto \u00e9, de retorno dos resultados aos pesquisados. A primeira etapa do trabalho, que ser\u00e1 realizada de maio a agosto, contemplar\u00e1 as experi\u00eancias de Bras\u00edlia, Palmeira das Miss\u00f5es, Vit\u00f3ria, Natal e Rio de Janeiro. Os encontros ser\u00e3o registrados em video e o material ser\u00e1 apresentado no m\u00eas de outubro, durante o XIV Semin\u00e1rio Internacional do Projeto Integralidade: Saberes&nbsp; e Pr\u00e1ticas no Cotidiano das Institui\u00e7\u00f5es de Sa\u00fade, promovido pelo Lappis em parceria com o Instituto de Investigaciones Gino Germani, da Universidade de Buenos Aires.A Pesquisa ApoioDesenvolvida pelo Lappis, em parceria com o Departamento de A\u00e7\u00f5es Program\u00e1ticas Estrat\u00e9gicas da Secretaria de Aten\u00e7\u00e3o \u00e0 Sa\u00fade do Minist\u00e9rio da Sa\u00fade (DAPES\/MS), apesquisa \u201c\u00c1reas Program\u00e1ticas e direito \u00e0 sa\u00fade: constru\u00e7\u00e3o da integralidade no contexto do apoio institucional\u201d quer conhecer e mapear atividades de apoio, mobiliza\u00e7\u00e3o, articula\u00e7\u00e3o, interlocu\u00e7\u00e3o e media\u00e7\u00e3o no \u00e2mbito do Sistema \u00danico de Sa\u00fade (SUS), para tentar conhecer melhor o trabalho do apoiador no territ\u00f3rio nacional e buscar uma compreens\u00e3o dos mecanismos de inser\u00e7\u00e3o do apoio. Para a tabula\u00e7\u00e3o desses dados, a pesquisa ir\u00e1 considerar aspectos como especificidades locais e regionais, desafios da realiza\u00e7\u00e3o do trabalho, garantia do direito humano \u00e0 sa\u00fade e a rela\u00e7\u00e3o entre integralidade e apoio como eixo orientador das atividades e a\u00e7\u00f5es, aproximando as diferentes \u00e1reas program\u00e1ticas e a gest\u00e3o das pol\u00edticas de sa\u00fade. [...]\" \/>\n<meta property=\"og:url\" content=\"https:\/\/lappis.org.br\/site\/pesquisa-apoio-prepara-devolutivas-de-resultados\/2865\" \/>\n<meta property=\"og:site_name\" content=\"Lappis 25 anos\" \/>\n<meta property=\"article:published_time\" content=\"2014-04-21T22:34:10+00:00\" \/>\n<meta property=\"og:image\" content=\"https:\/\/lappis.org.br\/site\/wp-content\/uploads\/2014\/04\/ABERTURA.JPG\" \/>\n\t<meta property=\"og:image:width\" content=\"467\" \/>\n\t<meta property=\"og:image:height\" content=\"350\" \/>\n\t<meta property=\"og:image:type\" content=\"image\/jpeg\" \/>\n<meta name=\"author\" content=\"fw2\" \/>\n<meta name=\"twitter:card\" content=\"summary_large_image\" \/>\n<meta name=\"twitter:label1\" content=\"Escrito por\" \/>\n\t<meta name=\"twitter:data1\" content=\"fw2\" \/>\n\t<meta name=\"twitter:label2\" content=\"Est. tempo de leitura\" \/>\n\t<meta name=\"twitter:data2\" content=\"9 minutos\" \/>\n<script type=\"application\/ld+json\" class=\"yoast-schema-graph\">{\"@context\":\"https:\/\/schema.org\",\"@graph\":[{\"@type\":\"Article\",\"@id\":\"https:\/\/lappis.org.br\/site\/pesquisa-apoio-prepara-devolutivas-de-resultados\/2865#article\",\"isPartOf\":{\"@id\":\"https:\/\/lappis.org.br\/site\/pesquisa-apoio-prepara-devolutivas-de-resultados\/2865\"},\"author\":{\"name\":\"fw2\",\"@id\":\"https:\/\/lappis.org.br\/site\/#\/schema\/person\/3852381d08284b5e2716b20bd89bdbcf\"},\"headline\":\"Pesquisa Apoio prepara devolutivas de resultados\",\"datePublished\":\"2014-04-21T22:34:10+00:00\",\"mainEntityOfPage\":{\"@id\":\"https:\/\/lappis.org.br\/site\/pesquisa-apoio-prepara-devolutivas-de-resultados\/2865\"},\"wordCount\":1760,\"commentCount\":0,\"publisher\":{\"@id\":\"https:\/\/lappis.org.br\/site\/#organization\"},\"image\":{\"@id\":\"https:\/\/lappis.org.br\/site\/pesquisa-apoio-prepara-devolutivas-de-resultados\/2865#primaryimage\"},\"thumbnailUrl\":\"https:\/\/lappis.org.br\/site\/wp-content\/uploads\/2014\/04\/ABERTURA.JPG\",\"articleSection\":[\"N\u00e3o Destacado\"],\"inLanguage\":\"pt-BR\",\"potentialAction\":[{\"@type\":\"CommentAction\",\"name\":\"Comment\",\"target\":[\"https:\/\/lappis.org.br\/site\/pesquisa-apoio-prepara-devolutivas-de-resultados\/2865#respond\"]}]},{\"@type\":\"WebPage\",\"@id\":\"https:\/\/lappis.org.br\/site\/pesquisa-apoio-prepara-devolutivas-de-resultados\/2865\",\"url\":\"https:\/\/lappis.org.br\/site\/pesquisa-apoio-prepara-devolutivas-de-resultados\/2865\",\"name\":\"Pesquisa Apoio prepara devolutivas de resultados - Lappis 25 anos\",\"isPartOf\":{\"@id\":\"https:\/\/lappis.org.br\/site\/#website\"},\"primaryImageOfPage\":{\"@id\":\"https:\/\/lappis.org.br\/site\/pesquisa-apoio-prepara-devolutivas-de-resultados\/2865#primaryimage\"},\"image\":{\"@id\":\"https:\/\/lappis.org.br\/site\/pesquisa-apoio-prepara-devolutivas-de-resultados\/2865#primaryimage\"},\"thumbnailUrl\":\"https:\/\/lappis.org.br\/site\/wp-content\/uploads\/2014\/04\/ABERTURA.JPG\",\"datePublished\":\"2014-04-21T22:34:10+00:00\",\"breadcrumb\":{\"@id\":\"https:\/\/lappis.org.br\/site\/pesquisa-apoio-prepara-devolutivas-de-resultados\/2865#breadcrumb\"},\"inLanguage\":\"pt-BR\",\"potentialAction\":[{\"@type\":\"ReadAction\",\"target\":[\"https:\/\/lappis.org.br\/site\/pesquisa-apoio-prepara-devolutivas-de-resultados\/2865\"]}]},{\"@type\":\"ImageObject\",\"inLanguage\":\"pt-BR\",\"@id\":\"https:\/\/lappis.org.br\/site\/pesquisa-apoio-prepara-devolutivas-de-resultados\/2865#primaryimage\",\"url\":\"https:\/\/lappis.org.br\/site\/wp-content\/uploads\/2014\/04\/ABERTURA.JPG\",\"contentUrl\":\"https:\/\/lappis.org.br\/site\/wp-content\/uploads\/2014\/04\/ABERTURA.JPG\",\"width\":467,\"height\":350},{\"@type\":\"BreadcrumbList\",\"@id\":\"https:\/\/lappis.org.br\/site\/pesquisa-apoio-prepara-devolutivas-de-resultados\/2865#breadcrumb\",\"itemListElement\":[{\"@type\":\"ListItem\",\"position\":1,\"name\":\"In\u00edcio\",\"item\":\"https:\/\/lappis.org.br\/site\/\"},{\"@type\":\"ListItem\",\"position\":2,\"name\":\"Pesquisa Apoio prepara devolutivas de resultados\"}]},{\"@type\":\"WebSite\",\"@id\":\"https:\/\/lappis.org.br\/site\/#website\",\"url\":\"https:\/\/lappis.org.br\/site\/\",\"name\":\"Lappis 25 anos\",\"description\":\"Labotat\u00f3rio de Pesquisas sobre Pr\u00e1ticas de Integralidade em Sa\u00fade\",\"publisher\":{\"@id\":\"https:\/\/lappis.org.br\/site\/#organization\"},\"potentialAction\":[{\"@type\":\"SearchAction\",\"target\":{\"@type\":\"EntryPoint\",\"urlTemplate\":\"https:\/\/lappis.org.br\/site\/?s={search_term_string}\"},\"query-input\":{\"@type\":\"PropertyValueSpecification\",\"valueRequired\":true,\"valueName\":\"search_term_string\"}}],\"inLanguage\":\"pt-BR\"},{\"@type\":\"Organization\",\"@id\":\"https:\/\/lappis.org.br\/site\/#organization\",\"name\":\"Lappis 25 anos\",\"url\":\"https:\/\/lappis.org.br\/site\/\",\"logo\":{\"@type\":\"ImageObject\",\"inLanguage\":\"pt-BR\",\"@id\":\"https:\/\/lappis.org.br\/site\/#\/schema\/logo\/image\/\",\"url\":\"https:\/\/lappis.org.br\/site\/wp-content\/uploads\/2025\/03\/logo-lappis25anos.png\",\"contentUrl\":\"https:\/\/lappis.org.br\/site\/wp-content\/uploads\/2025\/03\/logo-lappis25anos.png\",\"width\":388,\"height\":146,\"caption\":\"Lappis 25 anos\"},\"image\":{\"@id\":\"https:\/\/lappis.org.br\/site\/#\/schema\/logo\/image\/\"}},{\"@type\":\"Person\",\"@id\":\"https:\/\/lappis.org.br\/site\/#\/schema\/person\/3852381d08284b5e2716b20bd89bdbcf\",\"name\":\"fw2\",\"image\":{\"@type\":\"ImageObject\",\"inLanguage\":\"pt-BR\",\"@id\":\"https:\/\/lappis.org.br\/site\/#\/schema\/person\/image\/\",\"url\":\"https:\/\/secure.gravatar.com\/avatar\/c38472c0cdbde82d9b6fcc26adb3779d?s=96&d=mm&r=g\",\"contentUrl\":\"https:\/\/secure.gravatar.com\/avatar\/c38472c0cdbde82d9b6fcc26adb3779d?s=96&d=mm&r=g\",\"caption\":\"fw2\"},\"url\":\"https:\/\/lappis.org.br\/site\/author\/fw2\"}]}<\/script>\n<!-- \/ Yoast SEO plugin. -->","yoast_head_json":{"title":"Pesquisa Apoio prepara devolutivas de resultados - Lappis 25 anos","robots":{"index":"index","follow":"follow","max-snippet":"max-snippet:-1","max-image-preview":"max-image-preview:large","max-video-preview":"max-video-preview:-1"},"canonical":"https:\/\/lappis.org.br\/site\/pesquisa-apoio-prepara-devolutivas-de-resultados\/2865","og_locale":"pt_BR","og_type":"article","og_title":"Pesquisa Apoio prepara devolutivas de resultados - Lappis 25 anos","og_description":"Como a estrat\u00e9gia do Minist\u00e9rio da Sa\u00fade de trabalhar com apoiadores institucionais, em curso desde 2003, vem contribuindo para a efetiva\u00e7\u00e3o da integralidade no Sistema \u00danico de Sa\u00fade (SUS)? Quem s\u00e3o os profissionais que assumem o papel de apoiador institucional, quais s\u00e3o as suas pr\u00e1ticas de trabalho e quais os conhecimentos e saberes gerados neste contexto? Essas s\u00e3o algumas das quest\u00f5es que apesquisa \"\u00c1reas Program\u00e1ticas e direito \u00e0 sa\u00fade: constru\u00e7\u00e3o da integralidade no contexto do apoio institucional\u201d \u2013 desenvolvida pelo Lappis, em parceria com o Departamento de A\u00e7\u00f5es Program\u00e1ticas Estrat\u00e9gicas da Secretaria de Aten\u00e7\u00e3o \u00e0 Sa\u00fade do Minist\u00e9rio da Sa\u00fade \u2013 &nbsp;busca responder. &nbsp; A proposta \u00e9 conhecer as experi\u00eancias de apoio institucional no cotidiano dos servi\u00e7os de sa\u00fade do Brasil e avaliar a sua rela\u00e7\u00e3o com os princ\u00edpios e diretrizes do SUS,a garantia do direito social integral \u00e0 sa\u00fade e a democratiza\u00e7\u00e3o das rela\u00e7\u00f5es institucionais no \u00e2mbito do sistema p\u00fablico de sa\u00fade. E, tamb\u00e9m, promover uma maior transversalidade entre as \u00e1reas program\u00e1ticas e estrat\u00e9gicas do Minist\u00e9rio da Sa\u00fade, para que as ofertas \u00e0s demandas espec\u00edficas por cuidado em sa\u00fade sejam elaboradas a partir do princ\u00edpio da integralidade.Desde 2012, a iniciativa vem realizando oficinas com apoiadores institucionais em todo o pa\u00eds. Em mar\u00e7o de 2013, teve in\u00edcio a etapa de mapeamento do apoio, com o lan\u00e7amento da convocat\u00f3ria para relato de experi\u00eancias, durante o simp\u00f3sio nacional \"\u00c1reas Program\u00e1ticas, Direito \u00e0 Sa\u00fade e Apoio no SUS\u201d.Em julho, onze experi\u00eancias foram selecionadas para sistematiza\u00e7\u00e3o: A viv\u00eancia multiprofissional relacionada a um grupo de trabalho em sa\u00fade no munic\u00edpio de Santa Maria, Rio Grande do Sul; Apoio para forma\u00e7\u00e3o de redes de sa\u00fade em Palmeira das Miss\u00f5es e na 15\u00aa Coordenadoria Regional de Sa\u00fade do Rio Grande do Sul; O Apoio como estrat\u00e9gia de coletivos de trabalho; O Apoio Institucional no munic\u00edpio de Vit\u00f3ria, Esp\u00edrito Santo; Projeto Apoiadores Regionais do Cosems RJ - Apoio Institucional \u00e0s gest\u00f5es municipais de sa\u00fade do Estado do Rio de Janeiro; Entre o real e o poss\u00edvel: tecendo a RAPS que desejamos a partir da sa\u00fade mental que temos; A viv\u00eancia do Apoio Institucional na Secretaria Municipal de Sa\u00fade de Rio Branco, Acre; A dor e o prazer de coordenar um grupo de trabalho do HumanizaSUS; Programa \"acolhimento, vinculo e responsabiliza\u00e7\u00e3o\u201d; Oficinas do Hospital Giselda Trigueiro na RAPS: Apoio para cl\u00ednica ampliada em rede integrada; e Apoio em rede virtual: a RedehumanizaSUS conectando possibilidades.Visitas a campo come\u00e7aram a ser realizadas em agosto do ano passado, para conhecer de perto o cotidiano destes profissionais. Para o registro das experi\u00eancias e saberes gerados ao longo do trabalho, sobretudo durante as visitas a campo, a pesquisa conta com a plataforma EnsinaSUS, um banco de dados colaborativo que permite o compartilhamento de informa\u00e7\u00f5es entres os pesquisadores do Lappis. A partir deste material, a pesquisa visa compreender os diversos contextos e especificidades locais e regionais do territ\u00f3rio nacional; os desafios concernentes aos objetos espec\u00edficos da programa\u00e7\u00e3o e das estrat\u00e9gias das pol\u00edticas de sa\u00fade; a materializa\u00e7\u00e3o da integralidade do cuidado como condi\u00e7\u00e3o de efetiva\u00e7\u00e3o do direito humano \u00e0 sa\u00fade; e a rela\u00e7\u00e3o entre integralidade e apoio como eixo orientador das atividades e a\u00e7\u00f5es, que permite aproximar as diferentes \u00e1reas program\u00e1ticas e a gest\u00e3o das pol\u00edticas de sa\u00fade.Agora, a iniciativa entra na etapa das reuni\u00f5es devolutivas, isto \u00e9, de retorno dos resultados aos pesquisados. A primeira etapa do trabalho, que ser\u00e1 realizada de maio a agosto, contemplar\u00e1 as experi\u00eancias de Bras\u00edlia, Palmeira das Miss\u00f5es, Vit\u00f3ria, Natal e Rio de Janeiro. Os encontros ser\u00e3o registrados em video e o material ser\u00e1 apresentado no m\u00eas de outubro, durante o XIV Semin\u00e1rio Internacional do Projeto Integralidade: Saberes&nbsp; e Pr\u00e1ticas no Cotidiano das Institui\u00e7\u00f5es de Sa\u00fade, promovido pelo Lappis em parceria com o Instituto de Investigaciones Gino Germani, da Universidade de Buenos Aires.A Pesquisa ApoioDesenvolvida pelo Lappis, em parceria com o Departamento de A\u00e7\u00f5es Program\u00e1ticas Estrat\u00e9gicas da Secretaria de Aten\u00e7\u00e3o \u00e0 Sa\u00fade do Minist\u00e9rio da Sa\u00fade (DAPES\/MS), apesquisa \u201c\u00c1reas Program\u00e1ticas e direito \u00e0 sa\u00fade: constru\u00e7\u00e3o da integralidade no contexto do apoio institucional\u201d quer conhecer e mapear atividades de apoio, mobiliza\u00e7\u00e3o, articula\u00e7\u00e3o, interlocu\u00e7\u00e3o e media\u00e7\u00e3o no \u00e2mbito do Sistema \u00danico de Sa\u00fade (SUS), para tentar conhecer melhor o trabalho do apoiador no territ\u00f3rio nacional e buscar uma compreens\u00e3o dos mecanismos de inser\u00e7\u00e3o do apoio. Para a tabula\u00e7\u00e3o desses dados, a pesquisa ir\u00e1 considerar aspectos como especificidades locais e regionais, desafios da realiza\u00e7\u00e3o do trabalho, garantia do direito humano \u00e0 sa\u00fade e a rela\u00e7\u00e3o entre integralidade e apoio como eixo orientador das atividades e a\u00e7\u00f5es, aproximando as diferentes \u00e1reas program\u00e1ticas e a gest\u00e3o das pol\u00edticas de sa\u00fade.Pesquisa Apoio prepara devolutivas de resultadosComo a estrat\u00e9gia do Minist\u00e9rio da Sa\u00fade de trabalhar com apoiadores institucionais, em curso desde 2003, vem contribuindo para a efetiva\u00e7\u00e3o da integralidade no Sistema \u00danico de Sa\u00fade (SUS)? Quem s\u00e3o os profissionais que assumem o papel de apoiador institucional, quais s\u00e3o as suas pr\u00e1ticas de trabalho e quais os conhecimentos e saberes gerados neste contexto? Essas s\u00e3o algumas das quest\u00f5es que apesquisa \"\u00c1reas Program\u00e1ticas e direito \u00e0 sa\u00fade: constru\u00e7\u00e3o da integralidade no contexto do apoio institucional\u201d \u2013 desenvolvida pelo Lappis, em parceria com o Departamento de A\u00e7\u00f5es Program\u00e1ticas Estrat\u00e9gicas da Secretaria de Aten\u00e7\u00e3o \u00e0 Sa\u00fade do Minist\u00e9rio da Sa\u00fade \u2013 &nbsp;busca responder.A proposta \u00e9 conhecer as experi\u00eancias de apoio institucional no cotidiano dos servi\u00e7os de sa\u00fade do Brasil e avaliar a sua rela\u00e7\u00e3o com os princ\u00edpios e diretrizes do SUS,a garantia do direito social integral \u00e0 sa\u00fade e a democratiza\u00e7\u00e3o das rela\u00e7\u00f5es institucionais no \u00e2mbito do sistema p\u00fablico de sa\u00fade. E, tamb\u00e9m, promover uma maior transversalidade entre as \u00e1reas program\u00e1ticas e estrat\u00e9gicas do Minist\u00e9rio da Sa\u00fade, para que as ofertas \u00e0s demandas espec\u00edficas por cuidado em sa\u00fade sejam elaboradas a partir do princ\u00edpio da integralidade.Desde 2012, a iniciativa vem realizando oficinas com apoiadores institucionais em todo o pa\u00eds. Em mar\u00e7o de 2013, teve in\u00edcio a etapa de mapeamento do apoio, com o lan\u00e7amento da convocat\u00f3ria para relato de experi\u00eancias, durante o simp\u00f3sio nacional \"\u00c1reas Program\u00e1ticas, Direito \u00e0 Sa\u00fade e Apoio no SUS\u201d.Em julho, onze experi\u00eancias foram selecionadas para sistematiza\u00e7\u00e3o: A viv\u00eancia multiprofissional relacionada a um grupo de trabalho em sa\u00fade no munic\u00edpio de Santa Maria, Rio Grande do Sul; Apoio para forma\u00e7\u00e3o de redes de sa\u00fade em Palmeira das Miss\u00f5es e na 15\u00aa Coordenadoria Regional de Sa\u00fade do Rio Grande do Sul; O Apoio como estrat\u00e9gia de coletivos de trabalho; O Apoio Institucional no munic\u00edpio de Vit\u00f3ria, Esp\u00edrito Santo; Projeto Apoiadores Regionais do Cosems RJ - Apoio Institucional \u00e0s gest\u00f5es municipais de sa\u00fade do Estado do Rio de Janeiro; Entre o real e o poss\u00edvel: tecendo a RAPS que desejamos a partir da sa\u00fade mental que temos; A viv\u00eancia do Apoio Institucional na Secretaria Municipal de Sa\u00fade de Rio Branco, Acre; A dor e o prazer de coordenar um grupo de trabalho do HumanizaSUS; Programa \"acolhimento, vinculo e responsabiliza\u00e7\u00e3o\u201d; Oficinas do Hospital Giselda Trigueiro na RAPS: Apoio para cl\u00ednica ampliada em rede integrada; e Apoio em rede virtual: a RedehumanizaSUS conectando possibilidades.Visitas a campo come\u00e7aram a ser realizadas em agosto do ano passado, para conhecer de perto o cotidiano destes profissionais. Para o registro das experi\u00eancias e saberes gerados ao longo do trabalho, sobretudo durante as visitas a campo, a pesquisa conta com a plataforma EnsinaSUS, um banco de dados colaborativo que permite o compartilhamento de informa\u00e7\u00f5es entres os pesquisadores do Lappis. A partir deste material, a pesquisa visa compreender os diversos contextos e especificidades locais e regionais do territ\u00f3rio nacional; os desafios concernentes aos objetos espec\u00edficos da programa\u00e7\u00e3o e das estrat\u00e9gias das pol\u00edticas de sa\u00fade; a materializa\u00e7\u00e3o da integralidade do cuidado como condi\u00e7\u00e3o de efetiva\u00e7\u00e3o do direito humano \u00e0 sa\u00fade; e a rela\u00e7\u00e3o entre integralidade e apoio como eixo orientador das atividades e a\u00e7\u00f5es, que permite aproximar as diferentes \u00e1reas program\u00e1ticas e a gest\u00e3o das pol\u00edticas de sa\u00fade.Agora, a iniciativa entra na etapa das reuni\u00f5es devolutivas, isto \u00e9, de retorno dos resultados aos pesquisados. A primeira etapa do trabalho, que ser\u00e1 realizada de maio a agosto, contemplar\u00e1 as experi\u00eancias de Bras\u00edlia, Palmeira das Miss\u00f5es, Vit\u00f3ria, Natal e Rio de Janeiro. Os encontros ser\u00e3o registrados em video e o material ser\u00e1 apresentado no m\u00eas de outubro, durante o XIV Semin\u00e1rio Internacional do Projeto Integralidade: Saberes&nbsp; e Pr\u00e1ticas no Cotidiano das Institui\u00e7\u00f5es de Sa\u00fade, promovido pelo Lappis em parceria com o Instituto de Investigaciones Gino Germani, da Universidade de Buenos Aires.A Pesquisa ApoioDesenvolvida pelo Lappis, em parceria com o Departamento de A\u00e7\u00f5es Program\u00e1ticas Estrat\u00e9gicas da Secretaria de Aten\u00e7\u00e3o \u00e0 Sa\u00fade do Minist\u00e9rio da Sa\u00fade (DAPES\/MS), apesquisa \u201c\u00c1reas Program\u00e1ticas e direito \u00e0 sa\u00fade: constru\u00e7\u00e3o da integralidade no contexto do apoio institucional\u201d quer conhecer e mapear atividades de apoio, mobiliza\u00e7\u00e3o, articula\u00e7\u00e3o, interlocu\u00e7\u00e3o e media\u00e7\u00e3o no \u00e2mbito do Sistema \u00danico de Sa\u00fade (SUS), para tentar conhecer melhor o trabalho do apoiador no territ\u00f3rio nacional e buscar uma compreens\u00e3o dos mecanismos de inser\u00e7\u00e3o do apoio. Para a tabula\u00e7\u00e3o desses dados, a pesquisa ir\u00e1 considerar aspectos como especificidades locais e regionais, desafios da realiza\u00e7\u00e3o do trabalho, garantia do direito humano \u00e0 sa\u00fade e a rela\u00e7\u00e3o entre integralidade e apoio como eixo orientador das atividades e a\u00e7\u00f5es, aproximando as diferentes \u00e1reas program\u00e1ticas e a gest\u00e3o das pol\u00edticas de sa\u00fade. [...]","og_url":"https:\/\/lappis.org.br\/site\/pesquisa-apoio-prepara-devolutivas-de-resultados\/2865","og_site_name":"Lappis 25 anos","article_published_time":"2014-04-21T22:34:10+00:00","og_image":[{"width":467,"height":350,"url":"https:\/\/lappis.org.br\/site\/wp-content\/uploads\/2014\/04\/ABERTURA.JPG","type":"image\/jpeg"}],"author":"fw2","twitter_card":"summary_large_image","twitter_misc":{"Escrito por":"fw2","Est. tempo de leitura":"9 minutos"},"schema":{"@context":"https:\/\/schema.org","@graph":[{"@type":"Article","@id":"https:\/\/lappis.org.br\/site\/pesquisa-apoio-prepara-devolutivas-de-resultados\/2865#article","isPartOf":{"@id":"https:\/\/lappis.org.br\/site\/pesquisa-apoio-prepara-devolutivas-de-resultados\/2865"},"author":{"name":"fw2","@id":"https:\/\/lappis.org.br\/site\/#\/schema\/person\/3852381d08284b5e2716b20bd89bdbcf"},"headline":"Pesquisa Apoio prepara devolutivas de resultados","datePublished":"2014-04-21T22:34:10+00:00","mainEntityOfPage":{"@id":"https:\/\/lappis.org.br\/site\/pesquisa-apoio-prepara-devolutivas-de-resultados\/2865"},"wordCount":1760,"commentCount":0,"publisher":{"@id":"https:\/\/lappis.org.br\/site\/#organization"},"image":{"@id":"https:\/\/lappis.org.br\/site\/pesquisa-apoio-prepara-devolutivas-de-resultados\/2865#primaryimage"},"thumbnailUrl":"https:\/\/lappis.org.br\/site\/wp-content\/uploads\/2014\/04\/ABERTURA.JPG","articleSection":["N\u00e3o Destacado"],"inLanguage":"pt-BR","potentialAction":[{"@type":"CommentAction","name":"Comment","target":["https:\/\/lappis.org.br\/site\/pesquisa-apoio-prepara-devolutivas-de-resultados\/2865#respond"]}]},{"@type":"WebPage","@id":"https:\/\/lappis.org.br\/site\/pesquisa-apoio-prepara-devolutivas-de-resultados\/2865","url":"https:\/\/lappis.org.br\/site\/pesquisa-apoio-prepara-devolutivas-de-resultados\/2865","name":"Pesquisa Apoio prepara devolutivas de resultados - Lappis 25 anos","isPartOf":{"@id":"https:\/\/lappis.org.br\/site\/#website"},"primaryImageOfPage":{"@id":"https:\/\/lappis.org.br\/site\/pesquisa-apoio-prepara-devolutivas-de-resultados\/2865#primaryimage"},"image":{"@id":"https:\/\/lappis.org.br\/site\/pesquisa-apoio-prepara-devolutivas-de-resultados\/2865#primaryimage"},"thumbnailUrl":"https:\/\/lappis.org.br\/site\/wp-content\/uploads\/2014\/04\/ABERTURA.JPG","datePublished":"2014-04-21T22:34:10+00:00","breadcrumb":{"@id":"https:\/\/lappis.org.br\/site\/pesquisa-apoio-prepara-devolutivas-de-resultados\/2865#breadcrumb"},"inLanguage":"pt-BR","potentialAction":[{"@type":"ReadAction","target":["https:\/\/lappis.org.br\/site\/pesquisa-apoio-prepara-devolutivas-de-resultados\/2865"]}]},{"@type":"ImageObject","inLanguage":"pt-BR","@id":"https:\/\/lappis.org.br\/site\/pesquisa-apoio-prepara-devolutivas-de-resultados\/2865#primaryimage","url":"https:\/\/lappis.org.br\/site\/wp-content\/uploads\/2014\/04\/ABERTURA.JPG","contentUrl":"https:\/\/lappis.org.br\/site\/wp-content\/uploads\/2014\/04\/ABERTURA.JPG","width":467,"height":350},{"@type":"BreadcrumbList","@id":"https:\/\/lappis.org.br\/site\/pesquisa-apoio-prepara-devolutivas-de-resultados\/2865#breadcrumb","itemListElement":[{"@type":"ListItem","position":1,"name":"In\u00edcio","item":"https:\/\/lappis.org.br\/site\/"},{"@type":"ListItem","position":2,"name":"Pesquisa Apoio prepara devolutivas de resultados"}]},{"@type":"WebSite","@id":"https:\/\/lappis.org.br\/site\/#website","url":"https:\/\/lappis.org.br\/site\/","name":"Lappis 25 anos","description":"Labotat\u00f3rio de Pesquisas sobre Pr\u00e1ticas de Integralidade em Sa\u00fade","publisher":{"@id":"https:\/\/lappis.org.br\/site\/#organization"},"potentialAction":[{"@type":"SearchAction","target":{"@type":"EntryPoint","urlTemplate":"https:\/\/lappis.org.br\/site\/?s={search_term_string}"},"query-input":{"@type":"PropertyValueSpecification","valueRequired":true,"valueName":"search_term_string"}}],"inLanguage":"pt-BR"},{"@type":"Organization","@id":"https:\/\/lappis.org.br\/site\/#organization","name":"Lappis 25 anos","url":"https:\/\/lappis.org.br\/site\/","logo":{"@type":"ImageObject","inLanguage":"pt-BR","@id":"https:\/\/lappis.org.br\/site\/#\/schema\/logo\/image\/","url":"https:\/\/lappis.org.br\/site\/wp-content\/uploads\/2025\/03\/logo-lappis25anos.png","contentUrl":"https:\/\/lappis.org.br\/site\/wp-content\/uploads\/2025\/03\/logo-lappis25anos.png","width":388,"height":146,"caption":"Lappis 25 anos"},"image":{"@id":"https:\/\/lappis.org.br\/site\/#\/schema\/logo\/image\/"}},{"@type":"Person","@id":"https:\/\/lappis.org.br\/site\/#\/schema\/person\/3852381d08284b5e2716b20bd89bdbcf","name":"fw2","image":{"@type":"ImageObject","inLanguage":"pt-BR","@id":"https:\/\/lappis.org.br\/site\/#\/schema\/person\/image\/","url":"https:\/\/secure.gravatar.com\/avatar\/c38472c0cdbde82d9b6fcc26adb3779d?s=96&d=mm&r=g","contentUrl":"https:\/\/secure.gravatar.com\/avatar\/c38472c0cdbde82d9b6fcc26adb3779d?s=96&d=mm&r=g","caption":"fw2"},"url":"https:\/\/lappis.org.br\/site\/author\/fw2"}]}},"jetpack_featured_media_url":"https:\/\/lappis.org.br\/site\/wp-content\/uploads\/2014\/04\/ABERTURA.JPG","jetpack_shortlink":"https:\/\/wp.me\/p954Nh-Kd","jetpack_sharing_enabled":true,"_links":{"self":[{"href":"https:\/\/lappis.org.br\/site\/wp-json\/wp\/v2\/posts\/2865"}],"collection":[{"href":"https:\/\/lappis.org.br\/site\/wp-json\/wp\/v2\/posts"}],"about":[{"href":"https:\/\/lappis.org.br\/site\/wp-json\/wp\/v2\/types\/post"}],"author":[{"embeddable":true,"href":"https:\/\/lappis.org.br\/site\/wp-json\/wp\/v2\/users\/1"}],"replies":[{"embeddable":true,"href":"https:\/\/lappis.org.br\/site\/wp-json\/wp\/v2\/comments?post=2865"}],"version-history":[{"count":0,"href":"https:\/\/lappis.org.br\/site\/wp-json\/wp\/v2\/posts\/2865\/revisions"}],"wp:featuredmedia":[{"embeddable":true,"href":"https:\/\/lappis.org.br\/site\/wp-json\/wp\/v2\/media\/2864"}],"wp:attachment":[{"href":"https:\/\/lappis.org.br\/site\/wp-json\/wp\/v2\/media?parent=2865"}],"wp:term":[{"taxonomy":"category","embeddable":true,"href":"https:\/\/lappis.org.br\/site\/wp-json\/wp\/v2\/categories?post=2865"},{"taxonomy":"post_tag","embeddable":true,"href":"https:\/\/lappis.org.br\/site\/wp-json\/wp\/v2\/tags?post=2865"}],"curies":[{"name":"wp","href":"https:\/\/api.w.org\/{rel}","templated":true}]}}