{"id":2853,"date":"2014-03-20T19:18:31","date_gmt":"2014-03-20T22:18:31","guid":{"rendered":"http:\/\/lappis.org.br\/site\/2014\/03\/20\/integralidade-em-saude-e-novo-descritor-na-atualizacao-2014-do-decs\/"},"modified":"2014-03-20T19:18:31","modified_gmt":"2014-03-20T22:18:31","slug":"integralidade-em-saude-e-novo-descritor-na-atualizacao-2014-do-decs","status":"publish","type":"post","link":"https:\/\/lappis.org.br\/site\/integralidade-em-saude-e-novo-descritor-na-atualizacao-2014-do-decs\/2853","title":{"rendered":"Integralidade em Sa\u00fade \u00e9 novo descritor na atualiza\u00e7\u00e3o 2014 do DeCS"},"content":{"rendered":"<p> \tAp&oacute;s quatro anos de trabalho coletivo da BVS &#8211; Integralidade em Sa&uacute;de, LAPPIS \/ IMS \/ UERJ e ICICT &ndash; FIOCRUZ, pela BVS Fiocruz e Rede de Bibliotecas Fiocruz, o termo&nbsp; Integralidade em Sa&uacute;de &nbsp;&eacute; inclu&iacute;do como descritor na vers&atilde;o 2014 dos Descritores em Ci&ecirc;ncias da Sa&uacute;de (DeCS), atualizados anualmente pela BIREME\/OPAS\/OMS como a&ccedil;&atilde;o coordenada pela ger&ecirc;ncia AFI.<\/p>\n<div> \t  <\/div>\n<div> \t&nbsp;<\/div>\n<p> \t<img fetchpriority=\"high\" decoding=\"async\" data-attachment-id=\"2852\" data-permalink=\"https:\/\/lappis.org.br\/site\/integralidade-em-saude-e-novo-descritor-na-atualizacao-2014-do-decs\/2853\/attachment-reuniao-bvs\" data-orig-file=\"https:\/\/lappis.org.br\/site\/wp-content\/uploads\/2014\/03\/reuniao bvs.jpg\" data-orig-size=\"420,226\" data-comments-opened=\"1\" data-image-meta=\"{&quot;aperture&quot;:&quot;0&quot;,&quot;credit&quot;:&quot;Lappis&quot;,&quot;camera&quot;:&quot;&quot;,&quot;caption&quot;:&quot;&quot;,&quot;created_timestamp&quot;:&quot;1381935835&quot;,&quot;copyright&quot;:&quot;&quot;,&quot;focal_length&quot;:&quot;0&quot;,&quot;iso&quot;:&quot;0&quot;,&quot;shutter_speed&quot;:&quot;0&quot;,&quot;title&quot;:&quot;&quot;,&quot;orientation&quot;:&quot;0&quot;}\" data-image-title=\"reuniao bvs\" data-image-description=\"\" data-image-caption=\"\" data-medium-file=\"https:\/\/lappis.org.br\/site\/wp-content\/uploads\/2014\/03\/reuniao bvs-300x161.jpg\" data-large-file=\"https:\/\/lappis.org.br\/site\/wp-content\/uploads\/2014\/03\/reuniao bvs.jpg\" class=\" alignleft size-full wp-image-2852\" alt=\"\" src=\"http:\/\/lappis.org.br\/site\/wp-content\/uploads\/2014\/03\/reuniao%20bvs.jpg\" style=\"height: 226px; width: 420px; float: left;\" width=\"420\" height=\"226\" \/><\/p>\n<div> \tO DeCS inclui as vers&otilde;es em ingl&ecirc;s, espanhol e portugu&ecirc;s do vocabul&aacute;rio Medical Subject Headings (MeSH), produzido pela National Library of Medicine (NLM), acrescido de categorias que englobam &aacute;reas tem&aacute;ticas que atendem &agrave;s demandas da Am&eacute;rica Latina e Caribe.<\/div>\n<p> \t&nbsp;<\/p>\n<p> \tO DeCS permite que a mesma terminologia seja utilizada para recuperar informa&ccedil;&atilde;o na &aacute;rea da sa&uacute;de nos tr&ecirc;s idiomas, sendo usado na inO DeCS permite que a mesma terminologia seja utilizada para recuperar informa&ccedil;&atilde;o na &aacute;rea da sa&uacute;de nos tr&ecirc;s idiomas, sendo usado na indexa&ccedil;&atilde;o de refer&ecirc;ncias bibliogr&aacute;ficas cient&iacute;ficas e t&eacute;cnicas em sa&uacute;de. Os descritores permitem, assim, a busca e recupera&ccedil;&atilde;o da literatura cient&iacute;fica em bases de dados como LILACS e MEDLINE na BVS. No DeCS 2014, foram inclu&iacute;do dois descritores: Integralidade em Sa&uacute;de e Classifica&ccedil;&atilde;o Internacional de Aten&ccedil;&atilde;o Prim&aacute;ria<br \/> \t&ldquo;Nos 14 anos do Projeto Integralidade em Sa&uacute;de e oito anos de constru&ccedil;&atilde;o da BVS-Integralidade, conseguimos compor um grupo incans&aacute;vel na ado&ccedil;&atilde;o de v&aacute;rias estrat&eacute;gias de integra&ccedil;&atilde;o, dissemina&ccedil;&atilde;o, divulga&ccedil;&atilde;o e difus&atilde;o do conhecimento cient&iacute;fico e tecnol&oacute;gico produzido pelo LAPPIS com sua rede de parcerias, para a inclus&atilde;o do descritor Integralidade em Sa&uacute;de no DECS 2014. Penso que a realiza&ccedil;&atilde;o do I Minicongresso da BVS Integralidade, realizado em 2013, foi decisivo para chegarmos a esse resultado. Entendo que o nosso Grupo de Pesquisa do CNPq LAPPIS tem essa responsabilidade vic&aacute;ria com a democratiza&ccedil;&atilde;o do acesso aos conhecimentos emergentes e inovadores no campo da Sa&uacute;de Coletiva. A Rede Multic&ecirc;ntrica de Pesquisa Incubadora da Integralidade em Sa&uacute;de se configurou como uma estrat&eacute;gia acertada e coerente com a gest&atilde;o de conhecimento do campo. Destaco que o maior desafio enfrentado foi buscar garantir &agrave; rede de bibliotecas cooperantes alimenta&ccedil;&atilde;o adequada da nossa BVS; isto significou investir pesadamente na qualifica&ccedil;&atilde;o das bibliotec&aacute;rias e do conselhos consultivo, em nosso horizonte &eacute;tico-politico-educativo. A cria&ccedil;&atilde;o do selo &ldquo;BVS integralidade T&ocirc; dentro&rdquo; tamb&eacute;m foi importante, pois alavancou processos dial&oacute;gicos interessantes. Entretanto, penso que o maior obst&aacute;culo &eacute; a incompreens&atilde;o dos gestores de informa&ccedil;&atilde;o, de conhecimento, acerca do que seja trabalhar em rede e entre redes, no caso da gest&atilde;o do conhecimento. Minha gratid&atilde;o profunda &agrave; minha institui&ccedil;&atilde;o, IMS-UERJ, &agrave; Rede Sirius da UERJ, aos Conselhos Consultivo e Executivo da BVS Integralidade em Sa&uacute;de, ao valioso parceiro ICICT\/FIOCRUZ, &agrave;s companheiras Luciana e F&aacute;tima, &agrave; BIREME e &agrave; OPAS&rdquo;, declara Roseni Pinheiro.<br \/> \t&nbsp;<\/p>\n","protected":false},"excerpt":{"rendered":"<div class=\"mh-excerpt\"><p> \tAp&oacute;s quatro anos de trabalho coletivo da BVS &#8211; Integralidade em Sa&uacute;de, LAPPIS \/ IMS \/ UERJ e ICICT &ndash; FIOCRUZ, pela BVS Fiocruz e Rede de Bibliotecas Fiocruz, o termo&nbsp; Integralidade em Sa&uacute;de &nbsp;&eacute; inclu&iacute;do como descritor na vers&atilde;o 2014 dos Descritores em Ci&ecirc;ncias da Sa&uacute;de (DeCS), atualizados anualmente pela BIREME\/OPAS\/OMS como a&ccedil;&atilde;o coordenada pela ger&ecirc;ncia AFI.<\/p>\n<div> \t <a class=\"mh-excerpt-more\" href=\"https:\/\/lappis.org.br\/site\/integralidade-em-saude-e-novo-descritor-na-atualizacao-2014-do-decs\/2853\" title=\"Integralidade em Sa\u00fade \u00e9 novo descritor na atualiza\u00e7\u00e3o 2014 do DeCS\">[&#8230;]<\/a><\/p>\n<\/div>","protected":false},"author":1,"featured_media":2852,"comment_status":"open","ping_status":"open","sticky":false,"template":"","format":"standard","meta":{"_acf_changed":false,"_exactmetrics_skip_tracking":false,"_exactmetrics_sitenote_active":false,"_exactmetrics_sitenote_note":"","_exactmetrics_sitenote_category":0,"jetpack_post_was_ever_published":false,"_jetpack_newsletter_access":"","_jetpack_dont_email_post_to_subs":false,"_jetpack_newsletter_tier_id":0,"_jetpack_memberships_contains_paywalled_content":false,"_jetpack_memberships_contains_paid_content":false,"footnotes":"","jetpack_publicize_message":"","jetpack_publicize_feature_enabled":true,"jetpack_social_post_already_shared":false,"jetpack_social_options":{"image_generator_settings":{"template":"highway","enabled":false},"version":2}},"categories":[8],"tags":[],"class_list":{"0":"post-2853","1":"post","2":"type-post","3":"status-publish","4":"format-standard","5":"has-post-thumbnail","7":"category-noticia"},"jetpack_publicize_connections":[],"acf":[],"yoast_head":"<!-- This site is optimized with the Yoast SEO plugin v25.2 - https:\/\/yoast.com\/wordpress\/plugins\/seo\/ -->\n<title>Integralidade em Sa\u00fade \u00e9 novo descritor na atualiza\u00e7\u00e3o 2014 do DeCS - Lappis 25 anos<\/title>\n<meta name=\"robots\" content=\"index, follow, max-snippet:-1, max-image-preview:large, max-video-preview:-1\" \/>\n<link rel=\"canonical\" href=\"https:\/\/lappis.org.br\/site\/integralidade-em-saude-e-novo-descritor-na-atualizacao-2014-do-decs\/2853\" \/>\n<meta property=\"og:locale\" content=\"pt_BR\" \/>\n<meta property=\"og:type\" content=\"article\" \/>\n<meta property=\"og:title\" content=\"Integralidade em Sa\u00fade \u00e9 novo descritor na atualiza\u00e7\u00e3o 2014 do DeCS - Lappis 25 anos\" \/>\n<meta property=\"og:description\" content=\"Ap&oacute;s quatro anos de trabalho coletivo da BVS - Integralidade em Sa&uacute;de, LAPPIS \/ IMS \/ UERJ e ICICT &ndash; FIOCRUZ, pela BVS Fiocruz e Rede de Bibliotecas Fiocruz, o termo&nbsp; Integralidade em Sa&uacute;de &nbsp;&eacute; inclu&iacute;do como descritor na vers&atilde;o 2014 dos Descritores em Ci&ecirc;ncias da Sa&uacute;de (DeCS), atualizados anualmente pela BIREME\/OPAS\/OMS como a&ccedil;&atilde;o coordenada pela ger&ecirc;ncia AFI.   [...]\" \/>\n<meta property=\"og:url\" content=\"https:\/\/lappis.org.br\/site\/integralidade-em-saude-e-novo-descritor-na-atualizacao-2014-do-decs\/2853\" \/>\n<meta property=\"og:site_name\" content=\"Lappis 25 anos\" \/>\n<meta property=\"article:published_time\" content=\"2014-03-20T22:18:31+00:00\" \/>\n<meta property=\"og:image\" content=\"https:\/\/lappis.org.br\/site\/wp-content\/uploads\/2014\/03\/reuniao%20bvs.jpg\" \/>\n\t<meta property=\"og:image:width\" content=\"420\" \/>\n\t<meta property=\"og:image:height\" content=\"226\" \/>\n\t<meta property=\"og:image:type\" content=\"image\/jpeg\" \/>\n<meta name=\"author\" content=\"fw2\" \/>\n<meta name=\"twitter:card\" content=\"summary_large_image\" \/>\n<meta name=\"twitter:label1\" content=\"Escrito por\" \/>\n\t<meta name=\"twitter:data1\" content=\"fw2\" \/>\n\t<meta name=\"twitter:label2\" content=\"Est. tempo de leitura\" \/>\n\t<meta name=\"twitter:data2\" content=\"3 minutos\" \/>\n<script type=\"application\/ld+json\" class=\"yoast-schema-graph\">{\"@context\":\"https:\/\/schema.org\",\"@graph\":[{\"@type\":\"Article\",\"@id\":\"https:\/\/lappis.org.br\/site\/integralidade-em-saude-e-novo-descritor-na-atualizacao-2014-do-decs\/2853#article\",\"isPartOf\":{\"@id\":\"https:\/\/lappis.org.br\/site\/integralidade-em-saude-e-novo-descritor-na-atualizacao-2014-do-decs\/2853\"},\"author\":{\"name\":\"fw2\",\"@id\":\"https:\/\/lappis.org.br\/site\/#\/schema\/person\/3852381d08284b5e2716b20bd89bdbcf\"},\"headline\":\"Integralidade em Sa\u00fade \u00e9 novo descritor na atualiza\u00e7\u00e3o 2014 do DeCS\",\"datePublished\":\"2014-03-20T22:18:31+00:00\",\"mainEntityOfPage\":{\"@id\":\"https:\/\/lappis.org.br\/site\/integralidade-em-saude-e-novo-descritor-na-atualizacao-2014-do-decs\/2853\"},\"wordCount\":619,\"commentCount\":0,\"publisher\":{\"@id\":\"https:\/\/lappis.org.br\/site\/#organization\"},\"image\":{\"@id\":\"https:\/\/lappis.org.br\/site\/integralidade-em-saude-e-novo-descritor-na-atualizacao-2014-do-decs\/2853#primaryimage\"},\"thumbnailUrl\":\"https:\/\/lappis.org.br\/site\/wp-content\/uploads\/2014\/03\/reuniao bvs.jpg\",\"articleSection\":[\"Not\u00edcia\"],\"inLanguage\":\"pt-BR\",\"potentialAction\":[{\"@type\":\"CommentAction\",\"name\":\"Comment\",\"target\":[\"https:\/\/lappis.org.br\/site\/integralidade-em-saude-e-novo-descritor-na-atualizacao-2014-do-decs\/2853#respond\"]}]},{\"@type\":\"WebPage\",\"@id\":\"https:\/\/lappis.org.br\/site\/integralidade-em-saude-e-novo-descritor-na-atualizacao-2014-do-decs\/2853\",\"url\":\"https:\/\/lappis.org.br\/site\/integralidade-em-saude-e-novo-descritor-na-atualizacao-2014-do-decs\/2853\",\"name\":\"Integralidade em Sa\u00fade \u00e9 novo descritor na atualiza\u00e7\u00e3o 2014 do DeCS - Lappis 25 anos\",\"isPartOf\":{\"@id\":\"https:\/\/lappis.org.br\/site\/#website\"},\"primaryImageOfPage\":{\"@id\":\"https:\/\/lappis.org.br\/site\/integralidade-em-saude-e-novo-descritor-na-atualizacao-2014-do-decs\/2853#primaryimage\"},\"image\":{\"@id\":\"https:\/\/lappis.org.br\/site\/integralidade-em-saude-e-novo-descritor-na-atualizacao-2014-do-decs\/2853#primaryimage\"},\"thumbnailUrl\":\"https:\/\/lappis.org.br\/site\/wp-content\/uploads\/2014\/03\/reuniao bvs.jpg\",\"datePublished\":\"2014-03-20T22:18:31+00:00\",\"breadcrumb\":{\"@id\":\"https:\/\/lappis.org.br\/site\/integralidade-em-saude-e-novo-descritor-na-atualizacao-2014-do-decs\/2853#breadcrumb\"},\"inLanguage\":\"pt-BR\",\"potentialAction\":[{\"@type\":\"ReadAction\",\"target\":[\"https:\/\/lappis.org.br\/site\/integralidade-em-saude-e-novo-descritor-na-atualizacao-2014-do-decs\/2853\"]}]},{\"@type\":\"ImageObject\",\"inLanguage\":\"pt-BR\",\"@id\":\"https:\/\/lappis.org.br\/site\/integralidade-em-saude-e-novo-descritor-na-atualizacao-2014-do-decs\/2853#primaryimage\",\"url\":\"https:\/\/lappis.org.br\/site\/wp-content\/uploads\/2014\/03\/reuniao bvs.jpg\",\"contentUrl\":\"https:\/\/lappis.org.br\/site\/wp-content\/uploads\/2014\/03\/reuniao bvs.jpg\",\"width\":420,\"height\":226},{\"@type\":\"BreadcrumbList\",\"@id\":\"https:\/\/lappis.org.br\/site\/integralidade-em-saude-e-novo-descritor-na-atualizacao-2014-do-decs\/2853#breadcrumb\",\"itemListElement\":[{\"@type\":\"ListItem\",\"position\":1,\"name\":\"In\u00edcio\",\"item\":\"https:\/\/lappis.org.br\/site\/\"},{\"@type\":\"ListItem\",\"position\":2,\"name\":\"Integralidade em Sa\u00fade \u00e9 novo descritor na atualiza\u00e7\u00e3o 2014 do DeCS\"}]},{\"@type\":\"WebSite\",\"@id\":\"https:\/\/lappis.org.br\/site\/#website\",\"url\":\"https:\/\/lappis.org.br\/site\/\",\"name\":\"Lappis 25 anos\",\"description\":\"Labotat\u00f3rio de Pesquisas sobre Pr\u00e1ticas de Integralidade em Sa\u00fade\",\"publisher\":{\"@id\":\"https:\/\/lappis.org.br\/site\/#organization\"},\"potentialAction\":[{\"@type\":\"SearchAction\",\"target\":{\"@type\":\"EntryPoint\",\"urlTemplate\":\"https:\/\/lappis.org.br\/site\/?s={search_term_string}\"},\"query-input\":{\"@type\":\"PropertyValueSpecification\",\"valueRequired\":true,\"valueName\":\"search_term_string\"}}],\"inLanguage\":\"pt-BR\"},{\"@type\":\"Organization\",\"@id\":\"https:\/\/lappis.org.br\/site\/#organization\",\"name\":\"Lappis 25 anos\",\"url\":\"https:\/\/lappis.org.br\/site\/\",\"logo\":{\"@type\":\"ImageObject\",\"inLanguage\":\"pt-BR\",\"@id\":\"https:\/\/lappis.org.br\/site\/#\/schema\/logo\/image\/\",\"url\":\"https:\/\/lappis.org.br\/site\/wp-content\/uploads\/2025\/03\/logo-lappis25anos.png\",\"contentUrl\":\"https:\/\/lappis.org.br\/site\/wp-content\/uploads\/2025\/03\/logo-lappis25anos.png\",\"width\":388,\"height\":146,\"caption\":\"Lappis 25 anos\"},\"image\":{\"@id\":\"https:\/\/lappis.org.br\/site\/#\/schema\/logo\/image\/\"}},{\"@type\":\"Person\",\"@id\":\"https:\/\/lappis.org.br\/site\/#\/schema\/person\/3852381d08284b5e2716b20bd89bdbcf\",\"name\":\"fw2\",\"image\":{\"@type\":\"ImageObject\",\"inLanguage\":\"pt-BR\",\"@id\":\"https:\/\/lappis.org.br\/site\/#\/schema\/person\/image\/\",\"url\":\"https:\/\/secure.gravatar.com\/avatar\/c38472c0cdbde82d9b6fcc26adb3779d?s=96&d=mm&r=g\",\"contentUrl\":\"https:\/\/secure.gravatar.com\/avatar\/c38472c0cdbde82d9b6fcc26adb3779d?s=96&d=mm&r=g\",\"caption\":\"fw2\"},\"url\":\"https:\/\/lappis.org.br\/site\/author\/fw2\"}]}<\/script>\n<!-- \/ Yoast SEO plugin. -->","yoast_head_json":{"title":"Integralidade em Sa\u00fade \u00e9 novo descritor na atualiza\u00e7\u00e3o 2014 do DeCS - Lappis 25 anos","robots":{"index":"index","follow":"follow","max-snippet":"max-snippet:-1","max-image-preview":"max-image-preview:large","max-video-preview":"max-video-preview:-1"},"canonical":"https:\/\/lappis.org.br\/site\/integralidade-em-saude-e-novo-descritor-na-atualizacao-2014-do-decs\/2853","og_locale":"pt_BR","og_type":"article","og_title":"Integralidade em Sa\u00fade \u00e9 novo descritor na atualiza\u00e7\u00e3o 2014 do DeCS - Lappis 25 anos","og_description":"Ap&oacute;s quatro anos de trabalho coletivo da BVS - Integralidade em Sa&uacute;de, LAPPIS \/ IMS \/ UERJ e ICICT &ndash; FIOCRUZ, pela BVS Fiocruz e Rede de Bibliotecas Fiocruz, o termo&nbsp; Integralidade em Sa&uacute;de &nbsp;&eacute; inclu&iacute;do como descritor na vers&atilde;o 2014 dos Descritores em Ci&ecirc;ncias da Sa&uacute;de (DeCS), atualizados anualmente pela BIREME\/OPAS\/OMS como a&ccedil;&atilde;o coordenada pela ger&ecirc;ncia AFI.   [...]","og_url":"https:\/\/lappis.org.br\/site\/integralidade-em-saude-e-novo-descritor-na-atualizacao-2014-do-decs\/2853","og_site_name":"Lappis 25 anos","article_published_time":"2014-03-20T22:18:31+00:00","og_image":[{"width":420,"height":226,"url":"https:\/\/lappis.org.br\/site\/wp-content\/uploads\/2014\/03\/reuniao bvs.jpg","type":"image\/jpeg"}],"author":"fw2","twitter_card":"summary_large_image","twitter_misc":{"Escrito por":"fw2","Est. tempo de leitura":"3 minutos"},"schema":{"@context":"https:\/\/schema.org","@graph":[{"@type":"Article","@id":"https:\/\/lappis.org.br\/site\/integralidade-em-saude-e-novo-descritor-na-atualizacao-2014-do-decs\/2853#article","isPartOf":{"@id":"https:\/\/lappis.org.br\/site\/integralidade-em-saude-e-novo-descritor-na-atualizacao-2014-do-decs\/2853"},"author":{"name":"fw2","@id":"https:\/\/lappis.org.br\/site\/#\/schema\/person\/3852381d08284b5e2716b20bd89bdbcf"},"headline":"Integralidade em Sa\u00fade \u00e9 novo descritor na atualiza\u00e7\u00e3o 2014 do DeCS","datePublished":"2014-03-20T22:18:31+00:00","mainEntityOfPage":{"@id":"https:\/\/lappis.org.br\/site\/integralidade-em-saude-e-novo-descritor-na-atualizacao-2014-do-decs\/2853"},"wordCount":619,"commentCount":0,"publisher":{"@id":"https:\/\/lappis.org.br\/site\/#organization"},"image":{"@id":"https:\/\/lappis.org.br\/site\/integralidade-em-saude-e-novo-descritor-na-atualizacao-2014-do-decs\/2853#primaryimage"},"thumbnailUrl":"https:\/\/lappis.org.br\/site\/wp-content\/uploads\/2014\/03\/reuniao bvs.jpg","articleSection":["Not\u00edcia"],"inLanguage":"pt-BR","potentialAction":[{"@type":"CommentAction","name":"Comment","target":["https:\/\/lappis.org.br\/site\/integralidade-em-saude-e-novo-descritor-na-atualizacao-2014-do-decs\/2853#respond"]}]},{"@type":"WebPage","@id":"https:\/\/lappis.org.br\/site\/integralidade-em-saude-e-novo-descritor-na-atualizacao-2014-do-decs\/2853","url":"https:\/\/lappis.org.br\/site\/integralidade-em-saude-e-novo-descritor-na-atualizacao-2014-do-decs\/2853","name":"Integralidade em Sa\u00fade \u00e9 novo descritor na atualiza\u00e7\u00e3o 2014 do DeCS - Lappis 25 anos","isPartOf":{"@id":"https:\/\/lappis.org.br\/site\/#website"},"primaryImageOfPage":{"@id":"https:\/\/lappis.org.br\/site\/integralidade-em-saude-e-novo-descritor-na-atualizacao-2014-do-decs\/2853#primaryimage"},"image":{"@id":"https:\/\/lappis.org.br\/site\/integralidade-em-saude-e-novo-descritor-na-atualizacao-2014-do-decs\/2853#primaryimage"},"thumbnailUrl":"https:\/\/lappis.org.br\/site\/wp-content\/uploads\/2014\/03\/reuniao bvs.jpg","datePublished":"2014-03-20T22:18:31+00:00","breadcrumb":{"@id":"https:\/\/lappis.org.br\/site\/integralidade-em-saude-e-novo-descritor-na-atualizacao-2014-do-decs\/2853#breadcrumb"},"inLanguage":"pt-BR","potentialAction":[{"@type":"ReadAction","target":["https:\/\/lappis.org.br\/site\/integralidade-em-saude-e-novo-descritor-na-atualizacao-2014-do-decs\/2853"]}]},{"@type":"ImageObject","inLanguage":"pt-BR","@id":"https:\/\/lappis.org.br\/site\/integralidade-em-saude-e-novo-descritor-na-atualizacao-2014-do-decs\/2853#primaryimage","url":"https:\/\/lappis.org.br\/site\/wp-content\/uploads\/2014\/03\/reuniao bvs.jpg","contentUrl":"https:\/\/lappis.org.br\/site\/wp-content\/uploads\/2014\/03\/reuniao bvs.jpg","width":420,"height":226},{"@type":"BreadcrumbList","@id":"https:\/\/lappis.org.br\/site\/integralidade-em-saude-e-novo-descritor-na-atualizacao-2014-do-decs\/2853#breadcrumb","itemListElement":[{"@type":"ListItem","position":1,"name":"In\u00edcio","item":"https:\/\/lappis.org.br\/site\/"},{"@type":"ListItem","position":2,"name":"Integralidade em Sa\u00fade \u00e9 novo descritor na atualiza\u00e7\u00e3o 2014 do DeCS"}]},{"@type":"WebSite","@id":"https:\/\/lappis.org.br\/site\/#website","url":"https:\/\/lappis.org.br\/site\/","name":"Lappis 25 anos","description":"Labotat\u00f3rio de Pesquisas sobre Pr\u00e1ticas de Integralidade em Sa\u00fade","publisher":{"@id":"https:\/\/lappis.org.br\/site\/#organization"},"potentialAction":[{"@type":"SearchAction","target":{"@type":"EntryPoint","urlTemplate":"https:\/\/lappis.org.br\/site\/?s={search_term_string}"},"query-input":{"@type":"PropertyValueSpecification","valueRequired":true,"valueName":"search_term_string"}}],"inLanguage":"pt-BR"},{"@type":"Organization","@id":"https:\/\/lappis.org.br\/site\/#organization","name":"Lappis 25 anos","url":"https:\/\/lappis.org.br\/site\/","logo":{"@type":"ImageObject","inLanguage":"pt-BR","@id":"https:\/\/lappis.org.br\/site\/#\/schema\/logo\/image\/","url":"https:\/\/lappis.org.br\/site\/wp-content\/uploads\/2025\/03\/logo-lappis25anos.png","contentUrl":"https:\/\/lappis.org.br\/site\/wp-content\/uploads\/2025\/03\/logo-lappis25anos.png","width":388,"height":146,"caption":"Lappis 25 anos"},"image":{"@id":"https:\/\/lappis.org.br\/site\/#\/schema\/logo\/image\/"}},{"@type":"Person","@id":"https:\/\/lappis.org.br\/site\/#\/schema\/person\/3852381d08284b5e2716b20bd89bdbcf","name":"fw2","image":{"@type":"ImageObject","inLanguage":"pt-BR","@id":"https:\/\/lappis.org.br\/site\/#\/schema\/person\/image\/","url":"https:\/\/secure.gravatar.com\/avatar\/c38472c0cdbde82d9b6fcc26adb3779d?s=96&d=mm&r=g","contentUrl":"https:\/\/secure.gravatar.com\/avatar\/c38472c0cdbde82d9b6fcc26adb3779d?s=96&d=mm&r=g","caption":"fw2"},"url":"https:\/\/lappis.org.br\/site\/author\/fw2"}]}},"jetpack_featured_media_url":"https:\/\/lappis.org.br\/site\/wp-content\/uploads\/2014\/03\/reuniao bvs.jpg","jetpack_shortlink":"https:\/\/wp.me\/p954Nh-K1","jetpack_sharing_enabled":true,"_links":{"self":[{"href":"https:\/\/lappis.org.br\/site\/wp-json\/wp\/v2\/posts\/2853"}],"collection":[{"href":"https:\/\/lappis.org.br\/site\/wp-json\/wp\/v2\/posts"}],"about":[{"href":"https:\/\/lappis.org.br\/site\/wp-json\/wp\/v2\/types\/post"}],"author":[{"embeddable":true,"href":"https:\/\/lappis.org.br\/site\/wp-json\/wp\/v2\/users\/1"}],"replies":[{"embeddable":true,"href":"https:\/\/lappis.org.br\/site\/wp-json\/wp\/v2\/comments?post=2853"}],"version-history":[{"count":0,"href":"https:\/\/lappis.org.br\/site\/wp-json\/wp\/v2\/posts\/2853\/revisions"}],"wp:featuredmedia":[{"embeddable":true,"href":"https:\/\/lappis.org.br\/site\/wp-json\/wp\/v2\/media\/2852"}],"wp:attachment":[{"href":"https:\/\/lappis.org.br\/site\/wp-json\/wp\/v2\/media?parent=2853"}],"wp:term":[{"taxonomy":"category","embeddable":true,"href":"https:\/\/lappis.org.br\/site\/wp-json\/wp\/v2\/categories?post=2853"},{"taxonomy":"post_tag","embeddable":true,"href":"https:\/\/lappis.org.br\/site\/wp-json\/wp\/v2\/tags?post=2853"}],"curies":[{"name":"wp","href":"https:\/\/api.w.org\/{rel}","templated":true}]}}