{"id":2842,"date":"2014-02-19T17:37:51","date_gmt":"2014-02-19T20:37:51","guid":{"rendered":"http:\/\/lappis.org.br\/site\/2014\/02\/19\/apoiamos-aprovacao-do-marco-civil-da-internet\/"},"modified":"2014-02-19T17:37:51","modified_gmt":"2014-02-19T20:37:51","slug":"apoiamos-aprovacao-do-marco-civil-da-internet","status":"publish","type":"post","link":"https:\/\/lappis.org.br\/site\/apoiamos-aprovacao-do-marco-civil-da-internet\/2842","title":{"rendered":"Apoiamos! Aprova\u00e7\u00e3o do Marco Civil da internet"},"content":{"rendered":"<table border=\"0\" cellpadding=\"0\" cellspacing=\"0\" style=\"width: 100%; border:none;\">\n<tbody style=\"border:none;\">\n<tr style=\"border:none;\">\n<td style=\"border:none;\"> \t\t\t\t<span style=\"color: rgb(85, 85, 85); font-family: Arial, Helvetica, sans-serif; font-size: 14px; line-height: 20px;\">Diante dos debates em torno do Marco Civil da Internet no Congresso Nacional, a Associa&ccedil;&atilde;o Brasileira de Sa&uacute;de Coletiva (ABRASCO) e o Centro Brasileiro de Estudos de Sa&uacute;de (CEBES), vem a p&uacute;blico manifestar seu posicionamento favor&aacute;vel &agrave; aprova&ccedil;&atilde;o do texto apresentado pelo Deputado Alessandro Molon (PT-RJ), que conta com apoio de parcela expressiva da sociedade civil.&nbsp;<\/span><br style=\"color: rgb(85, 85, 85); font-family: Arial, Helvetica, sans-serif; font-size: 14px; line-height: 20px;\" \/> \t\t\t\t<span style=\"color: rgb(85, 85, 85); font-family: Arial, Helvetica, sans-serif; font-size: 14px; line-height: 20px;\">Compreendemos que a Internet &eacute; um bem p&uacute;blico, de todos, e por isso deve estar livre de interesses comerciais que possam limitar a cria&ccedil;&atilde;o, a liberdade de express&atilde;o, a mobiliza&ccedil;&atilde;o social e a presta&ccedil;&atilde;o de servi&ccedil;os p&uacute;blicos. Sendo assim, sua regulamenta&ccedil;&atilde;o deve fortalecer direitos como os de acesso &agrave; comunica&ccedil;&atilde;o, &agrave; cultura e &agrave; informa&ccedil;&atilde;o, considerados por n&oacute;s fundamentais para a efetiva&ccedil;&atilde;o do direito &agrave; sa&uacute;de e da cidadania plena.&nbsp;<\/span><\/td>\n<td style=\"border:none;\"> \t\t\t\t<img fetchpriority=\"high\" decoding=\"async\" data-attachment-id=\"2841\" data-permalink=\"https:\/\/lappis.org.br\/site\/apoiamos-aprovacao-do-marco-civil-da-internet\/2842\/attachment-mousebandeira\" data-orig-file=\"https:\/\/lappis.org.br\/site\/wp-content\/uploads\/2014\/02\/mousebandeira.jpg\" data-orig-size=\"479,270\" data-comments-opened=\"1\" data-image-meta=\"{&quot;aperture&quot;:&quot;0&quot;,&quot;credit&quot;:&quot;&quot;,&quot;camera&quot;:&quot;&quot;,&quot;caption&quot;:&quot;&quot;,&quot;created_timestamp&quot;:&quot;0&quot;,&quot;copyright&quot;:&quot;&quot;,&quot;focal_length&quot;:&quot;0&quot;,&quot;iso&quot;:&quot;0&quot;,&quot;shutter_speed&quot;:&quot;0&quot;,&quot;title&quot;:&quot;&quot;,&quot;orientation&quot;:&quot;0&quot;}\" data-image-title=\"mousebandeira\" data-image-description=\"\" data-image-caption=\"\" data-medium-file=\"https:\/\/lappis.org.br\/site\/wp-content\/uploads\/2014\/02\/mousebandeira-300x169.jpg\" data-large-file=\"https:\/\/lappis.org.br\/site\/wp-content\/uploads\/2014\/02\/mousebandeira.jpg\" class=\" size-full wp-image-2841\" alt=\"\" src=\"http:\/\/lappis.org.br\/site\/wp-content\/uploads\/2014\/02\/mousebandeira.jpg\" style=\"width: 479px; height: 270px;\" width=\"479\" height=\"270\" srcset=\"https:\/\/lappis.org.br\/site\/wp-content\/uploads\/2014\/02\/mousebandeira.jpg 479w, https:\/\/lappis.org.br\/site\/wp-content\/uploads\/2014\/02\/mousebandeira-300x169.jpg 300w\" sizes=\"(max-width: 479px) 100vw, 479px\" \/><\/td>\n<\/tr>\n<\/tbody>\n<\/table>\n<p> <span style=\"color: rgb(85, 85, 85); font-family: Arial, Helvetica, sans-serif; font-size: 14px; line-height: 20px;\">Entendemos que o Marco Civil deve considerar e responder diretrizes constitucionais e contemplar demandas sociais relativas &agrave; Sa&uacute;de, garantir o processo democr&aacute;tico e ajudar no debate sobre temas pungentes para a democracia participativa nos processos decis&oacute;rios e de efetiva&ccedil;&atilde;o (garantia) do Direito da Sa&uacute;de, possibilitando a utiliza&ccedil;&atilde;o crescente e democr&aacute;tica de instrumentos (ferramentas) eletr&ocirc;nicos, da Comunica&ccedil;&atilde;o e do SUS.&nbsp;<\/span><br \/> <a href=\"http:\/\/www.peticaopublica.com.br\/pview.aspx?pi=BR60335\"><br \/> <span style=\"color: rgb(85, 85, 85); font-family: Arial, Helvetica, sans-serif; font-size: 14px; line-height: 20px;\">Clique aqui para apoiar voc&ecirc; tamb&eacute;m.<\/span><\/a><\/p>\n","protected":false},"excerpt":{"rendered":"<div class=\"mh-excerpt\"><p>Diante dos debates em torno do Marco Civil da Internet no Congresso Nacional, a Associa&ccedil;&atilde;o Brasileira de Sa&uacute;de Coletiva (ABRASCO) e o Centro Brasileiro de Estudos de Sa&uacute;de (CEBES), vem a p&uacute;blico manifestar seu posicionamento <a class=\"mh-excerpt-more\" href=\"https:\/\/lappis.org.br\/site\/apoiamos-aprovacao-do-marco-civil-da-internet\/2842\" title=\"Apoiamos! Aprova\u00e7\u00e3o do Marco Civil da internet\">[&#8230;]<\/a><\/p>\n<\/div>","protected":false},"author":1,"featured_media":2841,"comment_status":"open","ping_status":"open","sticky":false,"template":"","format":"standard","meta":{"_acf_changed":false,"_exactmetrics_skip_tracking":false,"_exactmetrics_sitenote_active":false,"_exactmetrics_sitenote_note":"","_exactmetrics_sitenote_category":0,"jetpack_post_was_ever_published":false,"_jetpack_newsletter_access":"","_jetpack_dont_email_post_to_subs":false,"_jetpack_newsletter_tier_id":0,"_jetpack_memberships_contains_paywalled_content":false,"_jetpack_memberships_contains_paid_content":false,"footnotes":"","jetpack_publicize_message":"","jetpack_publicize_feature_enabled":true,"jetpack_social_post_already_shared":false,"jetpack_social_options":{"image_generator_settings":{"template":"highway","enabled":false},"version":2}},"categories":[27],"tags":[],"class_list":{"0":"post-2842","1":"post","2":"type-post","3":"status-publish","4":"format-standard","5":"has-post-thumbnail","7":"category-nao-destacado"},"jetpack_publicize_connections":[],"acf":[],"yoast_head":"<!-- This site is optimized with the Yoast SEO plugin v25.2 - https:\/\/yoast.com\/wordpress\/plugins\/seo\/ -->\n<title>Apoiamos! Aprova\u00e7\u00e3o do Marco Civil da internet - Lappis 25 anos<\/title>\n<meta name=\"robots\" content=\"index, follow, max-snippet:-1, max-image-preview:large, max-video-preview:-1\" \/>\n<link rel=\"canonical\" href=\"https:\/\/lappis.org.br\/site\/apoiamos-aprovacao-do-marco-civil-da-internet\/2842\" \/>\n<meta property=\"og:locale\" content=\"pt_BR\" \/>\n<meta property=\"og:type\" content=\"article\" \/>\n<meta property=\"og:title\" content=\"Apoiamos! Aprova\u00e7\u00e3o do Marco Civil da internet - Lappis 25 anos\" \/>\n<meta property=\"og:description\" content=\"Diante dos debates em torno do Marco Civil da Internet no Congresso Nacional, a Associa&ccedil;&atilde;o Brasileira de Sa&uacute;de Coletiva (ABRASCO) e o Centro Brasileiro de Estudos de Sa&uacute;de (CEBES), vem a p&uacute;blico manifestar seu posicionamento [...]\" \/>\n<meta property=\"og:url\" content=\"https:\/\/lappis.org.br\/site\/apoiamos-aprovacao-do-marco-civil-da-internet\/2842\" \/>\n<meta property=\"og:site_name\" content=\"Lappis 25 anos\" \/>\n<meta property=\"article:published_time\" content=\"2014-02-19T20:37:51+00:00\" \/>\n<meta property=\"og:image\" content=\"https:\/\/lappis.org.br\/site\/wp-content\/uploads\/2014\/02\/mousebandeira.jpg\" \/>\n\t<meta property=\"og:image:width\" content=\"479\" \/>\n\t<meta property=\"og:image:height\" content=\"270\" \/>\n\t<meta property=\"og:image:type\" content=\"image\/jpeg\" \/>\n<meta name=\"author\" content=\"fw2\" \/>\n<meta name=\"twitter:card\" content=\"summary_large_image\" \/>\n<meta name=\"twitter:label1\" content=\"Escrito por\" \/>\n\t<meta name=\"twitter:data1\" content=\"fw2\" \/>\n\t<meta name=\"twitter:label2\" content=\"Est. tempo de leitura\" \/>\n\t<meta name=\"twitter:data2\" content=\"1 minuto\" \/>\n<script type=\"application\/ld+json\" class=\"yoast-schema-graph\">{\"@context\":\"https:\/\/schema.org\",\"@graph\":[{\"@type\":\"Article\",\"@id\":\"https:\/\/lappis.org.br\/site\/apoiamos-aprovacao-do-marco-civil-da-internet\/2842#article\",\"isPartOf\":{\"@id\":\"https:\/\/lappis.org.br\/site\/apoiamos-aprovacao-do-marco-civil-da-internet\/2842\"},\"author\":{\"name\":\"fw2\",\"@id\":\"https:\/\/lappis.org.br\/site\/#\/schema\/person\/3852381d08284b5e2716b20bd89bdbcf\"},\"headline\":\"Apoiamos! Aprova\u00e7\u00e3o do Marco Civil da internet\",\"datePublished\":\"2014-02-19T20:37:51+00:00\",\"mainEntityOfPage\":{\"@id\":\"https:\/\/lappis.org.br\/site\/apoiamos-aprovacao-do-marco-civil-da-internet\/2842\"},\"wordCount\":273,\"commentCount\":0,\"publisher\":{\"@id\":\"https:\/\/lappis.org.br\/site\/#organization\"},\"image\":{\"@id\":\"https:\/\/lappis.org.br\/site\/apoiamos-aprovacao-do-marco-civil-da-internet\/2842#primaryimage\"},\"thumbnailUrl\":\"https:\/\/lappis.org.br\/site\/wp-content\/uploads\/2014\/02\/mousebandeira.jpg\",\"articleSection\":[\"N\u00e3o Destacado\"],\"inLanguage\":\"pt-BR\",\"potentialAction\":[{\"@type\":\"CommentAction\",\"name\":\"Comment\",\"target\":[\"https:\/\/lappis.org.br\/site\/apoiamos-aprovacao-do-marco-civil-da-internet\/2842#respond\"]}]},{\"@type\":\"WebPage\",\"@id\":\"https:\/\/lappis.org.br\/site\/apoiamos-aprovacao-do-marco-civil-da-internet\/2842\",\"url\":\"https:\/\/lappis.org.br\/site\/apoiamos-aprovacao-do-marco-civil-da-internet\/2842\",\"name\":\"Apoiamos! Aprova\u00e7\u00e3o do Marco Civil da internet - Lappis 25 anos\",\"isPartOf\":{\"@id\":\"https:\/\/lappis.org.br\/site\/#website\"},\"primaryImageOfPage\":{\"@id\":\"https:\/\/lappis.org.br\/site\/apoiamos-aprovacao-do-marco-civil-da-internet\/2842#primaryimage\"},\"image\":{\"@id\":\"https:\/\/lappis.org.br\/site\/apoiamos-aprovacao-do-marco-civil-da-internet\/2842#primaryimage\"},\"thumbnailUrl\":\"https:\/\/lappis.org.br\/site\/wp-content\/uploads\/2014\/02\/mousebandeira.jpg\",\"datePublished\":\"2014-02-19T20:37:51+00:00\",\"breadcrumb\":{\"@id\":\"https:\/\/lappis.org.br\/site\/apoiamos-aprovacao-do-marco-civil-da-internet\/2842#breadcrumb\"},\"inLanguage\":\"pt-BR\",\"potentialAction\":[{\"@type\":\"ReadAction\",\"target\":[\"https:\/\/lappis.org.br\/site\/apoiamos-aprovacao-do-marco-civil-da-internet\/2842\"]}]},{\"@type\":\"ImageObject\",\"inLanguage\":\"pt-BR\",\"@id\":\"https:\/\/lappis.org.br\/site\/apoiamos-aprovacao-do-marco-civil-da-internet\/2842#primaryimage\",\"url\":\"https:\/\/lappis.org.br\/site\/wp-content\/uploads\/2014\/02\/mousebandeira.jpg\",\"contentUrl\":\"https:\/\/lappis.org.br\/site\/wp-content\/uploads\/2014\/02\/mousebandeira.jpg\",\"width\":479,\"height\":270},{\"@type\":\"BreadcrumbList\",\"@id\":\"https:\/\/lappis.org.br\/site\/apoiamos-aprovacao-do-marco-civil-da-internet\/2842#breadcrumb\",\"itemListElement\":[{\"@type\":\"ListItem\",\"position\":1,\"name\":\"In\u00edcio\",\"item\":\"https:\/\/lappis.org.br\/site\/\"},{\"@type\":\"ListItem\",\"position\":2,\"name\":\"Apoiamos! Aprova\u00e7\u00e3o do Marco Civil da internet\"}]},{\"@type\":\"WebSite\",\"@id\":\"https:\/\/lappis.org.br\/site\/#website\",\"url\":\"https:\/\/lappis.org.br\/site\/\",\"name\":\"Lappis 25 anos\",\"description\":\"Labotat\u00f3rio de Pesquisas sobre Pr\u00e1ticas de Integralidade em Sa\u00fade\",\"publisher\":{\"@id\":\"https:\/\/lappis.org.br\/site\/#organization\"},\"potentialAction\":[{\"@type\":\"SearchAction\",\"target\":{\"@type\":\"EntryPoint\",\"urlTemplate\":\"https:\/\/lappis.org.br\/site\/?s={search_term_string}\"},\"query-input\":{\"@type\":\"PropertyValueSpecification\",\"valueRequired\":true,\"valueName\":\"search_term_string\"}}],\"inLanguage\":\"pt-BR\"},{\"@type\":\"Organization\",\"@id\":\"https:\/\/lappis.org.br\/site\/#organization\",\"name\":\"Lappis 25 anos\",\"url\":\"https:\/\/lappis.org.br\/site\/\",\"logo\":{\"@type\":\"ImageObject\",\"inLanguage\":\"pt-BR\",\"@id\":\"https:\/\/lappis.org.br\/site\/#\/schema\/logo\/image\/\",\"url\":\"https:\/\/lappis.org.br\/site\/wp-content\/uploads\/2025\/03\/logo-lappis25anos.png\",\"contentUrl\":\"https:\/\/lappis.org.br\/site\/wp-content\/uploads\/2025\/03\/logo-lappis25anos.png\",\"width\":388,\"height\":146,\"caption\":\"Lappis 25 anos\"},\"image\":{\"@id\":\"https:\/\/lappis.org.br\/site\/#\/schema\/logo\/image\/\"}},{\"@type\":\"Person\",\"@id\":\"https:\/\/lappis.org.br\/site\/#\/schema\/person\/3852381d08284b5e2716b20bd89bdbcf\",\"name\":\"fw2\",\"image\":{\"@type\":\"ImageObject\",\"inLanguage\":\"pt-BR\",\"@id\":\"https:\/\/lappis.org.br\/site\/#\/schema\/person\/image\/\",\"url\":\"https:\/\/secure.gravatar.com\/avatar\/c38472c0cdbde82d9b6fcc26adb3779d?s=96&d=mm&r=g\",\"contentUrl\":\"https:\/\/secure.gravatar.com\/avatar\/c38472c0cdbde82d9b6fcc26adb3779d?s=96&d=mm&r=g\",\"caption\":\"fw2\"},\"url\":\"https:\/\/lappis.org.br\/site\/author\/fw2\"}]}<\/script>\n<!-- \/ Yoast SEO plugin. -->","yoast_head_json":{"title":"Apoiamos! Aprova\u00e7\u00e3o do Marco Civil da internet - Lappis 25 anos","robots":{"index":"index","follow":"follow","max-snippet":"max-snippet:-1","max-image-preview":"max-image-preview:large","max-video-preview":"max-video-preview:-1"},"canonical":"https:\/\/lappis.org.br\/site\/apoiamos-aprovacao-do-marco-civil-da-internet\/2842","og_locale":"pt_BR","og_type":"article","og_title":"Apoiamos! Aprova\u00e7\u00e3o do Marco Civil da internet - Lappis 25 anos","og_description":"Diante dos debates em torno do Marco Civil da Internet no Congresso Nacional, a Associa&ccedil;&atilde;o Brasileira de Sa&uacute;de Coletiva (ABRASCO) e o Centro Brasileiro de Estudos de Sa&uacute;de (CEBES), vem a p&uacute;blico manifestar seu posicionamento [...]","og_url":"https:\/\/lappis.org.br\/site\/apoiamos-aprovacao-do-marco-civil-da-internet\/2842","og_site_name":"Lappis 25 anos","article_published_time":"2014-02-19T20:37:51+00:00","og_image":[{"width":479,"height":270,"url":"https:\/\/lappis.org.br\/site\/wp-content\/uploads\/2014\/02\/mousebandeira.jpg","type":"image\/jpeg"}],"author":"fw2","twitter_card":"summary_large_image","twitter_misc":{"Escrito por":"fw2","Est. tempo de leitura":"1 minuto"},"schema":{"@context":"https:\/\/schema.org","@graph":[{"@type":"Article","@id":"https:\/\/lappis.org.br\/site\/apoiamos-aprovacao-do-marco-civil-da-internet\/2842#article","isPartOf":{"@id":"https:\/\/lappis.org.br\/site\/apoiamos-aprovacao-do-marco-civil-da-internet\/2842"},"author":{"name":"fw2","@id":"https:\/\/lappis.org.br\/site\/#\/schema\/person\/3852381d08284b5e2716b20bd89bdbcf"},"headline":"Apoiamos! Aprova\u00e7\u00e3o do Marco Civil da internet","datePublished":"2014-02-19T20:37:51+00:00","mainEntityOfPage":{"@id":"https:\/\/lappis.org.br\/site\/apoiamos-aprovacao-do-marco-civil-da-internet\/2842"},"wordCount":273,"commentCount":0,"publisher":{"@id":"https:\/\/lappis.org.br\/site\/#organization"},"image":{"@id":"https:\/\/lappis.org.br\/site\/apoiamos-aprovacao-do-marco-civil-da-internet\/2842#primaryimage"},"thumbnailUrl":"https:\/\/lappis.org.br\/site\/wp-content\/uploads\/2014\/02\/mousebandeira.jpg","articleSection":["N\u00e3o Destacado"],"inLanguage":"pt-BR","potentialAction":[{"@type":"CommentAction","name":"Comment","target":["https:\/\/lappis.org.br\/site\/apoiamos-aprovacao-do-marco-civil-da-internet\/2842#respond"]}]},{"@type":"WebPage","@id":"https:\/\/lappis.org.br\/site\/apoiamos-aprovacao-do-marco-civil-da-internet\/2842","url":"https:\/\/lappis.org.br\/site\/apoiamos-aprovacao-do-marco-civil-da-internet\/2842","name":"Apoiamos! Aprova\u00e7\u00e3o do Marco Civil da internet - Lappis 25 anos","isPartOf":{"@id":"https:\/\/lappis.org.br\/site\/#website"},"primaryImageOfPage":{"@id":"https:\/\/lappis.org.br\/site\/apoiamos-aprovacao-do-marco-civil-da-internet\/2842#primaryimage"},"image":{"@id":"https:\/\/lappis.org.br\/site\/apoiamos-aprovacao-do-marco-civil-da-internet\/2842#primaryimage"},"thumbnailUrl":"https:\/\/lappis.org.br\/site\/wp-content\/uploads\/2014\/02\/mousebandeira.jpg","datePublished":"2014-02-19T20:37:51+00:00","breadcrumb":{"@id":"https:\/\/lappis.org.br\/site\/apoiamos-aprovacao-do-marco-civil-da-internet\/2842#breadcrumb"},"inLanguage":"pt-BR","potentialAction":[{"@type":"ReadAction","target":["https:\/\/lappis.org.br\/site\/apoiamos-aprovacao-do-marco-civil-da-internet\/2842"]}]},{"@type":"ImageObject","inLanguage":"pt-BR","@id":"https:\/\/lappis.org.br\/site\/apoiamos-aprovacao-do-marco-civil-da-internet\/2842#primaryimage","url":"https:\/\/lappis.org.br\/site\/wp-content\/uploads\/2014\/02\/mousebandeira.jpg","contentUrl":"https:\/\/lappis.org.br\/site\/wp-content\/uploads\/2014\/02\/mousebandeira.jpg","width":479,"height":270},{"@type":"BreadcrumbList","@id":"https:\/\/lappis.org.br\/site\/apoiamos-aprovacao-do-marco-civil-da-internet\/2842#breadcrumb","itemListElement":[{"@type":"ListItem","position":1,"name":"In\u00edcio","item":"https:\/\/lappis.org.br\/site\/"},{"@type":"ListItem","position":2,"name":"Apoiamos! Aprova\u00e7\u00e3o do Marco Civil da internet"}]},{"@type":"WebSite","@id":"https:\/\/lappis.org.br\/site\/#website","url":"https:\/\/lappis.org.br\/site\/","name":"Lappis 25 anos","description":"Labotat\u00f3rio de Pesquisas sobre Pr\u00e1ticas de Integralidade em Sa\u00fade","publisher":{"@id":"https:\/\/lappis.org.br\/site\/#organization"},"potentialAction":[{"@type":"SearchAction","target":{"@type":"EntryPoint","urlTemplate":"https:\/\/lappis.org.br\/site\/?s={search_term_string}"},"query-input":{"@type":"PropertyValueSpecification","valueRequired":true,"valueName":"search_term_string"}}],"inLanguage":"pt-BR"},{"@type":"Organization","@id":"https:\/\/lappis.org.br\/site\/#organization","name":"Lappis 25 anos","url":"https:\/\/lappis.org.br\/site\/","logo":{"@type":"ImageObject","inLanguage":"pt-BR","@id":"https:\/\/lappis.org.br\/site\/#\/schema\/logo\/image\/","url":"https:\/\/lappis.org.br\/site\/wp-content\/uploads\/2025\/03\/logo-lappis25anos.png","contentUrl":"https:\/\/lappis.org.br\/site\/wp-content\/uploads\/2025\/03\/logo-lappis25anos.png","width":388,"height":146,"caption":"Lappis 25 anos"},"image":{"@id":"https:\/\/lappis.org.br\/site\/#\/schema\/logo\/image\/"}},{"@type":"Person","@id":"https:\/\/lappis.org.br\/site\/#\/schema\/person\/3852381d08284b5e2716b20bd89bdbcf","name":"fw2","image":{"@type":"ImageObject","inLanguage":"pt-BR","@id":"https:\/\/lappis.org.br\/site\/#\/schema\/person\/image\/","url":"https:\/\/secure.gravatar.com\/avatar\/c38472c0cdbde82d9b6fcc26adb3779d?s=96&d=mm&r=g","contentUrl":"https:\/\/secure.gravatar.com\/avatar\/c38472c0cdbde82d9b6fcc26adb3779d?s=96&d=mm&r=g","caption":"fw2"},"url":"https:\/\/lappis.org.br\/site\/author\/fw2"}]}},"jetpack_featured_media_url":"https:\/\/lappis.org.br\/site\/wp-content\/uploads\/2014\/02\/mousebandeira.jpg","jetpack_shortlink":"https:\/\/wp.me\/p954Nh-JQ","jetpack_sharing_enabled":true,"_links":{"self":[{"href":"https:\/\/lappis.org.br\/site\/wp-json\/wp\/v2\/posts\/2842"}],"collection":[{"href":"https:\/\/lappis.org.br\/site\/wp-json\/wp\/v2\/posts"}],"about":[{"href":"https:\/\/lappis.org.br\/site\/wp-json\/wp\/v2\/types\/post"}],"author":[{"embeddable":true,"href":"https:\/\/lappis.org.br\/site\/wp-json\/wp\/v2\/users\/1"}],"replies":[{"embeddable":true,"href":"https:\/\/lappis.org.br\/site\/wp-json\/wp\/v2\/comments?post=2842"}],"version-history":[{"count":0,"href":"https:\/\/lappis.org.br\/site\/wp-json\/wp\/v2\/posts\/2842\/revisions"}],"wp:featuredmedia":[{"embeddable":true,"href":"https:\/\/lappis.org.br\/site\/wp-json\/wp\/v2\/media\/2841"}],"wp:attachment":[{"href":"https:\/\/lappis.org.br\/site\/wp-json\/wp\/v2\/media?parent=2842"}],"wp:term":[{"taxonomy":"category","embeddable":true,"href":"https:\/\/lappis.org.br\/site\/wp-json\/wp\/v2\/categories?post=2842"},{"taxonomy":"post_tag","embeddable":true,"href":"https:\/\/lappis.org.br\/site\/wp-json\/wp\/v2\/tags?post=2842"}],"curies":[{"name":"wp","href":"https:\/\/api.w.org\/{rel}","templated":true}]}}