{"id":2834,"date":"2014-02-11T14:40:16","date_gmt":"2014-02-11T16:40:16","guid":{"rendered":"http:\/\/lappis.org.br\/site\/2014\/02\/11\/alunos-de-pos-graduacao-podem-participar\/"},"modified":"2014-02-11T14:40:16","modified_gmt":"2014-02-11T16:40:16","slug":"alunos-de-pos-graduacao-podem-participar","status":"publish","type":"post","link":"https:\/\/lappis.org.br\/site\/alunos-de-pos-graduacao-podem-participar\/2834","title":{"rendered":"Alunos de p\u00f3s-gradua\u00e7\u00e3o podem participar"},"content":{"rendered":"<p><img fetchpriority=\"high\" decoding=\"async\" data-attachment-id=\"2833\" data-permalink=\"https:\/\/lappis.org.br\/site\/alunos-de-pos-graduacao-podem-participar\/2834\/attachment-o-filosofo-italiano-antonio-gramsci\" data-orig-file=\"https:\/\/lappis.org.br\/site\/wp-content\/uploads\/2014\/02\/antonio-gramsci_h_partb.jpg\" data-orig-size=\"638,382\" data-comments-opened=\"1\" data-image-meta=\"{&quot;aperture&quot;:&quot;0&quot;,&quot;credit&quot;:&quot;&quot;,&quot;camera&quot;:&quot;&quot;,&quot;caption&quot;:&quot;&quot;,&quot;created_timestamp&quot;:&quot;0&quot;,&quot;copyright&quot;:&quot;&quot;,&quot;focal_length&quot;:&quot;0&quot;,&quot;iso&quot;:&quot;0&quot;,&quot;shutter_speed&quot;:&quot;0&quot;,&quot;title&quot;:&quot;&quot;,&quot;orientation&quot;:&quot;0&quot;}\" data-image-title=\"O fil\u00f3sofo italiano Antonio Gramsci\" data-image-description=\"\" data-image-caption=\"\" data-medium-file=\"https:\/\/lappis.org.br\/site\/wp-content\/uploads\/2014\/02\/antonio-gramsci_h_partb-300x180.jpg\" data-large-file=\"https:\/\/lappis.org.br\/site\/wp-content\/uploads\/2014\/02\/antonio-gramsci_h_partb.jpg\" class=\" size-full wp-image-2833\" alt=\"O fil\u00f3sofo italiano Antonio Gramsci\" src=\"http:\/\/lappis.org.br\/site\/wp-content\/uploads\/2014\/02\/antonio-gramsci_h_partb.jpg\" style=\"width: 300px;\" width=\"638\" height=\"382\" srcset=\"https:\/\/lappis.org.br\/site\/wp-content\/uploads\/2014\/02\/antonio-gramsci_h_partb.jpg 638w, https:\/\/lappis.org.br\/site\/wp-content\/uploads\/2014\/02\/antonio-gramsci_h_partb-300x180.jpg 300w\" sizes=\"(max-width: 638px) 100vw, 638px\" \/> <\/p>\n<div class=\"im\" style=\"font-size: small; color: rgb(80, 0, 80); font-family: arial, sans-serif; text-align: justify;\">\n<p> \t<span style=\"color: rgb(84, 84, 84); font-family: Tahoma, Arial, Helvetica, sans-serif; font-size: 13.63636302947998px; line-height: 21.988636016845703px;\">A Professora Roseni Pinheiro, L&iacute;der do Grupo de pesquisa LAPPIS, em conjunto com os professores Kenneth Camargo Jr., Adriana Aguiar e Andr&eacute; Lu&iacute;s Mendon&ccedil;a, ministrar&atilde;o as aulas da discilplina &quot;Sa&uacute;de e Sociedade&quot; deste primeiro semestre do Instituto de Medicina Social da UERJ.<\/span><a href=\"http:\/\/cepesc.emktsender.net\/registra_clique.php?id=TH%7Cteste%7C199132%7C5525&amp;url=http%3A%2F%2Fwww.ims.uerj.br%2Fpg_pos_mostra_ementa_pdf.php%3Fi%3D1790\" style=\"color: rgb(17, 85, 204); font-family: Tahoma, Arial, Helvetica, sans-serif; font-size: 14px; line-height: 21.984375px;\" target=\"_blank\">Clique aqui para ver detalhes&nbsp;<\/a><\/div>\n<div class=\"im\" style=\"font-size: small; color: rgb(80, 0, 80); font-family: arial, sans-serif; text-align: justify;\"> \t<span style=\"color: rgb(84, 84, 84); font-size: 13.63636302947998px; font-family: Tahoma, Arial, Helvetica, sans-serif; line-height: 21.988636016845703px;\">As no&ccedil;&otilde;es desenvolvidas pelo fil&oacute;sofo Italiano Antonio Gramsci ser&aacute; tema da disciplina &quot;C&iacute;rculo de Leitura Gramsciniano: aportes pol&iacute;ticos-epistemol&oacute;gicos &#8211; Parte I&quot; tamb&eacute;m ministrada pela Professora Roseni Pinheiro e pel<\/span><span style=\"color: rgb(84, 84, 84); font-family: Tahoma, Arial, Helvetica, sans-serif; font-size: 13.63636302947998px; line-height: 21.988636016845703px;\">o Professor Andr&eacute; Lu&iacute;s Mendon&ccedil;a.&nbsp;<a href=\"http:\/\/cepesc.emktsender.net\/registra_clique.php?id=TH%7Cteste%7C199132%7C5525&amp;url=http%3A%2F%2Fwww.ims.uerj.br%2Fpg_pos_mostra_ementa_pdf.php%3Fi%3D1814\" style=\"color: rgb(17, 85, 204);\" target=\"_blank\">Clique aqui para ver detalhes<\/a><\/span><\/div>\n<p style=\"font-size: small; color: rgb(34, 34, 34); font-family: arial, sans-serif; text-align: justify;\"> \t&nbsp;<\/p>\n<p style=\"font-size: small; color: rgb(34, 34, 34); font-family: arial, sans-serif; text-align: justify;\"> \t<span style=\"color: rgb(84, 84, 84); font-family: Tahoma, Arial, Helvetica, sans-serif; font-size: 13.63636302947998px; line-height: 21.988636016845703px;\">Ambas as disciplinas podem ser cursadas por alunos que estiverem matriculados em qualquer curso de p&oacute;s-gradua&ccedil;&atilde;o.<\/span><\/p>\n","protected":false},"excerpt":{"rendered":"<div class=\"mh-excerpt\"><p>A Professora Roseni Pinheiro, L&iacute;der do Grupo de pesquisa LAPPIS, em conjunto com os professores Kenneth Camargo Jr., Adriana Aguiar e Andr&eacute; Lu&iacute;s Mendon&ccedil;a, ministrar&atilde;o as aulas da discilplina &quot;Sa&uacute;de e Sociedade&quot; deste primeiro semestre <a class=\"mh-excerpt-more\" href=\"https:\/\/lappis.org.br\/site\/alunos-de-pos-graduacao-podem-participar\/2834\" title=\"Alunos de p\u00f3s-gradua\u00e7\u00e3o podem participar\">[&#8230;]<\/a><\/p>\n<\/div>","protected":false},"author":1,"featured_media":2833,"comment_status":"open","ping_status":"open","sticky":false,"template":"","format":"standard","meta":{"_acf_changed":false,"_exactmetrics_skip_tracking":false,"_exactmetrics_sitenote_active":false,"_exactmetrics_sitenote_note":"","_exactmetrics_sitenote_category":0,"jetpack_post_was_ever_published":false,"_jetpack_newsletter_access":"","_jetpack_dont_email_post_to_subs":false,"_jetpack_newsletter_tier_id":0,"_jetpack_memberships_contains_paywalled_content":false,"_jetpack_memberships_contains_paid_content":false,"footnotes":"","jetpack_publicize_message":"","jetpack_publicize_feature_enabled":true,"jetpack_social_post_already_shared":false,"jetpack_social_options":{"image_generator_settings":{"template":"highway","enabled":false},"version":2}},"categories":[27],"tags":[],"class_list":{"0":"post-2834","1":"post","2":"type-post","3":"status-publish","4":"format-standard","5":"has-post-thumbnail","7":"category-nao-destacado"},"jetpack_publicize_connections":[],"acf":[],"yoast_head":"<!-- This site is optimized with the Yoast SEO plugin v25.2 - https:\/\/yoast.com\/wordpress\/plugins\/seo\/ -->\n<title>Alunos de p\u00f3s-gradua\u00e7\u00e3o podem participar - Lappis 25 anos<\/title>\n<meta name=\"robots\" content=\"index, follow, max-snippet:-1, max-image-preview:large, max-video-preview:-1\" \/>\n<link rel=\"canonical\" href=\"https:\/\/lappis.org.br\/site\/alunos-de-pos-graduacao-podem-participar\/2834\" \/>\n<meta property=\"og:locale\" content=\"pt_BR\" \/>\n<meta property=\"og:type\" content=\"article\" \/>\n<meta property=\"og:title\" content=\"Alunos de p\u00f3s-gradua\u00e7\u00e3o podem participar - Lappis 25 anos\" \/>\n<meta property=\"og:description\" content=\"A Professora Roseni Pinheiro, L&iacute;der do Grupo de pesquisa LAPPIS, em conjunto com os professores Kenneth Camargo Jr., Adriana Aguiar e Andr&eacute; Lu&iacute;s Mendon&ccedil;a, ministrar&atilde;o as aulas da discilplina &quot;Sa&uacute;de e Sociedade&quot; deste primeiro semestre [...]\" \/>\n<meta property=\"og:url\" content=\"https:\/\/lappis.org.br\/site\/alunos-de-pos-graduacao-podem-participar\/2834\" \/>\n<meta property=\"og:site_name\" content=\"Lappis 25 anos\" \/>\n<meta property=\"article:published_time\" content=\"2014-02-11T16:40:16+00:00\" \/>\n<meta property=\"og:image\" content=\"https:\/\/lappis.org.br\/site\/wp-content\/uploads\/2014\/02\/antonio-gramsci_h_partb.jpg\" \/>\n\t<meta property=\"og:image:width\" content=\"638\" \/>\n\t<meta property=\"og:image:height\" content=\"382\" \/>\n\t<meta property=\"og:image:type\" content=\"image\/jpeg\" \/>\n<meta name=\"author\" content=\"fw2\" \/>\n<meta name=\"twitter:card\" content=\"summary_large_image\" \/>\n<meta name=\"twitter:label1\" content=\"Escrito por\" \/>\n\t<meta name=\"twitter:data1\" content=\"fw2\" \/>\n\t<meta name=\"twitter:label2\" content=\"Est. tempo de leitura\" \/>\n\t<meta name=\"twitter:data2\" content=\"1 minuto\" \/>\n<script type=\"application\/ld+json\" class=\"yoast-schema-graph\">{\"@context\":\"https:\/\/schema.org\",\"@graph\":[{\"@type\":\"Article\",\"@id\":\"https:\/\/lappis.org.br\/site\/alunos-de-pos-graduacao-podem-participar\/2834#article\",\"isPartOf\":{\"@id\":\"https:\/\/lappis.org.br\/site\/alunos-de-pos-graduacao-podem-participar\/2834\"},\"author\":{\"name\":\"fw2\",\"@id\":\"https:\/\/lappis.org.br\/site\/#\/schema\/person\/3852381d08284b5e2716b20bd89bdbcf\"},\"headline\":\"Alunos de p\u00f3s-gradua\u00e7\u00e3o podem participar\",\"datePublished\":\"2014-02-11T16:40:16+00:00\",\"mainEntityOfPage\":{\"@id\":\"https:\/\/lappis.org.br\/site\/alunos-de-pos-graduacao-podem-participar\/2834\"},\"wordCount\":151,\"commentCount\":0,\"publisher\":{\"@id\":\"https:\/\/lappis.org.br\/site\/#organization\"},\"image\":{\"@id\":\"https:\/\/lappis.org.br\/site\/alunos-de-pos-graduacao-podem-participar\/2834#primaryimage\"},\"thumbnailUrl\":\"https:\/\/lappis.org.br\/site\/wp-content\/uploads\/2014\/02\/antonio-gramsci_h_partb.jpg\",\"articleSection\":[\"N\u00e3o Destacado\"],\"inLanguage\":\"pt-BR\",\"potentialAction\":[{\"@type\":\"CommentAction\",\"name\":\"Comment\",\"target\":[\"https:\/\/lappis.org.br\/site\/alunos-de-pos-graduacao-podem-participar\/2834#respond\"]}]},{\"@type\":\"WebPage\",\"@id\":\"https:\/\/lappis.org.br\/site\/alunos-de-pos-graduacao-podem-participar\/2834\",\"url\":\"https:\/\/lappis.org.br\/site\/alunos-de-pos-graduacao-podem-participar\/2834\",\"name\":\"Alunos de p\u00f3s-gradua\u00e7\u00e3o podem participar - Lappis 25 anos\",\"isPartOf\":{\"@id\":\"https:\/\/lappis.org.br\/site\/#website\"},\"primaryImageOfPage\":{\"@id\":\"https:\/\/lappis.org.br\/site\/alunos-de-pos-graduacao-podem-participar\/2834#primaryimage\"},\"image\":{\"@id\":\"https:\/\/lappis.org.br\/site\/alunos-de-pos-graduacao-podem-participar\/2834#primaryimage\"},\"thumbnailUrl\":\"https:\/\/lappis.org.br\/site\/wp-content\/uploads\/2014\/02\/antonio-gramsci_h_partb.jpg\",\"datePublished\":\"2014-02-11T16:40:16+00:00\",\"breadcrumb\":{\"@id\":\"https:\/\/lappis.org.br\/site\/alunos-de-pos-graduacao-podem-participar\/2834#breadcrumb\"},\"inLanguage\":\"pt-BR\",\"potentialAction\":[{\"@type\":\"ReadAction\",\"target\":[\"https:\/\/lappis.org.br\/site\/alunos-de-pos-graduacao-podem-participar\/2834\"]}]},{\"@type\":\"ImageObject\",\"inLanguage\":\"pt-BR\",\"@id\":\"https:\/\/lappis.org.br\/site\/alunos-de-pos-graduacao-podem-participar\/2834#primaryimage\",\"url\":\"https:\/\/lappis.org.br\/site\/wp-content\/uploads\/2014\/02\/antonio-gramsci_h_partb.jpg\",\"contentUrl\":\"https:\/\/lappis.org.br\/site\/wp-content\/uploads\/2014\/02\/antonio-gramsci_h_partb.jpg\",\"width\":638,\"height\":382,\"caption\":\"O fil\u00f3sofo italiano Antonio Gramsci\"},{\"@type\":\"BreadcrumbList\",\"@id\":\"https:\/\/lappis.org.br\/site\/alunos-de-pos-graduacao-podem-participar\/2834#breadcrumb\",\"itemListElement\":[{\"@type\":\"ListItem\",\"position\":1,\"name\":\"In\u00edcio\",\"item\":\"https:\/\/lappis.org.br\/site\/\"},{\"@type\":\"ListItem\",\"position\":2,\"name\":\"Alunos de p\u00f3s-gradua\u00e7\u00e3o podem participar\"}]},{\"@type\":\"WebSite\",\"@id\":\"https:\/\/lappis.org.br\/site\/#website\",\"url\":\"https:\/\/lappis.org.br\/site\/\",\"name\":\"Lappis 25 anos\",\"description\":\"Labotat\u00f3rio de Pesquisas sobre Pr\u00e1ticas de Integralidade em Sa\u00fade\",\"publisher\":{\"@id\":\"https:\/\/lappis.org.br\/site\/#organization\"},\"potentialAction\":[{\"@type\":\"SearchAction\",\"target\":{\"@type\":\"EntryPoint\",\"urlTemplate\":\"https:\/\/lappis.org.br\/site\/?s={search_term_string}\"},\"query-input\":{\"@type\":\"PropertyValueSpecification\",\"valueRequired\":true,\"valueName\":\"search_term_string\"}}],\"inLanguage\":\"pt-BR\"},{\"@type\":\"Organization\",\"@id\":\"https:\/\/lappis.org.br\/site\/#organization\",\"name\":\"Lappis 25 anos\",\"url\":\"https:\/\/lappis.org.br\/site\/\",\"logo\":{\"@type\":\"ImageObject\",\"inLanguage\":\"pt-BR\",\"@id\":\"https:\/\/lappis.org.br\/site\/#\/schema\/logo\/image\/\",\"url\":\"https:\/\/lappis.org.br\/site\/wp-content\/uploads\/2025\/03\/logo-lappis25anos.png\",\"contentUrl\":\"https:\/\/lappis.org.br\/site\/wp-content\/uploads\/2025\/03\/logo-lappis25anos.png\",\"width\":388,\"height\":146,\"caption\":\"Lappis 25 anos\"},\"image\":{\"@id\":\"https:\/\/lappis.org.br\/site\/#\/schema\/logo\/image\/\"}},{\"@type\":\"Person\",\"@id\":\"https:\/\/lappis.org.br\/site\/#\/schema\/person\/3852381d08284b5e2716b20bd89bdbcf\",\"name\":\"fw2\",\"image\":{\"@type\":\"ImageObject\",\"inLanguage\":\"pt-BR\",\"@id\":\"https:\/\/lappis.org.br\/site\/#\/schema\/person\/image\/\",\"url\":\"https:\/\/secure.gravatar.com\/avatar\/c38472c0cdbde82d9b6fcc26adb3779d?s=96&d=mm&r=g\",\"contentUrl\":\"https:\/\/secure.gravatar.com\/avatar\/c38472c0cdbde82d9b6fcc26adb3779d?s=96&d=mm&r=g\",\"caption\":\"fw2\"},\"url\":\"https:\/\/lappis.org.br\/site\/author\/fw2\"}]}<\/script>\n<!-- \/ Yoast SEO plugin. -->","yoast_head_json":{"title":"Alunos de p\u00f3s-gradua\u00e7\u00e3o podem participar - Lappis 25 anos","robots":{"index":"index","follow":"follow","max-snippet":"max-snippet:-1","max-image-preview":"max-image-preview:large","max-video-preview":"max-video-preview:-1"},"canonical":"https:\/\/lappis.org.br\/site\/alunos-de-pos-graduacao-podem-participar\/2834","og_locale":"pt_BR","og_type":"article","og_title":"Alunos de p\u00f3s-gradua\u00e7\u00e3o podem participar - Lappis 25 anos","og_description":"A Professora Roseni Pinheiro, L&iacute;der do Grupo de pesquisa LAPPIS, em conjunto com os professores Kenneth Camargo Jr., Adriana Aguiar e Andr&eacute; Lu&iacute;s Mendon&ccedil;a, ministrar&atilde;o as aulas da discilplina &quot;Sa&uacute;de e Sociedade&quot; deste primeiro semestre [...]","og_url":"https:\/\/lappis.org.br\/site\/alunos-de-pos-graduacao-podem-participar\/2834","og_site_name":"Lappis 25 anos","article_published_time":"2014-02-11T16:40:16+00:00","og_image":[{"width":638,"height":382,"url":"https:\/\/lappis.org.br\/site\/wp-content\/uploads\/2014\/02\/antonio-gramsci_h_partb.jpg","type":"image\/jpeg"}],"author":"fw2","twitter_card":"summary_large_image","twitter_misc":{"Escrito por":"fw2","Est. tempo de leitura":"1 minuto"},"schema":{"@context":"https:\/\/schema.org","@graph":[{"@type":"Article","@id":"https:\/\/lappis.org.br\/site\/alunos-de-pos-graduacao-podem-participar\/2834#article","isPartOf":{"@id":"https:\/\/lappis.org.br\/site\/alunos-de-pos-graduacao-podem-participar\/2834"},"author":{"name":"fw2","@id":"https:\/\/lappis.org.br\/site\/#\/schema\/person\/3852381d08284b5e2716b20bd89bdbcf"},"headline":"Alunos de p\u00f3s-gradua\u00e7\u00e3o podem participar","datePublished":"2014-02-11T16:40:16+00:00","mainEntityOfPage":{"@id":"https:\/\/lappis.org.br\/site\/alunos-de-pos-graduacao-podem-participar\/2834"},"wordCount":151,"commentCount":0,"publisher":{"@id":"https:\/\/lappis.org.br\/site\/#organization"},"image":{"@id":"https:\/\/lappis.org.br\/site\/alunos-de-pos-graduacao-podem-participar\/2834#primaryimage"},"thumbnailUrl":"https:\/\/lappis.org.br\/site\/wp-content\/uploads\/2014\/02\/antonio-gramsci_h_partb.jpg","articleSection":["N\u00e3o Destacado"],"inLanguage":"pt-BR","potentialAction":[{"@type":"CommentAction","name":"Comment","target":["https:\/\/lappis.org.br\/site\/alunos-de-pos-graduacao-podem-participar\/2834#respond"]}]},{"@type":"WebPage","@id":"https:\/\/lappis.org.br\/site\/alunos-de-pos-graduacao-podem-participar\/2834","url":"https:\/\/lappis.org.br\/site\/alunos-de-pos-graduacao-podem-participar\/2834","name":"Alunos de p\u00f3s-gradua\u00e7\u00e3o podem participar - Lappis 25 anos","isPartOf":{"@id":"https:\/\/lappis.org.br\/site\/#website"},"primaryImageOfPage":{"@id":"https:\/\/lappis.org.br\/site\/alunos-de-pos-graduacao-podem-participar\/2834#primaryimage"},"image":{"@id":"https:\/\/lappis.org.br\/site\/alunos-de-pos-graduacao-podem-participar\/2834#primaryimage"},"thumbnailUrl":"https:\/\/lappis.org.br\/site\/wp-content\/uploads\/2014\/02\/antonio-gramsci_h_partb.jpg","datePublished":"2014-02-11T16:40:16+00:00","breadcrumb":{"@id":"https:\/\/lappis.org.br\/site\/alunos-de-pos-graduacao-podem-participar\/2834#breadcrumb"},"inLanguage":"pt-BR","potentialAction":[{"@type":"ReadAction","target":["https:\/\/lappis.org.br\/site\/alunos-de-pos-graduacao-podem-participar\/2834"]}]},{"@type":"ImageObject","inLanguage":"pt-BR","@id":"https:\/\/lappis.org.br\/site\/alunos-de-pos-graduacao-podem-participar\/2834#primaryimage","url":"https:\/\/lappis.org.br\/site\/wp-content\/uploads\/2014\/02\/antonio-gramsci_h_partb.jpg","contentUrl":"https:\/\/lappis.org.br\/site\/wp-content\/uploads\/2014\/02\/antonio-gramsci_h_partb.jpg","width":638,"height":382,"caption":"O fil\u00f3sofo italiano Antonio Gramsci"},{"@type":"BreadcrumbList","@id":"https:\/\/lappis.org.br\/site\/alunos-de-pos-graduacao-podem-participar\/2834#breadcrumb","itemListElement":[{"@type":"ListItem","position":1,"name":"In\u00edcio","item":"https:\/\/lappis.org.br\/site\/"},{"@type":"ListItem","position":2,"name":"Alunos de p\u00f3s-gradua\u00e7\u00e3o podem participar"}]},{"@type":"WebSite","@id":"https:\/\/lappis.org.br\/site\/#website","url":"https:\/\/lappis.org.br\/site\/","name":"Lappis 25 anos","description":"Labotat\u00f3rio de Pesquisas sobre Pr\u00e1ticas de Integralidade em Sa\u00fade","publisher":{"@id":"https:\/\/lappis.org.br\/site\/#organization"},"potentialAction":[{"@type":"SearchAction","target":{"@type":"EntryPoint","urlTemplate":"https:\/\/lappis.org.br\/site\/?s={search_term_string}"},"query-input":{"@type":"PropertyValueSpecification","valueRequired":true,"valueName":"search_term_string"}}],"inLanguage":"pt-BR"},{"@type":"Organization","@id":"https:\/\/lappis.org.br\/site\/#organization","name":"Lappis 25 anos","url":"https:\/\/lappis.org.br\/site\/","logo":{"@type":"ImageObject","inLanguage":"pt-BR","@id":"https:\/\/lappis.org.br\/site\/#\/schema\/logo\/image\/","url":"https:\/\/lappis.org.br\/site\/wp-content\/uploads\/2025\/03\/logo-lappis25anos.png","contentUrl":"https:\/\/lappis.org.br\/site\/wp-content\/uploads\/2025\/03\/logo-lappis25anos.png","width":388,"height":146,"caption":"Lappis 25 anos"},"image":{"@id":"https:\/\/lappis.org.br\/site\/#\/schema\/logo\/image\/"}},{"@type":"Person","@id":"https:\/\/lappis.org.br\/site\/#\/schema\/person\/3852381d08284b5e2716b20bd89bdbcf","name":"fw2","image":{"@type":"ImageObject","inLanguage":"pt-BR","@id":"https:\/\/lappis.org.br\/site\/#\/schema\/person\/image\/","url":"https:\/\/secure.gravatar.com\/avatar\/c38472c0cdbde82d9b6fcc26adb3779d?s=96&d=mm&r=g","contentUrl":"https:\/\/secure.gravatar.com\/avatar\/c38472c0cdbde82d9b6fcc26adb3779d?s=96&d=mm&r=g","caption":"fw2"},"url":"https:\/\/lappis.org.br\/site\/author\/fw2"}]}},"jetpack_featured_media_url":"https:\/\/lappis.org.br\/site\/wp-content\/uploads\/2014\/02\/antonio-gramsci_h_partb.jpg","jetpack_shortlink":"https:\/\/wp.me\/p954Nh-JI","jetpack_sharing_enabled":true,"_links":{"self":[{"href":"https:\/\/lappis.org.br\/site\/wp-json\/wp\/v2\/posts\/2834"}],"collection":[{"href":"https:\/\/lappis.org.br\/site\/wp-json\/wp\/v2\/posts"}],"about":[{"href":"https:\/\/lappis.org.br\/site\/wp-json\/wp\/v2\/types\/post"}],"author":[{"embeddable":true,"href":"https:\/\/lappis.org.br\/site\/wp-json\/wp\/v2\/users\/1"}],"replies":[{"embeddable":true,"href":"https:\/\/lappis.org.br\/site\/wp-json\/wp\/v2\/comments?post=2834"}],"version-history":[{"count":0,"href":"https:\/\/lappis.org.br\/site\/wp-json\/wp\/v2\/posts\/2834\/revisions"}],"wp:featuredmedia":[{"embeddable":true,"href":"https:\/\/lappis.org.br\/site\/wp-json\/wp\/v2\/media\/2833"}],"wp:attachment":[{"href":"https:\/\/lappis.org.br\/site\/wp-json\/wp\/v2\/media?parent=2834"}],"wp:term":[{"taxonomy":"category","embeddable":true,"href":"https:\/\/lappis.org.br\/site\/wp-json\/wp\/v2\/categories?post=2834"},{"taxonomy":"post_tag","embeddable":true,"href":"https:\/\/lappis.org.br\/site\/wp-json\/wp\/v2\/tags?post=2834"}],"curies":[{"name":"wp","href":"https:\/\/api.w.org\/{rel}","templated":true}]}}