{"id":2719,"date":"2008-12-19T03:00:00","date_gmt":"2008-12-19T05:00:00","guid":{"rendered":"http:\/\/lappis.org.br\/site\/2008\/12\/19\/1o-congresso-brasileiro-de-saude-mental-perspectivas-em-saude-mental-diversidade-e-aproximacoes\/"},"modified":"2008-12-19T03:00:00","modified_gmt":"2008-12-19T05:00:00","slug":"1o-congresso-brasileiro-de-saude-mental-perspectivas-em-saude-mental-diversidade-e-aproximacoes","status":"publish","type":"post","link":"https:\/\/lappis.org.br\/site\/1o-congresso-brasileiro-de-saude-mental-perspectivas-em-saude-mental-diversidade-e-aproximacoes\/2719","title":{"rendered":"1\u00ba Congresso Brasileiro de Sa\u00fade Mental &#8211; Perspectivas em Sa\u00fade Mental: Diversidade e Aproxima\u00e7\u00f5es"},"content":{"rendered":"<p style=\"text-align: justify;\"> \tRealizado entre os dias 03 e 05 de Dezembro no Centro de Cultura e Eventos da Universidade Federal de Santa Catarina, o 1\u00ba Congresso Brasileiro de Sa\u00fade Mental, teve como finalidade &ldquo;promover, historicamente, as aproxima\u00e7\u00f5es necess\u00e1rias entre os diversos atores sociais, os usu\u00e1rios, os familiares, os profissionais e os acad\u00eamicos que fazem deste campo de pr\u00e1ticas e saberes um dos mais vibrantes no \u00e2mbito do Sistema \u00danico de Sa\u00fade&rdquo;, informou o professor Walter Ferreira de Oliveira, que presidiu o evento.<\/p>\n<p>   O Congresso foi viabilizado atrav\u00e9s de uma parceria firmada entre a ABRASME &#8211; Associa\u00e7\u00e3o Brasileira de Sa\u00fade Mental, o Departamento de Sa\u00fade P\u00fablica da UFSC, \u00f3rg\u00e3os p\u00fablicos e movimentos sociais. <\/p>\n<p style=\"text-align: justify;\"> \tPor esta raz\u00e3o, sua realiza\u00e7\u00e3o buscou atender a uma necessidade de consolida\u00e7\u00e3o de um sistema de sa\u00fade que tem como princ\u00edpios a integralidade, a universalidade de acesso e a descentraliza\u00e7\u00e3o.<br \/> \t\u00a0<br \/> \tDentre outras atividades, os participantes puderam acompanhar mesas de debates, palestras, mini-cursos, oficinas e comunica\u00e7\u00f5es orais. Segundo a bolsista de inicia\u00e7\u00e3o cient\u00edfica do LAPPIS Cristina Lobato, a diversidade das atividades e informa\u00e7\u00f5es difundidas durante o congresso, foram de fundamental import\u00e2ncia para o melhor aproveitamento de quem presenciou o evento: &ldquo;Desde o primeiro dia, a programa\u00e7\u00e3o estava \u00f3tima, pois al\u00e9m da mesa de abertura com Paulo Amarante e outros palestrantes, e os tradicionais simp\u00f3sios e rodas de conversas, houve a apresenta\u00e7\u00e3o da Banda Harmonia Enlouquece que apresentou m\u00fasicas de cunho cr\u00edtico, com um &lsquo;qu\u00ea&rsquo; de desabafo e muito bom humor. Houve ainda apresenta\u00e7\u00e3o do Grupo teatral Terapeutas da Alegria, que atuam desde 2002 e crescem com a colabora\u00e7\u00e3o de graduandos volunt\u00e1rios&rdquo;. Finaliza.<\/p>\n","protected":false},"excerpt":{"rendered":"<div class=\"mh-excerpt\"><p style=\"text-align: justify;\"> \tRealizado entre os dias 03 e 05 de Dezembro no Centro de Cultura e Eventos da Universidade Federal de Santa Catarina, o 1\u00ba Congresso Brasileiro de Sa\u00fade Mental, teve como finalidade &ldquo;promover, historicamente, as aproxima\u00e7\u00f5es necess\u00e1rias entre os diversos atores sociais, os usu\u00e1rios, os familiares, os profissionais e os acad\u00eamicos que fazem deste campo de pr\u00e1ticas e saberes um dos mais vibrantes no \u00e2mbito do Sistema \u00danico de Sa\u00fade&rdquo;, informou o professor Walter Ferreira de Oliveira, que presidiu o evento.<\/p>\n<p>  <a class=\"mh-excerpt-more\" href=\"https:\/\/lappis.org.br\/site\/1o-congresso-brasileiro-de-saude-mental-perspectivas-em-saude-mental-diversidade-e-aproximacoes\/2719\" title=\"1\u00ba Congresso Brasileiro de Sa\u00fade Mental &#8211; Perspectivas em Sa\u00fade Mental: Diversidade e Aproxima\u00e7\u00f5es\">[&#8230;]<\/a><\/p>\n<\/div>","protected":false},"author":1,"featured_media":0,"comment_status":"open","ping_status":"open","sticky":false,"template":"","format":"standard","meta":{"_acf_changed":false,"_exactmetrics_skip_tracking":false,"_exactmetrics_sitenote_active":false,"_exactmetrics_sitenote_note":"","_exactmetrics_sitenote_category":0,"jetpack_post_was_ever_published":false,"_jetpack_newsletter_access":"","_jetpack_dont_email_post_to_subs":false,"_jetpack_newsletter_tier_id":0,"_jetpack_memberships_contains_paywalled_content":false,"_jetpack_memberships_contains_paid_content":false,"footnotes":"","jetpack_publicize_message":"","jetpack_publicize_feature_enabled":true,"jetpack_social_post_already_shared":false,"jetpack_social_options":{"image_generator_settings":{"template":"highway","enabled":false},"version":2}},"categories":[8],"tags":[],"class_list":{"0":"post-2719","1":"post","2":"type-post","3":"status-publish","4":"format-standard","6":"category-noticia"},"jetpack_publicize_connections":[],"acf":[],"yoast_head":"<!-- This site is optimized with the Yoast SEO plugin v25.2 - https:\/\/yoast.com\/wordpress\/plugins\/seo\/ -->\n<title>1\u00ba Congresso Brasileiro de Sa\u00fade Mental - Perspectivas em Sa\u00fade Mental: Diversidade e Aproxima\u00e7\u00f5es - Lappis 25 anos<\/title>\n<meta name=\"robots\" content=\"index, follow, max-snippet:-1, max-image-preview:large, max-video-preview:-1\" \/>\n<link rel=\"canonical\" href=\"https:\/\/lappis.org.br\/site\/1o-congresso-brasileiro-de-saude-mental-perspectivas-em-saude-mental-diversidade-e-aproximacoes\/2719\" \/>\n<meta property=\"og:locale\" content=\"pt_BR\" \/>\n<meta property=\"og:type\" content=\"article\" \/>\n<meta property=\"og:title\" content=\"1\u00ba Congresso Brasileiro de Sa\u00fade Mental - Perspectivas em Sa\u00fade Mental: Diversidade e Aproxima\u00e7\u00f5es - Lappis 25 anos\" \/>\n<meta property=\"og:description\" content=\"Realizado entre os dias 03 e 05 de Dezembro no Centro de Cultura e Eventos da Universidade Federal de Santa Catarina, o 1\u00ba Congresso Brasileiro de Sa\u00fade Mental, teve como finalidade &ldquo;promover, historicamente, as aproxima\u00e7\u00f5es necess\u00e1rias entre os diversos atores sociais, os usu\u00e1rios, os familiares, os profissionais e os acad\u00eamicos que fazem deste campo de pr\u00e1ticas e saberes um dos mais vibrantes no \u00e2mbito do Sistema \u00danico de Sa\u00fade&rdquo;, informou o professor Walter Ferreira de Oliveira, que presidiu o evento. [...]\" \/>\n<meta property=\"og:url\" content=\"https:\/\/lappis.org.br\/site\/1o-congresso-brasileiro-de-saude-mental-perspectivas-em-saude-mental-diversidade-e-aproximacoes\/2719\" \/>\n<meta property=\"og:site_name\" content=\"Lappis 25 anos\" \/>\n<meta property=\"article:published_time\" content=\"2008-12-19T05:00:00+00:00\" \/>\n<meta name=\"author\" content=\"fw2\" \/>\n<meta name=\"twitter:card\" content=\"summary_large_image\" \/>\n<meta name=\"twitter:label1\" content=\"Escrito por\" \/>\n\t<meta name=\"twitter:data1\" content=\"fw2\" \/>\n\t<meta name=\"twitter:label2\" content=\"Est. tempo de leitura\" \/>\n\t<meta name=\"twitter:data2\" content=\"1 minuto\" \/>\n<script type=\"application\/ld+json\" class=\"yoast-schema-graph\">{\"@context\":\"https:\/\/schema.org\",\"@graph\":[{\"@type\":\"Article\",\"@id\":\"https:\/\/lappis.org.br\/site\/1o-congresso-brasileiro-de-saude-mental-perspectivas-em-saude-mental-diversidade-e-aproximacoes\/2719#article\",\"isPartOf\":{\"@id\":\"https:\/\/lappis.org.br\/site\/1o-congresso-brasileiro-de-saude-mental-perspectivas-em-saude-mental-diversidade-e-aproximacoes\/2719\"},\"author\":{\"name\":\"fw2\",\"@id\":\"https:\/\/lappis.org.br\/site\/#\/schema\/person\/3852381d08284b5e2716b20bd89bdbcf\"},\"headline\":\"1\u00ba Congresso Brasileiro de Sa\u00fade Mental &#8211; Perspectivas em Sa\u00fade Mental: Diversidade e Aproxima\u00e7\u00f5es\",\"datePublished\":\"2008-12-19T05:00:00+00:00\",\"mainEntityOfPage\":{\"@id\":\"https:\/\/lappis.org.br\/site\/1o-congresso-brasileiro-de-saude-mental-perspectivas-em-saude-mental-diversidade-e-aproximacoes\/2719\"},\"wordCount\":313,\"commentCount\":0,\"publisher\":{\"@id\":\"https:\/\/lappis.org.br\/site\/#organization\"},\"articleSection\":[\"Not\u00edcia\"],\"inLanguage\":\"pt-BR\",\"potentialAction\":[{\"@type\":\"CommentAction\",\"name\":\"Comment\",\"target\":[\"https:\/\/lappis.org.br\/site\/1o-congresso-brasileiro-de-saude-mental-perspectivas-em-saude-mental-diversidade-e-aproximacoes\/2719#respond\"]}]},{\"@type\":\"WebPage\",\"@id\":\"https:\/\/lappis.org.br\/site\/1o-congresso-brasileiro-de-saude-mental-perspectivas-em-saude-mental-diversidade-e-aproximacoes\/2719\",\"url\":\"https:\/\/lappis.org.br\/site\/1o-congresso-brasileiro-de-saude-mental-perspectivas-em-saude-mental-diversidade-e-aproximacoes\/2719\",\"name\":\"1\u00ba Congresso Brasileiro de Sa\u00fade Mental - Perspectivas em Sa\u00fade Mental: Diversidade e Aproxima\u00e7\u00f5es - Lappis 25 anos\",\"isPartOf\":{\"@id\":\"https:\/\/lappis.org.br\/site\/#website\"},\"datePublished\":\"2008-12-19T05:00:00+00:00\",\"breadcrumb\":{\"@id\":\"https:\/\/lappis.org.br\/site\/1o-congresso-brasileiro-de-saude-mental-perspectivas-em-saude-mental-diversidade-e-aproximacoes\/2719#breadcrumb\"},\"inLanguage\":\"pt-BR\",\"potentialAction\":[{\"@type\":\"ReadAction\",\"target\":[\"https:\/\/lappis.org.br\/site\/1o-congresso-brasileiro-de-saude-mental-perspectivas-em-saude-mental-diversidade-e-aproximacoes\/2719\"]}]},{\"@type\":\"BreadcrumbList\",\"@id\":\"https:\/\/lappis.org.br\/site\/1o-congresso-brasileiro-de-saude-mental-perspectivas-em-saude-mental-diversidade-e-aproximacoes\/2719#breadcrumb\",\"itemListElement\":[{\"@type\":\"ListItem\",\"position\":1,\"name\":\"In\u00edcio\",\"item\":\"https:\/\/lappis.org.br\/site\/\"},{\"@type\":\"ListItem\",\"position\":2,\"name\":\"1\u00ba Congresso Brasileiro de Sa\u00fade Mental &#8211; Perspectivas em Sa\u00fade Mental: Diversidade e Aproxima\u00e7\u00f5es\"}]},{\"@type\":\"WebSite\",\"@id\":\"https:\/\/lappis.org.br\/site\/#website\",\"url\":\"https:\/\/lappis.org.br\/site\/\",\"name\":\"Lappis 25 anos\",\"description\":\"Labotat\u00f3rio de Pesquisas sobre Pr\u00e1ticas de Integralidade em Sa\u00fade\",\"publisher\":{\"@id\":\"https:\/\/lappis.org.br\/site\/#organization\"},\"potentialAction\":[{\"@type\":\"SearchAction\",\"target\":{\"@type\":\"EntryPoint\",\"urlTemplate\":\"https:\/\/lappis.org.br\/site\/?s={search_term_string}\"},\"query-input\":{\"@type\":\"PropertyValueSpecification\",\"valueRequired\":true,\"valueName\":\"search_term_string\"}}],\"inLanguage\":\"pt-BR\"},{\"@type\":\"Organization\",\"@id\":\"https:\/\/lappis.org.br\/site\/#organization\",\"name\":\"Lappis 25 anos\",\"url\":\"https:\/\/lappis.org.br\/site\/\",\"logo\":{\"@type\":\"ImageObject\",\"inLanguage\":\"pt-BR\",\"@id\":\"https:\/\/lappis.org.br\/site\/#\/schema\/logo\/image\/\",\"url\":\"https:\/\/lappis.org.br\/site\/wp-content\/uploads\/2025\/03\/logo-lappis25anos.png\",\"contentUrl\":\"https:\/\/lappis.org.br\/site\/wp-content\/uploads\/2025\/03\/logo-lappis25anos.png\",\"width\":388,\"height\":146,\"caption\":\"Lappis 25 anos\"},\"image\":{\"@id\":\"https:\/\/lappis.org.br\/site\/#\/schema\/logo\/image\/\"}},{\"@type\":\"Person\",\"@id\":\"https:\/\/lappis.org.br\/site\/#\/schema\/person\/3852381d08284b5e2716b20bd89bdbcf\",\"name\":\"fw2\",\"image\":{\"@type\":\"ImageObject\",\"inLanguage\":\"pt-BR\",\"@id\":\"https:\/\/lappis.org.br\/site\/#\/schema\/person\/image\/\",\"url\":\"https:\/\/secure.gravatar.com\/avatar\/c38472c0cdbde82d9b6fcc26adb3779d?s=96&d=mm&r=g\",\"contentUrl\":\"https:\/\/secure.gravatar.com\/avatar\/c38472c0cdbde82d9b6fcc26adb3779d?s=96&d=mm&r=g\",\"caption\":\"fw2\"},\"url\":\"https:\/\/lappis.org.br\/site\/author\/fw2\"}]}<\/script>\n<!-- \/ Yoast SEO plugin. -->","yoast_head_json":{"title":"1\u00ba Congresso Brasileiro de Sa\u00fade Mental - Perspectivas em Sa\u00fade Mental: Diversidade e Aproxima\u00e7\u00f5es - Lappis 25 anos","robots":{"index":"index","follow":"follow","max-snippet":"max-snippet:-1","max-image-preview":"max-image-preview:large","max-video-preview":"max-video-preview:-1"},"canonical":"https:\/\/lappis.org.br\/site\/1o-congresso-brasileiro-de-saude-mental-perspectivas-em-saude-mental-diversidade-e-aproximacoes\/2719","og_locale":"pt_BR","og_type":"article","og_title":"1\u00ba Congresso Brasileiro de Sa\u00fade Mental - Perspectivas em Sa\u00fade Mental: Diversidade e Aproxima\u00e7\u00f5es - Lappis 25 anos","og_description":"Realizado entre os dias 03 e 05 de Dezembro no Centro de Cultura e Eventos da Universidade Federal de Santa Catarina, o 1\u00ba Congresso Brasileiro de Sa\u00fade Mental, teve como finalidade &ldquo;promover, historicamente, as aproxima\u00e7\u00f5es necess\u00e1rias entre os diversos atores sociais, os usu\u00e1rios, os familiares, os profissionais e os acad\u00eamicos que fazem deste campo de pr\u00e1ticas e saberes um dos mais vibrantes no \u00e2mbito do Sistema \u00danico de Sa\u00fade&rdquo;, informou o professor Walter Ferreira de Oliveira, que presidiu o evento. [...]","og_url":"https:\/\/lappis.org.br\/site\/1o-congresso-brasileiro-de-saude-mental-perspectivas-em-saude-mental-diversidade-e-aproximacoes\/2719","og_site_name":"Lappis 25 anos","article_published_time":"2008-12-19T05:00:00+00:00","author":"fw2","twitter_card":"summary_large_image","twitter_misc":{"Escrito por":"fw2","Est. tempo de leitura":"1 minuto"},"schema":{"@context":"https:\/\/schema.org","@graph":[{"@type":"Article","@id":"https:\/\/lappis.org.br\/site\/1o-congresso-brasileiro-de-saude-mental-perspectivas-em-saude-mental-diversidade-e-aproximacoes\/2719#article","isPartOf":{"@id":"https:\/\/lappis.org.br\/site\/1o-congresso-brasileiro-de-saude-mental-perspectivas-em-saude-mental-diversidade-e-aproximacoes\/2719"},"author":{"name":"fw2","@id":"https:\/\/lappis.org.br\/site\/#\/schema\/person\/3852381d08284b5e2716b20bd89bdbcf"},"headline":"1\u00ba Congresso Brasileiro de Sa\u00fade Mental &#8211; Perspectivas em Sa\u00fade Mental: Diversidade e Aproxima\u00e7\u00f5es","datePublished":"2008-12-19T05:00:00+00:00","mainEntityOfPage":{"@id":"https:\/\/lappis.org.br\/site\/1o-congresso-brasileiro-de-saude-mental-perspectivas-em-saude-mental-diversidade-e-aproximacoes\/2719"},"wordCount":313,"commentCount":0,"publisher":{"@id":"https:\/\/lappis.org.br\/site\/#organization"},"articleSection":["Not\u00edcia"],"inLanguage":"pt-BR","potentialAction":[{"@type":"CommentAction","name":"Comment","target":["https:\/\/lappis.org.br\/site\/1o-congresso-brasileiro-de-saude-mental-perspectivas-em-saude-mental-diversidade-e-aproximacoes\/2719#respond"]}]},{"@type":"WebPage","@id":"https:\/\/lappis.org.br\/site\/1o-congresso-brasileiro-de-saude-mental-perspectivas-em-saude-mental-diversidade-e-aproximacoes\/2719","url":"https:\/\/lappis.org.br\/site\/1o-congresso-brasileiro-de-saude-mental-perspectivas-em-saude-mental-diversidade-e-aproximacoes\/2719","name":"1\u00ba Congresso Brasileiro de Sa\u00fade Mental - Perspectivas em Sa\u00fade Mental: Diversidade e Aproxima\u00e7\u00f5es - Lappis 25 anos","isPartOf":{"@id":"https:\/\/lappis.org.br\/site\/#website"},"datePublished":"2008-12-19T05:00:00+00:00","breadcrumb":{"@id":"https:\/\/lappis.org.br\/site\/1o-congresso-brasileiro-de-saude-mental-perspectivas-em-saude-mental-diversidade-e-aproximacoes\/2719#breadcrumb"},"inLanguage":"pt-BR","potentialAction":[{"@type":"ReadAction","target":["https:\/\/lappis.org.br\/site\/1o-congresso-brasileiro-de-saude-mental-perspectivas-em-saude-mental-diversidade-e-aproximacoes\/2719"]}]},{"@type":"BreadcrumbList","@id":"https:\/\/lappis.org.br\/site\/1o-congresso-brasileiro-de-saude-mental-perspectivas-em-saude-mental-diversidade-e-aproximacoes\/2719#breadcrumb","itemListElement":[{"@type":"ListItem","position":1,"name":"In\u00edcio","item":"https:\/\/lappis.org.br\/site\/"},{"@type":"ListItem","position":2,"name":"1\u00ba Congresso Brasileiro de Sa\u00fade Mental &#8211; Perspectivas em Sa\u00fade Mental: Diversidade e Aproxima\u00e7\u00f5es"}]},{"@type":"WebSite","@id":"https:\/\/lappis.org.br\/site\/#website","url":"https:\/\/lappis.org.br\/site\/","name":"Lappis 25 anos","description":"Labotat\u00f3rio de Pesquisas sobre Pr\u00e1ticas de Integralidade em Sa\u00fade","publisher":{"@id":"https:\/\/lappis.org.br\/site\/#organization"},"potentialAction":[{"@type":"SearchAction","target":{"@type":"EntryPoint","urlTemplate":"https:\/\/lappis.org.br\/site\/?s={search_term_string}"},"query-input":{"@type":"PropertyValueSpecification","valueRequired":true,"valueName":"search_term_string"}}],"inLanguage":"pt-BR"},{"@type":"Organization","@id":"https:\/\/lappis.org.br\/site\/#organization","name":"Lappis 25 anos","url":"https:\/\/lappis.org.br\/site\/","logo":{"@type":"ImageObject","inLanguage":"pt-BR","@id":"https:\/\/lappis.org.br\/site\/#\/schema\/logo\/image\/","url":"https:\/\/lappis.org.br\/site\/wp-content\/uploads\/2025\/03\/logo-lappis25anos.png","contentUrl":"https:\/\/lappis.org.br\/site\/wp-content\/uploads\/2025\/03\/logo-lappis25anos.png","width":388,"height":146,"caption":"Lappis 25 anos"},"image":{"@id":"https:\/\/lappis.org.br\/site\/#\/schema\/logo\/image\/"}},{"@type":"Person","@id":"https:\/\/lappis.org.br\/site\/#\/schema\/person\/3852381d08284b5e2716b20bd89bdbcf","name":"fw2","image":{"@type":"ImageObject","inLanguage":"pt-BR","@id":"https:\/\/lappis.org.br\/site\/#\/schema\/person\/image\/","url":"https:\/\/secure.gravatar.com\/avatar\/c38472c0cdbde82d9b6fcc26adb3779d?s=96&d=mm&r=g","contentUrl":"https:\/\/secure.gravatar.com\/avatar\/c38472c0cdbde82d9b6fcc26adb3779d?s=96&d=mm&r=g","caption":"fw2"},"url":"https:\/\/lappis.org.br\/site\/author\/fw2"}]}},"jetpack_featured_media_url":"","jetpack_shortlink":"https:\/\/wp.me\/p954Nh-HR","jetpack_sharing_enabled":true,"_links":{"self":[{"href":"https:\/\/lappis.org.br\/site\/wp-json\/wp\/v2\/posts\/2719"}],"collection":[{"href":"https:\/\/lappis.org.br\/site\/wp-json\/wp\/v2\/posts"}],"about":[{"href":"https:\/\/lappis.org.br\/site\/wp-json\/wp\/v2\/types\/post"}],"author":[{"embeddable":true,"href":"https:\/\/lappis.org.br\/site\/wp-json\/wp\/v2\/users\/1"}],"replies":[{"embeddable":true,"href":"https:\/\/lappis.org.br\/site\/wp-json\/wp\/v2\/comments?post=2719"}],"version-history":[{"count":0,"href":"https:\/\/lappis.org.br\/site\/wp-json\/wp\/v2\/posts\/2719\/revisions"}],"wp:attachment":[{"href":"https:\/\/lappis.org.br\/site\/wp-json\/wp\/v2\/media?parent=2719"}],"wp:term":[{"taxonomy":"category","embeddable":true,"href":"https:\/\/lappis.org.br\/site\/wp-json\/wp\/v2\/categories?post=2719"},{"taxonomy":"post_tag","embeddable":true,"href":"https:\/\/lappis.org.br\/site\/wp-json\/wp\/v2\/tags?post=2719"}],"curies":[{"name":"wp","href":"https:\/\/api.w.org\/{rel}","templated":true}]}}