{"id":2716,"date":"2008-12-19T03:00:00","date_gmt":"2008-12-19T05:00:00","guid":{"rendered":"http:\/\/lappis.org.br\/site\/2008\/12\/19\/lappis-2008-mais-um-ano-de-trabalhos-estudos-e-pesquisa-na-defesa-do-sus-responsabilidade-com-a-integralidade-no-cuidado\/"},"modified":"2008-12-19T03:00:00","modified_gmt":"2008-12-19T05:00:00","slug":"lappis-2008-mais-um-ano-de-trabalhos-estudos-e-pesquisa-na-defesa-do-sus-responsabilidade-com-a-integralidade-no-cuidado","status":"publish","type":"post","link":"https:\/\/lappis.org.br\/site\/lappis-2008-mais-um-ano-de-trabalhos-estudos-e-pesquisa-na-defesa-do-sus-responsabilidade-com-a-integralidade-no-cuidado\/2716","title":{"rendered":"LAPPIS 2008: Mais um ano de trabalhos, estudos e pesquisa na Defesa do SUS &#8211; Responsabilidade com a Integralidade no Cuidado"},"content":{"rendered":"<p style=\"text-align: justify;\"> \tRoseni Pinheiro faz um balan\u00e7o geral do ano 2008 para o LAPPIS &#8220;Foi um ano de muito trabalho, conquistas realizadas e aprendizado obtido. Finalizamos mais uma etapa&#8221;, disse a coordenadora, em entrevista exclusiva ao BoletIN.<\/p>\n<p>   O ano de 2008 foi marcado por grandes conquistas para todos aqueles que trabalham, estudam e atuam no Laborat\u00f3rio de Pesquisas sobre pr\u00e1ticas de Integralidade. <\/p>\n<p style=\"text-align: justify;\"> \t\u00a0<br \/> \tComo exemplos de eventos bem sucedidos realizados pelo LAPPIS e institui\u00e7\u00f5es parceiras, o VIII Semin\u00e1rio Nacional sobre pr\u00e1ticas de Integralidade feito na Universidade Estadual do Rio de Janeiro, que contou com a participa\u00e7\u00e3o de pesquisadores das mais variadas institui\u00e7\u00f5es de todo o pa\u00eds, al\u00e9m do Simp\u00f3sio de Aten\u00e7\u00e3o B\u00e1sica e Integralidade. O LAPPIS ainda promoveu com o apoio do Campo de Interven\u00e7\u00e3o da Cl\u00ednica Dr. Eiras, do Museu Bispo do Ros\u00e1rio e do Laborat\u00f3rio de Estudos e Pesquisas em Sa\u00fade Mental e Aten\u00e7\u00e3o Psicossocial (LAPS\/ENSP\/FIOCRUZ) a exposi\u00e7\u00e3o Singularidades, que reuni obras de autoria de ex-pacientes internados na Clinica Eiras na UERJ. A exposi\u00e7\u00e3o Singularidades lan\u00e7ada em novembro de 2008 est\u00e1 sendo exibida na sala de exposi\u00e7\u00f5es da Rede Sirius, 3\u00ba andar da UERJ, no campus Jo\u00e3o Lira Filho, que continuar\u00e1 aberta ao publico at\u00e9 mar\u00e7o de 2009.<br \/> \t\u00a0<br \/> \tCom todas essas atividades, as expectativas para o pr\u00f3ximo ano s\u00e3o as melhores poss\u00edveis, como afirma a coordenadora do LAPPIS Roseni Pinheiro, que dentre outros assuntos, explica a trajet\u00f3ria tra\u00e7ada pelo laborat\u00f3rio durante o ano de 2008: &#8220;Foi um ano marcado por muitas lutas, conquistas e aprendizado. O VIII Semin\u00e1rio sobre Pr\u00e1ticas de Integralidade e o Simp\u00f3sio de Aten\u00e7\u00e3o B\u00e1sica foram eventos, que trouxeram resultados de pesquisas realizadas sobre o cuidado como\u00a0 exerc\u00edcio da responsabilidade com a integralidade das a\u00e7\u00f5es e as pr\u00e1ticas avaliativas. Em especial, a coordenadora destaca o Simp\u00f3sio da Aten\u00e7\u00e3o B\u00e1sica justamente por plasmar o esp\u00edrito de integra\u00e7\u00e3o das institui\u00e7\u00f5es participantes do grupo LAPPIS, pois reuniu esfor\u00e7os de seus pesquisadores em oferecer um conhecimento fundado na experi\u00eancias dos trabalhadores, gestores usu\u00e1rios e estudantes na aten\u00e7\u00e3o b\u00e1sica, na medida em que busca retomar a import\u00e2ncia da integra\u00e7\u00e3o entre gest\u00e3o, conhecimento e pr\u00e1ticas dos trabalhadores e direito \u00e0 sa\u00fade. A id\u00e9ia de propor os itiner\u00e1rios terap\u00eauticos e trajet\u00f3rias assistenciais como pr\u00e1ticas avaliativas amistosas \u00e0 integralidade s\u00e3o perspectivas de fato centradas nos usu\u00e1rios, na medida em que oferecem elementos para compreens\u00e3o sobre as outras redes sociais e de que modo interagem ou n\u00e3o com as redes de servi\u00e7os, enfim sistemas de sa\u00fade. Identifico nessa pesquisa uma pot\u00eancia formativa semelhante \u00e0quela oferecida pela pesquisa do Ensina SUS, constituindo-se mais uma refer\u00eancia interessante nas nossas produ\u00e7\u00f5es para os campos do ensino, pesquisa e extens\u00e3o na sa\u00fade&rdquo;.<br \/> \t\u00a0<br \/> \tJ\u00e1 a exposi\u00e7\u00e3o Singularidades, tamb\u00e9m merece destaque neste ano nas atividades do LAPPIS por abordar o universo art\u00edstico de internos e ex-internos da cl\u00ednica Dr. Eiras por interm\u00e9dio deste olhar, otimizar a quest\u00e3o do cuidado com o usu\u00e1rio de sa\u00fade mental: &ldquo;A id\u00e9ia da exposi\u00e7\u00e3o est\u00e1 acoplada ao desdobramento da segunda fase de um processo de pesquisa da desinstitucionaliza\u00e7\u00e3o em sa\u00fade mental, que visa problematizar as categorias de demanda e oferta, al\u00e9m do o pr\u00f3prio instrumento de avalia\u00e7\u00e3o&rdquo;, conta a pesquisadora. A produ\u00e7\u00e3o do document\u00e1rio a ser finalizado esse m\u00eas tem sido uma grande contribui\u00e7\u00e3o da pesquisa. A coordenadora do LAPPIS ressalta a import\u00e2ncia de profissionais como Cristina Vidal, Ricardo Aquino e Paulo Amarante, que com trabalho e compet\u00eancia e dedica\u00e7\u00e3o, ajudaram a viabilizar o evento, mas n\u00e3o esquece de enaltecer o apoio da Sub-Reitoria de Extens\u00e3o e Cultura da UERJ na sua realiza\u00e7\u00e3o: &ldquo;Sem d\u00favidas a exposi\u00e7\u00e3o e o document\u00e1rio, aliados \u00e0 pesquisa, somente foram poss\u00edveis de serem realizados, com o apoio irrestrito da Profa. Regina Henriques e da equipe do CTE da SR3, a Rede Sirius e a FAPERJ. Tenho muito orgulho de ter minha trajet\u00f3ria acad\u00eamica constru\u00edda na UERJ, que vem oferecendo ao longo de sua hist\u00f3ria contribui\u00e7\u00f5es para uma sociedade mais justa tanto no estado do Rio de Janeiro como no pa\u00eds. Na Sa\u00fade, o Instituto de Medicina Social foi um dos principais protagonistas na cria\u00e7\u00e3o do SUS, enfim fico muito contente de ser integrante do corpo docente e o celeiro do Grupo do LAPPIS&rdquo;.<br \/> \t\u00a0<br \/> \tOutra atividade que merece ser lembrada \u00e9 a participa\u00e7\u00e3o do LAPPIS no 8\u00ba Congresso Regional de Ci\u00eancia da Informa\u00e7\u00e3o da Sa\u00fade, realizado na Fiocruz, no m\u00eas de setembro. Dentre outras atribui\u00e7\u00f5es, o evento abrangeu campos de informa\u00e7\u00e3o, gest\u00e3o do conhecimento e pesquisa em evid\u00eancias, comunica\u00e7\u00e3o cient\u00edfica, biblioteconomia, ci\u00eancia da informa\u00e7\u00e3o, metodologias e tecnologias de informa\u00e7\u00e3o e suas aplica\u00e7\u00f5es para o desenvolvimento da pesquisa. Al\u00e9m de abordar temas como educa\u00e7\u00e3o e sistemas de aten\u00e7\u00e3o \u00e0 sa\u00fade. Mais um agradecimento \u00e0s parcerias, neste caso ao ICICT\/FIOCRUZ: &ldquo;A companheira de trabalho e amiga Ilma Noronha, diretora do -ICICT\/FIOCRUZ, juntamente com Jussara \u00a0Long &ndash; coordenadora da BVS de Sa\u00fade Publica e a Regina Tinoco Diretora da Rede Sirius da UERJ, foram fundamentais para lograr a BVS Integralidade, j\u00e1 certificada pela BIREME-PAHO-OMS-OPAS. A nossa participa\u00e7\u00e3o no evento BVS5 no Congresso foi muito importante para trocarmos experi\u00eancias.&rdquo;<br \/> \t\u00a0<br \/> \tUm dos pontos altos de 2008 foi a comemora\u00e7\u00e3o dos 20 anos do SUS Constitucional. Os debates realizados em torno deste tema, que no VIII Semin\u00e1rio Integralidade enfatizou a responsabilidade coletiva, constitu\u00edram um caminho promissor de se reavaliar as medidas adotadas nas pol\u00edticas publica junto ao SUS. Deste modo, foram realizadas in\u00fameras palestras e semin\u00e1rios voltados para o assunto em que se pode observar um avan\u00e7o consider\u00e1vel no que diz respeito \u00e0 constitui\u00e7\u00e3o de pol\u00edticas de sa\u00fade. \u00a0<br \/> \t\u00a0<br \/> \tE por fim, a coordenadora fala da expressiva procura das produ\u00e7\u00f5es do LAPPIS, que reconhece como positiva e deve-se ao m\u00e9rito e a seriedade do trabalho do grupo, sobretudo o compromisso assumido pelas parcerias: &ldquo;O m\u00e9rito pelas bem sucedidas publica\u00e7\u00f5es e outras produ\u00e7\u00f5es realizadas pelo nosso grupo de pesquisa se deve a dedica\u00e7\u00e3o e ao compromisso das parcerias vinculadas aos projetos aqui desenvolvidos. A participa\u00e7\u00e3o de institui\u00e7\u00f5es parceiras em nossa produ\u00e7\u00e3o \u00e9 de extrema import\u00e2ncia, destaco aqui particularmente o ISC\/UFF, bem representada na figura do professor Aluisio Gomes da Silva Jr e a partir deste ano do NUCEM\/UFPE na figura do Professor Paulo Henrique Martins, que movidos pelo esp\u00edrito de compartilhamento nos possibilitou o revigoramento dos nossos debates. A solidariedade do conhecimento se afirma, n\u00e3o somente com discursos, mas a\u00e7\u00f5es, pois n\u00e3o nos cabe agir individualmente, pois sem o outro n\u00e3o nos singularizamos. N\u00e3o d\u00e1 para sermos an\u00e1rquicos, descomprometidos e nem vaidosos. \u00c9 uma escolha \u00e9tico pol\u00edtica de produzir pesquisa, conhecimento. A produ\u00e7\u00e3o de conhecimento n\u00e3o pode ser o exerc\u00edcio do livre pensamento, individualizado, mas fruto de um agir pensado, coletivo, e por isso respons\u00e1vel. S\u00f3 acredito que chegamos at\u00e9 aqui com muita simplicidade, o que n\u00e3o significa pouco trabalho. Afinal como nos ensina Clarice Lispector: <em>Que ningu\u00e9m se engane: s\u00f3 se consegue a simplicidade, atrav\u00e9s de muito trabalho<\/em>. Feliz Natal e um ano de 2009 com muita simplicidade \u00e9 claro! Novas e duradoura integralidade tamb\u00e9m&rdquo; encerra.<\/p>\n","protected":false},"excerpt":{"rendered":"<div class=\"mh-excerpt\"><p style=\"text-align: justify;\"> \tRoseni Pinheiro faz um balan\u00e7o geral do ano 2008 para o LAPPIS &#8220;Foi um ano de muito trabalho, conquistas realizadas e aprendizado obtido. Finalizamos mais uma etapa&#8221;, disse a coordenadora, em entrevista exclusiva ao BoletIN.<\/p>\n<p>  <a class=\"mh-excerpt-more\" href=\"https:\/\/lappis.org.br\/site\/lappis-2008-mais-um-ano-de-trabalhos-estudos-e-pesquisa-na-defesa-do-sus-responsabilidade-com-a-integralidade-no-cuidado\/2716\" title=\"LAPPIS 2008: Mais um ano de trabalhos, estudos e pesquisa na Defesa do SUS &#8211; Responsabilidade com a Integralidade no Cuidado\">[&#8230;]<\/a><\/p>\n<\/div>","protected":false},"author":1,"featured_media":0,"comment_status":"open","ping_status":"open","sticky":false,"template":"","format":"standard","meta":{"_acf_changed":false,"_exactmetrics_skip_tracking":false,"_exactmetrics_sitenote_active":false,"_exactmetrics_sitenote_note":"","_exactmetrics_sitenote_category":0,"jetpack_post_was_ever_published":false,"_jetpack_newsletter_access":"","_jetpack_dont_email_post_to_subs":false,"_jetpack_newsletter_tier_id":0,"_jetpack_memberships_contains_paywalled_content":false,"_jetpack_memberships_contains_paid_content":false,"footnotes":"","jetpack_publicize_message":"","jetpack_publicize_feature_enabled":true,"jetpack_social_post_already_shared":false,"jetpack_social_options":{"image_generator_settings":{"template":"highway","enabled":false},"version":2}},"categories":[8],"tags":[],"class_list":{"0":"post-2716","1":"post","2":"type-post","3":"status-publish","4":"format-standard","6":"category-noticia"},"jetpack_publicize_connections":[],"acf":[],"yoast_head":"<!-- This site is optimized with the Yoast SEO plugin v25.2 - https:\/\/yoast.com\/wordpress\/plugins\/seo\/ -->\n<title>LAPPIS 2008: Mais um ano de trabalhos, estudos e pesquisa na Defesa do SUS - Responsabilidade com a Integralidade no Cuidado - Lappis 25 anos<\/title>\n<meta name=\"robots\" content=\"index, follow, max-snippet:-1, max-image-preview:large, max-video-preview:-1\" \/>\n<link rel=\"canonical\" href=\"https:\/\/lappis.org.br\/site\/lappis-2008-mais-um-ano-de-trabalhos-estudos-e-pesquisa-na-defesa-do-sus-responsabilidade-com-a-integralidade-no-cuidado\/2716\" \/>\n<meta property=\"og:locale\" content=\"pt_BR\" \/>\n<meta property=\"og:type\" content=\"article\" \/>\n<meta property=\"og:title\" content=\"LAPPIS 2008: Mais um ano de trabalhos, estudos e pesquisa na Defesa do SUS - Responsabilidade com a Integralidade no Cuidado - Lappis 25 anos\" \/>\n<meta property=\"og:description\" content=\"Roseni Pinheiro faz um balan\u00e7o geral do ano 2008 para o LAPPIS &quot;Foi um ano de muito trabalho, conquistas realizadas e aprendizado obtido. Finalizamos mais uma etapa&quot;, disse a coordenadora, em entrevista exclusiva ao BoletIN. [...]\" \/>\n<meta property=\"og:url\" content=\"https:\/\/lappis.org.br\/site\/lappis-2008-mais-um-ano-de-trabalhos-estudos-e-pesquisa-na-defesa-do-sus-responsabilidade-com-a-integralidade-no-cuidado\/2716\" \/>\n<meta property=\"og:site_name\" content=\"Lappis 25 anos\" \/>\n<meta property=\"article:published_time\" content=\"2008-12-19T05:00:00+00:00\" \/>\n<meta name=\"author\" content=\"fw2\" \/>\n<meta name=\"twitter:card\" content=\"summary_large_image\" \/>\n<meta name=\"twitter:label1\" content=\"Escrito por\" \/>\n\t<meta name=\"twitter:data1\" content=\"fw2\" \/>\n\t<meta name=\"twitter:label2\" content=\"Est. tempo de leitura\" \/>\n\t<meta name=\"twitter:data2\" content=\"6 minutos\" \/>\n<script type=\"application\/ld+json\" class=\"yoast-schema-graph\">{\"@context\":\"https:\/\/schema.org\",\"@graph\":[{\"@type\":\"Article\",\"@id\":\"https:\/\/lappis.org.br\/site\/lappis-2008-mais-um-ano-de-trabalhos-estudos-e-pesquisa-na-defesa-do-sus-responsabilidade-com-a-integralidade-no-cuidado\/2716#article\",\"isPartOf\":{\"@id\":\"https:\/\/lappis.org.br\/site\/lappis-2008-mais-um-ano-de-trabalhos-estudos-e-pesquisa-na-defesa-do-sus-responsabilidade-com-a-integralidade-no-cuidado\/2716\"},\"author\":{\"name\":\"fw2\",\"@id\":\"https:\/\/lappis.org.br\/site\/#\/schema\/person\/3852381d08284b5e2716b20bd89bdbcf\"},\"headline\":\"LAPPIS 2008: Mais um ano de trabalhos, estudos e pesquisa na Defesa do SUS &#8211; Responsabilidade com a Integralidade no Cuidado\",\"datePublished\":\"2008-12-19T05:00:00+00:00\",\"mainEntityOfPage\":{\"@id\":\"https:\/\/lappis.org.br\/site\/lappis-2008-mais-um-ano-de-trabalhos-estudos-e-pesquisa-na-defesa-do-sus-responsabilidade-com-a-integralidade-no-cuidado\/2716\"},\"wordCount\":1318,\"commentCount\":0,\"publisher\":{\"@id\":\"https:\/\/lappis.org.br\/site\/#organization\"},\"articleSection\":[\"Not\u00edcia\"],\"inLanguage\":\"pt-BR\",\"potentialAction\":[{\"@type\":\"CommentAction\",\"name\":\"Comment\",\"target\":[\"https:\/\/lappis.org.br\/site\/lappis-2008-mais-um-ano-de-trabalhos-estudos-e-pesquisa-na-defesa-do-sus-responsabilidade-com-a-integralidade-no-cuidado\/2716#respond\"]}]},{\"@type\":\"WebPage\",\"@id\":\"https:\/\/lappis.org.br\/site\/lappis-2008-mais-um-ano-de-trabalhos-estudos-e-pesquisa-na-defesa-do-sus-responsabilidade-com-a-integralidade-no-cuidado\/2716\",\"url\":\"https:\/\/lappis.org.br\/site\/lappis-2008-mais-um-ano-de-trabalhos-estudos-e-pesquisa-na-defesa-do-sus-responsabilidade-com-a-integralidade-no-cuidado\/2716\",\"name\":\"LAPPIS 2008: Mais um ano de trabalhos, estudos e pesquisa na Defesa do SUS - Responsabilidade com a Integralidade no Cuidado - Lappis 25 anos\",\"isPartOf\":{\"@id\":\"https:\/\/lappis.org.br\/site\/#website\"},\"datePublished\":\"2008-12-19T05:00:00+00:00\",\"breadcrumb\":{\"@id\":\"https:\/\/lappis.org.br\/site\/lappis-2008-mais-um-ano-de-trabalhos-estudos-e-pesquisa-na-defesa-do-sus-responsabilidade-com-a-integralidade-no-cuidado\/2716#breadcrumb\"},\"inLanguage\":\"pt-BR\",\"potentialAction\":[{\"@type\":\"ReadAction\",\"target\":[\"https:\/\/lappis.org.br\/site\/lappis-2008-mais-um-ano-de-trabalhos-estudos-e-pesquisa-na-defesa-do-sus-responsabilidade-com-a-integralidade-no-cuidado\/2716\"]}]},{\"@type\":\"BreadcrumbList\",\"@id\":\"https:\/\/lappis.org.br\/site\/lappis-2008-mais-um-ano-de-trabalhos-estudos-e-pesquisa-na-defesa-do-sus-responsabilidade-com-a-integralidade-no-cuidado\/2716#breadcrumb\",\"itemListElement\":[{\"@type\":\"ListItem\",\"position\":1,\"name\":\"In\u00edcio\",\"item\":\"https:\/\/lappis.org.br\/site\/\"},{\"@type\":\"ListItem\",\"position\":2,\"name\":\"LAPPIS 2008: Mais um ano de trabalhos, estudos e pesquisa na Defesa do SUS &#8211; Responsabilidade com a Integralidade no Cuidado\"}]},{\"@type\":\"WebSite\",\"@id\":\"https:\/\/lappis.org.br\/site\/#website\",\"url\":\"https:\/\/lappis.org.br\/site\/\",\"name\":\"Lappis 25 anos\",\"description\":\"Labotat\u00f3rio de Pesquisas sobre Pr\u00e1ticas de Integralidade em Sa\u00fade\",\"publisher\":{\"@id\":\"https:\/\/lappis.org.br\/site\/#organization\"},\"potentialAction\":[{\"@type\":\"SearchAction\",\"target\":{\"@type\":\"EntryPoint\",\"urlTemplate\":\"https:\/\/lappis.org.br\/site\/?s={search_term_string}\"},\"query-input\":{\"@type\":\"PropertyValueSpecification\",\"valueRequired\":true,\"valueName\":\"search_term_string\"}}],\"inLanguage\":\"pt-BR\"},{\"@type\":\"Organization\",\"@id\":\"https:\/\/lappis.org.br\/site\/#organization\",\"name\":\"Lappis 25 anos\",\"url\":\"https:\/\/lappis.org.br\/site\/\",\"logo\":{\"@type\":\"ImageObject\",\"inLanguage\":\"pt-BR\",\"@id\":\"https:\/\/lappis.org.br\/site\/#\/schema\/logo\/image\/\",\"url\":\"https:\/\/lappis.org.br\/site\/wp-content\/uploads\/2025\/03\/logo-lappis25anos.png\",\"contentUrl\":\"https:\/\/lappis.org.br\/site\/wp-content\/uploads\/2025\/03\/logo-lappis25anos.png\",\"width\":388,\"height\":146,\"caption\":\"Lappis 25 anos\"},\"image\":{\"@id\":\"https:\/\/lappis.org.br\/site\/#\/schema\/logo\/image\/\"}},{\"@type\":\"Person\",\"@id\":\"https:\/\/lappis.org.br\/site\/#\/schema\/person\/3852381d08284b5e2716b20bd89bdbcf\",\"name\":\"fw2\",\"image\":{\"@type\":\"ImageObject\",\"inLanguage\":\"pt-BR\",\"@id\":\"https:\/\/lappis.org.br\/site\/#\/schema\/person\/image\/\",\"url\":\"https:\/\/secure.gravatar.com\/avatar\/c38472c0cdbde82d9b6fcc26adb3779d?s=96&d=mm&r=g\",\"contentUrl\":\"https:\/\/secure.gravatar.com\/avatar\/c38472c0cdbde82d9b6fcc26adb3779d?s=96&d=mm&r=g\",\"caption\":\"fw2\"},\"url\":\"https:\/\/lappis.org.br\/site\/author\/fw2\"}]}<\/script>\n<!-- \/ Yoast SEO plugin. -->","yoast_head_json":{"title":"LAPPIS 2008: Mais um ano de trabalhos, estudos e pesquisa na Defesa do SUS - Responsabilidade com a Integralidade no Cuidado - Lappis 25 anos","robots":{"index":"index","follow":"follow","max-snippet":"max-snippet:-1","max-image-preview":"max-image-preview:large","max-video-preview":"max-video-preview:-1"},"canonical":"https:\/\/lappis.org.br\/site\/lappis-2008-mais-um-ano-de-trabalhos-estudos-e-pesquisa-na-defesa-do-sus-responsabilidade-com-a-integralidade-no-cuidado\/2716","og_locale":"pt_BR","og_type":"article","og_title":"LAPPIS 2008: Mais um ano de trabalhos, estudos e pesquisa na Defesa do SUS - Responsabilidade com a Integralidade no Cuidado - Lappis 25 anos","og_description":"Roseni Pinheiro faz um balan\u00e7o geral do ano 2008 para o LAPPIS \"Foi um ano de muito trabalho, conquistas realizadas e aprendizado obtido. Finalizamos mais uma etapa\", disse a coordenadora, em entrevista exclusiva ao BoletIN. [...]","og_url":"https:\/\/lappis.org.br\/site\/lappis-2008-mais-um-ano-de-trabalhos-estudos-e-pesquisa-na-defesa-do-sus-responsabilidade-com-a-integralidade-no-cuidado\/2716","og_site_name":"Lappis 25 anos","article_published_time":"2008-12-19T05:00:00+00:00","author":"fw2","twitter_card":"summary_large_image","twitter_misc":{"Escrito por":"fw2","Est. tempo de leitura":"6 minutos"},"schema":{"@context":"https:\/\/schema.org","@graph":[{"@type":"Article","@id":"https:\/\/lappis.org.br\/site\/lappis-2008-mais-um-ano-de-trabalhos-estudos-e-pesquisa-na-defesa-do-sus-responsabilidade-com-a-integralidade-no-cuidado\/2716#article","isPartOf":{"@id":"https:\/\/lappis.org.br\/site\/lappis-2008-mais-um-ano-de-trabalhos-estudos-e-pesquisa-na-defesa-do-sus-responsabilidade-com-a-integralidade-no-cuidado\/2716"},"author":{"name":"fw2","@id":"https:\/\/lappis.org.br\/site\/#\/schema\/person\/3852381d08284b5e2716b20bd89bdbcf"},"headline":"LAPPIS 2008: Mais um ano de trabalhos, estudos e pesquisa na Defesa do SUS &#8211; Responsabilidade com a Integralidade no Cuidado","datePublished":"2008-12-19T05:00:00+00:00","mainEntityOfPage":{"@id":"https:\/\/lappis.org.br\/site\/lappis-2008-mais-um-ano-de-trabalhos-estudos-e-pesquisa-na-defesa-do-sus-responsabilidade-com-a-integralidade-no-cuidado\/2716"},"wordCount":1318,"commentCount":0,"publisher":{"@id":"https:\/\/lappis.org.br\/site\/#organization"},"articleSection":["Not\u00edcia"],"inLanguage":"pt-BR","potentialAction":[{"@type":"CommentAction","name":"Comment","target":["https:\/\/lappis.org.br\/site\/lappis-2008-mais-um-ano-de-trabalhos-estudos-e-pesquisa-na-defesa-do-sus-responsabilidade-com-a-integralidade-no-cuidado\/2716#respond"]}]},{"@type":"WebPage","@id":"https:\/\/lappis.org.br\/site\/lappis-2008-mais-um-ano-de-trabalhos-estudos-e-pesquisa-na-defesa-do-sus-responsabilidade-com-a-integralidade-no-cuidado\/2716","url":"https:\/\/lappis.org.br\/site\/lappis-2008-mais-um-ano-de-trabalhos-estudos-e-pesquisa-na-defesa-do-sus-responsabilidade-com-a-integralidade-no-cuidado\/2716","name":"LAPPIS 2008: Mais um ano de trabalhos, estudos e pesquisa na Defesa do SUS - Responsabilidade com a Integralidade no Cuidado - Lappis 25 anos","isPartOf":{"@id":"https:\/\/lappis.org.br\/site\/#website"},"datePublished":"2008-12-19T05:00:00+00:00","breadcrumb":{"@id":"https:\/\/lappis.org.br\/site\/lappis-2008-mais-um-ano-de-trabalhos-estudos-e-pesquisa-na-defesa-do-sus-responsabilidade-com-a-integralidade-no-cuidado\/2716#breadcrumb"},"inLanguage":"pt-BR","potentialAction":[{"@type":"ReadAction","target":["https:\/\/lappis.org.br\/site\/lappis-2008-mais-um-ano-de-trabalhos-estudos-e-pesquisa-na-defesa-do-sus-responsabilidade-com-a-integralidade-no-cuidado\/2716"]}]},{"@type":"BreadcrumbList","@id":"https:\/\/lappis.org.br\/site\/lappis-2008-mais-um-ano-de-trabalhos-estudos-e-pesquisa-na-defesa-do-sus-responsabilidade-com-a-integralidade-no-cuidado\/2716#breadcrumb","itemListElement":[{"@type":"ListItem","position":1,"name":"In\u00edcio","item":"https:\/\/lappis.org.br\/site\/"},{"@type":"ListItem","position":2,"name":"LAPPIS 2008: Mais um ano de trabalhos, estudos e pesquisa na Defesa do SUS &#8211; Responsabilidade com a Integralidade no Cuidado"}]},{"@type":"WebSite","@id":"https:\/\/lappis.org.br\/site\/#website","url":"https:\/\/lappis.org.br\/site\/","name":"Lappis 25 anos","description":"Labotat\u00f3rio de Pesquisas sobre Pr\u00e1ticas de Integralidade em Sa\u00fade","publisher":{"@id":"https:\/\/lappis.org.br\/site\/#organization"},"potentialAction":[{"@type":"SearchAction","target":{"@type":"EntryPoint","urlTemplate":"https:\/\/lappis.org.br\/site\/?s={search_term_string}"},"query-input":{"@type":"PropertyValueSpecification","valueRequired":true,"valueName":"search_term_string"}}],"inLanguage":"pt-BR"},{"@type":"Organization","@id":"https:\/\/lappis.org.br\/site\/#organization","name":"Lappis 25 anos","url":"https:\/\/lappis.org.br\/site\/","logo":{"@type":"ImageObject","inLanguage":"pt-BR","@id":"https:\/\/lappis.org.br\/site\/#\/schema\/logo\/image\/","url":"https:\/\/lappis.org.br\/site\/wp-content\/uploads\/2025\/03\/logo-lappis25anos.png","contentUrl":"https:\/\/lappis.org.br\/site\/wp-content\/uploads\/2025\/03\/logo-lappis25anos.png","width":388,"height":146,"caption":"Lappis 25 anos"},"image":{"@id":"https:\/\/lappis.org.br\/site\/#\/schema\/logo\/image\/"}},{"@type":"Person","@id":"https:\/\/lappis.org.br\/site\/#\/schema\/person\/3852381d08284b5e2716b20bd89bdbcf","name":"fw2","image":{"@type":"ImageObject","inLanguage":"pt-BR","@id":"https:\/\/lappis.org.br\/site\/#\/schema\/person\/image\/","url":"https:\/\/secure.gravatar.com\/avatar\/c38472c0cdbde82d9b6fcc26adb3779d?s=96&d=mm&r=g","contentUrl":"https:\/\/secure.gravatar.com\/avatar\/c38472c0cdbde82d9b6fcc26adb3779d?s=96&d=mm&r=g","caption":"fw2"},"url":"https:\/\/lappis.org.br\/site\/author\/fw2"}]}},"jetpack_featured_media_url":"","jetpack_shortlink":"https:\/\/wp.me\/p954Nh-HO","jetpack_sharing_enabled":true,"_links":{"self":[{"href":"https:\/\/lappis.org.br\/site\/wp-json\/wp\/v2\/posts\/2716"}],"collection":[{"href":"https:\/\/lappis.org.br\/site\/wp-json\/wp\/v2\/posts"}],"about":[{"href":"https:\/\/lappis.org.br\/site\/wp-json\/wp\/v2\/types\/post"}],"author":[{"embeddable":true,"href":"https:\/\/lappis.org.br\/site\/wp-json\/wp\/v2\/users\/1"}],"replies":[{"embeddable":true,"href":"https:\/\/lappis.org.br\/site\/wp-json\/wp\/v2\/comments?post=2716"}],"version-history":[{"count":0,"href":"https:\/\/lappis.org.br\/site\/wp-json\/wp\/v2\/posts\/2716\/revisions"}],"wp:attachment":[{"href":"https:\/\/lappis.org.br\/site\/wp-json\/wp\/v2\/media?parent=2716"}],"wp:term":[{"taxonomy":"category","embeddable":true,"href":"https:\/\/lappis.org.br\/site\/wp-json\/wp\/v2\/categories?post=2716"},{"taxonomy":"post_tag","embeddable":true,"href":"https:\/\/lappis.org.br\/site\/wp-json\/wp\/v2\/tags?post=2716"}],"curies":[{"name":"wp","href":"https:\/\/api.w.org\/{rel}","templated":true}]}}