{"id":2715,"date":"2008-12-19T03:00:00","date_gmt":"2008-12-19T05:00:00","guid":{"rendered":"http:\/\/lappis.org.br\/site\/2008\/12\/19\/destaque-do-boletin-das-comemoracoes-dos-20-anos-da-implantacao-do-sus\/"},"modified":"2008-12-19T03:00:00","modified_gmt":"2008-12-19T05:00:00","slug":"destaque-do-boletin-das-comemoracoes-dos-20-anos-da-implantacao-do-sus","status":"publish","type":"post","link":"https:\/\/lappis.org.br\/site\/destaque-do-boletin-das-comemoracoes-dos-20-anos-da-implantacao-do-sus\/2715","title":{"rendered":"Destaque do BoletIN das Comemora\u00e7\u00f5es dos  20 anos da Implanta\u00e7\u00e3o do SUS"},"content":{"rendered":"<p><strong>An\u00e1lise de S\u00f4nia Fleury: &#8220;Partidos, governo e os equ\u00edvocos sobre o SUS&#8221; e a edi\u00e7\u00e3o de janeiro 2009 do American Journal Public Health por Kenneth Rochel de Camargo Jr.<\/strong><br \/>   O Centro Brasileiro de Estudos em Sa\u00fade divulgou em seu blog, atrav\u00e9s da presidente S\u00f4nia Fleury, texto que comenta os rumos da sa\u00fade p\u00fablica brasileira no ano de 2008, em que se comemorou 20 anos da implanta\u00e7\u00e3o do SUS Constitucional. Dentre outras atribui\u00e7\u00f5es, ela escreveu a respeito da import\u00e2ncia da aten\u00e7\u00e3o \u00e0 sa\u00fade para a popula\u00e7\u00e3o brasileira e lembrou a grande preocupa\u00e7\u00e3o existente com as dificuldades de acesso a servi\u00e7os de sa\u00fade p\u00fablica.<br \/> \u00a0<br \/> Embora os fatos listados sejam de grande relev\u00e2ncia, ela acredita na exist\u00eancia de consider\u00e1vel avan\u00e7o em detrimento dos anos anteriores, embora pondere que ainda exista longo caminho a percorrer: &#8220;Imposs\u00edvel desconhecer os dramas cotidianos pelos quais passam pacientes e familiares e, fundamentalmente, a inseguran\u00e7a da maioria da popula\u00e7\u00e3o em rela\u00e7\u00e3o \u00e0 garantia efetiva de uma aten\u00e7\u00e3o integral, que realize o direito \u00e0 sa\u00fade que foi garantido na Constitui\u00e7\u00e3o de 1988&#8221;, salienta a presidente da institui\u00e7\u00e3o.<br \/> \u00a0<br \/> Neste sentido, ela explica que as mazelas encontradas no Sistema \u00danico de Sa\u00fade t\u00eam suas ra\u00edzes na maneira descomprometida em que este foi implantado nas diversas regi\u00f5es brasileiras: &#8220;Esta inseguran\u00e7a tem fundamentos concretos em v\u00e1rios munic\u00edpios brasileiros, cuja implanta\u00e7\u00e3o do SUS se deu de forma imperfeita e truncada, mas tamb\u00e9m \u00e9 fruto da aus\u00eancia de informa\u00e7\u00f5es sobre milh\u00f5es de pessoas que, anualmente, s\u00e3o atendidas em todo o pa\u00eds em servi\u00e7os da mais simples a mais alta complexidade&#8221;.<br \/> \u00a0<br \/> S\u00f4nia Fleury ainda destaca a quest\u00e3o pol\u00edtica que envolve o SUS e critica o posicionamento do governo no que diz respeito a esta tem\u00e1tica: &#8220;Se, por um lado, os partidos da base governista sempre disputaram com ardor a dire\u00e7\u00e3o dos \u00f3rg\u00e3os e servi\u00e7os da sa\u00fade, eles t\u00eam sido totalmente omissos na defesa do SUS, como pol\u00edtica p\u00fablica. Haja vista a quase total aus\u00eancia de celebra\u00e7\u00f5es por parte dos governos &ndash; nacional, estaduais e municipais &ndash; na celebra\u00e7\u00e3o dos 20 anos do SUS, uma dos baluartes da inclus\u00e3o social da nossa recente democracia&#8221;.<br \/> \u00a0<br \/> Para finalizar o manifesto, a presidente do Cebes e docente da EBAPE\/FGV, segue no relato de suas diverg\u00eancias com rela\u00e7\u00e3o ao governo e ainda comenta a postura da administra\u00e7\u00e3o p\u00fablica direcionada a aten\u00e7\u00e3o prim\u00e1ria em sa\u00fade: &#8220;(&#8230;) percebemos qu\u00e3o distante esta proposta est\u00e1 do SUS, j\u00e1 que a \u00fanica refer\u00eancia \u00e0 sa\u00fade \u00e9 quando, legalmente, as fun\u00e7\u00f5es do gestor municipal incluem a gest\u00e3o plena do sistema ou a gest\u00e3o plena da aten\u00e7\u00e3o prim\u00e1ria, sempre em articula\u00e7\u00e3o \u00e0 rede local e\/ou regionalizada. Concentrar-se apenas na aten\u00e7\u00e3o prim\u00e1ria n\u00e3o \u00e9 apenas um equ\u00edvoco t\u00e9cnico, \u00e9 uma op\u00e7\u00e3o pol\u00edtica pela focaliza\u00e7\u00e3o em detrimento de sua articula\u00e7\u00e3o no interior de sistemas universais e integrais, \u00fanicos capazes de garantir a plenitude dos direitos sociais&#8221;, pontua.<br \/> \u00a0<br \/> <strong>Edi\u00e7\u00e3o de janeiro 2009 do American Journal Public Health por Kenneth Rochel de Camargo Jr.<\/strong><br \/> \u00a0<br \/> A revista American Journal Public Health inaugura sua edi\u00e7\u00e3o de Janeiro de 2009 destacando experi\u00eancia brasileira de 20 anos da Constru\u00e7\u00e3o do Sistema Nacional de Sa\u00fade Brasileiro o SUS, trazendo em sua capa a foto hist\u00f3rica do Dr. Ulysses Guimar\u00e3es erguendo a Constitui\u00e7\u00e3o Brasileira de 88. Por sugest\u00e3o da editora do AJPH, Mary Evelyn Northridge, o professor Kenneth Rochel Camargo Jr. escreveu um texto homenageando a mem\u00f3ria do dr. Ulysses fazendo liga\u00e7\u00e3o com o in\u00edcio do SUS na carta de 1988. O professor Kenneth descreve sua sensa\u00e7\u00e3o ao ver a edi\u00e7\u00e3o: &ldquo;ver a foto do dr. Ulysses na capa da mais importante revista de Sa\u00fade P\u00fablica me deu uma alegria indescrit\u00edvel. Mas queria dizer que na verdade, o importante \u00e9 ver o reconhecimento do nosso SUS, criado com importante participa\u00e7\u00e3o do IMS. Que a vida e a luta desse \u00edcone de nossa democracia nos inspire nos anos \u00e0 frente! confira <a href=\"http:\/\/www.ajph.org\/content\/vol99\/issue1\/cover.shtml\">http:\/\/www.ajph.org\/content\/vol99\/issue1\/cover.shtml<\/a><\/p>\n","protected":false},"excerpt":{"rendered":"<div class=\"mh-excerpt\"><p><strong>An\u00e1lise de S\u00f4nia Fleury: &#8220;Partidos, governo e os equ\u00edvocos sobre o SUS&#8221; e a edi\u00e7\u00e3o de janeiro 2009 do American Journal Public Health por Kenneth Rochel de Camargo Jr.<\/strong><br \/>  <a class=\"mh-excerpt-more\" href=\"https:\/\/lappis.org.br\/site\/destaque-do-boletin-das-comemoracoes-dos-20-anos-da-implantacao-do-sus\/2715\" title=\"Destaque do BoletIN das Comemora\u00e7\u00f5es dos  20 anos da Implanta\u00e7\u00e3o do SUS\">[&#8230;]<\/a><\/p>\n<\/div>","protected":false},"author":1,"featured_media":0,"comment_status":"open","ping_status":"open","sticky":false,"template":"","format":"standard","meta":{"_acf_changed":false,"_exactmetrics_skip_tracking":false,"_exactmetrics_sitenote_active":false,"_exactmetrics_sitenote_note":"","_exactmetrics_sitenote_category":0,"jetpack_post_was_ever_published":false,"_jetpack_newsletter_access":"","_jetpack_dont_email_post_to_subs":false,"_jetpack_newsletter_tier_id":0,"_jetpack_memberships_contains_paywalled_content":false,"_jetpack_memberships_contains_paid_content":false,"footnotes":"","jetpack_publicize_message":"","jetpack_publicize_feature_enabled":true,"jetpack_social_post_already_shared":false,"jetpack_social_options":{"image_generator_settings":{"template":"highway","enabled":false},"version":2}},"categories":[8],"tags":[],"class_list":{"0":"post-2715","1":"post","2":"type-post","3":"status-publish","4":"format-standard","6":"category-noticia"},"jetpack_publicize_connections":[],"acf":[],"yoast_head":"<!-- This site is optimized with the Yoast SEO plugin v25.2 - https:\/\/yoast.com\/wordpress\/plugins\/seo\/ -->\n<title>Destaque do BoletIN das Comemora\u00e7\u00f5es dos 20 anos da Implanta\u00e7\u00e3o do SUS - Lappis 25 anos<\/title>\n<meta name=\"robots\" content=\"index, follow, max-snippet:-1, max-image-preview:large, max-video-preview:-1\" \/>\n<link rel=\"canonical\" href=\"https:\/\/lappis.org.br\/site\/destaque-do-boletin-das-comemoracoes-dos-20-anos-da-implantacao-do-sus\/2715\" \/>\n<meta property=\"og:locale\" content=\"pt_BR\" \/>\n<meta property=\"og:type\" content=\"article\" \/>\n<meta property=\"og:title\" content=\"Destaque do BoletIN das Comemora\u00e7\u00f5es dos 20 anos da Implanta\u00e7\u00e3o do SUS - Lappis 25 anos\" \/>\n<meta property=\"og:description\" content=\"An\u00e1lise de S\u00f4nia Fleury: &quot;Partidos, governo e os equ\u00edvocos sobre o SUS&quot; e a edi\u00e7\u00e3o de janeiro 2009 do American Journal Public Health por Kenneth Rochel de Camargo Jr. [...]\" \/>\n<meta property=\"og:url\" content=\"https:\/\/lappis.org.br\/site\/destaque-do-boletin-das-comemoracoes-dos-20-anos-da-implantacao-do-sus\/2715\" \/>\n<meta property=\"og:site_name\" content=\"Lappis 25 anos\" \/>\n<meta property=\"article:published_time\" content=\"2008-12-19T05:00:00+00:00\" \/>\n<meta name=\"author\" content=\"fw2\" \/>\n<meta name=\"twitter:card\" content=\"summary_large_image\" \/>\n<meta name=\"twitter:label1\" content=\"Escrito por\" \/>\n\t<meta name=\"twitter:data1\" content=\"fw2\" \/>\n\t<meta name=\"twitter:label2\" content=\"Est. tempo de leitura\" \/>\n\t<meta name=\"twitter:data2\" content=\"4 minutos\" \/>\n<script type=\"application\/ld+json\" class=\"yoast-schema-graph\">{\"@context\":\"https:\/\/schema.org\",\"@graph\":[{\"@type\":\"Article\",\"@id\":\"https:\/\/lappis.org.br\/site\/destaque-do-boletin-das-comemoracoes-dos-20-anos-da-implantacao-do-sus\/2715#article\",\"isPartOf\":{\"@id\":\"https:\/\/lappis.org.br\/site\/destaque-do-boletin-das-comemoracoes-dos-20-anos-da-implantacao-do-sus\/2715\"},\"author\":{\"name\":\"fw2\",\"@id\":\"https:\/\/lappis.org.br\/site\/#\/schema\/person\/3852381d08284b5e2716b20bd89bdbcf\"},\"headline\":\"Destaque do BoletIN das Comemora\u00e7\u00f5es dos 20 anos da Implanta\u00e7\u00e3o do SUS\",\"datePublished\":\"2008-12-19T05:00:00+00:00\",\"mainEntityOfPage\":{\"@id\":\"https:\/\/lappis.org.br\/site\/destaque-do-boletin-das-comemoracoes-dos-20-anos-da-implantacao-do-sus\/2715\"},\"wordCount\":738,\"commentCount\":0,\"publisher\":{\"@id\":\"https:\/\/lappis.org.br\/site\/#organization\"},\"articleSection\":[\"Not\u00edcia\"],\"inLanguage\":\"pt-BR\",\"potentialAction\":[{\"@type\":\"CommentAction\",\"name\":\"Comment\",\"target\":[\"https:\/\/lappis.org.br\/site\/destaque-do-boletin-das-comemoracoes-dos-20-anos-da-implantacao-do-sus\/2715#respond\"]}]},{\"@type\":\"WebPage\",\"@id\":\"https:\/\/lappis.org.br\/site\/destaque-do-boletin-das-comemoracoes-dos-20-anos-da-implantacao-do-sus\/2715\",\"url\":\"https:\/\/lappis.org.br\/site\/destaque-do-boletin-das-comemoracoes-dos-20-anos-da-implantacao-do-sus\/2715\",\"name\":\"Destaque do BoletIN das Comemora\u00e7\u00f5es dos 20 anos da Implanta\u00e7\u00e3o do SUS - Lappis 25 anos\",\"isPartOf\":{\"@id\":\"https:\/\/lappis.org.br\/site\/#website\"},\"datePublished\":\"2008-12-19T05:00:00+00:00\",\"breadcrumb\":{\"@id\":\"https:\/\/lappis.org.br\/site\/destaque-do-boletin-das-comemoracoes-dos-20-anos-da-implantacao-do-sus\/2715#breadcrumb\"},\"inLanguage\":\"pt-BR\",\"potentialAction\":[{\"@type\":\"ReadAction\",\"target\":[\"https:\/\/lappis.org.br\/site\/destaque-do-boletin-das-comemoracoes-dos-20-anos-da-implantacao-do-sus\/2715\"]}]},{\"@type\":\"BreadcrumbList\",\"@id\":\"https:\/\/lappis.org.br\/site\/destaque-do-boletin-das-comemoracoes-dos-20-anos-da-implantacao-do-sus\/2715#breadcrumb\",\"itemListElement\":[{\"@type\":\"ListItem\",\"position\":1,\"name\":\"In\u00edcio\",\"item\":\"https:\/\/lappis.org.br\/site\/\"},{\"@type\":\"ListItem\",\"position\":2,\"name\":\"Destaque do BoletIN das Comemora\u00e7\u00f5es dos 20 anos da Implanta\u00e7\u00e3o do SUS\"}]},{\"@type\":\"WebSite\",\"@id\":\"https:\/\/lappis.org.br\/site\/#website\",\"url\":\"https:\/\/lappis.org.br\/site\/\",\"name\":\"Lappis 25 anos\",\"description\":\"Labotat\u00f3rio de Pesquisas sobre Pr\u00e1ticas de Integralidade em Sa\u00fade\",\"publisher\":{\"@id\":\"https:\/\/lappis.org.br\/site\/#organization\"},\"potentialAction\":[{\"@type\":\"SearchAction\",\"target\":{\"@type\":\"EntryPoint\",\"urlTemplate\":\"https:\/\/lappis.org.br\/site\/?s={search_term_string}\"},\"query-input\":{\"@type\":\"PropertyValueSpecification\",\"valueRequired\":true,\"valueName\":\"search_term_string\"}}],\"inLanguage\":\"pt-BR\"},{\"@type\":\"Organization\",\"@id\":\"https:\/\/lappis.org.br\/site\/#organization\",\"name\":\"Lappis 25 anos\",\"url\":\"https:\/\/lappis.org.br\/site\/\",\"logo\":{\"@type\":\"ImageObject\",\"inLanguage\":\"pt-BR\",\"@id\":\"https:\/\/lappis.org.br\/site\/#\/schema\/logo\/image\/\",\"url\":\"https:\/\/lappis.org.br\/site\/wp-content\/uploads\/2025\/03\/logo-lappis25anos.png\",\"contentUrl\":\"https:\/\/lappis.org.br\/site\/wp-content\/uploads\/2025\/03\/logo-lappis25anos.png\",\"width\":388,\"height\":146,\"caption\":\"Lappis 25 anos\"},\"image\":{\"@id\":\"https:\/\/lappis.org.br\/site\/#\/schema\/logo\/image\/\"}},{\"@type\":\"Person\",\"@id\":\"https:\/\/lappis.org.br\/site\/#\/schema\/person\/3852381d08284b5e2716b20bd89bdbcf\",\"name\":\"fw2\",\"image\":{\"@type\":\"ImageObject\",\"inLanguage\":\"pt-BR\",\"@id\":\"https:\/\/lappis.org.br\/site\/#\/schema\/person\/image\/\",\"url\":\"https:\/\/secure.gravatar.com\/avatar\/c38472c0cdbde82d9b6fcc26adb3779d?s=96&d=mm&r=g\",\"contentUrl\":\"https:\/\/secure.gravatar.com\/avatar\/c38472c0cdbde82d9b6fcc26adb3779d?s=96&d=mm&r=g\",\"caption\":\"fw2\"},\"url\":\"https:\/\/lappis.org.br\/site\/author\/fw2\"}]}<\/script>\n<!-- \/ Yoast SEO plugin. -->","yoast_head_json":{"title":"Destaque do BoletIN das Comemora\u00e7\u00f5es dos 20 anos da Implanta\u00e7\u00e3o do SUS - Lappis 25 anos","robots":{"index":"index","follow":"follow","max-snippet":"max-snippet:-1","max-image-preview":"max-image-preview:large","max-video-preview":"max-video-preview:-1"},"canonical":"https:\/\/lappis.org.br\/site\/destaque-do-boletin-das-comemoracoes-dos-20-anos-da-implantacao-do-sus\/2715","og_locale":"pt_BR","og_type":"article","og_title":"Destaque do BoletIN das Comemora\u00e7\u00f5es dos 20 anos da Implanta\u00e7\u00e3o do SUS - Lappis 25 anos","og_description":"An\u00e1lise de S\u00f4nia Fleury: \"Partidos, governo e os equ\u00edvocos sobre o SUS\" e a edi\u00e7\u00e3o de janeiro 2009 do American Journal Public Health por Kenneth Rochel de Camargo Jr. [...]","og_url":"https:\/\/lappis.org.br\/site\/destaque-do-boletin-das-comemoracoes-dos-20-anos-da-implantacao-do-sus\/2715","og_site_name":"Lappis 25 anos","article_published_time":"2008-12-19T05:00:00+00:00","author":"fw2","twitter_card":"summary_large_image","twitter_misc":{"Escrito por":"fw2","Est. tempo de leitura":"4 minutos"},"schema":{"@context":"https:\/\/schema.org","@graph":[{"@type":"Article","@id":"https:\/\/lappis.org.br\/site\/destaque-do-boletin-das-comemoracoes-dos-20-anos-da-implantacao-do-sus\/2715#article","isPartOf":{"@id":"https:\/\/lappis.org.br\/site\/destaque-do-boletin-das-comemoracoes-dos-20-anos-da-implantacao-do-sus\/2715"},"author":{"name":"fw2","@id":"https:\/\/lappis.org.br\/site\/#\/schema\/person\/3852381d08284b5e2716b20bd89bdbcf"},"headline":"Destaque do BoletIN das Comemora\u00e7\u00f5es dos 20 anos da Implanta\u00e7\u00e3o do SUS","datePublished":"2008-12-19T05:00:00+00:00","mainEntityOfPage":{"@id":"https:\/\/lappis.org.br\/site\/destaque-do-boletin-das-comemoracoes-dos-20-anos-da-implantacao-do-sus\/2715"},"wordCount":738,"commentCount":0,"publisher":{"@id":"https:\/\/lappis.org.br\/site\/#organization"},"articleSection":["Not\u00edcia"],"inLanguage":"pt-BR","potentialAction":[{"@type":"CommentAction","name":"Comment","target":["https:\/\/lappis.org.br\/site\/destaque-do-boletin-das-comemoracoes-dos-20-anos-da-implantacao-do-sus\/2715#respond"]}]},{"@type":"WebPage","@id":"https:\/\/lappis.org.br\/site\/destaque-do-boletin-das-comemoracoes-dos-20-anos-da-implantacao-do-sus\/2715","url":"https:\/\/lappis.org.br\/site\/destaque-do-boletin-das-comemoracoes-dos-20-anos-da-implantacao-do-sus\/2715","name":"Destaque do BoletIN das Comemora\u00e7\u00f5es dos 20 anos da Implanta\u00e7\u00e3o do SUS - Lappis 25 anos","isPartOf":{"@id":"https:\/\/lappis.org.br\/site\/#website"},"datePublished":"2008-12-19T05:00:00+00:00","breadcrumb":{"@id":"https:\/\/lappis.org.br\/site\/destaque-do-boletin-das-comemoracoes-dos-20-anos-da-implantacao-do-sus\/2715#breadcrumb"},"inLanguage":"pt-BR","potentialAction":[{"@type":"ReadAction","target":["https:\/\/lappis.org.br\/site\/destaque-do-boletin-das-comemoracoes-dos-20-anos-da-implantacao-do-sus\/2715"]}]},{"@type":"BreadcrumbList","@id":"https:\/\/lappis.org.br\/site\/destaque-do-boletin-das-comemoracoes-dos-20-anos-da-implantacao-do-sus\/2715#breadcrumb","itemListElement":[{"@type":"ListItem","position":1,"name":"In\u00edcio","item":"https:\/\/lappis.org.br\/site\/"},{"@type":"ListItem","position":2,"name":"Destaque do BoletIN das Comemora\u00e7\u00f5es dos 20 anos da Implanta\u00e7\u00e3o do SUS"}]},{"@type":"WebSite","@id":"https:\/\/lappis.org.br\/site\/#website","url":"https:\/\/lappis.org.br\/site\/","name":"Lappis 25 anos","description":"Labotat\u00f3rio de Pesquisas sobre Pr\u00e1ticas de Integralidade em Sa\u00fade","publisher":{"@id":"https:\/\/lappis.org.br\/site\/#organization"},"potentialAction":[{"@type":"SearchAction","target":{"@type":"EntryPoint","urlTemplate":"https:\/\/lappis.org.br\/site\/?s={search_term_string}"},"query-input":{"@type":"PropertyValueSpecification","valueRequired":true,"valueName":"search_term_string"}}],"inLanguage":"pt-BR"},{"@type":"Organization","@id":"https:\/\/lappis.org.br\/site\/#organization","name":"Lappis 25 anos","url":"https:\/\/lappis.org.br\/site\/","logo":{"@type":"ImageObject","inLanguage":"pt-BR","@id":"https:\/\/lappis.org.br\/site\/#\/schema\/logo\/image\/","url":"https:\/\/lappis.org.br\/site\/wp-content\/uploads\/2025\/03\/logo-lappis25anos.png","contentUrl":"https:\/\/lappis.org.br\/site\/wp-content\/uploads\/2025\/03\/logo-lappis25anos.png","width":388,"height":146,"caption":"Lappis 25 anos"},"image":{"@id":"https:\/\/lappis.org.br\/site\/#\/schema\/logo\/image\/"}},{"@type":"Person","@id":"https:\/\/lappis.org.br\/site\/#\/schema\/person\/3852381d08284b5e2716b20bd89bdbcf","name":"fw2","image":{"@type":"ImageObject","inLanguage":"pt-BR","@id":"https:\/\/lappis.org.br\/site\/#\/schema\/person\/image\/","url":"https:\/\/secure.gravatar.com\/avatar\/c38472c0cdbde82d9b6fcc26adb3779d?s=96&d=mm&r=g","contentUrl":"https:\/\/secure.gravatar.com\/avatar\/c38472c0cdbde82d9b6fcc26adb3779d?s=96&d=mm&r=g","caption":"fw2"},"url":"https:\/\/lappis.org.br\/site\/author\/fw2"}]}},"jetpack_featured_media_url":"","jetpack_shortlink":"https:\/\/wp.me\/p954Nh-HN","jetpack_sharing_enabled":true,"_links":{"self":[{"href":"https:\/\/lappis.org.br\/site\/wp-json\/wp\/v2\/posts\/2715"}],"collection":[{"href":"https:\/\/lappis.org.br\/site\/wp-json\/wp\/v2\/posts"}],"about":[{"href":"https:\/\/lappis.org.br\/site\/wp-json\/wp\/v2\/types\/post"}],"author":[{"embeddable":true,"href":"https:\/\/lappis.org.br\/site\/wp-json\/wp\/v2\/users\/1"}],"replies":[{"embeddable":true,"href":"https:\/\/lappis.org.br\/site\/wp-json\/wp\/v2\/comments?post=2715"}],"version-history":[{"count":0,"href":"https:\/\/lappis.org.br\/site\/wp-json\/wp\/v2\/posts\/2715\/revisions"}],"wp:attachment":[{"href":"https:\/\/lappis.org.br\/site\/wp-json\/wp\/v2\/media?parent=2715"}],"wp:term":[{"taxonomy":"category","embeddable":true,"href":"https:\/\/lappis.org.br\/site\/wp-json\/wp\/v2\/categories?post=2715"},{"taxonomy":"post_tag","embeddable":true,"href":"https:\/\/lappis.org.br\/site\/wp-json\/wp\/v2\/tags?post=2715"}],"curies":[{"name":"wp","href":"https:\/\/api.w.org\/{rel}","templated":true}]}}