{"id":2714,"date":"2008-11-17T03:00:00","date_gmt":"2008-11-17T05:00:00","guid":{"rendered":"http:\/\/lappis.org.br\/site\/2008\/11\/17\/mesa-de-abertura-da-exposicao-singularidades\/"},"modified":"2008-11-17T03:00:00","modified_gmt":"2008-11-17T05:00:00","slug":"mesa-de-abertura-da-exposicao-singularidades","status":"publish","type":"post","link":"https:\/\/lappis.org.br\/site\/mesa-de-abertura-da-exposicao-singularidades\/2714","title":{"rendered":"Mesa de abertura da exposi\u00e7\u00e3o Singularidades"},"content":{"rendered":"<p style=\"text-align: justify;\"> \tO Laborat\u00f3rio de Pesquisas sobre Pr\u00e1ticas de Integralidade em Sa\u00fade (LAPPIS\/UERJ), em parceria com o Museu Bispo do Ros\u00e1rio Arte Contempor\u00e2nea e o Laborat\u00f3rio de Estudos e Pesquisas em Sa\u00fade Mental e Aten\u00e7\u00e3o Psicossocial (LAPS\/ENSP\/FIOCRUZ), realizou no dia 11 de novembro, \u00e0s 17h30min, no audit\u00f3rio do IMS, a mesa de abertura da exposi\u00e7\u00e3o Singularidades, que abordou o universo art\u00edstico de internos e ex-internos da cl\u00ednica Dr. Eiras, em Paracambi. A mesa contou com a participa\u00e7\u00e3o dos palestrantes Paulo Amarante (FIOCRUZ), Roseni Pinheiro (UERJ), Ricardo Aquino (Museu Bispo do Ros\u00e1rio) e Cristina Vidal (Campo da Interven\u00e7\u00e3o da cl\u00ednica Dr. Eiras).<\/p>\n<p>   Para dar in\u00edcio \u00e0s discuss\u00f5es, a psiquiatra Cristina Vidal falou da trajet\u00f3ria da Cl\u00ednica Dr. Eiras e mostrou como foram realizadas as pol\u00edticas de interven\u00e7\u00f5es al\u00e9m muros no hospital, como o bloco carnavalesco Maluco Sonhador, a r\u00e1dio Antena Virada e ainda, a pr\u00f3pria exposi\u00e7\u00e3o Singularidades: &ldquo;Acredito que as obras, al\u00e9m da r\u00e1dio e do bloco carnavalesco apontam que, apesar de toda dor e sofrimento da cl\u00ednica, os usu\u00e1rios encontraram um meio para burlar os estigmas e engessamentos institucionais existentes em Paracambi. Esse caminho percorrido de maneira t\u00e3o singular \u00e9 o caminho da arte, da beleza. \u00c9 preciso compartilhar com mais pessoas essa criatividade que lhes \u00e9 t\u00e3o peculiar&rdquo;, afirmou. <\/p>\n<p style=\"text-align: justify;\"> \tO curador do Museu Bispo do Ros\u00e1rio, Ricardo Aquino, reiterou a import\u00e2ncia de mostrar que os usu\u00e1rios podem sair da condi\u00e7\u00e3o de pacientes e passar a artistas em potencial: &ldquo;\u00c9 importante poder fazer uma exibi\u00e7\u00e3o dos usu\u00e1rios da Dr. Eiras, para mostrar que mesmo nas condi\u00e7\u00f5es adversas, os indiv\u00edduos ainda mant\u00eam a capacidade de criar. A exposi\u00e7\u00e3o \u00e9 fundamental no sentido de auxiliar no testemunho da passagem desses usu\u00e1rios, que deixaram um importante legado \u00e0 cria\u00e7\u00e3o art\u00edstica da institui\u00e7\u00e3o. E \u00e9 fundamental que se valorize a obra dos pacientes, pois trata-se da representa\u00e7\u00e3o da luta pela cidadania travada por eles&rdquo; salientou.<br \/> \tNa mesma perspectiva, Paulo Amarante (FIOCRUZ) falou da parceria firmada entre o Laborat\u00f3rio de Pesquisas sobre Pr\u00e1ticas e integralidade e o Laborat\u00f3rio de Estudos e Pesquisas em Sa\u00fade Mental e Aten\u00e7\u00e3o Psicossocial. Al\u00e9m disso, o pesquisador lembrou a import\u00e2ncia da realiza\u00e7\u00e3o do document\u00e1rio que originou a pesquisa &ldquo;Necessidades e pr\u00e1ticas na desinstitucionaliza\u00e7\u00e3o da clientela de longa perman\u00eancia institucional: avalia\u00e7\u00e3o da demanda e adequa\u00e7\u00e3o da oferta de cuidado&rdquo; realizada pela professora Roseni Pinheiro.<\/p>\n<p> \tE por fim, a coordenadora do Lappis agradeceu a presen\u00e7a dos profissionais presentes e reiterou a import\u00e2ncia da quest\u00e3o do cuidado com os usu\u00e1rios da sa\u00fade mental tendo em vista as pol\u00edticas de interven\u00e7\u00f5es explicitadas at\u00e9 o momento: &ldquo;Fiquei emocionada com os depoimentos relatados nesta mesa de debate e aproveito para agradecer a oportunidade de proporcionar, atrav\u00e9s destas parcerias, a verdadeira demonstra\u00e7\u00e3o de talento e sensibilidade. Sejam todos muito bem-vindos \u00e0 exposi\u00e7\u00e3o Singularidades&rdquo;.<\/p>\n<p> \tA iniciativa conta com o apoio da Reitoria da UERJ, Sub-reitoria de Extens\u00e3o e Cultura, FAPERJ, Rede Sirius de Bibliotecas da UERJ e Hospital Col\u00f4nia Dr. Eiras &ndash; Paracambi.<\/p>\n","protected":false},"excerpt":{"rendered":"<div class=\"mh-excerpt\"><p style=\"text-align: justify;\"> \tO Laborat\u00f3rio de Pesquisas sobre Pr\u00e1ticas de Integralidade em Sa\u00fade (LAPPIS\/UERJ), em parceria com o Museu Bispo do Ros\u00e1rio Arte Contempor\u00e2nea e o Laborat\u00f3rio de Estudos e Pesquisas em Sa\u00fade Mental e Aten\u00e7\u00e3o Psicossocial (LAPS\/ENSP\/FIOCRUZ), realizou no dia 11 de novembro, \u00e0s 17h30min, no audit\u00f3rio do IMS, a mesa de abertura da exposi\u00e7\u00e3o Singularidades, que abordou o universo art\u00edstico de internos e ex-internos da cl\u00ednica Dr. Eiras, em Paracambi. A mesa contou com a participa\u00e7\u00e3o dos palestrantes Paulo Amarante (FIOCRUZ), Roseni Pinheiro (UERJ), Ricardo Aquino (Museu Bispo do Ros\u00e1rio) e Cristina Vidal (Campo da Interven\u00e7\u00e3o da cl\u00ednica Dr. Eiras).<\/p>\n<p>  <a class=\"mh-excerpt-more\" href=\"https:\/\/lappis.org.br\/site\/mesa-de-abertura-da-exposicao-singularidades\/2714\" title=\"Mesa de abertura da exposi\u00e7\u00e3o Singularidades\">[&#8230;]<\/a><\/p>\n<\/div>","protected":false},"author":1,"featured_media":0,"comment_status":"open","ping_status":"open","sticky":false,"template":"","format":"standard","meta":{"_acf_changed":false,"_exactmetrics_skip_tracking":false,"_exactmetrics_sitenote_active":false,"_exactmetrics_sitenote_note":"","_exactmetrics_sitenote_category":0,"jetpack_post_was_ever_published":false,"_jetpack_newsletter_access":"","_jetpack_dont_email_post_to_subs":false,"_jetpack_newsletter_tier_id":0,"_jetpack_memberships_contains_paywalled_content":false,"_jetpack_memberships_contains_paid_content":false,"footnotes":"","jetpack_publicize_message":"","jetpack_publicize_feature_enabled":true,"jetpack_social_post_already_shared":false,"jetpack_social_options":{"image_generator_settings":{"template":"highway","enabled":false},"version":2}},"categories":[8],"tags":[],"class_list":{"0":"post-2714","1":"post","2":"type-post","3":"status-publish","4":"format-standard","6":"category-noticia"},"jetpack_publicize_connections":[],"acf":[],"yoast_head":"<!-- This site is optimized with the Yoast SEO plugin v25.2 - https:\/\/yoast.com\/wordpress\/plugins\/seo\/ -->\n<title>Mesa de abertura da exposi\u00e7\u00e3o Singularidades - Lappis 25 anos<\/title>\n<meta name=\"robots\" content=\"index, follow, max-snippet:-1, max-image-preview:large, max-video-preview:-1\" \/>\n<link rel=\"canonical\" href=\"https:\/\/lappis.org.br\/site\/mesa-de-abertura-da-exposicao-singularidades\/2714\" \/>\n<meta property=\"og:locale\" content=\"pt_BR\" \/>\n<meta property=\"og:type\" content=\"article\" \/>\n<meta property=\"og:title\" content=\"Mesa de abertura da exposi\u00e7\u00e3o Singularidades - Lappis 25 anos\" \/>\n<meta property=\"og:description\" content=\"O Laborat\u00f3rio de Pesquisas sobre Pr\u00e1ticas de Integralidade em Sa\u00fade (LAPPIS\/UERJ), em parceria com o Museu Bispo do Ros\u00e1rio Arte Contempor\u00e2nea e o Laborat\u00f3rio de Estudos e Pesquisas em Sa\u00fade Mental e Aten\u00e7\u00e3o Psicossocial (LAPS\/ENSP\/FIOCRUZ), realizou no dia 11 de novembro, \u00e0s 17h30min, no audit\u00f3rio do IMS, a mesa de abertura da exposi\u00e7\u00e3o Singularidades, que abordou o universo art\u00edstico de internos e ex-internos da cl\u00ednica Dr. Eiras, em Paracambi. A mesa contou com a participa\u00e7\u00e3o dos palestrantes Paulo Amarante (FIOCRUZ), Roseni Pinheiro (UERJ), Ricardo Aquino (Museu Bispo do Ros\u00e1rio) e Cristina Vidal (Campo da Interven\u00e7\u00e3o da cl\u00ednica Dr. Eiras). [...]\" \/>\n<meta property=\"og:url\" content=\"https:\/\/lappis.org.br\/site\/mesa-de-abertura-da-exposicao-singularidades\/2714\" \/>\n<meta property=\"og:site_name\" content=\"Lappis 25 anos\" \/>\n<meta property=\"article:published_time\" content=\"2008-11-17T05:00:00+00:00\" \/>\n<meta name=\"author\" content=\"fw2\" \/>\n<meta name=\"twitter:card\" content=\"summary_large_image\" \/>\n<meta name=\"twitter:label1\" content=\"Escrito por\" \/>\n\t<meta name=\"twitter:data1\" content=\"fw2\" \/>\n\t<meta name=\"twitter:label2\" content=\"Est. tempo de leitura\" \/>\n\t<meta name=\"twitter:data2\" content=\"3 minutos\" \/>\n<script type=\"application\/ld+json\" class=\"yoast-schema-graph\">{\"@context\":\"https:\/\/schema.org\",\"@graph\":[{\"@type\":\"Article\",\"@id\":\"https:\/\/lappis.org.br\/site\/mesa-de-abertura-da-exposicao-singularidades\/2714#article\",\"isPartOf\":{\"@id\":\"https:\/\/lappis.org.br\/site\/mesa-de-abertura-da-exposicao-singularidades\/2714\"},\"author\":{\"name\":\"fw2\",\"@id\":\"https:\/\/lappis.org.br\/site\/#\/schema\/person\/3852381d08284b5e2716b20bd89bdbcf\"},\"headline\":\"Mesa de abertura da exposi\u00e7\u00e3o Singularidades\",\"datePublished\":\"2008-11-17T05:00:00+00:00\",\"mainEntityOfPage\":{\"@id\":\"https:\/\/lappis.org.br\/site\/mesa-de-abertura-da-exposicao-singularidades\/2714\"},\"wordCount\":566,\"commentCount\":0,\"publisher\":{\"@id\":\"https:\/\/lappis.org.br\/site\/#organization\"},\"articleSection\":[\"Not\u00edcia\"],\"inLanguage\":\"pt-BR\",\"potentialAction\":[{\"@type\":\"CommentAction\",\"name\":\"Comment\",\"target\":[\"https:\/\/lappis.org.br\/site\/mesa-de-abertura-da-exposicao-singularidades\/2714#respond\"]}]},{\"@type\":\"WebPage\",\"@id\":\"https:\/\/lappis.org.br\/site\/mesa-de-abertura-da-exposicao-singularidades\/2714\",\"url\":\"https:\/\/lappis.org.br\/site\/mesa-de-abertura-da-exposicao-singularidades\/2714\",\"name\":\"Mesa de abertura da exposi\u00e7\u00e3o Singularidades - Lappis 25 anos\",\"isPartOf\":{\"@id\":\"https:\/\/lappis.org.br\/site\/#website\"},\"datePublished\":\"2008-11-17T05:00:00+00:00\",\"breadcrumb\":{\"@id\":\"https:\/\/lappis.org.br\/site\/mesa-de-abertura-da-exposicao-singularidades\/2714#breadcrumb\"},\"inLanguage\":\"pt-BR\",\"potentialAction\":[{\"@type\":\"ReadAction\",\"target\":[\"https:\/\/lappis.org.br\/site\/mesa-de-abertura-da-exposicao-singularidades\/2714\"]}]},{\"@type\":\"BreadcrumbList\",\"@id\":\"https:\/\/lappis.org.br\/site\/mesa-de-abertura-da-exposicao-singularidades\/2714#breadcrumb\",\"itemListElement\":[{\"@type\":\"ListItem\",\"position\":1,\"name\":\"In\u00edcio\",\"item\":\"https:\/\/lappis.org.br\/site\/\"},{\"@type\":\"ListItem\",\"position\":2,\"name\":\"Mesa de abertura da exposi\u00e7\u00e3o Singularidades\"}]},{\"@type\":\"WebSite\",\"@id\":\"https:\/\/lappis.org.br\/site\/#website\",\"url\":\"https:\/\/lappis.org.br\/site\/\",\"name\":\"Lappis 25 anos\",\"description\":\"Labotat\u00f3rio de Pesquisas sobre Pr\u00e1ticas de Integralidade em Sa\u00fade\",\"publisher\":{\"@id\":\"https:\/\/lappis.org.br\/site\/#organization\"},\"potentialAction\":[{\"@type\":\"SearchAction\",\"target\":{\"@type\":\"EntryPoint\",\"urlTemplate\":\"https:\/\/lappis.org.br\/site\/?s={search_term_string}\"},\"query-input\":{\"@type\":\"PropertyValueSpecification\",\"valueRequired\":true,\"valueName\":\"search_term_string\"}}],\"inLanguage\":\"pt-BR\"},{\"@type\":\"Organization\",\"@id\":\"https:\/\/lappis.org.br\/site\/#organization\",\"name\":\"Lappis 25 anos\",\"url\":\"https:\/\/lappis.org.br\/site\/\",\"logo\":{\"@type\":\"ImageObject\",\"inLanguage\":\"pt-BR\",\"@id\":\"https:\/\/lappis.org.br\/site\/#\/schema\/logo\/image\/\",\"url\":\"https:\/\/lappis.org.br\/site\/wp-content\/uploads\/2025\/03\/logo-lappis25anos.png\",\"contentUrl\":\"https:\/\/lappis.org.br\/site\/wp-content\/uploads\/2025\/03\/logo-lappis25anos.png\",\"width\":388,\"height\":146,\"caption\":\"Lappis 25 anos\"},\"image\":{\"@id\":\"https:\/\/lappis.org.br\/site\/#\/schema\/logo\/image\/\"}},{\"@type\":\"Person\",\"@id\":\"https:\/\/lappis.org.br\/site\/#\/schema\/person\/3852381d08284b5e2716b20bd89bdbcf\",\"name\":\"fw2\",\"image\":{\"@type\":\"ImageObject\",\"inLanguage\":\"pt-BR\",\"@id\":\"https:\/\/lappis.org.br\/site\/#\/schema\/person\/image\/\",\"url\":\"https:\/\/secure.gravatar.com\/avatar\/c38472c0cdbde82d9b6fcc26adb3779d?s=96&d=mm&r=g\",\"contentUrl\":\"https:\/\/secure.gravatar.com\/avatar\/c38472c0cdbde82d9b6fcc26adb3779d?s=96&d=mm&r=g\",\"caption\":\"fw2\"},\"url\":\"https:\/\/lappis.org.br\/site\/author\/fw2\"}]}<\/script>\n<!-- \/ Yoast SEO plugin. -->","yoast_head_json":{"title":"Mesa de abertura da exposi\u00e7\u00e3o Singularidades - Lappis 25 anos","robots":{"index":"index","follow":"follow","max-snippet":"max-snippet:-1","max-image-preview":"max-image-preview:large","max-video-preview":"max-video-preview:-1"},"canonical":"https:\/\/lappis.org.br\/site\/mesa-de-abertura-da-exposicao-singularidades\/2714","og_locale":"pt_BR","og_type":"article","og_title":"Mesa de abertura da exposi\u00e7\u00e3o Singularidades - Lappis 25 anos","og_description":"O Laborat\u00f3rio de Pesquisas sobre Pr\u00e1ticas de Integralidade em Sa\u00fade (LAPPIS\/UERJ), em parceria com o Museu Bispo do Ros\u00e1rio Arte Contempor\u00e2nea e o Laborat\u00f3rio de Estudos e Pesquisas em Sa\u00fade Mental e Aten\u00e7\u00e3o Psicossocial (LAPS\/ENSP\/FIOCRUZ), realizou no dia 11 de novembro, \u00e0s 17h30min, no audit\u00f3rio do IMS, a mesa de abertura da exposi\u00e7\u00e3o Singularidades, que abordou o universo art\u00edstico de internos e ex-internos da cl\u00ednica Dr. Eiras, em Paracambi. A mesa contou com a participa\u00e7\u00e3o dos palestrantes Paulo Amarante (FIOCRUZ), Roseni Pinheiro (UERJ), Ricardo Aquino (Museu Bispo do Ros\u00e1rio) e Cristina Vidal (Campo da Interven\u00e7\u00e3o da cl\u00ednica Dr. Eiras). [...]","og_url":"https:\/\/lappis.org.br\/site\/mesa-de-abertura-da-exposicao-singularidades\/2714","og_site_name":"Lappis 25 anos","article_published_time":"2008-11-17T05:00:00+00:00","author":"fw2","twitter_card":"summary_large_image","twitter_misc":{"Escrito por":"fw2","Est. tempo de leitura":"3 minutos"},"schema":{"@context":"https:\/\/schema.org","@graph":[{"@type":"Article","@id":"https:\/\/lappis.org.br\/site\/mesa-de-abertura-da-exposicao-singularidades\/2714#article","isPartOf":{"@id":"https:\/\/lappis.org.br\/site\/mesa-de-abertura-da-exposicao-singularidades\/2714"},"author":{"name":"fw2","@id":"https:\/\/lappis.org.br\/site\/#\/schema\/person\/3852381d08284b5e2716b20bd89bdbcf"},"headline":"Mesa de abertura da exposi\u00e7\u00e3o Singularidades","datePublished":"2008-11-17T05:00:00+00:00","mainEntityOfPage":{"@id":"https:\/\/lappis.org.br\/site\/mesa-de-abertura-da-exposicao-singularidades\/2714"},"wordCount":566,"commentCount":0,"publisher":{"@id":"https:\/\/lappis.org.br\/site\/#organization"},"articleSection":["Not\u00edcia"],"inLanguage":"pt-BR","potentialAction":[{"@type":"CommentAction","name":"Comment","target":["https:\/\/lappis.org.br\/site\/mesa-de-abertura-da-exposicao-singularidades\/2714#respond"]}]},{"@type":"WebPage","@id":"https:\/\/lappis.org.br\/site\/mesa-de-abertura-da-exposicao-singularidades\/2714","url":"https:\/\/lappis.org.br\/site\/mesa-de-abertura-da-exposicao-singularidades\/2714","name":"Mesa de abertura da exposi\u00e7\u00e3o Singularidades - Lappis 25 anos","isPartOf":{"@id":"https:\/\/lappis.org.br\/site\/#website"},"datePublished":"2008-11-17T05:00:00+00:00","breadcrumb":{"@id":"https:\/\/lappis.org.br\/site\/mesa-de-abertura-da-exposicao-singularidades\/2714#breadcrumb"},"inLanguage":"pt-BR","potentialAction":[{"@type":"ReadAction","target":["https:\/\/lappis.org.br\/site\/mesa-de-abertura-da-exposicao-singularidades\/2714"]}]},{"@type":"BreadcrumbList","@id":"https:\/\/lappis.org.br\/site\/mesa-de-abertura-da-exposicao-singularidades\/2714#breadcrumb","itemListElement":[{"@type":"ListItem","position":1,"name":"In\u00edcio","item":"https:\/\/lappis.org.br\/site\/"},{"@type":"ListItem","position":2,"name":"Mesa de abertura da exposi\u00e7\u00e3o Singularidades"}]},{"@type":"WebSite","@id":"https:\/\/lappis.org.br\/site\/#website","url":"https:\/\/lappis.org.br\/site\/","name":"Lappis 25 anos","description":"Labotat\u00f3rio de Pesquisas sobre Pr\u00e1ticas de Integralidade em Sa\u00fade","publisher":{"@id":"https:\/\/lappis.org.br\/site\/#organization"},"potentialAction":[{"@type":"SearchAction","target":{"@type":"EntryPoint","urlTemplate":"https:\/\/lappis.org.br\/site\/?s={search_term_string}"},"query-input":{"@type":"PropertyValueSpecification","valueRequired":true,"valueName":"search_term_string"}}],"inLanguage":"pt-BR"},{"@type":"Organization","@id":"https:\/\/lappis.org.br\/site\/#organization","name":"Lappis 25 anos","url":"https:\/\/lappis.org.br\/site\/","logo":{"@type":"ImageObject","inLanguage":"pt-BR","@id":"https:\/\/lappis.org.br\/site\/#\/schema\/logo\/image\/","url":"https:\/\/lappis.org.br\/site\/wp-content\/uploads\/2025\/03\/logo-lappis25anos.png","contentUrl":"https:\/\/lappis.org.br\/site\/wp-content\/uploads\/2025\/03\/logo-lappis25anos.png","width":388,"height":146,"caption":"Lappis 25 anos"},"image":{"@id":"https:\/\/lappis.org.br\/site\/#\/schema\/logo\/image\/"}},{"@type":"Person","@id":"https:\/\/lappis.org.br\/site\/#\/schema\/person\/3852381d08284b5e2716b20bd89bdbcf","name":"fw2","image":{"@type":"ImageObject","inLanguage":"pt-BR","@id":"https:\/\/lappis.org.br\/site\/#\/schema\/person\/image\/","url":"https:\/\/secure.gravatar.com\/avatar\/c38472c0cdbde82d9b6fcc26adb3779d?s=96&d=mm&r=g","contentUrl":"https:\/\/secure.gravatar.com\/avatar\/c38472c0cdbde82d9b6fcc26adb3779d?s=96&d=mm&r=g","caption":"fw2"},"url":"https:\/\/lappis.org.br\/site\/author\/fw2"}]}},"jetpack_featured_media_url":"","jetpack_shortlink":"https:\/\/wp.me\/p954Nh-HM","jetpack_sharing_enabled":true,"_links":{"self":[{"href":"https:\/\/lappis.org.br\/site\/wp-json\/wp\/v2\/posts\/2714"}],"collection":[{"href":"https:\/\/lappis.org.br\/site\/wp-json\/wp\/v2\/posts"}],"about":[{"href":"https:\/\/lappis.org.br\/site\/wp-json\/wp\/v2\/types\/post"}],"author":[{"embeddable":true,"href":"https:\/\/lappis.org.br\/site\/wp-json\/wp\/v2\/users\/1"}],"replies":[{"embeddable":true,"href":"https:\/\/lappis.org.br\/site\/wp-json\/wp\/v2\/comments?post=2714"}],"version-history":[{"count":0,"href":"https:\/\/lappis.org.br\/site\/wp-json\/wp\/v2\/posts\/2714\/revisions"}],"wp:attachment":[{"href":"https:\/\/lappis.org.br\/site\/wp-json\/wp\/v2\/media?parent=2714"}],"wp:term":[{"taxonomy":"category","embeddable":true,"href":"https:\/\/lappis.org.br\/site\/wp-json\/wp\/v2\/categories?post=2714"},{"taxonomy":"post_tag","embeddable":true,"href":"https:\/\/lappis.org.br\/site\/wp-json\/wp\/v2\/tags?post=2714"}],"curies":[{"name":"wp","href":"https:\/\/api.w.org\/{rel}","templated":true}]}}