{"id":2713,"date":"2008-11-17T03:00:00","date_gmt":"2008-11-17T05:00:00","guid":{"rendered":"http:\/\/lappis.org.br\/site\/2008\/11\/17\/experiencias-de-praticas-avaliativas-de-cuiaba-juiz-de-fora-pirai-e-rio-branco\/"},"modified":"2008-11-17T03:00:00","modified_gmt":"2008-11-17T05:00:00","slug":"experiencias-de-praticas-avaliativas-de-cuiaba-juiz-de-fora-pirai-e-rio-branco","status":"publish","type":"post","link":"https:\/\/lappis.org.br\/site\/experiencias-de-praticas-avaliativas-de-cuiaba-juiz-de-fora-pirai-e-rio-branco\/2713","title":{"rendered":"Experi\u00eancias de Pr\u00e1ticas Avaliativas de Cuiab\u00e1, Juiz de Fora, Pirai e Rio Branco"},"content":{"rendered":"<p style=\"text-align: justify;\"> \tA segunda mesa de debates do dia apresentou a tem\u00e1tica &ldquo;Experi\u00eancias de Pr\u00e1ticas Avaliativas de Cuiab\u00e1, Juiz de Fora, Pirai e Rio Branco&rdquo;, com a participa\u00e7\u00e3o dos pesquisadores Maria Ang\u00e9lica Spinelli (ISC-UFMT), Maria Tereza Bustamante Teixeira (UFJF), Aluisio Gomes da Silva Jr (ISC-UFF), Rodrigo Silveira (CCSD-UFAC), e Claunara Mendon\u00e7a (DAB-MS), sob a coordena\u00e7\u00e3o de Roseni Pinheiro (IMS-UERJ).<\/p>\n<p>   A pesquisadora Maria Ang\u00e9lica Spinelli, do Instituto de Sa\u00fade Coletiva (ISC) da Universidade do Mato Grosso (UFMT), exp\u00f4s o resultado dos estudos realizados em Cuiab\u00e1, onde o Minist\u00e9rio da Sa\u00fade tem impulsionado a institucionaliza\u00e7\u00e3o da avalia\u00e7\u00e3o em sa\u00fade, na busca por induzir certa cultura avaliativa. Ela afirma que em geral, os projetos progressistas s\u00e3o comprometidos com os princ\u00edpios do SUS e est\u00e3o em permanente disputa: &ldquo;Existem pr\u00e1ticas avaliativas relativas a esses servi\u00e7os, no entanto, essas pr\u00e1ticas s\u00e3o orientadas para o cuidado ou para o controle da oferta de servi\u00e7os&rdquo;, explica. <\/p>\n<p style=\"text-align: justify;\"> \t\u00a0<br \/> \tAo apresentar sua pesquisa, o m\u00e9dico de fam\u00edlia Rodrigo Silveira (CCSD-UFAC) contou as experi\u00eancias obtidas em Rio Branco-Acre, onde buscou identificar as pr\u00e1ticas avaliativas e seus potenciais avaliadores. Dentre outros dados, ele nos apresentou a estat\u00edstica de que 85% dos habitantes da cidade s\u00e3o usu\u00e1rios do SUS, onde a Secretaria Municipal de Sa\u00fade \u00e9 respons\u00e1vel pelas pol\u00edticas de aten\u00e7\u00e3o b\u00e1sica, enquanto que a Secretaria Estadual se responsabiliza pelos hospitais: &ldquo;S\u00e3o quest\u00f5es de um SUS em constru\u00e7\u00e3o, de potencial inova\u00e7\u00e3o, principalmente na gest\u00e3o, constru\u00e7\u00e3o e aplica\u00e7\u00e3o das pr\u00e1ticas avaliativas formais e informais&rdquo;, afirma.<br \/> \t\u00a0<br \/> \tMaria Tereza Bustamante Teixeira (UFJF) falou da experi\u00eancia em Juiz de Fora, tendo em vista a gest\u00e3o organizadora da aten\u00e7\u00e3o \u00e0 sa\u00fade e integralidade. Ela conta que foram identificadas na cidade, pr\u00e1ticas avaliativas que contribu\u00edam para a consolida\u00e7\u00e3o da integralidade: &ldquo;Na aten\u00e7\u00e3o b\u00e1sica, h\u00e1 o entendimento de que a intersetorialidade \u00e9 um interc\u00e2mbio entre setores que envolvem uma rela\u00e7\u00e3o de depend\u00eancia entre eles, pois cada um tem fun\u00e7\u00f5es espec\u00edficas e que deveriam se associar para intervir no problema de sa\u00fade na comunidade&rdquo;.<br \/> \t\u00a0<br \/> \tNa seq\u00fc\u00eancia, Aluisio Gomes da Silva Jr apresentou a pesquisa &ldquo;Estudos multic\u00eantricos &ndash; integradores de tecnologias avaliativas de integralidade em sa\u00fade na aten\u00e7\u00e3o b\u00e1sica&rdquo; em que exp\u00f4s instrumentos e pr\u00e1ticas avaliativas utilizadas no munic\u00edpio de Pira\u00ed. Ele apontou, ainda, as inova\u00e7\u00f5es com instrumentos formais utilizados pelo SUS na regi\u00e3o: &ldquo;Dentre essas inova\u00e7\u00f5es, podemos destacar a integralidade como eixo de estrutura para o acesso aos n\u00edveis de complexidade tecnol\u00f3gica de avalia\u00e7\u00e3o e inclus\u00e3o, al\u00e9m dos mecanismos e espa\u00e7os de participa\u00e7\u00e3o de gest\u00e3o e cuidados pautados na integralidade e participa\u00e7\u00e3o social&rdquo;.<br \/> \t\u00a0<br \/> \tA debatedora Claunara Mendon\u00e7a parabenizou os palestrantes e abordou, de maneira sucinta, os v\u00e1rios t\u00f3picos discorridos pelos pesquisadores. Ela tamb\u00e9m apontou quest\u00f5es inovadoras no \u00e2mbito das pr\u00e1ticas avaliativas: &ldquo;At\u00e9 mesmo a imprensa serve de instrumento para a inser\u00e7\u00e3o dessas pr\u00e1ticas, no sentido de que os usu\u00e1rios utilizam os servi\u00e7os da m\u00eddia como forma de avalia\u00e7\u00e3o do servi\u00e7o que lhes s\u00e3o oferecidos&rdquo;, finaliza.<\/p>\n","protected":false},"excerpt":{"rendered":"<div class=\"mh-excerpt\"><p style=\"text-align: justify;\"> \tA segunda mesa de debates do dia apresentou a tem\u00e1tica &ldquo;Experi\u00eancias de Pr\u00e1ticas Avaliativas de Cuiab\u00e1, Juiz de Fora, Pirai e Rio Branco&rdquo;, com a participa\u00e7\u00e3o dos pesquisadores Maria Ang\u00e9lica Spinelli (ISC-UFMT), Maria Tereza Bustamante Teixeira (UFJF), Aluisio Gomes da Silva Jr (ISC-UFF), Rodrigo Silveira (CCSD-UFAC), e Claunara Mendon\u00e7a (DAB-MS), sob a coordena\u00e7\u00e3o de Roseni Pinheiro (IMS-UERJ).<\/p>\n<p>  <a class=\"mh-excerpt-more\" href=\"https:\/\/lappis.org.br\/site\/experiencias-de-praticas-avaliativas-de-cuiaba-juiz-de-fora-pirai-e-rio-branco\/2713\" title=\"Experi\u00eancias de Pr\u00e1ticas Avaliativas de Cuiab\u00e1, Juiz de Fora, Pirai e Rio Branco\">[&#8230;]<\/a><\/p>\n<\/div>","protected":false},"author":1,"featured_media":0,"comment_status":"open","ping_status":"open","sticky":false,"template":"","format":"standard","meta":{"_acf_changed":false,"_exactmetrics_skip_tracking":false,"_exactmetrics_sitenote_active":false,"_exactmetrics_sitenote_note":"","_exactmetrics_sitenote_category":0,"jetpack_post_was_ever_published":false,"_jetpack_newsletter_access":"","_jetpack_dont_email_post_to_subs":false,"_jetpack_newsletter_tier_id":0,"_jetpack_memberships_contains_paywalled_content":false,"_jetpack_memberships_contains_paid_content":false,"footnotes":"","jetpack_publicize_message":"","jetpack_publicize_feature_enabled":true,"jetpack_social_post_already_shared":false,"jetpack_social_options":{"image_generator_settings":{"template":"highway","enabled":false},"version":2}},"categories":[8],"tags":[],"class_list":{"0":"post-2713","1":"post","2":"type-post","3":"status-publish","4":"format-standard","6":"category-noticia"},"jetpack_publicize_connections":[],"acf":[],"yoast_head":"<!-- This site is optimized with the Yoast SEO plugin v25.2 - https:\/\/yoast.com\/wordpress\/plugins\/seo\/ -->\n<title>Experi\u00eancias de Pr\u00e1ticas Avaliativas de Cuiab\u00e1, Juiz de Fora, Pirai e Rio Branco - Lappis 25 anos<\/title>\n<meta name=\"robots\" content=\"index, follow, max-snippet:-1, max-image-preview:large, max-video-preview:-1\" \/>\n<link rel=\"canonical\" href=\"https:\/\/lappis.org.br\/site\/experiencias-de-praticas-avaliativas-de-cuiaba-juiz-de-fora-pirai-e-rio-branco\/2713\" \/>\n<meta property=\"og:locale\" content=\"pt_BR\" \/>\n<meta property=\"og:type\" content=\"article\" \/>\n<meta property=\"og:title\" content=\"Experi\u00eancias de Pr\u00e1ticas Avaliativas de Cuiab\u00e1, Juiz de Fora, Pirai e Rio Branco - Lappis 25 anos\" \/>\n<meta property=\"og:description\" content=\"A segunda mesa de debates do dia apresentou a tem\u00e1tica &ldquo;Experi\u00eancias de Pr\u00e1ticas Avaliativas de Cuiab\u00e1, Juiz de Fora, Pirai e Rio Branco&rdquo;, com a participa\u00e7\u00e3o dos pesquisadores Maria Ang\u00e9lica Spinelli (ISC-UFMT), Maria Tereza Bustamante Teixeira (UFJF), Aluisio Gomes da Silva Jr (ISC-UFF), Rodrigo Silveira (CCSD-UFAC), e Claunara Mendon\u00e7a (DAB-MS), sob a coordena\u00e7\u00e3o de Roseni Pinheiro (IMS-UERJ). [...]\" \/>\n<meta property=\"og:url\" content=\"https:\/\/lappis.org.br\/site\/experiencias-de-praticas-avaliativas-de-cuiaba-juiz-de-fora-pirai-e-rio-branco\/2713\" \/>\n<meta property=\"og:site_name\" content=\"Lappis 25 anos\" \/>\n<meta property=\"article:published_time\" content=\"2008-11-17T05:00:00+00:00\" \/>\n<meta name=\"author\" content=\"fw2\" \/>\n<meta name=\"twitter:card\" content=\"summary_large_image\" \/>\n<meta name=\"twitter:label1\" content=\"Escrito por\" \/>\n\t<meta name=\"twitter:data1\" content=\"fw2\" \/>\n\t<meta name=\"twitter:label2\" content=\"Est. tempo de leitura\" \/>\n\t<meta name=\"twitter:data2\" content=\"3 minutos\" \/>\n<script type=\"application\/ld+json\" class=\"yoast-schema-graph\">{\"@context\":\"https:\/\/schema.org\",\"@graph\":[{\"@type\":\"Article\",\"@id\":\"https:\/\/lappis.org.br\/site\/experiencias-de-praticas-avaliativas-de-cuiaba-juiz-de-fora-pirai-e-rio-branco\/2713#article\",\"isPartOf\":{\"@id\":\"https:\/\/lappis.org.br\/site\/experiencias-de-praticas-avaliativas-de-cuiaba-juiz-de-fora-pirai-e-rio-branco\/2713\"},\"author\":{\"name\":\"fw2\",\"@id\":\"https:\/\/lappis.org.br\/site\/#\/schema\/person\/3852381d08284b5e2716b20bd89bdbcf\"},\"headline\":\"Experi\u00eancias de Pr\u00e1ticas Avaliativas de Cuiab\u00e1, Juiz de Fora, Pirai e Rio Branco\",\"datePublished\":\"2008-11-17T05:00:00+00:00\",\"mainEntityOfPage\":{\"@id\":\"https:\/\/lappis.org.br\/site\/experiencias-de-praticas-avaliativas-de-cuiaba-juiz-de-fora-pirai-e-rio-branco\/2713\"},\"wordCount\":589,\"commentCount\":0,\"publisher\":{\"@id\":\"https:\/\/lappis.org.br\/site\/#organization\"},\"articleSection\":[\"Not\u00edcia\"],\"inLanguage\":\"pt-BR\",\"potentialAction\":[{\"@type\":\"CommentAction\",\"name\":\"Comment\",\"target\":[\"https:\/\/lappis.org.br\/site\/experiencias-de-praticas-avaliativas-de-cuiaba-juiz-de-fora-pirai-e-rio-branco\/2713#respond\"]}]},{\"@type\":\"WebPage\",\"@id\":\"https:\/\/lappis.org.br\/site\/experiencias-de-praticas-avaliativas-de-cuiaba-juiz-de-fora-pirai-e-rio-branco\/2713\",\"url\":\"https:\/\/lappis.org.br\/site\/experiencias-de-praticas-avaliativas-de-cuiaba-juiz-de-fora-pirai-e-rio-branco\/2713\",\"name\":\"Experi\u00eancias de Pr\u00e1ticas Avaliativas de Cuiab\u00e1, Juiz de Fora, Pirai e Rio Branco - Lappis 25 anos\",\"isPartOf\":{\"@id\":\"https:\/\/lappis.org.br\/site\/#website\"},\"datePublished\":\"2008-11-17T05:00:00+00:00\",\"breadcrumb\":{\"@id\":\"https:\/\/lappis.org.br\/site\/experiencias-de-praticas-avaliativas-de-cuiaba-juiz-de-fora-pirai-e-rio-branco\/2713#breadcrumb\"},\"inLanguage\":\"pt-BR\",\"potentialAction\":[{\"@type\":\"ReadAction\",\"target\":[\"https:\/\/lappis.org.br\/site\/experiencias-de-praticas-avaliativas-de-cuiaba-juiz-de-fora-pirai-e-rio-branco\/2713\"]}]},{\"@type\":\"BreadcrumbList\",\"@id\":\"https:\/\/lappis.org.br\/site\/experiencias-de-praticas-avaliativas-de-cuiaba-juiz-de-fora-pirai-e-rio-branco\/2713#breadcrumb\",\"itemListElement\":[{\"@type\":\"ListItem\",\"position\":1,\"name\":\"In\u00edcio\",\"item\":\"https:\/\/lappis.org.br\/site\/\"},{\"@type\":\"ListItem\",\"position\":2,\"name\":\"Experi\u00eancias de Pr\u00e1ticas Avaliativas de Cuiab\u00e1, Juiz de Fora, Pirai e Rio Branco\"}]},{\"@type\":\"WebSite\",\"@id\":\"https:\/\/lappis.org.br\/site\/#website\",\"url\":\"https:\/\/lappis.org.br\/site\/\",\"name\":\"Lappis 25 anos\",\"description\":\"Labotat\u00f3rio de Pesquisas sobre Pr\u00e1ticas de Integralidade em Sa\u00fade\",\"publisher\":{\"@id\":\"https:\/\/lappis.org.br\/site\/#organization\"},\"potentialAction\":[{\"@type\":\"SearchAction\",\"target\":{\"@type\":\"EntryPoint\",\"urlTemplate\":\"https:\/\/lappis.org.br\/site\/?s={search_term_string}\"},\"query-input\":{\"@type\":\"PropertyValueSpecification\",\"valueRequired\":true,\"valueName\":\"search_term_string\"}}],\"inLanguage\":\"pt-BR\"},{\"@type\":\"Organization\",\"@id\":\"https:\/\/lappis.org.br\/site\/#organization\",\"name\":\"Lappis 25 anos\",\"url\":\"https:\/\/lappis.org.br\/site\/\",\"logo\":{\"@type\":\"ImageObject\",\"inLanguage\":\"pt-BR\",\"@id\":\"https:\/\/lappis.org.br\/site\/#\/schema\/logo\/image\/\",\"url\":\"https:\/\/lappis.org.br\/site\/wp-content\/uploads\/2025\/03\/logo-lappis25anos.png\",\"contentUrl\":\"https:\/\/lappis.org.br\/site\/wp-content\/uploads\/2025\/03\/logo-lappis25anos.png\",\"width\":388,\"height\":146,\"caption\":\"Lappis 25 anos\"},\"image\":{\"@id\":\"https:\/\/lappis.org.br\/site\/#\/schema\/logo\/image\/\"}},{\"@type\":\"Person\",\"@id\":\"https:\/\/lappis.org.br\/site\/#\/schema\/person\/3852381d08284b5e2716b20bd89bdbcf\",\"name\":\"fw2\",\"image\":{\"@type\":\"ImageObject\",\"inLanguage\":\"pt-BR\",\"@id\":\"https:\/\/lappis.org.br\/site\/#\/schema\/person\/image\/\",\"url\":\"https:\/\/secure.gravatar.com\/avatar\/c38472c0cdbde82d9b6fcc26adb3779d?s=96&d=mm&r=g\",\"contentUrl\":\"https:\/\/secure.gravatar.com\/avatar\/c38472c0cdbde82d9b6fcc26adb3779d?s=96&d=mm&r=g\",\"caption\":\"fw2\"},\"url\":\"https:\/\/lappis.org.br\/site\/author\/fw2\"}]}<\/script>\n<!-- \/ Yoast SEO plugin. -->","yoast_head_json":{"title":"Experi\u00eancias de Pr\u00e1ticas Avaliativas de Cuiab\u00e1, Juiz de Fora, Pirai e Rio Branco - Lappis 25 anos","robots":{"index":"index","follow":"follow","max-snippet":"max-snippet:-1","max-image-preview":"max-image-preview:large","max-video-preview":"max-video-preview:-1"},"canonical":"https:\/\/lappis.org.br\/site\/experiencias-de-praticas-avaliativas-de-cuiaba-juiz-de-fora-pirai-e-rio-branco\/2713","og_locale":"pt_BR","og_type":"article","og_title":"Experi\u00eancias de Pr\u00e1ticas Avaliativas de Cuiab\u00e1, Juiz de Fora, Pirai e Rio Branco - Lappis 25 anos","og_description":"A segunda mesa de debates do dia apresentou a tem\u00e1tica &ldquo;Experi\u00eancias de Pr\u00e1ticas Avaliativas de Cuiab\u00e1, Juiz de Fora, Pirai e Rio Branco&rdquo;, com a participa\u00e7\u00e3o dos pesquisadores Maria Ang\u00e9lica Spinelli (ISC-UFMT), Maria Tereza Bustamante Teixeira (UFJF), Aluisio Gomes da Silva Jr (ISC-UFF), Rodrigo Silveira (CCSD-UFAC), e Claunara Mendon\u00e7a (DAB-MS), sob a coordena\u00e7\u00e3o de Roseni Pinheiro (IMS-UERJ). [...]","og_url":"https:\/\/lappis.org.br\/site\/experiencias-de-praticas-avaliativas-de-cuiaba-juiz-de-fora-pirai-e-rio-branco\/2713","og_site_name":"Lappis 25 anos","article_published_time":"2008-11-17T05:00:00+00:00","author":"fw2","twitter_card":"summary_large_image","twitter_misc":{"Escrito por":"fw2","Est. tempo de leitura":"3 minutos"},"schema":{"@context":"https:\/\/schema.org","@graph":[{"@type":"Article","@id":"https:\/\/lappis.org.br\/site\/experiencias-de-praticas-avaliativas-de-cuiaba-juiz-de-fora-pirai-e-rio-branco\/2713#article","isPartOf":{"@id":"https:\/\/lappis.org.br\/site\/experiencias-de-praticas-avaliativas-de-cuiaba-juiz-de-fora-pirai-e-rio-branco\/2713"},"author":{"name":"fw2","@id":"https:\/\/lappis.org.br\/site\/#\/schema\/person\/3852381d08284b5e2716b20bd89bdbcf"},"headline":"Experi\u00eancias de Pr\u00e1ticas Avaliativas de Cuiab\u00e1, Juiz de Fora, Pirai e Rio Branco","datePublished":"2008-11-17T05:00:00+00:00","mainEntityOfPage":{"@id":"https:\/\/lappis.org.br\/site\/experiencias-de-praticas-avaliativas-de-cuiaba-juiz-de-fora-pirai-e-rio-branco\/2713"},"wordCount":589,"commentCount":0,"publisher":{"@id":"https:\/\/lappis.org.br\/site\/#organization"},"articleSection":["Not\u00edcia"],"inLanguage":"pt-BR","potentialAction":[{"@type":"CommentAction","name":"Comment","target":["https:\/\/lappis.org.br\/site\/experiencias-de-praticas-avaliativas-de-cuiaba-juiz-de-fora-pirai-e-rio-branco\/2713#respond"]}]},{"@type":"WebPage","@id":"https:\/\/lappis.org.br\/site\/experiencias-de-praticas-avaliativas-de-cuiaba-juiz-de-fora-pirai-e-rio-branco\/2713","url":"https:\/\/lappis.org.br\/site\/experiencias-de-praticas-avaliativas-de-cuiaba-juiz-de-fora-pirai-e-rio-branco\/2713","name":"Experi\u00eancias de Pr\u00e1ticas Avaliativas de Cuiab\u00e1, Juiz de Fora, Pirai e Rio Branco - Lappis 25 anos","isPartOf":{"@id":"https:\/\/lappis.org.br\/site\/#website"},"datePublished":"2008-11-17T05:00:00+00:00","breadcrumb":{"@id":"https:\/\/lappis.org.br\/site\/experiencias-de-praticas-avaliativas-de-cuiaba-juiz-de-fora-pirai-e-rio-branco\/2713#breadcrumb"},"inLanguage":"pt-BR","potentialAction":[{"@type":"ReadAction","target":["https:\/\/lappis.org.br\/site\/experiencias-de-praticas-avaliativas-de-cuiaba-juiz-de-fora-pirai-e-rio-branco\/2713"]}]},{"@type":"BreadcrumbList","@id":"https:\/\/lappis.org.br\/site\/experiencias-de-praticas-avaliativas-de-cuiaba-juiz-de-fora-pirai-e-rio-branco\/2713#breadcrumb","itemListElement":[{"@type":"ListItem","position":1,"name":"In\u00edcio","item":"https:\/\/lappis.org.br\/site\/"},{"@type":"ListItem","position":2,"name":"Experi\u00eancias de Pr\u00e1ticas Avaliativas de Cuiab\u00e1, Juiz de Fora, Pirai e Rio Branco"}]},{"@type":"WebSite","@id":"https:\/\/lappis.org.br\/site\/#website","url":"https:\/\/lappis.org.br\/site\/","name":"Lappis 25 anos","description":"Labotat\u00f3rio de Pesquisas sobre Pr\u00e1ticas de Integralidade em Sa\u00fade","publisher":{"@id":"https:\/\/lappis.org.br\/site\/#organization"},"potentialAction":[{"@type":"SearchAction","target":{"@type":"EntryPoint","urlTemplate":"https:\/\/lappis.org.br\/site\/?s={search_term_string}"},"query-input":{"@type":"PropertyValueSpecification","valueRequired":true,"valueName":"search_term_string"}}],"inLanguage":"pt-BR"},{"@type":"Organization","@id":"https:\/\/lappis.org.br\/site\/#organization","name":"Lappis 25 anos","url":"https:\/\/lappis.org.br\/site\/","logo":{"@type":"ImageObject","inLanguage":"pt-BR","@id":"https:\/\/lappis.org.br\/site\/#\/schema\/logo\/image\/","url":"https:\/\/lappis.org.br\/site\/wp-content\/uploads\/2025\/03\/logo-lappis25anos.png","contentUrl":"https:\/\/lappis.org.br\/site\/wp-content\/uploads\/2025\/03\/logo-lappis25anos.png","width":388,"height":146,"caption":"Lappis 25 anos"},"image":{"@id":"https:\/\/lappis.org.br\/site\/#\/schema\/logo\/image\/"}},{"@type":"Person","@id":"https:\/\/lappis.org.br\/site\/#\/schema\/person\/3852381d08284b5e2716b20bd89bdbcf","name":"fw2","image":{"@type":"ImageObject","inLanguage":"pt-BR","@id":"https:\/\/lappis.org.br\/site\/#\/schema\/person\/image\/","url":"https:\/\/secure.gravatar.com\/avatar\/c38472c0cdbde82d9b6fcc26adb3779d?s=96&d=mm&r=g","contentUrl":"https:\/\/secure.gravatar.com\/avatar\/c38472c0cdbde82d9b6fcc26adb3779d?s=96&d=mm&r=g","caption":"fw2"},"url":"https:\/\/lappis.org.br\/site\/author\/fw2"}]}},"jetpack_featured_media_url":"","jetpack_shortlink":"https:\/\/wp.me\/p954Nh-HL","jetpack_sharing_enabled":true,"_links":{"self":[{"href":"https:\/\/lappis.org.br\/site\/wp-json\/wp\/v2\/posts\/2713"}],"collection":[{"href":"https:\/\/lappis.org.br\/site\/wp-json\/wp\/v2\/posts"}],"about":[{"href":"https:\/\/lappis.org.br\/site\/wp-json\/wp\/v2\/types\/post"}],"author":[{"embeddable":true,"href":"https:\/\/lappis.org.br\/site\/wp-json\/wp\/v2\/users\/1"}],"replies":[{"embeddable":true,"href":"https:\/\/lappis.org.br\/site\/wp-json\/wp\/v2\/comments?post=2713"}],"version-history":[{"count":0,"href":"https:\/\/lappis.org.br\/site\/wp-json\/wp\/v2\/posts\/2713\/revisions"}],"wp:attachment":[{"href":"https:\/\/lappis.org.br\/site\/wp-json\/wp\/v2\/media?parent=2713"}],"wp:term":[{"taxonomy":"category","embeddable":true,"href":"https:\/\/lappis.org.br\/site\/wp-json\/wp\/v2\/categories?post=2713"},{"taxonomy":"post_tag","embeddable":true,"href":"https:\/\/lappis.org.br\/site\/wp-json\/wp\/v2\/tags?post=2713"}],"curies":[{"name":"wp","href":"https:\/\/api.w.org\/{rel}","templated":true}]}}