{"id":2712,"date":"2008-11-17T03:00:00","date_gmt":"2008-11-17T05:00:00","guid":{"rendered":"http:\/\/lappis.org.br\/site\/2008\/11\/17\/itinerarios-terapeuticos-e-trajetorias-assistenciais-desenhos-interdisciplinares-para-avaliacao-em-saude\/"},"modified":"2008-11-17T03:00:00","modified_gmt":"2008-11-17T05:00:00","slug":"itinerarios-terapeuticos-e-trajetorias-assistenciais-desenhos-interdisciplinares-para-avaliacao-em-saude","status":"publish","type":"post","link":"https:\/\/lappis.org.br\/site\/itinerarios-terapeuticos-e-trajetorias-assistenciais-desenhos-interdisciplinares-para-avaliacao-em-saude\/2712","title":{"rendered":"Itiner\u00e1rios Terap\u00eauticos e Trajet\u00f3rias Assistenciais \u2013 desenhos interdisciplinares para avalia\u00e7\u00e3o em sa\u00fade"},"content":{"rendered":"<p style=\"text-align: justify;\"> \t<img fetchpriority=\"high\" decoding=\"async\" data-attachment-id=\"2711\" data-permalink=\"https:\/\/lappis.org.br\/site\/itinerarios-terapeuticos-e-trajetorias-assistenciais-desenhos-interdisciplinares-para-avaliacao-em-saude\/2712\/attachment-alt-508\" data-orig-file=\"https:\/\/lappis.org.br\/site\/wp-content\/uploads\/2008\/11\/sab_mesa04.JPG\" data-orig-size=\"448,198\" data-comments-opened=\"1\" data-image-meta=\"{&quot;aperture&quot;:&quot;0&quot;,&quot;credit&quot;:&quot;&quot;,&quot;camera&quot;:&quot;&quot;,&quot;caption&quot;:&quot;&quot;,&quot;created_timestamp&quot;:&quot;0&quot;,&quot;copyright&quot;:&quot;&quot;,&quot;focal_length&quot;:&quot;0&quot;,&quot;iso&quot;:&quot;0&quot;,&quot;shutter_speed&quot;:&quot;0&quot;,&quot;title&quot;:&quot;&quot;,&quot;orientation&quot;:&quot;0&quot;}\" data-image-title=\"alt\" data-image-description=\"\" data-image-caption=\"\" data-medium-file=\"https:\/\/lappis.org.br\/site\/wp-content\/uploads\/2008\/11\/sab_mesa04-300x133.jpg\" data-large-file=\"https:\/\/lappis.org.br\/site\/wp-content\/uploads\/2008\/11\/sab_mesa04.JPG\" class=\" alignleft size-full wp-image-2711\" alt=\"alt\" src=\"http:\/\/lappis.org.br\/site\/wp-content\/uploads\/2008\/11\/sab_mesa04.JPG\" style=\"margin: 5px; float: left;\" width=\"448\" height=\"198\" srcset=\"https:\/\/lappis.org.br\/site\/wp-content\/uploads\/2008\/11\/sab_mesa04.JPG 448w, https:\/\/lappis.org.br\/site\/wp-content\/uploads\/2008\/11\/sab_mesa04-300x133.jpg 300w\" sizes=\"(max-width: 448px) 100vw, 448px\" \/>Itiner\u00e1rios Terap\u00eauticos e Trajet\u00f3rias Assistenciais \u2013 desenhos interdisciplinares para avalia\u00e7\u00e3o em sa\u00fade foi o tema proposto para a \u00faltima mesa de debates do Simp\u00f3sio de Aten\u00e7\u00e3o B\u00e1sica e Integralidade. Coordenados por Roseni Pinheiro, os pesquisadores Roseney Bellato (FAEN \u2013 UFMT), Juliana Lofego (DFCS-UFAC), F\u00e1tima Tavares (PPCIR-UFJF), Tatiana Gerhardt (EENF-UFGRS), Val\u00e9ria Marinho (UFF) e Paulo Henrique Martins (NUCEM-UFPE) apresentaram os resultados de seus estudos que norteiam essa tem\u00e1tica.<\/p>\n<p>   Roseney Bellato apontou estimativas e explorou a quest\u00e3o da tecnologia avaliativa em sa\u00fade. Como ponto de partida para seus estudos, ela destacou as experi\u00eancias de adoecimento e a busca por um gerenciamento do cuidado em sa\u00fade para usu\u00e1rios e suas fam\u00edlias: \u201cSe o usu\u00e1rio n\u00e3o \u00e9 o grande avaliador do sistema, a quem podemos delegar tal responsabilidade?\u201d, polemiza. <\/p>\n<p style=\"text-align: justify;\"> \t\u00a0<br \/> \tNa seq\u00fc\u00eancia, Juliana Lofego salientou a import\u00e2ncia do agente de sa\u00fade, destacando a riqueza das experi\u00eancias adquiridas na pesquisa, as possibilidades de di\u00e1logo entre os atores que s\u00e3o capazes de gerar mudan\u00e7as nos processos de trabalho na sa\u00fade e a forma como essas experi\u00eancias podem refletir no cuidado com o usu\u00e1rio.\u00a0<br \/> \t\u00a0<br \/> \tTatiana Gerhardt apresentou a pesquisa \u201cItiner\u00e1rios terap\u00eauticos de pacientes com c\u00e2ncer: encontros e desencontros da aten\u00e7\u00e3o b\u00e1sica e alta complexidade nas redes de cuidado\u201d, em que abordou a tem\u00e1tica da organiza\u00e7\u00e3o do servi\u00e7o de sa\u00fade e as trajet\u00f3rias terap\u00eauticas de pacientes portadores de c\u00e2ncer. Ela explicou ainda, as pol\u00edticas de enfrentamento tra\u00e7adas pelo governo para enfrentar a doen\u00e7a.<br \/> \t\u00a0<br \/> \tPara discutir as trajet\u00f3rias assistenciais adotadas no munic\u00edpio de Pira\u00ed, Val\u00e9ria Marinho descreveu e analisou as pr\u00e1ticas socioculturais dos indiv\u00edduos tendo em vista a melhor estrutura\u00e7\u00e3o das redes, articula\u00e7\u00f5es com outros munic\u00edpios e o suporte familiar de cada usu\u00e1rio. J\u00e1 a debatedora F\u00e1tima Tavares, dentre outras afirmativas, reiterou o que foi dito pelos demais pesquisadores e acrescentou: \u201cOs itiner\u00e1rios s\u00e3o um caminho fecundo para as pr\u00e1ticas avaliativas no \u00e2mbito da sa\u00fade p\u00fablica\u201d.<br \/> \t\u00a0<br \/> \tE para finalizar, Roseni Pinheiro falou da import\u00e2ncia de se estabelecer media\u00e7\u00f5es que aglutinem diferentes pr\u00e1ticas te\u00f3ricas, al\u00e9m de criar pontos de contato para compreender a valoriza\u00e7\u00e3o no servi\u00e7o de sa\u00fade. E Paulo Henrique Martins colocou a quest\u00e3o da l\u00f3gica do usu\u00e1rio em detrimento da l\u00f3gica do planejador, pondo em cheque as novas modalidades de constru\u00e7\u00e3o da trajet\u00f3ria assistencial.<br \/> \t\u00a0<\/p>\n","protected":false},"excerpt":{"rendered":"<div class=\"mh-excerpt\"><p style=\"text-align: justify;\"> \t<img decoding=\"async\" class=\" alignleft size-full wp-image-2711\" alt=\"alt\" src=\"http:\/\/lappis.org.br\/site\/wp-content\/uploads\/2008\/11\/sab_mesa04.JPG\" style=\"margin: 5px; float: left;\" width=\"448\" height=\"198\" srcset=\"https:\/\/lappis.org.br\/site\/wp-content\/uploads\/2008\/11\/sab_mesa04.JPG 448w, https:\/\/lappis.org.br\/site\/wp-content\/uploads\/2008\/11\/sab_mesa04-300x133.jpg 300w\" sizes=\"(max-width: 448px) 100vw, 448px\" \/>Itiner\u00e1rios Terap\u00eauticos e Trajet\u00f3rias Assistenciais \u2013 desenhos interdisciplinares para avalia\u00e7\u00e3o em sa\u00fade foi o tema proposto para a \u00faltima mesa de debates do Simp\u00f3sio de Aten\u00e7\u00e3o B\u00e1sica e Integralidade. Coordenados por Roseni Pinheiro, os pesquisadores Roseney Bellato (FAEN \u2013 UFMT), Juliana Lofego (DFCS-UFAC), F\u00e1tima Tavares (PPCIR-UFJF), Tatiana Gerhardt (EENF-UFGRS), Val\u00e9ria Marinho (UFF) e Paulo Henrique Martins (NUCEM-UFPE) apresentaram os resultados de seus estudos que norteiam essa tem\u00e1tica.<\/p>\n<p>  <a class=\"mh-excerpt-more\" href=\"https:\/\/lappis.org.br\/site\/itinerarios-terapeuticos-e-trajetorias-assistenciais-desenhos-interdisciplinares-para-avaliacao-em-saude\/2712\" title=\"Itiner\u00e1rios Terap\u00eauticos e Trajet\u00f3rias Assistenciais \u2013 desenhos interdisciplinares para avalia\u00e7\u00e3o em sa\u00fade\">[&#8230;]<\/a><\/p>\n<\/div>","protected":false},"author":1,"featured_media":2710,"comment_status":"open","ping_status":"open","sticky":false,"template":"","format":"standard","meta":{"_acf_changed":false,"_exactmetrics_skip_tracking":false,"_exactmetrics_sitenote_active":false,"_exactmetrics_sitenote_note":"","_exactmetrics_sitenote_category":0,"jetpack_post_was_ever_published":false,"_jetpack_newsletter_access":"","_jetpack_dont_email_post_to_subs":false,"_jetpack_newsletter_tier_id":0,"_jetpack_memberships_contains_paywalled_content":false,"_jetpack_memberships_contains_paid_content":false,"footnotes":"","jetpack_publicize_message":"","jetpack_publicize_feature_enabled":true,"jetpack_social_post_already_shared":false,"jetpack_social_options":{"image_generator_settings":{"template":"highway","enabled":false},"version":2}},"categories":[8],"tags":[],"class_list":{"0":"post-2712","1":"post","2":"type-post","3":"status-publish","4":"format-standard","5":"has-post-thumbnail","7":"category-noticia"},"jetpack_publicize_connections":[],"acf":[],"yoast_head":"<!-- This site is optimized with the Yoast SEO plugin v25.2 - https:\/\/yoast.com\/wordpress\/plugins\/seo\/ -->\n<title>Itiner\u00e1rios Terap\u00eauticos e Trajet\u00f3rias Assistenciais \u2013 desenhos interdisciplinares para avalia\u00e7\u00e3o em sa\u00fade - Lappis 25 anos<\/title>\n<meta name=\"robots\" content=\"index, follow, max-snippet:-1, max-image-preview:large, max-video-preview:-1\" \/>\n<link rel=\"canonical\" href=\"https:\/\/lappis.org.br\/site\/itinerarios-terapeuticos-e-trajetorias-assistenciais-desenhos-interdisciplinares-para-avaliacao-em-saude\/2712\" \/>\n<meta property=\"og:locale\" content=\"pt_BR\" \/>\n<meta property=\"og:type\" content=\"article\" \/>\n<meta property=\"og:title\" content=\"Itiner\u00e1rios Terap\u00eauticos e Trajet\u00f3rias Assistenciais \u2013 desenhos interdisciplinares para avalia\u00e7\u00e3o em sa\u00fade - Lappis 25 anos\" \/>\n<meta property=\"og:description\" content=\"Itiner\u00e1rios Terap\u00eauticos e Trajet\u00f3rias Assistenciais \u2013 desenhos interdisciplinares para avalia\u00e7\u00e3o em sa\u00fade foi o tema proposto para a \u00faltima mesa de debates do Simp\u00f3sio de Aten\u00e7\u00e3o B\u00e1sica e Integralidade. Coordenados por Roseni Pinheiro, os pesquisadores Roseney Bellato (FAEN \u2013 UFMT), Juliana Lofego (DFCS-UFAC), F\u00e1tima Tavares (PPCIR-UFJF), Tatiana Gerhardt (EENF-UFGRS), Val\u00e9ria Marinho (UFF) e Paulo Henrique Martins (NUCEM-UFPE) apresentaram os resultados de seus estudos que norteiam essa tem\u00e1tica. [...]\" \/>\n<meta property=\"og:url\" content=\"https:\/\/lappis.org.br\/site\/itinerarios-terapeuticos-e-trajetorias-assistenciais-desenhos-interdisciplinares-para-avaliacao-em-saude\/2712\" \/>\n<meta property=\"og:site_name\" content=\"Lappis 25 anos\" \/>\n<meta property=\"article:published_time\" content=\"2008-11-17T05:00:00+00:00\" \/>\n<meta property=\"og:image\" content=\"https:\/\/lappis.org.br\/site\/wp-content\/uploads\/2008\/11\/sab_mesa04.JPG\" \/>\n\t<meta property=\"og:image:width\" content=\"448\" \/>\n\t<meta property=\"og:image:height\" content=\"198\" \/>\n\t<meta property=\"og:image:type\" content=\"image\/jpeg\" \/>\n<meta name=\"author\" content=\"fw2\" \/>\n<meta name=\"twitter:card\" content=\"summary_large_image\" \/>\n<meta name=\"twitter:label1\" content=\"Escrito por\" \/>\n\t<meta name=\"twitter:data1\" content=\"fw2\" \/>\n\t<meta name=\"twitter:label2\" content=\"Est. tempo de leitura\" \/>\n\t<meta name=\"twitter:data2\" content=\"2 minutos\" \/>\n<script type=\"application\/ld+json\" class=\"yoast-schema-graph\">{\"@context\":\"https:\/\/schema.org\",\"@graph\":[{\"@type\":\"Article\",\"@id\":\"https:\/\/lappis.org.br\/site\/itinerarios-terapeuticos-e-trajetorias-assistenciais-desenhos-interdisciplinares-para-avaliacao-em-saude\/2712#article\",\"isPartOf\":{\"@id\":\"https:\/\/lappis.org.br\/site\/itinerarios-terapeuticos-e-trajetorias-assistenciais-desenhos-interdisciplinares-para-avaliacao-em-saude\/2712\"},\"author\":{\"name\":\"fw2\",\"@id\":\"https:\/\/lappis.org.br\/site\/#\/schema\/person\/3852381d08284b5e2716b20bd89bdbcf\"},\"headline\":\"Itiner\u00e1rios Terap\u00eauticos e Trajet\u00f3rias Assistenciais \u2013 desenhos interdisciplinares para avalia\u00e7\u00e3o em sa\u00fade\",\"datePublished\":\"2008-11-17T05:00:00+00:00\",\"mainEntityOfPage\":{\"@id\":\"https:\/\/lappis.org.br\/site\/itinerarios-terapeuticos-e-trajetorias-assistenciais-desenhos-interdisciplinares-para-avaliacao-em-saude\/2712\"},\"wordCount\":451,\"commentCount\":0,\"publisher\":{\"@id\":\"https:\/\/lappis.org.br\/site\/#organization\"},\"image\":{\"@id\":\"https:\/\/lappis.org.br\/site\/itinerarios-terapeuticos-e-trajetorias-assistenciais-desenhos-interdisciplinares-para-avaliacao-em-saude\/2712#primaryimage\"},\"thumbnailUrl\":\"https:\/\/lappis.org.br\/site\/wp-content\/uploads\/2008\/11\/sab_mesa04.JPG\",\"articleSection\":[\"Not\u00edcia\"],\"inLanguage\":\"pt-BR\",\"potentialAction\":[{\"@type\":\"CommentAction\",\"name\":\"Comment\",\"target\":[\"https:\/\/lappis.org.br\/site\/itinerarios-terapeuticos-e-trajetorias-assistenciais-desenhos-interdisciplinares-para-avaliacao-em-saude\/2712#respond\"]}]},{\"@type\":\"WebPage\",\"@id\":\"https:\/\/lappis.org.br\/site\/itinerarios-terapeuticos-e-trajetorias-assistenciais-desenhos-interdisciplinares-para-avaliacao-em-saude\/2712\",\"url\":\"https:\/\/lappis.org.br\/site\/itinerarios-terapeuticos-e-trajetorias-assistenciais-desenhos-interdisciplinares-para-avaliacao-em-saude\/2712\",\"name\":\"Itiner\u00e1rios Terap\u00eauticos e Trajet\u00f3rias Assistenciais \u2013 desenhos interdisciplinares para avalia\u00e7\u00e3o em sa\u00fade - Lappis 25 anos\",\"isPartOf\":{\"@id\":\"https:\/\/lappis.org.br\/site\/#website\"},\"primaryImageOfPage\":{\"@id\":\"https:\/\/lappis.org.br\/site\/itinerarios-terapeuticos-e-trajetorias-assistenciais-desenhos-interdisciplinares-para-avaliacao-em-saude\/2712#primaryimage\"},\"image\":{\"@id\":\"https:\/\/lappis.org.br\/site\/itinerarios-terapeuticos-e-trajetorias-assistenciais-desenhos-interdisciplinares-para-avaliacao-em-saude\/2712#primaryimage\"},\"thumbnailUrl\":\"https:\/\/lappis.org.br\/site\/wp-content\/uploads\/2008\/11\/sab_mesa04.JPG\",\"datePublished\":\"2008-11-17T05:00:00+00:00\",\"breadcrumb\":{\"@id\":\"https:\/\/lappis.org.br\/site\/itinerarios-terapeuticos-e-trajetorias-assistenciais-desenhos-interdisciplinares-para-avaliacao-em-saude\/2712#breadcrumb\"},\"inLanguage\":\"pt-BR\",\"potentialAction\":[{\"@type\":\"ReadAction\",\"target\":[\"https:\/\/lappis.org.br\/site\/itinerarios-terapeuticos-e-trajetorias-assistenciais-desenhos-interdisciplinares-para-avaliacao-em-saude\/2712\"]}]},{\"@type\":\"ImageObject\",\"inLanguage\":\"pt-BR\",\"@id\":\"https:\/\/lappis.org.br\/site\/itinerarios-terapeuticos-e-trajetorias-assistenciais-desenhos-interdisciplinares-para-avaliacao-em-saude\/2712#primaryimage\",\"url\":\"https:\/\/lappis.org.br\/site\/wp-content\/uploads\/2008\/11\/sab_mesa04.JPG\",\"contentUrl\":\"https:\/\/lappis.org.br\/site\/wp-content\/uploads\/2008\/11\/sab_mesa04.JPG\",\"width\":448,\"height\":198,\"caption\":\"alt\"},{\"@type\":\"BreadcrumbList\",\"@id\":\"https:\/\/lappis.org.br\/site\/itinerarios-terapeuticos-e-trajetorias-assistenciais-desenhos-interdisciplinares-para-avaliacao-em-saude\/2712#breadcrumb\",\"itemListElement\":[{\"@type\":\"ListItem\",\"position\":1,\"name\":\"In\u00edcio\",\"item\":\"https:\/\/lappis.org.br\/site\/\"},{\"@type\":\"ListItem\",\"position\":2,\"name\":\"Itiner\u00e1rios Terap\u00eauticos e Trajet\u00f3rias Assistenciais \u2013 desenhos interdisciplinares para avalia\u00e7\u00e3o em sa\u00fade\"}]},{\"@type\":\"WebSite\",\"@id\":\"https:\/\/lappis.org.br\/site\/#website\",\"url\":\"https:\/\/lappis.org.br\/site\/\",\"name\":\"Lappis 25 anos\",\"description\":\"Labotat\u00f3rio de Pesquisas sobre Pr\u00e1ticas de Integralidade em Sa\u00fade\",\"publisher\":{\"@id\":\"https:\/\/lappis.org.br\/site\/#organization\"},\"potentialAction\":[{\"@type\":\"SearchAction\",\"target\":{\"@type\":\"EntryPoint\",\"urlTemplate\":\"https:\/\/lappis.org.br\/site\/?s={search_term_string}\"},\"query-input\":{\"@type\":\"PropertyValueSpecification\",\"valueRequired\":true,\"valueName\":\"search_term_string\"}}],\"inLanguage\":\"pt-BR\"},{\"@type\":\"Organization\",\"@id\":\"https:\/\/lappis.org.br\/site\/#organization\",\"name\":\"Lappis 25 anos\",\"url\":\"https:\/\/lappis.org.br\/site\/\",\"logo\":{\"@type\":\"ImageObject\",\"inLanguage\":\"pt-BR\",\"@id\":\"https:\/\/lappis.org.br\/site\/#\/schema\/logo\/image\/\",\"url\":\"https:\/\/lappis.org.br\/site\/wp-content\/uploads\/2025\/03\/logo-lappis25anos.png\",\"contentUrl\":\"https:\/\/lappis.org.br\/site\/wp-content\/uploads\/2025\/03\/logo-lappis25anos.png\",\"width\":388,\"height\":146,\"caption\":\"Lappis 25 anos\"},\"image\":{\"@id\":\"https:\/\/lappis.org.br\/site\/#\/schema\/logo\/image\/\"}},{\"@type\":\"Person\",\"@id\":\"https:\/\/lappis.org.br\/site\/#\/schema\/person\/3852381d08284b5e2716b20bd89bdbcf\",\"name\":\"fw2\",\"image\":{\"@type\":\"ImageObject\",\"inLanguage\":\"pt-BR\",\"@id\":\"https:\/\/lappis.org.br\/site\/#\/schema\/person\/image\/\",\"url\":\"https:\/\/secure.gravatar.com\/avatar\/c38472c0cdbde82d9b6fcc26adb3779d?s=96&d=mm&r=g\",\"contentUrl\":\"https:\/\/secure.gravatar.com\/avatar\/c38472c0cdbde82d9b6fcc26adb3779d?s=96&d=mm&r=g\",\"caption\":\"fw2\"},\"url\":\"https:\/\/lappis.org.br\/site\/author\/fw2\"}]}<\/script>\n<!-- \/ Yoast SEO plugin. -->","yoast_head_json":{"title":"Itiner\u00e1rios Terap\u00eauticos e Trajet\u00f3rias Assistenciais \u2013 desenhos interdisciplinares para avalia\u00e7\u00e3o em sa\u00fade - Lappis 25 anos","robots":{"index":"index","follow":"follow","max-snippet":"max-snippet:-1","max-image-preview":"max-image-preview:large","max-video-preview":"max-video-preview:-1"},"canonical":"https:\/\/lappis.org.br\/site\/itinerarios-terapeuticos-e-trajetorias-assistenciais-desenhos-interdisciplinares-para-avaliacao-em-saude\/2712","og_locale":"pt_BR","og_type":"article","og_title":"Itiner\u00e1rios Terap\u00eauticos e Trajet\u00f3rias Assistenciais \u2013 desenhos interdisciplinares para avalia\u00e7\u00e3o em sa\u00fade - Lappis 25 anos","og_description":"Itiner\u00e1rios Terap\u00eauticos e Trajet\u00f3rias Assistenciais \u2013 desenhos interdisciplinares para avalia\u00e7\u00e3o em sa\u00fade foi o tema proposto para a \u00faltima mesa de debates do Simp\u00f3sio de Aten\u00e7\u00e3o B\u00e1sica e Integralidade. Coordenados por Roseni Pinheiro, os pesquisadores Roseney Bellato (FAEN \u2013 UFMT), Juliana Lofego (DFCS-UFAC), F\u00e1tima Tavares (PPCIR-UFJF), Tatiana Gerhardt (EENF-UFGRS), Val\u00e9ria Marinho (UFF) e Paulo Henrique Martins (NUCEM-UFPE) apresentaram os resultados de seus estudos que norteiam essa tem\u00e1tica. [...]","og_url":"https:\/\/lappis.org.br\/site\/itinerarios-terapeuticos-e-trajetorias-assistenciais-desenhos-interdisciplinares-para-avaliacao-em-saude\/2712","og_site_name":"Lappis 25 anos","article_published_time":"2008-11-17T05:00:00+00:00","og_image":[{"width":448,"height":198,"url":"https:\/\/lappis.org.br\/site\/wp-content\/uploads\/2008\/11\/sab_mesa04.JPG","type":"image\/jpeg"}],"author":"fw2","twitter_card":"summary_large_image","twitter_misc":{"Escrito por":"fw2","Est. tempo de leitura":"2 minutos"},"schema":{"@context":"https:\/\/schema.org","@graph":[{"@type":"Article","@id":"https:\/\/lappis.org.br\/site\/itinerarios-terapeuticos-e-trajetorias-assistenciais-desenhos-interdisciplinares-para-avaliacao-em-saude\/2712#article","isPartOf":{"@id":"https:\/\/lappis.org.br\/site\/itinerarios-terapeuticos-e-trajetorias-assistenciais-desenhos-interdisciplinares-para-avaliacao-em-saude\/2712"},"author":{"name":"fw2","@id":"https:\/\/lappis.org.br\/site\/#\/schema\/person\/3852381d08284b5e2716b20bd89bdbcf"},"headline":"Itiner\u00e1rios Terap\u00eauticos e Trajet\u00f3rias Assistenciais \u2013 desenhos interdisciplinares para avalia\u00e7\u00e3o em sa\u00fade","datePublished":"2008-11-17T05:00:00+00:00","mainEntityOfPage":{"@id":"https:\/\/lappis.org.br\/site\/itinerarios-terapeuticos-e-trajetorias-assistenciais-desenhos-interdisciplinares-para-avaliacao-em-saude\/2712"},"wordCount":451,"commentCount":0,"publisher":{"@id":"https:\/\/lappis.org.br\/site\/#organization"},"image":{"@id":"https:\/\/lappis.org.br\/site\/itinerarios-terapeuticos-e-trajetorias-assistenciais-desenhos-interdisciplinares-para-avaliacao-em-saude\/2712#primaryimage"},"thumbnailUrl":"https:\/\/lappis.org.br\/site\/wp-content\/uploads\/2008\/11\/sab_mesa04.JPG","articleSection":["Not\u00edcia"],"inLanguage":"pt-BR","potentialAction":[{"@type":"CommentAction","name":"Comment","target":["https:\/\/lappis.org.br\/site\/itinerarios-terapeuticos-e-trajetorias-assistenciais-desenhos-interdisciplinares-para-avaliacao-em-saude\/2712#respond"]}]},{"@type":"WebPage","@id":"https:\/\/lappis.org.br\/site\/itinerarios-terapeuticos-e-trajetorias-assistenciais-desenhos-interdisciplinares-para-avaliacao-em-saude\/2712","url":"https:\/\/lappis.org.br\/site\/itinerarios-terapeuticos-e-trajetorias-assistenciais-desenhos-interdisciplinares-para-avaliacao-em-saude\/2712","name":"Itiner\u00e1rios Terap\u00eauticos e Trajet\u00f3rias Assistenciais \u2013 desenhos interdisciplinares para avalia\u00e7\u00e3o em sa\u00fade - Lappis 25 anos","isPartOf":{"@id":"https:\/\/lappis.org.br\/site\/#website"},"primaryImageOfPage":{"@id":"https:\/\/lappis.org.br\/site\/itinerarios-terapeuticos-e-trajetorias-assistenciais-desenhos-interdisciplinares-para-avaliacao-em-saude\/2712#primaryimage"},"image":{"@id":"https:\/\/lappis.org.br\/site\/itinerarios-terapeuticos-e-trajetorias-assistenciais-desenhos-interdisciplinares-para-avaliacao-em-saude\/2712#primaryimage"},"thumbnailUrl":"https:\/\/lappis.org.br\/site\/wp-content\/uploads\/2008\/11\/sab_mesa04.JPG","datePublished":"2008-11-17T05:00:00+00:00","breadcrumb":{"@id":"https:\/\/lappis.org.br\/site\/itinerarios-terapeuticos-e-trajetorias-assistenciais-desenhos-interdisciplinares-para-avaliacao-em-saude\/2712#breadcrumb"},"inLanguage":"pt-BR","potentialAction":[{"@type":"ReadAction","target":["https:\/\/lappis.org.br\/site\/itinerarios-terapeuticos-e-trajetorias-assistenciais-desenhos-interdisciplinares-para-avaliacao-em-saude\/2712"]}]},{"@type":"ImageObject","inLanguage":"pt-BR","@id":"https:\/\/lappis.org.br\/site\/itinerarios-terapeuticos-e-trajetorias-assistenciais-desenhos-interdisciplinares-para-avaliacao-em-saude\/2712#primaryimage","url":"https:\/\/lappis.org.br\/site\/wp-content\/uploads\/2008\/11\/sab_mesa04.JPG","contentUrl":"https:\/\/lappis.org.br\/site\/wp-content\/uploads\/2008\/11\/sab_mesa04.JPG","width":448,"height":198,"caption":"alt"},{"@type":"BreadcrumbList","@id":"https:\/\/lappis.org.br\/site\/itinerarios-terapeuticos-e-trajetorias-assistenciais-desenhos-interdisciplinares-para-avaliacao-em-saude\/2712#breadcrumb","itemListElement":[{"@type":"ListItem","position":1,"name":"In\u00edcio","item":"https:\/\/lappis.org.br\/site\/"},{"@type":"ListItem","position":2,"name":"Itiner\u00e1rios Terap\u00eauticos e Trajet\u00f3rias Assistenciais \u2013 desenhos interdisciplinares para avalia\u00e7\u00e3o em sa\u00fade"}]},{"@type":"WebSite","@id":"https:\/\/lappis.org.br\/site\/#website","url":"https:\/\/lappis.org.br\/site\/","name":"Lappis 25 anos","description":"Labotat\u00f3rio de Pesquisas sobre Pr\u00e1ticas de Integralidade em Sa\u00fade","publisher":{"@id":"https:\/\/lappis.org.br\/site\/#organization"},"potentialAction":[{"@type":"SearchAction","target":{"@type":"EntryPoint","urlTemplate":"https:\/\/lappis.org.br\/site\/?s={search_term_string}"},"query-input":{"@type":"PropertyValueSpecification","valueRequired":true,"valueName":"search_term_string"}}],"inLanguage":"pt-BR"},{"@type":"Organization","@id":"https:\/\/lappis.org.br\/site\/#organization","name":"Lappis 25 anos","url":"https:\/\/lappis.org.br\/site\/","logo":{"@type":"ImageObject","inLanguage":"pt-BR","@id":"https:\/\/lappis.org.br\/site\/#\/schema\/logo\/image\/","url":"https:\/\/lappis.org.br\/site\/wp-content\/uploads\/2025\/03\/logo-lappis25anos.png","contentUrl":"https:\/\/lappis.org.br\/site\/wp-content\/uploads\/2025\/03\/logo-lappis25anos.png","width":388,"height":146,"caption":"Lappis 25 anos"},"image":{"@id":"https:\/\/lappis.org.br\/site\/#\/schema\/logo\/image\/"}},{"@type":"Person","@id":"https:\/\/lappis.org.br\/site\/#\/schema\/person\/3852381d08284b5e2716b20bd89bdbcf","name":"fw2","image":{"@type":"ImageObject","inLanguage":"pt-BR","@id":"https:\/\/lappis.org.br\/site\/#\/schema\/person\/image\/","url":"https:\/\/secure.gravatar.com\/avatar\/c38472c0cdbde82d9b6fcc26adb3779d?s=96&d=mm&r=g","contentUrl":"https:\/\/secure.gravatar.com\/avatar\/c38472c0cdbde82d9b6fcc26adb3779d?s=96&d=mm&r=g","caption":"fw2"},"url":"https:\/\/lappis.org.br\/site\/author\/fw2"}]}},"jetpack_featured_media_url":"https:\/\/lappis.org.br\/site\/wp-content\/uploads\/2008\/11\/sab_mesa04.JPG","jetpack_shortlink":"https:\/\/wp.me\/p954Nh-HK","jetpack_sharing_enabled":true,"_links":{"self":[{"href":"https:\/\/lappis.org.br\/site\/wp-json\/wp\/v2\/posts\/2712"}],"collection":[{"href":"https:\/\/lappis.org.br\/site\/wp-json\/wp\/v2\/posts"}],"about":[{"href":"https:\/\/lappis.org.br\/site\/wp-json\/wp\/v2\/types\/post"}],"author":[{"embeddable":true,"href":"https:\/\/lappis.org.br\/site\/wp-json\/wp\/v2\/users\/1"}],"replies":[{"embeddable":true,"href":"https:\/\/lappis.org.br\/site\/wp-json\/wp\/v2\/comments?post=2712"}],"version-history":[{"count":0,"href":"https:\/\/lappis.org.br\/site\/wp-json\/wp\/v2\/posts\/2712\/revisions"}],"wp:featuredmedia":[{"embeddable":true,"href":"https:\/\/lappis.org.br\/site\/wp-json\/wp\/v2\/media\/2710"}],"wp:attachment":[{"href":"https:\/\/lappis.org.br\/site\/wp-json\/wp\/v2\/media?parent=2712"}],"wp:term":[{"taxonomy":"category","embeddable":true,"href":"https:\/\/lappis.org.br\/site\/wp-json\/wp\/v2\/categories?post=2712"},{"taxonomy":"post_tag","embeddable":true,"href":"https:\/\/lappis.org.br\/site\/wp-json\/wp\/v2\/tags?post=2712"}],"curies":[{"name":"wp","href":"https:\/\/api.w.org\/{rel}","templated":true}]}}