{"id":2709,"date":"2008-11-17T03:00:00","date_gmt":"2008-11-17T05:00:00","guid":{"rendered":"http:\/\/lappis.org.br\/site\/2008\/11\/17\/agentes-comunitarios-de-saude-e-indicadores-de-avaliacao-discursos-e-praticas-em-processos-saude-e-doenca-e-suas-repercussoes-sobre-o-trabalho\/"},"modified":"2008-11-17T03:00:00","modified_gmt":"2008-11-17T05:00:00","slug":"agentes-comunitarios-de-saude-e-indicadores-de-avaliacao-discursos-e-praticas-em-processos-saude-e-doenca-e-suas-repercussoes-sobre-o-trabalho","status":"publish","type":"post","link":"https:\/\/lappis.org.br\/site\/agentes-comunitarios-de-saude-e-indicadores-de-avaliacao-discursos-e-praticas-em-processos-saude-e-doenca-e-suas-repercussoes-sobre-o-trabalho\/2709","title":{"rendered":"Agentes Comunit\u00e1rios de Sa\u00fade e indicadores de avalia\u00e7\u00e3o \u2013 discursos e pr\u00e1ticas em processos sa\u00fade e doen\u00e7a e suas repercuss\u00f5es sobre o trabalho"},"content":{"rendered":"<p style=\"text-align: justify;\"> \t<img fetchpriority=\"high\" decoding=\"async\" data-attachment-id=\"2708\" data-permalink=\"https:\/\/lappis.org.br\/site\/agentes-comunitarios-de-saude-e-indicadores-de-avaliacao-discursos-e-praticas-em-processos-saude-e-doenca-e-suas-repercussoes-sobre-o-trabalho\/2709\/attachment-alt-506\" data-orig-file=\"https:\/\/lappis.org.br\/site\/wp-content\/uploads\/2008\/11\/sab_mesa03.JPG\" data-orig-size=\"448,211\" data-comments-opened=\"1\" data-image-meta=\"{&quot;aperture&quot;:&quot;0&quot;,&quot;credit&quot;:&quot;&quot;,&quot;camera&quot;:&quot;&quot;,&quot;caption&quot;:&quot;&quot;,&quot;created_timestamp&quot;:&quot;0&quot;,&quot;copyright&quot;:&quot;&quot;,&quot;focal_length&quot;:&quot;0&quot;,&quot;iso&quot;:&quot;0&quot;,&quot;shutter_speed&quot;:&quot;0&quot;,&quot;title&quot;:&quot;&quot;,&quot;orientation&quot;:&quot;0&quot;}\" data-image-title=\"alt\" data-image-description=\"\" data-image-caption=\"\" data-medium-file=\"https:\/\/lappis.org.br\/site\/wp-content\/uploads\/2008\/11\/sab_mesa03-300x141.jpg\" data-large-file=\"https:\/\/lappis.org.br\/site\/wp-content\/uploads\/2008\/11\/sab_mesa03.JPG\" class=\" alignleft size-full wp-image-2708\" alt=\"alt\" src=\"http:\/\/lappis.org.br\/site\/wp-content\/uploads\/2008\/11\/sab_mesa03.JPG\" style=\"margin: 5px; float: left;\" width=\"448\" height=\"211\" srcset=\"https:\/\/lappis.org.br\/site\/wp-content\/uploads\/2008\/11\/sab_mesa03.JPG 448w, https:\/\/lappis.org.br\/site\/wp-content\/uploads\/2008\/11\/sab_mesa03-300x141.jpg 300w\" sizes=\"(max-width: 448px) 100vw, 448px\" \/>A mesa de debates &#8220;Agentes Comunit\u00e1rios de Sa\u00fade e indicadores de avalia\u00e7\u00e3o \u2013 discursos e pr\u00e1ticas em processos sa\u00fade e doen\u00e7a e suas repercuss\u00f5es sobre o trabalho&#8221; abriu o segundo e \u00faltimo dia de discuss\u00f5es do Simp\u00f3sio de Aten\u00e7\u00e3o B\u00e1sica e Integralidade. Com a participa\u00e7\u00e3o dos pesquisadores Ana L\u00facia Pontes (EPSJV-FIOCRUZ), Ang\u00e9lica Ferreira Fonseca (EPSJV-FIOCRUZ), Ruben Araujo de Mattos (IMS-UERJ), Helena David (FENF-UERJ) e Elisabeth Susana Wartchow (CAAB &#8211; DAB\/MS), tentou-se esclarecer assuntos que permeiam a quest\u00e3o dos indicadores de avalia\u00e7\u00e3o e a atua\u00e7\u00e3o dos agentes comunit\u00e1rios.<\/p>\n<p>   Para iniciar as atividades, o professor Ruben Araujo Mattos discutiu quest\u00f5es inerentes aos indicadores de gest\u00e3o e os problemas da pactua\u00e7\u00e3o. Ele tamb\u00e9m exp\u00f4s a problem\u00e1tica do direito \u00e0 sa\u00fade e aspectos institucionais: &#8220;Se o m\u00e9todo n\u00e3o \u00e9 adequado para a maioria dos munic\u00edpios, ele n\u00e3o serve como par\u00e2metro para as pesquisas&#8221;, aponta o professor. <\/p>\n<p style=\"text-align: justify;\"> \t\u00a0<br \/> \tAng\u00e9lica Ferreira Fonseca trouxe para o debate a quest\u00e3o da avalia\u00e7\u00e3o do trabalho educativo em sa\u00fade como uma pr\u00e1tica social, para buscar reflex\u00f5es sobre a avalia\u00e7\u00e3o do trabalho educativo realizado para agentes comunit\u00e1rios: &#8220;O trabalho do agente comunit\u00e1rio ainda \u00e9 uma atividade em forma\u00e7\u00e3o. E a avalia\u00e7\u00e3o \u00e9 o m\u00e9todo que ser\u00e1 instrumento de qualifica\u00e7\u00e3o deste trabalho&#8221;.<br \/> \t\u00a0<br \/> \tJ\u00e1 a representante da Escola Polit\u00e9cnica Joaquim Ven\u00e2ncio, Ana L\u00facia Pontes, apresentou a pesquisa &#8220;Itiner\u00e1rios terap\u00eauticos e Estrat\u00e9gia de sa\u00fade na fam\u00edlia: discursos sobre processo sa\u00fade \u2013 doen\u00e7a e acesso aos servi\u00e7os de sa\u00fade no trabalho do agente comunit\u00e1rio&#8221;. Com a finalidade de entender como acontece a rela\u00e7\u00e3o entre os ACS e usu\u00e1rios na busca do cuidado, a pesquisadora mostrou os desafios que permeiam a atividade destes mediadores: &#8220;Existe um processo de reconhecer e ser reconhecido h\u00e1 uma tentativa de reaproxima\u00e7\u00e3o e uma tentativa de avaliar as dimens\u00f5es do ACS como ele interfere no acesso da sa\u00fade&#8221;, afirma.<br \/> \t\u00a0<br \/> \tHelena David mostrou estudos sobre a abordagem dos Agentes Comunit\u00e1rios em uma perspectiva multidisciplinar e abordou ainda os seguintes pressupostos: campo de pr\u00e1ticas e reflex\u00f5es, educa\u00e7\u00e3o popular e sa\u00fade, rela\u00e7\u00e3o entre servi\u00e7os e popula\u00e7\u00e3o e fosso cultural. Ela tamb\u00e9m defendeu a categoria dos ACS enquanto profissionais.<br \/> \t\u00a0<br \/> \tPara terminar, Elisabeth Susana Wartchow apontou a quest\u00e3o da avalia\u00e7\u00e3o dos temas de pesquisas em todas as esferas p\u00fablicas. Ela mostrou ainda como as contribui\u00e7\u00f5es nas avalia\u00e7\u00f5es da aten\u00e7\u00e3o b\u00e1sica tem sido fundamentais mesmo com as cr\u00edticas institucionalizadas da avalia\u00e7\u00e3o.<\/p>\n","protected":false},"excerpt":{"rendered":"<div class=\"mh-excerpt\"><p style=\"text-align: justify;\"> \t<img decoding=\"async\" class=\" alignleft size-full wp-image-2708\" alt=\"alt\" src=\"http:\/\/lappis.org.br\/site\/wp-content\/uploads\/2008\/11\/sab_mesa03.JPG\" style=\"margin: 5px; float: left;\" width=\"448\" height=\"211\" srcset=\"https:\/\/lappis.org.br\/site\/wp-content\/uploads\/2008\/11\/sab_mesa03.JPG 448w, https:\/\/lappis.org.br\/site\/wp-content\/uploads\/2008\/11\/sab_mesa03-300x141.jpg 300w\" sizes=\"(max-width: 448px) 100vw, 448px\" \/>A mesa de debates &#8220;Agentes Comunit\u00e1rios de Sa\u00fade e indicadores de avalia\u00e7\u00e3o \u2013 discursos e pr\u00e1ticas em processos sa\u00fade e doen\u00e7a e suas repercuss\u00f5es sobre o trabalho&#8221; abriu o segundo e \u00faltimo dia de discuss\u00f5es do Simp\u00f3sio de Aten\u00e7\u00e3o B\u00e1sica e Integralidade. Com a participa\u00e7\u00e3o dos pesquisadores Ana L\u00facia Pontes (EPSJV-FIOCRUZ), Ang\u00e9lica Ferreira Fonseca (EPSJV-FIOCRUZ), Ruben Araujo de Mattos (IMS-UERJ), Helena David (FENF-UERJ) e Elisabeth Susana Wartchow (CAAB &#8211; DAB\/MS), tentou-se esclarecer assuntos que permeiam a quest\u00e3o dos indicadores de avalia\u00e7\u00e3o e a atua\u00e7\u00e3o dos agentes comunit\u00e1rios.<\/p>\n<p>  <a class=\"mh-excerpt-more\" href=\"https:\/\/lappis.org.br\/site\/agentes-comunitarios-de-saude-e-indicadores-de-avaliacao-discursos-e-praticas-em-processos-saude-e-doenca-e-suas-repercussoes-sobre-o-trabalho\/2709\" title=\"Agentes Comunit\u00e1rios de Sa\u00fade e indicadores de avalia\u00e7\u00e3o \u2013 discursos e pr\u00e1ticas em processos sa\u00fade e doen\u00e7a e suas repercuss\u00f5es sobre o trabalho\">[&#8230;]<\/a><\/p>\n<\/div>","protected":false},"author":1,"featured_media":2707,"comment_status":"open","ping_status":"open","sticky":false,"template":"","format":"standard","meta":{"_acf_changed":false,"_exactmetrics_skip_tracking":false,"_exactmetrics_sitenote_active":false,"_exactmetrics_sitenote_note":"","_exactmetrics_sitenote_category":0,"jetpack_post_was_ever_published":false,"_jetpack_newsletter_access":"","_jetpack_dont_email_post_to_subs":false,"_jetpack_newsletter_tier_id":0,"_jetpack_memberships_contains_paywalled_content":false,"_jetpack_memberships_contains_paid_content":false,"footnotes":"","jetpack_publicize_message":"","jetpack_publicize_feature_enabled":true,"jetpack_social_post_already_shared":false,"jetpack_social_options":{"image_generator_settings":{"template":"highway","enabled":false},"version":2}},"categories":[8],"tags":[],"class_list":{"0":"post-2709","1":"post","2":"type-post","3":"status-publish","4":"format-standard","5":"has-post-thumbnail","7":"category-noticia"},"jetpack_publicize_connections":[],"acf":[],"yoast_head":"<!-- This site is optimized with the Yoast SEO plugin v25.2 - https:\/\/yoast.com\/wordpress\/plugins\/seo\/ -->\n<title>Agentes Comunit\u00e1rios de Sa\u00fade e indicadores de avalia\u00e7\u00e3o \u2013 discursos e pr\u00e1ticas em processos sa\u00fade e doen\u00e7a e suas repercuss\u00f5es sobre o trabalho - Lappis 25 anos<\/title>\n<meta name=\"robots\" content=\"index, follow, max-snippet:-1, max-image-preview:large, max-video-preview:-1\" \/>\n<link rel=\"canonical\" href=\"https:\/\/lappis.org.br\/site\/agentes-comunitarios-de-saude-e-indicadores-de-avaliacao-discursos-e-praticas-em-processos-saude-e-doenca-e-suas-repercussoes-sobre-o-trabalho\/2709\" \/>\n<meta property=\"og:locale\" content=\"pt_BR\" \/>\n<meta property=\"og:type\" content=\"article\" \/>\n<meta property=\"og:title\" content=\"Agentes Comunit\u00e1rios de Sa\u00fade e indicadores de avalia\u00e7\u00e3o \u2013 discursos e pr\u00e1ticas em processos sa\u00fade e doen\u00e7a e suas repercuss\u00f5es sobre o trabalho - Lappis 25 anos\" \/>\n<meta property=\"og:description\" content=\"A mesa de debates &quot;Agentes Comunit\u00e1rios de Sa\u00fade e indicadores de avalia\u00e7\u00e3o \u2013 discursos e pr\u00e1ticas em processos sa\u00fade e doen\u00e7a e suas repercuss\u00f5es sobre o trabalho&quot; abriu o segundo e \u00faltimo dia de discuss\u00f5es do Simp\u00f3sio de Aten\u00e7\u00e3o B\u00e1sica e Integralidade. Com a participa\u00e7\u00e3o dos pesquisadores Ana L\u00facia Pontes (EPSJV-FIOCRUZ), Ang\u00e9lica Ferreira Fonseca (EPSJV-FIOCRUZ), Ruben Araujo de Mattos (IMS-UERJ), Helena David (FENF-UERJ) e Elisabeth Susana Wartchow (CAAB - DAB\/MS), tentou-se esclarecer assuntos que permeiam a quest\u00e3o dos indicadores de avalia\u00e7\u00e3o e a atua\u00e7\u00e3o dos agentes comunit\u00e1rios. [...]\" \/>\n<meta property=\"og:url\" content=\"https:\/\/lappis.org.br\/site\/agentes-comunitarios-de-saude-e-indicadores-de-avaliacao-discursos-e-praticas-em-processos-saude-e-doenca-e-suas-repercussoes-sobre-o-trabalho\/2709\" \/>\n<meta property=\"og:site_name\" content=\"Lappis 25 anos\" \/>\n<meta property=\"article:published_time\" content=\"2008-11-17T05:00:00+00:00\" \/>\n<meta property=\"og:image\" content=\"https:\/\/lappis.org.br\/site\/wp-content\/uploads\/2008\/11\/sab_mesa03.JPG\" \/>\n\t<meta property=\"og:image:width\" content=\"448\" \/>\n\t<meta property=\"og:image:height\" content=\"211\" \/>\n\t<meta property=\"og:image:type\" content=\"image\/jpeg\" \/>\n<meta name=\"author\" content=\"fw2\" \/>\n<meta name=\"twitter:card\" content=\"summary_large_image\" \/>\n<meta name=\"twitter:label1\" content=\"Escrito por\" \/>\n\t<meta name=\"twitter:data1\" content=\"fw2\" \/>\n\t<meta name=\"twitter:label2\" content=\"Est. tempo de leitura\" \/>\n\t<meta name=\"twitter:data2\" content=\"2 minutos\" \/>\n<script type=\"application\/ld+json\" class=\"yoast-schema-graph\">{\"@context\":\"https:\/\/schema.org\",\"@graph\":[{\"@type\":\"Article\",\"@id\":\"https:\/\/lappis.org.br\/site\/agentes-comunitarios-de-saude-e-indicadores-de-avaliacao-discursos-e-praticas-em-processos-saude-e-doenca-e-suas-repercussoes-sobre-o-trabalho\/2709#article\",\"isPartOf\":{\"@id\":\"https:\/\/lappis.org.br\/site\/agentes-comunitarios-de-saude-e-indicadores-de-avaliacao-discursos-e-praticas-em-processos-saude-e-doenca-e-suas-repercussoes-sobre-o-trabalho\/2709\"},\"author\":{\"name\":\"fw2\",\"@id\":\"https:\/\/lappis.org.br\/site\/#\/schema\/person\/3852381d08284b5e2716b20bd89bdbcf\"},\"headline\":\"Agentes Comunit\u00e1rios de Sa\u00fade e indicadores de avalia\u00e7\u00e3o \u2013 discursos e pr\u00e1ticas em processos sa\u00fade e doen\u00e7a e suas repercuss\u00f5es sobre o trabalho\",\"datePublished\":\"2008-11-17T05:00:00+00:00\",\"mainEntityOfPage\":{\"@id\":\"https:\/\/lappis.org.br\/site\/agentes-comunitarios-de-saude-e-indicadores-de-avaliacao-discursos-e-praticas-em-processos-saude-e-doenca-e-suas-repercussoes-sobre-o-trabalho\/2709\"},\"wordCount\":486,\"commentCount\":0,\"publisher\":{\"@id\":\"https:\/\/lappis.org.br\/site\/#organization\"},\"image\":{\"@id\":\"https:\/\/lappis.org.br\/site\/agentes-comunitarios-de-saude-e-indicadores-de-avaliacao-discursos-e-praticas-em-processos-saude-e-doenca-e-suas-repercussoes-sobre-o-trabalho\/2709#primaryimage\"},\"thumbnailUrl\":\"https:\/\/lappis.org.br\/site\/wp-content\/uploads\/2008\/11\/sab_mesa03.JPG\",\"articleSection\":[\"Not\u00edcia\"],\"inLanguage\":\"pt-BR\",\"potentialAction\":[{\"@type\":\"CommentAction\",\"name\":\"Comment\",\"target\":[\"https:\/\/lappis.org.br\/site\/agentes-comunitarios-de-saude-e-indicadores-de-avaliacao-discursos-e-praticas-em-processos-saude-e-doenca-e-suas-repercussoes-sobre-o-trabalho\/2709#respond\"]}]},{\"@type\":\"WebPage\",\"@id\":\"https:\/\/lappis.org.br\/site\/agentes-comunitarios-de-saude-e-indicadores-de-avaliacao-discursos-e-praticas-em-processos-saude-e-doenca-e-suas-repercussoes-sobre-o-trabalho\/2709\",\"url\":\"https:\/\/lappis.org.br\/site\/agentes-comunitarios-de-saude-e-indicadores-de-avaliacao-discursos-e-praticas-em-processos-saude-e-doenca-e-suas-repercussoes-sobre-o-trabalho\/2709\",\"name\":\"Agentes Comunit\u00e1rios de Sa\u00fade e indicadores de avalia\u00e7\u00e3o \u2013 discursos e pr\u00e1ticas em processos sa\u00fade e doen\u00e7a e suas repercuss\u00f5es sobre o trabalho - Lappis 25 anos\",\"isPartOf\":{\"@id\":\"https:\/\/lappis.org.br\/site\/#website\"},\"primaryImageOfPage\":{\"@id\":\"https:\/\/lappis.org.br\/site\/agentes-comunitarios-de-saude-e-indicadores-de-avaliacao-discursos-e-praticas-em-processos-saude-e-doenca-e-suas-repercussoes-sobre-o-trabalho\/2709#primaryimage\"},\"image\":{\"@id\":\"https:\/\/lappis.org.br\/site\/agentes-comunitarios-de-saude-e-indicadores-de-avaliacao-discursos-e-praticas-em-processos-saude-e-doenca-e-suas-repercussoes-sobre-o-trabalho\/2709#primaryimage\"},\"thumbnailUrl\":\"https:\/\/lappis.org.br\/site\/wp-content\/uploads\/2008\/11\/sab_mesa03.JPG\",\"datePublished\":\"2008-11-17T05:00:00+00:00\",\"breadcrumb\":{\"@id\":\"https:\/\/lappis.org.br\/site\/agentes-comunitarios-de-saude-e-indicadores-de-avaliacao-discursos-e-praticas-em-processos-saude-e-doenca-e-suas-repercussoes-sobre-o-trabalho\/2709#breadcrumb\"},\"inLanguage\":\"pt-BR\",\"potentialAction\":[{\"@type\":\"ReadAction\",\"target\":[\"https:\/\/lappis.org.br\/site\/agentes-comunitarios-de-saude-e-indicadores-de-avaliacao-discursos-e-praticas-em-processos-saude-e-doenca-e-suas-repercussoes-sobre-o-trabalho\/2709\"]}]},{\"@type\":\"ImageObject\",\"inLanguage\":\"pt-BR\",\"@id\":\"https:\/\/lappis.org.br\/site\/agentes-comunitarios-de-saude-e-indicadores-de-avaliacao-discursos-e-praticas-em-processos-saude-e-doenca-e-suas-repercussoes-sobre-o-trabalho\/2709#primaryimage\",\"url\":\"https:\/\/lappis.org.br\/site\/wp-content\/uploads\/2008\/11\/sab_mesa03.JPG\",\"contentUrl\":\"https:\/\/lappis.org.br\/site\/wp-content\/uploads\/2008\/11\/sab_mesa03.JPG\",\"width\":448,\"height\":211,\"caption\":\"alt\"},{\"@type\":\"BreadcrumbList\",\"@id\":\"https:\/\/lappis.org.br\/site\/agentes-comunitarios-de-saude-e-indicadores-de-avaliacao-discursos-e-praticas-em-processos-saude-e-doenca-e-suas-repercussoes-sobre-o-trabalho\/2709#breadcrumb\",\"itemListElement\":[{\"@type\":\"ListItem\",\"position\":1,\"name\":\"In\u00edcio\",\"item\":\"https:\/\/lappis.org.br\/site\/\"},{\"@type\":\"ListItem\",\"position\":2,\"name\":\"Agentes Comunit\u00e1rios de Sa\u00fade e indicadores de avalia\u00e7\u00e3o \u2013 discursos e pr\u00e1ticas em processos sa\u00fade e doen\u00e7a e suas repercuss\u00f5es sobre o trabalho\"}]},{\"@type\":\"WebSite\",\"@id\":\"https:\/\/lappis.org.br\/site\/#website\",\"url\":\"https:\/\/lappis.org.br\/site\/\",\"name\":\"Lappis 25 anos\",\"description\":\"Labotat\u00f3rio de Pesquisas sobre Pr\u00e1ticas de Integralidade em Sa\u00fade\",\"publisher\":{\"@id\":\"https:\/\/lappis.org.br\/site\/#organization\"},\"potentialAction\":[{\"@type\":\"SearchAction\",\"target\":{\"@type\":\"EntryPoint\",\"urlTemplate\":\"https:\/\/lappis.org.br\/site\/?s={search_term_string}\"},\"query-input\":{\"@type\":\"PropertyValueSpecification\",\"valueRequired\":true,\"valueName\":\"search_term_string\"}}],\"inLanguage\":\"pt-BR\"},{\"@type\":\"Organization\",\"@id\":\"https:\/\/lappis.org.br\/site\/#organization\",\"name\":\"Lappis 25 anos\",\"url\":\"https:\/\/lappis.org.br\/site\/\",\"logo\":{\"@type\":\"ImageObject\",\"inLanguage\":\"pt-BR\",\"@id\":\"https:\/\/lappis.org.br\/site\/#\/schema\/logo\/image\/\",\"url\":\"https:\/\/lappis.org.br\/site\/wp-content\/uploads\/2025\/03\/logo-lappis25anos.png\",\"contentUrl\":\"https:\/\/lappis.org.br\/site\/wp-content\/uploads\/2025\/03\/logo-lappis25anos.png\",\"width\":388,\"height\":146,\"caption\":\"Lappis 25 anos\"},\"image\":{\"@id\":\"https:\/\/lappis.org.br\/site\/#\/schema\/logo\/image\/\"}},{\"@type\":\"Person\",\"@id\":\"https:\/\/lappis.org.br\/site\/#\/schema\/person\/3852381d08284b5e2716b20bd89bdbcf\",\"name\":\"fw2\",\"image\":{\"@type\":\"ImageObject\",\"inLanguage\":\"pt-BR\",\"@id\":\"https:\/\/lappis.org.br\/site\/#\/schema\/person\/image\/\",\"url\":\"https:\/\/secure.gravatar.com\/avatar\/c38472c0cdbde82d9b6fcc26adb3779d?s=96&d=mm&r=g\",\"contentUrl\":\"https:\/\/secure.gravatar.com\/avatar\/c38472c0cdbde82d9b6fcc26adb3779d?s=96&d=mm&r=g\",\"caption\":\"fw2\"},\"url\":\"https:\/\/lappis.org.br\/site\/author\/fw2\"}]}<\/script>\n<!-- \/ Yoast SEO plugin. -->","yoast_head_json":{"title":"Agentes Comunit\u00e1rios de Sa\u00fade e indicadores de avalia\u00e7\u00e3o \u2013 discursos e pr\u00e1ticas em processos sa\u00fade e doen\u00e7a e suas repercuss\u00f5es sobre o trabalho - Lappis 25 anos","robots":{"index":"index","follow":"follow","max-snippet":"max-snippet:-1","max-image-preview":"max-image-preview:large","max-video-preview":"max-video-preview:-1"},"canonical":"https:\/\/lappis.org.br\/site\/agentes-comunitarios-de-saude-e-indicadores-de-avaliacao-discursos-e-praticas-em-processos-saude-e-doenca-e-suas-repercussoes-sobre-o-trabalho\/2709","og_locale":"pt_BR","og_type":"article","og_title":"Agentes Comunit\u00e1rios de Sa\u00fade e indicadores de avalia\u00e7\u00e3o \u2013 discursos e pr\u00e1ticas em processos sa\u00fade e doen\u00e7a e suas repercuss\u00f5es sobre o trabalho - Lappis 25 anos","og_description":"A mesa de debates \"Agentes Comunit\u00e1rios de Sa\u00fade e indicadores de avalia\u00e7\u00e3o \u2013 discursos e pr\u00e1ticas em processos sa\u00fade e doen\u00e7a e suas repercuss\u00f5es sobre o trabalho\" abriu o segundo e \u00faltimo dia de discuss\u00f5es do Simp\u00f3sio de Aten\u00e7\u00e3o B\u00e1sica e Integralidade. Com a participa\u00e7\u00e3o dos pesquisadores Ana L\u00facia Pontes (EPSJV-FIOCRUZ), Ang\u00e9lica Ferreira Fonseca (EPSJV-FIOCRUZ), Ruben Araujo de Mattos (IMS-UERJ), Helena David (FENF-UERJ) e Elisabeth Susana Wartchow (CAAB - DAB\/MS), tentou-se esclarecer assuntos que permeiam a quest\u00e3o dos indicadores de avalia\u00e7\u00e3o e a atua\u00e7\u00e3o dos agentes comunit\u00e1rios. [...]","og_url":"https:\/\/lappis.org.br\/site\/agentes-comunitarios-de-saude-e-indicadores-de-avaliacao-discursos-e-praticas-em-processos-saude-e-doenca-e-suas-repercussoes-sobre-o-trabalho\/2709","og_site_name":"Lappis 25 anos","article_published_time":"2008-11-17T05:00:00+00:00","og_image":[{"width":448,"height":211,"url":"https:\/\/lappis.org.br\/site\/wp-content\/uploads\/2008\/11\/sab_mesa03.JPG","type":"image\/jpeg"}],"author":"fw2","twitter_card":"summary_large_image","twitter_misc":{"Escrito por":"fw2","Est. tempo de leitura":"2 minutos"},"schema":{"@context":"https:\/\/schema.org","@graph":[{"@type":"Article","@id":"https:\/\/lappis.org.br\/site\/agentes-comunitarios-de-saude-e-indicadores-de-avaliacao-discursos-e-praticas-em-processos-saude-e-doenca-e-suas-repercussoes-sobre-o-trabalho\/2709#article","isPartOf":{"@id":"https:\/\/lappis.org.br\/site\/agentes-comunitarios-de-saude-e-indicadores-de-avaliacao-discursos-e-praticas-em-processos-saude-e-doenca-e-suas-repercussoes-sobre-o-trabalho\/2709"},"author":{"name":"fw2","@id":"https:\/\/lappis.org.br\/site\/#\/schema\/person\/3852381d08284b5e2716b20bd89bdbcf"},"headline":"Agentes Comunit\u00e1rios de Sa\u00fade e indicadores de avalia\u00e7\u00e3o \u2013 discursos e pr\u00e1ticas em processos sa\u00fade e doen\u00e7a e suas repercuss\u00f5es sobre o trabalho","datePublished":"2008-11-17T05:00:00+00:00","mainEntityOfPage":{"@id":"https:\/\/lappis.org.br\/site\/agentes-comunitarios-de-saude-e-indicadores-de-avaliacao-discursos-e-praticas-em-processos-saude-e-doenca-e-suas-repercussoes-sobre-o-trabalho\/2709"},"wordCount":486,"commentCount":0,"publisher":{"@id":"https:\/\/lappis.org.br\/site\/#organization"},"image":{"@id":"https:\/\/lappis.org.br\/site\/agentes-comunitarios-de-saude-e-indicadores-de-avaliacao-discursos-e-praticas-em-processos-saude-e-doenca-e-suas-repercussoes-sobre-o-trabalho\/2709#primaryimage"},"thumbnailUrl":"https:\/\/lappis.org.br\/site\/wp-content\/uploads\/2008\/11\/sab_mesa03.JPG","articleSection":["Not\u00edcia"],"inLanguage":"pt-BR","potentialAction":[{"@type":"CommentAction","name":"Comment","target":["https:\/\/lappis.org.br\/site\/agentes-comunitarios-de-saude-e-indicadores-de-avaliacao-discursos-e-praticas-em-processos-saude-e-doenca-e-suas-repercussoes-sobre-o-trabalho\/2709#respond"]}]},{"@type":"WebPage","@id":"https:\/\/lappis.org.br\/site\/agentes-comunitarios-de-saude-e-indicadores-de-avaliacao-discursos-e-praticas-em-processos-saude-e-doenca-e-suas-repercussoes-sobre-o-trabalho\/2709","url":"https:\/\/lappis.org.br\/site\/agentes-comunitarios-de-saude-e-indicadores-de-avaliacao-discursos-e-praticas-em-processos-saude-e-doenca-e-suas-repercussoes-sobre-o-trabalho\/2709","name":"Agentes Comunit\u00e1rios de Sa\u00fade e indicadores de avalia\u00e7\u00e3o \u2013 discursos e pr\u00e1ticas em processos sa\u00fade e doen\u00e7a e suas repercuss\u00f5es sobre o trabalho - Lappis 25 anos","isPartOf":{"@id":"https:\/\/lappis.org.br\/site\/#website"},"primaryImageOfPage":{"@id":"https:\/\/lappis.org.br\/site\/agentes-comunitarios-de-saude-e-indicadores-de-avaliacao-discursos-e-praticas-em-processos-saude-e-doenca-e-suas-repercussoes-sobre-o-trabalho\/2709#primaryimage"},"image":{"@id":"https:\/\/lappis.org.br\/site\/agentes-comunitarios-de-saude-e-indicadores-de-avaliacao-discursos-e-praticas-em-processos-saude-e-doenca-e-suas-repercussoes-sobre-o-trabalho\/2709#primaryimage"},"thumbnailUrl":"https:\/\/lappis.org.br\/site\/wp-content\/uploads\/2008\/11\/sab_mesa03.JPG","datePublished":"2008-11-17T05:00:00+00:00","breadcrumb":{"@id":"https:\/\/lappis.org.br\/site\/agentes-comunitarios-de-saude-e-indicadores-de-avaliacao-discursos-e-praticas-em-processos-saude-e-doenca-e-suas-repercussoes-sobre-o-trabalho\/2709#breadcrumb"},"inLanguage":"pt-BR","potentialAction":[{"@type":"ReadAction","target":["https:\/\/lappis.org.br\/site\/agentes-comunitarios-de-saude-e-indicadores-de-avaliacao-discursos-e-praticas-em-processos-saude-e-doenca-e-suas-repercussoes-sobre-o-trabalho\/2709"]}]},{"@type":"ImageObject","inLanguage":"pt-BR","@id":"https:\/\/lappis.org.br\/site\/agentes-comunitarios-de-saude-e-indicadores-de-avaliacao-discursos-e-praticas-em-processos-saude-e-doenca-e-suas-repercussoes-sobre-o-trabalho\/2709#primaryimage","url":"https:\/\/lappis.org.br\/site\/wp-content\/uploads\/2008\/11\/sab_mesa03.JPG","contentUrl":"https:\/\/lappis.org.br\/site\/wp-content\/uploads\/2008\/11\/sab_mesa03.JPG","width":448,"height":211,"caption":"alt"},{"@type":"BreadcrumbList","@id":"https:\/\/lappis.org.br\/site\/agentes-comunitarios-de-saude-e-indicadores-de-avaliacao-discursos-e-praticas-em-processos-saude-e-doenca-e-suas-repercussoes-sobre-o-trabalho\/2709#breadcrumb","itemListElement":[{"@type":"ListItem","position":1,"name":"In\u00edcio","item":"https:\/\/lappis.org.br\/site\/"},{"@type":"ListItem","position":2,"name":"Agentes Comunit\u00e1rios de Sa\u00fade e indicadores de avalia\u00e7\u00e3o \u2013 discursos e pr\u00e1ticas em processos sa\u00fade e doen\u00e7a e suas repercuss\u00f5es sobre o trabalho"}]},{"@type":"WebSite","@id":"https:\/\/lappis.org.br\/site\/#website","url":"https:\/\/lappis.org.br\/site\/","name":"Lappis 25 anos","description":"Labotat\u00f3rio de Pesquisas sobre Pr\u00e1ticas de Integralidade em Sa\u00fade","publisher":{"@id":"https:\/\/lappis.org.br\/site\/#organization"},"potentialAction":[{"@type":"SearchAction","target":{"@type":"EntryPoint","urlTemplate":"https:\/\/lappis.org.br\/site\/?s={search_term_string}"},"query-input":{"@type":"PropertyValueSpecification","valueRequired":true,"valueName":"search_term_string"}}],"inLanguage":"pt-BR"},{"@type":"Organization","@id":"https:\/\/lappis.org.br\/site\/#organization","name":"Lappis 25 anos","url":"https:\/\/lappis.org.br\/site\/","logo":{"@type":"ImageObject","inLanguage":"pt-BR","@id":"https:\/\/lappis.org.br\/site\/#\/schema\/logo\/image\/","url":"https:\/\/lappis.org.br\/site\/wp-content\/uploads\/2025\/03\/logo-lappis25anos.png","contentUrl":"https:\/\/lappis.org.br\/site\/wp-content\/uploads\/2025\/03\/logo-lappis25anos.png","width":388,"height":146,"caption":"Lappis 25 anos"},"image":{"@id":"https:\/\/lappis.org.br\/site\/#\/schema\/logo\/image\/"}},{"@type":"Person","@id":"https:\/\/lappis.org.br\/site\/#\/schema\/person\/3852381d08284b5e2716b20bd89bdbcf","name":"fw2","image":{"@type":"ImageObject","inLanguage":"pt-BR","@id":"https:\/\/lappis.org.br\/site\/#\/schema\/person\/image\/","url":"https:\/\/secure.gravatar.com\/avatar\/c38472c0cdbde82d9b6fcc26adb3779d?s=96&d=mm&r=g","contentUrl":"https:\/\/secure.gravatar.com\/avatar\/c38472c0cdbde82d9b6fcc26adb3779d?s=96&d=mm&r=g","caption":"fw2"},"url":"https:\/\/lappis.org.br\/site\/author\/fw2"}]}},"jetpack_featured_media_url":"https:\/\/lappis.org.br\/site\/wp-content\/uploads\/2008\/11\/sab_mesa03.JPG","jetpack_shortlink":"https:\/\/wp.me\/p954Nh-HH","jetpack_sharing_enabled":true,"_links":{"self":[{"href":"https:\/\/lappis.org.br\/site\/wp-json\/wp\/v2\/posts\/2709"}],"collection":[{"href":"https:\/\/lappis.org.br\/site\/wp-json\/wp\/v2\/posts"}],"about":[{"href":"https:\/\/lappis.org.br\/site\/wp-json\/wp\/v2\/types\/post"}],"author":[{"embeddable":true,"href":"https:\/\/lappis.org.br\/site\/wp-json\/wp\/v2\/users\/1"}],"replies":[{"embeddable":true,"href":"https:\/\/lappis.org.br\/site\/wp-json\/wp\/v2\/comments?post=2709"}],"version-history":[{"count":0,"href":"https:\/\/lappis.org.br\/site\/wp-json\/wp\/v2\/posts\/2709\/revisions"}],"wp:featuredmedia":[{"embeddable":true,"href":"https:\/\/lappis.org.br\/site\/wp-json\/wp\/v2\/media\/2707"}],"wp:attachment":[{"href":"https:\/\/lappis.org.br\/site\/wp-json\/wp\/v2\/media?parent=2709"}],"wp:term":[{"taxonomy":"category","embeddable":true,"href":"https:\/\/lappis.org.br\/site\/wp-json\/wp\/v2\/categories?post=2709"},{"taxonomy":"post_tag","embeddable":true,"href":"https:\/\/lappis.org.br\/site\/wp-json\/wp\/v2\/tags?post=2709"}],"curies":[{"name":"wp","href":"https:\/\/api.w.org\/{rel}","templated":true}]}}