{"id":2706,"date":"2008-11-17T03:00:00","date_gmt":"2008-11-17T05:00:00","guid":{"rendered":"http:\/\/lappis.org.br\/site\/2008\/11\/17\/praticas-avaliativas-da-integralidade-em-saude-possibilidades-de-pesquisa\/"},"modified":"2008-11-17T03:00:00","modified_gmt":"2008-11-17T05:00:00","slug":"praticas-avaliativas-da-integralidade-em-saude-possibilidades-de-pesquisa","status":"publish","type":"post","link":"https:\/\/lappis.org.br\/site\/praticas-avaliativas-da-integralidade-em-saude-possibilidades-de-pesquisa\/2706","title":{"rendered":"Pr\u00e1ticas Avaliativas da Integralidade em Sa\u00fade: possibilidades de pesquisa"},"content":{"rendered":"<p style=\"text-align: justify;\"> \t<img fetchpriority=\"high\" decoding=\"async\" data-attachment-id=\"2705\" data-permalink=\"https:\/\/lappis.org.br\/site\/praticas-avaliativas-da-integralidade-em-saude-possibilidades-de-pesquisa\/2706\/attachment-alt-504\" data-orig-file=\"https:\/\/lappis.org.br\/site\/wp-content\/uploads\/2008\/11\/DSC06271.JPG\" data-orig-size=\"467,350\" data-comments-opened=\"1\" data-image-meta=\"{&quot;aperture&quot;:&quot;0&quot;,&quot;credit&quot;:&quot;&quot;,&quot;camera&quot;:&quot;&quot;,&quot;caption&quot;:&quot;&quot;,&quot;created_timestamp&quot;:&quot;0&quot;,&quot;copyright&quot;:&quot;&quot;,&quot;focal_length&quot;:&quot;0&quot;,&quot;iso&quot;:&quot;0&quot;,&quot;shutter_speed&quot;:&quot;0&quot;,&quot;title&quot;:&quot;&quot;,&quot;orientation&quot;:&quot;0&quot;}\" data-image-title=\"alt\" data-image-description=\"\" data-image-caption=\"\" data-medium-file=\"https:\/\/lappis.org.br\/site\/wp-content\/uploads\/2008\/11\/DSC06271-300x225.jpg\" data-large-file=\"https:\/\/lappis.org.br\/site\/wp-content\/uploads\/2008\/11\/DSC06271.JPG\" class=\" alignleft size-full wp-image-2705\" alt=\"alt\" src=\"http:\/\/lappis.org.br\/site\/wp-content\/uploads\/2008\/11\/DSC06271.JPG\" style=\"margin: 5px; float: left; height: 225px; width: 300px;\" width=\"467\" height=\"350\" srcset=\"https:\/\/lappis.org.br\/site\/wp-content\/uploads\/2008\/11\/DSC06271.JPG 467w, https:\/\/lappis.org.br\/site\/wp-content\/uploads\/2008\/11\/DSC06271-300x225.jpg 300w\" sizes=\"(max-width: 467px) 100vw, 467px\" \/>A mesa de debates&ldquo;Pr\u00e1ticas Avaliativas da Integralidade em Sa\u00fade: possibilidades de pesquisa&rdquo; reuniu os pesquisadores Roseni Pinheiro (IMS-UERJ), Aluisio Gomes da Silva Junior (ISC-UFF), Isabel Brasil (EPSJV-FIOCRUZ) e Eronildo Felisberto (IMIP-PE). Coordenados por Zulmira Hartz (FIOCRUZ), eles buscaram mostrar os resultados de seus estudos tendo em vista as experi\u00eancias vivenciadas em seus respectivos p\u00f3los de atua\u00e7\u00e3o.<\/p>\n<p>   O expositor Alu\u00edsio Gomes destacou, dentre outros assuntos, a tentativa de trabalhar com no\u00e7\u00f5es que norteiem o conceito da integralidade, levando-se em considera\u00e7\u00e3o a import\u00e2ncia da integra\u00e7\u00e3o regional no \u00e2mbito das pesquisas multic\u00eantricas: &ldquo;\u00c9 fundamental que haja intera\u00e7\u00f5es nos estudos, n\u00e3o s\u00f3 com as cidades de grande porte, mas tamb\u00e9m com as regi\u00f5es menores, como Pira\u00ed. Nessas regi\u00f5es de pequeno porte, as pr\u00e1ticas Ele apontou ainda a quest\u00e3o da no\u00e7\u00e3o de integralidade poliss\u00eamica&rdquo;, <\/p>\n<p style=\"text-align: justify;\"> \t\u00a0<br \/> \tRoseni Pinheiro apresentou a pesquisa &ldquo;Contextos de Estudos Multic\u00eantricos: integradores de tecnologias avaliativas de integralidade em sa\u00fade&rdquo; cujos objetivos foram conhecer pr\u00e1ticas avaliativas em cursos nos sistemas de sa\u00fade das localidades, sejam formais ou informais no sentido de construir um mapa destas configura\u00e7\u00f5es pretendendo compreend\u00ea-las e compartilh\u00e1-las em suas possibilidades, limites e desafios. A pesquisadora apontou ainda a an\u00e1lise destas pr\u00e1ticas desenvolvidas na aten\u00e7\u00e3o b\u00e1sica a partir dos estudos de integralidade: &ldquo;A pr\u00e1tica, diferentemente da t\u00e9cnica, deriva desses saberes. N\u00e3o adianta pensar&rdquo;.<br \/> \t\u00a0<br \/> \tNa qualidade de representante da EPSJV-Fiocruz, Isabel Brasil colocou a quest\u00e3o da sa\u00fade em favor da integralidade e a forma como se avalia a forma\u00e7\u00e3o de sa\u00fade com a contribui\u00e7\u00e3o para pr\u00e1tica integral. Ela apontou os tr\u00eas principais eixos de investiga\u00e7\u00e3o de sua pesquisa: avalia\u00e7\u00e3o, educa\u00e7\u00e3o e integralidade, tendo como foco a quest\u00e3o da forma\u00e7\u00e3o t\u00e9cnica no ensino m\u00e9dio. &ldquo;A forma\u00e7\u00e3o t\u00e9cnica \u00e9 um instrumento que pode auxiliar o trabalho na sa\u00fade na l\u00f3gica da integralidade. Logo, o ensino s\u00f3 \u00e9 bom se for voltado para o servi\u00e7o&rdquo; enfatizou.<br \/> \t\u00a0<br \/> \tPara Eronildo Felisberto, a aten\u00e7\u00e3o b\u00e1sica possibilitou um aquecimento dos debates, tendo em vista os 20 anos do SUS constitucional. Ele afirma que a quest\u00e3o chave desta tem\u00e1tica \u00e9 fazer chegar ao p\u00fablico o resultado dos trabalhos de ensino e de pesquisa e reitera a import\u00e2ncia da capacita\u00e7\u00e3o dos profissionais: &ldquo;Os profissionais devem estar preparados. Quem produz o conhecimento avaliativo precisa ser ve\u00edculo desta tradu\u00e7\u00e3o e participa\u00e7\u00e3o&rdquo;, completa.<br \/> \t\u00a0<br \/> \tA coordenadora Zulmira Hartz (FIOCRUZ) pontuou os tr\u00eas grandes momentos das apresenta\u00e7\u00f5es, como a tipologia de cada projeto e comentou os planos conceituais expostos pelos pesquisadores. Ap\u00f3s este feito, foram abertos os debates a todos os participantes presentes na plen\u00e1ria.<br \/> \t\u00a0<\/p>\n","protected":false},"excerpt":{"rendered":"<div class=\"mh-excerpt\"><p style=\"text-align: justify;\"> \t<img decoding=\"async\" class=\" alignleft size-full wp-image-2705\" alt=\"alt\" src=\"http:\/\/lappis.org.br\/site\/wp-content\/uploads\/2008\/11\/DSC06271.JPG\" style=\"margin: 5px; float: left; height: 225px; width: 300px;\" width=\"467\" height=\"350\" srcset=\"https:\/\/lappis.org.br\/site\/wp-content\/uploads\/2008\/11\/DSC06271.JPG 467w, https:\/\/lappis.org.br\/site\/wp-content\/uploads\/2008\/11\/DSC06271-300x225.jpg 300w\" sizes=\"(max-width: 467px) 100vw, 467px\" \/>A mesa de debates&ldquo;Pr\u00e1ticas Avaliativas da Integralidade em Sa\u00fade: possibilidades de pesquisa&rdquo; reuniu os pesquisadores Roseni Pinheiro (IMS-UERJ), Aluisio Gomes da Silva Junior (ISC-UFF), Isabel Brasil (EPSJV-FIOCRUZ) e Eronildo Felisberto (IMIP-PE). Coordenados por Zulmira Hartz (FIOCRUZ), eles buscaram mostrar os resultados de seus estudos tendo em vista as experi\u00eancias vivenciadas em seus respectivos p\u00f3los de atua\u00e7\u00e3o.<\/p>\n<p>  <a class=\"mh-excerpt-more\" href=\"https:\/\/lappis.org.br\/site\/praticas-avaliativas-da-integralidade-em-saude-possibilidades-de-pesquisa\/2706\" title=\"Pr\u00e1ticas Avaliativas da Integralidade em Sa\u00fade: possibilidades de pesquisa\">[&#8230;]<\/a><\/p>\n<\/div>","protected":false},"author":1,"featured_media":2704,"comment_status":"open","ping_status":"open","sticky":false,"template":"","format":"standard","meta":{"_acf_changed":false,"_exactmetrics_skip_tracking":false,"_exactmetrics_sitenote_active":false,"_exactmetrics_sitenote_note":"","_exactmetrics_sitenote_category":0,"jetpack_post_was_ever_published":false,"_jetpack_newsletter_access":"","_jetpack_dont_email_post_to_subs":false,"_jetpack_newsletter_tier_id":0,"_jetpack_memberships_contains_paywalled_content":false,"_jetpack_memberships_contains_paid_content":false,"footnotes":"","jetpack_publicize_message":"","jetpack_publicize_feature_enabled":true,"jetpack_social_post_already_shared":false,"jetpack_social_options":{"image_generator_settings":{"template":"highway","enabled":false},"version":2}},"categories":[8],"tags":[],"class_list":{"0":"post-2706","1":"post","2":"type-post","3":"status-publish","4":"format-standard","5":"has-post-thumbnail","7":"category-noticia"},"jetpack_publicize_connections":[],"acf":[],"yoast_head":"<!-- This site is optimized with the Yoast SEO plugin v25.2 - https:\/\/yoast.com\/wordpress\/plugins\/seo\/ -->\n<title>Pr\u00e1ticas Avaliativas da Integralidade em Sa\u00fade: possibilidades de pesquisa - Lappis 25 anos<\/title>\n<meta name=\"robots\" content=\"index, follow, max-snippet:-1, max-image-preview:large, max-video-preview:-1\" \/>\n<link rel=\"canonical\" href=\"https:\/\/lappis.org.br\/site\/praticas-avaliativas-da-integralidade-em-saude-possibilidades-de-pesquisa\/2706\" \/>\n<meta property=\"og:locale\" content=\"pt_BR\" \/>\n<meta property=\"og:type\" content=\"article\" \/>\n<meta property=\"og:title\" content=\"Pr\u00e1ticas Avaliativas da Integralidade em Sa\u00fade: possibilidades de pesquisa - Lappis 25 anos\" \/>\n<meta property=\"og:description\" content=\"A mesa de debates&ldquo;Pr\u00e1ticas Avaliativas da Integralidade em Sa\u00fade: possibilidades de pesquisa&rdquo; reuniu os pesquisadores Roseni Pinheiro (IMS-UERJ), Aluisio Gomes da Silva Junior (ISC-UFF), Isabel Brasil (EPSJV-FIOCRUZ) e Eronildo Felisberto (IMIP-PE). Coordenados por Zulmira Hartz (FIOCRUZ), eles buscaram mostrar os resultados de seus estudos tendo em vista as experi\u00eancias vivenciadas em seus respectivos p\u00f3los de atua\u00e7\u00e3o. [...]\" \/>\n<meta property=\"og:url\" content=\"https:\/\/lappis.org.br\/site\/praticas-avaliativas-da-integralidade-em-saude-possibilidades-de-pesquisa\/2706\" \/>\n<meta property=\"og:site_name\" content=\"Lappis 25 anos\" \/>\n<meta property=\"article:published_time\" content=\"2008-11-17T05:00:00+00:00\" \/>\n<meta property=\"og:image\" content=\"https:\/\/lappis.org.br\/site\/wp-content\/uploads\/2008\/11\/DSC06271.JPG\" \/>\n\t<meta property=\"og:image:width\" content=\"467\" \/>\n\t<meta property=\"og:image:height\" content=\"350\" \/>\n\t<meta property=\"og:image:type\" content=\"image\/jpeg\" \/>\n<meta name=\"author\" content=\"fw2\" \/>\n<meta name=\"twitter:card\" content=\"summary_large_image\" \/>\n<meta name=\"twitter:label1\" content=\"Escrito por\" \/>\n\t<meta name=\"twitter:data1\" content=\"fw2\" \/>\n\t<meta name=\"twitter:label2\" content=\"Est. tempo de leitura\" \/>\n\t<meta name=\"twitter:data2\" content=\"2 minutos\" \/>\n<script type=\"application\/ld+json\" class=\"yoast-schema-graph\">{\"@context\":\"https:\/\/schema.org\",\"@graph\":[{\"@type\":\"Article\",\"@id\":\"https:\/\/lappis.org.br\/site\/praticas-avaliativas-da-integralidade-em-saude-possibilidades-de-pesquisa\/2706#article\",\"isPartOf\":{\"@id\":\"https:\/\/lappis.org.br\/site\/praticas-avaliativas-da-integralidade-em-saude-possibilidades-de-pesquisa\/2706\"},\"author\":{\"name\":\"fw2\",\"@id\":\"https:\/\/lappis.org.br\/site\/#\/schema\/person\/3852381d08284b5e2716b20bd89bdbcf\"},\"headline\":\"Pr\u00e1ticas Avaliativas da Integralidade em Sa\u00fade: possibilidades de pesquisa\",\"datePublished\":\"2008-11-17T05:00:00+00:00\",\"mainEntityOfPage\":{\"@id\":\"https:\/\/lappis.org.br\/site\/praticas-avaliativas-da-integralidade-em-saude-possibilidades-de-pesquisa\/2706\"},\"wordCount\":494,\"commentCount\":0,\"publisher\":{\"@id\":\"https:\/\/lappis.org.br\/site\/#organization\"},\"image\":{\"@id\":\"https:\/\/lappis.org.br\/site\/praticas-avaliativas-da-integralidade-em-saude-possibilidades-de-pesquisa\/2706#primaryimage\"},\"thumbnailUrl\":\"https:\/\/lappis.org.br\/site\/wp-content\/uploads\/2008\/11\/DSC06271.JPG\",\"articleSection\":[\"Not\u00edcia\"],\"inLanguage\":\"pt-BR\",\"potentialAction\":[{\"@type\":\"CommentAction\",\"name\":\"Comment\",\"target\":[\"https:\/\/lappis.org.br\/site\/praticas-avaliativas-da-integralidade-em-saude-possibilidades-de-pesquisa\/2706#respond\"]}]},{\"@type\":\"WebPage\",\"@id\":\"https:\/\/lappis.org.br\/site\/praticas-avaliativas-da-integralidade-em-saude-possibilidades-de-pesquisa\/2706\",\"url\":\"https:\/\/lappis.org.br\/site\/praticas-avaliativas-da-integralidade-em-saude-possibilidades-de-pesquisa\/2706\",\"name\":\"Pr\u00e1ticas Avaliativas da Integralidade em Sa\u00fade: possibilidades de pesquisa - Lappis 25 anos\",\"isPartOf\":{\"@id\":\"https:\/\/lappis.org.br\/site\/#website\"},\"primaryImageOfPage\":{\"@id\":\"https:\/\/lappis.org.br\/site\/praticas-avaliativas-da-integralidade-em-saude-possibilidades-de-pesquisa\/2706#primaryimage\"},\"image\":{\"@id\":\"https:\/\/lappis.org.br\/site\/praticas-avaliativas-da-integralidade-em-saude-possibilidades-de-pesquisa\/2706#primaryimage\"},\"thumbnailUrl\":\"https:\/\/lappis.org.br\/site\/wp-content\/uploads\/2008\/11\/DSC06271.JPG\",\"datePublished\":\"2008-11-17T05:00:00+00:00\",\"breadcrumb\":{\"@id\":\"https:\/\/lappis.org.br\/site\/praticas-avaliativas-da-integralidade-em-saude-possibilidades-de-pesquisa\/2706#breadcrumb\"},\"inLanguage\":\"pt-BR\",\"potentialAction\":[{\"@type\":\"ReadAction\",\"target\":[\"https:\/\/lappis.org.br\/site\/praticas-avaliativas-da-integralidade-em-saude-possibilidades-de-pesquisa\/2706\"]}]},{\"@type\":\"ImageObject\",\"inLanguage\":\"pt-BR\",\"@id\":\"https:\/\/lappis.org.br\/site\/praticas-avaliativas-da-integralidade-em-saude-possibilidades-de-pesquisa\/2706#primaryimage\",\"url\":\"https:\/\/lappis.org.br\/site\/wp-content\/uploads\/2008\/11\/DSC06271.JPG\",\"contentUrl\":\"https:\/\/lappis.org.br\/site\/wp-content\/uploads\/2008\/11\/DSC06271.JPG\",\"width\":467,\"height\":350,\"caption\":\"alt\"},{\"@type\":\"BreadcrumbList\",\"@id\":\"https:\/\/lappis.org.br\/site\/praticas-avaliativas-da-integralidade-em-saude-possibilidades-de-pesquisa\/2706#breadcrumb\",\"itemListElement\":[{\"@type\":\"ListItem\",\"position\":1,\"name\":\"In\u00edcio\",\"item\":\"https:\/\/lappis.org.br\/site\/\"},{\"@type\":\"ListItem\",\"position\":2,\"name\":\"Pr\u00e1ticas Avaliativas da Integralidade em Sa\u00fade: possibilidades de pesquisa\"}]},{\"@type\":\"WebSite\",\"@id\":\"https:\/\/lappis.org.br\/site\/#website\",\"url\":\"https:\/\/lappis.org.br\/site\/\",\"name\":\"Lappis 25 anos\",\"description\":\"Labotat\u00f3rio de Pesquisas sobre Pr\u00e1ticas de Integralidade em Sa\u00fade\",\"publisher\":{\"@id\":\"https:\/\/lappis.org.br\/site\/#organization\"},\"potentialAction\":[{\"@type\":\"SearchAction\",\"target\":{\"@type\":\"EntryPoint\",\"urlTemplate\":\"https:\/\/lappis.org.br\/site\/?s={search_term_string}\"},\"query-input\":{\"@type\":\"PropertyValueSpecification\",\"valueRequired\":true,\"valueName\":\"search_term_string\"}}],\"inLanguage\":\"pt-BR\"},{\"@type\":\"Organization\",\"@id\":\"https:\/\/lappis.org.br\/site\/#organization\",\"name\":\"Lappis 25 anos\",\"url\":\"https:\/\/lappis.org.br\/site\/\",\"logo\":{\"@type\":\"ImageObject\",\"inLanguage\":\"pt-BR\",\"@id\":\"https:\/\/lappis.org.br\/site\/#\/schema\/logo\/image\/\",\"url\":\"https:\/\/lappis.org.br\/site\/wp-content\/uploads\/2025\/03\/logo-lappis25anos.png\",\"contentUrl\":\"https:\/\/lappis.org.br\/site\/wp-content\/uploads\/2025\/03\/logo-lappis25anos.png\",\"width\":388,\"height\":146,\"caption\":\"Lappis 25 anos\"},\"image\":{\"@id\":\"https:\/\/lappis.org.br\/site\/#\/schema\/logo\/image\/\"}},{\"@type\":\"Person\",\"@id\":\"https:\/\/lappis.org.br\/site\/#\/schema\/person\/3852381d08284b5e2716b20bd89bdbcf\",\"name\":\"fw2\",\"image\":{\"@type\":\"ImageObject\",\"inLanguage\":\"pt-BR\",\"@id\":\"https:\/\/lappis.org.br\/site\/#\/schema\/person\/image\/\",\"url\":\"https:\/\/secure.gravatar.com\/avatar\/c38472c0cdbde82d9b6fcc26adb3779d?s=96&d=mm&r=g\",\"contentUrl\":\"https:\/\/secure.gravatar.com\/avatar\/c38472c0cdbde82d9b6fcc26adb3779d?s=96&d=mm&r=g\",\"caption\":\"fw2\"},\"url\":\"https:\/\/lappis.org.br\/site\/author\/fw2\"}]}<\/script>\n<!-- \/ Yoast SEO plugin. -->","yoast_head_json":{"title":"Pr\u00e1ticas Avaliativas da Integralidade em Sa\u00fade: possibilidades de pesquisa - Lappis 25 anos","robots":{"index":"index","follow":"follow","max-snippet":"max-snippet:-1","max-image-preview":"max-image-preview:large","max-video-preview":"max-video-preview:-1"},"canonical":"https:\/\/lappis.org.br\/site\/praticas-avaliativas-da-integralidade-em-saude-possibilidades-de-pesquisa\/2706","og_locale":"pt_BR","og_type":"article","og_title":"Pr\u00e1ticas Avaliativas da Integralidade em Sa\u00fade: possibilidades de pesquisa - Lappis 25 anos","og_description":"A mesa de debates&ldquo;Pr\u00e1ticas Avaliativas da Integralidade em Sa\u00fade: possibilidades de pesquisa&rdquo; reuniu os pesquisadores Roseni Pinheiro (IMS-UERJ), Aluisio Gomes da Silva Junior (ISC-UFF), Isabel Brasil (EPSJV-FIOCRUZ) e Eronildo Felisberto (IMIP-PE). Coordenados por Zulmira Hartz (FIOCRUZ), eles buscaram mostrar os resultados de seus estudos tendo em vista as experi\u00eancias vivenciadas em seus respectivos p\u00f3los de atua\u00e7\u00e3o. [...]","og_url":"https:\/\/lappis.org.br\/site\/praticas-avaliativas-da-integralidade-em-saude-possibilidades-de-pesquisa\/2706","og_site_name":"Lappis 25 anos","article_published_time":"2008-11-17T05:00:00+00:00","og_image":[{"width":467,"height":350,"url":"https:\/\/lappis.org.br\/site\/wp-content\/uploads\/2008\/11\/DSC06271.JPG","type":"image\/jpeg"}],"author":"fw2","twitter_card":"summary_large_image","twitter_misc":{"Escrito por":"fw2","Est. tempo de leitura":"2 minutos"},"schema":{"@context":"https:\/\/schema.org","@graph":[{"@type":"Article","@id":"https:\/\/lappis.org.br\/site\/praticas-avaliativas-da-integralidade-em-saude-possibilidades-de-pesquisa\/2706#article","isPartOf":{"@id":"https:\/\/lappis.org.br\/site\/praticas-avaliativas-da-integralidade-em-saude-possibilidades-de-pesquisa\/2706"},"author":{"name":"fw2","@id":"https:\/\/lappis.org.br\/site\/#\/schema\/person\/3852381d08284b5e2716b20bd89bdbcf"},"headline":"Pr\u00e1ticas Avaliativas da Integralidade em Sa\u00fade: possibilidades de pesquisa","datePublished":"2008-11-17T05:00:00+00:00","mainEntityOfPage":{"@id":"https:\/\/lappis.org.br\/site\/praticas-avaliativas-da-integralidade-em-saude-possibilidades-de-pesquisa\/2706"},"wordCount":494,"commentCount":0,"publisher":{"@id":"https:\/\/lappis.org.br\/site\/#organization"},"image":{"@id":"https:\/\/lappis.org.br\/site\/praticas-avaliativas-da-integralidade-em-saude-possibilidades-de-pesquisa\/2706#primaryimage"},"thumbnailUrl":"https:\/\/lappis.org.br\/site\/wp-content\/uploads\/2008\/11\/DSC06271.JPG","articleSection":["Not\u00edcia"],"inLanguage":"pt-BR","potentialAction":[{"@type":"CommentAction","name":"Comment","target":["https:\/\/lappis.org.br\/site\/praticas-avaliativas-da-integralidade-em-saude-possibilidades-de-pesquisa\/2706#respond"]}]},{"@type":"WebPage","@id":"https:\/\/lappis.org.br\/site\/praticas-avaliativas-da-integralidade-em-saude-possibilidades-de-pesquisa\/2706","url":"https:\/\/lappis.org.br\/site\/praticas-avaliativas-da-integralidade-em-saude-possibilidades-de-pesquisa\/2706","name":"Pr\u00e1ticas Avaliativas da Integralidade em Sa\u00fade: possibilidades de pesquisa - Lappis 25 anos","isPartOf":{"@id":"https:\/\/lappis.org.br\/site\/#website"},"primaryImageOfPage":{"@id":"https:\/\/lappis.org.br\/site\/praticas-avaliativas-da-integralidade-em-saude-possibilidades-de-pesquisa\/2706#primaryimage"},"image":{"@id":"https:\/\/lappis.org.br\/site\/praticas-avaliativas-da-integralidade-em-saude-possibilidades-de-pesquisa\/2706#primaryimage"},"thumbnailUrl":"https:\/\/lappis.org.br\/site\/wp-content\/uploads\/2008\/11\/DSC06271.JPG","datePublished":"2008-11-17T05:00:00+00:00","breadcrumb":{"@id":"https:\/\/lappis.org.br\/site\/praticas-avaliativas-da-integralidade-em-saude-possibilidades-de-pesquisa\/2706#breadcrumb"},"inLanguage":"pt-BR","potentialAction":[{"@type":"ReadAction","target":["https:\/\/lappis.org.br\/site\/praticas-avaliativas-da-integralidade-em-saude-possibilidades-de-pesquisa\/2706"]}]},{"@type":"ImageObject","inLanguage":"pt-BR","@id":"https:\/\/lappis.org.br\/site\/praticas-avaliativas-da-integralidade-em-saude-possibilidades-de-pesquisa\/2706#primaryimage","url":"https:\/\/lappis.org.br\/site\/wp-content\/uploads\/2008\/11\/DSC06271.JPG","contentUrl":"https:\/\/lappis.org.br\/site\/wp-content\/uploads\/2008\/11\/DSC06271.JPG","width":467,"height":350,"caption":"alt"},{"@type":"BreadcrumbList","@id":"https:\/\/lappis.org.br\/site\/praticas-avaliativas-da-integralidade-em-saude-possibilidades-de-pesquisa\/2706#breadcrumb","itemListElement":[{"@type":"ListItem","position":1,"name":"In\u00edcio","item":"https:\/\/lappis.org.br\/site\/"},{"@type":"ListItem","position":2,"name":"Pr\u00e1ticas Avaliativas da Integralidade em Sa\u00fade: possibilidades de pesquisa"}]},{"@type":"WebSite","@id":"https:\/\/lappis.org.br\/site\/#website","url":"https:\/\/lappis.org.br\/site\/","name":"Lappis 25 anos","description":"Labotat\u00f3rio de Pesquisas sobre Pr\u00e1ticas de Integralidade em Sa\u00fade","publisher":{"@id":"https:\/\/lappis.org.br\/site\/#organization"},"potentialAction":[{"@type":"SearchAction","target":{"@type":"EntryPoint","urlTemplate":"https:\/\/lappis.org.br\/site\/?s={search_term_string}"},"query-input":{"@type":"PropertyValueSpecification","valueRequired":true,"valueName":"search_term_string"}}],"inLanguage":"pt-BR"},{"@type":"Organization","@id":"https:\/\/lappis.org.br\/site\/#organization","name":"Lappis 25 anos","url":"https:\/\/lappis.org.br\/site\/","logo":{"@type":"ImageObject","inLanguage":"pt-BR","@id":"https:\/\/lappis.org.br\/site\/#\/schema\/logo\/image\/","url":"https:\/\/lappis.org.br\/site\/wp-content\/uploads\/2025\/03\/logo-lappis25anos.png","contentUrl":"https:\/\/lappis.org.br\/site\/wp-content\/uploads\/2025\/03\/logo-lappis25anos.png","width":388,"height":146,"caption":"Lappis 25 anos"},"image":{"@id":"https:\/\/lappis.org.br\/site\/#\/schema\/logo\/image\/"}},{"@type":"Person","@id":"https:\/\/lappis.org.br\/site\/#\/schema\/person\/3852381d08284b5e2716b20bd89bdbcf","name":"fw2","image":{"@type":"ImageObject","inLanguage":"pt-BR","@id":"https:\/\/lappis.org.br\/site\/#\/schema\/person\/image\/","url":"https:\/\/secure.gravatar.com\/avatar\/c38472c0cdbde82d9b6fcc26adb3779d?s=96&d=mm&r=g","contentUrl":"https:\/\/secure.gravatar.com\/avatar\/c38472c0cdbde82d9b6fcc26adb3779d?s=96&d=mm&r=g","caption":"fw2"},"url":"https:\/\/lappis.org.br\/site\/author\/fw2"}]}},"jetpack_featured_media_url":"https:\/\/lappis.org.br\/site\/wp-content\/uploads\/2008\/11\/DSC06271.JPG","jetpack_shortlink":"https:\/\/wp.me\/p954Nh-HE","jetpack_sharing_enabled":true,"_links":{"self":[{"href":"https:\/\/lappis.org.br\/site\/wp-json\/wp\/v2\/posts\/2706"}],"collection":[{"href":"https:\/\/lappis.org.br\/site\/wp-json\/wp\/v2\/posts"}],"about":[{"href":"https:\/\/lappis.org.br\/site\/wp-json\/wp\/v2\/types\/post"}],"author":[{"embeddable":true,"href":"https:\/\/lappis.org.br\/site\/wp-json\/wp\/v2\/users\/1"}],"replies":[{"embeddable":true,"href":"https:\/\/lappis.org.br\/site\/wp-json\/wp\/v2\/comments?post=2706"}],"version-history":[{"count":0,"href":"https:\/\/lappis.org.br\/site\/wp-json\/wp\/v2\/posts\/2706\/revisions"}],"wp:featuredmedia":[{"embeddable":true,"href":"https:\/\/lappis.org.br\/site\/wp-json\/wp\/v2\/media\/2704"}],"wp:attachment":[{"href":"https:\/\/lappis.org.br\/site\/wp-json\/wp\/v2\/media?parent=2706"}],"wp:term":[{"taxonomy":"category","embeddable":true,"href":"https:\/\/lappis.org.br\/site\/wp-json\/wp\/v2\/categories?post=2706"},{"taxonomy":"post_tag","embeddable":true,"href":"https:\/\/lappis.org.br\/site\/wp-json\/wp\/v2\/tags?post=2706"}],"curies":[{"name":"wp","href":"https:\/\/api.w.org\/{rel}","templated":true}]}}