{"id":2703,"date":"2008-11-17T03:00:00","date_gmt":"2008-11-17T05:00:00","guid":{"rendered":"http:\/\/lappis.org.br\/site\/2008\/11\/17\/lancamento-de-livro-em-simposio-de-atencao-basica\/"},"modified":"2008-11-17T03:00:00","modified_gmt":"2008-11-17T05:00:00","slug":"lancamento-de-livro-em-simposio-de-atencao-basica","status":"publish","type":"post","link":"https:\/\/lappis.org.br\/site\/lancamento-de-livro-em-simposio-de-atencao-basica\/2703","title":{"rendered":"Lan\u00e7amento de livro em Simp\u00f3sio de Aten\u00e7\u00e3o B\u00e1sica"},"content":{"rendered":"<p style=\"text-align: justify;\"> \t<img fetchpriority=\"high\" decoding=\"async\" data-attachment-id=\"2701\" data-permalink=\"https:\/\/lappis.org.br\/site\/lancamento-de-livro-em-simposio-de-atencao-basica\/2703\/attachment-alt-501\" data-orig-file=\"https:\/\/lappis.org.br\/site\/wp-content\/uploads\/2008\/11\/livro2web.JPG\" data-orig-size=\"263,350\" data-comments-opened=\"1\" data-image-meta=\"{&quot;aperture&quot;:&quot;0&quot;,&quot;credit&quot;:&quot;&quot;,&quot;camera&quot;:&quot;&quot;,&quot;caption&quot;:&quot;&quot;,&quot;created_timestamp&quot;:&quot;0&quot;,&quot;copyright&quot;:&quot;&quot;,&quot;focal_length&quot;:&quot;0&quot;,&quot;iso&quot;:&quot;0&quot;,&quot;shutter_speed&quot;:&quot;0&quot;,&quot;title&quot;:&quot;&quot;,&quot;orientation&quot;:&quot;0&quot;}\" data-image-title=\"alt\" data-image-description=\"\" data-image-caption=\"\" data-medium-file=\"https:\/\/lappis.org.br\/site\/wp-content\/uploads\/2008\/11\/livro2web-225x300.jpg\" data-large-file=\"https:\/\/lappis.org.br\/site\/wp-content\/uploads\/2008\/11\/livro2web.JPG\" class=\" alignleft size-full wp-image-2701\" alt=\"alt\" src=\"http:\/\/lappis.org.br\/site\/wp-content\/uploads\/2008\/11\/livro2web.JPG\" style=\"margin: 5px; float: left;\" width=\"263\" height=\"350\" srcset=\"https:\/\/lappis.org.br\/site\/wp-content\/uploads\/2008\/11\/livro2web.JPG 263w, https:\/\/lappis.org.br\/site\/wp-content\/uploads\/2008\/11\/livro2web-225x300.jpg 225w\" sizes=\"(max-width: 263px) 100vw, 263px\" \/>Ao final do primeiro dia de debates do Simp\u00f3sio de Aten\u00e7\u00e3o B\u00e1sica, houve o lan\u00e7amento do livro &ldquo;Aten\u00e7\u00e3o B\u00e1sica e Integralidade: contribui\u00e7\u00f5es para estudos de pr\u00e1ticas avaliativas em sa\u00fade&rdquo;, organizado por Roseni Pinheiro, Alu\u00edsio Gomes da Silva Jr. e Ruben Ara\u00fajo Mattos.<\/p>\n<p>   Al\u00e9m dos organizadores, estavam presentes Rodrigo Pinheiro Silveira, Maria Ang\u00e9lica Spinelli e Maria Tereza Bustamante Teixeira, que se reuniram em frente ao audit\u00f3rio 11 da UERJ, onde ocorreu a abertura e outras atividades, como a exposi\u00e7\u00e3o dos trabalhos dos conferencistas e seus respectivos debates, para autografar as publica\u00e7\u00f5es adquiridas pelos participantes. <\/p>\n<p style=\"text-align: justify;\"> \t\u00a0<br \/> \t<img decoding=\"async\" data-attachment-id=\"2702\" data-permalink=\"https:\/\/lappis.org.br\/site\/lancamento-de-livro-em-simposio-de-atencao-basica\/2703\/attachment-alt-502\" data-orig-file=\"https:\/\/lappis.org.br\/site\/wp-content\/uploads\/2008\/11\/livro4web.JPG\" data-orig-size=\"448,336\" data-comments-opened=\"1\" data-image-meta=\"{&quot;aperture&quot;:&quot;0&quot;,&quot;credit&quot;:&quot;&quot;,&quot;camera&quot;:&quot;&quot;,&quot;caption&quot;:&quot;&quot;,&quot;created_timestamp&quot;:&quot;0&quot;,&quot;copyright&quot;:&quot;&quot;,&quot;focal_length&quot;:&quot;0&quot;,&quot;iso&quot;:&quot;0&quot;,&quot;shutter_speed&quot;:&quot;0&quot;,&quot;title&quot;:&quot;&quot;,&quot;orientation&quot;:&quot;0&quot;}\" data-image-title=\"alt\" data-image-description=\"\" data-image-caption=\"\" data-medium-file=\"https:\/\/lappis.org.br\/site\/wp-content\/uploads\/2008\/11\/livro4web-300x225.jpg\" data-large-file=\"https:\/\/lappis.org.br\/site\/wp-content\/uploads\/2008\/11\/livro4web.JPG\" class=\" alignright size-full wp-image-2702\" alt=\"alt\" src=\"http:\/\/lappis.org.br\/site\/wp-content\/uploads\/2008\/11\/livro4web.JPG\" style=\"height: 225px; width: 300px; margin: 5px; float: right;\" width=\"448\" height=\"336\" srcset=\"https:\/\/lappis.org.br\/site\/wp-content\/uploads\/2008\/11\/livro4web.JPG 448w, https:\/\/lappis.org.br\/site\/wp-content\/uploads\/2008\/11\/livro4web-300x225.jpg 300w\" sizes=\"(max-width: 448px) 100vw, 448px\" \/>O livro oferece ao leitor possibilidades de compreender a complexidade dos processos de institucionaliza\u00e7\u00e3o da avalia\u00e7\u00e3o da aten\u00e7\u00e3o b\u00e1sica naquilo que h\u00e1 de mais leg\u00edtimo em sua configura\u00e7\u00e3o: democratiza\u00e7\u00e3o das informa\u00e7\u00f5es, dos julgamentos e tomadas de decis\u00f5es. Segundo os autores: &ldquo;Buscamos apresentar um dos retratos dessa travessia de pesquisar que confere materialidade \u00e0quilo que pensamos, onde o real se constitui no lugar do exerc\u00edcio do imperativo \u00e9tico do qual n\u00e3o podemos, na qualidade de pesquisadores, gestores e trabalhadores, nos servi\u00e7os e nas universidades nos furtar: afirmar a vida como algo que possui valores e responsabilidade, v\u00ednculo e resolu\u00e7\u00e3o dos problemas, as bases de uma \u00e9tica do futuro, \u00e9tica do cuidado e integralidade&rdquo;, informam na publica\u00e7\u00e3o.<br \/> \t\u00a0<br \/> \t\u00a0<\/p>\n","protected":false},"excerpt":{"rendered":"<div class=\"mh-excerpt\"><p style=\"text-align: justify;\"> \t<img decoding=\"async\" class=\" alignleft size-full wp-image-2701\" alt=\"alt\" src=\"http:\/\/lappis.org.br\/site\/wp-content\/uploads\/2008\/11\/livro2web.JPG\" style=\"margin: 5px; float: left;\" width=\"263\" height=\"350\" srcset=\"https:\/\/lappis.org.br\/site\/wp-content\/uploads\/2008\/11\/livro2web.JPG 263w, https:\/\/lappis.org.br\/site\/wp-content\/uploads\/2008\/11\/livro2web-225x300.jpg 225w\" sizes=\"(max-width: 263px) 100vw, 263px\" \/>Ao final do primeiro dia de debates do Simp\u00f3sio de Aten\u00e7\u00e3o B\u00e1sica, houve o lan\u00e7amento do livro &ldquo;Aten\u00e7\u00e3o B\u00e1sica e Integralidade: contribui\u00e7\u00f5es para estudos de pr\u00e1ticas avaliativas em sa\u00fade&rdquo;, organizado por Roseni Pinheiro, Alu\u00edsio Gomes da Silva Jr. e Ruben Ara\u00fajo Mattos.<\/p>\n<p>  <a class=\"mh-excerpt-more\" href=\"https:\/\/lappis.org.br\/site\/lancamento-de-livro-em-simposio-de-atencao-basica\/2703\" title=\"Lan\u00e7amento de livro em Simp\u00f3sio de Aten\u00e7\u00e3o B\u00e1sica\">[&#8230;]<\/a><\/p>\n<\/div>","protected":false},"author":1,"featured_media":2700,"comment_status":"open","ping_status":"open","sticky":false,"template":"","format":"standard","meta":{"_acf_changed":false,"_exactmetrics_skip_tracking":false,"_exactmetrics_sitenote_active":false,"_exactmetrics_sitenote_note":"","_exactmetrics_sitenote_category":0,"jetpack_post_was_ever_published":false,"_jetpack_newsletter_access":"","_jetpack_dont_email_post_to_subs":false,"_jetpack_newsletter_tier_id":0,"_jetpack_memberships_contains_paywalled_content":false,"_jetpack_memberships_contains_paid_content":false,"footnotes":"","jetpack_publicize_message":"","jetpack_publicize_feature_enabled":true,"jetpack_social_post_already_shared":false,"jetpack_social_options":{"image_generator_settings":{"template":"highway","enabled":false},"version":2}},"categories":[8],"tags":[],"class_list":{"0":"post-2703","1":"post","2":"type-post","3":"status-publish","4":"format-standard","5":"has-post-thumbnail","7":"category-noticia"},"jetpack_publicize_connections":[],"acf":[],"yoast_head":"<!-- This site is optimized with the Yoast SEO plugin v25.2 - https:\/\/yoast.com\/wordpress\/plugins\/seo\/ -->\n<title>Lan\u00e7amento de livro em Simp\u00f3sio de Aten\u00e7\u00e3o B\u00e1sica - Lappis 25 anos<\/title>\n<meta name=\"robots\" content=\"index, follow, max-snippet:-1, max-image-preview:large, max-video-preview:-1\" \/>\n<link rel=\"canonical\" href=\"https:\/\/lappis.org.br\/site\/lancamento-de-livro-em-simposio-de-atencao-basica\/2703\" \/>\n<meta property=\"og:locale\" content=\"pt_BR\" \/>\n<meta property=\"og:type\" content=\"article\" \/>\n<meta property=\"og:title\" content=\"Lan\u00e7amento de livro em Simp\u00f3sio de Aten\u00e7\u00e3o B\u00e1sica - Lappis 25 anos\" \/>\n<meta property=\"og:description\" content=\"Ao final do primeiro dia de debates do Simp\u00f3sio de Aten\u00e7\u00e3o B\u00e1sica, houve o lan\u00e7amento do livro &ldquo;Aten\u00e7\u00e3o B\u00e1sica e Integralidade: contribui\u00e7\u00f5es para estudos de pr\u00e1ticas avaliativas em sa\u00fade&rdquo;, organizado por Roseni Pinheiro, Alu\u00edsio Gomes da Silva Jr. e Ruben Ara\u00fajo Mattos. [...]\" \/>\n<meta property=\"og:url\" content=\"https:\/\/lappis.org.br\/site\/lancamento-de-livro-em-simposio-de-atencao-basica\/2703\" \/>\n<meta property=\"og:site_name\" content=\"Lappis 25 anos\" \/>\n<meta property=\"article:published_time\" content=\"2008-11-17T05:00:00+00:00\" \/>\n<meta property=\"og:image\" content=\"https:\/\/lappis.org.br\/site\/wp-content\/uploads\/2008\/11\/livro2web.JPG\" \/>\n\t<meta property=\"og:image:width\" content=\"263\" \/>\n\t<meta property=\"og:image:height\" content=\"350\" \/>\n\t<meta property=\"og:image:type\" content=\"image\/jpeg\" \/>\n<meta name=\"author\" content=\"fw2\" \/>\n<meta name=\"twitter:card\" content=\"summary_large_image\" \/>\n<meta name=\"twitter:label1\" content=\"Escrito por\" \/>\n\t<meta name=\"twitter:data1\" content=\"fw2\" \/>\n\t<meta name=\"twitter:label2\" content=\"Est. tempo de leitura\" \/>\n\t<meta name=\"twitter:data2\" content=\"1 minuto\" \/>\n<script type=\"application\/ld+json\" class=\"yoast-schema-graph\">{\"@context\":\"https:\/\/schema.org\",\"@graph\":[{\"@type\":\"Article\",\"@id\":\"https:\/\/lappis.org.br\/site\/lancamento-de-livro-em-simposio-de-atencao-basica\/2703#article\",\"isPartOf\":{\"@id\":\"https:\/\/lappis.org.br\/site\/lancamento-de-livro-em-simposio-de-atencao-basica\/2703\"},\"author\":{\"name\":\"fw2\",\"@id\":\"https:\/\/lappis.org.br\/site\/#\/schema\/person\/3852381d08284b5e2716b20bd89bdbcf\"},\"headline\":\"Lan\u00e7amento de livro em Simp\u00f3sio de Aten\u00e7\u00e3o B\u00e1sica\",\"datePublished\":\"2008-11-17T05:00:00+00:00\",\"mainEntityOfPage\":{\"@id\":\"https:\/\/lappis.org.br\/site\/lancamento-de-livro-em-simposio-de-atencao-basica\/2703\"},\"wordCount\":254,\"commentCount\":0,\"publisher\":{\"@id\":\"https:\/\/lappis.org.br\/site\/#organization\"},\"image\":{\"@id\":\"https:\/\/lappis.org.br\/site\/lancamento-de-livro-em-simposio-de-atencao-basica\/2703#primaryimage\"},\"thumbnailUrl\":\"https:\/\/lappis.org.br\/site\/wp-content\/uploads\/2008\/11\/livro2web.JPG\",\"articleSection\":[\"Not\u00edcia\"],\"inLanguage\":\"pt-BR\",\"potentialAction\":[{\"@type\":\"CommentAction\",\"name\":\"Comment\",\"target\":[\"https:\/\/lappis.org.br\/site\/lancamento-de-livro-em-simposio-de-atencao-basica\/2703#respond\"]}]},{\"@type\":\"WebPage\",\"@id\":\"https:\/\/lappis.org.br\/site\/lancamento-de-livro-em-simposio-de-atencao-basica\/2703\",\"url\":\"https:\/\/lappis.org.br\/site\/lancamento-de-livro-em-simposio-de-atencao-basica\/2703\",\"name\":\"Lan\u00e7amento de livro em Simp\u00f3sio de Aten\u00e7\u00e3o B\u00e1sica - Lappis 25 anos\",\"isPartOf\":{\"@id\":\"https:\/\/lappis.org.br\/site\/#website\"},\"primaryImageOfPage\":{\"@id\":\"https:\/\/lappis.org.br\/site\/lancamento-de-livro-em-simposio-de-atencao-basica\/2703#primaryimage\"},\"image\":{\"@id\":\"https:\/\/lappis.org.br\/site\/lancamento-de-livro-em-simposio-de-atencao-basica\/2703#primaryimage\"},\"thumbnailUrl\":\"https:\/\/lappis.org.br\/site\/wp-content\/uploads\/2008\/11\/livro2web.JPG\",\"datePublished\":\"2008-11-17T05:00:00+00:00\",\"breadcrumb\":{\"@id\":\"https:\/\/lappis.org.br\/site\/lancamento-de-livro-em-simposio-de-atencao-basica\/2703#breadcrumb\"},\"inLanguage\":\"pt-BR\",\"potentialAction\":[{\"@type\":\"ReadAction\",\"target\":[\"https:\/\/lappis.org.br\/site\/lancamento-de-livro-em-simposio-de-atencao-basica\/2703\"]}]},{\"@type\":\"ImageObject\",\"inLanguage\":\"pt-BR\",\"@id\":\"https:\/\/lappis.org.br\/site\/lancamento-de-livro-em-simposio-de-atencao-basica\/2703#primaryimage\",\"url\":\"https:\/\/lappis.org.br\/site\/wp-content\/uploads\/2008\/11\/livro2web.JPG\",\"contentUrl\":\"https:\/\/lappis.org.br\/site\/wp-content\/uploads\/2008\/11\/livro2web.JPG\",\"width\":263,\"height\":350,\"caption\":\"alt\"},{\"@type\":\"BreadcrumbList\",\"@id\":\"https:\/\/lappis.org.br\/site\/lancamento-de-livro-em-simposio-de-atencao-basica\/2703#breadcrumb\",\"itemListElement\":[{\"@type\":\"ListItem\",\"position\":1,\"name\":\"In\u00edcio\",\"item\":\"https:\/\/lappis.org.br\/site\/\"},{\"@type\":\"ListItem\",\"position\":2,\"name\":\"Lan\u00e7amento de livro em Simp\u00f3sio de Aten\u00e7\u00e3o B\u00e1sica\"}]},{\"@type\":\"WebSite\",\"@id\":\"https:\/\/lappis.org.br\/site\/#website\",\"url\":\"https:\/\/lappis.org.br\/site\/\",\"name\":\"Lappis 25 anos\",\"description\":\"Labotat\u00f3rio de Pesquisas sobre Pr\u00e1ticas de Integralidade em Sa\u00fade\",\"publisher\":{\"@id\":\"https:\/\/lappis.org.br\/site\/#organization\"},\"potentialAction\":[{\"@type\":\"SearchAction\",\"target\":{\"@type\":\"EntryPoint\",\"urlTemplate\":\"https:\/\/lappis.org.br\/site\/?s={search_term_string}\"},\"query-input\":{\"@type\":\"PropertyValueSpecification\",\"valueRequired\":true,\"valueName\":\"search_term_string\"}}],\"inLanguage\":\"pt-BR\"},{\"@type\":\"Organization\",\"@id\":\"https:\/\/lappis.org.br\/site\/#organization\",\"name\":\"Lappis 25 anos\",\"url\":\"https:\/\/lappis.org.br\/site\/\",\"logo\":{\"@type\":\"ImageObject\",\"inLanguage\":\"pt-BR\",\"@id\":\"https:\/\/lappis.org.br\/site\/#\/schema\/logo\/image\/\",\"url\":\"https:\/\/lappis.org.br\/site\/wp-content\/uploads\/2025\/03\/logo-lappis25anos.png\",\"contentUrl\":\"https:\/\/lappis.org.br\/site\/wp-content\/uploads\/2025\/03\/logo-lappis25anos.png\",\"width\":388,\"height\":146,\"caption\":\"Lappis 25 anos\"},\"image\":{\"@id\":\"https:\/\/lappis.org.br\/site\/#\/schema\/logo\/image\/\"}},{\"@type\":\"Person\",\"@id\":\"https:\/\/lappis.org.br\/site\/#\/schema\/person\/3852381d08284b5e2716b20bd89bdbcf\",\"name\":\"fw2\",\"image\":{\"@type\":\"ImageObject\",\"inLanguage\":\"pt-BR\",\"@id\":\"https:\/\/lappis.org.br\/site\/#\/schema\/person\/image\/\",\"url\":\"https:\/\/secure.gravatar.com\/avatar\/c38472c0cdbde82d9b6fcc26adb3779d?s=96&d=mm&r=g\",\"contentUrl\":\"https:\/\/secure.gravatar.com\/avatar\/c38472c0cdbde82d9b6fcc26adb3779d?s=96&d=mm&r=g\",\"caption\":\"fw2\"},\"url\":\"https:\/\/lappis.org.br\/site\/author\/fw2\"}]}<\/script>\n<!-- \/ Yoast SEO plugin. -->","yoast_head_json":{"title":"Lan\u00e7amento de livro em Simp\u00f3sio de Aten\u00e7\u00e3o B\u00e1sica - Lappis 25 anos","robots":{"index":"index","follow":"follow","max-snippet":"max-snippet:-1","max-image-preview":"max-image-preview:large","max-video-preview":"max-video-preview:-1"},"canonical":"https:\/\/lappis.org.br\/site\/lancamento-de-livro-em-simposio-de-atencao-basica\/2703","og_locale":"pt_BR","og_type":"article","og_title":"Lan\u00e7amento de livro em Simp\u00f3sio de Aten\u00e7\u00e3o B\u00e1sica - Lappis 25 anos","og_description":"Ao final do primeiro dia de debates do Simp\u00f3sio de Aten\u00e7\u00e3o B\u00e1sica, houve o lan\u00e7amento do livro &ldquo;Aten\u00e7\u00e3o B\u00e1sica e Integralidade: contribui\u00e7\u00f5es para estudos de pr\u00e1ticas avaliativas em sa\u00fade&rdquo;, organizado por Roseni Pinheiro, Alu\u00edsio Gomes da Silva Jr. e Ruben Ara\u00fajo Mattos. [...]","og_url":"https:\/\/lappis.org.br\/site\/lancamento-de-livro-em-simposio-de-atencao-basica\/2703","og_site_name":"Lappis 25 anos","article_published_time":"2008-11-17T05:00:00+00:00","og_image":[{"width":263,"height":350,"url":"https:\/\/lappis.org.br\/site\/wp-content\/uploads\/2008\/11\/livro2web.JPG","type":"image\/jpeg"}],"author":"fw2","twitter_card":"summary_large_image","twitter_misc":{"Escrito por":"fw2","Est. tempo de leitura":"1 minuto"},"schema":{"@context":"https:\/\/schema.org","@graph":[{"@type":"Article","@id":"https:\/\/lappis.org.br\/site\/lancamento-de-livro-em-simposio-de-atencao-basica\/2703#article","isPartOf":{"@id":"https:\/\/lappis.org.br\/site\/lancamento-de-livro-em-simposio-de-atencao-basica\/2703"},"author":{"name":"fw2","@id":"https:\/\/lappis.org.br\/site\/#\/schema\/person\/3852381d08284b5e2716b20bd89bdbcf"},"headline":"Lan\u00e7amento de livro em Simp\u00f3sio de Aten\u00e7\u00e3o B\u00e1sica","datePublished":"2008-11-17T05:00:00+00:00","mainEntityOfPage":{"@id":"https:\/\/lappis.org.br\/site\/lancamento-de-livro-em-simposio-de-atencao-basica\/2703"},"wordCount":254,"commentCount":0,"publisher":{"@id":"https:\/\/lappis.org.br\/site\/#organization"},"image":{"@id":"https:\/\/lappis.org.br\/site\/lancamento-de-livro-em-simposio-de-atencao-basica\/2703#primaryimage"},"thumbnailUrl":"https:\/\/lappis.org.br\/site\/wp-content\/uploads\/2008\/11\/livro2web.JPG","articleSection":["Not\u00edcia"],"inLanguage":"pt-BR","potentialAction":[{"@type":"CommentAction","name":"Comment","target":["https:\/\/lappis.org.br\/site\/lancamento-de-livro-em-simposio-de-atencao-basica\/2703#respond"]}]},{"@type":"WebPage","@id":"https:\/\/lappis.org.br\/site\/lancamento-de-livro-em-simposio-de-atencao-basica\/2703","url":"https:\/\/lappis.org.br\/site\/lancamento-de-livro-em-simposio-de-atencao-basica\/2703","name":"Lan\u00e7amento de livro em Simp\u00f3sio de Aten\u00e7\u00e3o B\u00e1sica - Lappis 25 anos","isPartOf":{"@id":"https:\/\/lappis.org.br\/site\/#website"},"primaryImageOfPage":{"@id":"https:\/\/lappis.org.br\/site\/lancamento-de-livro-em-simposio-de-atencao-basica\/2703#primaryimage"},"image":{"@id":"https:\/\/lappis.org.br\/site\/lancamento-de-livro-em-simposio-de-atencao-basica\/2703#primaryimage"},"thumbnailUrl":"https:\/\/lappis.org.br\/site\/wp-content\/uploads\/2008\/11\/livro2web.JPG","datePublished":"2008-11-17T05:00:00+00:00","breadcrumb":{"@id":"https:\/\/lappis.org.br\/site\/lancamento-de-livro-em-simposio-de-atencao-basica\/2703#breadcrumb"},"inLanguage":"pt-BR","potentialAction":[{"@type":"ReadAction","target":["https:\/\/lappis.org.br\/site\/lancamento-de-livro-em-simposio-de-atencao-basica\/2703"]}]},{"@type":"ImageObject","inLanguage":"pt-BR","@id":"https:\/\/lappis.org.br\/site\/lancamento-de-livro-em-simposio-de-atencao-basica\/2703#primaryimage","url":"https:\/\/lappis.org.br\/site\/wp-content\/uploads\/2008\/11\/livro2web.JPG","contentUrl":"https:\/\/lappis.org.br\/site\/wp-content\/uploads\/2008\/11\/livro2web.JPG","width":263,"height":350,"caption":"alt"},{"@type":"BreadcrumbList","@id":"https:\/\/lappis.org.br\/site\/lancamento-de-livro-em-simposio-de-atencao-basica\/2703#breadcrumb","itemListElement":[{"@type":"ListItem","position":1,"name":"In\u00edcio","item":"https:\/\/lappis.org.br\/site\/"},{"@type":"ListItem","position":2,"name":"Lan\u00e7amento de livro em Simp\u00f3sio de Aten\u00e7\u00e3o B\u00e1sica"}]},{"@type":"WebSite","@id":"https:\/\/lappis.org.br\/site\/#website","url":"https:\/\/lappis.org.br\/site\/","name":"Lappis 25 anos","description":"Labotat\u00f3rio de Pesquisas sobre Pr\u00e1ticas de Integralidade em Sa\u00fade","publisher":{"@id":"https:\/\/lappis.org.br\/site\/#organization"},"potentialAction":[{"@type":"SearchAction","target":{"@type":"EntryPoint","urlTemplate":"https:\/\/lappis.org.br\/site\/?s={search_term_string}"},"query-input":{"@type":"PropertyValueSpecification","valueRequired":true,"valueName":"search_term_string"}}],"inLanguage":"pt-BR"},{"@type":"Organization","@id":"https:\/\/lappis.org.br\/site\/#organization","name":"Lappis 25 anos","url":"https:\/\/lappis.org.br\/site\/","logo":{"@type":"ImageObject","inLanguage":"pt-BR","@id":"https:\/\/lappis.org.br\/site\/#\/schema\/logo\/image\/","url":"https:\/\/lappis.org.br\/site\/wp-content\/uploads\/2025\/03\/logo-lappis25anos.png","contentUrl":"https:\/\/lappis.org.br\/site\/wp-content\/uploads\/2025\/03\/logo-lappis25anos.png","width":388,"height":146,"caption":"Lappis 25 anos"},"image":{"@id":"https:\/\/lappis.org.br\/site\/#\/schema\/logo\/image\/"}},{"@type":"Person","@id":"https:\/\/lappis.org.br\/site\/#\/schema\/person\/3852381d08284b5e2716b20bd89bdbcf","name":"fw2","image":{"@type":"ImageObject","inLanguage":"pt-BR","@id":"https:\/\/lappis.org.br\/site\/#\/schema\/person\/image\/","url":"https:\/\/secure.gravatar.com\/avatar\/c38472c0cdbde82d9b6fcc26adb3779d?s=96&d=mm&r=g","contentUrl":"https:\/\/secure.gravatar.com\/avatar\/c38472c0cdbde82d9b6fcc26adb3779d?s=96&d=mm&r=g","caption":"fw2"},"url":"https:\/\/lappis.org.br\/site\/author\/fw2"}]}},"jetpack_featured_media_url":"https:\/\/lappis.org.br\/site\/wp-content\/uploads\/2008\/11\/livro2web.JPG","jetpack_shortlink":"https:\/\/wp.me\/p954Nh-HB","jetpack_sharing_enabled":true,"_links":{"self":[{"href":"https:\/\/lappis.org.br\/site\/wp-json\/wp\/v2\/posts\/2703"}],"collection":[{"href":"https:\/\/lappis.org.br\/site\/wp-json\/wp\/v2\/posts"}],"about":[{"href":"https:\/\/lappis.org.br\/site\/wp-json\/wp\/v2\/types\/post"}],"author":[{"embeddable":true,"href":"https:\/\/lappis.org.br\/site\/wp-json\/wp\/v2\/users\/1"}],"replies":[{"embeddable":true,"href":"https:\/\/lappis.org.br\/site\/wp-json\/wp\/v2\/comments?post=2703"}],"version-history":[{"count":0,"href":"https:\/\/lappis.org.br\/site\/wp-json\/wp\/v2\/posts\/2703\/revisions"}],"wp:featuredmedia":[{"embeddable":true,"href":"https:\/\/lappis.org.br\/site\/wp-json\/wp\/v2\/media\/2700"}],"wp:attachment":[{"href":"https:\/\/lappis.org.br\/site\/wp-json\/wp\/v2\/media?parent=2703"}],"wp:term":[{"taxonomy":"category","embeddable":true,"href":"https:\/\/lappis.org.br\/site\/wp-json\/wp\/v2\/categories?post=2703"},{"taxonomy":"post_tag","embeddable":true,"href":"https:\/\/lappis.org.br\/site\/wp-json\/wp\/v2\/tags?post=2703"}],"curies":[{"name":"wp","href":"https:\/\/api.w.org\/{rel}","templated":true}]}}