{"id":2698,"date":"2008-11-07T03:00:00","date_gmt":"2008-11-07T05:00:00","guid":{"rendered":"http:\/\/lappis.org.br\/site\/2008\/11\/07\/entrevista-com-cristina-vidal\/"},"modified":"2008-11-07T03:00:00","modified_gmt":"2008-11-07T05:00:00","slug":"entrevista-com-cristina-vidal","status":"publish","type":"post","link":"https:\/\/lappis.org.br\/site\/entrevista-com-cristina-vidal\/2698","title":{"rendered":"Entrevista com Cristina Vidal"},"content":{"rendered":"<p style=\"text-align: justify;\"> \tA psiquiatra da Cl\u00ednica Dr. Eiras fala sobre a exposi\u00e7\u00e3o Singularidades, que poder\u00e1 ser visitada na Rede Sirius da UERJ (no bloco C do 2\u00ba andar) de 11 de novembro de 2008 a 13 de mar\u00e7o de 2009, e sobre a mesa-redonda no Audit\u00f3rio do IMS (6\u00ba andar, bloco E) que inaugurar\u00e1 a exposi\u00e7\u00e3o.<\/p>\n<p>   <strong>1) Qual a finalidade da exposi\u00e7\u00e3o e do document\u00e1rio?<\/strong> <\/p>\n<p style=\"text-align: justify;\"> \tA exposi\u00e7\u00e3o tem o objetivo de divulgar o trabalho de desinstitucionaliza\u00e7\u00e3o na cl\u00ednica Dr. Eiras de Paracambi, impulsionar a trajet\u00f3ria percorrida pelos diversos atores envolvidos no trabalho e verificar os avan\u00e7os obtidos. J\u00e1 o document\u00e1rio \u00e9 fruto da pesquisa &ldquo;Necessidades e pr\u00e1ticas na desinstitucionaliza\u00e7\u00e3o da clientela de longa perman\u00eancia institucional: avalia\u00e7\u00e3o da demanda e adequa\u00e7\u00e3o da oferta de cuidado&rdquo;, realizada pela professora Roseni Pinheiro.<br \/> \t\u00a0<br \/> \t<strong>2) Quais as expectativas para o lan\u00e7amento da exposi\u00e7\u00e3o?<\/strong><br \/> \tAs melhores poss\u00edveis. Acredito que as obras apontam que, apesar de toda dor e sofrimento da cl\u00ednica, os usu\u00e1rios encontraram um meio para burlar os estigmas e engessamentos institucionais existentes em Paracambi. Este caminho percorrido de maneira t\u00e3o singular \u00e9 o caminho da arte, da beleza. Precisamos compartilhar com mais pessoas essa criatividade que lhes \u00e9 t\u00e3o peculiar.<br \/> \t\u00a0<br \/> \t<strong>3) Qual ser\u00e3o os assuntos tratados na mesa- redonda?<\/strong><br \/> \tDentre outros assuntos, falaremos dos projetos e estrat\u00e9gias de &#8220;interven\u00e7\u00e3o&#8221; na cultura local, como o bloco carnavalesco Maluco Sonhador, a r\u00e1dio Antena Virada, o Cinema na Pra\u00e7a e as oficinas de arte e artesanato. Tais a\u00e7\u00f5es, para al\u00e9m dos muros da Dr. Eiras, s\u00e3o bastante significativas, pois deslocam a discuss\u00e3o da loucura para outros ambientes, focando no usu\u00e1rio e nas suas necessidades.<br \/> \t\u00a0<br \/> \t<strong>4) De que maneira a realiza\u00e7\u00e3o desse projeto pode auxiliar no trato daqueles que s\u00e3o usu\u00e1rios da sa\u00fade mental?<\/strong><br \/> \tO hospital Dr. Eiras j\u00e1 foi o maior hospital privado da Am\u00e9rica Latina. A interven\u00e7\u00e3o \u00e9 um marco na Reforma Psiqui\u00e1trica brasileira e o sucesso desta a\u00e7\u00e3o garante frente para muitas outras, pelo porte do hospital, pela longa perman\u00eancia (algo em torno de 30 a 40 anos de interna\u00e7\u00e3o) e as vit\u00f3rias alcan\u00e7adas pelos ex-pacientes que hoje se tornaram moradores da cidade com 21 resid\u00eancias e rep\u00fablicas. \u00a0Nesse sentido, o projeto foi de extrema import\u00e2ncia no trato desses usu\u00e1rios.<br \/> \t\u00a0<br \/> \t\u00a0<\/p>\n","protected":false},"excerpt":{"rendered":"<div class=\"mh-excerpt\"><p style=\"text-align: justify;\"> \tA psiquiatra da Cl\u00ednica Dr. Eiras fala sobre a exposi\u00e7\u00e3o Singularidades, que poder\u00e1 ser visitada na Rede Sirius da UERJ (no bloco C do 2\u00ba andar) de 11 de novembro de 2008 a 13 de mar\u00e7o de 2009, e sobre a mesa-redonda no Audit\u00f3rio do IMS (6\u00ba andar, bloco E) que inaugurar\u00e1 a exposi\u00e7\u00e3o.<\/p>\n<p>  <a class=\"mh-excerpt-more\" href=\"https:\/\/lappis.org.br\/site\/entrevista-com-cristina-vidal\/2698\" title=\"Entrevista com Cristina Vidal\">[&#8230;]<\/a><\/p>\n<\/div>","protected":false},"author":1,"featured_media":0,"comment_status":"open","ping_status":"open","sticky":false,"template":"","format":"standard","meta":{"_acf_changed":false,"_exactmetrics_skip_tracking":false,"_exactmetrics_sitenote_active":false,"_exactmetrics_sitenote_note":"","_exactmetrics_sitenote_category":0,"jetpack_post_was_ever_published":false,"_jetpack_newsletter_access":"","_jetpack_dont_email_post_to_subs":false,"_jetpack_newsletter_tier_id":0,"_jetpack_memberships_contains_paywalled_content":false,"_jetpack_memberships_contains_paid_content":false,"footnotes":"","jetpack_publicize_message":"","jetpack_publicize_feature_enabled":true,"jetpack_social_post_already_shared":false,"jetpack_social_options":{"image_generator_settings":{"template":"highway","enabled":false},"version":2}},"categories":[8],"tags":[],"class_list":{"0":"post-2698","1":"post","2":"type-post","3":"status-publish","4":"format-standard","6":"category-noticia"},"jetpack_publicize_connections":[],"acf":[],"yoast_head":"<!-- This site is optimized with the Yoast SEO plugin v25.2 - https:\/\/yoast.com\/wordpress\/plugins\/seo\/ -->\n<title>Entrevista com Cristina Vidal - Lappis 25 anos<\/title>\n<meta name=\"robots\" content=\"index, follow, max-snippet:-1, max-image-preview:large, max-video-preview:-1\" \/>\n<link rel=\"canonical\" href=\"https:\/\/lappis.org.br\/site\/entrevista-com-cristina-vidal\/2698\" \/>\n<meta property=\"og:locale\" content=\"pt_BR\" \/>\n<meta property=\"og:type\" content=\"article\" \/>\n<meta property=\"og:title\" content=\"Entrevista com Cristina Vidal - Lappis 25 anos\" \/>\n<meta property=\"og:description\" content=\"A psiquiatra da Cl\u00ednica Dr. Eiras fala sobre a exposi\u00e7\u00e3o Singularidades, que poder\u00e1 ser visitada na Rede Sirius da UERJ (no bloco C do 2\u00ba andar) de 11 de novembro de 2008 a 13 de mar\u00e7o de 2009, e sobre a mesa-redonda no Audit\u00f3rio do IMS (6\u00ba andar, bloco E) que inaugurar\u00e1 a exposi\u00e7\u00e3o. [...]\" \/>\n<meta property=\"og:url\" content=\"https:\/\/lappis.org.br\/site\/entrevista-com-cristina-vidal\/2698\" \/>\n<meta property=\"og:site_name\" content=\"Lappis 25 anos\" \/>\n<meta property=\"article:published_time\" content=\"2008-11-07T05:00:00+00:00\" \/>\n<meta name=\"author\" content=\"fw2\" \/>\n<meta name=\"twitter:card\" content=\"summary_large_image\" \/>\n<meta name=\"twitter:label1\" content=\"Escrito por\" \/>\n\t<meta name=\"twitter:data1\" content=\"fw2\" \/>\n\t<meta name=\"twitter:label2\" content=\"Est. tempo de leitura\" \/>\n\t<meta name=\"twitter:data2\" content=\"2 minutos\" \/>\n<script type=\"application\/ld+json\" class=\"yoast-schema-graph\">{\"@context\":\"https:\/\/schema.org\",\"@graph\":[{\"@type\":\"Article\",\"@id\":\"https:\/\/lappis.org.br\/site\/entrevista-com-cristina-vidal\/2698#article\",\"isPartOf\":{\"@id\":\"https:\/\/lappis.org.br\/site\/entrevista-com-cristina-vidal\/2698\"},\"author\":{\"name\":\"fw2\",\"@id\":\"https:\/\/lappis.org.br\/site\/#\/schema\/person\/3852381d08284b5e2716b20bd89bdbcf\"},\"headline\":\"Entrevista com Cristina Vidal\",\"datePublished\":\"2008-11-07T05:00:00+00:00\",\"mainEntityOfPage\":{\"@id\":\"https:\/\/lappis.org.br\/site\/entrevista-com-cristina-vidal\/2698\"},\"wordCount\":403,\"commentCount\":0,\"publisher\":{\"@id\":\"https:\/\/lappis.org.br\/site\/#organization\"},\"articleSection\":[\"Not\u00edcia\"],\"inLanguage\":\"pt-BR\",\"potentialAction\":[{\"@type\":\"CommentAction\",\"name\":\"Comment\",\"target\":[\"https:\/\/lappis.org.br\/site\/entrevista-com-cristina-vidal\/2698#respond\"]}]},{\"@type\":\"WebPage\",\"@id\":\"https:\/\/lappis.org.br\/site\/entrevista-com-cristina-vidal\/2698\",\"url\":\"https:\/\/lappis.org.br\/site\/entrevista-com-cristina-vidal\/2698\",\"name\":\"Entrevista com Cristina Vidal - Lappis 25 anos\",\"isPartOf\":{\"@id\":\"https:\/\/lappis.org.br\/site\/#website\"},\"datePublished\":\"2008-11-07T05:00:00+00:00\",\"breadcrumb\":{\"@id\":\"https:\/\/lappis.org.br\/site\/entrevista-com-cristina-vidal\/2698#breadcrumb\"},\"inLanguage\":\"pt-BR\",\"potentialAction\":[{\"@type\":\"ReadAction\",\"target\":[\"https:\/\/lappis.org.br\/site\/entrevista-com-cristina-vidal\/2698\"]}]},{\"@type\":\"BreadcrumbList\",\"@id\":\"https:\/\/lappis.org.br\/site\/entrevista-com-cristina-vidal\/2698#breadcrumb\",\"itemListElement\":[{\"@type\":\"ListItem\",\"position\":1,\"name\":\"In\u00edcio\",\"item\":\"https:\/\/lappis.org.br\/site\/\"},{\"@type\":\"ListItem\",\"position\":2,\"name\":\"Entrevista com Cristina Vidal\"}]},{\"@type\":\"WebSite\",\"@id\":\"https:\/\/lappis.org.br\/site\/#website\",\"url\":\"https:\/\/lappis.org.br\/site\/\",\"name\":\"Lappis 25 anos\",\"description\":\"Labotat\u00f3rio de Pesquisas sobre Pr\u00e1ticas de Integralidade em Sa\u00fade\",\"publisher\":{\"@id\":\"https:\/\/lappis.org.br\/site\/#organization\"},\"potentialAction\":[{\"@type\":\"SearchAction\",\"target\":{\"@type\":\"EntryPoint\",\"urlTemplate\":\"https:\/\/lappis.org.br\/site\/?s={search_term_string}\"},\"query-input\":{\"@type\":\"PropertyValueSpecification\",\"valueRequired\":true,\"valueName\":\"search_term_string\"}}],\"inLanguage\":\"pt-BR\"},{\"@type\":\"Organization\",\"@id\":\"https:\/\/lappis.org.br\/site\/#organization\",\"name\":\"Lappis 25 anos\",\"url\":\"https:\/\/lappis.org.br\/site\/\",\"logo\":{\"@type\":\"ImageObject\",\"inLanguage\":\"pt-BR\",\"@id\":\"https:\/\/lappis.org.br\/site\/#\/schema\/logo\/image\/\",\"url\":\"https:\/\/lappis.org.br\/site\/wp-content\/uploads\/2025\/03\/logo-lappis25anos.png\",\"contentUrl\":\"https:\/\/lappis.org.br\/site\/wp-content\/uploads\/2025\/03\/logo-lappis25anos.png\",\"width\":388,\"height\":146,\"caption\":\"Lappis 25 anos\"},\"image\":{\"@id\":\"https:\/\/lappis.org.br\/site\/#\/schema\/logo\/image\/\"}},{\"@type\":\"Person\",\"@id\":\"https:\/\/lappis.org.br\/site\/#\/schema\/person\/3852381d08284b5e2716b20bd89bdbcf\",\"name\":\"fw2\",\"image\":{\"@type\":\"ImageObject\",\"inLanguage\":\"pt-BR\",\"@id\":\"https:\/\/lappis.org.br\/site\/#\/schema\/person\/image\/\",\"url\":\"https:\/\/secure.gravatar.com\/avatar\/c38472c0cdbde82d9b6fcc26adb3779d?s=96&d=mm&r=g\",\"contentUrl\":\"https:\/\/secure.gravatar.com\/avatar\/c38472c0cdbde82d9b6fcc26adb3779d?s=96&d=mm&r=g\",\"caption\":\"fw2\"},\"url\":\"https:\/\/lappis.org.br\/site\/author\/fw2\"}]}<\/script>\n<!-- \/ Yoast SEO plugin. -->","yoast_head_json":{"title":"Entrevista com Cristina Vidal - Lappis 25 anos","robots":{"index":"index","follow":"follow","max-snippet":"max-snippet:-1","max-image-preview":"max-image-preview:large","max-video-preview":"max-video-preview:-1"},"canonical":"https:\/\/lappis.org.br\/site\/entrevista-com-cristina-vidal\/2698","og_locale":"pt_BR","og_type":"article","og_title":"Entrevista com Cristina Vidal - Lappis 25 anos","og_description":"A psiquiatra da Cl\u00ednica Dr. Eiras fala sobre a exposi\u00e7\u00e3o Singularidades, que poder\u00e1 ser visitada na Rede Sirius da UERJ (no bloco C do 2\u00ba andar) de 11 de novembro de 2008 a 13 de mar\u00e7o de 2009, e sobre a mesa-redonda no Audit\u00f3rio do IMS (6\u00ba andar, bloco E) que inaugurar\u00e1 a exposi\u00e7\u00e3o. [...]","og_url":"https:\/\/lappis.org.br\/site\/entrevista-com-cristina-vidal\/2698","og_site_name":"Lappis 25 anos","article_published_time":"2008-11-07T05:00:00+00:00","author":"fw2","twitter_card":"summary_large_image","twitter_misc":{"Escrito por":"fw2","Est. tempo de leitura":"2 minutos"},"schema":{"@context":"https:\/\/schema.org","@graph":[{"@type":"Article","@id":"https:\/\/lappis.org.br\/site\/entrevista-com-cristina-vidal\/2698#article","isPartOf":{"@id":"https:\/\/lappis.org.br\/site\/entrevista-com-cristina-vidal\/2698"},"author":{"name":"fw2","@id":"https:\/\/lappis.org.br\/site\/#\/schema\/person\/3852381d08284b5e2716b20bd89bdbcf"},"headline":"Entrevista com Cristina Vidal","datePublished":"2008-11-07T05:00:00+00:00","mainEntityOfPage":{"@id":"https:\/\/lappis.org.br\/site\/entrevista-com-cristina-vidal\/2698"},"wordCount":403,"commentCount":0,"publisher":{"@id":"https:\/\/lappis.org.br\/site\/#organization"},"articleSection":["Not\u00edcia"],"inLanguage":"pt-BR","potentialAction":[{"@type":"CommentAction","name":"Comment","target":["https:\/\/lappis.org.br\/site\/entrevista-com-cristina-vidal\/2698#respond"]}]},{"@type":"WebPage","@id":"https:\/\/lappis.org.br\/site\/entrevista-com-cristina-vidal\/2698","url":"https:\/\/lappis.org.br\/site\/entrevista-com-cristina-vidal\/2698","name":"Entrevista com Cristina Vidal - Lappis 25 anos","isPartOf":{"@id":"https:\/\/lappis.org.br\/site\/#website"},"datePublished":"2008-11-07T05:00:00+00:00","breadcrumb":{"@id":"https:\/\/lappis.org.br\/site\/entrevista-com-cristina-vidal\/2698#breadcrumb"},"inLanguage":"pt-BR","potentialAction":[{"@type":"ReadAction","target":["https:\/\/lappis.org.br\/site\/entrevista-com-cristina-vidal\/2698"]}]},{"@type":"BreadcrumbList","@id":"https:\/\/lappis.org.br\/site\/entrevista-com-cristina-vidal\/2698#breadcrumb","itemListElement":[{"@type":"ListItem","position":1,"name":"In\u00edcio","item":"https:\/\/lappis.org.br\/site\/"},{"@type":"ListItem","position":2,"name":"Entrevista com Cristina Vidal"}]},{"@type":"WebSite","@id":"https:\/\/lappis.org.br\/site\/#website","url":"https:\/\/lappis.org.br\/site\/","name":"Lappis 25 anos","description":"Labotat\u00f3rio de Pesquisas sobre Pr\u00e1ticas de Integralidade em Sa\u00fade","publisher":{"@id":"https:\/\/lappis.org.br\/site\/#organization"},"potentialAction":[{"@type":"SearchAction","target":{"@type":"EntryPoint","urlTemplate":"https:\/\/lappis.org.br\/site\/?s={search_term_string}"},"query-input":{"@type":"PropertyValueSpecification","valueRequired":true,"valueName":"search_term_string"}}],"inLanguage":"pt-BR"},{"@type":"Organization","@id":"https:\/\/lappis.org.br\/site\/#organization","name":"Lappis 25 anos","url":"https:\/\/lappis.org.br\/site\/","logo":{"@type":"ImageObject","inLanguage":"pt-BR","@id":"https:\/\/lappis.org.br\/site\/#\/schema\/logo\/image\/","url":"https:\/\/lappis.org.br\/site\/wp-content\/uploads\/2025\/03\/logo-lappis25anos.png","contentUrl":"https:\/\/lappis.org.br\/site\/wp-content\/uploads\/2025\/03\/logo-lappis25anos.png","width":388,"height":146,"caption":"Lappis 25 anos"},"image":{"@id":"https:\/\/lappis.org.br\/site\/#\/schema\/logo\/image\/"}},{"@type":"Person","@id":"https:\/\/lappis.org.br\/site\/#\/schema\/person\/3852381d08284b5e2716b20bd89bdbcf","name":"fw2","image":{"@type":"ImageObject","inLanguage":"pt-BR","@id":"https:\/\/lappis.org.br\/site\/#\/schema\/person\/image\/","url":"https:\/\/secure.gravatar.com\/avatar\/c38472c0cdbde82d9b6fcc26adb3779d?s=96&d=mm&r=g","contentUrl":"https:\/\/secure.gravatar.com\/avatar\/c38472c0cdbde82d9b6fcc26adb3779d?s=96&d=mm&r=g","caption":"fw2"},"url":"https:\/\/lappis.org.br\/site\/author\/fw2"}]}},"jetpack_featured_media_url":"","jetpack_shortlink":"https:\/\/wp.me\/p954Nh-Hw","jetpack_sharing_enabled":true,"_links":{"self":[{"href":"https:\/\/lappis.org.br\/site\/wp-json\/wp\/v2\/posts\/2698"}],"collection":[{"href":"https:\/\/lappis.org.br\/site\/wp-json\/wp\/v2\/posts"}],"about":[{"href":"https:\/\/lappis.org.br\/site\/wp-json\/wp\/v2\/types\/post"}],"author":[{"embeddable":true,"href":"https:\/\/lappis.org.br\/site\/wp-json\/wp\/v2\/users\/1"}],"replies":[{"embeddable":true,"href":"https:\/\/lappis.org.br\/site\/wp-json\/wp\/v2\/comments?post=2698"}],"version-history":[{"count":0,"href":"https:\/\/lappis.org.br\/site\/wp-json\/wp\/v2\/posts\/2698\/revisions"}],"wp:attachment":[{"href":"https:\/\/lappis.org.br\/site\/wp-json\/wp\/v2\/media?parent=2698"}],"wp:term":[{"taxonomy":"category","embeddable":true,"href":"https:\/\/lappis.org.br\/site\/wp-json\/wp\/v2\/categories?post=2698"},{"taxonomy":"post_tag","embeddable":true,"href":"https:\/\/lappis.org.br\/site\/wp-json\/wp\/v2\/tags?post=2698"}],"curies":[{"name":"wp","href":"https:\/\/api.w.org\/{rel}","templated":true}]}}